{"id":3742,"date":"2021-04-16T08:57:31","date_gmt":"2021-04-16T08:57:31","guid":{"rendered":"http:\/\/desteptati.ro\/?p=3742"},"modified":"2022-01-31T14:46:32","modified_gmt":"2022-01-31T12:46:32","slug":"strigat-romanesc-din-ardeal","status":"publish","type":"post","link":"https:\/\/desteptati-va.ro\/index.php\/2021\/04\/16\/strigat-romanesc-din-ardeal\/","title":{"rendered":"Strig\u0103t rom\u00e2nesc din Ardeal"},"content":{"rendered":"<div class=\"post-content\"><div class='booster-block booster-read-block'>\n                <div class=\"twp-read-time\">\n                \t<i class=\"booster-icon twp-clock\"><\/i> <span>Read Time:<\/span>2 Minute, 16 Second                <\/div>\n\n            <\/div><h3 style=\"text-align: center;\"><strong>FEDERA\u0162IA NA\u0162IONAL\u0102 A ROM\u00c2NILOR PERSECUTA\u0162I ETNIC\n<\/strong><strong>\u201cPRO MEMORIA 1940-1945\u201d\n<\/strong><strong>BIROUL EXECUTIV\n<\/strong><strong>B-dul Eroilor Nr. 2, Cluj-Napoca, c.p. 400129\n<\/strong><strong>Nr. 355 din 21 martie 2011<\/strong><\/h3>\n<h3 style=\"text-align: center;\"><strong>C\u0103tre<\/strong><\/h3>\n<h3 style=\"text-align: center;\"><strong>Excelen\u0163a sa pre\u015fedintele Rom\u00e2niei TRAIAN B\u0102SESCU\n<\/strong><strong>Excelen\u0163a sa pre\u015fedintele Senatului Rom\u00e2niei MIRCEA GEOAN\u0102\n<\/strong><strong>Excelen\u0163a sa prim-ministru EMIL BOC<\/strong><\/h3>\n<h3 style=\"text-align: center;\"><\/h3>\n<h4 style=\"text-align: justify;\">\u00cen numele a peste 10000 de fosti refugia\u0163i, expulza\u0163i \u015fi deporta\u0163i \u00een perioada 1940-1945, membri ai asocia\u0163iilor jude\u0163ene CLUJ, SATU MARE, SALAJ, MARAMURES, TIMIS, MURE\u015e, HARGHITA, COVASNA, \u015fi ai asocia\u0163iilor teritoriale GHERLA, HUEDIN, TURDA, afiliate la Federa\u0163ia noastr\u0103,<\/h4>\n<h4 style=\"text-align: center;\"><strong>PROTEST\u0102M \u015eI CEREM APLICAREA MASURILOR LEGALE \u015eI A CELOR DE DREPT INTERNA\u0162IONAL, PRECUM \u015eI LUAREA UNOR ATITUDINI FERME DIN PARTEA INSTITU\u0162IILOR STATULUI ROM\u00c2N \u00ceMPOTRIVA URM\u0102TOARELOR FAPTE JIGNITOARE LA ADRESA ROM\u00c2NIEI:<\/strong><\/h4>\n<h4 style=\"text-align: justify;\"><\/h4>\n<ul>\n \t<li class=\"MsoNormal\" style=\"text-align: justify;\">\n<h4><strong style=\"mso-bidi-font-weight: normal;\"><span lang=\"PT-BR\" style=\"mso-ansi-language: PT-BR;\">Gestul provocator al ultrana\u0163ionalistului de etnie maghiar\u0103, Csibi Barna care a <\/span><\/strong><strong style=\"mso-bidi-font-weight: normal;\"><span lang=\"FR\" style=\"mso-ansi-language: FR;\">batjocorit public memoria lui Avram Iancu, eroul Revolu\u0163iei Rom\u00e2ne de la 1848. <\/span><\/strong><span lang=\"PT-BR\" style=\"mso-ansi-language: PT-BR;\">Nu putem accepta ca o asemenea manifestare \u015fovin\u0103, ultrana\u0163ionalist\u0103 s\u0103 fie doar taxat\u0103 cum s-a exprimat primul ministru, g\u00e2ndindu-se probabil la o amend\u0103. Fapta trebuie judecat\u0103 \u015fi condamnat\u0103 exemplar. <\/span><span lang=\"ES\" style=\"mso-ansi-language: ES;\">Dac\u0103 faptele sale sunt ale unui iresponsabil (cum se acrediteaz\u0103 ideea) el trebuie izolat fiind un real pericol social.<\/span><\/h4>\n<\/li>\n \t<li style=\"text-align: justify;\">\n<h4><span lang=\"ES\" style=\"mso-ansi-language: ES;\">Impertinen\u0163a so\u0163iei ambasadorului Ungariei \u00een Rom\u00e2nia care \u015fi-a permis s\u0103 adauge la mesajul primului ministru ungar con\u0163inutul iredentist al versurilor lui Wass Albert, poet \u015fi scriitor maghiar judecat \u015fi condamnat la moarte pentru crimele \u00eempotriva rom\u00e2nilor \u015fi evreilor de la <strong>Sucutard<\/strong><\/span><span lang=\"ES\" style=\"mso-ansi-language: ES;\">,<\/span><span lang=\"ES\" style=\"mso-ansi-language: ES;\"><strong> Mursenii de C\u00e2mpie<\/strong> \u0219i <strong>S\u0103rma\u0219u<\/strong>.<\/span><\/h4>\n<\/li>\n \t<li style=\"text-align: justify;\">\n<h4><span lang=\"PT-BR\" style=\"mso-ansi-language: PT-BR;\">Inabilitatea diplomatic\u0103 a primului ministru ungar <strong>Viktor Orban<\/strong><\/span><span lang=\"PT-BR\" style=\"mso-ansi-language: PT-BR;\"> \u015fi a pre\u015fedintelui Parlamentului Ungariei <strong>Kover Laszlo<\/strong><\/span><span lang=\"PT-BR\" style=\"mso-ansi-language: PT-BR;\">, <\/span><span lang=\"PT-BR\" style=\"mso-ansi-language: PT-BR;\">care repet\u0103 periodic idei iredentiste \u00een mesajele lor adresate etnicilor maghiari \u00eenvenin\u00e2nd rela\u0163iile dintre rom\u00e2ni \u015fi minoritatea maghiar\u0103 din Rom\u00e2nia. Nu putem accepta atitudinea de nep\u0103sare \u015fi indiferen\u0163\u0103 a organelor \u0219i institu\u021biilor Statului Rom\u00e2n fa\u0163\u0103 de asemenea eveniment e \u0219i manifest\u0103ri publice.<\/span><\/h4>\n<\/li>\n \t<li style=\"text-align: justify;\">\n<h4><strong style=\"mso-bidi-font-weight: normal;\"><span lang=\"PT-BR\" style=\"font-size: 12.0pt; font-family: &amp;amp; amp; mso-fareast-font-family: &amp;amp; amp; mso-ansi-language: PT-BR; mso-fareast-language: EN-US; mso-bidi-language: AR-SA;\">Respingem cu vehemen\u0163\u0103 propunerile&nbsp; UDMR privind regionalizarea Rom\u00e2niei pe criteriile dezvolt\u0103rii economice.<\/span><\/strong><\/h4>\n<\/li>\n<\/ul>\n<h4 class=\"MsoNormal\" style=\"text-align: justify;\"><strong style=\"mso-bidi-font-weight: normal;\"><span lang=\"PT-BR\" style=\"mso-ansi-language: PT-BR;\">Este evident\u0103, pentru orice om de bun\u0103 credin\u0163\u0103, inten\u0163ia de a separa de trunchiul Rom\u00e2niei teritoriul cedat Ungariei \u00een urma Dictatului de la Viena din 30 august 1940. Cu ce inten\u0163ii? Noi \u015ftim prea bine c\u0103ci suntem martorii vi ai suferin\u0163elor rom\u00e2nilor sub aceast\u0103 ocupa\u0163ie \u015fi suntem hot\u0103r\u00e2\u0163i s\u0103 facem tot ce depinde de noi ca istoria s\u0103 nu se mai repete. Cei care r\u0103spund de siguran\u0163a na\u0163ional\u0103 ar trebui s\u0103 deschid\u0103 ochii \u015fi s\u0103 nu v\u00e2nd\u0103 Ardealul pentru interese strict&nbsp; politicianiste.<\/span><\/strong><\/h4>\n<h4 class=\"MsoNormal\" style=\"text-align: justify;\"><strong style=\"mso-bidi-font-weight: normal;\"><span lang=\"PT-BR\" style=\"mso-ansi-language: PT-BR;\">\u00cen speran\u0163a c\u0103 PROTESTUL \u015fi CERIN\u0162ELE noastre vor fi bine \u00een\u0163elese, \u00een spiritul <\/span><\/strong><strong style=\"mso-bidi-font-weight: normal;\"><span lang=\"PT-BR\" style=\"font-size: 12.0pt; font-family: &amp;amp; amp; mso-fareast-font-family: &amp;amp; amp; mso-ansi-language: PT-BR; mso-fareast-language: EN-US; mso-bidi-language: AR-SA;\">r\u0103spunderii fa\u0163\u0103 de siguran\u0163a noastr\u0103 na\u0163ional\u0103, v\u0103 mul\u0163umim \u015fi v\u0103 rug\u0103m s\u0103 ne informa\u0163i asupra m\u0103surilor concrete pe care le ve\u0163i lua \u00een calitatea pe care o ave\u0163i fiecare dintre domniile voastre.<\/span><\/strong><\/h4>\n<h4 class=\"MsoNormal\" style=\"text-align: center;\"><strong style=\"mso-bidi-font-weight: normal;\"><span lang=\"PT-BR\" style=\"mso-ansi-language: PT-BR;\">Pre\u015fedinte F.N.R.P.E.<\/span><\/strong><\/h4>\n<h4 class=\"MsoNormal\" style=\"text-align: center;\"><span lang=\"PT-BR\" style=\"font-size: 12.0pt; font-family: &amp;amp; amp; mso-fareast-font-family: &amp;amp; amp; mso-ansi-language: PT-BR; mso-fareast-language: EN-US; mso-bidi-language: AR-SA;\">Prof.univ.dr.ing. Barbu I. B\u0103lan<\/span><\/h4>\n<h4 class=\"MsoNormal\" style=\"text-align: center;\"><strong style=\"mso-bidi-font-weight: normal;\"><span lang=\"PT-BR\" style=\"mso-ansi-language: PT-BR;\">Secretar general<\/span><\/strong><\/h4>\n<h4 class=\"MsoNormal\" style=\"text-align: center;\"><span lang=\"PT-BR\" style=\"font-size: 12.0pt; font-family: &amp;amp; amp; mso-fareast-font-family: &amp;amp; amp; mso-ansi-language: PT-BR; mso-fareast-language: EN-US; mso-bidi-language: AR-SA;\">Vasile I. Bunea<\/span><\/h4>\n<h4 id=\"_mcePaste\" style=\"position: absolute; overflow-x: hidden; overflow-y: hidden; width: 1px; height: 1px; top: 217px; left: -10000px;\"><span lang=\"ES\" style=\"font-size: 12.0pt; font-family: &amp;amp; amp; mso-fareast-font-family: &amp;amp; amp; mso-ansi-language: ES; mso-fareast-language: EN-US; mso-bidi-language: AR-SA;\">mesajul<\/span><\/h4>        <div class=\"booster-block booster-reactions-block\">\n            <div class=\"twp-reactions-icons\">\n                \n                <div class=\"twp-reacts-wrap\">\n                    <a react-data=\"be-react-1\" post-id=\"3742\" class=\"be-face-icons un-reacted\" href=\"javascript:void(0)\">\n                        <img decoding=\"async\" src=\"https:\/\/desteptati-va.ro\/wp-content\/plugins\/booster-extension\/\/assets\/icon\/happy.svg\" alt=\"Happy\">\n                    <\/a>\n                    <div class=\"twp-reaction-title\">\n                        Happy                    <\/div>\n                    <div class=\"twp-count-percent\">\n                                                    <span style=\"display: none;\" class=\"twp-react-count\">0<\/span>\n                        \n                                                <span class=\"twp-react-percent\"><span>0<\/span> %<\/span>\n                                            <\/div>\n                <\/div>\n\n                <div class=\"twp-reacts-wrap\">\n                    <a react-data=\"be-react-2\" post-id=\"3742\" class=\"be-face-icons un-reacted\" href=\"javascript:void(0)\">\n                        <img decoding=\"async\" src=\"https:\/\/desteptati-va.ro\/wp-content\/plugins\/booster-extension\/\/assets\/icon\/sad.svg\" alt=\"Sad\">\n                    <\/a>\n                    <div class=\"twp-reaction-title\">\n                        Sad                    <\/div>\n                    <div class=\"twp-count-percent\">\n                                                    <span style=\"display: none;\" class=\"twp-react-count\">0<\/span>\n                                                                        <span class=\"twp-react-percent\"><span>0<\/span> %<\/span>\n                                            <\/div>\n                <\/div>\n\n                <div class=\"twp-reacts-wrap\">\n                    <a react-data=\"be-react-3\" post-id=\"3742\" class=\"be-face-icons un-reacted\" href=\"javascript:void(0)\">\n                        <img decoding=\"async\" src=\"https:\/\/desteptati-va.ro\/wp-content\/plugins\/booster-extension\/\/assets\/icon\/excited.svg\" alt=\"Excited\">\n                    <\/a>\n                    <div class=\"twp-reaction-title\">\n                        Excited                    <\/div>\n                    <div class=\"twp-count-percent\">\n                                                    <span style=\"display: none;\" class=\"twp-react-count\">0<\/span>\n                                                                        <span class=\"twp-react-percent\"><span>0<\/span> %<\/span>\n                                            <\/div>\n                <\/div>\n\n                <div class=\"twp-reacts-wrap\">\n                    <a react-data=\"be-react-6\" post-id=\"3742\" class=\"be-face-icons un-reacted\" href=\"javascript:void(0)\">\n                        <img decoding=\"async\" src=\"https:\/\/desteptati-va.ro\/wp-content\/plugins\/booster-extension\/\/assets\/icon\/sleepy.svg\" alt=\"Sleepy\">\n                    <\/a>\n                    <div class=\"twp-reaction-title\">\n                        Sleepy                    <\/div>\n                    <div class=\"twp-count-percent\">\n                                                    <span style=\"display: none;\" class=\"twp-react-count\">0<\/span>\n                        \n                                                <span class=\"twp-react-percent\"><span>0<\/span> %<\/span>\n                                            <\/div>\n                <\/div>\n\n                <div class=\"twp-reacts-wrap\">\n                    <a react-data=\"be-react-4\" post-id=\"3742\" class=\"be-face-icons un-reacted\" href=\"javascript:void(0)\">\n                        <img decoding=\"async\" src=\"https:\/\/desteptati-va.ro\/wp-content\/plugins\/booster-extension\/\/assets\/icon\/angry.svg\" alt=\"Angry\">\n                    <\/a>\n                    <div class=\"twp-reaction-title\">Angry<\/div>\n                    <div class=\"twp-count-percent\">\n                                                    <span style=\"display: none;\" class=\"twp-react-count\">0<\/span>\n                                                                        <span class=\"twp-react-percent\"><span>0<\/span> %<\/span>\n                        \n                    <\/div>\n                <\/div>\n\n                <div class=\"twp-reacts-wrap\">\n                    <a react-data=\"be-react-5\" post-id=\"3742\" class=\"be-face-icons un-reacted\" href=\"javascript:void(0)\">\n                        <img decoding=\"async\" src=\"https:\/\/desteptati-va.ro\/wp-content\/plugins\/booster-extension\/\/assets\/icon\/surprise.svg\" alt=\"Surprise\">\n                    <\/a>\n                    <div class=\"twp-reaction-title\">Surprise<\/div>\n                    <div class=\"twp-count-percent\">\n                                                    <span style=\"display: none;\" class=\"twp-react-count\">0<\/span>\n                                                                        <span class=\"twp-react-percent\"><span>0<\/span> %<\/span>\n                                            <\/div>\n                <\/div>\n\n            <\/div>\n        <\/div>\n\n    <\/div>","protected":false},"excerpt":{"rendered":"<p>FEDERA\u0162IA NA\u0162IONAL\u0102 A ROM\u00c2NILOR PERSECUTA\u0162I ETNIC \u201cPRO MEMORIA 1940-1945\u201d BIROUL EXECUTIV B-dul Eroilor Nr. 2, Cluj-Napoca, c.p. 400129 Nr. 355<a href=\"https:\/\/desteptati-va.ro\/index.php\/2021\/04\/16\/strigat-romanesc-din-ardeal\/\">Read More<i class=\"fa fa-long-arrow-right\" aria-hidden=\"true\"><\/i><\/a><\/p>\n","protected":false},"author":1,"featured_media":4619,"comment_status":"open","ping_status":"open","sticky":false,"template":"","format":"standard","meta":{"_crdt_document":"","footnotes":""},"categories":[51],"tags":[314,798,319,320,799,800,801,802,803,59,60,804,805,806,807,808,335,509,511,513,809,810,811,812,813,814,815,816,158,817,395,818,819,820,821,524,822,732,772,823,346,824],"class_list":["post-3742","post","type-post","status-publish","format-standard","has-post-thumbnail","hentry","category-transilvania","tag-314","tag-albert-wass","tag-avram","tag-avram-iancu","tag-barna","tag-cerinte","tag-csibi","tag-csibi-barna","tag-deportati","tag-desteptati","tag-desteptati-va","tag-dictat","tag-emil-boc","tag-etnie","tag-federatie-nationala","tag-fnrpe","tag-iancu","tag-iredentism","tag-kover-laszlo","tag-maghiar","tag-masuri-legale","tag-mircea-geoana","tag-muresenii-de-campie","tag-persecutati","tag-presedintele-romaniei","tag-presedintele-senatului-romaniei","tag-prim-ministru","tag-protest","tag-revizionism","tag-revolutie-romana","tag-romani","tag-sarmasu","tag-scrisoare-deschisa","tag-siguranta-nationala","tag-sotie-ambasador","tag-sovin","tag-sucutard","tag-traian-basescu","tag-udmr","tag-ultranationalist","tag-viena","tag-viktor-orban"],"rise-blocks_total_comments":1,"rise-blocks_categories":[{"term_id":51,"name":"Transilvania","slug":"transilvania","term_group":0,"term_taxonomy_id":51,"taxonomy":"category","description":"","parent":0,"count":13,"filter":"raw"}],"rise-blocks_excerpt":"FEDERA\u0162IA NA\u0162IONAL\u0102 A ROM\u00c2NILOR PERSECUTA\u0162I ETNIC \u201cPRO MEMORIA 1940-1945\u201d BIROUL EXECUTIV B-dul Eroilor Nr. 2, Cluj-Napoca, c.p. 400129 Nr. 355 din 21 martie 2011 C\u0103tre Excelen\u0163a sa pre\u015fedintele Rom\u00e2niei TRAIAN B\u0102SESCU Excelen\u0163a sa pre\u015fedintele Senatului Rom\u00e2niei MIRCEA GEOAN\u0102 Excelen\u0163a sa prim-ministru EMIL BOC \u00cen numele a peste 10000 de fosti refugia\u0163i, expulza\u0163i \u015fi deporta\u0163i \u00een perioada 1940-1945, membri ai asocia\u0163iilor..","yoast_head":"<!-- This site is optimized with the Yoast SEO plugin v26.9 - https:\/\/yoast.com\/product\/yoast-seo-wordpress\/ -->\r\n<title>Strig\u0103t rom\u00e2nesc din Ardeal -<\/title>\r\n<meta name=\"robots\" content=\"index, follow, max-snippet:-1, max-image-preview:large, max-video-preview:-1\" \/>\r\n<link rel=\"canonical\" href=\"https:\/\/desteptati-va.ro\/index.php\/2021\/04\/16\/strigat-romanesc-din-ardeal\/\" \/>\r\n<meta property=\"og:locale\" content=\"ro_RO\" \/>\r\n<meta property=\"og:type\" content=\"article\" \/>\r\n<meta property=\"og:title\" content=\"Strig\u0103t rom\u00e2nesc din Ardeal -\" \/>\r\n<meta property=\"og:description\" content=\"FEDERA\u0162IA NA\u0162IONAL\u0102 A ROM\u00c2NILOR PERSECUTA\u0162I ETNIC \u201cPRO MEMORIA 1940-1945\u201d BIROUL EXECUTIV B-dul Eroilor Nr. 2, Cluj-Napoca, c.p. 400129 Nr. 355Read More\" \/>\r\n<meta property=\"og:url\" content=\"https:\/\/desteptati-va.ro\/index.php\/2021\/04\/16\/strigat-romanesc-din-ardeal\/\" \/>\r\n<meta property=\"article:published_time\" content=\"2021-04-16T08:57:31+00:00\" \/>\r\n<meta property=\"article:modified_time\" content=\"2022-01-31T12:46:32+00:00\" \/>\r\n<meta property=\"og:image\" content=\"https:\/\/desteptati-va.ro\/wp-content\/uploads\/2021\/04\/strigat.jpg\" \/>\r\n\t<meta property=\"og:image:width\" content=\"254\" \/>\r\n\t<meta property=\"og:image:height\" content=\"199\" \/>\r\n\t<meta property=\"og:image:type\" content=\"image\/jpeg\" \/>\r\n<meta name=\"author\" content=\"wolfsoftcompany\" \/>\r\n<meta name=\"twitter:card\" content=\"summary_large_image\" \/>\r\n<meta name=\"twitter:label1\" content=\"Scris de\" \/>\n\t<meta name=\"twitter:data1\" content=\"wolfsoftcompany\" \/>\n\t<meta name=\"twitter:label2\" content=\"Timp estimat pentru citire\" \/>\n\t<meta name=\"twitter:data2\" content=\"3 minute\" \/>\r\n<script type=\"application\/ld+json\" class=\"yoast-schema-graph\">{\"@context\":\"https:\/\/schema.org\",\"@graph\":[{\"@type\":\"Article\",\"@id\":\"https:\/\/desteptati-va.ro\/index.php\/2021\/04\/16\/strigat-romanesc-din-ardeal\/#article\",\"isPartOf\":{\"@id\":\"https:\/\/desteptati-va.ro\/index.php\/2021\/04\/16\/strigat-romanesc-din-ardeal\/\"},\"author\":{\"name\":\"wolfsoftcompany\",\"@id\":\"https:\/\/desteptati-va.ro\/#\/schema\/person\/13182deeebd44920914899f7bb262d6b\"},\"headline\":\"Strig\u0103t rom\u00e2nesc din Ardeal\",\"datePublished\":\"2021-04-16T08:57:31+00:00\",\"dateModified\":\"2022-01-31T12:46:32+00:00\",\"mainEntityOfPage\":{\"@id\":\"https:\/\/desteptati-va.ro\/index.php\/2021\/04\/16\/strigat-romanesc-din-ardeal\/\"},\"wordCount\":520,\"commentCount\":0,\"image\":{\"@id\":\"https:\/\/desteptati-va.ro\/index.php\/2021\/04\/16\/strigat-romanesc-din-ardeal\/#primaryimage\"},\"thumbnailUrl\":\"https:\/\/desteptati-va.ro\/wp-content\/uploads\/2021\/04\/strigat.jpg\",\"keywords\":[\"1848\",\"Albert Wass\",\"Avram\",\"Avram Iancu\",\"Barna\",\"cerinte\",\"Csibi\",\"Csibi Barna\",\"deportati\",\"desteptati\",\"desteptati-va\",\"dictat\",\"Emil Boc\",\"etnie\",\"federatie nationala\",\"FNRPE\",\"Iancu\",\"iredentism\",\"Kover Laszlo\",\"maghiar\",\"masuri legale\",\"Mircea Geoana\",\"Muresenii de Campie\",\"persecutati\",\"presedintele Romaniei\",\"presedintele Senatului Romaniei\",\"prim-ministru\",\"protest\",\"revizionism\",\"Revolutie Romana\",\"romani\",\"Sarmasu\",\"scrisoare deschisa\",\"siguranta nationala\",\"sotie ambasador\",\"sovin\",\"Sucutard\",\"Traian Basescu\",\"UDMR\",\"ultranationalist\",\"Viena\",\"Viktor Orban\"],\"articleSection\":[\"Transilvania\"],\"inLanguage\":\"ro-RO\",\"potentialAction\":[{\"@type\":\"CommentAction\",\"name\":\"Comment\",\"target\":[\"https:\/\/desteptati-va.ro\/index.php\/2021\/04\/16\/strigat-romanesc-din-ardeal\/#respond\"]}]},{\"@type\":\"WebPage\",\"@id\":\"https:\/\/desteptati-va.ro\/index.php\/2021\/04\/16\/strigat-romanesc-din-ardeal\/\",\"url\":\"https:\/\/desteptati-va.ro\/index.php\/2021\/04\/16\/strigat-romanesc-din-ardeal\/\",\"name\":\"Strig\u0103t rom\u00e2nesc din Ardeal -\",\"isPartOf\":{\"@id\":\"https:\/\/desteptati-va.ro\/#website\"},\"primaryImageOfPage\":{\"@id\":\"https:\/\/desteptati-va.ro\/index.php\/2021\/04\/16\/strigat-romanesc-din-ardeal\/#primaryimage\"},\"image\":{\"@id\":\"https:\/\/desteptati-va.ro\/index.php\/2021\/04\/16\/strigat-romanesc-din-ardeal\/#primaryimage\"},\"thumbnailUrl\":\"https:\/\/desteptati-va.ro\/wp-content\/uploads\/2021\/04\/strigat.jpg\",\"datePublished\":\"2021-04-16T08:57:31+00:00\",\"dateModified\":\"2022-01-31T12:46:32+00:00\",\"author\":{\"@id\":\"https:\/\/desteptati-va.ro\/#\/schema\/person\/13182deeebd44920914899f7bb262d6b\"},\"breadcrumb\":{\"@id\":\"https:\/\/desteptati-va.ro\/index.php\/2021\/04\/16\/strigat-romanesc-din-ardeal\/#breadcrumb\"},\"inLanguage\":\"ro-RO\",\"potentialAction\":[{\"@type\":\"ReadAction\",\"target\":[\"https:\/\/desteptati-va.ro\/index.php\/2021\/04\/16\/strigat-romanesc-din-ardeal\/\"]}]},{\"@type\":\"ImageObject\",\"inLanguage\":\"ro-RO\",\"@id\":\"https:\/\/desteptati-va.ro\/index.php\/2021\/04\/16\/strigat-romanesc-din-ardeal\/#primaryimage\",\"url\":\"https:\/\/desteptati-va.ro\/wp-content\/uploads\/2021\/04\/strigat.jpg\",\"contentUrl\":\"https:\/\/desteptati-va.ro\/wp-content\/uploads\/2021\/04\/strigat.jpg\",\"width\":254,\"height\":199},{\"@type\":\"BreadcrumbList\",\"@id\":\"https:\/\/desteptati-va.ro\/index.php\/2021\/04\/16\/strigat-romanesc-din-ardeal\/#breadcrumb\",\"itemListElement\":[{\"@type\":\"ListItem\",\"position\":1,\"name\":\"Prima pagin\u0103\",\"item\":\"https:\/\/desteptati-va.ro\/\"},{\"@type\":\"ListItem\",\"position\":2,\"name\":\"Strig\u0103t rom\u00e2nesc din Ardeal\"}]},{\"@type\":\"WebSite\",\"@id\":\"https:\/\/desteptati-va.ro\/#website\",\"url\":\"https:\/\/desteptati-va.ro\/\",\"name\":\"\",\"description\":\"\",\"potentialAction\":[{\"@type\":\"SearchAction\",\"target\":{\"@type\":\"EntryPoint\",\"urlTemplate\":\"https:\/\/desteptati-va.ro\/?s={search_term_string}\"},\"query-input\":{\"@type\":\"PropertyValueSpecification\",\"valueRequired\":true,\"valueName\":\"search_term_string\"}}],\"inLanguage\":\"ro-RO\"},{\"@type\":\"Person\",\"@id\":\"https:\/\/desteptati-va.ro\/#\/schema\/person\/13182deeebd44920914899f7bb262d6b\",\"name\":\"wolfsoftcompany\",\"image\":{\"@type\":\"ImageObject\",\"inLanguage\":\"ro-RO\",\"@id\":\"https:\/\/desteptati-va.ro\/#\/schema\/person\/image\/\",\"url\":\"https:\/\/secure.gravatar.com\/avatar\/a6cce9b6d101d27d91690e7073e300fed94c0899890bf998e082cb9d2c3d121e?s=96&d=mm&r=g\",\"contentUrl\":\"https:\/\/secure.gravatar.com\/avatar\/a6cce9b6d101d27d91690e7073e300fed94c0899890bf998e082cb9d2c3d121e?s=96&d=mm&r=g\",\"caption\":\"wolfsoftcompany\"},\"sameAs\":[\"http:\/\/desteptati-va.ro\"],\"url\":\"https:\/\/desteptati-va.ro\/index.php\/author\/wolfsoftcompany\/\"}]}<\/script>\r\n<!-- \/ Yoast SEO plugin. -->","yoast_head_json":{"title":"Strig\u0103t rom\u00e2nesc din Ardeal -","robots":{"index":"index","follow":"follow","max-snippet":"max-snippet:-1","max-image-preview":"max-image-preview:large","max-video-preview":"max-video-preview:-1"},"canonical":"https:\/\/desteptati-va.ro\/index.php\/2021\/04\/16\/strigat-romanesc-din-ardeal\/","og_locale":"ro_RO","og_type":"article","og_title":"Strig\u0103t rom\u00e2nesc din Ardeal -","og_description":"FEDERA\u0162IA NA\u0162IONAL\u0102 A ROM\u00c2NILOR PERSECUTA\u0162I ETNIC \u201cPRO MEMORIA 1940-1945\u201d BIROUL EXECUTIV B-dul Eroilor Nr. 2, Cluj-Napoca, c.p. 400129 Nr. 355Read More","og_url":"https:\/\/desteptati-va.ro\/index.php\/2021\/04\/16\/strigat-romanesc-din-ardeal\/","article_published_time":"2021-04-16T08:57:31+00:00","article_modified_time":"2022-01-31T12:46:32+00:00","og_image":[{"width":254,"height":199,"url":"https:\/\/desteptati-va.ro\/wp-content\/uploads\/2021\/04\/strigat.jpg","type":"image\/jpeg"}],"author":"wolfsoftcompany","twitter_card":"summary_large_image","twitter_misc":{"Scris de":"wolfsoftcompany","Timp estimat pentru citire":"3 minute"},"schema":{"@context":"https:\/\/schema.org","@graph":[{"@type":"Article","@id":"https:\/\/desteptati-va.ro\/index.php\/2021\/04\/16\/strigat-romanesc-din-ardeal\/#article","isPartOf":{"@id":"https:\/\/desteptati-va.ro\/index.php\/2021\/04\/16\/strigat-romanesc-din-ardeal\/"},"author":{"name":"wolfsoftcompany","@id":"https:\/\/desteptati-va.ro\/#\/schema\/person\/13182deeebd44920914899f7bb262d6b"},"headline":"Strig\u0103t rom\u00e2nesc din Ardeal","datePublished":"2021-04-16T08:57:31+00:00","dateModified":"2022-01-31T12:46:32+00:00","mainEntityOfPage":{"@id":"https:\/\/desteptati-va.ro\/index.php\/2021\/04\/16\/strigat-romanesc-din-ardeal\/"},"wordCount":520,"commentCount":0,"image":{"@id":"https:\/\/desteptati-va.ro\/index.php\/2021\/04\/16\/strigat-romanesc-din-ardeal\/#primaryimage"},"thumbnailUrl":"https:\/\/desteptati-va.ro\/wp-content\/uploads\/2021\/04\/strigat.jpg","keywords":["1848","Albert Wass","Avram","Avram Iancu","Barna","cerinte","Csibi","Csibi Barna","deportati","desteptati","desteptati-va","dictat","Emil Boc","etnie","federatie nationala","FNRPE","Iancu","iredentism","Kover Laszlo","maghiar","masuri legale","Mircea Geoana","Muresenii de Campie","persecutati","presedintele Romaniei","presedintele Senatului Romaniei","prim-ministru","protest","revizionism","Revolutie Romana","romani","Sarmasu","scrisoare deschisa","siguranta nationala","sotie ambasador","sovin","Sucutard","Traian Basescu","UDMR","ultranationalist","Viena","Viktor Orban"],"articleSection":["Transilvania"],"inLanguage":"ro-RO","potentialAction":[{"@type":"CommentAction","name":"Comment","target":["https:\/\/desteptati-va.ro\/index.php\/2021\/04\/16\/strigat-romanesc-din-ardeal\/#respond"]}]},{"@type":"WebPage","@id":"https:\/\/desteptati-va.ro\/index.php\/2021\/04\/16\/strigat-romanesc-din-ardeal\/","url":"https:\/\/desteptati-va.ro\/index.php\/2021\/04\/16\/strigat-romanesc-din-ardeal\/","name":"Strig\u0103t rom\u00e2nesc din Ardeal -","isPartOf":{"@id":"https:\/\/desteptati-va.ro\/#website"},"primaryImageOfPage":{"@id":"https:\/\/desteptati-va.ro\/index.php\/2021\/04\/16\/strigat-romanesc-din-ardeal\/#primaryimage"},"image":{"@id":"https:\/\/desteptati-va.ro\/index.php\/2021\/04\/16\/strigat-romanesc-din-ardeal\/#primaryimage"},"thumbnailUrl":"https:\/\/desteptati-va.ro\/wp-content\/uploads\/2021\/04\/strigat.jpg","datePublished":"2021-04-16T08:57:31+00:00","dateModified":"2022-01-31T12:46:32+00:00","author":{"@id":"https:\/\/desteptati-va.ro\/#\/schema\/person\/13182deeebd44920914899f7bb262d6b"},"breadcrumb":{"@id":"https:\/\/desteptati-va.ro\/index.php\/2021\/04\/16\/strigat-romanesc-din-ardeal\/#breadcrumb"},"inLanguage":"ro-RO","potentialAction":[{"@type":"ReadAction","target":["https:\/\/desteptati-va.ro\/index.php\/2021\/04\/16\/strigat-romanesc-din-ardeal\/"]}]},{"@type":"ImageObject","inLanguage":"ro-RO","@id":"https:\/\/desteptati-va.ro\/index.php\/2021\/04\/16\/strigat-romanesc-din-ardeal\/#primaryimage","url":"https:\/\/desteptati-va.ro\/wp-content\/uploads\/2021\/04\/strigat.jpg","contentUrl":"https:\/\/desteptati-va.ro\/wp-content\/uploads\/2021\/04\/strigat.jpg","width":254,"height":199},{"@type":"BreadcrumbList","@id":"https:\/\/desteptati-va.ro\/index.php\/2021\/04\/16\/strigat-romanesc-din-ardeal\/#breadcrumb","itemListElement":[{"@type":"ListItem","position":1,"name":"Prima pagin\u0103","item":"https:\/\/desteptati-va.ro\/"},{"@type":"ListItem","position":2,"name":"Strig\u0103t rom\u00e2nesc din Ardeal"}]},{"@type":"WebSite","@id":"https:\/\/desteptati-va.ro\/#website","url":"https:\/\/desteptati-va.ro\/","name":"","description":"","potentialAction":[{"@type":"SearchAction","target":{"@type":"EntryPoint","urlTemplate":"https:\/\/desteptati-va.ro\/?s={search_term_string}"},"query-input":{"@type":"PropertyValueSpecification","valueRequired":true,"valueName":"search_term_string"}}],"inLanguage":"ro-RO"},{"@type":"Person","@id":"https:\/\/desteptati-va.ro\/#\/schema\/person\/13182deeebd44920914899f7bb262d6b","name":"wolfsoftcompany","image":{"@type":"ImageObject","inLanguage":"ro-RO","@id":"https:\/\/desteptati-va.ro\/#\/schema\/person\/image\/","url":"https:\/\/secure.gravatar.com\/avatar\/a6cce9b6d101d27d91690e7073e300fed94c0899890bf998e082cb9d2c3d121e?s=96&d=mm&r=g","contentUrl":"https:\/\/secure.gravatar.com\/avatar\/a6cce9b6d101d27d91690e7073e300fed94c0899890bf998e082cb9d2c3d121e?s=96&d=mm&r=g","caption":"wolfsoftcompany"},"sameAs":["http:\/\/desteptati-va.ro"],"url":"https:\/\/desteptati-va.ro\/index.php\/author\/wolfsoftcompany\/"}]}},"_links":{"self":[{"href":"https:\/\/desteptati-va.ro\/index.php\/wp-json\/wp\/v2\/posts\/3742","targetHints":{"allow":["GET"]}}],"collection":[{"href":"https:\/\/desteptati-va.ro\/index.php\/wp-json\/wp\/v2\/posts"}],"about":[{"href":"https:\/\/desteptati-va.ro\/index.php\/wp-json\/wp\/v2\/types\/post"}],"author":[{"embeddable":true,"href":"https:\/\/desteptati-va.ro\/index.php\/wp-json\/wp\/v2\/users\/1"}],"replies":[{"embeddable":true,"href":"https:\/\/desteptati-va.ro\/index.php\/wp-json\/wp\/v2\/comments?post=3742"}],"version-history":[{"count":2,"href":"https:\/\/desteptati-va.ro\/index.php\/wp-json\/wp\/v2\/posts\/3742\/revisions"}],"predecessor-version":[{"id":4620,"href":"https:\/\/desteptati-va.ro\/index.php\/wp-json\/wp\/v2\/posts\/3742\/revisions\/4620"}],"wp:featuredmedia":[{"embeddable":true,"href":"https:\/\/desteptati-va.ro\/index.php\/wp-json\/wp\/v2\/media\/4619"}],"wp:attachment":[{"href":"https:\/\/desteptati-va.ro\/index.php\/wp-json\/wp\/v2\/media?parent=3742"}],"wp:term":[{"taxonomy":"category","embeddable":true,"href":"https:\/\/desteptati-va.ro\/index.php\/wp-json\/wp\/v2\/categories?post=3742"},{"taxonomy":"post_tag","embeddable":true,"href":"https:\/\/desteptati-va.ro\/index.php\/wp-json\/wp\/v2\/tags?post=3742"}],"curies":[{"name":"wp","href":"https:\/\/api.w.org\/{rel}","templated":true}]}}