{"id":3745,"date":"2021-04-16T09:00:02","date_gmt":"2021-04-16T09:00:02","guid":{"rendered":"http:\/\/desteptati.ro\/?p=3745"},"modified":"2021-04-16T09:00:02","modified_gmt":"2021-04-16T09:00:02","slug":"masacrul-de-la-sarmasu-noi-dezvaluiri","status":"publish","type":"post","link":"https:\/\/desteptati-va.ro\/index.php\/2021\/04\/16\/masacrul-de-la-sarmasu-noi-dezvaluiri\/","title":{"rendered":"Masacrul de la S\u0103rma\u015fu &#8211; noi dezv\u0103luiri"},"content":{"rendered":"<div class=\"post-content\"><div class='booster-block booster-read-block'>\n                <div class=\"twp-read-time\">\n                \t<i class=\"booster-icon twp-clock\"><\/i> <span>Read Time:<\/span>18 Minute, 12 Second                <\/div>\n\n            <\/div><h4 style=\"text-align: justify;\">\u00cen cadrul studiilor, cercet\u0103rilor \u015fi ac\u0163iunilor pentru edificarea <strong>Memorialului Refugiului Rom\u00e2nesc<\/strong>, \u00eentreprins de c\u0103tre Asocia\u0163ia Refugia\u0163ilor A.T.P.R.E.D. &#8211; Gherla, Muzeul Na\u0163ional al Refugia\u0163ilor \u015fi Centrul Na\u0163ional pentru Studierea Istoriei \u015fi Sociologiei Refugiului Rom\u00e2nesc de la Mure\u015fenii de C\u00e2mpie, nu putem \u015fi nici nu ne permitem a trece cu vederea, spa\u0163iul geografic al zonei S\u0103rma\u015fului.<\/h4>\r\n<h4 style=\"text-align: justify;\">Ora\u015ful S\u0103rma\u015fu este situat \u00een C\u00e2mpia Transilvaniei, la intersec\u0163ia paralelei 45\u00b045&#8242; latitudine nordic\u0103 cu meridianul 24\u00b010&#8242; longitudine estic\u0103, \u00een zona central\u0103 a \u0163\u0103rii, la \u00eentret\u0103ierea limitelor administrative ale jude\u0163elor: Mure\u015f, Cluj \u015fi Bistri\u0163a N\u0103s\u0103ud. Teritoriul ora\u015fului este t\u0103iat de P\u00e2r\u00e2ul de C\u00e2mpie, drumul jude\u0163ean DJ151 Ludu\u015f &#8211; S\u0103rma\u015f &#8211; Cluj-Napoca sau Dej, drumul na\u0163ional DN16 Reghin-Cluj. S\u0103rma\u015fu se \u00eenvecineaz\u0103 la nord cu comuna Bude\u015fti din jude\u0163ul Bistri\u0163a N\u0103s\u0103ud, la est cu comuna S\u00e2npetru de C\u00e2mpie, la sud-est cu comuna Mihe\u015fu de C\u00e2mpie din jude\u0163ul Mure\u015f, la vest cu comuna C\u0103m\u0103ra\u015fu \u015fi la nord-vest cu comuna Mociu din jude\u0163ul Cluj.<\/h4>\r\n<h4 style=\"text-align: justify;\">Localitatea este pentru prima dat\u0103 atestat\u0103 documentar la data de 10 aprilie 1329, c\u00e2nd S\u0103rma\u015fu este men\u0163ionat sub numele de <em>Willa Sarmas<\/em> ca fiind una dintre mo\u015fiile regelui maghiar Carol Robert de Anjou.<\/h4>\r\n<h4 style=\"text-align: justify;\">Totu\u015fi, ora\u015ful prezint\u0103 dovezi de locuire \u00eenc\u0103 din perioada de tranzi\u0163ie la neolitic (2500-1800 \u00ee.e.n.) materializate \u00een ceramic\u0103 de tip Co\u0163ofeni. \u00cen anul 1348, regele maghiar Ludovic I doneaz\u0103 aceast\u0103 mo\u015fie familiei Swk, a\u015fezarea fiind pomenit\u00e3 \u00een urm\u00e3torul context: <em>&#8222;Terra nobilium de Swk Sarmas vocata&#8221;<\/em>.<\/h4>\r\n<h4 style=\"text-align: justify;\">Localitatea S\u0103rma\u015fu a fost martora multor evenimente importante din istoria <span style=\"text-decoration: underline;\">Transilvaniei<\/span> \u015fi a \u0163\u0103rii, locuitorii fiind prezen\u0163i la marile evenimente ale istoriei \u015fi \u00een mod special la Revolu\u0163ia de la 1848 c\u00e2nd s-au remarcat Alexandru B\u0103tr\u00e2neanu \u015fi Vasile Simonis, primul \u00een calitate de prefect al C\u00e2mpiei Transilvaniei \u015fi al doilea ca tribun al aceleia\u015fi zone \u00een cadrul administra\u0163iei lui Avram Iancu.<\/h4>\r\n<h4 style=\"text-align: justify;\">\u00cen perioada celui de-al doilea R\u0103zboi Mondial a\u015fezarea a fost martora mai multor evenimente. Dup\u0103 Dictatul de la Viena din 30 august 1940, NV Transilvaniei intr\u0103 sub ocupa\u0163ie maghiar\u0103.<\/h4>\r\n<h4 style=\"text-align: justify;\">S\u0103rma\u015fu r\u0103m\u00e2ne \u00een cadrul Rom\u00e2niei, afl\u00e2ndu-se la mai pu\u0163in de o or\u0103 de mers pe jos de grani\u0163a cu Ungaria.<\/h4>\r\n<h4 style=\"text-align: justify;\">La \u00eenceputul r\u0103zboiului, localitatea avea o popula\u0163ie de aproximativ 3200 de oameni, \u00eemp\u0103r\u0163it\u0103 pe etnii aproape egal \u00eentre rom\u00e2ni \u015fi maghiari \u015fi exist\u00e2nd circa 200 de evrei.<\/h4>\r\n<h4 style=\"text-align: justify;\">Pe data de 23 august 1944, Rom\u00e2nia trece de partea Alia\u0163ilor, armatele germane \u015fi ungare trec\u00e2nd la o puternic\u0103 ofensiv\u0103 contra noului inamic \u015fi p\u0103trunz\u00e2nd \u00een C\u00e2mpia Transilvaniei pe o ad\u00e2ncime de circa 30-60 km peste linia de frontier\u0103 existent\u0103 atunci.<\/h4>\r\n<h4 style=\"text-align: justify;\">La 5 septembrie 1944 armata maghiar\u0103 ocup\u0103 comuna de atunci, S\u0103rma\u015fu. Din acest moment \u00eencepe opresiunea \u00eempotriva evreilor \u015fi rom\u00e2nilor de aici, \u00een urma a\u015fa zisei <strong>Consf\u0103tuiri secrete de la S\u0103rma\u015fu. <\/strong>Pe data de 7 septembrie 1944, a avut loc o consf\u0103tuire secret\u0103, ce s-a \u0163inut la locuin\u0163a farmacistului Varga Iuliu, din localitate. Au luat parte Biro Jozef, ofi\u0163er \u00een rezerv\u0103, care a fost instalat de autorit\u0103\u0163ile militare \u00een func\u0163ia de prim-pretor al pl\u0103\u015fii S\u0103rma\u015fu, Betegy Sandor, Wakszman Karoly \u015fi Wakszman Elemer (tat\u0103 \u015fi fiu), Bethlen Daniel, Kemeny Bela, Maitelely Istvan, Gall Jozsef, mari proprietari din zona respectiv\u0103.<\/h4>\r\n<h4 style=\"text-align: justify;\">A doua zi, pe data de 8 septembrie 1944, a fost declan\u015fat\u0103 ac\u0163iunea de arestare \u015fi internare a tuturor evreilor din localitatea S\u0103rma\u015fu, \u00eentr-un lag\u0103r improvizat pe teritoriul localit\u0103\u0163ii. Pe data de 16 septembrie 1944, cpt. Lancz Laszlo, care se afla \u00een localitatea S\u0103rm\u0103\u015fel, la 3 km de S\u0103rma\u015fu, acesta a transmis telefonic la compania de jandarmi din S\u0103rma\u015fu ordinul de a se trece la executarea evreilor.<\/h4>\r\n<h4 style=\"text-align: justify;\">Ordinul a fost recep\u0163ionat de c\u0103tre telefonista Elisabeta P\u0103cal\u0103, de la oficiul telefonic S\u0103rma\u015fu, care mai t\u00e2rziu, dup\u0103 eliberarea localit\u0103\u0163ii, a f\u0103cut cunoscut acest act Comisiei de anchet\u0103.<\/h4>\r\n<h4 style=\"text-align: justify;\">\u00cen aceea\u015fi zi, de diminea\u0163\u0103, 20 de evrei ap\u0163i de munc\u0103 au fost du\u015fi de jandarmii unguri \u00een hotarul localit\u0103\u0163ii C\u0103m\u0103ra\u015fu, pe dealul numit Suscut, unde au fost obliga\u0163i s\u0103 sape dou\u0103 gropi mari. \u00cen dup\u0103-amiaza aceleia\u015fi zile, cei 126 de evrei afla\u0163i \u00een lag\u0103rul improvizat din S\u0103rma\u015fu, au fost \u00eembarca\u0163i \u00een care cu trac\u0163iune animal\u0103, du\u015fi la locul numit Suscut, iar \u00een noaptea de 16\/17 septembrie, au fost uci\u015fi de jandarmii \u015fi militarii unguri, \u00eempreun\u0103 cu c\u00e2\u0163iva rom\u00e2ni din satele \u015fi comunele din zon\u0103. Corpurile lor au fost apoi \u00eengropate \u00een cele dou\u0103 gropi comune s\u0103pate de diminea\u0163\u0103, de cei 20 de evrei adu\u015fi aici pentru aceast\u0103 ac\u0163iune ordonat\u0103 de c\u0103tre maghiari.<\/h4>\r\n<h4 style=\"text-align: justify;\">Popula\u0163ia maghiar\u0103 din zon\u0103 ce sprijinea cauza Ungariei, \u00een dorin\u0163a rec\u00e2\u015ftig\u0103rii \u00eentregii Transilvanii \u00eempreun\u0103 cu garda maghiar\u0103, \u00eencep s\u0103 jefuiasc\u0103 casele evreilor \u015fi rom\u00e2nilor.<\/h4>\r\n<h4 style=\"text-align: justify;\">Pe data de 9 septembrie 1944, echipa de jandarmi maghiari ridic\u0103 din casele lor to\u0163i evreii din S\u0103rma\u015f, \u00een numar de 126. Ei au fost du\u015fi \u00eentr-un lag\u0103r improvizat din localitate, al\u0103turi de al\u0163i c\u00e2\u0163iva rom\u00e2ni ce \u00eendepliniser\u0103 func\u0163ii importante \u00een administrarea rom\u00e2neasc\u0103 a comunei.<\/h4>\r\n<h4 style=\"text-align: justify;\">Timp de mai multe zile cu to\u0163ii au fost supu\u015fi unui tratament ostil din partea ocupan\u0163ilor unguri.<\/h4>\r\n<h4 style=\"text-align: justify;\">\u00cen ziua de 15 septembrie 1944, unii dintre rom\u00e2ni au fost elibera\u0163i, iar al\u0163i 18 au fost deporta\u0163i \u00een Ungaria. Deporta\u0163ii au fost du\u015fi cu camionul la Cluj, iar aici au fost \u00eencolona\u0163i pe jos, sub escort\u0103 de poli\u0163i\u015fti maghiari civili, pe drumul \u00eenspre Jibou \u015fi apoi spre Budapesta. Unul dintre cei deporta\u0163i, apoi declarat mort a fost Iuliu Moldovan, tat\u0103l artistului Ovidiu Iuliu Moldovan.<\/h4>\r\n<h4 style=\"text-align: justify;\">Pe data de 16 septembrie 1944, cei 126 de evrei sunt sco\u015fi din S\u0103rma\u015fu \u015fi uci\u015fi pe dealul Suscut, din apropierea localit\u0103\u0163ii C\u0103m\u0103ra\u015fu. Generic, acest tragic eveniment este cunoscut sub numele de masacrul de la S\u0103rma\u015fu.<\/h4>\r\n<h4 style=\"text-align: justify;\">Localitatea S\u0103rma\u015f, \u00een perioada interbelic\u0103 a fost re\u015fedin\u0163a plasei S\u0103rma\u015f din jude\u0163ul Cluj. \u00cen anul 1952, S\u0103rma\u015fu devine sediul raionului cu acela\u015fi nume din cadrul jude\u0163ului Cluj p\u00e2n\u0103 \u00een 1960 c\u00e2nd comuna este arondat\u0103 raionului Ludu\u015f. La noua reforma administrativ\u0103 din anul 1968 localitatea a fost alipit\u0103 jude\u0163ului Mure\u015f. \u00cencep\u00e2nd cu 30 septembrie 2003, prin Legea nr. 382, fosta comun\u0103 S\u0103rma\u015fu a fost ridicat\u0103 la rangul de ora\u015f, \u00een cadrul jude\u0163ului Mure\u015f. Localitatea S\u0103rma\u015fu, din jude\u0163ul Mure\u015f \u015fi din vecin\u0103tatea noastr\u0103, este atestat\u0103 documentar din anul 1329, a\u015fa cum am men\u0163ionat mai sus, ocup\u00e2nd un loc aparte \u00een istoria general\u0103 a Rom\u00e2niei, nu numai prin importan\u0163a sa geografic\u0103 ca drum de r\u0103scruce \u00eentre regiuni, ci \u015fi prin importan\u0163a sa istoric\u0103 \u00een curgerea istoriei \u015fi a vremii.<\/h4>\r\n<h4 style=\"text-align: justify;\"><\/h4>\r\n<figure id=\"attachment_1504\" aria-describedby=\"caption-attachment-1504\" style=\"width: 100px\" class=\"wp-caption aligncenter\"><a href=\"http:\/\/www.desteptati-va.ro\/wp-content\/uploads\/2011\/04\/stema-Sarmasu.png\"><img loading=\"lazy\" decoding=\"async\" class=\"size-full wp-image-1504\" title=\"Stema localitatii Sarmasu\" src=\"http:\/\/www.desteptati-va.ro\/wp-content\/uploads\/2011\/04\/stema-Sarmasu.png\" alt=\"Stema localitatii Sarmasu\" width=\"100\" height=\"158\" \/><\/a><figcaption id=\"caption-attachment-1504\" class=\"wp-caption-text\">Stema localitatii Sarmasu<\/figcaption><\/figure>\r\n<h4 style=\"text-align: justify;\">\u015ei aici, ca de alfel \u00een multe zone ale Transilvaniei, administra\u0163ia vremelnic\u0103 maghiar\u0103, a comis o seam\u0103 de ac\u0163iuni de masacrare a popula\u0163iei rom\u00e2ne\u015fti, prin comiterea de nenum\u0103rate \u015fi oribile crime, din a c\u0103ror lung\u0103 list\u0103, vom exemplifica doar c\u00e2teva din cele mai sugestive.<\/h4>\r\n<h4 style=\"text-align: justify;\">Dar s\u0103 apel\u0103m la fapte concrete \u015fi la memoria sau la m\u0103rturiile \u015fi consemn\u0103rile istoriei.<\/h4>\r\n<h4 style=\"text-align: justify;\">Astfel \u00een luna octombrie 1848, au fost sp\u00e2nzura\u0163i aici la S\u0103rma\u015fu, de c\u0103tre armatele kossuthiste \u015fi G\u0103rzile Na\u0163ionale Maghiare:<\/h4>\r\n<h4 style=\"text-align: justify;\">&#8211; <strong>Alexandru B\u0103tr\u00e2neanu<\/strong>, prefectul C\u00e2mpiei Transilvaniei;\r\n&#8211; <strong>Vasile Simoni\u015f<\/strong>, viceprefect, jurist;\r\n&#8211; <strong>Macovei Sasu<\/strong>, \u0163\u0103ran iobag;\r\n&#8211; <strong>Maxim \u0162inte\u015fan<\/strong>, t\u00e2mplar;\r\n&#8211; <strong>\u015etefan Grebl\u0103<\/strong>, \u0163\u0103ran iobag;\r\n&#8211; <strong>Condrade Chezito<\/strong>, \u0163\u0103ran iobag;\r\n&#8211; <strong>Dumitru Fiscutean<\/strong>, \u0163\u0103ran iobag;\r\n&#8211; <strong>Luca Popa<\/strong>, cioban;\r\n&#8211; <strong>Beneamin Banu<\/strong>, \u0163\u0103ran iobag;\r\n&#8211; <strong>Simion Valea<\/strong>, \u0163\u0103ran iobag, \u015fi alte <strong>5<\/strong> victime r\u0103mase necunoscute din satele vecine: <strong>Balda<\/strong>, <strong>Vi\u015finel<\/strong> \u015fi <strong>S\u0103rm\u0103\u015fel<\/strong>.<\/h4>\r\n<h4 style=\"text-align: justify;\">Acesta este un prim episod al istoriei, din ceea ce a urmat \u00een urma Dictatului de la Viena din 1940 ne vom referi \u00een continuare.<\/h4>\r\n<h4 style=\"text-align: justify;\">\u015ei ora\u015ful S\u0103rma\u015fu, \u00een perioada <strong>5 septembrie &#8211; 10 octombrie 1944<\/strong> (<span style=\"text-decoration: underline;\">timp de 35 de zile<\/span>) s-a aflat sub ocupatia invaziei ungaro-horthyste. \u00cen aceste zile \u015fi nop\u0163i de inimaginabil\u0103 teroare, jandarmii unguri cu pene de coco\u015f \u015fi membrii din G\u0103rzile Na\u0163ionale Maghiare, sub conducerea c\u0103pitanului de jandarmi Lancz Laszlo, au \u00eempu\u015fcat sau au dus pe drumul f\u0103r\u0103 de \u00eentoarcere al mor\u0163ii, peste <strong>126<\/strong> de evrei \u015fi <strong>39<\/strong> de rom\u00e2ni din zon\u0103, militari lua\u0163i prizonieri de r\u0103zboi din luptele cr\u00e2ncene de la Oarba de Mure\u015f \u2013 Ludu\u015f &#8211; Che\u0163ani.<\/h4>\r\n<h4 style=\"text-align: justify;\"><\/h4>\r\n<figure id=\"attachment_1503\" aria-describedby=\"caption-attachment-1503\" style=\"width: 225px\" class=\"wp-caption aligncenter\"><a href=\"http:\/\/www.desteptati-va.ro\/wp-content\/uploads\/2011\/04\/22209059.jpg\"><img loading=\"lazy\" decoding=\"async\" class=\"size-medium wp-image-1503\" title=\"Monumentul evreilor asasinati in septembrie 1944\" src=\"http:\/\/www.desteptati-va.ro\/wp-content\/uploads\/2011\/04\/22209059-225x300.jpg\" alt=\"Monumentul evreilor asasinati in septembrie 1944 \" width=\"225\" height=\"300\" \/><\/a><figcaption id=\"caption-attachment-1503\" class=\"wp-caption-text\">Monumentul evreilor asasinati in septembrie 1944<\/figcaption><\/figure>\r\n<h4 style=\"text-align: justify;\">Cei 126 de evrei asasina\u0163i de trupele maghiare \u00een septembrie 1944, \u00ee\u015fi dorm somnul de veci la C\u0103m\u0103ra\u015fu, localitate aflat\u0103 \u00een raza jude\u0163ului Cluj, iar de mormintele lor \u015fi de micul monument se \u00eengrije\u015fte Comunitatea Evreiasc\u0103 din acel jude\u0163.<\/h4>\r\n<h4 style=\"text-align: justify;\">Localitatea C\u0103m\u0103ra\u015fu se situeaz\u0103 l\u00e2ng\u0103 hotarul comunei S\u0103rma\u015fu, din jude\u0163ul Mure\u015f, iar comunitatea de aici se simte, cum este \u015fi firesc, legat\u0103 de cei care odihnesc acolo. Cei asasina\u0163i erau din S\u0103rma\u015fu, iar p\u0103rin\u0163ii sau bunicii celor de azi i-au cunoscut pe acei neferici\u0163i. Cu to\u0163ii \u015ftiu de tragedia aceasta de neimaginat, \u00eent\u00e2mplat\u0103 \u00een urm\u0103 cu 67 de ani.<\/h4>\r\n<h4 style=\"text-align: justify;\">Iat\u0103 unele m\u0103rturii elocvente ale acestui masacru:<\/h4>\r\n<h4 style=\"text-align: justify;\">&#8222;Pe la orele 2, dup\u0103 miezul nop\u0163ii, am v\u0103zut cum evreii au fost ridica\u0163i \u015fi du\u015fi pe coasta dealului spre felinar. Am auzit atunci mult\u0103 larm\u0103 \u015fi vaiete \u00eentre evrei. La vreo jum\u0103tate de or\u0103 dup\u0103 ce evreii au ajuns sus, am auzit \u00eempu\u015fc\u0103turi de mitralier\u0103.<\/h4>\r\n<h4 style=\"text-align: justify;\">Speriat, mi-am pus nevasta \u015fi copii la ad\u0103post \u015fi m-am ascuns \u00een porumbi\u015fte la vreo dou\u0103 sute de metri de locul unde se \u00eempu\u015fca. Era noapte \u015fi nu am putut vedea nimic, dar am auzit vaietele \u015fi \u0163ipetele victimelor. Un geam\u0103t de b\u0103iat t\u00e2n\u0103r s-a auzit mai mult dec\u00e2t toate. Dup\u0103 ce a \u00eencetat \u015fi acesta, s-au oprit \u015fi \u00eempu\u015fc\u0103turile\u2026&#8221; (<em>Ioan Moceanu, comuna C\u0103m\u0103ra\u015fu, jude\u0163ul Cluj, unul din martorii audia\u0163i la anchet\u0103<\/em>).<\/h4>\r\n<h4 style=\"text-align: justify;\">&#8222;\u2026tot ce am tr\u0103it, v\u0103zut, sim\u0163it \u015fi auzit \u00een acei patru ani de urgie nu pot sta al\u0103turi de ceea ce am v\u0103zut la S\u0103rma\u015fu. Am pip\u0103it cele 126 de cadavre\u2026 Am v\u0103zut copii de 5, de 3 \u015fi de 1 an, neatin\u015fi de gloan\u0163e care au fost \u015fi ei azv\u00e2rli\u0163i \u015fi \u00eengropa\u0163i de vii. Am v\u0103zut so\u0163 \u015fi so\u0163ie \u00eencle\u015fta\u0163i \u00eentr-o ultim\u0103 \u00eembr\u0103\u0163i\u015fare \u015fi am v\u0103zut un tat\u0103 cu m\u00e2inile crispate str\u00e2ng\u00e2ndu-\u015fi \u00een bra\u0163e copilul de un an\u2026&#8221; (<em>dr. Matatias Carp, pre\u015fedintele Federa\u0163iei Uniunilor de Comunit\u0103\u0163i Evreie\u015fti din Rom\u00e2nia, delegat oficial ca membru al comisiei de cercetare a masacrului de la S\u0103rma\u015fu \u015fi de exhumare a victimelor<\/em>).<\/h4>\r\n<h4 style=\"text-align: justify;\">&#8222;Primul strat de cadavre era alc\u0103tuit aproape numai din copii. Erau unii mititei de tot, s\u0103 fi avut 2 sau 3-4 ani\u015fori. Cei mai v\u00e2rstnici dintre ei nu treceau de 15 ani. La c\u00e2\u0163iva s-au putut constata orificiile de p\u0103trundere a gloan\u0163elor ucig\u0103toare, la al\u0163ii s-au putut g\u0103si \u0163estele sf\u0103r\u00e2mate, (probabil cu patul armei, n.n.) iar la unul ambele picioare sf\u0103r\u00e2mate.<\/h4>\r\n<h4 style=\"text-align: justify;\">Dar au fost copii la care, c\u0103ut\u00e2ndu-se cu mult\u0103 grij\u0103, nu s-a g\u0103sit nici un semn exterior care s\u0103 indice cauza mor\u0163ii. Este de presupus c\u0103 au fost \u00eengropa\u0163i de vii\u2026&#8221; (<em>dr. Emil Mora, medic legist, unul dintre cei care au participat la deshumarea cadravelor).<\/em><\/h4>\r\n<h4 style=\"text-align: justify;\">Evreii \u00eempu\u015fca\u0163i de jandarmii horthy\u015fti \u00een zona Plasei S\u0103rma\u015fu, sunt men\u0163iona\u0163i de Matatias Carp \u00een volumul s\u0103u: \u201c <strong>S\u0103rma\u015fu, una din cele mai oribile crime fasciste<\/strong> \u201c &#8211; Editura Atelierele Grafice Socec, SAR, Bucuresti, 1945 \u015fi mai nou, de c\u0103tre inimosul \u015fi regretatul Vasile T. Suciu, \u00een volumul: \u201c <strong>De unde at\u00e2ta ur\u0103? \u201c<\/strong>, c\u0103r\u0163i care vorbesc de la sine, \u00een mod exemplificativ \u015fi elocvent, despre atrocit\u0103\u0163ile \u015fi crimele comise atunci, de c\u0103tre ocupantul ungar \u00een complicitate \u015fi responsabilitate direct\u0103 cu unii exponen\u0163i ai etniei maghiare din zona cu pricina, motiv esen\u0163iat pentru care nu-i mai amintim \u00een documentarul de fa\u0163\u0103.<\/h4>\r\n<h4 style=\"text-align: justify;\">Vom aminti \u00een schimb, martirii rom\u00e2ni, pentru care nu s-au facut \u00eenc\u0103 cercet\u0103ri \u015fi investiga\u0163ii mai ample, fie din partea cercet\u0103torilor rom\u00e2ni, sau din partea autorit\u0103\u0163ilor \u00eenditruite cu aceste cercet\u0103ri.<\/h4>\r\n<h4 style=\"text-align: justify;\">Din cercet\u0103rile noastre, <span style=\"text-decoration: underline;\">cu precizarea c\u0103 acestea nu s-au \u00eencheiat \u00eenc\u0103<\/span>, vom enumera datele concrete pe care le de\u0163inem la ora actual\u0103. Iat\u0103 cine sunt martirii \u015fi eroii rom\u00e2ni identifica\u0163i de noi, \u00een zona Plasei S\u0103rma\u015fu:<\/h4>\r\n<h4 style=\"text-align: justify;\">&#8211; dr. <strong>Banu Vasile<\/strong> (n. 1918, com. Mociu &#8211; Cluj, primpretorul Plasei S\u0103rma\u015fu, \u00eempu\u015fcat la marginea localit\u0103\u0163ii);\r\n&#8211; plut. maj. <strong>Teodor Jucan<\/strong> (n. 1882 Buza &#8211; Cluj, fost \u015fef al postului de jandarmi din Sarma\u015fu\u00a0 -Mure\u015f, \u00eempu\u015fcat la col\u0163ul p\u0103durii comunei C\u0103m\u0103ra\u015fu \u2013 Cluj);\r\n&#8211; <strong>Iuliu Moldovan<\/strong> (n. 1916, com. C\u0103tina &#8211; Cluj, contabilul Plasei S\u0103rma\u015fu &#8211; Mures) tat\u0103l actorului Ovidiu Iuliu Moldovan;\r\n&#8211; <strong>Ioan Moldovan<\/strong> (n. 1906, primarul com. G\u0103bud &#8211; Alba);\r\n&#8211; <strong>Alexandru Fize\u015fean<\/strong> (n. 1896, com. C\u0103tina &#8211; Cluj, \u00eempu\u015fcat la col\u0163ul p\u0103durii C\u0103m\u0103ra\u015fu &#8211; Cluj; \u00een urma lui au ramas 5 copii orfani);\r\n&#8211; <strong>Vasile Micu<\/strong> (de 71 ani, preot, com. S\u0103rma\u015fu &#8211; Mure\u015f, participant de frunte la Marea Unire din 1 Decembrie 1918 de la Alba Iulia);\r\n&#8211; <strong>Petru Cadar<\/strong> (61 de ani, \u0163\u0103ran rom\u00e2n din S\u0103rma\u015fu &#8211; Mure\u015f);\r\n&#8211; <strong>Leti\u0163ia Rusu<\/strong> (17 ani, \u00eempu\u015fcat\u0103 la f\u00e2nt\u00e2n\u0103, \u00een C\u0103tina &#8211; Cluj);\r\n&#8211; <strong>Solomon I\u015ftoc<\/strong> (de 18 ani, din Grebeni\u015fu de C\u00e2mpie &#8211; Mure\u015f);\r\n&#8211; serg. <strong>Iulian Predescu<\/strong> (\u015eeful Pichetului de Gr\u0103niceri M\u0103r\u0103\u015festi &#8211; Band);\r\n&#8211; <strong>Zachei \u015eeulean<\/strong> (71 de ani, \u0163\u0103ran din Grebeni\u015fu de C\u00e2mpie &#8211; Mure\u015f);\r\n&#8211; sold. <strong>Barbu Radu<\/strong> (de 22 de ani, gr\u0103nicer, n\u0103scut \u00een comuna Petre\u015fti &#8211; D\u00e2mbovi\u0163a, \u00eempu\u015fcat la pichetul din Visuia);\r\n&#8211; <strong>Ioan Gorea<\/strong> (n. 1925, Visuia);\r\n&#8211; <strong>Maria Gorea<\/strong> (mama sa, din satul Visuia \u2013 Bistri\u0163a &#8211; N\u0103s\u0103ud);\r\n&#8211; <strong>Sofia Harsan<\/strong> (n. 1874, mama, satul Visuia \u2013 Bistri\u0163a &#8211; N\u0103s\u0103ud);\r\n&#8211; <strong>Eugen Harsan<\/strong> (n. 1925, fiul, satul Visuia \u2013 Bistri\u0163a &#8211; N\u0103s\u0103ud);\r\n&#8211; <strong>Ioan Loga<\/strong> (de 70 de ani, din Geaca &#8211; Cluj);\r\n&#8211; <strong>Ioan Miron<\/strong> (71 de ani, din Geaca &#8211; Cluj);\r\n&#8211; <strong>Ilonka Takacs<\/strong> (27 de ani, din Geaca, unguroaic\u0103, c\u0103s\u0103torit\u0103 cu rom\u00e2n, \u00een urma ei au r\u0103mas 5 copii minori orfani);\r\n&#8211; <strong>Maria Rusu<\/strong> ( \u00een v\u00e2rst\u0103 de numai 2 ani, care avea mama unguroaic\u0103);\r\n&#8211; <strong>Ioan Tegla\u015f<\/strong> (20 de ani);\r\n&#8211; <strong>Vasile Suciu<\/strong> (de 52 de ani);\r\n&#8211; <strong>Ilisie Suciu<\/strong> (42 de ani);\r\n&#8211; <strong>Cioba Viorel<\/strong> (de numai 3 ani);\r\n&#8211; <strong>Maria C\u0103tinean<\/strong> (49 de ani);\r\n&#8211; <strong>T\u0103nasie Baciu<\/strong> (23 de ani, soldat din Regimentul 83 Infanterie Turda, sosit acas\u0103 \u00een acea zi, fiind\u00a0 \u00een permisie);\r\n&#8211; <strong>Ioan Lucaciu<\/strong> (40 de ani);\r\n&#8211; <strong>Miron Filip<\/strong> (67 de ani), to\u0163i din Geaca &#8211; Cluj;\r\n&#8211; sold. <strong>Ioan G\u0103inu\u015f\u0103<\/strong>, (de 22 de ani, n. M\u0103gureni &#8211; Prahova);\r\n&#8211; sold. <strong>Gheorghe Pan\u0103<\/strong> (22 de ani, gr\u0103nicer, \u00eempu\u015fcat la S\u0103rm\u0103\u015fel &#8211; Mure\u015f);\r\n&#8211; sold. <strong>Nicolae C. Nicolae<\/strong> (22 de ani, n. \u00een Hotcar\u0103u &#8211; Prahova, \u00eempu\u015fcat la Pog\u0103ceaua);\r\n&#8211; sold. <strong>Florian Popa<\/strong> (gr\u0103nicer, de 22 de ani, n. Corbe\u015fti &#8211; Bihor, \u00eempu\u015fcat la Pog\u0103ceaua);\r\n&#8211; sold. <strong>Gheorghe Ciulei<\/strong> (23 de ani, n. R\u00e2mnicu V\u00e2lcea &#8211; V\u00e2lcea, \u00eempu\u015fcat la Iclandu Mare &#8211; Mure\u015f);\r\n&#8211; \u00a0<strong>Ioan Cr\u0103ifalean<\/strong> (n. 1888, fost primar, \u00eempu\u015fcat \u00een Icl\u0103nzel &#8211; Mure\u015f);\r\n&#8211; <strong>Vasile P\u0103durean<\/strong> (de 54 de ani, \u0163\u0103ran din Valea Larg\u0103 \u2013 Mure\u015f);\r\n&#8211; sold. <strong>Alexandru Bexa<\/strong> (gr\u0103nicer, n. C\u0103cuciu &#8211; Mure\u015f);\r\n&#8211; sold. <strong>Gheorghe Florea<\/strong> (din Reg. 7 Gr\u0103niceri &#8211; Alba Iulia, ucis \u00een Valea Larg\u0103 &#8211; Mure\u015f) \u015fi mul\u0163i altii, pe care \u00eenc\u0103 nu i-am identificat, din documente \u015fi m\u0103rturii ale vremii.<\/h4>\r\n<h4 style=\"text-align: justify;\">Din documentele de arhiv\u0103 studiate \u015fi din declara\u0163iile martorilor date la Tribunalul Poporului din Cluj, rezult\u0103 c\u0103 crimele \u015fi masacrele au fost comise multe <strong><span style=\"text-decoration: underline;\">din initiativa proprie pe plan local<\/span><\/strong>, f\u0103r\u0103 s\u0103 fi avut vre-un ordin sau directiv\u0103 oficial\u0103 superioar\u0103, din exces de zel a Membrilor G\u0103rzii Na\u0163ionale Maghiare, sau pur \u015fi simplu de c\u0103tre honvezii cu pan\u0103 de cocoo\u015f.<\/h4>\r\n<h4 style=\"text-align: justify;\">Dovad\u0103 este, \u00een acest sens, faptul c\u0103 atunci c\u00e2nd banda criminal\u0103 a c\u0103pitanului Lancz Laszlo, comandantul jandarmeriei din Plasa S\u0103rma\u015fu &#8211; Mure\u015f, se preg\u0103tea s\u0103 repete masacrul din noaptea de 16\/17 septembrie 1944, avand &#8222;preg\u0103ti\u0163i&#8221; al\u0163i <strong>45<\/strong> de evrei \u015fi rom\u00e2ni aresta\u0163i din ascunz\u0103torile lor, <span style=\"text-decoration: underline;\">la interven\u0163ia umanitar\u0103 \u015fi subliniem acest lucru, a locotenentului-colonel ungur Ujhazi, masacrul nu a mai avut loc<\/span>, eliber\u00e2ndu-i din Lag\u0103rul de la casa picherului Ioan Pop din S\u0103rma\u015fu &#8211; Mure\u015f, red\u00e2ndu-le via\u0163a \u015fi libertatea.<\/h4>\r\n<h4 style=\"text-align: justify;\">Mai facem precizarea c\u0103, dintr-o serie a m\u0103rturiilor aflate \u00een dosarele justi\u0163iei de la acea vreme, sau din alte surse arhivistice pe care \u00eenc\u0103 nu le putem cita, o bun\u0103 parte a planurilor de ac\u0163iune criminal\u0103 \u00eendreptat\u0103 \u00eempotriva popula\u0163iei rom\u00e2ne\u015fti \u015fi par\u0163ial evree\u015fti, s-a pus la cale \u00een satul Sucutard, sub directa \u00eendrumare \u015fi avizare a lui Wass Andreas \u015fi Wass Albert, cei implica\u0163i direct \u00een crimele de la Sucutard-\u0162aga \u015fi genocidul de la Mure\u015fenii de C\u00e2mpie.<\/h4>\r\n<h4 style=\"text-align: justify;\">Acest aspect implic\u0103 \u015fi ne implic\u0103, \u00een cadrul ac\u0163iunilor de edificare \u015fi documentare a <strong>Memorialului Refugiului Rom\u00e2nesc, <\/strong>a aprofunda \u015fi mai mult cercet\u0103rile, a emite juste \u015fi adev\u0103rate judec\u0103\u0163i de valoare, \u00een perioada urm\u0103toare, pentru completarea cercet\u0103rilor \u015ftiin\u0163ifice \u00een materie, neocolind \u015fi episoadele de teroare \u015fi crim\u0103, s\u0103v\u00e2r\u015fite pe raza comunei C\u0103tina din jude\u0163ul ,Cluj, care are leg\u0103tur\u0103 direct\u0103 cu actele \u015fi faptele petrecute atunci, fa\u0163\u0103 de popula\u0163ia rom\u00e2neasc\u0103, din perioada st\u0103p\u00e2nirii vremelnice maghiaro-hortiste.<\/h4>\r\n<h4 style=\"text-align: justify;\">Facem precizarea necesar\u0103, c\u0103 Asocia\u0163ia Refugia\u0163ilor A.T.P.R.E.D.-Gherla, sub a c\u0103rui patronaj \u015fi coordonare s-au edificat cu sprijinul unor ter\u0163i: <strong>Troi\u0163a de la \u0162aga<\/strong>, marc\u00e2nd locul celor din Sucutard uci\u015fi aici, <strong>Monumentul Martirilor Neamului Rom\u00e2nesc din satul Sucutard<\/strong>, <strong>Monumentul Martirilor Neamului Rom\u00e2nesc de la Mure\u015fenii de C\u00e2mpie, <\/strong>marc\u00e2nd genocidul de acolo<strong>, Muzeul Na\u0163ional al Refugia\u0163ilor <\/strong>\u015fi<strong> Centrul Na\u0163ional pentru Studierea Istoriei \u015fi Sociologiei Refugiului Rom\u00e2nesc, <\/strong>precum \u015fi prin cercet\u0103rile ce se \u00eentreprind pe raza comunei C\u0103tina, sau marcarea locului de grani\u0163\u0103, respectiv a unui pichet de gr\u0103niceri de pe raza comunei Bude\u015fti \u2013 jude\u0163ul Bistri\u0163a \u2013 N\u0103s\u0103ud, vor aduce un plus de valoare \u015ftiin\u0163ific\u0103 \u015fi istoric\u0103, a \u00eentregului martiraj rom\u00e2nesc, din timpul ocupa\u0163iei vremelnice maghiaro-hortiste.<\/h4>\r\n<h4 style=\"text-align: justify;\">Aceste ac\u0163iuni, sunt menite a \u00eentregi pe c\u00e2t mai este \u00eenc\u0103 posibil genera\u0163iei noastre, tabloul general al <strong>Memorialului Refugiului Rom\u00e2nesc<\/strong>, cu simplu scop ca genera\u0163iile viitoare s\u0103 \u015ftie s\u0103 r\u0103spund\u0103 clar \u015fi f\u0103r\u0103\u00a0 echivoc, manifest\u0103rilor revan\u015farde ale revizionismului maghiar, care nici \u00een aceste vremuri nu a disp\u0103rut, r\u0103m\u00e2n\u00e2nd ca o pecete ur\u00e2t\u0103 \u00een istoria \u015fi concep\u0163ia geo-politic\u0103 a unei na\u0163ii vecine, pe care noi o respect\u0103m conform principiilor inalienabile ale Dreptului Interna\u0163ional \u015fi a prevederilor noastre constitu\u0163ionale.<\/h4>\r\n<h4 style=\"text-align: justify;\">Preciz\u0103m c\u0103 aceste principii <strong><span style=\"text-decoration: underline;\">sunt \u015fi r\u0103m\u00e2n nenegociabile<\/span><\/strong>, nu sunt de v\u00e2nzare indiferent de climatul politic rom\u00e2nesc intern, poporul majoritar rom\u00e2nesc fiind singurul suveran \u00een a-\u015fi exprima voin\u0163a \u015fi ac\u0163iunea sa, fa\u0163\u0103 de unele manifest\u0103ri ce-i vor fi potrivnice interesului s\u0103u na\u0163ional.<\/h4>\r\n<h4 style=\"text-align: justify;\">Revenind la titlul acestui material, la martirajul S\u0103rma\u015fului, preciz\u0103m c\u0103 \u00een memoria celor 126 de evrei \u015fi rom\u00e2ni masacra\u0163i de jandarmii unguri, s-a amenajat un cimitir \u015fi s-a ridicat un monument, s-au f\u0103cut cercet\u0103ri \u015fi continu\u0103 s\u0103 se fac\u0103 \u00eenc\u0103 cercet\u0103ri \u015fi mai am\u0103nun\u0163ite.<\/h4>\r\n<h4 style=\"text-align: justify;\">Dar nu se poate omite nici observa\u0163ia, absolut real\u0103 \u015fi elocvent\u0103 c\u0103, pentru rom\u00e2nii \u00eempu\u015fca\u0163i sau disp\u0103ru\u0163i de pe fa\u0163a p\u0103m\u00e2ntului \u00een acele acte criminale, ori s-a f\u0103cut prea pu\u0163in \u00een unele locuri, ori nu s-a f\u0103cut nimic \u00een altele, p\u00e2n\u0103 \u00een prezent! ceea ce trebuie s\u0103 fie un real \u015fi serios semnal de alarm\u0103 pentru autorit\u0103\u0163ile statului rom\u00e2n, <strong><span style=\"text-decoration: underline;\">care nu au voie s\u0103 dez\u0103rteze<\/span><\/strong> \u00een schimbul unor interese meschine de partid sau politice, de la Istoria Na\u0163ional\u0103, indiferent c\u00e2t de dureroas\u0103 ar fi ea.<\/h4>\r\n<h4 style=\"text-align: justify;\">Este regretabil faptul c\u0103 nici o autoritate rom\u00e2neasc\u0103, din trecut sau prezent, nu s-a \u00eengrijit, sau nici nu se \u00eengrije\u015fte m\u0103car de marcarea acestor evenimente istorice, a acestor locuri de suferin\u0163\u0103 \u015fi glorie, de ace\u015fti martiri ai Neamului Rom\u00e2nesc, care au scris cu s\u00e2ngele lor pagini de istorie.<\/h4>\r\n<h4 style=\"text-align: justify;\">Am specificat \u015fi aten\u0163ionat acest aspect, \u00een raport direct \u015fi nemijlocit cu m\u0103sura \u00een care, minoritatea maghiar\u0103 \u00een special, \u00ee\u015fi aminte\u015fte personalit\u0103\u0163ile din\u00a0 neamul \u015fi etnia lor, le marcheaz\u0103 trecerea sau prezen\u0163a, pesonalita\u0163i care fie c\u0103 au f\u0103cut bine sau r\u0103u popula\u0163iei majoritare rom\u00e2ne\u015fti, pretind c\u0103 sunt\u00a0 parte din istoria lor na\u0163ional\u0103.<\/h4>\r\n<h4 style=\"text-align: justify;\">Deasemenea, locurile unde mai lic\u0103re c\u00e2te un semn al istoriei rom\u00e2ne\u015fti, sunt \u00een paragin\u0103, p\u0103r\u0103site \u015fi ne\u00e2ngrijite, semn c\u0103 \u015fi aici autorit\u0103\u0163ile statului, nu fac suficinet, nu respect\u0103 trecutul istoric al poporului rom\u00e2n, <strong><span style=\"text-decoration: underline;\">care este \u015fi trebuie s\u0103 r\u0103m\u00e2n\u0103 sacru<\/span><\/strong>, at\u00e2t pentru clasa politic\u0103 coco\u0163at\u0103 \u00een v\u00e2rful piramidei la putere, c\u00e2t \u015fi pentru urma\u015fii de neam, a acestor eroi \u015fi martiri.<\/h4>\r\n<h4 style=\"text-align: justify;\">Referindu-ne la cimitirul de la S\u0103rma\u015f, \u015fi acesta a devenit o paragin\u0103 abandonat\u0103. Nimeni nu se mai \u00eengrije\u015fte \u015fi de acesta. Avem o lege a monumentelor, bun\u0103 sau rea. De ce nu se respect\u0103 ?<\/h4>\r\n<h4 style=\"text-align: justify;\">Sau aceast\u0103 nep\u0103sare face parte dintr-un scenariu mai straniu \u015fi ascuns pe care nu-l cunoa\u015ftem?<\/h4>\r\n<h4 style=\"text-align: justify;\"><strong>Oare nimeni nu vede, nu aude vuietul istoriei, care se poate din nou repeta!<\/strong><\/h4>\r\n<h4 style=\"text-align: justify;\"><strong>Cerem clar \u015fi r\u0103spicat, <\/strong>noii conduceri a a\u015fazisului partid etnicU.D.M.R. s\u0103-\u015fi revizuiasc\u0103 politica \u015fi ac\u0163iunile \u00een totalitatea lor, s\u0103 renun\u0163e definitiv \u015fi f\u0103r\u0103 condi\u0163ii la preten\u0163iile reven\u015farde, de autonomie \u015fi ie\u015fire de sub controlul constitu\u0163ional statal, la preten\u0163ii absurde \u015fi chiar obraznice, care \u00een\u0103spresc \u015fi lezeaz\u0103 rela\u0163iile de toleran\u0163\u0103 maxim\u0103 ale poporului rom\u00e2n, \u00een caz contrar vor fi direct r\u0103spunz\u0103tori de conseciin\u0163e.<\/h4>\r\n<h4 style=\"text-align: justify;\">Acestei minorit\u0103\u0163i, dealtfel prea respectat\u0103 \u00een interiorul grani\u0163elor statului rom\u00e2n, M\u0103re\u0163ul Act de la 1 Decembrie 1918, le-a dat tot ce a fost de dat, iar dup\u0103 evenimentele din decembrie 1989, aceast\u0103 minoritate a ajuns cu drepturi unice, nemai acordate de alte state sau na\u0163iuni, \u00een \u00eentreaga lume.<\/h4>\r\n<h4 style=\"text-align: justify;\"><strong>Sper\u0103m c\u0103 ajunge ! Este destul !<\/strong> Nu dorim s\u0103 ajungem s\u0103 sim\u0163im sentimentul, <span style=\"text-decoration: underline;\">care deja mije\u015fte<\/span>, c\u0103 noi majoritarii rom\u00e2ni, am avea statut de minoritate.<\/h4>\r\n<h4 style=\"text-align: justify;\">Unde v\u0103 este luciditatea politic\u0103 pe care o clama\u0163i, dac\u0103 nu ascuns\u0103 dup\u0103 interese meschine \u015fi revizionist-revan\u015farde domnilor lideri ?<\/h4>\r\n<h4 style=\"text-align: justify;\">\u00cen calitate de reprezentan\u0163i ai unor asocia\u0163ii rom\u00e2ne\u015fti de specialitate, a unei Federa\u0163ii Na\u0163ionale, cerem s\u0103 nu fim tr\u0103da\u0163i fa\u0163\u0103 de interesele majore \u015fi constitu\u0163ionale ale majorit\u0103\u0163ii rom\u00e2ne\u015fti, cerem s\u0103 ne fie respectate drepturile \u015fi prevederile constitu\u0163ionale ca majoritari, atr\u0103g\u00e2nd pentru a nu \u015ftiu c\u00e2ta oar\u0103 aten\u0163ia \u015fi subliniind un drept filozofic, general valabil c\u0103, <strong>minoritatea se supune legilor majorit\u0103\u0163ii ! <\/strong>Aici se mai ridic\u0103 o problem\u0103 nu numai foarte important\u0103 ci \u015fi la care noi nu putem r\u0103spunde \u00een locul criminalilor propriuzi\u015fi sau a na\u0163iei care a ordonat aceste crime:<\/h4>\r\n<h4 style=\"text-align: justify;\">Ne \u00eentreb\u0103m acum, de\u015fi retoric, ce au avut \u015fi cu popula\u0163ia evreiasc\u0103, care a fost la fel de masacrat\u0103 ca \u015fi cea rom\u00e2neasc\u0103, cum pot motiva criminalii \u015fi cei ce au ordonat masacrul, aceste fapte nu numai reprobabile ci de-a dreptul condamnabile de dreptul interna\u0163ional, fie adresate direct na\u0163iei maghiare, care se simte \u015fi se pretinde superioar\u0103 \u015fi mai educat\u0103, suspicios de aristrocrat\u0103, fa\u0163\u0103 de asemenea fapte, de crime colective, petrecute pe \u00eentreg teritoriu Transilvaniei, <strong>care nici nu a fost a lor, nici va s\u0103 fie \u00een vecii vecilor Amin !<\/strong><\/h4>\r\n<h4 style=\"text-align: justify;\">Acesta este un postulat care vrem nu vrem, nu accept\u0103 nici un fel de comentarii \u00een plus.<\/h4>\r\n<h4 style=\"text-align: justify;\"><em>Vasile I. Bunea, Secretar general al <a href=\"http:\/\/muzeulrefugiatilor.eu\/\" target=\"_blank\" rel=\"noopener\">F.N.R.P.E.<\/a><\/em><\/h4>        <div class=\"booster-block booster-reactions-block\">\n            <div class=\"twp-reactions-icons\">\n                \n                <div class=\"twp-reacts-wrap\">\n                    <a react-data=\"be-react-1\" post-id=\"3745\" class=\"be-face-icons un-reacted\" href=\"javascript:void(0)\">\n                        <img decoding=\"async\" src=\"https:\/\/desteptati-va.ro\/wp-content\/plugins\/booster-extension\/\/assets\/icon\/happy.svg\" alt=\"Happy\">\n                    <\/a>\n                    <div class=\"twp-reaction-title\">\n                        Happy                    <\/div>\n                    <div class=\"twp-count-percent\">\n                                                    <span style=\"display: none;\" class=\"twp-react-count\">0<\/span>\n                        \n                                                <span class=\"twp-react-percent\"><span>0<\/span> %<\/span>\n                                            <\/div>\n                <\/div>\n\n                <div class=\"twp-reacts-wrap\">\n                    <a react-data=\"be-react-2\" post-id=\"3745\" class=\"be-face-icons un-reacted\" href=\"javascript:void(0)\">\n                        <img decoding=\"async\" src=\"https:\/\/desteptati-va.ro\/wp-content\/plugins\/booster-extension\/\/assets\/icon\/sad.svg\" alt=\"Sad\">\n                    <\/a>\n                    <div class=\"twp-reaction-title\">\n                        Sad                    <\/div>\n                    <div class=\"twp-count-percent\">\n                                                    <span style=\"display: none;\" class=\"twp-react-count\">0<\/span>\n                                                                        <span class=\"twp-react-percent\"><span>0<\/span> %<\/span>\n                                            <\/div>\n                <\/div>\n\n                <div class=\"twp-reacts-wrap\">\n                    <a react-data=\"be-react-3\" post-id=\"3745\" class=\"be-face-icons un-reacted\" href=\"javascript:void(0)\">\n                        <img decoding=\"async\" src=\"https:\/\/desteptati-va.ro\/wp-content\/plugins\/booster-extension\/\/assets\/icon\/excited.svg\" alt=\"Excited\">\n                    <\/a>\n                    <div class=\"twp-reaction-title\">\n                        Excited                    <\/div>\n                    <div class=\"twp-count-percent\">\n                                                    <span style=\"display: none;\" class=\"twp-react-count\">0<\/span>\n                                                                        <span class=\"twp-react-percent\"><span>0<\/span> %<\/span>\n                                            <\/div>\n                <\/div>\n\n                <div class=\"twp-reacts-wrap\">\n                    <a react-data=\"be-react-6\" post-id=\"3745\" class=\"be-face-icons un-reacted\" href=\"javascript:void(0)\">\n                        <img decoding=\"async\" src=\"https:\/\/desteptati-va.ro\/wp-content\/plugins\/booster-extension\/\/assets\/icon\/sleepy.svg\" alt=\"Sleepy\">\n                    <\/a>\n                    <div class=\"twp-reaction-title\">\n                        Sleepy                    <\/div>\n                    <div class=\"twp-count-percent\">\n                                                    <span style=\"display: none;\" class=\"twp-react-count\">0<\/span>\n                        \n                                                <span class=\"twp-react-percent\"><span>0<\/span> %<\/span>\n                                            <\/div>\n                <\/div>\n\n                <div class=\"twp-reacts-wrap\">\n                    <a react-data=\"be-react-4\" post-id=\"3745\" class=\"be-face-icons un-reacted\" href=\"javascript:void(0)\">\n                        <img decoding=\"async\" src=\"https:\/\/desteptati-va.ro\/wp-content\/plugins\/booster-extension\/\/assets\/icon\/angry.svg\" alt=\"Angry\">\n                    <\/a>\n                    <div class=\"twp-reaction-title\">Angry<\/div>\n                    <div class=\"twp-count-percent\">\n                                                    <span style=\"display: none;\" class=\"twp-react-count\">0<\/span>\n                                                                        <span class=\"twp-react-percent\"><span>0<\/span> %<\/span>\n                        \n                    <\/div>\n                <\/div>\n\n                <div class=\"twp-reacts-wrap\">\n                    <a react-data=\"be-react-5\" post-id=\"3745\" class=\"be-face-icons un-reacted\" href=\"javascript:void(0)\">\n                        <img decoding=\"async\" src=\"https:\/\/desteptati-va.ro\/wp-content\/plugins\/booster-extension\/\/assets\/icon\/surprise.svg\" alt=\"Surprise\">\n                    <\/a>\n                    <div class=\"twp-reaction-title\">Surprise<\/div>\n                    <div class=\"twp-count-percent\">\n                                                    <span style=\"display: none;\" class=\"twp-react-count\">0<\/span>\n                                                                        <span class=\"twp-react-percent\"><span>0<\/span> %<\/span>\n                                            <\/div>\n                <\/div>\n\n            <\/div>\n        <\/div>\n\n    <\/div>","protected":false},"excerpt":{"rendered":"<p>\u00cen cadrul studiilor, cercet\u0103rilor \u015fi ac\u0163iunilor pentru edificarea Memorialului Refugiului Rom\u00e2nesc, \u00eentreprins de c\u0103tre Asocia\u0163ia Refugia\u0163ilor A.T.P.R.E.D. &#8211; Gherla, Muzeul<a href=\"https:\/\/desteptati-va.ro\/index.php\/2021\/04\/16\/masacrul-de-la-sarmasu-noi-dezvaluiri\/\">Read More<i class=\"fa fa-long-arrow-right\" aria-hidden=\"true\"><\/i><\/a><\/p>\n","protected":false},"author":1,"featured_media":1017,"comment_status":"open","ping_status":"open","sticky":false,"template":"","format":"standard","meta":{"_crdt_document":"","footnotes":""},"categories":[51],"tags":[825,826,827,828,59,60,829,282,830,808,831,154,832,339,833,834,835,836,837,838,818,135,839,840],"class_list":["post-3745","post","type-post","status-publish","format-standard","has-post-thumbnail","hentry","category-transilvania","tag-30-august-1940","tag-alexandru-batraneanu","tag-atrocitati","tag-carol-robert-de-anjou","tag-desteptati","tag-desteptati-va","tag-dictatul-de-la-viena","tag-evrei","tag-executie","tag-fnrpe","tag-garda-maghiara","tag-istorie","tag-kossuthiste","tag-maghiari","tag-masacrul-de-la-sarmasu","tag-memorial","tag-ordin","tag-ovidiu-iuliu-moldovan","tag-refugiati","tag-refugiu","tag-sarmasu","tag-transilvania","tag-vasile-simonis","tag-willa-sarmas"],"rise-blocks_total_comments":7,"rise-blocks_categories":[{"term_id":51,"name":"Transilvania","slug":"transilvania","term_group":0,"term_taxonomy_id":51,"taxonomy":"category","description":"","parent":0,"count":13,"filter":"raw"}],"rise-blocks_excerpt":"\u00cen cadrul studiilor, cercet\u0103rilor \u015fi ac\u0163iunilor pentru edificarea Memorialului Refugiului Rom\u00e2nesc, \u00eentreprins de c\u0103tre Asocia\u0163ia Refugia\u0163ilor A.T.P.R.E.D. &#8211; Gherla, Muzeul Na\u0163ional al Refugia\u0163ilor \u015fi Centrul Na\u0163ional pentru Studierea Istoriei \u015fi Sociologiei Refugiului Rom\u00e2nesc de la Mure\u015fenii de C\u00e2mpie, nu putem \u015fi nici nu ne permitem a trece cu vederea, spa\u0163iul geografic al zonei S\u0103rma\u015fului. Ora\u015ful S\u0103rma\u015fu este situat \u00een C\u00e2mpia..","yoast_head":"<!-- This site is optimized with the Yoast SEO plugin v26.9 - https:\/\/yoast.com\/product\/yoast-seo-wordpress\/ -->\r\n<title>Masacrul de la S\u0103rma\u015fu - noi dezv\u0103luiri -<\/title>\r\n<meta name=\"robots\" content=\"index, follow, max-snippet:-1, max-image-preview:large, max-video-preview:-1\" \/>\r\n<link rel=\"canonical\" href=\"https:\/\/desteptati-va.ro\/index.php\/2021\/04\/16\/masacrul-de-la-sarmasu-noi-dezvaluiri\/\" \/>\r\n<meta property=\"og:locale\" content=\"ro_RO\" \/>\r\n<meta property=\"og:type\" content=\"article\" \/>\r\n<meta property=\"og:title\" content=\"Masacrul de la S\u0103rma\u015fu - noi dezv\u0103luiri -\" \/>\r\n<meta property=\"og:description\" content=\"\u00cen cadrul studiilor, cercet\u0103rilor \u015fi ac\u0163iunilor pentru edificarea Memorialului Refugiului Rom\u00e2nesc, \u00eentreprins de c\u0103tre Asocia\u0163ia Refugia\u0163ilor A.T.P.R.E.D. &#8211; Gherla, MuzeulRead More\" \/>\r\n<meta property=\"og:url\" content=\"https:\/\/desteptati-va.ro\/index.php\/2021\/04\/16\/masacrul-de-la-sarmasu-noi-dezvaluiri\/\" \/>\r\n<meta property=\"article:published_time\" content=\"2021-04-16T09:00:02+00:00\" \/>\r\n<meta property=\"og:image\" content=\"https:\/\/desteptati-va.ro\/wp-content\/uploads\/2021\/04\/18_top.jpg\" \/>\r\n\t<meta property=\"og:image:width\" content=\"250\" \/>\r\n\t<meta property=\"og:image:height\" content=\"250\" \/>\r\n\t<meta property=\"og:image:type\" content=\"image\/jpeg\" \/>\r\n<meta name=\"author\" content=\"wolfsoftcompany\" \/>\r\n<meta name=\"twitter:card\" content=\"summary_large_image\" \/>\r\n<meta name=\"twitter:label1\" content=\"Scris de\" \/>\n\t<meta name=\"twitter:data1\" content=\"wolfsoftcompany\" \/>\n\t<meta name=\"twitter:label2\" content=\"Timp estimat pentru citire\" \/>\n\t<meta name=\"twitter:data2\" content=\"21 de minute\" \/>\r\n<script type=\"application\/ld+json\" class=\"yoast-schema-graph\">{\"@context\":\"https:\/\/schema.org\",\"@graph\":[{\"@type\":\"Article\",\"@id\":\"https:\/\/desteptati-va.ro\/index.php\/2021\/04\/16\/masacrul-de-la-sarmasu-noi-dezvaluiri\/#article\",\"isPartOf\":{\"@id\":\"https:\/\/desteptati-va.ro\/index.php\/2021\/04\/16\/masacrul-de-la-sarmasu-noi-dezvaluiri\/\"},\"author\":{\"name\":\"wolfsoftcompany\",\"@id\":\"https:\/\/desteptati-va.ro\/#\/schema\/person\/13182deeebd44920914899f7bb262d6b\"},\"headline\":\"Masacrul de la S\u0103rma\u015fu &#8211; noi dezv\u0103luiri\",\"datePublished\":\"2021-04-16T09:00:02+00:00\",\"mainEntityOfPage\":{\"@id\":\"https:\/\/desteptati-va.ro\/index.php\/2021\/04\/16\/masacrul-de-la-sarmasu-noi-dezvaluiri\/\"},\"wordCount\":4276,\"commentCount\":7,\"image\":{\"@id\":\"https:\/\/desteptati-va.ro\/index.php\/2021\/04\/16\/masacrul-de-la-sarmasu-noi-dezvaluiri\/#primaryimage\"},\"thumbnailUrl\":\"https:\/\/desteptati-va.ro\/wp-content\/uploads\/2021\/04\/18_top.jpg\",\"keywords\":[\"30 august 1940\",\"Alexandru Batraneanu\",\"atrocitati\",\"Carol Robert de Anjou\",\"desteptati\",\"desteptati-va\",\"dictatul de la viena\",\"evrei\",\"executie\",\"FNRPE\",\"garda maghiara\",\"istorie\",\"kossuthiste\",\"maghiari\",\"masacrul de la Sarmasu\",\"memorial\",\"ordin\",\"Ovidiu Iuliu Moldovan\",\"refugiati\",\"refugiu\",\"Sarmasu\",\"Transilvania\",\"Vasile Simonis\",\"Willa Sarmas\"],\"articleSection\":[\"Transilvania\"],\"inLanguage\":\"ro-RO\",\"potentialAction\":[{\"@type\":\"CommentAction\",\"name\":\"Comment\",\"target\":[\"https:\/\/desteptati-va.ro\/index.php\/2021\/04\/16\/masacrul-de-la-sarmasu-noi-dezvaluiri\/#respond\"]}]},{\"@type\":\"WebPage\",\"@id\":\"https:\/\/desteptati-va.ro\/index.php\/2021\/04\/16\/masacrul-de-la-sarmasu-noi-dezvaluiri\/\",\"url\":\"https:\/\/desteptati-va.ro\/index.php\/2021\/04\/16\/masacrul-de-la-sarmasu-noi-dezvaluiri\/\",\"name\":\"Masacrul de la S\u0103rma\u015fu - noi dezv\u0103luiri -\",\"isPartOf\":{\"@id\":\"https:\/\/desteptati-va.ro\/#website\"},\"primaryImageOfPage\":{\"@id\":\"https:\/\/desteptati-va.ro\/index.php\/2021\/04\/16\/masacrul-de-la-sarmasu-noi-dezvaluiri\/#primaryimage\"},\"image\":{\"@id\":\"https:\/\/desteptati-va.ro\/index.php\/2021\/04\/16\/masacrul-de-la-sarmasu-noi-dezvaluiri\/#primaryimage\"},\"thumbnailUrl\":\"https:\/\/desteptati-va.ro\/wp-content\/uploads\/2021\/04\/18_top.jpg\",\"datePublished\":\"2021-04-16T09:00:02+00:00\",\"author\":{\"@id\":\"https:\/\/desteptati-va.ro\/#\/schema\/person\/13182deeebd44920914899f7bb262d6b\"},\"breadcrumb\":{\"@id\":\"https:\/\/desteptati-va.ro\/index.php\/2021\/04\/16\/masacrul-de-la-sarmasu-noi-dezvaluiri\/#breadcrumb\"},\"inLanguage\":\"ro-RO\",\"potentialAction\":[{\"@type\":\"ReadAction\",\"target\":[\"https:\/\/desteptati-va.ro\/index.php\/2021\/04\/16\/masacrul-de-la-sarmasu-noi-dezvaluiri\/\"]}]},{\"@type\":\"ImageObject\",\"inLanguage\":\"ro-RO\",\"@id\":\"https:\/\/desteptati-va.ro\/index.php\/2021\/04\/16\/masacrul-de-la-sarmasu-noi-dezvaluiri\/#primaryimage\",\"url\":\"https:\/\/desteptati-va.ro\/wp-content\/uploads\/2021\/04\/18_top.jpg\",\"contentUrl\":\"https:\/\/desteptati-va.ro\/wp-content\/uploads\/2021\/04\/18_top.jpg\",\"width\":250,\"height\":250},{\"@type\":\"BreadcrumbList\",\"@id\":\"https:\/\/desteptati-va.ro\/index.php\/2021\/04\/16\/masacrul-de-la-sarmasu-noi-dezvaluiri\/#breadcrumb\",\"itemListElement\":[{\"@type\":\"ListItem\",\"position\":1,\"name\":\"Prima pagin\u0103\",\"item\":\"https:\/\/desteptati-va.ro\/\"},{\"@type\":\"ListItem\",\"position\":2,\"name\":\"Masacrul de la S\u0103rma\u015fu &#8211; noi dezv\u0103luiri\"}]},{\"@type\":\"WebSite\",\"@id\":\"https:\/\/desteptati-va.ro\/#website\",\"url\":\"https:\/\/desteptati-va.ro\/\",\"name\":\"\",\"description\":\"\",\"potentialAction\":[{\"@type\":\"SearchAction\",\"target\":{\"@type\":\"EntryPoint\",\"urlTemplate\":\"https:\/\/desteptati-va.ro\/?s={search_term_string}\"},\"query-input\":{\"@type\":\"PropertyValueSpecification\",\"valueRequired\":true,\"valueName\":\"search_term_string\"}}],\"inLanguage\":\"ro-RO\"},{\"@type\":\"Person\",\"@id\":\"https:\/\/desteptati-va.ro\/#\/schema\/person\/13182deeebd44920914899f7bb262d6b\",\"name\":\"wolfsoftcompany\",\"image\":{\"@type\":\"ImageObject\",\"inLanguage\":\"ro-RO\",\"@id\":\"https:\/\/desteptati-va.ro\/#\/schema\/person\/image\/\",\"url\":\"https:\/\/secure.gravatar.com\/avatar\/a6cce9b6d101d27d91690e7073e300fed94c0899890bf998e082cb9d2c3d121e?s=96&d=mm&r=g\",\"contentUrl\":\"https:\/\/secure.gravatar.com\/avatar\/a6cce9b6d101d27d91690e7073e300fed94c0899890bf998e082cb9d2c3d121e?s=96&d=mm&r=g\",\"caption\":\"wolfsoftcompany\"},\"sameAs\":[\"http:\/\/desteptati-va.ro\"],\"url\":\"https:\/\/desteptati-va.ro\/index.php\/author\/wolfsoftcompany\/\"}]}<\/script>\r\n<!-- \/ Yoast SEO plugin. -->","yoast_head_json":{"title":"Masacrul de la S\u0103rma\u015fu - noi dezv\u0103luiri -","robots":{"index":"index","follow":"follow","max-snippet":"max-snippet:-1","max-image-preview":"max-image-preview:large","max-video-preview":"max-video-preview:-1"},"canonical":"https:\/\/desteptati-va.ro\/index.php\/2021\/04\/16\/masacrul-de-la-sarmasu-noi-dezvaluiri\/","og_locale":"ro_RO","og_type":"article","og_title":"Masacrul de la S\u0103rma\u015fu - noi dezv\u0103luiri -","og_description":"\u00cen cadrul studiilor, cercet\u0103rilor \u015fi ac\u0163iunilor pentru edificarea Memorialului Refugiului Rom\u00e2nesc, \u00eentreprins de c\u0103tre Asocia\u0163ia Refugia\u0163ilor A.T.P.R.E.D. &#8211; Gherla, MuzeulRead More","og_url":"https:\/\/desteptati-va.ro\/index.php\/2021\/04\/16\/masacrul-de-la-sarmasu-noi-dezvaluiri\/","article_published_time":"2021-04-16T09:00:02+00:00","og_image":[{"width":250,"height":250,"url":"https:\/\/desteptati-va.ro\/wp-content\/uploads\/2021\/04\/18_top.jpg","type":"image\/jpeg"}],"author":"wolfsoftcompany","twitter_card":"summary_large_image","twitter_misc":{"Scris de":"wolfsoftcompany","Timp estimat pentru citire":"21 de minute"},"schema":{"@context":"https:\/\/schema.org","@graph":[{"@type":"Article","@id":"https:\/\/desteptati-va.ro\/index.php\/2021\/04\/16\/masacrul-de-la-sarmasu-noi-dezvaluiri\/#article","isPartOf":{"@id":"https:\/\/desteptati-va.ro\/index.php\/2021\/04\/16\/masacrul-de-la-sarmasu-noi-dezvaluiri\/"},"author":{"name":"wolfsoftcompany","@id":"https:\/\/desteptati-va.ro\/#\/schema\/person\/13182deeebd44920914899f7bb262d6b"},"headline":"Masacrul de la S\u0103rma\u015fu &#8211; noi dezv\u0103luiri","datePublished":"2021-04-16T09:00:02+00:00","mainEntityOfPage":{"@id":"https:\/\/desteptati-va.ro\/index.php\/2021\/04\/16\/masacrul-de-la-sarmasu-noi-dezvaluiri\/"},"wordCount":4276,"commentCount":7,"image":{"@id":"https:\/\/desteptati-va.ro\/index.php\/2021\/04\/16\/masacrul-de-la-sarmasu-noi-dezvaluiri\/#primaryimage"},"thumbnailUrl":"https:\/\/desteptati-va.ro\/wp-content\/uploads\/2021\/04\/18_top.jpg","keywords":["30 august 1940","Alexandru Batraneanu","atrocitati","Carol Robert de Anjou","desteptati","desteptati-va","dictatul de la viena","evrei","executie","FNRPE","garda maghiara","istorie","kossuthiste","maghiari","masacrul de la Sarmasu","memorial","ordin","Ovidiu Iuliu Moldovan","refugiati","refugiu","Sarmasu","Transilvania","Vasile Simonis","Willa Sarmas"],"articleSection":["Transilvania"],"inLanguage":"ro-RO","potentialAction":[{"@type":"CommentAction","name":"Comment","target":["https:\/\/desteptati-va.ro\/index.php\/2021\/04\/16\/masacrul-de-la-sarmasu-noi-dezvaluiri\/#respond"]}]},{"@type":"WebPage","@id":"https:\/\/desteptati-va.ro\/index.php\/2021\/04\/16\/masacrul-de-la-sarmasu-noi-dezvaluiri\/","url":"https:\/\/desteptati-va.ro\/index.php\/2021\/04\/16\/masacrul-de-la-sarmasu-noi-dezvaluiri\/","name":"Masacrul de la S\u0103rma\u015fu - noi dezv\u0103luiri -","isPartOf":{"@id":"https:\/\/desteptati-va.ro\/#website"},"primaryImageOfPage":{"@id":"https:\/\/desteptati-va.ro\/index.php\/2021\/04\/16\/masacrul-de-la-sarmasu-noi-dezvaluiri\/#primaryimage"},"image":{"@id":"https:\/\/desteptati-va.ro\/index.php\/2021\/04\/16\/masacrul-de-la-sarmasu-noi-dezvaluiri\/#primaryimage"},"thumbnailUrl":"https:\/\/desteptati-va.ro\/wp-content\/uploads\/2021\/04\/18_top.jpg","datePublished":"2021-04-16T09:00:02+00:00","author":{"@id":"https:\/\/desteptati-va.ro\/#\/schema\/person\/13182deeebd44920914899f7bb262d6b"},"breadcrumb":{"@id":"https:\/\/desteptati-va.ro\/index.php\/2021\/04\/16\/masacrul-de-la-sarmasu-noi-dezvaluiri\/#breadcrumb"},"inLanguage":"ro-RO","potentialAction":[{"@type":"ReadAction","target":["https:\/\/desteptati-va.ro\/index.php\/2021\/04\/16\/masacrul-de-la-sarmasu-noi-dezvaluiri\/"]}]},{"@type":"ImageObject","inLanguage":"ro-RO","@id":"https:\/\/desteptati-va.ro\/index.php\/2021\/04\/16\/masacrul-de-la-sarmasu-noi-dezvaluiri\/#primaryimage","url":"https:\/\/desteptati-va.ro\/wp-content\/uploads\/2021\/04\/18_top.jpg","contentUrl":"https:\/\/desteptati-va.ro\/wp-content\/uploads\/2021\/04\/18_top.jpg","width":250,"height":250},{"@type":"BreadcrumbList","@id":"https:\/\/desteptati-va.ro\/index.php\/2021\/04\/16\/masacrul-de-la-sarmasu-noi-dezvaluiri\/#breadcrumb","itemListElement":[{"@type":"ListItem","position":1,"name":"Prima pagin\u0103","item":"https:\/\/desteptati-va.ro\/"},{"@type":"ListItem","position":2,"name":"Masacrul de la S\u0103rma\u015fu &#8211; noi dezv\u0103luiri"}]},{"@type":"WebSite","@id":"https:\/\/desteptati-va.ro\/#website","url":"https:\/\/desteptati-va.ro\/","name":"","description":"","potentialAction":[{"@type":"SearchAction","target":{"@type":"EntryPoint","urlTemplate":"https:\/\/desteptati-va.ro\/?s={search_term_string}"},"query-input":{"@type":"PropertyValueSpecification","valueRequired":true,"valueName":"search_term_string"}}],"inLanguage":"ro-RO"},{"@type":"Person","@id":"https:\/\/desteptati-va.ro\/#\/schema\/person\/13182deeebd44920914899f7bb262d6b","name":"wolfsoftcompany","image":{"@type":"ImageObject","inLanguage":"ro-RO","@id":"https:\/\/desteptati-va.ro\/#\/schema\/person\/image\/","url":"https:\/\/secure.gravatar.com\/avatar\/a6cce9b6d101d27d91690e7073e300fed94c0899890bf998e082cb9d2c3d121e?s=96&d=mm&r=g","contentUrl":"https:\/\/secure.gravatar.com\/avatar\/a6cce9b6d101d27d91690e7073e300fed94c0899890bf998e082cb9d2c3d121e?s=96&d=mm&r=g","caption":"wolfsoftcompany"},"sameAs":["http:\/\/desteptati-va.ro"],"url":"https:\/\/desteptati-va.ro\/index.php\/author\/wolfsoftcompany\/"}]}},"_links":{"self":[{"href":"https:\/\/desteptati-va.ro\/index.php\/wp-json\/wp\/v2\/posts\/3745","targetHints":{"allow":["GET"]}}],"collection":[{"href":"https:\/\/desteptati-va.ro\/index.php\/wp-json\/wp\/v2\/posts"}],"about":[{"href":"https:\/\/desteptati-va.ro\/index.php\/wp-json\/wp\/v2\/types\/post"}],"author":[{"embeddable":true,"href":"https:\/\/desteptati-va.ro\/index.php\/wp-json\/wp\/v2\/users\/1"}],"replies":[{"embeddable":true,"href":"https:\/\/desteptati-va.ro\/index.php\/wp-json\/wp\/v2\/comments?post=3745"}],"version-history":[{"count":1,"href":"https:\/\/desteptati-va.ro\/index.php\/wp-json\/wp\/v2\/posts\/3745\/revisions"}],"predecessor-version":[{"id":3747,"href":"https:\/\/desteptati-va.ro\/index.php\/wp-json\/wp\/v2\/posts\/3745\/revisions\/3747"}],"wp:featuredmedia":[{"embeddable":true,"href":"https:\/\/desteptati-va.ro\/index.php\/wp-json\/wp\/v2\/media\/1017"}],"wp:attachment":[{"href":"https:\/\/desteptati-va.ro\/index.php\/wp-json\/wp\/v2\/media?parent=3745"}],"wp:term":[{"taxonomy":"category","embeddable":true,"href":"https:\/\/desteptati-va.ro\/index.php\/wp-json\/wp\/v2\/categories?post=3745"},{"taxonomy":"post_tag","embeddable":true,"href":"https:\/\/desteptati-va.ro\/index.php\/wp-json\/wp\/v2\/tags?post=3745"}],"curies":[{"name":"wp","href":"https:\/\/api.w.org\/{rel}","templated":true}]}}