{"id":3752,"date":"2021-04-16T09:47:22","date_gmt":"2021-04-16T09:47:22","guid":{"rendered":"http:\/\/desteptati.ro\/?p=3752"},"modified":"2022-01-19T09:25:15","modified_gmt":"2022-01-19T07:25:15","slug":"iliescu-partea-a-iii-a","status":"publish","type":"post","link":"https:\/\/desteptati-va.ro\/index.php\/2021\/04\/16\/iliescu-partea-a-iii-a\/","title":{"rendered":"Iliescu &#8211; partea a III-a"},"content":{"rendered":"<div class=\"post-content\"><div class='booster-block booster-read-block'>\n                <div class=\"twp-read-time\">\n                \t<i class=\"booster-icon twp-clock\"><\/i> <span>Read Time:<\/span>16 Minute, 53 Second                <\/div>\n\n            <\/div><h3 style=\"text-align: justify;\"><strong>Un Pristanda al Securit\u0103\u021bii<\/strong><\/h3>\n<h4 style=\"text-align: justify;\">Despre cum a fost primit la Timi\u015foara Ion Iliescu spune in dialogul s\u0103u cu Vladimir Tism\u0103neanu: \u201eSigur c\u0103 situa\u0163ia mea era pu\u0163in ambigu\u0103: nu fusesem exclus din Comitetul Politic Executiv, am r\u0103mas ca membru supleant \u015fi m\u0103 chemau la \u015fedin\u0163e. Era o situa\u0163ie cam stranie, pentru c\u0103 primul secretar, Telescu, era \u015fi el membru supleant \u015fi nu prea pricepea care este statutul meu. Unii se g\u00e2ndeau c\u0103 poate o s\u0103-i iau locul lui Telescu. Telescu avea chiar \u015fi o anumit\u0103 suspiciune, retinere fa\u0163\u0103 de mine, dup\u0103 aceea, am r\u0103mas \u00een rela\u0163ii foarte apropiate; a v\u0103zut nu numai c\u0103 nu \u00eel subminez, dar \u00eel ajut efectiv. Iar colegii de munc\u0103 \u015fi oamenii cu care am avut de-a face m-au primit chiar cu foarte mult\u0103 c\u0103ldur\u0103, c\u0103ldur\u0103 uman\u0103, am sim\u0163it multe asemenea manifest\u0103ri ale simpatiei. Eram \u015fi obiect\u00bb interesant de studiat de aproape, dar, \u00een acela\u015fi timp, era \u015fi o solidaritate uman\u0103 v\u0103dit\u0103&#8221;.<\/h4>\n<h4 style=\"text-align: justify;\">Ion Iliescu nu face niciun efort pentru a merge p\u00e2n\u0103 la cap\u0103t cu explicarea acestei reac\u0163ii fa\u0163\u0103 de un activist care, dou\u0103 decenii mai t\u00e2rziu, se autocomp\u0103time\u015fte \u00een postura de trimis de Ceau\u015fescu \u00een exil la Timi\u015foara, v\u0103zut\u0103 ca un fel de Siberie a Rom\u00e2niei. El vrea s\u0103 credem c\u0103 simpatia, c\u0103ldura celor din jur \u00ee\u015fi aveau izvorul \u00een personalitatea sa de excep\u0163ie \u015fi, de ce nu?, \u00eentr-un soi de dezacord al activului de p\u0103rtid timi\u015forean cu m\u0103sura c\u0103reia \u00eei c\u0103zuse victim\u0103. E o lege a mizeriei umane cea potrivit c\u0103reia cel c\u0103zut de la putere nu beneficiaz\u0103 de altceva dec\u00e2t de noi spini \u00eenfip\u0163i \u00een coast\u0103. Ion lliescu pare a fi- cel pu\u0163in \u00een amintirile sale &#8211; un caz aparte. S\u0103 fi fost activi\u015ftii comuni\u015fti timi\u015foreni \u00eentruchiparea omului nou, visat de Ceau\u015fescu, om nou, care, spre deosebire de cel vechi, \u00ee\u015fi manifest\u0103 simpatia \u015fi solidaritatea fa\u0163\u0103 de cel c\u0103zut? Nici vorb\u0103 de a\u015fa ceva. Ca de obicei la Ion Iliescu, \u00eentre relatare \u015fi interpretare se a\u015faz\u0103 o diferen\u0163\u0103 substan\u0163ial\u0103. Relatarea e corect\u0103. Interpretarea e total gre\u015fit\u0103. Explica\u0163ia reac\u0163iei aparte a activului timi\u015forean trebuie c\u0103utat\u0103 \u00een felul special \u00een care Comunicatul prezentase \u00eentregii nomenklaturi m\u0103sura. Indiferent de ce s-a petrecut \u00een realitate, pentru nomenklatura, care \u015ftia s\u0103 interpreteze p\u00e2n\u0103 \u015fi punctua\u0163ia unui Comunicat oficial, Ion Iliescu nu trece drept un om c\u0103zut.<\/h4>\n<h4 style=\"text-align: justify;\"><\/h4>\n<figure id=\"attachment_1884\" aria-describedby=\"caption-attachment-1884\" style=\"width: 517px\" class=\"wp-caption alignnone\"><a href=\"http:\/\/www.desteptati-va.ro\/wp-content\/uploads\/2011\/05\/iliescu-010.png\"><img loading=\"lazy\" decoding=\"async\" class=\" wp-image-1884\" title=\"Nicolae Ceausescu si Ion Iliescu pe un santier de constructii industriale, in anul 1978\" src=\"http:\/\/www.desteptati-va.ro\/wp-content\/uploads\/2011\/05\/iliescu-010-300x203.png\" alt=\"Nicolae Ceausescu si Ion Iliescu pe un santier de constructii industriale, in anul 1978\" width=\"517\" height=\"350\"><\/a><figcaption id=\"caption-attachment-1884\" class=\"wp-caption-text\">Nicolae Ceausescu si Ion Iliescu pe un santier de constructii industriale, in anul 1978<\/figcaption><\/figure>\n<h4 style=\"text-align: justify;\">S\u0103 ne situ\u0103m \u00een timpul de acum trei decenii \u015fi ceva. Activi\u015ftii de la Timi\u015foara, asemenea celorlal\u0163i activi\u015fti din \u0163ar\u0103, vedeau \u00een func\u0163ia lui Ion Iliescu de la jude\u0163ean\u0103 de partid un moment de trecere, ba mai mult, chiar o trambulin\u0103 pentru saltul \u00eentr-un post mult mai important dec\u00e2t cel de secretar cu Propaganda al CC al PCR. Intregul Aparat \u015ftia ascensiunea fulger\u0103toare a lui Ion Iliescu dup\u0103 1965, datorat\u0103 feble\u0163ei lui Nicolae Ceau\u015fescu fa\u0163\u0103 de el. \u015ei \u00eentregul Aparat nu interpretase afacerea cu dorin\u0163a de a merge la jude\u0163ean\u0103, pentru a-\u015fi \u00eembog\u0103\u0163i experien\u0163a, altfel dec\u00e2t ca pe o manevr\u0103 pentru o func\u0163ie de mare \u00eensemn\u0103tate \u00een Partid sau \u00een Stat. Dar cea mai bun\u0103 dovad\u0103 c\u0103 la Timi\u015foara a\u015fa-zisa victim\u0103 a nazurilor dictatoriale se bucura de o situa\u0163ie aparte o reprezint\u0103 atitudinea Securit\u0103\u0163ii: \u201eSpre exemplu, la Timi\u015foara, inspectorul \u015fef al Internelor, care coordona \u015fi Mili\u0163ia, \u015fi Securitatea, mi-a atras aten\u0163ia, \u00eentr-un moment c\u00e2nd ne aflam singuri, \u00een afara ora\u015fului, s\u0103 fiu prudent, c\u0103 sunt urm\u0103rit pas cu pas \u015fi sunt \u00eenregistrat, \u015fi acas\u0103, \u015fi la birou, peste tot. Dar mi-a spus: <strong>\u00abNu<\/strong> <strong>noi o facem, nu cei de aici, de la jude\u0163<\/strong>\u00bb. Tocmai atunci se afla la Timi\u015foara Pacepa, la o \u015fedin\u0163\u0103 de bilan\u0163 a inspectoratului \u015fi, f\u0103r\u0103 s\u0103-l numeasc\u0103, mi-a spus: <strong>\u00abEi sunt, de la<\/strong> <strong>centru, care te supravegheaz\u0103\u00bb<\/strong> &#8222;. N-avem nicio \u00eendoial\u0103 c\u0103 Ion Iliescu era monitorizat de Securitatea de la Centru la ordinul lui Nicolae Ceau\u015fescu.<\/h4>\n<h4 style=\"text-align: justify;\">Dup\u0103 cum vorbe\u015fte Ion Iliescu \u00een anii postdecembri\u015fti, ai crede c\u0103 era urm\u0103rit \u00een ipostaza de Du\u015fman al Poporului. In realitate, \u0163in\u00e2nd cont de context, Ion Iliescu fusese pus sub su\u00adpraveghere pentru a i se verifica loialitatea fa\u0163\u0103 de Ceau\u015fescu. \u015ei dac\u0103 ne g\u00e2ndim la revenirea sa ulterioar\u0103, el \u015fi-a confirmat loialitatea. Gestul mai marelui Securit\u0103\u0163ii din Timi\u015foara e unul de Pristanda. Poli\u0163aiul din Caragiale caut\u0103 s\u0103 se pun\u0103 bine \u015fi cu h\u0103ituitul Ca\u0163avencu, \u015ftiind din experien\u0163\u0103 c\u0103 acesta s-ar putea \u00eemp\u0103ca cu cuplul Zoe-Tip\u0103tescu sau &#8211; \u015fi mai \u015fi &#8211; ar putea ajunge \u015ftab peste jude\u0163. Un calcul asem\u0103n\u0103tor \u00ee\u015fi face \u015fi \u015feful de la Timi\u015foara. Ion Iliescu era steaua urc\u0103toare a Partidului. Cel pu\u0163in aceasta era credin\u0163a nomenklaturii \u015fi a Securit\u0103\u0163ii. Fusese trimis la Timi\u015foara, ca secretar cu Propaganda, f\u0103r\u0103 a fi scos din Comitetul Executiv.<\/h4>\n<h4 style=\"text-align: justify;\">Circulau o sumedenie de zvonuri despre rela\u0163ia sa cu Nicolae Ceau\u015fescu. Nicolae Ceau\u015fescu se va fi sup\u0103rat pe t\u00e2n\u0103rul c\u0103ruia \u00eei \u00eenlesnise cea mai spectaculoas\u0103 ascensiune \u00een ierarhia de partid. \u015ei dac\u0103 lui Nicolae Ceau\u015fescu \u00eei trece sup\u0103rarea \u015fi Tovar\u0103\u015ful Iliescu revine la v\u00e2rf?! De ce s\u0103 nu se aranjeze el de pe acum? La nivelul celui care 1-a avertizat pe Ion Iliescu astfel de gesturi sunt imposibile dac\u0103 nu s-ar \u015fti c\u0103 avertizatul e \u201ede-al nostru&#8221;. Ar fi procedat a\u015fa respectivul \u015fi cu Corneliu Coposu?! \u015ei at\u00e2t \u015eeful Securit\u0103\u0163ii, c\u00e2t \u015fi ceilal\u0163i membri ai nomenklaturii, nu se \u00een\u015felaser\u0103. Dup\u0103 c\u00e2tva timp, la 9 noiembrie 1974, Ion Iliescu e promovat \u00een fruntea jude\u0163ului Ia\u015fi, unul dintre cele mai importante jude\u0163e ale \u0163\u0103rii. Pe 28 noiembrie 1974 e ales membru plin al CPEx. La 2 aprilie 1979 devine membru al Consiliului de Stat, iar la 28 august 1979, dup\u0103 \u00eencheierea perioadei de la Ia\u015fi, devine pre\u015fedinte al Consiliului Na\u0163ional al Apelor, func\u0163ie pe care o p\u0103streaz\u0103 p\u00e2n\u0103 la 17 martie 1984, c\u00e2nd e trimis ca director al Editurii Tehnice. Chiar \u015fi \u00een func\u0163ia de director de editur\u0103, Ion Iliescu nu e un simplu \u015fef din domeniul cultural, precum Valeriu R\u00e2peanu sau Mircea S\u00e2ntimbreanu. Pentru cei de la Consiliul Culturii, pentru nomenklatur\u0103, el r\u0103m\u00e2ne mai departe Tovar\u0103\u015ful Iliescu. Revolu\u0163ia \u00eel g\u0103se\u015fte, totu\u015fi, \u00eentr-un post de \u015fef \u015fi nu ca simplu inginer.<\/h4>\n<h4 style=\"text-align: justify;\"><\/h4>\n<figure id=\"attachment_1885\" aria-describedby=\"caption-attachment-1885\" style=\"width: 497px\" class=\"wp-caption aligncenter\"><a href=\"http:\/\/www.desteptati-va.ro\/wp-content\/uploads\/2011\/05\/iliescu-011.png\"><img loading=\"lazy\" decoding=\"async\" class=\" wp-image-1885\" title=\"Elena Ceausescu si Ion Iliescu relaxandu-se intr-o vacanta in Moldova, in anul 1976\" src=\"http:\/\/www.desteptati-va.ro\/wp-content\/uploads\/2011\/05\/iliescu-011-300x212.png\" alt=\"Elena Ceausescu si Ion Iliescu relaxandu-se intr-o vacanta in Moldova, in anul 1976\" width=\"497\" height=\"351\"><\/a><figcaption id=\"caption-attachment-1885\" class=\"wp-caption-text\">Elena Ceausescu si Ion Iliescu relaxandu-se intr-o vacanta in Moldova, in anul 1976<\/figcaption><\/figure>\n<h4 style=\"text-align: justify;\"><strong>De ce l-a trimis Ceau\u0219escu la o jude\u021bean\u0103 de partid<\/strong><\/h4>\n<h4 style=\"text-align: justify;\">Ion Iliescu nu obose\u015fte a preciza, dup\u0103 decembrie 1989, c\u0103 nu el a cerut s\u0103 fie trimis la jude\u0163ean\u0103. Nu ne sunt cunoscute documentele secrete ale momentului. Liderii comuni\u015fti din vremea respectiv\u0103 nu \u00eendr\u0103znesc s\u0103 spun\u0103 adev\u0103rul. In lupta pentru supravie\u0163uirea postdecembrist\u0103, Ion Iliescu le-a fost \u015fi le este un aliat de n\u0103dejde. Av\u00e2nd \u00een vedere c\u0103 Ion Iliescu trecea drept preferatul lui Nicolae Ceau\u015fescu, nu-i exclus ca ei s\u0103 fi avut o discu\u0163ie \u00eentre patru ochi, de care Ion Iliescu de azi nu mai vrea s\u0103-\u015fi aminteasc\u0103. S-ar putea s\u0103 nu fi cerut el plecarea la jude\u0163ean\u0103. S-ar putea s\u0103-i fi propus sau impus Nicolae Ceau\u015fescu.<\/h4>\n<h4 style=\"text-align: justify;\">Dac\u0103 e a\u015fa, nu-i obligatoriu ca m\u0103sura s\u0103 fi ascuns inten\u0163ii du\u015fm\u0103noase fa\u0163\u0103 de Ion Iliescu. S\u0103 recapitul\u0103m. In 1971, Ion Iliescu avea doar 41 de ani. Tradi\u0163ia comunist\u0103 cerea pentru func\u0163ia de secretar al CC al Partidului o v\u00e2rst\u0103 mai mare. Nicolae Ceau\u015fescu nu se \u00een\u015fela c\u00e2nd \u00eel considera t\u00e2n\u0103r. Dar fostul secretar general nu se \u00een\u015fela mai ales c\u00e2nd \u00eei spunea c\u0103 \u201emai are de \u00eenv\u0103\u0163at&#8221;.<\/h4>\n<h4 style=\"text-align: justify;\">Ion Iliescu urmase p\u00e2n\u0103 atunci o carier\u0103 tipic\u0103, exemplar\u0103 chiar, de <em>aparatcik.<\/em> Nu venise \u00eentr-o func\u0163ie pe linie de partid din produc\u0163ie, din gazet\u0103rie m\u0103car, cum se \u00eent\u00e2mplase cu Dumitru Popescu. Fusese ceea ce Nicolae Ceau\u015fescu numea revolu\u0163ionar de profesie. De mic, f\u0103cuse parte din r\u00e2ndurile nomenklaturii.<\/h4>\n<h4 style=\"text-align: justify;\"><\/h4>\n<figure id=\"attachment_1886\" aria-describedby=\"caption-attachment-1886\" style=\"width: 456px\" class=\"wp-caption aligncenter\"><a href=\"http:\/\/www.desteptati-va.ro\/wp-content\/uploads\/2011\/05\/ioniliescu_ceausesti.jpg\"><img loading=\"lazy\" decoding=\"async\" class=\" wp-image-1886\" title=\"Sotii Ceausescu, sub atenta supraveghere a lui Ion Iliescu, concureaza la aruncatul cercurilor la punct fix (in 1976)\" src=\"http:\/\/www.desteptati-va.ro\/wp-content\/uploads\/2011\/05\/ioniliescu_ceausesti-300x212.jpg\" alt=\"Sotii Ceausescu, sub atenta supraveghere a lui Ion Iliescu, concureaza la aruncatul cercurilor la punct fix (in 1976)\" width=\"456\" height=\"322\"><\/a><figcaption id=\"caption-attachment-1886\" class=\"wp-caption-text\">Sotii Ceausescu, sub atenta supraveghere a lui Ion Iliescu, concureaza la aruncatul cercurilor la punct fix (in 1976)<\/figcaption><\/figure>\n<h4 style=\"text-align: justify;\">Nicolae Ceau\u015fescu fusese cel pu\u0163in cizmar. Cunoscuse via\u0163a obi\u015fnuit\u0103, cu imensele dificult\u0103\u0163i. De mic, Ion Iliescu mersese doar cu automobilul pus la dispozi\u0163ie de partid, \u015fi nu tramvaiul luat din sta\u0163ia supraaglomerat\u0103, cump\u0103rase de la magazinele nomenklaturii \u015fi nu de la Alimentar\u0103, i se d\u0103duse locuin\u0163\u0103 de c\u0103tre Gospod\u0103ria de partid \u015fi nu umblase el pe la ICRAL, ca s\u0103 ob\u0163in\u0103 una, \u00een Militari sau \u00een Drumul Taberei. Ca activist, apoi, lucrase numai \u015fi numai la Centru, \u00een cabinete. Nu condusese niciodat\u0103 un ora\u015f, un sat, o \u00eentreprindere, \u00eentr-un cuv\u00e2nt, un colectiv de oameni simpli, cu miile lor de probleme, pe c\u00e2t de neimportate pentru \u015fefi, pe at\u00e2t de importante pentru ei.<\/h4>\n<h4 style=\"text-align: justify;\">Nu numai \u00een teoria de partid, dar \u015fi \u00een realitate, unui asemenea activist \u00eei lipsea experien\u0163a politicii concrete, a contactului cu problemele oamenilor. O asemenea experien\u0163\u0103, absolut necesar\u0103 pentru politicianul ambi\u0163ios care era el, nu putea fi dob\u00e2ndit\u0103 dec\u00e2t muncind la o jude\u0163ean\u0103 de partid. Aici, nivelul jude\u0163enei de partid, activistul se confrunta cu miile de probleme ale vie\u0163ii, cu exigen\u0163e decurg\u00e2nd din asigurarea traiului zilnic pentru oamenii simpli. Abia aici, la jude\u0163, activistul cunostea adev\u0103ratele probleme ale oamenilor, era obligat s\u0103 rezolve chestiuni la care nici nu se g\u00e2ndise mai \u00eenainte.<\/h4>\n<h4 style=\"text-align: justify;\">Era pentru Nicolae Ceau\u015fescu doar un pretext de a scapa de Ion lliescu? Nu credem. Toate gesturile Secretarului General dezv\u0103luie o neobi\u015fnuit\u0103 preocupare de a-l proteja pe mai tan\u0103rul s\u0103u favorit. Dup\u0103 trimiterea la jude\u0163, Ion Iliescu r\u0103m\u00e2ne mai departe membru supleant al CPEx. Cine cunoa\u015fte relatiile ierarhice din Partid \u00ee\u015fi d\u0103 seama c\u0103 adev\u0103rata putere a unui activist n-o d\u0103deau func\u0163iile executive, ci locul \u00een instan\u0163ele conduc\u0103toare ale forma\u0163iunii. Din nevoia de a trece pedepsit de Nicolae Ceau\u015fescu pe motive politice, Ion lliescu \u00ee\u015fi rescrie trecutul, \u00eenf\u0103\u0163i\u015f\u00e2ndu-se drept o victim\u0103 a dictatorului. Dac\u0103 voia s\u0103-l pedepseasc\u0103, Nicolae Ceau\u015fescu \u00eel d\u0103dea afara din toate func\u0163iile \u015fi-l trimitea inginer pe un \u015fantier de hidroameliora\u0163ii.<\/h4>\n<h4 style=\"text-align: justify;\"><strong>Baronii Partidului \u00eel luaser\u0103 la ochi<\/strong><\/h4>\n<h4 style=\"text-align: justify;\">S\u0103 ne \u00eentoarcem la Expunerea lui Nicolae Ceau\u015fescu din finalul Consf\u0103tuirii de lucru a activului de partid din domeniul ideologiei \u015fi al activit\u0103\u0163ii politice \u015fi cultural-educative. Fostul Secretar General men\u0163ioneaz\u0103, chiar la \u00eenceputul pasajului dedicat lui Ion Iliescu, observa\u0163iile critice f\u0103cute la adresa interven\u0163iei secretarului cu Propaganda al CC al PCR de Virgil Trofin: \u201eEu nu pot s\u0103 nu fiu de acord cu tovar\u0103\u015ful Trofin care i-a atras aten\u0163ia tovar\u0103\u015fului Iliescu c\u0103 nu ne putem limita la a spune c\u0103 \u00een spiritul muncii colective trebuie s\u0103 ne facem to\u0163i autocritica&#8221;.<\/h4>\n<h4 style=\"text-align: justify;\"><\/h4>\n<figure id=\"attachment_1889\" aria-describedby=\"caption-attachment-1889\" style=\"width: 515px\" class=\"wp-caption aligncenter\"><a href=\"http:\/\/www.desteptati-va.ro\/wp-content\/uploads\/2011\/05\/iliescu-013.png\"><img loading=\"lazy\" decoding=\"async\" class=\" wp-image-1889\" title=\"Ion Iliescu, sub privirile lui Mihai Ispas si Petre Roman, vorbeste la telefon din sediul CC\" src=\"http:\/\/www.desteptati-va.ro\/wp-content\/uploads\/2011\/05\/iliescu-013-300x176.png\" alt=\"Ion Iliescu, sub privirile lui Mihai Ispas si Petre Roman, vorbeste la telefon din sediul CC\" width=\"515\" height=\"302\"><\/a><figcaption id=\"caption-attachment-1889\" class=\"wp-caption-text\">Ion Iliescu, sub privirile lui Mihai Ispas si Petre Roman, vorbeste la telefon din sediul CC<\/figcaption><\/figure>\n<h4 style=\"text-align: justify;\">Virgil Trofin era membru al Comitetului Politic Executiv al CC al PCR din 12 august 1969. Din 20 decembrie 1968, activa ca Secretar al CC al PCR cu probleme organizatorice. La Plenara Comun\u0103 a CC al PCR \u015fi a Consiliului Suprem al Dezvolt\u0103rii Economice \u015fi Sociale din 25-26 noiembrie 1981, e exclus din CC al PCR, sanc\u0163ionat cu vot de blam cu avertisment \u015fi trimis director al IAS \u201eMircea Vod\u0103&#8221; din jude\u0163ul C\u0103l\u0103ra\u015fi. La momentul Consf\u0103tuirii din 9 iulie 1971 e \u00eens\u0103, gra\u0163ie func\u0163iei de Secretar cu Organizatoricul, al doilea om \u00een Partid, dup\u0103 Nicolae Ceau\u015fescu.<\/h4>\n<h4 style=\"text-align: justify;\">Discursul lui Virgil Trofin, publicat \u00een \u201eSc\u00eenteia&#8221;, nu face nici o referire la Ion lliescu. Sau \u201eSc\u00eenteia&#8221; a publicat forma retu\u015fat\u0103 a discursului, la indica\u0163ia lui Nicolae Ceau\u015fescu, care voia s\u0103-l menajeze pe Ion Iliescu, \u00eenainte de a avea o discu\u0163ie cu el \u00eentre patru ochi. Sau afacerea s-a petrecut \u00een partea a doua a reuniunii, c\u00e2nd, potrivit Comunicatului din \u201eSc\u00eenteia&#8221;, 11 iulie 1971, \u00een sal\u0103 au r\u0103mas doar activi\u015ftii de v\u00e2rf: \u201eLa ultima parte a \u015fedin\u0163ei au participat membri ai Comitetului Executiv al Prezidiului Permanent al CC al PCR, mini\u015ftri, conduc\u0103tori ai institu\u0163iilor centrale&#8221;.<\/h4>\n<h4 style=\"text-align: justify;\">Sunt toate datele ca s\u0103 credem c\u0103 mustrarea lui Virgil Trofin a avut loc \u00een realitate. De ce a f\u0103cut-o? R\u0103spunsul ni-l d\u0103 mirarea lui Ion Iliescu din dialogul cu Vladimir Tism\u0103neanu despre faptul c\u0103 nici unul dintre baronii partidului nu-i luase ap\u0103rarea: \u201eChiar \u015fi Maurer \u015fi Bodn\u0103ra\u015f \u00eemi ar\u0103tau simpatie. Ins\u0103, din respect pentru adev\u0103rul istoric, trebuie amintit c\u0103 absolut nici unul dintre ei, atunci, \u00een 1971, nu a ridicat m\u0103car problema: de ce dup\u0103 numai \u015fase luni de la desemnarea ca secretar trebuie \u00eenlocuit Iliescu ? Se poate pune, deci, \u00eentrebarea: de ce nu a iscat acel moment nici o reac\u0163ie de respingere, de rezisten\u0163\u0103 din partea unor oameni mai lumina\u0163i, pentru c\u0103 asemenea oameni existau, totu\u015fi?&#8221;.<\/h4>\n<h4 style=\"text-align: justify;\">M\u0103rturiile lui Dumitru Popescu dezv\u0103luie c\u0103 Nicolae Ceau\u015fescu avea o adev\u0103rat\u0103 sl\u0103biciune pentru Ion Iliescu. Numai a\u015fa se explic\u0103 faptul c\u0103, de\u015fi Ion Iliescu refuz\u0103 propunerea transmis\u0103 de Dumitru Popescu, fostul Conduc\u0103tor se mul\u0163ume\u015fte s\u0103 r\u00e2d\u0103 \u015fi, culmea!, \u00eel promoveaz\u0103 \u00een func\u0163ia de Secretar cu propaganda al CC al PCR. Fie \u015fi dac\u0103 Nicolae Ceau\u015fescu din 1971 ar fi fost zbirul descris de Ion Iliescu dup\u0103 decembrie 1989, reac\u0163ia sa la refuzul lui Ion Iliescu tr\u0103deaz\u0103 o sl\u0103biciune. Sl\u0103biciunea fa\u0163\u0103 de Ion Iliescu ar explica \u015fi formu\u00adlarea bl\u00e2nd\u0103 din Comunicatul CPEx, ca \u015fi promovarea ulterioar\u0103 a lui Ion Iliescu. C\u0103 dup\u0103 venirea lui Gorbaciov la putere, Nicolae Ceau\u015fescu se schimb\u0103 radical, e o alt\u0103 poveste. In 1971 &#8211; e limpede &#8211; Ion Iliescu se dovede\u015fte preferatul lui Nicolae Ceau\u015fescu.<\/h4>\n<h4 style=\"text-align: justify;\">Ascensiunea fulger\u0103toare a lui Ion Iliescu dup\u0103 venirea lui Ceau\u015fescu la putere va fi st\u00e2rnit nemul\u0163umirea baronilor din Partid. Comportamentul fa\u0163\u0103 de Dumitru Popescu nedezv\u0103luie c\u0103 favoritul lui Nicolae Ceau\u015fescu nu se purta deloc amabil cu colegii s\u0103i de conducere mai tineri sau mai v\u00e2rstnici. Printre ei se num\u0103ra, desigur, \u015fi Virgil Trofin, fostul \u015fef direct al lui Ion Iliescu. \u015ei cum se \u00eent\u00e2mpla deseori \u00eentr-un C.C. al PCR m\u0103cinat de intrigi, de lovituri sub centur\u0103, Virgil Trofin, baron de pe vremea lui Dej, n-a sc\u0103pat prilejul s\u0103-i adminis\u00adtreze un ghiont. Mai ales c\u0103, \u0163in\u00e2nd cont de ambi\u0163iile lui Ion Iliescu, dar mai ales de sl\u0103biciunea pe care o avea fa\u0163\u0103 de el Nicolae Ceau\u015fescu, Virgil Trofin \u00ee\u015fi sim\u0163ea amenin\u0163at locul num\u0103rul doi \u00een Partid. De la secretar cu Propaganda la secretar cu Organizatoricul nu era dec\u00e2t un pas! Nu-i exclus ca, dup\u0103 incidentul relatat de Dumitru Popescu, Nicolae Ceau\u015fescu s\u0103 fi ajuns \u015fi el la concluzia c\u0103 Ion Iliescu avea nevoie de o \u015fcoal\u0103 a vie\u0163ii. \u015ei cum Ion Iliescu era simpatia sa, un t\u00e2n\u0103r pe care pariase \u00een procesul de lichidare a conservatorismului dejist, trimiterea la o jude\u0163ean\u0103 de partid se n\u0103scuse din sincera preocupare de a face din t\u00e2n\u0103ra speran\u0163\u0103 a Partidului un politician de realit\u0103\u0163i, net diferit de politicianul de cabinet de p\u00e2n\u0103 atunci.<\/h4>\n<h4 style=\"text-align: justify;\">In acela\u015fi timp, prin trimiterea la o jude\u0163ean\u0103 de partid, Nicolae Ceau\u015fescu d\u0103dea satisfac\u0163ie num\u0103rului tot mai mare de colegi de-ai s\u0103i nemul\u0163umi\u0163i de semnele trufiei, tipice pentru cel promovat prea iute \u015fi \u00eengrijora\u0163i de ascensiunea fulger\u0103toare a lui Ion Iliescu, de ipostaza acestuia de stea urc\u0103toare a Partidului. Dar nu numai at\u00e2t. Virgil Trofin exprima sentimentul tuturor la auzul discursului \u0163inut de proasp\u0103tul secretar al CC al PCR. Din 1967, Ion Iliescu lucrase la Tineret. P\u00e2n\u0103 atunci, fusese \u015feful Sec\u0163iei de Propagand\u0103. Sub directa sa \u00eendrumare, direc\u0163ionat, desigur, de Nicolae Ceau\u015fescu, Tineretul beneficiase de o evident\u0103 politic\u0103 de deschidere. Acum, prin <em>Tezele din iulie,<\/em> Nicolae Ceau\u015fescu punea cap\u0103t acestei poli\u00adtici, denun\u0163\u00e2nd-o cu huiet.<\/h4>\n<h4 style=\"text-align: justify;\"><\/h4>\n<figure id=\"attachment_1891\" aria-describedby=\"caption-attachment-1891\" style=\"width: 536px\" class=\"wp-caption aligncenter\"><a href=\"http:\/\/www.desteptati-va.ro\/wp-content\/uploads\/2011\/05\/iliescu-014.png\"><img loading=\"lazy\" decoding=\"async\" class=\" wp-image-1891\" title=\"Ion Iliescu, aflat in campanie electorala, se adreseaza locuitorilor din Craiova adunati in Piata Centrala (3 mai 1990)\" src=\"http:\/\/www.desteptati-va.ro\/wp-content\/uploads\/2011\/05\/iliescu-014-300x183.png\" alt=\"Ion Iliescu, aflat in campanie electorala, se adreseaza locuitorilor din Craiova adunati in Piata Centrala (3 mai 1990)\" width=\"536\" height=\"327\"><\/a><figcaption id=\"caption-attachment-1891\" class=\"wp-caption-text\">Ion Iliescu, aflat in campanie electorala, se adreseaza locuitorilor din Craiova adunati in Piata Centrala (3 mai 1990)<\/figcaption><\/figure>\n<h4 style=\"text-align: justify;\">In interven\u0163ia sa, Ion Iliescu e de acord cu criticile aduse de Nicolae Ceau\u015fescu politicii de p\u00e2n\u0103 atunci \u015fi se angajeaz\u0103 c\u0103 va transpune \u00een via\u0163\u0103 noua orientare. Logic ar fi fost ca Ion Iliescu s\u0103-\u015fi fac\u0103 autocritica. In discursul s\u0103u, Ion Iliescu mustrase ceea ce el numise excesul de p\u00e2n\u0103 atunci \u00een politica de deschidere. Asta \u00eensemna c\u0103-\u015fi asuma teza lui Ceau\u015fescu despre gre\u015felile comise de partid p\u00e2n\u0103 atunci. Ion Iliescu fusese \u00eens\u0103 cel care r\u0103spunsese de domeniile semnalate \u00een discursul s\u0103u ca fiind afectate de gre\u015felile liberalismului excesiv. Normal, logic era s\u0103-\u015fi asume responsabilitatea pentru anii c\u00e2nd dirijase aceste domenii. \u015ei, fie s\u0103-\u015fi apere lucrurile f\u0103cute, critic\u00e2nd Tezele lui Ceau\u015fescu, fie s\u0103 se delimiteze de trecutul propriu, proced\u00e2nd la autocritic\u0103. Nicolae Ceau\u015fescu punea punctul pe i exprim\u00e2ndu-\u015fi nemul\u0163umirea fa\u0163\u0103 de stilul pe care-l m\u0103rturisea discursul lui Ion Iliescu: \u201e\u015ei atunci c\u00eend dezbatem o problem\u0103 de asemenea importan\u0163\u0103, nu se poate ca un tovar\u0103\u015f care este \u00een conducerea partidului, care a r\u0103spuns de un sector de activitate s\u0103 vorbeasc\u0103 despre ea ca \u015fi cum nici n-ar fi trecut pe acolo&#8221;.<\/h4>\n<h4 style=\"text-align: justify;\"><strong>Ca \u0219i cum nici n-ar fi trecut pe-acolo<\/strong><\/h4>\n<h4 style=\"text-align: justify;\">Nicolae Ceau\u015fescu a murit la zidul de la T\u00e2rgovi\u015fte \u00een decembrie 1989. Dac\u0103 ar fi tr\u0103it \u015fi i-ar fi citit fostului colaborator interviurile, articolele, c\u0103r\u0163ile, inclusiv cea scris\u0103 \u00eempreun\u0103 cu Vladimir Tism\u0103neanu, s-ar fi gr\u0103bit s\u0103 ne trimit\u0103 la Cuv\u00e2ntarea sa din 9 iulie 1971. In ultimii ani, Ion Iliescu s-a pronun\u0163at extrem de sever asupra unor tare ale Rom\u00e2niei postlecembriste. A rostit cuvinte grele, bine primite de electoratul s\u0103u, \u00eempotriva pr\u0103pastiei care se ad\u00e2nce\u015fte \u00eentre boga\u0163i \u015fi s\u0103raci, \u00eempotriva corup\u0163iei \u00een spectaculoasa ascensiune \u00eempotriva mizeriei politicianiste. Dorit\u0103 ca recapitulare a destinului s\u0103u de om politic, discu\u0163ia cu Vladimir Tism\u0103neanu e \u015fi o antologie a criticilor aduse de Ion Iliescu relelor din anii postdecembri\u015fti.<\/h4>\n<h4 style=\"text-align: justify;\">Condi\u0163ia dialogului impune concizia. Astfel c\u0103 din volum putem rupe citate memorabile. Rom\u00e2nia se define\u015fte printr-o polarizare social\u0103 \u00eensp\u0103im\u00e2nt\u0103toare, care o apropie treptat,dar fatal, de republicile bananiere. Zice Ion Iliescu: \u201eOamenii o duc \u015fi a\u015fa greu, s\u0103r\u0103cia este o dominant\u0103, \u00eenc\u0103, \u00een via\u0163a noastra.Dar c\u00e2nd s\u0103r\u0103cia mai este \u00eenso\u0163it\u0103 \u015fi de asemenea fenomene antisociale, uneori stridente, cu oameni care se \u00eembog\u0103\u0163esc peste noapte &#8211; \u015fi este evident\u0103 \u00eembog\u0103\u0163irea pe c\u0103i ilicite -, aceasta creeaz\u0103 o stare de dezam\u0103gire, de ne\u00eencredere. Fenomenul coruptiei afecteaz\u0103 fibra moral\u0103 a societ\u0103\u0163ii, ceea ce mi se pare a fi lucrul cel mai grav&#8221;. In primii ani postdecembri\u015fti &#8211; tun\u0103 \u015fi fulger\u0103 Ion Iliescu &#8211; infrastructura agriculturii noastre a fost pus\u0103 la p\u0103m\u00e2nt: \u201eS-au produs \u015fi distrugeri fizice, cu mari pierderi pentru \u0163ar\u0103. S-au lichidat \u015fi s-au demolat instala\u0163iile pentru irigare, \u00een zona de sud a \u0163\u0103rii, au fost distruse grajduri, alte construc\u0163ii gospod\u0103re\u015fti. Unele studii vorbesc de distrugeri ale infrastructurii agricole de peste 10 miliarde de dolari. C\u00e2nd \u015fi de unde vom mai investi noi o astfel de sum\u0103 \u00een agricultur\u0103 ? &#8222;.<\/h4>\n<h4 style=\"text-align: justify;\">Privatizarea s-a f\u0103cut la noi cu mari costuri sociale \u015fi risipe economice. Ea a fost grav afectat\u0103 de corup\u0163ie. Ion Iliescu e foarte dur \u00een aceast\u0103 chestiune: \u201e Unii au cump\u0103rat doar \u00een ideea de a vinde activele; au cump\u0103rat cu bani foarte pu\u0163ini \u015fi au c\u00e2\u015ftigat din v\u00e2nzarea activelor &#8211; fie cl\u0103diri, terenuri, fie utilajele sub form\u0103 de fier vechi. Pentru a\u015fa ceva, nu era nevoie de intermediari; statul putea foarte bine s\u0103 scoat\u0103 el la v\u00e2nza\u00adre activele \u015fi m\u0103car intra ceva la bugetul statului! Din p\u0103cate, asemenea privatiz\u0103ri, cu astfel de parteneri au costat economia na\u0163ional\u0103, \u00een termeni de PIB, de locuri de munc\u0103, de capacita\u00adte de produc\u0163ie&#8221;.<\/h4>\n<h4 style=\"text-align: justify;\">Toate bune \u015fi frumoase! Venite de la un jurnalist, de la un istoric al imediatului sau de la un filosof pesimist, astfel de denun\u0163\u0103ri ale mizeriei rom\u00e2ne\u015fti din anii tranzi\u0163iei ar avea dreptul la aplauze, ba chiar la aplauze furtunoase, ca s\u0103 cit\u0103m noi din stenograma unui discurs electoral cu mare priz\u0103 la public. Din nefericire, ele apar\u0163in unui politician care a condus practic Rom\u00e2nia timp de 15 ani. A fost primul pre\u015fedinte al CFSN, primul pre\u015fedintele al \u0163\u0103rii, a condus cel mai puternic partid rom\u00e2nesc, a avut \u015fi mai are \u00eenc\u0103 autoritate asupra unei genera\u0163ii \u00eentregi de politicieni. In nenorocirile despre care vorbe\u015fte cronicarul Ion Iliescu se afl\u0103 o cot\u0103 de care e responsabil, f\u0103r\u0103 discu\u0163ie, politicianul Ion Iliescu. Nu spun c\u0103 e o cot\u0103 uria\u015f\u0103. Spun, pentru a nu pica \u00een p\u0103catul bun\u0103voin\u0163ei gratuite, c\u0103 e o cot\u0103 mic\u0103. Fie \u015fi pentru aceast\u0103 cot\u0103, Ion Iliescu ar fi trebuit s\u0103-\u015fi recunoasc\u0103 responsabilitatea sa \u00een dezastrele postdecembriste, despre care vorbe\u015fte at\u00e2t de bine. \u015ei, evident, s\u0103-\u015fi fac\u0103 autocritica. Nu s\u0103 vorbeasc\u0103 despre Rom\u00e2nia postdecembrist\u0103, vorba t\u0103t\u00e2nelui Ceau\u015fescu, \u201eca \u015fi cum nici n-ar fi trecut pe-acolo &#8222;.<\/h4>\n<h4 style=\"text-align: justify;\"><em>Ion Cristoiu, Revista Historia, An XI, Nr. 109, ianuarie 2011<\/em><\/h4>        <div class=\"booster-block booster-reactions-block\">\n            <div class=\"twp-reactions-icons\">\n                \n                <div class=\"twp-reacts-wrap\">\n                    <a react-data=\"be-react-1\" post-id=\"3752\" class=\"be-face-icons un-reacted\" href=\"javascript:void(0)\">\n                        <img decoding=\"async\" src=\"https:\/\/desteptati-va.ro\/wp-content\/plugins\/booster-extension\/\/assets\/icon\/happy.svg\" alt=\"Happy\">\n                    <\/a>\n                    <div class=\"twp-reaction-title\">\n                        Happy                    <\/div>\n                    <div class=\"twp-count-percent\">\n                                                    <span style=\"display: none;\" class=\"twp-react-count\">0<\/span>\n                        \n                                                <span class=\"twp-react-percent\"><span>0<\/span> %<\/span>\n                                            <\/div>\n                <\/div>\n\n                <div class=\"twp-reacts-wrap\">\n                    <a react-data=\"be-react-2\" post-id=\"3752\" class=\"be-face-icons un-reacted\" href=\"javascript:void(0)\">\n                        <img decoding=\"async\" src=\"https:\/\/desteptati-va.ro\/wp-content\/plugins\/booster-extension\/\/assets\/icon\/sad.svg\" alt=\"Sad\">\n                    <\/a>\n                    <div class=\"twp-reaction-title\">\n                        Sad                    <\/div>\n                    <div class=\"twp-count-percent\">\n                                                    <span style=\"display: none;\" class=\"twp-react-count\">0<\/span>\n                                                                        <span class=\"twp-react-percent\"><span>0<\/span> %<\/span>\n                                            <\/div>\n                <\/div>\n\n                <div class=\"twp-reacts-wrap\">\n                    <a react-data=\"be-react-3\" post-id=\"3752\" class=\"be-face-icons un-reacted\" href=\"javascript:void(0)\">\n                        <img decoding=\"async\" src=\"https:\/\/desteptati-va.ro\/wp-content\/plugins\/booster-extension\/\/assets\/icon\/excited.svg\" alt=\"Excited\">\n                    <\/a>\n                    <div class=\"twp-reaction-title\">\n                        Excited                    <\/div>\n                    <div class=\"twp-count-percent\">\n                                                    <span style=\"display: none;\" class=\"twp-react-count\">0<\/span>\n                                                                        <span class=\"twp-react-percent\"><span>0<\/span> %<\/span>\n                                            <\/div>\n                <\/div>\n\n                <div class=\"twp-reacts-wrap\">\n                    <a react-data=\"be-react-6\" post-id=\"3752\" class=\"be-face-icons un-reacted\" href=\"javascript:void(0)\">\n                        <img decoding=\"async\" src=\"https:\/\/desteptati-va.ro\/wp-content\/plugins\/booster-extension\/\/assets\/icon\/sleepy.svg\" alt=\"Sleepy\">\n                    <\/a>\n                    <div class=\"twp-reaction-title\">\n                        Sleepy                    <\/div>\n                    <div class=\"twp-count-percent\">\n                                                    <span style=\"display: none;\" class=\"twp-react-count\">0<\/span>\n                        \n                                                <span class=\"twp-react-percent\"><span>0<\/span> %<\/span>\n                                            <\/div>\n                <\/div>\n\n                <div class=\"twp-reacts-wrap\">\n                    <a react-data=\"be-react-4\" post-id=\"3752\" class=\"be-face-icons un-reacted\" href=\"javascript:void(0)\">\n                        <img decoding=\"async\" src=\"https:\/\/desteptati-va.ro\/wp-content\/plugins\/booster-extension\/\/assets\/icon\/angry.svg\" alt=\"Angry\">\n                    <\/a>\n                    <div class=\"twp-reaction-title\">Angry<\/div>\n                    <div class=\"twp-count-percent\">\n                                                    <span style=\"display: none;\" class=\"twp-react-count\">0<\/span>\n                                                                        <span class=\"twp-react-percent\"><span>0<\/span> %<\/span>\n                        \n                    <\/div>\n                <\/div>\n\n                <div class=\"twp-reacts-wrap\">\n                    <a react-data=\"be-react-5\" post-id=\"3752\" class=\"be-face-icons un-reacted\" href=\"javascript:void(0)\">\n                        <img decoding=\"async\" src=\"https:\/\/desteptati-va.ro\/wp-content\/plugins\/booster-extension\/\/assets\/icon\/surprise.svg\" alt=\"Surprise\">\n                    <\/a>\n                    <div class=\"twp-reaction-title\">Surprise<\/div>\n                    <div class=\"twp-count-percent\">\n                                                    <span style=\"display: none;\" class=\"twp-react-count\">0<\/span>\n                                                                        <span class=\"twp-react-percent\"><span>0<\/span> %<\/span>\n                                            <\/div>\n                <\/div>\n\n            <\/div>\n        <\/div>\n\n    <\/div>","protected":false},"excerpt":{"rendered":"<p>Un Pristanda al Securit\u0103\u021bii Despre cum a fost primit la Timi\u015foara Ion Iliescu spune in dialogul s\u0103u cu Vladimir Tism\u0103neanu:<a href=\"https:\/\/desteptati-va.ro\/index.php\/2021\/04\/16\/iliescu-partea-a-iii-a\/\">Read More<i class=\"fa fa-long-arrow-right\" aria-hidden=\"true\"><\/i><\/a><\/p>\n","protected":false},"author":1,"featured_media":1501,"comment_status":"open","ping_status":"open","sticky":false,"template":"","format":"standard","meta":{"_crdt_document":"","footnotes":""},"categories":[4],"tags":[850,851,590,663,852,853,854,855,856,59,60,857,858,221,284,859,860,583,861,862,789,863,864,865,866,867,868,869],"class_list":["post-3752","post","type-post","status-publish","format-standard","has-post-thumbnail","hentry","category-revolutionarul-iliescu","tag-ascensiune","tag-birou-politic","tag-cc","tag-ceausescu","tag-comitetul-central","tag-comunist","tag-consfatuire","tag-cpex","tag-decizional","tag-desteptati","tag-desteptati-va","tag-dumitru-popescu","tag-ideolog","tag-iliescu","tag-ion","tag-liberalizare","tag-masuri","tag-nicolae","tag-nomenclatura","tag-nomenklatura","tag-pcr","tag-proces","tag-propaganda","tag-rpr","tag-rsr","tag-scanteia","tag-tezele-din-iulie","tag-tovaras"],"rise-blocks_total_comments":1,"rise-blocks_categories":[{"term_id":4,"name":"\"Revolutionarul\" Iliescu","slug":"revolutionarul-iliescu","term_group":0,"term_taxonomy_id":4,"taxonomy":"category","description":"","parent":3,"count":4,"filter":"raw"}],"rise-blocks_excerpt":"Un Pristanda al Securit\u0103\u021bii Despre cum a fost primit la Timi\u015foara Ion Iliescu spune in dialogul s\u0103u cu Vladimir Tism\u0103neanu: \u201eSigur c\u0103 situa\u0163ia mea era pu\u0163in ambigu\u0103: nu fusesem exclus din Comitetul Politic Executiv, am r\u0103mas ca membru supleant \u015fi m\u0103 chemau la \u015fedin\u0163e. Era o situa\u0163ie cam stranie, pentru c\u0103 primul secretar, Telescu, era \u015fi el membru supleant \u015fi..","yoast_head":"<!-- This site is optimized with the Yoast SEO plugin v26.9 - https:\/\/yoast.com\/product\/yoast-seo-wordpress\/ -->\r\n<title>Iliescu - partea a III-a -<\/title>\r\n<meta name=\"robots\" content=\"index, follow, max-snippet:-1, max-image-preview:large, max-video-preview:-1\" \/>\r\n<link rel=\"canonical\" href=\"https:\/\/desteptati-va.ro\/index.php\/2021\/04\/16\/iliescu-partea-a-iii-a\/\" \/>\r\n<meta property=\"og:locale\" content=\"ro_RO\" \/>\r\n<meta property=\"og:type\" content=\"article\" \/>\r\n<meta property=\"og:title\" content=\"Iliescu - partea a III-a -\" \/>\r\n<meta property=\"og:description\" content=\"Un Pristanda al Securit\u0103\u021bii Despre cum a fost primit la Timi\u015foara Ion Iliescu spune in dialogul s\u0103u cu Vladimir Tism\u0103neanu:Read More\" \/>\r\n<meta property=\"og:url\" content=\"https:\/\/desteptati-va.ro\/index.php\/2021\/04\/16\/iliescu-partea-a-iii-a\/\" \/>\r\n<meta property=\"article:published_time\" content=\"2021-04-16T09:47:22+00:00\" \/>\r\n<meta property=\"article:modified_time\" content=\"2022-01-19T07:25:15+00:00\" \/>\r\n<meta property=\"og:image\" content=\"https:\/\/desteptati-va.ro\/wp-content\/uploads\/2021\/04\/ion-iliescu.jpg\" \/>\r\n\t<meta property=\"og:image:width\" content=\"472\" \/>\r\n\t<meta property=\"og:image:height\" content=\"562\" \/>\r\n\t<meta property=\"og:image:type\" content=\"image\/jpeg\" \/>\r\n<meta name=\"author\" content=\"wolfsoftcompany\" \/>\r\n<meta name=\"twitter:card\" content=\"summary_large_image\" \/>\r\n<meta name=\"twitter:label1\" content=\"Scris de\" \/>\n\t<meta name=\"twitter:data1\" content=\"wolfsoftcompany\" \/>\n\t<meta name=\"twitter:label2\" content=\"Timp estimat pentru citire\" \/>\n\t<meta name=\"twitter:data2\" content=\"19 minute\" \/>\r\n<script type=\"application\/ld+json\" class=\"yoast-schema-graph\">{\"@context\":\"https:\/\/schema.org\",\"@graph\":[{\"@type\":\"Article\",\"@id\":\"https:\/\/desteptati-va.ro\/index.php\/2021\/04\/16\/iliescu-partea-a-iii-a\/#article\",\"isPartOf\":{\"@id\":\"https:\/\/desteptati-va.ro\/index.php\/2021\/04\/16\/iliescu-partea-a-iii-a\/\"},\"author\":{\"name\":\"wolfsoftcompany\",\"@id\":\"https:\/\/desteptati-va.ro\/#\/schema\/person\/13182deeebd44920914899f7bb262d6b\"},\"headline\":\"Iliescu &#8211; partea a III-a\",\"datePublished\":\"2021-04-16T09:47:22+00:00\",\"dateModified\":\"2022-01-19T07:25:15+00:00\",\"mainEntityOfPage\":{\"@id\":\"https:\/\/desteptati-va.ro\/index.php\/2021\/04\/16\/iliescu-partea-a-iii-a\/\"},\"wordCount\":3759,\"commentCount\":0,\"image\":{\"@id\":\"https:\/\/desteptati-va.ro\/index.php\/2021\/04\/16\/iliescu-partea-a-iii-a\/#primaryimage\"},\"thumbnailUrl\":\"https:\/\/desteptati-va.ro\/wp-content\/uploads\/2021\/04\/ion-iliescu.jpg\",\"keywords\":[\"ascensiune\",\"Birou Politic\",\"CC\",\"Ceausescu\",\"Comitetul Central\",\"comunist\",\"consfatuire\",\"CPEx\",\"decizional\",\"desteptati\",\"desteptati-va\",\"Dumitru Popescu\",\"ideolog\",\"Iliescu\",\"Ion\",\"liberalizare\",\"masuri\",\"Nicolae\",\"nomenclatura\",\"nomenklatura\",\"PCR\",\"proces\",\"propaganda\",\"RPR\",\"RSR\",\"Scanteia\",\"tezele din iulie\",\"tovaras\"],\"articleSection\":[\"\\\"Revolutionarul\\\" Iliescu\"],\"inLanguage\":\"ro-RO\",\"potentialAction\":[{\"@type\":\"CommentAction\",\"name\":\"Comment\",\"target\":[\"https:\/\/desteptati-va.ro\/index.php\/2021\/04\/16\/iliescu-partea-a-iii-a\/#respond\"]}]},{\"@type\":\"WebPage\",\"@id\":\"https:\/\/desteptati-va.ro\/index.php\/2021\/04\/16\/iliescu-partea-a-iii-a\/\",\"url\":\"https:\/\/desteptati-va.ro\/index.php\/2021\/04\/16\/iliescu-partea-a-iii-a\/\",\"name\":\"Iliescu - partea a III-a -\",\"isPartOf\":{\"@id\":\"https:\/\/desteptati-va.ro\/#website\"},\"primaryImageOfPage\":{\"@id\":\"https:\/\/desteptati-va.ro\/index.php\/2021\/04\/16\/iliescu-partea-a-iii-a\/#primaryimage\"},\"image\":{\"@id\":\"https:\/\/desteptati-va.ro\/index.php\/2021\/04\/16\/iliescu-partea-a-iii-a\/#primaryimage\"},\"thumbnailUrl\":\"https:\/\/desteptati-va.ro\/wp-content\/uploads\/2021\/04\/ion-iliescu.jpg\",\"datePublished\":\"2021-04-16T09:47:22+00:00\",\"dateModified\":\"2022-01-19T07:25:15+00:00\",\"author\":{\"@id\":\"https:\/\/desteptati-va.ro\/#\/schema\/person\/13182deeebd44920914899f7bb262d6b\"},\"breadcrumb\":{\"@id\":\"https:\/\/desteptati-va.ro\/index.php\/2021\/04\/16\/iliescu-partea-a-iii-a\/#breadcrumb\"},\"inLanguage\":\"ro-RO\",\"potentialAction\":[{\"@type\":\"ReadAction\",\"target\":[\"https:\/\/desteptati-va.ro\/index.php\/2021\/04\/16\/iliescu-partea-a-iii-a\/\"]}]},{\"@type\":\"ImageObject\",\"inLanguage\":\"ro-RO\",\"@id\":\"https:\/\/desteptati-va.ro\/index.php\/2021\/04\/16\/iliescu-partea-a-iii-a\/#primaryimage\",\"url\":\"https:\/\/desteptati-va.ro\/wp-content\/uploads\/2021\/04\/ion-iliescu.jpg\",\"contentUrl\":\"https:\/\/desteptati-va.ro\/wp-content\/uploads\/2021\/04\/ion-iliescu.jpg\",\"width\":472,\"height\":562},{\"@type\":\"BreadcrumbList\",\"@id\":\"https:\/\/desteptati-va.ro\/index.php\/2021\/04\/16\/iliescu-partea-a-iii-a\/#breadcrumb\",\"itemListElement\":[{\"@type\":\"ListItem\",\"position\":1,\"name\":\"Prima pagin\u0103\",\"item\":\"https:\/\/desteptati-va.ro\/\"},{\"@type\":\"ListItem\",\"position\":2,\"name\":\"Iliescu &#8211; partea a III-a\"}]},{\"@type\":\"WebSite\",\"@id\":\"https:\/\/desteptati-va.ro\/#website\",\"url\":\"https:\/\/desteptati-va.ro\/\",\"name\":\"\",\"description\":\"\",\"potentialAction\":[{\"@type\":\"SearchAction\",\"target\":{\"@type\":\"EntryPoint\",\"urlTemplate\":\"https:\/\/desteptati-va.ro\/?s={search_term_string}\"},\"query-input\":{\"@type\":\"PropertyValueSpecification\",\"valueRequired\":true,\"valueName\":\"search_term_string\"}}],\"inLanguage\":\"ro-RO\"},{\"@type\":\"Person\",\"@id\":\"https:\/\/desteptati-va.ro\/#\/schema\/person\/13182deeebd44920914899f7bb262d6b\",\"name\":\"wolfsoftcompany\",\"image\":{\"@type\":\"ImageObject\",\"inLanguage\":\"ro-RO\",\"@id\":\"https:\/\/desteptati-va.ro\/#\/schema\/person\/image\/\",\"url\":\"https:\/\/secure.gravatar.com\/avatar\/a6cce9b6d101d27d91690e7073e300fed94c0899890bf998e082cb9d2c3d121e?s=96&d=mm&r=g\",\"contentUrl\":\"https:\/\/secure.gravatar.com\/avatar\/a6cce9b6d101d27d91690e7073e300fed94c0899890bf998e082cb9d2c3d121e?s=96&d=mm&r=g\",\"caption\":\"wolfsoftcompany\"},\"sameAs\":[\"http:\/\/desteptati-va.ro\"],\"url\":\"https:\/\/desteptati-va.ro\/index.php\/author\/wolfsoftcompany\/\"}]}<\/script>\r\n<!-- \/ Yoast SEO plugin. -->","yoast_head_json":{"title":"Iliescu - partea a III-a -","robots":{"index":"index","follow":"follow","max-snippet":"max-snippet:-1","max-image-preview":"max-image-preview:large","max-video-preview":"max-video-preview:-1"},"canonical":"https:\/\/desteptati-va.ro\/index.php\/2021\/04\/16\/iliescu-partea-a-iii-a\/","og_locale":"ro_RO","og_type":"article","og_title":"Iliescu - partea a III-a -","og_description":"Un Pristanda al Securit\u0103\u021bii Despre cum a fost primit la Timi\u015foara Ion Iliescu spune in dialogul s\u0103u cu Vladimir Tism\u0103neanu:Read More","og_url":"https:\/\/desteptati-va.ro\/index.php\/2021\/04\/16\/iliescu-partea-a-iii-a\/","article_published_time":"2021-04-16T09:47:22+00:00","article_modified_time":"2022-01-19T07:25:15+00:00","og_image":[{"width":472,"height":562,"url":"https:\/\/desteptati-va.ro\/wp-content\/uploads\/2021\/04\/ion-iliescu.jpg","type":"image\/jpeg"}],"author":"wolfsoftcompany","twitter_card":"summary_large_image","twitter_misc":{"Scris de":"wolfsoftcompany","Timp estimat pentru citire":"19 minute"},"schema":{"@context":"https:\/\/schema.org","@graph":[{"@type":"Article","@id":"https:\/\/desteptati-va.ro\/index.php\/2021\/04\/16\/iliescu-partea-a-iii-a\/#article","isPartOf":{"@id":"https:\/\/desteptati-va.ro\/index.php\/2021\/04\/16\/iliescu-partea-a-iii-a\/"},"author":{"name":"wolfsoftcompany","@id":"https:\/\/desteptati-va.ro\/#\/schema\/person\/13182deeebd44920914899f7bb262d6b"},"headline":"Iliescu &#8211; partea a III-a","datePublished":"2021-04-16T09:47:22+00:00","dateModified":"2022-01-19T07:25:15+00:00","mainEntityOfPage":{"@id":"https:\/\/desteptati-va.ro\/index.php\/2021\/04\/16\/iliescu-partea-a-iii-a\/"},"wordCount":3759,"commentCount":0,"image":{"@id":"https:\/\/desteptati-va.ro\/index.php\/2021\/04\/16\/iliescu-partea-a-iii-a\/#primaryimage"},"thumbnailUrl":"https:\/\/desteptati-va.ro\/wp-content\/uploads\/2021\/04\/ion-iliescu.jpg","keywords":["ascensiune","Birou Politic","CC","Ceausescu","Comitetul Central","comunist","consfatuire","CPEx","decizional","desteptati","desteptati-va","Dumitru Popescu","ideolog","Iliescu","Ion","liberalizare","masuri","Nicolae","nomenclatura","nomenklatura","PCR","proces","propaganda","RPR","RSR","Scanteia","tezele din iulie","tovaras"],"articleSection":["\"Revolutionarul\" Iliescu"],"inLanguage":"ro-RO","potentialAction":[{"@type":"CommentAction","name":"Comment","target":["https:\/\/desteptati-va.ro\/index.php\/2021\/04\/16\/iliescu-partea-a-iii-a\/#respond"]}]},{"@type":"WebPage","@id":"https:\/\/desteptati-va.ro\/index.php\/2021\/04\/16\/iliescu-partea-a-iii-a\/","url":"https:\/\/desteptati-va.ro\/index.php\/2021\/04\/16\/iliescu-partea-a-iii-a\/","name":"Iliescu - partea a III-a -","isPartOf":{"@id":"https:\/\/desteptati-va.ro\/#website"},"primaryImageOfPage":{"@id":"https:\/\/desteptati-va.ro\/index.php\/2021\/04\/16\/iliescu-partea-a-iii-a\/#primaryimage"},"image":{"@id":"https:\/\/desteptati-va.ro\/index.php\/2021\/04\/16\/iliescu-partea-a-iii-a\/#primaryimage"},"thumbnailUrl":"https:\/\/desteptati-va.ro\/wp-content\/uploads\/2021\/04\/ion-iliescu.jpg","datePublished":"2021-04-16T09:47:22+00:00","dateModified":"2022-01-19T07:25:15+00:00","author":{"@id":"https:\/\/desteptati-va.ro\/#\/schema\/person\/13182deeebd44920914899f7bb262d6b"},"breadcrumb":{"@id":"https:\/\/desteptati-va.ro\/index.php\/2021\/04\/16\/iliescu-partea-a-iii-a\/#breadcrumb"},"inLanguage":"ro-RO","potentialAction":[{"@type":"ReadAction","target":["https:\/\/desteptati-va.ro\/index.php\/2021\/04\/16\/iliescu-partea-a-iii-a\/"]}]},{"@type":"ImageObject","inLanguage":"ro-RO","@id":"https:\/\/desteptati-va.ro\/index.php\/2021\/04\/16\/iliescu-partea-a-iii-a\/#primaryimage","url":"https:\/\/desteptati-va.ro\/wp-content\/uploads\/2021\/04\/ion-iliescu.jpg","contentUrl":"https:\/\/desteptati-va.ro\/wp-content\/uploads\/2021\/04\/ion-iliescu.jpg","width":472,"height":562},{"@type":"BreadcrumbList","@id":"https:\/\/desteptati-va.ro\/index.php\/2021\/04\/16\/iliescu-partea-a-iii-a\/#breadcrumb","itemListElement":[{"@type":"ListItem","position":1,"name":"Prima pagin\u0103","item":"https:\/\/desteptati-va.ro\/"},{"@type":"ListItem","position":2,"name":"Iliescu &#8211; partea a III-a"}]},{"@type":"WebSite","@id":"https:\/\/desteptati-va.ro\/#website","url":"https:\/\/desteptati-va.ro\/","name":"","description":"","potentialAction":[{"@type":"SearchAction","target":{"@type":"EntryPoint","urlTemplate":"https:\/\/desteptati-va.ro\/?s={search_term_string}"},"query-input":{"@type":"PropertyValueSpecification","valueRequired":true,"valueName":"search_term_string"}}],"inLanguage":"ro-RO"},{"@type":"Person","@id":"https:\/\/desteptati-va.ro\/#\/schema\/person\/13182deeebd44920914899f7bb262d6b","name":"wolfsoftcompany","image":{"@type":"ImageObject","inLanguage":"ro-RO","@id":"https:\/\/desteptati-va.ro\/#\/schema\/person\/image\/","url":"https:\/\/secure.gravatar.com\/avatar\/a6cce9b6d101d27d91690e7073e300fed94c0899890bf998e082cb9d2c3d121e?s=96&d=mm&r=g","contentUrl":"https:\/\/secure.gravatar.com\/avatar\/a6cce9b6d101d27d91690e7073e300fed94c0899890bf998e082cb9d2c3d121e?s=96&d=mm&r=g","caption":"wolfsoftcompany"},"sameAs":["http:\/\/desteptati-va.ro"],"url":"https:\/\/desteptati-va.ro\/index.php\/author\/wolfsoftcompany\/"}]}},"_links":{"self":[{"href":"https:\/\/desteptati-va.ro\/index.php\/wp-json\/wp\/v2\/posts\/3752","targetHints":{"allow":["GET"]}}],"collection":[{"href":"https:\/\/desteptati-va.ro\/index.php\/wp-json\/wp\/v2\/posts"}],"about":[{"href":"https:\/\/desteptati-va.ro\/index.php\/wp-json\/wp\/v2\/types\/post"}],"author":[{"embeddable":true,"href":"https:\/\/desteptati-va.ro\/index.php\/wp-json\/wp\/v2\/users\/1"}],"replies":[{"embeddable":true,"href":"https:\/\/desteptati-va.ro\/index.php\/wp-json\/wp\/v2\/comments?post=3752"}],"version-history":[{"count":2,"href":"https:\/\/desteptati-va.ro\/index.php\/wp-json\/wp\/v2\/posts\/3752\/revisions"}],"predecessor-version":[{"id":4549,"href":"https:\/\/desteptati-va.ro\/index.php\/wp-json\/wp\/v2\/posts\/3752\/revisions\/4549"}],"wp:featuredmedia":[{"embeddable":true,"href":"https:\/\/desteptati-va.ro\/index.php\/wp-json\/wp\/v2\/media\/1501"}],"wp:attachment":[{"href":"https:\/\/desteptati-va.ro\/index.php\/wp-json\/wp\/v2\/media?parent=3752"}],"wp:term":[{"taxonomy":"category","embeddable":true,"href":"https:\/\/desteptati-va.ro\/index.php\/wp-json\/wp\/v2\/categories?post=3752"},{"taxonomy":"post_tag","embeddable":true,"href":"https:\/\/desteptati-va.ro\/index.php\/wp-json\/wp\/v2\/tags?post=3752"}],"curies":[{"name":"wp","href":"https:\/\/api.w.org\/{rel}","templated":true}]}}