{"id":3755,"date":"2021-04-16T10:05:49","date_gmt":"2021-04-16T10:05:49","guid":{"rendered":"http:\/\/desteptati.ro\/?p=3755"},"modified":"2021-04-16T10:05:49","modified_gmt":"2021-04-16T10:05:49","slug":"iliescu-partea-a-ii-a","status":"publish","type":"post","link":"https:\/\/desteptati-va.ro\/index.php\/2021\/04\/16\/iliescu-partea-a-ii-a\/","title":{"rendered":"Iliescu &#8211; partea a II-a"},"content":{"rendered":"<div class=\"post-content\"><div class='booster-block booster-read-block'>\n                <div class=\"twp-read-time\">\n                \t<i class=\"booster-icon twp-clock\"><\/i> <span>Read Time:<\/span>13 Minute, 29 Second                <\/div>\n\n            <\/div><h3><strong>E de accord cu Tezele din iulie<\/strong><\/h3>\r\n<h4 style=\"text-align: justify;\">Dialogul cu Vladimir Tism\u0103neanu, Marele \u015foc din finalul unui secol scurt &#8211; primul \u015fi singurul interviu luat lui Ion Iliescu de un specialist \u00een comunismul rom\u00e2nesc &#8211; are \u015fi valoarea unor memorii mascate. Punct de referin\u0163\u0103 \u00een viziunea lui Ion Iliescu asupra propriului destin, volumul \u00eei d\u0103 posibilitatea de a caracteriza astfel momentul iulie 1971:&#8221;A avut loc o reuniune a activului ideologic, cum s-a numit atunci, care dorea s\u0103 pun\u0103 \u00een valoare vizita \u00een \u0163\u0103rile asiatice &#8211; China, Vietnam, Mongolia \u015fi Coreea de Nord. S-a prezentat un material succint, ni\u015fte \u00abteze\u00bb, care, dup\u0103 aceea, au fost considerate tezele revolu\u0163iei culturale ale lui Ceau\u015fescu &#8222;.<\/h4>\r\n<h4 style=\"text-align: justify;\">Oric\u00e2t de binevoitori am fi, nu vom \u00eent\u00e2lni nici o virgul\u0103 m\u0103car din aceast\u0103 opinie \u00een discursul lui Ion lliescu, secretarul cu propaganda al CC al PCR, la Consf\u0103tuirea din 9 iulie 1971. Dimpotriv\u0103, Tezele lui Ceau\u015fescu sunt sus\u0163inute de vorbitor cu un indiscutabil entuziasm: \u201e\u015ei aceasta, pentru c\u0103, \u00eentr-adev\u0103r, principala noastr\u0103 lacun\u0103 \u00een aceast\u0103 direc\u0163ie este sl\u0103birea fermit\u0103\u0163ii ideologice, a spiritului de combativitate fa\u0163\u0103 de fenomenele negative, \u00eeng\u0103duin\u0163a \u015fi toleran\u0163a fa\u0163\u0103 de manifest\u0103ri str\u0103ine principiilor noastre de munc\u0103 \u015fi de convie\u0163uire. Or, este evident c\u0103 acolo unde sl\u0103be\u015fte activitatea noastr\u0103, afirmarea cu putere a convingerilor, a pozi\u0163iilor noastre, a concep\u0163iilor partidului nostru, \u00ee\u015fi fac loc influen\u0163e str\u0103ine, pozi\u0163ii \u015fi mentalit\u0103\u0163i retrograde.&#8221; Finalul, ca de obicei, \u00eencoroneaz\u0103 opera: \u201eIn \u00eencheiere, doresc, tovar\u0103\u015fi, s\u0103 m\u0103 angajez c\u0103,\u00een ceea ce m\u0103 prive\u015fte, voi depune toate eforturile pentru a contribui pe m\u0103sura posibilit\u0103\u0163ilor, cuno\u015ftin\u0163elor, puterilor mele la \u00eenf\u0103ptuirea m\u0103surilor stabilite de conducerea partidului&#8221;.<\/h4>\r\n<h4 style=\"text-align: justify;\"><\/h4>\r\n<figure id=\"attachment_1876\" aria-describedby=\"caption-attachment-1876\" style=\"width: 439px\" class=\"wp-caption aligncenter\"><a href=\"http:\/\/www.desteptati-va.ro\/wp-content\/uploads\/2011\/05\/iliescu-005.png\"><img loading=\"lazy\" decoding=\"async\" class=\" wp-image-1876\" title=\"La finalul discursului, Iliescu isi exprima totala adeziune vizavi de Tezele lui Nicolae Ceausescu\" src=\"http:\/\/www.desteptati-va.ro\/wp-content\/uploads\/2011\/05\/iliescu-005-211x300.png\" alt=\"La finalul discursului, Iliescu isi exprima totala adeziune vizavi de Tezele lui Nicolae Ceausescu\" width=\"439\" height=\"624\" \/><\/a><figcaption id=\"caption-attachment-1876\" class=\"wp-caption-text\">La finalul discursului, Iliescu isi exprima totala adeziune vizavi de Tezele lui Nicolae Ceausescu<\/figcaption><\/figure>\r\n<h4 style=\"text-align: justify;\">Dup\u0103 1989, Ion lliescu a denun\u0163at, chiar virulent, momentul <em>Tezelor din iulie<\/em> 1971 nu numai \u00een dialogul cu Vladimir Tism\u0103neanu, dar \u015fi \u00een alte interven\u0163ii publice. Pozi\u0163ia adoptat\u0103 \u00een anii postdecembri\u015fti \u015fi cea de la \u015eedin\u0163a CPEx, de la Consf\u0103tuirea de lucru, sunt desp\u0103r\u0163ite urie\u015fe\u015fte. Denun\u0163are categoric\u0103 dup\u0103 decembrie 1989. Aprobare categoric\u0103 \u00een 1971. Nu era con\u015ftient politicianul Ion Iliescu, \u00een 1971, c\u0103 Tezele din iulie se constituie \u00eentr-o lovitur\u0103 mortal\u0103 dat\u0103 procesului de liberalizare a comunismului, proces \u00een care \u015fi el se implicase decisiv, ca unul dintre membrii echipei Ceau\u015fescu? Greu de presupus. Momentul de \u00eenghe\u0163 era perceput ca atare de intelectuali, de jurnali\u015fti, de activi\u015ftii de partid, ba chiar \u015fi de oamenii simpli. Cum s\u0103 nu-l perceap\u0103 astfel Ion Iliescu, lider comunist care, dac\u0103 ar fi s\u0103-1 credem, avea drept ideal al vie\u0163ii comunismul cu fa\u0163\u0103 uman\u0103?<\/h4>\r\n<h4 style=\"text-align: justify;\">Mai u\u015for de presupus e c\u0103 Ion Iliescu s-a manifestat \u00een acel moment ca un brav oportunist. Va fi bomb\u0103nit \u00een g\u00e2nd sau \u00een barb\u0103. C\u00e2nd a fost vorba \u00eens\u0103 s\u0103 ia cuv\u00e2ntul \u015fi s\u0103 ridice m\u00e2na, s-a str\u0103duit din r\u0103sputeri s\u0103 nu i se citeasc\u0103 pe fa\u0163\u0103 nicio umbr\u0103 de \u00eempotrivire. Putea &#8211; \u00eentre noi fie vorba &#8211; s\u0103 refuze s\u0103 ia cuv\u00e2ntul.<\/h4>\r\n<h4 style=\"text-align: justify;\">Ca s\u0103 nu mai spunem c\u0103 putea s\u0103 preg\u0103teasc\u0103 un discurs critic fa\u0163\u0103 de Propunerile Secretarului General, \u015fi, dac\u0103 i s-ar fi interzis s\u0103-1 \u0163in\u0103, putea s\u0103 demisioneze din toate func\u0163iile de partid \u015fi de stat \u015fi s\u0103 se \u00eentoarc\u0103 la profesia de inginer hidrolog.<\/h4>\r\n<h4 style=\"text-align: justify;\">Istoricul trebuie s\u0103 judece presta\u0163ia unei personalit\u0103\u0163i \u00een contextul strict al momentului. Ion lliescu ar putea s\u0103 ne repro\u015feze c\u0103-i cerem s\u0103 se fi comportat \u00een 1971 ca \u00eentr-o Rom\u00e2nie democratic\u0103. I-am putea r\u0103spunde prin invocarea a dou\u0103 realit\u0103\u0163i:<\/h4>\r\n<h4 style=\"text-align: justify;\">1)In 1971, un gest public de \u00eempotrivire fa\u0163\u0103 de Propunerile lui Nicolae Ceau\u015fescu nu i-ar fi adus, ca \u00een 1950, nici m\u0103car trimiterea \u00een lag\u0103r. Ar fi fost dat afar\u0103 din nomenklatura \u015fi obligat s\u0103 se angajeze ca inginer. Desigur, asta ar fi \u00eensemnat pierderea privilegiilor de care Ion lliescu se bucurase timp de aproape dou\u0103 decenii: automobil la scar\u0103, vil\u0103 \u00een cartierul Prim\u0103verii, acces la magazinele nomenklaturii. Milioane de rom\u00e2ni nu se bucurau de aceste privilegii. \u015ei, cu toate acestea, tr\u0103iau!<\/h4>\r\n<h4 style=\"text-align: justify;\">2)Dup\u0103 1989, Ion Iliescu \u015fi-a rescris biografia astfel \u00eenc\u00e2t s\u0103 apar\u0103 drept un disident anticeau\u015fist chiar din momentul iulie 1971. Ar fi fost de a\u015fteptat ca domnia sa s\u0103 recunoasc\u0103 adev\u0103rul c\u0103 \u00een 1971 n-a avut curajul s\u0103 se opun\u0103 f\u0103\u0163i\u015f Propunerilor lui Ceau\u015fescu. Mai mult ca sigur, l-am fi \u00een\u0163eles. N-avem cum s\u0103-l \u00een\u0163elegem \u00eens\u0103 c\u00e2nd condamn\u0103, \u00een climatul postdecembrist, un proces cu care a fost de acord la vremea petrecerii lui.<\/h4>\r\n<h4 style=\"text-align: justify;\"><\/h4>\r\n<figure id=\"attachment_1877\" aria-describedby=\"caption-attachment-1877\" style=\"width: 434px\" class=\"wp-caption aligncenter\"><a href=\"http:\/\/www.desteptati-va.ro\/wp-content\/uploads\/2011\/05\/iliescu-006.png\"><img loading=\"lazy\" decoding=\"async\" class=\" wp-image-1877\" title=\"&quot;Scanteia&quot; din 13 iulie a publicat integral &quot;Expunerea tov. Nicolae Ceausescu&quot; in care Iliescu era acuzat de &quot;spirit intelectualist&quot;La finalul discursului, Iliescu isi exprima totala adeziune vizavi de Tezele lui Nicolae Ceausescu&quot;\" src=\"http:\/\/www.desteptati-va.ro\/wp-content\/uploads\/2011\/05\/iliescu-006-226x300.png\" alt=\"&quot;Scanteia&quot; din 13 iulie a publicat integral &quot;Expunerea tov. Nicolae Ceausescu&quot; in care Iliescu era acuzat de &quot;spirit intelectualist&quot;La finalul discursului, Iliescu isi exprima totala adeziune vizavi de Tezele lui Nicolae Ceausescu&quot;\" width=\"434\" height=\"574\" \/><\/a><figcaption id=\"caption-attachment-1877\" class=\"wp-caption-text\">&#8222;Scanteia&#8221; din 13 iulie a publicat integral &#8222;Expunerea tov. Nicolae Ceausescu&#8221; in care Iliescu era acuzat de &#8222;spirit intelectualist&#8221; La finalul discursului, Iliescu isi exprima totala adeziune vizavi de Tezele lui Nicolae Ceausescu&#8221;<\/figcaption><\/figure>\r\n<h4 style=\"text-align: justify;\">In 15 iulie 1971 are loc \u015fedin\u0163a l\u0103rgit\u0103 a Comitetului Politic Executiv. S-au discutat, printre altele, \u015fi m\u0103surile organizatorice reclamate de aplicarea Tezelor din iulie. Textul din \u201eSc\u00eenteia&#8221;, 16 iulie 1971, se opre\u015fte asupra unui anun\u0163: \u201eComitetul Executiv a hot\u0103r\u00eet eliberarea tovar\u0103\u015fului Ilie R\u0103dulescu din func\u0163ia de \u015fef al Sec\u0163iei Propagand\u0103 a CC al PCR, urm\u00eend s\u0103 primeasc\u0103 alte \u00eens\u0103rcin\u0103ri \u015fi a numit \u00een aceast\u0103 func\u0163ie pe tovar\u0103\u015ful Miu Dobrescu &#8211; membru supleant al Comitetului Executiv al CC al PCR. Tovar\u0103\u015ful Ion lliescu a rugat Comitetul Executiv sa-l elibereze din func\u0163ia de secretar al Comitetului Central \u015fi s\u0103-i creeze condi\u0163ii pentru a lucra la un organ jude\u0163ean de partid, \u00een vederea complet\u0103rii experien\u0163ei sale de munc\u0103. Comitetul Executiv a satisf\u0103cut aceast\u0103 cerere \u015fi a supus-o spre aprobare Comitetului Central, care a hot\u0103r\u00eet eliberarea tovar\u0103\u015fului Ion lliescu din func\u0163ia de secretar al CC al PCR &#8222;.<\/h4>\r\n<h4 style=\"text-align: justify;\">In dialogul cu Vladimir Tism\u0103neanu, Ion Iliescu vede \u00een m\u0103sura luat\u0103 de Ceau\u015fescu o pedeaps\u0103 cumplit\u0103. El nu \u015fov\u0103ie chiar a \u00eenf\u0103\u0163i\u015fa m\u0103sura ca asem\u0103n\u0103toare trimiterii de c\u0103tre Mao la munca c\u00e2mpului a activi\u015ftilor intelectuali, \u00een timpul Revolu\u0163iei culturale. S\u0103rind peste cal, el pune pe acela\u015fi plan trimiterea sa la Timi\u015foara cu asasinarea lui Lucre\u0163iu P\u0103tr\u0103\u015fcanu: \u201eCeau\u015fescu nu-\u015fi mai putea permite s\u0103 apeleze la practicile staliniste ale anilor 40-50, ai secolului trecut, inclusiv recurgerea la reprim\u0103ri fizice. A\u015fa ceva nu mai era posibil dup\u0103 plenara din 1968, care condamnase practicile lui Gheorghiu-Dej, de esen\u0163\u0103 stalinist\u0103, \u00een special cazul P\u0103tr\u0103\u015fcanu. \u015ei atunci, Ceau\u015fescu a adoptat tactica de \u00eenl\u0103turare a persoanelor incomode sau poten\u0163ial periculoase, trimiterea lor la \u00abreeducare\u00bb &#8222;.<\/h4>\r\n<h4 style=\"text-align: justify;\">C\u00e2nd vine vorba de memoria unor fapte verificabile, omul Ion Iliescu e corect. Momentele 9 \u015fi 15 iulie 1971 sunt relatate astfel: \u201eConsecin\u0163a: la plenara de care vorbeam, din iulie, \u00een \u00abcuv\u00e2ntul\u00bb de concluzii, Ceau\u015fescu m-a acuzat de \u00abintelectualism\u00bb. Dup\u0103 aceea, l-am \u00eentrebat dac\u0103 poate s\u0103-mi descifreze aceast\u0103 etichetare, la care se refer\u0103 ? Mi-a promis c\u0103 o s\u0103-mi explice, nu mi-a mai explicat niciodat\u0103. Dar,, \u00een pri\u00adma \u015fedin\u0163\u0103 de Comitet Executiv, motiv\u00e2nd c\u0103 sunt \u00eenc\u0103 t\u00e2n\u0103r \u015fi mai am de \u00eenv\u0103\u0163at, a propus s\u0103 fiu trimis la Timi\u015foara&#8221;.<\/h4>\r\n<h4 style=\"text-align: justify;\"><strong>Explica\u021bii copil\u0103re\u0219ti<\/strong><\/h4>\r\n<h4 style=\"text-align: justify;\">Iulie 1971 e un moment asupra c\u0103ruia Ion Iliescu va reveni \u00een dese r\u00e2nduri dup\u0103 1989. Lucru explicabil politice\u015fte. Pentru a fi legitimat \u00een noua or\u00e2nduire, el avea nevoie de un brevet de disident anticeau\u015fist. In dialogul cu Vladimir Tism\u0103neanu, ca \u015fi \u00een alte \u00eencerc\u0103ri de a-\u015fi face publice amintirile (Revolu\u0163ie \u015fi reform\u0103, de exemplu), Ion Iliescu nu sufl\u0103 un cuv\u00e2nt despre vreo pozi\u0163ie anticeau\u015fist\u0103 public\u0103 luat\u0103 p\u00e2n\u0103 \u00een 1989, ca s\u0103 nu mai spunem, de vreo pozi\u0163ie anticomunist\u0103. Dac\u0103 ar fi s\u0103-1 credem, ceea ce el nume\u015fte pedepsirea sa de c\u0103tre Ceau\u015fescu \u015fi-a avut izvorul \u00een fapte de culise, greu verificabile azi. \u015etim sigur, astfel, c-a fost trimis pentru un timp la munca de partid dintr-un jude\u0163, dup\u0103 \u00eentoarcerea lui Ceau\u015fescu din c\u0103l\u0103toria \u00een China \u015fi Coreea. In Marele \u015foc, Ion Iliescu invoc\u0103 drept cauz\u0103 a trimiterii sale la Timi\u015f mai \u00eent\u00e2i un soi de taifas pe care l-ar fi avut cu Dumitru Popa, primul secretar al Capitalei, \u00een parcul casei de oaspe\u0163i unde fuseser\u0103 caza\u0163i pe parcursul vizitei la Phenian: \u201eNoi comentam at\u00e2t atmosfera din Phenian, c\u00e2t \u015fi unele probleme din \u0163ar\u0103, unele tendin\u0163e care deja \u00eencepuser\u0103 s\u0103 se manifeste \u015fi f\u0103ceam unele comentarii. Ulterior, ne-am dat seama c\u0103, probabil, am fost intercepta\u0163i, de\u015fi discutasem \u00een parcul casei de oaspe\u0163i unde eram caza\u0163i. Atunci, fuseser\u0103 lua\u0163i \u00een delega\u0163ie \u015fi Pacepa, \u015fi Ple\u015fi\u0163\u0103, deci erau \u00aburechi\u00bb suficiente. Ceau\u015fescu era un tip care nu prea se st\u0103p\u00e2nea \u015fi am putut constata unele ie\u015firi nervoase din partea lui imediat dup\u0103 aceea&#8221;.<\/h4>\r\n<h4 style=\"text-align: justify;\">Dosarul i s-ar fi \u00eenc\u0103rcat apoi printr-o discu\u0163ie avut\u0103 cu Nicolae \u015fi Elena Ceau\u015fescu \u00een avionul cu care au revenit \u00een tar\u0103. Cu un an \u00een urm\u0103, vizit\u00e2nd Coreea de Nord, Ion lliescu ar fi b\u00e2rfit cu fiul pre\u015fedintelui din Sierra Leone atmosfera de la Phenian. Potrivit m\u0103rturiei\u00a0 sale, el a \u0163inut s\u0103 le dezv\u0103luie celor doi con\u0163inutul discu\u0163iei de acum un an: \u201eIntr-o discutie cu cei doi le-am relatat aceste constat\u0103ri, subliniind c\u0103 un astfel de sistem este impropriu, chiar \u015fi pentru o \u0163ar\u0103 asiatic\u0103, cu at\u00e2t mai mult pentru o \u0163ar\u0103 european\u0103. Reac\u0163ia ei a fost: Ei, tu te iei dup\u0103 un african?\u00bb. Nici m\u0103car nu pricepea sensul observa\u0163iilor, c\u0103 omul acela remarcase un lucru esential. Africanul &#8211; care, de altfel, era absolvent al Universit\u0103\u0163ii din Oxford &#8211; \u00eemi spusese: \u00abLa noi este o societate r\u0103mas\u0103 puternic \u00een urm\u0103, cu forma\u0163iuni tribale, nu avem structuri nici m\u0103car agricole dar \u00eentr-o asemenea societate, precum cea coreean\u0103, spunea el, eu nu a\u015f putea s\u0103 tr\u0103iesc, pentru c\u0103 este o societate dezumanizat\u0103\u00bb &#8222;.<\/h4>\r\n<h4 style=\"text-align: justify;\"><\/h4>\r\n<figure id=\"attachment_1878\" aria-describedby=\"caption-attachment-1878\" style=\"width: 573px\" class=\"wp-caption aligncenter\"><a href=\"http:\/\/www.desteptati-va.ro\/wp-content\/uploads\/2011\/05\/iliescu-007.png\"><img loading=\"lazy\" decoding=\"async\" class=\" wp-image-1878\" title=\"Ion Iliescu la o sedinta, in anul 1968\" src=\"http:\/\/www.desteptati-va.ro\/wp-content\/uploads\/2011\/05\/iliescu-007-300x203.png\" alt=\"Ion Iliescu la o sedinta, in anul 1968\" width=\"573\" height=\"388\" \/><\/a><figcaption id=\"caption-attachment-1878\" class=\"wp-caption-text\">Ion Iliescu la o sedinta, in anul 1968<\/figcaption><\/figure>\r\n<h4 style=\"text-align: justify;\">Concluzia e tras\u0103 repede. Cam prea repede: \u201eDeci, nici acest lucru nu l-au priceput, mai ales ea. El, cred c\u0103 a re\u0163inut ceva mai mult. Consecin\u0163a: la plenara de care vorbeam, din iulie, \u00een \u00abcuv\u00e2ntul\u00bb de concluzii, Ceau\u015fescu m-a acuzat de intelectualism\u00bb&#8221;.<\/h4>\r\n<h4 style=\"text-align: justify;\">Nu excludem \u00eentru totul rolul acestei \u00eent\u00e2mpl\u0103ri \u00een m\u0103sura luat\u0103 de Ceau\u015fescu. Ion Iliescu exagereaz\u0103 \u00eens\u0103 pun\u00e2nd decizia pe sup\u0103rarea \u015fefului s\u0103u c\u0103 a fost contrazis. In 1971, cel pu\u0163in, dup\u0103 cum ne dezv\u0103luie m\u0103rturia lui Dumitru Popescu, Nicolae Ceau\u015fescu nu se comporta cu colaboratorii apropia\u0163i ca un Dictator n\u0103zuros . Cu at\u00e2t mai mult nu putea reac\u0163iona dictatorial, pentru c\u0103 fusese contrazis \u00eentr<em>&#8211;<\/em>un taifas din avion, cu c\u00e2t Ion lliescu era unul dintre favori\u0163ii s\u0103i. Era imposibil ca Nicolae Ceau\u015fescu s\u0103 nu \u015ftie opiniile mai liberale ale fostului lider al tineretului. Inregistrarea discu\u0163iei de la Phenian e plauzibil\u0103. Acesta i-a dezv\u0103luit lui Ceau\u015fescu un Ion Iliescu mai pu\u0163in loial persoanei sale dec\u00e2t \u00eel ar\u0103tau manifest\u0103rile publice.<\/h4>\r\n<h4 style=\"text-align: justify;\"><strong>Telenovel\u0103 cu ceart\u0103<\/strong><\/h4>\r\n<h4 style=\"text-align: justify;\">P\u00e2n\u0103 la reala deschidere a arhivelor, e dificil de fixat adev\u0103rata cauz\u0103 a m\u0103surii luate \u00een cazul lui Ion Iliescu \u00een 15 iulie 1971. Sigur e c\u0103 trimiterea sa la Timi\u015foara ca secretar cu Propaganda are cauze mult mai complexe dec\u00e2t contrazicerea lui Ceau\u015fescu \u00een avion sau interceptarea unei b\u00e2rfe dintr-un parc de la Phenian. De ce o reduce, totu\u015fi, Ion Iliescu la aceast\u0103 cauz\u0103 greu de crezut? Pentru a nu da explica\u0163ii despre cariera sa de p\u00e2n\u0103 atunci.<\/h4>\r\n<h4 style=\"text-align: justify;\">Dac\u0103 s-ar fi referit la Consf\u0103tuirea din 9 iulie 1971 ca la un moment de stopare a liberaliz\u0103rii, s-ar fi v\u0103zut obligat s\u0103 spun\u0103 romanilor de dup\u0103 decembrie 1989 mult mai multe despre context. El a intuit c\u0103-i nevoie de o explica\u0163ie pe \u00een\u0163elesul tuturor, lesne de acceptat de masele analfabete politic: S-a certat cu Ceau\u015fescu! O explica\u0163ie care reu\u015fea nu numai s\u0103-l scoat\u0103 din \u00eencurc\u0103tura unei discu\u0163ii mai largi despre rela\u0163ia sa cu comunismul, dar \u015fi care se broda perfect pe imaginea postdecembrist\u0103 a lui Nicolae Ceau\u015fescu: aceea de Atotputernic hachi\u0163os.<\/h4>\r\n<h4 style=\"text-align: justify;\">In 1971 \u00eens\u0103, Nicolae Ceau\u015fescu nu-\u015fi putea \u00eeng\u0103dui autoritarismul absolut din 1984-1989. Dovad\u0103: reac\u0163ia sa mai mult dec\u00e2t tolerant\u0103 c\u00e2nd Ion Iliescu i-a cerut explica\u0163ii pentru critica din Expunere. Ion Iliescu, t\u00e2n\u0103r promovat de Nicolae Ceau\u015fescu, \u00eel someaz\u0103 pe acesta din urm\u0103 s\u0103 se explice \u00een leg\u0103tur\u0103 cu etichetarea de \u201eintelectualist&#8221;. \u015ei cum reac\u0163ioneaz\u0103 Ceau\u015fescu &#8211; Dictatorial? Se sup\u0103r\u0103 \u015fi-l trimite pe Ion lliescu la munca de jos?! Nu. Ii promite c\u0103 o s\u0103-i explice. S-ar fi putut petrece un asemenea moment \u00eentre Stalin \u015fi un colaborator?!<\/h4>\r\n<h4 style=\"text-align: justify;\">La Consf\u0103tuirea din 9 iulie 1971, Nicolae Ceau\u015fescu \u00eei criticase \u015fi pe al\u0163i activi\u015fti cu func\u0163ii de r\u0103spundere din domeniul culturii \u015fi propagandei. Tonul e \u00eens\u0103 fundamental diferit de cel bl\u00e2nd, p\u0103rintesc, din mustrarea f\u0103cut\u0103 lui Ion Iliescu, de fapt, un comentariu la o alt\u0103 mustrare, cea a lui Virgil Trofin. Pe Ilie R\u0103dulescu, Secretarul general al partidului \u00eel execut\u0103 scurt, preciz\u00e2nd c\u0103, \u00een ipostaza de \u015fef al Sec\u0163iei de Propagand\u0103 a CC, <em>\u201ea spus lucruri banale, a vorbit superficial&#8221;.<\/em> Consecin\u0163a deosebirii de ton se va vedea \u00eens\u0103 \u00een hot\u0103r\u00e2rile \u015fedin\u0163ei Comitetului Executiv al Comitetului Central din 15 iulie 1971, \u015fedin\u0163\u0103 l\u0103rgit\u0103, la care au participat, potrivit \u201eSc\u00eenteii&#8221; din 16 iulie 1971, \u015fi <em>\u201emembri ai Comitetului Central, vechi militan\u0163i ai partidului, mini\u015ftri \u015fi \u015fefi ai unor<\/em> <em>institu\u0163ii<\/em>&#8222;. Cel care spusese \u201e<em>lucruri banale<\/em>&#8222;, Ilie R\u0103dulescu, apare \u00een Comunicat ca dat afar\u0103 pur \u015fi simplu: \u201e<em>Comitetul Executiv a hot\u0103r\u00eet eliberarea tovar\u0103\u015fului Ilie R\u0103dulescu din func\u0163ia de \u015fef al Sec\u0163iei Propagand\u0103 a CC al PCR, urm\u00eend s\u0103 primeasc\u0103 alte \u00eens\u0103rcin\u0103ri \u015fi a numit \u00een aceast\u0103 func\u0163ie pe tovar\u0103\u015ful Miu Dobrescu &#8211; membru supleant al Comitetului Executiv al CC al PCR<\/em> &#8222;.<\/h4>\r\n<h4 style=\"text-align: justify;\">\u015ei Ion lliescu e vizat de aceste m\u0103suri. Textul dedicat lui e \u00eens\u0103 net diferit ca ton de cel referitor la Ilie R\u0103dulescu: <em>\u201eTovar\u0103\u015ful Ion lliescu a rugat Comitetul Executiv s\u0103-l elibereze din func\u0163ia de secretar al Comitetului Central \u015fi s\u0103-i creeze condi\u0163ii pentru a lucra la un organ jude\u0163ean de partid, \u00een vederea complet\u0103rii experien\u0163ei sale de munc\u0103. Comitetul Executiv a satisf\u0103cut aceast\u0103 cerere \u015fi a supus-o spre aprobare Comitetului Central, care a hot\u0103r\u00eet eliberarea tovar\u0103\u015fului Ion lliescu din func\u0163ia de secretar al CC al PCR<\/em>&#8222;.<\/h4>\r\n<h4 style=\"text-align: justify;\">Din decembrie 1989 \u015fi p\u00e2n\u0103 acum, Ion Iliescu a continuat s\u0103 insiste la nesf\u00e2r\u015fit pe caracterul punitiv al m\u0103surii. Accentul pus pe aceast\u0103 not\u0103 se explic\u0103 prin nevoia sa de a-\u015fi lua brevet de victim\u0103 a hachi\u0163elor dictatoriale ale lui Nicolae Ceau\u015fescu. Putem vorbi \u00eentr-un fel de un adev\u0103rat act pedepsitor abia \u00een 1984, c\u00e2nd e numit director al Editurii Tehnice \u015fi c\u00e2nd nu mai e ales nici m\u0103car \u00een Comitetul Central. Pedepsitor, desigur, \u00een planul nomenklaturii. In planul cet\u0103\u0163enilor obi\u015fnui\u0163i, ar fi absurd s\u0103 vorbim de pedepsirea cuiva prin numirea ca director de editur\u0103. Nu putem defini \u00eens\u0103 \u00een niciun caz momentul din iulie 1971 ca un act punitiv. Pentru ambi\u0163iile t\u00e2n\u0103rului Ion Iliescu, mereu \u00een ascensiune de vreo cinci ani, eliberarea din func\u0163ia de secretar al CC poate trece oric\u00e2nd drept o sanc\u0163iune nedreapt\u0103.<\/h4>\r\n<h4 style=\"text-align: justify;\"><\/h4>\r\n<figure id=\"attachment_1879\" aria-describedby=\"caption-attachment-1879\" style=\"width: 498px\" class=\"wp-caption aligncenter\"><a href=\"http:\/\/www.desteptati-va.ro\/wp-content\/uploads\/2011\/05\/iliescu-009.png\"><img loading=\"lazy\" decoding=\"async\" class=\" wp-image-1879\" title=\"Iliescu impreuna cu N. Ceausescu intr-o &quot;vizita de lucru&quot; in agricultura, in 1974\" src=\"http:\/\/www.desteptati-va.ro\/wp-content\/uploads\/2011\/05\/iliescu-009-300x205.png\" alt=\"Iliescu impreuna cu N. Ceausescu intr-o &quot;vizita de lucru&quot; in agricultura, in 1974\" width=\"498\" height=\"340\" \/><\/a><figcaption id=\"caption-attachment-1879\" class=\"wp-caption-text\">Iliescu impreuna cu N. Ceausescu intr-o &#8222;vizita de lucru&#8221; in agricultura, in 1974<\/figcaption><\/figure>\r\n<h4 style=\"text-align: justify;\">Judecat\u0103 \u00een context, m\u0103sura nu e punitiv\u0103. La Ilie R\u0103dulescu acel \u201eurm\u00eend s\u0103 primeasc\u0103 alte \u00eens\u0103rcin\u0103ri&#8221; \u00eenseamn\u0103, fie \u015fi \u00een planul imaginii pe care \u015fi-o f\u0103cea nomenklatura despre un membru al ei, o m\u0103sura punitiv\u0103. In astfel de cazuri, nu conta ce se \u00eent\u00e2mpla \u00een realitate cu activistul despre care era vorba \u00een Comunicat. Conta cum ap\u0103rea m\u0103sura \u00een ochii nomenklaturii, lucru decisiv \u00een atitudinea ulterioar\u0103 fa\u0163\u0103 de cel sanc\u0163ionat.<\/h4>\r\n<h4 style=\"text-align: justify;\">S\u0103 admitem, de dragul jocului, c\u0103 Ion Iliescu n-a cerut s\u0103 fie trimis la o jude\u0163ean\u0103 de partid, c\u0103 Nicolae Ceau\u015fescu a folosit pretextul pentru a-l pedepsi. S\u0103 admitem c\u0103 Ion lliescu a tratat m\u0103sura ca fiind nedreapt\u0103 chiar din clipa c\u00e2nd aceasta i-a fost anun\u0163at\u0103. Nu de Comitetul Politic Executiv, cum s-ar crede, ci chiar de Nicolae Ceau\u015fescu, dac\u0103 ar fi s\u0103 judec\u0103m dup\u0103 atitudinea conduc\u0103torului fa\u0163\u0103 de el. Dac\u0103 lucrurile s-ar fi petrecut a\u015fa cum le rescrie, dup\u0103 mai mult de dou\u0103 decenii, Ion Iliescu, ar fi fost normal ca el s\u0103 refuze noua \u00eens\u0103rcinare \u015fi, de ce nu?, chiar s\u0103 demisioneze din r\u00e2ndurile nomenklaturii. N-a f\u0103cut-o. Fie c\u0103, \u00eentr-adev\u0103r, el \u00eensu\u015fi a cerut s\u0103 mearg\u0103 la Timi\u015f, pentru a c\u0103p\u0103ta experien\u0163a muncii \u00een realitate, fie c\u0103\u00a0 a luat \u00een calcul posibilitatea de a reveni ulterior \u00een fruntea bucatelor.<\/h4>\r\n<h4 style=\"text-align: justify;\"><em>Ion Cristoiu, Revista Historia, An XI, Nr. 109, ianuarie 2011<\/em><\/h4>        <div class=\"booster-block booster-reactions-block\">\n            <div class=\"twp-reactions-icons\">\n                \n                <div class=\"twp-reacts-wrap\">\n                    <a react-data=\"be-react-1\" post-id=\"3755\" class=\"be-face-icons un-reacted\" href=\"javascript:void(0)\">\n                        <img decoding=\"async\" src=\"https:\/\/desteptati-va.ro\/wp-content\/plugins\/booster-extension\/\/assets\/icon\/happy.svg\" alt=\"Happy\">\n                    <\/a>\n                    <div class=\"twp-reaction-title\">\n                        Happy                    <\/div>\n                    <div class=\"twp-count-percent\">\n                                                    <span style=\"display: none;\" class=\"twp-react-count\">0<\/span>\n                        \n                                                <span class=\"twp-react-percent\"><span>0<\/span> %<\/span>\n                                            <\/div>\n                <\/div>\n\n                <div class=\"twp-reacts-wrap\">\n                    <a react-data=\"be-react-2\" post-id=\"3755\" class=\"be-face-icons un-reacted\" href=\"javascript:void(0)\">\n                        <img decoding=\"async\" src=\"https:\/\/desteptati-va.ro\/wp-content\/plugins\/booster-extension\/\/assets\/icon\/sad.svg\" alt=\"Sad\">\n                    <\/a>\n                    <div class=\"twp-reaction-title\">\n                        Sad                    <\/div>\n                    <div class=\"twp-count-percent\">\n                                                    <span style=\"display: none;\" class=\"twp-react-count\">0<\/span>\n                                                                        <span class=\"twp-react-percent\"><span>0<\/span> %<\/span>\n                                            <\/div>\n                <\/div>\n\n                <div class=\"twp-reacts-wrap\">\n                    <a react-data=\"be-react-3\" post-id=\"3755\" class=\"be-face-icons un-reacted\" href=\"javascript:void(0)\">\n                        <img decoding=\"async\" src=\"https:\/\/desteptati-va.ro\/wp-content\/plugins\/booster-extension\/\/assets\/icon\/excited.svg\" alt=\"Excited\">\n                    <\/a>\n                    <div class=\"twp-reaction-title\">\n                        Excited                    <\/div>\n                    <div class=\"twp-count-percent\">\n                                                    <span style=\"display: none;\" class=\"twp-react-count\">0<\/span>\n                                                                        <span class=\"twp-react-percent\"><span>0<\/span> %<\/span>\n                                            <\/div>\n                <\/div>\n\n                <div class=\"twp-reacts-wrap\">\n                    <a react-data=\"be-react-6\" post-id=\"3755\" class=\"be-face-icons un-reacted\" href=\"javascript:void(0)\">\n                        <img decoding=\"async\" src=\"https:\/\/desteptati-va.ro\/wp-content\/plugins\/booster-extension\/\/assets\/icon\/sleepy.svg\" alt=\"Sleepy\">\n                    <\/a>\n                    <div class=\"twp-reaction-title\">\n                        Sleepy                    <\/div>\n                    <div class=\"twp-count-percent\">\n                                                    <span style=\"display: none;\" class=\"twp-react-count\">0<\/span>\n                        \n                                                <span class=\"twp-react-percent\"><span>0<\/span> %<\/span>\n                                            <\/div>\n                <\/div>\n\n                <div class=\"twp-reacts-wrap\">\n                    <a react-data=\"be-react-4\" post-id=\"3755\" class=\"be-face-icons un-reacted\" href=\"javascript:void(0)\">\n                        <img decoding=\"async\" src=\"https:\/\/desteptati-va.ro\/wp-content\/plugins\/booster-extension\/\/assets\/icon\/angry.svg\" alt=\"Angry\">\n                    <\/a>\n                    <div class=\"twp-reaction-title\">Angry<\/div>\n                    <div class=\"twp-count-percent\">\n                                                    <span style=\"display: none;\" class=\"twp-react-count\">0<\/span>\n                                                                        <span class=\"twp-react-percent\"><span>0<\/span> %<\/span>\n                        \n                    <\/div>\n                <\/div>\n\n                <div class=\"twp-reacts-wrap\">\n                    <a react-data=\"be-react-5\" post-id=\"3755\" class=\"be-face-icons un-reacted\" href=\"javascript:void(0)\">\n                        <img decoding=\"async\" src=\"https:\/\/desteptati-va.ro\/wp-content\/plugins\/booster-extension\/\/assets\/icon\/surprise.svg\" alt=\"Surprise\">\n                    <\/a>\n                    <div class=\"twp-reaction-title\">Surprise<\/div>\n                    <div class=\"twp-count-percent\">\n                                                    <span style=\"display: none;\" class=\"twp-react-count\">0<\/span>\n                                                                        <span class=\"twp-react-percent\"><span>0<\/span> %<\/span>\n                                            <\/div>\n                <\/div>\n\n            <\/div>\n        <\/div>\n\n    <\/div>","protected":false},"excerpt":{"rendered":"<p>E de accord cu Tezele din iulie Dialogul cu Vladimir Tism\u0103neanu, Marele \u015foc din finalul unui secol scurt &#8211; primul<a href=\"https:\/\/desteptati-va.ro\/index.php\/2021\/04\/16\/iliescu-partea-a-ii-a\/\">Read More<i class=\"fa fa-long-arrow-right\" aria-hidden=\"true\"><\/i><\/a><\/p>\n","protected":false},"author":1,"featured_media":1435,"comment_status":"open","ping_status":"open","sticky":false,"template":"","format":"standard","meta":{"_crdt_document":"","footnotes":""},"categories":[4],"tags":[870,850,851,590,663,852,853,854,855,856,59,60,857,858,221,284,859,860,583,861,862,789,863,864,865,866,867,868,869],"class_list":["post-3755","post","type-post","status-publish","format-standard","has-post-thumbnail","hentry","category-revolutionarul-iliescu","tag-870","tag-ascensiune","tag-birou-politic","tag-cc","tag-ceausescu","tag-comitetul-central","tag-comunist","tag-consfatuire","tag-cpex","tag-decizional","tag-desteptati","tag-desteptati-va","tag-dumitru-popescu","tag-ideolog","tag-iliescu","tag-ion","tag-liberalizare","tag-masuri","tag-nicolae","tag-nomenclatura","tag-nomenklatura","tag-pcr","tag-proces","tag-propaganda","tag-rpr","tag-rsr","tag-scanteia","tag-tezele-din-iulie","tag-tovaras"],"rise-blocks_total_comments":0,"rise-blocks_categories":[{"term_id":4,"name":"\"Revolutionarul\" Iliescu","slug":"revolutionarul-iliescu","term_group":0,"term_taxonomy_id":4,"taxonomy":"category","description":"","parent":3,"count":4,"filter":"raw"}],"rise-blocks_excerpt":"E de accord cu Tezele din iulie Dialogul cu Vladimir Tism\u0103neanu, Marele \u015foc din finalul unui secol scurt &#8211; primul \u015fi singurul interviu luat lui Ion Iliescu de un specialist \u00een comunismul rom\u00e2nesc &#8211; are \u015fi valoarea unor memorii mascate. Punct de referin\u0163\u0103 \u00een viziunea lui Ion Iliescu asupra propriului destin, volumul \u00eei d\u0103 posibilitatea de a caracteriza astfel momentul..","yoast_head":"<!-- This site is optimized with the Yoast SEO plugin v26.9 - https:\/\/yoast.com\/product\/yoast-seo-wordpress\/ -->\r\n<title>Iliescu - partea a II-a -<\/title>\r\n<meta name=\"robots\" content=\"index, follow, max-snippet:-1, max-image-preview:large, max-video-preview:-1\" \/>\r\n<link rel=\"canonical\" href=\"https:\/\/desteptati-va.ro\/index.php\/2021\/04\/16\/iliescu-partea-a-ii-a\/\" \/>\r\n<meta property=\"og:locale\" content=\"ro_RO\" \/>\r\n<meta property=\"og:type\" content=\"article\" \/>\r\n<meta property=\"og:title\" content=\"Iliescu - partea a II-a -\" \/>\r\n<meta property=\"og:description\" content=\"E de accord cu Tezele din iulie Dialogul cu Vladimir Tism\u0103neanu, Marele \u015foc din finalul unui secol scurt &#8211; primulRead More\" \/>\r\n<meta property=\"og:url\" content=\"https:\/\/desteptati-va.ro\/index.php\/2021\/04\/16\/iliescu-partea-a-ii-a\/\" \/>\r\n<meta property=\"article:published_time\" content=\"2021-04-16T10:05:49+00:00\" \/>\r\n<meta property=\"og:image\" content=\"https:\/\/desteptati-va.ro\/wp-content\/uploads\/2021\/04\/ilici4.jpg\" \/>\r\n\t<meta property=\"og:image:width\" content=\"300\" \/>\r\n\t<meta property=\"og:image:height\" content=\"243\" \/>\r\n\t<meta property=\"og:image:type\" content=\"image\/jpeg\" \/>\r\n<meta name=\"author\" content=\"wolfsoftcompany\" \/>\r\n<meta name=\"twitter:card\" content=\"summary_large_image\" \/>\r\n<meta name=\"twitter:label1\" content=\"Scris de\" \/>\n\t<meta name=\"twitter:data1\" content=\"wolfsoftcompany\" \/>\n\t<meta name=\"twitter:label2\" content=\"Timp estimat pentru citire\" \/>\n\t<meta name=\"twitter:data2\" content=\"15 minute\" \/>\r\n<script type=\"application\/ld+json\" class=\"yoast-schema-graph\">{\"@context\":\"https:\/\/schema.org\",\"@graph\":[{\"@type\":\"Article\",\"@id\":\"https:\/\/desteptati-va.ro\/index.php\/2021\/04\/16\/iliescu-partea-a-ii-a\/#article\",\"isPartOf\":{\"@id\":\"https:\/\/desteptati-va.ro\/index.php\/2021\/04\/16\/iliescu-partea-a-ii-a\/\"},\"author\":{\"name\":\"wolfsoftcompany\",\"@id\":\"https:\/\/desteptati-va.ro\/#\/schema\/person\/13182deeebd44920914899f7bb262d6b\"},\"headline\":\"Iliescu &#8211; partea a II-a\",\"datePublished\":\"2021-04-16T10:05:49+00:00\",\"mainEntityOfPage\":{\"@id\":\"https:\/\/desteptati-va.ro\/index.php\/2021\/04\/16\/iliescu-partea-a-ii-a\/\"},\"wordCount\":2967,\"commentCount\":0,\"image\":{\"@id\":\"https:\/\/desteptati-va.ro\/index.php\/2021\/04\/16\/iliescu-partea-a-ii-a\/#primaryimage\"},\"thumbnailUrl\":\"https:\/\/desteptati-va.ro\/wp-content\/uploads\/2021\/04\/ilici4.jpg\",\"keywords\":[\"1971\",\"ascensiune\",\"Birou Politic\",\"CC\",\"Ceausescu\",\"Comitetul Central\",\"comunist\",\"consfatuire\",\"CPEx\",\"decizional\",\"desteptati\",\"desteptati-va\",\"Dumitru Popescu\",\"ideolog\",\"Iliescu\",\"Ion\",\"liberalizare\",\"masuri\",\"Nicolae\",\"nomenclatura\",\"nomenklatura\",\"PCR\",\"proces\",\"propaganda\",\"RPR\",\"RSR\",\"Scanteia\",\"tezele din iulie\",\"tovaras\"],\"articleSection\":[\"\\\"Revolutionarul\\\" Iliescu\"],\"inLanguage\":\"ro-RO\",\"potentialAction\":[{\"@type\":\"CommentAction\",\"name\":\"Comment\",\"target\":[\"https:\/\/desteptati-va.ro\/index.php\/2021\/04\/16\/iliescu-partea-a-ii-a\/#respond\"]}]},{\"@type\":\"WebPage\",\"@id\":\"https:\/\/desteptati-va.ro\/index.php\/2021\/04\/16\/iliescu-partea-a-ii-a\/\",\"url\":\"https:\/\/desteptati-va.ro\/index.php\/2021\/04\/16\/iliescu-partea-a-ii-a\/\",\"name\":\"Iliescu - partea a II-a -\",\"isPartOf\":{\"@id\":\"https:\/\/desteptati-va.ro\/#website\"},\"primaryImageOfPage\":{\"@id\":\"https:\/\/desteptati-va.ro\/index.php\/2021\/04\/16\/iliescu-partea-a-ii-a\/#primaryimage\"},\"image\":{\"@id\":\"https:\/\/desteptati-va.ro\/index.php\/2021\/04\/16\/iliescu-partea-a-ii-a\/#primaryimage\"},\"thumbnailUrl\":\"https:\/\/desteptati-va.ro\/wp-content\/uploads\/2021\/04\/ilici4.jpg\",\"datePublished\":\"2021-04-16T10:05:49+00:00\",\"author\":{\"@id\":\"https:\/\/desteptati-va.ro\/#\/schema\/person\/13182deeebd44920914899f7bb262d6b\"},\"breadcrumb\":{\"@id\":\"https:\/\/desteptati-va.ro\/index.php\/2021\/04\/16\/iliescu-partea-a-ii-a\/#breadcrumb\"},\"inLanguage\":\"ro-RO\",\"potentialAction\":[{\"@type\":\"ReadAction\",\"target\":[\"https:\/\/desteptati-va.ro\/index.php\/2021\/04\/16\/iliescu-partea-a-ii-a\/\"]}]},{\"@type\":\"ImageObject\",\"inLanguage\":\"ro-RO\",\"@id\":\"https:\/\/desteptati-va.ro\/index.php\/2021\/04\/16\/iliescu-partea-a-ii-a\/#primaryimage\",\"url\":\"https:\/\/desteptati-va.ro\/wp-content\/uploads\/2021\/04\/ilici4.jpg\",\"contentUrl\":\"https:\/\/desteptati-va.ro\/wp-content\/uploads\/2021\/04\/ilici4.jpg\",\"width\":300,\"height\":243},{\"@type\":\"BreadcrumbList\",\"@id\":\"https:\/\/desteptati-va.ro\/index.php\/2021\/04\/16\/iliescu-partea-a-ii-a\/#breadcrumb\",\"itemListElement\":[{\"@type\":\"ListItem\",\"position\":1,\"name\":\"Prima pagin\u0103\",\"item\":\"https:\/\/desteptati-va.ro\/\"},{\"@type\":\"ListItem\",\"position\":2,\"name\":\"Iliescu &#8211; partea a II-a\"}]},{\"@type\":\"WebSite\",\"@id\":\"https:\/\/desteptati-va.ro\/#website\",\"url\":\"https:\/\/desteptati-va.ro\/\",\"name\":\"\",\"description\":\"\",\"potentialAction\":[{\"@type\":\"SearchAction\",\"target\":{\"@type\":\"EntryPoint\",\"urlTemplate\":\"https:\/\/desteptati-va.ro\/?s={search_term_string}\"},\"query-input\":{\"@type\":\"PropertyValueSpecification\",\"valueRequired\":true,\"valueName\":\"search_term_string\"}}],\"inLanguage\":\"ro-RO\"},{\"@type\":\"Person\",\"@id\":\"https:\/\/desteptati-va.ro\/#\/schema\/person\/13182deeebd44920914899f7bb262d6b\",\"name\":\"wolfsoftcompany\",\"image\":{\"@type\":\"ImageObject\",\"inLanguage\":\"ro-RO\",\"@id\":\"https:\/\/desteptati-va.ro\/#\/schema\/person\/image\/\",\"url\":\"https:\/\/secure.gravatar.com\/avatar\/a6cce9b6d101d27d91690e7073e300fed94c0899890bf998e082cb9d2c3d121e?s=96&d=mm&r=g\",\"contentUrl\":\"https:\/\/secure.gravatar.com\/avatar\/a6cce9b6d101d27d91690e7073e300fed94c0899890bf998e082cb9d2c3d121e?s=96&d=mm&r=g\",\"caption\":\"wolfsoftcompany\"},\"sameAs\":[\"http:\/\/desteptati-va.ro\"],\"url\":\"https:\/\/desteptati-va.ro\/index.php\/author\/wolfsoftcompany\/\"}]}<\/script>\r\n<!-- \/ Yoast SEO plugin. -->","yoast_head_json":{"title":"Iliescu - partea a II-a -","robots":{"index":"index","follow":"follow","max-snippet":"max-snippet:-1","max-image-preview":"max-image-preview:large","max-video-preview":"max-video-preview:-1"},"canonical":"https:\/\/desteptati-va.ro\/index.php\/2021\/04\/16\/iliescu-partea-a-ii-a\/","og_locale":"ro_RO","og_type":"article","og_title":"Iliescu - partea a II-a -","og_description":"E de accord cu Tezele din iulie Dialogul cu Vladimir Tism\u0103neanu, Marele \u015foc din finalul unui secol scurt &#8211; primulRead More","og_url":"https:\/\/desteptati-va.ro\/index.php\/2021\/04\/16\/iliescu-partea-a-ii-a\/","article_published_time":"2021-04-16T10:05:49+00:00","og_image":[{"width":300,"height":243,"url":"https:\/\/desteptati-va.ro\/wp-content\/uploads\/2021\/04\/ilici4.jpg","type":"image\/jpeg"}],"author":"wolfsoftcompany","twitter_card":"summary_large_image","twitter_misc":{"Scris de":"wolfsoftcompany","Timp estimat pentru citire":"15 minute"},"schema":{"@context":"https:\/\/schema.org","@graph":[{"@type":"Article","@id":"https:\/\/desteptati-va.ro\/index.php\/2021\/04\/16\/iliescu-partea-a-ii-a\/#article","isPartOf":{"@id":"https:\/\/desteptati-va.ro\/index.php\/2021\/04\/16\/iliescu-partea-a-ii-a\/"},"author":{"name":"wolfsoftcompany","@id":"https:\/\/desteptati-va.ro\/#\/schema\/person\/13182deeebd44920914899f7bb262d6b"},"headline":"Iliescu &#8211; partea a II-a","datePublished":"2021-04-16T10:05:49+00:00","mainEntityOfPage":{"@id":"https:\/\/desteptati-va.ro\/index.php\/2021\/04\/16\/iliescu-partea-a-ii-a\/"},"wordCount":2967,"commentCount":0,"image":{"@id":"https:\/\/desteptati-va.ro\/index.php\/2021\/04\/16\/iliescu-partea-a-ii-a\/#primaryimage"},"thumbnailUrl":"https:\/\/desteptati-va.ro\/wp-content\/uploads\/2021\/04\/ilici4.jpg","keywords":["1971","ascensiune","Birou Politic","CC","Ceausescu","Comitetul Central","comunist","consfatuire","CPEx","decizional","desteptati","desteptati-va","Dumitru Popescu","ideolog","Iliescu","Ion","liberalizare","masuri","Nicolae","nomenclatura","nomenklatura","PCR","proces","propaganda","RPR","RSR","Scanteia","tezele din iulie","tovaras"],"articleSection":["\"Revolutionarul\" Iliescu"],"inLanguage":"ro-RO","potentialAction":[{"@type":"CommentAction","name":"Comment","target":["https:\/\/desteptati-va.ro\/index.php\/2021\/04\/16\/iliescu-partea-a-ii-a\/#respond"]}]},{"@type":"WebPage","@id":"https:\/\/desteptati-va.ro\/index.php\/2021\/04\/16\/iliescu-partea-a-ii-a\/","url":"https:\/\/desteptati-va.ro\/index.php\/2021\/04\/16\/iliescu-partea-a-ii-a\/","name":"Iliescu - partea a II-a -","isPartOf":{"@id":"https:\/\/desteptati-va.ro\/#website"},"primaryImageOfPage":{"@id":"https:\/\/desteptati-va.ro\/index.php\/2021\/04\/16\/iliescu-partea-a-ii-a\/#primaryimage"},"image":{"@id":"https:\/\/desteptati-va.ro\/index.php\/2021\/04\/16\/iliescu-partea-a-ii-a\/#primaryimage"},"thumbnailUrl":"https:\/\/desteptati-va.ro\/wp-content\/uploads\/2021\/04\/ilici4.jpg","datePublished":"2021-04-16T10:05:49+00:00","author":{"@id":"https:\/\/desteptati-va.ro\/#\/schema\/person\/13182deeebd44920914899f7bb262d6b"},"breadcrumb":{"@id":"https:\/\/desteptati-va.ro\/index.php\/2021\/04\/16\/iliescu-partea-a-ii-a\/#breadcrumb"},"inLanguage":"ro-RO","potentialAction":[{"@type":"ReadAction","target":["https:\/\/desteptati-va.ro\/index.php\/2021\/04\/16\/iliescu-partea-a-ii-a\/"]}]},{"@type":"ImageObject","inLanguage":"ro-RO","@id":"https:\/\/desteptati-va.ro\/index.php\/2021\/04\/16\/iliescu-partea-a-ii-a\/#primaryimage","url":"https:\/\/desteptati-va.ro\/wp-content\/uploads\/2021\/04\/ilici4.jpg","contentUrl":"https:\/\/desteptati-va.ro\/wp-content\/uploads\/2021\/04\/ilici4.jpg","width":300,"height":243},{"@type":"BreadcrumbList","@id":"https:\/\/desteptati-va.ro\/index.php\/2021\/04\/16\/iliescu-partea-a-ii-a\/#breadcrumb","itemListElement":[{"@type":"ListItem","position":1,"name":"Prima pagin\u0103","item":"https:\/\/desteptati-va.ro\/"},{"@type":"ListItem","position":2,"name":"Iliescu &#8211; partea a II-a"}]},{"@type":"WebSite","@id":"https:\/\/desteptati-va.ro\/#website","url":"https:\/\/desteptati-va.ro\/","name":"","description":"","potentialAction":[{"@type":"SearchAction","target":{"@type":"EntryPoint","urlTemplate":"https:\/\/desteptati-va.ro\/?s={search_term_string}"},"query-input":{"@type":"PropertyValueSpecification","valueRequired":true,"valueName":"search_term_string"}}],"inLanguage":"ro-RO"},{"@type":"Person","@id":"https:\/\/desteptati-va.ro\/#\/schema\/person\/13182deeebd44920914899f7bb262d6b","name":"wolfsoftcompany","image":{"@type":"ImageObject","inLanguage":"ro-RO","@id":"https:\/\/desteptati-va.ro\/#\/schema\/person\/image\/","url":"https:\/\/secure.gravatar.com\/avatar\/a6cce9b6d101d27d91690e7073e300fed94c0899890bf998e082cb9d2c3d121e?s=96&d=mm&r=g","contentUrl":"https:\/\/secure.gravatar.com\/avatar\/a6cce9b6d101d27d91690e7073e300fed94c0899890bf998e082cb9d2c3d121e?s=96&d=mm&r=g","caption":"wolfsoftcompany"},"sameAs":["http:\/\/desteptati-va.ro"],"url":"https:\/\/desteptati-va.ro\/index.php\/author\/wolfsoftcompany\/"}]}},"_links":{"self":[{"href":"https:\/\/desteptati-va.ro\/index.php\/wp-json\/wp\/v2\/posts\/3755","targetHints":{"allow":["GET"]}}],"collection":[{"href":"https:\/\/desteptati-va.ro\/index.php\/wp-json\/wp\/v2\/posts"}],"about":[{"href":"https:\/\/desteptati-va.ro\/index.php\/wp-json\/wp\/v2\/types\/post"}],"author":[{"embeddable":true,"href":"https:\/\/desteptati-va.ro\/index.php\/wp-json\/wp\/v2\/users\/1"}],"replies":[{"embeddable":true,"href":"https:\/\/desteptati-va.ro\/index.php\/wp-json\/wp\/v2\/comments?post=3755"}],"version-history":[{"count":1,"href":"https:\/\/desteptati-va.ro\/index.php\/wp-json\/wp\/v2\/posts\/3755\/revisions"}],"predecessor-version":[{"id":3757,"href":"https:\/\/desteptati-va.ro\/index.php\/wp-json\/wp\/v2\/posts\/3755\/revisions\/3757"}],"wp:featuredmedia":[{"embeddable":true,"href":"https:\/\/desteptati-va.ro\/index.php\/wp-json\/wp\/v2\/media\/1435"}],"wp:attachment":[{"href":"https:\/\/desteptati-va.ro\/index.php\/wp-json\/wp\/v2\/media?parent=3755"}],"wp:term":[{"taxonomy":"category","embeddable":true,"href":"https:\/\/desteptati-va.ro\/index.php\/wp-json\/wp\/v2\/categories?post=3755"},{"taxonomy":"post_tag","embeddable":true,"href":"https:\/\/desteptati-va.ro\/index.php\/wp-json\/wp\/v2\/tags?post=3755"}],"curies":[{"name":"wp","href":"https:\/\/api.w.org\/{rel}","templated":true}]}}