{"id":3758,"date":"2021-04-16T10:07:21","date_gmt":"2021-04-16T10:07:21","guid":{"rendered":"http:\/\/desteptati.ro\/?p=3758"},"modified":"2022-01-19T09:24:50","modified_gmt":"2022-01-19T07:24:50","slug":"iliescu-partea-i","status":"publish","type":"post","link":"https:\/\/desteptati-va.ro\/index.php\/2021\/04\/16\/iliescu-partea-i\/","title":{"rendered":"Iliescu &#8211; partea I"},"content":{"rendered":"<div class=\"post-content\"><div class='booster-block booster-read-block'>\n                <div class=\"twp-read-time\">\n                \t<i class=\"booster-icon twp-clock\"><\/i> <span>Read Time:<\/span>12 Minute, 45 Second                <\/div>\n\n            <\/div><h4 style=\"text-align: justify;\">\u00cen biografia lui Ion Iliescu, scris\u0103 de el \u00eensu\u0219i, dar \u0219i de hagiografi, dup\u0103 decembrie 1989, momentul 15 iulie 1971 e v\u0103zut ca o pedeaps\u0103 administrat\u0103 de Nicolae Ceau\u0219escu, pentru c\u0103 s-ar fi opus \u00eentoarcerii PCR la dogmatismul stalinist. O radiografie a momentului respectiv ne arat\u0103 \u00eens\u0103 c\u0103 altul e adev\u0103rul. La cererea sa expres\u0103, Ion Iliescu e trimis la Comitetul jude\u021bean Timi\u0219, pe post de secretar cu Propaganda pentru a urma \u0219coala vie\u021bii, str\u0103in\u0103 unui aparatcik din sediul Comitetului Central al PCR. \u00cen viziunea lui Nicolae Ceau\u0219escu, absolvirea acestei \u0219coli (urmate \u0219i de Nicu Ceau\u0219escu) reprezenta o condi\u021bie sine qua non a promov\u0103rii ulterioare \u00een ierarhia de partid \u0219i de stat. E ceea ce se va \u00eent\u00e2mpla, de altfe, cu Ion Iliescu dup\u0103 stagiul de la Timi\u0219.<\/h4>\n<h4 style=\"text-align: justify;\"><\/h4>\n<figure id=\"attachment_1865\" aria-describedby=\"caption-attachment-1865\" style=\"width: 300px\" class=\"wp-caption aligncenter\"><a href=\"http:\/\/www.desteptati-va.ro\/wp-content\/uploads\/2011\/05\/iliescu.png\"><img loading=\"lazy\" decoding=\"async\" class=\"size-medium wp-image-1865\" title=\"Extras din ziarul Scanteia\" src=\"http:\/\/www.desteptati-va.ro\/wp-content\/uploads\/2011\/05\/iliescu-300x285.png\" alt=\"Extras din ziarul Scanteia\" width=\"300\" height=\"285\"><\/a><figcaption id=\"caption-attachment-1865\" class=\"wp-caption-text\">Extras din ziarul Scanteia<\/figcaption><\/figure>\n<h4 style=\"text-align: justify;\">&#8222;A\u0163i auzit aici pe c\u00ee\u0163iva tovar\u0103\u015fi care s-au ocupat \u015fi se ocup\u0103 acum de problemele activit\u0103\u0163ii ideologice la Comitetul Central; au vorbit pe larg unii dintre tovar\u0103\u015fi \u015fi despre neajunsurile din acest domeniu de activitate \u015fi despre lipsurile pe care le-au avut ei \u00een munc\u0103. Eu nu pot s\u0103 nu fiu de acord cu tovar\u0103\u015ful Trofin, care i-a atras&nbsp; aten\u0163ia tovar\u0103\u015fului Iliescu c\u0103 nu ne putem limita la a spune c\u0103, \u00een spiritul muncii colective, trebuie s\u0103 ne facem to\u0163i autocritica, c\u0103 ne prive\u015fte pe toti \u015fi s\u0103 lu\u0103m m\u0103suri s\u0103 \u00eendrept\u0103m activitatea. Tovar\u0103\u015ful Iliescu a lucrat c\u00ee\u0163iva ani la tineret &#8211; p\u00een\u0103 acum c\u00eeteva luni. El a activat \u00een trecut \u015fi la Sec\u0163ia de propagand\u0103, a fost \u015fi \u015feful sec\u0163iei. Numai de a vorbi la general c\u0103 trebuie s\u0103 educ\u0103m tineretul, nu se poate! Tovar\u0103\u015ful Iliescu are \u015fi el o r\u0103spundere pentru lipsurile care s-au manifestat \u00een organizarea activit\u0103\u0163ii \u00een r\u00eendul tineretului. In aceast\u0103 activitate s-a introdus un spirit \u00abintelectualist\u00bb, func\u0163ion\u0103resc, de neglijare a tineretului muncitoresc, de nesocotire a rolului s\u0103u &#8211; \u015fi aceasta \u00een timpul c\u00eend tovar\u0103\u015ful Iliescu a condus munca. \u015ei atunci c\u00eend dezbatem o problem\u0103 de asemenea importan\u0163\u0103 nu se poate ca un tovar\u0103\u015f care este \u00een conducerea partidului, care a r\u0103spuns de un sector de activitate, s\u0103 vorbeasc\u0103 despre ea ca \u015fi cum nici n-ar fi trecut pe acolo. Ce valabilitate mai are atunci teza noastr\u0103 c\u0103 p\u00een\u0103 la urm\u0103 seriozitatea unui comunist const\u0103 \u00een felul cum \u015ftie s\u0103-\u015fi analizeze propria activitate ? &#8222;.<\/h4>\n<h4 style=\"text-align: justify;\">Autorul r\u00e2ndurilor de mai sus nu e nimeni altul de\u00adc\u00e2t Nicolae Ceau\u015fescu. Fostul Secretar General al PCR le-a citit de la tribuna Consf\u0103tuirii de lucru a activului de partid din domeniul ideologiei \u015fi al activit\u0103\u0163ii politice \u015fi cultural-educative din 9 iulie 1971. Reuniunea constituie unul dintre punctele momentului complex r\u0103mas \u00een istorie sub sintagma Tezele din iulie.<\/h4>\n<h4 style=\"text-align: justify;\"><\/h4>\n<figure id=\"attachment_1866\" aria-describedby=\"caption-attachment-1866\" style=\"width: 238px\" class=\"wp-caption aligncenter\"><a href=\"http:\/\/www.desteptati-va.ro\/wp-content\/uploads\/2011\/05\/Untitled-1.png\"><img loading=\"lazy\" decoding=\"async\" class=\"size-medium wp-image-1866\" title=\"Joi 10 iunie 1971, &quot;Scanteia&quot; anunta inceperea vizitei lui Ceausescu in Coreea de Nord. Calatoria a fost urmata, in scurta vreme, de stoparea procesului de liberalizare inceput in dupa 1965\" src=\"http:\/\/www.desteptati-va.ro\/wp-content\/uploads\/2011\/05\/Untitled-1-238x300.png\" alt=\"Joi 10 iunie 1971, &quot;Scanteia&quot; anunta inceperea vizitei lui Ceausescu in Coreea de Nord. Calatoria a fost urmata, in scurta vreme, de stoparea procesului de liberalizare inceput in dupa 1965\" width=\"238\" height=\"300\"><\/a><figcaption id=\"caption-attachment-1866\" class=\"wp-caption-text\">Joi 10 iunie 1971, &#8222;Scanteia&#8221; anunta inceperea vizitei lui Ceausescu in Coreea de Nord. Calatoria a fost urmata, in scurta vreme, de stoparea procesului de liberalizare inceput in dupa 1965<\/figcaption><\/figure>\n<h4 style=\"text-align: justify;\">Cu trei zile \u00eenainte, \u00een 6 iulie 1971, far\u0103 o preg\u0103tire prealabil\u0103 a opiniei publice, Nicolae Ceau\u015fescu convoac\u0103 o \u015fedin\u0163\u0103 a Comitetului Politic Executiv, instan\u0163\u0103 colectiv\u0103 de conducere a PCR, situat\u0103 ca nivel decizional \u00eentre Biroul Politic \u015fi Comitetul Central, \u00een cadrul c\u0103reia prezint\u0103 documentul \u201ePropuneri de m\u0103suri pentru \u00eembun\u0103t\u0103\u0163irea activit\u0103\u0163ii politicoideologice, de educare marxist-leninist\u0103 a membrilor de partid, a tuturor oamenilor muncii&#8221;. Publicate \u00een \u201eSc\u00eenteia&#8221; din 7 iulie 1971, Propunerile, \u00een num\u0103r de 17, sunt considerate de speciali\u015ftii \u00een comunism drept documentul care pune cap\u0103t pentru totdeauna procesului de liberalizare \u00eenceput de Nicolae Ceau\u015fescu \u00een 1965.<\/h4>\n<h4 style=\"text-align: justify;\"><\/h4>\n<figure id=\"attachment_1867\" aria-describedby=\"caption-attachment-1867\" style=\"width: 300px\" class=\"wp-caption aligncenter\"><a href=\"http:\/\/www.desteptati-va.ro\/wp-content\/uploads\/2011\/05\/Untitled-2.png\"><img loading=\"lazy\" decoding=\"async\" class=\"size-medium wp-image-1867\" title=\"&quot;Propunerile de masuri...&quot; ale lui Ceausescu, publicate pe prima pagina de ziarul &quot;Scanteia&quot;\" src=\"http:\/\/www.desteptati-va.ro\/wp-content\/uploads\/2011\/05\/Untitled-2-300x162.png\" alt=\"&quot;Propunerile de masuri...&quot; ale lui Ceausescu, publicate pe prima pagina de ziarul &quot;Scanteia&quot;\" width=\"300\" height=\"162\"><\/a><figcaption id=\"caption-attachment-1867\" class=\"wp-caption-text\">&#8222;Propunerile de masuri&#8230;&#8221; ale lui Ceausescu, publicate pe prima pagina de ziarul &#8222;Scanteia&#8221;<\/figcaption><\/figure>\n<h4 style=\"text-align: justify;\">Comunicatul privind \u015fedin\u0163a CPEx se define\u015fte prin lapidaritatea tipic\u0103 textelor oficiale emise de un regim pe care nu-l caracterizeaz\u0103 transparen\u0163a. Potrivit documentului, \u201eComitetul Executiv a luat \u00een discu\u0163ie propunerile prezentate de tovar\u0103\u015ful Nicolae Ceau\u015fescu privind unele m\u0103suri pentru \u00eembun\u0103t\u0103\u0163irea activit\u0103\u0163ii politico-ideologice, de educare marxist-leninist\u0103 a membrilor de partid, a tuturor oamenilor muncii. Comitetul Executiv a adoptat \u00een unanimitate propunerile respective \u015fi a hot\u0103r\u00eet s\u0103 fie publicate \u00een pres\u0103 &#8222;.<\/h4>\n<h4 style=\"text-align: justify;\"><\/h4>\n<figure id=\"attachment_1868\" aria-describedby=\"caption-attachment-1868\" style=\"width: 300px\" class=\"wp-caption aligncenter\"><a href=\"http:\/\/www.desteptati-va.ro\/wp-content\/uploads\/2011\/05\/Untitled-3.png\"><img loading=\"lazy\" decoding=\"async\" class=\"size-medium wp-image-1868\" title=\"&quot;Scanteia&quot; scrie ca programul de masuri se bucura de &quot;acord deplin&quot; si ca va fi dus la indeplinire cu &quot;hotarare ferma&quot;\" src=\"http:\/\/www.desteptati-va.ro\/wp-content\/uploads\/2011\/05\/Untitled-3-300x175.png\" alt=\"&quot;Scanteia&quot; scrie ca programul de masuri se bucura de &quot;acord deplin&quot; si ca va fi dus la indeplinire cu &quot;hotarare ferma&quot;\" width=\"300\" height=\"175\"><\/a><figcaption id=\"caption-attachment-1868\" class=\"wp-caption-text\">&#8222;Scanteia&#8221; scrie ca programul de masuri se bucura de &#8222;acord deplin&#8221; si ca va fi dus la indeplinire cu &#8222;hotarare ferma&#8221;<\/figcaption><\/figure>\n<h4 style=\"text-align: justify;\"><strong>Un moment cu efecte \u0219i \u00een perioada postdecembrist\u0103<\/strong><\/h4>\n<h4 style=\"text-align: justify;\">Momentul Tezelor din iulie r\u0103m\u00e2ne \u00een istoria Rom\u00e2niei de dup\u0103 Al Doilea R\u0103zboi Mondial nu numai prin sf\u00e2r\u015fitul procesului de liberalizare, dar \u015fi printr-un alt fapt, care se va dovedi ulterior crucial pentru perioada postdecembrist\u0103: stoparea ascensiunii fulger\u0103toare a lui Ion Iliescu \u00een cadrul nomenklaturii PCR.<\/h4>\n<h4 style=\"text-align: justify;\"><\/h4>\n<figure id=\"attachment_1869\" aria-describedby=\"caption-attachment-1869\" style=\"width: 300px\" class=\"wp-caption aligncenter\"><a href=\"http:\/\/www.desteptati-va.ro\/wp-content\/uploads\/2011\/05\/ion_iliescu_la_o_adunare_cu_utc_sf._anilor_50_-_inc._60.jpg\"><img loading=\"lazy\" decoding=\"async\" class=\"size-medium wp-image-1869\" title=\"Ion Iliescu (centru), la o consfatuire a UTC, la sfarsitul anilor '50 - inceputul anilor '60\" src=\"http:\/\/www.desteptati-va.ro\/wp-content\/uploads\/2011\/05\/ion_iliescu_la_o_adunare_cu_utc_sf._anilor_50_-_inc._60-300x208.jpg\" alt=\"Ion Iliescu (centru), la o consfatuire a UTC, la sfarsitul anilor '50 - inceputul anilor '60\" width=\"300\" height=\"208\"><\/a><figcaption id=\"caption-attachment-1869\" class=\"wp-caption-text\">Ion Iliescu (centru), la o consfatuire a UTC, la sfarsitul anilor &#8217;50 &#8211; inceputul anilor &#8217;60<\/figcaption><\/figure>\n<h4 style=\"text-align: justify;\">Trecerea lui Ion Iliescu pe linie moart\u0103 \u00een ultimii ani ai regimului Ceau\u015fescu a \u00eempins \u00een plan secund destinul s\u0103u p\u00e2n\u0103 la 15 iulie 1971. Gra\u0163ie \u015fi propagandei FSN-iste din primii ani postdecembri\u015fti, s-a creat, prin binecunoscuta rescriere a trecutului \u00een interesul prezentului, imaginea unui Ion Iliescu activist m\u0103runt \u00een istoria comunist\u0103 a Rom\u00e2niei, ba chiar a unui tehnocrat r\u0103t\u0103cit printre tovar\u0103\u015fi. In realitate, Ion Iliescu a fost unul dintre cei mai \u00eensemna\u0163i lideri comuni\u015fti din perioada postbelic\u0103. El nu numai c\u0103 a intrat \u00een Mi\u015fcare &#8211; \u00eenc\u0103 din 1944 &#8211; pentru a-\u015fi transpune \u00een practic\u0103 sincerele convingeri comuniste, dar mai mult, \u00eentre membrii nomenklaturii, el se remarc\u0103 printr-o ascensiune continu\u0103, dup\u0103 1950, \u00een ierarhia de partid.<\/h4>\n<h4 style=\"text-align: justify;\">O ascensiune lent\u0103, dar sigur\u0103, \u00eenainte de venirea lui Ceausescu la putere: membru UTC (din august 1944), voluntar \u00een brigada de munc\u0103 \u201eVasile Roait\u0103&#8221; din Albania, voluntar pe \u015fantierul na\u0163ional al tineretului la C\u0103ile ferate (1947), membru al CC al UTC (21 martie 1949), secretar al Comitetului Unional al studen\u0163ilor si aspiran\u0163ilor romani afla\u0163i la studii \u00een URSS (1950), membru PCR (din 1953), membru al Biroului CC al UTC (1 martie 1954-28 martie 1960, secretar al CC al UTC (30 iunie 1954-28 martie 1960), reprezentant al UTC la Uniunea Interna\u0163ional\u0103 a studen\u0163ilor de la Praga (din iunie 1956), pre\u015fedinte al Comitetului de organizare al Asocia\u0163iilor Studen\u0163e\u015fti din RPR (15 august 1956), pre\u015fedinte al Consiliului Asocia\u0163iilor studen\u0163e\u015fti a Studen\u0163ilor din RPR (10 martie 1957), adjunct al \u015eefului Sec\u0163iei de Propagand\u0103 \u015fi Agita\u0163ie al CC al PCR (1960-1962), \u015fef al Sec\u0163iei de \u00eenv\u0103\u0163\u0103m\u00e2nt \u015fi S\u0103n\u0103tate din Direc\u0163ia de Propagand\u0103 \u015fi cultur\u0103 a CC al PCR (1962-1965), deputat MAN (din 3 februarie 1957 p\u00e2n\u0103 \u00een 1985).<\/h4>\n<h4 style=\"text-align: justify;\">Devenit \u015fef al partidului, Nicolae Ceau\u015fescu trece rapid la promovarea unor oameni tineri, loiali politicii, dar \u015fi persoanei sale, folosi\u0163i, printre altele, \u015fi \u00een b\u0103t\u0103lia cu baronii lui Gheorghiu-Dej. Ion Iliescu e unul dintre ace\u015fti oameni. Dup\u0103 1965, el cunoa\u015fte o ascensiune fulminant\u0103. Membru supleant al CC al PCR (23 iulie 1965-12 august 1969), membru al CC al PCR (12 august 1969-22 noiembrie 1984), membru supleant al CPEx (12 august 1969-28 noiembrie 1974), membru plin al CPEx (12 noiembrie 1974-23 noiembrie 1979), prim-secretar al CC al UTC (9 decembrie 1967-20 martie 1971), secretar al CC al PCR (11 februarie 1971-15 iulie 1971).<\/h4>\n<h4 style=\"text-align: justify;\"><strong>Un destin spectaculos de nomenklaturist<\/strong><\/h4>\n<h4 style=\"text-align: justify;\">Prin raportare la alte destine de nomenklaturi\u015fti din anii Ceau\u015fescu, cel al lui Ion Iliescu poate fi \u00eenscris \u00eentre destinele spectaculoase. Il egaleaz\u0103, din acest punct de vedere, doar cel al lui Dumitru Popescu, \u015fi-l dep\u0103\u015fe\u015fte doar cel al lui Nicolae Ceau\u015fescu.<\/h4>\n<h4 style=\"text-align: justify;\"><\/h4>\n<figure id=\"attachment_1870\" aria-describedby=\"caption-attachment-1870\" style=\"width: 300px\" class=\"wp-caption aligncenter\"><a href=\"http:\/\/www.desteptati-va.ro\/wp-content\/uploads\/2011\/05\/1968_ion_iliescu_-_grup_de_brigadieri-1024x685.jpg\"><img loading=\"lazy\" decoding=\"async\" class=\"size-medium wp-image-1870\" title=\"Ion Iliescu in anul 1968, inconjurat de un grup de brigadieri\" src=\"http:\/\/www.desteptati-va.ro\/wp-content\/uploads\/2011\/05\/1968_ion_iliescu_-_grup_de_brigadieri-1024x685-300x200.jpg\" alt=\"Ion Iliescu in anul 1968, inconjurat de un grup de brigadieri\" width=\"300\" height=\"200\"><\/a><figcaption id=\"caption-attachment-1870\" class=\"wp-caption-text\">Ion Iliescu in anul 1968, inconjurat de un grup de brigadieri<\/figcaption><\/figure>\n<h4 style=\"text-align: justify;\">Explica\u0163iile acestei cariere ie\u015fite din comun prin urcare ne\u00eentrerupt\u0103 trebuie c\u0103utate \u00eendeosebi \u00een personalitatea lui Ion Iliescu:<\/h4>\n<h4 style=\"text-align: justify;\">1) Indiscutabil, Ion Iliescu e un activist \u00eentruc\u00e2tva deosebit de cei promova\u0163i pe motive de origine s\u0103n\u0103toas\u0103. E un personaj inteligent, cultivat, cu vederi mai liberale dec\u00e2t al\u0163ii. E \u00eens\u0103, \u00een acela\u015fi timp, un comunist convins, crescut de mic \u00een cultul ideilor revolu\u0163ionare (tat\u0103l a fost ilegalist). Dup\u0103 1965, \u00een nomenklatura de v\u00e2rf a PCR au ap\u0103rut figuri noi, promovate de Nicolae Ceau\u015fescu din r\u00e2ndurile tehnocra\u0163ilor. Ion Iliescu nu se num\u0103r\u0103 printre speciali\u015ftii adu\u015fi de Nicolae Ceau\u015fescu \u00een conducerea partidului \u015fi statului din nevoia de modernizare a administra\u0163iei \u015fi a economiei. Ion Iliescu e ceea ce se cheam\u0103 un aparatcik, un activist de partid care-\u015fi croie\u015f\u00adte drum spre v\u00e2rf cu o tenacitate uimitoare, un activist care-\u015fi putea spune cu m\u00e2ndrie, asemenea lui Nicolae Ceau\u015fescu, \u201eun revolu\u0163ionar de profesie&#8221;.<\/h4>\n<h4 style=\"text-align: justify;\">2) Ambi\u0163ia ie\u015fit\u0103 din comun, supraomeneasc\u0103 &#8211; am spune &#8211; a lui Ion Iliescu de a ajunge tot mai sus \u00een ierarhia de partid, singura ierarhie pe care o recunoa\u015fte \u00een via\u0163\u0103.<\/h4>\n<h4 style=\"text-align: justify;\"><strong>Sur\u00e2sul lui Ion Iliescu \u2013 o masc\u0103 \u00een\u0219el\u0103toare<\/strong><\/h4>\n<h4 style=\"text-align: justify;\">Dumitru Popescu poveste\u015fte \u00een Memoriile sale un episod mai mult dec\u00e2t semnificativ pentru aceast\u0103 ambi\u0163ie cr\u00e2ncen\u0103 a lui Ion Iliescu de a parveni cu orice pre\u0163. La un moment dat &#8211; relateaz\u0103 Dumitru Popescu &#8211; s-a pus problema \u00eenlocuirii lui Pompiliu Macovei din fruntea Ministerului Culturii, dat fiind c\u0103 Nicolae Ceau\u015fescu \u201enu-l mai suporta&#8221; \u00een acest post. Dumitru Popescu se g\u00e2nde\u015fte c\u0103 pentru postul ocupat de Pompiliu Macovei un activist nimerit ar fi Ion Iliescu, prim-secretar al CC al UTC, \u201etrecut mult de v\u00e2rsta membrilor acestei organiza\u0163ii&#8221;.<\/h4>\n<h4 style=\"text-align: justify;\">Dumitru Popescu avea argumente temeinice pentru a propune lui Nicolae Ceau\u015fescu trecerea lui Ion lliescu din func\u0163ia de prim-secretar al CC al UTC \u00een cea de ministru al Culturii: <em>Ne<\/em> mai \u00eent\u00e2lneam c\u00e2teodat\u0103 (\u00eempreun\u0103 \u015fi cu Bujor Sion, \u015feful Sec\u0163iei de pres\u0103, pe care o coordonam) cu so\u0163iile, vedeam un film, st\u0103team de vorb\u0103. \u00eemi pl\u0103cea cum evoluase I.I. ca intelectual &#8211; citea, avea contacte cu tinerii scriitori \u015fi arti\u015fti \u00eentr-o manier\u0103 non\u015falant\u0103, prietenoas\u0103, \u00eel vedeam deschis ideilor noi. M\u0103 g\u00e2ndeam c\u0103 ar aduce un aer proasp\u0103t la minister, ar da un ton cordial rela\u0163iilor cu oamenii de art\u0103, destul de anoste pe atunci, \u015fi c\u0103 i-ar contura \u015fi lui o perspectiv\u0103 nu lipsit\u0103 de atractivitate la acea v\u00e2rst\u0103&#8221;.<\/h4>\n<h4 style=\"text-align: justify;\">Reac\u0163ia lui Nicolae Ceau\u015fescu la propunerea cu Ion lliescu \u00eel surprinde ni\u0163el pe Dumitru Popescu: \u201eN.C. m-a ascultat \u015fi a z\u00e2mbit amuzat, destins. Il convinsesem. \u00abDar crezi c\u0103 o s\u0103 vrea?\u00bb, m-a \u00eentrebat. Personal, nu vedeam vreun motiv de opozi\u0163ie. \u00abNu \u015ftiu dac\u0103 \u00eel cuno\u015fti destul de bine\u00bb, a ad\u0103ugat cu acela\u015fi aer senin. \u00abEu sunt de acord\u00bb, a afirmat cu o lejeritate pe care nu i-o mai remarcasem \u00een discu\u0163iile despre cadre. Vorbe\u015fte cu el. Dar o s\u0103 refuze. Cu siguran\u0163\u0103 vrea s\u0103 se \u00eentoarc\u0103 la Comitetul Central\u00bb &#8222;.<\/h4>\n<h4 style=\"text-align: justify;\">Reac\u0163ia lui Ion lliescu \u00eel surprinde \u00eens\u0103 total, p\u00e2n\u0103 \u00een marginea descump\u0103nirii: \u201eZis \u015fi f\u0103cut. &nbsp;Am g\u0103sit o ocazie \u015fi l-am abordat. In timp ce vorbeam, prezent\u0103ndu-i ministerul \u015fi exprim\u00e2ndu-mi convingerea c\u0103 munca acolo i-ar veni ca o m\u0103nu\u015f\u0103, s-a \u00eentunecat la fa\u0163\u0103.<\/h4>\n<h4 style=\"text-align: justify;\">Nu mai v\u0103zusem penumbra aceasta pe chipul lui, de obicei iradiant. Tr\u0103s\u0103turile i se \u00een\u0103spriser\u0103, avea o expresie de severitate ostil\u0103, care m-a descump\u0103nit, \u00een fa\u0163a mea se afla alt om dec\u00e2t cel perceput de un deceniu \u015fi jum\u0103tate. \u00ab\u00een primul r\u00e2nd\u00bb, a replicat cu un ton iritat,de om ad\u00e2nc jignit, \u00abde ce nu m-a chemat el ? De ce te-a trimis pe tine s\u0103-mi faci propunerea?\u00bb \u015fi chiar a\u015ftepta un r\u0103spuns, explica\u0163ii. Imi cerea cam mult, \u00een mod normal nu puteam vorbi \u00een numele celui invocat. Cu toate acestea, am facut-o, men\u0163ion\u00e2nd c\u0103 eu doar \u00eel tatonez, iar N.C. se rezerva pentru etapa a doua. &nbsp;A &nbsp;acceptat &nbsp;oarecum ra\u0163ionamentul &nbsp;\u015fi s-a mai \u00eembl\u00e2nzit. Dar duritatea hot\u0103r\u00e2rii deja luat\u0103 r\u0103m\u00e2nea neclintit\u0103. \u00abNu, nu m\u0103 intereseaz\u0103 Ministerul Culturii\u00bb, mi-a spus. \u00abSpune-i c\u0103 singurul loc unde vreau s\u0103 lucrez este Comitetul Central. Eu sunt activist, \u015fi asta am s\u0103 r\u0103m\u00e2n\u00bb &#8222;.<\/h4>\n<h4 style=\"text-align: justify;\">Dumitru Popescu e \u015fi un scriitor, nu numai un memorialist. Fragmentul din Memorii ne dezv\u0103luie un Ion Iliescu deosebit de Z\u00e2mbitorul post-decembrist sau Z\u00e2mb\u0103re\u0163ul, cum a fost poreclit. Sur\u00e2sul lui Ion Iliescu e o masc\u0103 \u00een\u015fel\u0103toare!<\/h4>\n<h4 style=\"text-align: justify;\">Dumitru Popescu \u00eei duce lui Nicolae Ceau\u015fescu r\u0103spunsul dat de Ion lliescu. Din nou, Nicolae Ceau\u015fescu \u00eel descump\u0103ne\u015fte prin reac\u0163ia sa: \u201eC\u00e2nd i-am transmis mesajul, a r\u00e2s cu poft\u0103, deloc surprins sau afectat, cu aceea\u015fi destins\u0103 bun\u0103voin\u0163\u0103 ca prima dat\u0103. \u00ab\u0162i-am spus c\u0103 nu-l cuno\u015fti. Bine! O s\u0103 vedem ce facem. Am s\u0103 stau de vorb\u0103 cu el\u00bb &#8222;.<\/h4>\n<h4 style=\"text-align: justify;\">Dup\u0103 1989, asemenea altor lideri PCR, Dumitru Popescu a f\u0103cut pu\u015fc\u0103rie pe nedrept, \u00eempins \u00een celul\u0103, ca \u015fi ceilalti, din nevoia lui Ion lliescu de a supravie\u0163ui la putere prin executarea cu s\u00e2nge rece a fo\u015ftilor tovar\u0103\u015fi de nomenklatur\u0103.<\/h4>\n<h4 style=\"text-align: justify;\">Din perspectiva acestei experien\u0163e, Dumitru Popescu noteaz\u0103 \u00een Memoriile sale: \u201e\u015ei-acum m\u0103 uime\u015fte precizia in<em>tui\u0163iei<\/em> sau a documenta\u0163iei, cine \u015ftie? dovedit\u0103 atunci de N.C. in cazul lui Iliescu. Nu \u00een\u0163elegeam cum de m\u0103 situam eu at\u00e2t de departe de realitate, de adev\u0103ratul I.I. Pusesem prea mult temei pe z\u00e2mbetele \u015fi r\u00e2sul lui, v\u0103zusem \u00een el un om mai ma<span style=\"text-decoration: underline;\">leabil<\/span> \u015fi permeabil, accesibil, deloc dezinteresat, dispus la concesii. Sc\u0103pa observa\u0163iei mele psihologice alter ego-ul s\u0103u. Lui Ceau\u015fescu nu-i sc\u0103pa, el nu se l\u0103sa iluzionat de poz\u0103, p\u0103trundea esen\u0163a. Probabil c\u0103 aspira\u0163iile lui lliescu se suprapuneau pe inten\u0163iile sale, fiindc\u0103 la pu\u0163in timp dup\u0103 cele \u00eent\u00e2mplate, o plenar\u0103 l-a des\u0103rcinat din func\u0163ia de prim-secretar al UTC si l-a ales secretar CC cu propaganda&#8221;.<\/h4>\n<h4 style=\"text-align: justify;\">A\u015fadar, la Consf\u0103tuirea din 9 iulie 1971, Ion Iliescu ocup\u0103 unul dintre cele mai importante posturi \u00een ierarhia regimului comunist: secretar cu Propaganda al CC al PCR. Ajunsese \u00een aceast\u0103 func\u0163ie prin promovarea de la \u015fefia UTC. O promovare ie\u015fit\u0103 din comun, dorit\u0103 de el cu ardoare, pentru c\u0103 \u00eensemna trecerea de la UTC la PCR.<\/h4>\n<h4 style=\"text-align: justify;\">La expirarea v\u00e2rstei UTC-iste, mul\u0163i prim-secretari ai CC al PCR erau trimi\u015fi \u00een jude\u0163e. Ion Iliescu are privilegiul de a fi trecut direct \u00een munca de partid de la nivel central \u015fi nu oricum, ci \u00een ditamai postul de secretar al CC al PCR. Al\u0103turi al\u0163i lideri comuni\u015fti, Ion lliescu ia cuv\u00e2ntul la reuniune pentru a-\u015fi expune pozi\u0163ia fa\u0163\u0103 de Propunerile prezentate de Nicolae Ceau\u015fescu la \u015fedin\u0163a CPEx din 6 iulie 1971. Publicat\u0103 \u00een \u201eSc\u00eenteia&#8221; din 11 iulie 1971, interven\u0163ia lui Ion lliescu nu las\u0103 s\u0103 se vad\u0103 nici un dezacord fa\u0163\u0103 de Tezele din iulie.<\/h4>\n<h4 style=\"text-align: justify;\">Declar\u0103 Ion Iliescu chiar \u00een primele r\u00e2nduri ale discursului s\u0103u: \u201eDezbatem, \u00een aceast\u0103 consf\u0103tuire de lucru, probleme de excep\u0163ional\u0103 \u00eensemn\u0103tate pentru activitatea general\u0103 a partidului, pentru ridicarea nivelului muncii politico-ideologice \u015fi cultural-educative, pentru orientarea activit\u0103\u0163ii tuturor celor ce lucreaz\u0103 \u00een diverse sectoare ale frontului nostru ideologic. Propunerile de m\u0103suri prezentate de tovar\u0103\u015ful Nicolae Ceau\u015fescu \u015fi adoptate de Comitetul Executiv constituie un important sprijin pentru orientarea clar\u0103, ferm\u0103, principial\u0103, de pe pozi\u0163ii partinice, a amplei activit\u0103\u0163i de educare, de formare a con\u015ftiin\u0163ei oamenilor, proces deosebit de complex, dar \u015fi deosebit de important pentru actua\u00adla etap\u0103 a dezvolt\u0103rii societ\u0103\u0163ii noastre. Traducerea \u00een via\u0163\u0103 a acestor m\u0103suri are o importan\u0163\u0103 deosebit\u0103 pentru cre\u015fterea continu\u0103 a rolului partidului ca factor con\u015ftient, dinamizator, organizator al \u00eentregii activit\u0103\u0163i de f\u0103urire a societ\u0103\u0163ii socialiste multilateral dezvoltate.&#8221; Ion Iliescu \u00ee\u015fi exprim\u0103 deplinul acord nu numai cu Propunerile avansate de Nicolae Ceau\u015fescu, dar \u015fi cu \u00eentreaga analiz\u0103 critic\u0103 pe temeiurile c\u0103reia fostul Secretar General al Partidului declan\u015fa un vast \u00eenghe\u0163 politico-ideologic.<\/h4>\n<h4 style=\"text-align: justify;\"><em>Ion Cristoiu, Revista Historia, An XI, Nr. 109, ianuarie 2011<\/em><\/h4>        <div class=\"booster-block booster-reactions-block\">\n            <div class=\"twp-reactions-icons\">\n                \n                <div class=\"twp-reacts-wrap\">\n                    <a react-data=\"be-react-1\" post-id=\"3758\" class=\"be-face-icons un-reacted\" href=\"javascript:void(0)\">\n                        <img decoding=\"async\" src=\"https:\/\/desteptati-va.ro\/wp-content\/plugins\/booster-extension\/\/assets\/icon\/happy.svg\" alt=\"Happy\">\n                    <\/a>\n                    <div class=\"twp-reaction-title\">\n                        Happy                    <\/div>\n                    <div class=\"twp-count-percent\">\n                                                    <span style=\"display: none;\" class=\"twp-react-count\">0<\/span>\n                        \n                                                <span class=\"twp-react-percent\"><span>0<\/span> %<\/span>\n                                            <\/div>\n                <\/div>\n\n                <div class=\"twp-reacts-wrap\">\n                    <a react-data=\"be-react-2\" post-id=\"3758\" class=\"be-face-icons un-reacted\" href=\"javascript:void(0)\">\n                        <img decoding=\"async\" src=\"https:\/\/desteptati-va.ro\/wp-content\/plugins\/booster-extension\/\/assets\/icon\/sad.svg\" alt=\"Sad\">\n                    <\/a>\n                    <div class=\"twp-reaction-title\">\n                        Sad                    <\/div>\n                    <div class=\"twp-count-percent\">\n                                                    <span style=\"display: none;\" class=\"twp-react-count\">0<\/span>\n                                                                        <span class=\"twp-react-percent\"><span>0<\/span> %<\/span>\n                                            <\/div>\n                <\/div>\n\n                <div class=\"twp-reacts-wrap\">\n                    <a react-data=\"be-react-3\" post-id=\"3758\" class=\"be-face-icons un-reacted\" href=\"javascript:void(0)\">\n                        <img decoding=\"async\" src=\"https:\/\/desteptati-va.ro\/wp-content\/plugins\/booster-extension\/\/assets\/icon\/excited.svg\" alt=\"Excited\">\n                    <\/a>\n                    <div class=\"twp-reaction-title\">\n                        Excited                    <\/div>\n                    <div class=\"twp-count-percent\">\n                                                    <span style=\"display: none;\" class=\"twp-react-count\">0<\/span>\n                                                                        <span class=\"twp-react-percent\"><span>0<\/span> %<\/span>\n                                            <\/div>\n                <\/div>\n\n                <div class=\"twp-reacts-wrap\">\n                    <a react-data=\"be-react-6\" post-id=\"3758\" class=\"be-face-icons un-reacted\" href=\"javascript:void(0)\">\n                        <img decoding=\"async\" src=\"https:\/\/desteptati-va.ro\/wp-content\/plugins\/booster-extension\/\/assets\/icon\/sleepy.svg\" alt=\"Sleepy\">\n                    <\/a>\n                    <div class=\"twp-reaction-title\">\n                        Sleepy                    <\/div>\n                    <div class=\"twp-count-percent\">\n                                                    <span style=\"display: none;\" class=\"twp-react-count\">0<\/span>\n                        \n                                                <span class=\"twp-react-percent\"><span>0<\/span> %<\/span>\n                                            <\/div>\n                <\/div>\n\n                <div class=\"twp-reacts-wrap\">\n                    <a react-data=\"be-react-4\" post-id=\"3758\" class=\"be-face-icons un-reacted\" href=\"javascript:void(0)\">\n                        <img decoding=\"async\" src=\"https:\/\/desteptati-va.ro\/wp-content\/plugins\/booster-extension\/\/assets\/icon\/angry.svg\" alt=\"Angry\">\n                    <\/a>\n                    <div class=\"twp-reaction-title\">Angry<\/div>\n                    <div class=\"twp-count-percent\">\n                                                    <span style=\"display: none;\" class=\"twp-react-count\">0<\/span>\n                                                                        <span class=\"twp-react-percent\"><span>0<\/span> %<\/span>\n                        \n                    <\/div>\n                <\/div>\n\n                <div class=\"twp-reacts-wrap\">\n                    <a react-data=\"be-react-5\" post-id=\"3758\" class=\"be-face-icons un-reacted\" href=\"javascript:void(0)\">\n                        <img decoding=\"async\" src=\"https:\/\/desteptati-va.ro\/wp-content\/plugins\/booster-extension\/\/assets\/icon\/surprise.svg\" alt=\"Surprise\">\n                    <\/a>\n                    <div class=\"twp-reaction-title\">Surprise<\/div>\n                    <div class=\"twp-count-percent\">\n                                                    <span style=\"display: none;\" class=\"twp-react-count\">0<\/span>\n                                                                        <span class=\"twp-react-percent\"><span>0<\/span> %<\/span>\n                                            <\/div>\n                <\/div>\n\n            <\/div>\n        <\/div>\n\n    <\/div>","protected":false},"excerpt":{"rendered":"<p>\u00cen biografia lui Ion Iliescu, scris\u0103 de el \u00eensu\u0219i, dar \u0219i de hagiografi, dup\u0103 decembrie 1989, momentul 15 iulie 1971<a href=\"https:\/\/desteptati-va.ro\/index.php\/2021\/04\/16\/iliescu-partea-i\/\">Read More<i class=\"fa fa-long-arrow-right\" aria-hidden=\"true\"><\/i><\/a><\/p>\n","protected":false},"author":1,"featured_media":1660,"comment_status":"open","ping_status":"open","sticky":false,"template":"","format":"standard","meta":{"_crdt_document":"","footnotes":""},"categories":[4],"tags":[850,851,590,663,852,853,855,856,59,60,857,858,221,284,859,860,583,861,862,789,863,865,866,867,868,869],"class_list":["post-3758","post","type-post","status-publish","format-standard","has-post-thumbnail","hentry","category-revolutionarul-iliescu","tag-ascensiune","tag-birou-politic","tag-cc","tag-ceausescu","tag-comitetul-central","tag-comunist","tag-cpex","tag-decizional","tag-desteptati","tag-desteptati-va","tag-dumitru-popescu","tag-ideolog","tag-iliescu","tag-ion","tag-liberalizare","tag-masuri","tag-nicolae","tag-nomenclatura","tag-nomenklatura","tag-pcr","tag-proces","tag-rpr","tag-rsr","tag-scanteia","tag-tezele-din-iulie","tag-tovaras"],"rise-blocks_total_comments":0,"rise-blocks_categories":[{"term_id":4,"name":"\"Revolutionarul\" Iliescu","slug":"revolutionarul-iliescu","term_group":0,"term_taxonomy_id":4,"taxonomy":"category","description":"","parent":3,"count":4,"filter":"raw"}],"rise-blocks_excerpt":"\u00cen biografia lui Ion Iliescu, scris\u0103 de el \u00eensu\u0219i, dar \u0219i de hagiografi, dup\u0103 decembrie 1989, momentul 15 iulie 1971 e v\u0103zut ca o pedeaps\u0103 administrat\u0103 de Nicolae Ceau\u0219escu, pentru c\u0103 s-ar fi opus \u00eentoarcerii PCR la dogmatismul stalinist. O radiografie a momentului respectiv ne arat\u0103 \u00eens\u0103 c\u0103 altul e adev\u0103rul. La cererea sa expres\u0103, Ion Iliescu e trimis la..","yoast_head":"<!-- This site is optimized with the Yoast SEO plugin v26.9 - https:\/\/yoast.com\/product\/yoast-seo-wordpress\/ -->\r\n<title>Iliescu - partea I -<\/title>\r\n<meta name=\"robots\" content=\"index, follow, max-snippet:-1, max-image-preview:large, max-video-preview:-1\" \/>\r\n<link rel=\"canonical\" href=\"https:\/\/desteptati-va.ro\/index.php\/2021\/04\/16\/iliescu-partea-i\/\" \/>\r\n<meta property=\"og:locale\" content=\"ro_RO\" \/>\r\n<meta property=\"og:type\" content=\"article\" \/>\r\n<meta property=\"og:title\" content=\"Iliescu - partea I -\" \/>\r\n<meta property=\"og:description\" content=\"\u00cen biografia lui Ion Iliescu, scris\u0103 de el \u00eensu\u0219i, dar \u0219i de hagiografi, dup\u0103 decembrie 1989, momentul 15 iulie 1971Read More\" \/>\r\n<meta property=\"og:url\" content=\"https:\/\/desteptati-va.ro\/index.php\/2021\/04\/16\/iliescu-partea-i\/\" \/>\r\n<meta property=\"article:published_time\" content=\"2021-04-16T10:07:21+00:00\" \/>\r\n<meta property=\"article:modified_time\" content=\"2022-01-19T07:24:50+00:00\" \/>\r\n<meta property=\"og:image\" content=\"https:\/\/desteptati-va.ro\/wp-content\/uploads\/2021\/04\/web-ion-iliescu-octav-ganea.jpg\" \/>\r\n\t<meta property=\"og:image:width\" content=\"510\" \/>\r\n\t<meta property=\"og:image:height\" content=\"382\" \/>\r\n\t<meta property=\"og:image:type\" content=\"image\/jpeg\" \/>\r\n<meta name=\"author\" content=\"wolfsoftcompany\" \/>\r\n<meta name=\"twitter:card\" content=\"summary_large_image\" \/>\r\n<meta name=\"twitter:label1\" content=\"Scris de\" \/>\n\t<meta name=\"twitter:data1\" content=\"wolfsoftcompany\" \/>\n\t<meta name=\"twitter:label2\" content=\"Timp estimat pentru citire\" \/>\n\t<meta name=\"twitter:data2\" content=\"14 minute\" \/>\r\n<script type=\"application\/ld+json\" class=\"yoast-schema-graph\">{\"@context\":\"https:\/\/schema.org\",\"@graph\":[{\"@type\":\"Article\",\"@id\":\"https:\/\/desteptati-va.ro\/index.php\/2021\/04\/16\/iliescu-partea-i\/#article\",\"isPartOf\":{\"@id\":\"https:\/\/desteptati-va.ro\/index.php\/2021\/04\/16\/iliescu-partea-i\/\"},\"author\":{\"name\":\"wolfsoftcompany\",\"@id\":\"https:\/\/desteptati-va.ro\/#\/schema\/person\/13182deeebd44920914899f7bb262d6b\"},\"headline\":\"Iliescu &#8211; partea I\",\"datePublished\":\"2021-04-16T10:07:21+00:00\",\"dateModified\":\"2022-01-19T07:24:50+00:00\",\"mainEntityOfPage\":{\"@id\":\"https:\/\/desteptati-va.ro\/index.php\/2021\/04\/16\/iliescu-partea-i\/\"},\"wordCount\":2746,\"commentCount\":0,\"image\":{\"@id\":\"https:\/\/desteptati-va.ro\/index.php\/2021\/04\/16\/iliescu-partea-i\/#primaryimage\"},\"thumbnailUrl\":\"https:\/\/desteptati-va.ro\/wp-content\/uploads\/2021\/04\/web-ion-iliescu-octav-ganea.jpg\",\"keywords\":[\"ascensiune\",\"Birou Politic\",\"CC\",\"Ceausescu\",\"Comitetul Central\",\"comunist\",\"CPEx\",\"decizional\",\"desteptati\",\"desteptati-va\",\"Dumitru Popescu\",\"ideolog\",\"Iliescu\",\"Ion\",\"liberalizare\",\"masuri\",\"Nicolae\",\"nomenclatura\",\"nomenklatura\",\"PCR\",\"proces\",\"RPR\",\"RSR\",\"Scanteia\",\"tezele din iulie\",\"tovaras\"],\"articleSection\":[\"\\\"Revolutionarul\\\" Iliescu\"],\"inLanguage\":\"ro-RO\",\"potentialAction\":[{\"@type\":\"CommentAction\",\"name\":\"Comment\",\"target\":[\"https:\/\/desteptati-va.ro\/index.php\/2021\/04\/16\/iliescu-partea-i\/#respond\"]}]},{\"@type\":\"WebPage\",\"@id\":\"https:\/\/desteptati-va.ro\/index.php\/2021\/04\/16\/iliescu-partea-i\/\",\"url\":\"https:\/\/desteptati-va.ro\/index.php\/2021\/04\/16\/iliescu-partea-i\/\",\"name\":\"Iliescu - partea I -\",\"isPartOf\":{\"@id\":\"https:\/\/desteptati-va.ro\/#website\"},\"primaryImageOfPage\":{\"@id\":\"https:\/\/desteptati-va.ro\/index.php\/2021\/04\/16\/iliescu-partea-i\/#primaryimage\"},\"image\":{\"@id\":\"https:\/\/desteptati-va.ro\/index.php\/2021\/04\/16\/iliescu-partea-i\/#primaryimage\"},\"thumbnailUrl\":\"https:\/\/desteptati-va.ro\/wp-content\/uploads\/2021\/04\/web-ion-iliescu-octav-ganea.jpg\",\"datePublished\":\"2021-04-16T10:07:21+00:00\",\"dateModified\":\"2022-01-19T07:24:50+00:00\",\"author\":{\"@id\":\"https:\/\/desteptati-va.ro\/#\/schema\/person\/13182deeebd44920914899f7bb262d6b\"},\"breadcrumb\":{\"@id\":\"https:\/\/desteptati-va.ro\/index.php\/2021\/04\/16\/iliescu-partea-i\/#breadcrumb\"},\"inLanguage\":\"ro-RO\",\"potentialAction\":[{\"@type\":\"ReadAction\",\"target\":[\"https:\/\/desteptati-va.ro\/index.php\/2021\/04\/16\/iliescu-partea-i\/\"]}]},{\"@type\":\"ImageObject\",\"inLanguage\":\"ro-RO\",\"@id\":\"https:\/\/desteptati-va.ro\/index.php\/2021\/04\/16\/iliescu-partea-i\/#primaryimage\",\"url\":\"https:\/\/desteptati-va.ro\/wp-content\/uploads\/2021\/04\/web-ion-iliescu-octav-ganea.jpg\",\"contentUrl\":\"https:\/\/desteptati-va.ro\/wp-content\/uploads\/2021\/04\/web-ion-iliescu-octav-ganea.jpg\",\"width\":510,\"height\":382,\"caption\":\"Consiliul National al partidului, joi, 14 mai 2009, in Bucuresti. Social-democratii au aratat la Consiliul National extins al partidului, care a confirmat propunerea ca Mircea Geoana sa candideze la prezidentiale, ca au invatat sa se concentreze asupra esentialului, parasind in masa pavilionul Romexpo dupa discursul prezidentiabilului.\"},{\"@type\":\"BreadcrumbList\",\"@id\":\"https:\/\/desteptati-va.ro\/index.php\/2021\/04\/16\/iliescu-partea-i\/#breadcrumb\",\"itemListElement\":[{\"@type\":\"ListItem\",\"position\":1,\"name\":\"Prima pagin\u0103\",\"item\":\"https:\/\/desteptati-va.ro\/\"},{\"@type\":\"ListItem\",\"position\":2,\"name\":\"Iliescu &#8211; partea I\"}]},{\"@type\":\"WebSite\",\"@id\":\"https:\/\/desteptati-va.ro\/#website\",\"url\":\"https:\/\/desteptati-va.ro\/\",\"name\":\"\",\"description\":\"\",\"potentialAction\":[{\"@type\":\"SearchAction\",\"target\":{\"@type\":\"EntryPoint\",\"urlTemplate\":\"https:\/\/desteptati-va.ro\/?s={search_term_string}\"},\"query-input\":{\"@type\":\"PropertyValueSpecification\",\"valueRequired\":true,\"valueName\":\"search_term_string\"}}],\"inLanguage\":\"ro-RO\"},{\"@type\":\"Person\",\"@id\":\"https:\/\/desteptati-va.ro\/#\/schema\/person\/13182deeebd44920914899f7bb262d6b\",\"name\":\"wolfsoftcompany\",\"image\":{\"@type\":\"ImageObject\",\"inLanguage\":\"ro-RO\",\"@id\":\"https:\/\/desteptati-va.ro\/#\/schema\/person\/image\/\",\"url\":\"https:\/\/secure.gravatar.com\/avatar\/a6cce9b6d101d27d91690e7073e300fed94c0899890bf998e082cb9d2c3d121e?s=96&d=mm&r=g\",\"contentUrl\":\"https:\/\/secure.gravatar.com\/avatar\/a6cce9b6d101d27d91690e7073e300fed94c0899890bf998e082cb9d2c3d121e?s=96&d=mm&r=g\",\"caption\":\"wolfsoftcompany\"},\"sameAs\":[\"http:\/\/desteptati-va.ro\"],\"url\":\"https:\/\/desteptati-va.ro\/index.php\/author\/wolfsoftcompany\/\"}]}<\/script>\r\n<!-- \/ Yoast SEO plugin. -->","yoast_head_json":{"title":"Iliescu - partea I -","robots":{"index":"index","follow":"follow","max-snippet":"max-snippet:-1","max-image-preview":"max-image-preview:large","max-video-preview":"max-video-preview:-1"},"canonical":"https:\/\/desteptati-va.ro\/index.php\/2021\/04\/16\/iliescu-partea-i\/","og_locale":"ro_RO","og_type":"article","og_title":"Iliescu - partea I -","og_description":"\u00cen biografia lui Ion Iliescu, scris\u0103 de el \u00eensu\u0219i, dar \u0219i de hagiografi, dup\u0103 decembrie 1989, momentul 15 iulie 1971Read More","og_url":"https:\/\/desteptati-va.ro\/index.php\/2021\/04\/16\/iliescu-partea-i\/","article_published_time":"2021-04-16T10:07:21+00:00","article_modified_time":"2022-01-19T07:24:50+00:00","og_image":[{"width":510,"height":382,"url":"https:\/\/desteptati-va.ro\/wp-content\/uploads\/2021\/04\/web-ion-iliescu-octav-ganea.jpg","type":"image\/jpeg"}],"author":"wolfsoftcompany","twitter_card":"summary_large_image","twitter_misc":{"Scris de":"wolfsoftcompany","Timp estimat pentru citire":"14 minute"},"schema":{"@context":"https:\/\/schema.org","@graph":[{"@type":"Article","@id":"https:\/\/desteptati-va.ro\/index.php\/2021\/04\/16\/iliescu-partea-i\/#article","isPartOf":{"@id":"https:\/\/desteptati-va.ro\/index.php\/2021\/04\/16\/iliescu-partea-i\/"},"author":{"name":"wolfsoftcompany","@id":"https:\/\/desteptati-va.ro\/#\/schema\/person\/13182deeebd44920914899f7bb262d6b"},"headline":"Iliescu &#8211; partea I","datePublished":"2021-04-16T10:07:21+00:00","dateModified":"2022-01-19T07:24:50+00:00","mainEntityOfPage":{"@id":"https:\/\/desteptati-va.ro\/index.php\/2021\/04\/16\/iliescu-partea-i\/"},"wordCount":2746,"commentCount":0,"image":{"@id":"https:\/\/desteptati-va.ro\/index.php\/2021\/04\/16\/iliescu-partea-i\/#primaryimage"},"thumbnailUrl":"https:\/\/desteptati-va.ro\/wp-content\/uploads\/2021\/04\/web-ion-iliescu-octav-ganea.jpg","keywords":["ascensiune","Birou Politic","CC","Ceausescu","Comitetul Central","comunist","CPEx","decizional","desteptati","desteptati-va","Dumitru Popescu","ideolog","Iliescu","Ion","liberalizare","masuri","Nicolae","nomenclatura","nomenklatura","PCR","proces","RPR","RSR","Scanteia","tezele din iulie","tovaras"],"articleSection":["\"Revolutionarul\" Iliescu"],"inLanguage":"ro-RO","potentialAction":[{"@type":"CommentAction","name":"Comment","target":["https:\/\/desteptati-va.ro\/index.php\/2021\/04\/16\/iliescu-partea-i\/#respond"]}]},{"@type":"WebPage","@id":"https:\/\/desteptati-va.ro\/index.php\/2021\/04\/16\/iliescu-partea-i\/","url":"https:\/\/desteptati-va.ro\/index.php\/2021\/04\/16\/iliescu-partea-i\/","name":"Iliescu - partea I -","isPartOf":{"@id":"https:\/\/desteptati-va.ro\/#website"},"primaryImageOfPage":{"@id":"https:\/\/desteptati-va.ro\/index.php\/2021\/04\/16\/iliescu-partea-i\/#primaryimage"},"image":{"@id":"https:\/\/desteptati-va.ro\/index.php\/2021\/04\/16\/iliescu-partea-i\/#primaryimage"},"thumbnailUrl":"https:\/\/desteptati-va.ro\/wp-content\/uploads\/2021\/04\/web-ion-iliescu-octav-ganea.jpg","datePublished":"2021-04-16T10:07:21+00:00","dateModified":"2022-01-19T07:24:50+00:00","author":{"@id":"https:\/\/desteptati-va.ro\/#\/schema\/person\/13182deeebd44920914899f7bb262d6b"},"breadcrumb":{"@id":"https:\/\/desteptati-va.ro\/index.php\/2021\/04\/16\/iliescu-partea-i\/#breadcrumb"},"inLanguage":"ro-RO","potentialAction":[{"@type":"ReadAction","target":["https:\/\/desteptati-va.ro\/index.php\/2021\/04\/16\/iliescu-partea-i\/"]}]},{"@type":"ImageObject","inLanguage":"ro-RO","@id":"https:\/\/desteptati-va.ro\/index.php\/2021\/04\/16\/iliescu-partea-i\/#primaryimage","url":"https:\/\/desteptati-va.ro\/wp-content\/uploads\/2021\/04\/web-ion-iliescu-octav-ganea.jpg","contentUrl":"https:\/\/desteptati-va.ro\/wp-content\/uploads\/2021\/04\/web-ion-iliescu-octav-ganea.jpg","width":510,"height":382,"caption":"Consiliul National al partidului, joi, 14 mai 2009, in Bucuresti. Social-democratii au aratat la Consiliul National extins al partidului, care a confirmat propunerea ca Mircea Geoana sa candideze la prezidentiale, ca au invatat sa se concentreze asupra esentialului, parasind in masa pavilionul Romexpo dupa discursul prezidentiabilului."},{"@type":"BreadcrumbList","@id":"https:\/\/desteptati-va.ro\/index.php\/2021\/04\/16\/iliescu-partea-i\/#breadcrumb","itemListElement":[{"@type":"ListItem","position":1,"name":"Prima pagin\u0103","item":"https:\/\/desteptati-va.ro\/"},{"@type":"ListItem","position":2,"name":"Iliescu &#8211; partea I"}]},{"@type":"WebSite","@id":"https:\/\/desteptati-va.ro\/#website","url":"https:\/\/desteptati-va.ro\/","name":"","description":"","potentialAction":[{"@type":"SearchAction","target":{"@type":"EntryPoint","urlTemplate":"https:\/\/desteptati-va.ro\/?s={search_term_string}"},"query-input":{"@type":"PropertyValueSpecification","valueRequired":true,"valueName":"search_term_string"}}],"inLanguage":"ro-RO"},{"@type":"Person","@id":"https:\/\/desteptati-va.ro\/#\/schema\/person\/13182deeebd44920914899f7bb262d6b","name":"wolfsoftcompany","image":{"@type":"ImageObject","inLanguage":"ro-RO","@id":"https:\/\/desteptati-va.ro\/#\/schema\/person\/image\/","url":"https:\/\/secure.gravatar.com\/avatar\/a6cce9b6d101d27d91690e7073e300fed94c0899890bf998e082cb9d2c3d121e?s=96&d=mm&r=g","contentUrl":"https:\/\/secure.gravatar.com\/avatar\/a6cce9b6d101d27d91690e7073e300fed94c0899890bf998e082cb9d2c3d121e?s=96&d=mm&r=g","caption":"wolfsoftcompany"},"sameAs":["http:\/\/desteptati-va.ro"],"url":"https:\/\/desteptati-va.ro\/index.php\/author\/wolfsoftcompany\/"}]}},"_links":{"self":[{"href":"https:\/\/desteptati-va.ro\/index.php\/wp-json\/wp\/v2\/posts\/3758","targetHints":{"allow":["GET"]}}],"collection":[{"href":"https:\/\/desteptati-va.ro\/index.php\/wp-json\/wp\/v2\/posts"}],"about":[{"href":"https:\/\/desteptati-va.ro\/index.php\/wp-json\/wp\/v2\/types\/post"}],"author":[{"embeddable":true,"href":"https:\/\/desteptati-va.ro\/index.php\/wp-json\/wp\/v2\/users\/1"}],"replies":[{"embeddable":true,"href":"https:\/\/desteptati-va.ro\/index.php\/wp-json\/wp\/v2\/comments?post=3758"}],"version-history":[{"count":2,"href":"https:\/\/desteptati-va.ro\/index.php\/wp-json\/wp\/v2\/posts\/3758\/revisions"}],"predecessor-version":[{"id":4548,"href":"https:\/\/desteptati-va.ro\/index.php\/wp-json\/wp\/v2\/posts\/3758\/revisions\/4548"}],"wp:featuredmedia":[{"embeddable":true,"href":"https:\/\/desteptati-va.ro\/index.php\/wp-json\/wp\/v2\/media\/1660"}],"wp:attachment":[{"href":"https:\/\/desteptati-va.ro\/index.php\/wp-json\/wp\/v2\/media?parent=3758"}],"wp:term":[{"taxonomy":"category","embeddable":true,"href":"https:\/\/desteptati-va.ro\/index.php\/wp-json\/wp\/v2\/categories?post=3758"},{"taxonomy":"post_tag","embeddable":true,"href":"https:\/\/desteptati-va.ro\/index.php\/wp-json\/wp\/v2\/tags?post=3758"}],"curies":[{"name":"wp","href":"https:\/\/api.w.org\/{rel}","templated":true}]}}