{"id":3769,"date":"2021-04-16T10:22:39","date_gmt":"2021-04-16T10:22:39","guid":{"rendered":"http:\/\/desteptati.ro\/?p=3769"},"modified":"2022-01-19T09:26:12","modified_gmt":"2022-01-19T07:26:12","slug":"perfidul-razboi-psihologic-si-generalul-erou-stefan-guse","status":"publish","type":"post","link":"https:\/\/desteptati-va.ro\/index.php\/2021\/04\/16\/perfidul-razboi-psihologic-si-generalul-erou-stefan-guse\/","title":{"rendered":"Perfidul razboi psihologic \u0219i generalul erou \u0218tefan Gu\u0219e"},"content":{"rendered":"<div class=\"post-content\"><div class='booster-block booster-read-block'>\n                <div class=\"twp-read-time\">\n                \t<i class=\"booster-icon twp-clock\"><\/i> <span>Read Time:<\/span>17 Minute, 38 Second                <\/div>\n\n            <\/div><h3 style=\"text-align: justify;\">REALITATEA UNOR \u201eMINUNI\u201d<\/h3>\n<h4 style=\"text-align: justify;\">Voi prezenta, c\u00e2teva aspecte mai pu\u0163in cunoscute, care vin \u00een sprijinul celor afirmate mai sus. Adic\u0103 folosirea armelor neconven\u0163ionale pe teritoriul Rom\u00e2niei (cer, p\u0103m\u00e2nt) \u00een decembrie \u201989.&nbsp; Pe timpul Administra\u0163iei Nixon, Casa Alb\u0103, \u00eempreun\u0103 cu factorii de decizie din armat\u0103, a elaborat un plan de invadare a Cubei cu ajutorul unui submarin echipat cu lasere. Se \u015ftie c\u0103 majoritatea popula\u0163iei Cubei este de religie catolic\u0103. \u015ei atunci, americanii au elaborat un plan diabolic, \u00een cadrul c\u0103ruia laserele de pe submarinul respectiv trebuiau s\u0103 \u201epicteze\u201d pe cerul Cubei imaginea lui Christos pentru a \u201eprevesti\u201d Revenirea Sa pe P\u0103m\u00e2nt.<\/h4>\n<h4 style=\"text-align: justify;\">Se sconta c\u0103 aceast\u0103 \u201eminune\u201d va tulbura popula\u0163ia catolic\u0103, carte, \u00een credin\u0163a Revenirii lui Iisus, nu va opune rezisten\u0163\u0103, for\u0163ele armate cubaneze vor fi dezorganizate, timp \u00een care comando-urile americane, special antrenate, vor ocupa pozi\u0163iile strategice. Nu s-a reu\u015fit.<\/h4>\n<h4 style=\"text-align: justify;\">Acela\u015fi lucru s-a \u00eent\u00e2mplat \u015fi \u00een Coreea de Nord, c\u00e2nd pe cerul capitalei a fost \u201epictat\u0103\u201d imaginea marelui conduc\u0103tor \u015fi alte \u201eminuni\u201d, ac\u0163ion\u00e2ndu-se astfel asupra psihicului popula\u0163iei. La vremea respectiv\u0103, mijloacele mass-media din Rom\u00e2nia au prezentat cu mare tam-tam \u201eminunile\u201d din Coreea de Nord, f\u0103r\u0103 a oferi o explica\u0163ie \u015ftiin\u0163ific\u0103 fenomenului respectiv. Dup\u0103 c\u00e2te cunosc, s-ar putea s\u0103 gre\u015fesc, dar singurul care a oferit o explica\u0163ie veridic\u0103 acestor \u201eminuni\u201d a fost amicul meu, dr. Cristian Negureanu.<\/h4>\n<h4 style=\"text-align: justify;\">\u0162i-ai dat vreodat\u0103 seama, cititorule, c\u00e2t de diferite sunt uneori reac\u0163iile noastre \u00een fa\u0163a unor \u201eminuni\u201d, fie chiar f\u0103urite de m\u00e2na omului, dar pe care nu ni le putem explica, iar oamenii de \u015ftiin\u0163\u0103 tac? Uneori inten\u0163ionat, alteori de teama de a nu c\u0103dea \u00een ridicol. Este firesc s\u0103 fie a\u015fa: cel care apreciaz\u0103 o face \u00een func\u0163ie de preg\u0103tirea sa, de concep\u0163ia sa. C\u00e2nd vedem o \u201eminune\u201d, asist\u0103m la un eveniment care ni se pare lipsit de orice logic\u0103, dar pe care unii b\u0103nuiesc c\u0103 are o origine sau o semnifica\u0163ie dar nu o pot explica. Totu\u015fi, un \u00een\u0163eles trebuie s\u0103 aib\u0103, c\u0103ci altfel ce rost ar fi avut s\u0103 se produc\u0103? \u015ei atunci, iat\u0103 care este realitatea \u201eminunilor\u201d respective! Cine crede c\u0103 pe cer, zidurile cl\u0103dirilor, sau pe norii de joas\u0103 altitudine apar \u201eminunile\u201d \u2013 chipul lui Christos sau a altor sfin\u0163i, ori lideri politici &#8211;&nbsp; se \u00een\u015feal\u0103.<\/h4>\n<h4 style=\"text-align: justify;\">Toate acestea fac parte din scenariul r\u0103zboiului psihologic, \u00een care sunt folosite arme psihologice extrem de sofisticate \u015fi bine puse la punct, despre care opinia public\u0103 nu cunoa\u015fte absolut nimic. &nbsp;&nbsp;Spre exemplificare, ofer dou\u0103 informa\u0163ii. Cercet\u0103torii militari americani au construit un&nbsp; proiector de imagini, denumit MITRALUX, care, folosind dispozitive de 85 milimetri \u015fi un bec de 1000 W, este capabil s\u0103 proiecteze pe zidurile cl\u0103dirilor, pe pere\u0163ii mun\u0163ilor \u015fi pe nori, diferite figuri. Cu acest dispozitiv a fost dotat\u0103 unitatea militar\u0103 \u201eThe 4th Pysop Group\u201d, care l-a folosit \u00een timpul r\u0103zboiului din Vietnam. Recent, psihologul Peter Watron, expert \u00een r\u0103zboiul psihologic, a sus\u0163inut c\u0103 \u201eexist\u0103 echipamente perfec\u0163ionate ce utilizeaz\u0103 norii de joas\u0103 altitudine ca un&nbsp; ecran, din spatele c\u0103ruia s\u0103 fie lansate uria\u015fe \u201espectacole\u201d de propagand\u0103. Au fost preg\u0103tite benzi ce urmeaz\u0103 s\u0103 fie manevrate din elicoptere.\u201d<\/h4>\n<h4 style=\"text-align: justify;\">Mai precizez c\u0103 purt\u0103torul de cuv\u00e2nt al re\u0163elei de televiziune \u201eSky\u201d (Marea Britanike) \u2013 care se recep\u0163ioneaz\u0103 \u015fi \u00een Rom\u00e2nia &#8211;&nbsp; a anun\u0163at c\u0103 britanicii vor lansa un&nbsp; satelit geosta\u0163ionar care se va plasa pe o robit\u0103 la circa 200-300 km \u015fi care va lansa texte publicitare. Prin urmare, oamenii de pe P\u0103m\u00e2nt vor putea citi aceste reclame prin simpla ridicare a capului \u015fi privind cverul.<\/h4>\n<h4 style=\"text-align: justify;\">\u00cen contextul celor prezentate mai sus, deci \u00een cuno\u015ftin\u0163\u0103 de cauz\u0103, de data aceasta, cititorului nu i se mai pare o \u201eminune\u201d \u2013 sau un eveniment inexplicabil \u2013 relatarea colonelului Stancu, expert \u00een probleme de ac\u0163iuni psihologice la o unitate militar\u0103 de elit\u0103 din Ardeal, ap\u0103rut\u0103 \u00een \u201eMonitorul expres\u201d nr. 84\/1994, referitoare la unele evenimente din decembrie 1989, \u015fi pe care o redau mai jos: \u201eEra \u00een seara zilei de 24 decembrie. Reu\u015fisem s\u0103 evit\u0103m atacul electromagnetic (bruiajele care fac inutilizabile instala\u0163iile radar \u2013 n.a.).Deodat\u0103, \u00een curtea unit\u0103\u0163ii, un sergent \u00eencepe s\u0103 \u0163ipe: \u201ePara\u015futi\u015fti! Para\u015futi\u015fti!\u201d. Pe radar nu se \u00eenregistrase nimic. De unde s\u0103 fi fost lansa\u0163i? Am, ie\u015fit afar\u0103. To\u0163i au v\u0103zut: cerul era alb de para\u015fute. Au fost puse \u00een func\u0163iune instala\u0163iile M-4 (mitraliere antiaeriene cu patru \u0163evi). S-a tras p\u00e2n\u0103 la \u00eenro\u015firea \u0163evilor. Nu a c\u0103zut nimic. Dup\u0103 c\u00e2teva minute, masa de para\u015fute a disp\u0103rut ca prin farmec, a\u015fa cum ap\u0103ruse. Ne uitam buim\u0103ci\u0163i unii la al\u0163ii. S-a consumat foarte mult\u0103 muni\u0163ie, dar cel mai puternic a fost \u015focul datorat faptului c\u0103 nu \u00een\u0163elegeam ce s-a \u00eent\u00e2mplat.\u201d P\u0103rerea colonelului Stanca este c\u0103 \u00een acest caz s-a produs o stare de halucina\u0163ie colectiv\u0103. Personal, nu pot fi de acord cu ea. Tocmai pentru motivul c\u0103 s-a constatat c\u0103, \u00een cadrul inducerii unei st\u0103ri de halucina\u0163ie colectiv\u0103 \u2013 care aproape \u00eentotdeauna are loc \u00een s\u0103li, aproape \u00eentotdeauna se g\u0103se\u015fte cel pu\u0163in o persoan\u0103 care s\u0103 nu reac\u0163ioneze la aceast\u0103 stare. Apoi, evenimentul relatat a avut loc \u00eentr-un spa\u0163iu deschis, de dimensiuni relativ mari, iar persoanele care au asistat la el erau afar\u0103 ori \u00een birouri, \u00een spatele geamurilor. Mai degrab\u0103, \u00eenclin s\u0103 cred c\u0103 for\u0163ele care au ac\u0163ionat au folosit arme psihologice extrem de sofisticate \u015fi bine puse la punct.<\/h4>\n<figure id=\"attachment_3072\" aria-describedby=\"caption-attachment-3072\" style=\"width: 354px\" class=\"wp-caption aligncenter\"><a href=\"http:\/\/www.desteptati-va.ro\/wp-content\/uploads\/2012\/02\/imagesCA1J3SXH1.jpg\"><img loading=\"lazy\" decoding=\"async\" class=\" wp-image-3072\" title=\"Cristian Negureanu\" src=\"http:\/\/www.desteptati-va.ro\/wp-content\/uploads\/2012\/02\/imagesCA1J3SXH1.jpg\" alt=\"Cristian Negureanu\" width=\"354\" height=\"482\"><\/a><figcaption id=\"caption-attachment-3072\" class=\"wp-caption-text\">Cristian Negureanu<\/figcaption><\/figure>\n<h4 style=\"text-align: justify;\">Referitor la acest caz, \u00eentr-o discu\u0163ie avut\u0103 cu dl. Cristian Negureanu, acesta mi-a sugerat mai multe variante, pe care le-a trecut \u015fi \u00een cartea \u201eTainele religiilor \u015fi popula\u0163iile Universului\u201d : \u201e(\u2026) sugerez c\u0103 \u00een cazul unit\u0103\u0163ii militare din Ardeal s-a folosit una din variantele urm\u0103toare \u2013 proiector de imagini aflat la sol; &#8211; imagini proiectate pe nori, din elicoptere (aflate \u00een afara zonei \u00een care ap\u0103reau \u201epara\u015futi\u015ftii\u201d, pentru a nu fi descoperite); &#8211; imagini proiectate din satelit. Dispari\u0163ia \u201eca prin farmec\u201d a imaginii (\u00eentreruperea proiectoarelor) confirm\u0103 oricare dintre aceste trei posibilit\u0103\u0163i.\u201d Este p\u0103cat c\u0103 mijloacele mass-media din Rom\u00e2nia nu au mediatizat intens aceste evenimente, c\u0103 oamenii de \u015ftiin\u0163\u0103 nu \u015fi-au spus cuv\u00e2ntul, c\u0103 exper\u0163ii \u00een psihologie, parapsihologie \u015fi \u00een fenomene paranormale nu au oferit \u015fi nu ofer\u0103 explica\u0163ii publicului larg (cu c\u00e2teva excep\u0163ii izolate), iar cei care au tr\u0103it astfel de evenimente, memor\u00e2ndu-le acum \u015fi f\u0103c\u00e2nd o analiz\u0103 a condi\u0163iilor \u00een care au ap\u0103rut, nu vorbesc. Oare nu au voie?<\/h4>\n<h4 style=\"text-align: justify;\">&nbsp;<a href=\"http:\/\/www.desteptati-va.ro\/wp-content\/uploads\/2012\/02\/revolutie.jpg\">\n<\/a><\/h4>\n<h3 style=\"text-align: justify;\">PERFIDUL R\u0102ZBOI PSIHOLOGIC<\/h3>\n<h4 style=\"text-align: justify;\">Din cele relatate p\u00e2n\u0103 acum, reiese c\u0103, \u00een decembrie 1989, asupra o\u015ftirii rom\u00e2ne, asupra na\u0163iunii rom\u00e2ne, au fost folosite tehnicile de influen\u0163are a subcon\u015ftientului, din care nu au lipsit armele psihotronice, r\u0103zboiul psihologic\/psihic \u015fi imaginile false. \u00cen ciuda faptelor evidente, apare de ne\u00een\u0163eles, \u015fi nu prea, atitudinea unor intelectuali rom\u00e2ni, a unor speciali\u015fti, care m-au etichetat \u00een fel \u015fi chip pentru c\u0103 le-am prezentat \u00een lucrarea \u201eR\u0103zboiul parapsihologic \u00eempotriva Rom\u00e2niei\u201d. \u00cen acest timp, spre surprinderea mea pl\u0103cut\u0103, parte din articolele mele au fost traduse \u00een limba englez\u0103 \u015fi apreciate de speciali\u015fti de marc\u0103 din Marea Britanie \u015fi Statele Unite. Apare de ne\u00een\u0163eles, \u015fi nu prea, atitudinea mass-mediei rom\u00e2ne\u015fti, care a c\u0103utat s\u0103 resping\u0103 ideea folosirii acestor tehnici.<\/h4>\n<figure id=\"attachment_3054\" aria-describedby=\"caption-attachment-3054\" style=\"width: 401px\" class=\"wp-caption aligncenter\"><a href=\"http:\/\/www.desteptati-va.ro\/wp-content\/uploads\/2012\/02\/Virgil-Magureanu.jpg\"><img loading=\"lazy\" decoding=\"async\" class=\" wp-image-3054\" title=\"Virgil Magureanu\" src=\"http:\/\/www.desteptati-va.ro\/wp-content\/uploads\/2012\/02\/Virgil-Magureanu.jpg\" alt=\"Virgil Magureanu\" width=\"401\" height=\"401\"><\/a><figcaption id=\"caption-attachment-3054\" class=\"wp-caption-text\">Virgil M\u0103gureanu<\/figcaption><\/figure>\n<h4 style=\"text-align: justify;\">&nbsp;Elocvent\u0103 este atitudinea \u201eEvenimentului zilei\u201d din 10.08.1994, \u00een care Ion Cristoiu \u00eel acuz\u0103 pe Virgil M\u0103gureanu de \u201einfantilism \u00een materie de psihologie\u201d, deoarece \u00een Raportul prezentat \u00een plenul Parlamentului nu a exclus folosirea acestor \u201earme\u201d pe timpul evenimentelor din decembrie 1989. Am impresia c\u0103 to\u0163i cei care s-au situat pe aceast\u0103 pozi\u0163ie slujesc interesele celor care doresc (c\u0103 sunt din interior, c\u0103 sunt din exterior, nu conteaz\u0103) ca na\u0163iunea rom\u00e2n\u0103 s\u0103 nu cunoasc\u0103 nimic despre acest perfid r\u0103zboi \u015fi despre armele neconven\u0163ionale folosite \u00een cadrul s\u0103u. Care doresc ca poporul rom\u00e2n s\u0103 fie un popor de ignoran\u0163i. Adic\u0103, mai laic spus, s\u0103 fie \u00een continuare lipsit de ap\u0103rare \u00een cazul folosirii din nou a acestor arme (Doamne, fere\u015fte!).<\/h4>\n<h4 style=\"text-align: justify;\">Rezultatele dezinform\u0103rii, tot component\u0103 a acestui r\u0103zboi, s-au v\u0103zut \u00een timpul evenimentelor din decembrie 1989: na\u0163iunea rom\u00e2n\u0103 nu era preg\u0103tit\u0103 pentru r\u0103zboiul psihologic (r\u0103zboiul nervilor) \u015fi era s\u0103 ias\u0103 o \u201efrumuse\u0163e\u201d de v\u0103rsare de s\u00e2nge \u00een Rom\u00e2nia. Iar c\u00e2nd unii speciali\u015fti au sus\u0163inut unele ipoteze privind folosirea tehnicilor de lupt\u0103 parapsihologice \u00een decembrie \u201989 \u015fi dup\u0103, marii speciali\u015fti din Rom\u00e2nia i-au criticat \u015fi au asmu\u0163it presa \u00eempotriva lor. Cazul d-lui Cristian Negureanu este elocvent \u00een acest caz. Prin c\u0103r\u0163ile sale a reu\u015fit s\u0103 trezeasc\u0103 interesul cititorilor, s\u0103 destrame v\u0103luri, s\u0103 prezinte unele scenarii diabolice.&nbsp; Le prezint tuturor persoanelor spusele profesorului Vlail Kazhatcheev, membru al Academiei de \u015etiin\u0163e din fosta Uniune Sovietic\u0103 care, \u00eentr-un interviu acordat revistei \u201eParis Match\u201d, \u00een ianuarie 1990, avertiza asupra pericolului unei noi arme, cea psihic\u0103, const\u00e2nd \u00een undele emise de creier.&nbsp; Iat\u0103 ce consecin\u0163e poate avea aceast\u0103 arm\u0103: <em>dereglarea ordinatoarelor, paralizia voin\u0163ei oamenilor, limitarea capacit\u0103\u0163ii de lupt\u0103 a armatei, reducerea popula\u0163iei la o total\u0103 pasivitate , sustragerea secretelor \u015fi informa\u0163iilor din sistemele de cercetare<\/em>.<\/h4>\n<h4 style=\"text-align: justify;\">Atr\u0103g\u00e2nd aten\u0163ia asupra folosirii g\u00e2ndului, profesorul Kaznatcheev exemplifica acest lucru printr-o serie de experien\u0163e f\u0103cute \u00eentr-un laborator din Siberia, din care, prin for\u0163a g\u00e2ndului, s-au modificat temperaturile unor procese tehnologice \u015fi s-a influen\u0163at cre\u015fterea celular\u0103. Iar cercet\u0103rile nu stagneaz\u0103, domnilor! Mai reamintesc persoanelor ne\u00eencrez\u0103toare c\u0103 r\u0103zboiul psihologic, \u00een care prima victim\u0103 este adev\u0103rul, este cel mai perfid. \u00cen cadrul lui, dezinformarea \u015fi minciuna merg m\u00e2n\u0103-n m\u00e2n\u0103, iar zvonurile \u015fi \u201einforma\u0163iile\u201d din \u201esurse sigure\u201d au o eficacitate mai mare \u00een demolarea inamicului \u015fi a na\u0163iunii vizate dec\u00e2t o lovitur\u0103 nuclear\u0103. De\u015fi exemplele pe care le voi oferi sunt mai vechi, sunt pline de \u00eenv\u0103\u0163\u0103minte. De luat aminte, domnilor! \u00cen articolul \u201eR\u0103zboiul psihologic\u201d, ap\u0103rut \u00een \u201eExclusiv magazin\u201d nr. 3\/1994, Val V\u00e2lcu furnizeaz\u0103 ni\u015fte informa\u0163ii deosebite \u015fi oricine le poate compara cu perioada pre \u015fi postdecembrist\u0103 din Rom\u00e2nia. Iat\u0103 mai jos, c\u00e2teva dintre acestea: \u201ePentru o \u0163ar\u0103 care se preg\u0103te\u015fte s\u0103 declan\u015feze un conflict este esen\u0163ial s\u0103 nu apar\u0103 \u00een postura de agresor (la noi au fost inventa\u0163i \u201eterori\u015ftii\u201d \u2013 n.a.). Solu\u0163ia este la \u00eendem\u00e2na speciali\u015ftilor \u00een dezinformare (la noi au folosit Studioul 4 \u2013 n.a.).<\/h4>\n<figure id=\"attachment_3055\" aria-describedby=\"caption-attachment-3055\" style=\"width: 472px\" class=\"wp-caption aligncenter\"><a href=\"http:\/\/www.desteptati-va.ro\/wp-content\/uploads\/2012\/02\/Consiliul-Europei4.jpg\"><img loading=\"lazy\" decoding=\"async\" class=\" wp-image-3055\" title=\"Consiliul Europei\" src=\"http:\/\/www.desteptati-va.ro\/wp-content\/uploads\/2012\/02\/Consiliul-Europei4-300x201.jpg\" alt=\"Consiliul Europei\" width=\"472\" height=\"316\"><\/a><figcaption id=\"caption-attachment-3055\" class=\"wp-caption-text\">Consiliul Europei<\/figcaption><\/figure>\n<h4 style=\"text-align: justify;\">Prin folosirea unor grup\u0103ri politice sau de alt\u0103 natur\u0103, infiltrate \u00een structurile de putere ale \u0163\u0103rii vizate (v\u0103 vine s\u0103 crede\u0163i c\u0103, pe data de 20 decembrie a.c., pe banda de jos a unor posturi de televiziune am citit \u015ftirea conform c\u0103reia Consiliul European dore\u015fte s\u0103 aib\u0103 un ministru \u00een guvernul Boc!!! \u2013 n.a.), se inten\u0163ioneaz\u0103 ac\u0163iuni extremiste sau cu conota\u0163ii agresive la adresa unor state, etnii sau rase. Aceste ac\u0163iuni sunt intens mediatizate (conflictele interetnice de la T\u00e2rgu Mure\u015f \u2013 n.a.), la o scar\u0103 mult mai mare dec\u00e2t impactul lor real. Se infiltreaz\u0103 apoi arme, se sponsorizeaz\u0103 grup\u0103ri teroriste \u015fi se ini\u0163iaz\u0103 mi\u015fc\u0103ri de strad\u0103 sau revolte. Ziari\u015ftii str\u0103ini sunt convin\u015fi, prin mijloace mai mult sau mai pu\u0163in ortodoxe, s\u0103 prezinte doar aspecte negative din \u0163ara contra c\u0103reia se desf\u0103\u015foar\u0103 r\u0103zboiul psihologic.<\/h4>\n<h4 style=\"text-align: justify;\">\u00cen cazul Irakului, care a atacat brusc, nu a fost timp pentru preg\u0103tirea unor astfel de ac\u0163iuni. Opinia public\u0103 (\u00een special cea american\u0103 \u2013 n.a.), dup\u0103 ce v\u0103zuse, mult timp, \u00een Irak un aliat \u00eempotriva fundamentalismului iranian, nu s-a gr\u0103bit s\u0103 cear\u0103 o interven\u0163ie ferm\u0103. Procentul de americani favorabili r\u0103zboiului (\u00eempotriva Irakului, dup\u0103 ce atacase Kuweit-ul . n.a.) era, la \u00eenceputul confrunt\u0103rilor, de 25%. Dar, iat\u0103 c\u0103 unul din canalele americane de \u015ftiri difuzeaz\u0103 chipul unei tinere, cu un balon electronic \u00een dreptul fe\u0163ei, ca s\u0103 nu poat\u0103 fi recunoscut\u0103 de Poli\u0163ia secret\u0103 irakian\u0103. Printre lacrimi, ea relateaz\u0103 o poveste de un rar dramatism: s-a refugiat \u00een ultima clip\u0103 din Kuweit-ul ocupat, unde era asistent\u0103 medical\u0103. Ultimele imagini pe care le-a re\u0163inut erau cadavrele copiilor nou-n\u0103scu\u0163i kuweitieni, arunca\u0163i din incubatoare de c\u0103tre solda\u0163ii lui Saddam \u015fi zdrobi\u0163i cu patul pu\u015ftii. Preluat\u0103 de toate canalele de \u015ftiri, aceast\u0103 informa\u0163ie a produs \u00eentr-o singur\u0103 zi, o r\u0103sturnare spectaculoas\u0103 a sondajelor: erau favorabili interven\u0163iei 85% (!!) dintre americani. Dup\u0103 terminarea r\u0103zboiului, un ziarist francez a demonstrat c\u0103 fata nu era asistent\u0103, ci fiica ambasadorului kuweitian la Washington.&nbsp; La fel s-au petrecut lucrurile \u015fi \u00eenaintea interven\u0163iei militare la sol \u00eempotriva irakienilor. Opinia public\u0103 american\u0103 nu dorea ca solda\u0163ii americani s\u0103 lupte direct \u2013 imaginile transmise din timpul r\u0103zboiului din Vietnam nu puteau fi uitate. Difuzarea insistent\u0103 a imaginilor unui pesc\u0103ru\u015f mort datorit\u0103 mareei negre, declan\u015fat\u0103 de Saddam, a fost suficient\u0103 pentru ca un confortabil procent de 80% s\u0103 cear\u0103 r\u0103zboiul pe uscat, pentru prevenirea distrugerilor provocate mediului de un dictator dement. Mult mai t\u00e2rziu, naturali\u015ftii canadieni au demonstrat c\u0103 specia din care f\u0103cea parte pesc\u0103ru\u015ful tr\u0103ia doar dincolo ce Cercul Polar, deci imaginea fusese filmat\u0103 cu ani \u00een urm\u0103, dup\u0103 catastrofala scufundare a petrolierului \u201eEsson Valdez\u201d. Dar nu mai avea nici o importan\u0163\u0103. \u201eR\u0103zboiul imaginii fusese c\u00e2\u015ftigat la propriu\u201d,, accentueaz\u0103 Val V\u00e2lcu.&nbsp;\u00cen cadrul acestui perfid r\u0103zboi nu-\u0163i cuno\u015fti du\u015fmanul, stima\u0163i cititori. El poate fi cel mai bun \u201eprieten\u201d al t\u0103u, \u00ee\u0163i z\u00e2mbe\u015fte permanent (nu-mi permit aluzii). Iar tu nu-ti cuno\u015fti du\u015fmanul. Te ui\u0163i \u00een ochii lui, dar nu-l descoperi. Pentru a supravie\u0163ui, ai o singur\u0103 \u015fans\u0103: s\u0103 evaluezi corect informa\u0163ia care \u015fi se d\u0103\/strecoar\u0103.<\/h4>\n<figure id=\"attachment_3058\" aria-describedby=\"caption-attachment-3058\" style=\"width: 319px\" class=\"wp-caption aligncenter\"><a href=\"http:\/\/www.desteptati-va.ro\/wp-content\/uploads\/2012\/02\/Stefan-Gusa.jpg\"><img loading=\"lazy\" decoding=\"async\" class=\" wp-image-3058 \" title=\"Stefan Gusa\" src=\"http:\/\/www.desteptati-va.ro\/wp-content\/uploads\/2012\/02\/Stefan-Gusa.jpg\" alt=\"Stefan Gusa\" width=\"319\" height=\"349\"><\/a><figcaption id=\"caption-attachment-3058\" class=\"wp-caption-text\">Generalul \u0218tefan Gu\u0219\u0103<\/figcaption><\/figure>\n<h4 style=\"text-align: justify;\">VIA\u0162A GENERALULUI-EROU \u015eTEFAN GU\u015eE, CURMAT\u0102 PRIN R\u0102ZBOI PSIHOLOGIC Oric\u00e2te zvonuri au fost vehiculate prin mijloacele mass-media, oric\u00e2t de r\u0103u au vorbit unele persoane, afirm cu toat\u0103 convingerea c\u0103 generalii \u015etefan Gu\u015fe \u2013 \u015feful Marelui Stat Major al Ministerului Ap\u0103r\u0103rii Na\u0163ionale, \u015fi Iulian Vlad \u2013 \u015feful fostului Departament al Securit\u0103\u0163ii Statului, sunt Eroi ai Neamului Rom\u00e2nesc. Cel mai mare rezultat al activit\u0103\u0163ii lor este trecerea Armatei \u015fi a Securit\u0103\u0163ii de partea poporului revoltat, prin aceasta dejuc\u00e2nd diabolicul scenariu al celor care&nbsp; urm\u0103reau dezbinarea lor, asmu\u0163irea uneia \u00eempotriva celeilalte \u015fi de aici inevitabilul r\u0103zboi civil. Generalul Gu\u015fe nu a permis intrarea trupelor sovietice \u00een \u0163ar\u0103. \u00cen acest sens, ordinul pe care l-a dat unui ofi\u0163er de pe grani\u0163a de vest a fost: \u201eMuri\u0163i pe brazd\u0103, dar nu intr\u0103 nimeni\u201d (citat din memorie). \u00centr-o rezerv\u0103 a Spitalului Militar Central, pe patul de moarte, \u00een ziua de 28 martie 1994, ora 10.30, ultimele cuvinte ale generalului \u015eTEFAN GU\u015eE au fost: \u201e<em>S\u0103 nu accepta\u0163i niciodat\u0103 aplica\u0163ii militare cu trupe str\u0103ine pe teritoriul patriei noastre<\/em>.\u201d&nbsp; Aceste cuvinte pot fi considerate Testamentul s\u0103u c\u0103tre \u0162ar\u0103. Prin moartea lui, \u0162ara a pierdut un o\u015ftean de excep\u0163ie, iar O\u015ftirea Rom\u00e2n\u0103 un general patriot. Este \u015fi va fi EROU \u015fi MARTIR AL NEAMULUI ROM\u00c2NESC.<\/h4>\n<h4 style=\"text-align: justify;\">Cele de mai jos nu sunt scrise sub stare emotiv\u0103. Tocmai din aceast\u0103 cauz\u0103 nu voi ar\u0103ta cum l-am cunoscut pe generalul-colonel Iulian Vlad, discu\u0163iile purtate cu d\u00e2nsul la ie\u015firea din pu\u015fc\u0103rie, c\u00e2nd mi s-a adresat cu apelativul \u201ecamarade\u201d, cum a fost al\u0103turi de usla\u015fi \u00een cadrul misiunilor, cum s-a comportat fa\u0163\u0103 de subordona\u0163i, cum ne-a \u00eemb\u0103rb\u0103tat. Toate ac\u0163iunile noastre din via\u0163a de zi cu zi sunt \u00eenso\u0163ite de argumente personale. Dar apar \u015fi regrete. Din realit\u0103\u0163ile dure ale vie\u0163ii. Care regrete ne \u00eenso\u0163esc permanent.&nbsp; Dar, via\u0163a merge \u00eenainte. \u015ei important este cum recep\u0163ion\u0103m aceste regrete. Cel mai u\u015for este a le nega. A le accepta este trist. Iar a min\u0163i este dramatic. \u015ei atunci? Am hot\u0103r\u00e2t s\u0103 introduc acest subcapitol \u00een prezentul articol, tocmai pentru c\u0103 foarte multe persoane cu care am stat de vorb\u0103 \u015fi-au manifestat regretul c\u0103 nu au tratat cu toat\u0103 seriozitatea evenimentele din decembrie 1989, c\u0103 nu le-au disecat \u015fi c\u0103 nu au c\u0103utat s\u0103 le \u00een\u0163eleag\u0103. Regretele multor persoane au venit din ne\u00een\u0163elegere. \u015ei multe persoane, subofi\u0163eri \u015fi ofi\u0163eri de toate gradele, dar \u015fi civili cu care am discutat, din peste opt jude\u0163e, \u015fi-au manifestat regretul sincer c\u0103 nu i-au \u00een\u0163eles pe cei doi generali.<\/h4>\n<img loading=\"lazy\" decoding=\"async\" class=\"aligncenter  wp-image-244\" src=\"http:\/\/www.desteptati-va.ro\/wp-content\/uploads\/2011\/01\/vladiulian-238x300.jpg\" alt=\"\" width=\"347\" height=\"439\">\n<h4 style=\"text-align: justify;\">Un lucru foarte curios s-a petrecut cu generalul-colonel Iulian Vlad. \u00cen momentul \u00een care a raportat generalului Militaru c\u0103 subordona\u0163ii s\u0103i \u00eei cunosc pe terori\u015fti \u015fi va organiza capturarea sau anihilarea acestora, a fost arestat imediat. Ceea ce denot\u0103 foarte clar c\u0103 nu se dorea acest lucru. Aduc vin\u0103 generalului \u015etefan Gu\u015fe c\u0103 nu a ordonat ca cele dou\u0103 obiective strategice \u2013 Televiziunea \u015fi radioul \u2013 s\u0103 fie luate \u00een subordinea Armatei, nu a ordonat evacuarea tuturor din Studioul 4, nu a pus speciali\u015fti militari s\u0103 filtreze, s\u0103 analizeze \u201einforma\u0163iile\u201d sosite cu gr\u0103mada, apoi s\u0103 le dea pe post.&nbsp; Nu a pus s\u0103 fie aresta\u0163i pe loc cei care \u00eei sabotau sau contramandau ordinele: generalul-pensionar Nicolae Militaru, colonelul P\u00e2rc\u0103l\u0103bescu, Dumitru Mazilu, \u201emarinarul\u201d Cico Dumitrescu, &nbsp;V.A. St\u0103nculescu \u015f.a. \u00cen\u0163eleg haosul care se crease \u015fi era \u00eentre\u0163inut, \u00een\u0163eles stresul \u00een care a condus O\u015ftirea \u0162\u0103rii, dar cred c\u0103 putea g\u0103si ofi\u0163eri loiali \u015fi capabili pentru aceste ordine.&nbsp; Adev\u0103rat: \u201eDup\u0103 r\u0103zboi mul\u0163i viteji se arat\u0103\u201d \u2013 repro\u015f la care pot fi supus, dar aceasta este p\u0103rerea mea. Generalul \u015eTEFAN GU\u015eE&nbsp; a murit. Generalul IULIAN VLAD a f\u0103cut 4 ani de pu\u015fc\u0103rie.<\/h4>\n<h3 style=\"text-align: justify;\">PENTRU C\u0102 AU SALVAT ROM\u00c2NIA!<\/h3>\n<h4 style=\"text-align: justify;\">\u00cen cadrul r\u0103zboiului parapsihologic exist\u0103 mai multe metode diabolice. M\u0103 voi opri asupra uneia dintre ele, \u015fi anume influen\u0163area psihic\u0103 negativ\u0103, \u00een scop politic sau mistic. \u015ei voi exemplifica cu tragicul caz al generalului &#8211; erou \u015etefan Gu\u015fe, care, \u00een noaptea de 22\/23 decembrie \u201989, se afla \u00een sediul C.C. Din&nbsp; relat\u0103rile d\u00e2nsului \u2013 detaliate pe larg \u00een c\u0103r\u0163ile lui Pavel Coru\u0163 \u2013 am aflat c\u0103 \u00een noaptea respectiv\u0103 a primit o cea\u015fc\u0103 de cafea de la o persoan\u0103 necunoscut\u0103 (precis c\u0103 \u015fi-a zis revolu\u0163ionar). Imediat dup\u0103 ce a consumat-o, \u00een zona inimii a sim\u0163it parc\u0103 o lovitur\u0103 de pumn, concomitent cu instalarea \u00een \u00eentregul organism a unei sl\u0103biciuni generale. \u015ei-a continuat activitatea, cunoscut\u0103 acum.<\/h4>\n<figure id=\"attachment_3060\" aria-describedby=\"caption-attachment-3060\" style=\"width: 364px\" class=\"wp-caption aligncenter\"><a href=\"http:\/\/www.desteptati-va.ro\/wp-content\/uploads\/2012\/02\/Nicolae-Militaru.jpg\"><img loading=\"lazy\" decoding=\"async\" class=\" wp-image-3060 \" title=\"Nicolae Militaru\" src=\"http:\/\/www.desteptati-va.ro\/wp-content\/uploads\/2012\/02\/Nicolae-Militaru.jpg\" alt=\"Nicolae Militaru\" width=\"364\" height=\"359\"><\/a><figcaption id=\"caption-attachment-3060\" class=\"wp-caption-text\">Generalul Nicolae Militaru<\/figcaption><\/figure>\n<h4 style=\"text-align: justify;\">Se \u015ftie c\u0103, apoi, din ordinul gen. Nicolae Militaru, cu aprobarea lui Ion Iliescu a fost schimbat din func\u0163ie, pe motiv c\u0103 nu a f\u0103cut e\u015falon Armat\u0103 (motivul real se cunoa\u015fte). Acum intervine elementul psihic: fiind schimbat din func\u0163ie, a&nbsp; avut un \u015foc, combinat \u015fi cu sentimentul c\u0103 este p\u0103r\u0103sit \u2013 cadrele din Marele Stat Major nu au protestat \u015fi nu au luat atitudine fa\u0163\u0103 de aceast\u0103 m\u0103sur\u0103 arbitrar\u0103 (au f\u0103cut-o abia \u00een ianuarie 1990). Dup\u0103 ce a fost schimbat din func\u0163ie, generalul \u015etefan Gu\u015fe a fost trimis la Armata din Transilvania. Iar Nicolae Militaru (Lep\u0103dat) a ordonat ca \u00eempotriva lui s\u0103 se deschid\u0103 o anchet\u0103. Cititorii, publicul larg, na\u0163iunea rom\u00e2n\u0103 trebuie s\u0103 cunoasc\u0103 c\u0103, atunci c\u00e2nd a \u00eenceput ancheta, Armata a dispus \u00eenconjurarea cl\u0103dirii Procuraturii Militare din Cluj Napoca cu tancuri \u015fi s-a dat un ultimatum pentru eliberarea generalului \u015etefan Gu\u015fe. Concomitent, Avia\u0163ia militar\u0103 a amenin\u0163at c\u0103-\u015fi ridic\u0103 aparatele. \u00cen acest timp, la Bucure\u015fti, era preg\u0103tit un avion cu generalul pensionar Vasile Ionel la bord, care urma s\u0103 vin\u0103 la Cluj Napoca pentru a-l prelua pe generalul \u015etefan Gu\u015fe. Dar Armata din Transilvania l-a ap\u0103rat. L-ar fi ap\u0103rat p\u00e2n\u0103 la ultimul om. Dar atunci \u015fi poporul ar fi fost al\u0103turi de ea, a\u015fa cum Armata a fost al\u0103turi de popor \u00een timpul evenimentelor din decembrie 1989. Toate acestea pentru c\u0103 A SALVAT ROM\u00c2NIA. Concomitent, mai mul\u0163i jurnali\u015fti \u015fi revolu\u0163ionari l-au acuzat de evenimentele de la Timi\u015foara, a fost amenin\u0163at voalat. Ion Iliescu a declarat c\u0103 generalul \u015etefan Gu\u015fe a fost un tr\u0103d\u0103tor \u015fi a dorit s\u0103 fac\u0103 o lovitur\u0103 militar\u0103!!!<\/h4>\n<figure id=\"attachment_3061\" aria-describedby=\"caption-attachment-3061\" style=\"width: 483px\" class=\"wp-caption aligncenter\"><a href=\"http:\/\/www.desteptati-va.ro\/wp-content\/uploads\/2012\/02\/Generalul-Victor-Atanasie-Stanculescu.jpg\"><img loading=\"lazy\" decoding=\"async\" class=\" wp-image-3061\" title=\"Generalul Victor Atanasie Stanculescu\" src=\"http:\/\/www.desteptati-va.ro\/wp-content\/uploads\/2012\/02\/Generalul-Victor-Atanasie-Stanculescu-300x184.jpg\" alt=\"Generalul Victor Atanasie Stanculescu\" width=\"483\" height=\"296\"><\/a><figcaption id=\"caption-attachment-3061\" class=\"wp-caption-text\">Generalul Victor Atanasie St\u0103nculescu<\/figcaption><\/figure>\n<h4 style=\"text-align: justify;\">V. St\u0103nculescu a declarat \u015fi el: \u201eMi s-a p\u0103rut foarte ciudat de unde Gu\u015fe \u015fi Vlad au g\u0103sit un operator care s\u0103-i filmeze doar pe ei timp de 10 ore. Poate s-au g\u00e2ndit la un alibi, ca s\u0103 fie filmat\u0103 activitatea lor v\u0103zut\u0103. \u015etiu c\u0103 Gu\u015fe \u015fi Vlad erau prieteni foarte buni de familie.\u201d Total fals! Normal, \u00een asemenea situa\u0163ii, starea s\u0103n\u0103t\u0103\u0163ii generalului \u015etefan Gu\u015fe a \u00eenceput s\u0103 se \u00eenr\u0103ut\u0103\u0163easc\u0103: psihicul s\u0103u, solicitat \u00een mod repetat, prin efecte negative, s-a uzat. Iar trupul l-a urmat. \u015ei pentru a pune capac la toate, Evenimentul zilei a publicat un articol intitulat \u201eZilele generalului Gu\u015fe sunt num\u0103rate\u201d. Cine a fost criminalul (sau criminalii) care au stat \u00een spatele acestei \u015ftiri, nu se \u015ftie, dar a reprezentat o sugestie negativ\u0103 pentru psihicul \u015fi a\u015fa sl\u0103bit al generalului. A mai fost acuzat chiar c\u0103 s-a dat de partea securit\u0103\u0163ii! \u015ei, vine luna decembrie 1993, c\u00e2nd, \u00een cadrul unei \u015fedin\u0163e la Consiliul Militar, generalul \u015etefan Gu\u015fe a avut o discu\u0163ie contradictorie cu Ion Iliescu. La aceast\u0103 discu\u0163ie au fost de fa\u0163\u0103 generali cu func\u0163ii de mare r\u0103spundere \u00een Armata Rom\u00e2niei. Din nou, generalul-erou \u015fi-a p\u0103strat verticalitatea, dar discu\u0163ia i-a marcat din nou psihicul \u015fi i-a \u00eenr\u0103ut\u0103\u0163it starea s\u0103n\u0103t\u0103\u0163ii. Iar dup\u0103 c\u00e2teva luni a decedat.<\/h4>\n<h4 style=\"text-align: justify;\">Cele prezentate fac \u015fi ele parte din r\u0103zboiul psihic. Denigrarea celor doi generali au f\u0103cut-o \u015fi mul\u0163i jurnali\u015fti \u015fi reporteri de doi bani. Dar, indiferent de aceasta, ei sunt Eroi ai Neamului Rom\u00e2nesc. \u00cen condi\u0163iile deosebite ale acelui decembrie \u00eens\u00e2ngerat, at\u00e2t de controversat \u015fi \u00een zilele noastre, \u00een condi\u0163iile celui mai perfid \u015fi periculos r\u0103zboi desf\u0103\u015furat \u00eempotriva Rom\u00e2niei, ale dezinform\u0103rii na\u0163iunii, cei doi generali au asigurat unitatea dintre Armat\u0103, Securitate \u015fi \u00eentregul Minister de Interne.<\/h4>\n<h4 style=\"text-align: justify;\"><em><span style=\"color: #888888;\">Sursa: Blogosfer\u0103<\/span><\/em><\/h4>        <div class=\"booster-block booster-reactions-block\">\n            <div class=\"twp-reactions-icons\">\n                \n                <div class=\"twp-reacts-wrap\">\n                    <a react-data=\"be-react-1\" post-id=\"3769\" class=\"be-face-icons un-reacted\" href=\"javascript:void(0)\">\n                        <img decoding=\"async\" src=\"https:\/\/desteptati-va.ro\/wp-content\/plugins\/booster-extension\/\/assets\/icon\/happy.svg\" alt=\"Happy\">\n                    <\/a>\n                    <div class=\"twp-reaction-title\">\n                        Happy                    <\/div>\n                    <div class=\"twp-count-percent\">\n                                                    <span style=\"display: none;\" class=\"twp-react-count\">0<\/span>\n                        \n                                                <span class=\"twp-react-percent\"><span>0<\/span> %<\/span>\n                                            <\/div>\n                <\/div>\n\n                <div class=\"twp-reacts-wrap\">\n                    <a react-data=\"be-react-2\" post-id=\"3769\" class=\"be-face-icons un-reacted\" href=\"javascript:void(0)\">\n                        <img decoding=\"async\" src=\"https:\/\/desteptati-va.ro\/wp-content\/plugins\/booster-extension\/\/assets\/icon\/sad.svg\" alt=\"Sad\">\n                    <\/a>\n                    <div class=\"twp-reaction-title\">\n                        Sad                    <\/div>\n                    <div class=\"twp-count-percent\">\n                                                    <span style=\"display: none;\" class=\"twp-react-count\">0<\/span>\n                                                                        <span class=\"twp-react-percent\"><span>0<\/span> %<\/span>\n                                            <\/div>\n                <\/div>\n\n                <div class=\"twp-reacts-wrap\">\n                    <a react-data=\"be-react-3\" post-id=\"3769\" class=\"be-face-icons un-reacted\" href=\"javascript:void(0)\">\n                        <img decoding=\"async\" src=\"https:\/\/desteptati-va.ro\/wp-content\/plugins\/booster-extension\/\/assets\/icon\/excited.svg\" alt=\"Excited\">\n                    <\/a>\n                    <div class=\"twp-reaction-title\">\n                        Excited                    <\/div>\n                    <div class=\"twp-count-percent\">\n                                                    <span style=\"display: none;\" class=\"twp-react-count\">0<\/span>\n                                                                        <span class=\"twp-react-percent\"><span>0<\/span> %<\/span>\n                                            <\/div>\n                <\/div>\n\n                <div class=\"twp-reacts-wrap\">\n                    <a react-data=\"be-react-6\" post-id=\"3769\" class=\"be-face-icons un-reacted\" href=\"javascript:void(0)\">\n                        <img decoding=\"async\" src=\"https:\/\/desteptati-va.ro\/wp-content\/plugins\/booster-extension\/\/assets\/icon\/sleepy.svg\" alt=\"Sleepy\">\n                    <\/a>\n                    <div class=\"twp-reaction-title\">\n                        Sleepy                    <\/div>\n                    <div class=\"twp-count-percent\">\n                                                    <span style=\"display: none;\" class=\"twp-react-count\">0<\/span>\n                        \n                                                <span class=\"twp-react-percent\"><span>0<\/span> %<\/span>\n                                            <\/div>\n                <\/div>\n\n                <div class=\"twp-reacts-wrap\">\n                    <a react-data=\"be-react-4\" post-id=\"3769\" class=\"be-face-icons un-reacted\" href=\"javascript:void(0)\">\n                        <img decoding=\"async\" src=\"https:\/\/desteptati-va.ro\/wp-content\/plugins\/booster-extension\/\/assets\/icon\/angry.svg\" alt=\"Angry\">\n                    <\/a>\n                    <div class=\"twp-reaction-title\">Angry<\/div>\n                    <div class=\"twp-count-percent\">\n                                                    <span style=\"display: none;\" class=\"twp-react-count\">0<\/span>\n                                                                        <span class=\"twp-react-percent\"><span>0<\/span> %<\/span>\n                        \n                    <\/div>\n                <\/div>\n\n                <div class=\"twp-reacts-wrap\">\n                    <a react-data=\"be-react-5\" post-id=\"3769\" class=\"be-face-icons un-reacted\" href=\"javascript:void(0)\">\n                        <img decoding=\"async\" src=\"https:\/\/desteptati-va.ro\/wp-content\/plugins\/booster-extension\/\/assets\/icon\/surprise.svg\" alt=\"Surprise\">\n                    <\/a>\n                    <div class=\"twp-reaction-title\">Surprise<\/div>\n                    <div class=\"twp-count-percent\">\n                                                    <span style=\"display: none;\" class=\"twp-react-count\">0<\/span>\n                                                                        <span class=\"twp-react-percent\"><span>0<\/span> %<\/span>\n                                            <\/div>\n                <\/div>\n\n            <\/div>\n        <\/div>\n\n    <\/div>","protected":false},"excerpt":{"rendered":"<p>REALITATEA UNOR \u201eMINUNI\u201d Voi prezenta, c\u00e2teva aspecte mai pu\u0163in cunoscute, care vin \u00een sprijinul celor afirmate mai sus. Adic\u0103 folosirea<a href=\"https:\/\/desteptati-va.ro\/index.php\/2021\/04\/16\/perfidul-razboi-psihologic-si-generalul-erou-stefan-guse\/\">Read More<i class=\"fa fa-long-arrow-right\" aria-hidden=\"true\"><\/i><\/a><\/p>\n","protected":false},"author":1,"featured_media":2630,"comment_status":"open","ping_status":"open","sticky":false,"template":"","format":"standard","meta":{"_crdt_document":"","footnotes":""},"categories":[3,218,5],"tags":[881,580,160,882],"class_list":["post-3769","post","type-post","status-publish","format-standard","has-post-thumbnail","hentry","category-decembrie-89","category-general","category-iluzii-si-iluzionisti","tag-gusa","tag-iulian-vlad","tag-securitatea","tag-virgil-magureanu"],"rise-blocks_total_comments":0,"rise-blocks_categories":[{"term_id":5,"name":"Iluzii si iluzioni\u0219ti","slug":"iluzii-si-iluzionisti","term_group":0,"term_taxonomy_id":5,"taxonomy":"category","description":"","parent":3,"count":4,"filter":"raw"}],"rise-blocks_excerpt":"REALITATEA UNOR \u201eMINUNI\u201d Voi prezenta, c\u00e2teva aspecte mai pu\u0163in cunoscute, care vin \u00een sprijinul celor afirmate mai sus. Adic\u0103 folosirea armelor neconven\u0163ionale pe teritoriul Rom\u00e2niei (cer, p\u0103m\u00e2nt) \u00een decembrie \u201989.&nbsp; Pe timpul Administra\u0163iei Nixon, Casa Alb\u0103, \u00eempreun\u0103 cu factorii de decizie din armat\u0103, a elaborat un plan de invadare a Cubei cu ajutorul unui submarin echipat cu lasere. Se \u015ftie..","yoast_head":"<!-- This site is optimized with the Yoast SEO plugin v26.9 - https:\/\/yoast.com\/product\/yoast-seo-wordpress\/ -->\r\n<title>Perfidul razboi psihologic \u0219i generalul erou \u0218tefan Gu\u0219e -<\/title>\r\n<meta name=\"robots\" content=\"index, follow, max-snippet:-1, max-image-preview:large, max-video-preview:-1\" \/>\r\n<link rel=\"canonical\" href=\"https:\/\/desteptati-va.ro\/index.php\/2021\/04\/16\/perfidul-razboi-psihologic-si-generalul-erou-stefan-guse\/\" \/>\r\n<meta property=\"og:locale\" content=\"ro_RO\" \/>\r\n<meta property=\"og:type\" content=\"article\" \/>\r\n<meta property=\"og:title\" content=\"Perfidul razboi psihologic \u0219i generalul erou \u0218tefan Gu\u0219e -\" \/>\r\n<meta property=\"og:description\" content=\"REALITATEA UNOR \u201eMINUNI\u201d Voi prezenta, c\u00e2teva aspecte mai pu\u0163in cunoscute, care vin \u00een sprijinul celor afirmate mai sus. Adic\u0103 folosireaRead More\" \/>\r\n<meta property=\"og:url\" content=\"https:\/\/desteptati-va.ro\/index.php\/2021\/04\/16\/perfidul-razboi-psihologic-si-generalul-erou-stefan-guse\/\" \/>\r\n<meta property=\"article:published_time\" content=\"2021-04-16T10:22:39+00:00\" \/>\r\n<meta property=\"article:modified_time\" content=\"2022-01-19T07:26:12+00:00\" \/>\r\n<meta property=\"og:image\" content=\"https:\/\/desteptati-va.ro\/wp-content\/uploads\/2021\/04\/Stefan-Gusa.jpg\" \/>\r\n\t<meta property=\"og:image:width\" content=\"223\" \/>\r\n\t<meta property=\"og:image:height\" content=\"244\" \/>\r\n\t<meta property=\"og:image:type\" content=\"image\/jpeg\" \/>\r\n<meta name=\"author\" content=\"wolfsoftcompany\" \/>\r\n<meta name=\"twitter:card\" content=\"summary_large_image\" \/>\r\n<meta name=\"twitter:label1\" content=\"Scris de\" \/>\n\t<meta name=\"twitter:data1\" content=\"wolfsoftcompany\" \/>\n\t<meta name=\"twitter:label2\" content=\"Timp estimat pentru citire\" \/>\n\t<meta name=\"twitter:data2\" content=\"20 de minute\" \/>\r\n<script type=\"application\/ld+json\" class=\"yoast-schema-graph\">{\"@context\":\"https:\/\/schema.org\",\"@graph\":[{\"@type\":\"Article\",\"@id\":\"https:\/\/desteptati-va.ro\/index.php\/2021\/04\/16\/perfidul-razboi-psihologic-si-generalul-erou-stefan-guse\/#article\",\"isPartOf\":{\"@id\":\"https:\/\/desteptati-va.ro\/index.php\/2021\/04\/16\/perfidul-razboi-psihologic-si-generalul-erou-stefan-guse\/\"},\"author\":{\"name\":\"wolfsoftcompany\",\"@id\":\"https:\/\/desteptati-va.ro\/#\/schema\/person\/13182deeebd44920914899f7bb262d6b\"},\"headline\":\"Perfidul razboi psihologic \u0219i generalul erou \u0218tefan Gu\u0219e\",\"datePublished\":\"2021-04-16T10:22:39+00:00\",\"dateModified\":\"2022-01-19T07:26:12+00:00\",\"mainEntityOfPage\":{\"@id\":\"https:\/\/desteptati-va.ro\/index.php\/2021\/04\/16\/perfidul-razboi-psihologic-si-generalul-erou-stefan-guse\/\"},\"wordCount\":3916,\"commentCount\":0,\"image\":{\"@id\":\"https:\/\/desteptati-va.ro\/index.php\/2021\/04\/16\/perfidul-razboi-psihologic-si-generalul-erou-stefan-guse\/#primaryimage\"},\"thumbnailUrl\":\"https:\/\/desteptati-va.ro\/wp-content\/uploads\/2021\/04\/Stefan-Gusa.jpg\",\"keywords\":[\"Gusa\",\"Iulian Vlad\",\"Securitatea\",\"Virgil Magureanu\"],\"articleSection\":[\"Decembrie 89\",\"General\",\"Iluzii si iluzioni\u0219ti\"],\"inLanguage\":\"ro-RO\",\"potentialAction\":[{\"@type\":\"CommentAction\",\"name\":\"Comment\",\"target\":[\"https:\/\/desteptati-va.ro\/index.php\/2021\/04\/16\/perfidul-razboi-psihologic-si-generalul-erou-stefan-guse\/#respond\"]}]},{\"@type\":\"WebPage\",\"@id\":\"https:\/\/desteptati-va.ro\/index.php\/2021\/04\/16\/perfidul-razboi-psihologic-si-generalul-erou-stefan-guse\/\",\"url\":\"https:\/\/desteptati-va.ro\/index.php\/2021\/04\/16\/perfidul-razboi-psihologic-si-generalul-erou-stefan-guse\/\",\"name\":\"Perfidul razboi psihologic \u0219i generalul erou \u0218tefan Gu\u0219e -\",\"isPartOf\":{\"@id\":\"https:\/\/desteptati-va.ro\/#website\"},\"primaryImageOfPage\":{\"@id\":\"https:\/\/desteptati-va.ro\/index.php\/2021\/04\/16\/perfidul-razboi-psihologic-si-generalul-erou-stefan-guse\/#primaryimage\"},\"image\":{\"@id\":\"https:\/\/desteptati-va.ro\/index.php\/2021\/04\/16\/perfidul-razboi-psihologic-si-generalul-erou-stefan-guse\/#primaryimage\"},\"thumbnailUrl\":\"https:\/\/desteptati-va.ro\/wp-content\/uploads\/2021\/04\/Stefan-Gusa.jpg\",\"datePublished\":\"2021-04-16T10:22:39+00:00\",\"dateModified\":\"2022-01-19T07:26:12+00:00\",\"author\":{\"@id\":\"https:\/\/desteptati-va.ro\/#\/schema\/person\/13182deeebd44920914899f7bb262d6b\"},\"breadcrumb\":{\"@id\":\"https:\/\/desteptati-va.ro\/index.php\/2021\/04\/16\/perfidul-razboi-psihologic-si-generalul-erou-stefan-guse\/#breadcrumb\"},\"inLanguage\":\"ro-RO\",\"potentialAction\":[{\"@type\":\"ReadAction\",\"target\":[\"https:\/\/desteptati-va.ro\/index.php\/2021\/04\/16\/perfidul-razboi-psihologic-si-generalul-erou-stefan-guse\/\"]}]},{\"@type\":\"ImageObject\",\"inLanguage\":\"ro-RO\",\"@id\":\"https:\/\/desteptati-va.ro\/index.php\/2021\/04\/16\/perfidul-razboi-psihologic-si-generalul-erou-stefan-guse\/#primaryimage\",\"url\":\"https:\/\/desteptati-va.ro\/wp-content\/uploads\/2021\/04\/Stefan-Gusa.jpg\",\"contentUrl\":\"https:\/\/desteptati-va.ro\/wp-content\/uploads\/2021\/04\/Stefan-Gusa.jpg\",\"width\":223,\"height\":244},{\"@type\":\"BreadcrumbList\",\"@id\":\"https:\/\/desteptati-va.ro\/index.php\/2021\/04\/16\/perfidul-razboi-psihologic-si-generalul-erou-stefan-guse\/#breadcrumb\",\"itemListElement\":[{\"@type\":\"ListItem\",\"position\":1,\"name\":\"Prima pagin\u0103\",\"item\":\"https:\/\/desteptati-va.ro\/\"},{\"@type\":\"ListItem\",\"position\":2,\"name\":\"Perfidul razboi psihologic \u0219i generalul erou \u0218tefan Gu\u0219e\"}]},{\"@type\":\"WebSite\",\"@id\":\"https:\/\/desteptati-va.ro\/#website\",\"url\":\"https:\/\/desteptati-va.ro\/\",\"name\":\"\",\"description\":\"\",\"potentialAction\":[{\"@type\":\"SearchAction\",\"target\":{\"@type\":\"EntryPoint\",\"urlTemplate\":\"https:\/\/desteptati-va.ro\/?s={search_term_string}\"},\"query-input\":{\"@type\":\"PropertyValueSpecification\",\"valueRequired\":true,\"valueName\":\"search_term_string\"}}],\"inLanguage\":\"ro-RO\"},{\"@type\":\"Person\",\"@id\":\"https:\/\/desteptati-va.ro\/#\/schema\/person\/13182deeebd44920914899f7bb262d6b\",\"name\":\"wolfsoftcompany\",\"image\":{\"@type\":\"ImageObject\",\"inLanguage\":\"ro-RO\",\"@id\":\"https:\/\/desteptati-va.ro\/#\/schema\/person\/image\/\",\"url\":\"https:\/\/secure.gravatar.com\/avatar\/a6cce9b6d101d27d91690e7073e300fed94c0899890bf998e082cb9d2c3d121e?s=96&d=mm&r=g\",\"contentUrl\":\"https:\/\/secure.gravatar.com\/avatar\/a6cce9b6d101d27d91690e7073e300fed94c0899890bf998e082cb9d2c3d121e?s=96&d=mm&r=g\",\"caption\":\"wolfsoftcompany\"},\"sameAs\":[\"http:\/\/desteptati-va.ro\"],\"url\":\"https:\/\/desteptati-va.ro\/index.php\/author\/wolfsoftcompany\/\"}]}<\/script>\r\n<!-- \/ Yoast SEO plugin. -->","yoast_head_json":{"title":"Perfidul razboi psihologic \u0219i generalul erou \u0218tefan Gu\u0219e -","robots":{"index":"index","follow":"follow","max-snippet":"max-snippet:-1","max-image-preview":"max-image-preview:large","max-video-preview":"max-video-preview:-1"},"canonical":"https:\/\/desteptati-va.ro\/index.php\/2021\/04\/16\/perfidul-razboi-psihologic-si-generalul-erou-stefan-guse\/","og_locale":"ro_RO","og_type":"article","og_title":"Perfidul razboi psihologic \u0219i generalul erou \u0218tefan Gu\u0219e -","og_description":"REALITATEA UNOR \u201eMINUNI\u201d Voi prezenta, c\u00e2teva aspecte mai pu\u0163in cunoscute, care vin \u00een sprijinul celor afirmate mai sus. Adic\u0103 folosireaRead More","og_url":"https:\/\/desteptati-va.ro\/index.php\/2021\/04\/16\/perfidul-razboi-psihologic-si-generalul-erou-stefan-guse\/","article_published_time":"2021-04-16T10:22:39+00:00","article_modified_time":"2022-01-19T07:26:12+00:00","og_image":[{"width":223,"height":244,"url":"https:\/\/desteptati-va.ro\/wp-content\/uploads\/2021\/04\/Stefan-Gusa.jpg","type":"image\/jpeg"}],"author":"wolfsoftcompany","twitter_card":"summary_large_image","twitter_misc":{"Scris de":"wolfsoftcompany","Timp estimat pentru citire":"20 de minute"},"schema":{"@context":"https:\/\/schema.org","@graph":[{"@type":"Article","@id":"https:\/\/desteptati-va.ro\/index.php\/2021\/04\/16\/perfidul-razboi-psihologic-si-generalul-erou-stefan-guse\/#article","isPartOf":{"@id":"https:\/\/desteptati-va.ro\/index.php\/2021\/04\/16\/perfidul-razboi-psihologic-si-generalul-erou-stefan-guse\/"},"author":{"name":"wolfsoftcompany","@id":"https:\/\/desteptati-va.ro\/#\/schema\/person\/13182deeebd44920914899f7bb262d6b"},"headline":"Perfidul razboi psihologic \u0219i generalul erou \u0218tefan Gu\u0219e","datePublished":"2021-04-16T10:22:39+00:00","dateModified":"2022-01-19T07:26:12+00:00","mainEntityOfPage":{"@id":"https:\/\/desteptati-va.ro\/index.php\/2021\/04\/16\/perfidul-razboi-psihologic-si-generalul-erou-stefan-guse\/"},"wordCount":3916,"commentCount":0,"image":{"@id":"https:\/\/desteptati-va.ro\/index.php\/2021\/04\/16\/perfidul-razboi-psihologic-si-generalul-erou-stefan-guse\/#primaryimage"},"thumbnailUrl":"https:\/\/desteptati-va.ro\/wp-content\/uploads\/2021\/04\/Stefan-Gusa.jpg","keywords":["Gusa","Iulian Vlad","Securitatea","Virgil Magureanu"],"articleSection":["Decembrie 89","General","Iluzii si iluzioni\u0219ti"],"inLanguage":"ro-RO","potentialAction":[{"@type":"CommentAction","name":"Comment","target":["https:\/\/desteptati-va.ro\/index.php\/2021\/04\/16\/perfidul-razboi-psihologic-si-generalul-erou-stefan-guse\/#respond"]}]},{"@type":"WebPage","@id":"https:\/\/desteptati-va.ro\/index.php\/2021\/04\/16\/perfidul-razboi-psihologic-si-generalul-erou-stefan-guse\/","url":"https:\/\/desteptati-va.ro\/index.php\/2021\/04\/16\/perfidul-razboi-psihologic-si-generalul-erou-stefan-guse\/","name":"Perfidul razboi psihologic \u0219i generalul erou \u0218tefan Gu\u0219e -","isPartOf":{"@id":"https:\/\/desteptati-va.ro\/#website"},"primaryImageOfPage":{"@id":"https:\/\/desteptati-va.ro\/index.php\/2021\/04\/16\/perfidul-razboi-psihologic-si-generalul-erou-stefan-guse\/#primaryimage"},"image":{"@id":"https:\/\/desteptati-va.ro\/index.php\/2021\/04\/16\/perfidul-razboi-psihologic-si-generalul-erou-stefan-guse\/#primaryimage"},"thumbnailUrl":"https:\/\/desteptati-va.ro\/wp-content\/uploads\/2021\/04\/Stefan-Gusa.jpg","datePublished":"2021-04-16T10:22:39+00:00","dateModified":"2022-01-19T07:26:12+00:00","author":{"@id":"https:\/\/desteptati-va.ro\/#\/schema\/person\/13182deeebd44920914899f7bb262d6b"},"breadcrumb":{"@id":"https:\/\/desteptati-va.ro\/index.php\/2021\/04\/16\/perfidul-razboi-psihologic-si-generalul-erou-stefan-guse\/#breadcrumb"},"inLanguage":"ro-RO","potentialAction":[{"@type":"ReadAction","target":["https:\/\/desteptati-va.ro\/index.php\/2021\/04\/16\/perfidul-razboi-psihologic-si-generalul-erou-stefan-guse\/"]}]},{"@type":"ImageObject","inLanguage":"ro-RO","@id":"https:\/\/desteptati-va.ro\/index.php\/2021\/04\/16\/perfidul-razboi-psihologic-si-generalul-erou-stefan-guse\/#primaryimage","url":"https:\/\/desteptati-va.ro\/wp-content\/uploads\/2021\/04\/Stefan-Gusa.jpg","contentUrl":"https:\/\/desteptati-va.ro\/wp-content\/uploads\/2021\/04\/Stefan-Gusa.jpg","width":223,"height":244},{"@type":"BreadcrumbList","@id":"https:\/\/desteptati-va.ro\/index.php\/2021\/04\/16\/perfidul-razboi-psihologic-si-generalul-erou-stefan-guse\/#breadcrumb","itemListElement":[{"@type":"ListItem","position":1,"name":"Prima pagin\u0103","item":"https:\/\/desteptati-va.ro\/"},{"@type":"ListItem","position":2,"name":"Perfidul razboi psihologic \u0219i generalul erou \u0218tefan Gu\u0219e"}]},{"@type":"WebSite","@id":"https:\/\/desteptati-va.ro\/#website","url":"https:\/\/desteptati-va.ro\/","name":"","description":"","potentialAction":[{"@type":"SearchAction","target":{"@type":"EntryPoint","urlTemplate":"https:\/\/desteptati-va.ro\/?s={search_term_string}"},"query-input":{"@type":"PropertyValueSpecification","valueRequired":true,"valueName":"search_term_string"}}],"inLanguage":"ro-RO"},{"@type":"Person","@id":"https:\/\/desteptati-va.ro\/#\/schema\/person\/13182deeebd44920914899f7bb262d6b","name":"wolfsoftcompany","image":{"@type":"ImageObject","inLanguage":"ro-RO","@id":"https:\/\/desteptati-va.ro\/#\/schema\/person\/image\/","url":"https:\/\/secure.gravatar.com\/avatar\/a6cce9b6d101d27d91690e7073e300fed94c0899890bf998e082cb9d2c3d121e?s=96&d=mm&r=g","contentUrl":"https:\/\/secure.gravatar.com\/avatar\/a6cce9b6d101d27d91690e7073e300fed94c0899890bf998e082cb9d2c3d121e?s=96&d=mm&r=g","caption":"wolfsoftcompany"},"sameAs":["http:\/\/desteptati-va.ro"],"url":"https:\/\/desteptati-va.ro\/index.php\/author\/wolfsoftcompany\/"}]}},"_links":{"self":[{"href":"https:\/\/desteptati-va.ro\/index.php\/wp-json\/wp\/v2\/posts\/3769","targetHints":{"allow":["GET"]}}],"collection":[{"href":"https:\/\/desteptati-va.ro\/index.php\/wp-json\/wp\/v2\/posts"}],"about":[{"href":"https:\/\/desteptati-va.ro\/index.php\/wp-json\/wp\/v2\/types\/post"}],"author":[{"embeddable":true,"href":"https:\/\/desteptati-va.ro\/index.php\/wp-json\/wp\/v2\/users\/1"}],"replies":[{"embeddable":true,"href":"https:\/\/desteptati-va.ro\/index.php\/wp-json\/wp\/v2\/comments?post=3769"}],"version-history":[{"count":2,"href":"https:\/\/desteptati-va.ro\/index.php\/wp-json\/wp\/v2\/posts\/3769\/revisions"}],"predecessor-version":[{"id":4550,"href":"https:\/\/desteptati-va.ro\/index.php\/wp-json\/wp\/v2\/posts\/3769\/revisions\/4550"}],"wp:featuredmedia":[{"embeddable":true,"href":"https:\/\/desteptati-va.ro\/index.php\/wp-json\/wp\/v2\/media\/2630"}],"wp:attachment":[{"href":"https:\/\/desteptati-va.ro\/index.php\/wp-json\/wp\/v2\/media?parent=3769"}],"wp:term":[{"taxonomy":"category","embeddable":true,"href":"https:\/\/desteptati-va.ro\/index.php\/wp-json\/wp\/v2\/categories?post=3769"},{"taxonomy":"post_tag","embeddable":true,"href":"https:\/\/desteptati-va.ro\/index.php\/wp-json\/wp\/v2\/tags?post=3769"}],"curies":[{"name":"wp","href":"https:\/\/api.w.org\/{rel}","templated":true}]}}