{"id":3786,"date":"2021-04-16T10:36:55","date_gmt":"2021-04-16T10:36:55","guid":{"rendered":"http:\/\/desteptati.ro\/?p=3786"},"modified":"2021-04-16T10:36:55","modified_gmt":"2021-04-16T10:36:55","slug":"enigma-vizitei-lui-ceausescu-la-teheran","status":"publish","type":"post","link":"https:\/\/desteptati-va.ro\/index.php\/2021\/04\/16\/enigma-vizitei-lui-ceausescu-la-teheran\/","title":{"rendered":"Enigma vizitei lui Ceausescu la Teheran"},"content":{"rendered":"<div class=\"post-content\"><div class='booster-block booster-read-block'>\n                <div class=\"twp-read-time\">\n                \t<i class=\"booster-icon twp-clock\"><\/i> <span>Read Time:<\/span>9 Minute, 14 Second                <\/div>\n\n            <\/div><h4><span style=\"color: #ff0000;\">Ion Stoian, ultimul ministru de Externe comunist, l-a \u00eenso\u0163it pe Ceau\u015fescu \u00een ultima sa vizit\u0103 \u00een str\u0103in\u0103tate. El explic\u0103 pentru \u201eAdev\u0103rul\u201c de ce \u00een 18-20 decembrie 1989, c\u00e2nd Timi\u015foara era \u00een fierbere, pre\u015fedintele Rom\u00e2niei s-a dus \u00een Iran.<\/span><\/h4>\r\n<h4>\u201eAdev\u0103rul\u201c: \u00cen 18- 20 decembrie 1989, c\u00e2nd la Timi\u015foara se murea pe str\u0103zi, Nicolae Ceau\u015fescu a f\u0103cut ultima sa vizit\u0103 \u00een str\u0103in\u0103tate.\u00a0 \u00cen capitala Iranului, la Teheran, la invita\u0163ia pre\u015fedintelui iranian Ali Akbar Hashemi Rafsanjani. Av\u00e2nd \u00een vedere enigmele evenimentelor \u00een curs, presa atribuie \u00eenc\u0103 acelei vizite cauze \u015fi efecte fantastice. Ce-a fost a\u015fa de extraordinar acolo \u00eenc\u00e2t n-a am\u00e2nat-o Ceau\u015fescu?<strong>\r\n<\/strong>Ion Stoian: S\u0103 \u015fti\u0163i c\u0103 nu am adus niciun terorist de acolo, cum s-a scris. To\u0163i cei din avion au fost sub semn\u0103tura mea, a lui Nicolcioiu (\u015feful Protocolului &#8211; n.red.) \u015fi a lui Neagoe (\u015feful Direc\u0163iei a V-a &#8211; n red.). Eu sunt autorul vizitei lui Ceau\u015fescu \u00een Iran, m\u0103 ave\u0163i \u00een fa\u0163\u0103.<\/h4>\r\n<h3><strong>De c\u00e2nd \u015fi pentru ce fusese antamat\u0103?<\/strong><\/h3>\r\n<h4>Fusesem trimis de Ceau\u015fescu cu un mesaj la Rafsanjani, pre\u015fedintele Iranului, \u00een septembrie 1989. De ce? Fusese la noi Najibullah, pre\u015fedintele Afganistanului, omul ru\u015filor. \u00cen 25 august participase la o conferin\u0163\u0103 interna\u0163ional\u0103 pe tema nealinia\u0163ilor, la Belgrad. De-acolo, Najibullah s-a oprit la Bucure\u015fti.\u00a0 Am luat masa \u00eempreun\u0103 cu el \u015fi cu Nicolae Ceau\u015fescu.<\/h4>\r\n<h4>Najibullah i-a cerut bunele oficii pe l\u00e2ng\u0103 guvernul sau pre\u015fedintele iranian pentru contactarea unor grup\u0103ri de afgani din Iran \u015fi Pakistan. Iar Nicolae Ceau\u015fescu m-a desemnat ca trimis special al lui la pre\u015fedintele Iranului. \u015ei m-am dus \u00een 4-5 septembrie 1989. \u00cel cunoscusem \u00eent\u00e2mpl\u0103tor pe ministrul de externe al Iranului. Era un medic pediatru. Cum s-au derulat lucrurile? Am \u00eenm\u00e2nat mesajul, l-a citit \u015fi am adus o chestiune nou\u0103 \u00een discu\u0163ie. C\u0103 \u00een dezvoltarea economic\u0103 pe noi ne-ar interesa o cantitate mai mare de \u0163i\u0163ei, gaze naturale&#8230;\u00a0\u00a0 M-a l\u0103sat \u00een seama primului s\u0103u adjunct, Vaiazi, consilier pe probleme interna\u0163ionale al lui Rafsanjani. Am ie\u015fit de la ministrul de Externe, \u00eenso\u0163it de Vaiazi, care mi-a spus: \u201eDomnule Stoian, v\u0103 rog lua\u0163i aici loc, eu mai am \u00eenc\u0103 treab\u0103 cu domnul pre\u015fedinte&#8230;\u201c L-am a\u015fteptat cam o or\u0103 \u015fi am plecat s\u0103 m\u00e2nc\u0103m. Eu cu el. Nu l-am luat la discu\u0163ii \u015fi pe ambasadorul nostru.<\/h4>\r\n<h4>\u00cen restaurant, Vaiazi zice s\u0103 ne retragem pe teras\u0103 doar cu translatorul meu de limb\u0103 farsi-rom\u00e2n\u0103. M-a \u00eentrebat cum ar privi Ceau\u015fescu o eventual\u0103 invita\u0163ie de-a face o vizit\u0103 \u00een Iran?, mi-a zis acolo. \u015etiam c\u0103 ar aproba, dar am zis c\u0103\u201enu pot s\u0103 m\u0103 angajez, dar dac\u0103 vrei o p\u0103rere&#8230;\u201c \u015ei l-am l\u0103sat s\u0103 \u00een\u0163eleag\u0103 acordul. A r\u0103mas s\u0103 discut\u0103m c\u0103, \u00een acest caz, s\u0103 trimit o telegram\u0103 ambasadorului nostru; iar el, Vaiazi, va veni s\u0103 stabilim am\u0103nuntele vizitei \u015fi cu propuneri. Nu i-am spus nimic ambasadorului nostru \u00een Iran de team\u0103 s\u0103 nu cl\u0103mp\u0103neasc\u0103 \u00een cercuri diplomatice. Dar i-am trimis o telegram\u0103 lui Ceau\u015fescu. O chestie bun\u0103 \u2013 \u00eemi zice la sosire. \u015ei ia calendarul s\u0103 stabilim. \u00cenainte de Congres avem treab\u0103 mult\u0103, a\u015fa c\u0103 mai bine pentru 17-20 decembrie. Foarte bine, am dat telegrama iar ambasadorul nostru a r\u0103mas t\u00e2mpit c\u00e2nd a v\u0103zut-o.<\/h4>\r\n<h3><strong>De ce n-a fost \u015fi Elena Ceau\u015fescu \u00een Iran?<\/strong><\/h3>\r\n<h4>Pentru c\u0103 ei nu aveau o femeie \u00een protocol. Cu ea nu am vorbit o iot\u0103 despre vizita aceasta. Dup\u0103 ce am stabilit cu Nicolae Ceau\u015fescu ce discu\u0163ii s\u0103 facem, o s\u0103pt\u0103m\u00e2n\u0103 \u00eenainte de vizita la Teheran, s-a \u00eent\u00e2lnit comisia mixt\u0103 rom\u00e2no-iranian\u0103 de colaborare economico-\u015ftiin\u0163ific\u0103. Am dat un comunicat de vreo patru pagini cu ce convenisem&#8230; Mai aveam \u00eens\u0103 dou\u0103 probleme de solu\u0163ionat. \u00cen privin\u0163a Afganistanului, noi vorbeam despre concesii reciproce pentru formarea unui stat democratic, independent. Iar ei, de un stat democratic, islamic&#8230; Nu voiau s\u0103 scoat\u0103 cuv\u00e2ntul islamic. M-am dus la Nicolae Ceau\u015fescu pe 17, chiar \u00eenainte de \u015fedin\u0163a cu nenorocirea. Iar el zice c\u0103 rezolv\u0103m pe avion, c\u0103 avem patru ore de mers. Dar \u00een avion nu a ie\u015fit din camera sa de odihn\u0103.<\/h4>\r\n<h3><strong>Ceva deosebit \u00een asta?!<\/strong><\/h3>\r\n<h4>De regul\u0103, dup\u0103 decolare \u00ee\u015fi scotea haina \u00een cabina lui de odihn\u0103. Apoi venea cu noi \u00een salon, unde erau canapele. Atunci, abia cu un sfert de or\u0103 \u00eenainte de aterizarea avionului, a ie\u015fit din cabina lui. Zice \u2013 s\u0103-mi ar\u0103\u0163i \u015fi mie care e pre\u015fedintele. \u015ei at\u00e2t.<\/h4>\r\n<h4><strong>GR\u00c2U CONTRA \u0162I\u0162EI<\/strong><\/h4>\r\n<h4><strong>Despre demonstra\u0163iile de la Timi\u015foara n-a vorbit, \u00een\u0163eleg, dec\u00e2t \u00een \u015fedin\u0163ele CPEx sau \u00een biroul lui din CC&#8230; De ce era at\u00e2t de important\u0103 vizita \u00een Iran?<\/strong>\r\nDup\u0103 discu\u0163iile comisiei mixte urma s\u0103 fie stabilit c\u00e2t \u0163i\u0163ei \u015fi c\u00e2te gaze s\u0103 ne dea Iranul. Dar nu voiam s\u0103 fim prea dependen\u0163i nici de ei, pentru c\u0103 erau capricio\u015fi&#8230; \u00cen discu\u0163ii, la un moment dat, Rafsanjani zice: Domnule Ceau\u015fescu, ave\u0163i greut\u0103\u0163i, \u015fi noi avem greut\u0103\u0163i; nu suntem o \u0163ar\u0103 agricol\u0103, avem nevoie de gr\u00e2u. V\u0103 rog s\u0103 ne aproba\u0163i import de gr\u00e2u din Rom\u00e2nia. Ce cantitate vre\u0163i? &#8211; \u00eentreab\u0103 Ceau\u015fescu. Orice cantitate, zice acela. V\u0103 putem da 2-3 milioane de tone de gr\u00e2u \u00eencep\u00e2nd din ianuarie, zice Ceau\u015fescu. S\u0103 stabilim contractele. Avem \u015fi noi nevoie de \u0163i\u0163ei, gaz. Iar \u0103la zice, \u015fi el, da. \u015ei s-a stabilit la 5 milioane tone de \u0163i\u0163ei \u00een anul 1990, cu posibilit\u0103\u0163i de cre\u015ftere p\u00e2n\u0103 la 10 milioane de tone \u00een 2-3 ani. La gaze \u2014 5 milioane de metri cubi, cu posibilitatea cre\u015fterii la 10 milioane prin conducta ce trece prin URSS.<\/h4>\r\n<h3><strong>Cum a\u0163i comentat, partea rom\u00e2n\u0103, rezultatele vizitei?<\/strong><\/h3>\r\n<h4>Ceau\u015fescu a fost foarte \u00eenc\u00e2ntat. Dar aveam noi 3 milioane tone de gr\u00e2u?! Vin \u00een \u0163ar\u0103 \u015fi-l sun pe Zamfir, directorul nostru general peste rezervele de cereale: Spune-mi \u015fi mie ce-avem noi \u00een depozitul statului. 10, 5 milioane tone de cereale, a zis el. At\u00e2t aveam \u00een 20 decembrie 1989.<\/h4>\r\n<h4><strong>\u015ei-atunci, de ce \u201ese d\u0103dea\u201c p\u00e2inea pe cartel\u0103?<\/strong>\r\nN-am \u00een\u0163eles.<\/h4>\r\n<h4><strong>De ce nu l-a\u0163i \u00eentrebat pe \u201emai marele\u201c peste to\u0163i?<\/strong>\r\nN-am avut curaj. La \u00eentreb\u0103ri, mai ales soa\u0163a ar fi s\u0103rit imediat cu \u201enepricepu\u0163ii \u0103\u015ftia\u201c&#8230; Asta a fost vizita \u00een Iran.<\/h4>\r\n<h3><strong><em>T<\/em><\/strong><strong>imi\u015foara, subiect tabu<\/strong><\/h3>\r\n<h4><strong>Ce-a f\u0103cut el \u00een timpul vizitei? Era\u0163i ministru de Externe, iar el \u00eenvinuia agenturile str\u0103ine de manifesta\u0163iile din Timi\u015foara&#8230; N-a\u0163i discutat despre ce era \u00een \u0163ar\u0103?<\/strong>\r\nLa Teheran nu am stat \u00een aceea\u015fi re\u015fedin\u0163\u0103. Ceva s-a \u00eent\u00e2mplat \u00eens\u0103. De regul\u0103, c\u00e2nd eram plecat \u00een str\u0103in\u0103tate, primeam zilnic informa\u0163ii din minister. Era normal \u2014 ca s\u0103 \u015ftiu r\u0103spunde la posibile \u00eentreb\u0103ri. De data aceasta n-am primit dec\u00e2t o singur\u0103 telegram\u0103 pe chestiuni minore. C\u00e2nd am venit, Duma (ministru secretar de stat la MAE, n.red.) avea un dosar cu mai mult de 20 de telegrame re\u0163inute pentru mine. \u00cel \u00eentreb de ce nu mi le-a trimis. Iar el r\u0103spunde c\u0103 a primit dispozi\u0163ie de la Tovar\u0103\u015fa s\u0103 nu-mi trimit\u0103 mie nimic. C\u0103 trimite d\u00e2nsa pe calea ce-o are.<\/h4>\r\n<h3><strong>Ce cale avea Elena Ceau\u015fescu?<\/strong><\/h3>\r\n<h4>Nicolae Ceau\u015fescu avea telefon direct \u015fi \u00een avion. Dar eu am fost trei zile f\u0103r\u0103 radio, f\u0103r\u0103 informa\u0163ii. \u00cen seara de 20 decembrie, am fost la biroul lui Ceau\u015fescu \u015fi i-am spus c\u0103 am primit telegrame interna\u0163ionale de\u00a0 amenin\u0163are la adresa Rom\u00e2niei.<\/h4>\r\n<h3><strong>Ce anume?<\/strong><\/h3>\r\n<h4>Declara\u0163ia ministrului de Externe francez c\u0103 va privi cu \u00een\u0163elegere o eventual\u0103 p\u0103trundere a trupelor sovietice \u00een Rom\u00e2nia. La dou\u0103 ore distan\u0163\u0103, declara\u0163ia secretarului de stat Baker c\u0103 SUA sunt de acord cu pozi\u0163ia Fran\u0163ei. Apoi Matyas Sz\u00fcros, pre\u015fedintele interimar al Ungariei, care declar\u0103 c\u0103, av\u00e2nd \u00een vedere situa\u0163ia din Rom\u00e2nia, crede c\u0103 a sosit timpul s\u0103 eliber\u0103m teritoriul carpato-dun\u0103rean ce le apar\u0163ine. Erau apoi \u015fi informa\u0163iile primite pe alte c\u0103i.<\/h4>\r\n<h4>Serviciile speciale informau c\u0103 \u00een ziua de 19 decembrie a avut loc \u00eent\u00e2lnirea \u015fefilor adjunc\u0163i ai Statelor Majore din \u0163\u0103rile Tratatului de la Var\u015fovia, la Kiev, pentru a discuta situa\u0163ia din Rom\u00e2nia. Rom\u00e2nia nu a fost invitat\u0103. Se mai informa \u015fi c\u0103 la Ungheni, pe r\u00e2ul Prut, se pusese podul de vase p\u00e2n\u0103 la jum\u0103tatea apei. I le-am dus lui Nicolae Ceau\u015fescu, \u00een 20 seara, la biroul lui din CC. Am avut impresia c\u0103 \u015ftia deja c\u00e2te ceva. A spus: \u00abDa, urm\u0103rim atent aceast\u0103 chestiune, avem informa\u0163ii c\u0103 sovieticii or s\u0103 intre \u00een Rom\u00e2nia, c\u0103 se preg\u0103tesc&#8230; Invit\u0103 ambasadorii \u0163\u0103rilor socialiste \u015fi pe ceilal\u0163i \u015fi comunic\u0103-le c\u0103 Guvernul rom\u00e2n&#8230; \u015ftii tu ce s\u0103 le spui.\u00bb M-am dus \u00een accea\u015fi sear\u0103 \u015fi am invitat ambasadorii. \u00cent\u00e2i din \u0163\u0103rile socialiste, apoi pe cei ai Pakistanului, Indiei&#8230; Au luat not\u0103 \u015fi gata.<\/h4>\r\n<h4>P\u00e2n\u0103 la 2 noaptea am stat pe baricad\u0103. Urma ca a doua zi s\u0103-i chem \u015fi pe ambasadorii \u0163\u0103rilor din NATO. Dar a doua zi s-a \u00eent\u00e2mplat ce s-a \u00eent\u00e2mplat \u00een Bucure\u015fti. Am fost chemat \u015fi eu s\u0103 merg la miting. S-a \u00eent\u00e2mplat busculada \u015fi mi-am dat seama c\u0103 e pierdut\u0103 cauza. Am ajuns la minister pe la 16-17 seara. \u015ei m-a \u00eentrebat Nicolae Ceau\u015fescu dac\u0103 am chemat ambasadorii. Am spus c\u0103\u00a0n-am putut. \u015ei s-a terminat&#8230; S-a terminat.<\/h4>\r\n<h4><strong>Dar el pe ce se baza c\u0103 poate continua \u00eenc\u0103?&#8230; Tot momentul \u201968?<\/strong>\r\nA avut \u015fi el o judecat\u0103&#8230; Dar nu mai erau acelea\u015fi guverne \u00een \u0163\u0103rile socialiste. El era singurul dintre vechii conduc\u0103tori. Se schimbase \u015fi orientarea, \u015fi g\u00e2ndirea&#8230; Am fost foarte sup\u0103rat pe Securitate. Am avut discu\u0163ii dure cu Vlad (Iulian Vlad, \u015feful Securit\u0103\u0163ii, n. red).<\/h4>\r\n<h4><strong>Cum a sf\u00e2r\u015fit pentru dvs. \u201eepoca Ceau\u015fescu\u201c?<\/strong>\r\nAm stat \u00een Ministerul de Externe p\u00e2n\u0103 \u00een 28 decembrie. Am r\u0103spuns la telegramele tuturor celor care ne trimiseser\u0103. \u00cen 21 decembrie, Bucur, ambasadorul nostru de la Moscova, a fost chemat la adjunctul ministrului de Externe sovietic. Acela i-a zis c\u0103 a fost informat c\u0103, la nivel \u00eenalt, se spune la Bucure\u015fti c\u0103 URSS se preg\u0103te\u015fte s\u0103 intervin\u0103 cu trupele \u00een Rom\u00e2nia. Asta e o chestiune foarte serioas\u0103, o s\u0103 studiem cu mare aten\u0163ie, zicea sovieticul&#8230;\u00a0 I-am zis lui Bucur:\u00a0 \u201eCe-ai f\u0103cut? Ai t\u0103cut?!\u201c Se speriase \u015fi el&#8230; Am \u0163inut piept acestor chestiuni. \u015ei am fost arestat pe 19 ianuarie 1990. Pentru subminarea economiei na\u0163ionale \u015fi genocid. Pe mine m\u0103 fr\u0103m\u00e2nt\u0103 \u015fi acum acea umilin\u0163\u0103 \u015fi nedreptate. De ce ne-au arestat? De ce ne-au f\u0103cut perchezi\u0163ie acas\u0103? Sunt s\u0103tul de umilin\u0163e nemeritate. M-au arestat pe 19 ianuarie \u015fi \u015fi-au dat seama c\u0103\u00a0n-au mandat abia \u00een 25-26 martie. Armata l-a tr\u0103dat pe Ceau\u015fescu, Armata a tras, Armata a omor\u00e2t oameni, Armata m-a condamnat. Slav\u0103 Armatei Rom\u00e2ne!<\/h4>\r\n\r\n<hr \/>\r\n\r\n<h3><strong>Cine e Ion Stoian<\/strong><\/h3>\r\n<h4>Ion Stoian s-a n\u0103scut \u00een 1927 la Telega (Prahova). A intrat \u00een Partidul Comunist \u00een 1945. A fost promovat \u00eenc\u0103 din 1959 \u00een structurile centrale politice. Printre func\u0163iile \u00eensemnate pe care le-a \u00eendeplinit au fost: \u015fef sec\u0163ie Literatur\u0103 \u015fi art\u0103 a CC al PCR (1965-1968); rector al Academiei \u201e\u015etefan Gheorghiu\u201c (1968-1971); prim-secretar al Jude\u0163enei de Partid Constan\u0163a (1979-1983); membru al CC al PCR (1965-1989) \u015fi secretar al CC al PCR (1984 &#8211; noiembrie 1989), ministrul Afacerilor Externe (4 noiembrie-22 decembrie 1989).<\/h4>\r\n<h4><\/h4>\r\n<h4><\/h4>\r\n<h4><span style=\"color: #c0c0c0;\"><em>Sursa:<\/em> <span style=\"color: #c0c0c0;\">www.adevarul.ro<\/span><\/span><\/h4>        <div class=\"booster-block booster-reactions-block\">\n            <div class=\"twp-reactions-icons\">\n                \n                <div class=\"twp-reacts-wrap\">\n                    <a react-data=\"be-react-1\" post-id=\"3786\" class=\"be-face-icons un-reacted\" href=\"javascript:void(0)\">\n                        <img decoding=\"async\" src=\"https:\/\/desteptati-va.ro\/wp-content\/plugins\/booster-extension\/\/assets\/icon\/happy.svg\" alt=\"Happy\">\n                    <\/a>\n                    <div class=\"twp-reaction-title\">\n                        Happy                    <\/div>\n                    <div class=\"twp-count-percent\">\n                                                    <span style=\"display: none;\" class=\"twp-react-count\">0<\/span>\n                        \n                                                <span class=\"twp-react-percent\"><span>0<\/span> %<\/span>\n                                            <\/div>\n                <\/div>\n\n                <div class=\"twp-reacts-wrap\">\n                    <a react-data=\"be-react-2\" post-id=\"3786\" class=\"be-face-icons un-reacted\" href=\"javascript:void(0)\">\n                        <img decoding=\"async\" src=\"https:\/\/desteptati-va.ro\/wp-content\/plugins\/booster-extension\/\/assets\/icon\/sad.svg\" alt=\"Sad\">\n                    <\/a>\n                    <div class=\"twp-reaction-title\">\n                        Sad                    <\/div>\n                    <div class=\"twp-count-percent\">\n                                                    <span style=\"display: none;\" class=\"twp-react-count\">0<\/span>\n                                                                        <span class=\"twp-react-percent\"><span>0<\/span> %<\/span>\n                                            <\/div>\n                <\/div>\n\n                <div class=\"twp-reacts-wrap\">\n                    <a react-data=\"be-react-3\" post-id=\"3786\" class=\"be-face-icons un-reacted\" href=\"javascript:void(0)\">\n                        <img decoding=\"async\" src=\"https:\/\/desteptati-va.ro\/wp-content\/plugins\/booster-extension\/\/assets\/icon\/excited.svg\" alt=\"Excited\">\n                    <\/a>\n                    <div class=\"twp-reaction-title\">\n                        Excited                    <\/div>\n                    <div class=\"twp-count-percent\">\n                                                    <span style=\"display: none;\" class=\"twp-react-count\">0<\/span>\n                                                                        <span class=\"twp-react-percent\"><span>0<\/span> %<\/span>\n                                            <\/div>\n                <\/div>\n\n                <div class=\"twp-reacts-wrap\">\n                    <a react-data=\"be-react-6\" post-id=\"3786\" class=\"be-face-icons un-reacted\" href=\"javascript:void(0)\">\n                        <img decoding=\"async\" src=\"https:\/\/desteptati-va.ro\/wp-content\/plugins\/booster-extension\/\/assets\/icon\/sleepy.svg\" alt=\"Sleepy\">\n                    <\/a>\n                    <div class=\"twp-reaction-title\">\n                        Sleepy                    <\/div>\n                    <div class=\"twp-count-percent\">\n                                                    <span style=\"display: none;\" class=\"twp-react-count\">0<\/span>\n                        \n                                                <span class=\"twp-react-percent\"><span>0<\/span> %<\/span>\n                                            <\/div>\n                <\/div>\n\n                <div class=\"twp-reacts-wrap\">\n                    <a react-data=\"be-react-4\" post-id=\"3786\" class=\"be-face-icons un-reacted\" href=\"javascript:void(0)\">\n                        <img decoding=\"async\" src=\"https:\/\/desteptati-va.ro\/wp-content\/plugins\/booster-extension\/\/assets\/icon\/angry.svg\" alt=\"Angry\">\n                    <\/a>\n                    <div class=\"twp-reaction-title\">Angry<\/div>\n                    <div class=\"twp-count-percent\">\n                                                    <span style=\"display: none;\" class=\"twp-react-count\">0<\/span>\n                                                                        <span class=\"twp-react-percent\"><span>0<\/span> %<\/span>\n                        \n                    <\/div>\n                <\/div>\n\n                <div class=\"twp-reacts-wrap\">\n                    <a react-data=\"be-react-5\" post-id=\"3786\" class=\"be-face-icons un-reacted\" href=\"javascript:void(0)\">\n                        <img decoding=\"async\" src=\"https:\/\/desteptati-va.ro\/wp-content\/plugins\/booster-extension\/\/assets\/icon\/surprise.svg\" alt=\"Surprise\">\n                    <\/a>\n                    <div class=\"twp-reaction-title\">Surprise<\/div>\n                    <div class=\"twp-count-percent\">\n                                                    <span style=\"display: none;\" class=\"twp-react-count\">0<\/span>\n                                                                        <span class=\"twp-react-percent\"><span>0<\/span> %<\/span>\n                                            <\/div>\n                <\/div>\n\n            <\/div>\n        <\/div>\n\n    <\/div>","protected":false},"excerpt":{"rendered":"<p>Ion Stoian, ultimul ministru de Externe comunist, l-a \u00eenso\u0163it pe Ceau\u015fescu \u00een ultima sa vizit\u0103 \u00een str\u0103in\u0103tate. El explic\u0103 pentru<a href=\"https:\/\/desteptati-va.ro\/index.php\/2021\/04\/16\/enigma-vizitei-lui-ceausescu-la-teheran\/\">Read More<i class=\"fa fa-long-arrow-right\" aria-hidden=\"true\"><\/i><\/a><\/p>\n","protected":false},"author":1,"featured_media":3788,"comment_status":"open","ping_status":"open","sticky":false,"template":"","format":"standard","meta":{"_crdt_document":"","footnotes":""},"categories":[3,6],"tags":[884,159,351],"class_list":["post-3786","post","type-post","status-publish","format-standard","has-post-thumbnail","hentry","category-decembrie-89","category-istorii-nestiute","tag-erou","tag-patriot","tag-roman"],"rise-blocks_total_comments":1,"rise-blocks_categories":[{"term_id":6,"name":"Istorii nestiute","slug":"istorii-nestiute","term_group":0,"term_taxonomy_id":6,"taxonomy":"category","description":"","parent":3,"count":9,"filter":"raw"}],"rise-blocks_excerpt":"Ion Stoian, ultimul ministru de Externe comunist, l-a \u00eenso\u0163it pe Ceau\u015fescu \u00een ultima sa vizit\u0103 \u00een str\u0103in\u0103tate. El explic\u0103 pentru \u201eAdev\u0103rul\u201c de ce \u00een 18-20 decembrie 1989, c\u00e2nd Timi\u015foara era \u00een fierbere, pre\u015fedintele Rom\u00e2niei s-a dus \u00een Iran. \u201eAdev\u0103rul\u201c: \u00cen 18- 20 decembrie 1989, c\u00e2nd la Timi\u015foara se murea pe str\u0103zi, Nicolae Ceau\u015fescu a f\u0103cut ultima sa vizit\u0103 \u00een str\u0103in\u0103tate.\u00a0..","yoast_head":"<!-- This site is optimized with the Yoast SEO plugin v26.9 - https:\/\/yoast.com\/product\/yoast-seo-wordpress\/ -->\r\n<title>Enigma vizitei lui Ceausescu la Teheran -<\/title>\r\n<meta name=\"robots\" content=\"index, follow, max-snippet:-1, max-image-preview:large, max-video-preview:-1\" \/>\r\n<link rel=\"canonical\" href=\"https:\/\/desteptati-va.ro\/index.php\/2021\/04\/16\/enigma-vizitei-lui-ceausescu-la-teheran\/\" \/>\r\n<meta property=\"og:locale\" content=\"ro_RO\" \/>\r\n<meta property=\"og:type\" content=\"article\" \/>\r\n<meta property=\"og:title\" content=\"Enigma vizitei lui Ceausescu la Teheran -\" \/>\r\n<meta property=\"og:description\" content=\"Ion Stoian, ultimul ministru de Externe comunist, l-a \u00eenso\u0163it pe Ceau\u015fescu \u00een ultima sa vizit\u0103 \u00een str\u0103in\u0103tate. El explic\u0103 pentruRead More\" \/>\r\n<meta property=\"og:url\" content=\"https:\/\/desteptati-va.ro\/index.php\/2021\/04\/16\/enigma-vizitei-lui-ceausescu-la-teheran\/\" \/>\r\n<meta property=\"article:published_time\" content=\"2021-04-16T10:36:55+00:00\" \/>\r\n<meta property=\"og:image\" content=\"https:\/\/desteptati-va.ro\/wp-content\/uploads\/2021\/04\/untitled1-3.png\" \/>\r\n\t<meta property=\"og:image:width\" content=\"323\" \/>\r\n\t<meta property=\"og:image:height\" content=\"201\" \/>\r\n\t<meta property=\"og:image:type\" content=\"image\/png\" \/>\r\n<meta name=\"author\" content=\"wolfsoftcompany\" \/>\r\n<meta name=\"twitter:card\" content=\"summary_large_image\" \/>\r\n<meta name=\"twitter:label1\" content=\"Scris de\" \/>\n\t<meta name=\"twitter:data1\" content=\"wolfsoftcompany\" \/>\n\t<meta name=\"twitter:label2\" content=\"Timp estimat pentru citire\" \/>\n\t<meta name=\"twitter:data2\" content=\"10 minute\" \/>\r\n<script type=\"application\/ld+json\" class=\"yoast-schema-graph\">{\"@context\":\"https:\/\/schema.org\",\"@graph\":[{\"@type\":\"Article\",\"@id\":\"https:\/\/desteptati-va.ro\/index.php\/2021\/04\/16\/enigma-vizitei-lui-ceausescu-la-teheran\/#article\",\"isPartOf\":{\"@id\":\"https:\/\/desteptati-va.ro\/index.php\/2021\/04\/16\/enigma-vizitei-lui-ceausescu-la-teheran\/\"},\"author\":{\"name\":\"wolfsoftcompany\",\"@id\":\"https:\/\/desteptati-va.ro\/#\/schema\/person\/13182deeebd44920914899f7bb262d6b\"},\"headline\":\"Enigma vizitei lui Ceausescu la Teheran\",\"datePublished\":\"2021-04-16T10:36:55+00:00\",\"mainEntityOfPage\":{\"@id\":\"https:\/\/desteptati-va.ro\/index.php\/2021\/04\/16\/enigma-vizitei-lui-ceausescu-la-teheran\/\"},\"wordCount\":1994,\"commentCount\":0,\"image\":{\"@id\":\"https:\/\/desteptati-va.ro\/index.php\/2021\/04\/16\/enigma-vizitei-lui-ceausescu-la-teheran\/#primaryimage\"},\"thumbnailUrl\":\"https:\/\/desteptati-va.ro\/wp-content\/uploads\/2021\/04\/untitled1-3.png\",\"keywords\":[\"erou\",\"patriot\",\"Roman\"],\"articleSection\":[\"Decembrie 89\",\"Istorii nestiute\"],\"inLanguage\":\"ro-RO\",\"potentialAction\":[{\"@type\":\"CommentAction\",\"name\":\"Comment\",\"target\":[\"https:\/\/desteptati-va.ro\/index.php\/2021\/04\/16\/enigma-vizitei-lui-ceausescu-la-teheran\/#respond\"]}]},{\"@type\":\"WebPage\",\"@id\":\"https:\/\/desteptati-va.ro\/index.php\/2021\/04\/16\/enigma-vizitei-lui-ceausescu-la-teheran\/\",\"url\":\"https:\/\/desteptati-va.ro\/index.php\/2021\/04\/16\/enigma-vizitei-lui-ceausescu-la-teheran\/\",\"name\":\"Enigma vizitei lui Ceausescu la Teheran -\",\"isPartOf\":{\"@id\":\"https:\/\/desteptati-va.ro\/#website\"},\"primaryImageOfPage\":{\"@id\":\"https:\/\/desteptati-va.ro\/index.php\/2021\/04\/16\/enigma-vizitei-lui-ceausescu-la-teheran\/#primaryimage\"},\"image\":{\"@id\":\"https:\/\/desteptati-va.ro\/index.php\/2021\/04\/16\/enigma-vizitei-lui-ceausescu-la-teheran\/#primaryimage\"},\"thumbnailUrl\":\"https:\/\/desteptati-va.ro\/wp-content\/uploads\/2021\/04\/untitled1-3.png\",\"datePublished\":\"2021-04-16T10:36:55+00:00\",\"author\":{\"@id\":\"https:\/\/desteptati-va.ro\/#\/schema\/person\/13182deeebd44920914899f7bb262d6b\"},\"breadcrumb\":{\"@id\":\"https:\/\/desteptati-va.ro\/index.php\/2021\/04\/16\/enigma-vizitei-lui-ceausescu-la-teheran\/#breadcrumb\"},\"inLanguage\":\"ro-RO\",\"potentialAction\":[{\"@type\":\"ReadAction\",\"target\":[\"https:\/\/desteptati-va.ro\/index.php\/2021\/04\/16\/enigma-vizitei-lui-ceausescu-la-teheran\/\"]}]},{\"@type\":\"ImageObject\",\"inLanguage\":\"ro-RO\",\"@id\":\"https:\/\/desteptati-va.ro\/index.php\/2021\/04\/16\/enigma-vizitei-lui-ceausescu-la-teheran\/#primaryimage\",\"url\":\"https:\/\/desteptati-va.ro\/wp-content\/uploads\/2021\/04\/untitled1-3.png\",\"contentUrl\":\"https:\/\/desteptati-va.ro\/wp-content\/uploads\/2021\/04\/untitled1-3.png\",\"width\":323,\"height\":201},{\"@type\":\"BreadcrumbList\",\"@id\":\"https:\/\/desteptati-va.ro\/index.php\/2021\/04\/16\/enigma-vizitei-lui-ceausescu-la-teheran\/#breadcrumb\",\"itemListElement\":[{\"@type\":\"ListItem\",\"position\":1,\"name\":\"Prima pagin\u0103\",\"item\":\"https:\/\/desteptati-va.ro\/\"},{\"@type\":\"ListItem\",\"position\":2,\"name\":\"Enigma vizitei lui Ceausescu la Teheran\"}]},{\"@type\":\"WebSite\",\"@id\":\"https:\/\/desteptati-va.ro\/#website\",\"url\":\"https:\/\/desteptati-va.ro\/\",\"name\":\"\",\"description\":\"\",\"potentialAction\":[{\"@type\":\"SearchAction\",\"target\":{\"@type\":\"EntryPoint\",\"urlTemplate\":\"https:\/\/desteptati-va.ro\/?s={search_term_string}\"},\"query-input\":{\"@type\":\"PropertyValueSpecification\",\"valueRequired\":true,\"valueName\":\"search_term_string\"}}],\"inLanguage\":\"ro-RO\"},{\"@type\":\"Person\",\"@id\":\"https:\/\/desteptati-va.ro\/#\/schema\/person\/13182deeebd44920914899f7bb262d6b\",\"name\":\"wolfsoftcompany\",\"image\":{\"@type\":\"ImageObject\",\"inLanguage\":\"ro-RO\",\"@id\":\"https:\/\/desteptati-va.ro\/#\/schema\/person\/image\/\",\"url\":\"https:\/\/secure.gravatar.com\/avatar\/a6cce9b6d101d27d91690e7073e300fed94c0899890bf998e082cb9d2c3d121e?s=96&d=mm&r=g\",\"contentUrl\":\"https:\/\/secure.gravatar.com\/avatar\/a6cce9b6d101d27d91690e7073e300fed94c0899890bf998e082cb9d2c3d121e?s=96&d=mm&r=g\",\"caption\":\"wolfsoftcompany\"},\"sameAs\":[\"http:\/\/desteptati-va.ro\"],\"url\":\"https:\/\/desteptati-va.ro\/index.php\/author\/wolfsoftcompany\/\"}]}<\/script>\r\n<!-- \/ Yoast SEO plugin. -->","yoast_head_json":{"title":"Enigma vizitei lui Ceausescu la Teheran -","robots":{"index":"index","follow":"follow","max-snippet":"max-snippet:-1","max-image-preview":"max-image-preview:large","max-video-preview":"max-video-preview:-1"},"canonical":"https:\/\/desteptati-va.ro\/index.php\/2021\/04\/16\/enigma-vizitei-lui-ceausescu-la-teheran\/","og_locale":"ro_RO","og_type":"article","og_title":"Enigma vizitei lui Ceausescu la Teheran -","og_description":"Ion Stoian, ultimul ministru de Externe comunist, l-a \u00eenso\u0163it pe Ceau\u015fescu \u00een ultima sa vizit\u0103 \u00een str\u0103in\u0103tate. El explic\u0103 pentruRead More","og_url":"https:\/\/desteptati-va.ro\/index.php\/2021\/04\/16\/enigma-vizitei-lui-ceausescu-la-teheran\/","article_published_time":"2021-04-16T10:36:55+00:00","og_image":[{"width":323,"height":201,"url":"https:\/\/desteptati-va.ro\/wp-content\/uploads\/2021\/04\/untitled1-3.png","type":"image\/png"}],"author":"wolfsoftcompany","twitter_card":"summary_large_image","twitter_misc":{"Scris de":"wolfsoftcompany","Timp estimat pentru citire":"10 minute"},"schema":{"@context":"https:\/\/schema.org","@graph":[{"@type":"Article","@id":"https:\/\/desteptati-va.ro\/index.php\/2021\/04\/16\/enigma-vizitei-lui-ceausescu-la-teheran\/#article","isPartOf":{"@id":"https:\/\/desteptati-va.ro\/index.php\/2021\/04\/16\/enigma-vizitei-lui-ceausescu-la-teheran\/"},"author":{"name":"wolfsoftcompany","@id":"https:\/\/desteptati-va.ro\/#\/schema\/person\/13182deeebd44920914899f7bb262d6b"},"headline":"Enigma vizitei lui Ceausescu la Teheran","datePublished":"2021-04-16T10:36:55+00:00","mainEntityOfPage":{"@id":"https:\/\/desteptati-va.ro\/index.php\/2021\/04\/16\/enigma-vizitei-lui-ceausescu-la-teheran\/"},"wordCount":1994,"commentCount":0,"image":{"@id":"https:\/\/desteptati-va.ro\/index.php\/2021\/04\/16\/enigma-vizitei-lui-ceausescu-la-teheran\/#primaryimage"},"thumbnailUrl":"https:\/\/desteptati-va.ro\/wp-content\/uploads\/2021\/04\/untitled1-3.png","keywords":["erou","patriot","Roman"],"articleSection":["Decembrie 89","Istorii nestiute"],"inLanguage":"ro-RO","potentialAction":[{"@type":"CommentAction","name":"Comment","target":["https:\/\/desteptati-va.ro\/index.php\/2021\/04\/16\/enigma-vizitei-lui-ceausescu-la-teheran\/#respond"]}]},{"@type":"WebPage","@id":"https:\/\/desteptati-va.ro\/index.php\/2021\/04\/16\/enigma-vizitei-lui-ceausescu-la-teheran\/","url":"https:\/\/desteptati-va.ro\/index.php\/2021\/04\/16\/enigma-vizitei-lui-ceausescu-la-teheran\/","name":"Enigma vizitei lui Ceausescu la Teheran -","isPartOf":{"@id":"https:\/\/desteptati-va.ro\/#website"},"primaryImageOfPage":{"@id":"https:\/\/desteptati-va.ro\/index.php\/2021\/04\/16\/enigma-vizitei-lui-ceausescu-la-teheran\/#primaryimage"},"image":{"@id":"https:\/\/desteptati-va.ro\/index.php\/2021\/04\/16\/enigma-vizitei-lui-ceausescu-la-teheran\/#primaryimage"},"thumbnailUrl":"https:\/\/desteptati-va.ro\/wp-content\/uploads\/2021\/04\/untitled1-3.png","datePublished":"2021-04-16T10:36:55+00:00","author":{"@id":"https:\/\/desteptati-va.ro\/#\/schema\/person\/13182deeebd44920914899f7bb262d6b"},"breadcrumb":{"@id":"https:\/\/desteptati-va.ro\/index.php\/2021\/04\/16\/enigma-vizitei-lui-ceausescu-la-teheran\/#breadcrumb"},"inLanguage":"ro-RO","potentialAction":[{"@type":"ReadAction","target":["https:\/\/desteptati-va.ro\/index.php\/2021\/04\/16\/enigma-vizitei-lui-ceausescu-la-teheran\/"]}]},{"@type":"ImageObject","inLanguage":"ro-RO","@id":"https:\/\/desteptati-va.ro\/index.php\/2021\/04\/16\/enigma-vizitei-lui-ceausescu-la-teheran\/#primaryimage","url":"https:\/\/desteptati-va.ro\/wp-content\/uploads\/2021\/04\/untitled1-3.png","contentUrl":"https:\/\/desteptati-va.ro\/wp-content\/uploads\/2021\/04\/untitled1-3.png","width":323,"height":201},{"@type":"BreadcrumbList","@id":"https:\/\/desteptati-va.ro\/index.php\/2021\/04\/16\/enigma-vizitei-lui-ceausescu-la-teheran\/#breadcrumb","itemListElement":[{"@type":"ListItem","position":1,"name":"Prima pagin\u0103","item":"https:\/\/desteptati-va.ro\/"},{"@type":"ListItem","position":2,"name":"Enigma vizitei lui Ceausescu la Teheran"}]},{"@type":"WebSite","@id":"https:\/\/desteptati-va.ro\/#website","url":"https:\/\/desteptati-va.ro\/","name":"","description":"","potentialAction":[{"@type":"SearchAction","target":{"@type":"EntryPoint","urlTemplate":"https:\/\/desteptati-va.ro\/?s={search_term_string}"},"query-input":{"@type":"PropertyValueSpecification","valueRequired":true,"valueName":"search_term_string"}}],"inLanguage":"ro-RO"},{"@type":"Person","@id":"https:\/\/desteptati-va.ro\/#\/schema\/person\/13182deeebd44920914899f7bb262d6b","name":"wolfsoftcompany","image":{"@type":"ImageObject","inLanguage":"ro-RO","@id":"https:\/\/desteptati-va.ro\/#\/schema\/person\/image\/","url":"https:\/\/secure.gravatar.com\/avatar\/a6cce9b6d101d27d91690e7073e300fed94c0899890bf998e082cb9d2c3d121e?s=96&d=mm&r=g","contentUrl":"https:\/\/secure.gravatar.com\/avatar\/a6cce9b6d101d27d91690e7073e300fed94c0899890bf998e082cb9d2c3d121e?s=96&d=mm&r=g","caption":"wolfsoftcompany"},"sameAs":["http:\/\/desteptati-va.ro"],"url":"https:\/\/desteptati-va.ro\/index.php\/author\/wolfsoftcompany\/"}]}},"_links":{"self":[{"href":"https:\/\/desteptati-va.ro\/index.php\/wp-json\/wp\/v2\/posts\/3786","targetHints":{"allow":["GET"]}}],"collection":[{"href":"https:\/\/desteptati-va.ro\/index.php\/wp-json\/wp\/v2\/posts"}],"about":[{"href":"https:\/\/desteptati-va.ro\/index.php\/wp-json\/wp\/v2\/types\/post"}],"author":[{"embeddable":true,"href":"https:\/\/desteptati-va.ro\/index.php\/wp-json\/wp\/v2\/users\/1"}],"replies":[{"embeddable":true,"href":"https:\/\/desteptati-va.ro\/index.php\/wp-json\/wp\/v2\/comments?post=3786"}],"version-history":[{"count":1,"href":"https:\/\/desteptati-va.ro\/index.php\/wp-json\/wp\/v2\/posts\/3786\/revisions"}],"predecessor-version":[{"id":3789,"href":"https:\/\/desteptati-va.ro\/index.php\/wp-json\/wp\/v2\/posts\/3786\/revisions\/3789"}],"wp:featuredmedia":[{"embeddable":true,"href":"https:\/\/desteptati-va.ro\/index.php\/wp-json\/wp\/v2\/media\/3788"}],"wp:attachment":[{"href":"https:\/\/desteptati-va.ro\/index.php\/wp-json\/wp\/v2\/media?parent=3786"}],"wp:term":[{"taxonomy":"category","embeddable":true,"href":"https:\/\/desteptati-va.ro\/index.php\/wp-json\/wp\/v2\/categories?post=3786"},{"taxonomy":"post_tag","embeddable":true,"href":"https:\/\/desteptati-va.ro\/index.php\/wp-json\/wp\/v2\/tags?post=3786"}],"curies":[{"name":"wp","href":"https:\/\/api.w.org\/{rel}","templated":true}]}}