{"id":3790,"date":"2021-04-16T10:39:02","date_gmt":"2021-04-16T10:39:02","guid":{"rendered":"http:\/\/desteptati.ro\/?p=3790"},"modified":"2022-01-19T09:28:36","modified_gmt":"2022-01-19T07:28:36","slug":"plata-datoriei-externe-sa-i-fie-iertata","status":"publish","type":"post","link":"https:\/\/desteptati-va.ro\/index.php\/2021\/04\/16\/plata-datoriei-externe-sa-i-fie-iertata\/","title":{"rendered":"Plata datoriei externe sa-i fie iertata&#8230;"},"content":{"rendered":"<div class=\"post-content\"><div class='booster-block booster-read-block'>\n                <div class=\"twp-read-time\">\n                \t<i class=\"booster-icon twp-clock\"><\/i> <span>Read Time:<\/span>11 Minute, 46 Second                <\/div>\n\n            <\/div><h4 style=\"text-align: justify;\">\u00cen prim\u0103vara lui 1989, Nicolae Ceau\u015fescu a anun\u0163at c\u0103 Rom\u00e2nia \u015fi-a \u00eencheiat plata datoriei \u015fi nu mai este nim\u0103nui datoare. Mai mult, Ceau\u015fescu a f\u0103cut s\u0103 se voteze o lege prin care i se interzicea guvernului rom\u00e2n s\u0103 mai apeleze la credite str\u0103ine, s\u0103 se \u00eendatoreze, a\u015fadar. Totul av\u00e2nd drept scop s\u0103 fereasc\u0103 \u0163ara, \u00een viitor, de riscurile pe care cu at\u00e2tea sacrificii le-a \u00eenfruntat \u00een anii \u201980, anii at\u00e2t de cumpli\u0163i pentru noi to\u0163i, c\u00e2nd Ceau\u015fescu, somat de creditori, a angajat societatea rom\u00e2neasc\u0103 \u00een cursa contra-cronometru de plat\u0103 a datoriilor. Mi-aduc bine aminte de tonul cu care \u201eEuropa liber\u0103\u201d a comentat, la \u00eenceput, aceast\u0103 situa\u0163ie: ni se prevedea un faliment total, falimentul unor neputincio\u015fi, al unor pr\u0103p\u0103di\u0163i care au contractat, cu incon\u015ftien\u0163\u0103, datorii peste puterile lor de a le returna! Iar faptul c\u0103 paralel cu plata datoriilor se continuau giganticele investi\u0163ii \u2013 canale de naviga\u0163ie, central\u0103 atomic\u0103, metrou, noul centru civic, hidrocentrale, etc. \u2013 p\u0103rea dovada cert\u0103 a nebuniei megalomane a lui Ceau\u015fescu \u015fi a la\u015fit\u0103\u0163ii noastre c\u0103 \u00eel suport\u0103m! Prin anii \u201987 \u2013 \u201988, tonul \u201eEuropei Libere\u201d a devenit altul: i se repro\u015fa acum lui Ceau\u015fescu nu incapacitatea economiei rom\u00e2ne\u015fti de a-\u015fi pl\u0103ti cheltuielile, ci i se repro\u015fa \u00eensu\u015fi faptul c\u0103 ne pl\u0103tim datoriile, c\u0103ci aceasta ar fi fost o mare prostie, zicea alde d-l Or\u0103scu, doar toate celelalte \u0163\u0103ri tr\u0103iesc bine mersi f\u0103r\u0103 s\u0103-\u015fi achite creditele primite, ci numai dob\u00e2nzile. Am constatat astfel, cu mare uimire, c\u0103, \u00een loc s\u0103 fie apreciat\u0103 ca un act de corectitudine, plata datoriilor \u00eenfuria anumite persoane sau institu\u0163ii, st\u00e2rnea comentariile cele mai \u00eenveninate.<\/h4>\n<h4 style=\"text-align: justify;\">Ca persoan\u0103 care am fost crescut \u00een teama de a nu r\u0103m\u00e2ne cuiva dator, n-am prea \u00een\u0163eles, la \u00eenceput, aceast\u0103 ciudat\u0103 atitudine. Mai apoi, cuget\u00e2nd oare\u015fic\u00e2t, am \u00een\u0163eles un adev\u0103r simplu despre cei care tr\u0103iesc din a-i \u00eemprumuta pe al\u0163ii, despre cei care tr\u0103iesc din c\u00e2\u015ftigul astfel realizat, adic\u0103 c\u0103m\u0103tarii: <strong>bancherii te \u00eemprumut\u0103 nu ca s\u0103 le restitui c\u00e2t mai repede banii, ci ca s\u0103 le r\u0103m\u00e2i la nesf\u00e2r\u015fit dator, pl\u0103tindu-le cu regularitate numai dob\u00e2nzile<\/strong>. Drept care m\u0103 \u00eentreb cu maxim\u0103 ingenuitate: ce s-ar \u00eent\u00e2mpla cu finan\u0163a mondial\u0103 dac\u0103 toate \u0163\u0103rile ar proceda cum a procedat Rom\u00e2nia \u00een prim\u0103vara anului 1989? S\u0103 ne imagin\u0103m c\u0103 to\u0163i datornicii \u015fi-ar pl\u0103ti datoriile \u015fi ar hot\u0103r\u00ee, prin lege, s\u0103 nu mai fac\u0103 alte datorii! \u00cen ce s-ar transforma sumele imense ce s-ar aduna astfel \u00een depozitele b\u0103ncilor dac\u0103 nimeni nu va mai apela la b\u0103nci, s\u0103 se \u00eemprumute! \u00cen ce altceva dec\u00e2t \u00een mari gr\u0103mezi de h\u00e2rtie inutil\u0103?! Cu alte cuvinte, Rom\u00e2nia devenise, \u00een prim\u0103vara anului 1989, o mare primejdie pentru finan\u0163a mondial\u0103, pentru cei dedulci\u0163i la traiul din cam\u0103t\u0103, trai nemuncit! Primejdia const\u00e2nd \u00een puterea exemplului, a for\u0163ei de contagiune pe care ar fi putut-o avea \u201emodelul rom\u00e2nesc\u201d! Mi-am dat seama de asta \u015fi din \u00eenver\u015funarea deplasat\u0103 cu care \u201eEuropa liber\u0103\u201d a comentat momentul eliber\u0103rii Rom\u00e2niei de povara datoriilor externe. Nimeni, \u00een Occident nu s-a gr\u0103bit s\u0103 ne felicite. Dimpotriv\u0103! Iar c\u00e2nd Ceau\u015fescu \u015fi-a exprimat dorin\u0163a, dar \u015fi putin\u0163a ca Rom\u00e2nia s\u0103 ias\u0103 pe pia\u0163a de credite, acord\u00e2nd \u00eemprumuturi cu o dob\u00e2nd\u0103 mult mai mic\u0103 dec\u00e2t cea \u00eendeob\u015fte practicat\u0103, pentru a dovedi astfel umanismul societ\u0103\u0163ii pe care o reprezenta, mi-am dat seama, cutremurat, c\u0103 Nicolae Ceau\u015fescu, s\u0103racu\u2019, \u015fi-a semnat sentin\u0163a de condamnare la moarte! Cred c\u0103 acest gest, de sfidare \u015fi de demascare a marii finan\u0163e mondiale, a dus cel mai mult la acea concertare de for\u0163e care au reu\u015fit, profit\u00e2nd de generozitatea \u015fi puterea de sacrificiu a tineretului rom\u00e2n, nu numai s\u0103-1 dea jos pe Ceau\u015fescu de la putere, dar s\u0103-1 \u015fi pedepseasc\u0103 personal, fizic, pentru insolen\u0163a sa. Cu consecin\u0163a, \u201efireasc\u0103\u201d, a revenirii Rom\u00e2niei, cumin\u0163it\u0103, \u00een r\u00e2ndurile \u0163\u0103rilor \u00eendatorate p\u00e2n\u0103 la g\u00e2t marii finan\u0163e, d\u00e2nd astfel putere de contagiune altui exemplu: cine va mai \u00eencerca vreodat\u0103, \u00een Europa de Est sau \u00een Africa, \u00een America Latin\u0103 sau \u00een Asia s\u0103 procedeze ca Nicolae Ceau\u015fescu, ca el s-o p\u0103\u0163easc\u0103!<\/h4>\n<h4 style=\"text-align: justify;\">Tare a\u015f fi curios s\u0103 \u015ftiu c\u00e2t a costat aceast\u0103 debarcare a lui Ceau\u015fescu! KGB-ul, la ale c\u0103rui servicii a apelat marea finan\u0163a mondial\u0103, este o institu\u0163ie serioas\u0103, care \u0163ine la pre\u0163! La fel \u015fi celelalte. Mai pu\u0163in securitatea rom\u00e2n\u0103, care, buc\u015fit\u0103 cum era cu imbecili la toate nivelurile sale, nu este exclus s\u0103-\u015fi fi dat concursul pe gratis, din\u2026 patriotism, convins\u0103 c\u0103 se pune \u00een slujba poporului rom\u00e2n!<\/h4>\n<h3 style=\"text-align: justify;\">De pl\u0103tit, fire\u015fte, noi vom pl\u0103ti costul \u00eenl\u0103tur\u0103rii lui Ceau\u015fescu \u015fi-1 vom pl\u0103ti \u00eenzecit, \u00eensutit, \u00eenmiit, poate.<\/h3>\n<h4 style=\"text-align: justify;\">A\u015fa nerod \u015fi troglodit cum ne pl\u0103cea nou\u0103 s\u0103-1 credem pe Ceau\u015fescu, acesta a \u00een\u0163eles totu\u015fi un lucru pe care noi, mult mai de\u015ftep\u0163i cum ne-a f\u0103cut revolu\u0163ia, ezit\u0103m s\u0103-1 recunoa\u015ftem, ca s\u0103 nu ne facem de r\u00eesul lumii. Adic\u0103 ezit\u0103m s\u0103-i recunoa\u015ftem lui Ceau\u015fescu vreun merit, c\u00e2t de ne\u00eensemnat. Eu unul i-a\u015f recunoa\u015fte deci lui Ceau\u015fescu \u015fi unele merite, m\u0103car pe acela de a fi \u00een\u0163eles rela\u0163ia str\u00e2ns\u0103, \u00een lumea de azi \u015fi de m\u00e2ine, \u00eentre suveranitatea na\u0163ional\u0103 \u015fi m\u0103rimea datoriei externe a unui stat. M-am dumirit de aceasta deun\u0103zi, c\u00e2nd Parlamentul nostru a aprobat s\u0103 ne \u00eemprumut\u0103m cu vreo cateva zeci de miliarde de euro \u015fi nu a tres\u0103rit afl\u00e2nd c\u0103 Fondul Monetar Interna\u0163ional ne va acorda acel \u00eemprumut numai dac\u0103 vom respecta ni\u015fte indica\u0163ii superioare. Am sc\u0103pat de dracu\u2019, \u015fi am dat peste ta-su! A\u015fa se face c\u0103 am scos \u015fi o Constitu\u0163ie \u00een care se afirm\u0103 principiul sacrosanct al suveranit\u0103\u0163ii na\u0163ionale, dar am legat aceast\u0103 suveranitate numai de inviolabilitatea hotarelor, care interzice armatelor str\u0103ine s\u0103 calce p\u0103m\u00e2ntul sf\u00eent al Patriei. Chiar nu au \u00een\u0163eles parlamentarii no\u015ftri din Constituant\u0103 c\u0103 agresiunea militar\u0103 a \u00eencetat s\u0103 mai fie la mod\u0103? C\u0103 este un procedeu tot mai primitiv pentru sensibilitatea omului modern, tot mai desuet \u015fi mai ineficient? Mult mai curat\u0103 se dovede\u015fte a fi <strong>agresiunea financiar\u0103<\/strong>, arma cea mai subtil\u0103 \u015fi mai productiv\u0103 la acest sf\u00e2r\u015fit de mileniu! Lumea s-a de\u015fteptat, s-a s\u0103turat de violen\u0163\u0103, de s\u00e2nge! De generali \u015fi colonei! Drept care, \u00een locul acestora \u015fi \u00een acela\u015fi scop, p\u0103m\u00e2ntul este b\u00e2ntuit \u00een lung \u015fi \u00een lat de exper\u0163ii financiari ai Fondului Monetar Interna\u0163ional, ai B\u0103ncii Mondiale pentru, sanchi! Dezvoltare, \u015fi alte \u201eagenturi\u201d! Asta, fire\u015fte, dup\u0103 ce prin diverse mijloace, inclusiv propulsarea de agen\u0163i ai marii Finan\u0163e \u00een fotolii ministeriale ori preziden\u0163iale, \u0163ara vizat\u0103 este adus\u0103 \u00een situa\u0163ia de a cere ea \u00eens\u0103\u015fi, cu c\u0103ciula \u00een m\u00e2n\u0103, \u00eemprumuturi \u015fi investitori. (La drept vorbind, ce este investi\u0163ia str\u0103in\u0103 altceva dec\u00e2t un \u00eemprumut pe care te obligi s\u0103 nu-l mai returnezi, ci doar s\u0103-i pl\u0103te\u015fti creditorului dob\u00e2nzile?) Astfel c\u0103 suveranitatea noastr\u0103 na\u0163ional\u0103, de care <strong>se umfl\u0103-n pept<\/strong> Constitu\u0163ia rom\u00e2n\u0103 \u00eenc\u0103 de la primele r\u00e2nduri, \u00een cur\u00e2nd va fi, cu concursul senin al Parlamentului Rom\u00e2niei, numai vorbe \u00een v\u00e2nt! Va fi cel mai trist neadev\u0103r din c\u00e2te neadev\u0103ruri cuprinde Constitu\u0163ia Rom\u00e2niei, s\u0103raca!<\/h4>\n<h4 style=\"text-align: justify;\">C\u0103ci s-a ajuns la o situa\u0163ie paradoxal\u0103 \u015fi extrem de primejdioas\u0103 pentru un viitor rom\u00e2nesc al copiilor no\u015ftri: de\u015fi noi, \u00een Rom\u00e2nia, ne \u00eendrept\u0103m spre o economie de pia\u0163\u0103, de\u015fi ne privatiz\u0103m care mai de care, gr\u0103bindu-ne s\u0103 lichid\u0103m proprietatea \u015fi economia de stat, datoria extern\u0103 care se acumuleaz\u0103 \u00een aceast\u0103 perioad\u0103 de privatizare nu are \u015fi ea un caracter privat, ci este o datorie de stat, a \u0163\u0103rii, a poporului rom\u00e2n! Cum \u015fi c\u00e2nd se va achita de aceste datorii statul rom\u00e2n, de vreme ce rolul \u015fi puterea sa \u00een economia noastr\u0103 urmeaz\u0103 s\u0103 se diminueze \u00een mod sistematic \u015fi programat\u2019? Cine a programat aceast\u0103 cacealma a privatiz\u0103rii \u00een folosul oricui, numai \u00een folosul \u0163\u0103rii nu?!<\/h4>\n<h4 style=\"text-align: justify;\">Sigur, vor s\u0103ri c\u00e2\u0163iva de\u015ftep\u0163i s\u0103 ne aduc\u0103 aminte c\u0103 \u015fi guvernul S.U.A., statul american, deci poporul american, are c\u00e2teva sute de miliarde de dolari datorii fa\u0163\u0103 de aceea\u015fi finan\u0163\u0103 mondial\u0103, fa\u0163\u0103 de acelea\u015fi b\u0103nci la care suntem \u015fi noi, din nou, datori! Dar, vor uita acei de\u015ftep\u0163i s\u0103 ne precizeze, ne\u015ftiutori cum suntem, c\u0103 acele b\u0103nci sunt b\u0103nci americane, occidentale, interesele lor \u2013 ale b\u0103ncilor \u015fi ale statului american fiind foarte coincidente! Nu am nimic \u00eempotriv\u0103 s\u0103 se \u00eendatoreze statul rom\u00e2n la Banca Na\u0163ional\u0103 a Rom\u00e2niei sau la Banca Dacia Felix! S\u0103 se \u00eendatoreze la mine \u015fi s\u0103-i pun eu condi\u0163iile \u00een care accept s\u0103-l creditez!<\/h4>\n<h4 style=\"text-align: justify;\">Fire\u015fte, Ceau\u015fescu trebuia dat jos! \u015ei \u00eenc\u0103 cu mult \u00eenainte de decembrie 1989! \u015ei cel mai bine era dac\u0103 s-ar fi dat singur la o parte! Din p\u0103cate, a\u015fa cum s-au petrecut lucrurile, de dispari\u0163ia lui Ceau\u015fescu nu a ajuns s\u0103 profite poporul rom\u00e2n, a\u015fa cum era firesc, adic\u0103 s\u0103 profite cei ce au suferit de pe urma lui Ceau\u015fescu, ci au ajuns s\u0103 profite du\u015fmanii neamului rom\u00e2nesc, aceia\u015fi care profitaser\u0103 \u015fi \u00een anii grei c\u00e2nd, prin corvoad\u0103 na\u0163ional\u0103, le-am pl\u0103tit \u00eendoit \u015fi \u00eentreit creditele cu care ne-au momit \u015fi ne-au pricopsit \u00een anii \u201970! Acum, c\u00e2nd, sc\u0103pa\u0163i de datorii, se cuvenea s\u0103 tr\u0103im \u015fi noi ca oamenii, ne-am trezit iar cu ei pe cap, cu aceia\u015fi binevoitori, veni\u0163i s\u0103 ne dicteze cum s\u0103 se fac\u0103 reforma! Aceast\u0103 turnur\u0103 tragic\u0103 a lucrurilor de dup\u0103 22 decembrie 1989, ora 12, a fost posibil\u0103 prin ac\u0163iunea criminal\u0103, repet: ac\u0163iunea criminal\u0103 a unor persoane ce pot fi nominal identificate! Scopul principal al acestora a fost, \u00een modul cel mai clar, s\u0103 aduc\u0103 din nou Rom\u00e2nia \u00een r\u00e2ndurile \u0163\u0103rilor \u00eendatorate la finan\u0163a mondial\u0103. Adic\u0103 scopul urm\u0103rit \u015fi, \u00een parte, deja atins, a fost <strong>pierderea suveranit\u0103\u0163ii na\u0163ionale rom\u00e2ne\u015fti<\/strong>. Au azmu\u0163it asupra noastr\u0103 o m\u00e2n\u0103 de exalta\u0163i maghiari sau secui \u015fi noi am crezut c\u0103 ace\u015ftia sunt cei ce atenteaz\u0103 la suveranitatea na\u0163ional\u0103 a rom\u00e2nilor. Din nefericire savan\u0163ii care au g\u00e2ndit Constitu\u0163ia Rom\u00e2niei nu au fost nici ei mai de\u015ftep\u0163i, astfel c\u0103 nu \u015fi-au pus problema suveranit\u0103\u0163ii na\u0163ionale dec\u00e2t \u00een termenii constitu\u0163iilor din secolul al XIX-lea, f\u0103c\u00e2nd din Constitu\u0163ia noastr\u0103 un corect compendiu al acestor texte. Nici un semn din partea acestor autori c\u0103 ar fi \u00een\u0163eles adev\u0103ratele primejdii, de azi \u015fi de m\u00e2ine cu care se confrunt\u0103 \u0162ara. Acesta fiind unul din motivele pentru care am votat \u00eempotriva acestei constitu\u0163ii.<\/h4>\n<h4 style=\"text-align: justify;\">Conchid: <strong>merit\u0103 sprijinite numai acele for\u0163e (partide) politice care \u00ee\u015fi propun s\u0103 fereasc\u0103 \u0163ara \u015fi poporul nostru de povara \u015fi primejdiile ascunse \u00een teancul de dolari al \u00eendator\u0103rii la al\u0163ii. Exist\u0103 aceste for\u0163e?<\/strong><\/h4>\n<h4 style=\"text-align: center;\"><strong>*<\/strong><\/h4>\n<h4 style=\"text-align: justify;\"><em>\u2014 Din c\u00e2te \u00een\u0163eleg, acest articol a fost publicat \u00een prim\u0103vara lui 1992, de Pa\u015fte, \u00een revista \u201eTotu\u015fi iubirea\u201d. A avut vreun ecou? <\/em><\/h4>\n<h4 style=\"text-align: justify;\"><em>\u2014 Adrian P\u0103unescu \u015fi-a dat seama de importan\u0163a lui \u015fi l-a b\u0103gat pe prima pagin\u0103, dac\u0103 mai \u0163in eu minte. \u015etiu c\u0103 mul\u0163i cititori l-au decupat \u015fi l-au p\u0103strat ca pe un text deosebit. <\/em><\/h4>\n<h4 style=\"text-align: justify;\"><em>\u2014 Este, \u00eentr-adev\u0103r, un text deosebit. <\/em><\/h4>\n<h4 style=\"text-align: justify;\"><em>\u2014 Ideile din acest articol le-am reluat de la tribuna Parlamentului. F\u0103r\u0103 nici un ecou \u00een mass media rom\u00e2neasc\u0103. <\/em><\/h4>\n<h4 style=\"text-align: justify;\"><em>\u2014 Dup\u0103 \u015fase ani \u015fi jum\u0103tate, a\u0163i aflat dac\u0103 exist\u0103 \u00een Rom\u00e2nia \u201eacele for\u0163e (partide) politice care \u00ee\u015fi propun s\u0103 fereasc\u0103 \u0163ara \u015fi poporul nostru de povara \u015fi primejdiile ascunse \u00een teancul de dolari al \u00eendator\u0103rii la al\u0163ii\u201d? <\/em><\/h4>\n<h4 style=\"text-align: justify;\"><em>\u2014 Am aflat! Nu exist\u0103! <\/em><\/h4>\n<h4 style=\"text-align: justify;\"><em>\u2014 \u015ei atunci de ce mai activa\u0163i \u00eentr-un partid? <\/em><\/h4>\n<h4 style=\"text-align: justify;\"><em>\u2014 Activez \u00eentr-un partid care \u00eencearc\u0103 s\u0103 fie o asemenea for\u0163\u0103. \u00cencearc\u0103 cu sinceritate. Dar mai e p\u00e2n\u0103 s\u0103 reu\u015feasc\u0103. <\/em><\/h4>\n<h4 style=\"text-align: justify;\"><em> \u2013 De ce anume ave\u0163i nevoie? <\/em><\/h4>\n<h4 style=\"text-align: justify;\"><em>\u2014 Avem nevoie de oameni ca dumneata, care s\u0103 nu mai stea pe margine \u015fi s\u0103 comenteze steril gre\u015felile celor din ring! <\/em><\/h4>\n<h4 style=\"text-align: justify;\"><em>\u2014 S\u0103 \u015fti\u0163i c\u0103 nu stau tot timpul pe margine, \u00een tribun\u0103. Cel pu\u0163in \u00een ultima vreme, am cobor\u00eet \u015fi eu \u00een ring! <\/em><\/h4>\n<h4 style=\"text-align: justify;\">\u2014<em> Adic\u0103?<\/em><\/h4>\n<h4 style=\"text-align: justify;\">\u2014<em> Bun\u0103oar\u0103, dup\u0103 discu\u0163iile purtate cu dumneavoastr\u0103, am \u00eencercat s\u0103 m\u0103 interesez \u015fi eu despre unele aspecte discutate \u00eempreun\u0103\u2026 <\/em><\/h4>\n<h4 style=\"text-align: justify;\"><em>\u2014 Adic\u0103 s\u0103 verifici afirma\u0163iile mele? <\/em><\/h4>\n<h4 style=\"text-align: justify;\"><em>\u2014 V\u0103 sup\u0103r\u0103? <\/em><\/h4>\n<h4 style=\"text-align: justify;\"><em>\u2014 Nu! Deloc! A\u015fa se procedeaz\u0103! M\u0103car c\u0103 r\u0103spunderea pentru cele afirmate de mine \u00eemi revine \u00een totalitate! \u015ei ce ai aflat? <\/em><\/h4>\n<h4 style=\"text-align: justify;\"><em>\u2014 Am discutat cu o persoan\u0103 foarte apropiat\u0103 de dl. Virgil M\u0103gureanu despre acea banc\u0103, acel fond monetar interna\u0163ional pe care Ceau\u015fescu a \u00eencercat \u015fi urma s\u0103-l constituie la \u00eenceputul lui 1990, \u00eempreun\u0103 cu Iran \u015fi Libia. Nu \u015ftiu dac\u0103 de la M\u0103gureanu avea informa\u0163iile, dar persoana despre care v\u0103 vorbesc mi-a confirmat \u00eentocmai cele \u015ftiute de mine de la dumneavoastr\u0103. Ba chiar a \u015fi plusat! <\/em><\/h4>\n<h4 style=\"text-align: justify;\"><em>\u2014 \u00cen ce fel? <\/em><\/h4>\n<h4 style=\"text-align: justify;\"><em>\u2014 Se pare c\u0103 deschiderea acelei b\u0103nci, cu un capital de 15 miliarde de dolari, era abia prima etap\u0103. Cele 15 miliarde de dolari nici nu \u00eensemnau mare lucru pentru c\u00e2t de s\u0103race sunt \u0163\u0103rile s\u0103race! Fondurile cele mai importante urmau s\u0103 intre de la arabi, firme, persoane fizice \u015fi chiar state, de la arabii care \u015fi-ar fi retras banii din b\u0103ncile occidentale \u015fi i-ar fi adus la Bucure\u015fti. Foarte pe scurt spus, urma s\u0103 se adune aici, la Bucure\u015fti, sume din ce \u00een ce mai mari, transform\u00e2nd Bucure\u015ftiul \u00eentr-unul din marile centre financiare ale lumii. \u00cen plus, acest centru bancar urma s\u0103 func\u0163ioneze dup\u0103 alte principii, l\u0103s\u00e2nd principiul profitului pe un plan secundar!\u2026 <\/em><\/h4>\n<h4 style=\"text-align: justify;\"><em>\u2014 Interesant\u0103 informa\u0163ie! \u015ei foarte plauzibil\u0103!\u2026 Veritabil <strong>finis coronat opus<\/strong>\u2026 \u00censeamn\u0103 c\u0103 n-am b\u0103tut c\u00e2mpii! Este o informa\u0163ie care se adaug\u0103 perfect logic la cele ce \u015ftiam noi\u2026 Cred c\u0103 am gre\u015fit evit\u00e2nd s\u0103 m\u0103 mai v\u0103d cu dl. M\u0103gureanu!\u2026 Da, dup\u0103 ce am fost propus s\u0103 candidez la pre\u015fiden\u0163ia Rom\u00e2niei din partea PDAR, am considerat c\u0103 a\u015fa ar fi cel mai bine, s\u0103 nu m\u0103 v\u0103d cu dl. M\u0103gureanu. Cred c\u0103 am gre\u015fit. <\/em><\/h4>\n<h4 style=\"text-align: justify;\"><em>\u2014 De ce? <\/em><\/h4>\n<h4 style=\"text-align: justify;\">\u2014<em> Nu mai conteaz\u0103. <\/em><\/h4>\n<h4 style=\"text-align: justify;\">\u2014<em> Cum aprecia\u0163i prezen\u0163a d-lui Virgil M\u0103gureanu printre cei care au asistat la mascarada aceea de proces al so\u0163ilor Ceau\u015fescu? <\/em><\/h4>\n<h4 style=\"text-align: justify;\"><em>\u2014 Ca pe o gre\u015feal\u0103! De fa\u0163\u0103, la vedere, au fost fraierii! S-au l\u0103sat p\u0103c\u0103li\u0163i s\u0103 asiste la o crim\u0103 aranjat\u0103 de al\u0163ii, impus\u0103 de al\u0163ii. <\/em><\/h4>\n<h4 style=\"text-align: justify;\"><em>\u2014 Crede\u0163i c\u0103 pe 25 decembrie 1989 d-l Virgil M\u0103gureanu cuno\u015ftea povestea cu acea banc\u0103 pe care Ceau\u015fescu urma s-a deschid\u0103? <\/em><\/h4>\n<h4 style=\"text-align: justify;\"><em>\u2014 \u00centrebarea aceasta cred c\u0103 am s\u0103 i-o pun \u015fi eu d-lui M\u0103gureanu cu proxima ocazie. <\/em><\/h4>\n<h4 style=\"text-align: justify;\"><em>\u2014 Ar fi fost interesant ca r\u0103spunsul s\u0103u la aceast\u0103 \u00eentrebare s\u0103-l fi putut consemna \u00een cartea noastr\u0103. <\/em><\/h4>\n<h4 style=\"text-align: justify;\"><em>\u2014 Nu te nec\u0103ji! Mai facem o carte! <\/em><\/h4>\n<h4 style=\"text-align: justify;\"><em>\u2014 Vorbi\u0163i serios? <\/em><\/h4>\n<h4 style=\"text-align: right;\">(Text reprodus dup\u0103 <strong><em>Marele manipulator<\/em><\/strong>, Anexa 2)<\/h4>\n<h4 style=\"text-align: justify;\">Sursa: <a href=\"http:\/\/www.ioncoja.ro\/2010\/10\/greseala-cea-fatala-a-fie-iertatului\/\" target=\"_blank\" rel=\"noopener\">http:\/\/www.ioncoja.ro\/<\/a><\/h4>        <div class=\"booster-block booster-reactions-block\">\n            <div class=\"twp-reactions-icons\">\n                \n                <div class=\"twp-reacts-wrap\">\n                    <a react-data=\"be-react-1\" post-id=\"3790\" class=\"be-face-icons un-reacted\" href=\"javascript:void(0)\">\n                        <img decoding=\"async\" src=\"https:\/\/desteptati-va.ro\/wp-content\/plugins\/booster-extension\/\/assets\/icon\/happy.svg\" alt=\"Happy\">\n                    <\/a>\n                    <div class=\"twp-reaction-title\">\n                        Happy                    <\/div>\n                    <div class=\"twp-count-percent\">\n                                                    <span style=\"display: none;\" class=\"twp-react-count\">0<\/span>\n                        \n                                                <span class=\"twp-react-percent\"><span>0<\/span> %<\/span>\n                                            <\/div>\n                <\/div>\n\n                <div class=\"twp-reacts-wrap\">\n                    <a react-data=\"be-react-2\" post-id=\"3790\" class=\"be-face-icons un-reacted\" href=\"javascript:void(0)\">\n                        <img decoding=\"async\" src=\"https:\/\/desteptati-va.ro\/wp-content\/plugins\/booster-extension\/\/assets\/icon\/sad.svg\" alt=\"Sad\">\n                    <\/a>\n                    <div class=\"twp-reaction-title\">\n                        Sad                    <\/div>\n                    <div class=\"twp-count-percent\">\n                                                    <span style=\"display: none;\" class=\"twp-react-count\">0<\/span>\n                                                                        <span class=\"twp-react-percent\"><span>0<\/span> %<\/span>\n                                            <\/div>\n                <\/div>\n\n                <div class=\"twp-reacts-wrap\">\n                    <a react-data=\"be-react-3\" post-id=\"3790\" class=\"be-face-icons un-reacted\" href=\"javascript:void(0)\">\n                        <img decoding=\"async\" src=\"https:\/\/desteptati-va.ro\/wp-content\/plugins\/booster-extension\/\/assets\/icon\/excited.svg\" alt=\"Excited\">\n                    <\/a>\n                    <div class=\"twp-reaction-title\">\n                        Excited                    <\/div>\n                    <div class=\"twp-count-percent\">\n                                                    <span style=\"display: none;\" class=\"twp-react-count\">0<\/span>\n                                                                        <span class=\"twp-react-percent\"><span>0<\/span> %<\/span>\n                                            <\/div>\n                <\/div>\n\n                <div class=\"twp-reacts-wrap\">\n                    <a react-data=\"be-react-6\" post-id=\"3790\" class=\"be-face-icons un-reacted\" href=\"javascript:void(0)\">\n                        <img decoding=\"async\" src=\"https:\/\/desteptati-va.ro\/wp-content\/plugins\/booster-extension\/\/assets\/icon\/sleepy.svg\" alt=\"Sleepy\">\n                    <\/a>\n                    <div class=\"twp-reaction-title\">\n                        Sleepy                    <\/div>\n                    <div class=\"twp-count-percent\">\n                                                    <span style=\"display: none;\" class=\"twp-react-count\">0<\/span>\n                        \n                                                <span class=\"twp-react-percent\"><span>0<\/span> %<\/span>\n                                            <\/div>\n                <\/div>\n\n                <div class=\"twp-reacts-wrap\">\n                    <a react-data=\"be-react-4\" post-id=\"3790\" class=\"be-face-icons un-reacted\" href=\"javascript:void(0)\">\n                        <img decoding=\"async\" src=\"https:\/\/desteptati-va.ro\/wp-content\/plugins\/booster-extension\/\/assets\/icon\/angry.svg\" alt=\"Angry\">\n                    <\/a>\n                    <div class=\"twp-reaction-title\">Angry<\/div>\n                    <div class=\"twp-count-percent\">\n                                                    <span style=\"display: none;\" class=\"twp-react-count\">0<\/span>\n                                                                        <span class=\"twp-react-percent\"><span>0<\/span> %<\/span>\n                        \n                    <\/div>\n                <\/div>\n\n                <div class=\"twp-reacts-wrap\">\n                    <a react-data=\"be-react-5\" post-id=\"3790\" class=\"be-face-icons un-reacted\" href=\"javascript:void(0)\">\n                        <img decoding=\"async\" src=\"https:\/\/desteptati-va.ro\/wp-content\/plugins\/booster-extension\/\/assets\/icon\/surprise.svg\" alt=\"Surprise\">\n                    <\/a>\n                    <div class=\"twp-reaction-title\">Surprise<\/div>\n                    <div class=\"twp-count-percent\">\n                                                    <span style=\"display: none;\" class=\"twp-react-count\">0<\/span>\n                                                                        <span class=\"twp-react-percent\"><span>0<\/span> %<\/span>\n                                            <\/div>\n                <\/div>\n\n            <\/div>\n        <\/div>\n\n    <\/div>","protected":false},"excerpt":{"rendered":"<p>\u00cen prim\u0103vara lui 1989, Nicolae Ceau\u015fescu a anun\u0163at c\u0103 Rom\u00e2nia \u015fi-a \u00eencheiat plata datoriei \u015fi nu mai este nim\u0103nui datoare.<a href=\"https:\/\/desteptati-va.ro\/index.php\/2021\/04\/16\/plata-datoriei-externe-sa-i-fie-iertata\/\">Read More<i class=\"fa fa-long-arrow-right\" aria-hidden=\"true\"><\/i><\/a><\/p>\n","protected":false},"author":1,"featured_media":4551,"comment_status":"open","ping_status":"open","sticky":false,"template":"","format":"standard","meta":{"_crdt_document":"","footnotes":""},"categories":[3,6],"tags":[425,663,885,59,60,507,534,886,887,888,889,890,891,892,893,583,894,895],"class_list":["post-3790","post","type-post","status-publish","format-standard","has-post-thumbnail","hentry","category-decembrie-89","category-istorii-nestiute","tag-banca","tag-ceausescu","tag-datorie","tag-desteptati","tag-desteptati-va","tag-europa","tag-externa","tag-fmi","tag-fond","tag-imprumut","tag-international","tag-lasitate","tag-libera","tag-mondiala","tag-monetar","tag-nicolae","tag-plata","tag-radio"],"rise-blocks_total_comments":2,"rise-blocks_categories":[{"term_id":6,"name":"Istorii nestiute","slug":"istorii-nestiute","term_group":0,"term_taxonomy_id":6,"taxonomy":"category","description":"","parent":3,"count":9,"filter":"raw"}],"rise-blocks_excerpt":"\u00cen prim\u0103vara lui 1989, Nicolae Ceau\u015fescu a anun\u0163at c\u0103 Rom\u00e2nia \u015fi-a \u00eencheiat plata datoriei \u015fi nu mai este nim\u0103nui datoare. Mai mult, Ceau\u015fescu a f\u0103cut s\u0103 se voteze o lege prin care i se interzicea guvernului rom\u00e2n s\u0103 mai apeleze la credite str\u0103ine, s\u0103 se \u00eendatoreze, a\u015fadar. Totul av\u00e2nd drept scop s\u0103 fereasc\u0103 \u0163ara, \u00een viitor, de riscurile pe care..","yoast_head":"<!-- This site is optimized with the Yoast SEO plugin v26.9 - https:\/\/yoast.com\/product\/yoast-seo-wordpress\/ -->\r\n<title>Plata datoriei externe sa-i fie iertata... -<\/title>\r\n<meta name=\"robots\" content=\"index, follow, max-snippet:-1, max-image-preview:large, max-video-preview:-1\" \/>\r\n<link rel=\"canonical\" href=\"https:\/\/desteptati-va.ro\/index.php\/2021\/04\/16\/plata-datoriei-externe-sa-i-fie-iertata\/\" \/>\r\n<meta property=\"og:locale\" content=\"ro_RO\" \/>\r\n<meta property=\"og:type\" content=\"article\" \/>\r\n<meta property=\"og:title\" content=\"Plata datoriei externe sa-i fie iertata... -\" \/>\r\n<meta property=\"og:description\" content=\"\u00cen prim\u0103vara lui 1989, Nicolae Ceau\u015fescu a anun\u0163at c\u0103 Rom\u00e2nia \u015fi-a \u00eencheiat plata datoriei \u015fi nu mai este nim\u0103nui datoare.Read More\" \/>\r\n<meta property=\"og:url\" content=\"https:\/\/desteptati-va.ro\/index.php\/2021\/04\/16\/plata-datoriei-externe-sa-i-fie-iertata\/\" \/>\r\n<meta property=\"article:published_time\" content=\"2021-04-16T10:39:02+00:00\" \/>\r\n<meta property=\"article:modified_time\" content=\"2022-01-19T07:28:36+00:00\" \/>\r\n<meta property=\"og:image\" content=\"https:\/\/desteptati-va.ro\/wp-content\/uploads\/2021\/04\/CeausecuinDanemarcaReginaMargaretaII.jpg\" \/>\r\n\t<meta property=\"og:image:width\" content=\"316\" \/>\r\n\t<meta property=\"og:image:height\" content=\"159\" \/>\r\n\t<meta property=\"og:image:type\" content=\"image\/jpeg\" \/>\r\n<meta name=\"author\" content=\"wolfsoftcompany\" \/>\r\n<meta name=\"twitter:card\" content=\"summary_large_image\" \/>\r\n<meta name=\"twitter:label1\" content=\"Scris de\" \/>\n\t<meta name=\"twitter:data1\" content=\"wolfsoftcompany\" \/>\n\t<meta name=\"twitter:label2\" content=\"Timp estimat pentru citire\" \/>\n\t<meta name=\"twitter:data2\" content=\"13 minute\" \/>\r\n<script type=\"application\/ld+json\" class=\"yoast-schema-graph\">{\"@context\":\"https:\/\/schema.org\",\"@graph\":[{\"@type\":\"Article\",\"@id\":\"https:\/\/desteptati-va.ro\/index.php\/2021\/04\/16\/plata-datoriei-externe-sa-i-fie-iertata\/#article\",\"isPartOf\":{\"@id\":\"https:\/\/desteptati-va.ro\/index.php\/2021\/04\/16\/plata-datoriei-externe-sa-i-fie-iertata\/\"},\"author\":{\"name\":\"wolfsoftcompany\",\"@id\":\"https:\/\/desteptati-va.ro\/#\/schema\/person\/13182deeebd44920914899f7bb262d6b\"},\"headline\":\"Plata datoriei externe sa-i fie iertata&#8230;\",\"datePublished\":\"2021-04-16T10:39:02+00:00\",\"dateModified\":\"2022-01-19T07:28:36+00:00\",\"mainEntityOfPage\":{\"@id\":\"https:\/\/desteptati-va.ro\/index.php\/2021\/04\/16\/plata-datoriei-externe-sa-i-fie-iertata\/\"},\"wordCount\":2690,\"commentCount\":0,\"image\":{\"@id\":\"https:\/\/desteptati-va.ro\/index.php\/2021\/04\/16\/plata-datoriei-externe-sa-i-fie-iertata\/#primaryimage\"},\"thumbnailUrl\":\"https:\/\/desteptati-va.ro\/wp-content\/uploads\/2021\/04\/CeausecuinDanemarcaReginaMargaretaII.jpg\",\"keywords\":[\"Banca\",\"Ceausescu\",\"datorie\",\"desteptati\",\"desteptati-va\",\"europa\",\"externa\",\"FMI\",\"fond\",\"imprumut\",\"international\",\"lasitate\",\"libera\",\"mondiala\",\"monetar\",\"Nicolae\",\"plata\",\"radio\"],\"articleSection\":[\"Decembrie 89\",\"Istorii nestiute\"],\"inLanguage\":\"ro-RO\",\"potentialAction\":[{\"@type\":\"CommentAction\",\"name\":\"Comment\",\"target\":[\"https:\/\/desteptati-va.ro\/index.php\/2021\/04\/16\/plata-datoriei-externe-sa-i-fie-iertata\/#respond\"]}]},{\"@type\":\"WebPage\",\"@id\":\"https:\/\/desteptati-va.ro\/index.php\/2021\/04\/16\/plata-datoriei-externe-sa-i-fie-iertata\/\",\"url\":\"https:\/\/desteptati-va.ro\/index.php\/2021\/04\/16\/plata-datoriei-externe-sa-i-fie-iertata\/\",\"name\":\"Plata datoriei externe sa-i fie iertata... -\",\"isPartOf\":{\"@id\":\"https:\/\/desteptati-va.ro\/#website\"},\"primaryImageOfPage\":{\"@id\":\"https:\/\/desteptati-va.ro\/index.php\/2021\/04\/16\/plata-datoriei-externe-sa-i-fie-iertata\/#primaryimage\"},\"image\":{\"@id\":\"https:\/\/desteptati-va.ro\/index.php\/2021\/04\/16\/plata-datoriei-externe-sa-i-fie-iertata\/#primaryimage\"},\"thumbnailUrl\":\"https:\/\/desteptati-va.ro\/wp-content\/uploads\/2021\/04\/CeausecuinDanemarcaReginaMargaretaII.jpg\",\"datePublished\":\"2021-04-16T10:39:02+00:00\",\"dateModified\":\"2022-01-19T07:28:36+00:00\",\"author\":{\"@id\":\"https:\/\/desteptati-va.ro\/#\/schema\/person\/13182deeebd44920914899f7bb262d6b\"},\"breadcrumb\":{\"@id\":\"https:\/\/desteptati-va.ro\/index.php\/2021\/04\/16\/plata-datoriei-externe-sa-i-fie-iertata\/#breadcrumb\"},\"inLanguage\":\"ro-RO\",\"potentialAction\":[{\"@type\":\"ReadAction\",\"target\":[\"https:\/\/desteptati-va.ro\/index.php\/2021\/04\/16\/plata-datoriei-externe-sa-i-fie-iertata\/\"]}]},{\"@type\":\"ImageObject\",\"inLanguage\":\"ro-RO\",\"@id\":\"https:\/\/desteptati-va.ro\/index.php\/2021\/04\/16\/plata-datoriei-externe-sa-i-fie-iertata\/#primaryimage\",\"url\":\"https:\/\/desteptati-va.ro\/wp-content\/uploads\/2021\/04\/CeausecuinDanemarcaReginaMargaretaII.jpg\",\"contentUrl\":\"https:\/\/desteptati-va.ro\/wp-content\/uploads\/2021\/04\/CeausecuinDanemarcaReginaMargaretaII.jpg\",\"width\":316,\"height\":159},{\"@type\":\"BreadcrumbList\",\"@id\":\"https:\/\/desteptati-va.ro\/index.php\/2021\/04\/16\/plata-datoriei-externe-sa-i-fie-iertata\/#breadcrumb\",\"itemListElement\":[{\"@type\":\"ListItem\",\"position\":1,\"name\":\"Prima pagin\u0103\",\"item\":\"https:\/\/desteptati-va.ro\/\"},{\"@type\":\"ListItem\",\"position\":2,\"name\":\"Plata datoriei externe sa-i fie iertata&#8230;\"}]},{\"@type\":\"WebSite\",\"@id\":\"https:\/\/desteptati-va.ro\/#website\",\"url\":\"https:\/\/desteptati-va.ro\/\",\"name\":\"\",\"description\":\"\",\"potentialAction\":[{\"@type\":\"SearchAction\",\"target\":{\"@type\":\"EntryPoint\",\"urlTemplate\":\"https:\/\/desteptati-va.ro\/?s={search_term_string}\"},\"query-input\":{\"@type\":\"PropertyValueSpecification\",\"valueRequired\":true,\"valueName\":\"search_term_string\"}}],\"inLanguage\":\"ro-RO\"},{\"@type\":\"Person\",\"@id\":\"https:\/\/desteptati-va.ro\/#\/schema\/person\/13182deeebd44920914899f7bb262d6b\",\"name\":\"wolfsoftcompany\",\"image\":{\"@type\":\"ImageObject\",\"inLanguage\":\"ro-RO\",\"@id\":\"https:\/\/desteptati-va.ro\/#\/schema\/person\/image\/\",\"url\":\"https:\/\/secure.gravatar.com\/avatar\/a6cce9b6d101d27d91690e7073e300fed94c0899890bf998e082cb9d2c3d121e?s=96&d=mm&r=g\",\"contentUrl\":\"https:\/\/secure.gravatar.com\/avatar\/a6cce9b6d101d27d91690e7073e300fed94c0899890bf998e082cb9d2c3d121e?s=96&d=mm&r=g\",\"caption\":\"wolfsoftcompany\"},\"sameAs\":[\"http:\/\/desteptati-va.ro\"],\"url\":\"https:\/\/desteptati-va.ro\/index.php\/author\/wolfsoftcompany\/\"}]}<\/script>\r\n<!-- \/ Yoast SEO plugin. -->","yoast_head_json":{"title":"Plata datoriei externe sa-i fie iertata... -","robots":{"index":"index","follow":"follow","max-snippet":"max-snippet:-1","max-image-preview":"max-image-preview:large","max-video-preview":"max-video-preview:-1"},"canonical":"https:\/\/desteptati-va.ro\/index.php\/2021\/04\/16\/plata-datoriei-externe-sa-i-fie-iertata\/","og_locale":"ro_RO","og_type":"article","og_title":"Plata datoriei externe sa-i fie iertata... -","og_description":"\u00cen prim\u0103vara lui 1989, Nicolae Ceau\u015fescu a anun\u0163at c\u0103 Rom\u00e2nia \u015fi-a \u00eencheiat plata datoriei \u015fi nu mai este nim\u0103nui datoare.Read More","og_url":"https:\/\/desteptati-va.ro\/index.php\/2021\/04\/16\/plata-datoriei-externe-sa-i-fie-iertata\/","article_published_time":"2021-04-16T10:39:02+00:00","article_modified_time":"2022-01-19T07:28:36+00:00","og_image":[{"width":316,"height":159,"url":"https:\/\/desteptati-va.ro\/wp-content\/uploads\/2021\/04\/CeausecuinDanemarcaReginaMargaretaII.jpg","type":"image\/jpeg"}],"author":"wolfsoftcompany","twitter_card":"summary_large_image","twitter_misc":{"Scris de":"wolfsoftcompany","Timp estimat pentru citire":"13 minute"},"schema":{"@context":"https:\/\/schema.org","@graph":[{"@type":"Article","@id":"https:\/\/desteptati-va.ro\/index.php\/2021\/04\/16\/plata-datoriei-externe-sa-i-fie-iertata\/#article","isPartOf":{"@id":"https:\/\/desteptati-va.ro\/index.php\/2021\/04\/16\/plata-datoriei-externe-sa-i-fie-iertata\/"},"author":{"name":"wolfsoftcompany","@id":"https:\/\/desteptati-va.ro\/#\/schema\/person\/13182deeebd44920914899f7bb262d6b"},"headline":"Plata datoriei externe sa-i fie iertata&#8230;","datePublished":"2021-04-16T10:39:02+00:00","dateModified":"2022-01-19T07:28:36+00:00","mainEntityOfPage":{"@id":"https:\/\/desteptati-va.ro\/index.php\/2021\/04\/16\/plata-datoriei-externe-sa-i-fie-iertata\/"},"wordCount":2690,"commentCount":0,"image":{"@id":"https:\/\/desteptati-va.ro\/index.php\/2021\/04\/16\/plata-datoriei-externe-sa-i-fie-iertata\/#primaryimage"},"thumbnailUrl":"https:\/\/desteptati-va.ro\/wp-content\/uploads\/2021\/04\/CeausecuinDanemarcaReginaMargaretaII.jpg","keywords":["Banca","Ceausescu","datorie","desteptati","desteptati-va","europa","externa","FMI","fond","imprumut","international","lasitate","libera","mondiala","monetar","Nicolae","plata","radio"],"articleSection":["Decembrie 89","Istorii nestiute"],"inLanguage":"ro-RO","potentialAction":[{"@type":"CommentAction","name":"Comment","target":["https:\/\/desteptati-va.ro\/index.php\/2021\/04\/16\/plata-datoriei-externe-sa-i-fie-iertata\/#respond"]}]},{"@type":"WebPage","@id":"https:\/\/desteptati-va.ro\/index.php\/2021\/04\/16\/plata-datoriei-externe-sa-i-fie-iertata\/","url":"https:\/\/desteptati-va.ro\/index.php\/2021\/04\/16\/plata-datoriei-externe-sa-i-fie-iertata\/","name":"Plata datoriei externe sa-i fie iertata... -","isPartOf":{"@id":"https:\/\/desteptati-va.ro\/#website"},"primaryImageOfPage":{"@id":"https:\/\/desteptati-va.ro\/index.php\/2021\/04\/16\/plata-datoriei-externe-sa-i-fie-iertata\/#primaryimage"},"image":{"@id":"https:\/\/desteptati-va.ro\/index.php\/2021\/04\/16\/plata-datoriei-externe-sa-i-fie-iertata\/#primaryimage"},"thumbnailUrl":"https:\/\/desteptati-va.ro\/wp-content\/uploads\/2021\/04\/CeausecuinDanemarcaReginaMargaretaII.jpg","datePublished":"2021-04-16T10:39:02+00:00","dateModified":"2022-01-19T07:28:36+00:00","author":{"@id":"https:\/\/desteptati-va.ro\/#\/schema\/person\/13182deeebd44920914899f7bb262d6b"},"breadcrumb":{"@id":"https:\/\/desteptati-va.ro\/index.php\/2021\/04\/16\/plata-datoriei-externe-sa-i-fie-iertata\/#breadcrumb"},"inLanguage":"ro-RO","potentialAction":[{"@type":"ReadAction","target":["https:\/\/desteptati-va.ro\/index.php\/2021\/04\/16\/plata-datoriei-externe-sa-i-fie-iertata\/"]}]},{"@type":"ImageObject","inLanguage":"ro-RO","@id":"https:\/\/desteptati-va.ro\/index.php\/2021\/04\/16\/plata-datoriei-externe-sa-i-fie-iertata\/#primaryimage","url":"https:\/\/desteptati-va.ro\/wp-content\/uploads\/2021\/04\/CeausecuinDanemarcaReginaMargaretaII.jpg","contentUrl":"https:\/\/desteptati-va.ro\/wp-content\/uploads\/2021\/04\/CeausecuinDanemarcaReginaMargaretaII.jpg","width":316,"height":159},{"@type":"BreadcrumbList","@id":"https:\/\/desteptati-va.ro\/index.php\/2021\/04\/16\/plata-datoriei-externe-sa-i-fie-iertata\/#breadcrumb","itemListElement":[{"@type":"ListItem","position":1,"name":"Prima pagin\u0103","item":"https:\/\/desteptati-va.ro\/"},{"@type":"ListItem","position":2,"name":"Plata datoriei externe sa-i fie iertata&#8230;"}]},{"@type":"WebSite","@id":"https:\/\/desteptati-va.ro\/#website","url":"https:\/\/desteptati-va.ro\/","name":"","description":"","potentialAction":[{"@type":"SearchAction","target":{"@type":"EntryPoint","urlTemplate":"https:\/\/desteptati-va.ro\/?s={search_term_string}"},"query-input":{"@type":"PropertyValueSpecification","valueRequired":true,"valueName":"search_term_string"}}],"inLanguage":"ro-RO"},{"@type":"Person","@id":"https:\/\/desteptati-va.ro\/#\/schema\/person\/13182deeebd44920914899f7bb262d6b","name":"wolfsoftcompany","image":{"@type":"ImageObject","inLanguage":"ro-RO","@id":"https:\/\/desteptati-va.ro\/#\/schema\/person\/image\/","url":"https:\/\/secure.gravatar.com\/avatar\/a6cce9b6d101d27d91690e7073e300fed94c0899890bf998e082cb9d2c3d121e?s=96&d=mm&r=g","contentUrl":"https:\/\/secure.gravatar.com\/avatar\/a6cce9b6d101d27d91690e7073e300fed94c0899890bf998e082cb9d2c3d121e?s=96&d=mm&r=g","caption":"wolfsoftcompany"},"sameAs":["http:\/\/desteptati-va.ro"],"url":"https:\/\/desteptati-va.ro\/index.php\/author\/wolfsoftcompany\/"}]}},"_links":{"self":[{"href":"https:\/\/desteptati-va.ro\/index.php\/wp-json\/wp\/v2\/posts\/3790","targetHints":{"allow":["GET"]}}],"collection":[{"href":"https:\/\/desteptati-va.ro\/index.php\/wp-json\/wp\/v2\/posts"}],"about":[{"href":"https:\/\/desteptati-va.ro\/index.php\/wp-json\/wp\/v2\/types\/post"}],"author":[{"embeddable":true,"href":"https:\/\/desteptati-va.ro\/index.php\/wp-json\/wp\/v2\/users\/1"}],"replies":[{"embeddable":true,"href":"https:\/\/desteptati-va.ro\/index.php\/wp-json\/wp\/v2\/comments?post=3790"}],"version-history":[{"count":1,"href":"https:\/\/desteptati-va.ro\/index.php\/wp-json\/wp\/v2\/posts\/3790\/revisions"}],"predecessor-version":[{"id":3792,"href":"https:\/\/desteptati-va.ro\/index.php\/wp-json\/wp\/v2\/posts\/3790\/revisions\/3792"}],"wp:featuredmedia":[{"embeddable":true,"href":"https:\/\/desteptati-va.ro\/index.php\/wp-json\/wp\/v2\/media\/4551"}],"wp:attachment":[{"href":"https:\/\/desteptati-va.ro\/index.php\/wp-json\/wp\/v2\/media?parent=3790"}],"wp:term":[{"taxonomy":"category","embeddable":true,"href":"https:\/\/desteptati-va.ro\/index.php\/wp-json\/wp\/v2\/categories?post=3790"},{"taxonomy":"post_tag","embeddable":true,"href":"https:\/\/desteptati-va.ro\/index.php\/wp-json\/wp\/v2\/tags?post=3790"}],"curies":[{"name":"wp","href":"https:\/\/api.w.org\/{rel}","templated":true}]}}