{"id":3797,"date":"2021-04-16T10:44:58","date_gmt":"2021-04-16T10:44:58","guid":{"rendered":"http:\/\/desteptati.ro\/?p=3797"},"modified":"2021-04-16T10:44:58","modified_gmt":"2021-04-16T10:44:58","slug":"marii-romani-n-ar-trebui-sa-moara","status":"publish","type":"post","link":"https:\/\/desteptati-va.ro\/index.php\/2021\/04\/16\/marii-romani-n-ar-trebui-sa-moara\/","title":{"rendered":"Marii rom\u00e2ni n-ar trebui s\u0103 moar\u0103!"},"content":{"rendered":"<div class=\"post-content\"><div class='booster-block booster-read-block'>\n                <div class=\"twp-read-time\">\n                \t<i class=\"booster-icon twp-clock\"><\/i> <span>Read Time:<\/span>6 Minute, 54 Second                <\/div>\n\n            <\/div><h3 style=\"text-align: justify;\">\u00cengerul a strigat \u015fi marele scriitor F\u0103\u00adnu\u015f Neagu s-a ridicat la ceruri.<\/h3>\r\n<h4 style=\"text-align: justify;\">&#8222;Frumosul nebun&#8221; ne-a p\u0103r\u0103sit mistuit de dorul trecutului autentic \u015fi l\u0103s\u00e2nd \u00een ur\u00adm\u0103 o zestre de metafore, cuvinte-bi\u00adjuterii, un stil inconfun\u00addabil. \u00cel pl\u00e2ng to\u0163i cei care i-au fost aproape \u015fi-l recompun din amintiri pe cel care \u015fi-a \u00eendeplinit misiunea pe P\u0103m\u00e2nt. Scria ca \u00eentr-un altar, cu pio\u015fenia cre\u00addinciosului venit la preasfin\u0163ita \u015fi atotputernica limb\u0103 rom\u00e2n\u0103, \u00eem\u00adbo\u00adg\u0103\u00ad\u0163ind-o cu ardoarea unui apostol, strivea cu o pl\u0103cere nebun\u0103 monoto\u00adnia, dar \u015ftia s-o fac\u0103 a\u015fa cum altora nu le iese nici din \u00eent\u00e2mplare, nu suporta convenien\u0163ele idioate \u015fi con\u00adven\u00ad\u0163i\u00ado\u00adnalii pre\u0163io\u015fi. A fost un om demn, dis\u00adpre\u0163uind regal \u2013 ca pu\u0163ini al\u0163ii \u2013 curv\u0103s\u0103raia politicianist\u0103 care \u00eeneac\u0103 \u00een\u00ad\u00adtreaga lume rom\u00e2neasc\u0103.<\/h4>\r\n<h4>Verticali\u00adta\u00ad\u00adtea lui ar merita s\u0103 fie considerat\u0103 un model pentru ge\u00adnera\u0163iile tinere, ca \u015fi felul \u00een care \u015fi-a c\u00e2\u015ftigat liberta\u00adtea: citind p\u0103tima\u015f, scriind sau mer\u00adg\u00e2nd descul\u0163 prin iarb\u0103. Iar printre r\u00e2\u00ad\u00adu\u00adrile de cuvinte scrise sau rostite ne-a l\u0103sat \u015fi o lec\u0163ie de via\u0163\u0103: speran\u0163a nu se situeaz\u0103 \u00eentre lucrurile alu\u00adne\u00adcoa\u00ad\u00adse, e cel mai ferm dintre sentimen\u00adtele omului.<\/h4>\r\n<h4 style=\"text-align: justify;\">Dragostea fata de semeni si obiectivitatea\u00a0 caracteristica marilor genii il facea sa scrie la data de 27 noiembrie 2010 in jurnalul National despre Adrian Paunescu si Mihai Ungheanu alte doua simboluri ale poporului roman, trecute in nefiinta, urmatoarele:<\/h4>\r\n<h4 style=\"text-align: justify;\">&#8222;Observ, plin de furie, c\u0103 de la o vreme, ori de c\u00e2te ori dispare \u00een noaptea ve\u015fniciei un scriitor ro\u00adm\u00e2n de prestigiu, imediat, din de\u015fertul g\u00e2ndirii se ridic\u0103 doi, trei sau patru vulturi hoitari ca\u00adre se reped s\u0103-i smulg\u0103 celui dis\u00adp\u0103\u00adrut orice urm\u0103 de virtute sau talent.<\/h4>\r\n<h4 style=\"text-align: justify;\">Am \u00een minte dou\u0103 cazuri care m-au cutremurat: va\u00adlul de insulte azv\u00e2rlit din pr\u0103pastia urii asupra cri\u00adti\u00adcului Mihai Ungheanu, av\u00e2ndu-l ca autor pe Vla\u00addi\u00admir Tism\u0103neanu, precum \u015fi v\u00e2rtejul de isterie barbar\u0103 dezl\u0103n\u0163uit la TVR 1 de Andrei Cornea \u00eempotriva lui Adrian P\u0103unescu. \u0162in s\u0103 precizez c\u0103 n-am schimbat \u00een via\u0163a mea o vorb\u0103 cu domnii mai sus pomeni\u0163i. Nu-i du\u015fm\u0103nesc, nu-i pre\u0163uiesc, iar p\u00e2n\u0103 acum mi-erau total indiferen\u0163i.<\/h4>\r\n<h4 style=\"text-align: justify;\"><\/h4>\r\n<figure id=\"attachment_2045\" aria-describedby=\"caption-attachment-2045\" style=\"width: 400px\" class=\"wp-caption aligncenter\"><a href=\"http:\/\/www.desteptati-va.ro\/wp-content\/uploads\/2011\/05\/images1.jpg\"><img loading=\"lazy\" decoding=\"async\" class=\" wp-image-2045\" title=\"Mihai Ungheanu\" src=\"http:\/\/www.desteptati-va.ro\/wp-content\/uploads\/2011\/05\/images1.jpg\" alt=\"Mihai Ungheanu\" width=\"400\" height=\"266\" \/><\/a><figcaption id=\"caption-attachment-2045\" class=\"wp-caption-text\">Mihai Ungheanu<\/figcaption><\/figure>\r\n<h4 style=\"text-align: justify;\">I-am privit uluit cum \u00eempro\u015fcau cu bale de turbare pe ace\u015fti colegi ai mei pe care i-am iubit o via\u0163\u0103 \u00eentreag\u0103 \u015fi m\u0103 opresc ast\u0103zi o clip\u0103 s\u0103-i \u00eentreb pe cei doi tic\u0103lo\u015fi: Cum de \u00eendr\u0103zni\u0163i s\u0103 ne \u00eenjura\u0163i mor\u0163ii chiar \u00een ziua c\u00e2nd \u00eei ducem la groap\u0103? De unde aceast\u0103 pornire imbecil\u0103 de a ne spurca izvoarele? Poftei voastre scelerate de a ne \u00eens\u00e2ngera zilele c\u00e2nd ne e sufletul cernit m\u0103 simt dator s\u0103 \u00eei r\u0103spund cu aceea\u015fi vehemen\u0163\u0103. Sunte\u0163i doi provocatori de duzin\u0103, dou\u0103 jerpelituri. S\u0103 ne \u00een\u0163elegem, ave\u0163i tot dreptul s\u0103 nu v\u0103 plac\u0103 ce au scris Mihai Ungheanu sau Adrian P\u0103unescu \u2013 gusturile nu se discut\u0103, nu se amendeaz\u0103 \u2013, dar sunte\u0163i de-a dreptul tic\u0103lo\u015fi c\u00e2nd voi, fiii unor tor\u0163ionari comuni\u015fti, veni\u0163i \u015fi \u00eei acuza\u0163i pe prietenii no\u015ftri disp\u0103ru\u0163i c\u0103 fac parte din \u015firul marilor vinova\u0163i care au \u00eentronat \u015fi slujit dictatura stalinist\u0103 \u00een Rom\u00e2nia.<\/h4>\r\n<h4 style=\"text-align: justify;\"><\/h4>\r\n<figure id=\"attachment_2046\" aria-describedby=\"caption-attachment-2046\" style=\"width: 446px\" class=\"wp-caption aligncenter\"><a href=\"http:\/\/www.desteptati-va.ro\/wp-content\/uploads\/2011\/05\/adrian-paunescu.jpg\"><img loading=\"lazy\" decoding=\"async\" class=\" wp-image-2046\" title=\"Adrian Paunescu\" src=\"http:\/\/www.desteptati-va.ro\/wp-content\/uploads\/2011\/05\/adrian-paunescu-300x199.jpg\" alt=\"Adrian Paunescu\" width=\"446\" height=\"296\" \/><\/a><figcaption id=\"caption-attachment-2046\" class=\"wp-caption-text\">Adrian Paunescu<\/figcaption><\/figure>\r\n<h4 style=\"text-align: justify;\">S\u0103 tragem r\u0103bojul din grind\u0103 \u015fi s\u0103 socotim: tat\u0103l dumitale, domnule Vladimir Tism\u0103neanu, cunoscut sub nu\u00adme\u00adle de Leon Tismine\u0163chi, zis Ciungul, a fost agent KGB de c\u00e2nd a dat \u00een p\u0103m\u00e2nt \u015fi p\u00e2n\u0103 a murit. Stabilit \u00een Rom\u00e2nia dup\u0103 23 august 1944, el raporta periodic Ambasadei sovie\u00adti\u00adce tot ceea ce se \u00eent\u00e2mpla \u00een cadrul CC al PCR. La cererea expres\u0103 a lui Gheorghiu-Dej, Hru\u015fciov a aprobat s\u0103 fie eli\u00admi\u00adnat din cadrele activului de conducere. A fost trecut lu\u00adcr\u0103tor la Editura Politic\u0103, sub conducerea lui Walter Roman, unde a tradus, sunt dator s-o spun, \u00een chip excelent ope\u00adre\u00adle lui Vladimir Ilici Lenin. Ani lungi m-am delectat cu sc\u0103\u00adp\u0103\u00adr\u0103toarele lui \u00eentors\u0103turi de fraze. Reproduc din memorie o misiv\u0103 a lui Lenin c\u0103tre un secretar PCUS de gubernie: \u201cSti\u00admate tovar\u0103\u015fe N, pentru victoria revolu\u0163iei \u00eempu\u015fc\u0103-i imediat pe to\u0163i culacii din gubernie, pe to\u0163i \u0163\u0103ranii mijloca\u015fi \u015fi \u015fi pe \u015fov\u0103ielnici\u201d. Acest \u015fi adverbial \u00eei d\u0103 \u015fi ast\u0103zi emo\u00ad\u0163ii calofilului care sunt. Pe c\u00e2nd tat\u0103l t\u0103u se str\u0103duia s\u0103 ne pun\u0103 sub ochi asemenea \u201copere\u201d, tat\u0103l lui Mihai Un\u00adgheanu ara p\u0103m\u00e2ntul \u00een arida c\u00e2mpie a B\u0103r\u0103ganului. N-a fost membru al PCR, dar, se \u00een\u0163elege de la sine, el a impus comunismul \u00een Rom\u00e2nia.<\/h4>\r\n<h4 style=\"text-align: justify;\"><\/h4>\r\n<figure id=\"attachment_2047\" aria-describedby=\"caption-attachment-2047\" style=\"width: 458px\" class=\"wp-caption aligncenter\"><a href=\"http:\/\/www.desteptati-va.ro\/wp-content\/uploads\/2011\/05\/Tismaneanu.jpg\"><img loading=\"lazy\" decoding=\"async\" class=\" wp-image-2047\" title=\"Vladimir Tismaneanu\" src=\"http:\/\/www.desteptati-va.ro\/wp-content\/uploads\/2011\/05\/Tismaneanu.jpg\" alt=\"Vladimir Tismaneanu\" width=\"458\" height=\"458\" \/><\/a><figcaption id=\"caption-attachment-2047\" class=\"wp-caption-text\">Vladimir Tismaneanu<\/figcaption><\/figure>\r\n<h4 style=\"text-align: justify;\">\u015ei acum \u00eentre noi, domnule Andrei Cornea. Vreau s\u0103 te \u00eenv\u0103\u0163 o rug\u0103ciune musulman\u0103. Iat-o: D\u0103-mi, Doamne, s\u0103 \u015ftiu multe, dar s\u0103 nu trec prin toate. Dar nu! Tu, balaure filo\u00adzof (cu s\u00a0 sau cu z, nu \u015ftiu cum \u00ee\u0163i convine?), vrei s\u0103 treci de-a curmezi\u015ful prin toate \u015fan\u0163urile.<\/h4>\r\n<h4 style=\"text-align: justify;\">Adrian P\u0103unescu este, dup\u0103 p\u0103rerea mea, un poet ex\u00adcep\u00ad\u00ad\u0163ional. Uneori cu aspre sc\u0103deri. Dar nu asta mi s-a p\u0103rut c\u0103 te intereseaz\u0103 pe dumneata, ci faptul c\u0103, \u00een timpul co\u00admu\u00adnismului (adic\u0103 \u00een timpul vie\u0163ii noastre!), a scris c\u00e2nd n-a avut \u00eencotro \u015fi versuri \u00eenchinate regimului pe care at\u00e2t de mult \u00eel ur\u0103\u015fti, \u00eenc\u00e2t \u00eemi vine s\u0103 cred c\u0103 eu, \u015fi nu dum\u00adnea\u00adta, sunt fiul lui Paul Cornea, fost secretar al CC al UTC \u00eentre 1948 \u015fi 1954. Domnul Paul Cornea, pentru cultura c\u0103\u00adruia nutresc un deosebit respect, era \u00een acei ani leg\u0103tura direct\u0103 a tuturor organiza\u0163iilor de tineret cu urm\u0103torii tovar\u0103\u015fi din conducerea superioar\u0103: Io\u015fka Chi\u015finevski, Leonte R\u0103utu \u015fi Ofelia Manole.<\/h4>\r\n<h4 style=\"text-align: justify;\">Chi\u015finevski a fost poate cel mai mare tic\u0103los dintre to\u0163i comuni\u015ftii care au pus pingeaua pe grumazul \u0163\u0103rii \u0103steia. R\u0103utu nu l\u0103sa s\u0103 mi\u015fte nici frunza, nici ramul \u015fi nici un vers din Eminescu. Iar Ofelia Manole\u2026 ei, tovar\u0103\u015fa Ofelia Manole, secretar\u0103 de partid a comitetului regional Bucu\u00adre\u015fti, a fost cea mai sumbr\u0103 tic\u0103loas\u0103 care a trecut pe Bulevardul Magheru. B\u0103tr\u00e2nii scriitori pe care i-am cunoscut \u015fi care mi-au r\u0103mas \u00een inim\u0103 ca mari mae\u015ftri preferau s\u0103 ajun\u00adg\u0103 \u00een Pia\u0163a Unirii ocolind pe la Giurgiu dec\u00e2t s\u0103 dea ochii cu tovar\u0103\u015fa Manole. Cred c\u0103 nici Elena Ceau\u015fescu n-a reu\u015fit dec\u00e2t arareori s-o egaleze pe tovar\u0103\u015fa Manole. Cu to\u0163ii au r\u0103suflat u\u015fura\u0163i \u00een ziua c\u00e2nd un soldat, \u00eendr\u0103gostit de nepoata tovar\u0103\u015fei, a introdus dou\u0103 rafale de gloan\u0163e \u00een inima ei iubitoare de literatur\u0103, pe motiv c\u0103 i-a refuzat m\u00e2na nepoatei sale. Dac\u0103 ai \u015fti ce jale a fost \u00een Bucure\u015fti, \u015fi acum sunt oameni care l\u0103crimeaz\u0103!<\/h4>\r\n<h4 style=\"text-align: justify;\"><\/h4>\r\n<figure id=\"attachment_2048\" aria-describedby=\"caption-attachment-2048\" style=\"width: 452px\" class=\"wp-caption aligncenter\"><a href=\"http:\/\/www.desteptati-va.ro\/wp-content\/uploads\/2011\/05\/ls-Andrei_Cornea_2.jpg\"><img loading=\"lazy\" decoding=\"async\" class=\" wp-image-2048\" title=\"Andrei Cornea\" src=\"http:\/\/www.desteptati-va.ro\/wp-content\/uploads\/2011\/05\/ls-Andrei_Cornea_2-300x200.jpg\" alt=\"Andrei Cornea\" width=\"452\" height=\"301\" \/><\/a><figcaption id=\"caption-attachment-2048\" class=\"wp-caption-text\">Andrei Cornea<\/figcaption><\/figure>\r\n<h4 style=\"text-align: justify;\">\u00cen anul 1948, c\u00e2nd tat\u0103l dumitale \u0163inea o str\u00e2ns\u0103 leg\u0103\u00adtu\u00adr\u0103 cu corifeii comunismului rom\u00e2nesc, \u00eenv\u0103\u0163\u0103torul Constantin P\u0103unescu, din comuna B\u00e2rca, jude\u0163ul Dolj, intra \u00een \u00eenchisoare pentru ani lungi \u015fi grei fiindc\u0103 fusese membru al Partidului Liberal. Nu \u015ftiu dac\u0103 venise\u015fi pe lume, dar tocmai \u00een anul acela (ca s\u0103 vezi brodeal\u0103!) marele George C\u0103\u00adli\u00adnescu era dat afar\u0103 de la catedra pe care o de\u0163inea la Universitate \u015fi \u00een locul lui era numit un dentist, un tinichigiu (bi\u00adne-a zis psalmistul mai anul trecut c\u0103 \u015fi azi avem nevoie de tinichigii \u015fi chelneri), r\u0103spunz\u00e2nd la numele de Ion Vitner \u015fi care-l avea asistent \u2013 \u0163in\u2019te bine, neic\u0103! \u2013 pe tovar\u0103\u015ful Paul Cor\u00adnea. Buldozere, progres \u015fi lupt\u0103 pentru ridicarea Rom\u00e2\u00adniei pe noi culmi. C\u0103linescu nu s-a mai \u00eentors niciodat\u0103 la ca\u00adtedr\u0103. Nea Costic\u0103 P\u0103unescu s-a \u00eentors acas\u0103 ca s\u0103 moar\u0103. Iar Adrian, fiul s\u0103u, trebuie s\u0103 pl\u0103teasc\u0103 \u00een eternitate pentru fap\u00adtul c\u0103 nea Costic\u0103 a ales gre\u015fit: \u00een loc s\u0103 se \u0163in\u0103 de pulpa\u00adna ro\u015fie a lui Papa\u015fa, credea \u00een Br\u0103tieni \u015fi \u00een I.G. Duca.\u00a0 C\u00e2nd mor scriitori ca Ungheanu \u015fi P\u0103unescu, neamul ro\u00adm\u00e2\u00adnesc simte c\u0103 i se rup un bra\u0163, un r\u00e2u sau un codru. No\u00adrocul aces\u00adtui p\u0103m\u00e2nt este c\u0103 \u00een aceea\u015fi noapte, undeva \u00een\u00adtr-un sat sau \u00eentr-un ora\u015f, la apus de lun\u0103 sau la r\u0103s\u0103rit de soare, se na\u015fte un alt soldat care s\u0103 acopere tran\u015feea r\u0103mas\u0103 goal\u0103&#8221;.<\/h4>\r\n<h4 style=\"text-align: justify;\"><em><strong>Fanus Neagu<\/strong><\/em><\/h4>\r\n<h4 style=\"text-align: justify;\"><em>Surse<strong>: <\/strong><a href=\"http:\/\/www.jurnalul.ro\/special\/special\/hoitarii-561093.html\">Jurnalul National<\/a>, <\/em><a href=\"http:\/\/www.jurnalul.ro\/stiri\/observator\/ingerul-a-strigat-fanus-neagu-s-a-stins-din-viata-579046.html\">http:\/\/www.jurnalul.ro<\/a><\/h4>        <div class=\"booster-block booster-reactions-block\">\n            <div class=\"twp-reactions-icons\">\n                \n                <div class=\"twp-reacts-wrap\">\n                    <a react-data=\"be-react-1\" post-id=\"3797\" class=\"be-face-icons un-reacted\" href=\"javascript:void(0)\">\n                        <img decoding=\"async\" src=\"https:\/\/desteptati-va.ro\/wp-content\/plugins\/booster-extension\/\/assets\/icon\/happy.svg\" alt=\"Happy\">\n                    <\/a>\n                    <div class=\"twp-reaction-title\">\n                        Happy                    <\/div>\n                    <div class=\"twp-count-percent\">\n                                                    <span style=\"display: none;\" class=\"twp-react-count\">0<\/span>\n                        \n                                                <span class=\"twp-react-percent\"><span>0<\/span> %<\/span>\n                                            <\/div>\n                <\/div>\n\n                <div class=\"twp-reacts-wrap\">\n                    <a react-data=\"be-react-2\" post-id=\"3797\" class=\"be-face-icons un-reacted\" href=\"javascript:void(0)\">\n                        <img decoding=\"async\" src=\"https:\/\/desteptati-va.ro\/wp-content\/plugins\/booster-extension\/\/assets\/icon\/sad.svg\" alt=\"Sad\">\n                    <\/a>\n                    <div class=\"twp-reaction-title\">\n                        Sad                    <\/div>\n                    <div class=\"twp-count-percent\">\n                                                    <span style=\"display: none;\" class=\"twp-react-count\">0<\/span>\n                                                                        <span class=\"twp-react-percent\"><span>0<\/span> %<\/span>\n                                            <\/div>\n                <\/div>\n\n                <div class=\"twp-reacts-wrap\">\n                    <a react-data=\"be-react-3\" post-id=\"3797\" class=\"be-face-icons un-reacted\" href=\"javascript:void(0)\">\n                        <img decoding=\"async\" src=\"https:\/\/desteptati-va.ro\/wp-content\/plugins\/booster-extension\/\/assets\/icon\/excited.svg\" alt=\"Excited\">\n                    <\/a>\n                    <div class=\"twp-reaction-title\">\n                        Excited                    <\/div>\n                    <div class=\"twp-count-percent\">\n                                                    <span style=\"display: none;\" class=\"twp-react-count\">0<\/span>\n                                                                        <span class=\"twp-react-percent\"><span>0<\/span> %<\/span>\n                                            <\/div>\n                <\/div>\n\n                <div class=\"twp-reacts-wrap\">\n                    <a react-data=\"be-react-6\" post-id=\"3797\" class=\"be-face-icons un-reacted\" href=\"javascript:void(0)\">\n                        <img decoding=\"async\" src=\"https:\/\/desteptati-va.ro\/wp-content\/plugins\/booster-extension\/\/assets\/icon\/sleepy.svg\" alt=\"Sleepy\">\n                    <\/a>\n                    <div class=\"twp-reaction-title\">\n                        Sleepy                    <\/div>\n                    <div class=\"twp-count-percent\">\n                                                    <span style=\"display: none;\" class=\"twp-react-count\">0<\/span>\n                        \n                                                <span class=\"twp-react-percent\"><span>0<\/span> %<\/span>\n                                            <\/div>\n                <\/div>\n\n                <div class=\"twp-reacts-wrap\">\n                    <a react-data=\"be-react-4\" post-id=\"3797\" class=\"be-face-icons un-reacted\" href=\"javascript:void(0)\">\n                        <img decoding=\"async\" src=\"https:\/\/desteptati-va.ro\/wp-content\/plugins\/booster-extension\/\/assets\/icon\/angry.svg\" alt=\"Angry\">\n                    <\/a>\n                    <div class=\"twp-reaction-title\">Angry<\/div>\n                    <div class=\"twp-count-percent\">\n                                                    <span style=\"display: none;\" class=\"twp-react-count\">0<\/span>\n                                                                        <span class=\"twp-react-percent\"><span>0<\/span> %<\/span>\n                        \n                    <\/div>\n                <\/div>\n\n                <div class=\"twp-reacts-wrap\">\n                    <a react-data=\"be-react-5\" post-id=\"3797\" class=\"be-face-icons un-reacted\" href=\"javascript:void(0)\">\n                        <img decoding=\"async\" src=\"https:\/\/desteptati-va.ro\/wp-content\/plugins\/booster-extension\/\/assets\/icon\/surprise.svg\" alt=\"Surprise\">\n                    <\/a>\n                    <div class=\"twp-reaction-title\">Surprise<\/div>\n                    <div class=\"twp-count-percent\">\n                                                    <span style=\"display: none;\" class=\"twp-react-count\">0<\/span>\n                                                                        <span class=\"twp-react-percent\"><span>0<\/span> %<\/span>\n                                            <\/div>\n                <\/div>\n\n            <\/div>\n        <\/div>\n\n    <\/div>","protected":false},"excerpt":{"rendered":"<p>\u00cengerul a strigat \u015fi marele scriitor F\u0103\u00adnu\u015f Neagu s-a ridicat la ceruri. &#8222;Frumosul nebun&#8221; ne-a p\u0103r\u0103sit mistuit de dorul trecutului<a href=\"https:\/\/desteptati-va.ro\/index.php\/2021\/04\/16\/marii-romani-n-ar-trebui-sa-moara\/\">Read More<i class=\"fa fa-long-arrow-right\" aria-hidden=\"true\"><\/i><\/a><\/p>\n","protected":false},"author":1,"featured_media":1401,"comment_status":"open","ping_status":"open","sticky":false,"template":"","format":"standard","meta":{"_crdt_document":"","footnotes":""},"categories":[3,6],"tags":[908,909,910,911,912,913,59,60,914,915,260,916,917,555,918,919,920,921,922,906,923,924],"class_list":["post-3797","post","type-post","status-publish","format-standard","has-post-thumbnail","hentry","category-decembrie-89","category-istorii-nestiute","tag-adrian","tag-adrian-paunescu","tag-bolsevici","tag-comunism","tag-cornea","tag-despre","tag-desteptati","tag-desteptati-va","tag-fanus","tag-fanus-neagu","tag-mihai","tag-mihai-ungheanu","tag-neagu","tag-oameni","tag-pangarit","tag-paunescu","tag-politruci","tag-prestigiu","tag-scriitor","tag-tismaneanu","tag-tortionari","tag-ungheanu"],"rise-blocks_total_comments":5,"rise-blocks_categories":[{"term_id":6,"name":"Istorii nestiute","slug":"istorii-nestiute","term_group":0,"term_taxonomy_id":6,"taxonomy":"category","description":"","parent":3,"count":9,"filter":"raw"}],"rise-blocks_excerpt":"\u00cengerul a strigat \u015fi marele scriitor F\u0103\u00adnu\u015f Neagu s-a ridicat la ceruri. &#8222;Frumosul nebun&#8221; ne-a p\u0103r\u0103sit mistuit de dorul trecutului autentic \u015fi l\u0103s\u00e2nd \u00een ur\u00adm\u0103 o zestre de metafore, cuvinte-bi\u00adjuterii, un stil inconfun\u00addabil. \u00cel pl\u00e2ng to\u0163i cei care i-au fost aproape \u015fi-l recompun din amintiri pe cel care \u015fi-a \u00eendeplinit misiunea pe P\u0103m\u00e2nt. Scria ca \u00eentr-un altar, cu pio\u015fenia cre\u00addinciosului..","yoast_head":"<!-- This site is optimized with the Yoast SEO plugin v26.9 - https:\/\/yoast.com\/product\/yoast-seo-wordpress\/ -->\r\n<title>Marii rom\u00e2ni n-ar trebui s\u0103 moar\u0103! -<\/title>\r\n<meta name=\"robots\" content=\"index, follow, max-snippet:-1, max-image-preview:large, max-video-preview:-1\" \/>\r\n<link rel=\"canonical\" href=\"https:\/\/desteptati-va.ro\/index.php\/2021\/04\/16\/marii-romani-n-ar-trebui-sa-moara\/\" \/>\r\n<meta property=\"og:locale\" content=\"ro_RO\" \/>\r\n<meta property=\"og:type\" content=\"article\" \/>\r\n<meta property=\"og:title\" content=\"Marii rom\u00e2ni n-ar trebui s\u0103 moar\u0103! -\" \/>\r\n<meta property=\"og:description\" content=\"\u00cengerul a strigat \u015fi marele scriitor F\u0103\u00adnu\u015f Neagu s-a ridicat la ceruri. &#8222;Frumosul nebun&#8221; ne-a p\u0103r\u0103sit mistuit de dorul trecutuluiRead More\" \/>\r\n<meta property=\"og:url\" content=\"https:\/\/desteptati-va.ro\/index.php\/2021\/04\/16\/marii-romani-n-ar-trebui-sa-moara\/\" \/>\r\n<meta property=\"article:published_time\" content=\"2021-04-16T10:44:58+00:00\" \/>\r\n<meta property=\"og:image\" content=\"https:\/\/desteptati-va.ro\/wp-content\/uploads\/2021\/04\/fanus-neagu.jpg\" \/>\r\n\t<meta property=\"og:image:width\" content=\"446\" \/>\r\n\t<meta property=\"og:image:height\" content=\"297\" \/>\r\n\t<meta property=\"og:image:type\" content=\"image\/jpeg\" \/>\r\n<meta name=\"author\" content=\"wolfsoftcompany\" \/>\r\n<meta name=\"twitter:card\" content=\"summary_large_image\" \/>\r\n<meta name=\"twitter:label1\" content=\"Scris de\" \/>\n\t<meta name=\"twitter:data1\" content=\"wolfsoftcompany\" \/>\n\t<meta name=\"twitter:label2\" content=\"Timp estimat pentru citire\" \/>\n\t<meta name=\"twitter:data2\" content=\"8 minute\" \/>\r\n<script type=\"application\/ld+json\" class=\"yoast-schema-graph\">{\"@context\":\"https:\/\/schema.org\",\"@graph\":[{\"@type\":\"Article\",\"@id\":\"https:\/\/desteptati-va.ro\/index.php\/2021\/04\/16\/marii-romani-n-ar-trebui-sa-moara\/#article\",\"isPartOf\":{\"@id\":\"https:\/\/desteptati-va.ro\/index.php\/2021\/04\/16\/marii-romani-n-ar-trebui-sa-moara\/\"},\"author\":{\"name\":\"wolfsoftcompany\",\"@id\":\"https:\/\/desteptati-va.ro\/#\/schema\/person\/13182deeebd44920914899f7bb262d6b\"},\"headline\":\"Marii rom\u00e2ni n-ar trebui s\u0103 moar\u0103!\",\"datePublished\":\"2021-04-16T10:44:58+00:00\",\"mainEntityOfPage\":{\"@id\":\"https:\/\/desteptati-va.ro\/index.php\/2021\/04\/16\/marii-romani-n-ar-trebui-sa-moara\/\"},\"wordCount\":1533,\"commentCount\":0,\"image\":{\"@id\":\"https:\/\/desteptati-va.ro\/index.php\/2021\/04\/16\/marii-romani-n-ar-trebui-sa-moara\/#primaryimage\"},\"thumbnailUrl\":\"https:\/\/desteptati-va.ro\/wp-content\/uploads\/2021\/04\/fanus-neagu.jpg\",\"keywords\":[\"Adrian\",\"Adrian Paunescu\",\"bolsevici\",\"comunism\",\"Cornea\",\"despre\",\"desteptati\",\"desteptati-va\",\"Fanus\",\"Fanus Neagu\",\"Mihai\",\"Mihai Ungheanu\",\"Neagu\",\"oameni\",\"pangarit\",\"Paunescu\",\"politruci\",\"prestigiu\",\"scriitor\",\"Tismaneanu\",\"tortionari\",\"Ungheanu\"],\"articleSection\":[\"Decembrie 89\",\"Istorii nestiute\"],\"inLanguage\":\"ro-RO\",\"potentialAction\":[{\"@type\":\"CommentAction\",\"name\":\"Comment\",\"target\":[\"https:\/\/desteptati-va.ro\/index.php\/2021\/04\/16\/marii-romani-n-ar-trebui-sa-moara\/#respond\"]}]},{\"@type\":\"WebPage\",\"@id\":\"https:\/\/desteptati-va.ro\/index.php\/2021\/04\/16\/marii-romani-n-ar-trebui-sa-moara\/\",\"url\":\"https:\/\/desteptati-va.ro\/index.php\/2021\/04\/16\/marii-romani-n-ar-trebui-sa-moara\/\",\"name\":\"Marii rom\u00e2ni n-ar trebui s\u0103 moar\u0103! -\",\"isPartOf\":{\"@id\":\"https:\/\/desteptati-va.ro\/#website\"},\"primaryImageOfPage\":{\"@id\":\"https:\/\/desteptati-va.ro\/index.php\/2021\/04\/16\/marii-romani-n-ar-trebui-sa-moara\/#primaryimage\"},\"image\":{\"@id\":\"https:\/\/desteptati-va.ro\/index.php\/2021\/04\/16\/marii-romani-n-ar-trebui-sa-moara\/#primaryimage\"},\"thumbnailUrl\":\"https:\/\/desteptati-va.ro\/wp-content\/uploads\/2021\/04\/fanus-neagu.jpg\",\"datePublished\":\"2021-04-16T10:44:58+00:00\",\"author\":{\"@id\":\"https:\/\/desteptati-va.ro\/#\/schema\/person\/13182deeebd44920914899f7bb262d6b\"},\"breadcrumb\":{\"@id\":\"https:\/\/desteptati-va.ro\/index.php\/2021\/04\/16\/marii-romani-n-ar-trebui-sa-moara\/#breadcrumb\"},\"inLanguage\":\"ro-RO\",\"potentialAction\":[{\"@type\":\"ReadAction\",\"target\":[\"https:\/\/desteptati-va.ro\/index.php\/2021\/04\/16\/marii-romani-n-ar-trebui-sa-moara\/\"]}]},{\"@type\":\"ImageObject\",\"inLanguage\":\"ro-RO\",\"@id\":\"https:\/\/desteptati-va.ro\/index.php\/2021\/04\/16\/marii-romani-n-ar-trebui-sa-moara\/#primaryimage\",\"url\":\"https:\/\/desteptati-va.ro\/wp-content\/uploads\/2021\/04\/fanus-neagu.jpg\",\"contentUrl\":\"https:\/\/desteptati-va.ro\/wp-content\/uploads\/2021\/04\/fanus-neagu.jpg\",\"width\":446,\"height\":297},{\"@type\":\"BreadcrumbList\",\"@id\":\"https:\/\/desteptati-va.ro\/index.php\/2021\/04\/16\/marii-romani-n-ar-trebui-sa-moara\/#breadcrumb\",\"itemListElement\":[{\"@type\":\"ListItem\",\"position\":1,\"name\":\"Prima pagin\u0103\",\"item\":\"https:\/\/desteptati-va.ro\/\"},{\"@type\":\"ListItem\",\"position\":2,\"name\":\"Marii rom\u00e2ni n-ar trebui s\u0103 moar\u0103!\"}]},{\"@type\":\"WebSite\",\"@id\":\"https:\/\/desteptati-va.ro\/#website\",\"url\":\"https:\/\/desteptati-va.ro\/\",\"name\":\"\",\"description\":\"\",\"potentialAction\":[{\"@type\":\"SearchAction\",\"target\":{\"@type\":\"EntryPoint\",\"urlTemplate\":\"https:\/\/desteptati-va.ro\/?s={search_term_string}\"},\"query-input\":{\"@type\":\"PropertyValueSpecification\",\"valueRequired\":true,\"valueName\":\"search_term_string\"}}],\"inLanguage\":\"ro-RO\"},{\"@type\":\"Person\",\"@id\":\"https:\/\/desteptati-va.ro\/#\/schema\/person\/13182deeebd44920914899f7bb262d6b\",\"name\":\"wolfsoftcompany\",\"image\":{\"@type\":\"ImageObject\",\"inLanguage\":\"ro-RO\",\"@id\":\"https:\/\/desteptati-va.ro\/#\/schema\/person\/image\/\",\"url\":\"https:\/\/secure.gravatar.com\/avatar\/a6cce9b6d101d27d91690e7073e300fed94c0899890bf998e082cb9d2c3d121e?s=96&d=mm&r=g\",\"contentUrl\":\"https:\/\/secure.gravatar.com\/avatar\/a6cce9b6d101d27d91690e7073e300fed94c0899890bf998e082cb9d2c3d121e?s=96&d=mm&r=g\",\"caption\":\"wolfsoftcompany\"},\"sameAs\":[\"http:\/\/desteptati-va.ro\"],\"url\":\"https:\/\/desteptati-va.ro\/index.php\/author\/wolfsoftcompany\/\"}]}<\/script>\r\n<!-- \/ Yoast SEO plugin. -->","yoast_head_json":{"title":"Marii rom\u00e2ni n-ar trebui s\u0103 moar\u0103! -","robots":{"index":"index","follow":"follow","max-snippet":"max-snippet:-1","max-image-preview":"max-image-preview:large","max-video-preview":"max-video-preview:-1"},"canonical":"https:\/\/desteptati-va.ro\/index.php\/2021\/04\/16\/marii-romani-n-ar-trebui-sa-moara\/","og_locale":"ro_RO","og_type":"article","og_title":"Marii rom\u00e2ni n-ar trebui s\u0103 moar\u0103! -","og_description":"\u00cengerul a strigat \u015fi marele scriitor F\u0103\u00adnu\u015f Neagu s-a ridicat la ceruri. &#8222;Frumosul nebun&#8221; ne-a p\u0103r\u0103sit mistuit de dorul trecutuluiRead More","og_url":"https:\/\/desteptati-va.ro\/index.php\/2021\/04\/16\/marii-romani-n-ar-trebui-sa-moara\/","article_published_time":"2021-04-16T10:44:58+00:00","og_image":[{"width":446,"height":297,"url":"https:\/\/desteptati-va.ro\/wp-content\/uploads\/2021\/04\/fanus-neagu.jpg","type":"image\/jpeg"}],"author":"wolfsoftcompany","twitter_card":"summary_large_image","twitter_misc":{"Scris de":"wolfsoftcompany","Timp estimat pentru citire":"8 minute"},"schema":{"@context":"https:\/\/schema.org","@graph":[{"@type":"Article","@id":"https:\/\/desteptati-va.ro\/index.php\/2021\/04\/16\/marii-romani-n-ar-trebui-sa-moara\/#article","isPartOf":{"@id":"https:\/\/desteptati-va.ro\/index.php\/2021\/04\/16\/marii-romani-n-ar-trebui-sa-moara\/"},"author":{"name":"wolfsoftcompany","@id":"https:\/\/desteptati-va.ro\/#\/schema\/person\/13182deeebd44920914899f7bb262d6b"},"headline":"Marii rom\u00e2ni n-ar trebui s\u0103 moar\u0103!","datePublished":"2021-04-16T10:44:58+00:00","mainEntityOfPage":{"@id":"https:\/\/desteptati-va.ro\/index.php\/2021\/04\/16\/marii-romani-n-ar-trebui-sa-moara\/"},"wordCount":1533,"commentCount":0,"image":{"@id":"https:\/\/desteptati-va.ro\/index.php\/2021\/04\/16\/marii-romani-n-ar-trebui-sa-moara\/#primaryimage"},"thumbnailUrl":"https:\/\/desteptati-va.ro\/wp-content\/uploads\/2021\/04\/fanus-neagu.jpg","keywords":["Adrian","Adrian Paunescu","bolsevici","comunism","Cornea","despre","desteptati","desteptati-va","Fanus","Fanus Neagu","Mihai","Mihai Ungheanu","Neagu","oameni","pangarit","Paunescu","politruci","prestigiu","scriitor","Tismaneanu","tortionari","Ungheanu"],"articleSection":["Decembrie 89","Istorii nestiute"],"inLanguage":"ro-RO","potentialAction":[{"@type":"CommentAction","name":"Comment","target":["https:\/\/desteptati-va.ro\/index.php\/2021\/04\/16\/marii-romani-n-ar-trebui-sa-moara\/#respond"]}]},{"@type":"WebPage","@id":"https:\/\/desteptati-va.ro\/index.php\/2021\/04\/16\/marii-romani-n-ar-trebui-sa-moara\/","url":"https:\/\/desteptati-va.ro\/index.php\/2021\/04\/16\/marii-romani-n-ar-trebui-sa-moara\/","name":"Marii rom\u00e2ni n-ar trebui s\u0103 moar\u0103! -","isPartOf":{"@id":"https:\/\/desteptati-va.ro\/#website"},"primaryImageOfPage":{"@id":"https:\/\/desteptati-va.ro\/index.php\/2021\/04\/16\/marii-romani-n-ar-trebui-sa-moara\/#primaryimage"},"image":{"@id":"https:\/\/desteptati-va.ro\/index.php\/2021\/04\/16\/marii-romani-n-ar-trebui-sa-moara\/#primaryimage"},"thumbnailUrl":"https:\/\/desteptati-va.ro\/wp-content\/uploads\/2021\/04\/fanus-neagu.jpg","datePublished":"2021-04-16T10:44:58+00:00","author":{"@id":"https:\/\/desteptati-va.ro\/#\/schema\/person\/13182deeebd44920914899f7bb262d6b"},"breadcrumb":{"@id":"https:\/\/desteptati-va.ro\/index.php\/2021\/04\/16\/marii-romani-n-ar-trebui-sa-moara\/#breadcrumb"},"inLanguage":"ro-RO","potentialAction":[{"@type":"ReadAction","target":["https:\/\/desteptati-va.ro\/index.php\/2021\/04\/16\/marii-romani-n-ar-trebui-sa-moara\/"]}]},{"@type":"ImageObject","inLanguage":"ro-RO","@id":"https:\/\/desteptati-va.ro\/index.php\/2021\/04\/16\/marii-romani-n-ar-trebui-sa-moara\/#primaryimage","url":"https:\/\/desteptati-va.ro\/wp-content\/uploads\/2021\/04\/fanus-neagu.jpg","contentUrl":"https:\/\/desteptati-va.ro\/wp-content\/uploads\/2021\/04\/fanus-neagu.jpg","width":446,"height":297},{"@type":"BreadcrumbList","@id":"https:\/\/desteptati-va.ro\/index.php\/2021\/04\/16\/marii-romani-n-ar-trebui-sa-moara\/#breadcrumb","itemListElement":[{"@type":"ListItem","position":1,"name":"Prima pagin\u0103","item":"https:\/\/desteptati-va.ro\/"},{"@type":"ListItem","position":2,"name":"Marii rom\u00e2ni n-ar trebui s\u0103 moar\u0103!"}]},{"@type":"WebSite","@id":"https:\/\/desteptati-va.ro\/#website","url":"https:\/\/desteptati-va.ro\/","name":"","description":"","potentialAction":[{"@type":"SearchAction","target":{"@type":"EntryPoint","urlTemplate":"https:\/\/desteptati-va.ro\/?s={search_term_string}"},"query-input":{"@type":"PropertyValueSpecification","valueRequired":true,"valueName":"search_term_string"}}],"inLanguage":"ro-RO"},{"@type":"Person","@id":"https:\/\/desteptati-va.ro\/#\/schema\/person\/13182deeebd44920914899f7bb262d6b","name":"wolfsoftcompany","image":{"@type":"ImageObject","inLanguage":"ro-RO","@id":"https:\/\/desteptati-va.ro\/#\/schema\/person\/image\/","url":"https:\/\/secure.gravatar.com\/avatar\/a6cce9b6d101d27d91690e7073e300fed94c0899890bf998e082cb9d2c3d121e?s=96&d=mm&r=g","contentUrl":"https:\/\/secure.gravatar.com\/avatar\/a6cce9b6d101d27d91690e7073e300fed94c0899890bf998e082cb9d2c3d121e?s=96&d=mm&r=g","caption":"wolfsoftcompany"},"sameAs":["http:\/\/desteptati-va.ro"],"url":"https:\/\/desteptati-va.ro\/index.php\/author\/wolfsoftcompany\/"}]}},"_links":{"self":[{"href":"https:\/\/desteptati-va.ro\/index.php\/wp-json\/wp\/v2\/posts\/3797","targetHints":{"allow":["GET"]}}],"collection":[{"href":"https:\/\/desteptati-va.ro\/index.php\/wp-json\/wp\/v2\/posts"}],"about":[{"href":"https:\/\/desteptati-va.ro\/index.php\/wp-json\/wp\/v2\/types\/post"}],"author":[{"embeddable":true,"href":"https:\/\/desteptati-va.ro\/index.php\/wp-json\/wp\/v2\/users\/1"}],"replies":[{"embeddable":true,"href":"https:\/\/desteptati-va.ro\/index.php\/wp-json\/wp\/v2\/comments?post=3797"}],"version-history":[{"count":1,"href":"https:\/\/desteptati-va.ro\/index.php\/wp-json\/wp\/v2\/posts\/3797\/revisions"}],"predecessor-version":[{"id":3799,"href":"https:\/\/desteptati-va.ro\/index.php\/wp-json\/wp\/v2\/posts\/3797\/revisions\/3799"}],"wp:featuredmedia":[{"embeddable":true,"href":"https:\/\/desteptati-va.ro\/index.php\/wp-json\/wp\/v2\/media\/1401"}],"wp:attachment":[{"href":"https:\/\/desteptati-va.ro\/index.php\/wp-json\/wp\/v2\/media?parent=3797"}],"wp:term":[{"taxonomy":"category","embeddable":true,"href":"https:\/\/desteptati-va.ro\/index.php\/wp-json\/wp\/v2\/categories?post=3797"},{"taxonomy":"post_tag","embeddable":true,"href":"https:\/\/desteptati-va.ro\/index.php\/wp-json\/wp\/v2\/tags?post=3797"}],"curies":[{"name":"wp","href":"https:\/\/api.w.org\/{rel}","templated":true}]}}