{"id":3800,"date":"2021-04-16T11:04:28","date_gmt":"2021-04-16T11:04:28","guid":{"rendered":"http:\/\/desteptati.ro\/?p=3800"},"modified":"2022-01-31T10:30:35","modified_gmt":"2022-01-31T08:30:35","slug":"un-roman-care-a-salvat-mii-de-evrei","status":"publish","type":"post","link":"https:\/\/desteptati-va.ro\/index.php\/2021\/04\/16\/un-roman-care-a-salvat-mii-de-evrei\/","title":{"rendered":"Un rom\u00e2n care a salvat mii de evrei"},"content":{"rendered":"<div class=\"post-content\"><div class='booster-block booster-read-block'>\n                <div class=\"twp-read-time\">\n                \t<i class=\"booster-icon twp-clock\"><\/i> <span>Read Time:<\/span>14 Minute, 44 Second                <\/div>\n\n            <\/div><h4 style=\"text-align: justify;\">Ce ar mai fi de spus \u00een acest materia, limitat oricum la mult mai pu\u021bin dec\u00e2t ar fi meritat at\u00e2t Florea Neagu, \u201edetectiv prin colb de cronici\u201d, c\u00e2t mai ales Cornel Dumitrescu, acest \u201eSchindler al Rom\u00e2niei\u201d, probabil pe nedrept mai pu\u021bin celebru dec\u00e2t omologul sau german? Poate doar c\u0103 rezultatul laborioasei munci a lui Florea Neagu, de cercet\u0103ri prin arhivele serviciilor secrete sovietice, Armatei Ro\u0219ii \u0219 Ministerului de Interne al URSS, precum \u0219i ale municipalit\u0103\u021bii Cern\u0103u\u021biului, s-a soldat nu doar cu c\u00e2teva articole \u00een presa rom\u00e2neasc\u0103 (\u0219i chiar cea din Tel Aviv) referitoare la Cornel Dumitrescu. Astfel, dialogul permanent pe care Florea Neagu l-a purtat cu autorit\u0103\u021bile israeliene a reu\u0219it s\u0103 le sensibilizeze cu privire la cazul rom\u00e2nului Cornel Dumitrescu, care va fi recunoscut, pentru faptele sale de ajutorare a reprezentan\u021bilor acestei semin\u021bii, ca \u201edrept al popoarelor\u201d. \u00cen plus, \u201edosarul Cornel Dumitrescu\u201d, \u00eentocmit de Florea Neagu, reprezint\u0103 una dintre piesele de rezisten\u021b\u0103 ale muzeului Yad Vashem din Ierusalim.<\/h4>\n<h4 style=\"text-align: justify;\"><\/h4>\n<figure id=\"attachment_1852\" aria-describedby=\"caption-attachment-1852\" style=\"width: 300px\" class=\"wp-caption aligncenter\"><a href=\"http:\/\/www.desteptati-va.ro\/wp-content\/uploads\/2011\/05\/florea_neagu.png\"><img loading=\"lazy\" decoding=\"async\" class=\"size-medium wp-image-1852\" title=\"Florea Neagu\" src=\"http:\/\/www.desteptati-va.ro\/wp-content\/uploads\/2011\/05\/florea_neagu-300x250.png\" alt=\"Florea Neagu\" width=\"300\" height=\"250\"><\/a><figcaption id=\"caption-attachment-1852\" class=\"wp-caption-text\">Florea Neagu<\/figcaption><\/figure>\n<h4 style=\"text-align: justify;\">Munca unui rom\u00e2n cu veleit\u0103\u021bi de adev\u0103rat \u201edetectiv particular\u201d, care a scos la iveal\u0103 fapte petrecute \u00een anii celui de-al doilea r\u0103zboi mondial, arunc\u0103 o lumin\u0103 cu totul deosebit\u0103 asupra a ceea ce era cunoscut p\u00e2n\u0103 acum sub numele de \u201eHolocaustul\u201d rom\u00e2nesc, respectiv deportarea \u00een mas\u0103 spre ghetouri \u0219i lag\u0103re de concentrare naziste a evreilor din teritoriile administrate de statul rom\u00e2n \u00een perioada celui de-al doilea r\u0103zboi mondial. Materialul arhivistic la care ne referim, pe care autorul s\u0103u \u00eel nume\u0219te \u201e<em>Dosarul Cornel Dumitrescu \u2013 un rom\u00e2n care a salvat mii de evrei\u201d<\/em> poart\u0103 semn\u0103tura lui Florea Neagu \u0219i reprezint\u0103 un personaj care ar putea reprezenta un al doilea Schindler (renumit personaj de film, creat dup\u0103 tiparele unui om de afaceri real, de na\u021bionalitate german\u0103, despre care se spune c\u0103 ar fi salvat de la deportare \u0219i moarte peste 1000 de evrei \u00een al doilea r\u0103zboi mondial).<\/h4>\n<h4 style=\"text-align: justify;\">Deosebirea dintre germanul Schindler \u0219i rom\u00e2nul Dumitrescu, dincolo de cuantumul dintre cei 1000 de evrei salva\u021bi de germanul ajuns erou de film \u0219i cei peste 3600 care nu au ajuns \u00een ghetourile sau \u00een lag\u0103re datorit\u0103 \u201evalahului\u201d Cornel Dumitrescu, rezid\u0103 \u0219i \u00een diferen\u021bele de mentalitate ale celor doi. O m\u0103rturie pe c\u00e2t de t\u00e2rzie, pe at\u00e2t de \u0219ocant\u0103 a so\u021biei lui Schindler spune c\u0103 acesta pretindea sume mari de bani \u00een schimbul serviciilor de salvare a evreilor din cortegiile mor\u021bii, pe c\u00e2nd Cornel Dumitrescu o f\u0103cea nu numai f\u0103r\u0103 nicio recompens\u0103 material\u0103, dar, mai mult, uza \u00een acest scop de rela\u021biile sus-puse pe care le avea \u00een Rom\u00e2nia anilor 1942-1944 pentru a-i ajuta pe evrei s\u0103 nu ajung\u0103 pe listele de deport\u0103ri. Astfel, \u00een locul sintagmei \u201eCornel Dumitrescu \u2013 un &lt;&lt;Schindler&gt;&gt; al Rom\u00e2nie\u201d, nu este exclus s\u0103 fie mai potrivit\u0103 aceea de \u201eSchindler \u2013 un &lt;&lt;Cornel Dumitrescu&gt;&gt; al Germaniei\u201d\u2026<\/h4>\n<h4 style=\"text-align: justify;\"><\/h4>\n<figure id=\"attachment_1853\" aria-describedby=\"caption-attachment-1853\" style=\"width: 300px\" class=\"wp-caption aligncenter\"><a href=\"http:\/\/www.desteptati-va.ro\/wp-content\/uploads\/2011\/05\/Oskar_Emilie_1946.jpg\"><img loading=\"lazy\" decoding=\"async\" class=\"size-medium wp-image-1853\" title=\"Emilie si Oskar Schindler in 1946\" src=\"http:\/\/www.desteptati-va.ro\/wp-content\/uploads\/2011\/05\/Oskar_Emilie_1946-300x240.jpg\" alt=\"Emilie si Oskar Schindler in 1946\" width=\"300\" height=\"240\"><\/a><figcaption id=\"caption-attachment-1853\" class=\"wp-caption-text\">Emilie si Oskar Schindler in 1946<\/figcaption><\/figure>\n<h4 style=\"text-align: justify;\">\u0218i pentru a justifica cele de mai sus, nimic nu pare a fi mai potrivit dec\u00e2t redarea unei pove\u0219ti ajunse la noi, \u0219i implicit la dumneavostr\u0103, gra\u021bie str\u0103daniilor de ani de zile ale unui \u201edetective particular\u201d ad-hoc, \u00een persoana lui Florea Neagu, un om pe care soarta l-a adus, \u00een perioada pstbelic\u0103, \u00een postura de superior ierarhic pe linie profesional\u0103 al lui Cornel Dumitrescu. La finalul \u201epove\u0219tii\u201d, consider\u0103m c\u0103 \u0219i Florea Neagu merita (ve\u021bi vedea de ce!) o prezentare succint\u0103, pentru c\u0103, f\u0103r\u0103 str\u0103daniile dezinteresate ale domniei sale, faptele cu adev\u0103rat demne de un scenariu de film ale lui Cornel Dumitrescu ar fi r\u0103mas necunoscute. \u0218i era p\u0103cat\u2026<\/h4>\n<h4 style=\"text-align: justify;\"><strong>Via\u021ba bate filmul<\/strong><\/h4>\n<h4 style=\"text-align: justify;\">Ca s\u0103 r\u0103m\u00e2nem la nivelul \u201eparalelei\u201d dintre Schindler \u0219i Cornel Dumitrescu, s\u0103 spunem c\u0103 \u00eentre cei doi exist\u0103 c\u00e2teva asem\u0103n\u0103ri \u00een afara celei de a fi \u201esalvatori ai evreilor\u201d, dac\u0103 ar fi s\u0103 ne lu\u0103m doar dup\u0103 na\u0219terea lor \u00een acela\u0219i an (1908) \u0219i intrarea \u00een afaceri \u00een 1939. De aici \u00eens\u0103 asem\u0103n\u0103rile nu-\u0219i mai au locul \u0219i asta pentru c\u0103 \u201evalahul m\u00e2ndru \u0219i t\u0103cut\u201d (expresia \u00eei apar\u021bine \u201ebiografului ad-hoc\u201d Florea Neagu, care i-a ref\u0103cut drumul vie\u021bii), respectiv Cornel Dumitrescu, s-a l\u0103sat condus \u00een opera sa de salvare a 3642 de evrei (conform unei documenta\u021bii extrem de minu\u021bioase a lui Florea Neagu) de la deportare \u0219i moarte \u00een ghetourile \u0219i lag\u0103rele naziste de cu totul alte motive dec\u00e2t cele ale germanului Schindler. Pentru a \u00een\u021belege ce s-a \u00eent\u00e2mplat atunci, cel mai simplu ar fi s\u0103 ne transpunem, imaginar desigur, \u00een Cern\u0103u\u021biul anilor `42-`44, aflat atunci sub jurisdic\u021bia Rom\u00e2nie conduse (dup\u0103 abdicarea regelui Carol al II-lea, cu care Cornel Dumitrescu era \u00een rela\u021bii foarte apropiate) de mare\u0219alul Ion Antonescu. \u00cen ora\u0219ul moldovean, Cornel Dumitrescu conducea fabrica de textile Tricotania (ast\u0103zi rebotezat\u0103 \u201eArnica\u201d).<\/h4>\n<h4 style=\"text-align: justify;\">Ne g\u0103sim, a\u0219adar, \u00een unitatea economic\u0103 sus-men\u021bionat\u0103, aflat\u0103 sub regim \u201estrategic\u201d, deoarece aici se fabricau produse textile necesare frontului. Fabrica se afla, totodat\u0103, \u0219i sub efectele unei legi care cerea concedierea cet\u0103\u021benilor de na\u021bionalitate iudaic\u0103 \u0219i interzicea \u00een mod expres angajarea pe eventualele posturi libere a unor evrei. Cu toate acestea, Cornel Dumitrescu se prevala de efectele unei decizii a mare\u0219alului Ion Antonescu, o decizie mai veche (\u0219i deja abrogat\u0103!), care oferea posibilitatea de angajare, \u00een unit\u0103\u021bile strategice, inclusiv a for\u021bei de mun\u0103 evreie\u0219ti, cu scopul de a asigura continuitatea produc\u021biei. \u00cen acest fel, directorul Tricotaniei reu\u0219ea nu doar s\u0103 men\u021bin\u0103 ca nagaja\u021bi numero\u0219i evrei, ci chiar s\u0103 angajeze evrei sau evreice r\u0103ma\u0219i f\u0103r\u0103 serviciu (uneori, dup\u0103 documentele scoase la lumin\u0103 de Florea Neagu, \u0219i c\u00e2te patru-cinci pe un post!), pentru a evita astfel deportarea lor \u00een ghetourile sau \u00een lag\u0103rele de concentrare naziste.<\/h4>\n<h4 style=\"text-align: justify;\"><\/h4>\n<figure id=\"attachment_1854\" aria-describedby=\"caption-attachment-1854\" style=\"width: 300px\" class=\"wp-caption aligncenter\"><a href=\"http:\/\/www.desteptati-va.ro\/wp-content\/uploads\/2011\/05\/elena_gorgonet.png\"><img loading=\"lazy\" decoding=\"async\" class=\"size-medium wp-image-1854\" title=\"Elena Gorgonet si depozitia sa din 2001\" src=\"http:\/\/www.desteptati-va.ro\/wp-content\/uploads\/2011\/05\/elena_gorgonet-300x257.png\" alt=\"Elena Gorgonet si depozitia sa din 2001\" width=\"300\" height=\"257\"><\/a><figcaption id=\"caption-attachment-1854\" class=\"wp-caption-text\">Elena Gorgonet si depozitia sa din 2001<\/figcaption><\/figure>\n<h4 style=\"text-align: justify;\">Mai mult, conform unei depozi\u021bii a fostei sale secretare de atunci, pe nume Elena Gorgone\u021b, rom\u00e2nul, \u201e\u00een nebunia lui\u201d, nu s-a sfiit, \u00een c\u00e2teva r\u00e2nduri, s\u0103 \u00eentoarc\u0103 efectiv c\u0103ru\u021bele pline cu evrei de la marginea ora\u0219ului, chiar \u201ede sub nasul\u201d autorit\u0103\u021bilor germane care organizau deportarea acestora. El se baza pe rela\u021biile sale cu cele mai proeminente figuri ale societ\u0103\u021bii rom\u00e2ne\u0219ti de atunci, f\u0103r\u0103 ca asta s\u0103 \u00eensemne c\u0103 nu-\u0219i risca el \u00eensu\u0219i pozi\u021bia, libertatea \u0219i chiar via\u021ba, doar pentru a salva alte \u0219i alte familii de evrei de la tragedia deport\u0103rii \u0219i a mor\u021bii. Merit\u0103 remarcat \u0219i faptul c\u0103, \u00een fabrica pe care o conducea Cornel Dumitrescu, evreii nu purtau infama \u201estea galben\u0103\u201d (\u201ea lui David\u201d), \u00een ciuda obligativit\u0103\u021bii instituite at\u00e2t pe teritoriul Reichului german, c\u00e2t \u0219i pe cel al \u021b\u0103rilor aliate acestuia (cazul rom\u00e2niei, p\u00e2n\u0103 la actul de la 23 august 1944).<\/h4>\n<h4 style=\"text-align: justify;\"><\/h4>\n<figure id=\"attachment_1855\" aria-describedby=\"caption-attachment-1855\" style=\"width: 245px\" class=\"wp-caption aligncenter\"><a href=\"http:\/\/www.desteptati-va.ro\/wp-content\/uploads\/2011\/05\/lista_de_plata.png\"><img loading=\"lazy\" decoding=\"async\" class=\"size-medium wp-image-1855\" title=\"Lista a angajatilor fabricii Tricotania\" src=\"http:\/\/www.desteptati-va.ro\/wp-content\/uploads\/2011\/05\/lista_de_plata-245x300.png\" alt=\"Lista a angajatilor fabricii Tricotania\" width=\"245\" height=\"300\"><\/a><figcaption id=\"caption-attachment-1855\" class=\"wp-caption-text\">Lista a angajatilor fabricii Tricotania<\/figcaption><\/figure>\n<h4 style=\"text-align: justify;\">Printre m\u0103rturiile pe care Florea Neagu le de\u021bine \u0219i \u0219e p\u0103streaz\u0103 cu sfin\u021benie \u00een arhiva sa, pentru a justifica cele de mai sus, se afl\u0103 o serie de \u0219tate de plat\u0103 ale fabricii Tricotania, pe care apare men\u021bionat\u0103, la rubrica \u201eoriginea etnic\u0103\u201d, \u00een numeroase r\u00e2nduri sintagma \u201eevreu\u201d, iar la rubrica \u201etaxe militare evrei\u201d apar nominalizate sumele pe care ssalaria\u021bii evrei cu v\u00e2rsta \u201e\u00eencorporabil\u0103\u201d le achitau pentru a nu intra sub arme.<\/h4>\n<h4 style=\"text-align: justify;\"><\/h4>\n<figure id=\"attachment_1856\" aria-describedby=\"caption-attachment-1856\" style=\"width: 210px\" class=\"wp-caption aligncenter\"><a href=\"http:\/\/www.desteptati-va.ro\/wp-content\/uploads\/2011\/05\/scrisoare_martha.png\"><img loading=\"lazy\" decoding=\"async\" class=\"size-medium wp-image-1856\" title=\"Scrisoarea Martei Hellreich\" src=\"http:\/\/www.desteptati-va.ro\/wp-content\/uploads\/2011\/05\/scrisoare_martha-210x300.png\" alt=\"Scrisoarea Martei Hellreich\" width=\"210\" height=\"300\"><\/a><figcaption id=\"caption-attachment-1856\" class=\"wp-caption-text\">Scrisoarea Martei Hellreich<\/figcaption><\/figure>\n<h4 style=\"text-align: justify;\">De asemenea, Florea Neagu p\u0103streaz\u0103 la loc de cinste o scrisoare primit\u0103 de la Marta Hellreich, una dintre evreicele salvate de la deportare \u0219i moarte, \u00eempreun\u0103 cu \u00eentreaga ei familie, prin simpa (vorba vine!) angajare la fabrica Tricotania de c\u0103tre Cornel Dumitrescu. <em>\u201eSubsemnata Marta Helldrich declar c\u0103 domnul Dumitrescu m-a salvat pe mine, pe so\u021bul \u0219i pe p\u0103rin\u021bii mei de la deportarea \u00een lag\u0103rul din Transnistria\u201d<\/em>, \u00ee\u0219i \u00eencepe scrisoarea b\u0103tr\u00e2na evreic\u0103, ur\u00e2ndu-I salvatorului ei s\u0103n\u0103tate, f\u0103r\u0103 a \u0219ti, din Israelul anului 2000, c\u0103 rom\u00e2nul Cornel Dumitrescu decedase \u00een 1976.<\/h4>\n<h4 style=\"text-align: justify;\"><strong>Sherlock Holmes<\/strong><\/h4>\n<h4 style=\"text-align: justify;\">Pentru a intra \u00een posesia unor documente cun sunt cele de mai sus men\u021bionate, precum \u0219i a altora, Florea Neagu nu a precupe\u021bit eforturi, timp \u0219i bani, umbl\u00e2nd ani de zile, pe cheltuiala proprie, prin arhivele de la Cern\u0103u\u021bi, Moscova \u0219i Bucure\u0219ti, \u00een c\u0103utarea actelor care s\u0103 scoat\u0103 la lumin\u0103 ceea ce acum poart\u0103 numele de \u201edosarul Cornel Dumitrescu\u201d. Eforturile sale sunt r\u0103spl\u0103tite nu financiar sau prin alte avantaje, ci doar prin singura recompens\u0103 pe care \u0219i-o dore\u0219te, \u0219i anume aceea de a afla adev\u0103rul \u0219i a-l aduce la cuno\u0219tin\u021ba tuturor. De altfel, \u00eentrebat despre cine suport\u0103 cheltuielile prilejuite de amplele cercet\u0103ri c\u0103rora \u0219i-a dedicat ani buni din via\u021b\u0103, Florea Neagu r\u0103spunde simplu: <em>\u201dEu le suport! Ce, nu merit\u0103?!.<\/em> Povestea lui este \u00eens\u0103 lafel de pasionant\u0103 ca \u0219i cea a celui care a fost Cornel Dumitrescu, a\u0219a c\u0103 v\u0103 invit\u0103m s\u0103 o parcurge\u021bi \u00een cele ce urmeaz\u0103.<\/h4>\n<h4 style=\"text-align: justify;\"><strong>Povestea \u201epove\u0219tii\u201d<\/strong><\/h4>\n<h4 style=\"text-align: justify;\">Povestea cercet\u0103rilor arhivistice ale lui Florea Neagu \u00ee\u0219i are originile \u00een anul 1965, c\u00e2nd, din postul de director al Institutului de Proiect\u0103ri Miniere (IPROMIN) Bucure\u0219ti, ia ini\u021biativa decern\u0103rii unor diplome \u0219i ordine celor mai buni dintre angaja\u021bii acestei unit\u0103\u021bi, cu prilejul \u00eemplinirii a 15 ani de la \u00eenfiin\u021barea ei. Alegerea \u201elaurea\u021bilor\u201d a fost f\u0103cut\u0103 cu mare grij\u0103, dovad\u0103 st\u00e2nd num\u0103rul de numai 30 din cei aproape 1000 de salaria\u021bi ai IPROMIN afla\u021bi pe list\u0103. Nu mic\u0103 i-a fost surpriza, \u00een aceste condi\u021bii, c\u00e2nd unul dintre angaja\u021bi, \u0219i anume Cornel Dumitrescu, pe atunci \u0219ef al serviciului Plan, a cerut s\u0103 fie \u201et\u0103iat\u201d de pe lista pe care al\u021bii ar fi dat mult s\u0103 ajung\u0103 (inclusiv pentru c\u0103 posesorii unor asemenea ordine erau beneficiari ai unor avantaje materiale deloc de neglijat \u2013 salariu mai mare, una sau dou\u0103 camere \u00een plus \u00een locuin\u021b\u0103 etc.; aminti\u021bi-v\u0103 c\u0103 \u201esuntem\u201d \u00een 1965!)\u2026 La insisten\u021bele sale, Cornel Dumitrescu consimte s\u0103 m\u0103rturiseasc\u0103 motivele care \u00eel determinau s\u0103 cear\u0103 t\u0103ierea de pe lista medalia\u021biilor.<\/h4>\n<h4 style=\"text-align: justify;\">\u201e<em>Cu mare dificultate, \u0219i numai pentru c\u0103 l-am chemat la birou \u00eentr-o zi de duminic\u0103, atunci c\u00e2nd nu mai era nimeni \u00een afara noastr\u0103 \u00een unitate, Cornel Dumitrescu mi-a m\u0103rturisit ceea ce, spunea el, nu mai \u0219tia nimeni \u00een afara sa. \u0218i anume, nici mai mult, nici mai pu\u021bin dec\u00e2t c\u0103 fusese anchetat ca \u0219i &lt;&lt;criminal de r\u0103zboi!&gt;&gt;. Mi-a spus c\u0103 acest lucru se petrecuse \u00een 1946, la scurt timp dup\u0103 r\u0103zboi, c\u00e2nd un general \u0219i un colonel sovietici (dup\u0103 uniforme) l-au interogat \u00een mai multe r\u00e2nduri cu privire la anii 1942-1944, \u00een care el a condus fabrica de textile Tricotania din Cern\u0103u\u021bi. Ulterior, ancheta s-a \u00eencheiat cu un NUP (&lt;&lt;Ne\u00eenceperea Urm\u0103ririi Penale&gt;&gt; &#8211; <\/em>n.r.<em>), pentru<\/em> <em>c\u0103 toate m\u0103rturiile verbale ale celor implica\u021bi \u00een cazul respectiv, precum \u0219i transcrierea a dou\u0103 emisiuni ale postului de radio BBC, ar\u0103tau, dimpotriv\u0103, faptul c\u0103 rom\u00e2nul Cornel Dumitrescu era salvatorul c\u00e2torva mii de evrei de la deportarea \u00een ghetourile \u0219i lag\u0103rele naziste, \u0219i nu criminalul de r\u0103zboi pe care \u00eel credeau anchetatorii la \u00eenceput\u201d, <\/em>poveste\u0219te Forea Neagu. El spune c\u0103 episodul, care nu merita ascuns, l-a f\u0103cut totu\u0219i pe Cornel Dumitrescu s\u0103 se fereasc\u0103 s\u0103 \u201eias\u0103 \u00een eviden\u021b\u0103\u201d, din grija de a nu I se interpreta \u00eentr-un mod infam \u201ecoperta\u201d dosarului s\u0103u din arhive, despre care era convins c\u0103 Securitatea avea cuno\u0219tin\u021b\u0103.<\/h4>\n<h4 style=\"text-align: justify;\"><em>\u201e&lt;&lt;\u0102\u0219tia trebuie s\u0103 \u0219tie de dosarul meu, dar probabil c\u0103 dac\u0103 \u00eel dezgroap\u0103, se vor mul\u021bumi cu titlul de pe copert\u0103, pe care scrie criminal de r\u0103zboi, \u0219i nu vor mai deschide dosarul ca s\u0103 vad\u0103 c\u0103 am fost achitat ca nevinovat. M\u0103 \u0219i v\u0103d sriitor de basculante la cariera de la Teliuc&gt;&gt;, \u00eemi spunea Cornel Dumitrescu\u201d<\/em>, poveste\u0219te mai departe Florea Neagu dialogul s\u0103u cu Cornel Dumitrescu. (Pentru cei mai tineri, trebuie s\u0103 spunem c\u0103 expresia &lt;&lt;scriitor de basculante la cariera de la Teliuc&gt;&gt; semnifica, plastic exprimat, sintagma de de\u021binut politic al anilor 60-70, c\u00e2nd Securitatea practica ridicarea de acas\u0103 a celor \u2013 chiar li numai \u2013 b\u0103nui\u021bi c\u0103 ar avea orient\u0103ri &lt;&lt;antidemocratice&gt;&gt; -n.a.) Directorul de atunci al IPROMIN Bucure\u0219ti a avut totu\u0219i t\u0103ria de caracter \u0219i inspira\u021bia de a nu-l t\u0103ia de pe lista celor eviden\u021bia\u021bi pe Cornel Dumitrescu, iar ordinul \u0219i medalia primite de acesta nu s-au soldat cu intrarea lui \u201e\u00een ochii\u201d Securit\u0103\u021bii, astfel \u00eenc\u00e2t nu a avut de suferit niciun fel de nepl\u0103ceri din partea acesteia.<\/h4>\n<h4 style=\"text-align: justify;\">Anii au trecut, \u00een 1976 Cornel Dumitrescu a \u00eenchis ochii pentru totdeauna, iar povestea sa a fi r\u0103mas cunoscut\u0103 doar de directorul de la IPROMIN, dac\u0103 acesta nu ar fi fost \u201est\u00e2rnit\u201d de filmul \u201eLista lui Schindler\u201d \u0219i mai ales de \u201ezgomotul mediatic \u0219i g\u00e2lceava din familia eroului de roman \u0219i film, nepotolite p\u00e2n\u0103 \u00een zilele din urm\u0103\u201d, cum se exprima Florea Neagu. El \u0219i-a amintit de ceea ce aflase \u00een 1965 de la fostul lui subaltern \u0219i a decis s\u0103 caute \u00een arhive \u0219i s\u0103 demonstreze, dac\u0103 poate, existen\u021ba unui \u201eSchindler rom\u00e2n\u201d\u2026<\/h4>\n<h4 style=\"text-align: justify;\"><strong>Final (aproape) deschis<\/strong><\/h4>\n<h4 style=\"text-align: justify;\">\u0218i, f\u0103r\u0103 a uita c\u0103 salvarea evreilor de la deportare de c\u0103tre Cornel Dumistrescu nu este un caz singular (a se vedea documentele referitoare la ceea ce a f\u0103cut, \u00een Ardealul de nord-vest, Raoul \u0218orban, sau altele similare), trebuie s\u0103 amintim de preconizata prezentare la Bucure\u0219ti a expozi\u021biei \u0219i \u201edosarului\u201d Cornel Dumitrescu, prev\u0103zut\u0103 ini\u021bial pentru finalul lui iulie, dar am\u00e2nat\u0103 f\u0103r\u0103 o dat\u0103 precis\u0103\u2026 Evenimentul \u201epic\u0103\u201d \u00eentr-o perioad\u0103 de foarte parinse dezbateri ale acestui subiect \u00een mediile politico-diplomatice \u0219i \u00een mass-media rom\u00e2ne\u0219ti \u0219i interna\u021bionale. De aceea ne ferim s\u0103 tragem concluzii, fie ele \u0219i mascate, prefer\u00e2nd mai degrab\u0103, s\u0103 consider\u0103m c\u0103 am lansat o invita\u021bie la dialog, \u00een virtutea faptului c\u0103 este mai bine mai t\u00e2rziu dec\u00e2t niciodat\u0103\u2026<\/h4>\n<h4 style=\"text-align: justify;\">\u0218i pentru ca finalul s\u0103 r\u0103m\u00e2n\u0103 \u201edeschis\u201d, Florea Neagu promite noi \u0219i noi surprize \u00een \u201edosarul Cornel Dumitrescu\u201d. Amintim doar c\u0103 acest Sherlock Holmes rom\u00e2n cerceteaz\u0103 arhivele portuare ale Constan\u021bei. El are indicii c\u0103 ar putea g\u0103si \u00eentre pasagerii din anii `42-`44, de pe ruta Constan\u021ba-Palestina, nume ale unor evrei afla\u021bi pe listele de angaja\u021bi ai Tricotaniei\u2026 Ceea ce este similar cu a spune despre Cornel Dumitrescu c\u0103 nu se limita la a-I angaja pe evrei pentru a-I salva de deportare, ci chiar le \u00eenlesnea \u201eevadarea\u201d din Rom\u00e2nia spre Palestina, pentru salvarea lor definitiv\u0103 din m\u00e2inile nazi\u0219tilor.<\/h4>\n<h4 style=\"text-align: justify;\"><strong>Cherchez la femme<\/strong><\/h4>\n<h4 style=\"text-align: justify;\">Cercet\u0103rile lui Florea Neagu nu s-au limitat doar la faptele argumentate \u0219i dovedite cu acte scrise, ci au mers mai departe, \u00een \u00eencercarea de a g\u0103si resorturile intime care l-au determinat pe Cornel Dumitrescu s\u0103 procedeze a\u0219a cum a f\u0103cut-o, salv\u00e2nd de la deportare \u0219i moarte peste 3600 de evrei, \u00eentr-o perioad\u0103 \u00een care acest lucru era mai mult dec\u00e2t riscant. Sigur c\u0103 investigarea domeniului la care ne referim acum \u0219i care a necesitat str\u00e2ngerea de m\u0103rturii orale, nu neap\u0103rat scrise, are doza de incertiturine inerent\u0103 acestui gen de cercet\u0103ri. Ele se bazeaz\u0103 \u00eens\u0103 (\u0219i) pe foarte aprofundata cunoa\u0219tere, de c\u0103tre Florea Neagu, a psihologiei umane \u00een general \u0219i a celei a lui Cornel Dumitrescu \u00een special. \u00cen acest context, cercet\u0103rile lui Florea Neagu au dat la iveal\u0103 o veritabil\u0103 \u201esurpriz\u0103\u201d.<\/h4>\n<h4 style=\"text-align: justify;\">Astfel, \u00een tinere\u021be, Cornel Dumitrescu (care original din Mehedin\u021bi, nu era evreu \u2013 n.r.) a fost \u00eendr\u0103gostit de o t\u00e2n\u0103r\u0103 evreic\u0103 de numai 14 ani, o adev\u0103rat\u0103 frumuse\u021be la vremea ei. Cu sprijinul regelui Carol al II-lea, care a acordat dispensa de v\u00e2rst\u0103 necesar\u0103, cei doi s-au c\u0103s\u0103torit \u0219i se arat\u0103 \u201ela orizont\u201d o poveste de dragoste foarte frumoas\u0103. Dar (inevitabilul \u201edar\u201d\u2026), mama fetei a reu\u0219it s\u0103-I despart\u0103 pe cei doi \u00eensur\u0103\u021bei, care au luat, la un an de c\u0103s\u0103torie, c\u0103i diferite \u00een via\u021b\u0103. Se pare \u00eens\u0103 c\u0103 dragostea pentru t\u00e2n\u0103ra evreic\u0103 a fost canalizat\u0103, \u00een sufletul lui Cornel Dumitrescu, \u00een cel mai fericit mod, spre eforturile de salvare a co-religionarilor acesteia, amenin\u021ba\u021bi cu exodul \u0219i cu moartea \u00een anii negri ai celui de-al doilea r\u0103zboi mondial\u2026<\/h4>\n<h4 style=\"text-align: justify;\"><strong>Mai r\u0103m\u00e2ne s\u0103 g\u0103sim un Spielberg\u2026<\/strong><\/h4>\n<h4 style=\"text-align: justify;\">F\u0103r\u0103 a dori s\u0103 comenteze sau s\u0103 dezbat\u0103 \u00een niciun fel existen\u021ba sau nonexisten\u021ba Holocaustului \u00een Rom\u00e2nia, Florea Neagu \u0219i-a fixat un \u021bel \u201emai modest\u201d (exprimarea \u00eei apar\u021bine). \u201eEu nu m\u0103 ocup de existen\u021ba sau nonexisten\u021ba fenomenului istoric cunoscut \u00eendeob\u0219te drept &lt;&lt;Holocaust&gt;&gt;. Nu sus\u021bin \u0219i nici nu combat Holocaustul, de\u0219i cunosc existen\u021ba ambelor curente, inclusiv \u00een r\u00e2ndul comunit\u0103\u021bii evreilor. Mi-am luat, cu de la mine putere, o sarcin\u0103 mult mai modest\u0103: s\u0103 prezint un caz, \u00een descriptorii s\u0103i evenimen\u021biali, faptici. M-a determinat la asta doar urm\u0103rirea, g\u0103sirea \u0219i publicarea adev\u0103rului. Interpretarea studiului de caz o las \u00een seama cititorilor\u201d, spune Florea Neagu.<\/h4>\n<h4 style=\"text-align: justify;\">Prezentarea \u201eprofesionist\u0103\u201d a cazului nu poate omite nici cifrele. \u00cen acest sens, merit\u0103 remarcat\u0103 statistica \u201eseac\u0103\u201d a num\u0103rului de angaja\u021bi ai Tricotaniei Cern\u0103u\u021bi din anii la care ne-am referit mai sus. \u00cen acest context, Florea Neagu arat\u0103 c\u0103, de exemplu, \u00een martie 1942, din cei 320 de angaja\u021bi ai fabricii de textile, nu mai pu\u021bin de 169 (peste jum\u0103tate) erau evrei. Propor\u021bia lor \u00een \u00eentreprindere a crescut, \u00een 1943, la 196 de persoane, aproape dou\u0103 treimi din totalul personalului salariat! Chiar \u0219i adjunctul lui Cornel Dumitrescu \u2013 un anume N. Winter \u2013 era evreu, ceea ce, pentru acei ani (1942-1943), nu \u00eensemna nici pe departe pu\u021bin lucru\u2026<\/h4>\n<h4 style=\"text-align: justify;\">Ce ar mai r\u0103m\u00e2ne de spus? Doar c\u0103, \u00een slug\u0103rnicia cu care se ploconesc Occidentului, autorit\u0103\u021bile rom\u00e2ne, care \u0219tiu de cazul Cornel Dumitrescu, prefer\u0103 totu\u0219i s\u0103-l ignore, pentru a accepta, \u00een locul imaginii date de acesta, pe aceea de \u021bar\u0103 \u00een care a avut loc un holocaust comparabil cu cel din Germania nazist\u0103. C\u00e2t \u201ebine\u201d face o asemenea pozi\u021bie Rom\u00e2niei, \u00een loc s\u0103 arate adev\u0103rata fa\u021b\u0103 a celor petrecute, r\u0103m\u00e2ne la aprecierea fiec\u0103ruia\u2026 Sau poate ar fi nevoie de un regizor celebru ca Steven Spielberg care s\u0103 fac\u0103 un film pe tema asta?<\/h4>\n<h4 style=\"text-align: justify;\"><em>Articol de Adrian Ardelean, publicat in revistea &#8222;Lumea&#8221; &#8211; An XIII Nr. 6 (158) 2006<\/em><\/h4>        <div class=\"booster-block booster-reactions-block\">\n            <div class=\"twp-reactions-icons\">\n                \n                <div class=\"twp-reacts-wrap\">\n                    <a react-data=\"be-react-1\" post-id=\"3800\" class=\"be-face-icons un-reacted\" href=\"javascript:void(0)\">\n                        <img decoding=\"async\" src=\"https:\/\/desteptati-va.ro\/wp-content\/plugins\/booster-extension\/\/assets\/icon\/happy.svg\" alt=\"Happy\">\n                    <\/a>\n                    <div class=\"twp-reaction-title\">\n                        Happy                    <\/div>\n                    <div class=\"twp-count-percent\">\n                                                    <span style=\"display: none;\" class=\"twp-react-count\">0<\/span>\n                        \n                                                <span class=\"twp-react-percent\"><span>0<\/span> %<\/span>\n                                            <\/div>\n                <\/div>\n\n                <div class=\"twp-reacts-wrap\">\n                    <a react-data=\"be-react-2\" post-id=\"3800\" class=\"be-face-icons un-reacted\" href=\"javascript:void(0)\">\n                        <img decoding=\"async\" src=\"https:\/\/desteptati-va.ro\/wp-content\/plugins\/booster-extension\/\/assets\/icon\/sad.svg\" alt=\"Sad\">\n                    <\/a>\n                    <div class=\"twp-reaction-title\">\n                        Sad                    <\/div>\n                    <div class=\"twp-count-percent\">\n                                                    <span style=\"display: none;\" class=\"twp-react-count\">0<\/span>\n                                                                        <span class=\"twp-react-percent\"><span>0<\/span> %<\/span>\n                                            <\/div>\n                <\/div>\n\n                <div class=\"twp-reacts-wrap\">\n                    <a react-data=\"be-react-3\" post-id=\"3800\" class=\"be-face-icons un-reacted\" href=\"javascript:void(0)\">\n                        <img decoding=\"async\" src=\"https:\/\/desteptati-va.ro\/wp-content\/plugins\/booster-extension\/\/assets\/icon\/excited.svg\" alt=\"Excited\">\n                    <\/a>\n                    <div class=\"twp-reaction-title\">\n                        Excited                    <\/div>\n                    <div class=\"twp-count-percent\">\n                                                    <span style=\"display: none;\" class=\"twp-react-count\">0<\/span>\n                                                                        <span class=\"twp-react-percent\"><span>0<\/span> %<\/span>\n                                            <\/div>\n                <\/div>\n\n                <div class=\"twp-reacts-wrap\">\n                    <a react-data=\"be-react-6\" post-id=\"3800\" class=\"be-face-icons un-reacted\" href=\"javascript:void(0)\">\n                        <img decoding=\"async\" src=\"https:\/\/desteptati-va.ro\/wp-content\/plugins\/booster-extension\/\/assets\/icon\/sleepy.svg\" alt=\"Sleepy\">\n                    <\/a>\n                    <div class=\"twp-reaction-title\">\n                        Sleepy                    <\/div>\n                    <div class=\"twp-count-percent\">\n                                                    <span style=\"display: none;\" class=\"twp-react-count\">0<\/span>\n                        \n                                                <span class=\"twp-react-percent\"><span>0<\/span> %<\/span>\n                                            <\/div>\n                <\/div>\n\n                <div class=\"twp-reacts-wrap\">\n                    <a react-data=\"be-react-4\" post-id=\"3800\" class=\"be-face-icons un-reacted\" href=\"javascript:void(0)\">\n                        <img decoding=\"async\" src=\"https:\/\/desteptati-va.ro\/wp-content\/plugins\/booster-extension\/\/assets\/icon\/angry.svg\" alt=\"Angry\">\n                    <\/a>\n                    <div class=\"twp-reaction-title\">Angry<\/div>\n                    <div class=\"twp-count-percent\">\n                                                    <span style=\"display: none;\" class=\"twp-react-count\">0<\/span>\n                                                                        <span class=\"twp-react-percent\"><span>0<\/span> %<\/span>\n                        \n                    <\/div>\n                <\/div>\n\n                <div class=\"twp-reacts-wrap\">\n                    <a react-data=\"be-react-5\" post-id=\"3800\" class=\"be-face-icons un-reacted\" href=\"javascript:void(0)\">\n                        <img decoding=\"async\" src=\"https:\/\/desteptati-va.ro\/wp-content\/plugins\/booster-extension\/\/assets\/icon\/surprise.svg\" alt=\"Surprise\">\n                    <\/a>\n                    <div class=\"twp-reaction-title\">Surprise<\/div>\n                    <div class=\"twp-count-percent\">\n                                                    <span style=\"display: none;\" class=\"twp-react-count\">0<\/span>\n                                                                        <span class=\"twp-react-percent\"><span>0<\/span> %<\/span>\n                                            <\/div>\n                <\/div>\n\n            <\/div>\n        <\/div>\n\n    <\/div>","protected":false},"excerpt":{"rendered":"<p>Ce ar mai fi de spus \u00een acest materia, limitat oricum la mult mai pu\u021bin dec\u00e2t ar fi meritat at\u00e2t<a href=\"https:\/\/desteptati-va.ro\/index.php\/2021\/04\/16\/un-roman-care-a-salvat-mii-de-evrei\/\">Read More<i class=\"fa fa-long-arrow-right\" aria-hidden=\"true\"><\/i><\/a><\/p>\n","protected":false},"author":1,"featured_media":4608,"comment_status":"open","ping_status":"open","sticky":false,"template":"","format":"standard","meta":{"_crdt_document":"","footnotes":""},"categories":[3,6],"tags":[925,926,927,59,60,725,282,928,283,929,286,930,931,281,932],"class_list":["post-3800","post","type-post","status-publish","format-standard","has-post-thumbnail","hentry","category-decembrie-89","category-istorii-nestiute","tag-cernauti","tag-cornel-dumitrescu","tag-deportare","tag-desteptati","tag-desteptati-va","tag-dosar","tag-evrei","tag-florea-neagu","tag-holocaust","tag-ipromin","tag-salvare","tag-schindler","tag-tricotania","tag-urss","tag-yad-vashem"],"rise-blocks_total_comments":1,"rise-blocks_categories":[{"term_id":6,"name":"Istorii nestiute","slug":"istorii-nestiute","term_group":0,"term_taxonomy_id":6,"taxonomy":"category","description":"","parent":3,"count":9,"filter":"raw"}],"rise-blocks_excerpt":"Ce ar mai fi de spus \u00een acest materia, limitat oricum la mult mai pu\u021bin dec\u00e2t ar fi meritat at\u00e2t Florea Neagu, \u201edetectiv prin colb de cronici\u201d, c\u00e2t mai ales Cornel Dumitrescu, acest \u201eSchindler al Rom\u00e2niei\u201d, probabil pe nedrept mai pu\u021bin celebru dec\u00e2t omologul sau german? Poate doar c\u0103 rezultatul laborioasei munci a lui Florea Neagu, de cercet\u0103ri prin arhivele..","yoast_head":"<!-- This site is optimized with the Yoast SEO plugin v26.9 - https:\/\/yoast.com\/product\/yoast-seo-wordpress\/ -->\r\n<title>Un rom\u00e2n care a salvat mii de evrei -<\/title>\r\n<meta name=\"robots\" content=\"index, follow, max-snippet:-1, max-image-preview:large, max-video-preview:-1\" \/>\r\n<link rel=\"canonical\" href=\"https:\/\/desteptati-va.ro\/index.php\/2021\/04\/16\/un-roman-care-a-salvat-mii-de-evrei\/\" \/>\r\n<meta property=\"og:locale\" content=\"ro_RO\" \/>\r\n<meta property=\"og:type\" content=\"article\" \/>\r\n<meta property=\"og:title\" content=\"Un rom\u00e2n care a salvat mii de evrei -\" \/>\r\n<meta property=\"og:description\" content=\"Ce ar mai fi de spus \u00een acest materia, limitat oricum la mult mai pu\u021bin dec\u00e2t ar fi meritat at\u00e2tRead More\" \/>\r\n<meta property=\"og:url\" content=\"https:\/\/desteptati-va.ro\/index.php\/2021\/04\/16\/un-roman-care-a-salvat-mii-de-evrei\/\" \/>\r\n<meta property=\"article:published_time\" content=\"2021-04-16T11:04:28+00:00\" \/>\r\n<meta property=\"article:modified_time\" content=\"2022-01-31T08:30:35+00:00\" \/>\r\n<meta property=\"og:image\" content=\"https:\/\/desteptati-va.ro\/wp-content\/uploads\/2021\/04\/roman.jpg\" \/>\r\n\t<meta property=\"og:image:width\" content=\"299\" \/>\r\n\t<meta property=\"og:image:height\" content=\"169\" \/>\r\n\t<meta property=\"og:image:type\" content=\"image\/jpeg\" \/>\r\n<meta name=\"author\" content=\"wolfsoftcompany\" \/>\r\n<meta name=\"twitter:card\" content=\"summary_large_image\" \/>\r\n<meta name=\"twitter:label1\" content=\"Scris de\" \/>\n\t<meta name=\"twitter:data1\" content=\"wolfsoftcompany\" \/>\n\t<meta name=\"twitter:label2\" content=\"Timp estimat pentru citire\" \/>\n\t<meta name=\"twitter:data2\" content=\"16 minute\" \/>\r\n<script type=\"application\/ld+json\" class=\"yoast-schema-graph\">{\"@context\":\"https:\/\/schema.org\",\"@graph\":[{\"@type\":\"Article\",\"@id\":\"https:\/\/desteptati-va.ro\/index.php\/2021\/04\/16\/un-roman-care-a-salvat-mii-de-evrei\/#article\",\"isPartOf\":{\"@id\":\"https:\/\/desteptati-va.ro\/index.php\/2021\/04\/16\/un-roman-care-a-salvat-mii-de-evrei\/\"},\"author\":{\"name\":\"wolfsoftcompany\",\"@id\":\"https:\/\/desteptati-va.ro\/#\/schema\/person\/13182deeebd44920914899f7bb262d6b\"},\"headline\":\"Un rom\u00e2n care a salvat mii de evrei\",\"datePublished\":\"2021-04-16T11:04:28+00:00\",\"dateModified\":\"2022-01-31T08:30:35+00:00\",\"mainEntityOfPage\":{\"@id\":\"https:\/\/desteptati-va.ro\/index.php\/2021\/04\/16\/un-roman-care-a-salvat-mii-de-evrei\/\"},\"wordCount\":3214,\"commentCount\":0,\"image\":{\"@id\":\"https:\/\/desteptati-va.ro\/index.php\/2021\/04\/16\/un-roman-care-a-salvat-mii-de-evrei\/#primaryimage\"},\"thumbnailUrl\":\"https:\/\/desteptati-va.ro\/wp-content\/uploads\/2021\/04\/roman.jpg\",\"keywords\":[\"Cernauti\",\"Cornel Dumitrescu\",\"deportare\",\"desteptati\",\"desteptati-va\",\"dosar\",\"evrei\",\"Florea Neagu\",\"Holocaust\",\"IPROMIN\",\"salvare\",\"Schindler\",\"Tricotania\",\"URSS\",\"Yad Vashem\"],\"articleSection\":[\"Decembrie 89\",\"Istorii nestiute\"],\"inLanguage\":\"ro-RO\",\"potentialAction\":[{\"@type\":\"CommentAction\",\"name\":\"Comment\",\"target\":[\"https:\/\/desteptati-va.ro\/index.php\/2021\/04\/16\/un-roman-care-a-salvat-mii-de-evrei\/#respond\"]}]},{\"@type\":\"WebPage\",\"@id\":\"https:\/\/desteptati-va.ro\/index.php\/2021\/04\/16\/un-roman-care-a-salvat-mii-de-evrei\/\",\"url\":\"https:\/\/desteptati-va.ro\/index.php\/2021\/04\/16\/un-roman-care-a-salvat-mii-de-evrei\/\",\"name\":\"Un rom\u00e2n care a salvat mii de evrei -\",\"isPartOf\":{\"@id\":\"https:\/\/desteptati-va.ro\/#website\"},\"primaryImageOfPage\":{\"@id\":\"https:\/\/desteptati-va.ro\/index.php\/2021\/04\/16\/un-roman-care-a-salvat-mii-de-evrei\/#primaryimage\"},\"image\":{\"@id\":\"https:\/\/desteptati-va.ro\/index.php\/2021\/04\/16\/un-roman-care-a-salvat-mii-de-evrei\/#primaryimage\"},\"thumbnailUrl\":\"https:\/\/desteptati-va.ro\/wp-content\/uploads\/2021\/04\/roman.jpg\",\"datePublished\":\"2021-04-16T11:04:28+00:00\",\"dateModified\":\"2022-01-31T08:30:35+00:00\",\"author\":{\"@id\":\"https:\/\/desteptati-va.ro\/#\/schema\/person\/13182deeebd44920914899f7bb262d6b\"},\"breadcrumb\":{\"@id\":\"https:\/\/desteptati-va.ro\/index.php\/2021\/04\/16\/un-roman-care-a-salvat-mii-de-evrei\/#breadcrumb\"},\"inLanguage\":\"ro-RO\",\"potentialAction\":[{\"@type\":\"ReadAction\",\"target\":[\"https:\/\/desteptati-va.ro\/index.php\/2021\/04\/16\/un-roman-care-a-salvat-mii-de-evrei\/\"]}]},{\"@type\":\"ImageObject\",\"inLanguage\":\"ro-RO\",\"@id\":\"https:\/\/desteptati-va.ro\/index.php\/2021\/04\/16\/un-roman-care-a-salvat-mii-de-evrei\/#primaryimage\",\"url\":\"https:\/\/desteptati-va.ro\/wp-content\/uploads\/2021\/04\/roman.jpg\",\"contentUrl\":\"https:\/\/desteptati-va.ro\/wp-content\/uploads\/2021\/04\/roman.jpg\",\"width\":299,\"height\":169},{\"@type\":\"BreadcrumbList\",\"@id\":\"https:\/\/desteptati-va.ro\/index.php\/2021\/04\/16\/un-roman-care-a-salvat-mii-de-evrei\/#breadcrumb\",\"itemListElement\":[{\"@type\":\"ListItem\",\"position\":1,\"name\":\"Prima pagin\u0103\",\"item\":\"https:\/\/desteptati-va.ro\/\"},{\"@type\":\"ListItem\",\"position\":2,\"name\":\"Un rom\u00e2n care a salvat mii de evrei\"}]},{\"@type\":\"WebSite\",\"@id\":\"https:\/\/desteptati-va.ro\/#website\",\"url\":\"https:\/\/desteptati-va.ro\/\",\"name\":\"\",\"description\":\"\",\"potentialAction\":[{\"@type\":\"SearchAction\",\"target\":{\"@type\":\"EntryPoint\",\"urlTemplate\":\"https:\/\/desteptati-va.ro\/?s={search_term_string}\"},\"query-input\":{\"@type\":\"PropertyValueSpecification\",\"valueRequired\":true,\"valueName\":\"search_term_string\"}}],\"inLanguage\":\"ro-RO\"},{\"@type\":\"Person\",\"@id\":\"https:\/\/desteptati-va.ro\/#\/schema\/person\/13182deeebd44920914899f7bb262d6b\",\"name\":\"wolfsoftcompany\",\"image\":{\"@type\":\"ImageObject\",\"inLanguage\":\"ro-RO\",\"@id\":\"https:\/\/desteptati-va.ro\/#\/schema\/person\/image\/\",\"url\":\"https:\/\/secure.gravatar.com\/avatar\/a6cce9b6d101d27d91690e7073e300fed94c0899890bf998e082cb9d2c3d121e?s=96&d=mm&r=g\",\"contentUrl\":\"https:\/\/secure.gravatar.com\/avatar\/a6cce9b6d101d27d91690e7073e300fed94c0899890bf998e082cb9d2c3d121e?s=96&d=mm&r=g\",\"caption\":\"wolfsoftcompany\"},\"sameAs\":[\"http:\/\/desteptati-va.ro\"],\"url\":\"https:\/\/desteptati-va.ro\/index.php\/author\/wolfsoftcompany\/\"}]}<\/script>\r\n<!-- \/ Yoast SEO plugin. -->","yoast_head_json":{"title":"Un rom\u00e2n care a salvat mii de evrei -","robots":{"index":"index","follow":"follow","max-snippet":"max-snippet:-1","max-image-preview":"max-image-preview:large","max-video-preview":"max-video-preview:-1"},"canonical":"https:\/\/desteptati-va.ro\/index.php\/2021\/04\/16\/un-roman-care-a-salvat-mii-de-evrei\/","og_locale":"ro_RO","og_type":"article","og_title":"Un rom\u00e2n care a salvat mii de evrei -","og_description":"Ce ar mai fi de spus \u00een acest materia, limitat oricum la mult mai pu\u021bin dec\u00e2t ar fi meritat at\u00e2tRead More","og_url":"https:\/\/desteptati-va.ro\/index.php\/2021\/04\/16\/un-roman-care-a-salvat-mii-de-evrei\/","article_published_time":"2021-04-16T11:04:28+00:00","article_modified_time":"2022-01-31T08:30:35+00:00","og_image":[{"width":299,"height":169,"url":"https:\/\/desteptati-va.ro\/wp-content\/uploads\/2021\/04\/roman.jpg","type":"image\/jpeg"}],"author":"wolfsoftcompany","twitter_card":"summary_large_image","twitter_misc":{"Scris de":"wolfsoftcompany","Timp estimat pentru citire":"16 minute"},"schema":{"@context":"https:\/\/schema.org","@graph":[{"@type":"Article","@id":"https:\/\/desteptati-va.ro\/index.php\/2021\/04\/16\/un-roman-care-a-salvat-mii-de-evrei\/#article","isPartOf":{"@id":"https:\/\/desteptati-va.ro\/index.php\/2021\/04\/16\/un-roman-care-a-salvat-mii-de-evrei\/"},"author":{"name":"wolfsoftcompany","@id":"https:\/\/desteptati-va.ro\/#\/schema\/person\/13182deeebd44920914899f7bb262d6b"},"headline":"Un rom\u00e2n care a salvat mii de evrei","datePublished":"2021-04-16T11:04:28+00:00","dateModified":"2022-01-31T08:30:35+00:00","mainEntityOfPage":{"@id":"https:\/\/desteptati-va.ro\/index.php\/2021\/04\/16\/un-roman-care-a-salvat-mii-de-evrei\/"},"wordCount":3214,"commentCount":0,"image":{"@id":"https:\/\/desteptati-va.ro\/index.php\/2021\/04\/16\/un-roman-care-a-salvat-mii-de-evrei\/#primaryimage"},"thumbnailUrl":"https:\/\/desteptati-va.ro\/wp-content\/uploads\/2021\/04\/roman.jpg","keywords":["Cernauti","Cornel Dumitrescu","deportare","desteptati","desteptati-va","dosar","evrei","Florea Neagu","Holocaust","IPROMIN","salvare","Schindler","Tricotania","URSS","Yad Vashem"],"articleSection":["Decembrie 89","Istorii nestiute"],"inLanguage":"ro-RO","potentialAction":[{"@type":"CommentAction","name":"Comment","target":["https:\/\/desteptati-va.ro\/index.php\/2021\/04\/16\/un-roman-care-a-salvat-mii-de-evrei\/#respond"]}]},{"@type":"WebPage","@id":"https:\/\/desteptati-va.ro\/index.php\/2021\/04\/16\/un-roman-care-a-salvat-mii-de-evrei\/","url":"https:\/\/desteptati-va.ro\/index.php\/2021\/04\/16\/un-roman-care-a-salvat-mii-de-evrei\/","name":"Un rom\u00e2n care a salvat mii de evrei -","isPartOf":{"@id":"https:\/\/desteptati-va.ro\/#website"},"primaryImageOfPage":{"@id":"https:\/\/desteptati-va.ro\/index.php\/2021\/04\/16\/un-roman-care-a-salvat-mii-de-evrei\/#primaryimage"},"image":{"@id":"https:\/\/desteptati-va.ro\/index.php\/2021\/04\/16\/un-roman-care-a-salvat-mii-de-evrei\/#primaryimage"},"thumbnailUrl":"https:\/\/desteptati-va.ro\/wp-content\/uploads\/2021\/04\/roman.jpg","datePublished":"2021-04-16T11:04:28+00:00","dateModified":"2022-01-31T08:30:35+00:00","author":{"@id":"https:\/\/desteptati-va.ro\/#\/schema\/person\/13182deeebd44920914899f7bb262d6b"},"breadcrumb":{"@id":"https:\/\/desteptati-va.ro\/index.php\/2021\/04\/16\/un-roman-care-a-salvat-mii-de-evrei\/#breadcrumb"},"inLanguage":"ro-RO","potentialAction":[{"@type":"ReadAction","target":["https:\/\/desteptati-va.ro\/index.php\/2021\/04\/16\/un-roman-care-a-salvat-mii-de-evrei\/"]}]},{"@type":"ImageObject","inLanguage":"ro-RO","@id":"https:\/\/desteptati-va.ro\/index.php\/2021\/04\/16\/un-roman-care-a-salvat-mii-de-evrei\/#primaryimage","url":"https:\/\/desteptati-va.ro\/wp-content\/uploads\/2021\/04\/roman.jpg","contentUrl":"https:\/\/desteptati-va.ro\/wp-content\/uploads\/2021\/04\/roman.jpg","width":299,"height":169},{"@type":"BreadcrumbList","@id":"https:\/\/desteptati-va.ro\/index.php\/2021\/04\/16\/un-roman-care-a-salvat-mii-de-evrei\/#breadcrumb","itemListElement":[{"@type":"ListItem","position":1,"name":"Prima pagin\u0103","item":"https:\/\/desteptati-va.ro\/"},{"@type":"ListItem","position":2,"name":"Un rom\u00e2n care a salvat mii de evrei"}]},{"@type":"WebSite","@id":"https:\/\/desteptati-va.ro\/#website","url":"https:\/\/desteptati-va.ro\/","name":"","description":"","potentialAction":[{"@type":"SearchAction","target":{"@type":"EntryPoint","urlTemplate":"https:\/\/desteptati-va.ro\/?s={search_term_string}"},"query-input":{"@type":"PropertyValueSpecification","valueRequired":true,"valueName":"search_term_string"}}],"inLanguage":"ro-RO"},{"@type":"Person","@id":"https:\/\/desteptati-va.ro\/#\/schema\/person\/13182deeebd44920914899f7bb262d6b","name":"wolfsoftcompany","image":{"@type":"ImageObject","inLanguage":"ro-RO","@id":"https:\/\/desteptati-va.ro\/#\/schema\/person\/image\/","url":"https:\/\/secure.gravatar.com\/avatar\/a6cce9b6d101d27d91690e7073e300fed94c0899890bf998e082cb9d2c3d121e?s=96&d=mm&r=g","contentUrl":"https:\/\/secure.gravatar.com\/avatar\/a6cce9b6d101d27d91690e7073e300fed94c0899890bf998e082cb9d2c3d121e?s=96&d=mm&r=g","caption":"wolfsoftcompany"},"sameAs":["http:\/\/desteptati-va.ro"],"url":"https:\/\/desteptati-va.ro\/index.php\/author\/wolfsoftcompany\/"}]}},"_links":{"self":[{"href":"https:\/\/desteptati-va.ro\/index.php\/wp-json\/wp\/v2\/posts\/3800","targetHints":{"allow":["GET"]}}],"collection":[{"href":"https:\/\/desteptati-va.ro\/index.php\/wp-json\/wp\/v2\/posts"}],"about":[{"href":"https:\/\/desteptati-va.ro\/index.php\/wp-json\/wp\/v2\/types\/post"}],"author":[{"embeddable":true,"href":"https:\/\/desteptati-va.ro\/index.php\/wp-json\/wp\/v2\/users\/1"}],"replies":[{"embeddable":true,"href":"https:\/\/desteptati-va.ro\/index.php\/wp-json\/wp\/v2\/comments?post=3800"}],"version-history":[{"count":2,"href":"https:\/\/desteptati-va.ro\/index.php\/wp-json\/wp\/v2\/posts\/3800\/revisions"}],"predecessor-version":[{"id":4609,"href":"https:\/\/desteptati-va.ro\/index.php\/wp-json\/wp\/v2\/posts\/3800\/revisions\/4609"}],"wp:featuredmedia":[{"embeddable":true,"href":"https:\/\/desteptati-va.ro\/index.php\/wp-json\/wp\/v2\/media\/4608"}],"wp:attachment":[{"href":"https:\/\/desteptati-va.ro\/index.php\/wp-json\/wp\/v2\/media?parent=3800"}],"wp:term":[{"taxonomy":"category","embeddable":true,"href":"https:\/\/desteptati-va.ro\/index.php\/wp-json\/wp\/v2\/categories?post=3800"},{"taxonomy":"post_tag","embeddable":true,"href":"https:\/\/desteptati-va.ro\/index.php\/wp-json\/wp\/v2\/tags?post=3800"}],"curies":[{"name":"wp","href":"https:\/\/api.w.org\/{rel}","templated":true}]}}