{"id":3803,"date":"2021-04-16T11:06:37","date_gmt":"2021-04-16T11:06:37","guid":{"rendered":"http:\/\/desteptati.ro\/?p=3803"},"modified":"2022-01-31T10:28:25","modified_gmt":"2022-01-31T08:28:25","slug":"anti-romanismul-subventionat-de-statul-roman","status":"publish","type":"post","link":"https:\/\/desteptati-va.ro\/index.php\/2021\/04\/16\/anti-romanismul-subventionat-de-statul-roman\/","title":{"rendered":"Anti-romanismul subven\u0163ionat de Statul Roman"},"content":{"rendered":"<div class=\"post-content\"><div class='booster-block booster-read-block'>\n                <div class=\"twp-read-time\">\n                \t<i class=\"booster-icon twp-clock\"><\/i> <span>Read Time:<\/span>18 Minute, 48 Second                <\/div>\n\n            <\/div><h4 style=\"text-align: justify;\">\u201eE timpul s\u0103 spunem r\u0103spicat c\u0103 i-am ajutat pe evrei s\u0103 nu fie extermina\u0163i! Evreii ne sunt datori. Dar nu le cerem dec\u00e2t s\u0103 recunoasc\u0103 adev\u0103rul!\u201d (Emil Cioran)<\/h4>\n<h4 style=\"text-align: justify;\">\u00cen revista \u201eCadran politic\u201d, anul VII, nr. 65-66 din aprilie-martie 2009, sunt publicate c\u00e2teva fragmente din interviul dat de Emil Cioran \u00een 1988, la Paris, dlui Ion Deaconescu. Inutil s\u0103 mai spunem ceva despre valoarea acestui document, mai degrab\u0103 l-a\u015f felicita pe autor pentru reu\u015fita de a-i lua un interviu marelui \u00eensingurat de la Paris. Adev\u0103rul este c\u0103 Cioran face figura schimnicului din inima Parisului, mul\u0163i a\u015fa \u00eel v\u0103d, iar aceast\u0103 imagine a unui Cioran greu de abordat pentru un interviu pare s\u0103 fie imaginea curent\u0103 aflat\u0103 \u00een circula\u0163ie. \u00cen realitate, cel pu\u0163in din partea subsemnatului vorbind, e de rev\u0103zut \u015fi de retu\u015fat aceast\u0103 poz\u0103. Am stat de trei ori de vorb\u0103 cu Emil Cioran, \u00een fiecare dintre vacan\u0163ele mele pariziene de dinainte de 1990, \u015fi nu mi-a fost deloc greu s\u0103 ob\u0163in \u00eentrevederea solicitat\u0103. E drept c\u0103 am uzat de un passepartout care mi-a deschis la Paris multe u\u015fi: eram un fel de mesager al lui Petre \u0162u\u0163ea. Cred c\u0103 am povestit ce era mai interesant despre aceste discu\u0163ii \u00een cartea Marele Manipulator \u015fi asasinarea lui Nicolae Iorga, Nicolae Ceau\u015fescu \u015fi Ioan Petru Culianu.<\/h4>\n<h4 style=\"text-align: justify;\">Textul publicat de dl Ioan Deaconescu \u00eemi ofer\u0103 acum posibilitatea de a reveni, cu preciz\u0103ri \u015fi comentarii mai ap\u0103sate. M\u0103 invit\u0103 la acest remember \u00eendeosebi fragmentul urm\u0103tor din acest interviu care, sunt convins, va face istorie:<\/h4>\n<h4 style=\"text-align: justify;\">Ion Deaconescu: \u015ei totu\u015fi ce ar trebui f\u0103cut ca Rom\u00e2nia s\u0103 nu cad\u0103 din timp, acum, la \u00eentret\u0103ierea dintre milenii?<\/h4>\n<h4 style=\"text-align: justify;\">Emil Cioran: \u201cS\u0103 nu mai fim parazi\u0163ii unor glorii desuete. S\u0103 nu mai vorbim de idealuri, ci s\u0103 edific\u0103m istoria propriei noastre identit\u0103\u0163i. (\u2026) \u015ei \u00eenc\u0103 ceva important: s\u0103 rezolv\u0103m cazul evreilor din cel de al doilea r\u0103zboi mondial. E timpul s\u0103 spunem r\u0103spicat c\u0103 nu am fost barbari. C\u0103 i-am ajutat pe evrei s\u0103 nu fie decima\u0163i. Trebuie s\u0103 scriem c\u0103r\u0163i, s\u0103 lu\u0103m leg\u0103tura cu cei care ne def\u0103imeaz\u0103 \u00een leg\u0103tur\u0103 cu acest subiect. Evreii ne sunt datori. Dar nu le cerem nimic. S\u0103 recunoasc\u0103 doar adev\u0103rul. Dac\u0103 se va \u00een\u0163elege exact pozi\u0163ia Rom\u00e2niei \u00een anii patruzeci, vom sta cu fruntea sus. Dac\u0103 nu, vom fi culpabiliza\u0163i mereu, cu efecte \u00eengrozitoare.\u201d<\/h4>\n<h4 style=\"text-align: justify;\">A\u015fadar, zice Emil Cioran, e timpul s\u0103 spunem r\u0103spicat adev\u0103rul, adev\u0103rul c\u0103 nu am fost barbari \u015fi nu am participat la exterminarea evreilor, la care ne invitase insistent Hitler, ci dimpotriv\u0103, i-am ajutat pe evrei s\u0103 se salveze, pe acei evrei a c\u0103ror soart\u0103 a depins c\u00e2t de c\u00e2t de noi! Drept care, consider\u0103 Emil Cioran, \u00een acord cu bunul sim\u0163 cel mai comun, evreii ar trebui s\u0103 se simt\u0103 datori fa\u0163\u0103 de rom\u00e2ni! Iar nu s\u0103 ne def\u0103imeze pe toate drumurile!<\/h4>\n<h4 style=\"text-align: justify;\">Iat\u0103 \u00eens\u0103 c\u0103 evreii nu se simt datori! Iat\u0103-i c\u0103 nu sunt \u00een stare s\u0103 tr\u0103iasc\u0103 starea de normalitate a fiin\u0163ei umane! Recuno\u015ftin\u0163a este o povar\u0103 prea grea pentru evrei! E mult mai profitabil ca din debitor s\u0103 te transformi \u00een creditor! De ce s\u0103 fie dumnealor datori la rom\u00e2ni, c\u00e2nd i-ar putea scoate pe rom\u00e2ni datori \u015fi vinova\u0163i fa\u0163\u0103 de evrei?! A\u015fa se vor fi g\u00e2ndit acei evrei despre care Cioran spune c\u0103 \u201ene def\u0103imeaz\u0103 \u00een leg\u0103tur\u0103 cu acest subiect\u201d, subiectul fiind holocaustul din Rom\u00e2nia. N-a fost holocaust \u00een Rom\u00e2nia? S\u0103 fie ei s\u0103n\u0103to\u015fi rom\u00e2nii, c\u0103 le invent\u0103m noi un holocaust s\u0103 nu-l poat\u0103 duce! C\u0103ci doar asta este menirea presei libere, a mass mediei interna\u0163ionale!\u2026<\/h4>\n<h4 style=\"text-align: justify;\">Cioran, care a scris o mul\u0163ime de lucruri deosebit de interesante \u015fi de \u201epozitive\u201d despre evrei, care, deci, \u00eei cunoa\u015fte bine pe evrei, nu se mir\u0103 \u015fi nici indignat nu pare de aceast\u0103 manevr\u0103 mizerabil\u0103, ci ne \u00eendeamn\u0103 pe noi, rom\u00e2nii, \u201es\u0103 lu\u0103m leg\u0103tura cu cei care ne def\u0103imeaz\u0103\u201d, nu este clar \u00een ce scop! Noi \u00eens\u0103, adic\u0103 rom\u00e2nii care \u015ftim c\u0103 \u00een Rom\u00e2nia nu a fost nici urm\u0103 de holocaust, chiar a\u015fa am f\u0103cut: am luat leg\u0103tura \u201ecu cei care ne def\u0103imeaz\u0103\u201d \u015fi am \u00eencercat s\u0103 angaj\u0103m un dialog, o confruntare senin\u0103 a argumentelor. Din p\u0103cate nu am putut men\u0163ine \u201eleg\u0103tura\u201d, c\u0103ci nici unul dintre preopinen\u0163ii def\u0103im\u0103tori nu a vrut s\u0103 r\u0103spund\u0103 la dovezile noastre, consider\u00e2nd c\u0103 simplul fapt de a nu le accepta acuza\u0163iile \u00eei jigne\u015fte pe ei, pe acuzatori, dup\u0103 o logic\u0103 imposibil de \u00eemp\u0103cat cu un comportament ra\u0163ional \u015fi onest\u2026<\/h4>\n<h4 style=\"text-align: justify;\">Oare la fel vor proceda \u015fi cu declara\u0163ia lui Cioran, declara\u0163ie at\u00e2t de net\u0103, de neechivoc\u0103, a marelui Cioran?! Nu le va fi u\u015for celor \u201ecare ne def\u0103imeaz\u0103\u201d s\u0103 se fac\u0103 din nou c\u0103 plou\u0103!<\/h4>\n<h4 style=\"text-align: justify;\">\u2026Da, sunt convins c\u0103 ne afl\u0103m \u00een fa\u0163a unei declara\u0163ii decisive pentru discu\u0163ia care se poart\u0103 pe tema holocaustului din Rom\u00e2nia. Nu este prima oar\u0103 c\u00e2nd tr\u0103iesc acest sentiment, ceea ce dovede\u015fte c\u00e2t de mult m-am \u00een\u015felat de fiecare dat\u0103 c\u00e2nd am crezut c\u0103 eviden\u0163a ar avea vreo for\u0163\u0103 de convingere, ar clinti pe cineva din ceea ce crede sau crede c\u0103 \u015ftie.<\/h4>\n<h4 style=\"text-align: justify;\">Dar cred, simt c\u0103 pic\u0103tura ad\u0103ugat\u0103 de Cioran face s\u0103 se reverse paharul r\u0103bd\u0103rii noastre. Desfid pe omul onest care, convins p\u00e2n\u0103 acum de teza holocaustului din Rom\u00e2nia \u015fi lu\u00e2nd acum cuno\u015ftin\u0163\u0103 de declara\u0163ia lui Emil Cioran, nu va cere sau m\u0103car nu va accepta reexaminarea probelor invocate \u00een aceast\u0103 disput\u0103. C\u0103ci nu cerem mai mult dec\u00e2t at\u00e2t: un examen corect \u015fi cinstit al argumentelor. C\u00e2nd spun \u201ecorect\u201d am \u00een vedere regulile cercet\u0103rii \u015ftiin\u0163ifice, ale ra\u0163ionamentului deductiv, iar c\u00e2nd spun \u201ecinstit\u201d m\u0103 g\u00e2ndesc la capacitatea de a recunoa\u015fte c\u0103 ai gre\u015fit atunci c\u00e2nd sensul evident al faptelor \u015fi al argumentelor te contrazice. Cine nu va purcede nici m\u0103car acum la revizuirea condamn\u0103rii noastre pentru un genocid at\u00e2t de contestat \u015fi imposibil de dovedit \u00een fa\u0163a justi\u0163iei \u015fi a istoriei, contestat, iat\u0103, \u015fi de Emil Cioran, nu merit\u0103 s\u0103-\u015fi mai zic\u0103 intelectual, om cu idei \u015fi convingeri judicios edificate, nu merit\u0103 s\u0103-\u015fi mai zic\u0103 om \u2013 evreu sau rom\u00e2n etc.!<\/h4>\n<h4 style=\"text-align: justify;\">\u2026S\u0103 revenim la text! Nu cunosc interviul \u00een \u00eentregime ca s\u0103-mi dau seama de eventuale conexiuni cu alte declara\u0163ii ale lui Cioran. Avem tot timpul s-o facem mai t\u00e2rziu, c\u0103ci este vorba \u2013 cum spuneam, de un text care va st\u00e2rni nenum\u0103rate comentarii. R\u00e2ndurile de fa\u0163\u0103 nu urm\u0103resc dec\u00e2t s\u0103 lanseze aceste discu\u0163ii \u015fi s\u0103 constate, cu o satisfac\u0163ie deplin\u0103, imposibil de ascuns, o satisfac\u0163ie pe care o fac public\u0103, satisfac\u0163ia c\u0103 la lista nesf\u00e2r\u015fit\u0103 de nega\u0163ioni\u015fti ai holocaustului din Rom\u00e2nia se adaug\u0103 acum numele unui mare \u015fi deosebit reprezentant al speciei om, care el singur este mai conving\u0103tor, mai impozant, dec\u00e2t laolalt\u0103 to\u0163i cei care intr\u0103 \u00een corul detractorilor neamului rom\u00e2nesc, acuz\u00e2ndu-ne pe noi, \u201ebl\u00e2ndul popor rom\u00e2n\u201d, de crima cea mai nemernic\u0103: genocidul.<\/h4>\n<h4 style=\"text-align: justify;\">Nu numai c\u0103 nu l-am comis, c\u0103 nu am ucis evrei, dar at\u00e2t c\u00e2t ne-am implicat \u00een istoria evreimii am f\u0103cut-o mereu ca binef\u0103c\u0103tori, iar \u00een anii \u201epatruzeci\u201d ca salvatori ai evreilor. Evreii \u2013 au mai spus-o \u015fi al\u0163ii, dar acum o spune \u015fi marele Cioran, evreii ne sunt datori cu recuno\u015ftin\u0163a lor \u015fi nu sunt pu\u0163ini evreii care au recunoscut aceast\u0103 datorie de onoare \u015fi de omenie.<\/h4>\n<h4 style=\"text-align: justify;\">Numai c\u0103 dinspre evrei se aude cel mai tare corul \u201ejidanilor\u201d, adic\u0103 al evreilor ne-evrei, care au inventat stratagema, at\u00e2t de tic\u0103loas\u0103, c\u0103 este mult mai profitabil s\u0103-l acuzi \u00een primul r\u00e2nd pe cel care te-a ajutat \u015fi chiar te-a salvat, c\u0103 \u00een loc de recompensa pe care ar putea s\u0103 \u0163i-o cear\u0103, e mai cusher s\u0103 i-o iei \u00eenainte \u015fi s\u0103-l acuzi tu pe binef\u0103c\u0103tor c\u0103 a f\u0103cut echip\u0103 cu cel, cei care te-au chiar belit! Te-au genocis \u015fi holocaustizat! Astfel c\u0103 la ceasul aritmeticii finale tu, evreu \u015fmecher foc, nu vei avea nimic de dat, ci vei putea cere \u015fi ob\u0163ine desp\u0103gubiri \u00eenc\u0103 \u015fi mai mari, nu numai de la prigonitorii uciga\u015fi, ci \u015fi de la cei care \u0163i-au s\u0103rit \u00een ajutor! Treaba lor dac\u0103 au fost pro\u015fti \u015fi nu s-au \u00eengrijit s\u0103 se acopere cu toate actele doveditoare posibile! Cu toate certificatele de bun\u0103 purtare!<\/h4>\n<h4 style=\"text-align: justify;\">E riscul lor dac\u0103 nu dau multe parale pe justi\u0163ia omeneasc\u0103, palpabil\u0103, \u015fi se las\u0103 pe m\u00e2na justi\u0163iei divine, at\u00e2t de ipotetic\u0103! S\u0103-\u015fi cear\u0103 dreptatea la Judecata de Apoi, adic\u0103, \u00een termeni precre\u015ftini, la calendele grece\u015fti! Cine-i pune pe rom\u00e2nii \u0103\u015ftia imbecili s\u0103 cread\u0103 \u00een via\u0163a de apoi, \u00een justi\u0163ia \u015fi dreptatea lui Dumnezeu?! Dumnezeu? Care Dumnezeu? \u0102la inventat de noi? S\u0103 fim serio\u015fi \u015fi s\u0103 nu ne fur\u0103m singuri c\u0103ciula!\u2026 Nu exist\u0103 plat\u0103 \u015fi r\u0103splat\u0103 dec\u00e2t aici, pe p\u0103m\u00e2nt!\u2026 Iar cine-i prost \u015fi crede altfel, s\u0103 pl\u0103teasc\u0103!\u2026 C\u0103 are cui! Taxa pe prostie noi am inventat-o! La noi ajunge!\u2026<\/h4>\n<h4 style=\"text-align: justify;\">Pun aici cap\u0103t, deocamdat\u0103, altor comentarii care b\u00e2ntuie prin creiera\u015fii mei. Deocamdat\u0103 cred c\u0103 este mult mai \u2026productiv \u2013 horribile dictu, s\u0103 fac c\u00e2teva conexiuni, conexiuni \u00eentre acest magnific interviu si ce am scris eu sau \u00eemi mai aduc amine despre discu\u0163iile cu Cioran, purtate \u00een vara lui 1984 la telefon, iar \u00een 1986 \u015fi 1988 fa\u0163\u0103 c\u0103tre fa\u0163\u0103. La prima discu\u0163ie nu s-a spus nimic despre evrei. Mai mult de o jum\u0103tate de ceas Cioran mi-a vorbit numai despre Petre \u0162u\u0163ea\u2026 Regret \u015fi azi c\u0103 nu m-am priceput s\u0103 pun \u00een func\u0163iune instala\u0163ia gazdei mele, Victor Smatoc, de \u00eenregistrare a convorbirilor telefonice purtate de la acel aparat. Doamne, ce l-a mai l\u0103udat Cioran pe \u0162u\u0163ea, pe ideea c\u0103 era altceva dec\u00e2t to\u0163i ceilal\u0163i, c\u0103 le era ca un fel de cenzor suprem din interiorul genera\u0163iei, Nae Ionescu fiind din alt\u0103 genera\u0163ie, a dasc\u0103lilor, mentor necontestat. \u0162ineau cu to\u0163ii s\u0103-i \u015ftie p\u0103rerea \u015fi \u00ee\u015fi validau ideile numai dup\u0103 ce le discutau cu \u201ePetrache\u201d.<\/h4>\n<h4 style=\"text-align: justify;\">C\u0103ci Petrache avea un ascendent asupra celorlal\u0163i: nu scria! (sic!) Nu sacrificase actul g\u00e2ndirii pentru actul consemn\u0103rii prin cuvinte a g\u00e2ndului oprit din zborul s\u0103u lin, planat\u2026 C\u00e2t s-a mai nec\u0103jit Cioran c\u00e2nd a aflat c\u0103 i-am adus un text semnat de \u0162u\u0163ea (cu pseudonimul Boteanu), publicat \u00eentr-un almanah literar\u2026 Deci cedase! Se apucase de scris!\u2026<\/h4>\n<h4 style=\"text-align: justify;\">La a doua \u00eent\u00e2lnire, \u00een Jardin de Luxembourg, a trebuit s\u0103-l a\u015ftept p\u00e2n\u0103 a \u00eencheiat discu\u0163ia pe care o purta la c\u00e2teva b\u0103nci distan\u0163\u0103. Pas\u0103mite, cu un evreu, din America, pictor cu procup\u0103ri metafizice. Mi-a relatat, pe scurt, ca o scuz\u0103 a \u00eent\u00e2rzierii, c\u0103 a trebuit s\u0103-i dea am\u0103nunte \u00een leg\u0103tur\u0103 cu ideea care i-a venit atunci c\u00e2nd interlocutorul i s-a pl\u00e2ns c\u0103 se \u00eenmul\u0163esc dovezile unui antisemitism american \u00een cre\u015ftere\u2026 \u201eAve\u0163i grij\u0103, ce se va \u00eent\u00e2mpla c\u00e2nd (sau dac\u0103 \u2013 nu mai \u0163in bine minte) americanii \u00ee\u015fi iau m\u00e2na de pe evrei? M\u00e2na azi at\u00e2t de protectoare!\u201d Mai mult nu am discutat despre evrei \u00een 1986.<\/h4>\n<h4 style=\"text-align: justify;\">Am f\u0103cut-o \u00een 1988, iat\u0103, anul c\u00e2nd Noica i-a dat \u015fi dlui Ion Deaconescu istoricul interviu. Eu am purtat discu\u0163ia mea \u00een august, poate \u00eenceput de septembrie. Discu\u0163ia a pornit de la situa\u0163ia din \u0163ar\u0103. Am \u00eencercat s\u0103 retu\u015fez tabloul sumbru al Rom\u00e2niei care circula \u00een toat\u0103 mass media apusean\u0103, s\u0103-i prezint lucrurile dintr-o perspectiv\u0103 mai optimist\u0103. De ce am f\u0103cut asta? Mai \u00eent\u00e2i pentru c\u0103 asta era perspectiva lui Petre \u0162u\u0163ea asupra Rom\u00e2niei. \u015ei am considerat c\u0103 asta \u00eel va interesa de fapt pe Cioran: ce crede Petrache despre lumea \u00een care tr\u0103im? Mai apoi, eu \u00eensumi \u00eemp\u0103rt\u0103\u015feam acest optimism. Am constatat c\u0103 Cioran primea cu bucurie ve\u015ftile bune din \u0163ar\u0103, dovezile c\u0103 dracul nu-i chiar a\u015fa negru.<\/h4>\n<h4 style=\"text-align: justify;\">Absolut memorabil\u0103 satisfac\u0163ia cu care a luat cuno\u015ftin\u0163\u0103 de calitatea tineretului din Rom\u00e2nia. \u00cen mod deosebit a fost impresionat s\u0103 afle c\u0103 un mare num\u0103r de tineri roiau \u00een jurul lui \u0162u\u0163ea, \u00eel \u201e\u0163u\u0163\u0103reau\u201d cu devotament \u015fi cu mare interes pentru ideile lui nea Petrache. Iar c\u00e2nd a aflat c\u0103 tinerii ace\u015ftia, de capul lor, organizaser\u0103 un servicu ad hoc de asisten\u0163\u0103 la domiciliu a lui Petre \u0162u\u0163ea, c\u0103 \u00een fiecare zi doi dintre ei veneau \u015fi-l ajutau s\u0103 se scoale, s\u0103 se \u00eembrace, s\u0103 ias\u0103 la plimbare, s\u0103 merg\u0103 la mas\u0103 etc., dar mai ales ca s\u0103 aib\u0103 un conlocutor interesat de cee ce avea de spus nea Petrache, Emil Cioran a exclamat: \u201eA\u015fa ceva este de neimaginat la Paris!\u201d \u015ei a continuat spun\u00e2nd c\u0103 aceste informa\u0163ii, primite de la mine, confirmau optimismul lui Mircea Eliade cu privire la rolul pe care cur\u00e2nd \u00eel va juca tineretul din Europa de R\u0103s\u0103rit! Mult mai apt s\u0103 fac\u0103 istorie dec\u00e2t tineretul dezabuzat din Occident\u2026<\/h4>\n<h4 style=\"text-align: justify;\">La acest punct al discu\u0163iei eu am avut de r\u0103spuns la \u00eentrebarea lui Cioran, o \u00eentrebare pe care \u015fi-o pun ast\u0103zi mul\u0163i rom\u00e2ni: de ce mass media din toat\u0103 lumea este preocupat\u0103 s\u0103 r\u0103sp\u00e2ndeasc\u0103 \u00een lume despre Rom\u00e2nia o imagine denigratoare, deformat\u0103 cu inten\u0163ia de a ne calomnia \u00een toate felurile posibile \u015fi la fiecare prilej?<\/h4>\n<h4 style=\"text-align: justify;\">R\u0103spunsul meu \u2013 valabil \u015fi azi, a sunat cam a\u015fa: Pentru c\u0103 antirom\u00e2nismul nu mai este o atitudine ocazional\u0103 \u015fi personal\u0103, a unor indivizi care, din varii motive, nu mai \u00eencap de r\u0103ul rom\u00e2nilor. Anti-rom\u00e2nismul nu este antipatia visceral\u0103 a unui individ, provocat\u0103 de anumite accidente biografice, ci antirom\u00e2nismul a devenit o institu\u0163ie, creatoare de locuri de munc\u0103, cu buget \u015fi sedii \u00een mai multe \u0163\u0103ri, inclusiv \u00een Rom\u00e2nia, cu angaja\u0163i care ies la pensie dup\u0103 ce o via\u0163\u0103 \u00eentreag\u0103 au petrecut-o pl\u0103nuind \u015fi ac\u0163ion\u00e2nd \u00eempotriva rom\u00e2nilor, a intereselor Rom\u00e2niei.<\/h4>\n<h4 style=\"text-align: justify;\"><\/h4>\n<figure id=\"attachment_1540\" aria-describedby=\"caption-attachment-1540\" style=\"width: 646px\" class=\"wp-caption aligncenter\"><a href=\"http:\/\/www.desteptati-va.ro\/wp-content\/uploads\/2011\/04\/gardasok2.png\"><img loading=\"lazy\" decoding=\"async\" class=\" wp-image-1540\" title=\"2 &quot;prieteni&quot; buni ai poporului roman\" src=\"http:\/\/www.desteptati-va.ro\/wp-content\/uploads\/2011\/04\/gardasok2-300x208.png\" alt=\"2 &quot;prieteni&quot; buni ai poporului roman\" width=\"646\" height=\"448\"><\/a><figcaption id=\"caption-attachment-1540\" class=\"wp-caption-text\">2 &#8222;prieteni&#8221; buni ai poporului roman<\/figcaption><\/figure>\n<h4 style=\"text-align: center;\"><\/h4>\n<h4 style=\"text-align: justify;\">Ideea mea, discutat\u0103 \u015fi la Bucure\u015fti cu Petre \u0162u\u0163ea, a\u015fadar ideea noastr\u0103 era c\u0103 anticeau\u015fismul at\u00e2t de vizibil \u00een presa mondial\u0103 \u015fi \u00een declara\u0163iile unor cancelarii apusene era de fapt expresia unui anti-rom\u00e2nism debordant, care s-a v\u0103dit din plin dup\u0103 1990, cu consecin\u0163e tragice pentru rom\u00e2ni. C\u0103ci cei care i-au luat via\u0163a lui Nicolae Ceau\u015fescu \u00een decembrie 1989 nu s-au mul\u0163umit cu at\u00e2t, ci abia dup\u0103 moartea \u201ecizmarului\u201d <strong>au declan\u015fat vasta \u015fi criminala ac\u0163iune de distrugere a Rom\u00e2niei pe toate planurile, inclusiv pe plan biologic, atent\u00e2nd la integritatea zestrei noastre genetice<\/strong>. Ac\u0163iunea continu\u0103 \u015fi azi, urm\u0103rind \u201ede-rom\u00e2nizarea Rom\u00e2niei\u201d \u2013 formul\u0103 propus\u0103 de Adrian P\u0103unescu, de un tragism cutremur\u0103tor: <strong>de-rom\u00e2nizarea Rom\u00e2niei, acesta este numele epocii istorice \u00een care tr\u0103im de 20 de ani\u2026<\/strong><\/h4>\n<h4 style=\"text-align: justify;\">Dac\u0103, prin mecanica rela\u0163iilor paradigmatice, cuv\u00eentul anti-rom\u00e2nism te duce vr\u00e2nd-nevr\u00e2nd la anti-semitism, trebuie spus din capul locului c\u0103 antisemitismul \u00een Rom\u00e2nia, condamnat prin lege, este practic inexistent, nu cunoa\u015fte forme institu\u0163ionalizate \u015fi, dac\u0103 se manifest\u0103 c\u00e2nd \u015fi c\u00e2nd, asta se \u00eent\u00e2mpl\u0103 sporadic \u015fi neorganizat, \u00een forme le-a\u015f numi spontane, chiar naive prin sinceritate \u015fi directitate, minore \u00een orice caz. Asta \u00een timp ce anti-rom\u00e2nismul din Rom\u00e2nia se manifest\u0103 \u00een mod subtil, apel\u00e2nd la tehnici de manipulare ori de sabotaj dintre cele mai sofisticate \u015fi mai eficiente, antren\u00e2nd efective umane numeroase, abil disimulate \u00eendeosebi \u00een structurile de stat menite prin statut s\u0103 apere \u015fi s\u0103 promoveze componenta rom\u00e2neasc\u0103 a planetei noastre.<\/h4>\n<h4 style=\"text-align: justify;\">\u00cen Rom\u00e2nia de azi <strong>anti-rom\u00e2nismul este practic subven\u0163ionat de statul rom\u00e2n<\/strong> \u015fi nu este condamnat prin lege, ci este ignorat \u015fi trecut sub t\u0103cere, pentru a nu deveni subiect de discu\u0163ii publice, pentru ca nu cumva rom\u00e2nii s\u0103 se dumireasc\u0103 de caracterul anti-rom\u00e2nesc al multor legi \u015fi evenimente, de caracterul anti-rom\u00e2nesc al guvern\u0103rii. Introducerea conceptului de anti-rom\u00e2nism \u00een con\u015ftiin\u0163a public\u0103 ar fi s\u0103-i ajute pe rom\u00e2ni s\u0103 priceap\u0103 esen\u0163a r\u0103ului de care au parte ca societate, ca neam, ca \u0163ar\u0103\u2026<\/h4>\n<h4 style=\"text-align: justify;\"><\/h4>\n<figure id=\"attachment_1537\" aria-describedby=\"caption-attachment-1537\" style=\"width: 647px\" class=\"wp-caption aligncenter\"><a href=\"http:\/\/www.desteptati-va.ro\/wp-content\/uploads\/2011\/04\/Din-ciclul-ministrii-de-colectie-Cseke-Attila-3.jpg\"><img loading=\"lazy\" decoding=\"async\" class=\" wp-image-1537\" title=\"&quot;Modernizarea&quot; Sistemului Sanitar\" src=\"http:\/\/www.desteptati-va.ro\/wp-content\/uploads\/2011\/04\/Din-ciclul-ministrii-de-colectie-Cseke-Attila-3-300x225.jpg\" alt=\"&quot;Modernizarea&quot; Sistemului Sanitar\" width=\"647\" height=\"485\"><\/a><figcaption id=\"caption-attachment-1537\" class=\"wp-caption-text\">&#8222;Modernizarea&#8221; Sistemului Sanitar<\/figcaption><\/figure>\n<h4 style=\"text-align: justify;\">Atunci, \u00een 1988, c\u00e2te i-oi mai fi spus eu lui Cioran au fost deajuns c\u0103 el s\u0103-mi dea dreptate \u015fi s\u0103 \u201ecad\u0103 pe g\u00e2nduri\u201d, declar\u00e2ndu-mi c\u0103 acum pricepe ce \u015fi de ce i s-a \u00eent\u00e2mplat acelei ziariste americance care, \u015ftiindu-l rom\u00e2n, \u00eel vizitase cu pu\u0163in\u0103 vreme \u00een urm\u0103 spre a-i cere l\u0103muriri \u00eentr-o poveste de ne\u00een\u0163eles pentru ea. Povestea era cam urm\u0103toarea: ziarista, al c\u0103rei nume nu-l mai \u015ftia Cioran, \u015ftia doar c\u0103 era una dintre cele mai importante din Statele Unite si din Israel, a aflat c\u0103 exist\u0103 \u00een Europa o \u0163ar\u0103 \u015fi un popor care, \u00een timpul celui de al Doilea R\u0103zboi Mondial, de\u015fi afla\u0163i \u00een mare prietenie cu Germania hitlerist\u0103, \u00een alian\u0163\u0103 militar\u0103 cu aceasta, nu au acceptat s\u0103 i se al\u0103ture Germaniei \u00een politica nazist\u0103 fa\u0163\u0103 de evrei.<\/h4>\n<h4 style=\"text-align: justify;\">Nu numai c\u0103 nu a desf\u0103\u015furat programul de exterminare a evreilor, dar au ini\u0163iat \u015fi desf\u0103\u015furat un program de salvare a evreilor. Ziarist\u0103 autentic\u0103, evreica, autentic\u0103 \u015fi ca evreic\u0103, a priceput valoarea uman\u0103 excep\u0163ional\u0103 a basmului despre omenia rom\u00e2neasc\u0103, a\u015fa c\u0103 a trecut imediat la verificarea informa\u0163iei: a luat avionul \u015fi a aterizat la Bucure\u015fti, unde s-a interesat \u00een st\u00e2nga \u015fi \u00een dreapta, a cerut detalii, s-a \u00eent\u00e2lnit cu liderii evrei din Bucure\u015fti, cu evreii cei mai \u00een v\u00e2rst\u0103 etc. Pe scurt, s-a edificat, bucuroas\u0103 c\u0103 i se confirm\u0103 povestea at\u00e2t de frumoas\u0103 despre o \u0163ar\u0103 \u015fi ea at\u00e2t de frumoas\u0103, despre care p\u00e2n\u0103 atunci, frumoas\u0103 \u015fi ea, evreica lui Cioran nu \u015ftiuse mai nimic! (\u201eO femeie foarte frumoas\u0103\u201d, a precizat cu o lucire \u015ftrengar\u0103 \u00een ochi r\u0103\u015fin\u0103reanul\u2026)<\/h4>\n<h4 style=\"text-align: justify;\">Surpriz\u0103 mare \u00eens\u0103 pentru ziarista noastr\u0103 la \u00eentoarcerea \u00een America: nici o publica\u0163ie nu a vrut s\u0103 publice reportajul ei despre Rom\u00e2nia! Despre ciuda\u0163ii \u0103ia de rom\u00e2ni care s-au purtat at\u00e2t de \u00eengere\u015fte \u2013 cuv\u00eentul \u00eemi apar\u0163ine, nu numai cu evreii ajun\u015fi la necaz, dar \u015fi cu prizonierii de r\u0103zboi, ru\u015fi sau anglo-americani! Nici m\u0103car revista pe a c\u0103rei cheltuial\u0103 f\u0103cuse deplasarea \u00een Rom\u00e2nia, nu i-a acceptat textul care vorbea at\u00e2t de frumos despre rom\u00e2ni. Alte reviste, care mereu p\u00e2n\u0103 atunci \u00eei ceruser\u0103 o colaborare c\u00e2t de ne\u00eensemnat\u0103, au refuzat-o \u015fi ele, f\u0103r\u0103 nicio explica\u0163ie.<\/h4>\n<h4 style=\"text-align: justify;\">Ajuns\u0103 la Paris, americanca s-a g\u00e2ndit c\u0103 explica\u0163ia acestui ciudat refuz i-ar putea-o oferi rom\u00e2nul cel mai important din Occident: De ce, domnule Cioran, nimeni nu au vrut s\u0103-mi publice \u00een Occident m\u0103rturia mea despre omenia aproape neomeneasc\u0103 a rom\u00e2nilor?, va fi sunat \u00eentrebarea angelicei ovreice.<\/h4>\n<h4 style=\"text-align: justify;\">Cioran mi-a declarat c\u0103 nu a avut r\u0103spuns la \u00eentrebarea ziaristei de la New York. Regreta c\u0103 nu a \u015ftiut s\u0103 i-l dea pe cel potrivit, invoc\u00e2nd argumentul de care aflase abia acum, de la emisarul lui nea Petrache: realitatea dureroas\u0103 \u015fi absurd\u0103 a unui anti-rom\u00e2nism institu\u0163ionalizat la scar\u0103 planetar\u0103. Halal planet\u0103\u2026<\/h4>\n<h4 style=\"text-align: justify;\">Probabil c\u0103 de la discu\u0163ia cu Cioran a plecat scrierea romanului Vin Americanii, \u00eenceput \u015fi aproape \u00eencheiat \u00eenainte de 1990. Personajul feminin Svetlana \u2013 deloc episodic, este a\u015fa cum mi-am imaginat-o eu pe acea femeie at\u00e2t de deosebit\u0103 prin pasiunea ei pentru adev\u0103r. Ceea ce, indirect, ar fi o confirmare a discu\u0163iei purtate cu Cioran. Este nevoie de vreo confirmare? Neap\u0103rat, c\u0103ci ne vom trezi m\u00e2ine-poim\u00e2ine cu cine \u015ftie ce haimana jid\u0103neasc\u0103 cer\u00e2nd s\u0103 fie verificat\u0103 \u015fi autenticitatea interviului, a spuselor lui Cioran. Sper c\u0103 dl Ion Deaconescu va avea cu ce s\u0103-l obr\u0103zniceasc\u0103 pe neobr\u0103zat! (Nota bene: am spus jid\u0103neasc\u0103, nu evreiasc\u0103!\u2026 Iat\u0103 dar c\u0103 cedez, \u00eempotriva voin\u0163ei mele, cedez eviden\u0163ei, \u015fi m\u0103 al\u0103tur celor care fac distinc\u0163ie sistematic\u0103, \u00eentre evrei, ovrei, jidovi etc., pe de o parte, \u015fi, de partea cealalt\u0103 a baricadei, jidanii!\u2026)<\/h4>\n<h4 style=\"text-align: justify;\">A\u015fadar, un Cioran preocupat de problema Holocaustului din Rom\u00e2nia? De ce ar fi fost preocupat Cioran de acest subiect? Din n motive putea s\u0103 fie, dar mai ales pentru c\u0103 \u00ee\u015fi d\u0103dea bine seama de \u201eefectele \u00eengrozitoare\u201d pe care le are faptul c\u0103 \u201evom fi culpabiliza\u0163i mereu\u201d pentru o barbarie pe care nu am comis-o. De aceste efecte nu le pas\u0103 belferilor din clasa politic\u0103 rom\u00e2neasc\u0103, \u00een frunte cu \u00eensu\u015fi pre\u015fedintele \u0162\u0103rii, incapabili s\u0103 \u00eeng\u0103ime m\u0103car o \u015foapt\u0103 neauzit\u0103 \u00een ap\u0103rarea demnit\u0103\u0163ii noastre de rom\u00e2ni, pus\u0103 \u00een balan\u0163\u0103 cu acuza\u0163ia cea mai grav\u0103: genocid. Se gr\u0103besc, nemernicii, s\u0103 \u015fi-o \u00eensu\u015feasc\u0103, cu capul plecat \u015fi g\u00e2ndul la func\u0163ia \u00een care s-au coco\u0163at, nu cumva s\u0103 \u015fi-o piard\u0103, odata cu sprijinul atotputernic al lobyului jid\u0103nesc!\u2026<\/h4>\n<h4 style=\"text-align: justify;\">\u2026Cu aceste r\u00e2nduri \u2013 dreptul meu la replic\u0103, m\u0103 adresez revistei \u201eContemporanul\u201d, \u00een ale c\u0103rei pagini (vezi nr.5 din anul curent) a ap\u0103rut un articol de incriminare a mea pentru negarea Holocaustului din Rom\u00e2nia. Articol binevenit pentru mine, c\u0103ci autorul articolului, m-a ajutat, prin calitatea scriiturii, stil \u015fi argumenta\u0163ie deopotriv\u0103, s\u0103-mi dau seama de un mare \u015fi semnificativ adev\u0103r: ce mare diferen\u0163\u0103 este \u00eentre calitatea intelectual\u0103 a evreilor care au recunoscut cu senin\u0103tate datoriile de recuno\u015ftin\u0163\u0103 pe care evreii le au fa\u0163\u0103 de rom\u00e2ni pentru cele \u00eent\u00e2mplate \u00een anii 1940-1944 \u00een Rom\u00e2nia, \u015fi \u201ejidanii\u201d care, \u00een frunte cu Elie Wiesel, proclam\u0103 vinov\u0103\u0163ia criminal\u0103 a poporului rom\u00e2n.<\/h4>\n<h4 style=\"text-align: justify;\">Se num\u0103r\u0103 printre cei dint\u00e2i, printre evreii evrei a\u015fadar, un Alexandru \u015eafran, un Wilhelm Filderman, un Moshe Carmilly Weinberger, un Alexandru Graur, un Nandold Gingold, un Oliver Lustig, un Marius Mircu, un Minei Grunberg, un Sigmund Jagendorf, precum \u015fi buna, serafica \u015fi necunoscuta noastr\u0103 coleg\u0103 Leone Blum, autoarea unor memorii despre petrecerea bucolic\u0103 a familiei ei \u00een Transnistria, memorii pentru care a fost capital sanc\u0163ionat\u0103 de ni\u015fte jidani netrebnici!\u2026 Fie-i \u0163\u0103r\u00e2na u\u015foar\u0103!<\/h4>\n<h4 style=\"text-align: justify;\">Pe ceilal\u0163i nu-i mai pomenesc, pe evreii neevrei speciali\u015fti \u00een minciuna numit\u0103 Holocaustul din Rom\u00e2nia, ni\u015fte rebuturi umane nefericite, \u00een frunte cu Ellie Wiesel, pe care bunul Dumnezeu, spre a feri lumea de el, l-a \u00eensemnat cu \u00eenf\u0103\u0163i\u015farea fizic\u0103 cea mai dezgust\u0103toare, deplin potrivit\u0103 cu uriciunea din sufletul s\u0103u. Dac\u0103 va fi av\u00e2nd asa ceva\u2026<\/h4>\n<h4 style=\"text-align: justify;\">Iat\u0103, a\u015fadar, c\u0103 un rom\u00e2n de talia lui Emil Cioran se pronun\u0163\u0103 clar \u015fi inechivoc:<\/h4>\n<h4 style=\"text-align: justify;\">\u201eS\u0103 spunem r\u0103spicat c\u0103 i-am ajutat pe evrei s\u0103 nu fie extermina\u0163i!\u2026 Evreii ne sunt datori! Dar nu le cerem nimic, ci numai at\u00e2t: s\u0103 spun\u0103, s\u0103 recunoasc\u0103 adev\u0103rul!\u2026 Dac\u0103 se va \u00een\u0163elege exact pozi\u0163ia noastr\u0103 din anii patruzeci, vom sta cu fruntea sus\u2026\u201d<\/h4>\n<h4 style=\"text-align: justify;\">A\u015ftept s\u0103 v\u0103d evreul de talia lui Emil Cioran care s\u0103 ne acuze de holocaust! M-am s\u0103turat de acuzatorii agrama\u0163i \u015fi certa\u0163i cu logica, cu onestitatea cercet\u0103rii istorice. M\u0103 uit la lista ne\u00eendura\u0163ilor no\u015ftri acuzatori \u015fi deopotriv\u0103 judec\u0103tori \u015fi v\u0103d o adun\u0103tur\u0103 de semimediocri, divor\u0163a\u0163i de profesie, \u00eendoielnic\u0103 \u015fi nesigur\u0103 la fiecare! Indivizi f\u0103r\u0103 vreun rost pe lumea asta, incapabili s\u0103 poarte r\u0103spunderea opiniilor exprimate, incapabili s\u0103 r\u0103spund\u0103 la obiec\u0163iile cu care le-au fost \u00eent\u00e2mpinate acuza\u0163iile bezmetice. Au o singur\u0103 \u015fi aparent\u0103 calitate: tenacitatea cu care se neru\u015fineaz\u0103 \u00een public. Aproape c\u0103-i admir, ca pentru un num\u0103r de circ, de m\u0103sluire a c\u0103r\u0163ilor de joc de care nu m-a\u015f sim\u0163i, tehnic vorbind, \u00een stare. Deh, popor vechi!\u2026 Cu cinci mii de ani de exerci\u0163iu \u00een spate!<\/h4>\n<h4 style=\"text-align: justify;\"><em>Ion Coja, articol preluat de la <a href=\"http:\/\/www.badpolitics.ro\/emil-cioran-despre-holocaustul-din-romania-altermedia\/\" target=\"_blank\" rel=\"noopener\">www.badpolitics.ro<\/a><\/em><\/h4>        <div class=\"booster-block booster-reactions-block\">\n            <div class=\"twp-reactions-icons\">\n                \n                <div class=\"twp-reacts-wrap\">\n                    <a react-data=\"be-react-1\" post-id=\"3803\" class=\"be-face-icons un-reacted\" href=\"javascript:void(0)\">\n                        <img decoding=\"async\" src=\"https:\/\/desteptati-va.ro\/wp-content\/plugins\/booster-extension\/\/assets\/icon\/happy.svg\" alt=\"Happy\">\n                    <\/a>\n                    <div class=\"twp-reaction-title\">\n                        Happy                    <\/div>\n                    <div class=\"twp-count-percent\">\n                                                    <span style=\"display: none;\" class=\"twp-react-count\">0<\/span>\n                        \n                                                <span class=\"twp-react-percent\"><span>0<\/span> %<\/span>\n                                            <\/div>\n                <\/div>\n\n                <div class=\"twp-reacts-wrap\">\n                    <a react-data=\"be-react-2\" post-id=\"3803\" class=\"be-face-icons un-reacted\" href=\"javascript:void(0)\">\n                        <img decoding=\"async\" src=\"https:\/\/desteptati-va.ro\/wp-content\/plugins\/booster-extension\/\/assets\/icon\/sad.svg\" alt=\"Sad\">\n                    <\/a>\n                    <div class=\"twp-reaction-title\">\n                        Sad                    <\/div>\n                    <div class=\"twp-count-percent\">\n                                                    <span style=\"display: none;\" class=\"twp-react-count\">0<\/span>\n                                                                        <span class=\"twp-react-percent\"><span>0<\/span> %<\/span>\n                                            <\/div>\n                <\/div>\n\n                <div class=\"twp-reacts-wrap\">\n                    <a react-data=\"be-react-3\" post-id=\"3803\" class=\"be-face-icons un-reacted\" href=\"javascript:void(0)\">\n                        <img decoding=\"async\" src=\"https:\/\/desteptati-va.ro\/wp-content\/plugins\/booster-extension\/\/assets\/icon\/excited.svg\" alt=\"Excited\">\n                    <\/a>\n                    <div class=\"twp-reaction-title\">\n                        Excited                    <\/div>\n                    <div class=\"twp-count-percent\">\n                                                    <span style=\"display: none;\" class=\"twp-react-count\">0<\/span>\n                                                                        <span class=\"twp-react-percent\"><span>0<\/span> %<\/span>\n                                            <\/div>\n                <\/div>\n\n                <div class=\"twp-reacts-wrap\">\n                    <a react-data=\"be-react-6\" post-id=\"3803\" class=\"be-face-icons un-reacted\" href=\"javascript:void(0)\">\n                        <img decoding=\"async\" src=\"https:\/\/desteptati-va.ro\/wp-content\/plugins\/booster-extension\/\/assets\/icon\/sleepy.svg\" alt=\"Sleepy\">\n                    <\/a>\n                    <div class=\"twp-reaction-title\">\n                        Sleepy                    <\/div>\n                    <div class=\"twp-count-percent\">\n                                                    <span style=\"display: none;\" class=\"twp-react-count\">0<\/span>\n                        \n                                                <span class=\"twp-react-percent\"><span>0<\/span> %<\/span>\n                                            <\/div>\n                <\/div>\n\n                <div class=\"twp-reacts-wrap\">\n                    <a react-data=\"be-react-4\" post-id=\"3803\" class=\"be-face-icons un-reacted\" href=\"javascript:void(0)\">\n                        <img decoding=\"async\" src=\"https:\/\/desteptati-va.ro\/wp-content\/plugins\/booster-extension\/\/assets\/icon\/angry.svg\" alt=\"Angry\">\n                    <\/a>\n                    <div class=\"twp-reaction-title\">Angry<\/div>\n                    <div class=\"twp-count-percent\">\n                                                    <span style=\"display: none;\" class=\"twp-react-count\">0<\/span>\n                                                                        <span class=\"twp-react-percent\"><span>0<\/span> %<\/span>\n                        \n                    <\/div>\n                <\/div>\n\n                <div class=\"twp-reacts-wrap\">\n                    <a react-data=\"be-react-5\" post-id=\"3803\" class=\"be-face-icons un-reacted\" href=\"javascript:void(0)\">\n                        <img decoding=\"async\" src=\"https:\/\/desteptati-va.ro\/wp-content\/plugins\/booster-extension\/\/assets\/icon\/surprise.svg\" alt=\"Surprise\">\n                    <\/a>\n                    <div class=\"twp-reaction-title\">Surprise<\/div>\n                    <div class=\"twp-count-percent\">\n                                                    <span style=\"display: none;\" class=\"twp-react-count\">0<\/span>\n                                                                        <span class=\"twp-react-percent\"><span>0<\/span> %<\/span>\n                                            <\/div>\n                <\/div>\n\n            <\/div>\n        <\/div>\n\n    <\/div>","protected":false},"excerpt":{"rendered":"<p>\u201eE timpul s\u0103 spunem r\u0103spicat c\u0103 i-am ajutat pe evrei s\u0103 nu fie extermina\u0163i! Evreii ne sunt datori. Dar nu<a href=\"https:\/\/desteptati-va.ro\/index.php\/2021\/04\/16\/anti-romanismul-subventionat-de-statul-roman\/\">Read More<i class=\"fa fa-long-arrow-right\" aria-hidden=\"true\"><\/i><\/a><\/p>\n","protected":false},"author":1,"featured_media":4606,"comment_status":"open","ping_status":"open","sticky":false,"template":"","format":"standard","meta":{"_crdt_document":"","footnotes":""},"categories":[3,6],"tags":[933,934,841,935,936,937,938,59,60,939,940,282,283,941,942,943,944,253,945,946,947,948,363,949,950,225,951],"class_list":["post-3803","post","type-post","status-publish","format-standard","has-post-thumbnail","hentry","category-decembrie-89","category-istorii-nestiute","tag-anti","tag-anti-romanism","tag-antiromanism","tag-cioran","tag-datori","tag-defaimare","tag-denigrare","tag-desteptati","tag-desteptati-va","tag-emil-cioran","tag-evenimente","tag-evrei","tag-holocaust","tag-hotie","tag-identitate","tag-imagine","tag-institutionalizare","tag-jaf","tag-jidani","tag-legi","tag-national","tag-petre","tag-popor","tag-romanism","tag-sistem","tag-tara","tag-tutea"],"rise-blocks_total_comments":1,"rise-blocks_categories":[{"term_id":6,"name":"Istorii nestiute","slug":"istorii-nestiute","term_group":0,"term_taxonomy_id":6,"taxonomy":"category","description":"","parent":3,"count":9,"filter":"raw"}],"rise-blocks_excerpt":"\u201eE timpul s\u0103 spunem r\u0103spicat c\u0103 i-am ajutat pe evrei s\u0103 nu fie extermina\u0163i! Evreii ne sunt datori. Dar nu le cerem dec\u00e2t s\u0103 recunoasc\u0103 adev\u0103rul!\u201d (Emil Cioran) \u00cen revista \u201eCadran politic\u201d, anul VII, nr. 65-66 din aprilie-martie 2009, sunt publicate c\u00e2teva fragmente din interviul dat de Emil Cioran \u00een 1988, la Paris, dlui Ion Deaconescu. Inutil s\u0103 mai spunem..","yoast_head":"<!-- This site is optimized with the Yoast SEO plugin v26.9 - https:\/\/yoast.com\/product\/yoast-seo-wordpress\/ -->\r\n<title>Anti-romanismul subven\u0163ionat de Statul Roman -<\/title>\r\n<meta name=\"robots\" content=\"index, follow, max-snippet:-1, max-image-preview:large, max-video-preview:-1\" \/>\r\n<link rel=\"canonical\" href=\"https:\/\/desteptati-va.ro\/index.php\/2021\/04\/16\/anti-romanismul-subventionat-de-statul-roman\/\" \/>\r\n<meta property=\"og:locale\" content=\"ro_RO\" \/>\r\n<meta property=\"og:type\" content=\"article\" \/>\r\n<meta property=\"og:title\" content=\"Anti-romanismul subven\u0163ionat de Statul Roman -\" \/>\r\n<meta property=\"og:description\" content=\"\u201eE timpul s\u0103 spunem r\u0103spicat c\u0103 i-am ajutat pe evrei s\u0103 nu fie extermina\u0163i! Evreii ne sunt datori. Dar nuRead More\" \/>\r\n<meta property=\"og:url\" content=\"https:\/\/desteptati-va.ro\/index.php\/2021\/04\/16\/anti-romanismul-subventionat-de-statul-roman\/\" \/>\r\n<meta property=\"article:published_time\" content=\"2021-04-16T11:06:37+00:00\" \/>\r\n<meta property=\"article:modified_time\" content=\"2022-01-31T08:28:25+00:00\" \/>\r\n<meta property=\"og:image\" content=\"https:\/\/desteptati-va.ro\/wp-content\/uploads\/2021\/04\/EmilCioran.jpg\" \/>\r\n\t<meta property=\"og:image:width\" content=\"299\" \/>\r\n\t<meta property=\"og:image:height\" content=\"169\" \/>\r\n\t<meta property=\"og:image:type\" content=\"image\/jpeg\" \/>\r\n<meta name=\"author\" content=\"wolfsoftcompany\" \/>\r\n<meta name=\"twitter:card\" content=\"summary_large_image\" \/>\r\n<meta name=\"twitter:label1\" content=\"Scris de\" \/>\n\t<meta name=\"twitter:data1\" content=\"wolfsoftcompany\" \/>\n\t<meta name=\"twitter:label2\" content=\"Timp estimat pentru citire\" \/>\n\t<meta name=\"twitter:data2\" content=\"21 de minute\" \/>\r\n<script type=\"application\/ld+json\" class=\"yoast-schema-graph\">{\"@context\":\"https:\/\/schema.org\",\"@graph\":[{\"@type\":\"Article\",\"@id\":\"https:\/\/desteptati-va.ro\/index.php\/2021\/04\/16\/anti-romanismul-subventionat-de-statul-roman\/#article\",\"isPartOf\":{\"@id\":\"https:\/\/desteptati-va.ro\/index.php\/2021\/04\/16\/anti-romanismul-subventionat-de-statul-roman\/\"},\"author\":{\"name\":\"wolfsoftcompany\",\"@id\":\"https:\/\/desteptati-va.ro\/#\/schema\/person\/13182deeebd44920914899f7bb262d6b\"},\"headline\":\"Anti-romanismul subven\u0163ionat de Statul Roman\",\"datePublished\":\"2021-04-16T11:06:37+00:00\",\"dateModified\":\"2022-01-31T08:28:25+00:00\",\"mainEntityOfPage\":{\"@id\":\"https:\/\/desteptati-va.ro\/index.php\/2021\/04\/16\/anti-romanismul-subventionat-de-statul-roman\/\"},\"wordCount\":4190,\"commentCount\":0,\"image\":{\"@id\":\"https:\/\/desteptati-va.ro\/index.php\/2021\/04\/16\/anti-romanismul-subventionat-de-statul-roman\/#primaryimage\"},\"thumbnailUrl\":\"https:\/\/desteptati-va.ro\/wp-content\/uploads\/2021\/04\/EmilCioran.jpg\",\"keywords\":[\"anti\",\"anti-romanism\",\"antiromanism\",\"Cioran\",\"datori\",\"defaimare\",\"denigrare\",\"desteptati\",\"desteptati-va\",\"Emil Cioran\",\"evenimente\",\"evrei\",\"Holocaust\",\"hotie\",\"identitate\",\"imagine\",\"institutionalizare\",\"jaf\",\"jidani\",\"legi\",\"national\",\"Petre\",\"popor\",\"romanism\",\"sistem\",\"tara\",\"Tutea\"],\"articleSection\":[\"Decembrie 89\",\"Istorii nestiute\"],\"inLanguage\":\"ro-RO\",\"potentialAction\":[{\"@type\":\"CommentAction\",\"name\":\"Comment\",\"target\":[\"https:\/\/desteptati-va.ro\/index.php\/2021\/04\/16\/anti-romanismul-subventionat-de-statul-roman\/#respond\"]}]},{\"@type\":\"WebPage\",\"@id\":\"https:\/\/desteptati-va.ro\/index.php\/2021\/04\/16\/anti-romanismul-subventionat-de-statul-roman\/\",\"url\":\"https:\/\/desteptati-va.ro\/index.php\/2021\/04\/16\/anti-romanismul-subventionat-de-statul-roman\/\",\"name\":\"Anti-romanismul subven\u0163ionat de Statul Roman -\",\"isPartOf\":{\"@id\":\"https:\/\/desteptati-va.ro\/#website\"},\"primaryImageOfPage\":{\"@id\":\"https:\/\/desteptati-va.ro\/index.php\/2021\/04\/16\/anti-romanismul-subventionat-de-statul-roman\/#primaryimage\"},\"image\":{\"@id\":\"https:\/\/desteptati-va.ro\/index.php\/2021\/04\/16\/anti-romanismul-subventionat-de-statul-roman\/#primaryimage\"},\"thumbnailUrl\":\"https:\/\/desteptati-va.ro\/wp-content\/uploads\/2021\/04\/EmilCioran.jpg\",\"datePublished\":\"2021-04-16T11:06:37+00:00\",\"dateModified\":\"2022-01-31T08:28:25+00:00\",\"author\":{\"@id\":\"https:\/\/desteptati-va.ro\/#\/schema\/person\/13182deeebd44920914899f7bb262d6b\"},\"breadcrumb\":{\"@id\":\"https:\/\/desteptati-va.ro\/index.php\/2021\/04\/16\/anti-romanismul-subventionat-de-statul-roman\/#breadcrumb\"},\"inLanguage\":\"ro-RO\",\"potentialAction\":[{\"@type\":\"ReadAction\",\"target\":[\"https:\/\/desteptati-va.ro\/index.php\/2021\/04\/16\/anti-romanismul-subventionat-de-statul-roman\/\"]}]},{\"@type\":\"ImageObject\",\"inLanguage\":\"ro-RO\",\"@id\":\"https:\/\/desteptati-va.ro\/index.php\/2021\/04\/16\/anti-romanismul-subventionat-de-statul-roman\/#primaryimage\",\"url\":\"https:\/\/desteptati-va.ro\/wp-content\/uploads\/2021\/04\/EmilCioran.jpg\",\"contentUrl\":\"https:\/\/desteptati-va.ro\/wp-content\/uploads\/2021\/04\/EmilCioran.jpg\",\"width\":299,\"height\":169},{\"@type\":\"BreadcrumbList\",\"@id\":\"https:\/\/desteptati-va.ro\/index.php\/2021\/04\/16\/anti-romanismul-subventionat-de-statul-roman\/#breadcrumb\",\"itemListElement\":[{\"@type\":\"ListItem\",\"position\":1,\"name\":\"Prima pagin\u0103\",\"item\":\"https:\/\/desteptati-va.ro\/\"},{\"@type\":\"ListItem\",\"position\":2,\"name\":\"Anti-romanismul subven\u0163ionat de Statul Roman\"}]},{\"@type\":\"WebSite\",\"@id\":\"https:\/\/desteptati-va.ro\/#website\",\"url\":\"https:\/\/desteptati-va.ro\/\",\"name\":\"\",\"description\":\"\",\"potentialAction\":[{\"@type\":\"SearchAction\",\"target\":{\"@type\":\"EntryPoint\",\"urlTemplate\":\"https:\/\/desteptati-va.ro\/?s={search_term_string}\"},\"query-input\":{\"@type\":\"PropertyValueSpecification\",\"valueRequired\":true,\"valueName\":\"search_term_string\"}}],\"inLanguage\":\"ro-RO\"},{\"@type\":\"Person\",\"@id\":\"https:\/\/desteptati-va.ro\/#\/schema\/person\/13182deeebd44920914899f7bb262d6b\",\"name\":\"wolfsoftcompany\",\"image\":{\"@type\":\"ImageObject\",\"inLanguage\":\"ro-RO\",\"@id\":\"https:\/\/desteptati-va.ro\/#\/schema\/person\/image\/\",\"url\":\"https:\/\/secure.gravatar.com\/avatar\/a6cce9b6d101d27d91690e7073e300fed94c0899890bf998e082cb9d2c3d121e?s=96&d=mm&r=g\",\"contentUrl\":\"https:\/\/secure.gravatar.com\/avatar\/a6cce9b6d101d27d91690e7073e300fed94c0899890bf998e082cb9d2c3d121e?s=96&d=mm&r=g\",\"caption\":\"wolfsoftcompany\"},\"sameAs\":[\"http:\/\/desteptati-va.ro\"],\"url\":\"https:\/\/desteptati-va.ro\/index.php\/author\/wolfsoftcompany\/\"}]}<\/script>\r\n<!-- \/ Yoast SEO plugin. -->","yoast_head_json":{"title":"Anti-romanismul subven\u0163ionat de Statul Roman -","robots":{"index":"index","follow":"follow","max-snippet":"max-snippet:-1","max-image-preview":"max-image-preview:large","max-video-preview":"max-video-preview:-1"},"canonical":"https:\/\/desteptati-va.ro\/index.php\/2021\/04\/16\/anti-romanismul-subventionat-de-statul-roman\/","og_locale":"ro_RO","og_type":"article","og_title":"Anti-romanismul subven\u0163ionat de Statul Roman -","og_description":"\u201eE timpul s\u0103 spunem r\u0103spicat c\u0103 i-am ajutat pe evrei s\u0103 nu fie extermina\u0163i! Evreii ne sunt datori. Dar nuRead More","og_url":"https:\/\/desteptati-va.ro\/index.php\/2021\/04\/16\/anti-romanismul-subventionat-de-statul-roman\/","article_published_time":"2021-04-16T11:06:37+00:00","article_modified_time":"2022-01-31T08:28:25+00:00","og_image":[{"width":299,"height":169,"url":"https:\/\/desteptati-va.ro\/wp-content\/uploads\/2021\/04\/EmilCioran.jpg","type":"image\/jpeg"}],"author":"wolfsoftcompany","twitter_card":"summary_large_image","twitter_misc":{"Scris de":"wolfsoftcompany","Timp estimat pentru citire":"21 de minute"},"schema":{"@context":"https:\/\/schema.org","@graph":[{"@type":"Article","@id":"https:\/\/desteptati-va.ro\/index.php\/2021\/04\/16\/anti-romanismul-subventionat-de-statul-roman\/#article","isPartOf":{"@id":"https:\/\/desteptati-va.ro\/index.php\/2021\/04\/16\/anti-romanismul-subventionat-de-statul-roman\/"},"author":{"name":"wolfsoftcompany","@id":"https:\/\/desteptati-va.ro\/#\/schema\/person\/13182deeebd44920914899f7bb262d6b"},"headline":"Anti-romanismul subven\u0163ionat de Statul Roman","datePublished":"2021-04-16T11:06:37+00:00","dateModified":"2022-01-31T08:28:25+00:00","mainEntityOfPage":{"@id":"https:\/\/desteptati-va.ro\/index.php\/2021\/04\/16\/anti-romanismul-subventionat-de-statul-roman\/"},"wordCount":4190,"commentCount":0,"image":{"@id":"https:\/\/desteptati-va.ro\/index.php\/2021\/04\/16\/anti-romanismul-subventionat-de-statul-roman\/#primaryimage"},"thumbnailUrl":"https:\/\/desteptati-va.ro\/wp-content\/uploads\/2021\/04\/EmilCioran.jpg","keywords":["anti","anti-romanism","antiromanism","Cioran","datori","defaimare","denigrare","desteptati","desteptati-va","Emil Cioran","evenimente","evrei","Holocaust","hotie","identitate","imagine","institutionalizare","jaf","jidani","legi","national","Petre","popor","romanism","sistem","tara","Tutea"],"articleSection":["Decembrie 89","Istorii nestiute"],"inLanguage":"ro-RO","potentialAction":[{"@type":"CommentAction","name":"Comment","target":["https:\/\/desteptati-va.ro\/index.php\/2021\/04\/16\/anti-romanismul-subventionat-de-statul-roman\/#respond"]}]},{"@type":"WebPage","@id":"https:\/\/desteptati-va.ro\/index.php\/2021\/04\/16\/anti-romanismul-subventionat-de-statul-roman\/","url":"https:\/\/desteptati-va.ro\/index.php\/2021\/04\/16\/anti-romanismul-subventionat-de-statul-roman\/","name":"Anti-romanismul subven\u0163ionat de Statul Roman -","isPartOf":{"@id":"https:\/\/desteptati-va.ro\/#website"},"primaryImageOfPage":{"@id":"https:\/\/desteptati-va.ro\/index.php\/2021\/04\/16\/anti-romanismul-subventionat-de-statul-roman\/#primaryimage"},"image":{"@id":"https:\/\/desteptati-va.ro\/index.php\/2021\/04\/16\/anti-romanismul-subventionat-de-statul-roman\/#primaryimage"},"thumbnailUrl":"https:\/\/desteptati-va.ro\/wp-content\/uploads\/2021\/04\/EmilCioran.jpg","datePublished":"2021-04-16T11:06:37+00:00","dateModified":"2022-01-31T08:28:25+00:00","author":{"@id":"https:\/\/desteptati-va.ro\/#\/schema\/person\/13182deeebd44920914899f7bb262d6b"},"breadcrumb":{"@id":"https:\/\/desteptati-va.ro\/index.php\/2021\/04\/16\/anti-romanismul-subventionat-de-statul-roman\/#breadcrumb"},"inLanguage":"ro-RO","potentialAction":[{"@type":"ReadAction","target":["https:\/\/desteptati-va.ro\/index.php\/2021\/04\/16\/anti-romanismul-subventionat-de-statul-roman\/"]}]},{"@type":"ImageObject","inLanguage":"ro-RO","@id":"https:\/\/desteptati-va.ro\/index.php\/2021\/04\/16\/anti-romanismul-subventionat-de-statul-roman\/#primaryimage","url":"https:\/\/desteptati-va.ro\/wp-content\/uploads\/2021\/04\/EmilCioran.jpg","contentUrl":"https:\/\/desteptati-va.ro\/wp-content\/uploads\/2021\/04\/EmilCioran.jpg","width":299,"height":169},{"@type":"BreadcrumbList","@id":"https:\/\/desteptati-va.ro\/index.php\/2021\/04\/16\/anti-romanismul-subventionat-de-statul-roman\/#breadcrumb","itemListElement":[{"@type":"ListItem","position":1,"name":"Prima pagin\u0103","item":"https:\/\/desteptati-va.ro\/"},{"@type":"ListItem","position":2,"name":"Anti-romanismul subven\u0163ionat de Statul Roman"}]},{"@type":"WebSite","@id":"https:\/\/desteptati-va.ro\/#website","url":"https:\/\/desteptati-va.ro\/","name":"","description":"","potentialAction":[{"@type":"SearchAction","target":{"@type":"EntryPoint","urlTemplate":"https:\/\/desteptati-va.ro\/?s={search_term_string}"},"query-input":{"@type":"PropertyValueSpecification","valueRequired":true,"valueName":"search_term_string"}}],"inLanguage":"ro-RO"},{"@type":"Person","@id":"https:\/\/desteptati-va.ro\/#\/schema\/person\/13182deeebd44920914899f7bb262d6b","name":"wolfsoftcompany","image":{"@type":"ImageObject","inLanguage":"ro-RO","@id":"https:\/\/desteptati-va.ro\/#\/schema\/person\/image\/","url":"https:\/\/secure.gravatar.com\/avatar\/a6cce9b6d101d27d91690e7073e300fed94c0899890bf998e082cb9d2c3d121e?s=96&d=mm&r=g","contentUrl":"https:\/\/secure.gravatar.com\/avatar\/a6cce9b6d101d27d91690e7073e300fed94c0899890bf998e082cb9d2c3d121e?s=96&d=mm&r=g","caption":"wolfsoftcompany"},"sameAs":["http:\/\/desteptati-va.ro"],"url":"https:\/\/desteptati-va.ro\/index.php\/author\/wolfsoftcompany\/"}]}},"_links":{"self":[{"href":"https:\/\/desteptati-va.ro\/index.php\/wp-json\/wp\/v2\/posts\/3803","targetHints":{"allow":["GET"]}}],"collection":[{"href":"https:\/\/desteptati-va.ro\/index.php\/wp-json\/wp\/v2\/posts"}],"about":[{"href":"https:\/\/desteptati-va.ro\/index.php\/wp-json\/wp\/v2\/types\/post"}],"author":[{"embeddable":true,"href":"https:\/\/desteptati-va.ro\/index.php\/wp-json\/wp\/v2\/users\/1"}],"replies":[{"embeddable":true,"href":"https:\/\/desteptati-va.ro\/index.php\/wp-json\/wp\/v2\/comments?post=3803"}],"version-history":[{"count":2,"href":"https:\/\/desteptati-va.ro\/index.php\/wp-json\/wp\/v2\/posts\/3803\/revisions"}],"predecessor-version":[{"id":4607,"href":"https:\/\/desteptati-va.ro\/index.php\/wp-json\/wp\/v2\/posts\/3803\/revisions\/4607"}],"wp:featuredmedia":[{"embeddable":true,"href":"https:\/\/desteptati-va.ro\/index.php\/wp-json\/wp\/v2\/media\/4606"}],"wp:attachment":[{"href":"https:\/\/desteptati-va.ro\/index.php\/wp-json\/wp\/v2\/media?parent=3803"}],"wp:term":[{"taxonomy":"category","embeddable":true,"href":"https:\/\/desteptati-va.ro\/index.php\/wp-json\/wp\/v2\/categories?post=3803"},{"taxonomy":"post_tag","embeddable":true,"href":"https:\/\/desteptati-va.ro\/index.php\/wp-json\/wp\/v2\/tags?post=3803"}],"curies":[{"name":"wp","href":"https:\/\/api.w.org\/{rel}","templated":true}]}}