{"id":3806,"date":"2021-04-16T11:08:49","date_gmt":"2021-04-16T11:08:49","guid":{"rendered":"http:\/\/desteptati.ro\/?p=3806"},"modified":"2021-04-16T11:08:49","modified_gmt":"2021-04-16T11:08:49","slug":"istorie-cu-jumatati-de-masura","status":"publish","type":"post","link":"https:\/\/desteptati-va.ro\/index.php\/2021\/04\/16\/istorie-cu-jumatati-de-masura\/","title":{"rendered":"Istorie cu jumatati de masura"},"content":{"rendered":"<div class=\"post-content\"><div class='booster-block booster-read-block'>\n                <div class=\"twp-read-time\">\n                \t<i class=\"booster-icon twp-clock\"><\/i> <span>Read Time:<\/span>10 Minute, 25 Second                <\/div>\n\n            <\/div><h3>&#8222;Stimate domnule editor Grigore L. CULIAN,<\/h3>\r\n<h4 style=\"text-align: justify;\">Ma numesc Robert Horvath, sunt de profesie cineast, absolvent al Institutului de Arta Teatrala si Cinematografica Bucuresti (IATC) si am lucrat la multe studiouri din Romania, indeosebi la Televiziunea Romana. Actualmente, imi continui activitatea la studioul meu de film, \u201cKiro Studio International\u201d, cu sedii in Manhattan (New York) si Tokio. Sunt cunoscut, de asemenea, in calitate de grafician, ilustrator si pictor.<\/h4>\r\n<h4 style=\"text-align: justify;\">In data de 20 martie 2008 a avut loc, la Institutul Cultural Roman din New York, un eveniment dedicat special Holocaustului din Romania din perioada celui de-al Doilea Razboi Mondial. La aceasta manifestare a participat si o delegatie din Romania, remarcandu-se prezenta d-lui general Mihai Ionescu, directorul Muzeului Holocaustului din Bucuresti. Pentru ca adevarul istoric a fost prezentat unilateral si subiectiv, am avut o interventie pe care, in cazul ca o considerati pertinenta, va rog sa o publicati in ziarul Dvs. Redau mai jos interventia mea de la acest eveniment. Cuvintele sunt traduse din limba engleza, deoarece la ICR din New York este inca interzisa folosirea limbii romane!<\/h4>\r\n<h4 style=\"text-align: justify;\">Doamnelor si Domnilor, Deoarece v-ati referit in expunerea Dvs. la necesitatea ca generatiile viitoare sa afle adevarul despre tragedia Holocaustului si pentru ca astazi copiii invata la scoala ca romanii sunt vinovati de genocid, as vrea ca ei sa afle si faptul ca romanii au fost aceia care au salvat intreaga populaltie evreiasca de pe teritoriul actual al Romaniei. Asistam la un fapt poate unic in istoria celui de al Doilea Razboi Mondial, anume acela ca un om s-a opus presiunii germane, salvand mai mult de jumatate milion de oameni de la pieire. Acest miracol romanesc se datoreaza in primul rand pozitiei intransigente si plina de curaj a maresalului Ion Antonescu. In al doilea rand, mai trebuie tinut cont si de caracterul specific al societatii romanesti din perioada respectiva. Ma refer aici la Ion Bratianu, Iuliu Maniu, la partidele istorice, la Regina Elena, la Dr. Lupu, la Patriarhul Nicodim, la Mitropolitul Balan, la intreaga Biserica Ortodoxa Romana si la multi altii care au pus umarul la salvarea evreilor. Cred insa ca factorul principal il reprezinta mentalitatea, psihologia si omenia romanilor.<\/h4>\r\n<h4 style=\"text-align: justify;\">Care sunt faptele istorice? Dupa inceperea razboiului, se desfasoara foarte rapid operatiunile militare in Basarabia si Bucovina de Nord, unde este masacrata populatia evreiasca si unde fortele romanesti coopereaza cu cele ale germanilor. In curand, in spatele frontului, apar comandourile germane specializate in operatii de \u201ccuratire\u201d si, paralel, incep deportari de familii intregi din populatie evreiasca, dincolo de Nistru, in Transnistria. Pentru mine, moartea, chiar si numai a unui singur om nevinovat, reprezinta o tragedie, dar trebuie sa iau in consideratie si statistica. Pentru ca subiectul este foarte controversat, las la aprecierea audientei sa deduca adevarul \u2013 din diferite surse. Una dintre ele ar fi \u201cEnciclopedia Iudaica\u201d, o lucrare de referinta, in care se mentioneaza cifra de 40.000 de morti, plasand Rom\u00e2nia pe locul 10, ca vinovatie, in timp ce raportul Dvs., al Comisiei, se refera la 420.000 de victime, Rom\u00e2nia ajungand pe locul 2, imediat dupa Germania. Tinand seama de paritatea populatiei, Rom\u00e2nia devine, nici mai mult, nici mai putin, prima \u201cKilling-machine\u201d din istoria celui de al Doilea Razboi Mondial! In aritmetica Comisiei, se adauga si Ardealul de Nord, acolo unde populatia evreiasca a fost decimata. Numai ca, atunci, Ardealul de Nord se afla sub controlul maghiar. Dumneavoastra mai treceti cu vederea si alte fapte: ca toti barbatii evrei in putere au fost incadrati in Armata Rosie, ca o mare parte din populatie a fugit in interiorul Rusiei si ca foarte multi evrei au murit de moarte naturala sau de boli contagioase (tifos), de care a suferit intreaga popopulatie, inclusiv Armata Rom\u00e2na. Responsabilitatea Guvernului Rom\u00e2niei in aceste evenimente este mare, dar este greu sa fie separata de responsabilitatea germanilor.<\/h4>\r\n<h4 style=\"text-align: justify;\">Ma voi ocupa in continuare de momentul crucial, anul 1942, care este sters cu buretele sau distorsionat ca semnificatie istorica. Mihai Antonescu, Ministrul de Externe, se intalneste cu Hitler, in acea toamna, si ii comunica hotararea de a nu-i preda pe evreii din Regatul Rom\u00e2niei. Vreau sa va mai amintesc, domnule general Mihai Ionescu, doua documente semnificative, pe care sper si cred ca le cunoasteti: la o saptamana de la aceasta intalnire istorica, Ion Antonescu declara, intr-o sedinta a Consiliului de Ministri: \u201cNu voi face jocul rasist al germanilor si ii voi salva pe toti evreii mei\u201d; dupa alte doua saptamani, la o alta sedinta a Consiliului de Ministri, Ion Antonescu declara: \u201cEu mi-am dat cuvantul sa asigur viata si libertatea evreilor si ma voi tine de cuvant\u201d. Toamna lui 1942 pecetluieste pentru totdeauna salvarea unei intregi populatii de la moarte, condamnata la \u201csolutia finala\u201d de catre Hitler.<\/h4>\r\n<figure id=\"attachment_1194\" aria-describedby=\"caption-attachment-1194\" style=\"width: 435px\" class=\"wp-caption aligncenter\"><a href=\"http:\/\/www.desteptati-va.ro\/wp-content\/uploads\/2011\/03\/Memorial530.jpg\"><img loading=\"lazy\" decoding=\"async\" class=\" wp-image-1194\" title=\"Memorialul Holocaustului Berlin\" src=\"http:\/\/www.desteptati-va.ro\/wp-content\/uploads\/2011\/03\/Memorial530-300x193.jpg\" alt=\"Memorialul Holocaustului Berlin\" width=\"435\" height=\"280\" \/><\/a><figcaption id=\"caption-attachment-1194\" class=\"wp-caption-text\">Memorialul Holocaustului Berlin<\/figcaption><\/figure>\r\n<h4 style=\"text-align: justify;\">Ma voi referi acum la Raportul Comisiei Holocaustului, lucrare unde o reala tragedie este folosita pentru anumite interese politice. In 2002, Guvernul Rom\u00e2niei, bazandu-se pe documentele Arhivei Nationale si in conjunctie cu toate documentele primite de la Muzeul Holocaustului din Washington DC, decreteaza, fara echivoc, ca pe teritoriul Romaniei nu a avut loc Holocaustul. La mai putin de doi ani, insa, Guvernul Romaniei isi schimba pozitia, infiintand o Comisie care, bazandu-se pe exact aceleasi documente, decreteaza ca in Romania a avut loc un genocid de proportii inimaginabile.<\/h4>\r\n<h4 style=\"text-align: justify;\">Comentariile sunt de prisos! Vreau sa mai spun asistentei ca Raportul Wiesel de cercetare a crimelor Holocaustului reprezinta un atac fara precedent la adresa demnitatii romanilor. In concluzia raportului se spune: \u201cRomanii sunt vinovati de genocid, chiar daca in anumite regiuni au supravietuit evrei\u201d. Inainte de a intra in fondul problemei, doresc sa mai remarc ca \u201canumite regiuni\u201d reprezinta, de fapt, Romania de baza, Romania esentiala, adica in actualele ei granite. Raportul arunca o vina colectiva, acuzand de genocid intreaga populatie romaneasca. Aceasta idee de vina colectiva apartine ideologiei fasciste si\/sau comuniste, aruncand vina \u2013 reala sau imaginara &#8211; a catorva asupra unei intregi colectivitati nationale, rasiale sau sociale. Iar o vina colectiva nu are ce cauta in discursul unei democratii! Se merge atat de departe incat se spune ca majoritatea populatieii romanesti a sprijinit Holacaustul!<\/h4>\r\n<figure id=\"attachment_1195\" aria-describedby=\"caption-attachment-1195\" style=\"width: 353px\" class=\"wp-caption aligncenter\"><a href=\"http:\/\/www.desteptati-va.ro\/wp-content\/uploads\/2011\/03\/4374533087_bf92060049.jpg\"><img loading=\"lazy\" decoding=\"async\" class=\" wp-image-1195\" title=\"Memorialul Holocaustului Bucuresti\" src=\"http:\/\/www.desteptati-va.ro\/wp-content\/uploads\/2011\/03\/4374533087_bf92060049-225x300.jpg\" alt=\"Memorialul Holocaustului Bucuresti\" width=\"353\" height=\"471\" \/><\/a><figcaption id=\"caption-attachment-1195\" class=\"wp-caption-text\">Memorialul Holocaustului Bucuresti<\/figcaption><\/figure>\r\n<h4 style=\"text-align: justify;\">Ma intreb: oare cum a fost posibil asa ceva, cand faptele din Bucovina si Basarabia au fost foarte putin cunoscute de populatie? Eu personal am plecat la 32 de ani din Romania si nu am auzit niciodata despre aceste evenimente. Romania este prezentata in acest material ca o tara fascizata si complet rasista. As vrea sa-i amintesc domnului general si cercetator istoric faptul ca fascismul a fost lichidat in Romania cu ocazia rebeliunii legionare. Fragmentul care m-a intrigat profund este urmatorul: \u201cHolocausul isi are radacini adanci in istoria si cultura romana\u201d! Aceasta constatare aduce un atac frontal Istoriei Romaniei si nu scapa de aceasta decapitare niciun om politic, niciun partid istoric, niciun moment al istoriei si nici al monarhiei. Deci, Istoria Romaniei este prezentata de Comisie in primul rand ca o istorie a antisemitismului. Acelasi tratament i se aplica insa si Culturii Romanesti. Nu scapa de \u201catentia\u201d noii inchizitii nicio personalitate culturala, de la Alecsandri, Eminescu, Kogalniceanu, Hajdeu, Slavici etc., iar in epoca moderna nu scapa nici Emil Cioran, Noica, Mircea Eliade. Asadar, in opinia Comisiei, Cultura Romaneasca nu este importanta prin valentele sale universale, ci numai prin caracterul ei rasist si antisemit. Cu alte cuvinte, Mihai Eminescu si ceilalti piloni ai Culturii Romanesti sunt, nici mai mult, nici mai putin, vinovati pentru cauzarea Holocaustului.<\/h4>\r\n<h4 style=\"text-align: justify;\">Cruciti-va, doamnelor si domnilor, cruciti-va, domnule general! Concluzia acestei Comisii a dat o unda verde unei adevarate \u201cvanatori de vrajitoare\u201d, avand ca victima cultura si limba nationala. Atentia este in primul rand indreptata asupra lui Mihai Eminescu si a lui Mircea Eliade, fiind orchestrata din birourile presedintelui Institutului Cultural Roman (ICR), d-l Horia Roman Patapievici. Avand la dispozitie un buget de cateva milioane de dolari, avand sub control edituri si reviste culturale, el si ciracii sai au pornit un atac delirant indreptat impotriva a tot ce este romanesc. D-l Patapievici spune in clar: \u201cEminescu, ca poet national, si intreaga cultura nationala nu-si au locul sub zodia internationalismului\u201d. Sau: \u201cDaca vreti sa intrati in Europa, trebuie sa va debarasati de Eminescu\u201d. Daca nu credeti, ma voi referi la seara dedicata \u201cLuceafarului poeziei romanesti\u201d, desfasurata la Consulatul General al Romaniei din New York si boicotata de Institutul Cultural Roman New York, condus de d-na Corina Suteu, ai carui angajati nu au avut decat curiozitatea de \u201ca baga capul\u201d la acest eveniment, care a durat 6 sau 7 ore. Aceasta manifestare a avut loc prin bunavointa Consulului General al Romaniei la New York, d-l Pietro Lucian Pavoni, caruia trebuie sa-i exprimam sincera gratitudine.<\/h4>\r\n<h4 style=\"text-align: justify;\">Nu pot sa nu adaug faptul ca nu mi se permite (de doi ani!) sa particip la activitatile ICR New York, deoarece am cerut sa se vorbeasca si romaneste la manifestarile organizate de Institut (pentru participarea din aceasta seara, a trebuit sa mi se dea o derogare speciala de la Washington!). Vreau sa mai adresez cateva cuvinte doamnelor si domnilor din spatele meu, care strigau, cu inversunare, sa nu fiu lasat sa mai vorbesc si sa fiu dat afara! Daca Dvs. mai sunteti azi in viata, aceasta i se datoreaza maresalului Ion Antonescu si \u2013 in primul rand \u2013 omeniei romanilor. Este greu pentru mine sa inteleg cum multi romani accepta orice compromis, inclusiv acest raport degradant. La fel, nu pot sa inteleg cum multi evrei, in loc sa fie recunoscatori si sa le arate gratitudine celor care le-au salvat viata, stau si asteapta sa le mai dea inca o palma. Un adevar spus doar pe jumatate seamana cu o minciuna. Pe fundalul unei tragedii adevarate, asistam aici la un atac fara precedent la adresa Istoriei si Culturii Romanesti. Daca vrem sa ne recastigam demnitatea, trebuie sa spunem adevarul intreg. Va multumesc pentru rabdarea si atentia Dumneavoastra.&#8221;<\/h4>\r\n<h3 style=\"text-align: justify;\">ROBERT HORVAT , Cineast, New York<\/h3>\r\n<h4 style=\"text-align: justify;\"><em>P.S. Cu ocazia Anului Nou, evreii au datoria de a multumi rom\u00e2nilor si in primul r\u00e2nd maresalului Antonescu, pentru ca i-a salvat de la holocaust. Iata ce a spus presedintele Israelului, Shimon Peres, la recenta sa vizita in Rom\u00e2nia, despre agest gest unic in istoria universala: \u201dNu vom uita niciodat\u0103 c\u0103, \u00een cele mai negre perioade ale istoriei, vremuri ale nazismului, Rom\u00e2nia a ajutat la salvarea a 400.000 de evrei, care au venit \u00een Israel \u015fi au ajutat la construirea acestui stat, dar i-au p\u0103strat \u015fi identitatea \u015fi cultura \u015fi dragostea pentru Rom\u00e2nia.\u201d In acel moment al istoriei, la conducerea Rom\u00e2niei se afla ION ANTONESCU, singurul om care a avut curajul sa se opuna lui Hitler. El a dat voce vointei poporului rom\u00e2n. De pe teritoriul Regatului Rom\u00e2niei nu a plecat niciun tren spre lagarele mortii.<\/em><\/h4>\r\n<h4 style=\"text-align: justify;\">NOTA REDAC\u0162IEI. Am contactat-o telefonic pe d-na Corina \u015euteu, directorul ICR New York, rug\u00e2nd-o s\u0103-mi explice cum promoveaz\u0103 institu\u0163ia pe care o conduce imaginea Rom\u00e2niei \u00een SUA organiz\u00e2nd astfel de ac\u0163iuni. D-na \u015euteu mi-a r\u0103spuns cu un \u201ccitat\u201d folosit \u00een ultima vreme de pre\u015fedintele Traian B\u0103sescu, sub al c\u0103rui \u00eenalt patronaj (\u015fi finan\u0163are) func\u0163ioneaz\u0103 ICR, coordonat de d-l Horia Roman Patapievici: \u201cDvs. sunte\u0163i ostili Institutului \u015fi reprezenta\u0163i un grup de interese\u201d! \u00cei vom aminti d-nei Corina \u015euteu articolele 2 \u015fi 3 din Legea de func\u0163ionare (din 2003) a Institutului Cultural Rom\u00e2n, unde (\u00eenc\u0103) \u00ee\u015fi desf\u0103\u015foar\u0103 activitatea (pe bani publici!)&#8230;\r\n*Articolul 2: \u201cInstitutul (ICR) are drept scop reprezentarea, promovarea \u015fi protejarea culturii \u015fi civiliza\u0163iei na\u0163ionale \u00een \u0163ar\u0103 \u015fi \u00een str\u0103in\u0103tate\u201d. *Articolul 3: \u201cInstitutul (ICR) are urm\u0103toarele obiective: a) stimularea \u015fi promovarea valorilor na\u0163ionale ale culturii, artei \u015fi \u015ftiin\u0163ei; b) sus\u0163inerea circula\u0163iei valorilor culturii \u015fi \u015ftiin\u0163ei dinspre \u015fi \u00eenspre \u0163ar\u0103, consolidarea \u015fi amplificarea, sub diferite forme, a rela\u0163iilor cu comunit\u0103\u0163ile rom\u00e2ne\u015fti de peste hotare\u201d. V\u0103 las pe Dvs. s\u0103 aprecia\u0163i \u00een ce m\u0103sur\u0103 d-na Corina \u015euteu respect\u0103 legea \u015fi \u00eei recomand\u0103m directorului ICR New York s\u0103 foloseasc\u0103 \u015fi expresii proprii, nu s\u0103 \u00eemprumute cuvinte din limbajul suburban preziden\u0163ial (\u201cgrupuri de interese\u201d, \u201cmoguli\u201d, \u201ctonomate cu euro\u201d (pardon, dolari!), \u201cp\u0103s\u0103ric\u0103\u201d sau \u201c\u0163iganc\u0103 \u00eempu\u0163it\u0103\u201d.\r\n\u015ei mai am o \u00eentrebare: cum a fost posibil ca rom\u00e2nii s\u0103 fie eticheta\u0163i drept un popor de criminali chiar sub acoperi\u015ful institu\u0163iei care are drept scop promovarea imaginii \u0163\u0103rii \u00een str\u0103in\u0103tate?! Cei care au ceva de spus\/scris sunt ruga\u0163i s\u0103 m\u0103\/ne contacteze.<\/h4>\r\n<h4 style=\"text-align: right;\"><em>Autor: Robert Horvath (New York)<\/em><\/h4>\r\n<h4 style=\"text-align: justify;\"><em>Articol preluat din <a href=\"http:\/\/www.nymagazin.com\/atitudini.html?aid=798&amp;numar=564&amp;highlight=Robert%20Horvath\" target=\"_blank\" rel=\"noopener\">New York Magazin<\/a>. Titlu original: \u201eIstorie cu jum\u0103t\u0103\u0163i de m\u0103sur\u0103 la ICR New York\u201d<\/em><\/h4>        <div class=\"booster-block booster-reactions-block\">\n            <div class=\"twp-reactions-icons\">\n                \n                <div class=\"twp-reacts-wrap\">\n                    <a react-data=\"be-react-1\" post-id=\"3806\" class=\"be-face-icons un-reacted\" href=\"javascript:void(0)\">\n                        <img decoding=\"async\" src=\"https:\/\/desteptati-va.ro\/wp-content\/plugins\/booster-extension\/\/assets\/icon\/happy.svg\" alt=\"Happy\">\n                    <\/a>\n                    <div class=\"twp-reaction-title\">\n                        Happy                    <\/div>\n                    <div class=\"twp-count-percent\">\n                                                    <span style=\"display: none;\" class=\"twp-react-count\">0<\/span>\n                        \n                                                <span class=\"twp-react-percent\"><span>0<\/span> %<\/span>\n                                            <\/div>\n                <\/div>\n\n                <div class=\"twp-reacts-wrap\">\n                    <a react-data=\"be-react-2\" post-id=\"3806\" class=\"be-face-icons un-reacted\" href=\"javascript:void(0)\">\n                        <img decoding=\"async\" src=\"https:\/\/desteptati-va.ro\/wp-content\/plugins\/booster-extension\/\/assets\/icon\/sad.svg\" alt=\"Sad\">\n                    <\/a>\n                    <div class=\"twp-reaction-title\">\n                        Sad                    <\/div>\n                    <div class=\"twp-count-percent\">\n                                                    <span style=\"display: none;\" class=\"twp-react-count\">0<\/span>\n                                                                        <span class=\"twp-react-percent\"><span>0<\/span> %<\/span>\n                                            <\/div>\n                <\/div>\n\n                <div class=\"twp-reacts-wrap\">\n                    <a react-data=\"be-react-3\" post-id=\"3806\" class=\"be-face-icons un-reacted\" href=\"javascript:void(0)\">\n                        <img decoding=\"async\" src=\"https:\/\/desteptati-va.ro\/wp-content\/plugins\/booster-extension\/\/assets\/icon\/excited.svg\" alt=\"Excited\">\n                    <\/a>\n                    <div class=\"twp-reaction-title\">\n                        Excited                    <\/div>\n                    <div class=\"twp-count-percent\">\n                                                    <span style=\"display: none;\" class=\"twp-react-count\">0<\/span>\n                                                                        <span class=\"twp-react-percent\"><span>0<\/span> %<\/span>\n                                            <\/div>\n                <\/div>\n\n                <div class=\"twp-reacts-wrap\">\n                    <a react-data=\"be-react-6\" post-id=\"3806\" class=\"be-face-icons un-reacted\" href=\"javascript:void(0)\">\n                        <img decoding=\"async\" src=\"https:\/\/desteptati-va.ro\/wp-content\/plugins\/booster-extension\/\/assets\/icon\/sleepy.svg\" alt=\"Sleepy\">\n                    <\/a>\n                    <div class=\"twp-reaction-title\">\n                        Sleepy                    <\/div>\n                    <div class=\"twp-count-percent\">\n                                                    <span style=\"display: none;\" class=\"twp-react-count\">0<\/span>\n                        \n                                                <span class=\"twp-react-percent\"><span>0<\/span> %<\/span>\n                                            <\/div>\n                <\/div>\n\n                <div class=\"twp-reacts-wrap\">\n                    <a react-data=\"be-react-4\" post-id=\"3806\" class=\"be-face-icons un-reacted\" href=\"javascript:void(0)\">\n                        <img decoding=\"async\" src=\"https:\/\/desteptati-va.ro\/wp-content\/plugins\/booster-extension\/\/assets\/icon\/angry.svg\" alt=\"Angry\">\n                    <\/a>\n                    <div class=\"twp-reaction-title\">Angry<\/div>\n                    <div class=\"twp-count-percent\">\n                                                    <span style=\"display: none;\" class=\"twp-react-count\">0<\/span>\n                                                                        <span class=\"twp-react-percent\"><span>0<\/span> %<\/span>\n                        \n                    <\/div>\n                <\/div>\n\n                <div class=\"twp-reacts-wrap\">\n                    <a react-data=\"be-react-5\" post-id=\"3806\" class=\"be-face-icons un-reacted\" href=\"javascript:void(0)\">\n                        <img decoding=\"async\" src=\"https:\/\/desteptati-va.ro\/wp-content\/plugins\/booster-extension\/\/assets\/icon\/surprise.svg\" alt=\"Surprise\">\n                    <\/a>\n                    <div class=\"twp-reaction-title\">Surprise<\/div>\n                    <div class=\"twp-count-percent\">\n                                                    <span style=\"display: none;\" class=\"twp-react-count\">0<\/span>\n                                                                        <span class=\"twp-react-percent\"><span>0<\/span> %<\/span>\n                                            <\/div>\n                <\/div>\n\n            <\/div>\n        <\/div>\n\n    <\/div>","protected":false},"excerpt":{"rendered":"<p>&#8222;Stimate domnule editor Grigore L. CULIAN, Ma numesc Robert Horvath, sunt de profesie cineast, absolvent al Institutului de Arta Teatrala<a href=\"https:\/\/desteptati-va.ro\/index.php\/2021\/04\/16\/istorie-cu-jumatati-de-masura\/\">Read More<i class=\"fa fa-long-arrow-right\" aria-hidden=\"true\"><\/i><\/a><\/p>\n","protected":false},"author":1,"featured_media":858,"comment_status":"open","ping_status":"open","sticky":false,"template":"","format":"standard","meta":{"_crdt_document":"","footnotes":""},"categories":[6],"tags":[559,952,237,953,367,954,955,956,957,958,59,60,959,960,282,961,726,175,283,962,963,284,964,154,965,966,967,259,260,968,969,970,567,971,972,973,974,975,669,364,976,351,179,977,978,979,980,732,981,982],"class_list":["post-3806","post","type-post","status-publish","format-standard","has-post-thumbnail","hentry","category-istorii-nestiute","tag-antisemit","tag-antisemitism","tag-antonescu","tag-bala","tag-biserica","tag-bucuresti","tag-comisie","tag-corina","tag-cultura","tag-cultural","tag-desteptati","tag-desteptati-va","tag-eliade","tag-enciclopedie","tag-evrei","tag-genocid","tag-guvern","tag-hitler","tag-holocaust","tag-icr","tag-institutul","tag-ion","tag-ion-bratianu","tag-istorie","tag-iudaica","tag-iuliu-maniu","tag-manhattan","tag-maresal","tag-mihai","tag-mihai-eminescu","tag-mihai-ionescu","tag-mircea","tag-mondial","tag-muzeu","tag-new-york","tag-nicodim","tag-patriarh","tag-peres","tag-raport","tag-razboi","tag-regina-elena","tag-roman","tag-romania","tag-shimon","tag-shimon-peres","tag-solutia-finala","tag-suteu","tag-traian-basescu","tag-washington","tag-wiesel"],"rise-blocks_total_comments":2,"rise-blocks_categories":[{"term_id":6,"name":"Istorii nestiute","slug":"istorii-nestiute","term_group":0,"term_taxonomy_id":6,"taxonomy":"category","description":"","parent":3,"count":9,"filter":"raw"}],"rise-blocks_excerpt":"&#8222;Stimate domnule editor Grigore L. CULIAN, Ma numesc Robert Horvath, sunt de profesie cineast, absolvent al Institutului de Arta Teatrala si Cinematografica Bucuresti (IATC) si am lucrat la multe studiouri din Romania, indeosebi la Televiziunea Romana. Actualmente, imi continui activitatea la studioul meu de film, \u201cKiro Studio International\u201d, cu sedii in Manhattan (New York) si Tokio. Sunt cunoscut, de asemenea,..","yoast_head":"<!-- This site is optimized with the Yoast SEO plugin v26.9 - https:\/\/yoast.com\/product\/yoast-seo-wordpress\/ -->\r\n<title>Istorie cu jumatati de masura -<\/title>\r\n<meta name=\"robots\" content=\"index, follow, max-snippet:-1, max-image-preview:large, max-video-preview:-1\" \/>\r\n<link rel=\"canonical\" href=\"https:\/\/desteptati-va.ro\/index.php\/2021\/04\/16\/istorie-cu-jumatati-de-masura\/\" \/>\r\n<meta property=\"og:locale\" content=\"ro_RO\" \/>\r\n<meta property=\"og:type\" content=\"article\" \/>\r\n<meta property=\"og:title\" content=\"Istorie cu jumatati de masura -\" \/>\r\n<meta property=\"og:description\" content=\"&#8222;Stimate domnule editor Grigore L. CULIAN, Ma numesc Robert Horvath, sunt de profesie cineast, absolvent al Institutului de Arta TeatralaRead More\" \/>\r\n<meta property=\"og:url\" content=\"https:\/\/desteptati-va.ro\/index.php\/2021\/04\/16\/istorie-cu-jumatati-de-masura\/\" \/>\r\n<meta property=\"article:published_time\" content=\"2021-04-16T11:08:49+00:00\" \/>\r\n<meta property=\"og:image\" content=\"https:\/\/desteptati-va.ro\/wp-content\/uploads\/2021\/04\/Horvath-Robert.png\" \/>\r\n\t<meta property=\"og:image:width\" content=\"300\" \/>\r\n\t<meta property=\"og:image:height\" content=\"300\" \/>\r\n\t<meta property=\"og:image:type\" content=\"image\/png\" \/>\r\n<meta name=\"author\" content=\"wolfsoftcompany\" \/>\r\n<meta name=\"twitter:card\" content=\"summary_large_image\" \/>\r\n<meta name=\"twitter:label1\" content=\"Scris de\" \/>\n\t<meta name=\"twitter:data1\" content=\"wolfsoftcompany\" \/>\n\t<meta name=\"twitter:label2\" content=\"Timp estimat pentru citire\" \/>\n\t<meta name=\"twitter:data2\" content=\"10 minute\" \/>\r\n<script type=\"application\/ld+json\" class=\"yoast-schema-graph\">{\"@context\":\"https:\/\/schema.org\",\"@graph\":[{\"@type\":\"Article\",\"@id\":\"https:\/\/desteptati-va.ro\/index.php\/2021\/04\/16\/istorie-cu-jumatati-de-masura\/#article\",\"isPartOf\":{\"@id\":\"https:\/\/desteptati-va.ro\/index.php\/2021\/04\/16\/istorie-cu-jumatati-de-masura\/\"},\"author\":{\"name\":\"wolfsoftcompany\",\"@id\":\"https:\/\/desteptati-va.ro\/#\/schema\/person\/13182deeebd44920914899f7bb262d6b\"},\"headline\":\"Istorie cu jumatati de masura\",\"datePublished\":\"2021-04-16T11:08:49+00:00\",\"mainEntityOfPage\":{\"@id\":\"https:\/\/desteptati-va.ro\/index.php\/2021\/04\/16\/istorie-cu-jumatati-de-masura\/\"},\"wordCount\":2095,\"commentCount\":0,\"image\":{\"@id\":\"https:\/\/desteptati-va.ro\/index.php\/2021\/04\/16\/istorie-cu-jumatati-de-masura\/#primaryimage\"},\"thumbnailUrl\":\"https:\/\/desteptati-va.ro\/wp-content\/uploads\/2021\/04\/Horvath-Robert.png\",\"keywords\":[\"antisemit\",\"antisemitism\",\"Antonescu\",\"Bala\",\"biserica\",\"Bucuresti\",\"comisie\",\"corina\",\"cultura\",\"Cultural\",\"desteptati\",\"desteptati-va\",\"Eliade\",\"Enciclopedie\",\"evrei\",\"genocid\",\"guvern\",\"Hitler\",\"Holocaust\",\"ICR\",\"Institutul\",\"Ion\",\"Ion Bratianu\",\"istorie\",\"Iudaica\",\"Iuliu Maniu\",\"Manhattan\",\"maresal\",\"Mihai\",\"Mihai Eminescu\",\"Mihai Ionescu\",\"Mircea\",\"Mondial\",\"Muzeu\",\"new york\",\"Nicodim\",\"Patriarh\",\"Peres\",\"raport\",\"razboi\",\"regina Elena\",\"Roman\",\"Romania\",\"shimon\",\"Shimon Peres\",\"solutia finala\",\"suteu\",\"Traian Basescu\",\"washington\",\"Wiesel\"],\"articleSection\":[\"Istorii nestiute\"],\"inLanguage\":\"ro-RO\",\"potentialAction\":[{\"@type\":\"CommentAction\",\"name\":\"Comment\",\"target\":[\"https:\/\/desteptati-va.ro\/index.php\/2021\/04\/16\/istorie-cu-jumatati-de-masura\/#respond\"]}]},{\"@type\":\"WebPage\",\"@id\":\"https:\/\/desteptati-va.ro\/index.php\/2021\/04\/16\/istorie-cu-jumatati-de-masura\/\",\"url\":\"https:\/\/desteptati-va.ro\/index.php\/2021\/04\/16\/istorie-cu-jumatati-de-masura\/\",\"name\":\"Istorie cu jumatati de masura -\",\"isPartOf\":{\"@id\":\"https:\/\/desteptati-va.ro\/#website\"},\"primaryImageOfPage\":{\"@id\":\"https:\/\/desteptati-va.ro\/index.php\/2021\/04\/16\/istorie-cu-jumatati-de-masura\/#primaryimage\"},\"image\":{\"@id\":\"https:\/\/desteptati-va.ro\/index.php\/2021\/04\/16\/istorie-cu-jumatati-de-masura\/#primaryimage\"},\"thumbnailUrl\":\"https:\/\/desteptati-va.ro\/wp-content\/uploads\/2021\/04\/Horvath-Robert.png\",\"datePublished\":\"2021-04-16T11:08:49+00:00\",\"author\":{\"@id\":\"https:\/\/desteptati-va.ro\/#\/schema\/person\/13182deeebd44920914899f7bb262d6b\"},\"breadcrumb\":{\"@id\":\"https:\/\/desteptati-va.ro\/index.php\/2021\/04\/16\/istorie-cu-jumatati-de-masura\/#breadcrumb\"},\"inLanguage\":\"ro-RO\",\"potentialAction\":[{\"@type\":\"ReadAction\",\"target\":[\"https:\/\/desteptati-va.ro\/index.php\/2021\/04\/16\/istorie-cu-jumatati-de-masura\/\"]}]},{\"@type\":\"ImageObject\",\"inLanguage\":\"ro-RO\",\"@id\":\"https:\/\/desteptati-va.ro\/index.php\/2021\/04\/16\/istorie-cu-jumatati-de-masura\/#primaryimage\",\"url\":\"https:\/\/desteptati-va.ro\/wp-content\/uploads\/2021\/04\/Horvath-Robert.png\",\"contentUrl\":\"https:\/\/desteptati-va.ro\/wp-content\/uploads\/2021\/04\/Horvath-Robert.png\",\"width\":300,\"height\":300},{\"@type\":\"BreadcrumbList\",\"@id\":\"https:\/\/desteptati-va.ro\/index.php\/2021\/04\/16\/istorie-cu-jumatati-de-masura\/#breadcrumb\",\"itemListElement\":[{\"@type\":\"ListItem\",\"position\":1,\"name\":\"Prima pagin\u0103\",\"item\":\"https:\/\/desteptati-va.ro\/\"},{\"@type\":\"ListItem\",\"position\":2,\"name\":\"Istorie cu jumatati de masura\"}]},{\"@type\":\"WebSite\",\"@id\":\"https:\/\/desteptati-va.ro\/#website\",\"url\":\"https:\/\/desteptati-va.ro\/\",\"name\":\"\",\"description\":\"\",\"potentialAction\":[{\"@type\":\"SearchAction\",\"target\":{\"@type\":\"EntryPoint\",\"urlTemplate\":\"https:\/\/desteptati-va.ro\/?s={search_term_string}\"},\"query-input\":{\"@type\":\"PropertyValueSpecification\",\"valueRequired\":true,\"valueName\":\"search_term_string\"}}],\"inLanguage\":\"ro-RO\"},{\"@type\":\"Person\",\"@id\":\"https:\/\/desteptati-va.ro\/#\/schema\/person\/13182deeebd44920914899f7bb262d6b\",\"name\":\"wolfsoftcompany\",\"image\":{\"@type\":\"ImageObject\",\"inLanguage\":\"ro-RO\",\"@id\":\"https:\/\/desteptati-va.ro\/#\/schema\/person\/image\/\",\"url\":\"https:\/\/secure.gravatar.com\/avatar\/a6cce9b6d101d27d91690e7073e300fed94c0899890bf998e082cb9d2c3d121e?s=96&d=mm&r=g\",\"contentUrl\":\"https:\/\/secure.gravatar.com\/avatar\/a6cce9b6d101d27d91690e7073e300fed94c0899890bf998e082cb9d2c3d121e?s=96&d=mm&r=g\",\"caption\":\"wolfsoftcompany\"},\"sameAs\":[\"http:\/\/desteptati-va.ro\"],\"url\":\"https:\/\/desteptati-va.ro\/index.php\/author\/wolfsoftcompany\/\"}]}<\/script>\r\n<!-- \/ Yoast SEO plugin. -->","yoast_head_json":{"title":"Istorie cu jumatati de masura -","robots":{"index":"index","follow":"follow","max-snippet":"max-snippet:-1","max-image-preview":"max-image-preview:large","max-video-preview":"max-video-preview:-1"},"canonical":"https:\/\/desteptati-va.ro\/index.php\/2021\/04\/16\/istorie-cu-jumatati-de-masura\/","og_locale":"ro_RO","og_type":"article","og_title":"Istorie cu jumatati de masura -","og_description":"&#8222;Stimate domnule editor Grigore L. CULIAN, Ma numesc Robert Horvath, sunt de profesie cineast, absolvent al Institutului de Arta TeatralaRead More","og_url":"https:\/\/desteptati-va.ro\/index.php\/2021\/04\/16\/istorie-cu-jumatati-de-masura\/","article_published_time":"2021-04-16T11:08:49+00:00","og_image":[{"width":300,"height":300,"url":"https:\/\/desteptati-va.ro\/wp-content\/uploads\/2021\/04\/Horvath-Robert.png","type":"image\/png"}],"author":"wolfsoftcompany","twitter_card":"summary_large_image","twitter_misc":{"Scris de":"wolfsoftcompany","Timp estimat pentru citire":"10 minute"},"schema":{"@context":"https:\/\/schema.org","@graph":[{"@type":"Article","@id":"https:\/\/desteptati-va.ro\/index.php\/2021\/04\/16\/istorie-cu-jumatati-de-masura\/#article","isPartOf":{"@id":"https:\/\/desteptati-va.ro\/index.php\/2021\/04\/16\/istorie-cu-jumatati-de-masura\/"},"author":{"name":"wolfsoftcompany","@id":"https:\/\/desteptati-va.ro\/#\/schema\/person\/13182deeebd44920914899f7bb262d6b"},"headline":"Istorie cu jumatati de masura","datePublished":"2021-04-16T11:08:49+00:00","mainEntityOfPage":{"@id":"https:\/\/desteptati-va.ro\/index.php\/2021\/04\/16\/istorie-cu-jumatati-de-masura\/"},"wordCount":2095,"commentCount":0,"image":{"@id":"https:\/\/desteptati-va.ro\/index.php\/2021\/04\/16\/istorie-cu-jumatati-de-masura\/#primaryimage"},"thumbnailUrl":"https:\/\/desteptati-va.ro\/wp-content\/uploads\/2021\/04\/Horvath-Robert.png","keywords":["antisemit","antisemitism","Antonescu","Bala","biserica","Bucuresti","comisie","corina","cultura","Cultural","desteptati","desteptati-va","Eliade","Enciclopedie","evrei","genocid","guvern","Hitler","Holocaust","ICR","Institutul","Ion","Ion Bratianu","istorie","Iudaica","Iuliu Maniu","Manhattan","maresal","Mihai","Mihai Eminescu","Mihai Ionescu","Mircea","Mondial","Muzeu","new york","Nicodim","Patriarh","Peres","raport","razboi","regina Elena","Roman","Romania","shimon","Shimon Peres","solutia finala","suteu","Traian Basescu","washington","Wiesel"],"articleSection":["Istorii nestiute"],"inLanguage":"ro-RO","potentialAction":[{"@type":"CommentAction","name":"Comment","target":["https:\/\/desteptati-va.ro\/index.php\/2021\/04\/16\/istorie-cu-jumatati-de-masura\/#respond"]}]},{"@type":"WebPage","@id":"https:\/\/desteptati-va.ro\/index.php\/2021\/04\/16\/istorie-cu-jumatati-de-masura\/","url":"https:\/\/desteptati-va.ro\/index.php\/2021\/04\/16\/istorie-cu-jumatati-de-masura\/","name":"Istorie cu jumatati de masura -","isPartOf":{"@id":"https:\/\/desteptati-va.ro\/#website"},"primaryImageOfPage":{"@id":"https:\/\/desteptati-va.ro\/index.php\/2021\/04\/16\/istorie-cu-jumatati-de-masura\/#primaryimage"},"image":{"@id":"https:\/\/desteptati-va.ro\/index.php\/2021\/04\/16\/istorie-cu-jumatati-de-masura\/#primaryimage"},"thumbnailUrl":"https:\/\/desteptati-va.ro\/wp-content\/uploads\/2021\/04\/Horvath-Robert.png","datePublished":"2021-04-16T11:08:49+00:00","author":{"@id":"https:\/\/desteptati-va.ro\/#\/schema\/person\/13182deeebd44920914899f7bb262d6b"},"breadcrumb":{"@id":"https:\/\/desteptati-va.ro\/index.php\/2021\/04\/16\/istorie-cu-jumatati-de-masura\/#breadcrumb"},"inLanguage":"ro-RO","potentialAction":[{"@type":"ReadAction","target":["https:\/\/desteptati-va.ro\/index.php\/2021\/04\/16\/istorie-cu-jumatati-de-masura\/"]}]},{"@type":"ImageObject","inLanguage":"ro-RO","@id":"https:\/\/desteptati-va.ro\/index.php\/2021\/04\/16\/istorie-cu-jumatati-de-masura\/#primaryimage","url":"https:\/\/desteptati-va.ro\/wp-content\/uploads\/2021\/04\/Horvath-Robert.png","contentUrl":"https:\/\/desteptati-va.ro\/wp-content\/uploads\/2021\/04\/Horvath-Robert.png","width":300,"height":300},{"@type":"BreadcrumbList","@id":"https:\/\/desteptati-va.ro\/index.php\/2021\/04\/16\/istorie-cu-jumatati-de-masura\/#breadcrumb","itemListElement":[{"@type":"ListItem","position":1,"name":"Prima pagin\u0103","item":"https:\/\/desteptati-va.ro\/"},{"@type":"ListItem","position":2,"name":"Istorie cu jumatati de masura"}]},{"@type":"WebSite","@id":"https:\/\/desteptati-va.ro\/#website","url":"https:\/\/desteptati-va.ro\/","name":"","description":"","potentialAction":[{"@type":"SearchAction","target":{"@type":"EntryPoint","urlTemplate":"https:\/\/desteptati-va.ro\/?s={search_term_string}"},"query-input":{"@type":"PropertyValueSpecification","valueRequired":true,"valueName":"search_term_string"}}],"inLanguage":"ro-RO"},{"@type":"Person","@id":"https:\/\/desteptati-va.ro\/#\/schema\/person\/13182deeebd44920914899f7bb262d6b","name":"wolfsoftcompany","image":{"@type":"ImageObject","inLanguage":"ro-RO","@id":"https:\/\/desteptati-va.ro\/#\/schema\/person\/image\/","url":"https:\/\/secure.gravatar.com\/avatar\/a6cce9b6d101d27d91690e7073e300fed94c0899890bf998e082cb9d2c3d121e?s=96&d=mm&r=g","contentUrl":"https:\/\/secure.gravatar.com\/avatar\/a6cce9b6d101d27d91690e7073e300fed94c0899890bf998e082cb9d2c3d121e?s=96&d=mm&r=g","caption":"wolfsoftcompany"},"sameAs":["http:\/\/desteptati-va.ro"],"url":"https:\/\/desteptati-va.ro\/index.php\/author\/wolfsoftcompany\/"}]}},"_links":{"self":[{"href":"https:\/\/desteptati-va.ro\/index.php\/wp-json\/wp\/v2\/posts\/3806","targetHints":{"allow":["GET"]}}],"collection":[{"href":"https:\/\/desteptati-va.ro\/index.php\/wp-json\/wp\/v2\/posts"}],"about":[{"href":"https:\/\/desteptati-va.ro\/index.php\/wp-json\/wp\/v2\/types\/post"}],"author":[{"embeddable":true,"href":"https:\/\/desteptati-va.ro\/index.php\/wp-json\/wp\/v2\/users\/1"}],"replies":[{"embeddable":true,"href":"https:\/\/desteptati-va.ro\/index.php\/wp-json\/wp\/v2\/comments?post=3806"}],"version-history":[{"count":1,"href":"https:\/\/desteptati-va.ro\/index.php\/wp-json\/wp\/v2\/posts\/3806\/revisions"}],"predecessor-version":[{"id":3808,"href":"https:\/\/desteptati-va.ro\/index.php\/wp-json\/wp\/v2\/posts\/3806\/revisions\/3808"}],"wp:featuredmedia":[{"embeddable":true,"href":"https:\/\/desteptati-va.ro\/index.php\/wp-json\/wp\/v2\/media\/858"}],"wp:attachment":[{"href":"https:\/\/desteptati-va.ro\/index.php\/wp-json\/wp\/v2\/media?parent=3806"}],"wp:term":[{"taxonomy":"category","embeddable":true,"href":"https:\/\/desteptati-va.ro\/index.php\/wp-json\/wp\/v2\/categories?post=3806"},{"taxonomy":"post_tag","embeddable":true,"href":"https:\/\/desteptati-va.ro\/index.php\/wp-json\/wp\/v2\/tags?post=3806"}],"curies":[{"name":"wp","href":"https:\/\/api.w.org\/{rel}","templated":true}]}}