{"id":3809,"date":"2021-04-16T11:11:20","date_gmt":"2021-04-16T11:11:20","guid":{"rendered":"http:\/\/desteptati.ro\/?p=3809"},"modified":"2021-04-16T11:11:20","modified_gmt":"2021-04-16T11:11:20","slug":"de-ce-ne-urasc-fiii-celor-care-au-bolsevizat-romania","status":"publish","type":"post","link":"https:\/\/desteptati-va.ro\/index.php\/2021\/04\/16\/de-ce-ne-urasc-fiii-celor-care-au-bolsevizat-romania\/","title":{"rendered":"De ce ne ur\u0103sc fiii celor care au bol\u015fevizat Rom\u00e2nia?"},"content":{"rendered":"<div class=\"post-content\"><div class='booster-block booster-read-block'>\n                <div class=\"twp-read-time\">\n                \t<i class=\"booster-icon twp-clock\"><\/i> <span>Read Time:<\/span>7 Minute, 19 Second                <\/div>\n\n            <\/div><table>\r\n<tbody>\r\n<tr>\r\n<td><\/td>\r\n<td>\r\n\r\n<figure id=\"attachment_392\" aria-describedby=\"caption-attachment-392\" style=\"width: 275px\" class=\"wp-caption aligncenter\"><a href=\"http:\/\/www.desteptati-va.ro\/wp-content\/uploads\/2011\/02\/vladimir_tismaneanu3.jpg\"><img loading=\"lazy\" decoding=\"async\" class=\"size-full wp-image-392\" title=\"Vladimir Tismaneanu\" src=\"http:\/\/www.desteptati-va.ro\/wp-content\/uploads\/2011\/02\/vladimir_tismaneanu3.jpg\" alt=\"Vladimir Tismaneanu\" width=\"275\" height=\"200\" \/><\/a><figcaption id=\"caption-attachment-392\" class=\"wp-caption-text\">Vladimir Tismaneanu<\/figcaption><\/figure><\/td>\r\n<\/tr>\r\n<\/tbody>\r\n<\/table>\r\n<h4 style=\"text-align: justify;\">Imediat dup\u0103 evenimentele din decembrie 1989, \u00een peisajul mediatic au ap\u0103rut voci care au \u00eenceput s\u0103 ne r\u0103st\u0103lm\u0103ceasc\u0103 istoria, minimaliz\u00eend \u015fi denatur\u00eend faptele de glorie ale \u00eenainta\u015filor, s\u0103 ne def\u0103imeze personalit\u0103\u0163ile devenite simboluri \u015fi valori ale spiritualit\u0103\u0163ii rom\u00e2ne\u015fti \u015fi, \u00een general, s\u0103-i prezinte pe rom\u00e2ni ca un popor necivilizat, f\u0103r\u0103 cultur\u0103, f\u0103r\u0103 demnitate. La \u00eenceput, mai timide, aceste atacuri au crescut, treptat, \u00een agresivitate, ajung\u00eendu-se ca, ast\u0103zi, ele s\u0103 devin\u0103 un fapt obi\u015fnuit, de care nu se mai simt deranja\u0163i nici m\u0103car cei direct viza\u0163i, adic\u0103 rom\u00e2nii. Constr\u00een\u015fi s\u0103 se \u00eengrijeasc\u0103 de propria existen\u0163\u0103, sub presiunea unui individualism impus aproape cu brutalitate de activi\u015ftii neoliberalismului postdecembrist, mul\u0163i dintre ei nu \u015fi-au mai dat seama c\u0103 \u00een Rom\u00e2nia se instaura, cu ficare ac\u0163iune politic\u0103 sau a\u015fa-zis\u0103 reform\u0103 administrativ\u0103, economic\u0103, cultural\u0103 etc., un regim de ocupa\u0163ie. N-au sesizat, de\u015fi s-au str\u0103duit unii s\u0103 le deschid\u0103 ochii, c\u0103 atacurile din ce \u00een ce mai virulente asupra valorilor noastre culturale au fost g\u00eendite tocmai s\u0103 \u00eenlesneasc\u0103 realizarea acestui obiectiv. \u00cen acest scop, trebuiau demola\u0163i st\u00eelpii de rezisten\u0163\u0103 ai unit\u0103\u0163ii \u015fi coeziunii poporului, ai credin\u0163ei sale str\u0103mo\u015fe\u015fti, ai dorin\u0163ei sale de a tr\u0103i \u00eentr-o \u0163ar\u0103 liber\u0103 \u015fi independent\u0103, \u00een care s\u0103 se simt\u0103 st\u0103p\u00een pe munca \u015fi bog\u0103\u0163iile sale, valori pentru care \u015fi-au dat via\u0163a genera\u0163ii \u00eentregi de \u00eenainta\u015fi.<\/h4>\r\n<h4 style=\"text-align: justify;\">Mul\u0163i au fost du\u015fi \u00een eroare de aceste atacuri perfide, ajung\u00eend chiar s\u0103 cread\u0103 c\u0103 trecutul istoric al poporului rom\u00e2n, \u00een spiritul c\u0103ruia au fost educate at\u00eetea \u015fi at\u00eetea genera\u0163ii de rom\u00e2ni, ar fi fost glorificat, artificial, de propaganda comunist\u0103. Campania furibund\u0103 de condamnare a fostului regim, ce a reprezentat, practic, suportul ideologic al ac\u0163iunilor de demolare a structurilor institu\u0163ionale ale statului, s-a dovedit a fi extrem de benefic\u0103 \u015fi pentru propaganda denigratoare \u00eendreptat\u0103 \u00eempotriva valorilor definitorii ale neamului rom\u00e2nesc.<\/h4>\r\n<h4 style=\"text-align: justify;\">A trebuit, \u00eens\u0103, s\u0103 treac\u0103 21 de ani, s\u0103 vedem \u0163ara pr\u0103bu\u015fit\u0103, cu economia devastat\u0103, cu bog\u0103\u0163iile ei \u00een m\u00eena a tot felul de aventurieri str\u0103ini, cu valorile noastre spirituale def\u0103imate, cu \u00eenv\u0103\u0163\u0103m\u00eentul, cultura, s\u0103n\u0103tatea \u015fi chiar vitalitatea poporului grav afectate, ca s\u0103 ne d\u0103m seama c\u0103 tot ceea ce a \u00eenceput \u00een acel decembrie nefericit pentru poporul rom\u00e2n n-a fost nimic altceva dec\u00eet o agresiune de mari propor\u0163ii, care continu\u0103 \u015fi \u00een prezent \u015fi care nu are alt scop dec\u00eet s\u0103 ne piard\u0103 ca neam, pentru ca aceste teritorii \u015fi cine or mai r\u0103m\u00eene pe ele s\u0103 ajung\u0103 pentru totdeauna sub st\u0103p\u00eenire str\u0103in\u0103.<\/h4>\r\n<h4 style=\"text-align: justify;\">Dac\u0103 mai s\u00eent unii care se \u00eendoiesc de aceast\u0103 perspectiv\u0103 \u015fi nu \u00een\u0163eleg c\u0103 tot dezastrul ce s-a produs \u00een ultimii 21 de ani este rezultatul unor ac\u0163iuni premeditate, le supun aten\u0163iei, ca un argument suplimentar, o scurt\u0103 analiz\u0103 asupra unora dintre cei mai aprigi detractori \u015fi def\u0103im\u0103tori ai neamului rom\u00e2nesc.<\/h4>\r\n<h4 style=\"text-align: justify;\">\u00cen primul r\u00eend, cred c\u0103 nu-i o simpl\u0103 coinciden\u0163\u0103 c\u0103, \u00een marea lor majoritate, ace\u015ftia s\u00eent fiii celor care, tot \u00eentr-un moment greu pentru \u0163ar\u0103, respectiv spre sf\u00eer\u015fitul celui de-al II-lea r\u0103zboi mondial, au impus, de asemenea, Rom\u00e2niei un regim de st\u0103p\u00eenire str\u0103in\u0103, f\u0103c\u00eendu-se cunoscu\u0163i prin zelul lor nem\u0103surat fa\u0163\u0103 de ocupantul sovietic. Activi\u015fti ai bol\u015feviz\u0103rii \u0163\u0103rii \u015fi du\u015fmani ai poporului rom\u00e2n, ace\u015ftia ne-au r\u0103mas \u00een amintire prin cunoscutele fapte criminale din anii &#8217;50, ce au urm\u0103rit anihilarea fizic\u0103 a intelectualit\u0103\u0163ii, considerat\u0103, pe bun\u0103 dreptate, st\u00eelpul rezisten\u0163ei na\u0163ionale. A se constata c\u0103 analizele \u015fi rechizitoriile asupra acestor grave evenimente i-au ocolit, cu premeditare, pe adev\u0103ra\u0163ii vinova\u0163i. Au fost supu\u015fi, \u00eens\u0103, oprobriului public tot rom\u00e2nii, care, din ignoran\u0163\u0103, au devenit victime ale manipul\u0103rii \u015fi au fost folosi\u0163i \u00een asemenea ac\u0163iuni barbare.<\/h4>\r\n<table style=\"height: 280px;\" width=\"1054\">\r\n<tbody>\r\n<tr>\r\n<td>\r\n\r\n<figure id=\"attachment_394\" aria-describedby=\"caption-attachment-394\" style=\"width: 327px\" class=\"wp-caption aligncenter\"><a href=\"http:\/\/www.desteptati-va.ro\/wp-content\/uploads\/2011\/02\/valter_roman2.jpg\"><img loading=\"lazy\" decoding=\"async\" class=\" wp-image-394\" title=\"Walter Roman\" src=\"http:\/\/www.desteptati-va.ro\/wp-content\/uploads\/2011\/02\/valter_roman2.jpg\" alt=\"Walter Roman\" width=\"327\" height=\"238\" \/><\/a><figcaption id=\"caption-attachment-394\" class=\"wp-caption-text\">Walter Roman<\/figcaption><\/figure><\/td>\r\n<td>\r\n\r\n<figure id=\"attachment_384\" aria-describedby=\"caption-attachment-384\" style=\"width: 300px\" class=\"wp-caption aligncenter\"><img loading=\"lazy\" decoding=\"async\" class=\"size-full wp-image-384\" src=\"http:\/\/www.desteptati-va.ro\/wp-content\/uploads\/2011\/02\/petre_roman2.jpg\" alt=\"Petre Roman\" width=\"300\" height=\"225\" \/><figcaption id=\"caption-attachment-384\" class=\"wp-caption-text\">Petre Roman<\/figcaption><\/figure><\/td>\r\n<\/tr>\r\n<\/tbody>\r\n<\/table>\r\n<h4 style=\"text-align: justify;\">Adev\u0103ra\u0163ii criminali de atunci \u015fi-au dus traiul tihnit p\u00een\u0103 la ad\u00eenci b\u0103tr\u00eene\u0163e \u015fi \u015fi-au l\u0103sat urma\u015fi de n\u0103dejde, care le continu\u0103 &#8222;opera&#8221; \u015fi \u00een vremurile noastre. Iat\u0103, doar, patru dintre aceste nume: Leonte Tism\u0103neanu, n\u0103scut Leonid Tismine\u0163ki, Walter Roman, n\u0103scut Neul\u00e4nder, Dionis Patapievici, n\u0103scut Denys Patapiewicz, \u015fi Mihai Oi\u015fteanu, n\u0103scut Mihail Oigenstein. Ce au ei \u00een comun? \u00cen primul r\u00eend, faptul c\u0103 to\u0163i s\u00eent jidani, proveni\u0163i din teritoriile unde sovieticii \u015fi-au preg\u0103tit ac\u0163iunile \u00eempotriva Rom\u00e2niei, to\u0163i, dup\u0103 1964, \u015fi-au rom\u00e2nizat numele pentru a-\u015fi ascunde originea, dar, mai ales, crimele s\u0103v\u00eer\u015fite \u00een perioada de bol\u015fevizare a Rom\u00e2niei, to\u0163i au ajuns, cu sprijinul Moscovei \u015fi al NKVD-ului, pe trepte \u00eenalte ale ierarhiei de partid, to\u0163i \u015fi-au l\u0103sat cel pu\u0163in c\u00eete un urma\u015f c\u0103rora le-a transmis atitudinea lor ostil\u0103 fa\u0163\u0103 de rom\u00e2ni \u015fi misiunea de a continua s\u0103-i du\u015fm\u0103neasc\u0103.<\/h4>\r\n<h4 style=\"text-align: justify;\">Anul 1964 a marcat \u00eenceputul unei perioade de dezghe\u0163 \u00een politica statului comunist. Rom\u00e2nii din nomenclatura de partid \u015fi-au \u00eent\u0103rit pozi\u0163iile \u015fi au \u00eenceput s\u0103 imprime propagandei \u015fi ideologiei de partid un caracter na\u0163ional din ce \u00een ce mai pronun\u0163at. S-au recunoscut \u015fi au fost condamnate chiar \u015fi o parte din gre\u015felile \u015fi crimele trecutului. Rom\u00e2nia se distan\u0163a tot mai mult de Moscova \u015fi stabilea rela\u0163ii cu lumea occidental\u0103. Concomitent, aparatul de partid \u015fi institu\u0163iile statului au fost cur\u0103\u0163ate de elemente alogene, bar\u00eendu-se, totodat\u0103, prin subtile p\u00eerghii administrative, accesul etnicilor minoritari \u00een func\u0163ii importante. \u00cen aceste condi\u0163ii, indivizi ca aceia nominaliza\u0163i mai sus \u015fi-au pierdut pozi\u0163iile dominante \u00een partid \u015fi, o dat\u0103 cu ele, privilegiile importante de care beneficiau. Desigur, n-au fost arunca\u0163i \u00een strad\u0103 din locuin\u0163ele luxoase pe care le ocupau, a\u015fa cum au f\u0103cut odraslele lor cu rom\u00e2nii dup\u0103 1990, dar nici nu li s-a mai permis desfr\u00eeul \u015fi opulen\u0163a cu care se obi\u015fnuiser\u0103 \u015fi, mai ales, favoarea pe care le-o d\u0103dea puterea.<\/h4>\r\n<figure id=\"attachment_385\" aria-describedby=\"caption-attachment-385\" style=\"width: 300px\" class=\"wp-caption aligncenter\"><a href=\"http:\/\/www.desteptati-va.ro\/wp-content\/uploads\/2011\/02\/horia_roman_patapievici1.jpg\"><img loading=\"lazy\" decoding=\"async\" class=\"size-full wp-image-385\" title=\"Horia Roman Patapievici\" src=\"http:\/\/www.desteptati-va.ro\/wp-content\/uploads\/2011\/02\/horia_roman_patapievici1.jpg\" alt=\"Horia Roman Patapievici\" width=\"300\" height=\"225\" \/><\/a><figcaption id=\"caption-attachment-385\" class=\"wp-caption-text\">Horia Roman Patapievici<\/figcaption><\/figure>\r\n<h4 style=\"text-align: justify;\">Cei care le-au f\u0103cut aceast\u0103 &#8222;nepl\u0103cere&#8221; erau tocmai rom\u00e2nii, pe care ei \u00eei urau genetic \u015fi lucru acesta n-aveau cum s\u0103-l uite. Unii au mai apucat momentul r\u0103zbun\u0103rii din decembrie 1989, a\u015fa cum a fost Silviu Brucan, alt evreu cu nume schimbat, al\u0163ii au l\u0103sat pe seama urma\u015filor du\u015fm\u0103nia \u00eempotriva rom\u00e2nilor \u015fi, din c\u00eete se constat\u0103, ace\u015ftia se dovedesc extrem de zelo\u015fi \u00een a-\u015fi executa aceste obliga\u0163ii testamentare. \u00cei recunoa\u015ftem, prin ostilitatea ce o manifest\u0103 fa\u0163\u0103 de rom\u00e2ni, prin \u00eenver\u015funarea cu care \u00eencearc\u0103 s\u0103 ne \u00eenstr\u0103ineze de valorile na\u0163ionale \u015fi, \u00een general, prin r\u0103ul imens f\u0103cut \u0163\u0103rii \u00een ace\u015fti 20 de ani, pe indivizi ca Vladimir Tism\u0103neanu, Petre Roman, Horia Roman Patapievici sau Andrei Oi\u015fteanu. S\u00eent binecunoscute blasfemiile lor \u00eempotriva personalit\u0103\u0163ilor istorice, culturale, teologice etc. care ne-au marcat istoria \u015fi ne-au ridicat spiritualitatea na\u0163ional\u0103 ce ne d\u0103 identitate, legitimitate \u015fi ne plaseaz\u0103 \u00een r\u00eendul na\u0163iunilor civilizate etc.<\/h4>\r\n<h4 style=\"text-align: justify;\">\u015ei ei, ca \u015fi bol\u015fevicii din care, biologic, se trag, tot de pe func\u0163ii de autoritate \u00eei du\u015fm\u0103nesc pe rom\u00e2ni. Puterea ce le-o confer\u0103 aceste func\u0163ii le permit s\u0103 ac\u0163ioneze cu mai mult\u0103 eficien\u0163\u0103 \u015fi, totodat\u0103, s\u0103 beneficieze de privilegii \u015fi s\u0103 duc\u0103 un trai opulent pe seama poporului pe care-l batjocoresc prin cele mai infame expresii. Dac\u0103 p\u0103rin\u0163ii lor i-au du\u015fm\u0103nit pe rom\u00e2ni \u00een numele comunismului, iat\u0103 c\u0103 ei o fac de pe pozi\u0163ie de anticomuni\u015fti. Numai vectorul s-a schimbat, scopul a r\u0103mas \u00eens\u0103 acela\u015fi, adic\u0103 s\u0103-i men\u0163in\u0103 pe rom\u00e2ni \u00eentr-o stare de \u00eenapoiere cultural\u0103 pentru a-i putea domina.<\/h4>\r\n<h4 style=\"text-align: justify;\">Pentru rom\u00e2ni se pun, \u00eens\u0103, ni\u015fte \u00eentreb\u0103ri: de ce tocmai Patapievici, cel care s-a afirmat deschis ca denigrator al neamului rom\u00e2nesc, a fost numit \u015fi reinvestit \u00een func\u0163ia de pre\u015fedinte al Institutului Cultural Rom\u00e2n, organism care ar trebui s\u0103 ne promoveze cultura \u015fi valorile \u00een lume \u015fi de care el, de fapt, se folose\u015fte pentru a ne batjocori \u015fi a ne expune \u00een ipostaze umilitoare? De ce o alt\u0103 odrasl\u0103 de bol\u015fevic, \u00een spe\u0163\u0103 Tism\u0103neanu, a ajuns &#8222;inchizitorul&#8221; comunismului, folosindu-se de aceast\u0103 ocazie, autoritate \u015fi, bine\u00een\u0163eles, fonduri substan\u0163iale, pentru a-i ataca, de fapt, tot pe rom\u00e2ni? De ce \u015fi celelalte odrasle de bol\u015fevici se situeaz\u0103 bine \u00een zona privilegia\u0163ilor postdecembri\u015fti, nimeni nu-i deranjeaz\u0103 cu nimic, ocup\u0103 func\u0163ii importante, duc un trai opulent pe seama rom\u00e2nilor pe care continu\u0103 s\u0103-i umileasc\u0103 cu abjec\u0163iile lor anticomuniste? S\u00eent \u00eentreb\u0103ri la care ar trebui s\u0103 r\u0103spund\u0103 cel care le-a \u00eencredin\u0163at aceste func\u0163ii \u015fi continu\u0103 s\u0103-i \u00eencurajeze \u00een ac\u0163iunile lor, de\u015fi acestea oripileaz\u0103 tot mai mult\u0103 lume.<\/h4>\r\n<h4 style=\"text-align: justify;\">S\u00eent, desigur, \u00eentreb\u0103ri retorice pe care orice rom\u00e2n adevarat ar trebui s\u0103 \u015fi le puna serios \u015fi sa identifice acei indivizi care prin tot ceea ce fac se pozitioneaz\u0103 impotriva intereselor poporului rom\u00e2n.\r\nIn aceste conditii orice rom\u00e2n adevarat ar trebui s\u0103 analizeze cu mai mult discern\u0103m\u00e2nt caracterul \u015fi prestatiile indivizilor pe care ii voteaz\u0103 \u015fi sa \u00eei trag\u0103 la r\u0103spundere pentru orice ac\u0163iune sau decizie care prejudiciaza interesele, binele \u015fi imaginea poporului rom\u00e2n.<\/h4>\r\n<h4>Un ROM\u00c2N<\/h4>        <div class=\"booster-block booster-reactions-block\">\n            <div class=\"twp-reactions-icons\">\n                \n                <div class=\"twp-reacts-wrap\">\n                    <a react-data=\"be-react-1\" post-id=\"3809\" class=\"be-face-icons un-reacted\" href=\"javascript:void(0)\">\n                        <img decoding=\"async\" src=\"https:\/\/desteptati-va.ro\/wp-content\/plugins\/booster-extension\/\/assets\/icon\/happy.svg\" alt=\"Happy\">\n                    <\/a>\n                    <div class=\"twp-reaction-title\">\n                        Happy                    <\/div>\n                    <div class=\"twp-count-percent\">\n                                                    <span style=\"display: none;\" class=\"twp-react-count\">0<\/span>\n                        \n                                                <span class=\"twp-react-percent\"><span>0<\/span> %<\/span>\n                                            <\/div>\n                <\/div>\n\n                <div class=\"twp-reacts-wrap\">\n                    <a react-data=\"be-react-2\" post-id=\"3809\" class=\"be-face-icons un-reacted\" href=\"javascript:void(0)\">\n                        <img decoding=\"async\" src=\"https:\/\/desteptati-va.ro\/wp-content\/plugins\/booster-extension\/\/assets\/icon\/sad.svg\" alt=\"Sad\">\n                    <\/a>\n                    <div class=\"twp-reaction-title\">\n                        Sad                    <\/div>\n                    <div class=\"twp-count-percent\">\n                                                    <span style=\"display: none;\" class=\"twp-react-count\">0<\/span>\n                                                                        <span class=\"twp-react-percent\"><span>0<\/span> %<\/span>\n                                            <\/div>\n                <\/div>\n\n                <div class=\"twp-reacts-wrap\">\n                    <a react-data=\"be-react-3\" post-id=\"3809\" class=\"be-face-icons un-reacted\" href=\"javascript:void(0)\">\n                        <img decoding=\"async\" src=\"https:\/\/desteptati-va.ro\/wp-content\/plugins\/booster-extension\/\/assets\/icon\/excited.svg\" alt=\"Excited\">\n                    <\/a>\n                    <div class=\"twp-reaction-title\">\n                        Excited                    <\/div>\n                    <div class=\"twp-count-percent\">\n                                                    <span style=\"display: none;\" class=\"twp-react-count\">0<\/span>\n                                                                        <span class=\"twp-react-percent\"><span>0<\/span> %<\/span>\n                                            <\/div>\n                <\/div>\n\n                <div class=\"twp-reacts-wrap\">\n                    <a react-data=\"be-react-6\" post-id=\"3809\" class=\"be-face-icons un-reacted\" href=\"javascript:void(0)\">\n                        <img decoding=\"async\" src=\"https:\/\/desteptati-va.ro\/wp-content\/plugins\/booster-extension\/\/assets\/icon\/sleepy.svg\" alt=\"Sleepy\">\n                    <\/a>\n                    <div class=\"twp-reaction-title\">\n                        Sleepy                    <\/div>\n                    <div class=\"twp-count-percent\">\n                                                    <span style=\"display: none;\" class=\"twp-react-count\">0<\/span>\n                        \n                                                <span class=\"twp-react-percent\"><span>0<\/span> %<\/span>\n                                            <\/div>\n                <\/div>\n\n                <div class=\"twp-reacts-wrap\">\n                    <a react-data=\"be-react-4\" post-id=\"3809\" class=\"be-face-icons un-reacted\" href=\"javascript:void(0)\">\n                        <img decoding=\"async\" src=\"https:\/\/desteptati-va.ro\/wp-content\/plugins\/booster-extension\/\/assets\/icon\/angry.svg\" alt=\"Angry\">\n                    <\/a>\n                    <div class=\"twp-reaction-title\">Angry<\/div>\n                    <div class=\"twp-count-percent\">\n                                                    <span style=\"display: none;\" class=\"twp-react-count\">0<\/span>\n                                                                        <span class=\"twp-react-percent\"><span>0<\/span> %<\/span>\n                        \n                    <\/div>\n                <\/div>\n\n                <div class=\"twp-reacts-wrap\">\n                    <a react-data=\"be-react-5\" post-id=\"3809\" class=\"be-face-icons un-reacted\" href=\"javascript:void(0)\">\n                        <img decoding=\"async\" src=\"https:\/\/desteptati-va.ro\/wp-content\/plugins\/booster-extension\/\/assets\/icon\/surprise.svg\" alt=\"Surprise\">\n                    <\/a>\n                    <div class=\"twp-reaction-title\">Surprise<\/div>\n                    <div class=\"twp-count-percent\">\n                                                    <span style=\"display: none;\" class=\"twp-react-count\">0<\/span>\n                                                                        <span class=\"twp-react-percent\"><span>0<\/span> %<\/span>\n                                            <\/div>\n                <\/div>\n\n            <\/div>\n        <\/div>\n\n    <\/div>","protected":false},"excerpt":{"rendered":"<p>Imediat dup\u0103 evenimentele din decembrie 1989, \u00een peisajul mediatic au ap\u0103rut voci care au \u00eenceput s\u0103 ne r\u0103st\u0103lm\u0103ceasc\u0103 istoria, minimaliz\u00eend<a href=\"https:\/\/desteptati-va.ro\/index.php\/2021\/04\/16\/de-ce-ne-urasc-fiii-celor-care-au-bolsevizat-romania\/\">Read More<i class=\"fa fa-long-arrow-right\" aria-hidden=\"true\"><\/i><\/a><\/p>\n","protected":false},"author":1,"featured_media":557,"comment_status":"open","ping_status":"open","sticky":false,"template":"","format":"standard","meta":{"_crdt_document":"","footnotes":""},"categories":[3,6],"tags":[983,984,910,985,911,986,653,938,987,59,60,988,940,989,990,991,992,228,993,994,995,363,996,864,351,949,225,906,997],"class_list":["post-3809","post","type-post","status-publish","format-standard","has-post-thumbnail","hentry","category-decembrie-89","category-istorii-nestiute","tag-agresivitate","tag-al-ii-lea-razboi-mondial","tag-bolsevici","tag-campanie","tag-comunism","tag-criminali","tag-decembrie-89","tag-denigrare","tag-desfrau","tag-desteptati","tag-desteptati-va","tag-dusmani","tag-evenimente","tag-ierarhie","tag-neam","tag-oisteanu","tag-opulenta","tag-partid","tag-patapievici","tag-patrie","tag-politruc","tag-popor","tag-prabusire","tag-propaganda","tag-roman","tag-romanism","tag-tara","tag-tismaneanu","tag-valori"],"rise-blocks_total_comments":1,"rise-blocks_categories":[{"term_id":6,"name":"Istorii nestiute","slug":"istorii-nestiute","term_group":0,"term_taxonomy_id":6,"taxonomy":"category","description":"","parent":3,"count":9,"filter":"raw"}],"rise-blocks_excerpt":"Imediat dup\u0103 evenimentele din decembrie 1989, \u00een peisajul mediatic au ap\u0103rut voci care au \u00eenceput s\u0103 ne r\u0103st\u0103lm\u0103ceasc\u0103 istoria, minimaliz\u00eend \u015fi denatur\u00eend faptele de glorie ale \u00eenainta\u015filor, s\u0103 ne def\u0103imeze personalit\u0103\u0163ile devenite simboluri \u015fi valori ale spiritualit\u0103\u0163ii rom\u00e2ne\u015fti \u015fi, \u00een general, s\u0103-i prezinte pe rom\u00e2ni ca un popor necivilizat, f\u0103r\u0103 cultur\u0103, f\u0103r\u0103 demnitate. La \u00eenceput, mai timide, aceste atacuri au..","yoast_head":"<!-- This site is optimized with the Yoast SEO plugin v26.9 - https:\/\/yoast.com\/product\/yoast-seo-wordpress\/ -->\r\n<title>De ce ne ur\u0103sc fiii celor care au bol\u015fevizat Rom\u00e2nia? -<\/title>\r\n<meta name=\"robots\" content=\"index, follow, max-snippet:-1, max-image-preview:large, max-video-preview:-1\" \/>\r\n<link rel=\"canonical\" href=\"https:\/\/desteptati-va.ro\/index.php\/2021\/04\/16\/de-ce-ne-urasc-fiii-celor-care-au-bolsevizat-romania\/\" \/>\r\n<meta property=\"og:locale\" content=\"ro_RO\" \/>\r\n<meta property=\"og:type\" content=\"article\" \/>\r\n<meta property=\"og:title\" content=\"De ce ne ur\u0103sc fiii celor care au bol\u015fevizat Rom\u00e2nia? -\" \/>\r\n<meta property=\"og:description\" content=\"Imediat dup\u0103 evenimentele din decembrie 1989, \u00een peisajul mediatic au ap\u0103rut voci care au \u00eenceput s\u0103 ne r\u0103st\u0103lm\u0103ceasc\u0103 istoria, minimaliz\u00eendRead More\" \/>\r\n<meta property=\"og:url\" content=\"https:\/\/desteptati-va.ro\/index.php\/2021\/04\/16\/de-ce-ne-urasc-fiii-celor-care-au-bolsevizat-romania\/\" \/>\r\n<meta property=\"article:published_time\" content=\"2021-04-16T11:11:20+00:00\" \/>\r\n<meta property=\"og:image\" content=\"https:\/\/desteptati-va.ro\/wp-content\/uploads\/2021\/04\/leonte_tismaneanu5.jpg\" \/>\r\n\t<meta property=\"og:image:width\" content=\"275\" \/>\r\n\t<meta property=\"og:image:height\" content=\"200\" \/>\r\n\t<meta property=\"og:image:type\" content=\"image\/jpeg\" \/>\r\n<meta name=\"author\" content=\"wolfsoftcompany\" \/>\r\n<meta name=\"twitter:card\" content=\"summary_large_image\" \/>\r\n<meta name=\"twitter:label1\" content=\"Scris de\" \/>\n\t<meta name=\"twitter:data1\" content=\"wolfsoftcompany\" \/>\n\t<meta name=\"twitter:label2\" content=\"Timp estimat pentru citire\" \/>\n\t<meta name=\"twitter:data2\" content=\"8 minute\" \/>\r\n<script type=\"application\/ld+json\" class=\"yoast-schema-graph\">{\"@context\":\"https:\/\/schema.org\",\"@graph\":[{\"@type\":\"Article\",\"@id\":\"https:\/\/desteptati-va.ro\/index.php\/2021\/04\/16\/de-ce-ne-urasc-fiii-celor-care-au-bolsevizat-romania\/#article\",\"isPartOf\":{\"@id\":\"https:\/\/desteptati-va.ro\/index.php\/2021\/04\/16\/de-ce-ne-urasc-fiii-celor-care-au-bolsevizat-romania\/\"},\"author\":{\"name\":\"wolfsoftcompany\",\"@id\":\"https:\/\/desteptati-va.ro\/#\/schema\/person\/13182deeebd44920914899f7bb262d6b\"},\"headline\":\"De ce ne ur\u0103sc fiii celor care au bol\u015fevizat Rom\u00e2nia?\",\"datePublished\":\"2021-04-16T11:11:20+00:00\",\"mainEntityOfPage\":{\"@id\":\"https:\/\/desteptati-va.ro\/index.php\/2021\/04\/16\/de-ce-ne-urasc-fiii-celor-care-au-bolsevizat-romania\/\"},\"wordCount\":1690,\"commentCount\":0,\"image\":{\"@id\":\"https:\/\/desteptati-va.ro\/index.php\/2021\/04\/16\/de-ce-ne-urasc-fiii-celor-care-au-bolsevizat-romania\/#primaryimage\"},\"thumbnailUrl\":\"https:\/\/desteptati-va.ro\/wp-content\/uploads\/2021\/04\/leonte_tismaneanu5.jpg\",\"keywords\":[\"agresivitate\",\"al II-lea razboi mondial\",\"bolsevici\",\"campanie\",\"comunism\",\"criminali\",\"decembrie 89\",\"denigrare\",\"desfrau\",\"desteptati\",\"desteptati-va\",\"dusmani\",\"evenimente\",\"ierarhie\",\"neam\",\"Oisteanu\",\"opulenta\",\"partid\",\"Patapievici\",\"patrie\",\"politruc\",\"popor\",\"prabusire\",\"propaganda\",\"Roman\",\"romanism\",\"tara\",\"Tismaneanu\",\"valori\"],\"articleSection\":[\"Decembrie 89\",\"Istorii nestiute\"],\"inLanguage\":\"ro-RO\",\"potentialAction\":[{\"@type\":\"CommentAction\",\"name\":\"Comment\",\"target\":[\"https:\/\/desteptati-va.ro\/index.php\/2021\/04\/16\/de-ce-ne-urasc-fiii-celor-care-au-bolsevizat-romania\/#respond\"]}]},{\"@type\":\"WebPage\",\"@id\":\"https:\/\/desteptati-va.ro\/index.php\/2021\/04\/16\/de-ce-ne-urasc-fiii-celor-care-au-bolsevizat-romania\/\",\"url\":\"https:\/\/desteptati-va.ro\/index.php\/2021\/04\/16\/de-ce-ne-urasc-fiii-celor-care-au-bolsevizat-romania\/\",\"name\":\"De ce ne ur\u0103sc fiii celor care au bol\u015fevizat Rom\u00e2nia? -\",\"isPartOf\":{\"@id\":\"https:\/\/desteptati-va.ro\/#website\"},\"primaryImageOfPage\":{\"@id\":\"https:\/\/desteptati-va.ro\/index.php\/2021\/04\/16\/de-ce-ne-urasc-fiii-celor-care-au-bolsevizat-romania\/#primaryimage\"},\"image\":{\"@id\":\"https:\/\/desteptati-va.ro\/index.php\/2021\/04\/16\/de-ce-ne-urasc-fiii-celor-care-au-bolsevizat-romania\/#primaryimage\"},\"thumbnailUrl\":\"https:\/\/desteptati-va.ro\/wp-content\/uploads\/2021\/04\/leonte_tismaneanu5.jpg\",\"datePublished\":\"2021-04-16T11:11:20+00:00\",\"author\":{\"@id\":\"https:\/\/desteptati-va.ro\/#\/schema\/person\/13182deeebd44920914899f7bb262d6b\"},\"breadcrumb\":{\"@id\":\"https:\/\/desteptati-va.ro\/index.php\/2021\/04\/16\/de-ce-ne-urasc-fiii-celor-care-au-bolsevizat-romania\/#breadcrumb\"},\"inLanguage\":\"ro-RO\",\"potentialAction\":[{\"@type\":\"ReadAction\",\"target\":[\"https:\/\/desteptati-va.ro\/index.php\/2021\/04\/16\/de-ce-ne-urasc-fiii-celor-care-au-bolsevizat-romania\/\"]}]},{\"@type\":\"ImageObject\",\"inLanguage\":\"ro-RO\",\"@id\":\"https:\/\/desteptati-va.ro\/index.php\/2021\/04\/16\/de-ce-ne-urasc-fiii-celor-care-au-bolsevizat-romania\/#primaryimage\",\"url\":\"https:\/\/desteptati-va.ro\/wp-content\/uploads\/2021\/04\/leonte_tismaneanu5.jpg\",\"contentUrl\":\"https:\/\/desteptati-va.ro\/wp-content\/uploads\/2021\/04\/leonte_tismaneanu5.jpg\",\"width\":275,\"height\":200},{\"@type\":\"BreadcrumbList\",\"@id\":\"https:\/\/desteptati-va.ro\/index.php\/2021\/04\/16\/de-ce-ne-urasc-fiii-celor-care-au-bolsevizat-romania\/#breadcrumb\",\"itemListElement\":[{\"@type\":\"ListItem\",\"position\":1,\"name\":\"Prima pagin\u0103\",\"item\":\"https:\/\/desteptati-va.ro\/\"},{\"@type\":\"ListItem\",\"position\":2,\"name\":\"De ce ne ur\u0103sc fiii celor care au bol\u015fevizat Rom\u00e2nia?\"}]},{\"@type\":\"WebSite\",\"@id\":\"https:\/\/desteptati-va.ro\/#website\",\"url\":\"https:\/\/desteptati-va.ro\/\",\"name\":\"\",\"description\":\"\",\"potentialAction\":[{\"@type\":\"SearchAction\",\"target\":{\"@type\":\"EntryPoint\",\"urlTemplate\":\"https:\/\/desteptati-va.ro\/?s={search_term_string}\"},\"query-input\":{\"@type\":\"PropertyValueSpecification\",\"valueRequired\":true,\"valueName\":\"search_term_string\"}}],\"inLanguage\":\"ro-RO\"},{\"@type\":\"Person\",\"@id\":\"https:\/\/desteptati-va.ro\/#\/schema\/person\/13182deeebd44920914899f7bb262d6b\",\"name\":\"wolfsoftcompany\",\"image\":{\"@type\":\"ImageObject\",\"inLanguage\":\"ro-RO\",\"@id\":\"https:\/\/desteptati-va.ro\/#\/schema\/person\/image\/\",\"url\":\"https:\/\/secure.gravatar.com\/avatar\/a6cce9b6d101d27d91690e7073e300fed94c0899890bf998e082cb9d2c3d121e?s=96&d=mm&r=g\",\"contentUrl\":\"https:\/\/secure.gravatar.com\/avatar\/a6cce9b6d101d27d91690e7073e300fed94c0899890bf998e082cb9d2c3d121e?s=96&d=mm&r=g\",\"caption\":\"wolfsoftcompany\"},\"sameAs\":[\"http:\/\/desteptati-va.ro\"],\"url\":\"https:\/\/desteptati-va.ro\/index.php\/author\/wolfsoftcompany\/\"}]}<\/script>\r\n<!-- \/ Yoast SEO plugin. -->","yoast_head_json":{"title":"De ce ne ur\u0103sc fiii celor care au bol\u015fevizat Rom\u00e2nia? -","robots":{"index":"index","follow":"follow","max-snippet":"max-snippet:-1","max-image-preview":"max-image-preview:large","max-video-preview":"max-video-preview:-1"},"canonical":"https:\/\/desteptati-va.ro\/index.php\/2021\/04\/16\/de-ce-ne-urasc-fiii-celor-care-au-bolsevizat-romania\/","og_locale":"ro_RO","og_type":"article","og_title":"De ce ne ur\u0103sc fiii celor care au bol\u015fevizat Rom\u00e2nia? -","og_description":"Imediat dup\u0103 evenimentele din decembrie 1989, \u00een peisajul mediatic au ap\u0103rut voci care au \u00eenceput s\u0103 ne r\u0103st\u0103lm\u0103ceasc\u0103 istoria, minimaliz\u00eendRead More","og_url":"https:\/\/desteptati-va.ro\/index.php\/2021\/04\/16\/de-ce-ne-urasc-fiii-celor-care-au-bolsevizat-romania\/","article_published_time":"2021-04-16T11:11:20+00:00","og_image":[{"width":275,"height":200,"url":"https:\/\/desteptati-va.ro\/wp-content\/uploads\/2021\/04\/leonte_tismaneanu5.jpg","type":"image\/jpeg"}],"author":"wolfsoftcompany","twitter_card":"summary_large_image","twitter_misc":{"Scris de":"wolfsoftcompany","Timp estimat pentru citire":"8 minute"},"schema":{"@context":"https:\/\/schema.org","@graph":[{"@type":"Article","@id":"https:\/\/desteptati-va.ro\/index.php\/2021\/04\/16\/de-ce-ne-urasc-fiii-celor-care-au-bolsevizat-romania\/#article","isPartOf":{"@id":"https:\/\/desteptati-va.ro\/index.php\/2021\/04\/16\/de-ce-ne-urasc-fiii-celor-care-au-bolsevizat-romania\/"},"author":{"name":"wolfsoftcompany","@id":"https:\/\/desteptati-va.ro\/#\/schema\/person\/13182deeebd44920914899f7bb262d6b"},"headline":"De ce ne ur\u0103sc fiii celor care au bol\u015fevizat Rom\u00e2nia?","datePublished":"2021-04-16T11:11:20+00:00","mainEntityOfPage":{"@id":"https:\/\/desteptati-va.ro\/index.php\/2021\/04\/16\/de-ce-ne-urasc-fiii-celor-care-au-bolsevizat-romania\/"},"wordCount":1690,"commentCount":0,"image":{"@id":"https:\/\/desteptati-va.ro\/index.php\/2021\/04\/16\/de-ce-ne-urasc-fiii-celor-care-au-bolsevizat-romania\/#primaryimage"},"thumbnailUrl":"https:\/\/desteptati-va.ro\/wp-content\/uploads\/2021\/04\/leonte_tismaneanu5.jpg","keywords":["agresivitate","al II-lea razboi mondial","bolsevici","campanie","comunism","criminali","decembrie 89","denigrare","desfrau","desteptati","desteptati-va","dusmani","evenimente","ierarhie","neam","Oisteanu","opulenta","partid","Patapievici","patrie","politruc","popor","prabusire","propaganda","Roman","romanism","tara","Tismaneanu","valori"],"articleSection":["Decembrie 89","Istorii nestiute"],"inLanguage":"ro-RO","potentialAction":[{"@type":"CommentAction","name":"Comment","target":["https:\/\/desteptati-va.ro\/index.php\/2021\/04\/16\/de-ce-ne-urasc-fiii-celor-care-au-bolsevizat-romania\/#respond"]}]},{"@type":"WebPage","@id":"https:\/\/desteptati-va.ro\/index.php\/2021\/04\/16\/de-ce-ne-urasc-fiii-celor-care-au-bolsevizat-romania\/","url":"https:\/\/desteptati-va.ro\/index.php\/2021\/04\/16\/de-ce-ne-urasc-fiii-celor-care-au-bolsevizat-romania\/","name":"De ce ne ur\u0103sc fiii celor care au bol\u015fevizat Rom\u00e2nia? -","isPartOf":{"@id":"https:\/\/desteptati-va.ro\/#website"},"primaryImageOfPage":{"@id":"https:\/\/desteptati-va.ro\/index.php\/2021\/04\/16\/de-ce-ne-urasc-fiii-celor-care-au-bolsevizat-romania\/#primaryimage"},"image":{"@id":"https:\/\/desteptati-va.ro\/index.php\/2021\/04\/16\/de-ce-ne-urasc-fiii-celor-care-au-bolsevizat-romania\/#primaryimage"},"thumbnailUrl":"https:\/\/desteptati-va.ro\/wp-content\/uploads\/2021\/04\/leonte_tismaneanu5.jpg","datePublished":"2021-04-16T11:11:20+00:00","author":{"@id":"https:\/\/desteptati-va.ro\/#\/schema\/person\/13182deeebd44920914899f7bb262d6b"},"breadcrumb":{"@id":"https:\/\/desteptati-va.ro\/index.php\/2021\/04\/16\/de-ce-ne-urasc-fiii-celor-care-au-bolsevizat-romania\/#breadcrumb"},"inLanguage":"ro-RO","potentialAction":[{"@type":"ReadAction","target":["https:\/\/desteptati-va.ro\/index.php\/2021\/04\/16\/de-ce-ne-urasc-fiii-celor-care-au-bolsevizat-romania\/"]}]},{"@type":"ImageObject","inLanguage":"ro-RO","@id":"https:\/\/desteptati-va.ro\/index.php\/2021\/04\/16\/de-ce-ne-urasc-fiii-celor-care-au-bolsevizat-romania\/#primaryimage","url":"https:\/\/desteptati-va.ro\/wp-content\/uploads\/2021\/04\/leonte_tismaneanu5.jpg","contentUrl":"https:\/\/desteptati-va.ro\/wp-content\/uploads\/2021\/04\/leonte_tismaneanu5.jpg","width":275,"height":200},{"@type":"BreadcrumbList","@id":"https:\/\/desteptati-va.ro\/index.php\/2021\/04\/16\/de-ce-ne-urasc-fiii-celor-care-au-bolsevizat-romania\/#breadcrumb","itemListElement":[{"@type":"ListItem","position":1,"name":"Prima pagin\u0103","item":"https:\/\/desteptati-va.ro\/"},{"@type":"ListItem","position":2,"name":"De ce ne ur\u0103sc fiii celor care au bol\u015fevizat Rom\u00e2nia?"}]},{"@type":"WebSite","@id":"https:\/\/desteptati-va.ro\/#website","url":"https:\/\/desteptati-va.ro\/","name":"","description":"","potentialAction":[{"@type":"SearchAction","target":{"@type":"EntryPoint","urlTemplate":"https:\/\/desteptati-va.ro\/?s={search_term_string}"},"query-input":{"@type":"PropertyValueSpecification","valueRequired":true,"valueName":"search_term_string"}}],"inLanguage":"ro-RO"},{"@type":"Person","@id":"https:\/\/desteptati-va.ro\/#\/schema\/person\/13182deeebd44920914899f7bb262d6b","name":"wolfsoftcompany","image":{"@type":"ImageObject","inLanguage":"ro-RO","@id":"https:\/\/desteptati-va.ro\/#\/schema\/person\/image\/","url":"https:\/\/secure.gravatar.com\/avatar\/a6cce9b6d101d27d91690e7073e300fed94c0899890bf998e082cb9d2c3d121e?s=96&d=mm&r=g","contentUrl":"https:\/\/secure.gravatar.com\/avatar\/a6cce9b6d101d27d91690e7073e300fed94c0899890bf998e082cb9d2c3d121e?s=96&d=mm&r=g","caption":"wolfsoftcompany"},"sameAs":["http:\/\/desteptati-va.ro"],"url":"https:\/\/desteptati-va.ro\/index.php\/author\/wolfsoftcompany\/"}]}},"_links":{"self":[{"href":"https:\/\/desteptati-va.ro\/index.php\/wp-json\/wp\/v2\/posts\/3809","targetHints":{"allow":["GET"]}}],"collection":[{"href":"https:\/\/desteptati-va.ro\/index.php\/wp-json\/wp\/v2\/posts"}],"about":[{"href":"https:\/\/desteptati-va.ro\/index.php\/wp-json\/wp\/v2\/types\/post"}],"author":[{"embeddable":true,"href":"https:\/\/desteptati-va.ro\/index.php\/wp-json\/wp\/v2\/users\/1"}],"replies":[{"embeddable":true,"href":"https:\/\/desteptati-va.ro\/index.php\/wp-json\/wp\/v2\/comments?post=3809"}],"version-history":[{"count":1,"href":"https:\/\/desteptati-va.ro\/index.php\/wp-json\/wp\/v2\/posts\/3809\/revisions"}],"predecessor-version":[{"id":3811,"href":"https:\/\/desteptati-va.ro\/index.php\/wp-json\/wp\/v2\/posts\/3809\/revisions\/3811"}],"wp:featuredmedia":[{"embeddable":true,"href":"https:\/\/desteptati-va.ro\/index.php\/wp-json\/wp\/v2\/media\/557"}],"wp:attachment":[{"href":"https:\/\/desteptati-va.ro\/index.php\/wp-json\/wp\/v2\/media?parent=3809"}],"wp:term":[{"taxonomy":"category","embeddable":true,"href":"https:\/\/desteptati-va.ro\/index.php\/wp-json\/wp\/v2\/categories?post=3809"},{"taxonomy":"post_tag","embeddable":true,"href":"https:\/\/desteptati-va.ro\/index.php\/wp-json\/wp\/v2\/tags?post=3809"}],"curies":[{"name":"wp","href":"https:\/\/api.w.org\/{rel}","templated":true}]}}