{"id":3826,"date":"2021-04-19T06:12:22","date_gmt":"2021-04-19T06:12:22","guid":{"rendered":"http:\/\/desteptati.ro\/?p=3826"},"modified":"2022-01-31T09:41:02","modified_gmt":"2022-01-31T07:41:02","slug":"din-culisele-revolutiei-romane-din-1989-partea-a-iii-a","status":"publish","type":"post","link":"https:\/\/desteptati-va.ro\/index.php\/2021\/04\/19\/din-culisele-revolutiei-romane-din-1989-partea-a-iii-a\/","title":{"rendered":"Din culisele Revolu\u0163iei rom\u00e2ne din 1989. Partea a III-a"},"content":{"rendered":"<div class=\"post-content\"><div class='booster-block booster-read-block'>\n                <div class=\"twp-read-time\">\n                \t<i class=\"booster-icon twp-clock\"><\/i> <span>Read Time:<\/span>12 Minute, 29 Second                <\/div>\n\n            <\/div><div>\n<h4>Continu\u0103m relatarea domnului Valentin Vasilescu, pilot de avia\u0163ie, fost comandant adjunct al Aeroportului Militar Otopeni, licen\u0163iat \u00een \u015ftiin\u0163\u0103 militar\u0103 la Academia de \u00cenalte Studii Militare din Bucure\u015fti-promo\u0163ia 1992, despre evenimentele din timpul Revolu\u0163iei rom\u00e2ne din 1989.<\/h4>\n<\/div>\n<div>\n<h4>&nbsp;&#8222;\u00cen episoadele anterioare cred c\u0103 am l\u0103murit cine a tras \u015fi cine n-a tras \u00een decembrie 1989, mai r\u0103m\u00e2n\u00e2nd s\u0103 vedem cine a comandat tragerea \u015fi \u00een folosul cui. Un rol mai pu\u021bin important \u00een declan\u015farea evenimentelor din decembrie 1989, dar crucial \u00een stabilirea traiectului urmat de Rom\u00e2nia dup\u0103 debarcarea lui Ceau\u0219escu de la putere, l-a avut primul grup de profitori, anume grupul de la Trocadero. El a fost denumit astfel dup\u0103 braseria-restaurant aflat\u0103 \u00een apropierea Institutului de Economie Mondial\u0103 din zona Universit\u0103\u0163ii, unde aveau loc reuniunile informale ale unor cercet\u0103tori de la ADIRI (Asocia\u0163ia de Drept Interna\u0163ional \u015fi Rela\u0163ii Interna\u021bionale), ISPSPN (Institutul de \u015etiin\u021be Politice \u015fi Studiere a Problemei Na\u0163ionale, cu sediul la etajul 7 al Academiei \u015etefan Gheorghiu), IEM (Institutul de Economie Mondial\u0103).<\/h4>\n<h4>\u00cen ultimii ani ai regimului Ceau\u015fescu, tehnocra\u0163ia comunist\u0103 din care f\u0103ceau parte cercet\u0103tori economi\u015fti, speciali\u015fti \u00een \u015ftiin\u0163e sociale \u015fi elita juridic\u0103 avea ca sarcin\u0103 de serviciu \u00een\u021belegerea mecanismului capitalist, func\u021bionarea angrenajului politic \u0219i economic, cu scopul descoperirii sl\u0103biciunilor \u0219i exploat\u0103rii lor \u00een favoarea statului socialist rom\u00e2n. Tocmai pe aceast\u0103 elit\u0103 (compus\u0103 din oameni \u00eentre 30 \u0219i 45 de ani), grupat\u0103 \u00een c\u00e2teva institu\u021bii cheie, ce aveau acces nelimitat la informa\u021bii, la literatura de specialitate \u0219i la dezbaterile de ultim\u0103 or\u0103 din Occident, Securitatea a constituit-o \u0219i a dirijat-o, ca s\u0103 devin\u0103 un poten\u021bial de nucleu de putere \u00een sfera deciziei politice \u0219i economice, \u00een viitor.<\/h4>\n<h4>De exemplu, Institutul de Economie Mondial\u0103, coordonat de serviciul de informa\u021bii externe din cadrul Securit\u0103\u0163ii (DIE\/CIE), cu regim de unitate militar\u0103, a fost creat special pentru a corespunde acestei func\u021biuni. \u00cen afar\u0103 de academicianul Costin Murgescu, director general \u0219i o autoritate profesional\u0103 de necontestat, majoritatea personalului apar\u021binea Securit\u0103\u021bii. Adjunct al directorului Institutului de Economie Mondial\u0103 era Gheorghe Marcu, ofi\u021ber DIE sub acoperire, coordonator al opera\u021biunii de v\u00e2nzare a evreilor derulat\u0103 sub supravegherea lui Nicolae Ceau\u015fescu.<\/h4>\n<h4>Liderul grupului de la Trocadero era Silviu Brucan (Saul Bruckner), fost un nomenclaturist din perioada stalinist\u0103, responsabil cu propaganda CC PCR, pozi\u021bie din care \u00een anii `50-`60 a reformat radioul \u0219i a creat televiziunea rom\u00e2n\u0103. A avut privilegiul de a-\u015fi desemna \u00eenlocuitorul \u00een persoana lui Ion Iliescu. Ion Iliescu a de\u021binut func\u021biile de membru supleant al CC al PCR (23 iulie 1965-12 august 1969), membru al CC al PCR (12 august 1969-22 noiembrie 1984), membru supleant al CPEx (12 august 1969-28 noiembrie 1974), membru deplin al CPEx (12 noiembrie 1974-23 noiembrie 1979), deputat \u00een MAN (din 3 februarie 1957 p\u00e2n\u0103 \u00een 1985) etc. Beneficiind de deschiderea survenit\u0103 \u00een anii `70, Ion Iliescu a reg\u00e2ndit televiziunea rom\u00e2n\u0103, prin introducerea emisiunilor de divertisment cu actori \u00eendr\u0103gi\u021bi precum Amza Pelea alias nea M\u0103rin, Octavian Cotescu \u0219i Coca Andronescu (Tan\u021ba \u0219i Costel) sau a reportajelor lui Tudor Vornicu \u0219i comentariile sportive ale lui Cristian \u0162opescu. To\u021bi directorii, \u0219efii de departamente \u0219i redac\u021bii din 1989 fuseser\u0103 adu\u0219i \u00een televiziune de Ion Iliescu. Brucan a fost apoi ambasador al Rom\u00e2niei \u00een Statele Unite \u0219i la ONU, de unde a fost eliberat din func\u021bie \u0219i a c\u0103zut \u00een dizgra\u021bia lui Ceau\u0219escu pentru suspiciunea c\u0103 ar fi fost racolat de CIA. Odat\u0103 sosit \u00een \u021bar\u0103 a devenit \u0219ef de sec\u021bie la Academia de \u00eenv\u0103\u021b\u0103m\u00e2nt social-politic \u015etefan Gheorghiu. \u00cen 1988 Securitatea \u00eei faciliteaz\u0103 lui Brucan plecarea pentru 6 luni \u00een Statele Unite, pentru a se \u00eent\u00e2lni cu func\u021bionari ai Departamentului de Stat\/Biroul pentru Europa Oriental\u0103, moment care s-a dovedit esen\u021bial pentru evenimentele ce aveau s\u0103 urmeze. \u00cen decembrie 1989 a devenit membru \u00een Consiliul Frontului Salv\u0103rii Na\u021bionale, premierul Petre Roman sus\u021bin\u00e2nd \u00een fa\u021ba Comisiei senatoriale pentru studierea evenimentelor din decembrie 1989 c\u0103 Silviu Brucan a fost cel care a insistat ca so\u021bii Ceau\u0219escu s\u0103 fie lichida\u021bi \u00een orice fel.<\/h4>\n<figure id=\"attachment_3834\" aria-describedby=\"caption-attachment-3834\" style=\"width: 360px\" class=\"wp-caption aligncenter\"><a href=\"http:\/\/www.desteptati-va.ro\/wp-content\/uploads\/2013\/06\/Mugur-Isarescu1.jpg\"><img loading=\"lazy\" decoding=\"async\" class=\" wp-image-3834 \" title=\"Mugur-Isarescu1\" src=\"http:\/\/www.desteptati-va.ro\/wp-content\/uploads\/2013\/06\/Mugur-Isarescu1.jpg\" alt=\"Mugur Isarescu\" width=\"360\" height=\"288\"><\/a><figcaption id=\"caption-attachment-3834\" class=\"wp-caption-text\">Mugur Isarescu<\/figcaption><\/figure>\n<h4>Un alt membru al grupului a fost Mugur Is\u0103rescu (Institutul de Economie Mondiala). Imediat dup\u0103 evenimentele din decembrie 1989 a fost trimis de Consiliul Frontului Salv\u0103rii Na\u021bionale diplomat la Ambasada Rom\u00e2niei din Statele Unite ale Americii. Din septembrie 1990 este guvernatorul B\u0103ncii Na\u021bionale a Rom\u00e2niei, dup\u0103 o mic\u0103 \u00eentrerupere \u00een 2000, c\u00e2nd a fost premier.<\/h4>\n<h4>Victor Babiuc fusese anterior consilier juridic \u015fef la ministerul Comer\u0163ului Exterior, de unde a fost mutat cercet\u0103tor \u015ftiin\u0163ific la Institutul de Economie Mondial\u0103, \u00eendeplinind \u0219i func\u021bia de consilier la Consiliul Legislativ. \u00cen perioada martie-iunie 1990 a fost expert la Comisia Constitu\u0163ional\u0103 a CPUN, 1990-1991 ministru al Justi\u0163iei, 1991-1992 ministru de Interne. A devenit deputat PD \u0219i \u00een perioada 1997-1999 a fost numit ministrul al Ap\u0103r\u0103rii (de\u0219i nu f\u0103cuse armata).<\/h4>\n<figure id=\"attachment_3835\" aria-describedby=\"caption-attachment-3835\" style=\"width: 360px\" class=\"wp-caption aligncenter\"><a href=\"http:\/\/www.desteptati-va.ro\/wp-content\/uploads\/2013\/06\/Eugen-Dijmarescu.jpg\"><img loading=\"lazy\" decoding=\"async\" class=\" wp-image-3835 \" title=\"Eugen-Dijmarescu\" src=\"http:\/\/www.desteptati-va.ro\/wp-content\/uploads\/2013\/06\/Eugen-Dijmarescu.jpg\" alt=\"Eugen Dijmarescu\" width=\"360\" height=\"225\"><\/a><figcaption id=\"caption-attachment-3835\" class=\"wp-caption-text\">Eugen Dijmarescu<\/figcaption><\/figure>\n<h4>Eugen Dijm\u0103rescu, secretarul PCR pe Institutul de Economie Mondial\u0103, urmase seminarul de Studii Americane din Salzburg \u00een 1973, un stagiu la Brookings Institution \u00een 1981 \u0219i la Universitatea de Stat Tempe din Arizona, \u00een 1985. \u00cen martie-iunie 1990 func\u021bioneaz\u0103 ca ministru secretar de Stat \u0219i pre\u0219edinte al Agen\u021biei de coordonare a asisten\u021bei Externe, \u00een iunie 1990 devenind ministrul economiei \u0219i finan\u021belor \u00een guvernul condus de Petre Roman. \u00cen perioada 1994-1999 a fost ambasador al Rom\u00e2niei \u00een Japonia, pentru ca \u00een 2003 Dijm\u0103rescu s\u0103 devin\u0103 membru al guvernului Adrian N\u0103stase, \u00een calitate de ministru-delegat pentru Comer\u021b. Din 2004 \u00eendepline\u0219te func\u021bia de viceguvernator al B\u0103ncii Na\u021bionale a Rom\u00e2niei.<\/h4>\n<h4>Daniel Daianu (Institutul de Economie Mondial\u0103), lucrase \u00een perioada 1976-1978 la Direc\u021bia de Informa\u021bii Externe (DIE) a Departamentului Securit\u0103\u021bii Statului. A devenit ministru adjunct al finan\u021belor \u00een 1992 \u0219i ministru al finan\u021belor \u00eentre anii 1997-1998.<\/h4>\n<h4>Adrian N\u0103stase (ADIRI) este c\u0103s\u0103torit cu Dana Miculescu, fiica lui Angelo Miculescu, fost ministru \u0219i vicepremier \u00een Rom\u00e2nia socialist\u0103. \u00centre 1990-1992 a fost ministru de externe al Rom\u00e2niei, pre\u0219edinte al Parlamentului \u00eentre 1992-1996 \u0219i 2004-2006 \u015fi premier al Rom\u00e2niei \u0219i pre\u015fedinte al PSD \u00eentre 2000-2002. \u00cen anul 2012 Securitatea s-a r\u0103zbunat, fiind condamnat la doi ani de \u00eenchisoare pentru corup\u021bie, f\u0103r\u0103 ca \u00eempotriva sa s\u0103 existe vreo prob\u0103.<\/h4>\n<h4>Adrian Severin (ADIRI) a fost lector la Academia de \u00eenv\u0103\u021b\u0103m\u00e2nt social-politic \u015etefan Gheorghiu. A devenit vice prim-ministru \u0219i ministru pentru Reform\u0103 \u0219i Rela\u021biile cu Parlamentul (1990-1991), pre\u0219edinte al Agen\u021biei Na\u021bionale pentru privatizarea \u0219i dezvoltarea \u00eentreprinderilor mici \u0219i mijlocii (1991-1992), viceprim-ministru \u015fi Ministru al Afacerilor Externe (1996-1997) din partea PD. \u00cen prezent este europarlamentar PSD.<\/h4>\n<figure id=\"attachment_3836\" aria-describedby=\"caption-attachment-3836\" style=\"width: 480px\" class=\"wp-caption aligncenter\"><a href=\"http:\/\/www.desteptati-va.ro\/wp-content\/uploads\/2013\/06\/1348835432Melescanu_MR-10.jpg\"><img loading=\"lazy\" decoding=\"async\" class=\" wp-image-3836 \" title=\"1348835432Melescanu_MR (10)\" src=\"http:\/\/www.desteptati-va.ro\/wp-content\/uploads\/2013\/06\/1348835432Melescanu_MR-10.jpg\" alt=\"George Melescanu\" width=\"480\" height=\"270\"><\/a><figcaption id=\"caption-attachment-3836\" class=\"wp-caption-text\">George Melescanu<\/figcaption><\/figure>\n<h4>Teodor Melescanu (ADIRI) a urmat cursuri postuniversitare la facultatea de \u0219tiin\u021be economice \u0219i sociale a Universit\u0103\u021bii din Geneva \u0219i la Institutul Interna\u021bional de \u00cenalte Studii Interna\u021bionale din Geneva ob\u021bin\u00e2nd titlul \u0219tiin\u021bific de doctor \u00een \u0219tiin\u021be politice \u0219i drept interna\u021bional. \u00centre anii 1978-1985, a fost secretar II la misiunea permanent\u0103 a Rom\u00e2niei de pe l\u00e2ng\u0103 Organiza\u021bia Na\u021biunilor Unite, \u00eentre 1985-1989 a lucrat \u00een centrala Ministerului Afacerilor Externe, \u00eendeplinind func\u021biile de secretar I la departamentul Securitate Interna\u021bional\u0103 \u0219i Dezarmare \u015fi subsecretar de stat. \u00cen perioada 1991-1992 a devenit secretar de stat, iar \u00eentre 1992-1996 a fost ministru al Afacerilor Externe \u00een guvernul PDSR condus de Nicolae V\u0103c\u0103roiu. \u00cen 2002 Mele\u0219canu a devenit prim-vicepre\u0219edinte al PNL, \u00een 2004-2008 senator al Alian\u021bei D.A, \u00een 2007-2008 a fost ministru al Ap\u0103r\u0103rii \u00een guvernul T\u0103riceanu. Din 2012 \u00eendepline\u0219te func\u021bia de director al Serviciului de Informa\u021bii Externe.<\/h4>\n<h4>Teodor Stolojan a func\u021bionat ca director adjunct \u0219i director al Departamentului Rela\u021bii Valutare \u0219i Financiare Interna\u021bionale din Ministerul de Finan\u021be (1988\u20131989). Dup\u0103 revolu\u021bie a fost ministru adjunct la ministerul Finan\u021belor p\u00e2n\u0103 \u00een aprilie 1990, apoi ministru al Finan\u021belor, \u00een cabinetul Petre Roman II (\u00een perioada iunie 1990\u2013aprilie 1991). \u00cen mai 1991 a devenit pre\u0219edinte al Agen\u021biei Na\u021bionale de Privatizare, lucr\u00e2nd la elaborarea primului proiect al Legii privatiz\u0103rii \u0219i la \u00eenfiin\u021barea Fondului Propriet\u0103\u021bii de Stat (FPS). A fost prim-ministru (octombrie 1991-noiembrie 1992), a lucrat la New York, la Banca Mondial\u0103, a devenit membru al PDSR \u0219i consilier al lui Ion Iliescu \u00een campania preziden\u021bial\u0103 din 1996. \u00cen perioada 2002-2004 a fost pre\u0219edinte al Partidului Na\u021bional Liberal, iar din 2004 a devenit consilier pe probleme economice al pre\u0219edintelui Traian B\u0103sescu. A trecut la PDL, devenind europarlamentar.<\/h4>\n<h4>Ioan Mircea Pa\u0219cu era secretarul PCR al Institutului de \u0218tiin\u0163e Politice \u015fi de Studiere a Problemei Na\u0163ionale din cadrul academiei \u015etefan Gheorghiu. El a urmat seminarul pentru Studii Americane de la Salzburg (1973), a primit bursa Funda\u021biei Ford (1979-1981), a lucrat ca cercet\u0103tor rezident la Institutul pentru Studii de Securitate Est-Vest din New York (1988-1989). A fost membru al Consiliului Frontului Salv\u0103rii Na\u021bionale, consilier Preziden\u021bial (1990-1992), secretar de Stat la MApN (1993-1996), ministru al Ap\u0103r\u0103rii (2000-2004). \u00cen prezent este europarlamentar PSD.<\/h4>\n<h4>Dup\u0103 absolvirea facult\u0103\u021bii, Virgil M\u0103gureanu (\u015etefan Gheorghiu) a ajuns cadru universitar de psihosociologie la academia \u201e\u015etefan Gheorghiu\u201d din Bucure\u0219ti (1969-1989), devenind totodat\u0103 colaborator al Securit\u0103\u021bii interne \u00een februarie 1972, fiind apoi \u00eencadrat \u00een DIE cu grad de c\u0103pitan (1972-1978). Din 1984 a devenit m\u00e2na dreapt\u0103 a lui Ion Iliescu \u00een activit\u0103\u021bile complotiste pentru debarcarea lui Ceau\u0219escu, devenind la Revolu\u021bie membru al CFSN \u0219i CPUN \u0219i particip\u00e2nd la procesul so\u021bilor Ceau\u0219escu de la T\u00e2rgovi\u0219te (26 decembrie 1989). \u00cen martie 1990 a fost numit \u00een func\u021bia de director al Serviciului Rom\u00e2n de Informa\u021bii, func\u021bie de\u021binut\u0103 p\u00e2n\u0103 \u00een aprilie 1997.<\/h4>\n<h4>Dorel \u0218andor (\u015etefan Gheorghiu) coleg de birou cu Virgil M\u0103gureanu, a fost anterior profesor de socialism \u0219tiin\u021bific la \u0219coala de ofi\u021beri a Securit\u0103\u021bii de la B\u0103neasa. Revolu\u021bia l-a prins \u00een pozi\u021bia de secretar II la MAE. A fost numit secretar de stat la Ministerul Reformei, \u00een guvernele Roman, Stolojan \u0219i V\u0103c\u0103roiu. Din 1992 \u0219i p\u00e2n\u0103 \u00een 2000 a fost consilierul personal al lui Petre Roman, pre\u0219edintele PD. \u00cen perioada 2004-2008 a fost consilier al prim-ministrului C\u0103lin Popescu T\u0103riceanu.<\/h4>\n<h4>Sergiu Verona a fost redactor la Agerpres, ziarist la Lumea, apoi cercet\u0103tor la Institutul de \u015etiin\u0163e Politice \u015fi de Studiere a Problemei Na\u0163ionale (specialistul \u00een \u201edezarmare&#8221;) unde a cunoscut-o poate mult prea bine pe documentarista Rodica Culcer. Ca urmare a fugii lui Sergiu Verona \u00een SUA, din vara lui 1986, Ceau\u0219escu a ordonat desfiin\u0163area Institutului \u0219i acest lucru s-a resim\u021bit \u00een componen\u021ba grupului de la Trocadero. Oricum, Rodica Culcer n-a r\u0103mas pe drumuri, fiind angajat\u0103 imediat la Ambasada SUA, pe baz\u0103 de recomandare. \u00cen urm\u0103torii ani, Verona a lucrat la biblioteca Congresului SUA, colabor\u00e2nd uneori cu postul de radio Europa Liber\u0103.<\/h4>\n<figure id=\"attachment_3837\" aria-describedby=\"caption-attachment-3837\" style=\"width: 388px\" class=\"wp-caption aligncenter\"><a href=\"http:\/\/www.desteptati-va.ro\/wp-content\/uploads\/2013\/06\/646x404.jpg\"><img loading=\"lazy\" decoding=\"async\" class=\" wp-image-3837 \" title=\"646x404\" src=\"http:\/\/www.desteptati-va.ro\/wp-content\/uploads\/2013\/06\/646x404.jpg\" alt=\"Ioan Talpes\" width=\"388\" height=\"242\"><\/a><figcaption id=\"caption-attachment-3837\" class=\"wp-caption-text\">Ioan Talpes<\/figcaption><\/figure>\n<h4>Domeniul militar a avut \u0219i el c\u00e2\u0163iva reprezentan\u021bi de marc\u0103. Locotenent colonel Ioan Talpes (cercet\u0103tor la Centrul de Studii \u0219i Cercet\u0103ri de Istorie \u0219i Teorie Militar\u0103) a lucrat \u0219i la editura Militar\u0103, cunosc\u00e2ndu-l din 1987 pe Ion Iliescu, directorul Editurii Tehnice. \u00cen 22 decembrie 1989 i-a luat locul generalului locotenent Ilie Ceau\u0219escu la \u0219efia Consiliul Politic Superior al armatei. \u00cen perioada 1990-1992 a fost consilier preziden\u021bial, apoi director al Serviciului de Informa\u021bii Externe (1992\u20131997). \u00cen perioada 1997-1998 a fost ambasador al Rom\u00e2niei \u00een Bulgaria. Odat\u0103 cu revenirea lui Ion Iliescu la Cotroceni, devine consilier preziden\u021bial, \u0219ef al Departamentului Securit\u0103\u021bii Na\u021bionale, \u0219ef al administra\u021biei preziden\u021biale (21 decembrie 2000-10 martie 2004). O scurt\u0103 perioad\u0103 de timp (p\u00e2n\u0103 pe 28 decembrie 2004) a fost ministru de stat pentru coordonarea activit\u0103\u021bilor din domeniile Ap\u0103r\u0103rii Na\u021bionale, Integr\u0103rii Europene \u0219i Justi\u021biei. \u00cen perioada 2004-2008 a fost senator PSD.<\/h4>\n<h4>C\u0103pitanul Cornel Codita (cercet\u0103tor la Centrul de Studii \u0219i Cercet\u0103ri de Istorie \u0219i Teorie Militar\u0103) dup\u0103 1989 a fost consilier preziden\u021bial \u00een primele mandate ale lui Ion Iliescu, apoi consilier principal al ministrului Ap\u0103r\u0103rii Na\u021bionale, Victor Babiuc. Vasile Secares (Centrul de Studii \u0219i Cercet\u0103ri de Istorie \u0219i Teorie Militar\u0103 \u0219i profesor la Academia \u0218tefan Gheorghiu) a fost consilier preziden\u021bial, \u0219ef al departamentului de analiz\u0103 politic\u0103 al Pre\u0219edin\u021biei (1990-1992), vicepre\u0219edinte EXIMBANK p\u00e2n\u0103 \u00een 1997, fondatorul \u0219i rectorul \u0218colii Na\u021bionale de Studii Politice \u015fi Administrative (SNSPA), creat\u0103 \u00een 1991 pentru a \u00eenlocui titulatura Academiei \u015etefan Gheorghiu. \u00cen 2002, \u00een cadrul SNSPA \u00eenfiin\u0163eaz\u0103 Centrul de Studii NATO, \u00eempreun\u0103 cu Cornel Codi\u0163\u0103 (vicepre\u015fedinte).<\/h4>\n<h4>Creierul grupului de la Trocadero, Silviu Brucan, \u00een calitatea sa de pre\u015fedinte al sec\u0163iei de Rela\u0163ii interna\u0163ionale, l-a adus \u00een 1987 pe un director din MAE, numit Corneliu Bogdan, cel care i-a succedat la \u015fefia ambasadei Rom\u00e2niei de la Washington. \u00cen 26 decembrie 1989, Corneliu Bogdan a fost numit ministru secretar de stat la Ministerul Afacerilor externe.<\/h4>\n<h4>Pe l\u00e2ng\u0103 Corneliu Bogdan a ap\u0103rut \u015fi un personaj cheie numit Mircea R\u0103ceanu, cel care conducea direc\u0163ia America de Nord din cadrul Ministerului Afacerilor Externe. Mircea R\u0103ceanu era fiu de fo\u015fti demnitari comuni\u015fti cu func\u0163ii importante \u00een PCR, prieteni ai lui Brucan. Numai c\u0103 la data de 31 ianuarie 1989 R\u0103ceanu a fost arestat, chiar \u00een apropierea re\u015fedin\u0163ei ambasadorului SUA, asupra sa g\u0103sindu-se o not\u0103 informativ\u0103 \u015fi o xerocopie a inform\u0103rii organelor superioare privind rezultatul \u015fedin\u0163ei grupei multilaterale de informare re\u00adciproc\u0103 a reprezentan\u0163ilor statelor par\u00adticipante la Tratatul de la Var\u015fovia, din zilele de 17-18 ianuarie 1989. Imediat Ceau\u015fescu i-a impus lui Brucan domiciliul for\u0163at \u00een D\u0103m\u0103roaia. R\u0103ceanu a fost judecat \u015fi condamnat la moarte la 20 iulie 1989, pedeapsa fiind comutat\u0103 la 20 de ani \u00eenchisoare, fiind eliberat pe 22 decembrie 1989 \u015fi expediat de Brucan, 6 luni mai t\u00e2rziu \u00een SUA. R\u0103ceanu fusese racolat de serviciile secrete americane (CIA) \u00een 1974, c\u00e2nd lucra ca secretar principal \u00een Ambasada Rom\u00e2niei de la Washington. Ancheta a stabilit c\u0103 \u00een perioada 1981\u20141988 R\u0103ceanu a fost recompensat cu 400 USD lunar, cu peste 60 de bijuterii din aur \u015fi cu alte sume suplimentare \u00een raport de informa\u0163iile furnizate. La ultima \u00eentrevedere avut\u0103 cu spionul CIA Tom Hajivey, \u00een 1988, R\u0103ceanu avea depus\u0103 \u00een banc\u0103 suma de peste 180.000 USD. \u00cen perioada 1984-1988 a mai primit de la diploma\u0163ii-spioni cu care \u0163inea leg\u0103tura, suma total\u0103 de 400.000 lei, astfel: \u00een 1984 de la James Bruha 30.000 lei; \u00een 1985 de la Eleonor Pazdral 100.000 lei; \u00een 1986 de la Eric Carlson 120.000 lei \u015fi \u00een 1988 de la Edwin Ulmer 150.000 lei. Din adresa nr. 9\/00718 a Ministerului Afracerilor Externe, rezult\u0103 c\u0103 \u00een perioada 1984-1988, R\u0103ceanu s-a deplasat \u00een SUA de 7 ori.<\/h4>\n<h4>\u201eScrisoarea celor \u015fase\u201d a fost un document conceput de fostul demnitar comunist de rang \u00eenalt Gheorghe Apostol \u015fi semnat de al\u0163i cinci fo\u015fti membri marcan\u0163i ai PCR: Alexandru B\u00e2rl\u0103deanu, Corneliu M\u0103nescu, Grigore R\u0103ceanu, Constantin P\u00e2rvulescu \u015fi Silviu Brucan. Scrisoarea a fost difuzat\u0103 de posturile de radio BBC \u015fi Europa Liber\u0103 pe data de 11 martie 1989. Ea a ap\u0103rut la circa o lun\u0103 dup\u0103 arestarea lui Mircea R\u0103ceanu \u015fi ca urmare a indica\u0163iilor transmise de CIA lui Silviu Brucan, \u00een \u00eencercarea de a prezenta ac\u0163iunea contraspionajului rom\u00e2nesc drept o m\u0103sur\u0103 de r\u0103spuns \u00eempotriva tat\u0103lui adoptiv, semnatar al acelei scrisori&#8221;.<\/h4>\n<h4><\/h4>\n<h4>Sursa: <a title=\"sursa\" href=\"http:\/\/romanian.ruvr.ru\/2012_11_05\/93490563\/\">http:\/\/romanian.ruvr.ru<\/a><\/h4>\n<\/div>        <div class=\"booster-block booster-reactions-block\">\n            <div class=\"twp-reactions-icons\">\n                \n                <div class=\"twp-reacts-wrap\">\n                    <a react-data=\"be-react-1\" post-id=\"3826\" class=\"be-face-icons un-reacted\" href=\"javascript:void(0)\">\n                        <img decoding=\"async\" src=\"https:\/\/desteptati-va.ro\/wp-content\/plugins\/booster-extension\/\/assets\/icon\/happy.svg\" alt=\"Happy\">\n                    <\/a>\n                    <div class=\"twp-reaction-title\">\n                        Happy                    <\/div>\n                    <div class=\"twp-count-percent\">\n                                                    <span style=\"display: none;\" class=\"twp-react-count\">0<\/span>\n                        \n                                                <span class=\"twp-react-percent\"><span>0<\/span> %<\/span>\n                                            <\/div>\n                <\/div>\n\n                <div class=\"twp-reacts-wrap\">\n                    <a react-data=\"be-react-2\" post-id=\"3826\" class=\"be-face-icons un-reacted\" href=\"javascript:void(0)\">\n                        <img decoding=\"async\" src=\"https:\/\/desteptati-va.ro\/wp-content\/plugins\/booster-extension\/\/assets\/icon\/sad.svg\" alt=\"Sad\">\n                    <\/a>\n                    <div class=\"twp-reaction-title\">\n                        Sad                    <\/div>\n                    <div class=\"twp-count-percent\">\n                                                    <span style=\"display: none;\" class=\"twp-react-count\">0<\/span>\n                                                                        <span class=\"twp-react-percent\"><span>0<\/span> %<\/span>\n                                            <\/div>\n                <\/div>\n\n                <div class=\"twp-reacts-wrap\">\n                    <a react-data=\"be-react-3\" post-id=\"3826\" class=\"be-face-icons un-reacted\" href=\"javascript:void(0)\">\n                        <img decoding=\"async\" src=\"https:\/\/desteptati-va.ro\/wp-content\/plugins\/booster-extension\/\/assets\/icon\/excited.svg\" alt=\"Excited\">\n                    <\/a>\n                    <div class=\"twp-reaction-title\">\n                        Excited                    <\/div>\n                    <div class=\"twp-count-percent\">\n                                                    <span style=\"display: none;\" class=\"twp-react-count\">0<\/span>\n                                                                        <span class=\"twp-react-percent\"><span>0<\/span> %<\/span>\n                                            <\/div>\n                <\/div>\n\n                <div class=\"twp-reacts-wrap\">\n                    <a react-data=\"be-react-6\" post-id=\"3826\" class=\"be-face-icons un-reacted\" href=\"javascript:void(0)\">\n                        <img decoding=\"async\" src=\"https:\/\/desteptati-va.ro\/wp-content\/plugins\/booster-extension\/\/assets\/icon\/sleepy.svg\" alt=\"Sleepy\">\n                    <\/a>\n                    <div class=\"twp-reaction-title\">\n                        Sleepy                    <\/div>\n                    <div class=\"twp-count-percent\">\n                                                    <span style=\"display: none;\" class=\"twp-react-count\">0<\/span>\n                        \n                                                <span class=\"twp-react-percent\"><span>0<\/span> %<\/span>\n                                            <\/div>\n                <\/div>\n\n                <div class=\"twp-reacts-wrap\">\n                    <a react-data=\"be-react-4\" post-id=\"3826\" class=\"be-face-icons un-reacted\" href=\"javascript:void(0)\">\n                        <img decoding=\"async\" src=\"https:\/\/desteptati-va.ro\/wp-content\/plugins\/booster-extension\/\/assets\/icon\/angry.svg\" alt=\"Angry\">\n                    <\/a>\n                    <div class=\"twp-reaction-title\">Angry<\/div>\n                    <div class=\"twp-count-percent\">\n                                                    <span style=\"display: none;\" class=\"twp-react-count\">0<\/span>\n                                                                        <span class=\"twp-react-percent\"><span>0<\/span> %<\/span>\n                        \n                    <\/div>\n                <\/div>\n\n                <div class=\"twp-reacts-wrap\">\n                    <a react-data=\"be-react-5\" post-id=\"3826\" class=\"be-face-icons un-reacted\" href=\"javascript:void(0)\">\n                        <img decoding=\"async\" src=\"https:\/\/desteptati-va.ro\/wp-content\/plugins\/booster-extension\/\/assets\/icon\/surprise.svg\" alt=\"Surprise\">\n                    <\/a>\n                    <div class=\"twp-reaction-title\">Surprise<\/div>\n                    <div class=\"twp-count-percent\">\n                                                    <span style=\"display: none;\" class=\"twp-react-count\">0<\/span>\n                                                                        <span class=\"twp-react-percent\"><span>0<\/span> %<\/span>\n                                            <\/div>\n                <\/div>\n\n            <\/div>\n        <\/div>\n\n    <\/div>","protected":false},"excerpt":{"rendered":"<p>Continu\u0103m relatarea domnului Valentin Vasilescu, pilot de avia\u0163ie, fost comandant adjunct al Aeroportului Militar Otopeni, licen\u0163iat \u00een \u015ftiin\u0163\u0103 militar\u0103 la<a href=\"https:\/\/desteptati-va.ro\/index.php\/2021\/04\/19\/din-culisele-revolutiei-romane-din-1989-partea-a-iii-a\/\">Read More<i class=\"fa fa-long-arrow-right\" aria-hidden=\"true\"><\/i><\/a><\/p>\n","protected":false},"author":1,"featured_media":4594,"comment_status":"open","ping_status":"open","sticky":false,"template":"","format":"standard","meta":{"_crdt_document":"","footnotes":""},"categories":[3,218,8],"tags":[1041],"class_list":["post-3826","post","type-post","status-publish","format-standard","has-post-thumbnail","hentry","category-decembrie-89","category-general","category-revolutie-sau-lovitura","tag-tradatorii"],"rise-blocks_total_comments":0,"rise-blocks_categories":[{"term_id":8,"name":"Revolutie sau Lovitura?","slug":"revolutie-sau-lovitura","term_group":0,"term_taxonomy_id":8,"taxonomy":"category","description":"","parent":3,"count":10,"filter":"raw"}],"rise-blocks_excerpt":"Continu\u0103m relatarea domnului Valentin Vasilescu, pilot de avia\u0163ie, fost comandant adjunct al Aeroportului Militar Otopeni, licen\u0163iat \u00een \u015ftiin\u0163\u0103 militar\u0103 la Academia de \u00cenalte Studii Militare din Bucure\u015fti-promo\u0163ia 1992, despre evenimentele din timpul Revolu\u0163iei rom\u00e2ne din 1989. &nbsp;&#8222;\u00cen episoadele anterioare cred c\u0103 am l\u0103murit cine a tras \u015fi cine n-a tras \u00een decembrie 1989, mai r\u0103m\u00e2n\u00e2nd s\u0103 vedem cine a comandat..","yoast_head":"<!-- This site is optimized with the Yoast SEO plugin v26.9 - https:\/\/yoast.com\/product\/yoast-seo-wordpress\/ -->\r\n<title>Din culisele Revolu\u0163iei rom\u00e2ne din 1989. Partea a III-a -<\/title>\r\n<meta name=\"robots\" content=\"index, follow, max-snippet:-1, max-image-preview:large, max-video-preview:-1\" \/>\r\n<link rel=\"canonical\" href=\"https:\/\/desteptati-va.ro\/index.php\/2021\/04\/19\/din-culisele-revolutiei-romane-din-1989-partea-a-iii-a\/\" \/>\r\n<meta property=\"og:locale\" content=\"ro_RO\" \/>\r\n<meta property=\"og:type\" content=\"article\" \/>\r\n<meta property=\"og:title\" content=\"Din culisele Revolu\u0163iei rom\u00e2ne din 1989. Partea a III-a -\" \/>\r\n<meta property=\"og:description\" content=\"Continu\u0103m relatarea domnului Valentin Vasilescu, pilot de avia\u0163ie, fost comandant adjunct al Aeroportului Militar Otopeni, licen\u0163iat \u00een \u015ftiin\u0163\u0103 militar\u0103 laRead More\" \/>\r\n<meta property=\"og:url\" content=\"https:\/\/desteptati-va.ro\/index.php\/2021\/04\/19\/din-culisele-revolutiei-romane-din-1989-partea-a-iii-a\/\" \/>\r\n<meta property=\"article:published_time\" content=\"2021-04-19T06:12:22+00:00\" \/>\r\n<meta property=\"article:modified_time\" content=\"2022-01-31T07:41:02+00:00\" \/>\r\n<meta property=\"og:image\" content=\"https:\/\/desteptati-va.ro\/wp-content\/uploads\/2021\/04\/Revolutie-2.jpg\" \/>\r\n\t<meta property=\"og:image:width\" content=\"300\" \/>\r\n\t<meta property=\"og:image:height\" content=\"168\" \/>\r\n\t<meta property=\"og:image:type\" content=\"image\/jpeg\" \/>\r\n<meta name=\"author\" content=\"wolfsoftcompany\" \/>\r\n<meta name=\"twitter:card\" content=\"summary_large_image\" \/>\r\n<meta name=\"twitter:label1\" content=\"Scris de\" \/>\n\t<meta name=\"twitter:data1\" content=\"wolfsoftcompany\" \/>\n\t<meta name=\"twitter:label2\" content=\"Timp estimat pentru citire\" \/>\n\t<meta name=\"twitter:data2\" content=\"13 minute\" \/>\r\n<script type=\"application\/ld+json\" class=\"yoast-schema-graph\">{\"@context\":\"https:\/\/schema.org\",\"@graph\":[{\"@type\":\"Article\",\"@id\":\"https:\/\/desteptati-va.ro\/index.php\/2021\/04\/19\/din-culisele-revolutiei-romane-din-1989-partea-a-iii-a\/#article\",\"isPartOf\":{\"@id\":\"https:\/\/desteptati-va.ro\/index.php\/2021\/04\/19\/din-culisele-revolutiei-romane-din-1989-partea-a-iii-a\/\"},\"author\":{\"name\":\"wolfsoftcompany\",\"@id\":\"https:\/\/desteptati-va.ro\/#\/schema\/person\/13182deeebd44920914899f7bb262d6b\"},\"headline\":\"Din culisele Revolu\u0163iei rom\u00e2ne din 1989. Partea a III-a\",\"datePublished\":\"2021-04-19T06:12:22+00:00\",\"dateModified\":\"2022-01-31T07:41:02+00:00\",\"mainEntityOfPage\":{\"@id\":\"https:\/\/desteptati-va.ro\/index.php\/2021\/04\/19\/din-culisele-revolutiei-romane-din-1989-partea-a-iii-a\/\"},\"wordCount\":2637,\"commentCount\":0,\"image\":{\"@id\":\"https:\/\/desteptati-va.ro\/index.php\/2021\/04\/19\/din-culisele-revolutiei-romane-din-1989-partea-a-iii-a\/#primaryimage\"},\"thumbnailUrl\":\"https:\/\/desteptati-va.ro\/wp-content\/uploads\/2021\/04\/Revolutie-2.jpg\",\"keywords\":[\"tradatorii\"],\"articleSection\":[\"Decembrie 89\",\"General\",\"Revolutie sau Lovitura?\"],\"inLanguage\":\"ro-RO\",\"potentialAction\":[{\"@type\":\"CommentAction\",\"name\":\"Comment\",\"target\":[\"https:\/\/desteptati-va.ro\/index.php\/2021\/04\/19\/din-culisele-revolutiei-romane-din-1989-partea-a-iii-a\/#respond\"]}]},{\"@type\":\"WebPage\",\"@id\":\"https:\/\/desteptati-va.ro\/index.php\/2021\/04\/19\/din-culisele-revolutiei-romane-din-1989-partea-a-iii-a\/\",\"url\":\"https:\/\/desteptati-va.ro\/index.php\/2021\/04\/19\/din-culisele-revolutiei-romane-din-1989-partea-a-iii-a\/\",\"name\":\"Din culisele Revolu\u0163iei rom\u00e2ne din 1989. Partea a III-a -\",\"isPartOf\":{\"@id\":\"https:\/\/desteptati-va.ro\/#website\"},\"primaryImageOfPage\":{\"@id\":\"https:\/\/desteptati-va.ro\/index.php\/2021\/04\/19\/din-culisele-revolutiei-romane-din-1989-partea-a-iii-a\/#primaryimage\"},\"image\":{\"@id\":\"https:\/\/desteptati-va.ro\/index.php\/2021\/04\/19\/din-culisele-revolutiei-romane-din-1989-partea-a-iii-a\/#primaryimage\"},\"thumbnailUrl\":\"https:\/\/desteptati-va.ro\/wp-content\/uploads\/2021\/04\/Revolutie-2.jpg\",\"datePublished\":\"2021-04-19T06:12:22+00:00\",\"dateModified\":\"2022-01-31T07:41:02+00:00\",\"author\":{\"@id\":\"https:\/\/desteptati-va.ro\/#\/schema\/person\/13182deeebd44920914899f7bb262d6b\"},\"breadcrumb\":{\"@id\":\"https:\/\/desteptati-va.ro\/index.php\/2021\/04\/19\/din-culisele-revolutiei-romane-din-1989-partea-a-iii-a\/#breadcrumb\"},\"inLanguage\":\"ro-RO\",\"potentialAction\":[{\"@type\":\"ReadAction\",\"target\":[\"https:\/\/desteptati-va.ro\/index.php\/2021\/04\/19\/din-culisele-revolutiei-romane-din-1989-partea-a-iii-a\/\"]}]},{\"@type\":\"ImageObject\",\"inLanguage\":\"ro-RO\",\"@id\":\"https:\/\/desteptati-va.ro\/index.php\/2021\/04\/19\/din-culisele-revolutiei-romane-din-1989-partea-a-iii-a\/#primaryimage\",\"url\":\"https:\/\/desteptati-va.ro\/wp-content\/uploads\/2021\/04\/Revolutie-2.jpg\",\"contentUrl\":\"https:\/\/desteptati-va.ro\/wp-content\/uploads\/2021\/04\/Revolutie-2.jpg\",\"width\":300,\"height\":168},{\"@type\":\"BreadcrumbList\",\"@id\":\"https:\/\/desteptati-va.ro\/index.php\/2021\/04\/19\/din-culisele-revolutiei-romane-din-1989-partea-a-iii-a\/#breadcrumb\",\"itemListElement\":[{\"@type\":\"ListItem\",\"position\":1,\"name\":\"Prima pagin\u0103\",\"item\":\"https:\/\/desteptati-va.ro\/\"},{\"@type\":\"ListItem\",\"position\":2,\"name\":\"Din culisele Revolu\u0163iei rom\u00e2ne din 1989. Partea a III-a\"}]},{\"@type\":\"WebSite\",\"@id\":\"https:\/\/desteptati-va.ro\/#website\",\"url\":\"https:\/\/desteptati-va.ro\/\",\"name\":\"\",\"description\":\"\",\"potentialAction\":[{\"@type\":\"SearchAction\",\"target\":{\"@type\":\"EntryPoint\",\"urlTemplate\":\"https:\/\/desteptati-va.ro\/?s={search_term_string}\"},\"query-input\":{\"@type\":\"PropertyValueSpecification\",\"valueRequired\":true,\"valueName\":\"search_term_string\"}}],\"inLanguage\":\"ro-RO\"},{\"@type\":\"Person\",\"@id\":\"https:\/\/desteptati-va.ro\/#\/schema\/person\/13182deeebd44920914899f7bb262d6b\",\"name\":\"wolfsoftcompany\",\"image\":{\"@type\":\"ImageObject\",\"inLanguage\":\"ro-RO\",\"@id\":\"https:\/\/desteptati-va.ro\/#\/schema\/person\/image\/\",\"url\":\"https:\/\/secure.gravatar.com\/avatar\/a6cce9b6d101d27d91690e7073e300fed94c0899890bf998e082cb9d2c3d121e?s=96&d=mm&r=g\",\"contentUrl\":\"https:\/\/secure.gravatar.com\/avatar\/a6cce9b6d101d27d91690e7073e300fed94c0899890bf998e082cb9d2c3d121e?s=96&d=mm&r=g\",\"caption\":\"wolfsoftcompany\"},\"sameAs\":[\"http:\/\/desteptati-va.ro\"],\"url\":\"https:\/\/desteptati-va.ro\/index.php\/author\/wolfsoftcompany\/\"}]}<\/script>\r\n<!-- \/ Yoast SEO plugin. -->","yoast_head_json":{"title":"Din culisele Revolu\u0163iei rom\u00e2ne din 1989. Partea a III-a -","robots":{"index":"index","follow":"follow","max-snippet":"max-snippet:-1","max-image-preview":"max-image-preview:large","max-video-preview":"max-video-preview:-1"},"canonical":"https:\/\/desteptati-va.ro\/index.php\/2021\/04\/19\/din-culisele-revolutiei-romane-din-1989-partea-a-iii-a\/","og_locale":"ro_RO","og_type":"article","og_title":"Din culisele Revolu\u0163iei rom\u00e2ne din 1989. Partea a III-a -","og_description":"Continu\u0103m relatarea domnului Valentin Vasilescu, pilot de avia\u0163ie, fost comandant adjunct al Aeroportului Militar Otopeni, licen\u0163iat \u00een \u015ftiin\u0163\u0103 militar\u0103 laRead More","og_url":"https:\/\/desteptati-va.ro\/index.php\/2021\/04\/19\/din-culisele-revolutiei-romane-din-1989-partea-a-iii-a\/","article_published_time":"2021-04-19T06:12:22+00:00","article_modified_time":"2022-01-31T07:41:02+00:00","og_image":[{"width":300,"height":168,"url":"https:\/\/desteptati-va.ro\/wp-content\/uploads\/2021\/04\/Revolutie-2.jpg","type":"image\/jpeg"}],"author":"wolfsoftcompany","twitter_card":"summary_large_image","twitter_misc":{"Scris de":"wolfsoftcompany","Timp estimat pentru citire":"13 minute"},"schema":{"@context":"https:\/\/schema.org","@graph":[{"@type":"Article","@id":"https:\/\/desteptati-va.ro\/index.php\/2021\/04\/19\/din-culisele-revolutiei-romane-din-1989-partea-a-iii-a\/#article","isPartOf":{"@id":"https:\/\/desteptati-va.ro\/index.php\/2021\/04\/19\/din-culisele-revolutiei-romane-din-1989-partea-a-iii-a\/"},"author":{"name":"wolfsoftcompany","@id":"https:\/\/desteptati-va.ro\/#\/schema\/person\/13182deeebd44920914899f7bb262d6b"},"headline":"Din culisele Revolu\u0163iei rom\u00e2ne din 1989. Partea a III-a","datePublished":"2021-04-19T06:12:22+00:00","dateModified":"2022-01-31T07:41:02+00:00","mainEntityOfPage":{"@id":"https:\/\/desteptati-va.ro\/index.php\/2021\/04\/19\/din-culisele-revolutiei-romane-din-1989-partea-a-iii-a\/"},"wordCount":2637,"commentCount":0,"image":{"@id":"https:\/\/desteptati-va.ro\/index.php\/2021\/04\/19\/din-culisele-revolutiei-romane-din-1989-partea-a-iii-a\/#primaryimage"},"thumbnailUrl":"https:\/\/desteptati-va.ro\/wp-content\/uploads\/2021\/04\/Revolutie-2.jpg","keywords":["tradatorii"],"articleSection":["Decembrie 89","General","Revolutie sau Lovitura?"],"inLanguage":"ro-RO","potentialAction":[{"@type":"CommentAction","name":"Comment","target":["https:\/\/desteptati-va.ro\/index.php\/2021\/04\/19\/din-culisele-revolutiei-romane-din-1989-partea-a-iii-a\/#respond"]}]},{"@type":"WebPage","@id":"https:\/\/desteptati-va.ro\/index.php\/2021\/04\/19\/din-culisele-revolutiei-romane-din-1989-partea-a-iii-a\/","url":"https:\/\/desteptati-va.ro\/index.php\/2021\/04\/19\/din-culisele-revolutiei-romane-din-1989-partea-a-iii-a\/","name":"Din culisele Revolu\u0163iei rom\u00e2ne din 1989. Partea a III-a -","isPartOf":{"@id":"https:\/\/desteptati-va.ro\/#website"},"primaryImageOfPage":{"@id":"https:\/\/desteptati-va.ro\/index.php\/2021\/04\/19\/din-culisele-revolutiei-romane-din-1989-partea-a-iii-a\/#primaryimage"},"image":{"@id":"https:\/\/desteptati-va.ro\/index.php\/2021\/04\/19\/din-culisele-revolutiei-romane-din-1989-partea-a-iii-a\/#primaryimage"},"thumbnailUrl":"https:\/\/desteptati-va.ro\/wp-content\/uploads\/2021\/04\/Revolutie-2.jpg","datePublished":"2021-04-19T06:12:22+00:00","dateModified":"2022-01-31T07:41:02+00:00","author":{"@id":"https:\/\/desteptati-va.ro\/#\/schema\/person\/13182deeebd44920914899f7bb262d6b"},"breadcrumb":{"@id":"https:\/\/desteptati-va.ro\/index.php\/2021\/04\/19\/din-culisele-revolutiei-romane-din-1989-partea-a-iii-a\/#breadcrumb"},"inLanguage":"ro-RO","potentialAction":[{"@type":"ReadAction","target":["https:\/\/desteptati-va.ro\/index.php\/2021\/04\/19\/din-culisele-revolutiei-romane-din-1989-partea-a-iii-a\/"]}]},{"@type":"ImageObject","inLanguage":"ro-RO","@id":"https:\/\/desteptati-va.ro\/index.php\/2021\/04\/19\/din-culisele-revolutiei-romane-din-1989-partea-a-iii-a\/#primaryimage","url":"https:\/\/desteptati-va.ro\/wp-content\/uploads\/2021\/04\/Revolutie-2.jpg","contentUrl":"https:\/\/desteptati-va.ro\/wp-content\/uploads\/2021\/04\/Revolutie-2.jpg","width":300,"height":168},{"@type":"BreadcrumbList","@id":"https:\/\/desteptati-va.ro\/index.php\/2021\/04\/19\/din-culisele-revolutiei-romane-din-1989-partea-a-iii-a\/#breadcrumb","itemListElement":[{"@type":"ListItem","position":1,"name":"Prima pagin\u0103","item":"https:\/\/desteptati-va.ro\/"},{"@type":"ListItem","position":2,"name":"Din culisele Revolu\u0163iei rom\u00e2ne din 1989. Partea a III-a"}]},{"@type":"WebSite","@id":"https:\/\/desteptati-va.ro\/#website","url":"https:\/\/desteptati-va.ro\/","name":"","description":"","potentialAction":[{"@type":"SearchAction","target":{"@type":"EntryPoint","urlTemplate":"https:\/\/desteptati-va.ro\/?s={search_term_string}"},"query-input":{"@type":"PropertyValueSpecification","valueRequired":true,"valueName":"search_term_string"}}],"inLanguage":"ro-RO"},{"@type":"Person","@id":"https:\/\/desteptati-va.ro\/#\/schema\/person\/13182deeebd44920914899f7bb262d6b","name":"wolfsoftcompany","image":{"@type":"ImageObject","inLanguage":"ro-RO","@id":"https:\/\/desteptati-va.ro\/#\/schema\/person\/image\/","url":"https:\/\/secure.gravatar.com\/avatar\/a6cce9b6d101d27d91690e7073e300fed94c0899890bf998e082cb9d2c3d121e?s=96&d=mm&r=g","contentUrl":"https:\/\/secure.gravatar.com\/avatar\/a6cce9b6d101d27d91690e7073e300fed94c0899890bf998e082cb9d2c3d121e?s=96&d=mm&r=g","caption":"wolfsoftcompany"},"sameAs":["http:\/\/desteptati-va.ro"],"url":"https:\/\/desteptati-va.ro\/index.php\/author\/wolfsoftcompany\/"}]}},"_links":{"self":[{"href":"https:\/\/desteptati-va.ro\/index.php\/wp-json\/wp\/v2\/posts\/3826","targetHints":{"allow":["GET"]}}],"collection":[{"href":"https:\/\/desteptati-va.ro\/index.php\/wp-json\/wp\/v2\/posts"}],"about":[{"href":"https:\/\/desteptati-va.ro\/index.php\/wp-json\/wp\/v2\/types\/post"}],"author":[{"embeddable":true,"href":"https:\/\/desteptati-va.ro\/index.php\/wp-json\/wp\/v2\/users\/1"}],"replies":[{"embeddable":true,"href":"https:\/\/desteptati-va.ro\/index.php\/wp-json\/wp\/v2\/comments?post=3826"}],"version-history":[{"count":2,"href":"https:\/\/desteptati-va.ro\/index.php\/wp-json\/wp\/v2\/posts\/3826\/revisions"}],"predecessor-version":[{"id":4595,"href":"https:\/\/desteptati-va.ro\/index.php\/wp-json\/wp\/v2\/posts\/3826\/revisions\/4595"}],"wp:featuredmedia":[{"embeddable":true,"href":"https:\/\/desteptati-va.ro\/index.php\/wp-json\/wp\/v2\/media\/4594"}],"wp:attachment":[{"href":"https:\/\/desteptati-va.ro\/index.php\/wp-json\/wp\/v2\/media?parent=3826"}],"wp:term":[{"taxonomy":"category","embeddable":true,"href":"https:\/\/desteptati-va.ro\/index.php\/wp-json\/wp\/v2\/categories?post=3826"},{"taxonomy":"post_tag","embeddable":true,"href":"https:\/\/desteptati-va.ro\/index.php\/wp-json\/wp\/v2\/tags?post=3826"}],"curies":[{"name":"wp","href":"https:\/\/api.w.org\/{rel}","templated":true}]}}