{"id":3829,"date":"2021-04-19T06:13:54","date_gmt":"2021-04-19T06:13:54","guid":{"rendered":"http:\/\/desteptati.ro\/?p=3829"},"modified":"2021-04-19T06:13:54","modified_gmt":"2021-04-19T06:13:54","slug":"din-culisele-revolutiei-romane-din-1989-partea-a-ii-a","status":"publish","type":"post","link":"https:\/\/desteptati-va.ro\/index.php\/2021\/04\/19\/din-culisele-revolutiei-romane-din-1989-partea-a-ii-a\/","title":{"rendered":"Din culisele Revolu\u0163iei rom\u00e2ne din 1989. Partea a II-a"},"content":{"rendered":"<div class=\"post-content\"><div class='booster-block booster-read-block'>\n                <div class=\"twp-read-time\">\n                \t<i class=\"booster-icon twp-clock\"><\/i> <span>Read Time:<\/span>16 Minute, 10 Second                <\/div>\n\n            <\/div><div>\r\n<h4>Continu\u0103m relatarea domnului Valentin Vasilescu, pilot de avia\u0163ie, fost comandant adjunct al Aeroportului Militar Otopeni, licen\u0163iat \u00een \u015ftiin\u0163\u0103 militar\u0103 la Academia de \u00cenalte Studii Militare din Bucure\u015fti-promo\u0163ia 1992, despre evenimentele din timpul Revolu\u0163iei rom\u00e2ne din 1989.<\/h4>\r\n<\/div>\r\n<div>\r\n<h4>Din dispozi\u0163ia general-maiorului Gheorghe Nego\u015fanu, \u0219eful de stat major al comandamentului Ap\u0103r\u0103rii AA a teritoriului, pe 22 decembrie 1989 de la orele 19:00 nici o aeronav\u0103 militar\u0103 sau civil\u0103 nu mai era autorizat\u0103 s\u0103 decoleze de pe teritoriul Rom\u00e2niei. Simultan cu aceasta, comandamentul Avia\u0163iei militare \u015fi a ap\u0103r\u0103rii AA a Teritoriului, a creat o echip\u0103 de lupt\u0103 din care a f\u0103cut parte \u015fi colonelul Magdalena Ion \u2013 \u015feful artileriei AA, care a condus supravegherea \u015fi ap\u0103rarea spa\u0163iului aerian al Rom\u00e2niei din punctul de comand\u0103 principal al For\u021belor aeriene (PCP). Colonelul Magdalena Ion a fost, al\u0103turi de al\u0163i ofi\u0163eri \u015fi generali, la originea multor ordine care s-au soldat cu victime din r\u00e2ndul militarilor rom\u00e2ni, el nefiind niciodat\u0103 anchetat, ba mai mult dec\u00e2t at\u00e2t, fiind avansat de pre\u015fedintele Emil Constantinescu la gradul de general de brigad\u0103 \u015fi numit \u00een func\u0163ia de secretar al Consiliului Suprem de Ap\u0103rare al \u0162\u0103rii (CSAT). \u00cen cei 8 ani de mandat (2004-2012) pre\u015fedintele Traian B\u0103sescu a avansat 715 generali, printre ei num\u0103r\u00e2ndu-se \u015fi Magdalena Ion (de 2 ori), acesta ie\u015find la pensie cu epole\u0163ii \u00eenc\u0103rca\u0163i de 4 stele de general. Echipa de lupt\u0103 a lui Magdalena, \u00ee\u015fi exercita actul de conducere dispun\u00e2nd de toate elementele de comand\u0103 \u015fi informare ale modernului sistem automatizat ALMAZ-2. Rolul lui ALMAZ-2 fiind acela de interfa\u0163\u0103 de monitorizare a componentelor sale aflate \u00een dotarea tuturor unit\u0103\u021bilor \u015fi marilor unit\u0103\u0163i de avia\u0163ie \u015fi de ap\u0103rare A.A. a Teritoriului.<\/h4>\r\n<h4>Mai trebuie \u015ftiut c\u0103 planificarea unui zbor al unei aeronave militare, precum cel al elicopterelor din decembrie 1989, urma un algoritm obligatoriu. Echipa de lupt\u0103 din punctul de comand\u0103 principal al For\u0163elor aeriene (PCP) fiind responsabil\u0103 de planificarea \u015fi coordonarea tuturor zborurilor aeronavelor militare \u015fi civile \u00een spa\u0163iul aerian al Rom\u00e2niei. Prin urmare, dispun\u00e2nd de echipamentele necesare, PCP r\u0103spundea de \u00een\u015ftiin\u021barea propriilor unit\u0103\u0163i de artilerie \u015fi rachete AA, precum \u015fi ale celorlalte categorii de for\u0163e armate (unit\u0103\u0163ile apar\u0163in\u00e2nd trupelor de uscat \u015fi marinei militare), despre situa\u0163ia aerian\u0103 existent\u0103. Informa\u0163iile acestea fiind vitale pentru asigurarea securit\u0103\u0163ii zborurilor aeronavelor proprii. Mai mult dec\u00e2t at\u00e2t, dreptul de a da ordinul de deschidere a focului de nimicire, apar\u0163inea echipei de lupt\u0103 din PCP. Putea da un astfel de ordin, \u00een cazul unei aeronave militare, c\u0103reia i-a repartizat tot el o misiune de \u00eentrebuin\u021bare \u00een lupt\u0103, doar un nebun sau unul care fusese racolat de partea r\u0103zboiului secret, purtat prin opera\u0163iuni sub acoperire \u015fi avea drept sarcin\u0103 s\u0103-i omoare pe proprii s\u0103i subordona\u021bi.Pe 23 decembrie, orele 11:30 Valentin Voicil\u0103, \u0219eful Comitetului Revolu\u0163ionar Arad l-a informat pe omologul s\u0103u de la Deva, jude\u0163ul Hunedoara c\u0103 \u015feful Inspectoratului General al Mili\u021biei rom\u00e2ne, general-locotenent Constantin Nu\u0163\u0103, (fostul \u015fef al Direc\u021biei a IV-a &#8211; Contrainforma\u0163ii Militare) \u015fi adjunctul s\u0103u, general-maior Velicu Mihalea, se aflau \u00een rapidul Pannonia 22, de la Timi\u015foara \u00een drum spre Bucure\u015fti, fiind transmise telefonic \u015fi vagonul \u015fi numerele locurilor pe care erau a\u015feza\u0163i cei doi. Generalii au fost aresta\u0163i \u00een gara Deva, re\u0163inu\u021bi c\u00e2teva ore \u00een UM 01719-Deva, de unde Ion Iliescu a decis transportarea lor la Bucure\u015fti, cu un elicopter al MApN. \u00cen acest scop a fost destinat elicopterul IAR-330 nr. 72 de la regimentul 58 Elicoptere de la Sibiu, av\u00e2nd echipajul format din: maior Nicolae Tudor, pilot-comandant, c\u0103pitan Victor Motica, pilot-secund \u015fi maistru militar clasa a III-a Nicolae Galaftion, mecanic de bord. Elicopterul a decolat de la Deva \u00een jurul orelor 19:40, \u00een zbor comunic\u00e2ndu-se echipajului s\u0103 urmeze cursul r\u00e2ului Mure\u015f p\u00e2n\u0103 la Alba Iulia \u015fi de acolo s\u0103 se \u00eendrepte spre Sibiu, unde urma s\u0103 aterizeze. \u00cen acela\u0219i timp, au fost alertate unit\u0103\u0163ile din garnizoana Alba Iulia, militarii primind ordin s\u0103 doboare orice aparat de zbor ce se apropie de ora\u015f, \u00eentruc\u00e2t era vorba de \u201dterori\u015fti\u201d. La c\u00e2teva minute dup\u0103 ce elicopterul nr. 72 a survolat UM 01496-pontonieri asupra sa au fost trase c\u00e2teva rafale scurte, de c\u00e2te 3-5 proiectile de diferite calibre, de la sol. 12 proiectile calibru 7,62 mm au atins aparatul, avariind instala\u0163ia de alimentare cu combustibil \u015fi pe cea a comenzii hidraulice, elicopterul pr\u0103bu\u015findu-se \u015fi lu\u00e2nd foc. To\u0163i cei din elicopter au murit ar\u015fi.<\/h4>\r\n<h4><\/h4>\r\n<figure id=\"attachment_3828\" aria-describedby=\"caption-attachment-3828\" style=\"width: 400px\" class=\"wp-caption aligncenter\"><a href=\"http:\/\/www.desteptati-va.ro\/wp-content\/uploads\/2013\/06\/Revolutia-din-decembrie-1989.jpg\"><img loading=\"lazy\" decoding=\"async\" class=\" wp-image-3828 \" title=\"Revolutia-din-decembrie-1989\" src=\"http:\/\/www.desteptati-va.ro\/wp-content\/uploads\/2013\/06\/Revolutia-din-decembrie-1989.jpg\" alt=\"Revolutia 1989\" width=\"400\" height=\"282\" \/><\/a><figcaption id=\"caption-attachment-3828\" class=\"wp-caption-text\">Revolutia 1989<\/figcaption><\/figure>\r\n<h4>Ancheta \u00een cazul elicopterului IAR-330 nr. 72 a fost condus\u0103 de procurorul Ilie Boto\u015f, de la Parchetul Militar Cluj, dosarul fiind solu\u0163ionat de acesta \u00een 1994, ca fiind un accident de munc\u0103 provocat de echipajul elicopterului. Potrivit jurnalistei Ondine Ghergu\u021b, Ilie Boto\u015f a fost para\u0219utat peste noapte ca magistrat militar de c\u0103tre unchiul s\u0103u, general-maior Ioni\u0163\u0103 Boto\u0219, \u0219eful comandamentului Serviciilor Armatei \u00een 1990. Ioni\u0163\u0103 Boto\u015f a fost cel care a primit pe 14 iunie 1990, de la Ion Iliescu, ordinul de a \u00eencazarma \u0219i hr\u0103ni circa 990 de mineri \u00een dou\u0103 unit\u0103\u0163i militare ale MApN de pe \u015foseaua Olteni\u0163ei din Bucure\u015fti. Ofi\u0163erii de intenden\u0163\u0103 ale celor 2 unit\u0103\u0163i care au dus la bun sf\u00e2r\u015fit aceast\u0103 misiune erau locotenen\u0163ii majori Gabriel Oprea (pre\u0219edintele UNPR) \u015fi Eugen Bejinariu, ambii parlamentari USL. Potrivit actelor judiciare din dosarul \u201dMineriadei\u201d, cei aproape 1.000 de mineri au fost selecta\u0163i din grupurile venite de la minele din Valea Jiului de c\u0103tre Bogdan Niculescu Duvaz (deputat din 1990 \u015fi p\u00e2n\u0103 azi) \u015fi de alte persoane str\u0103ine, posibil militari din for\u021bele speciale. Minerii au fost echipa\u021bi cu uniforme militare kaki \u015fi urmau s\u0103 fie instrui\u0163i \u00een cele 2 unit\u0103\u0163i militare, devenind forma\u0163iunea paramilitar\u0103 \u201ePoli\u021bia Minereasc\u0103&#8221;.<\/h4>\r\n<h4>\u00cen 2002 procurorul militar Ilie Boto\u015f a devenit el \u00eensu\u0219i expert \u00een opera\u0163iuni speciale, fiind atestat de for\u0163ele speciale americane \u201eDelta Force\u201d \u015fi numit procuror \u0219ef-adjunct la Parchetul Na\u0163ional Anticorup\u0163ie. \u00cen 2003, la v\u00e2rsta de 38 de ani, a fost avansat la gradul de general de brigad\u0103 (f\u0103r\u0103 s\u0103 fi urmat m\u0103car cursurile unei \u015fcoli militare de ofi\u0163eri) \u015fi numit procuror General al Rom\u00e2niei, func\u021bie pe care a ocupat-o p\u00e2n\u0103 \u00een 2006, c\u00e2nd a fost demis, odat\u0103 cu \u201dfuga\u201d teroristului Omar Hayssam din \u0163ar\u0103. \u00cen 2007 \u015fi 2011, pre\u015fedintele Traian B\u0103sescu l-a avansat pe Ilie Boto\u015f la gradul de general-maior (cu 2 stele) \u015fi general-locotenent (cu 3 stele), iar \u00een august 2012 Corneliu Dobri\u0163oiu, \u00een calitatea sa de ministru al Ap\u0103r\u0103rii, l-a numit \u015fef al Direc\u0163iei Generale de Informa\u0163ii a Ap\u0103r\u0103rii (DGIA).<\/h4>\r\n<h4>\u00cen ziua de 24 decembrie 1989, la orele 07:30 echipajele elicopterelor nr. 82 \u015fi 89, apar\u021bin\u00e2nd Regimentului 59 Elicoptere &#8211; Tuzla, au primit misiunea de cercetare aerian\u0103 \u015fi v\u00e2n\u0103toare liber\u0103, \u00een condi\u0163ii de interdic\u0163ie a utiliz\u0103rii echipamentelor radio, \u00een zona Adamclisi &#8211; Ioan Corvin, unde fusese semnalat\u0103 prezen\u0163a unui elicopter neidentificat. La orele 08:05 au decolat \u00een forma\u0163ie \u015fi dup\u0103 o patrulare de 30 minute, f\u0103r\u0103 a constata nimic suspect, pilo\u0163ii celor 2 elicoptere au luat decizia s\u0103 ia \u00een\u0103l\u0163ime \u015fi s\u0103 se \u00eentoarc\u0103 la baz\u0103. Dup\u0103 ce a trecut deasupra unui deal, echipajul elicopterului nr. 82 a auzit o explozie \u015fi a avut senza\u0163ia c\u0103 se trage asupra lui. \u00cencerc\u00e2nd imediat s\u0103 ia leg\u0103tura radio cu echipajul elicopterului nr. 89, aflat \u00een spatele dealului, acesta n-a r\u0103spuns. \u00cen schimb, la sol a ap\u0103rut un incendiu \u015fi, apropiindu-se de acel loc, s-a putut identifica elicopterul cu nr. 89, care ardea. Echipajul elicopterului nr. 89, era format din: locotenent-colonel Serghei Eftimie, pilot-comandant, 43 ani; c\u0103pitan Enache Mihai, pilot-secund, 37 ani; maistru militar Deleanu Gheorghe, 38 ani \u015fi maistru militar Petrea \u0218tefan, 35 ani. Ancheta a concluzionat c\u0103 elicopterul a fost dobor\u00e2t de c\u0103tre o rachet\u0103 necunoscut\u0103, lansat\u0103 asupra sa (fie sol-aer de tip KUB de la divizionul AA de la Medgidia, fie una aer-aer, de pe un avion MIG-21 apar\u0163in\u00e2nd regimentului 86 de la Fete\u015fti, decolat cu aceea\u015fi misiune de PCP). \u015ei acest caz a fost considerat, de c\u0103tre colegii lui Ilie Boto\u015f, de la Parchetului Militar de pe l\u00e2ng\u0103 Curtea Militar\u0103 de Apel, condu\u015fi de colonelul Mihai Popov, drept un accident de munc\u0103, f\u0103r\u0103 nici un vinovat.<\/h4>\r\n<h4>Pe 28 decembrie 1989, echipajul aeronavei AN-24 a companiei TAROM compus din Chifor Ioan (38 ani), pilot-comandant, Valter Jurcovan (31 de ani), copilot, Moldoveanu Mihai (35 ani), instructor de zbor, Marghidan Elena (35 ani), \u00eenso\u0163itoare de bord, Petre B\u0103nic\u0103 (41 ani), \u00eenso\u0163itor de bord \u015fi Cristea Gelu (33 ani), mecanic de bord, a decolat de la aeroportul Interna\u021bional Bucure\u015fti-Otopeni, cu destina\u0163ia Belgrad. Cursa charter fusese cerut\u0103 de Ion Iliescu, \u00een numele noii conduceri a FSN, care a motivat c\u0103 era nevoie s\u0103 se aduc\u0103 din Iugoslavia, s\u00e2nge pentru r\u0103ni\u0163ii din revolu\u0163ie. \u00cen avion se mai afla \u015fi Ian Henry Perry (24 de ani) fotoreporter la ziarul britanic\u00a0Sunday Times. De la Belgrad, Perry urma s\u0103 schimbe avionul, cu unul pentru Londra. Se b\u0103nuie\u015fte c\u0103 britanicul avea asupra sa c\u00e2teva casete video, filmate de el \u00een timpul Revolu\u0163iei, dar \u015fi alte casete video realizate \u00een Bucure\u015fti de mai mul\u0163i coresponden\u0163i str\u0103ini. La scurt timp dup\u0103 decolare, de\u015fi zborul era autorizat iar avionul se afla pe calea aerian\u0103 indicat\u0103 \u00een planul de zbor, avionul TAROM a fost dobor\u00e2t de o racheta AA, la 50 km de Bucure\u0219ti. Epava avionului a fost g\u0103sit\u0103 \u00een p\u0103durea M\u0103linoasa, \u00een apropierea comunei Vi\u015fina din jude\u021bul D\u00e2mbovi\u0163a, la 12 km nord-vest de divizionul 182 Rachete AA &#8211; Boteni.<\/h4>\r\n<figure id=\"attachment_3829\" aria-describedby=\"caption-attachment-3829\" style=\"width: 420px\" class=\"wp-caption aligncenter\"><a href=\"http:\/\/www.desteptati-va.ro\/wp-content\/uploads\/2013\/06\/revolutie.jpg\"><img loading=\"lazy\" decoding=\"async\" class=\" wp-image-3829 \" title=\"revolutie\" src=\"http:\/\/www.desteptati-va.ro\/wp-content\/uploads\/2013\/06\/revolutie.jpg\" alt=\"Revolutie 1989\" width=\"420\" height=\"420\" \/><\/a><figcaption id=\"caption-attachment-3829\" class=\"wp-caption-text\">Revolutie 1989<\/figcaption><\/figure>\r\n<h4>Pe 23 decembrie 1989, 3 elicoptere IAR 330-Puma, de la UM 01901 Boteni, \u00eenarmate cu proiectile reactive, au primit misiunea s\u0103 decoleze, urm\u00e2nd ca obiectivul s\u0103 le fie comunicat \u00een zbor. \u00cen jurul orelor 10:30 elicopterul IAR 330 nr. 87, cu echipajul format din maiorul Militaru Mircea &#8211; pilot comandant, c\u0103pitan Iordache Constantin &#8211; pilot secund \u015fi maistru militar T\u00e2rn\u0103 Floric\u0103 &#8211; mecanic de bord, la c\u00e2teva minute dup\u0103 decolare, a luat leg\u0103tura radio cu PCP al Avia\u021biei Militare, de unde i s-a transmis ordinul care specifica obiectivul care trebuia atacat. Cu aproximativ 30 de minute \u00eenainte, regimentul 57 avia\u0163ie, de la baza aerian\u0103 Mihail Kog\u0103lniceanu, \u00eenzestrat cu avioane MiG 23, \u00eenarmate cu tunuri \u015fi bombe de 250 kg primise ordinul s\u0103 atace cimitirul militar Ghencea. Pilo\u0163ii MIG-urilor au f\u0103cut c\u00e2teva treceri la vertical\u0103 \u015fi au constatat c\u0103 cimitirul era plin de civili care nu aduceau a terori\u015fti \u015fi au refuzat s\u0103 lanseze bombele \u00een mul\u0163ime, \u00eentorc\u00e2ndu-se pe baz\u0103.<\/h4>\r\n<h4>Obiectivul indicat elicopterului IAR 330- Puma nr. 87,a fost acela\u0219i cimitir militar Ghencea, unde s-ar fi g\u0103sit transportoare amfibii teroriste. Categoria de armament, indicat\u0103 prin ordin, a fost PRND (proiectile reactive nedirijate) cal. 57 mm, atacul trebuind executat din direc\u0163ia nord-est (dinspre MApN spre cimitir), \u00een\u0103l\u0163imea de intrare la atac: 700 m. Ulterior, transportoarele amfibii teroriste s-au dovedit TAB-uri ale unei unit\u0103\u0163i militare de infanterie din Foc\u015fani, introdus\u0103 la ordin, \u00een dispozitivul de ap\u0103rare din spatele sediului ministerului Ap\u0103r\u0103rii Na\u021bionale. Infanteri\u015ftii, fiind la r\u00e2ndul lor intoxica\u0163i pe linie ierarhic\u0103 c\u0103 urmeaz\u0103 s\u0103 fie ataca\u0163i de elicoptere cu terori\u015fti, au ripostat cu focul mitralierelor.<\/h4>\r\n<h4>Dup\u0103 prima intrare asupra obiectivului, c\u00e2nd a executat foc cu PRND, echipajului elicopterului IAR 330 i s-a ordonat s\u0103 execute \u015fi al 2-lea atac, din aceea\u015fi direc\u0163ie \u015fi de la aceea\u015fi \u00een\u0103l\u0163ime. La angajarea pe obiectiv, asupra elicopterului IAR 330 s-a deschis focul cu muni\u0163ie de cal. 12,7 mm \u0219i 7,62 mm, at\u00e2t din curtea M.Ap.N, c\u00e2t \u015fi din zona cimitirului militar Ghencea. Dup\u0103 degajarea din atac, pilotul-comandant a constatat c\u0103 mecanicul de bord era grav r\u0103nit, fiind lovit \u00een cap de un proiectil cal. 7,62 mm ( r\u0103m\u00e2n\u00e2nd cu infirmitate permanent\u0103). \u00cen plus, instala\u021bia de ungere a fost avariat\u0103, rezervoarele de combustibil ciuruite, ro\u0163ile de la jamba dreapt\u0103 \u015fi panouri din celula elicopterului au fost smulse. Rezolu\u0163ia din 08.11.1994, emis\u0103 de adjunctul \u015fefului Parchetului Militar de pe l\u00e2ng\u0103 Curtea Militar\u0103 de Apel, a \u00eenchis dosarul 867\/P\/1991 al Sec\u0163iei Parchetelor Militare pe motiv de eroare de fapt, adic\u0103 cel care d\u0103duse ordinele criminale at\u00e2t echipajului elicopterului c\u00e2t \u015fi companiei de TAB-uri nu \u015fi-ar fi dat seama ce f\u0103cea.<\/h4>\r\n<h4>\u00cen 1995, procurorul militar Mihai Popov, cunoscut mai degrab\u0103 ca so\u0163ul judec\u0103toarei Valerica Popov de la \u00cenalta Curte de Casa\u0163ie \u0219i Justi\u0163ie, \u00een calitate de adjunct al \u015fefului Parchetului Militar de pe l\u00e2ng\u0103 Curtea Militar\u0103 de Apel, a dat urm\u0103toarea solu\u0163ie : &#8222;nu se \u00eencepe urm\u0103rirea penal\u0103 &#8211; lipsa elementelor constitutive a infrac\u0163iunilor de omor \u015fi v\u0103t\u0103mare corporal\u0103 deosebit de grav\u0103 \u201d \u00een dosarul 1059\/P\/1991 privind 16 mor\u0163i \u015fi 19 r\u0103ni\u0163i, produ\u015fi ca urmare a \u201eincidentelor\u201d din perioada 22\u201324 decembrie 1989 din zona Ministerului Ap\u0103r\u0103rii Na\u0163ionale. Printre ace\u015ftia se aflau \u015fi cei 7 militari din celebra unitate USLA (singura unitate anti-terorist\u0103 a Rom\u00e2niei ), \u00een frunte cu locotenent-colonelul Trosca, victimele unui asasinat premeditat, comis \u00een noaptea de 23\/24 decembrie. Chemat \u00een ap\u0103rarea sediului MApN, din apropierea acestuia, Trosca a observat c\u0103 de fapt armata era cea care tr\u0103gea \u00een propriul sediu (o coloan\u0103 de 7-8 TAB-uri, 2 camioane cu militari \u015fi 2 ARO), fapt pe care l-a transmis prin sta\u0163ie at\u00e2t la sediul USLA, c\u00e2t \u015fi conducerii MApN.<\/h4>\r\n<h4>Surpriza cea mai mare a fost aceea c\u0103 ulterior, de\u015fi usla\u015fii au transmis parola corect\u0103, tancurile aflate \u00een fa\u0163a ministerului au primit ordin s\u0103 nu \u0163in\u0103 cont de ea \u015fi s\u0103 deschid\u0103 foc f\u0103r\u0103 soma\u0163ie asupra ABI-urilor (Autovehicul Blindat pentru Interven\u0163ie). Dup\u0103 ce 2 ABI-uri ale USLA au fost spulberate de mitralierele de pe tancurile \u015fi TAB-urile din jurul MApN, persoane r\u0103mase p\u00e2n\u0103 azi necunoscute, animate de un sadism extrem, au \u00eentors ABI-urile cu fa\u0163a spre minister ca \u015fi c\u00e2nd ele s-ar fi aflat \u00een pozi\u021bii de lupt\u0103 \u015fi au scris cu creta pe ele \u201eterori\u015fti\u201d. Capul lui Trosca a fost deta\u015fat de restul corpului \u015fi arborat pe post de trofeu, \u00eenfipt pe osia unui ABI, iar trupurile celor 7 usla\u015fi uci\u015fi, \u00eembr\u0103ca\u021bi \u00een uniforma armatei rom\u00e2ne, au fost l\u0103sate zile \u00een \u0219ir s\u0103 putrezeasc\u0103 pe caldar\u00e2m, cu pl\u0103cu\u021be \u201eterori\u015fti\u201d pe piept, ca lumea s\u0103 le scuipe \u015fi s\u0103 urineze pe ele. Ca un avertisment adresat actualilor \u015fi viitorilor ofi\u0163eri rom\u00e2ni care nu erau dispu\u0219i s\u0103 tr\u0103deze, trec\u00e2nd de partea r\u0103zboiul secret, purtat prin opera\u0163iuni sub acoperire pentru distrugerea Rom\u00e2niei. Scena de co\u015fmar, care n-avea corespondent \u00een istoria modern\u0103 a armatei rom\u00e2ne, a fost transmis\u0103 zile \u00een \u015fir de TVR \u00een decembrie 1989, urm\u00e2nd un scenariu parc\u0103 deprins din manualele ilustrate ale compartimentului de r\u0103zboi psihologic \u0219i propagand\u0103 militar\u0103, ale for\u0163elor pentru opera\u0163iuni speciale ale SUA din Vietnam \u015fi cele destinate instruirii lupt\u0103torilor Contras din America Latin\u0103 (Lesson Plan 643, Armed Psyop; Field Manual 30-104, Handbook on Aggressor Insurgent War).<\/h4>\r\n<h4>Bomboana pe coliv\u0103 a fost pus\u0103 pe 28 februarie 2011, c\u00e2nd pre\u015fedintele Traian B\u0103sescu (devenit robotul preferat al responsabililor cu r\u0103zboiul secret, purtat prin opera\u0163iuni sub acoperire pentru distrugerea Rom\u00e2niei \u00een a\u015fa-zisa etap\u0103 de Tranzi\u0163ie ), a semnat Decretul privind retragerea titlului de Erou-martir al revolu\u0163iei rom\u00e2ne din decembrie 1989 lui Trosca Gheorghe, pe motiv c\u0103, din pozi\u0163ia de ofi\u0163er de contrainforma\u0163ii militare al Diviziei 57 tancuri, ar fi f\u0103cut poli\u0163ie politic\u0103.<\/h4>\r\n<figure id=\"attachment_3830\" aria-describedby=\"caption-attachment-3830\" style=\"width: 400px\" class=\"wp-caption aligncenter\"><a href=\"http:\/\/www.desteptati-va.ro\/wp-content\/uploads\/2013\/06\/mihai-popov-400x.jpg\"><img loading=\"lazy\" decoding=\"async\" class=\"size-full wp-image-3830\" title=\"mihai popov 400x\" src=\"http:\/\/www.desteptati-va.ro\/wp-content\/uploads\/2013\/06\/mihai-popov-400x.jpg\" alt=\"Procuror militar Mihai Popov\" width=\"400\" height=\"225\" \/><\/a><figcaption id=\"caption-attachment-3830\" class=\"wp-caption-text\">Procuror militar Mihai Popov<\/figcaption><\/figure>\r\n<h4>A\u015fadar, colonelul magistrat Mihai Popov a fost campionul \u00eenchiderii tuturor dosarelor de crim\u0103, s\u0103v\u00e2r\u015fite \u00eempotriva subordona\u0163ilor lor de comandan\u0163ii militari rom\u00e2ni, recruta\u0163i pentru ducerea R\u0103zboiului Secret, \u00een decembrie 1989. Tot Popov era cel care ar fi trebuit s\u0103 se sesizeze \u0219i s\u0103 ancheteze faptele de subminare a capacit\u0103\u0163ii de ap\u0103rare a \u0163\u0103rii, prin scoaterea ilegal\u0103 din \u00eenzestrare a categorii \u00eentregi de arme rom\u00e2ne\u015fti pentru a fi utilizate \u00een contrabanda \u00een zone supuse embargoului interna\u0163ional.<\/h4>\r\n<h4>Pentru c\u0103 n-a f\u0103cut nimic din ceea ce intra \u00een competen\u0163a unui procuror militar dintr-o \u0163ar\u0103 cu adev\u0103rat democratic\u0103, pare firesc s\u0103 i se fi \u00eencredin\u0163at tocmai lui ancheta \u0162IGARETA II (\u00een colaborare cu generalul Magdalena Ion, secretar al CSAT &#8211; oare ce atribu\u0163iuni func\u0163ionale \u00eei d\u0103deau acest drept?) pe care, dintr-o opera\u0163iune special\u0103 cu armament, comandat\u0103 de la cel mai \u00eenalt nivel al statului rom\u00e2n de pre\u015fedintele Emil Constantinescu, s\u0103 o transforme cu non\u015falan\u021b\u0103 \u00eentr-o inexistent\u0103 contraband\u0103 cu \u0163ig\u0103ri, mu\u015famaliz\u00e2nd majoritatea probelor din dosarul \u0162igareta II \u015fi distrug\u00e2nd destinele unor militari competen\u0163i \u0219i patrio\u0163i.<\/h4>\r\n<h4><\/h4>\r\n<h4>Pentru &#8222;faptele sale de vitejie&#8221;, Mihai Popov care n-a petrecut nici 5 minute \u00een vreo institu\u0163ie de \u00eenv\u0103\u0163\u0103m\u00e2nt a Sistemului Na\u0163ional de Ap\u0103rare \u015fi care nu a f\u0103cut nici o secund\u0103 de instruc\u0163ie militar\u0103, dar a servit pe tav\u0103 interesele demolatorilor Rom\u00e2niei, a fost avansat la gradul de general \u015fi a ie\u015fit \u00een 2009 \u00een rezerv\u0103, cu o pensie de 200 de milioane de lei vechi. Reamintesc faptul c\u0103 spre deosebire recalcularea \u00een minus de p\u00e2n\u0103 la 50% (cu care guvernul Boc i-a lovit pe militari), pensiile magistra\u021bilor se calculeaz\u0103 la fel de 15 ani, adic\u0103 80% din salariul ultimului an de munc\u0103, f\u0103r\u0103 ca ei s\u0103 fi contribuit la sistemul de asigur\u0103ri sociale \u015fi f\u0103r\u0103 a se \u0163ine cont de punctul de pensie.<\/h4>\r\n<h4>A dezam\u0103git profund \u015fi Corneliu Dobri\u0163oiu, actualul ministru al Ap\u0103r\u0103rii, \u00eentr-at\u00e2t \u00eenc\u00e2t pe blogul filialei 1 a Sindicatului Cadrelor Militare Disponibilizate &#8211; Curtea de Arge\u0219 a ap\u0103rut un articol cu titlul: \u201dPe 9 decembrie, USL va primi de la noi exact ceea ce USL ne-a oferit nou\u0103: IGNORARE!\u201d. Dezam\u0103girea militarilor are la baz\u0103 \u00eencheierea unui protocol de colaborare USL-SCMD, semnat de Victor Ponta, Crin Antonescu, Daniel Constantin \u015fi col. Mircea Dogaru, pe 18 iulie 2012, prin care, p\u00e2n\u0103 la debutul campaniei electorale parlamentare, guvernul Ponta se angaja s\u0103 se concentreze pe un set de obiective, menite s\u0103 repare c\u00e2t se poate din ce au stricat guvernele anterioare. Printre acestea amintesc doar: anularea avans\u0103rilor acordate pe criterii politice cadrelor militare \u00een rezerv\u0103 \u0219i \u00een retragere; abrogarea Legii 165\/2011 referitoare la pensionarii din sistemul de ap\u0103rare ordine public\u0103 \u015fi siguran\u0163\u0103 na\u0163ional\u0103; revenirea la prevederile Legii 164\/2001; restabilirea statutului de militar \u00een rezerv\u0103; anularea promov\u0103rilor \u015fi numirilor \u00een func\u021bie \u00een MAI \u015fi MApN pe filiera \u201dindirect\u0103\u201d; anchetarea cazului locotenentului (r.) Alexandru Gheorghe, anularea abuzivei treceri \u00een rezerv\u0103, anchetarea vinova\u0163ilor \u015fi reactivarea ofi\u0163erului. Practic, p\u00e2n\u0103 \u00een prezent Dobri\u0163oiu n-a ini\u0163iat nimic \u00een sensul rezolv\u0103rii dolean\u021belor militarilor.<\/h4>\r\n<h4>Mai mult dec\u00e2t at\u00e2t, presa militar\u0103 subordonat\u0103 lui Dobri\u0163oiu, a difuzat \u015ftirea c\u0103 fo\u015ftii pre\u015fedin\u0163i Ion Iliescu (singurul \u015fef de stat rom\u00e2n care n-a f\u0103cut armata) \u015fi Emil Constantinescu, au primit din partea ministrului Ap\u0103r\u0103rii, Corneliu Dobri\u0163oiu, distinc\u0163ia \u201dEmblema de Onoare a Armatei Rom\u00e2niei\u201d, \u00een semn de apreciere pentru activitatea \u00een slujba poporului rom\u00e2n. Evenimentul s-a \u00eenscris \u00een seria manifest\u0103rilor organizate cu prilejul s\u0103rb\u0103toririi zilei armatei Rom\u00e2niei.<\/h4>\r\n<h4>De men\u0163ionat un moment interesant. Pe 30.10.2009, Mark Gitenstein ambasadorul SUA la Bucure\u015fti, s-a declarat \u00eengrijorat c\u0103 urmeaz\u0103 provoc\u0103ri extrem de mari, care este posibil s\u0103 dezbine poporul rom\u00e2n. O astfel de provocare a fost, din punctul s\u0103u de vedere, numirea noului procuror general \u015fi a noului procuror-\u015fef al DNA, preciz\u00e2nd c\u0103 pentru SUA, acest proces de selec\u0163ie va fi un criteriu foarte important care va influen\u0163a percep\u0163ia asupra parteneriatului strategic cu Rom\u00e2nia. Mai pe direct spus, dac\u0103 se stric\u0103 or\u00e2nduiala stabilit\u0103 \u00een decembrie 1989 \u015fi nu sunt numi\u0163i indivizi dup\u0103 chipul \u015fi asem\u0103narea lui Popov, e de r\u0103u, pentru c\u0103 SUA ne amenin\u0163\u0103 c\u0103 ne ia boii de la biciclet\u0103\u201d.<\/h4>\r\n<h4><\/h4>\r\n<h4><em><span style=\"color: #c0c0c0;\">Surs\u0103:<a title=\"sursa\" href=\"http:\/\/romanian.ruvr.ru\/2012_11_03\/93358286\/\"><span style=\"color: #c0c0c0;\">http:\/\/romanian.ruvr.ru<\/span><\/a><\/span><\/em><\/h4>\r\n<h4><\/h4>\r\n<\/div>        <div class=\"booster-block booster-reactions-block\">\n            <div class=\"twp-reactions-icons\">\n                \n                <div class=\"twp-reacts-wrap\">\n                    <a react-data=\"be-react-1\" post-id=\"3829\" class=\"be-face-icons un-reacted\" href=\"javascript:void(0)\">\n                        <img decoding=\"async\" src=\"https:\/\/desteptati-va.ro\/wp-content\/plugins\/booster-extension\/\/assets\/icon\/happy.svg\" alt=\"Happy\">\n                    <\/a>\n                    <div class=\"twp-reaction-title\">\n                        Happy                    <\/div>\n                    <div class=\"twp-count-percent\">\n                                                    <span style=\"display: none;\" class=\"twp-react-count\">0<\/span>\n                        \n                                                <span class=\"twp-react-percent\"><span>0<\/span> %<\/span>\n                                            <\/div>\n                <\/div>\n\n                <div class=\"twp-reacts-wrap\">\n                    <a react-data=\"be-react-2\" post-id=\"3829\" class=\"be-face-icons un-reacted\" href=\"javascript:void(0)\">\n                        <img decoding=\"async\" src=\"https:\/\/desteptati-va.ro\/wp-content\/plugins\/booster-extension\/\/assets\/icon\/sad.svg\" alt=\"Sad\">\n                    <\/a>\n                    <div class=\"twp-reaction-title\">\n                        Sad                    <\/div>\n                    <div class=\"twp-count-percent\">\n                                                    <span style=\"display: none;\" class=\"twp-react-count\">0<\/span>\n                                                                        <span class=\"twp-react-percent\"><span>0<\/span> %<\/span>\n                                            <\/div>\n                <\/div>\n\n                <div class=\"twp-reacts-wrap\">\n                    <a react-data=\"be-react-3\" post-id=\"3829\" class=\"be-face-icons un-reacted\" href=\"javascript:void(0)\">\n                        <img decoding=\"async\" src=\"https:\/\/desteptati-va.ro\/wp-content\/plugins\/booster-extension\/\/assets\/icon\/excited.svg\" alt=\"Excited\">\n                    <\/a>\n                    <div class=\"twp-reaction-title\">\n                        Excited                    <\/div>\n                    <div class=\"twp-count-percent\">\n                                                    <span style=\"display: none;\" class=\"twp-react-count\">0<\/span>\n                                                                        <span class=\"twp-react-percent\"><span>0<\/span> %<\/span>\n                                            <\/div>\n                <\/div>\n\n                <div class=\"twp-reacts-wrap\">\n                    <a react-data=\"be-react-6\" post-id=\"3829\" class=\"be-face-icons un-reacted\" href=\"javascript:void(0)\">\n                        <img decoding=\"async\" src=\"https:\/\/desteptati-va.ro\/wp-content\/plugins\/booster-extension\/\/assets\/icon\/sleepy.svg\" alt=\"Sleepy\">\n                    <\/a>\n                    <div class=\"twp-reaction-title\">\n                        Sleepy                    <\/div>\n                    <div class=\"twp-count-percent\">\n                                                    <span style=\"display: none;\" class=\"twp-react-count\">0<\/span>\n                        \n                                                <span class=\"twp-react-percent\"><span>0<\/span> %<\/span>\n                                            <\/div>\n                <\/div>\n\n                <div class=\"twp-reacts-wrap\">\n                    <a react-data=\"be-react-4\" post-id=\"3829\" class=\"be-face-icons un-reacted\" href=\"javascript:void(0)\">\n                        <img decoding=\"async\" src=\"https:\/\/desteptati-va.ro\/wp-content\/plugins\/booster-extension\/\/assets\/icon\/angry.svg\" alt=\"Angry\">\n                    <\/a>\n                    <div class=\"twp-reaction-title\">Angry<\/div>\n                    <div class=\"twp-count-percent\">\n                                                    <span style=\"display: none;\" class=\"twp-react-count\">0<\/span>\n                                                                        <span class=\"twp-react-percent\"><span>0<\/span> %<\/span>\n                        \n                    <\/div>\n                <\/div>\n\n                <div class=\"twp-reacts-wrap\">\n                    <a react-data=\"be-react-5\" post-id=\"3829\" class=\"be-face-icons un-reacted\" href=\"javascript:void(0)\">\n                        <img decoding=\"async\" src=\"https:\/\/desteptati-va.ro\/wp-content\/plugins\/booster-extension\/\/assets\/icon\/surprise.svg\" alt=\"Surprise\">\n                    <\/a>\n                    <div class=\"twp-reaction-title\">Surprise<\/div>\n                    <div class=\"twp-count-percent\">\n                                                    <span style=\"display: none;\" class=\"twp-react-count\">0<\/span>\n                                                                        <span class=\"twp-react-percent\"><span>0<\/span> %<\/span>\n                                            <\/div>\n                <\/div>\n\n            <\/div>\n        <\/div>\n\n    <\/div>","protected":false},"excerpt":{"rendered":"<p>Continu\u0103m relatarea domnului Valentin Vasilescu, pilot de avia\u0163ie, fost comandant adjunct al Aeroportului Militar Otopeni, licen\u0163iat \u00een \u015ftiin\u0163\u0103 militar\u0103 la<a href=\"https:\/\/desteptati-va.ro\/index.php\/2021\/04\/19\/din-culisele-revolutiei-romane-din-1989-partea-a-ii-a\/\">Read More<i class=\"fa fa-long-arrow-right\" aria-hidden=\"true\"><\/i><\/a><\/p>\n","protected":false},"author":1,"featured_media":2836,"comment_status":"open","ping_status":"open","sticky":false,"template":"","format":"standard","meta":{"_crdt_document":"","footnotes":""},"categories":[3,218,8],"tags":[696,83],"class_list":["post-3829","post","type-post","status-publish","format-standard","has-post-thumbnail","hentry","category-decembrie-89","category-general","category-revolutie-sau-lovitura","tag-lovitura-de-stat","tag-tradare"],"rise-blocks_total_comments":0,"rise-blocks_categories":[{"term_id":8,"name":"Revolutie sau Lovitura?","slug":"revolutie-sau-lovitura","term_group":0,"term_taxonomy_id":8,"taxonomy":"category","description":"","parent":3,"count":10,"filter":"raw"}],"rise-blocks_excerpt":"Continu\u0103m relatarea domnului Valentin Vasilescu, pilot de avia\u0163ie, fost comandant adjunct al Aeroportului Militar Otopeni, licen\u0163iat \u00een \u015ftiin\u0163\u0103 militar\u0103 la Academia de \u00cenalte Studii Militare din Bucure\u015fti-promo\u0163ia 1992, despre evenimentele din timpul Revolu\u0163iei rom\u00e2ne din 1989. Din dispozi\u0163ia general-maiorului Gheorghe Nego\u015fanu, \u0219eful de stat major al comandamentului Ap\u0103r\u0103rii AA a teritoriului, pe 22 decembrie 1989 de la orele 19:00 nici..","yoast_head":"<!-- This site is optimized with the Yoast SEO plugin v26.9 - https:\/\/yoast.com\/product\/yoast-seo-wordpress\/ -->\r\n<title>Din culisele Revolu\u0163iei rom\u00e2ne din 1989. Partea a II-a -<\/title>\r\n<meta name=\"robots\" content=\"index, follow, max-snippet:-1, max-image-preview:large, max-video-preview:-1\" \/>\r\n<link rel=\"canonical\" href=\"https:\/\/desteptati-va.ro\/index.php\/2021\/04\/19\/din-culisele-revolutiei-romane-din-1989-partea-a-ii-a\/\" \/>\r\n<meta property=\"og:locale\" content=\"ro_RO\" \/>\r\n<meta property=\"og:type\" content=\"article\" \/>\r\n<meta property=\"og:title\" content=\"Din culisele Revolu\u0163iei rom\u00e2ne din 1989. Partea a II-a -\" \/>\r\n<meta property=\"og:description\" content=\"Continu\u0103m relatarea domnului Valentin Vasilescu, pilot de avia\u0163ie, fost comandant adjunct al Aeroportului Militar Otopeni, licen\u0163iat \u00een \u015ftiin\u0163\u0103 militar\u0103 laRead More\" \/>\r\n<meta property=\"og:url\" content=\"https:\/\/desteptati-va.ro\/index.php\/2021\/04\/19\/din-culisele-revolutiei-romane-din-1989-partea-a-ii-a\/\" \/>\r\n<meta property=\"article:published_time\" content=\"2021-04-19T06:13:54+00:00\" \/>\r\n<meta property=\"og:image\" content=\"https:\/\/desteptati-va.ro\/wp-content\/uploads\/2021\/04\/normal_IMG_1669.jpg\" \/>\r\n\t<meta property=\"og:image:width\" content=\"400\" \/>\r\n\t<meta property=\"og:image:height\" content=\"300\" \/>\r\n\t<meta property=\"og:image:type\" content=\"image\/jpeg\" \/>\r\n<meta name=\"author\" content=\"wolfsoftcompany\" \/>\r\n<meta name=\"twitter:card\" content=\"summary_large_image\" \/>\r\n<meta name=\"twitter:label1\" content=\"Scris de\" \/>\n\t<meta name=\"twitter:data1\" content=\"wolfsoftcompany\" \/>\n\t<meta name=\"twitter:label2\" content=\"Timp estimat pentru citire\" \/>\n\t<meta name=\"twitter:data2\" content=\"17 minute\" \/>\r\n<script type=\"application\/ld+json\" class=\"yoast-schema-graph\">{\"@context\":\"https:\/\/schema.org\",\"@graph\":[{\"@type\":\"Article\",\"@id\":\"https:\/\/desteptati-va.ro\/index.php\/2021\/04\/19\/din-culisele-revolutiei-romane-din-1989-partea-a-ii-a\/#article\",\"isPartOf\":{\"@id\":\"https:\/\/desteptati-va.ro\/index.php\/2021\/04\/19\/din-culisele-revolutiei-romane-din-1989-partea-a-ii-a\/\"},\"author\":{\"name\":\"wolfsoftcompany\",\"@id\":\"https:\/\/desteptati-va.ro\/#\/schema\/person\/13182deeebd44920914899f7bb262d6b\"},\"headline\":\"Din culisele Revolu\u0163iei rom\u00e2ne din 1989. Partea a II-a\",\"datePublished\":\"2021-04-19T06:13:54+00:00\",\"mainEntityOfPage\":{\"@id\":\"https:\/\/desteptati-va.ro\/index.php\/2021\/04\/19\/din-culisele-revolutiei-romane-din-1989-partea-a-ii-a\/\"},\"wordCount\":3453,\"commentCount\":0,\"image\":{\"@id\":\"https:\/\/desteptati-va.ro\/index.php\/2021\/04\/19\/din-culisele-revolutiei-romane-din-1989-partea-a-ii-a\/#primaryimage\"},\"thumbnailUrl\":\"https:\/\/desteptati-va.ro\/wp-content\/uploads\/2021\/04\/normal_IMG_1669.jpg\",\"keywords\":[\"lovitura de stat\",\"tradare\"],\"articleSection\":[\"Decembrie 89\",\"General\",\"Revolutie sau Lovitura?\"],\"inLanguage\":\"ro-RO\",\"potentialAction\":[{\"@type\":\"CommentAction\",\"name\":\"Comment\",\"target\":[\"https:\/\/desteptati-va.ro\/index.php\/2021\/04\/19\/din-culisele-revolutiei-romane-din-1989-partea-a-ii-a\/#respond\"]}]},{\"@type\":\"WebPage\",\"@id\":\"https:\/\/desteptati-va.ro\/index.php\/2021\/04\/19\/din-culisele-revolutiei-romane-din-1989-partea-a-ii-a\/\",\"url\":\"https:\/\/desteptati-va.ro\/index.php\/2021\/04\/19\/din-culisele-revolutiei-romane-din-1989-partea-a-ii-a\/\",\"name\":\"Din culisele Revolu\u0163iei rom\u00e2ne din 1989. Partea a II-a -\",\"isPartOf\":{\"@id\":\"https:\/\/desteptati-va.ro\/#website\"},\"primaryImageOfPage\":{\"@id\":\"https:\/\/desteptati-va.ro\/index.php\/2021\/04\/19\/din-culisele-revolutiei-romane-din-1989-partea-a-ii-a\/#primaryimage\"},\"image\":{\"@id\":\"https:\/\/desteptati-va.ro\/index.php\/2021\/04\/19\/din-culisele-revolutiei-romane-din-1989-partea-a-ii-a\/#primaryimage\"},\"thumbnailUrl\":\"https:\/\/desteptati-va.ro\/wp-content\/uploads\/2021\/04\/normal_IMG_1669.jpg\",\"datePublished\":\"2021-04-19T06:13:54+00:00\",\"author\":{\"@id\":\"https:\/\/desteptati-va.ro\/#\/schema\/person\/13182deeebd44920914899f7bb262d6b\"},\"breadcrumb\":{\"@id\":\"https:\/\/desteptati-va.ro\/index.php\/2021\/04\/19\/din-culisele-revolutiei-romane-din-1989-partea-a-ii-a\/#breadcrumb\"},\"inLanguage\":\"ro-RO\",\"potentialAction\":[{\"@type\":\"ReadAction\",\"target\":[\"https:\/\/desteptati-va.ro\/index.php\/2021\/04\/19\/din-culisele-revolutiei-romane-din-1989-partea-a-ii-a\/\"]}]},{\"@type\":\"ImageObject\",\"inLanguage\":\"ro-RO\",\"@id\":\"https:\/\/desteptati-va.ro\/index.php\/2021\/04\/19\/din-culisele-revolutiei-romane-din-1989-partea-a-ii-a\/#primaryimage\",\"url\":\"https:\/\/desteptati-va.ro\/wp-content\/uploads\/2021\/04\/normal_IMG_1669.jpg\",\"contentUrl\":\"https:\/\/desteptati-va.ro\/wp-content\/uploads\/2021\/04\/normal_IMG_1669.jpg\",\"width\":400,\"height\":300},{\"@type\":\"BreadcrumbList\",\"@id\":\"https:\/\/desteptati-va.ro\/index.php\/2021\/04\/19\/din-culisele-revolutiei-romane-din-1989-partea-a-ii-a\/#breadcrumb\",\"itemListElement\":[{\"@type\":\"ListItem\",\"position\":1,\"name\":\"Prima pagin\u0103\",\"item\":\"https:\/\/desteptati-va.ro\/\"},{\"@type\":\"ListItem\",\"position\":2,\"name\":\"Din culisele Revolu\u0163iei rom\u00e2ne din 1989. Partea a II-a\"}]},{\"@type\":\"WebSite\",\"@id\":\"https:\/\/desteptati-va.ro\/#website\",\"url\":\"https:\/\/desteptati-va.ro\/\",\"name\":\"\",\"description\":\"\",\"potentialAction\":[{\"@type\":\"SearchAction\",\"target\":{\"@type\":\"EntryPoint\",\"urlTemplate\":\"https:\/\/desteptati-va.ro\/?s={search_term_string}\"},\"query-input\":{\"@type\":\"PropertyValueSpecification\",\"valueRequired\":true,\"valueName\":\"search_term_string\"}}],\"inLanguage\":\"ro-RO\"},{\"@type\":\"Person\",\"@id\":\"https:\/\/desteptati-va.ro\/#\/schema\/person\/13182deeebd44920914899f7bb262d6b\",\"name\":\"wolfsoftcompany\",\"image\":{\"@type\":\"ImageObject\",\"inLanguage\":\"ro-RO\",\"@id\":\"https:\/\/desteptati-va.ro\/#\/schema\/person\/image\/\",\"url\":\"https:\/\/secure.gravatar.com\/avatar\/a6cce9b6d101d27d91690e7073e300fed94c0899890bf998e082cb9d2c3d121e?s=96&d=mm&r=g\",\"contentUrl\":\"https:\/\/secure.gravatar.com\/avatar\/a6cce9b6d101d27d91690e7073e300fed94c0899890bf998e082cb9d2c3d121e?s=96&d=mm&r=g\",\"caption\":\"wolfsoftcompany\"},\"sameAs\":[\"http:\/\/desteptati-va.ro\"],\"url\":\"https:\/\/desteptati-va.ro\/index.php\/author\/wolfsoftcompany\/\"}]}<\/script>\r\n<!-- \/ Yoast SEO plugin. -->","yoast_head_json":{"title":"Din culisele Revolu\u0163iei rom\u00e2ne din 1989. Partea a II-a -","robots":{"index":"index","follow":"follow","max-snippet":"max-snippet:-1","max-image-preview":"max-image-preview:large","max-video-preview":"max-video-preview:-1"},"canonical":"https:\/\/desteptati-va.ro\/index.php\/2021\/04\/19\/din-culisele-revolutiei-romane-din-1989-partea-a-ii-a\/","og_locale":"ro_RO","og_type":"article","og_title":"Din culisele Revolu\u0163iei rom\u00e2ne din 1989. Partea a II-a -","og_description":"Continu\u0103m relatarea domnului Valentin Vasilescu, pilot de avia\u0163ie, fost comandant adjunct al Aeroportului Militar Otopeni, licen\u0163iat \u00een \u015ftiin\u0163\u0103 militar\u0103 laRead More","og_url":"https:\/\/desteptati-va.ro\/index.php\/2021\/04\/19\/din-culisele-revolutiei-romane-din-1989-partea-a-ii-a\/","article_published_time":"2021-04-19T06:13:54+00:00","og_image":[{"width":400,"height":300,"url":"https:\/\/desteptati-va.ro\/wp-content\/uploads\/2021\/04\/normal_IMG_1669.jpg","type":"image\/jpeg"}],"author":"wolfsoftcompany","twitter_card":"summary_large_image","twitter_misc":{"Scris de":"wolfsoftcompany","Timp estimat pentru citire":"17 minute"},"schema":{"@context":"https:\/\/schema.org","@graph":[{"@type":"Article","@id":"https:\/\/desteptati-va.ro\/index.php\/2021\/04\/19\/din-culisele-revolutiei-romane-din-1989-partea-a-ii-a\/#article","isPartOf":{"@id":"https:\/\/desteptati-va.ro\/index.php\/2021\/04\/19\/din-culisele-revolutiei-romane-din-1989-partea-a-ii-a\/"},"author":{"name":"wolfsoftcompany","@id":"https:\/\/desteptati-va.ro\/#\/schema\/person\/13182deeebd44920914899f7bb262d6b"},"headline":"Din culisele Revolu\u0163iei rom\u00e2ne din 1989. Partea a II-a","datePublished":"2021-04-19T06:13:54+00:00","mainEntityOfPage":{"@id":"https:\/\/desteptati-va.ro\/index.php\/2021\/04\/19\/din-culisele-revolutiei-romane-din-1989-partea-a-ii-a\/"},"wordCount":3453,"commentCount":0,"image":{"@id":"https:\/\/desteptati-va.ro\/index.php\/2021\/04\/19\/din-culisele-revolutiei-romane-din-1989-partea-a-ii-a\/#primaryimage"},"thumbnailUrl":"https:\/\/desteptati-va.ro\/wp-content\/uploads\/2021\/04\/normal_IMG_1669.jpg","keywords":["lovitura de stat","tradare"],"articleSection":["Decembrie 89","General","Revolutie sau Lovitura?"],"inLanguage":"ro-RO","potentialAction":[{"@type":"CommentAction","name":"Comment","target":["https:\/\/desteptati-va.ro\/index.php\/2021\/04\/19\/din-culisele-revolutiei-romane-din-1989-partea-a-ii-a\/#respond"]}]},{"@type":"WebPage","@id":"https:\/\/desteptati-va.ro\/index.php\/2021\/04\/19\/din-culisele-revolutiei-romane-din-1989-partea-a-ii-a\/","url":"https:\/\/desteptati-va.ro\/index.php\/2021\/04\/19\/din-culisele-revolutiei-romane-din-1989-partea-a-ii-a\/","name":"Din culisele Revolu\u0163iei rom\u00e2ne din 1989. Partea a II-a -","isPartOf":{"@id":"https:\/\/desteptati-va.ro\/#website"},"primaryImageOfPage":{"@id":"https:\/\/desteptati-va.ro\/index.php\/2021\/04\/19\/din-culisele-revolutiei-romane-din-1989-partea-a-ii-a\/#primaryimage"},"image":{"@id":"https:\/\/desteptati-va.ro\/index.php\/2021\/04\/19\/din-culisele-revolutiei-romane-din-1989-partea-a-ii-a\/#primaryimage"},"thumbnailUrl":"https:\/\/desteptati-va.ro\/wp-content\/uploads\/2021\/04\/normal_IMG_1669.jpg","datePublished":"2021-04-19T06:13:54+00:00","author":{"@id":"https:\/\/desteptati-va.ro\/#\/schema\/person\/13182deeebd44920914899f7bb262d6b"},"breadcrumb":{"@id":"https:\/\/desteptati-va.ro\/index.php\/2021\/04\/19\/din-culisele-revolutiei-romane-din-1989-partea-a-ii-a\/#breadcrumb"},"inLanguage":"ro-RO","potentialAction":[{"@type":"ReadAction","target":["https:\/\/desteptati-va.ro\/index.php\/2021\/04\/19\/din-culisele-revolutiei-romane-din-1989-partea-a-ii-a\/"]}]},{"@type":"ImageObject","inLanguage":"ro-RO","@id":"https:\/\/desteptati-va.ro\/index.php\/2021\/04\/19\/din-culisele-revolutiei-romane-din-1989-partea-a-ii-a\/#primaryimage","url":"https:\/\/desteptati-va.ro\/wp-content\/uploads\/2021\/04\/normal_IMG_1669.jpg","contentUrl":"https:\/\/desteptati-va.ro\/wp-content\/uploads\/2021\/04\/normal_IMG_1669.jpg","width":400,"height":300},{"@type":"BreadcrumbList","@id":"https:\/\/desteptati-va.ro\/index.php\/2021\/04\/19\/din-culisele-revolutiei-romane-din-1989-partea-a-ii-a\/#breadcrumb","itemListElement":[{"@type":"ListItem","position":1,"name":"Prima pagin\u0103","item":"https:\/\/desteptati-va.ro\/"},{"@type":"ListItem","position":2,"name":"Din culisele Revolu\u0163iei rom\u00e2ne din 1989. Partea a II-a"}]},{"@type":"WebSite","@id":"https:\/\/desteptati-va.ro\/#website","url":"https:\/\/desteptati-va.ro\/","name":"","description":"","potentialAction":[{"@type":"SearchAction","target":{"@type":"EntryPoint","urlTemplate":"https:\/\/desteptati-va.ro\/?s={search_term_string}"},"query-input":{"@type":"PropertyValueSpecification","valueRequired":true,"valueName":"search_term_string"}}],"inLanguage":"ro-RO"},{"@type":"Person","@id":"https:\/\/desteptati-va.ro\/#\/schema\/person\/13182deeebd44920914899f7bb262d6b","name":"wolfsoftcompany","image":{"@type":"ImageObject","inLanguage":"ro-RO","@id":"https:\/\/desteptati-va.ro\/#\/schema\/person\/image\/","url":"https:\/\/secure.gravatar.com\/avatar\/a6cce9b6d101d27d91690e7073e300fed94c0899890bf998e082cb9d2c3d121e?s=96&d=mm&r=g","contentUrl":"https:\/\/secure.gravatar.com\/avatar\/a6cce9b6d101d27d91690e7073e300fed94c0899890bf998e082cb9d2c3d121e?s=96&d=mm&r=g","caption":"wolfsoftcompany"},"sameAs":["http:\/\/desteptati-va.ro"],"url":"https:\/\/desteptati-va.ro\/index.php\/author\/wolfsoftcompany\/"}]}},"_links":{"self":[{"href":"https:\/\/desteptati-va.ro\/index.php\/wp-json\/wp\/v2\/posts\/3829","targetHints":{"allow":["GET"]}}],"collection":[{"href":"https:\/\/desteptati-va.ro\/index.php\/wp-json\/wp\/v2\/posts"}],"about":[{"href":"https:\/\/desteptati-va.ro\/index.php\/wp-json\/wp\/v2\/types\/post"}],"author":[{"embeddable":true,"href":"https:\/\/desteptati-va.ro\/index.php\/wp-json\/wp\/v2\/users\/1"}],"replies":[{"embeddable":true,"href":"https:\/\/desteptati-va.ro\/index.php\/wp-json\/wp\/v2\/comments?post=3829"}],"version-history":[{"count":1,"href":"https:\/\/desteptati-va.ro\/index.php\/wp-json\/wp\/v2\/posts\/3829\/revisions"}],"predecessor-version":[{"id":3831,"href":"https:\/\/desteptati-va.ro\/index.php\/wp-json\/wp\/v2\/posts\/3829\/revisions\/3831"}],"wp:featuredmedia":[{"embeddable":true,"href":"https:\/\/desteptati-va.ro\/index.php\/wp-json\/wp\/v2\/media\/2836"}],"wp:attachment":[{"href":"https:\/\/desteptati-va.ro\/index.php\/wp-json\/wp\/v2\/media?parent=3829"}],"wp:term":[{"taxonomy":"category","embeddable":true,"href":"https:\/\/desteptati-va.ro\/index.php\/wp-json\/wp\/v2\/categories?post=3829"},{"taxonomy":"post_tag","embeddable":true,"href":"https:\/\/desteptati-va.ro\/index.php\/wp-json\/wp\/v2\/tags?post=3829"}],"curies":[{"name":"wp","href":"https:\/\/api.w.org\/{rel}","templated":true}]}}