{"id":3832,"date":"2021-04-19T06:15:32","date_gmt":"2021-04-19T06:15:32","guid":{"rendered":"http:\/\/desteptati.ro\/?p=3832"},"modified":"2021-04-19T06:15:32","modified_gmt":"2021-04-19T06:15:32","slug":"din-culisele-revolutiei-romane-din-1989-partea-i","status":"publish","type":"post","link":"https:\/\/desteptati-va.ro\/index.php\/2021\/04\/19\/din-culisele-revolutiei-romane-din-1989-partea-i\/","title":{"rendered":"Din culisele Revolu\u0163iei rom\u00e2ne din 1989. Partea I"},"content":{"rendered":"<div class=\"post-content\"><div class='booster-block booster-read-block'>\n                <div class=\"twp-read-time\">\n                \t<i class=\"booster-icon twp-clock\"><\/i> <span>Read Time:<\/span>4 Minute, 17 Second                <\/div>\n\n            <\/div><h4>Domnul Valentin Vasilescu, pilot de avia\u0163ie, fost comandant adjunct al Aeroportului Militar Otopeni, licen\u0163iat \u00een \u015ftiin\u0163\u0103 militar\u0103 la Academia de \u00cenalte Studii Militare din Bucure\u015fti-promo\u0163ia 1992, a transmis pentru Vocea Rusiei am\u0103nunte din spatele Revolu\u0163iei rom\u00e2ne din 1989 \u015fi ceea ce a \u00eensemnat ea pentru armata rom\u00e2n\u0103.<\/h4>\r\n<h4>\u201eTimp de peste 20 de ani, a existat un interes major din partea autorilor r\u0103zboiului secret, purtat prin opera\u0163iuni sub acoperire pentru distrugerea cu orice pre\u0163 a socialismului la nivel global, de a-l ascunde, at\u00e2t c\u00e2t a fost posibil sau de a se confec\u0163iona m\u0103car o imagine idilic\u0103, de epopee, a c\u00e2torva aspecte esen\u0163iale ale evenimentelor din decembrie 1989, considerate punctul zero al startului Rom\u00e2niei spre democra\u021bie. Prin urmare, r\u0103m\u00e2ne \u015fi azi de actualitate men\u021binerea poporului rom\u00e2n \u015fi a armatei sale \u00een minciun\u0103, pentru protejarea celor 2 mascote (Iliescu \u015fi Constantinescu), emanate pentru a facilita ducerea R\u0103zboiului Secret \u00eempotriva \u0163\u0103rii lor..Ar fi bine s\u0103 reamintesc c\u0103 pentru legitimarea aparentului proces revolu\u0163ionar \u015fi al emana\u0163ilor din decembrie 1989 (ambele fiind crea\u0163ii ale R\u0103zboiului Secret purtat prin opera\u0163iuni sub acoperire \u00eempotriva \u0163\u0103rii noastre, prin care s-a reu\u015fit distrugerea inamicului &#8211; poporul rom\u00e2n la el acas\u0103) au fost necesare 5.205 victime, dintre care 1.116 de mor\u0163i (663 dintre ace\u015ftia fiind militari) \u015fi 4.089 de r\u0103ni\u0163i. Din cei 1.116 de mor\u0163i, pe 22 decembrie, la ora 12:09, c\u00e2nd Ceau\u015fescu a fugit din sediul CC, erau \u00eenregistra\u021bi 126, to\u0163i civili.<\/h4>\r\n<h4 style=\"text-align: justify;\">Pentru necunosc\u0103tori, trebuie s\u0103 spun c\u0103 orice Hot\u0103r\u00e2re a comandantului de la cel mai mic e\u015falon tactic p\u00e2n\u0103 la cel strategic nu se lua \u00eenainte de 1990 \u015fi nu ia nici azi \u00een orb, urm\u0103rind programul Televiziunii Rom\u00e2ne Libere, ci \u00een baza unui algoritm introdus pentru prima dat\u0103 \u00een manualul de \u015ftiin\u0163\u0103 \u015fi art\u0103 militar\u0103 numit \u201dVom Kriege\u201d &#8211; Despre r\u0103zboi) de generalul prusac Carl Philipp Gottlieb von Clausewitz (1780-1831), valabil ad-litteram \u015fi \u00een zilele noastre. Aceast\u0103 Hot\u0103r\u00e2re are form\u0103 grafic\u0103, adic\u0103 se reprezint\u0103 prin semne conven\u0163ionale \u015fi tabele justificative pe o hart\u0103 militar\u0103, a\u015fa cum prevedeau regulamentele operativ-strategice AN-1 \u015fi AN-2, \u00eentruc\u00e2t era \u015fi este un act juridic, care te trimite direct \u00een fa\u0163a plutonului de execu\u0163ie. Pe hart\u0103 apar, plasate cu precizie, pozi\u0163iile de lupt\u0103, zonele de foc sau dispozitivele de mar\u015f ale tuturor unit\u0103\u0163ilor \u015fi subunit\u0103\u0163ilor proprii. Regulamentele prevedeau ca pozi\u0163iile respective s\u0103 fie actualizate permanent de c\u0103tre echipele de stat major, pe timpul derul\u0103rii opera\u0163iei. Una din primele probleme de rezolvat \u00eenaintea elabor\u0103rii Hot\u0103r\u00e2rii era stabilirea structurii Conducerii \u00een care sunt stabilite fluxurile de transmitere a ordinelor, dispozi\u0163iilor \u015fi informa\u0163iilor, \u00een mod obligatoriu \u00een form\u0103 secretizat\u0103, pe cale ierarhic\u0103 \u015fi \u00een concordan\u021b\u0103 doar prin mijloacele de telecomunica\u0163ii de tip militar, existente \u00een \u00eenzestrare.<\/h4>\r\n<h4 style=\"text-align: justify;\">Orice om cu pu\u0163in\u0103 experien\u0163\u0103 \u00een domeniu \u00ee\u015fi d\u0103 seama c\u0103 sediul Comitetului Central nu asigura condi\u0163iile minime exercit\u0103rii atribu\u0163iilor de comand\u0103. Cu ocazia transmisiei a\u015fa-zisei revolu\u0163ii \u00een direct n-am v\u0103zut dec\u00e2t un general de operet\u0103, f\u0103r\u0103 stat major, dotat cu un simplu telefon \u015fi care teoretic avea sub comanda sa: 4 armate de arme \u00eentrunite ca for\u0163e terestre, 2 mari unit\u0103\u0163i de Ap\u0103rare AA, 2 divizii de avia\u0163ie cu peste 20 de baze aeriene, 2 divizii de marin\u0103 militar\u0103, una la litoral \u015fi cealalt\u0103 de-a lungul fluviului Dun\u0103rea. A\u015fadar, piesa de teatru jucat\u0103 \u00een sediul CC de c\u0103tre generalul-maior \u015etefan Gu\u015fe, \u0219eful Marelui Stat Major, \u00een noaptea de 22\/23.12.1989, n-are nimic comun cu arta militar\u0103 \u015fi nu poate fi numit\u0103 conducere militar\u0103.<\/h4>\r\n<h4 style=\"text-align: justify;\">\u00cen vara anului 1988, armata a 2-a rom\u00e2n\u0103 a organizat \u015fi executat o aplica\u021bie demonstrativ\u0103 de for\u0163are a cursului fluviului Dun\u0103rea cu efectivele unei divizii mecanizate la Stelnica (l\u00e2ng\u0103 Fete\u015fti). Circa 250 de TAB-uri \u015fi MLI-uri au traversat fluviul Dun\u0103rea prin 4 sectoare de for\u0163are amenajate genistic, sus\u0163inute cu foc de un divizion de nave blindate, 1 batalion de para\u015futi\u015fti a fost lansat din avioane \u00een spatele \u201dinamicului\u201d pentru \u00eenv\u0103luirea dispozitivului advers, 3 escadrile de elicoptere au executat sprijin cu foc \u015fi transportul unui batalion de desant aerian, 2 escadrile de avia\u0163ie v\u00e2n\u0103toare au acoperit aerian zona opera\u0163iilor, angaj\u00e2nd lupta aerian\u0103 cu \u201dinamicul\u201d. Pontonierii au asamblat contra-cronometru 2 poduri de pontoane peste fluviu, 1 regiment de tancuri \u015fi alte categorii de tehnic\u0103 grea, fiind transportate cu porti\u0163e (un fel de bacuri). Pentru compara\u0163ie, dup\u0103 1990, nici o aplica\u0163ie n-a mai dep\u0103\u015fit e\u015falonul companie, iar for\u0163\u0103ri de cursuri de ap\u0103 nu au mai avut loc, toate unit\u0103\u0163ile de pontonieri fiind desfiin\u0163ate, porti\u0163ele fiind \u201e\u00eemprumutate\u201d de generalul Eugen B\u0103d\u0103lan omului de afaceri T\u0103r\u00e2\u0163\u0103 Culi\u0163\u0103 pentru exploata\u0163ia sa agricol\u0103 din balta Br\u0103ilei.<\/h4>\r\n<h4 style=\"text-align: justify;\">Prin urmare, \u00een decembrie 1989 nu a fost vorba despre \u00eenfruntarea unui inamic, superior preg\u0103tit \u00een gueril\u0103 urban\u0103 \u015fi dispun\u00e2nd de mijloace performante de diversiune radio-electronic\u0103, a\u015fa cum se afirm\u0103. Pentru c\u0103 \u00een acei ani, trupele rom\u00e2ne\u015fti erau bine organizate, \u00eenzestrate \u015fi preg\u0103tite pentru a respinge o agresiune extern\u0103. \u00cens\u0103 erau total descoperite \u00een cazul tr\u0103d\u0103rii lor, comise cu cinism, de o mul\u0163ime de oameni, de mult angaja\u0163i \u00een ob\u0163inerea victoriei \u00eempotriva Rom\u00e2niei \u00een r\u0103zboiul secret, colonei \u015fi generali, numi\u0163i s\u0103 le conduc\u0103 \u00een lupt\u0103&#8221;<\/h4>\r\n<h4><em>Surs\u0103:\u00a0<a title=\"sursa\" href=\"http:\/\/romanian.ruvr.ru\/2012_11_02\/93243918\/\">http:\/\/romanian.ruvr.ru<\/a><\/em><\/h4>        <div class=\"booster-block booster-reactions-block\">\n            <div class=\"twp-reactions-icons\">\n                \n                <div class=\"twp-reacts-wrap\">\n                    <a react-data=\"be-react-1\" post-id=\"3832\" class=\"be-face-icons un-reacted\" href=\"javascript:void(0)\">\n                        <img decoding=\"async\" src=\"https:\/\/desteptati-va.ro\/wp-content\/plugins\/booster-extension\/\/assets\/icon\/happy.svg\" alt=\"Happy\">\n                    <\/a>\n                    <div class=\"twp-reaction-title\">\n                        Happy                    <\/div>\n                    <div class=\"twp-count-percent\">\n                                                    <span style=\"display: none;\" class=\"twp-react-count\">0<\/span>\n                        \n                                                <span class=\"twp-react-percent\"><span>0<\/span> %<\/span>\n                                            <\/div>\n                <\/div>\n\n                <div class=\"twp-reacts-wrap\">\n                    <a react-data=\"be-react-2\" post-id=\"3832\" class=\"be-face-icons un-reacted\" href=\"javascript:void(0)\">\n                        <img decoding=\"async\" src=\"https:\/\/desteptati-va.ro\/wp-content\/plugins\/booster-extension\/\/assets\/icon\/sad.svg\" alt=\"Sad\">\n                    <\/a>\n                    <div class=\"twp-reaction-title\">\n                        Sad                    <\/div>\n                    <div class=\"twp-count-percent\">\n                                                    <span style=\"display: none;\" class=\"twp-react-count\">0<\/span>\n                                                                        <span class=\"twp-react-percent\"><span>0<\/span> %<\/span>\n                                            <\/div>\n                <\/div>\n\n                <div class=\"twp-reacts-wrap\">\n                    <a react-data=\"be-react-3\" post-id=\"3832\" class=\"be-face-icons un-reacted\" href=\"javascript:void(0)\">\n                        <img decoding=\"async\" src=\"https:\/\/desteptati-va.ro\/wp-content\/plugins\/booster-extension\/\/assets\/icon\/excited.svg\" alt=\"Excited\">\n                    <\/a>\n                    <div class=\"twp-reaction-title\">\n                        Excited                    <\/div>\n                    <div class=\"twp-count-percent\">\n                                                    <span style=\"display: none;\" class=\"twp-react-count\">0<\/span>\n                                                                        <span class=\"twp-react-percent\"><span>0<\/span> %<\/span>\n                                            <\/div>\n                <\/div>\n\n                <div class=\"twp-reacts-wrap\">\n                    <a react-data=\"be-react-6\" post-id=\"3832\" class=\"be-face-icons un-reacted\" href=\"javascript:void(0)\">\n                        <img decoding=\"async\" src=\"https:\/\/desteptati-va.ro\/wp-content\/plugins\/booster-extension\/\/assets\/icon\/sleepy.svg\" alt=\"Sleepy\">\n                    <\/a>\n                    <div class=\"twp-reaction-title\">\n                        Sleepy                    <\/div>\n                    <div class=\"twp-count-percent\">\n                                                    <span style=\"display: none;\" class=\"twp-react-count\">0<\/span>\n                        \n                                                <span class=\"twp-react-percent\"><span>0<\/span> %<\/span>\n                                            <\/div>\n                <\/div>\n\n                <div class=\"twp-reacts-wrap\">\n                    <a react-data=\"be-react-4\" post-id=\"3832\" class=\"be-face-icons un-reacted\" href=\"javascript:void(0)\">\n                        <img decoding=\"async\" src=\"https:\/\/desteptati-va.ro\/wp-content\/plugins\/booster-extension\/\/assets\/icon\/angry.svg\" alt=\"Angry\">\n                    <\/a>\n                    <div class=\"twp-reaction-title\">Angry<\/div>\n                    <div class=\"twp-count-percent\">\n                                                    <span style=\"display: none;\" class=\"twp-react-count\">0<\/span>\n                                                                        <span class=\"twp-react-percent\"><span>0<\/span> %<\/span>\n                        \n                    <\/div>\n                <\/div>\n\n                <div class=\"twp-reacts-wrap\">\n                    <a react-data=\"be-react-5\" post-id=\"3832\" class=\"be-face-icons un-reacted\" href=\"javascript:void(0)\">\n                        <img decoding=\"async\" src=\"https:\/\/desteptati-va.ro\/wp-content\/plugins\/booster-extension\/\/assets\/icon\/surprise.svg\" alt=\"Surprise\">\n                    <\/a>\n                    <div class=\"twp-reaction-title\">Surprise<\/div>\n                    <div class=\"twp-count-percent\">\n                                                    <span style=\"display: none;\" class=\"twp-react-count\">0<\/span>\n                                                                        <span class=\"twp-react-percent\"><span>0<\/span> %<\/span>\n                                            <\/div>\n                <\/div>\n\n            <\/div>\n        <\/div>\n\n    <\/div>","protected":false},"excerpt":{"rendered":"<p>Domnul Valentin Vasilescu, pilot de avia\u0163ie, fost comandant adjunct al Aeroportului Militar Otopeni, licen\u0163iat \u00een \u015ftiin\u0163\u0103 militar\u0103 la Academia de<a href=\"https:\/\/desteptati-va.ro\/index.php\/2021\/04\/19\/din-culisele-revolutiei-romane-din-1989-partea-i\/\">Read More<i class=\"fa fa-long-arrow-right\" aria-hidden=\"true\"><\/i><\/a><\/p>\n","protected":false},"author":1,"featured_media":2843,"comment_status":"open","ping_status":"open","sticky":false,"template":"","format":"standard","meta":{"_crdt_document":"","footnotes":""},"categories":[3,218,8],"tags":[1042,647,156],"class_list":["post-3832","post","type-post","status-publish","format-standard","has-post-thumbnail","hentry","category-decembrie-89","category-general","category-revolutie-sau-lovitura","tag-evolutie","tag-tradari","tag-tradatori"],"rise-blocks_total_comments":0,"rise-blocks_categories":[{"term_id":8,"name":"Revolutie sau Lovitura?","slug":"revolutie-sau-lovitura","term_group":0,"term_taxonomy_id":8,"taxonomy":"category","description":"","parent":3,"count":10,"filter":"raw"}],"rise-blocks_excerpt":"Domnul Valentin Vasilescu, pilot de avia\u0163ie, fost comandant adjunct al Aeroportului Militar Otopeni, licen\u0163iat \u00een \u015ftiin\u0163\u0103 militar\u0103 la Academia de \u00cenalte Studii Militare din Bucure\u015fti-promo\u0163ia 1992, a transmis pentru Vocea Rusiei am\u0103nunte din spatele Revolu\u0163iei rom\u00e2ne din 1989 \u015fi ceea ce a \u00eensemnat ea pentru armata rom\u00e2n\u0103. \u201eTimp de peste 20 de ani, a existat un interes major din partea..","yoast_head":"<!-- This site is optimized with the Yoast SEO plugin v26.9 - https:\/\/yoast.com\/product\/yoast-seo-wordpress\/ -->\r\n<title>Din culisele Revolu\u0163iei rom\u00e2ne din 1989. Partea I -<\/title>\r\n<meta name=\"robots\" content=\"index, follow, max-snippet:-1, max-image-preview:large, max-video-preview:-1\" \/>\r\n<link rel=\"canonical\" href=\"https:\/\/desteptati-va.ro\/index.php\/2021\/04\/19\/din-culisele-revolutiei-romane-din-1989-partea-i\/\" \/>\r\n<meta property=\"og:locale\" content=\"ro_RO\" \/>\r\n<meta property=\"og:type\" content=\"article\" \/>\r\n<meta property=\"og:title\" content=\"Din culisele Revolu\u0163iei rom\u00e2ne din 1989. Partea I -\" \/>\r\n<meta property=\"og:description\" content=\"Domnul Valentin Vasilescu, pilot de avia\u0163ie, fost comandant adjunct al Aeroportului Militar Otopeni, licen\u0163iat \u00een \u015ftiin\u0163\u0103 militar\u0103 la Academia deRead More\" \/>\r\n<meta property=\"og:url\" content=\"https:\/\/desteptati-va.ro\/index.php\/2021\/04\/19\/din-culisele-revolutiei-romane-din-1989-partea-i\/\" \/>\r\n<meta property=\"article:published_time\" content=\"2021-04-19T06:15:32+00:00\" \/>\r\n<meta property=\"og:image\" content=\"https:\/\/desteptati-va.ro\/wp-content\/uploads\/2021\/04\/revolutie-1-e1618812905251.jpg\" \/>\r\n\t<meta property=\"og:image:width\" content=\"201\" \/>\r\n\t<meta property=\"og:image:height\" content=\"201\" \/>\r\n\t<meta property=\"og:image:type\" content=\"image\/jpeg\" \/>\r\n<meta name=\"author\" content=\"wolfsoftcompany\" \/>\r\n<meta name=\"twitter:card\" content=\"summary_large_image\" \/>\r\n<meta name=\"twitter:label1\" content=\"Scris de\" \/>\n\t<meta name=\"twitter:data1\" content=\"wolfsoftcompany\" \/>\n\t<meta name=\"twitter:label2\" content=\"Timp estimat pentru citire\" \/>\n\t<meta name=\"twitter:data2\" content=\"5 minute\" \/>\r\n<script type=\"application\/ld+json\" class=\"yoast-schema-graph\">{\"@context\":\"https:\/\/schema.org\",\"@graph\":[{\"@type\":\"Article\",\"@id\":\"https:\/\/desteptati-va.ro\/index.php\/2021\/04\/19\/din-culisele-revolutiei-romane-din-1989-partea-i\/#article\",\"isPartOf\":{\"@id\":\"https:\/\/desteptati-va.ro\/index.php\/2021\/04\/19\/din-culisele-revolutiei-romane-din-1989-partea-i\/\"},\"author\":{\"name\":\"wolfsoftcompany\",\"@id\":\"https:\/\/desteptati-va.ro\/#\/schema\/person\/13182deeebd44920914899f7bb262d6b\"},\"headline\":\"Din culisele Revolu\u0163iei rom\u00e2ne din 1989. Partea I\",\"datePublished\":\"2021-04-19T06:15:32+00:00\",\"mainEntityOfPage\":{\"@id\":\"https:\/\/desteptati-va.ro\/index.php\/2021\/04\/19\/din-culisele-revolutiei-romane-din-1989-partea-i\/\"},\"wordCount\":939,\"commentCount\":0,\"image\":{\"@id\":\"https:\/\/desteptati-va.ro\/index.php\/2021\/04\/19\/din-culisele-revolutiei-romane-din-1989-partea-i\/#primaryimage\"},\"thumbnailUrl\":\"https:\/\/desteptati-va.ro\/wp-content\/uploads\/2021\/04\/revolutie-1-e1618812905251.jpg\",\"keywords\":[\"evolutie\",\"tradari\",\"tradatori\"],\"articleSection\":[\"Decembrie 89\",\"General\",\"Revolutie sau Lovitura?\"],\"inLanguage\":\"ro-RO\",\"potentialAction\":[{\"@type\":\"CommentAction\",\"name\":\"Comment\",\"target\":[\"https:\/\/desteptati-va.ro\/index.php\/2021\/04\/19\/din-culisele-revolutiei-romane-din-1989-partea-i\/#respond\"]}]},{\"@type\":\"WebPage\",\"@id\":\"https:\/\/desteptati-va.ro\/index.php\/2021\/04\/19\/din-culisele-revolutiei-romane-din-1989-partea-i\/\",\"url\":\"https:\/\/desteptati-va.ro\/index.php\/2021\/04\/19\/din-culisele-revolutiei-romane-din-1989-partea-i\/\",\"name\":\"Din culisele Revolu\u0163iei rom\u00e2ne din 1989. Partea I -\",\"isPartOf\":{\"@id\":\"https:\/\/desteptati-va.ro\/#website\"},\"primaryImageOfPage\":{\"@id\":\"https:\/\/desteptati-va.ro\/index.php\/2021\/04\/19\/din-culisele-revolutiei-romane-din-1989-partea-i\/#primaryimage\"},\"image\":{\"@id\":\"https:\/\/desteptati-va.ro\/index.php\/2021\/04\/19\/din-culisele-revolutiei-romane-din-1989-partea-i\/#primaryimage\"},\"thumbnailUrl\":\"https:\/\/desteptati-va.ro\/wp-content\/uploads\/2021\/04\/revolutie-1-e1618812905251.jpg\",\"datePublished\":\"2021-04-19T06:15:32+00:00\",\"author\":{\"@id\":\"https:\/\/desteptati-va.ro\/#\/schema\/person\/13182deeebd44920914899f7bb262d6b\"},\"breadcrumb\":{\"@id\":\"https:\/\/desteptati-va.ro\/index.php\/2021\/04\/19\/din-culisele-revolutiei-romane-din-1989-partea-i\/#breadcrumb\"},\"inLanguage\":\"ro-RO\",\"potentialAction\":[{\"@type\":\"ReadAction\",\"target\":[\"https:\/\/desteptati-va.ro\/index.php\/2021\/04\/19\/din-culisele-revolutiei-romane-din-1989-partea-i\/\"]}]},{\"@type\":\"ImageObject\",\"inLanguage\":\"ro-RO\",\"@id\":\"https:\/\/desteptati-va.ro\/index.php\/2021\/04\/19\/din-culisele-revolutiei-romane-din-1989-partea-i\/#primaryimage\",\"url\":\"https:\/\/desteptati-va.ro\/wp-content\/uploads\/2021\/04\/revolutie-1-e1618812905251.jpg\",\"contentUrl\":\"https:\/\/desteptati-va.ro\/wp-content\/uploads\/2021\/04\/revolutie-1-e1618812905251.jpg\",\"width\":201,\"height\":201},{\"@type\":\"BreadcrumbList\",\"@id\":\"https:\/\/desteptati-va.ro\/index.php\/2021\/04\/19\/din-culisele-revolutiei-romane-din-1989-partea-i\/#breadcrumb\",\"itemListElement\":[{\"@type\":\"ListItem\",\"position\":1,\"name\":\"Prima pagin\u0103\",\"item\":\"https:\/\/desteptati-va.ro\/\"},{\"@type\":\"ListItem\",\"position\":2,\"name\":\"Din culisele Revolu\u0163iei rom\u00e2ne din 1989. Partea I\"}]},{\"@type\":\"WebSite\",\"@id\":\"https:\/\/desteptati-va.ro\/#website\",\"url\":\"https:\/\/desteptati-va.ro\/\",\"name\":\"\",\"description\":\"\",\"potentialAction\":[{\"@type\":\"SearchAction\",\"target\":{\"@type\":\"EntryPoint\",\"urlTemplate\":\"https:\/\/desteptati-va.ro\/?s={search_term_string}\"},\"query-input\":{\"@type\":\"PropertyValueSpecification\",\"valueRequired\":true,\"valueName\":\"search_term_string\"}}],\"inLanguage\":\"ro-RO\"},{\"@type\":\"Person\",\"@id\":\"https:\/\/desteptati-va.ro\/#\/schema\/person\/13182deeebd44920914899f7bb262d6b\",\"name\":\"wolfsoftcompany\",\"image\":{\"@type\":\"ImageObject\",\"inLanguage\":\"ro-RO\",\"@id\":\"https:\/\/desteptati-va.ro\/#\/schema\/person\/image\/\",\"url\":\"https:\/\/secure.gravatar.com\/avatar\/a6cce9b6d101d27d91690e7073e300fed94c0899890bf998e082cb9d2c3d121e?s=96&d=mm&r=g\",\"contentUrl\":\"https:\/\/secure.gravatar.com\/avatar\/a6cce9b6d101d27d91690e7073e300fed94c0899890bf998e082cb9d2c3d121e?s=96&d=mm&r=g\",\"caption\":\"wolfsoftcompany\"},\"sameAs\":[\"http:\/\/desteptati-va.ro\"],\"url\":\"https:\/\/desteptati-va.ro\/index.php\/author\/wolfsoftcompany\/\"}]}<\/script>\r\n<!-- \/ Yoast SEO plugin. -->","yoast_head_json":{"title":"Din culisele Revolu\u0163iei rom\u00e2ne din 1989. Partea I -","robots":{"index":"index","follow":"follow","max-snippet":"max-snippet:-1","max-image-preview":"max-image-preview:large","max-video-preview":"max-video-preview:-1"},"canonical":"https:\/\/desteptati-va.ro\/index.php\/2021\/04\/19\/din-culisele-revolutiei-romane-din-1989-partea-i\/","og_locale":"ro_RO","og_type":"article","og_title":"Din culisele Revolu\u0163iei rom\u00e2ne din 1989. Partea I -","og_description":"Domnul Valentin Vasilescu, pilot de avia\u0163ie, fost comandant adjunct al Aeroportului Militar Otopeni, licen\u0163iat \u00een \u015ftiin\u0163\u0103 militar\u0103 la Academia deRead More","og_url":"https:\/\/desteptati-va.ro\/index.php\/2021\/04\/19\/din-culisele-revolutiei-romane-din-1989-partea-i\/","article_published_time":"2021-04-19T06:15:32+00:00","og_image":[{"width":201,"height":201,"url":"https:\/\/desteptati-va.ro\/wp-content\/uploads\/2021\/04\/revolutie-1-e1618812905251.jpg","type":"image\/jpeg"}],"author":"wolfsoftcompany","twitter_card":"summary_large_image","twitter_misc":{"Scris de":"wolfsoftcompany","Timp estimat pentru citire":"5 minute"},"schema":{"@context":"https:\/\/schema.org","@graph":[{"@type":"Article","@id":"https:\/\/desteptati-va.ro\/index.php\/2021\/04\/19\/din-culisele-revolutiei-romane-din-1989-partea-i\/#article","isPartOf":{"@id":"https:\/\/desteptati-va.ro\/index.php\/2021\/04\/19\/din-culisele-revolutiei-romane-din-1989-partea-i\/"},"author":{"name":"wolfsoftcompany","@id":"https:\/\/desteptati-va.ro\/#\/schema\/person\/13182deeebd44920914899f7bb262d6b"},"headline":"Din culisele Revolu\u0163iei rom\u00e2ne din 1989. Partea I","datePublished":"2021-04-19T06:15:32+00:00","mainEntityOfPage":{"@id":"https:\/\/desteptati-va.ro\/index.php\/2021\/04\/19\/din-culisele-revolutiei-romane-din-1989-partea-i\/"},"wordCount":939,"commentCount":0,"image":{"@id":"https:\/\/desteptati-va.ro\/index.php\/2021\/04\/19\/din-culisele-revolutiei-romane-din-1989-partea-i\/#primaryimage"},"thumbnailUrl":"https:\/\/desteptati-va.ro\/wp-content\/uploads\/2021\/04\/revolutie-1-e1618812905251.jpg","keywords":["evolutie","tradari","tradatori"],"articleSection":["Decembrie 89","General","Revolutie sau Lovitura?"],"inLanguage":"ro-RO","potentialAction":[{"@type":"CommentAction","name":"Comment","target":["https:\/\/desteptati-va.ro\/index.php\/2021\/04\/19\/din-culisele-revolutiei-romane-din-1989-partea-i\/#respond"]}]},{"@type":"WebPage","@id":"https:\/\/desteptati-va.ro\/index.php\/2021\/04\/19\/din-culisele-revolutiei-romane-din-1989-partea-i\/","url":"https:\/\/desteptati-va.ro\/index.php\/2021\/04\/19\/din-culisele-revolutiei-romane-din-1989-partea-i\/","name":"Din culisele Revolu\u0163iei rom\u00e2ne din 1989. Partea I -","isPartOf":{"@id":"https:\/\/desteptati-va.ro\/#website"},"primaryImageOfPage":{"@id":"https:\/\/desteptati-va.ro\/index.php\/2021\/04\/19\/din-culisele-revolutiei-romane-din-1989-partea-i\/#primaryimage"},"image":{"@id":"https:\/\/desteptati-va.ro\/index.php\/2021\/04\/19\/din-culisele-revolutiei-romane-din-1989-partea-i\/#primaryimage"},"thumbnailUrl":"https:\/\/desteptati-va.ro\/wp-content\/uploads\/2021\/04\/revolutie-1-e1618812905251.jpg","datePublished":"2021-04-19T06:15:32+00:00","author":{"@id":"https:\/\/desteptati-va.ro\/#\/schema\/person\/13182deeebd44920914899f7bb262d6b"},"breadcrumb":{"@id":"https:\/\/desteptati-va.ro\/index.php\/2021\/04\/19\/din-culisele-revolutiei-romane-din-1989-partea-i\/#breadcrumb"},"inLanguage":"ro-RO","potentialAction":[{"@type":"ReadAction","target":["https:\/\/desteptati-va.ro\/index.php\/2021\/04\/19\/din-culisele-revolutiei-romane-din-1989-partea-i\/"]}]},{"@type":"ImageObject","inLanguage":"ro-RO","@id":"https:\/\/desteptati-va.ro\/index.php\/2021\/04\/19\/din-culisele-revolutiei-romane-din-1989-partea-i\/#primaryimage","url":"https:\/\/desteptati-va.ro\/wp-content\/uploads\/2021\/04\/revolutie-1-e1618812905251.jpg","contentUrl":"https:\/\/desteptati-va.ro\/wp-content\/uploads\/2021\/04\/revolutie-1-e1618812905251.jpg","width":201,"height":201},{"@type":"BreadcrumbList","@id":"https:\/\/desteptati-va.ro\/index.php\/2021\/04\/19\/din-culisele-revolutiei-romane-din-1989-partea-i\/#breadcrumb","itemListElement":[{"@type":"ListItem","position":1,"name":"Prima pagin\u0103","item":"https:\/\/desteptati-va.ro\/"},{"@type":"ListItem","position":2,"name":"Din culisele Revolu\u0163iei rom\u00e2ne din 1989. Partea I"}]},{"@type":"WebSite","@id":"https:\/\/desteptati-va.ro\/#website","url":"https:\/\/desteptati-va.ro\/","name":"","description":"","potentialAction":[{"@type":"SearchAction","target":{"@type":"EntryPoint","urlTemplate":"https:\/\/desteptati-va.ro\/?s={search_term_string}"},"query-input":{"@type":"PropertyValueSpecification","valueRequired":true,"valueName":"search_term_string"}}],"inLanguage":"ro-RO"},{"@type":"Person","@id":"https:\/\/desteptati-va.ro\/#\/schema\/person\/13182deeebd44920914899f7bb262d6b","name":"wolfsoftcompany","image":{"@type":"ImageObject","inLanguage":"ro-RO","@id":"https:\/\/desteptati-va.ro\/#\/schema\/person\/image\/","url":"https:\/\/secure.gravatar.com\/avatar\/a6cce9b6d101d27d91690e7073e300fed94c0899890bf998e082cb9d2c3d121e?s=96&d=mm&r=g","contentUrl":"https:\/\/secure.gravatar.com\/avatar\/a6cce9b6d101d27d91690e7073e300fed94c0899890bf998e082cb9d2c3d121e?s=96&d=mm&r=g","caption":"wolfsoftcompany"},"sameAs":["http:\/\/desteptati-va.ro"],"url":"https:\/\/desteptati-va.ro\/index.php\/author\/wolfsoftcompany\/"}]}},"_links":{"self":[{"href":"https:\/\/desteptati-va.ro\/index.php\/wp-json\/wp\/v2\/posts\/3832","targetHints":{"allow":["GET"]}}],"collection":[{"href":"https:\/\/desteptati-va.ro\/index.php\/wp-json\/wp\/v2\/posts"}],"about":[{"href":"https:\/\/desteptati-va.ro\/index.php\/wp-json\/wp\/v2\/types\/post"}],"author":[{"embeddable":true,"href":"https:\/\/desteptati-va.ro\/index.php\/wp-json\/wp\/v2\/users\/1"}],"replies":[{"embeddable":true,"href":"https:\/\/desteptati-va.ro\/index.php\/wp-json\/wp\/v2\/comments?post=3832"}],"version-history":[{"count":1,"href":"https:\/\/desteptati-va.ro\/index.php\/wp-json\/wp\/v2\/posts\/3832\/revisions"}],"predecessor-version":[{"id":3834,"href":"https:\/\/desteptati-va.ro\/index.php\/wp-json\/wp\/v2\/posts\/3832\/revisions\/3834"}],"wp:featuredmedia":[{"embeddable":true,"href":"https:\/\/desteptati-va.ro\/index.php\/wp-json\/wp\/v2\/media\/2843"}],"wp:attachment":[{"href":"https:\/\/desteptati-va.ro\/index.php\/wp-json\/wp\/v2\/media?parent=3832"}],"wp:term":[{"taxonomy":"category","embeddable":true,"href":"https:\/\/desteptati-va.ro\/index.php\/wp-json\/wp\/v2\/categories?post=3832"},{"taxonomy":"post_tag","embeddable":true,"href":"https:\/\/desteptati-va.ro\/index.php\/wp-json\/wp\/v2\/tags?post=3832"}],"curies":[{"name":"wp","href":"https:\/\/api.w.org\/{rel}","templated":true}]}}