{"id":3838,"date":"2021-04-19T06:19:48","date_gmt":"2021-04-19T06:19:48","guid":{"rendered":"http:\/\/desteptati.ro\/?p=3838"},"modified":"2021-04-19T06:19:48","modified_gmt":"2021-04-19T06:19:48","slug":"a-fost-in-decembrie-89-revolutie","status":"publish","type":"post","link":"https:\/\/desteptati-va.ro\/index.php\/2021\/04\/19\/a-fost-in-decembrie-89-revolutie\/","title":{"rendered":"A fost \u00een decembrie &#8217;89 revolu\u021bie?"},"content":{"rendered":"<div class=\"post-content\"><div class='booster-block booster-read-block'>\n                <div class=\"twp-read-time\">\n                \t<i class=\"booster-icon twp-clock\"><\/i> <span>Read Time:<\/span>15 Minute, 21 Second                <\/div>\n\n            <\/div><h4 style=\"text-align: justify;\">\u00cen orice mi\u0219care de mas\u0103 exist\u0103 un incident declan\u0219ator, adesea cu o leg\u0103tur\u0103 firav\u0103 cu motivele reale de nemul\u021bumire. Aceast\u0103 func\u021bie a \u00eendeplinit-o ac\u021biunea mili\u021biei din Timi\u0219oara pentru a-l evacua pe pastorul reformat Laszlo Tokes din locuin\u021ba sa, dup\u0103 ce acesta refuzase s\u0103 dea curs deciziei episcopului reformat de Oradea de a fi transferat \u00een alt\u0103 parohie. Este evident c\u0103 rom\u00e2nii, care nu se mi\u0219caser\u0103 c\u00e2nd s-au demolat biserici, ca m\u00e2n\u0103stirea V\u0103c\u0103re\u0219ti sau Sf. Vineri din Bucure\u0219ti, nu s-au ridicat pentru a-l proteja pe un pastor&#8230; ungur, fie el \u0219i disident. \u00centocmai cum \u00een <em>R\u0103scoala<\/em> lui Liviu Rebreanu incidentul declan\u0219ator al r\u0103scoalei \u021b\u0103ranilor de pe mo\u0219ia boierului Miron Iuga \u00eel constituie palma dat\u0103 de \u0219oferul latifundiarului unui copil din sat care s\u0103rise \u00een fa\u021ba automobilului, gata de a fi c\u0103lcat, tot astfel evacuarea lui Laszlo Tokes a fost sc\u00e2nteia care, \u00een atmosfera supra\u00eenc\u0103rcat\u0103 de nemul\u021bumire, a declan\u0219at explozia.<\/h4>\r\n<h4 style=\"text-align: justify;\">Ceau\u0219escu \u0219i-a imaginat tulbur\u0103rile de la Timi\u0219oara (comitetul de partid a fost atacat \u0219i devastat) ca o reeditare a celor din 15 noiembrie 1987 de la Bra\u0219ov. Pentru a nu dramatiza situa\u021bia, el a hot\u0103r\u00e2t s\u0103 efectueze vizita de mult programat\u0103 \u00een Iran, l\u0103s\u00e2nd conducerea \u021b\u0103rii \u00een seama Elenei Ceau\u0219escu \u0219i a lui Manea M\u0103nescu.<\/h4>\r\n<h4 style=\"text-align: justify;\"><\/h4>\r\n<h4 style=\"text-align: justify;\">\u00cencerc\u0103rile de a reprima revolta timi\u0219orean\u0103 s-au dovedit infructuoase. Sentimentul c\u0103 trebuie mers p\u00e2n\u0103 la cap\u0103t, c\u0103 nu mai exist\u0103 \u00eentoarcere, pusese st\u0103p\u00e2nire pe to\u021bi. Represiunea \u2013 arest\u0103ri, mor\u021bi \u0219i r\u0103ni\u021bi, ca urmare a deschiderii focului de c\u0103tre armat\u0103 \u0219i securitate \u2013 nu mai speria mul\u021bimea. Un sentiment de solidaritate \u0219i de for\u021b\u0103 unea pe cei hot\u0103r\u00e2\u021bi s\u0103 r\u0103stoarne acum un conduc\u0103tor detestat.<\/h4>\r\n<h4 style=\"text-align: justify;\"><\/h4>\r\n<figure id=\"attachment_1752\" aria-describedby=\"caption-attachment-1752\" style=\"width: 303px\" class=\"wp-caption aligncenter\"><a href=\"http:\/\/www.desteptati-va.ro\/wp-content\/uploads\/2011\/04\/Constantin_Dascalescu.jpg\"><img loading=\"lazy\" decoding=\"async\" class=\" wp-image-1752\" title=\"Constantin Dascalescu\" src=\"http:\/\/www.desteptati-va.ro\/wp-content\/uploads\/2011\/04\/Constantin_Dascalescu-207x300.jpg\" alt=\"Constantin Dascalescu\" width=\"303\" height=\"439\" \/><\/a><figcaption id=\"caption-attachment-1752\" class=\"wp-caption-text\">Constantin Dascalescu<\/figcaption><\/figure>\r\n<h4 style=\"text-align: justify;\">Primul-ministru Constantin D\u0103sc\u0103lescu, trimis de Ceau\u0219escu la Timi\u0219oara, nu a putut dec\u00e2t s\u0103 constate neputin\u021ba organelor \u0219i for\u021belor locale de a z\u0103g\u0103zui potopul: \u201eAzi \u00een Timi\u0219oara, m\u00e2ine \u00een toat\u0103 \u021bara\u201d, era convingerea \u2013 \u0219i speran\u021ba \u2013 \u00eendrazne\u021bilor locuitori din capitala Banatului.<\/h4>\r\n<h4 style=\"text-align: justify;\">Din noaptea de 17-18 decembrie agen\u021biile de pres\u0103 str\u0103ine, \u00eendeosebi cele ungare \u0219i iugoslave, au \u00eenceput s\u0103 transmit\u0103 relat\u0103ri despre evenimentele din Timi\u0219oara, cifr\u00e2nd la mii de mor\u021bi victimele represiunii. \u201eM\u0103celul\u201d de la Timi\u0219oara (p\u00e2n\u0103 la 22 decembrie s-au \u00eenregistrat 73 de mor\u021bi din care 71 \u00eempu\u0219ca\u021bi), astfel cum era prezentat de radiourile \u0219i televiziunile str\u0103ine, receptate \u00een Rom\u00e2nia, a jucat un rol hot\u0103r\u00e2tor \u00een \u201edemonizarea\u201d imaginii lui Ceau\u0219escu \u0219i \u00een crearea curentului de revolt\u0103 \u00een r\u00e2ndurile popula\u021biei din \u00eentreaga \u021bar\u0103.<\/h4>\r\n<h4 style=\"text-align: justify;\">Replica lui Ceau\u0219escu a fost total inadecvat\u0103: el a pus tulbur\u0103rile din Timi\u0219oara pe seama agenturilor str\u0103ine, \u00een cadrul unei cuv\u00e2nt\u0103ri televizate \u00een seara zilei de 20 decembrie, iar a doua zi a organizat un miting la Bucure\u0219ti, \u00een fa\u021ba sediului Comitetului Central, crez\u00e2nd c\u0103 va putea reedita performan\u021ba din 21 august 1968. Ceau\u0219escu nu citise, desigur, lucrarea lui Marx <em>18 Brumar al lui Ludovic Bonaparte<\/em>, care \u00eentregind o observa\u021bie a lui Hegel desre repetarea evenimentelor, preciza c\u0103, prima dat\u0103, ele au o solemnitate tragic\u0103, iar a doua oar\u0103 iau aspect de fars\u0103. Mul\u021bimea din Pia\u021ba Palatului a intrat \u00een panic\u0103 din motive neelucidate (s-a spus c\u0103 s-a aruncat o petard\u0103, c\u0103 femei care ar fi fost \u00een\u021bepate pe la spate au \u00eenceput s\u0103 \u021bipe, ceea ce a n\u0103scut panica), astfel c\u0103 Nicolae Ceau\u0219escu \u00eensu\u0219i, descump\u0103nit, a trebuit s\u0103-\u0219i \u00eentrerup\u0103 discursul. El denun\u021base din nou uneltirile for\u021belor ostile Rom\u00e2niei \u0219i, \u00een final, promisese derizorii sporuri de venituri.<\/h4>\r\n<h4 style=\"text-align: justify;\">Mitingul, \u00eencheiat \u00eentr-o stare de confuzie, a dezv\u0103luit tuturor c\u0103 Nicolae Ceau\u0219escu sc\u0103pase situa\u021bia de sub control. \u00cen centrul Capitalei, grupuri formate spontan manifestau \u00eempotriva lui. \u00cen cursul dup\u0103-amiezii, \u00een Pia\u021ba Universit\u0103\u021bii, r\u00e2ndurile nemul\u021bumi\u021bilor au sporit considerabil; a ap\u0103rut o baricad\u0103 \u00een fa\u021ba hotelului \u201eIntercontinental\u201d. \u00cencerc\u0103rile armatei \u0219i Securit\u0103\u021bii de a \u00eempre\u0219tia pe manifestan\u021bi s-au lovit de hot\u0103r\u00e2rea lor de a \u021bine piept for\u021belor de represiune. \u00cen cursul nop\u021bii, ca urmare a interven\u021biei blindatelor, pia\u021ba a fost golit\u0103.<\/h4>\r\n<h4 style=\"text-align: justify;\">R\u0103gazul ob\u021binut de dictator a fost doar de c\u00e2teva ore. A doua zi, mul\u021bimea a blocat str\u0103zile din jurul Comitetului Central. Ceau\u0219escu s-a aflat \u00een fa\u021ba alternativei de a ordona o baie de s\u00e2nge sau a ceda. Sinuciderea ministrului Ap\u0103r\u0103rii, generalul Vasile Milea, a sporit deruta dictatorului, care s-a l\u0103sat convins de generalul Victor Atanasie St\u0103nculescu (pe care hot\u0103r\u00e2se din dup\u0103-amiaza zilei precedente s\u0103-l numeasc\u0103 ministrul Ap\u0103r\u0103rii, chem\u00e2ndu-l \u00een acest scop de la Timi\u0219oara) s\u0103 p\u0103r\u0103seasc\u0103 sediul CC cu un elicopter. Fuga cuplului preziden\u021bial a marcat sf\u00e2r\u0219itul regimului Ceau\u0219escu.<\/h4>\r\n<h4 style=\"text-align: justify;\"><\/h4>\r\n<figure id=\"attachment_1748\" aria-describedby=\"caption-attachment-1748\" style=\"width: 474px\" class=\"wp-caption aligncenter\"><a href=\"http:\/\/www.desteptati-va.ro\/wp-content\/uploads\/2011\/04\/01_revolutie_agerpres_1facc859f6.jpg\"><img loading=\"lazy\" decoding=\"async\" class=\" wp-image-1748\" title=\"Fuga cuplului Ceausescu\" src=\"http:\/\/www.desteptati-va.ro\/wp-content\/uploads\/2011\/04\/01_revolutie_agerpres_1facc859f6-300x216.jpg\" alt=\"Fuga cuplului Ceausescu\" width=\"474\" height=\"341\" \/><\/a><figcaption id=\"caption-attachment-1748\" class=\"wp-caption-text\">Fuga cuplului Ceausescu<\/figcaption><\/figure>\r\n<h4 style=\"text-align: justify;\">Rapiditatea c\u0103derii dictaturii a declan\u0219at entuziasmul mul\u021bimii. \u201eOle, ole, ole \u2013 Ceau\u0219escu nu mai e!\u201d, r\u0103suna pretutindeni. La Televiziune a \u00eenceput un adev\u0103rat asalt, de ast\u0103 dat\u0103 pentru a ap\u0103rea pe micul ecran. Un poet, Mircea Dinescu (aflat p\u00e2n\u0103 atunci \u00een stare de arest la domiciliu pentru atitudinile sale de disident), \u0219i un actor, Ion Caramitru, au vestit c\u0103derea dictaturii. Apoi studioul 4 a fost invadat de \u201erevolu\u021bionari\u201d, fo\u0219ti demnitari comuni\u0219ti, personalit\u0103\u021bi ale vie\u021bii culturale, fe\u021be biserice\u0219ti etc. Puterea era la \u00eendem\u00e2na oricui \u0219i oricine dintre cei afla\u021bi \u00een strad\u0103 era \u00eendept\u0103\u021bit s\u0103 o reclame.<\/h4>\r\n<h4 style=\"text-align: justify;\">C\u00e2nd Ceau\u0219escu mai era \u00eenc\u0103 \u00een cl\u0103direa CC, \u00een Pia\u021ba Palatului, dintr-o ma\u0219in\u0103 cu un megafon se rostise numele lui Corneliu M\u0103nescu, Silviu Brucan, Gheorghe Apostol (semnatari ai \u201eScrisorii celor \u0219ase\u201d), precum \u0219i al disiden\u021bilor Doina Cornea \u0219i Dan Petrescu, ca viitori membri ai conducerii \u021b\u0103rii.<\/h4>\r\n<h4 style=\"text-align: justify;\">De la pr\u00e2nz, \u00een timp ce rapida succesiune a vorbitorilor de la Televizune p\u0103rea s\u0103 corecteze zicala \u201eRom\u00e2nul e n\u0103scut poet\u201d \u00een \u201eRom\u00e2nul e n\u0103scut orator\u201d, un grup alc\u0103tuit din Ion Iliescu, Silviu Brucan, Dumitru Mazilu, Petre Roman \u0219i generalul Nicolae Militaru \u00eencepea s\u0103 fac\u0103 acte de autoritate. S-a constituit un Front al Salv\u0103rii Na\u021bionale, al c\u0103rui conduc\u0103tor a devenit Ion Iliescu. Odat\u0103 cu c\u0103derea serii au \u00eenceput s\u0103 se r\u0103sp\u00e2ndeasc\u0103 zvonurile despre iminente atacuri ale \u201eterori\u0219tilor\u201d asupra Televiziunii, Radioului, fostului Comitet Central. La l\u0103sarea \u00eentunericului, s-au auzit \u0219i primele focuri de arm\u0103.<\/h4>\r\n<h4 style=\"text-align: justify;\"><\/h4>\r\n<figure id=\"attachment_1745\" aria-describedby=\"caption-attachment-1745\" style=\"width: 466px\" class=\"wp-caption aligncenter\"><a href=\"http:\/\/www.desteptati-va.ro\/wp-content\/uploads\/2011\/04\/images.jpg\"><img loading=\"lazy\" decoding=\"async\" class=\" wp-image-1745\" title=\"&quot;Terorist&quot; pazit la spital\" src=\"http:\/\/www.desteptati-va.ro\/wp-content\/uploads\/2011\/04\/images.jpg\" alt=\"&quot;Terorist&quot; pazit la spital\" width=\"466\" height=\"317\" \/><\/a><figcaption id=\"caption-attachment-1745\" class=\"wp-caption-text\">&#8222;Terorist&#8221; pazit la spital<\/figcaption><\/figure>\r\n<h4 style=\"text-align: justify;\">Au urmat trei zile ale celui mai straniu r\u0103zboi din istoria Rom\u00e2niei. Armata, \u00een multe locuri, \u00eenconjurat\u0103 de mul\u021bimea chemat\u0103 isteric la Televiziune s\u0103 apere institu\u021biile \u00eempotriva \u201eterori\u0219tilor\u201d (nimeni nu se intreba cum ar fi putut ni\u0219te civili, fie \u0219i \u00eenarma\u021bi \u2013 dar de unde \u0219i cu ce? \u2013 s\u0103 lupte mai bine dec\u00e2t militar\u0103), a purtat \u201elupte\u201d cu \u201efor\u021bele ostile revolu\u021biei\u201d, r\u0103mase p\u00e2n\u0103 la cap\u0103t \u00eenvizibile.<\/h4>\r\n<h4 style=\"text-align: justify;\">Sub motiv c\u0103 atacurile \u201eterori\u0219tilor\u201d erau determinate de dorin\u021ba lor de a-i elibera pe cei doi Ceau\u0219e\u0219ti, re\u021binu\u021bi \u00eenc\u0103 din dup\u0103-amiaza zilei de 22 decembrie \u00eentr-o cazarm\u0103 din T\u00e2rgovi\u0219te, nucleul din jurul lui Ion Iliescu a decis execu\u021bia cuplului acum r\u0103sturnat. Pentru a da o aparen\u021b\u0103 de legalitate, s-a organizat \u00een prip\u0103 un proces, dovedit a fi ultimul proces de tip stalinist din Europa de Est, \u0219i care, la difuzarea sa \u00een str\u0103in\u0103tate, a provocat un val de proteste, contribuind masiv la discreditarea \u021b\u0103rii. Cei doi avoca\u021bi au fost, pentru a relua formula unui comentator str\u0103in, \u201eodio\u0219i prin ridicol\u201d, unul (Nicolae Teodorescu) spun\u00e2nd: \u201ele-am f\u0103cut noi onoarea, venind de la Bucure\u0219ti s\u0103 le acord\u0103m ap\u0103rarea\u201d, cel\u0103lalt (Constantin Lucescu) cer\u00e2nd pre\u0219edintelui tribunalului s\u0103 nu-l mai lase pe acuzat s\u0103 vorbeasc\u0103 (\u201edac\u0103 \u00eei mai da\u021bi cuv\u00e2ntul \u00een continuare, consider\u0103m c\u0103 este o jignire adresat\u0103 poporului rom\u00e2n \u0219i actului de justi\u021bie rom\u00e2neasc\u0103\u201d!). s-ar putea \u2013 este, a\u0219adar, o ipotez\u0103 \u2013 ca pre\u0219edintele tribunalului, \u00eenaintat imediat la gradul de general, Gic\u0103 Popa, s\u0103 se fi sinucis c\u00e2nd \u0219i-a dat seama, mai t\u00e2rziu, c\u0103 prezidase un lin\u0219aj juridic. Dac\u0103 ipoteza este corect\u0103, Gic\u0103 Popa a fost singurul om de onoare dintre cei afla\u021bi la T\u00e2rgovi\u0219te pentru a organiza procesul \u0219i execu\u021bia so\u021bilor Ceau\u0219escu (25 decembrie 1989).<\/h4>\r\n<h4 style=\"text-align: justify;\">O comisie parlamentar\u0103 precum \u0219i numero\u0219i ziari\u0219ti, anali\u0219ti \u0219i istorici au \u00eencercat f\u0103r\u0103 succes s\u0103 l\u0103mureasc\u0103 evenimentele petrecute \u00een zilele de 22-25 decembrie 1989. Ipoteze \u0219i scenarii s-au rev\u0103rsat \u00een paginile publica\u021biilor sau pe micile ecrane. Nici ast\u0103zi nu poate fi formulat un r\u0103spuns cert.<\/h4>\r\n<h4 style=\"text-align: justify;\"><\/h4>\r\n<figure id=\"attachment_1744\" aria-describedby=\"caption-attachment-1744\" style=\"width: 449px\" class=\"wp-caption aligncenter\"><a href=\"http:\/\/www.desteptati-va.ro\/wp-content\/uploads\/2011\/04\/27376579-jpeg_preview_large.jpg\"><img loading=\"lazy\" decoding=\"async\" class=\" wp-image-1744\" title=\"Studioul 4 plin de &quot;revolutionari&quot;\" src=\"http:\/\/www.desteptati-va.ro\/wp-content\/uploads\/2011\/04\/27376579-jpeg_preview_large-300x225.jpg\" alt=\"Studioul 4 plin de &quot;revolutionari&quot;\" width=\"449\" height=\"337\" \/><\/a><figcaption id=\"caption-attachment-1744\" class=\"wp-caption-text\">Studioul 4 plin de &#8222;revolutionari&#8221;<\/figcaption><\/figure>\r\n<h4 style=\"text-align: justify;\">Un fapt tulbur\u0103tor \u0219i <em>unic<\/em> \u00een istoria militar\u0103 universal\u0103 s-a petrecut atunci \u00een Rom\u00e2nia: \u00een lupta dintre armat\u0103 \u0219i \u201eterori\u0219ti\u201d, partea \u00eenfr\u00e2nt\u0103 \u2013 \u201eterori\u0219tii\u201d \u2013 nu a l\u0103sat pe \u201ec\u00e2mpul de b\u0103t\u0103lie\u201d nici un mort, nici un r\u0103nit \u0219i nici un prizonier. Acest fapt neobi\u0219nuit \u00eendrept\u0103\u021beste ipoteza \u2013 certitudine nu poate exista f\u0103r\u0103 o fundamentare documentar\u0103 \u2013 c\u0103, \u00een realitate \u201eterori\u0219tii\u201d au fost un grup restr\u00e2ns de diversioni\u0219ti. Ac\u021biunile lor, amplificate de anun\u021burile \u0219i apelurile isterice de la Televiziune, au creat un climat de adev\u0103rat\u0103 teroare \u00een r\u00e2nudurile popula\u021biei, st\u0103p\u00e2nit\u0103, \u00een cea mai mare parte a ei, de g\u00e2ndul de a supravie\u021bui \u00een fa\u021ba acestor for\u021be malefice care atacau, ucideau, otr\u0103veau apa etc. Pentru a cita doar un singur exemplu, iat\u0103 un fragment din \u00eensemn\u0103rile unui elev al \u0218colii Militare de ofi\u021beri activi \u201eNicolae B\u0103lcescu\u201d din Sibiu, 22 decembrie 1989: \u201eOra 21,00. Sunt pe aliniament \u00een spatele \u0219colii[\u2026]. Se a\u0219teapt\u0103 un atac terorist pe aici. Ora 23,00. Sunt chemat la companie. Suntem a\u0219eza\u021bi \u00een dispozitiv de plutoane la campaniile \u0219i comanda batalionului. Mi-e team\u0103 noaptea, c\u0103nd nu se vede nimic. Elevii se \u00eempu\u0219c\u0103 \u00eentre ei. Clipe de co\u0219mar.<\/h4>\r\n<h4 style=\"text-align: justify;\">Terori\u0219tii otr\u0103vesc apa. Tuturor le este team\u0103 pentru familii. Se g\u0103se\u0219te \u00een po\u0219eta unei securiste planul &lt;&lt;Orient 79&gt;&gt;, data 17 decembrie 1989 \u2013 plan groaznic: distrugerea armatei, ocuparea \u0219colii \u0219i depozitului de muni\u021bii\u201d.<\/h4>\r\n<h4 style=\"text-align: justify;\">Astfel de zvonuri au circulat \u00een toat\u0103 \u021bara. R\u0103zboiul psihologic \u0219i r\u0103zboiul electronic au fost desf\u0103\u0219urate cu o singuran\u021b\u0103 care indic\u0103 prezen\u021ba exper\u021bilor. Eficacitatea lor a fost sporit\u0103 de nepreg\u0103tirea armatei (foarte multe din victimele acelor zile \u2013 inclusiv militari \u2013 au fost oameni \u00eempu\u0219ca\u021bi de militari, care se credeau ataca\u021bi) \u0219i de spaima popula\u021biei.<\/h4>\r\n<h4 style=\"text-align: justify;\">Diversioni\u0219tii au tras numai c\u00e2t era necesar pentru a crea climatul de teroare. La cele c\u00e2teva focuri ale diversioni\u0219tilor, militarii au r\u0103spuns cu mii de gloan\u021be, cre\u00e2nd astfel impresia (mai ales c\u00e2nd s-au asociat \u0219i incendiile, ca acelea de la Biblioteca Central\u0103 Universitar\u0103 \u0219i fostul Palat Regal) a unui adev\u0103rat r\u0103zboi.<\/h4>\r\n<h4 style=\"text-align: justify;\"><\/h4>\r\n<figure id=\"attachment_1749\" aria-describedby=\"caption-attachment-1749\" style=\"width: 483px\" class=\"wp-caption aligncenter\"><a href=\"http:\/\/www.desteptati-va.ro\/wp-content\/uploads\/2011\/04\/revolutie.jpg\"><img loading=\"lazy\" decoding=\"async\" class=\" wp-image-1749\" title=\"Biblioteca Central Universitara in flacari\" src=\"http:\/\/www.desteptati-va.ro\/wp-content\/uploads\/2011\/04\/revolutie.jpg\" alt=\"Biblioteca Central Universitara in flacari\" width=\"483\" height=\"483\" \/><\/a><figcaption id=\"caption-attachment-1749\" class=\"wp-caption-text\">Biblioteca Central Universitara in flacari<\/figcaption><\/figure>\r\n<h4 style=\"text-align: justify;\">Ac\u021biunile diversioni\u0219tilor nu pot fi explicate \u2013 evident, ipotetic, \u00een absen\u021ba probelor decisive \u2013 dec\u00e2t ca av\u00e2nd func\u021bia s\u0103 \u00eempiedice crearea altor centre de putere, \u00eena afara nucleului instalat la conducerea FSN. Revoltei populare \u00eempotriva regimului Ceau\u0219escu i-a urmat o lovitur\u0103 de stat \u00een preg\u0103tirea c\u0103reia for\u021be externe au avut un rol de seam\u0103 \u2013 aceasta este opinia noastr\u0103 \u00een stadiul actual al cercet\u0103rilor.<\/h4>\r\n<h4 style=\"text-align: justify;\">Dac\u0103 la procesul cuplului Ceau\u0219escu dictatorul a fost acuzat de \u201egenocid\u201d, adic\u0103 de moartea a peste 60000 de persoane, investiga\u021biile ulterioare au ar\u0103tat c\u0103 \u00een timpul evenimentelor din decembrie 1989 au murit 1104 persoane, din care 160 p\u00e2n\u0103 \u00een 22 decembrie, iar 944 dup\u0103 aceast\u0103 dat\u0103; num\u0103rul r\u0103ni\u021bilor s-a ridicat la 3321, dintre care 1107 p\u00e2n\u0103 la 22 decembrie 1989, iar 2214 dup\u0103 aceast\u0103 dat\u0103. Cum se poate, a\u0219adar, constata, majoritatea mor\u021bilor \u0219i r\u0103ni\u021bilor provine din perioada de dup\u0103 c\u0103derea lui Ceau\u0219escu.<\/h4>\r\n<h4 style=\"text-align: justify;\">Pr\u0103bu\u0219irea comunismului \u00een Rom\u00e2nia, dezagregarea sistemului socialist \u2013 \u00een realitate, sfera de hegemonie a URSS din Europa de Est &#8211; \u0219i destr\u0103marea Uniunii Sovietice au deschis na\u021biunii rom\u00e2ne drumul spre democra\u021bie \u0219i economia de pia\u021b\u0103, adic\u0103 acele structuri politice \u0219i economice considerate ca fiind cele mai apte s\u0103 asigure \u00een principiu libertatea \u0219i prosperitatea oamenilor. \u00cen sens hegelian, Francis Fukuyama a vorbit de \u201esf\u00e2r\u0219itul istoriei\u201d, adic\u0103 de atingerea unei organiz\u0103ri a societ\u0103\u021bii umane care poate ap\u0103rea, cel pu\u021bin azi, ca definitiv\u0103.<\/h4>\r\n<h4 style=\"text-align: justify;\">Reconstituirea \u0219i analiza evenimentelor din anii 1990-2008 nu pot fi \u00eenc\u0103 \u00eentreprinse de c\u0103tre istoric, sursele de informare fiind inaccesibile. Orice tentativ\u0103 \u00een aceast\u0103 direc\u021bie l-ar duce pe cercet\u0103tor de la istorie la politic\u0103.<\/h4>\r\n<h4 style=\"text-align: justify;\">Un fapt se impune \u00eens\u0103 cu eviden\u021b\u0103 pentru oricine a urm\u0103rit perioada de tranzi\u021bie din Rom\u00e2nia: aproape toate sectoarele de activitate s-au aflat, \u00een ace\u0219ti ani, sub semnul celor dou\u0103 pl\u0103gi ab\u0103tute asupra societ\u0103\u021bii rom\u00e2ne\u0219ti de cel pu\u021bin trei sute de ani: bacsi\u0219 \u0219i hat\u00e2r. Corup\u021bia \u0219i ho\u021bia au ajuns la niveluri f\u0103r\u0103 precedent \u00een istoria na\u021bional\u0103. Libertatea \u2013 at\u00e2t de r\u00e2vnit\u0103 \u00een anii dictaturii comuniste \u2013 a fost \u00een\u021beleas\u0103 ca libertatea de a face orice sau de a nu face nimic: \u00een timp ce se \u00eenregistra cre\u0219terea masiv\u0103 a accidentelor de circula\u021bie, pentru c\u0103 democra\u021bia era perceput\u0103 ca dreptul de a trece pe ro\u0219u, produc\u021bia sc\u0103dea vertiginos. Exemplul germanilor \u0219i japonezilor, care dup\u0103 catastrofele din anii celui de-al doilea r\u0103zboi mondial \u0219i-au suflecat m\u00e2necile \u0219i au f\u0103cut ca \u021b\u0103rile lor s\u0103 renasc\u0103 din ruine \u0219i, \u00een domenii esen\u021biale, s\u0103- \u00eentreac\u0103 pe \u00eenving\u0103torii lor, a r\u0103mas str\u0103in plaiului mioritic.<\/h4>\r\n<h4 style=\"text-align: justify;\">Rom\u00e2nii \u0219i-au imaginat c\u0103 libertatea aduce de la sine prosperitatea; credeau \u2013 cei mai mul\u021bi \u2013 c\u0103 a doua zi dup\u0103 c\u0103derea comunismului vor tr\u0103i ca familia Ewing din serialul \u201eDallas\u201d; nu \u00een\u021belegeau c\u0103 numai prin eforturi proprii vor putea aduce bun\u0103starea \u00een \u021bara lor. Incompeten\u021ba \u0219i corup\u021bia guvernan\u021bilor s-a altoit pe un sentiment de lehamite, mai \u00eent\u00e2i, de descurajare, apoi de neputin\u021b\u0103 \u00een final.<\/h4>\r\n<h4 style=\"text-align: justify;\">Vechea aspira\u021bie de \u201ea fi \u00een pas cu Europa\u201d (de fapt, cea apusean\u0103) a \u00eembr\u0103cat forma dorin\u021bei integr\u0103rii structurilor europene \u0219i euro-atlantice. Integrarea a fost \u00een\u021beleas\u0103, \u00een primul r\u00e2nd, ca semnarea unor acorduri \u0219i tratate \u0219i aproape deloc ca o schimbare structural\u0103 de moravuri, obi\u0219nuin\u021be, comportamente. Europa Occidental\u0103 a fost preg\u0103tit\u0103 pentru capitalism de \u0219coala sever\u0103 a vie\u021bii urbane din evul mediu. Locuitorul ora\u0219ului medieval a trecut prin \u0219coala aspr\u0103 a disciplinei impuse de regulamente riguroase, care stabileau cum s\u0103 produc\u0103 marfa, c\u00e2nd s\u0103 sting\u0103, seara, focul etc. Biserica catolic\u0103 i-a impus un orar fix de rug\u0103ciune.<\/h4>\r\n<h4 style=\"text-align: justify;\">La noi, \u00een lumea de \u021b\u0103rani (ora\u0219ele din Vechiul Regat erau ni\u0219te sate mai mari) p\u00e2n\u0103 \u0219i reglement\u0103rile agrare din perioada fanariot\u0103 nu au putut uniformiza regimul de obliga\u021bii ale \u021b\u0103ranilor: \u201ec\u00e2te bordeie, at\u00e2tea obiceie\u201d. Capitalismul nu a apucat s\u0103 fac\u0103 din disciplina muncii un fenomen de mas\u0103. Absen\u021ba ora\u0219elor autentic rom\u00e2ne\u0219ti (nu cele fondate de sa\u0219i sau de maghiari \u00een Transilvania) a f\u0103cut s\u0103 nu se nasc\u0103 un adev\u0103rat spirit civic, un spirit care s\u0103 oblige cet\u0103\u021beanul s\u0103 respecte colectivitatea \u0219i constr\u00e2ngerile vie\u021bii \u00een comun; fiecare locatar din bloc \u2013 spre a lua un singur exemplu &#8211; \u00ee\u0219i \u201e\u00eenchide\u201d balconul cum \u00eel taie capul, f\u0103r\u0103 nici cea mai mic\u0103 preocupare de estetica ansamblului. Mentalitatea \u021b\u0103r\u0103neasc\u0103 e atotputernic\u0103 la ora\u0219. Ce-ar fi dac\u0103 la New York fiecare locatar al unui zg\u00e2rie nori \u0219i-ar \u201e\u00eembun\u0103t\u0103\u021bi\u201d, la exterior, apartamentul dup\u0103 cum vrea el?<\/h4>\r\n<h4 style=\"text-align: justify;\">Suntem \u00een Europa, apar\u021binem, prin urmare, Europei, dar domina\u021bia otoman\u0103 \u0219i influen\u021ba oriental\u0103, exercitat\u0103 \u00een umbra ei, ne-au desprins de marele curent \u00eennoitor generat de apari\u021bia capitalismului \u00een Europa Apusean\u0103 \u0219i Central\u0103. C\u00e2nd, \u00een secolul al XVIII-lea, asupra societ\u0103\u021bii rom\u00e2ne\u0219ti a \u00eenceput s\u0103 se exercite influen\u021ba apusean\u0103 \u2013 mai exact, francez\u0103 \u2013, efectele ei s-au resim\u021bit doar la nivelul elitei. Ocupa\u021bia sovietic\u0103 \u0219i regimul comunist ne-au readus sub capacul strivitor al Orientului; acum \u00eens\u0103 \u00een locul turcului era rusul \u0219i, a\u0219a cum s-a spus, zg\u00e2rie-l pu\u021bin pe rus \u0219i dai de mongol.<\/h4>\r\n<h4 style=\"text-align: justify;\">Integrarea structurilor europene \u0219i euro-atlantice este un proces de lung\u0103 durat\u0103, mult mai lung\u0103 dec\u00e2t admiterea Rom\u00e2niei \u00een NATO (2004) \u0219i \u00een Uniunea European\u0103 (2007). Nu e vorba doar de demersuri diplomatice, ci de o schimbare de mentalitate.<\/h4>\r\n<h4 style=\"text-align: justify;\">\u00cen dorin\u021ba \u2013 legitim\u0103 \u0219i \u00een perfect acord cu interesul na\u021bional \u2013 de a deveni membri ai Alian\u021bei nord-atlantice, factorii de decizie ai Rom\u00e2niei au hot\u0103r\u00e2t negocierea \u0219i semnarea unui tratat de bun\u0103 vecin\u0103tate \u0219i cooperare cu Ucraina, un tratat care s\u0103 netezeasc\u0103 drumul spre NATO. El a fost precedat de un tratat similar cu Ungaria (1996), conceput ca expresie a unei \u201ereconcilieri istorice\u201d, de tipul celei franco-germane, dar r\u0103mas, cel pu\u021bin deocamdat\u0103, f\u0103r\u0103 suportul de con\u0219tiin\u021b\u0103 colectiv\u0103 al celor dou\u0103 na\u021biuni.<\/h4>\r\n<h4 style=\"text-align: justify;\">Tratatul cu Ucraina a fost conceput astfel: ca expresia unui \u201esacrificiu istoric\u201d, adic\u0103 al abandon\u0103rii drepturilor rom\u00e2ne\u0219ti asupra nordului Bucovinei, nordului \u0219i sudului Basarabiei, \u021binutului Her\u021ba, insulelor de pe bra\u021bul Chilia \u0219i insula \u0218erpilor anexate de URSS \u00een 1940 \u0219i 1948 (Insula \u0218erpilor). De ast\u0103 dat\u0103 nu mai era vorba nici de note ultimative, nici de \u00eenfr\u00e2ngeri militare, nici de ocupa\u021bie sovietic\u0103, nici de un guvern impus de ocupan\u021bi; Nu! Eram liberi \u0219i st\u0103p\u00e2ni pe deciziile noastre. O negociere f\u0103cut\u0103 sub presiunea nemiloas\u0103 a timpului (tratatul trebuia semnat \u00eenainte de summiutul NATO de la Madrid, care avea s\u0103 decid\u0103 asupra noilor membri), o negociere desf\u0103\u0219urat\u0103 \u00eempotriva regulilor diploma\u021biei \u2013 c\u0103ci partea ucrainean\u0103 \u0219tia dinainte c\u0103 suntem gata s\u0103 renun\u021b\u0103m, la totul (pre\u0219edintele Rom\u00e2niei ceruse poporului rom\u00e2n s\u0103 fac\u0103 \u201eun sacrificiu istoric\u201d) \u0219i nu ne putem ridica de la masa tratativelor f\u0103r\u0103 s\u0103 semn\u0103m tratatul \u00eenainte de reuniunea de la Madrid \u2013 a dat Ucrainei un avantaj considerabil \u0219i ea a avut c\u00e2\u0219tig de cauz\u0103, fiindu-i recunoscut\u0103 suveranitatea asupra unor teritorii rom\u00e2ne\u0219ti pe care nu le-a st\u0103p\u00e2nit <em>niciodat\u0103 <\/em>( \u00een afara perioadei sovietice, dup\u0103 actul de for\u021b\u0103 stalinist din 1940). 2 iunie 1997 \u2013 ziua semn\u0103rii la Neptun a tratatului rom\u00e2no-ucrainean \u2013 e o dat\u0103 dureroas\u0103 \u00een istoria Rom\u00e2niei.<\/h4>\r\n<h4 style=\"text-align: justify;\"><\/h4>\r\n<figure id=\"attachment_1753\" aria-describedby=\"caption-attachment-1753\" style=\"width: 399px\" class=\"wp-caption aligncenter\"><a href=\"http:\/\/www.desteptati-va.ro\/wp-content\/uploads\/2011\/04\/ec.jpg\"><img loading=\"lazy\" decoding=\"async\" class=\" wp-image-1753\" title=\"Emil Constantinescu\" src=\"http:\/\/www.desteptati-va.ro\/wp-content\/uploads\/2011\/04\/ec.jpg\" alt=\"Emil Constantinescu\" width=\"399\" height=\"299\" \/><\/a><figcaption id=\"caption-attachment-1753\" class=\"wp-caption-text\">Emil Constantinescu<\/figcaption><\/figure>\r\n<h4 style=\"text-align: justify;\">Sacrificiul s-a dovedit inutil: Rom\u00e2nia nu a fost admis\u0103 atunci \u00een NATO, iar situa\u021bia rom\u00e2nilor din Ucraina nu s-a \u00eembun\u0103t\u0103\u021bit.<\/h4>\r\n<h4 style=\"text-align: justify;\">Ap\u0103sa\u021bi de grijile traiului zilnic, rom\u00e2nii \u2013 cei mai mul\u021bi dintre ei \u2013 nu au \u00een\u021beles c\u0103 s-a produs un fapt de excep\u021bional\u0103 gravitate: am renun\u021bat \u2013 acum de bun\u0103 voie \u0219i nesili\u021bi de nimeni \u2013 la p\u0103r\u021bi din patrimoniul istorico-teritorial al neamului nostru.<\/h4>\r\n<h4 style=\"text-align: justify;\">Criza iugoslav\u0103 din 1999 \u0219i, mai ales, atentatele din 11 septembrie 2001 au creat un nou context geostrategic \u2013 regional \u0219i mondial.<\/h4>\r\n<h4 style=\"text-align: justify;\">Garan\u021biile de securitate aduse de apartenen\u021ba NATO nu valoreaz\u0103 \u00eens\u0103 mare lucru, dac\u0103 Rom\u00e2nia va continua s\u0103 se scufunde \u00een corup\u021bie \u0219i capitalism de tip latino-american. Mizeria nu face cas\u0103 bun\u0103 cu democra\u021bia. Rom\u00e2nii vor trebui s\u0103 ias\u0103 din starea de resemnare \u0219i s\u0103 cear\u0103 clasei politice s\u0103-\u0219i fac\u0103 datoria. Dar pentru ca eforturile tuturor \u2013 c\u00e2rmui\u021bi \u0219i c\u00e2rmuitori \u2013 spre prop\u0103\u0219irea \u021b\u0103rii s\u0103 aib\u0103 succes, este necesar ca ei s\u0103 aib\u0103 o m\u0103sur\u0103 dreapt\u0103 a calit\u0103\u021bilor \u0219i defectelor lor, s\u0103 \u00eenceteze, a\u0219adar, de a confirma remarca ustur\u0103toare a lui Paul Goma: \u201eRom\u00e2nii din mo\u0219i-str\u0103mo\u0219i sunt ferm convin\u0219i c\u0103 ei sunt cei mai de\u0219tep\u021bi \u0219i cei mai \u0219mecheri dintre traci\u201d. Deocamdat\u0103 au devenit \u201ec\u0103p\u0219unari\u201d \u00een Spania, angaja\u021bi huli\u021bi \u00een Italia, mercenari \u00een Irak \u0219i Afganistan (pe 70-80 de dolari zilnic!). Viitorul este sumbru: suntem un neam sleit, ie\u0219it din istorie.<\/h4>\r\n<h4><em>Florin Constantiniu \u2013 O istorie sincera a poporului roman<\/em><\/h4>        <div class=\"booster-block booster-reactions-block\">\n            <div class=\"twp-reactions-icons\">\n                \n                <div class=\"twp-reacts-wrap\">\n                    <a react-data=\"be-react-1\" post-id=\"3838\" class=\"be-face-icons un-reacted\" href=\"javascript:void(0)\">\n                        <img decoding=\"async\" src=\"https:\/\/desteptati-va.ro\/wp-content\/plugins\/booster-extension\/\/assets\/icon\/happy.svg\" alt=\"Happy\">\n                    <\/a>\n                    <div class=\"twp-reaction-title\">\n                        Happy                    <\/div>\n                    <div class=\"twp-count-percent\">\n                                                    <span style=\"display: none;\" class=\"twp-react-count\">0<\/span>\n                        \n                                                <span class=\"twp-react-percent\"><span>0<\/span> %<\/span>\n                                            <\/div>\n                <\/div>\n\n                <div class=\"twp-reacts-wrap\">\n                    <a react-data=\"be-react-2\" post-id=\"3838\" class=\"be-face-icons un-reacted\" href=\"javascript:void(0)\">\n                        <img decoding=\"async\" src=\"https:\/\/desteptati-va.ro\/wp-content\/plugins\/booster-extension\/\/assets\/icon\/sad.svg\" alt=\"Sad\">\n                    <\/a>\n                    <div class=\"twp-reaction-title\">\n                        Sad                    <\/div>\n                    <div class=\"twp-count-percent\">\n                                                    <span style=\"display: none;\" class=\"twp-react-count\">0<\/span>\n                                                                        <span class=\"twp-react-percent\"><span>0<\/span> %<\/span>\n                                            <\/div>\n                <\/div>\n\n                <div class=\"twp-reacts-wrap\">\n                    <a react-data=\"be-react-3\" post-id=\"3838\" class=\"be-face-icons un-reacted\" href=\"javascript:void(0)\">\n                        <img decoding=\"async\" src=\"https:\/\/desteptati-va.ro\/wp-content\/plugins\/booster-extension\/\/assets\/icon\/excited.svg\" alt=\"Excited\">\n                    <\/a>\n                    <div class=\"twp-reaction-title\">\n                        Excited                    <\/div>\n                    <div class=\"twp-count-percent\">\n                                                    <span style=\"display: none;\" class=\"twp-react-count\">0<\/span>\n                                                                        <span class=\"twp-react-percent\"><span>0<\/span> %<\/span>\n                                            <\/div>\n                <\/div>\n\n                <div class=\"twp-reacts-wrap\">\n                    <a react-data=\"be-react-6\" post-id=\"3838\" class=\"be-face-icons un-reacted\" href=\"javascript:void(0)\">\n                        <img decoding=\"async\" src=\"https:\/\/desteptati-va.ro\/wp-content\/plugins\/booster-extension\/\/assets\/icon\/sleepy.svg\" alt=\"Sleepy\">\n                    <\/a>\n                    <div class=\"twp-reaction-title\">\n                        Sleepy                    <\/div>\n                    <div class=\"twp-count-percent\">\n                                                    <span style=\"display: none;\" class=\"twp-react-count\">0<\/span>\n                        \n                                                <span class=\"twp-react-percent\"><span>0<\/span> %<\/span>\n                                            <\/div>\n                <\/div>\n\n                <div class=\"twp-reacts-wrap\">\n                    <a react-data=\"be-react-4\" post-id=\"3838\" class=\"be-face-icons un-reacted\" href=\"javascript:void(0)\">\n                        <img decoding=\"async\" src=\"https:\/\/desteptati-va.ro\/wp-content\/plugins\/booster-extension\/\/assets\/icon\/angry.svg\" alt=\"Angry\">\n                    <\/a>\n                    <div class=\"twp-reaction-title\">Angry<\/div>\n                    <div class=\"twp-count-percent\">\n                                                    <span style=\"display: none;\" class=\"twp-react-count\">0<\/span>\n                                                                        <span class=\"twp-react-percent\"><span>0<\/span> %<\/span>\n                        \n                    <\/div>\n                <\/div>\n\n                <div class=\"twp-reacts-wrap\">\n                    <a react-data=\"be-react-5\" post-id=\"3838\" class=\"be-face-icons un-reacted\" href=\"javascript:void(0)\">\n                        <img decoding=\"async\" src=\"https:\/\/desteptati-va.ro\/wp-content\/plugins\/booster-extension\/\/assets\/icon\/surprise.svg\" alt=\"Surprise\">\n                    <\/a>\n                    <div class=\"twp-reaction-title\">Surprise<\/div>\n                    <div class=\"twp-count-percent\">\n                                                    <span style=\"display: none;\" class=\"twp-react-count\">0<\/span>\n                                                                        <span class=\"twp-react-percent\"><span>0<\/span> %<\/span>\n                                            <\/div>\n                <\/div>\n\n            <\/div>\n        <\/div>\n\n    <\/div>","protected":false},"excerpt":{"rendered":"<p>\u00cen orice mi\u0219care de mas\u0103 exist\u0103 un incident declan\u0219ator, adesea cu o leg\u0103tur\u0103 firav\u0103 cu motivele reale de nemul\u021bumire. Aceast\u0103<a href=\"https:\/\/desteptati-va.ro\/index.php\/2021\/04\/19\/a-fost-in-decembrie-89-revolutie\/\">Read More<i class=\"fa fa-long-arrow-right\" aria-hidden=\"true\"><\/i><\/a><\/p>\n","protected":false},"author":1,"featured_media":1216,"comment_status":"open","ping_status":"open","sticky":false,"template":"","format":"standard","meta":{"_crdt_document":"","footnotes":""},"categories":[3,8],"tags":[1054,1055,168,1056,871,954,590,663,1057,852,1058,59,60,1059,1060,875,221,1061,1062,680,1063,1064,1065,1066,1067,1068,1069,228,1070,1071,1072,1073,1074,740,351,522,1075,1006,1076,684],"class_list":["post-3838","post","type-post","status-publish","format-standard","has-post-thumbnail","hentry","category-decembrie-89","category-revolutie-sau-lovitura","tag-agentii","tag-agenturi","tag-armata","tag-blindate","tag-brucan","tag-bucuresti","tag-cc","tag-ceausescu","tag-comitet","tag-comitetul-central","tag-confuzie","tag-desteptati","tag-desteptati-va","tag-discreditare","tag-disident","tag-fsn","tag-iliescu","tag-incident","tag-ion-caramitru","tag-laszlo-tokes","tag-mase","tag-militie","tag-mircea-dinescu","tag-miting","tag-morti","tag-nemultumire","tag-panica","tag-partid","tag-pastor","tag-piata-palatului","tag-presa","tag-raniti","tag-revolta","tag-revolutionari","tag-roman","tag-securitate","tag-spontan","tag-televiziune","tag-teroristi","tag-timisoara"],"rise-blocks_total_comments":1,"rise-blocks_categories":[{"term_id":8,"name":"Revolutie sau Lovitura?","slug":"revolutie-sau-lovitura","term_group":0,"term_taxonomy_id":8,"taxonomy":"category","description":"","parent":3,"count":10,"filter":"raw"}],"rise-blocks_excerpt":"\u00cen orice mi\u0219care de mas\u0103 exist\u0103 un incident declan\u0219ator, adesea cu o leg\u0103tur\u0103 firav\u0103 cu motivele reale de nemul\u021bumire. Aceast\u0103 func\u021bie a \u00eendeplinit-o ac\u021biunea mili\u021biei din Timi\u0219oara pentru a-l evacua pe pastorul reformat Laszlo Tokes din locuin\u021ba sa, dup\u0103 ce acesta refuzase s\u0103 dea curs deciziei episcopului reformat de Oradea de a fi transferat \u00een alt\u0103 parohie. Este evident c\u0103..","yoast_head":"<!-- This site is optimized with the Yoast SEO plugin v26.9 - https:\/\/yoast.com\/product\/yoast-seo-wordpress\/ -->\r\n<title>A fost \u00een decembrie &#039;89 revolu\u021bie? -<\/title>\r\n<meta name=\"robots\" content=\"index, follow, max-snippet:-1, max-image-preview:large, max-video-preview:-1\" \/>\r\n<link rel=\"canonical\" href=\"https:\/\/desteptati-va.ro\/index.php\/2021\/04\/19\/a-fost-in-decembrie-89-revolutie\/\" \/>\r\n<meta property=\"og:locale\" content=\"ro_RO\" \/>\r\n<meta property=\"og:type\" content=\"article\" \/>\r\n<meta property=\"og:title\" content=\"A fost \u00een decembrie &#039;89 revolu\u021bie? -\" \/>\r\n<meta property=\"og:description\" content=\"\u00cen orice mi\u0219care de mas\u0103 exist\u0103 un incident declan\u0219ator, adesea cu o leg\u0103tur\u0103 firav\u0103 cu motivele reale de nemul\u021bumire. Aceast\u0103Read More\" \/>\r\n<meta property=\"og:url\" content=\"https:\/\/desteptati-va.ro\/index.php\/2021\/04\/19\/a-fost-in-decembrie-89-revolutie\/\" \/>\r\n<meta property=\"article:published_time\" content=\"2021-04-19T06:19:48+00:00\" \/>\r\n<meta property=\"og:image\" content=\"https:\/\/desteptati-va.ro\/wp-content\/uploads\/2021\/04\/revolutie_tm_catedrala-e1618813167666.jpg\" \/>\r\n\t<meta property=\"og:image:width\" content=\"318\" \/>\r\n\t<meta property=\"og:image:height\" content=\"201\" \/>\r\n\t<meta property=\"og:image:type\" content=\"image\/jpeg\" \/>\r\n<meta name=\"author\" content=\"wolfsoftcompany\" \/>\r\n<meta name=\"twitter:card\" content=\"summary_large_image\" \/>\r\n<meta name=\"twitter:label1\" content=\"Scris de\" \/>\n\t<meta name=\"twitter:data1\" content=\"wolfsoftcompany\" \/>\n\t<meta name=\"twitter:label2\" content=\"Timp estimat pentru citire\" \/>\n\t<meta name=\"twitter:data2\" content=\"17 minute\" \/>\r\n<script type=\"application\/ld+json\" class=\"yoast-schema-graph\">{\"@context\":\"https:\/\/schema.org\",\"@graph\":[{\"@type\":\"Article\",\"@id\":\"https:\/\/desteptati-va.ro\/index.php\/2021\/04\/19\/a-fost-in-decembrie-89-revolutie\/#article\",\"isPartOf\":{\"@id\":\"https:\/\/desteptati-va.ro\/index.php\/2021\/04\/19\/a-fost-in-decembrie-89-revolutie\/\"},\"author\":{\"name\":\"wolfsoftcompany\",\"@id\":\"https:\/\/desteptati-va.ro\/#\/schema\/person\/13182deeebd44920914899f7bb262d6b\"},\"headline\":\"A fost \u00een decembrie &#8217;89 revolu\u021bie?\",\"datePublished\":\"2021-04-19T06:19:48+00:00\",\"mainEntityOfPage\":{\"@id\":\"https:\/\/desteptati-va.ro\/index.php\/2021\/04\/19\/a-fost-in-decembrie-89-revolutie\/\"},\"wordCount\":3499,\"commentCount\":1,\"image\":{\"@id\":\"https:\/\/desteptati-va.ro\/index.php\/2021\/04\/19\/a-fost-in-decembrie-89-revolutie\/#primaryimage\"},\"thumbnailUrl\":\"https:\/\/desteptati-va.ro\/wp-content\/uploads\/2021\/04\/revolutie_tm_catedrala-e1618813167666.jpg\",\"keywords\":[\"agentii\",\"agenturi\",\"Armata\",\"blindate\",\"Brucan\",\"Bucuresti\",\"CC\",\"Ceausescu\",\"comitet\",\"Comitetul Central\",\"confuzie\",\"desteptati\",\"desteptati-va\",\"discreditare\",\"disident\",\"FSN\",\"Iliescu\",\"incident\",\"Ion Caramitru\",\"Laszlo Tokes\",\"mase\",\"militie\",\"Mircea Dinescu\",\"miting\",\"morti\",\"nemultumire\",\"panica\",\"partid\",\"pastor\",\"Piata Palatului\",\"presa\",\"raniti\",\"revolta\",\"revolutionari\",\"Roman\",\"Securitate\",\"spontan\",\"Televiziune\",\"teroristi\",\"Timisoara\"],\"articleSection\":[\"Decembrie 89\",\"Revolutie sau Lovitura?\"],\"inLanguage\":\"ro-RO\",\"potentialAction\":[{\"@type\":\"CommentAction\",\"name\":\"Comment\",\"target\":[\"https:\/\/desteptati-va.ro\/index.php\/2021\/04\/19\/a-fost-in-decembrie-89-revolutie\/#respond\"]}]},{\"@type\":\"WebPage\",\"@id\":\"https:\/\/desteptati-va.ro\/index.php\/2021\/04\/19\/a-fost-in-decembrie-89-revolutie\/\",\"url\":\"https:\/\/desteptati-va.ro\/index.php\/2021\/04\/19\/a-fost-in-decembrie-89-revolutie\/\",\"name\":\"A fost \u00een decembrie '89 revolu\u021bie? -\",\"isPartOf\":{\"@id\":\"https:\/\/desteptati-va.ro\/#website\"},\"primaryImageOfPage\":{\"@id\":\"https:\/\/desteptati-va.ro\/index.php\/2021\/04\/19\/a-fost-in-decembrie-89-revolutie\/#primaryimage\"},\"image\":{\"@id\":\"https:\/\/desteptati-va.ro\/index.php\/2021\/04\/19\/a-fost-in-decembrie-89-revolutie\/#primaryimage\"},\"thumbnailUrl\":\"https:\/\/desteptati-va.ro\/wp-content\/uploads\/2021\/04\/revolutie_tm_catedrala-e1618813167666.jpg\",\"datePublished\":\"2021-04-19T06:19:48+00:00\",\"author\":{\"@id\":\"https:\/\/desteptati-va.ro\/#\/schema\/person\/13182deeebd44920914899f7bb262d6b\"},\"breadcrumb\":{\"@id\":\"https:\/\/desteptati-va.ro\/index.php\/2021\/04\/19\/a-fost-in-decembrie-89-revolutie\/#breadcrumb\"},\"inLanguage\":\"ro-RO\",\"potentialAction\":[{\"@type\":\"ReadAction\",\"target\":[\"https:\/\/desteptati-va.ro\/index.php\/2021\/04\/19\/a-fost-in-decembrie-89-revolutie\/\"]}]},{\"@type\":\"ImageObject\",\"inLanguage\":\"ro-RO\",\"@id\":\"https:\/\/desteptati-va.ro\/index.php\/2021\/04\/19\/a-fost-in-decembrie-89-revolutie\/#primaryimage\",\"url\":\"https:\/\/desteptati-va.ro\/wp-content\/uploads\/2021\/04\/revolutie_tm_catedrala-e1618813167666.jpg\",\"contentUrl\":\"https:\/\/desteptati-va.ro\/wp-content\/uploads\/2021\/04\/revolutie_tm_catedrala-e1618813167666.jpg\",\"width\":318,\"height\":201},{\"@type\":\"BreadcrumbList\",\"@id\":\"https:\/\/desteptati-va.ro\/index.php\/2021\/04\/19\/a-fost-in-decembrie-89-revolutie\/#breadcrumb\",\"itemListElement\":[{\"@type\":\"ListItem\",\"position\":1,\"name\":\"Prima pagin\u0103\",\"item\":\"https:\/\/desteptati-va.ro\/\"},{\"@type\":\"ListItem\",\"position\":2,\"name\":\"A fost \u00een decembrie &#8217;89 revolu\u021bie?\"}]},{\"@type\":\"WebSite\",\"@id\":\"https:\/\/desteptati-va.ro\/#website\",\"url\":\"https:\/\/desteptati-va.ro\/\",\"name\":\"\",\"description\":\"\",\"potentialAction\":[{\"@type\":\"SearchAction\",\"target\":{\"@type\":\"EntryPoint\",\"urlTemplate\":\"https:\/\/desteptati-va.ro\/?s={search_term_string}\"},\"query-input\":{\"@type\":\"PropertyValueSpecification\",\"valueRequired\":true,\"valueName\":\"search_term_string\"}}],\"inLanguage\":\"ro-RO\"},{\"@type\":\"Person\",\"@id\":\"https:\/\/desteptati-va.ro\/#\/schema\/person\/13182deeebd44920914899f7bb262d6b\",\"name\":\"wolfsoftcompany\",\"image\":{\"@type\":\"ImageObject\",\"inLanguage\":\"ro-RO\",\"@id\":\"https:\/\/desteptati-va.ro\/#\/schema\/person\/image\/\",\"url\":\"https:\/\/secure.gravatar.com\/avatar\/a6cce9b6d101d27d91690e7073e300fed94c0899890bf998e082cb9d2c3d121e?s=96&d=mm&r=g\",\"contentUrl\":\"https:\/\/secure.gravatar.com\/avatar\/a6cce9b6d101d27d91690e7073e300fed94c0899890bf998e082cb9d2c3d121e?s=96&d=mm&r=g\",\"caption\":\"wolfsoftcompany\"},\"sameAs\":[\"http:\/\/desteptati-va.ro\"],\"url\":\"https:\/\/desteptati-va.ro\/index.php\/author\/wolfsoftcompany\/\"}]}<\/script>\r\n<!-- \/ Yoast SEO plugin. -->","yoast_head_json":{"title":"A fost \u00een decembrie '89 revolu\u021bie? -","robots":{"index":"index","follow":"follow","max-snippet":"max-snippet:-1","max-image-preview":"max-image-preview:large","max-video-preview":"max-video-preview:-1"},"canonical":"https:\/\/desteptati-va.ro\/index.php\/2021\/04\/19\/a-fost-in-decembrie-89-revolutie\/","og_locale":"ro_RO","og_type":"article","og_title":"A fost \u00een decembrie '89 revolu\u021bie? -","og_description":"\u00cen orice mi\u0219care de mas\u0103 exist\u0103 un incident declan\u0219ator, adesea cu o leg\u0103tur\u0103 firav\u0103 cu motivele reale de nemul\u021bumire. Aceast\u0103Read More","og_url":"https:\/\/desteptati-va.ro\/index.php\/2021\/04\/19\/a-fost-in-decembrie-89-revolutie\/","article_published_time":"2021-04-19T06:19:48+00:00","og_image":[{"width":318,"height":201,"url":"https:\/\/desteptati-va.ro\/wp-content\/uploads\/2021\/04\/revolutie_tm_catedrala-e1618813167666.jpg","type":"image\/jpeg"}],"author":"wolfsoftcompany","twitter_card":"summary_large_image","twitter_misc":{"Scris de":"wolfsoftcompany","Timp estimat pentru citire":"17 minute"},"schema":{"@context":"https:\/\/schema.org","@graph":[{"@type":"Article","@id":"https:\/\/desteptati-va.ro\/index.php\/2021\/04\/19\/a-fost-in-decembrie-89-revolutie\/#article","isPartOf":{"@id":"https:\/\/desteptati-va.ro\/index.php\/2021\/04\/19\/a-fost-in-decembrie-89-revolutie\/"},"author":{"name":"wolfsoftcompany","@id":"https:\/\/desteptati-va.ro\/#\/schema\/person\/13182deeebd44920914899f7bb262d6b"},"headline":"A fost \u00een decembrie &#8217;89 revolu\u021bie?","datePublished":"2021-04-19T06:19:48+00:00","mainEntityOfPage":{"@id":"https:\/\/desteptati-va.ro\/index.php\/2021\/04\/19\/a-fost-in-decembrie-89-revolutie\/"},"wordCount":3499,"commentCount":1,"image":{"@id":"https:\/\/desteptati-va.ro\/index.php\/2021\/04\/19\/a-fost-in-decembrie-89-revolutie\/#primaryimage"},"thumbnailUrl":"https:\/\/desteptati-va.ro\/wp-content\/uploads\/2021\/04\/revolutie_tm_catedrala-e1618813167666.jpg","keywords":["agentii","agenturi","Armata","blindate","Brucan","Bucuresti","CC","Ceausescu","comitet","Comitetul Central","confuzie","desteptati","desteptati-va","discreditare","disident","FSN","Iliescu","incident","Ion Caramitru","Laszlo Tokes","mase","militie","Mircea Dinescu","miting","morti","nemultumire","panica","partid","pastor","Piata Palatului","presa","raniti","revolta","revolutionari","Roman","Securitate","spontan","Televiziune","teroristi","Timisoara"],"articleSection":["Decembrie 89","Revolutie sau Lovitura?"],"inLanguage":"ro-RO","potentialAction":[{"@type":"CommentAction","name":"Comment","target":["https:\/\/desteptati-va.ro\/index.php\/2021\/04\/19\/a-fost-in-decembrie-89-revolutie\/#respond"]}]},{"@type":"WebPage","@id":"https:\/\/desteptati-va.ro\/index.php\/2021\/04\/19\/a-fost-in-decembrie-89-revolutie\/","url":"https:\/\/desteptati-va.ro\/index.php\/2021\/04\/19\/a-fost-in-decembrie-89-revolutie\/","name":"A fost \u00een decembrie '89 revolu\u021bie? -","isPartOf":{"@id":"https:\/\/desteptati-va.ro\/#website"},"primaryImageOfPage":{"@id":"https:\/\/desteptati-va.ro\/index.php\/2021\/04\/19\/a-fost-in-decembrie-89-revolutie\/#primaryimage"},"image":{"@id":"https:\/\/desteptati-va.ro\/index.php\/2021\/04\/19\/a-fost-in-decembrie-89-revolutie\/#primaryimage"},"thumbnailUrl":"https:\/\/desteptati-va.ro\/wp-content\/uploads\/2021\/04\/revolutie_tm_catedrala-e1618813167666.jpg","datePublished":"2021-04-19T06:19:48+00:00","author":{"@id":"https:\/\/desteptati-va.ro\/#\/schema\/person\/13182deeebd44920914899f7bb262d6b"},"breadcrumb":{"@id":"https:\/\/desteptati-va.ro\/index.php\/2021\/04\/19\/a-fost-in-decembrie-89-revolutie\/#breadcrumb"},"inLanguage":"ro-RO","potentialAction":[{"@type":"ReadAction","target":["https:\/\/desteptati-va.ro\/index.php\/2021\/04\/19\/a-fost-in-decembrie-89-revolutie\/"]}]},{"@type":"ImageObject","inLanguage":"ro-RO","@id":"https:\/\/desteptati-va.ro\/index.php\/2021\/04\/19\/a-fost-in-decembrie-89-revolutie\/#primaryimage","url":"https:\/\/desteptati-va.ro\/wp-content\/uploads\/2021\/04\/revolutie_tm_catedrala-e1618813167666.jpg","contentUrl":"https:\/\/desteptati-va.ro\/wp-content\/uploads\/2021\/04\/revolutie_tm_catedrala-e1618813167666.jpg","width":318,"height":201},{"@type":"BreadcrumbList","@id":"https:\/\/desteptati-va.ro\/index.php\/2021\/04\/19\/a-fost-in-decembrie-89-revolutie\/#breadcrumb","itemListElement":[{"@type":"ListItem","position":1,"name":"Prima pagin\u0103","item":"https:\/\/desteptati-va.ro\/"},{"@type":"ListItem","position":2,"name":"A fost \u00een decembrie &#8217;89 revolu\u021bie?"}]},{"@type":"WebSite","@id":"https:\/\/desteptati-va.ro\/#website","url":"https:\/\/desteptati-va.ro\/","name":"","description":"","potentialAction":[{"@type":"SearchAction","target":{"@type":"EntryPoint","urlTemplate":"https:\/\/desteptati-va.ro\/?s={search_term_string}"},"query-input":{"@type":"PropertyValueSpecification","valueRequired":true,"valueName":"search_term_string"}}],"inLanguage":"ro-RO"},{"@type":"Person","@id":"https:\/\/desteptati-va.ro\/#\/schema\/person\/13182deeebd44920914899f7bb262d6b","name":"wolfsoftcompany","image":{"@type":"ImageObject","inLanguage":"ro-RO","@id":"https:\/\/desteptati-va.ro\/#\/schema\/person\/image\/","url":"https:\/\/secure.gravatar.com\/avatar\/a6cce9b6d101d27d91690e7073e300fed94c0899890bf998e082cb9d2c3d121e?s=96&d=mm&r=g","contentUrl":"https:\/\/secure.gravatar.com\/avatar\/a6cce9b6d101d27d91690e7073e300fed94c0899890bf998e082cb9d2c3d121e?s=96&d=mm&r=g","caption":"wolfsoftcompany"},"sameAs":["http:\/\/desteptati-va.ro"],"url":"https:\/\/desteptati-va.ro\/index.php\/author\/wolfsoftcompany\/"}]}},"_links":{"self":[{"href":"https:\/\/desteptati-va.ro\/index.php\/wp-json\/wp\/v2\/posts\/3838","targetHints":{"allow":["GET"]}}],"collection":[{"href":"https:\/\/desteptati-va.ro\/index.php\/wp-json\/wp\/v2\/posts"}],"about":[{"href":"https:\/\/desteptati-va.ro\/index.php\/wp-json\/wp\/v2\/types\/post"}],"author":[{"embeddable":true,"href":"https:\/\/desteptati-va.ro\/index.php\/wp-json\/wp\/v2\/users\/1"}],"replies":[{"embeddable":true,"href":"https:\/\/desteptati-va.ro\/index.php\/wp-json\/wp\/v2\/comments?post=3838"}],"version-history":[{"count":1,"href":"https:\/\/desteptati-va.ro\/index.php\/wp-json\/wp\/v2\/posts\/3838\/revisions"}],"predecessor-version":[{"id":3840,"href":"https:\/\/desteptati-va.ro\/index.php\/wp-json\/wp\/v2\/posts\/3838\/revisions\/3840"}],"wp:featuredmedia":[{"embeddable":true,"href":"https:\/\/desteptati-va.ro\/index.php\/wp-json\/wp\/v2\/media\/1216"}],"wp:attachment":[{"href":"https:\/\/desteptati-va.ro\/index.php\/wp-json\/wp\/v2\/media?parent=3838"}],"wp:term":[{"taxonomy":"category","embeddable":true,"href":"https:\/\/desteptati-va.ro\/index.php\/wp-json\/wp\/v2\/categories?post=3838"},{"taxonomy":"post_tag","embeddable":true,"href":"https:\/\/desteptati-va.ro\/index.php\/wp-json\/wp\/v2\/tags?post=3838"}],"curies":[{"name":"wp","href":"https:\/\/api.w.org\/{rel}","templated":true}]}}