{"id":3847,"date":"2021-04-19T06:54:00","date_gmt":"2021-04-19T06:54:00","guid":{"rendered":"http:\/\/desteptati.ro\/?p=3847"},"modified":"2022-01-31T09:33:57","modified_gmt":"2022-01-31T07:33:57","slug":"discutiile-lui-ilie-ceausescu-cu-sovieticii-22-decembrie-1989-ora-12-00","status":"publish","type":"post","link":"https:\/\/desteptati-va.ro\/index.php\/2021\/04\/19\/discutiile-lui-ilie-ceausescu-cu-sovieticii-22-decembrie-1989-ora-12-00\/","title":{"rendered":"Discu\u0163iile lui Ilie Ceau\u015fescu cu sovieticii &#8211; 22 decembrie 1989, ora 12.00"},"content":{"rendered":"<div class=\"post-content\"><div class='booster-block booster-read-block'>\n                <div class=\"twp-read-time\">\n                \t<i class=\"booster-icon twp-clock\"><\/i> <span>Read Time:<\/span>5 Minute, 12 Second                <\/div>\n\n            <\/div><h4 style=\"text-align: justify;\"><em>Not\u0103 privind convorbirea dintre general-locotenent <\/em> <em>Ilie Ceau\u015fescu, adjunct al ministrului Ap\u0103r\u0103rii Na\u0163ionale&nbsp; \u015fi contraamiralul Mihailov, ata\u015fatul militar \u00een Rom\u00e2nia.<\/em><\/h4>\n<h4 style=\"text-align: justify;\"><em>\u00cent\u00e2lnirea are loc la Ministerul Ap\u0103r\u0103rii Na\u0163ionale. La discu\u0163ii particip\u0103: generalul-locotenent Ilie Ceau\u015fescu, viceamiralul \u015etefan Dinu (\u015feful DIA), colonelul Dumitru Mircea \u015fi locotenent-colonelul Gheorghe Lungu din partea rom\u00e2n\u0103, contraamiralul G.A. Mihailov, genarulul-maior G.N. Bociaev (loc\u0163iitorul comandantului-\u015fef al For\u0163elor Armate Unite ale Tratatului de la Var\u015fovia la Bucure\u015fti) \u015fi locotenent-colonelul Masiuk&nbsp; (translator).<\/em><\/h4>\n<h4 style=\"text-align: justify;\">Ilie Ceau\u015fescu face cunoscut c\u0103 despre situa\u0163ia actual\u0103 din&nbsp; Rom\u00e2nia au fost informate toate oficiile diplomatice din \u0163ar\u0103; ast\u0103zi&nbsp; se va anun\u0163a un nou guvern; Uniunea Sovietic\u0103 s\u0103 dea dovad\u0103 de&nbsp; mult\u0103 re\u0163inere; Rom\u00e2nia nutre\u015fte sentimente de prietenie fa\u0163\u0103 de Uniunea Sovietic\u0103 \u015fi de celelalte state socialiste; rom\u00e2nii au fost \u00eentotdeauna interna\u0163ionali\u015fti; cercurile imperialiste au organizat un complot interna\u0163ional, cu scopul de a distruge socialismul, de a abate Rom\u00e2nia de pe calea construirii unei vie\u0163i noi, de a o scoate din sistemul socialist \u015fi din Tratatul de la Var\u015fovia.<\/h4>\n<h3><strong>Gen.-lt. Ilie Ceau\u015fescu<\/strong>:<\/h3>\n<h4 style=\"text-align: justify;\">\u0162ara noastr\u0103, membr\u0103 a Tratatului de la Var\u015fovia, r\u0103m\u00e2ne fidel\u0103 a acestui Tratat \u015fi tuturor acordurilor interna\u0163ionale, pe care le va respecta \u00eentocmai.<\/h4>\n<h4 style=\"text-align: justify;\">Poporul rom\u00e2n a\u015fteapt\u0103 mult\u0103 \u00een\u0163elegere de la Uniunea Sovietic\u0103. Sunt \u00eencerc\u0103ri din partea cercurilor imperialiste din RFG, SUA, Fran\u0163a \u015fi alte state capitaliste, precum \u015fi din partea unor cercuri din Ungaria, de a destabiliza situa\u0163ia. Rom\u00e2nii au sprijinit Revolu\u0163ia Socialist\u0103 din Octombrie, au manifestat solidaritate cu Uniunea Sovietic\u0103 atunci c\u00e2nd era singur\u0103. PCR a fost un prieten sincer al Uniunii Sovietice. Aceea\u015fi prietenie sincer\u0103 a fost manifestat\u0103 \u015fi dup\u0103 cel de-al Doilea R\u0103zboi&nbsp; Mondial.<\/h4>\n<h4 style=\"text-align: justify;\">Rug\u0103m Partidul Comunist al Uniunii Sovietice, statul sovietic, poporul, Armata sovietic\u0103 s\u0103 dea dovad\u0103 de mult\u0103 \u00een\u0163elegere \u015fi s\u0103 ne sprijine \u00een aceste momente de confuzie; s\u0103 transmite\u0163i tovar\u0103sului ministru Iazov,&nbsp; tovar\u0103\u015fului Lizicev, \u015feful Direc\u0163iei Principale Politice a &nbsp;Armatei \u015fi flotei sovietice, rug\u0103mintea de a face uz de influen\u0163a pe care o au, \u00een virtutea bunelor \u00een\u0163elegeri pe care le-am avut. S\u0103 informeze bine, corect, pe tovar\u0103\u015ful Gorbaciov cu aceste probleme, s\u0103 se foloseasc\u0103 de influen\u0163a mare pe care o au ei \u015fi tovar\u0103\u015ful&nbsp; Gorbaciov pentru ca elementele ostile socialismului s\u0103 nu atenteze la munca poporului rom\u00e2n. Elementele reac\u0163ionare s\u0103 nu profite de acest moment critic pentru a-\u015fi atinge scopurile de a destabiliza economia. A\u015ftept mult de la poporul sovietic \u015fi am convingerea c\u0103 vom g\u0103si \u00een\u0163elegere.<\/h4>\n<h4 style=\"text-align: justify;\">Mul\u0163umesc anticipat ministrului Ap\u0103r\u0103rii, general de armat\u0103 Izov, \u015fi generalului de armat\u0103 Lizicev \u015fi, prin ei, conducerii partidului \u015fi statului sovietic, pentru \u00een\u0163elegerea \u015fi sprijinul pe care \u00eel a\u015fteapt\u0103 poporul rom\u00e2n de la Uniunea Sovietic\u0103.<\/h4>\n<h4 style=\"text-align: justify;\">V\u0103 mul\u0163umesc \u015fi dumneavoastr\u0103 c\u0103 v-a\u0163i deplasat p\u00e2n\u0103 aici. Dac\u0103 se poate, s\u0103 comunica\u0163i aceste opinii conducerilor dumneavoastr\u0103.<\/h4>\n<h4 style=\"text-align: justify;\"><strong>Contraamiral Mihailov<\/strong>:<\/h4>\n<h4 style=\"text-align: justify;\">Suntem oarecum informa\u0163i despre situa\u0163ie. \u015etim din informa\u0163iile oficiale ce s-a \u00eent\u00e2mplat la Timi\u015foara, c\u0103 s-a declarat starea de necesitate&nbsp; \u00een \u0163ar\u0103.<\/h4>\n<h4 style=\"text-align: justify;\"><strong>Lt.-col. Masiuk:<\/strong><\/h4>\n<h4 style=\"text-align: justify;\">S-a comunicat \u015fi \u00een leg\u0103tur\u0103 cu ministrul Ap\u0103r\u0103rii Na\u0163ionale.<\/h4>\n<h4 style=\"text-align: justify;\"><strong>Contraamiral Mihailov<\/strong>:<\/h4>\n<h4 style=\"text-align: justify;\">Generalii Gu\u015f\u0103 \u015fi St\u0103nculescu sunt la Bucure\u015fti?<\/h4>\n<h4 style=\"text-align: justify;\"><em>(\u00cen&nbsp; acest timp, gen.-lt. Ilie Ceau\u015fescu iese din sal\u0103, chemat.)<\/em><\/h4>\n<h4 style=\"text-align: justify;\"><strong>Viceamiral \u015etefan Dinu:<\/strong><\/h4>\n<h4 style=\"text-align: justify;\">Vin spre Bucure\u015fti.<\/h4>\n<h4 style=\"text-align: justify;\"><strong>Gen.-mr. Bociaev:<\/strong><\/h4>\n<h4 style=\"text-align: justify;\">Si \u00een fa\u0163a Ministerului Ap\u0103r\u0103rii Na\u0163ionale este mult\u0103 lume.<\/h4>\n<h4 style=\"text-align: justify;\"><strong>Contraamiral Mihailov:<\/strong><\/h4>\n<h4 style=\"text-align: justify;\">C\u00e2nd s-a \u00eent\u00e2mplat cu ministrul Ap\u0103r\u0103rii Na\u0163ionale?<\/h4>\n<h4 style=\"text-align: justify;\"><strong>Viceamiral \u015etefan Dinu:<\/strong><\/h4>\n<h4 style=\"text-align: justify;\">Nu \u015ftim.<\/h4>\n<h4 style=\"text-align: justify;\"><strong>Contraamiral Mihailov<\/strong>:<\/h4>\n<h4 style=\"text-align: justify;\">Era acas\u0103?<\/h4>\n<h4><strong>Viceamiral \u015etefan Dinu:<\/strong><\/h4>\n<h4 style=\"text-align: justify;\">Se g\u0103sea \u00een cl\u0103direa CC al PCR. Nu \u015ftim c\u00e2nd s-a \u00eent\u00e2mplat<\/h4>\n<h4 style=\"text-align: justify;\"><strong>Contraamiral Mihailov:<\/strong><\/h4>\n<h4 style=\"text-align: justify;\">Agen\u0163iile occidentale vorbesc despre existen\u0163a a mii de jertfe.Ave\u0163i cifre aproximative privind mor\u0163ii \u015fi r\u0103ni\u0163ii?<\/h4>\n<h4 style=\"text-align: justify;\"><strong>Viceamiral \u015etefan Dinu:<\/strong><\/h4>\n<h4 style=\"text-align: justify;\">Nu lucrez \u00een acest domeniu, nu \u015ftiu care este cifra. S-a spus ca\u0103 sunt victime, crime, probabil sunt jertfe mai multe, dar nu \u015ftim c\u00e2te sunt. Probabil se vor clarifica. Fiecare poate s\u0103 spun\u0103 despre o manifesta\u0163ie c\u0103 a participat un num\u0103r mai mare sau mai mic de oameni. Eu nu am v\u0103zut acum, de pild\u0103, c\u00e2\u0163i oameni sunt \u00een fa\u0163\u0103 Ministerului Ap\u0103r\u0103rii Na\u0163ionale. C\u00e2\u0163i sunt?<\/h4>\n<h4 style=\"text-align: justify;\"><strong>Contraamiral Mihailov:<\/strong><\/h4>\n<h4 style=\"text-align: justify;\">20-30 de oameni, poate mai mul\u0163i.<\/h4>\n<h4 style=\"text-align: justify;\"><strong>Viceamiral \u015etefan Dinu:<\/strong><\/h4>\n<h4 style=\"text-align: justify;\">Mai sunt \u015fi mul\u0163i curio\u015fi, care se intereseaz\u0103 ce se \u00eent\u00e2mpl\u0103.<\/h4>\n<h4 style=\"text-align: justify;\"><strong>Gen.-mr. Bociaev:<\/strong><\/h4>\n<h4 style=\"text-align: justify;\">Pentru asigurarea st\u0103rii de necesitate va participa \u015fi Armata?<\/h4>\n<h4 style=\"text-align: justify;\"><strong>Viceamiral \u015etefan Dinu<\/strong>:<\/h4>\n<h4 style=\"text-align: justify;\">Armata st\u0103 \u00een caz\u0103rmi, \u00een alarm\u0103, potrivit legii.<\/h4>\n<h4 style=\"text-align: justify;\"><strong>Gen.-mr. Bociaev<\/strong>:<\/h4>\n<h4 style=\"text-align: justify;\">Probabil, pentru impresionarea demonstran\u0163ilor.<\/h4>\n<h4 style=\"text-align: justify;\"><strong>Viceamiral \u015etefan Dinu:<\/strong><\/h4>\n<h4 style=\"text-align: justify;\">P\u00e2n\u0103 acum s-au luat m\u0103suri de ap\u0103rare a obiectivelor. <em>(\u00een acest timp reintr\u0103 \u00een sal\u0103 gen.-lt. Ilie Ceau\u015fescu.) <\/em><strong>Gen.-lt. Ilie Ceau\u015fescu:<\/strong><\/h4>\n<h4 style=\"text-align: justify;\">\u0162\u0103rile socialiste au ac\u0163ionat disparat, sper\u0103m c\u0103 via\u0163a va merge \u00eenainte. Cred c\u0103 Uniunea Sovietic\u0103 nu va permite cercurilor socialiste s\u0103 \u00eentroneze modul de via\u0163\u0103 imperialist.<\/h4>\n<h4 style=\"text-align: justify;\"><em>(Din nou, gen.-lt. Ilie Ceau\u015fescu iese, chemat.)<\/em><\/h4>\n<h4 style=\"text-align: justify;\"><strong><span style=\"text-decoration: underline;\">Viceamiral<\/span><\/strong> <strong>\u015etefan Dinu:<\/strong><\/h4>\n<h4 style=\"text-align: justify;\">Dup\u0103 prevederile st\u0103rii de necesitate, unit\u0103\u0163ile militare pot trece la ap\u0103rarea&nbsp; obiectivelor de stat, dac\u0103 demonstra\u0163ia este violent\u0103. \u00cen Bucure\u015fti au fost c\u00e2teva situa\u0163ii de violen\u0163\u0103. Acum, unit\u0103\u0163ile militare se retrag \u00een caz\u0103rmile lor. Sigur, sunt \u015fi elemente r\u0103u-voitoare, care se dedau la&nbsp; furt, spargeri &#8211; elemente degradate. Sunt asemenea elemente \u015fi in situ\u0163ii normale. R\u0103uf\u0103c\u0103tori \u015fi pe timpul cutremurului au fost. Deocamdat\u0103, \u00een Bucure\u015fti, manifesta\u0163ia este pa\u015fnic\u0103.<\/h4>\n<h4 style=\"text-align: justify;\"><strong>Contraamiral Mihailov:<\/strong><\/h4>\n<h4 style=\"text-align: justify;\">Am vazut cum unit\u0103\u0163ile pleac\u0103 din centrul ora\u015fului.<\/h4>\n<h4 style=\"text-align: justify;\"><strong>Viceamiral \u015etefan Dinu:<\/strong><\/h4>\n<h4 style=\"text-align: justify;\">Merg mai \u00eencet, nu pot ie\u015fi repede. Nu exist\u0103 o amenin\u0163are la adresa Armatei \u015fi invers.<\/h4>\n<h4 style=\"text-align: justify;\"><strong>Gen mr. Bociaev:<\/strong><\/h4>\n<h4 style=\"text-align: justify;\">Atitudinea popula\u0163iei fa\u0163\u0103 de militari este normal\u0103. Ma\u015finile se \u00eentorc \u00een caz\u0103rmi, militarii sunt saluta\u0163i. Dup\u0103 Constitu\u0163ie, cine poate forma un nou guvern?<\/h4>\n<h4 style=\"text-align: justify;\"><strong>Viceamiral \u015etefan Dinu:<\/strong><\/h4>\n<h4 style=\"text-align: justify;\">Marea Adunare Na\u0163ional\u0103, iar \u00eentre sesiuni &#8211; Consiliul de Stat.<\/h4>\n<h4 style=\"text-align: justify;\">(<em>Reintr\u0103 \u00een sal\u0103 gen.-lt. Ilie Ceau\u015fescu.)<\/em><\/h4>\n<h4 style=\"text-align: justify;\"><strong>Contraamiral Mihailov:<\/strong><\/h4>\n<h4 style=\"text-align: justify;\">Se intrevede o \u015fedin\u0163\u0103 extraordinar\u0103 a Consiliului de Stat, vreo&nbsp; plenar\u0103 a CCal PCR?<\/h4>\n<h4 style=\"text-align: justify;\"><strong>Gen.-lt. Ilie Ceau\u015fescu:<\/strong><\/h4>\n<h4 style=\"text-align: justify;\">Vom afla. Pot fi schimb\u0103ri \u00een conducere. Vom urm\u0103ri situa\u0163ia.<\/h4>\n<h4 style=\"text-align: justify;\"><em>(Primirea se \u00eencheie precipitat.)<\/em><\/h4>\n<h4><\/h4>\n<h4 style=\"text-align: justify;\">Cele dou\u0103 ie\u015firi din sal\u0103 ale lui Ilie Ceau\u015fescu se explic\u0103 prin chemarea sa la telefon; prima dat\u0103 a fost informat c\u0103 fratele s\u0103u, ,Nicolaie Ceau\u015fescu, a p\u0103r\u0103sit cl\u0103direa CC al PCR cu elicopterul, iar a doua oar\u0103 a fost sunat chiar de acesta, de la Snagov. Pr\u0103bu\u015firea abrupt\u0103 a regimului explic\u0103 \u015fi \u00eencheierea precipitat\u0103 a discu\u0163iei dintre Ceau\u015fescu \u015fi sovietici, precum \u015fi anularea \u00eent\u00e2lnirii pe care generalul o planificase la ora 13.00 cu reprezentan\u0163ii Ambasadei Republicii Populare Chineze.<\/h4>        <div class=\"booster-block booster-reactions-block\">\n            <div class=\"twp-reactions-icons\">\n                \n                <div class=\"twp-reacts-wrap\">\n                    <a react-data=\"be-react-1\" post-id=\"3847\" class=\"be-face-icons un-reacted\" href=\"javascript:void(0)\">\n                        <img decoding=\"async\" src=\"https:\/\/desteptati-va.ro\/wp-content\/plugins\/booster-extension\/\/assets\/icon\/happy.svg\" alt=\"Happy\">\n                    <\/a>\n                    <div class=\"twp-reaction-title\">\n                        Happy                    <\/div>\n                    <div class=\"twp-count-percent\">\n                                                    <span style=\"display: none;\" class=\"twp-react-count\">0<\/span>\n                        \n                                                <span class=\"twp-react-percent\"><span>0<\/span> %<\/span>\n                                            <\/div>\n                <\/div>\n\n                <div class=\"twp-reacts-wrap\">\n                    <a react-data=\"be-react-2\" post-id=\"3847\" class=\"be-face-icons un-reacted\" href=\"javascript:void(0)\">\n                        <img decoding=\"async\" src=\"https:\/\/desteptati-va.ro\/wp-content\/plugins\/booster-extension\/\/assets\/icon\/sad.svg\" alt=\"Sad\">\n                    <\/a>\n                    <div class=\"twp-reaction-title\">\n                        Sad                    <\/div>\n                    <div class=\"twp-count-percent\">\n                                                    <span style=\"display: none;\" class=\"twp-react-count\">0<\/span>\n                                                                        <span class=\"twp-react-percent\"><span>0<\/span> %<\/span>\n                                            <\/div>\n                <\/div>\n\n                <div class=\"twp-reacts-wrap\">\n                    <a react-data=\"be-react-3\" post-id=\"3847\" class=\"be-face-icons un-reacted\" href=\"javascript:void(0)\">\n                        <img decoding=\"async\" src=\"https:\/\/desteptati-va.ro\/wp-content\/plugins\/booster-extension\/\/assets\/icon\/excited.svg\" alt=\"Excited\">\n                    <\/a>\n                    <div class=\"twp-reaction-title\">\n                        Excited                    <\/div>\n                    <div class=\"twp-count-percent\">\n                                                    <span style=\"display: none;\" class=\"twp-react-count\">0<\/span>\n                                                                        <span class=\"twp-react-percent\"><span>0<\/span> %<\/span>\n                                            <\/div>\n                <\/div>\n\n                <div class=\"twp-reacts-wrap\">\n                    <a react-data=\"be-react-6\" post-id=\"3847\" class=\"be-face-icons un-reacted\" href=\"javascript:void(0)\">\n                        <img decoding=\"async\" src=\"https:\/\/desteptati-va.ro\/wp-content\/plugins\/booster-extension\/\/assets\/icon\/sleepy.svg\" alt=\"Sleepy\">\n                    <\/a>\n                    <div class=\"twp-reaction-title\">\n                        Sleepy                    <\/div>\n                    <div class=\"twp-count-percent\">\n                                                    <span style=\"display: none;\" class=\"twp-react-count\">0<\/span>\n                        \n                                                <span class=\"twp-react-percent\"><span>0<\/span> %<\/span>\n                                            <\/div>\n                <\/div>\n\n                <div class=\"twp-reacts-wrap\">\n                    <a react-data=\"be-react-4\" post-id=\"3847\" class=\"be-face-icons un-reacted\" href=\"javascript:void(0)\">\n                        <img decoding=\"async\" src=\"https:\/\/desteptati-va.ro\/wp-content\/plugins\/booster-extension\/\/assets\/icon\/angry.svg\" alt=\"Angry\">\n                    <\/a>\n                    <div class=\"twp-reaction-title\">Angry<\/div>\n                    <div class=\"twp-count-percent\">\n                                                    <span style=\"display: none;\" class=\"twp-react-count\">0<\/span>\n                                                                        <span class=\"twp-react-percent\"><span>0<\/span> %<\/span>\n                        \n                    <\/div>\n                <\/div>\n\n                <div class=\"twp-reacts-wrap\">\n                    <a react-data=\"be-react-5\" post-id=\"3847\" class=\"be-face-icons un-reacted\" href=\"javascript:void(0)\">\n                        <img decoding=\"async\" src=\"https:\/\/desteptati-va.ro\/wp-content\/plugins\/booster-extension\/\/assets\/icon\/surprise.svg\" alt=\"Surprise\">\n                    <\/a>\n                    <div class=\"twp-reaction-title\">Surprise<\/div>\n                    <div class=\"twp-count-percent\">\n                                                    <span style=\"display: none;\" class=\"twp-react-count\">0<\/span>\n                                                                        <span class=\"twp-react-percent\"><span>0<\/span> %<\/span>\n                                            <\/div>\n                <\/div>\n\n            <\/div>\n        <\/div>\n\n    <\/div>","protected":false},"excerpt":{"rendered":"<p>Not\u0103 privind convorbirea dintre general-locotenent Ilie Ceau\u015fescu, adjunct al ministrului Ap\u0103r\u0103rii Na\u0163ionale&nbsp; \u015fi contraamiralul Mihailov, ata\u015fatul militar \u00een Rom\u00e2nia. \u00cent\u00e2lnirea<a href=\"https:\/\/desteptati-va.ro\/index.php\/2021\/04\/19\/discutiile-lui-ilie-ceausescu-cu-sovieticii-22-decembrie-1989-ora-12-00\/\">Read More<i class=\"fa fa-long-arrow-right\" aria-hidden=\"true\"><\/i><\/a><\/p>\n","protected":false},"author":1,"featured_media":4588,"comment_status":"open","ping_status":"open","sticky":false,"template":"","format":"standard","meta":{"_crdt_document":"","footnotes":""},"categories":[3,8],"tags":[315,1084,1091,590,663,59,60,1085,1092,1093,1086,901,1094,448,1095,696,1087,1096,350,789,148,160,1088,83,170,279,1089,281,1090],"class_list":["post-3847","post","type-post","status-publish","format-standard","has-post-thumbnail","hentry","category-decembrie-89","category-revolutie-sau-lovitura","tag-adunare","tag-armate","tag-bociaev","tag-cc","tag-ceausescu","tag-desteptati","tag-desteptati-va","tag-dia","tag-dinu","tag-dumitru-mircea","tag-fortele","tag-general","tag-gheorghe-lungu","tag-gorbaciov","tag-ilie","tag-lovitura-de-stat","tag-marea","tag-mihailov","tag-nationala","tag-pcr","tag-revolutie","tag-securitatea","tag-sovietica","tag-tradare","tag-tratat","tag-unite","tag-uniunea","tag-urss","tag-varsovia"],"rise-blocks_total_comments":0,"rise-blocks_categories":[{"term_id":8,"name":"Revolutie sau Lovitura?","slug":"revolutie-sau-lovitura","term_group":0,"term_taxonomy_id":8,"taxonomy":"category","description":"","parent":3,"count":10,"filter":"raw"}],"rise-blocks_excerpt":"Not\u0103 privind convorbirea dintre general-locotenent Ilie Ceau\u015fescu, adjunct al ministrului Ap\u0103r\u0103rii Na\u0163ionale&nbsp; \u015fi contraamiralul Mihailov, ata\u015fatul militar \u00een Rom\u00e2nia. \u00cent\u00e2lnirea are loc la Ministerul Ap\u0103r\u0103rii Na\u0163ionale. La discu\u0163ii particip\u0103: generalul-locotenent Ilie Ceau\u015fescu, viceamiralul \u015etefan Dinu (\u015feful DIA), colonelul Dumitru Mircea \u015fi locotenent-colonelul Gheorghe Lungu din partea rom\u00e2n\u0103, contraamiralul G.A. Mihailov, genarulul-maior G.N. Bociaev (loc\u0163iitorul comandantului-\u015fef al For\u0163elor Armate Unite ale..","yoast_head":"<!-- This site is optimized with the Yoast SEO plugin v26.9 - https:\/\/yoast.com\/product\/yoast-seo-wordpress\/ -->\r\n<title>Discu\u0163iile lui Ilie Ceau\u015fescu cu sovieticii - 22 decembrie 1989, ora 12.00 -<\/title>\r\n<meta name=\"robots\" content=\"index, follow, max-snippet:-1, max-image-preview:large, max-video-preview:-1\" \/>\r\n<link rel=\"canonical\" href=\"https:\/\/desteptati-va.ro\/index.php\/2021\/04\/19\/discutiile-lui-ilie-ceausescu-cu-sovieticii-22-decembrie-1989-ora-12-00\/\" \/>\r\n<meta property=\"og:locale\" content=\"ro_RO\" \/>\r\n<meta property=\"og:type\" content=\"article\" \/>\r\n<meta property=\"og:title\" content=\"Discu\u0163iile lui Ilie Ceau\u015fescu cu sovieticii - 22 decembrie 1989, ora 12.00 -\" \/>\r\n<meta property=\"og:description\" content=\"Not\u0103 privind convorbirea dintre general-locotenent Ilie Ceau\u015fescu, adjunct al ministrului Ap\u0103r\u0103rii Na\u0163ionale&nbsp; \u015fi contraamiralul Mihailov, ata\u015fatul militar \u00een Rom\u00e2nia. \u00cent\u00e2lnireaRead More\" \/>\r\n<meta property=\"og:url\" content=\"https:\/\/desteptati-va.ro\/index.php\/2021\/04\/19\/discutiile-lui-ilie-ceausescu-cu-sovieticii-22-decembrie-1989-ora-12-00\/\" \/>\r\n<meta property=\"article:published_time\" content=\"2021-04-19T06:54:00+00:00\" \/>\r\n<meta property=\"article:modified_time\" content=\"2022-01-31T07:33:57+00:00\" \/>\r\n<meta property=\"og:image\" content=\"https:\/\/desteptati-va.ro\/wp-content\/uploads\/2021\/04\/Discutii.jpg\" \/>\r\n\t<meta property=\"og:image:width\" content=\"300\" \/>\r\n\t<meta property=\"og:image:height\" content=\"168\" \/>\r\n\t<meta property=\"og:image:type\" content=\"image\/jpeg\" \/>\r\n<meta name=\"author\" content=\"wolfsoftcompany\" \/>\r\n<meta name=\"twitter:card\" content=\"summary_large_image\" \/>\r\n<meta name=\"twitter:label1\" content=\"Scris de\" \/>\n\t<meta name=\"twitter:data1\" content=\"wolfsoftcompany\" \/>\n\t<meta name=\"twitter:label2\" content=\"Timp estimat pentru citire\" \/>\n\t<meta name=\"twitter:data2\" content=\"6 minute\" \/>\r\n<script type=\"application\/ld+json\" class=\"yoast-schema-graph\">{\"@context\":\"https:\/\/schema.org\",\"@graph\":[{\"@type\":\"Article\",\"@id\":\"https:\/\/desteptati-va.ro\/index.php\/2021\/04\/19\/discutiile-lui-ilie-ceausescu-cu-sovieticii-22-decembrie-1989-ora-12-00\/#article\",\"isPartOf\":{\"@id\":\"https:\/\/desteptati-va.ro\/index.php\/2021\/04\/19\/discutiile-lui-ilie-ceausescu-cu-sovieticii-22-decembrie-1989-ora-12-00\/\"},\"author\":{\"name\":\"wolfsoftcompany\",\"@id\":\"https:\/\/desteptati-va.ro\/#\/schema\/person\/13182deeebd44920914899f7bb262d6b\"},\"headline\":\"Discu\u0163iile lui Ilie Ceau\u015fescu cu sovieticii &#8211; 22 decembrie 1989, ora 12.00\",\"datePublished\":\"2021-04-19T06:54:00+00:00\",\"dateModified\":\"2022-01-31T07:33:57+00:00\",\"mainEntityOfPage\":{\"@id\":\"https:\/\/desteptati-va.ro\/index.php\/2021\/04\/19\/discutiile-lui-ilie-ceausescu-cu-sovieticii-22-decembrie-1989-ora-12-00\/\"},\"wordCount\":1210,\"commentCount\":0,\"image\":{\"@id\":\"https:\/\/desteptati-va.ro\/index.php\/2021\/04\/19\/discutiile-lui-ilie-ceausescu-cu-sovieticii-22-decembrie-1989-ora-12-00\/#primaryimage\"},\"thumbnailUrl\":\"https:\/\/desteptati-va.ro\/wp-content\/uploads\/2021\/04\/Discutii.jpg\",\"keywords\":[\"Adunare\",\"Armate\",\"Bociaev\",\"CC\",\"Ceausescu\",\"desteptati\",\"desteptati-va\",\"DIA\",\"Dinu\",\"Dumitru Mircea\",\"Fortele\",\"general\",\"Gheorghe Lungu\",\"Gorbaciov\",\"Ilie\",\"lovitura de stat\",\"Marea\",\"Mihailov\",\"nationala\",\"PCR\",\"revolutie\",\"Securitatea\",\"Sovietica\",\"tradare\",\"Tratat\",\"Unite\",\"Uniunea\",\"URSS\",\"Varsovia\"],\"articleSection\":[\"Decembrie 89\",\"Revolutie sau Lovitura?\"],\"inLanguage\":\"ro-RO\",\"potentialAction\":[{\"@type\":\"CommentAction\",\"name\":\"Comment\",\"target\":[\"https:\/\/desteptati-va.ro\/index.php\/2021\/04\/19\/discutiile-lui-ilie-ceausescu-cu-sovieticii-22-decembrie-1989-ora-12-00\/#respond\"]}]},{\"@type\":\"WebPage\",\"@id\":\"https:\/\/desteptati-va.ro\/index.php\/2021\/04\/19\/discutiile-lui-ilie-ceausescu-cu-sovieticii-22-decembrie-1989-ora-12-00\/\",\"url\":\"https:\/\/desteptati-va.ro\/index.php\/2021\/04\/19\/discutiile-lui-ilie-ceausescu-cu-sovieticii-22-decembrie-1989-ora-12-00\/\",\"name\":\"Discu\u0163iile lui Ilie Ceau\u015fescu cu sovieticii - 22 decembrie 1989, ora 12.00 -\",\"isPartOf\":{\"@id\":\"https:\/\/desteptati-va.ro\/#website\"},\"primaryImageOfPage\":{\"@id\":\"https:\/\/desteptati-va.ro\/index.php\/2021\/04\/19\/discutiile-lui-ilie-ceausescu-cu-sovieticii-22-decembrie-1989-ora-12-00\/#primaryimage\"},\"image\":{\"@id\":\"https:\/\/desteptati-va.ro\/index.php\/2021\/04\/19\/discutiile-lui-ilie-ceausescu-cu-sovieticii-22-decembrie-1989-ora-12-00\/#primaryimage\"},\"thumbnailUrl\":\"https:\/\/desteptati-va.ro\/wp-content\/uploads\/2021\/04\/Discutii.jpg\",\"datePublished\":\"2021-04-19T06:54:00+00:00\",\"dateModified\":\"2022-01-31T07:33:57+00:00\",\"author\":{\"@id\":\"https:\/\/desteptati-va.ro\/#\/schema\/person\/13182deeebd44920914899f7bb262d6b\"},\"breadcrumb\":{\"@id\":\"https:\/\/desteptati-va.ro\/index.php\/2021\/04\/19\/discutiile-lui-ilie-ceausescu-cu-sovieticii-22-decembrie-1989-ora-12-00\/#breadcrumb\"},\"inLanguage\":\"ro-RO\",\"potentialAction\":[{\"@type\":\"ReadAction\",\"target\":[\"https:\/\/desteptati-va.ro\/index.php\/2021\/04\/19\/discutiile-lui-ilie-ceausescu-cu-sovieticii-22-decembrie-1989-ora-12-00\/\"]}]},{\"@type\":\"ImageObject\",\"inLanguage\":\"ro-RO\",\"@id\":\"https:\/\/desteptati-va.ro\/index.php\/2021\/04\/19\/discutiile-lui-ilie-ceausescu-cu-sovieticii-22-decembrie-1989-ora-12-00\/#primaryimage\",\"url\":\"https:\/\/desteptati-va.ro\/wp-content\/uploads\/2021\/04\/Discutii.jpg\",\"contentUrl\":\"https:\/\/desteptati-va.ro\/wp-content\/uploads\/2021\/04\/Discutii.jpg\",\"width\":300,\"height\":168},{\"@type\":\"BreadcrumbList\",\"@id\":\"https:\/\/desteptati-va.ro\/index.php\/2021\/04\/19\/discutiile-lui-ilie-ceausescu-cu-sovieticii-22-decembrie-1989-ora-12-00\/#breadcrumb\",\"itemListElement\":[{\"@type\":\"ListItem\",\"position\":1,\"name\":\"Prima pagin\u0103\",\"item\":\"https:\/\/desteptati-va.ro\/\"},{\"@type\":\"ListItem\",\"position\":2,\"name\":\"Discu\u0163iile lui Ilie Ceau\u015fescu cu sovieticii &#8211; 22 decembrie 1989, ora 12.00\"}]},{\"@type\":\"WebSite\",\"@id\":\"https:\/\/desteptati-va.ro\/#website\",\"url\":\"https:\/\/desteptati-va.ro\/\",\"name\":\"\",\"description\":\"\",\"potentialAction\":[{\"@type\":\"SearchAction\",\"target\":{\"@type\":\"EntryPoint\",\"urlTemplate\":\"https:\/\/desteptati-va.ro\/?s={search_term_string}\"},\"query-input\":{\"@type\":\"PropertyValueSpecification\",\"valueRequired\":true,\"valueName\":\"search_term_string\"}}],\"inLanguage\":\"ro-RO\"},{\"@type\":\"Person\",\"@id\":\"https:\/\/desteptati-va.ro\/#\/schema\/person\/13182deeebd44920914899f7bb262d6b\",\"name\":\"wolfsoftcompany\",\"image\":{\"@type\":\"ImageObject\",\"inLanguage\":\"ro-RO\",\"@id\":\"https:\/\/desteptati-va.ro\/#\/schema\/person\/image\/\",\"url\":\"https:\/\/secure.gravatar.com\/avatar\/a6cce9b6d101d27d91690e7073e300fed94c0899890bf998e082cb9d2c3d121e?s=96&d=mm&r=g\",\"contentUrl\":\"https:\/\/secure.gravatar.com\/avatar\/a6cce9b6d101d27d91690e7073e300fed94c0899890bf998e082cb9d2c3d121e?s=96&d=mm&r=g\",\"caption\":\"wolfsoftcompany\"},\"sameAs\":[\"http:\/\/desteptati-va.ro\"],\"url\":\"https:\/\/desteptati-va.ro\/index.php\/author\/wolfsoftcompany\/\"}]}<\/script>\r\n<!-- \/ Yoast SEO plugin. -->","yoast_head_json":{"title":"Discu\u0163iile lui Ilie Ceau\u015fescu cu sovieticii - 22 decembrie 1989, ora 12.00 -","robots":{"index":"index","follow":"follow","max-snippet":"max-snippet:-1","max-image-preview":"max-image-preview:large","max-video-preview":"max-video-preview:-1"},"canonical":"https:\/\/desteptati-va.ro\/index.php\/2021\/04\/19\/discutiile-lui-ilie-ceausescu-cu-sovieticii-22-decembrie-1989-ora-12-00\/","og_locale":"ro_RO","og_type":"article","og_title":"Discu\u0163iile lui Ilie Ceau\u015fescu cu sovieticii - 22 decembrie 1989, ora 12.00 -","og_description":"Not\u0103 privind convorbirea dintre general-locotenent Ilie Ceau\u015fescu, adjunct al ministrului Ap\u0103r\u0103rii Na\u0163ionale&nbsp; \u015fi contraamiralul Mihailov, ata\u015fatul militar \u00een Rom\u00e2nia. \u00cent\u00e2lnireaRead More","og_url":"https:\/\/desteptati-va.ro\/index.php\/2021\/04\/19\/discutiile-lui-ilie-ceausescu-cu-sovieticii-22-decembrie-1989-ora-12-00\/","article_published_time":"2021-04-19T06:54:00+00:00","article_modified_time":"2022-01-31T07:33:57+00:00","og_image":[{"width":300,"height":168,"url":"https:\/\/desteptati-va.ro\/wp-content\/uploads\/2021\/04\/Discutii.jpg","type":"image\/jpeg"}],"author":"wolfsoftcompany","twitter_card":"summary_large_image","twitter_misc":{"Scris de":"wolfsoftcompany","Timp estimat pentru citire":"6 minute"},"schema":{"@context":"https:\/\/schema.org","@graph":[{"@type":"Article","@id":"https:\/\/desteptati-va.ro\/index.php\/2021\/04\/19\/discutiile-lui-ilie-ceausescu-cu-sovieticii-22-decembrie-1989-ora-12-00\/#article","isPartOf":{"@id":"https:\/\/desteptati-va.ro\/index.php\/2021\/04\/19\/discutiile-lui-ilie-ceausescu-cu-sovieticii-22-decembrie-1989-ora-12-00\/"},"author":{"name":"wolfsoftcompany","@id":"https:\/\/desteptati-va.ro\/#\/schema\/person\/13182deeebd44920914899f7bb262d6b"},"headline":"Discu\u0163iile lui Ilie Ceau\u015fescu cu sovieticii &#8211; 22 decembrie 1989, ora 12.00","datePublished":"2021-04-19T06:54:00+00:00","dateModified":"2022-01-31T07:33:57+00:00","mainEntityOfPage":{"@id":"https:\/\/desteptati-va.ro\/index.php\/2021\/04\/19\/discutiile-lui-ilie-ceausescu-cu-sovieticii-22-decembrie-1989-ora-12-00\/"},"wordCount":1210,"commentCount":0,"image":{"@id":"https:\/\/desteptati-va.ro\/index.php\/2021\/04\/19\/discutiile-lui-ilie-ceausescu-cu-sovieticii-22-decembrie-1989-ora-12-00\/#primaryimage"},"thumbnailUrl":"https:\/\/desteptati-va.ro\/wp-content\/uploads\/2021\/04\/Discutii.jpg","keywords":["Adunare","Armate","Bociaev","CC","Ceausescu","desteptati","desteptati-va","DIA","Dinu","Dumitru Mircea","Fortele","general","Gheorghe Lungu","Gorbaciov","Ilie","lovitura de stat","Marea","Mihailov","nationala","PCR","revolutie","Securitatea","Sovietica","tradare","Tratat","Unite","Uniunea","URSS","Varsovia"],"articleSection":["Decembrie 89","Revolutie sau Lovitura?"],"inLanguage":"ro-RO","potentialAction":[{"@type":"CommentAction","name":"Comment","target":["https:\/\/desteptati-va.ro\/index.php\/2021\/04\/19\/discutiile-lui-ilie-ceausescu-cu-sovieticii-22-decembrie-1989-ora-12-00\/#respond"]}]},{"@type":"WebPage","@id":"https:\/\/desteptati-va.ro\/index.php\/2021\/04\/19\/discutiile-lui-ilie-ceausescu-cu-sovieticii-22-decembrie-1989-ora-12-00\/","url":"https:\/\/desteptati-va.ro\/index.php\/2021\/04\/19\/discutiile-lui-ilie-ceausescu-cu-sovieticii-22-decembrie-1989-ora-12-00\/","name":"Discu\u0163iile lui Ilie Ceau\u015fescu cu sovieticii - 22 decembrie 1989, ora 12.00 -","isPartOf":{"@id":"https:\/\/desteptati-va.ro\/#website"},"primaryImageOfPage":{"@id":"https:\/\/desteptati-va.ro\/index.php\/2021\/04\/19\/discutiile-lui-ilie-ceausescu-cu-sovieticii-22-decembrie-1989-ora-12-00\/#primaryimage"},"image":{"@id":"https:\/\/desteptati-va.ro\/index.php\/2021\/04\/19\/discutiile-lui-ilie-ceausescu-cu-sovieticii-22-decembrie-1989-ora-12-00\/#primaryimage"},"thumbnailUrl":"https:\/\/desteptati-va.ro\/wp-content\/uploads\/2021\/04\/Discutii.jpg","datePublished":"2021-04-19T06:54:00+00:00","dateModified":"2022-01-31T07:33:57+00:00","author":{"@id":"https:\/\/desteptati-va.ro\/#\/schema\/person\/13182deeebd44920914899f7bb262d6b"},"breadcrumb":{"@id":"https:\/\/desteptati-va.ro\/index.php\/2021\/04\/19\/discutiile-lui-ilie-ceausescu-cu-sovieticii-22-decembrie-1989-ora-12-00\/#breadcrumb"},"inLanguage":"ro-RO","potentialAction":[{"@type":"ReadAction","target":["https:\/\/desteptati-va.ro\/index.php\/2021\/04\/19\/discutiile-lui-ilie-ceausescu-cu-sovieticii-22-decembrie-1989-ora-12-00\/"]}]},{"@type":"ImageObject","inLanguage":"ro-RO","@id":"https:\/\/desteptati-va.ro\/index.php\/2021\/04\/19\/discutiile-lui-ilie-ceausescu-cu-sovieticii-22-decembrie-1989-ora-12-00\/#primaryimage","url":"https:\/\/desteptati-va.ro\/wp-content\/uploads\/2021\/04\/Discutii.jpg","contentUrl":"https:\/\/desteptati-va.ro\/wp-content\/uploads\/2021\/04\/Discutii.jpg","width":300,"height":168},{"@type":"BreadcrumbList","@id":"https:\/\/desteptati-va.ro\/index.php\/2021\/04\/19\/discutiile-lui-ilie-ceausescu-cu-sovieticii-22-decembrie-1989-ora-12-00\/#breadcrumb","itemListElement":[{"@type":"ListItem","position":1,"name":"Prima pagin\u0103","item":"https:\/\/desteptati-va.ro\/"},{"@type":"ListItem","position":2,"name":"Discu\u0163iile lui Ilie Ceau\u015fescu cu sovieticii &#8211; 22 decembrie 1989, ora 12.00"}]},{"@type":"WebSite","@id":"https:\/\/desteptati-va.ro\/#website","url":"https:\/\/desteptati-va.ro\/","name":"","description":"","potentialAction":[{"@type":"SearchAction","target":{"@type":"EntryPoint","urlTemplate":"https:\/\/desteptati-va.ro\/?s={search_term_string}"},"query-input":{"@type":"PropertyValueSpecification","valueRequired":true,"valueName":"search_term_string"}}],"inLanguage":"ro-RO"},{"@type":"Person","@id":"https:\/\/desteptati-va.ro\/#\/schema\/person\/13182deeebd44920914899f7bb262d6b","name":"wolfsoftcompany","image":{"@type":"ImageObject","inLanguage":"ro-RO","@id":"https:\/\/desteptati-va.ro\/#\/schema\/person\/image\/","url":"https:\/\/secure.gravatar.com\/avatar\/a6cce9b6d101d27d91690e7073e300fed94c0899890bf998e082cb9d2c3d121e?s=96&d=mm&r=g","contentUrl":"https:\/\/secure.gravatar.com\/avatar\/a6cce9b6d101d27d91690e7073e300fed94c0899890bf998e082cb9d2c3d121e?s=96&d=mm&r=g","caption":"wolfsoftcompany"},"sameAs":["http:\/\/desteptati-va.ro"],"url":"https:\/\/desteptati-va.ro\/index.php\/author\/wolfsoftcompany\/"}]}},"_links":{"self":[{"href":"https:\/\/desteptati-va.ro\/index.php\/wp-json\/wp\/v2\/posts\/3847","targetHints":{"allow":["GET"]}}],"collection":[{"href":"https:\/\/desteptati-va.ro\/index.php\/wp-json\/wp\/v2\/posts"}],"about":[{"href":"https:\/\/desteptati-va.ro\/index.php\/wp-json\/wp\/v2\/types\/post"}],"author":[{"embeddable":true,"href":"https:\/\/desteptati-va.ro\/index.php\/wp-json\/wp\/v2\/users\/1"}],"replies":[{"embeddable":true,"href":"https:\/\/desteptati-va.ro\/index.php\/wp-json\/wp\/v2\/comments?post=3847"}],"version-history":[{"count":2,"href":"https:\/\/desteptati-va.ro\/index.php\/wp-json\/wp\/v2\/posts\/3847\/revisions"}],"predecessor-version":[{"id":4589,"href":"https:\/\/desteptati-va.ro\/index.php\/wp-json\/wp\/v2\/posts\/3847\/revisions\/4589"}],"wp:featuredmedia":[{"embeddable":true,"href":"https:\/\/desteptati-va.ro\/index.php\/wp-json\/wp\/v2\/media\/4588"}],"wp:attachment":[{"href":"https:\/\/desteptati-va.ro\/index.php\/wp-json\/wp\/v2\/media?parent=3847"}],"wp:term":[{"taxonomy":"category","embeddable":true,"href":"https:\/\/desteptati-va.ro\/index.php\/wp-json\/wp\/v2\/categories?post=3847"},{"taxonomy":"post_tag","embeddable":true,"href":"https:\/\/desteptati-va.ro\/index.php\/wp-json\/wp\/v2\/tags?post=3847"}],"curies":[{"name":"wp","href":"https:\/\/api.w.org\/{rel}","templated":true}]}}