{"id":3854,"date":"2021-04-19T06:59:43","date_gmt":"2021-04-19T06:59:43","guid":{"rendered":"http:\/\/desteptati.ro\/?p=3854"},"modified":"2022-01-31T09:32:11","modified_gmt":"2022-01-31T07:32:11","slug":"intalnirea-lui-bush-cu-gorbaciov-din-decembrie-1989-axa-ialta-malta-via-bucuresti","status":"publish","type":"post","link":"https:\/\/desteptati-va.ro\/index.php\/2021\/04\/19\/intalnirea-lui-bush-cu-gorbaciov-din-decembrie-1989-axa-ialta-malta-via-bucuresti\/","title":{"rendered":"\u00cent\u00e2lnirea lui Bush cu Gorbaciov din decembrie 1989 Axa Ialta-Malta, via Bucure\u015fti"},"content":{"rendered":"<div class=\"post-content\"><div class='booster-block booster-read-block'>\n                <div class=\"twp-read-time\">\n                \t<i class=\"booster-icon twp-clock\"><\/i> <span>Read Time:<\/span>9 Minute, 43 Second                <\/div>\n\n            <\/div><h4 style=\"text-align: justify;\">\u201cO cotitur\u0103 istoric\u0103\u201d \u2013 i-a pl\u0103cut lui Gorbaciov s\u0103-\u015fi intituleze convorbirile avute cu Bush la Malta la 2-3 decembrie 1989. I-a sim\u0163it primul hop \u00een ziua urm\u0103toare, la \u00eentrevederea ob\u0163inut\u0103 prin \u015fantaj de Ceau\u015fescu.<\/h4>\n<h4 style=\"text-align: justify;\">Stenograme, m\u0103rturii, articole din presa vremii, rapoarte declasificate ale serviciilor speciale alc\u0103tuiesc uria\u015ful puzzle al lui decembrie \u201989. \u00cen finalul \u201cr\u0103zboiului rece\u201d, sf\u00e2r\u015fitul comunismului \u015fi haosul tranzi\u0163iei Europei de Est, Ceau\u015fescu a fost pies\u0103 central\u0103.<\/h4>\n<h3><strong>AGENDA LUI GORBACIOV<\/strong><\/h3>\n<h4 style=\"text-align: justify;\">\u00cen 1993, la Paris, Gorbaciov a publicat o parte din interviurile \u015fi stenogramele \u00eent\u00e2lnirilor sale sub incitantul titlu \u201cAvant-memoires\u201d (botezate \u015fi mai comercial, \u00een traducerea editurii Nemira, \u201cMemorii\u201d).<\/h4>\n<h4 style=\"text-align: justify;\">\u201cNu exist\u0103 reformatori ferici\u0163i&#8230;\u201d ofteaz\u0103 \u00een prefa\u0163a lor \u0163arul ce pierduse coroana imperiului destr\u0103mat. \u00cen decembrie 1989, \u00een pofida aglomera\u0163iei din agenda sa, fusese, f\u0103r\u0103 \u00eendoial\u0103, fericit. Gorbaciov schimb\u0103 istoria \u2013 titrau marile agen\u0163ii de pres\u0103 ale lumii urm\u0103rindu-i programul. La 25-26 noiembrie convorbise cu Mitterand, \u00een calitate de reprezentant al Vestului b\u0103tr\u00e2nului continent. \u00cen prima zi a lui decembrie \u2013 alt\u0103 \u00eent\u00e2lnire istoric\u0103: la Vatican, cu Papa Ioan Paul al II-lea. De-aici, direc\u0163ia Malta. Dou\u0103 zile (2-3 decembrie), la bordul vasului sovietic Maxim Gorki r\u0103spunde invita\u0163iei pre\u015fedintelui american George Bush de-a convorbi. Cu vitez\u0103 maxim\u0103 zboar\u0103 apoi c\u0103tre Moscova c\u0103ci la 4 decembrie a programat \u00eent\u00e2lnirea Tratatului de la Var\u015fovia. \u00cen aceea\u015fi zi, are o lung\u0103 convorbire cu Ceau\u015fescu iar a doua zi cu noul lider bulgar Petar Mladenov. M\u00e2ndru probabil de reprezentantul noii galerii de reformatori (bulgarul fiindu-i coleg de studen\u0163ie la Moscova), Gorbaciov \u015fi-a publicat \u00een \u201cAvant-memorii\u201d convorbirea cu Mladenov. Discu\u0163ia cu Ceau\u015fescu o trece \u00eens\u0103 sub t\u0103cere.<\/h4>\n<h3 style=\"text-align: justify;\"><strong>\u00ceNTRE VOCEA AMERICII \u015eI SC\u0102NTEIA<\/strong><\/h3>\n<h4 style=\"text-align: justify;\">Din lectura comunicatului Sc\u00e2nteii din 4 decembrie 1989 \u2013 convenit, conform cutumelor, de to\u0163i participan\u0163ii \u2013, reiese c\u0103 osteneala \u015fedin\u0163ei de la Moscova e pu\u0163in meritat\u0103. Reprezentan\u0163ii Uniunii Sovietice, Cehoslovaciei, Ungariei, Bulgariei, Poloniei, Germaniei de Est \u015fi Rom\u00e2niei veniser\u0103 \u00een capitala \u201cImperiului Ro\u015fu\u201d s\u0103 declare c\u0103 invazia Cehoslovaciei din 1968 fusese o imixtiune \u00een treburile interne ale altui popor. Pe viitor \u2013 se angajau ei \u2013 vor fi folosite \u201cnumai mijloace politice pentru reglementarea oric\u0103ror probleme\u201d.\nCu referire la acea \u00eent\u00e2lnire, politologii \u015fi istoricii au preluat, \u00een general, relatarea consilierilor lui Bush, M.R. Beshloss \u015fi S. Talbot. De\u015fi n-aveau cum s\u0103 fie ace\u015ftia surs\u0103 direct\u0103 la Moscova! Ei informeaz\u0103 de \u201cagita\u0163ia\u201d lui Ceau\u015fescu printre ceilal\u0163i. \u201cTiranul stalinist\u201d se pl\u00e2nge de ofensiva americanilor \u015fi vest-europenilor pentru lichidarea comunismului. \u015ei propune o nou\u0103 reuniune a Pactului la Bucure\u015fti ca s\u0103 elaboreze \u201ccontra-ofensiva\u201d.<\/h4>\n<h4 style=\"text-align: justify;\">O informa\u0163ie inexact\u0103 chiar sub raportul practicile comuniste c\u0103ci problemele \u201cconstruc\u0163iei de partid\u201d nu se discutau \u00een reuniuni militare ci \u00een consf\u0103tuiri interna\u0163ionale ale partidelor. \u201cAgita\u0163ia\u201d din plenul reuniunii are alte (\u00eentemeiate) motive: Ceau\u015fescu refuz\u0103 s\u0103-\u015fi toarne cenu\u015f\u0103 \u00een cap pentru invazia Cehoslovaciei deoarece o condamnase \u00een momentul evenimentului.<\/h4>\n<h4><strong>\u015eANTAJUL LUI CEAU\u015eESCU<\/strong><\/h4>\n<h4 style=\"text-align: justify;\">Conform coresponden\u0163ei de la Cancelaria CC a PCR \u015fi m\u0103rturiilor lui Ion Stoian, ministru de Externe al Rom\u00e2niei \u00een 1989, reuniunea Tratatului de la Var\u015fovia din 4 decembrie s-a produs \u00een circumstan\u0163ele celorlalte \u00eentrevederi avute de Gorbaciov. Scurt timp dup\u0103 congresul al XIV-lea al PCR, liderii rom\u00e2ni au fost oficial anun\u0163a\u0163i de \u00eent\u00e2lnirea dintre Gorbaciov \u015fi Bush la Malta. \u201cAm primit o scrisoare din partea lui Gorbaciov c\u0103tre N. Ceau\u015fescu \u2013 relateaz\u0103 Stoian \u2013 \u00een care informa \u00een termeni foarte generali, despre scopul \u00eent\u00e2lnirii \u015fi propunea o \u00eent\u00e2lnire la Moscova pentru 4 decembrie, \u00een care Gorbaciov va face o informare despre cele discutate \u015fi rezultatele \u00eent\u00e2lnirii sale cu Bush.\u201d<\/h4>\n<h4 style=\"text-align: justify;\">Ceau\u015fescu i-a cerut o discu\u0163ie separat\u0103 lui Gorbaciov, condi\u0163ion\u00e2nd de aceasta prezen\u0163a sa la Moscova. \u201cA\u015fa s-a n\u0103scut \u00eent\u00e2lnirea dintre Ceau\u015fescu \u015fi M.Gorbaciov din 4 decembrie 1989\u201d, a declarat \u015feful diploma\u0163iei rom\u00e2ne\u015fti din acea vreme. Adic\u0103 prin \u015fantaj!<\/h4>\n<h4 style=\"text-align: justify;\">De ce a dat \u00eens\u0103 Gorbaciov curs preten\u0163iilor \u201ctiranului\u201d? Scopul oficial al \u00eent\u00e2lnirii Tratatului fusese alt\u0103 ini\u0163iativ\u0103 reformatoare a liderului sovietic. Departaj\u00e2ndu-se de \u201cexpansionismul\u201d militar al predecesorilor prin condamnarea invaziei din Cehoslovacia, putea el, oare, s\u0103 ri\u015fte un protest public din partea lui Ceau\u015fescu?! Impetuosul erou din vara lui 1968 putea azv\u00e2rli pe masa reformatorului \u015fi al\u0163i a\u015fi. Gorbaciov \u00ee\u015fi asuma, bun\u0103oar\u0103, misiunea de pacifist al planetei, \u00eens\u0103 statisticile privind cheltuielile militare, publicate ulterior, \u00eel scot pe Ceau\u015fescu \u201ccampionul\u201d anilor \u201988-\u201989 \u00een micimea contribu\u0163iei la blocurile militare: Rom\u00e2nia aloca 3% din bugetul na\u0163ional, \u00een vreme ce URSS nu cobor\u00e2se sub 30%!<\/h4>\n<h4><strong>ADEV\u0102RURI JIGNITOARE<\/strong><\/h4>\n<h4 style=\"text-align: justify;\">Gorbaciov n-a povestit niciodat\u0103 c\u00e2t \u00eel \u00eenfuriase Ceau\u015fescu \u00een \u00eent\u00e2lnirea cu membrii Tratatului de la Var\u015fovia. Putem s\u0103 ne imagin\u0103m confrunt\u00e2nd relat\u0103rile unor martori (oficiali \u015fi translatori) cu stenogramele puse \u00een circuit pe diverse c\u0103i.<\/h4>\n<h4 style=\"text-align: justify;\">Ceau\u015fescu mersese la Moscova \u00eenso\u0163it de primul ministru Constantin D\u0103sc\u0103lescu (\u015fi el \u2013 un fost student la Moscova!), de Ion Stoian \u015fi de Constantin Olteanu. Cu memoria evenimentului \u00eenc\u0103 vie, Stoian relata \u00een \u201990 c\u0103 Gorbaciov \u00eencepuse prin a-i informa pe reprezentan\u0163ii Tratatului de la Var\u015fovia despre \u00eent\u00e2lnirile cu Bush \u015fi cu Papa. Era evident din insisten\u0163ele asupra discu\u0163iilor cu Papa, subliniaz\u0103 martorul, c\u0103 Gorbaciov voia s\u0103 vorbeasc\u0103 pu\u0163in despre Bush.<\/h4>\n<h4 style=\"text-align: justify;\">Apoi s-a trecut la tema anun\u0163at\u0103 presei \u2013 o \u201cnou\u0103\u201d declara\u0163ie asupra invaziei din 1968. \u00cen relatarea aceleia\u015fi surse, \u015fedin\u0163a a decurs astfel: \u201cSuntem aici cu to\u0163ii \u2013 men\u0163iona Gorbaciov \u2013 cei care am fost implica\u0163i atunci, mai pu\u0163in Rom\u00e2nia care a ie\u015fit din aceast\u0103 chestiune. Pe loc N. Ceau\u015fescu l-a intrerupt pe Gorbaciov cu scuzele de rigoare spun\u00e2nd: Nu-i adev\u0103rat, Rom\u00e2nia nu a ie\u015fit din aceast\u0103 problem\u0103, Rom\u00e2nia nu a intrat \u00een Cehoslovacia, a\u015fa c\u0103 nu avea de unde s\u0103 ias\u0103\u201d.<\/h4>\n<h4 style=\"text-align: justify;\">S-au purtat apoi discu\u0163ii pe textul prezentat de Gorbaciov. Cele mai multe sugestii le-a f\u0103cut Ceau\u015fescu. Liderul rom\u00e2n \u201ci-a atras aten\u0163ia\u201d lui Gorbaciov \u015fi asupra chestiunii mai de actualitate a retragerii trupelor sovietice ce \u00eenc\u0103 sta\u0163ionau \u00een Cehoslovacia.<\/h4>\n<h4 style=\"text-align: justify;\">Aceasta este o chestiune bilateral\u0103 \u2013 a interzis Gorbaciov subiectul. \u201cDa, \u015ftiu, a spus Ceau\u015fescu, este un accord bilateral \u00eencheiat dup\u0103 ocuparea Cehoslovaciei\u201d, poveste\u015fte martorul. \u201c\u00cen aceast\u0103 problem\u0103 cu dumneavostr\u0103 nu ne putem \u00een\u0163elege\u201d, a mai zis Mihail Gorbaciov, iar Ceau\u015fescu s-a declarat de acord cu observa\u0163ia lui.<\/h4>\n<h3><strong>\u201cCOTITURA\u201d MALTEI<\/strong><\/h3>\n<h4 style=\"text-align: justify;\">\u00cen pofida a nenum\u0103rate analize \u015fi specula\u0163ii asupra \u00een\u0163elegerilor dintre liderii superputerilor lumii din \u201989, dispunem doar de versiunea sovietic\u0103 a stenogramelor. A\u015fa cum le-a publicat Gorbaciov.<\/h4>\n<h4 style=\"text-align: justify;\">Importan\u0163a \u00eentrevederii este astfel evaluat\u0103 de protagoni\u015ftii \u00een\u015fi\u015fi. Gorbaciov o nume\u015fte \u201ccotitur\u0103 istoric\u0103\u201d \u015fi tot el face asocierea cu Ialta (\u201c\u00eendat\u0103 ce \u00eencepem tratativele, se aud glasuri care strig\u0103 \u00abo nou\u0103 Ialta\u00bb\u201c!).<\/h4>\n<h4 style=\"text-align: justify;\">Au vorbit cei doi expres despre Ceau\u015fescu ori Rom\u00e2nia? \u00centervieva\u0163i \u00een diferite \u00eemprejur\u0103ri, \u015fi Gorbaciov \u015fi Bush au dat acela\u015fi diplomatic r\u0103spuns: \u201cnu-mi amintesc\u201d. Cert este c\u0103 anumite momente ale \u00eentrevederii n-au fost consemnate (fiind \u201c\u00eentre patru ochi\u201d) \u015fi anumite pasaje \u00eenregistrate n-au fost f\u0103cute publice \u00eenc\u0103. S-au delimitat \u015fi aici \u201csfere de influen\u0163\u0103\u201d? \u201cNu urm\u0103rim nici un \u0163el \u00een America Central\u0103, nu dorim s\u0103 cucerim baze pentru arme \u015fi nici puncte de sprijin\u201d, promite, spre exemplu, Gorbaciov, certific\u00e2nd ipoteza. \u201cAm apreciat mult reac\u0163ia pe care a avut-o Uniunea Sovietic\u0103 \u015fi dvs. personal fa\u0163\u0103 de aceste schimb\u0103ri dinamice \u015fi \u00een acela\u015fi timp fundamentale\u201d, spune Bush referindu-se la Europa.<\/h4>\n<h4 style=\"text-align: justify;\">\u00cen mesajul adresat sovieticilor \u00een prima noapte a lui \u201989, lideul sovietic promisese c\u0103 p\u00e2n\u0103 la sf\u00e2r\u015fitul anului \u201cr\u0103zboiul rece\u201d va sf\u00e2r\u015fi. Din timpul propus, r\u0103m\u0103sese atunci mai pu\u0163in de o lun\u0103. Rezista, inutil, Ceau\u015fescu.<\/h4>\n<h3><strong>INCENDIUL DE-ACAS\u0102\u2026<\/strong><\/h3>\n<h4 style=\"text-align: justify;\">Constat\u00e2nd \u00een \u00eentrevederea bilateral\u0103 cu Gorbaciov c\u0103 acesta nu-i va livra tot \u0163i\u0163eiul contractat, imediat ce revine acas\u0103, Ceau\u015fescu \u00ee\u015fi anun\u0163\u0103 vizita (fatal\u0103) \u00een Iran. Convenise acolo \u2013 urgent \u00een penuria energetic\u0103 a Rom\u00e2niei! \u2013 un import de \u0163i\u0163ei de 5 milioane de tone cu posibilitatea cre\u015fterii sale. Rom\u00e2nia urma s\u0103 pl\u0103teasc\u0103 \u00een tractoare, m\u0103rturise\u015fte Stoian.<\/h4>\n<h4 style=\"text-align: justify;\">Era Ceau\u015fescu informat c\u0103 \u00een jurul s\u0103u se str\u00e2ngea la\u0163ul? Cei din apropierea sa \u015fi capii serviciilor speciale r\u0103spund afirmativ. \u00cen \u201crezisten\u0163a\u201d sa, pe ce se mai baza Ceau\u015fescu? Urm\u0103rindu-i contactele, se pare c\u0103 repeta strategia rodat\u0103 \u00een \u201968 \u2013 prietenia cu chinezii \u015fi nord-coreenii. C\u0103ci \u00een mai, ambasadorul Chinei la Bucure\u015fti \u00eei prezentase o informare din partea liderului Zhao Ziyang privind perestroika. China respect\u0103 dreptul fiec\u0103rui popor de a-\u015fi alege calea dar \u201cnu va introduce niciodat\u0103 formele reformiste pe care URSS le aplic\u0103\u201d, spunea, \u00een esen\u0163\u0103, aceasta. Imediat ce sose\u015fte de la Moscova, Ceau\u015fescu \u00eel prime\u015fte \u015fi pe ambasadorul nord-coreean. \u00cen comunicatul oficial comun declar\u0103 \u201ccombaterea ferm\u0103 a oric\u0103ror ac\u0163iuni ale cercurilor imperialiste de amestec \u00een treburile interne ale altor popoare, de destabilizare din \u0163\u0103rile socialiste \u015fi din alte regiuni ale lumii.\u201d<\/h4>\n<h4 style=\"text-align: justify;\">Dar \u201cfocul de-acas\u0103 \u00eel stingi cu vecinii, nu cu prietenii de departe\u201d, \u00eei spusese Mao c\u00e2ndva prietenului rom\u00e2n. \u00cens\u0103 comorile \u00een\u0163elepciunii altora nu le-a pre\u0163uit niciodat\u0103 \u00eendeajuns Nicolae Ceau\u015fescu.<\/h4>\n<h4 style=\"text-align: justify;\">\u201c\u00cen 1990 s-ar fi \u00eemplinit un sfert de veac de la Congresul IX. Ceau\u015fescu voia s\u0103 s\u0103rb\u0103toreasc\u0103 printr-o mare adunare popular\u0103, cu participare interna\u0163ional\u0103, \u00een locul ce-i zice acum Pia\u0163a Constitu\u0163iei. Voia ca p\u00e2n\u0103 atunci s\u0103 finalizeze toate marile construc\u0163ii \u2013 Casa Poporului, Academia, Casa Radio, Biblioteca&#8230; S\u0103 arate lumii superioritatea sistemului s\u0103u socialist.\u201d\ngen. (r) Ion Comansecretar al CC al PCR \u00een 1989<\/h4>\n<h3><strong>Efecte colaterale ale \u00eent\u00e2lnirii Bush-Gorbaciov<\/strong><\/h3>\n<h4 style=\"text-align: justify;\">Conform raportului Serviciului de Informa\u0163ii Externe al Securit\u0103\u0163ii, \u00eentocmit chiar \u00een prima zi a \u00eent\u00e2lnirii de la Malta, pre\u015fedintele Americii, George Bush, declara \u00eentr-un interviu cu referire la Rom\u00e2nia: \u201cA\u015f dori s\u0103 v\u0103d unele ac\u0163iuni \u015fi \u00een aceast\u0103 \u0163ar\u0103. Nu \u015ftiu c\u00e2nd se va \u00eent\u00e2mpla acest lucru. Am trimis \u00een Rom\u00e2nia un nou ambasador, Alan Green, care \u00eemi este prieten. L-am trimis \u00een Rom\u00e2nia tocmai pentru c\u0103 este un om ferm \u015fi intransigent care cunoa\u015fte bine p\u0103rerile mele despre democra\u0163ie \u015fi libertate. Cred c\u0103 Alan Green a plecat la 29 noiembrie 1989 spre Rom\u00e2nia \u015fi el va prezenta punctul nostru de vedere, al meu personal, pre\u015fedintelui Nicolae Ceau\u015fescu. \u00cen orice caz vom \u00eencerca, dar va fi foarte greu.\u201d Acela\u015fi departament raportase cu o zi \u00eenainte c\u0103 \u00een cadrul consult\u0103rilor cu administra\u0163ia de la Washington, guvernele Angliei, Fran\u0163ei, RFG \u015fi Italiei au insistat pentru \u201crespectarea de c\u0103tre Statele Unite ale Americii a \u00een\u0163elegerilor convenite anterior cu statele vest-europene, ca fiecare dintre acestea s\u0103 aib\u0103 un rol sporit \u00een influen\u0163area situa\u0163iei din Europa de Est, astfel \u00eenc\u00e2t s\u0103-\u015fi asigure promovarea propriilor interese pe termen lung \u00een aceast\u0103 zon\u0103\u201d.<\/h4>\n<h3><strong>Via\u0163\u0103 \u015fi roman \u2013 \u201cmemoriile\u201d unui spion sovietic<\/strong><\/h3>\n<h4 style=\"text-align: justify;\">Gata tradus\u0103 \u015fi preg\u0103tit\u0103 de editare se afl\u0103 o carte \u201cde fic\u0163iune\u201d ce va st\u00e2rni, f\u0103r\u0103 \u00eendoial\u0103 v\u00e2lv\u0103 \u00een Rom\u00e2nia. \u00cen \u201cBezn\u0103 sub soare\u201d, scriitorul azer Cinghiz Abdulaev prezint\u0103 \u015fi \u201cr\u0103scoala din decembrie \u201989\u201d. Abdulaev se afla atunci la Bucure\u015fti ca ofi\u0163er \u00een contraspionajul militar sovietic. \u00cen 1990 a fost declarat \u201cpersona non grata\u201d \u00een Rom\u00e2nia. Generalul (r) Victor Atanasie St\u0103nculescu \u2013 unul dintre personajele c\u0103r\u0163ii \u2013 a scris post-fa\u0163a versiunii \u00een limba rom\u00e2n\u0103. Coment\u00e2ndu-i con\u0163inutul, St\u0103nculescu men\u0163ioneaz\u0103: \u201cDe remarcat faptul c\u0103 unele grupuri speciale au sosit \u00een Rom\u00e2nia la ordinul dat de pre\u015fedintele KGB de atunci Kriucikov. Pentru p\u0103strarea secretului deosebit al acestor ac\u0163iuni se subliniaz\u0103, ca un fapt deosebit, c\u0103 \u201cdespre sosirea lor \u00een Rom\u00e2nia nu \u015ftia nimeni, nici chiar ambasadorul sovietic la Bucure\u015fti \u015fi nici chiar rezidentul KGB \u00een Rom\u00e2nia\u201d (&#8230;) Misiunea lor era marcat\u0103, de sublinierea pe care o face autorul, de genul \u201c\u00ee\u0163i dai seama ce vor scrie ziarele din \u00eentreaga lume dac\u0103 un singur om de-al t\u0103u va e\u015fua sau va r\u0103m\u00e2ne lungit pe caldar\u00e2m, \u00een rol de cadavru\u201d sau executarea unor misiuni, ca provocarea dezordinii \u015fi chiar amestecul \u00een mul\u0163imea care participa la mitingurile respective. Este de re\u0163inut con\u0163inutul misiunii descris\u0103 de principalii agen\u0163i care ac\u0163ionau la noi de a-l \u00eenlocui pe Ceau\u015fescu cu o persoan\u0103 mai pu\u0163in odioas\u0103 \u015fi loial\u0103 \u0163\u0103rii lor\u201d.<\/h4>\n<h4><em>Articol publicat \u00een <a href=\"http:\/\/www.jurnalul.ro\/campaniile-jurnalul\/jurnalul-national\/intalnirea-cu-gorbaciov-din-decembrie-89-axa-ialta-malta-via-bucuresti-140558.html\" target=\"_blank\" rel=\"noopener\">Jurnalul.ro<\/a>\nde catre: LAVINIA BETEA in data de 9 decembrie 2008.\n<\/em><\/h4>        <div class=\"booster-block booster-reactions-block\">\n            <div class=\"twp-reactions-icons\">\n                \n                <div class=\"twp-reacts-wrap\">\n                    <a react-data=\"be-react-1\" post-id=\"3854\" class=\"be-face-icons un-reacted\" href=\"javascript:void(0)\">\n                        <img decoding=\"async\" src=\"https:\/\/desteptati-va.ro\/wp-content\/plugins\/booster-extension\/\/assets\/icon\/happy.svg\" alt=\"Happy\">\n                    <\/a>\n                    <div class=\"twp-reaction-title\">\n                        Happy                    <\/div>\n                    <div class=\"twp-count-percent\">\n                                                    <span style=\"display: none;\" class=\"twp-react-count\">0<\/span>\n                        \n                                                <span class=\"twp-react-percent\"><span>0<\/span> %<\/span>\n                                            <\/div>\n                <\/div>\n\n                <div class=\"twp-reacts-wrap\">\n                    <a react-data=\"be-react-2\" post-id=\"3854\" class=\"be-face-icons un-reacted\" href=\"javascript:void(0)\">\n                        <img decoding=\"async\" src=\"https:\/\/desteptati-va.ro\/wp-content\/plugins\/booster-extension\/\/assets\/icon\/sad.svg\" alt=\"Sad\">\n                    <\/a>\n                    <div class=\"twp-reaction-title\">\n                        Sad                    <\/div>\n                    <div class=\"twp-count-percent\">\n                                                    <span style=\"display: none;\" class=\"twp-react-count\">0<\/span>\n                                                                        <span class=\"twp-react-percent\"><span>0<\/span> %<\/span>\n                                            <\/div>\n                <\/div>\n\n                <div class=\"twp-reacts-wrap\">\n                    <a react-data=\"be-react-3\" post-id=\"3854\" class=\"be-face-icons un-reacted\" href=\"javascript:void(0)\">\n                        <img decoding=\"async\" src=\"https:\/\/desteptati-va.ro\/wp-content\/plugins\/booster-extension\/\/assets\/icon\/excited.svg\" alt=\"Excited\">\n                    <\/a>\n                    <div class=\"twp-reaction-title\">\n                        Excited                    <\/div>\n                    <div class=\"twp-count-percent\">\n                                                    <span style=\"display: none;\" class=\"twp-react-count\">0<\/span>\n                                                                        <span class=\"twp-react-percent\"><span>0<\/span> %<\/span>\n                                            <\/div>\n                <\/div>\n\n                <div class=\"twp-reacts-wrap\">\n                    <a react-data=\"be-react-6\" post-id=\"3854\" class=\"be-face-icons un-reacted\" href=\"javascript:void(0)\">\n                        <img decoding=\"async\" src=\"https:\/\/desteptati-va.ro\/wp-content\/plugins\/booster-extension\/\/assets\/icon\/sleepy.svg\" alt=\"Sleepy\">\n                    <\/a>\n                    <div class=\"twp-reaction-title\">\n                        Sleepy                    <\/div>\n                    <div class=\"twp-count-percent\">\n                                                    <span style=\"display: none;\" class=\"twp-react-count\">0<\/span>\n                        \n                                                <span class=\"twp-react-percent\"><span>0<\/span> %<\/span>\n                                            <\/div>\n                <\/div>\n\n                <div class=\"twp-reacts-wrap\">\n                    <a react-data=\"be-react-4\" post-id=\"3854\" class=\"be-face-icons un-reacted\" href=\"javascript:void(0)\">\n                        <img decoding=\"async\" src=\"https:\/\/desteptati-va.ro\/wp-content\/plugins\/booster-extension\/\/assets\/icon\/angry.svg\" alt=\"Angry\">\n                    <\/a>\n                    <div class=\"twp-reaction-title\">Angry<\/div>\n                    <div class=\"twp-count-percent\">\n                                                    <span style=\"display: none;\" class=\"twp-react-count\">0<\/span>\n                                                                        <span class=\"twp-react-percent\"><span>0<\/span> %<\/span>\n                        \n                    <\/div>\n                <\/div>\n\n                <div class=\"twp-reacts-wrap\">\n                    <a react-data=\"be-react-5\" post-id=\"3854\" class=\"be-face-icons un-reacted\" href=\"javascript:void(0)\">\n                        <img decoding=\"async\" src=\"https:\/\/desteptati-va.ro\/wp-content\/plugins\/booster-extension\/\/assets\/icon\/surprise.svg\" alt=\"Surprise\">\n                    <\/a>\n                    <div class=\"twp-reaction-title\">Surprise<\/div>\n                    <div class=\"twp-count-percent\">\n                                                    <span style=\"display: none;\" class=\"twp-react-count\">0<\/span>\n                                                                        <span class=\"twp-react-percent\"><span>0<\/span> %<\/span>\n                                            <\/div>\n                <\/div>\n\n            <\/div>\n        <\/div>\n\n    <\/div>","protected":false},"excerpt":{"rendered":"<p>\u201cO cotitur\u0103 istoric\u0103\u201d \u2013 i-a pl\u0103cut lui Gorbaciov s\u0103-\u015fi intituleze convorbirile avute cu Bush la Malta la 2-3 decembrie 1989.<a href=\"https:\/\/desteptati-va.ro\/index.php\/2021\/04\/19\/intalnirea-lui-bush-cu-gorbaciov-din-decembrie-1989-axa-ialta-malta-via-bucuresti\/\">Read More<i class=\"fa fa-long-arrow-right\" aria-hidden=\"true\"><\/i><\/a><\/p>\n","protected":false},"author":1,"featured_media":4586,"comment_status":"open","ping_status":"open","sticky":false,"template":"","format":"standard","meta":{"_crdt_document":"","footnotes":""},"categories":[3,8],"tags":[872,663,1099,653,59,60,1100,448,154,667,1101,262,1097,1102,474,410],"class_list":["post-3854","post","type-post","status-publish","format-standard","has-post-thumbnail","hentry","category-decembrie-89","category-revolutie-sau-lovitura","tag-bush","tag-ceausescu","tag-china","tag-decembrie-89","tag-desteptati","tag-desteptati-va","tag-europa-de-est","tag-gorbaciov","tag-istorie","tag-malta","tag-mitterand","tag-moscova","tag-perestroika","tag-razboiul-rece","tag-stenograme","tag-vatican"],"rise-blocks_total_comments":0,"rise-blocks_categories":[{"term_id":8,"name":"Revolutie sau Lovitura?","slug":"revolutie-sau-lovitura","term_group":0,"term_taxonomy_id":8,"taxonomy":"category","description":"","parent":3,"count":10,"filter":"raw"}],"rise-blocks_excerpt":"\u201cO cotitur\u0103 istoric\u0103\u201d \u2013 i-a pl\u0103cut lui Gorbaciov s\u0103-\u015fi intituleze convorbirile avute cu Bush la Malta la 2-3 decembrie 1989. I-a sim\u0163it primul hop \u00een ziua urm\u0103toare, la \u00eentrevederea ob\u0163inut\u0103 prin \u015fantaj de Ceau\u015fescu. Stenograme, m\u0103rturii, articole din presa vremii, rapoarte declasificate ale serviciilor speciale alc\u0103tuiesc uria\u015ful puzzle al lui decembrie \u201989. \u00cen finalul \u201cr\u0103zboiului rece\u201d, sf\u00e2r\u015fitul comunismului \u015fi haosul..","yoast_head":"<!-- This site is optimized with the Yoast SEO plugin v26.9 - https:\/\/yoast.com\/product\/yoast-seo-wordpress\/ -->\r\n<title>\u00cent\u00e2lnirea lui Bush cu Gorbaciov din decembrie 1989 Axa Ialta-Malta, via Bucure\u015fti -<\/title>\r\n<meta name=\"robots\" content=\"index, follow, max-snippet:-1, max-image-preview:large, max-video-preview:-1\" \/>\r\n<link rel=\"canonical\" href=\"https:\/\/desteptati-va.ro\/index.php\/2021\/04\/19\/intalnirea-lui-bush-cu-gorbaciov-din-decembrie-1989-axa-ialta-malta-via-bucuresti\/\" \/>\r\n<meta property=\"og:locale\" content=\"ro_RO\" \/>\r\n<meta property=\"og:type\" content=\"article\" \/>\r\n<meta property=\"og:title\" content=\"\u00cent\u00e2lnirea lui Bush cu Gorbaciov din decembrie 1989 Axa Ialta-Malta, via Bucure\u015fti -\" \/>\r\n<meta property=\"og:description\" content=\"\u201cO cotitur\u0103 istoric\u0103\u201d \u2013 i-a pl\u0103cut lui Gorbaciov s\u0103-\u015fi intituleze convorbirile avute cu Bush la Malta la 2-3 decembrie 1989.Read More\" \/>\r\n<meta property=\"og:url\" content=\"https:\/\/desteptati-va.ro\/index.php\/2021\/04\/19\/intalnirea-lui-bush-cu-gorbaciov-din-decembrie-1989-axa-ialta-malta-via-bucuresti\/\" \/>\r\n<meta property=\"article:published_time\" content=\"2021-04-19T06:59:43+00:00\" \/>\r\n<meta property=\"article:modified_time\" content=\"2022-01-31T07:32:11+00:00\" \/>\r\n<meta property=\"og:image\" content=\"https:\/\/desteptati-va.ro\/wp-content\/uploads\/2021\/04\/Bush-Gorbaciov.jpg\" \/>\r\n\t<meta property=\"og:image:width\" content=\"290\" \/>\r\n\t<meta property=\"og:image:height\" content=\"174\" \/>\r\n\t<meta property=\"og:image:type\" content=\"image\/jpeg\" \/>\r\n<meta name=\"author\" content=\"wolfsoftcompany\" \/>\r\n<meta name=\"twitter:card\" content=\"summary_large_image\" \/>\r\n<meta name=\"twitter:label1\" content=\"Scris de\" \/>\n\t<meta name=\"twitter:data1\" content=\"wolfsoftcompany\" \/>\n\t<meta name=\"twitter:label2\" content=\"Timp estimat pentru citire\" \/>\n\t<meta name=\"twitter:data2\" content=\"11 minute\" \/>\r\n<script type=\"application\/ld+json\" class=\"yoast-schema-graph\">{\"@context\":\"https:\/\/schema.org\",\"@graph\":[{\"@type\":\"Article\",\"@id\":\"https:\/\/desteptati-va.ro\/index.php\/2021\/04\/19\/intalnirea-lui-bush-cu-gorbaciov-din-decembrie-1989-axa-ialta-malta-via-bucuresti\/#article\",\"isPartOf\":{\"@id\":\"https:\/\/desteptati-va.ro\/index.php\/2021\/04\/19\/intalnirea-lui-bush-cu-gorbaciov-din-decembrie-1989-axa-ialta-malta-via-bucuresti\/\"},\"author\":{\"name\":\"wolfsoftcompany\",\"@id\":\"https:\/\/desteptati-va.ro\/#\/schema\/person\/13182deeebd44920914899f7bb262d6b\"},\"headline\":\"\u00cent\u00e2lnirea lui Bush cu Gorbaciov din decembrie 1989 Axa Ialta-Malta, via Bucure\u015fti\",\"datePublished\":\"2021-04-19T06:59:43+00:00\",\"dateModified\":\"2022-01-31T07:32:11+00:00\",\"mainEntityOfPage\":{\"@id\":\"https:\/\/desteptati-va.ro\/index.php\/2021\/04\/19\/intalnirea-lui-bush-cu-gorbaciov-din-decembrie-1989-axa-ialta-malta-via-bucuresti\/\"},\"wordCount\":2163,\"commentCount\":0,\"image\":{\"@id\":\"https:\/\/desteptati-va.ro\/index.php\/2021\/04\/19\/intalnirea-lui-bush-cu-gorbaciov-din-decembrie-1989-axa-ialta-malta-via-bucuresti\/#primaryimage\"},\"thumbnailUrl\":\"https:\/\/desteptati-va.ro\/wp-content\/uploads\/2021\/04\/Bush-Gorbaciov.jpg\",\"keywords\":[\"Bush\",\"Ceausescu\",\"China\",\"decembrie 89\",\"desteptati\",\"desteptati-va\",\"Europa de Est\",\"Gorbaciov\",\"istorie\",\"Malta\",\"Mitterand\",\"Moscova\",\"perestroika\",\"razboiul rece\",\"Stenograme\",\"Vatican\"],\"articleSection\":[\"Decembrie 89\",\"Revolutie sau Lovitura?\"],\"inLanguage\":\"ro-RO\",\"potentialAction\":[{\"@type\":\"CommentAction\",\"name\":\"Comment\",\"target\":[\"https:\/\/desteptati-va.ro\/index.php\/2021\/04\/19\/intalnirea-lui-bush-cu-gorbaciov-din-decembrie-1989-axa-ialta-malta-via-bucuresti\/#respond\"]}]},{\"@type\":\"WebPage\",\"@id\":\"https:\/\/desteptati-va.ro\/index.php\/2021\/04\/19\/intalnirea-lui-bush-cu-gorbaciov-din-decembrie-1989-axa-ialta-malta-via-bucuresti\/\",\"url\":\"https:\/\/desteptati-va.ro\/index.php\/2021\/04\/19\/intalnirea-lui-bush-cu-gorbaciov-din-decembrie-1989-axa-ialta-malta-via-bucuresti\/\",\"name\":\"\u00cent\u00e2lnirea lui Bush cu Gorbaciov din decembrie 1989 Axa Ialta-Malta, via Bucure\u015fti -\",\"isPartOf\":{\"@id\":\"https:\/\/desteptati-va.ro\/#website\"},\"primaryImageOfPage\":{\"@id\":\"https:\/\/desteptati-va.ro\/index.php\/2021\/04\/19\/intalnirea-lui-bush-cu-gorbaciov-din-decembrie-1989-axa-ialta-malta-via-bucuresti\/#primaryimage\"},\"image\":{\"@id\":\"https:\/\/desteptati-va.ro\/index.php\/2021\/04\/19\/intalnirea-lui-bush-cu-gorbaciov-din-decembrie-1989-axa-ialta-malta-via-bucuresti\/#primaryimage\"},\"thumbnailUrl\":\"https:\/\/desteptati-va.ro\/wp-content\/uploads\/2021\/04\/Bush-Gorbaciov.jpg\",\"datePublished\":\"2021-04-19T06:59:43+00:00\",\"dateModified\":\"2022-01-31T07:32:11+00:00\",\"author\":{\"@id\":\"https:\/\/desteptati-va.ro\/#\/schema\/person\/13182deeebd44920914899f7bb262d6b\"},\"breadcrumb\":{\"@id\":\"https:\/\/desteptati-va.ro\/index.php\/2021\/04\/19\/intalnirea-lui-bush-cu-gorbaciov-din-decembrie-1989-axa-ialta-malta-via-bucuresti\/#breadcrumb\"},\"inLanguage\":\"ro-RO\",\"potentialAction\":[{\"@type\":\"ReadAction\",\"target\":[\"https:\/\/desteptati-va.ro\/index.php\/2021\/04\/19\/intalnirea-lui-bush-cu-gorbaciov-din-decembrie-1989-axa-ialta-malta-via-bucuresti\/\"]}]},{\"@type\":\"ImageObject\",\"inLanguage\":\"ro-RO\",\"@id\":\"https:\/\/desteptati-va.ro\/index.php\/2021\/04\/19\/intalnirea-lui-bush-cu-gorbaciov-din-decembrie-1989-axa-ialta-malta-via-bucuresti\/#primaryimage\",\"url\":\"https:\/\/desteptati-va.ro\/wp-content\/uploads\/2021\/04\/Bush-Gorbaciov.jpg\",\"contentUrl\":\"https:\/\/desteptati-va.ro\/wp-content\/uploads\/2021\/04\/Bush-Gorbaciov.jpg\",\"width\":290,\"height\":174},{\"@type\":\"BreadcrumbList\",\"@id\":\"https:\/\/desteptati-va.ro\/index.php\/2021\/04\/19\/intalnirea-lui-bush-cu-gorbaciov-din-decembrie-1989-axa-ialta-malta-via-bucuresti\/#breadcrumb\",\"itemListElement\":[{\"@type\":\"ListItem\",\"position\":1,\"name\":\"Prima pagin\u0103\",\"item\":\"https:\/\/desteptati-va.ro\/\"},{\"@type\":\"ListItem\",\"position\":2,\"name\":\"\u00cent\u00e2lnirea lui Bush cu Gorbaciov din decembrie 1989 Axa Ialta-Malta, via Bucure\u015fti\"}]},{\"@type\":\"WebSite\",\"@id\":\"https:\/\/desteptati-va.ro\/#website\",\"url\":\"https:\/\/desteptati-va.ro\/\",\"name\":\"\",\"description\":\"\",\"potentialAction\":[{\"@type\":\"SearchAction\",\"target\":{\"@type\":\"EntryPoint\",\"urlTemplate\":\"https:\/\/desteptati-va.ro\/?s={search_term_string}\"},\"query-input\":{\"@type\":\"PropertyValueSpecification\",\"valueRequired\":true,\"valueName\":\"search_term_string\"}}],\"inLanguage\":\"ro-RO\"},{\"@type\":\"Person\",\"@id\":\"https:\/\/desteptati-va.ro\/#\/schema\/person\/13182deeebd44920914899f7bb262d6b\",\"name\":\"wolfsoftcompany\",\"image\":{\"@type\":\"ImageObject\",\"inLanguage\":\"ro-RO\",\"@id\":\"https:\/\/desteptati-va.ro\/#\/schema\/person\/image\/\",\"url\":\"https:\/\/secure.gravatar.com\/avatar\/a6cce9b6d101d27d91690e7073e300fed94c0899890bf998e082cb9d2c3d121e?s=96&d=mm&r=g\",\"contentUrl\":\"https:\/\/secure.gravatar.com\/avatar\/a6cce9b6d101d27d91690e7073e300fed94c0899890bf998e082cb9d2c3d121e?s=96&d=mm&r=g\",\"caption\":\"wolfsoftcompany\"},\"sameAs\":[\"http:\/\/desteptati-va.ro\"],\"url\":\"https:\/\/desteptati-va.ro\/index.php\/author\/wolfsoftcompany\/\"}]}<\/script>\r\n<!-- \/ Yoast SEO plugin. -->","yoast_head_json":{"title":"\u00cent\u00e2lnirea lui Bush cu Gorbaciov din decembrie 1989 Axa Ialta-Malta, via Bucure\u015fti -","robots":{"index":"index","follow":"follow","max-snippet":"max-snippet:-1","max-image-preview":"max-image-preview:large","max-video-preview":"max-video-preview:-1"},"canonical":"https:\/\/desteptati-va.ro\/index.php\/2021\/04\/19\/intalnirea-lui-bush-cu-gorbaciov-din-decembrie-1989-axa-ialta-malta-via-bucuresti\/","og_locale":"ro_RO","og_type":"article","og_title":"\u00cent\u00e2lnirea lui Bush cu Gorbaciov din decembrie 1989 Axa Ialta-Malta, via Bucure\u015fti -","og_description":"\u201cO cotitur\u0103 istoric\u0103\u201d \u2013 i-a pl\u0103cut lui Gorbaciov s\u0103-\u015fi intituleze convorbirile avute cu Bush la Malta la 2-3 decembrie 1989.Read More","og_url":"https:\/\/desteptati-va.ro\/index.php\/2021\/04\/19\/intalnirea-lui-bush-cu-gorbaciov-din-decembrie-1989-axa-ialta-malta-via-bucuresti\/","article_published_time":"2021-04-19T06:59:43+00:00","article_modified_time":"2022-01-31T07:32:11+00:00","og_image":[{"width":290,"height":174,"url":"https:\/\/desteptati-va.ro\/wp-content\/uploads\/2021\/04\/Bush-Gorbaciov.jpg","type":"image\/jpeg"}],"author":"wolfsoftcompany","twitter_card":"summary_large_image","twitter_misc":{"Scris de":"wolfsoftcompany","Timp estimat pentru citire":"11 minute"},"schema":{"@context":"https:\/\/schema.org","@graph":[{"@type":"Article","@id":"https:\/\/desteptati-va.ro\/index.php\/2021\/04\/19\/intalnirea-lui-bush-cu-gorbaciov-din-decembrie-1989-axa-ialta-malta-via-bucuresti\/#article","isPartOf":{"@id":"https:\/\/desteptati-va.ro\/index.php\/2021\/04\/19\/intalnirea-lui-bush-cu-gorbaciov-din-decembrie-1989-axa-ialta-malta-via-bucuresti\/"},"author":{"name":"wolfsoftcompany","@id":"https:\/\/desteptati-va.ro\/#\/schema\/person\/13182deeebd44920914899f7bb262d6b"},"headline":"\u00cent\u00e2lnirea lui Bush cu Gorbaciov din decembrie 1989 Axa Ialta-Malta, via Bucure\u015fti","datePublished":"2021-04-19T06:59:43+00:00","dateModified":"2022-01-31T07:32:11+00:00","mainEntityOfPage":{"@id":"https:\/\/desteptati-va.ro\/index.php\/2021\/04\/19\/intalnirea-lui-bush-cu-gorbaciov-din-decembrie-1989-axa-ialta-malta-via-bucuresti\/"},"wordCount":2163,"commentCount":0,"image":{"@id":"https:\/\/desteptati-va.ro\/index.php\/2021\/04\/19\/intalnirea-lui-bush-cu-gorbaciov-din-decembrie-1989-axa-ialta-malta-via-bucuresti\/#primaryimage"},"thumbnailUrl":"https:\/\/desteptati-va.ro\/wp-content\/uploads\/2021\/04\/Bush-Gorbaciov.jpg","keywords":["Bush","Ceausescu","China","decembrie 89","desteptati","desteptati-va","Europa de Est","Gorbaciov","istorie","Malta","Mitterand","Moscova","perestroika","razboiul rece","Stenograme","Vatican"],"articleSection":["Decembrie 89","Revolutie sau Lovitura?"],"inLanguage":"ro-RO","potentialAction":[{"@type":"CommentAction","name":"Comment","target":["https:\/\/desteptati-va.ro\/index.php\/2021\/04\/19\/intalnirea-lui-bush-cu-gorbaciov-din-decembrie-1989-axa-ialta-malta-via-bucuresti\/#respond"]}]},{"@type":"WebPage","@id":"https:\/\/desteptati-va.ro\/index.php\/2021\/04\/19\/intalnirea-lui-bush-cu-gorbaciov-din-decembrie-1989-axa-ialta-malta-via-bucuresti\/","url":"https:\/\/desteptati-va.ro\/index.php\/2021\/04\/19\/intalnirea-lui-bush-cu-gorbaciov-din-decembrie-1989-axa-ialta-malta-via-bucuresti\/","name":"\u00cent\u00e2lnirea lui Bush cu Gorbaciov din decembrie 1989 Axa Ialta-Malta, via Bucure\u015fti -","isPartOf":{"@id":"https:\/\/desteptati-va.ro\/#website"},"primaryImageOfPage":{"@id":"https:\/\/desteptati-va.ro\/index.php\/2021\/04\/19\/intalnirea-lui-bush-cu-gorbaciov-din-decembrie-1989-axa-ialta-malta-via-bucuresti\/#primaryimage"},"image":{"@id":"https:\/\/desteptati-va.ro\/index.php\/2021\/04\/19\/intalnirea-lui-bush-cu-gorbaciov-din-decembrie-1989-axa-ialta-malta-via-bucuresti\/#primaryimage"},"thumbnailUrl":"https:\/\/desteptati-va.ro\/wp-content\/uploads\/2021\/04\/Bush-Gorbaciov.jpg","datePublished":"2021-04-19T06:59:43+00:00","dateModified":"2022-01-31T07:32:11+00:00","author":{"@id":"https:\/\/desteptati-va.ro\/#\/schema\/person\/13182deeebd44920914899f7bb262d6b"},"breadcrumb":{"@id":"https:\/\/desteptati-va.ro\/index.php\/2021\/04\/19\/intalnirea-lui-bush-cu-gorbaciov-din-decembrie-1989-axa-ialta-malta-via-bucuresti\/#breadcrumb"},"inLanguage":"ro-RO","potentialAction":[{"@type":"ReadAction","target":["https:\/\/desteptati-va.ro\/index.php\/2021\/04\/19\/intalnirea-lui-bush-cu-gorbaciov-din-decembrie-1989-axa-ialta-malta-via-bucuresti\/"]}]},{"@type":"ImageObject","inLanguage":"ro-RO","@id":"https:\/\/desteptati-va.ro\/index.php\/2021\/04\/19\/intalnirea-lui-bush-cu-gorbaciov-din-decembrie-1989-axa-ialta-malta-via-bucuresti\/#primaryimage","url":"https:\/\/desteptati-va.ro\/wp-content\/uploads\/2021\/04\/Bush-Gorbaciov.jpg","contentUrl":"https:\/\/desteptati-va.ro\/wp-content\/uploads\/2021\/04\/Bush-Gorbaciov.jpg","width":290,"height":174},{"@type":"BreadcrumbList","@id":"https:\/\/desteptati-va.ro\/index.php\/2021\/04\/19\/intalnirea-lui-bush-cu-gorbaciov-din-decembrie-1989-axa-ialta-malta-via-bucuresti\/#breadcrumb","itemListElement":[{"@type":"ListItem","position":1,"name":"Prima pagin\u0103","item":"https:\/\/desteptati-va.ro\/"},{"@type":"ListItem","position":2,"name":"\u00cent\u00e2lnirea lui Bush cu Gorbaciov din decembrie 1989 Axa Ialta-Malta, via Bucure\u015fti"}]},{"@type":"WebSite","@id":"https:\/\/desteptati-va.ro\/#website","url":"https:\/\/desteptati-va.ro\/","name":"","description":"","potentialAction":[{"@type":"SearchAction","target":{"@type":"EntryPoint","urlTemplate":"https:\/\/desteptati-va.ro\/?s={search_term_string}"},"query-input":{"@type":"PropertyValueSpecification","valueRequired":true,"valueName":"search_term_string"}}],"inLanguage":"ro-RO"},{"@type":"Person","@id":"https:\/\/desteptati-va.ro\/#\/schema\/person\/13182deeebd44920914899f7bb262d6b","name":"wolfsoftcompany","image":{"@type":"ImageObject","inLanguage":"ro-RO","@id":"https:\/\/desteptati-va.ro\/#\/schema\/person\/image\/","url":"https:\/\/secure.gravatar.com\/avatar\/a6cce9b6d101d27d91690e7073e300fed94c0899890bf998e082cb9d2c3d121e?s=96&d=mm&r=g","contentUrl":"https:\/\/secure.gravatar.com\/avatar\/a6cce9b6d101d27d91690e7073e300fed94c0899890bf998e082cb9d2c3d121e?s=96&d=mm&r=g","caption":"wolfsoftcompany"},"sameAs":["http:\/\/desteptati-va.ro"],"url":"https:\/\/desteptati-va.ro\/index.php\/author\/wolfsoftcompany\/"}]}},"_links":{"self":[{"href":"https:\/\/desteptati-va.ro\/index.php\/wp-json\/wp\/v2\/posts\/3854","targetHints":{"allow":["GET"]}}],"collection":[{"href":"https:\/\/desteptati-va.ro\/index.php\/wp-json\/wp\/v2\/posts"}],"about":[{"href":"https:\/\/desteptati-va.ro\/index.php\/wp-json\/wp\/v2\/types\/post"}],"author":[{"embeddable":true,"href":"https:\/\/desteptati-va.ro\/index.php\/wp-json\/wp\/v2\/users\/1"}],"replies":[{"embeddable":true,"href":"https:\/\/desteptati-va.ro\/index.php\/wp-json\/wp\/v2\/comments?post=3854"}],"version-history":[{"count":2,"href":"https:\/\/desteptati-va.ro\/index.php\/wp-json\/wp\/v2\/posts\/3854\/revisions"}],"predecessor-version":[{"id":4587,"href":"https:\/\/desteptati-va.ro\/index.php\/wp-json\/wp\/v2\/posts\/3854\/revisions\/4587"}],"wp:featuredmedia":[{"embeddable":true,"href":"https:\/\/desteptati-va.ro\/index.php\/wp-json\/wp\/v2\/media\/4586"}],"wp:attachment":[{"href":"https:\/\/desteptati-va.ro\/index.php\/wp-json\/wp\/v2\/media?parent=3854"}],"wp:term":[{"taxonomy":"category","embeddable":true,"href":"https:\/\/desteptati-va.ro\/index.php\/wp-json\/wp\/v2\/categories?post=3854"},{"taxonomy":"post_tag","embeddable":true,"href":"https:\/\/desteptati-va.ro\/index.php\/wp-json\/wp\/v2\/tags?post=3854"}],"curies":[{"name":"wp","href":"https:\/\/api.w.org\/{rel}","templated":true}]}}