{"id":3857,"date":"2021-04-19T07:13:53","date_gmt":"2021-04-19T07:13:53","guid":{"rendered":"http:\/\/desteptati.ro\/?p=3857"},"modified":"2021-04-27T11:26:08","modified_gmt":"2021-04-27T11:26:08","slug":"cum-s-a-vazut-anul-1989-de-la-varful-securitatii-vii","status":"publish","type":"post","link":"https:\/\/desteptati-va.ro\/index.php\/2021\/04\/19\/cum-s-a-vazut-anul-1989-de-la-varful-securitatii-vii\/","title":{"rendered":"Cum s-a v\u0103zut anul 1989 de la v\u00e2rful Securit\u0103tii VII"},"content":{"rendered":"<div class=\"post-content\"><div class='booster-block booster-read-block'>\n                <div class=\"twp-read-time\">\n                \t<i class=\"booster-icon twp-clock\"><\/i> <span>Read Time:<\/span>6 Minute, 13 Second                <\/div>\n\n            <\/div>\r\n<h3><span style=\"color: #ff0000;\"><strong><span style=\"font-size: large;\">Intreaga tara, ocupata de &#8222;turisti speciali&#8221; <\/span><\/strong><\/span><\/h3>\r\n<h4>Congresul al XIV-lea al PCR a marcat \u0219i o intensificare a ac\u021biunilor ostile Rom\u00e2niei. De la v\u00e2rful Departamentului Securit\u0103\u021bii Statului (DSS), generalui de brigad\u0103 (r) Aurel Rogojan, atunci locotenent-colonel \u0219i omul din umbra generalului Iulian Vlad, a putut observa cum nemul\u021bumirile populare atinseser\u0103 un prag exploziv.<\/h4>\r\n<h4>Aurel Rogojan dezvaluie c\u0103 \u0219eful DSS, generalul Iulian Vlad, a avut \u00een noiembrie 1989 o \u00eent\u00e2lnire de 40 de minute cu dictatorul Nicolae Ceau\u0219escu \u00een care i-a prezentat radiografia real\u0103 a Rom\u00e2niei \u0219i faptul c\u0103 rea\u0219ez\u0103rile de la nivel interna\u021bional nu au cum s\u0103 ocoleasc\u0103 Rom\u00e2nia.<\/h4>\r\n<h4>\u0218eful Securit\u0103\u021bii a mai avut o raportare special\u0103 pentru Nicolae Ceau\u0219escu \u00een ajunul \u00eent\u00e2lnirii de la Malta dintre Bush \u0219i Gorbaciov. Aurel Rogojan descrie \u0219i care a fost rolul multitudinii de &#8222;turi\u0219ti&#8221; care pur \u0219i simplu au invadat Rom\u00e2nia \u00een acel sf\u00e2r\u0219it de an, cu predilec\u021bie dinspre URSS, Ungaria \u0219i Iugoslavia.<\/h4>\r\n<h4>Departamentul Securit\u0103\u021bii Statului nu a fost implicat \u00een nici un fel \u00een organizarea Congresului al XIV-lea al PCR, fiindc\u0103 pregatirea Congresului era atributul organelor de partid competente: Comitetul Central, Comitetul Politic Executiv, Secretariatul CC cu sec\u021biile pe domenii \u0219i, \u00een mod special, al colectivului organizatoric condus personal de secretarul general al partidului.<\/h4>\r\n<h4>Totu\u0219i, la modul figurat, a f\u0103cut ceva \u0219i DSS. \u00cen conferin\u021bele unor organiza\u021bii locale ale Partidului Comunist Rom\u00e2n din unsprezece jude\u021be \u0219i municipiul Bucure\u0219ti au fost exprimate peste 30 de \u00eempotriviri la realegerea lui Nicolae Ceau\u0219escu ca secretar general, la Congresului al XIV-lea al PCR din 23-25 noiembrie 1989.<\/h4>\r\n<h4>Responsabilii politici jude\u021beni respectivi, \u00een acord cu membri ai conducerii centrale a partidului, convin s\u0103 nu-l informeze pe Nicolae Ceausescu.<\/h4>\r\n<h4>Generalul Iulian Vlad, ministru secretar de stat la Ministerul de Interne \u0219i \u0219ef al Departamentului Securit\u0103\u021bii Statului \u00ee\u0219i asum\u0103 decizia spargerii blocadei informa\u021bionale, determin\u00e2ndu-l pe Emil Bobu \u0219i, prin el, pe Elena Ceau\u0219escu s\u0103-i prezinte secretarului general \u0219i Pre\u0219edinte al Republicii situa\u021bia real\u0103.<\/h4>\r\n<h4>\u00cen preajma Congresului, presa oficial\u0103 a partidelor comuniste \u0219i muncitore\u0219ti din statele membre ale Tratatului de la Var\u0219ovia, dar \u0219i cea de la Belgrad, \u00een mod aparte, critica f\u0103r\u0103 menajamente politica dus\u0103 de Nicolae Ceau\u0219escu.<\/h4>\r\n<h4>Televiziunea din Ungaria dedica emisiuni speciale pentru congenerii din Rom\u00e2nia, care sunt recep\u021bionate \u0219i induc orient\u0103ri net potrivnice liniei politice oficiale a Bucure\u0219tiului. La Oradea \u0219i \u00een celelalte resedin\u021be ale jude\u021belor \u00eenvecinate cu Ungaria \u0219i Iugoslavia se organizeaz\u0103, ad-hoc, grupe operative de monitorizare a propagandei pe care Budapesta \u0219i Belgradul o realizau viz\u00e2nd obiective politice \u00een Rom\u00e2nia.<\/h4>\r\n<h4><strong>\u00a0Aproape c\u0103 nu mai exista \u021bar\u0103 din Europa a carei pres\u0103 s\u0103 nu atace sistematic regimul politic de la Bucure\u0219ti.<\/strong><\/h4>\r\n<h4>Toate aceste lucruri au fost raportate sistematic, \u00een frusta lor realitate. Nici nu se putea altfel, fiindc\u0103 Departamentul Securit\u0103\u021bii Statului, \u00een pofida presiunilor politice din ultimii 10 ani, care-i vizau deprofesionalizarea, dispunea de un corp al ofi\u021berilor de informa\u021bii cu un \u00eenalt grad de instruire (absolven\u021bi de facult\u0103\u021bi \u00een cele mai diverse specialit\u0103\u021bi, absolven\u021bi ai unor cursuri de limbi, culturi \u0219i civiliza\u021bii str\u0103ine, un procent \u00eensemnat de specializ\u0103ri postuniversitare).<\/h4>\r\n<h4>De altfel, nivelul preg\u0103tirii a fost una dintre premisele importante ale profunzimii \u0219i nuan\u021belor abord\u0103rii misiunilor.<\/h4>\r\n<h4>\u00centr-un asemenea context, informarea pre\u0219edintelui Rom\u00e2niei asupra tendin\u021belor politice interna\u021bionale \u0219i a influen\u021belor acestora \u00een plan intern devenise o \u00eentreprindere tot mai laborioas\u0103 \u0219i stresant\u0103, nu din cauza vreunei rezerve de a i se prezenta \u0219tirile negative, extrem de incomode, ci din cauza avalan\u0219ei acestora, care impunea dou\u0103 \u0219i chiar mai multe edi\u021bii pe zi ale inform\u0103rii operative. \u00cen unele zile, \u0219eful DSS rezerva p\u00e2n\u0103 la patru ore (\u00een dou\u0103 reprize, la \u00eenceputul \u0219i \u00eencheierea zilei) preg\u0103tirii informa\u021biilor \u0219i verific\u0103rii lor suplimentare.<\/h4>\r\n<h4>\u00cen noiembrie 1989, nemul\u021bumirile populare atinseser\u0103 un prag exploziv. Generalul Iulian Vlad i-a cerut lui Ceau\u0219escu, \u00een c\u00e2teva r\u00e2nduri, s\u0103-l primeasc\u0103, pentru a-i prezenta personal radiografia componentelor sociale ale securit\u0103\u021bii interne: cronicizarea penuriei alimentare, a lipsei medicamentelor, combustibililor pentru \u00eenc\u0103lzire, mai ales a spitalelor \u0219i \u0219colilor, p\u0103r\u0103ginirea satelor, e\u0219ecul sistematiz\u0103rilor rurale, criza energetic\u0103 perpetu\u0103, recep\u021bionarea \u00een mas\u0103 a posturilor de televiziune din \u021b\u0103rile vecine, vehemen\u021ba presiunilor externe, misiunile itinerante de racolare ale organiza\u021biilor civice de front din \u021b\u0103rile vecine, convergent\u0103 revendic\u0103rilor revizioniste din partea tuturor vecinilor, semnalele tot mai proaste privind gesturile \u0219i atitudinile Moscovei fa\u021b\u0103 de Rom\u00e2nia, convingerea mediilor politico-diplomatice c\u0103 ordinea interna\u021bional\u0103 este \u00een pragul unei rea\u0219ez\u0103ri fundamentale, care nu va ocoli Rom\u00e2nia.<\/h4>\r\n<h4>Pregatit, de fiecare dat\u0103, pentru o expunere de 7-8 minute, raportul generalului Vlad a fost totdeauna prelungit de Ceau\u0219escu, spre agita\u021bia \u0219i curiozitatea Elenei Ceau\u0219escu, la circa 4o de minute.<\/h4>\r\n<h4>Pe timpul audien\u021bei, primul ministru a fost, \u00een mai multe r\u00e2nduri, interpelat de Nicolae Ceau\u0219escu, primind dispozi\u021bii dup\u0103 dispozi\u021bii \u0219i \u00eenveder\u00e2ndu-i c\u0103: &#8222;Voi veghea personal asupra rezolv\u0103rii \u00eentocmai a problemelor&#8230;&#8221;.<\/h4>\r\n<h4>Mai men\u021bionez c\u0103 a existat un raport special pe care generalul Vlad l-a \u00eenaintat lui Ceau\u0219escu \u00eenaintea \u00eent\u00e2lnirii propriu-zise de la Malta, c\u00e2nd la nivelul consilierilor \u0219i mini\u0219trilor celor doi \u0219efi ai superputerilor mondiale lucrurile esen\u021biale fuseser\u0103 convenite, \u00een cel pu\u021bin 2-3 etape&#8230;<\/h4>\r\n<h4>Este interesant\u0103 o remarc\u0103 a generalului Vlad, pe care a f\u0103cut-o \u00een calitate de martor \u00een &#8222;Procesul celor 24-1-2&#8221; (al Comitetului Politic Executiv al CC al PCR), citez: &#8222;Asta a fost soarta noastr\u0103, p\u00e2n\u0103 la Malta am lucrat s\u0103 deslu\u0219im Yalta&#8230;&#8221; Asta ne-a ajutat, \u00een schimb, foarte mult s\u0103 anticip\u0103m \u0219i s\u0103 nu fim chiar surprin\u0219i de Malta.<\/h4>\r\n<h4>Intensificarea fluxului turistic \u00eenspre Rom\u00e2nia a fost sesizat\u0103 ceva mai devreme de unit\u0103\u021bile teritoriale ale DSS din jude\u021bele Boto\u0219ani \u0219i Suceava.<\/h4>\r\n<h4>Controlul str\u0103inilor era, \u00eens\u0103, \u00een gestiunea structurilor specializate ale Ministerului de Interne, aflate \u00een subordinea lui Tudor Postelnicu.<\/h4>\r\n<h4>Statistic, rezult\u0103 un &#8222;du-te-vino&#8221; permanent pe teritoriul Rom\u00e2niei a unui minim de 30.000 \u0219i a unui maxim de 67.530 de persoane (\u00een luna decembrie 1989 \u0219i numai din URSS).<\/h4>\r\n<h4>A avut loc o stranie intensificare a turismului f\u0103r\u0103&#8230; obiective turistice! Unit\u0103\u021bile teritoriale ale DSS din jude\u021bele: Arad, Br\u0103ila, Bra\u0219ov, Cara\u0219-Severin, Covasna, Cluj, Timi\u0219 \u0219.a. au raportat afluxuri masive \u0219i suspecte de &#8222;coloane turistice auto&#8221;, preponderent cu persoane din URSS, Ungaria \u0219i Iugoslavia.<\/h4>\r\n<h4>La jum\u0103tatea lunii decembrie, &#8222;turi\u0219tii sovietici&#8221; afluiau masiv \u00een Rom\u00e2nia din toate celelalte \u021b\u0103ri limitrofe. Nota comun\u0103 \u0219i, \u00een acela\u0219i timp, ostentativ\u0103 a coloanelor de turi\u0219ti era c\u0103 to\u021bi se deplasau cu autoturime &#8222;Lada&#8221; nou-nou\u021be, parc\u0103 atunci scoase din fabric\u0103 pentru rodaj&#8230;<\/h4>\r\n<h4>Serviciul de contraspionaj de la Timi\u0219oara a sesizat c\u0103 \u00een zilele premerg\u0103toare datei de 16 decembrie 1989 dinspre Iugoslavia au intrat numeroase coloane de c\u00e2te 20-30 de autoturisme&#8230; cu ru\u0219i \u0219i unguri, ajung\u00e2ndu-se la cifre de ordinul sutelor, apoi al miilor. Cei in cauz\u0103 nu au solicitat cazare hotelier\u0103, prefer\u00e2nd s\u0103 se r\u0103sp\u00e2ndeasc\u0103 \u00een ora\u0219e \u0219i s\u0103 stea \u00een ma\u0219ini.<\/h4>\r\n<h4>Ace\u0219ti numero\u0219i &#8222;turi\u0219ti speciali&#8221; realizau un fel de &#8222;ocupa\u021bie&#8221; pe trasee \u0219i \u00een ora\u0219e dintre cele amintite anterior, \u0219i unde s-au constatat provoc\u0103ri diversioniste.<\/h4>\r\n<h4>Practic, nu se mai putea face nimic. Ori se \u00eenchideau grani\u021bele, ori erau re\u021binu\u021bi \u0219i se isca un conflict politico-statal. Cu vreo 70.000 de slujnice \u0219i guvernante &#8211; amante, viticultori, gr\u0103dinari, morari \u0219i comercian\u021bi ocupase \u0219i Stieber, spionul Kaiserului, Fran\u021ba, p\u00e2n\u0103 la ocupa\u021bia militar\u0103 efectiv\u0103 din 1871.<\/h4>\r\n<h4>\u00cen noaptea de 16-17 decembrie, o asemenea coloan\u0103 s-a deplasat cu scopul de a intra in Timi\u0219oara. A fost interceptat\u0103 \u0219i determinat\u0103 s\u0103 ocoleasc\u0103 ora\u0219ul, dar o parte din ma\u0219ini a sc\u0103pat, reu\u0219ind s\u0103 intre&#8230;<\/h4>\r\n<h4><em>Articol publicat in Jurnalul National, Suplimentul Istoric &#8222;Scinteia&#8221;. General de brigada (r)\u00a0<strong>Aurel Rogojan<\/strong>, 28\/08\/2009<\/em><\/h4>\r\n<h4><\/h4>        <div class=\"booster-block booster-reactions-block\">\n            <div class=\"twp-reactions-icons\">\n                \n                <div class=\"twp-reacts-wrap\">\n                    <a react-data=\"be-react-1\" post-id=\"3857\" class=\"be-face-icons un-reacted\" href=\"javascript:void(0)\">\n                        <img decoding=\"async\" src=\"https:\/\/desteptati-va.ro\/wp-content\/plugins\/booster-extension\/\/assets\/icon\/happy.svg\" alt=\"Happy\">\n                    <\/a>\n                    <div class=\"twp-reaction-title\">\n                        Happy                    <\/div>\n                    <div class=\"twp-count-percent\">\n                                                    <span style=\"display: none;\" class=\"twp-react-count\">0<\/span>\n                        \n                                                <span class=\"twp-react-percent\"><span>0<\/span> %<\/span>\n                                            <\/div>\n                <\/div>\n\n                <div class=\"twp-reacts-wrap\">\n                    <a react-data=\"be-react-2\" post-id=\"3857\" class=\"be-face-icons un-reacted\" href=\"javascript:void(0)\">\n                        <img decoding=\"async\" src=\"https:\/\/desteptati-va.ro\/wp-content\/plugins\/booster-extension\/\/assets\/icon\/sad.svg\" alt=\"Sad\">\n                    <\/a>\n                    <div class=\"twp-reaction-title\">\n                        Sad                    <\/div>\n                    <div class=\"twp-count-percent\">\n                                                    <span style=\"display: none;\" class=\"twp-react-count\">0<\/span>\n                                                                        <span class=\"twp-react-percent\"><span>0<\/span> %<\/span>\n                                            <\/div>\n                <\/div>\n\n                <div class=\"twp-reacts-wrap\">\n                    <a react-data=\"be-react-3\" post-id=\"3857\" class=\"be-face-icons un-reacted\" href=\"javascript:void(0)\">\n                        <img decoding=\"async\" src=\"https:\/\/desteptati-va.ro\/wp-content\/plugins\/booster-extension\/\/assets\/icon\/excited.svg\" alt=\"Excited\">\n                    <\/a>\n                    <div class=\"twp-reaction-title\">\n                        Excited                    <\/div>\n                    <div class=\"twp-count-percent\">\n                                                    <span style=\"display: none;\" class=\"twp-react-count\">0<\/span>\n                                                                        <span class=\"twp-react-percent\"><span>0<\/span> %<\/span>\n                                            <\/div>\n                <\/div>\n\n                <div class=\"twp-reacts-wrap\">\n                    <a react-data=\"be-react-6\" post-id=\"3857\" class=\"be-face-icons un-reacted\" href=\"javascript:void(0)\">\n                        <img decoding=\"async\" src=\"https:\/\/desteptati-va.ro\/wp-content\/plugins\/booster-extension\/\/assets\/icon\/sleepy.svg\" alt=\"Sleepy\">\n                    <\/a>\n                    <div class=\"twp-reaction-title\">\n                        Sleepy                    <\/div>\n                    <div class=\"twp-count-percent\">\n                                                    <span style=\"display: none;\" class=\"twp-react-count\">0<\/span>\n                        \n                                                <span class=\"twp-react-percent\"><span>0<\/span> %<\/span>\n                                            <\/div>\n                <\/div>\n\n                <div class=\"twp-reacts-wrap\">\n                    <a react-data=\"be-react-4\" post-id=\"3857\" class=\"be-face-icons un-reacted\" href=\"javascript:void(0)\">\n                        <img decoding=\"async\" src=\"https:\/\/desteptati-va.ro\/wp-content\/plugins\/booster-extension\/\/assets\/icon\/angry.svg\" alt=\"Angry\">\n                    <\/a>\n                    <div class=\"twp-reaction-title\">Angry<\/div>\n                    <div class=\"twp-count-percent\">\n                                                    <span style=\"display: none;\" class=\"twp-react-count\">0<\/span>\n                                                                        <span class=\"twp-react-percent\"><span>0<\/span> %<\/span>\n                        \n                    <\/div>\n                <\/div>\n\n                <div class=\"twp-reacts-wrap\">\n                    <a react-data=\"be-react-5\" post-id=\"3857\" class=\"be-face-icons un-reacted\" href=\"javascript:void(0)\">\n                        <img decoding=\"async\" src=\"https:\/\/desteptati-va.ro\/wp-content\/plugins\/booster-extension\/\/assets\/icon\/surprise.svg\" alt=\"Surprise\">\n                    <\/a>\n                    <div class=\"twp-reaction-title\">Surprise<\/div>\n                    <div class=\"twp-count-percent\">\n                                                    <span style=\"display: none;\" class=\"twp-react-count\">0<\/span>\n                                                                        <span class=\"twp-react-percent\"><span>0<\/span> %<\/span>\n                                            <\/div>\n                <\/div>\n\n            <\/div>\n        <\/div>\n\n    <\/div>","protected":false},"excerpt":{"rendered":"<p>Intreaga tara, ocupata de &#8222;turisti speciali&#8221; Congresul al XIV-lea al PCR a marcat \u0219i o intensificare a ac\u021biunilor ostile Rom\u00e2niei.<a href=\"https:\/\/desteptati-va.ro\/index.php\/2021\/04\/19\/cum-s-a-vazut-anul-1989-de-la-varful-securitatii-vii\/\">Read More<i class=\"fa fa-long-arrow-right\" aria-hidden=\"true\"><\/i><\/a><\/p>\n","protected":false},"author":1,"featured_media":3859,"comment_status":"open","ping_status":"open","sticky":false,"template":"","format":"standard","meta":{"_crdt_document":"","footnotes":""},"categories":[3,9],"tags":[156],"class_list":["post-3857","post","type-post","status-publish","format-standard","has-post-thumbnail","hentry","category-decembrie-89","category-securistii-teroristii","tag-tradatori"],"rise-blocks_total_comments":0,"rise-blocks_categories":[{"term_id":9,"name":"Securistii-Teroristii","slug":"securistii-teroristii","term_group":0,"term_taxonomy_id":9,"taxonomy":"category","description":"","parent":3,"count":16,"filter":"raw"}],"rise-blocks_excerpt":"Intreaga tara, ocupata de &#8222;turisti speciali&#8221; Congresul al XIV-lea al PCR a marcat \u0219i o intensificare a ac\u021biunilor ostile Rom\u00e2niei. De la v\u00e2rful Departamentului Securit\u0103\u021bii Statului (DSS), generalui de brigad\u0103 (r) Aurel Rogojan, atunci locotenent-colonel \u0219i omul din umbra generalului Iulian Vlad, a putut observa cum nemul\u021bumirile populare atinseser\u0103 un prag exploziv. Aurel Rogojan dezvaluie c\u0103 \u0219eful DSS, generalul Iulian..","yoast_head":"<!-- This site is optimized with the Yoast SEO plugin v26.9 - https:\/\/yoast.com\/product\/yoast-seo-wordpress\/ -->\r\n<title>Cum s-a v\u0103zut anul 1989 de la v\u00e2rful Securit\u0103tii VII -<\/title>\r\n<meta name=\"robots\" content=\"index, follow, max-snippet:-1, max-image-preview:large, max-video-preview:-1\" \/>\r\n<link rel=\"canonical\" href=\"https:\/\/desteptati-va.ro\/index.php\/2021\/04\/19\/cum-s-a-vazut-anul-1989-de-la-varful-securitatii-vii\/\" \/>\r\n<meta property=\"og:locale\" content=\"ro_RO\" \/>\r\n<meta property=\"og:type\" content=\"article\" \/>\r\n<meta property=\"og:title\" content=\"Cum s-a v\u0103zut anul 1989 de la v\u00e2rful Securit\u0103tii VII -\" \/>\r\n<meta property=\"og:description\" content=\"Intreaga tara, ocupata de &#8222;turisti speciali&#8221; Congresul al XIV-lea al PCR a marcat \u0219i o intensificare a ac\u021biunilor ostile Rom\u00e2niei.Read More\" \/>\r\n<meta property=\"og:url\" content=\"https:\/\/desteptati-va.ro\/index.php\/2021\/04\/19\/cum-s-a-vazut-anul-1989-de-la-varful-securitatii-vii\/\" \/>\r\n<meta property=\"article:published_time\" content=\"2021-04-19T07:13:53+00:00\" \/>\r\n<meta property=\"article:modified_time\" content=\"2021-04-27T11:26:08+00:00\" \/>\r\n<meta property=\"og:image\" content=\"https:\/\/desteptati-va.ro\/wp-content\/uploads\/2021\/04\/imagesMXTPAUGN-1.jpg\" \/>\r\n\t<meta property=\"og:image:width\" content=\"268\" \/>\r\n\t<meta property=\"og:image:height\" content=\"201\" \/>\r\n\t<meta property=\"og:image:type\" content=\"image\/jpeg\" \/>\r\n<meta name=\"author\" content=\"wolfsoftcompany\" \/>\r\n<meta name=\"twitter:card\" content=\"summary_large_image\" \/>\r\n<meta name=\"twitter:label1\" content=\"Scris de\" \/>\n\t<meta name=\"twitter:data1\" content=\"wolfsoftcompany\" \/>\n\t<meta name=\"twitter:label2\" content=\"Timp estimat pentru citire\" \/>\n\t<meta name=\"twitter:data2\" content=\"7 minute\" \/>\r\n<script type=\"application\/ld+json\" class=\"yoast-schema-graph\">{\"@context\":\"https:\/\/schema.org\",\"@graph\":[{\"@type\":\"Article\",\"@id\":\"https:\/\/desteptati-va.ro\/index.php\/2021\/04\/19\/cum-s-a-vazut-anul-1989-de-la-varful-securitatii-vii\/#article\",\"isPartOf\":{\"@id\":\"https:\/\/desteptati-va.ro\/index.php\/2021\/04\/19\/cum-s-a-vazut-anul-1989-de-la-varful-securitatii-vii\/\"},\"author\":{\"name\":\"wolfsoftcompany\",\"@id\":\"https:\/\/desteptati-va.ro\/#\/schema\/person\/13182deeebd44920914899f7bb262d6b\"},\"headline\":\"Cum s-a v\u0103zut anul 1989 de la v\u00e2rful Securit\u0103tii VII\",\"datePublished\":\"2021-04-19T07:13:53+00:00\",\"dateModified\":\"2021-04-27T11:26:08+00:00\",\"mainEntityOfPage\":{\"@id\":\"https:\/\/desteptati-va.ro\/index.php\/2021\/04\/19\/cum-s-a-vazut-anul-1989-de-la-varful-securitatii-vii\/\"},\"wordCount\":1367,\"commentCount\":0,\"image\":{\"@id\":\"https:\/\/desteptati-va.ro\/index.php\/2021\/04\/19\/cum-s-a-vazut-anul-1989-de-la-varful-securitatii-vii\/#primaryimage\"},\"thumbnailUrl\":\"https:\/\/desteptati-va.ro\/wp-content\/uploads\/2021\/04\/imagesMXTPAUGN-1.jpg\",\"keywords\":[\"tradatori\"],\"articleSection\":[\"Decembrie 89\",\"Securistii-Teroristii\"],\"inLanguage\":\"ro-RO\",\"potentialAction\":[{\"@type\":\"CommentAction\",\"name\":\"Comment\",\"target\":[\"https:\/\/desteptati-va.ro\/index.php\/2021\/04\/19\/cum-s-a-vazut-anul-1989-de-la-varful-securitatii-vii\/#respond\"]}]},{\"@type\":\"WebPage\",\"@id\":\"https:\/\/desteptati-va.ro\/index.php\/2021\/04\/19\/cum-s-a-vazut-anul-1989-de-la-varful-securitatii-vii\/\",\"url\":\"https:\/\/desteptati-va.ro\/index.php\/2021\/04\/19\/cum-s-a-vazut-anul-1989-de-la-varful-securitatii-vii\/\",\"name\":\"Cum s-a v\u0103zut anul 1989 de la v\u00e2rful Securit\u0103tii VII -\",\"isPartOf\":{\"@id\":\"https:\/\/desteptati-va.ro\/#website\"},\"primaryImageOfPage\":{\"@id\":\"https:\/\/desteptati-va.ro\/index.php\/2021\/04\/19\/cum-s-a-vazut-anul-1989-de-la-varful-securitatii-vii\/#primaryimage\"},\"image\":{\"@id\":\"https:\/\/desteptati-va.ro\/index.php\/2021\/04\/19\/cum-s-a-vazut-anul-1989-de-la-varful-securitatii-vii\/#primaryimage\"},\"thumbnailUrl\":\"https:\/\/desteptati-va.ro\/wp-content\/uploads\/2021\/04\/imagesMXTPAUGN-1.jpg\",\"datePublished\":\"2021-04-19T07:13:53+00:00\",\"dateModified\":\"2021-04-27T11:26:08+00:00\",\"author\":{\"@id\":\"https:\/\/desteptati-va.ro\/#\/schema\/person\/13182deeebd44920914899f7bb262d6b\"},\"breadcrumb\":{\"@id\":\"https:\/\/desteptati-va.ro\/index.php\/2021\/04\/19\/cum-s-a-vazut-anul-1989-de-la-varful-securitatii-vii\/#breadcrumb\"},\"inLanguage\":\"ro-RO\",\"potentialAction\":[{\"@type\":\"ReadAction\",\"target\":[\"https:\/\/desteptati-va.ro\/index.php\/2021\/04\/19\/cum-s-a-vazut-anul-1989-de-la-varful-securitatii-vii\/\"]}]},{\"@type\":\"ImageObject\",\"inLanguage\":\"ro-RO\",\"@id\":\"https:\/\/desteptati-va.ro\/index.php\/2021\/04\/19\/cum-s-a-vazut-anul-1989-de-la-varful-securitatii-vii\/#primaryimage\",\"url\":\"https:\/\/desteptati-va.ro\/wp-content\/uploads\/2021\/04\/imagesMXTPAUGN-1.jpg\",\"contentUrl\":\"https:\/\/desteptati-va.ro\/wp-content\/uploads\/2021\/04\/imagesMXTPAUGN-1.jpg\",\"width\":268,\"height\":201},{\"@type\":\"BreadcrumbList\",\"@id\":\"https:\/\/desteptati-va.ro\/index.php\/2021\/04\/19\/cum-s-a-vazut-anul-1989-de-la-varful-securitatii-vii\/#breadcrumb\",\"itemListElement\":[{\"@type\":\"ListItem\",\"position\":1,\"name\":\"Prima pagin\u0103\",\"item\":\"https:\/\/desteptati-va.ro\/\"},{\"@type\":\"ListItem\",\"position\":2,\"name\":\"Cum s-a v\u0103zut anul 1989 de la v\u00e2rful Securit\u0103tii VII\"}]},{\"@type\":\"WebSite\",\"@id\":\"https:\/\/desteptati-va.ro\/#website\",\"url\":\"https:\/\/desteptati-va.ro\/\",\"name\":\"\",\"description\":\"\",\"potentialAction\":[{\"@type\":\"SearchAction\",\"target\":{\"@type\":\"EntryPoint\",\"urlTemplate\":\"https:\/\/desteptati-va.ro\/?s={search_term_string}\"},\"query-input\":{\"@type\":\"PropertyValueSpecification\",\"valueRequired\":true,\"valueName\":\"search_term_string\"}}],\"inLanguage\":\"ro-RO\"},{\"@type\":\"Person\",\"@id\":\"https:\/\/desteptati-va.ro\/#\/schema\/person\/13182deeebd44920914899f7bb262d6b\",\"name\":\"wolfsoftcompany\",\"image\":{\"@type\":\"ImageObject\",\"inLanguage\":\"ro-RO\",\"@id\":\"https:\/\/desteptati-va.ro\/#\/schema\/person\/image\/\",\"url\":\"https:\/\/secure.gravatar.com\/avatar\/a6cce9b6d101d27d91690e7073e300fed94c0899890bf998e082cb9d2c3d121e?s=96&d=mm&r=g\",\"contentUrl\":\"https:\/\/secure.gravatar.com\/avatar\/a6cce9b6d101d27d91690e7073e300fed94c0899890bf998e082cb9d2c3d121e?s=96&d=mm&r=g\",\"caption\":\"wolfsoftcompany\"},\"sameAs\":[\"http:\/\/desteptati-va.ro\"],\"url\":\"https:\/\/desteptati-va.ro\/index.php\/author\/wolfsoftcompany\/\"}]}<\/script>\r\n<!-- \/ Yoast SEO plugin. -->","yoast_head_json":{"title":"Cum s-a v\u0103zut anul 1989 de la v\u00e2rful Securit\u0103tii VII -","robots":{"index":"index","follow":"follow","max-snippet":"max-snippet:-1","max-image-preview":"max-image-preview:large","max-video-preview":"max-video-preview:-1"},"canonical":"https:\/\/desteptati-va.ro\/index.php\/2021\/04\/19\/cum-s-a-vazut-anul-1989-de-la-varful-securitatii-vii\/","og_locale":"ro_RO","og_type":"article","og_title":"Cum s-a v\u0103zut anul 1989 de la v\u00e2rful Securit\u0103tii VII -","og_description":"Intreaga tara, ocupata de &#8222;turisti speciali&#8221; Congresul al XIV-lea al PCR a marcat \u0219i o intensificare a ac\u021biunilor ostile Rom\u00e2niei.Read More","og_url":"https:\/\/desteptati-va.ro\/index.php\/2021\/04\/19\/cum-s-a-vazut-anul-1989-de-la-varful-securitatii-vii\/","article_published_time":"2021-04-19T07:13:53+00:00","article_modified_time":"2021-04-27T11:26:08+00:00","og_image":[{"width":268,"height":201,"url":"https:\/\/desteptati-va.ro\/wp-content\/uploads\/2021\/04\/imagesMXTPAUGN-1.jpg","type":"image\/jpeg"}],"author":"wolfsoftcompany","twitter_card":"summary_large_image","twitter_misc":{"Scris de":"wolfsoftcompany","Timp estimat pentru citire":"7 minute"},"schema":{"@context":"https:\/\/schema.org","@graph":[{"@type":"Article","@id":"https:\/\/desteptati-va.ro\/index.php\/2021\/04\/19\/cum-s-a-vazut-anul-1989-de-la-varful-securitatii-vii\/#article","isPartOf":{"@id":"https:\/\/desteptati-va.ro\/index.php\/2021\/04\/19\/cum-s-a-vazut-anul-1989-de-la-varful-securitatii-vii\/"},"author":{"name":"wolfsoftcompany","@id":"https:\/\/desteptati-va.ro\/#\/schema\/person\/13182deeebd44920914899f7bb262d6b"},"headline":"Cum s-a v\u0103zut anul 1989 de la v\u00e2rful Securit\u0103tii VII","datePublished":"2021-04-19T07:13:53+00:00","dateModified":"2021-04-27T11:26:08+00:00","mainEntityOfPage":{"@id":"https:\/\/desteptati-va.ro\/index.php\/2021\/04\/19\/cum-s-a-vazut-anul-1989-de-la-varful-securitatii-vii\/"},"wordCount":1367,"commentCount":0,"image":{"@id":"https:\/\/desteptati-va.ro\/index.php\/2021\/04\/19\/cum-s-a-vazut-anul-1989-de-la-varful-securitatii-vii\/#primaryimage"},"thumbnailUrl":"https:\/\/desteptati-va.ro\/wp-content\/uploads\/2021\/04\/imagesMXTPAUGN-1.jpg","keywords":["tradatori"],"articleSection":["Decembrie 89","Securistii-Teroristii"],"inLanguage":"ro-RO","potentialAction":[{"@type":"CommentAction","name":"Comment","target":["https:\/\/desteptati-va.ro\/index.php\/2021\/04\/19\/cum-s-a-vazut-anul-1989-de-la-varful-securitatii-vii\/#respond"]}]},{"@type":"WebPage","@id":"https:\/\/desteptati-va.ro\/index.php\/2021\/04\/19\/cum-s-a-vazut-anul-1989-de-la-varful-securitatii-vii\/","url":"https:\/\/desteptati-va.ro\/index.php\/2021\/04\/19\/cum-s-a-vazut-anul-1989-de-la-varful-securitatii-vii\/","name":"Cum s-a v\u0103zut anul 1989 de la v\u00e2rful Securit\u0103tii VII -","isPartOf":{"@id":"https:\/\/desteptati-va.ro\/#website"},"primaryImageOfPage":{"@id":"https:\/\/desteptati-va.ro\/index.php\/2021\/04\/19\/cum-s-a-vazut-anul-1989-de-la-varful-securitatii-vii\/#primaryimage"},"image":{"@id":"https:\/\/desteptati-va.ro\/index.php\/2021\/04\/19\/cum-s-a-vazut-anul-1989-de-la-varful-securitatii-vii\/#primaryimage"},"thumbnailUrl":"https:\/\/desteptati-va.ro\/wp-content\/uploads\/2021\/04\/imagesMXTPAUGN-1.jpg","datePublished":"2021-04-19T07:13:53+00:00","dateModified":"2021-04-27T11:26:08+00:00","author":{"@id":"https:\/\/desteptati-va.ro\/#\/schema\/person\/13182deeebd44920914899f7bb262d6b"},"breadcrumb":{"@id":"https:\/\/desteptati-va.ro\/index.php\/2021\/04\/19\/cum-s-a-vazut-anul-1989-de-la-varful-securitatii-vii\/#breadcrumb"},"inLanguage":"ro-RO","potentialAction":[{"@type":"ReadAction","target":["https:\/\/desteptati-va.ro\/index.php\/2021\/04\/19\/cum-s-a-vazut-anul-1989-de-la-varful-securitatii-vii\/"]}]},{"@type":"ImageObject","inLanguage":"ro-RO","@id":"https:\/\/desteptati-va.ro\/index.php\/2021\/04\/19\/cum-s-a-vazut-anul-1989-de-la-varful-securitatii-vii\/#primaryimage","url":"https:\/\/desteptati-va.ro\/wp-content\/uploads\/2021\/04\/imagesMXTPAUGN-1.jpg","contentUrl":"https:\/\/desteptati-va.ro\/wp-content\/uploads\/2021\/04\/imagesMXTPAUGN-1.jpg","width":268,"height":201},{"@type":"BreadcrumbList","@id":"https:\/\/desteptati-va.ro\/index.php\/2021\/04\/19\/cum-s-a-vazut-anul-1989-de-la-varful-securitatii-vii\/#breadcrumb","itemListElement":[{"@type":"ListItem","position":1,"name":"Prima pagin\u0103","item":"https:\/\/desteptati-va.ro\/"},{"@type":"ListItem","position":2,"name":"Cum s-a v\u0103zut anul 1989 de la v\u00e2rful Securit\u0103tii VII"}]},{"@type":"WebSite","@id":"https:\/\/desteptati-va.ro\/#website","url":"https:\/\/desteptati-va.ro\/","name":"","description":"","potentialAction":[{"@type":"SearchAction","target":{"@type":"EntryPoint","urlTemplate":"https:\/\/desteptati-va.ro\/?s={search_term_string}"},"query-input":{"@type":"PropertyValueSpecification","valueRequired":true,"valueName":"search_term_string"}}],"inLanguage":"ro-RO"},{"@type":"Person","@id":"https:\/\/desteptati-va.ro\/#\/schema\/person\/13182deeebd44920914899f7bb262d6b","name":"wolfsoftcompany","image":{"@type":"ImageObject","inLanguage":"ro-RO","@id":"https:\/\/desteptati-va.ro\/#\/schema\/person\/image\/","url":"https:\/\/secure.gravatar.com\/avatar\/a6cce9b6d101d27d91690e7073e300fed94c0899890bf998e082cb9d2c3d121e?s=96&d=mm&r=g","contentUrl":"https:\/\/secure.gravatar.com\/avatar\/a6cce9b6d101d27d91690e7073e300fed94c0899890bf998e082cb9d2c3d121e?s=96&d=mm&r=g","caption":"wolfsoftcompany"},"sameAs":["http:\/\/desteptati-va.ro"],"url":"https:\/\/desteptati-va.ro\/index.php\/author\/wolfsoftcompany\/"}]}},"_links":{"self":[{"href":"https:\/\/desteptati-va.ro\/index.php\/wp-json\/wp\/v2\/posts\/3857","targetHints":{"allow":["GET"]}}],"collection":[{"href":"https:\/\/desteptati-va.ro\/index.php\/wp-json\/wp\/v2\/posts"}],"about":[{"href":"https:\/\/desteptati-va.ro\/index.php\/wp-json\/wp\/v2\/types\/post"}],"author":[{"embeddable":true,"href":"https:\/\/desteptati-va.ro\/index.php\/wp-json\/wp\/v2\/users\/1"}],"replies":[{"embeddable":true,"href":"https:\/\/desteptati-va.ro\/index.php\/wp-json\/wp\/v2\/comments?post=3857"}],"version-history":[{"count":2,"href":"https:\/\/desteptati-va.ro\/index.php\/wp-json\/wp\/v2\/posts\/3857\/revisions"}],"predecessor-version":[{"id":3861,"href":"https:\/\/desteptati-va.ro\/index.php\/wp-json\/wp\/v2\/posts\/3857\/revisions\/3861"}],"wp:featuredmedia":[{"embeddable":true,"href":"https:\/\/desteptati-va.ro\/index.php\/wp-json\/wp\/v2\/media\/3859"}],"wp:attachment":[{"href":"https:\/\/desteptati-va.ro\/index.php\/wp-json\/wp\/v2\/media?parent=3857"}],"wp:term":[{"taxonomy":"category","embeddable":true,"href":"https:\/\/desteptati-va.ro\/index.php\/wp-json\/wp\/v2\/categories?post=3857"},{"taxonomy":"post_tag","embeddable":true,"href":"https:\/\/desteptati-va.ro\/index.php\/wp-json\/wp\/v2\/tags?post=3857"}],"curies":[{"name":"wp","href":"https:\/\/api.w.org\/{rel}","templated":true}]}}