{"id":3869,"date":"2021-04-19T07:22:26","date_gmt":"2021-04-19T07:22:26","guid":{"rendered":"http:\/\/desteptati.ro\/?p=3869"},"modified":"2021-04-27T11:23:57","modified_gmt":"2021-04-27T11:23:57","slug":"cum-s-a-vazut-anul-1989-de-la-varful-securitatii-v","status":"publish","type":"post","link":"https:\/\/desteptati-va.ro\/index.php\/2021\/04\/19\/cum-s-a-vazut-anul-1989-de-la-varful-securitatii-v\/","title":{"rendered":"Cum s-a v\u0103zut anul 1989 de la v\u00e2rful Securit\u0103\u0163ii V"},"content":{"rendered":"<div class=\"post-content\"><div class='booster-block booster-read-block'>\n                <div class=\"twp-read-time\">\n                \t<i class=\"booster-icon twp-clock\"><\/i> <span>Read Time:<\/span>6 Minute, 41 Second                <\/div>\n\n            <\/div>\r\n<h4><span style=\"color: #ff0000;\">KGB voia inlaturarea de la putere a lui Ceausescu pe orice cale<\/span><\/h4>\r\n<h4><span style=\"font-size: small;\">\u00a0<\/span><\/h4>\r\n<h4>Bunele rela\u0163ii dintre Ceau\u015fescu \u015fi Dubcek au avut consecin\u0163e multiple dup\u0103 invadarea Prag\u0103i \u00een 1968. Serviciile de informa\u0163ii din Organiza\u0163ia Tratatului de la Varsovia au perceput Rom\u00e2nia ca stat poten\u0163ial inamic.<\/h4>\r\n<h4>I-am solicitat generalului de brigada Aurel Rogojan, fostul colaborator apropiat al generalului Iulian Vlad, comandantul Securit\u0103\u0163ii, s\u0103 ne descrie care erau rela\u0163iile Departamentului Securit\u0103\u0163ii Statului cu KGB, cu serviciile \u0163\u0103rilor din Tratatul de la Varsovia, dar \u015fi cu serviciile de informa\u0163ii ale \u0163\u0103rilor NATO.<\/h4>\r\n<h4>Se spune \u00een teoria serviciilor de informa\u0163ii c\u0103 \u00een momentul \u00een care dou\u0103 \u0163\u0103ri sunt \u00een r\u0103zboi, serviciile pregatesc pacea. Generalul Aurel Rogojan las\u0103 s\u0103 se \u00eentrevad\u0103 c\u0103 existau contacte ale DSS \u00een acest sens, \u00een contextul pr\u0103bu\u015firii comunismului \u015fi schimb\u0103rilor din Europa de Est.<\/h4>\r\n<h4>Dac\u0103 se desf\u0103\u015furau aceste contacte cu sau f\u0103r\u0103 \u015ftiin\u0163a lui Nicolae Ceau\u015fescu, Aurel Rogojan las\u0103 lamurirea aspectelor respective pe seama istoricilor de peste 100 de ani.<\/h4>\r\n<h4>\u00cen acela\u015fi timp, ofi\u0163erul \u0163ine s\u0103 puncteze c\u00e2teva reu\u015fite ale DSS pe linie de contraspionaj at\u00e2t \u00eempotriva KGB, dar \u015fi CIA, ac\u0163iuni pe care cele dou\u0103 mari servicii de informa\u0163ii nu le-au uitat. Aurel Rogojan a recunoscut dup\u0103 1989, printre vocalii reprezentan\u0163i ai &#8222;societ\u0103\u0163ii civile&#8221;, \u015fi indivizi descoperi\u0163i anterior de contraspionaj a fi agen\u0163i ai serviciilor secrete str\u0103ine.<\/h4>\r\n<h4>\u00cen 1985, c\u00e2nd am primit unele atribu\u0163ii \u00een &#8222;gestiunea administrativ\u0103&#8221; a rela\u0163iilor externe ale Departamentului Securit\u0103\u0163ii Statului, nu am g\u0103sit nici un dosar de rela\u0163ii active cu serviciile speciale ale URSS, Republicii Democrate Germane, Ungariei, Poloniei, Mongoliei, Cubei, Albaniei&#8230;<\/h4>\r\n<h4>Cu serviciile Bulgariei exista un fel de &#8222;gentlemen agreement&#8221; privind niste rute de tranzit ale re\u0163elelor interna\u0163ionale ale terorismului, traficului de arme, droguri \u015fi persoane &#8211; grefate pe re\u0163elele trasportatorilor interna\u0163ionale. Bulgaria avea probleme serioase cu turcii, iar ei erau atunci c\u0103r\u0103u\u015fii Europei. Ne-au creat \u015fi nou\u0103 destule probleme, dar ne-au oferit \u015fi satisfac\u0163ia intercept\u0103rii \u015fi control\u0103rii unor sisteme de leg\u0103tur\u0103 impersonal\u0103. Serviciile Cehoslovaciei semnalau sporadic \u00eent\u00e2lniri suspecte, cu persoane din Occident, ale unor turi\u015fti cu pa\u015fapoarte rom\u00e2ne\u015fti.<\/h4>\r\n<h4>Cel mai adesea, datele transmise nu \u00eentruneau minimum de cerin\u0163e necesare proces\u0103rii. Unii posesori de &#8222;pa\u015fapoarte rom\u00e2ne\u015fti&#8221; nu erau, \u00eens\u0103, rom\u00e2ni, dar \u00een spionaj \u015fi contraspionaj asemenea situa\u0163ii, de folosire a &#8222;steagurilor str\u0103ine&#8221; erau uneori regul\u0103.<\/h4>\r\n<h4>Formal, erau, \u00eenca, func\u0163ionale rela\u0163iile de cooperare cu Serviciul Securit\u0103\u0163ii de Stat al Republicii Federative Iugoslavia. \u00cen practic\u0103, \u00eens\u0103, realit\u0103\u0163ile \u00eencepuser\u0103 s\u0103 capete o alt\u0103 turnur\u0103.<\/h4>\r\n<h4>Existau rela\u0163ii excelente cu Ministerul Securit\u0103\u0163ii Statului al RP Chineze. Aceste rela\u0163ii erau consecin\u0163\u0103 fireasc\u0103 a raporturilor bilaterale puternice \u015fi constante pe care Rom\u00e2nia le-a avut cu China, at\u00e2t \u00een plan politic, c\u00e2t \u015fi economic, acestea constituindu-se, la un anumit moment, \u00eentr-un garant al independen\u0163ei \u015fi suveranit\u0103\u0163ii Rom\u00e2niei \u00een fa\u0163a presiunilor \u015fi amenin\u0163\u0103rilor hegemonismului sovietic.<\/h4>\r\n<h4>Cu Ministerul Securit\u0103\u0163ii de Stat al Republicii Populare Democrate Coreene existau, de asemenea rela\u0163ii protocolare bune, concretizate, mai ales, \u00een schimburi anuale de delega\u0163ii pentru efectuarea concediilor de odihn\u0103.<\/h4>\r\n<h4>\u00cen zona \u0163\u0103rilor din a\u015fa-zis\u0103 lume a treia, \u00een special din r\u00e2ndul statelor nealiniate din Africa \u015fi Orientul Arab, s-au concretizat cooper\u0103ri \u00een ceea ce prive\u015fte preg\u0103tirea general\u0103 de informa\u0163ii \u015fi contrainforma\u0163ii, precum \u015fi asisten\u0163\u0103 tehnic\u0103. De asemenea, cu Securitatea Organiza\u0163iei pentru Eliberarea Palestinei, al c\u0103rui \u015fef a fost primit \u00een Rom\u00e2nia la cel mai \u00eenalt nivel politic \u015fi de stat.<\/h4>\r\n<h4>Au existat rela\u0163ii de cooperare \u015fi \u00een spa\u0163iul serviciilor din familia Organiza\u0163iei Tratatului Atlanticului de Nord, iar cu structuri speciale vest-germane, italiene, israeliene, din Turcia&#8230; ca s\u0103 numesc doar c\u00e2teva, au existat conlucr\u0103ri \u00een construc\u0163ia sistemului na\u0163ional antiterorist al Rom\u00e2niei \u015fi de securitate \u00een domeniul avia\u0163iei civile, care \u015fi-au dovedit eficien\u0163a \u015fi competitivitatea \u00een efortul antiterorist interna\u0163ional.<\/h4>\r\n<h4>Premerg\u0103tor, dar mai cu seam\u0103 dup\u0103 invadarea Cehoslovaciei, Rom\u00e2nia a fost \u00een situa\u0163ia de a constata c\u0103 serviciile de informa\u0163ii din Organiza\u0163ia Tratatului de la Var\u015fovia au tratat-o ca stat poten\u0163ial inamic, \u00eempotriva c\u0103ruia fuseser\u0103 preg\u0103tite opera\u0163iuni speciale de r\u0103zboi politic \u015fi planificat\u0103 o agresiune militar\u0103. Cu astfel de alia\u0163i era foarte greu s\u0103 p\u0103strezi chiar \u015fi aparen\u0163ele. Evenimente ulterioare aveau s\u0103 se concretizeze \u00een grave cazuri de spionaj, subversiune \u015fi subminare politic\u0103 a Rom\u00e2niei din partea serviciilor speciale ale unor &#8222;\u0163\u0103ri vecine \u015fi prietene&#8221;. Era \u015fi de a\u015fteptat. \u00cen \u00eentreaga noastr\u0103 istorie, numai vecinii ne-au mutat h\u0103\u0163urile, ori furat caii buni \u015fi fetele frumoase. Ocupan\u0163ii au venit \u015fi au plecat. Vecinii r\u0103m\u00e2n&#8230;<\/h4>\r\n<h4>Dup\u0103 ce, \u00een anii anteriori DSS-ul a demantelat alte cateva opera\u0163iuni ale KGB-ului, dar nu numai, av\u00e2ndu-i ca protagoni\u015fti \u015fi pe unii dintre vocalii reprezentan\u0163i ai actualei &#8222;societ\u0103\u0163i civile&#8221;, cade re\u0163eaua lui Vladimir Volodin, care era preocupat de preluarea puterii de preferatul lui Gorbaciov, dup\u0103 \u00eenl\u0103turarea de la putere, pe orice cale, a lui Nicolae Ceau\u015fescu.<\/h4>\r\n<h4>Am subliniat &#8222;pe orice cale&#8221;, deoarece anterior a existat \u015fi varianta atentatului politic terorist, la care a subscris \u015fi o \u0163ar\u0103 vecin\u0103, \u00een schimbul unei criminale monstruozit\u0103\u0163i geopolitice cu denomina\u0163ia &#8222;Republica Socialist\u0103 Transilv\u0103nean\u0103&#8221;.<\/h4>\r\n<h4>O opera\u0163iune ultrasecret\u0103, codificat\u0103 &#8222;Barajul&#8221; avea ca scop blocarea proiectului sovieto-ungar amintit. Opera\u0163iunea \u00eei viza, preventiv, \u015fi pe unii dintre cei mai activi comploti\u015fti ai momentului, considera\u0163i ca alternativ\u0103 dup\u0103 atentatul \u00eempotriva lui Ceau\u015fescu. Documentele opera\u0163iunii au fost redactate exclusiv olograf, centrul de greutate al dispozitivului de control \u015fi dezamorsare revenind Unit\u0103\u0163ii Speciale 0110, pentru coloana a V-a a KGB-ului, Direc\u0163iei de Contrainforma\u0163ii Militare, pentru generalii \u015fi marii comandan\u0163i care trebuiau s\u0103 sus\u0163in\u0103 militar comploti\u015ftii \u015fi Unit\u0103\u0163ii Speciale de Lupt\u0103 Antiterorist\u0103, pentru solu\u0163ia de ultim\u0103 instan\u0163\u0103 a neutraliz\u0103rii \u015fi lichid\u0103rii atentatorilor, dac\u0103 ar fi trecut la ac\u0163iune. Aceasta a f\u0103cut necesar ca un echipaj de lupt\u0103 antiterorist\u0103 s\u0103 fie inclus \u00een dispozitivul de protec\u0163ie fizic\u0103 apropiat\u0103 a Pre\u015fedintelui Rom\u00e2niei, realizat de c\u0103tre Direc\u0163ia de Securitate \u015fi Gard\u0103.<\/h4>\r\n<h4>Re\u0163eaua lui Volodin avea un nucleu \u00een redac\u0163ia organului de pres\u0103 al Frontului Unit\u0103\u0163ii \u015fi Democra\u0163iei Socialiste, Rom\u00e2nia liber\u0103. Acest nucleu a racolat cateva zeci de persoane \u015fi a editat, prin mijloace nu tocmai \u00eemprovizate, primul num\u0103r al unui ziar de front clandestin, \u00een cea mai fidel\u0103 replic\u0103 a glasnostului \u015fi perestroik\u0103i. A fost una dintre condi\u0163iile de credibilitate ale mi\u015fc\u0103rii pro glasnost-perestroika din Rom\u00e2nia, puse de Volodin, pentru c\u0103: &#8222;tovara\u015ful Gorbaciov, c\u00e2nd va avea pe birou ziarul, o s\u0103 v\u0103 acorde necondi\u0163ionat protec\u0163ia sa.&#8221;<\/h4>\r\n<h4>Cum pe Volodin nu l-a interesat cazierul unuia dintre importan\u0163i ai re\u0163elei (PETRE MIHAI BACANU &#8211; n.r.), acesta avea s\u0103 clacheze \u00eentr-un lamentabil proces de specul\u0103 cu autoturisme, iar ceilal\u0163i componen\u0163i au f\u0103cut obiectul unor m\u0103suri, mai mult sau mai pu\u0163in dure, de influen\u0163are ob\u015fteasc\u0103, ori administrativ\u0103, cu scop de a-i determina s\u0103 renun\u0163e s\u0103 militeze pentru importul reformelor lui Gorbaciov \u00een Rom\u00e2nia.<\/h4>\r\n<h4>Referitor la partea a doua a \u00eentreb\u0103rii dvs., mi-a\u015f permite s\u0103 remarc c\u0103 Rom\u00e2nia ca stat, formal membru al Tratatului de la Var\u015fovia, nu s-a aflat \u00een &#8222;r\u0103zboi&#8221; cu vreun stat membru al NATO. Mai mult, dup\u0103 jocul operativ ini\u0163iat de generalul de Gaulle cu Hrusciov \u015fi Brejnev, pentru a scoate comandamentul NATO din Fran\u0163a, av\u00e2nd ca actori, pe de o parte DST-ul \u015fi &#8222;reteaua Caraman&#8221;, iar de cealalt\u0103 parte serviciile de spionaj ale Rom\u00e2niei \u015fi Rusiei Sovietice, Rom\u00e2nia nu a fost implicat\u0103 \u00een alte afaceri de spionaj politico-militar \u00eempotriva statelor din NATO. Ca s\u0103 fiu explicit, spionajul rom\u00e2n dup\u0103 1968 nu a mai fost aliatul cuiva \u00eempotriva statelor membre ale NATO.<\/h4>\r\n<h4>\u00cen ceea ce prive\u015fte spionajul economic, este unanim acceptat c\u0103 nu este etic s\u0103 ascunzi cuceririle geniului uman, pentru a nu beneficia de ele \u00eentreaga umanitate&#8230;<\/h4>\r\n<h4>La celelalte \u0163inte ale \u00eentreb\u0103rii, care vizeaz\u0103 chestiuni de maximum interes, dar excluse transparen\u0163ei, nu pot s\u0103 v\u0103 ajut s\u0103 cap\u0103ta\u0163i confirm\u0103ri, dar nici neg\u0103ri.<\/h4>\r\n<h4>Trebuie a\u015fteptat ca unele subiecte s\u0103 se r\u0103ceasc\u0103 suficient pentru a putea fi atinse. S\u0103 le l\u0103s\u0103m \u00een sarcina istoriei ce se va scrie peste o sut\u0103 de ani . C\u00e2nd spun &#8222;o sut\u0103 de ani&#8221;, am \u00een vedere limita maxim\u0103 a protec\u0163iei pe care legile arhivelor o stabilesc, \u00een multe \u0163\u0103ri, pentru anumite categorii de documente.<\/h4>\r\n<h4><em>Articol publicat in Jurnalul National, Suplimentul Istoric &#8222;Scinteia&#8221;. General de brigada (r)\u00a0<strong>Aurel Rogojan<\/strong>, 26\/08\/2009<\/em><\/h4>\r\n        <div class=\"booster-block booster-reactions-block\">\n            <div class=\"twp-reactions-icons\">\n                \n                <div class=\"twp-reacts-wrap\">\n                    <a react-data=\"be-react-1\" post-id=\"3869\" class=\"be-face-icons un-reacted\" href=\"javascript:void(0)\">\n                        <img decoding=\"async\" src=\"https:\/\/desteptati-va.ro\/wp-content\/plugins\/booster-extension\/\/assets\/icon\/happy.svg\" alt=\"Happy\">\n                    <\/a>\n                    <div class=\"twp-reaction-title\">\n                        Happy                    <\/div>\n                    <div class=\"twp-count-percent\">\n                                                    <span style=\"display: none;\" class=\"twp-react-count\">0<\/span>\n                        \n                                                <span class=\"twp-react-percent\"><span>0<\/span> %<\/span>\n                                            <\/div>\n                <\/div>\n\n                <div class=\"twp-reacts-wrap\">\n                    <a react-data=\"be-react-2\" post-id=\"3869\" class=\"be-face-icons un-reacted\" href=\"javascript:void(0)\">\n                        <img decoding=\"async\" src=\"https:\/\/desteptati-va.ro\/wp-content\/plugins\/booster-extension\/\/assets\/icon\/sad.svg\" alt=\"Sad\">\n                    <\/a>\n                    <div class=\"twp-reaction-title\">\n                        Sad                    <\/div>\n                    <div class=\"twp-count-percent\">\n                                                    <span style=\"display: none;\" class=\"twp-react-count\">0<\/span>\n                                                                        <span class=\"twp-react-percent\"><span>0<\/span> %<\/span>\n                                            <\/div>\n                <\/div>\n\n                <div class=\"twp-reacts-wrap\">\n                    <a react-data=\"be-react-3\" post-id=\"3869\" class=\"be-face-icons un-reacted\" href=\"javascript:void(0)\">\n                        <img decoding=\"async\" src=\"https:\/\/desteptati-va.ro\/wp-content\/plugins\/booster-extension\/\/assets\/icon\/excited.svg\" alt=\"Excited\">\n                    <\/a>\n                    <div class=\"twp-reaction-title\">\n                        Excited                    <\/div>\n                    <div class=\"twp-count-percent\">\n                                                    <span style=\"display: none;\" class=\"twp-react-count\">0<\/span>\n                                                                        <span class=\"twp-react-percent\"><span>0<\/span> %<\/span>\n                                            <\/div>\n                <\/div>\n\n                <div class=\"twp-reacts-wrap\">\n                    <a react-data=\"be-react-6\" post-id=\"3869\" class=\"be-face-icons un-reacted\" href=\"javascript:void(0)\">\n                        <img decoding=\"async\" src=\"https:\/\/desteptati-va.ro\/wp-content\/plugins\/booster-extension\/\/assets\/icon\/sleepy.svg\" alt=\"Sleepy\">\n                    <\/a>\n                    <div class=\"twp-reaction-title\">\n                        Sleepy                    <\/div>\n                    <div class=\"twp-count-percent\">\n                                                    <span style=\"display: none;\" class=\"twp-react-count\">0<\/span>\n                        \n                                                <span class=\"twp-react-percent\"><span>0<\/span> %<\/span>\n                                            <\/div>\n                <\/div>\n\n                <div class=\"twp-reacts-wrap\">\n                    <a react-data=\"be-react-4\" post-id=\"3869\" class=\"be-face-icons un-reacted\" href=\"javascript:void(0)\">\n                        <img decoding=\"async\" src=\"https:\/\/desteptati-va.ro\/wp-content\/plugins\/booster-extension\/\/assets\/icon\/angry.svg\" alt=\"Angry\">\n                    <\/a>\n                    <div class=\"twp-reaction-title\">Angry<\/div>\n                    <div class=\"twp-count-percent\">\n                                                    <span style=\"display: none;\" class=\"twp-react-count\">0<\/span>\n                                                                        <span class=\"twp-react-percent\"><span>0<\/span> %<\/span>\n                        \n                    <\/div>\n                <\/div>\n\n                <div class=\"twp-reacts-wrap\">\n                    <a react-data=\"be-react-5\" post-id=\"3869\" class=\"be-face-icons un-reacted\" href=\"javascript:void(0)\">\n                        <img decoding=\"async\" src=\"https:\/\/desteptati-va.ro\/wp-content\/plugins\/booster-extension\/\/assets\/icon\/surprise.svg\" alt=\"Surprise\">\n                    <\/a>\n                    <div class=\"twp-reaction-title\">Surprise<\/div>\n                    <div class=\"twp-count-percent\">\n                                                    <span style=\"display: none;\" class=\"twp-react-count\">0<\/span>\n                                                                        <span class=\"twp-react-percent\"><span>0<\/span> %<\/span>\n                                            <\/div>\n                <\/div>\n\n            <\/div>\n        <\/div>\n\n    <\/div>","protected":false},"excerpt":{"rendered":"<p>KGB voia inlaturarea de la putere a lui Ceausescu pe orice cale \u00a0 Bunele rela\u0163ii dintre Ceau\u015fescu \u015fi Dubcek au<a href=\"https:\/\/desteptati-va.ro\/index.php\/2021\/04\/19\/cum-s-a-vazut-anul-1989-de-la-varful-securitatii-v\/\">Read More<i class=\"fa fa-long-arrow-right\" aria-hidden=\"true\"><\/i><\/a><\/p>\n","protected":false},"author":1,"featured_media":2995,"comment_status":"open","ping_status":"open","sticky":false,"template":"","format":"standard","meta":{"_crdt_document":"","footnotes":""},"categories":[3,218,9],"tags":[83],"class_list":["post-3869","post","type-post","status-publish","format-standard","has-post-thumbnail","hentry","category-decembrie-89","category-general","category-securistii-teroristii","tag-tradare"],"rise-blocks_total_comments":0,"rise-blocks_categories":[{"term_id":9,"name":"Securistii-Teroristii","slug":"securistii-teroristii","term_group":0,"term_taxonomy_id":9,"taxonomy":"category","description":"","parent":3,"count":16,"filter":"raw"}],"rise-blocks_excerpt":"KGB voia inlaturarea de la putere a lui Ceausescu pe orice cale \u00a0 Bunele rela\u0163ii dintre Ceau\u015fescu \u015fi Dubcek au avut consecin\u0163e multiple dup\u0103 invadarea Prag\u0103i \u00een 1968. Serviciile de informa\u0163ii din Organiza\u0163ia Tratatului de la Varsovia au perceput Rom\u00e2nia ca stat poten\u0163ial inamic. I-am solicitat generalului de brigada Aurel Rogojan, fostul colaborator apropiat al generalului Iulian Vlad, comandantul Securit\u0103\u0163ii,..","yoast_head":"<!-- This site is optimized with the Yoast SEO plugin v26.9 - https:\/\/yoast.com\/product\/yoast-seo-wordpress\/ -->\r\n<title>Cum s-a v\u0103zut anul 1989 de la v\u00e2rful Securit\u0103\u0163ii V -<\/title>\r\n<meta name=\"robots\" content=\"index, follow, max-snippet:-1, max-image-preview:large, max-video-preview:-1\" \/>\r\n<link rel=\"canonical\" href=\"https:\/\/desteptati-va.ro\/index.php\/2021\/04\/19\/cum-s-a-vazut-anul-1989-de-la-varful-securitatii-v\/\" \/>\r\n<meta property=\"og:locale\" content=\"ro_RO\" \/>\r\n<meta property=\"og:type\" content=\"article\" \/>\r\n<meta property=\"og:title\" content=\"Cum s-a v\u0103zut anul 1989 de la v\u00e2rful Securit\u0103\u0163ii V -\" \/>\r\n<meta property=\"og:description\" content=\"KGB voia inlaturarea de la putere a lui Ceausescu pe orice cale \u00a0 Bunele rela\u0163ii dintre Ceau\u015fescu \u015fi Dubcek auRead More\" \/>\r\n<meta property=\"og:url\" content=\"https:\/\/desteptati-va.ro\/index.php\/2021\/04\/19\/cum-s-a-vazut-anul-1989-de-la-varful-securitatii-v\/\" \/>\r\n<meta property=\"article:published_time\" content=\"2021-04-19T07:22:26+00:00\" \/>\r\n<meta property=\"article:modified_time\" content=\"2021-04-27T11:23:57+00:00\" \/>\r\n<meta property=\"og:image\" content=\"https:\/\/desteptati-va.ro\/wp-content\/uploads\/2021\/04\/untitled3-1.png\" \/>\r\n\t<meta property=\"og:image:width\" content=\"225\" \/>\r\n\t<meta property=\"og:image:height\" content=\"225\" \/>\r\n\t<meta property=\"og:image:type\" content=\"image\/png\" \/>\r\n<meta name=\"author\" content=\"wolfsoftcompany\" \/>\r\n<meta name=\"twitter:card\" content=\"summary_large_image\" \/>\r\n<meta name=\"twitter:label1\" content=\"Scris de\" \/>\n\t<meta name=\"twitter:data1\" content=\"wolfsoftcompany\" \/>\n\t<meta name=\"twitter:label2\" content=\"Timp estimat pentru citire\" \/>\n\t<meta name=\"twitter:data2\" content=\"8 minute\" \/>\r\n<script type=\"application\/ld+json\" class=\"yoast-schema-graph\">{\"@context\":\"https:\/\/schema.org\",\"@graph\":[{\"@type\":\"Article\",\"@id\":\"https:\/\/desteptati-va.ro\/index.php\/2021\/04\/19\/cum-s-a-vazut-anul-1989-de-la-varful-securitatii-v\/#article\",\"isPartOf\":{\"@id\":\"https:\/\/desteptati-va.ro\/index.php\/2021\/04\/19\/cum-s-a-vazut-anul-1989-de-la-varful-securitatii-v\/\"},\"author\":{\"name\":\"wolfsoftcompany\",\"@id\":\"https:\/\/desteptati-va.ro\/#\/schema\/person\/13182deeebd44920914899f7bb262d6b\"},\"headline\":\"Cum s-a v\u0103zut anul 1989 de la v\u00e2rful Securit\u0103\u0163ii V\",\"datePublished\":\"2021-04-19T07:22:26+00:00\",\"dateModified\":\"2021-04-27T11:23:57+00:00\",\"mainEntityOfPage\":{\"@id\":\"https:\/\/desteptati-va.ro\/index.php\/2021\/04\/19\/cum-s-a-vazut-anul-1989-de-la-varful-securitatii-v\/\"},\"wordCount\":1519,\"commentCount\":0,\"image\":{\"@id\":\"https:\/\/desteptati-va.ro\/index.php\/2021\/04\/19\/cum-s-a-vazut-anul-1989-de-la-varful-securitatii-v\/#primaryimage\"},\"thumbnailUrl\":\"https:\/\/desteptati-va.ro\/wp-content\/uploads\/2021\/04\/untitled3-1.png\",\"keywords\":[\"tradare\"],\"articleSection\":[\"Decembrie 89\",\"General\",\"Securistii-Teroristii\"],\"inLanguage\":\"ro-RO\",\"potentialAction\":[{\"@type\":\"CommentAction\",\"name\":\"Comment\",\"target\":[\"https:\/\/desteptati-va.ro\/index.php\/2021\/04\/19\/cum-s-a-vazut-anul-1989-de-la-varful-securitatii-v\/#respond\"]}]},{\"@type\":\"WebPage\",\"@id\":\"https:\/\/desteptati-va.ro\/index.php\/2021\/04\/19\/cum-s-a-vazut-anul-1989-de-la-varful-securitatii-v\/\",\"url\":\"https:\/\/desteptati-va.ro\/index.php\/2021\/04\/19\/cum-s-a-vazut-anul-1989-de-la-varful-securitatii-v\/\",\"name\":\"Cum s-a v\u0103zut anul 1989 de la v\u00e2rful Securit\u0103\u0163ii V -\",\"isPartOf\":{\"@id\":\"https:\/\/desteptati-va.ro\/#website\"},\"primaryImageOfPage\":{\"@id\":\"https:\/\/desteptati-va.ro\/index.php\/2021\/04\/19\/cum-s-a-vazut-anul-1989-de-la-varful-securitatii-v\/#primaryimage\"},\"image\":{\"@id\":\"https:\/\/desteptati-va.ro\/index.php\/2021\/04\/19\/cum-s-a-vazut-anul-1989-de-la-varful-securitatii-v\/#primaryimage\"},\"thumbnailUrl\":\"https:\/\/desteptati-va.ro\/wp-content\/uploads\/2021\/04\/untitled3-1.png\",\"datePublished\":\"2021-04-19T07:22:26+00:00\",\"dateModified\":\"2021-04-27T11:23:57+00:00\",\"author\":{\"@id\":\"https:\/\/desteptati-va.ro\/#\/schema\/person\/13182deeebd44920914899f7bb262d6b\"},\"breadcrumb\":{\"@id\":\"https:\/\/desteptati-va.ro\/index.php\/2021\/04\/19\/cum-s-a-vazut-anul-1989-de-la-varful-securitatii-v\/#breadcrumb\"},\"inLanguage\":\"ro-RO\",\"potentialAction\":[{\"@type\":\"ReadAction\",\"target\":[\"https:\/\/desteptati-va.ro\/index.php\/2021\/04\/19\/cum-s-a-vazut-anul-1989-de-la-varful-securitatii-v\/\"]}]},{\"@type\":\"ImageObject\",\"inLanguage\":\"ro-RO\",\"@id\":\"https:\/\/desteptati-va.ro\/index.php\/2021\/04\/19\/cum-s-a-vazut-anul-1989-de-la-varful-securitatii-v\/#primaryimage\",\"url\":\"https:\/\/desteptati-va.ro\/wp-content\/uploads\/2021\/04\/untitled3-1.png\",\"contentUrl\":\"https:\/\/desteptati-va.ro\/wp-content\/uploads\/2021\/04\/untitled3-1.png\",\"width\":225,\"height\":225},{\"@type\":\"BreadcrumbList\",\"@id\":\"https:\/\/desteptati-va.ro\/index.php\/2021\/04\/19\/cum-s-a-vazut-anul-1989-de-la-varful-securitatii-v\/#breadcrumb\",\"itemListElement\":[{\"@type\":\"ListItem\",\"position\":1,\"name\":\"Prima pagin\u0103\",\"item\":\"https:\/\/desteptati-va.ro\/\"},{\"@type\":\"ListItem\",\"position\":2,\"name\":\"Cum s-a v\u0103zut anul 1989 de la v\u00e2rful Securit\u0103\u0163ii V\"}]},{\"@type\":\"WebSite\",\"@id\":\"https:\/\/desteptati-va.ro\/#website\",\"url\":\"https:\/\/desteptati-va.ro\/\",\"name\":\"\",\"description\":\"\",\"potentialAction\":[{\"@type\":\"SearchAction\",\"target\":{\"@type\":\"EntryPoint\",\"urlTemplate\":\"https:\/\/desteptati-va.ro\/?s={search_term_string}\"},\"query-input\":{\"@type\":\"PropertyValueSpecification\",\"valueRequired\":true,\"valueName\":\"search_term_string\"}}],\"inLanguage\":\"ro-RO\"},{\"@type\":\"Person\",\"@id\":\"https:\/\/desteptati-va.ro\/#\/schema\/person\/13182deeebd44920914899f7bb262d6b\",\"name\":\"wolfsoftcompany\",\"image\":{\"@type\":\"ImageObject\",\"inLanguage\":\"ro-RO\",\"@id\":\"https:\/\/desteptati-va.ro\/#\/schema\/person\/image\/\",\"url\":\"https:\/\/secure.gravatar.com\/avatar\/a6cce9b6d101d27d91690e7073e300fed94c0899890bf998e082cb9d2c3d121e?s=96&d=mm&r=g\",\"contentUrl\":\"https:\/\/secure.gravatar.com\/avatar\/a6cce9b6d101d27d91690e7073e300fed94c0899890bf998e082cb9d2c3d121e?s=96&d=mm&r=g\",\"caption\":\"wolfsoftcompany\"},\"sameAs\":[\"http:\/\/desteptati-va.ro\"],\"url\":\"https:\/\/desteptati-va.ro\/index.php\/author\/wolfsoftcompany\/\"}]}<\/script>\r\n<!-- \/ Yoast SEO plugin. -->","yoast_head_json":{"title":"Cum s-a v\u0103zut anul 1989 de la v\u00e2rful Securit\u0103\u0163ii V -","robots":{"index":"index","follow":"follow","max-snippet":"max-snippet:-1","max-image-preview":"max-image-preview:large","max-video-preview":"max-video-preview:-1"},"canonical":"https:\/\/desteptati-va.ro\/index.php\/2021\/04\/19\/cum-s-a-vazut-anul-1989-de-la-varful-securitatii-v\/","og_locale":"ro_RO","og_type":"article","og_title":"Cum s-a v\u0103zut anul 1989 de la v\u00e2rful Securit\u0103\u0163ii V -","og_description":"KGB voia inlaturarea de la putere a lui Ceausescu pe orice cale \u00a0 Bunele rela\u0163ii dintre Ceau\u015fescu \u015fi Dubcek auRead More","og_url":"https:\/\/desteptati-va.ro\/index.php\/2021\/04\/19\/cum-s-a-vazut-anul-1989-de-la-varful-securitatii-v\/","article_published_time":"2021-04-19T07:22:26+00:00","article_modified_time":"2021-04-27T11:23:57+00:00","og_image":[{"width":225,"height":225,"url":"https:\/\/desteptati-va.ro\/wp-content\/uploads\/2021\/04\/untitled3-1.png","type":"image\/png"}],"author":"wolfsoftcompany","twitter_card":"summary_large_image","twitter_misc":{"Scris de":"wolfsoftcompany","Timp estimat pentru citire":"8 minute"},"schema":{"@context":"https:\/\/schema.org","@graph":[{"@type":"Article","@id":"https:\/\/desteptati-va.ro\/index.php\/2021\/04\/19\/cum-s-a-vazut-anul-1989-de-la-varful-securitatii-v\/#article","isPartOf":{"@id":"https:\/\/desteptati-va.ro\/index.php\/2021\/04\/19\/cum-s-a-vazut-anul-1989-de-la-varful-securitatii-v\/"},"author":{"name":"wolfsoftcompany","@id":"https:\/\/desteptati-va.ro\/#\/schema\/person\/13182deeebd44920914899f7bb262d6b"},"headline":"Cum s-a v\u0103zut anul 1989 de la v\u00e2rful Securit\u0103\u0163ii V","datePublished":"2021-04-19T07:22:26+00:00","dateModified":"2021-04-27T11:23:57+00:00","mainEntityOfPage":{"@id":"https:\/\/desteptati-va.ro\/index.php\/2021\/04\/19\/cum-s-a-vazut-anul-1989-de-la-varful-securitatii-v\/"},"wordCount":1519,"commentCount":0,"image":{"@id":"https:\/\/desteptati-va.ro\/index.php\/2021\/04\/19\/cum-s-a-vazut-anul-1989-de-la-varful-securitatii-v\/#primaryimage"},"thumbnailUrl":"https:\/\/desteptati-va.ro\/wp-content\/uploads\/2021\/04\/untitled3-1.png","keywords":["tradare"],"articleSection":["Decembrie 89","General","Securistii-Teroristii"],"inLanguage":"ro-RO","potentialAction":[{"@type":"CommentAction","name":"Comment","target":["https:\/\/desteptati-va.ro\/index.php\/2021\/04\/19\/cum-s-a-vazut-anul-1989-de-la-varful-securitatii-v\/#respond"]}]},{"@type":"WebPage","@id":"https:\/\/desteptati-va.ro\/index.php\/2021\/04\/19\/cum-s-a-vazut-anul-1989-de-la-varful-securitatii-v\/","url":"https:\/\/desteptati-va.ro\/index.php\/2021\/04\/19\/cum-s-a-vazut-anul-1989-de-la-varful-securitatii-v\/","name":"Cum s-a v\u0103zut anul 1989 de la v\u00e2rful Securit\u0103\u0163ii V -","isPartOf":{"@id":"https:\/\/desteptati-va.ro\/#website"},"primaryImageOfPage":{"@id":"https:\/\/desteptati-va.ro\/index.php\/2021\/04\/19\/cum-s-a-vazut-anul-1989-de-la-varful-securitatii-v\/#primaryimage"},"image":{"@id":"https:\/\/desteptati-va.ro\/index.php\/2021\/04\/19\/cum-s-a-vazut-anul-1989-de-la-varful-securitatii-v\/#primaryimage"},"thumbnailUrl":"https:\/\/desteptati-va.ro\/wp-content\/uploads\/2021\/04\/untitled3-1.png","datePublished":"2021-04-19T07:22:26+00:00","dateModified":"2021-04-27T11:23:57+00:00","author":{"@id":"https:\/\/desteptati-va.ro\/#\/schema\/person\/13182deeebd44920914899f7bb262d6b"},"breadcrumb":{"@id":"https:\/\/desteptati-va.ro\/index.php\/2021\/04\/19\/cum-s-a-vazut-anul-1989-de-la-varful-securitatii-v\/#breadcrumb"},"inLanguage":"ro-RO","potentialAction":[{"@type":"ReadAction","target":["https:\/\/desteptati-va.ro\/index.php\/2021\/04\/19\/cum-s-a-vazut-anul-1989-de-la-varful-securitatii-v\/"]}]},{"@type":"ImageObject","inLanguage":"ro-RO","@id":"https:\/\/desteptati-va.ro\/index.php\/2021\/04\/19\/cum-s-a-vazut-anul-1989-de-la-varful-securitatii-v\/#primaryimage","url":"https:\/\/desteptati-va.ro\/wp-content\/uploads\/2021\/04\/untitled3-1.png","contentUrl":"https:\/\/desteptati-va.ro\/wp-content\/uploads\/2021\/04\/untitled3-1.png","width":225,"height":225},{"@type":"BreadcrumbList","@id":"https:\/\/desteptati-va.ro\/index.php\/2021\/04\/19\/cum-s-a-vazut-anul-1989-de-la-varful-securitatii-v\/#breadcrumb","itemListElement":[{"@type":"ListItem","position":1,"name":"Prima pagin\u0103","item":"https:\/\/desteptati-va.ro\/"},{"@type":"ListItem","position":2,"name":"Cum s-a v\u0103zut anul 1989 de la v\u00e2rful Securit\u0103\u0163ii V"}]},{"@type":"WebSite","@id":"https:\/\/desteptati-va.ro\/#website","url":"https:\/\/desteptati-va.ro\/","name":"","description":"","potentialAction":[{"@type":"SearchAction","target":{"@type":"EntryPoint","urlTemplate":"https:\/\/desteptati-va.ro\/?s={search_term_string}"},"query-input":{"@type":"PropertyValueSpecification","valueRequired":true,"valueName":"search_term_string"}}],"inLanguage":"ro-RO"},{"@type":"Person","@id":"https:\/\/desteptati-va.ro\/#\/schema\/person\/13182deeebd44920914899f7bb262d6b","name":"wolfsoftcompany","image":{"@type":"ImageObject","inLanguage":"ro-RO","@id":"https:\/\/desteptati-va.ro\/#\/schema\/person\/image\/","url":"https:\/\/secure.gravatar.com\/avatar\/a6cce9b6d101d27d91690e7073e300fed94c0899890bf998e082cb9d2c3d121e?s=96&d=mm&r=g","contentUrl":"https:\/\/secure.gravatar.com\/avatar\/a6cce9b6d101d27d91690e7073e300fed94c0899890bf998e082cb9d2c3d121e?s=96&d=mm&r=g","caption":"wolfsoftcompany"},"sameAs":["http:\/\/desteptati-va.ro"],"url":"https:\/\/desteptati-va.ro\/index.php\/author\/wolfsoftcompany\/"}]}},"_links":{"self":[{"href":"https:\/\/desteptati-va.ro\/index.php\/wp-json\/wp\/v2\/posts\/3869","targetHints":{"allow":["GET"]}}],"collection":[{"href":"https:\/\/desteptati-va.ro\/index.php\/wp-json\/wp\/v2\/posts"}],"about":[{"href":"https:\/\/desteptati-va.ro\/index.php\/wp-json\/wp\/v2\/types\/post"}],"author":[{"embeddable":true,"href":"https:\/\/desteptati-va.ro\/index.php\/wp-json\/wp\/v2\/users\/1"}],"replies":[{"embeddable":true,"href":"https:\/\/desteptati-va.ro\/index.php\/wp-json\/wp\/v2\/comments?post=3869"}],"version-history":[{"count":1,"href":"https:\/\/desteptati-va.ro\/index.php\/wp-json\/wp\/v2\/posts\/3869\/revisions"}],"predecessor-version":[{"id":3871,"href":"https:\/\/desteptati-va.ro\/index.php\/wp-json\/wp\/v2\/posts\/3869\/revisions\/3871"}],"wp:featuredmedia":[{"embeddable":true,"href":"https:\/\/desteptati-va.ro\/index.php\/wp-json\/wp\/v2\/media\/2995"}],"wp:attachment":[{"href":"https:\/\/desteptati-va.ro\/index.php\/wp-json\/wp\/v2\/media?parent=3869"}],"wp:term":[{"taxonomy":"category","embeddable":true,"href":"https:\/\/desteptati-va.ro\/index.php\/wp-json\/wp\/v2\/categories?post=3869"},{"taxonomy":"post_tag","embeddable":true,"href":"https:\/\/desteptati-va.ro\/index.php\/wp-json\/wp\/v2\/tags?post=3869"}],"curies":[{"name":"wp","href":"https:\/\/api.w.org\/{rel}","templated":true}]}}