{"id":3872,"date":"2021-04-19T07:25:37","date_gmt":"2021-04-19T07:25:37","guid":{"rendered":"http:\/\/desteptati.ro\/?p=3872"},"modified":"2021-04-27T11:22:47","modified_gmt":"2021-04-27T11:22:47","slug":"cum-s-a-vazut-anul-1989-de-la-varful-securitatii-vi","status":"publish","type":"post","link":"https:\/\/desteptati-va.ro\/index.php\/2021\/04\/19\/cum-s-a-vazut-anul-1989-de-la-varful-securitatii-vi\/","title":{"rendered":"Cum s-a v\u0103zut anul 1989 de la v\u00e2rful Securit\u0103\u021bii VI"},"content":{"rendered":"<div class=\"post-content\"><div class='booster-block booster-read-block'>\n                <div class=\"twp-read-time\">\n                \t<i class=\"booster-icon twp-clock\"><\/i> <span>Read Time:<\/span>4 Minute, 30 Second                <\/div>\n\n            <\/div>\r\n<h3><span style=\"font-size: large; color: #ff0000;\">&#8222;Agenti ai unor servicii straine lucrau chiar in sediul CC al PCR&#8221;<\/span><\/h3>\r\n<h4><span style=\"font-size: large;\">\u00a0<\/span><\/h4>\r\n<h4>Generalul de brigad\u0103 (r) Aurel Rogojan, fostul \u0219ef al Cancelariei departamentului Securit\u0103\u021bii Statului, \u00ee\u0219i aminte\u0219te care erau &#8222;\u021bintele&#8221; spionajului str\u0103in asupra Rom\u00e2niei \u00een 1989 \u0219i care erau serviciile secrete cele mai active pe spa\u021biul rom\u00e2nesc. Ofi\u021berul invoca ordinele lui Gorbaciov c\u0103tre KGB de control total \u00een ceea ce privea soarta Rom\u00e2niei. Cu voie de la Moscova, dar \u0219i de la Washington, dupa cum afirma Aurel Rogojan, v\u00e2rf de lance al mi\u0219c\u0103rilor antirom\u00e2ne\u0219ti a fost Ungaria.<\/h4>\r\n<h4>Obiectivele urm\u0103rite de serviciile de informa\u021bii str\u0103ine, \u00een perspectiva evenimentelor planificate, vizau: penetrarea \u0219i controlul din interior a structurilor politico-administrative centrale, a celor militare de ap\u0103rare, securitate \u0219i informa\u021bii; subminarea economic\u0103 \u0219i politic\u0103; r\u0103zboiul politico-diplomatic; opera\u021biunile psihologice \u0219i de propagand\u0103 activ\u0103 pentru determinarea revoltei popula\u021biei; distrugerea coeziunii structurilor supreme ale puterii; influen\u021barea moralului popula\u021biei; crearea unei opozi\u021bii reprezentative \u0219i controlul acesteia; studiul \u0219i evaluarea grupurilor informale existente la nivelurile conducerii politice \u0219i de stat (centrale \u0219i locale); radicalizarea prozelitismului religios opus ortodoxismului \u0219i celorlalte culte tradi\u021bionale, a na\u021bionalismului minorita\u021bilor; readucerea \u00een actualitate a revizionismului; atentatele la valorile de identitate na\u021bional\u0103; punerea \u00een pozi\u021bie activa a agen\u021bilor afla\u021bi &#8222;\u00een conservare&#8221;; studiul \u0219i &#8222;\u00eencadrarea&#8221; \u00een m\u0103suri de control \u0219i determinare a personalit\u0103\u021bilor avute \u00een vedere ca solu\u021bii la alternan\u021ba puterii.<\/h4>\r\n<h4>Din controlul deplas\u0103rilor \u0219i comunic\u0103rilor diploma\u021bilor str\u0103ini, acredita\u021bi la Bucure\u0219ti sau \u00een capitale ale unor state vecine, dar afla\u021bi \u00een zonele evenimentelor planificate, a rezultat indubitabil ca serviciile speciale ale principalelor puteri occidentale, inclusiv structuri din categoria a\u0219a-numitelor prelungiri executive clandestine ale spionajului aveau \u00een desf\u0103\u0219urare \u0219i opera\u021biuni de alt\u0103 natur\u0103 dec\u00e2t culegerea secret\u0103 de informa\u021bii.<\/h4>\r\n<h4>Erau active toate statele care aveau interese politico-economice \u0219i de alt\u0103 natur\u0103 \u00een leg\u0103tur\u0103 cu Rom\u00e2nia \u0219i ale c\u0103ror servicii de spionaj erau tradi\u021bional bine reprezentate aici. Din motivele istorice \u0219tiute, Ungaria \u0219i-a asumat partea mai ascu\u021bit\u0103 a v\u00e2rfului de lance&#8230; Dar Ungaria a fost sus\u021binut\u0103 de marile puteri. Afl\u00e2ndu-ne la frontiera de nord a zonei Balcanilor, fief tradi\u021bional al c\u00e2torva servicii, acestea s-au implicat \u0219i ele consistent. Gorbaciov, ne\u00eenteleg\u00e2nd schimbarea ca pe o abandonare a doctrinei socialiste \u0219i a sferei de influen\u021b\u0103 a Moscovei, a dat KGB-ului directive \u00een sensul determin\u0103rii \u0219i prelu\u0103rii evolu\u021biilor din Rom\u00e2nia sub control total. Toate &#8222;c\u00e2rti\u021bele&#8221; KGB-ului dezactivate anterior ori aflate \u00een conservare s-au afirmat \u00een miezul evenimentelor, cooper\u00e2nd foarte bine cu agen\u021bi ai inamicilor URSS din NATO. Decembrie 1989 a demonstrat cu prisosin\u021b\u0103 acest lucru&#8230;<\/h4>\r\n<h4>Metodele utilizate erau cele dintotdeauna. \u00cendeletnicirea fiind veche de c\u00e2nd lumea, registrul ac\u021biunilor era cel clasic. Noutatea a constat \u00een utilizarea avantajelor oferite de mijloacele de transmitere instantanee a informa\u021biilor despre evenimentele speciale, care nu mai aveau frontiere.<\/h4>\r\n<h4>A re\u021binut aten\u021bia faptul c\u0103 din telegramele primite de la reprezentan\u021bele noastre diplomatice rezulta c\u0103 au fost depuse foarte multe cereri de acreditare pentru ziari\u0219ti, despre care se \u0219tia c\u0103 erau cu totul altceva. To\u021bi ace\u0219tia au dorit s\u0103 vin\u0103 s\u0103 se documenteze numai \u00een ora\u0219e din Transilvania \u0219i Banat: Sibiu, Bra\u0219ov, Cluj, Arad, Timi\u0219oara. Nici unul nu s-a dus \u00een Moldova ori \u00een sudul \u021b\u0103rii. Congresul al XIV-lea al PCR a fost pretextul sub care s-au solicitat cele mai multe acredit\u0103ri. Era greu s\u0103 nu se acorde acredit\u0103rile solicitate \u00een acest scop, chiar daca se \u0219tia c\u0103 solicitan\u021bii vor urm\u0103ri, \u00een principal, alte scopuri. Dup\u0103 Congres, unii nu au mai plecat&#8230;<\/h4>\r\n<h4>A re\u021binut, de asemenea, aten\u021bia, accentuarea caracterului f\u0103\u021bi\u0219, lipsit de orice rezerv\u0103 ori subtilitate a provoc\u0103rilor la care s-au dedat \u0219i membri ai unor ambasade str\u0103ine. Ministrul de Externe l-a convocat pe ambasadorul SUA pentru a-i \u00eenvedera ignorarea unor preveri esen\u021biale ale Codului Diplomatic (Conven\u021bia cu privire la rela\u021biile diplomatice \u00eencheiat\u0103 la Viena, 18 aprilie 1981). Ambasadorul, iritat, a \u00eencercat s\u0103 protesteze. Calm, ministrul de Externe rom\u00e2n l-a \u00eentrebat: &#8222;Domnule ambasador, dac\u0103 ambasadorul rom\u00e2n la Washington ar ridica tonul la secretarul de stat, ce s-ar \u00eent\u00e2mpla?&#8221;. Raspuns: &#8222;Risc\u0103 s\u0103 primeasc\u0103 un impuls \u00een posterior \u0219i s\u0103 se rostogoleasc\u0103 pe sc\u0103rile Departamentului de Stat&#8221; (n.n. &#8211; \u00een traducerea aproximativ\u0103 a limbajului diplomatic).<\/h4>\r\n<h4>Trebuie observate practicile, amintite anterior, de a se trimite agen\u021bi\/curieri recrutori pentru amorsarea dezordinilor stradale, ca fundal necesar provoc\u0103rilor \u0219i diversiunilor majore. S-au documentat ac\u021biuni de creare a suportului logistic, folosit ulterior pentru simularea actelor teroriste. Reziden\u021ba unui serviciu str\u0103in, nu cel la care ne-ar duce g\u00e2ndul, \u00eenchiriase prin agen\u021bi de sprijin autohtoni circa 30 de apartamente ori garsoniere \u00een zone-cheie, de regula \u00een cl\u0103diri cu mai multe intr\u0103ri \u0219i cu acces \u00eentre sc\u0103ri pe terasele ultimului etaj&#8230; Ini\u021bial, scopul d\u0103dea doar de b\u0103nuit. A posteriori, a rezultat c\u0103 din acele incinte s-au \u0163inut sub observa\u0163ie sedii ale unor institu\u0163ii, s-au simulat atacuri teroriste ori s-a deschis foc real \u015fi letal.<\/h4>\r\n<h4>Un alt serviciu de spionaj a cerut \u015fi primit din partea agen\u0163ilor de sprijin autohtoni schi\u0163ele a vreo 300 de ascunz\u0103tori naturale pretabile pentru realizarea leg\u0103turilor clandestine (casu\u0163e po\u015ftale impersonale). Aproape imposibil de supravegheat \u015fi controlat concomitent.<\/h4>\r\n<h4>Agen\u0163i ai unor servicii str\u0103ine \u00ee\u015fi aveau locurile de munc\u0103 chiar \u00een sediul Comitetului Central al PCR ori \u00een cl\u0103dirile anex\u0103. Ceau\u015fescu \u00eei \u015ftia \u015fi manifesta o toleran\u0163\u0103 justificat\u0103 prin aparen\u0163ele &#8222;bunelor rela\u0163ii&#8221; oficiale \u015fi prin faptul c\u0103 erau, mai mult sau mai pu\u0163in, supraveghea\u0163i.<\/h4>\r\n<h4><em>Articol publicat in Jurnalul National, Suplimentul Istoric &#8222;Scinteia&#8221;. General de brigada (r)\u00a0<strong>Aurel Rogojan<\/strong>, 27\/08\/2009<\/em><\/h4>\r\n        <div class=\"booster-block booster-reactions-block\">\n            <div class=\"twp-reactions-icons\">\n                \n                <div class=\"twp-reacts-wrap\">\n                    <a react-data=\"be-react-1\" post-id=\"3872\" class=\"be-face-icons un-reacted\" href=\"javascript:void(0)\">\n                        <img decoding=\"async\" src=\"https:\/\/desteptati-va.ro\/wp-content\/plugins\/booster-extension\/\/assets\/icon\/happy.svg\" alt=\"Happy\">\n                    <\/a>\n                    <div class=\"twp-reaction-title\">\n                        Happy                    <\/div>\n                    <div class=\"twp-count-percent\">\n                                                    <span style=\"display: none;\" class=\"twp-react-count\">0<\/span>\n                        \n                                                <span class=\"twp-react-percent\"><span>0<\/span> %<\/span>\n                                            <\/div>\n                <\/div>\n\n                <div class=\"twp-reacts-wrap\">\n                    <a react-data=\"be-react-2\" post-id=\"3872\" class=\"be-face-icons un-reacted\" href=\"javascript:void(0)\">\n                        <img decoding=\"async\" src=\"https:\/\/desteptati-va.ro\/wp-content\/plugins\/booster-extension\/\/assets\/icon\/sad.svg\" alt=\"Sad\">\n                    <\/a>\n                    <div class=\"twp-reaction-title\">\n                        Sad                    <\/div>\n                    <div class=\"twp-count-percent\">\n                                                    <span style=\"display: none;\" class=\"twp-react-count\">0<\/span>\n                                                                        <span class=\"twp-react-percent\"><span>0<\/span> %<\/span>\n                                            <\/div>\n                <\/div>\n\n                <div class=\"twp-reacts-wrap\">\n                    <a react-data=\"be-react-3\" post-id=\"3872\" class=\"be-face-icons un-reacted\" href=\"javascript:void(0)\">\n                        <img decoding=\"async\" src=\"https:\/\/desteptati-va.ro\/wp-content\/plugins\/booster-extension\/\/assets\/icon\/excited.svg\" alt=\"Excited\">\n                    <\/a>\n                    <div class=\"twp-reaction-title\">\n                        Excited                    <\/div>\n                    <div class=\"twp-count-percent\">\n                                                    <span style=\"display: none;\" class=\"twp-react-count\">0<\/span>\n                                                                        <span class=\"twp-react-percent\"><span>0<\/span> %<\/span>\n                                            <\/div>\n                <\/div>\n\n                <div class=\"twp-reacts-wrap\">\n                    <a react-data=\"be-react-6\" post-id=\"3872\" class=\"be-face-icons un-reacted\" href=\"javascript:void(0)\">\n                        <img decoding=\"async\" src=\"https:\/\/desteptati-va.ro\/wp-content\/plugins\/booster-extension\/\/assets\/icon\/sleepy.svg\" alt=\"Sleepy\">\n                    <\/a>\n                    <div class=\"twp-reaction-title\">\n                        Sleepy                    <\/div>\n                    <div class=\"twp-count-percent\">\n                                                    <span style=\"display: none;\" class=\"twp-react-count\">0<\/span>\n                        \n                                                <span class=\"twp-react-percent\"><span>0<\/span> %<\/span>\n                                            <\/div>\n                <\/div>\n\n                <div class=\"twp-reacts-wrap\">\n                    <a react-data=\"be-react-4\" post-id=\"3872\" class=\"be-face-icons un-reacted\" href=\"javascript:void(0)\">\n                        <img decoding=\"async\" src=\"https:\/\/desteptati-va.ro\/wp-content\/plugins\/booster-extension\/\/assets\/icon\/angry.svg\" alt=\"Angry\">\n                    <\/a>\n                    <div class=\"twp-reaction-title\">Angry<\/div>\n                    <div class=\"twp-count-percent\">\n                                                    <span style=\"display: none;\" class=\"twp-react-count\">0<\/span>\n                                                                        <span class=\"twp-react-percent\"><span>0<\/span> %<\/span>\n                        \n                    <\/div>\n                <\/div>\n\n                <div class=\"twp-reacts-wrap\">\n                    <a react-data=\"be-react-5\" post-id=\"3872\" class=\"be-face-icons un-reacted\" href=\"javascript:void(0)\">\n                        <img decoding=\"async\" src=\"https:\/\/desteptati-va.ro\/wp-content\/plugins\/booster-extension\/\/assets\/icon\/surprise.svg\" alt=\"Surprise\">\n                    <\/a>\n                    <div class=\"twp-reaction-title\">Surprise<\/div>\n                    <div class=\"twp-count-percent\">\n                                                    <span style=\"display: none;\" class=\"twp-react-count\">0<\/span>\n                                                                        <span class=\"twp-react-percent\"><span>0<\/span> %<\/span>\n                                            <\/div>\n                <\/div>\n\n            <\/div>\n        <\/div>\n\n    <\/div>","protected":false},"excerpt":{"rendered":"<p>&#8222;Agenti ai unor servicii straine lucrau chiar in sediul CC al PCR&#8221; \u00a0 Generalul de brigad\u0103 (r) Aurel Rogojan, fostul<a href=\"https:\/\/desteptati-va.ro\/index.php\/2021\/04\/19\/cum-s-a-vazut-anul-1989-de-la-varful-securitatii-vi\/\">Read More<i class=\"fa fa-long-arrow-right\" aria-hidden=\"true\"><\/i><\/a><\/p>\n","protected":false},"author":1,"featured_media":3874,"comment_status":"open","ping_status":"open","sticky":false,"template":"","format":"standard","meta":{"_crdt_document":"","footnotes":""},"categories":[3,9],"tags":[156],"class_list":["post-3872","post","type-post","status-publish","format-standard","has-post-thumbnail","hentry","category-decembrie-89","category-securistii-teroristii","tag-tradatori"],"rise-blocks_total_comments":0,"rise-blocks_categories":[{"term_id":9,"name":"Securistii-Teroristii","slug":"securistii-teroristii","term_group":0,"term_taxonomy_id":9,"taxonomy":"category","description":"","parent":3,"count":16,"filter":"raw"}],"rise-blocks_excerpt":"&#8222;Agenti ai unor servicii straine lucrau chiar in sediul CC al PCR&#8221; \u00a0 Generalul de brigad\u0103 (r) Aurel Rogojan, fostul \u0219ef al Cancelariei departamentului Securit\u0103\u021bii Statului, \u00ee\u0219i aminte\u0219te care erau &#8222;\u021bintele&#8221; spionajului str\u0103in asupra Rom\u00e2niei \u00een 1989 \u0219i care erau serviciile secrete cele mai active pe spa\u021biul rom\u00e2nesc. Ofi\u021berul invoca ordinele lui Gorbaciov c\u0103tre KGB de control total \u00een ceea..","yoast_head":"<!-- This site is optimized with the Yoast SEO plugin v26.9 - https:\/\/yoast.com\/product\/yoast-seo-wordpress\/ -->\r\n<title>Cum s-a v\u0103zut anul 1989 de la v\u00e2rful Securit\u0103\u021bii VI -<\/title>\r\n<meta name=\"robots\" content=\"index, follow, max-snippet:-1, max-image-preview:large, max-video-preview:-1\" \/>\r\n<link rel=\"canonical\" href=\"https:\/\/desteptati-va.ro\/index.php\/2021\/04\/19\/cum-s-a-vazut-anul-1989-de-la-varful-securitatii-vi\/\" \/>\r\n<meta property=\"og:locale\" content=\"ro_RO\" \/>\r\n<meta property=\"og:type\" content=\"article\" \/>\r\n<meta property=\"og:title\" content=\"Cum s-a v\u0103zut anul 1989 de la v\u00e2rful Securit\u0103\u021bii VI -\" \/>\r\n<meta property=\"og:description\" content=\"&#8222;Agenti ai unor servicii straine lucrau chiar in sediul CC al PCR&#8221; \u00a0 Generalul de brigad\u0103 (r) Aurel Rogojan, fostulRead More\" \/>\r\n<meta property=\"og:url\" content=\"https:\/\/desteptati-va.ro\/index.php\/2021\/04\/19\/cum-s-a-vazut-anul-1989-de-la-varful-securitatii-vi\/\" \/>\r\n<meta property=\"article:published_time\" content=\"2021-04-19T07:25:37+00:00\" \/>\r\n<meta property=\"article:modified_time\" content=\"2021-04-27T11:22:47+00:00\" \/>\r\n<meta property=\"og:image\" content=\"https:\/\/desteptati-va.ro\/wp-content\/uploads\/2021\/04\/images4APJ6W98-1.jpg\" \/>\r\n\t<meta property=\"og:image:width\" content=\"201\" \/>\r\n\t<meta property=\"og:image:height\" content=\"261\" \/>\r\n\t<meta property=\"og:image:type\" content=\"image\/jpeg\" \/>\r\n<meta name=\"author\" content=\"wolfsoftcompany\" \/>\r\n<meta name=\"twitter:card\" content=\"summary_large_image\" \/>\r\n<meta name=\"twitter:label1\" content=\"Scris de\" \/>\n\t<meta name=\"twitter:data1\" content=\"wolfsoftcompany\" \/>\n\t<meta name=\"twitter:label2\" content=\"Timp estimat pentru citire\" \/>\n\t<meta name=\"twitter:data2\" content=\"5 minute\" \/>\r\n<script type=\"application\/ld+json\" class=\"yoast-schema-graph\">{\"@context\":\"https:\/\/schema.org\",\"@graph\":[{\"@type\":\"Article\",\"@id\":\"https:\/\/desteptati-va.ro\/index.php\/2021\/04\/19\/cum-s-a-vazut-anul-1989-de-la-varful-securitatii-vi\/#article\",\"isPartOf\":{\"@id\":\"https:\/\/desteptati-va.ro\/index.php\/2021\/04\/19\/cum-s-a-vazut-anul-1989-de-la-varful-securitatii-vi\/\"},\"author\":{\"name\":\"wolfsoftcompany\",\"@id\":\"https:\/\/desteptati-va.ro\/#\/schema\/person\/13182deeebd44920914899f7bb262d6b\"},\"headline\":\"Cum s-a v\u0103zut anul 1989 de la v\u00e2rful Securit\u0103\u021bii VI\",\"datePublished\":\"2021-04-19T07:25:37+00:00\",\"dateModified\":\"2021-04-27T11:22:47+00:00\",\"mainEntityOfPage\":{\"@id\":\"https:\/\/desteptati-va.ro\/index.php\/2021\/04\/19\/cum-s-a-vazut-anul-1989-de-la-varful-securitatii-vi\/\"},\"wordCount\":1004,\"commentCount\":0,\"image\":{\"@id\":\"https:\/\/desteptati-va.ro\/index.php\/2021\/04\/19\/cum-s-a-vazut-anul-1989-de-la-varful-securitatii-vi\/#primaryimage\"},\"thumbnailUrl\":\"https:\/\/desteptati-va.ro\/wp-content\/uploads\/2021\/04\/images4APJ6W98-1.jpg\",\"keywords\":[\"tradatori\"],\"articleSection\":[\"Decembrie 89\",\"Securistii-Teroristii\"],\"inLanguage\":\"ro-RO\",\"potentialAction\":[{\"@type\":\"CommentAction\",\"name\":\"Comment\",\"target\":[\"https:\/\/desteptati-va.ro\/index.php\/2021\/04\/19\/cum-s-a-vazut-anul-1989-de-la-varful-securitatii-vi\/#respond\"]}]},{\"@type\":\"WebPage\",\"@id\":\"https:\/\/desteptati-va.ro\/index.php\/2021\/04\/19\/cum-s-a-vazut-anul-1989-de-la-varful-securitatii-vi\/\",\"url\":\"https:\/\/desteptati-va.ro\/index.php\/2021\/04\/19\/cum-s-a-vazut-anul-1989-de-la-varful-securitatii-vi\/\",\"name\":\"Cum s-a v\u0103zut anul 1989 de la v\u00e2rful Securit\u0103\u021bii VI -\",\"isPartOf\":{\"@id\":\"https:\/\/desteptati-va.ro\/#website\"},\"primaryImageOfPage\":{\"@id\":\"https:\/\/desteptati-va.ro\/index.php\/2021\/04\/19\/cum-s-a-vazut-anul-1989-de-la-varful-securitatii-vi\/#primaryimage\"},\"image\":{\"@id\":\"https:\/\/desteptati-va.ro\/index.php\/2021\/04\/19\/cum-s-a-vazut-anul-1989-de-la-varful-securitatii-vi\/#primaryimage\"},\"thumbnailUrl\":\"https:\/\/desteptati-va.ro\/wp-content\/uploads\/2021\/04\/images4APJ6W98-1.jpg\",\"datePublished\":\"2021-04-19T07:25:37+00:00\",\"dateModified\":\"2021-04-27T11:22:47+00:00\",\"author\":{\"@id\":\"https:\/\/desteptati-va.ro\/#\/schema\/person\/13182deeebd44920914899f7bb262d6b\"},\"breadcrumb\":{\"@id\":\"https:\/\/desteptati-va.ro\/index.php\/2021\/04\/19\/cum-s-a-vazut-anul-1989-de-la-varful-securitatii-vi\/#breadcrumb\"},\"inLanguage\":\"ro-RO\",\"potentialAction\":[{\"@type\":\"ReadAction\",\"target\":[\"https:\/\/desteptati-va.ro\/index.php\/2021\/04\/19\/cum-s-a-vazut-anul-1989-de-la-varful-securitatii-vi\/\"]}]},{\"@type\":\"ImageObject\",\"inLanguage\":\"ro-RO\",\"@id\":\"https:\/\/desteptati-va.ro\/index.php\/2021\/04\/19\/cum-s-a-vazut-anul-1989-de-la-varful-securitatii-vi\/#primaryimage\",\"url\":\"https:\/\/desteptati-va.ro\/wp-content\/uploads\/2021\/04\/images4APJ6W98-1.jpg\",\"contentUrl\":\"https:\/\/desteptati-va.ro\/wp-content\/uploads\/2021\/04\/images4APJ6W98-1.jpg\",\"width\":201,\"height\":261},{\"@type\":\"BreadcrumbList\",\"@id\":\"https:\/\/desteptati-va.ro\/index.php\/2021\/04\/19\/cum-s-a-vazut-anul-1989-de-la-varful-securitatii-vi\/#breadcrumb\",\"itemListElement\":[{\"@type\":\"ListItem\",\"position\":1,\"name\":\"Prima pagin\u0103\",\"item\":\"https:\/\/desteptati-va.ro\/\"},{\"@type\":\"ListItem\",\"position\":2,\"name\":\"Cum s-a v\u0103zut anul 1989 de la v\u00e2rful Securit\u0103\u021bii VI\"}]},{\"@type\":\"WebSite\",\"@id\":\"https:\/\/desteptati-va.ro\/#website\",\"url\":\"https:\/\/desteptati-va.ro\/\",\"name\":\"\",\"description\":\"\",\"potentialAction\":[{\"@type\":\"SearchAction\",\"target\":{\"@type\":\"EntryPoint\",\"urlTemplate\":\"https:\/\/desteptati-va.ro\/?s={search_term_string}\"},\"query-input\":{\"@type\":\"PropertyValueSpecification\",\"valueRequired\":true,\"valueName\":\"search_term_string\"}}],\"inLanguage\":\"ro-RO\"},{\"@type\":\"Person\",\"@id\":\"https:\/\/desteptati-va.ro\/#\/schema\/person\/13182deeebd44920914899f7bb262d6b\",\"name\":\"wolfsoftcompany\",\"image\":{\"@type\":\"ImageObject\",\"inLanguage\":\"ro-RO\",\"@id\":\"https:\/\/desteptati-va.ro\/#\/schema\/person\/image\/\",\"url\":\"https:\/\/secure.gravatar.com\/avatar\/a6cce9b6d101d27d91690e7073e300fed94c0899890bf998e082cb9d2c3d121e?s=96&d=mm&r=g\",\"contentUrl\":\"https:\/\/secure.gravatar.com\/avatar\/a6cce9b6d101d27d91690e7073e300fed94c0899890bf998e082cb9d2c3d121e?s=96&d=mm&r=g\",\"caption\":\"wolfsoftcompany\"},\"sameAs\":[\"http:\/\/desteptati-va.ro\"],\"url\":\"https:\/\/desteptati-va.ro\/index.php\/author\/wolfsoftcompany\/\"}]}<\/script>\r\n<!-- \/ Yoast SEO plugin. -->","yoast_head_json":{"title":"Cum s-a v\u0103zut anul 1989 de la v\u00e2rful Securit\u0103\u021bii VI -","robots":{"index":"index","follow":"follow","max-snippet":"max-snippet:-1","max-image-preview":"max-image-preview:large","max-video-preview":"max-video-preview:-1"},"canonical":"https:\/\/desteptati-va.ro\/index.php\/2021\/04\/19\/cum-s-a-vazut-anul-1989-de-la-varful-securitatii-vi\/","og_locale":"ro_RO","og_type":"article","og_title":"Cum s-a v\u0103zut anul 1989 de la v\u00e2rful Securit\u0103\u021bii VI -","og_description":"&#8222;Agenti ai unor servicii straine lucrau chiar in sediul CC al PCR&#8221; \u00a0 Generalul de brigad\u0103 (r) Aurel Rogojan, fostulRead More","og_url":"https:\/\/desteptati-va.ro\/index.php\/2021\/04\/19\/cum-s-a-vazut-anul-1989-de-la-varful-securitatii-vi\/","article_published_time":"2021-04-19T07:25:37+00:00","article_modified_time":"2021-04-27T11:22:47+00:00","og_image":[{"width":201,"height":261,"url":"https:\/\/desteptati-va.ro\/wp-content\/uploads\/2021\/04\/images4APJ6W98-1.jpg","type":"image\/jpeg"}],"author":"wolfsoftcompany","twitter_card":"summary_large_image","twitter_misc":{"Scris de":"wolfsoftcompany","Timp estimat pentru citire":"5 minute"},"schema":{"@context":"https:\/\/schema.org","@graph":[{"@type":"Article","@id":"https:\/\/desteptati-va.ro\/index.php\/2021\/04\/19\/cum-s-a-vazut-anul-1989-de-la-varful-securitatii-vi\/#article","isPartOf":{"@id":"https:\/\/desteptati-va.ro\/index.php\/2021\/04\/19\/cum-s-a-vazut-anul-1989-de-la-varful-securitatii-vi\/"},"author":{"name":"wolfsoftcompany","@id":"https:\/\/desteptati-va.ro\/#\/schema\/person\/13182deeebd44920914899f7bb262d6b"},"headline":"Cum s-a v\u0103zut anul 1989 de la v\u00e2rful Securit\u0103\u021bii VI","datePublished":"2021-04-19T07:25:37+00:00","dateModified":"2021-04-27T11:22:47+00:00","mainEntityOfPage":{"@id":"https:\/\/desteptati-va.ro\/index.php\/2021\/04\/19\/cum-s-a-vazut-anul-1989-de-la-varful-securitatii-vi\/"},"wordCount":1004,"commentCount":0,"image":{"@id":"https:\/\/desteptati-va.ro\/index.php\/2021\/04\/19\/cum-s-a-vazut-anul-1989-de-la-varful-securitatii-vi\/#primaryimage"},"thumbnailUrl":"https:\/\/desteptati-va.ro\/wp-content\/uploads\/2021\/04\/images4APJ6W98-1.jpg","keywords":["tradatori"],"articleSection":["Decembrie 89","Securistii-Teroristii"],"inLanguage":"ro-RO","potentialAction":[{"@type":"CommentAction","name":"Comment","target":["https:\/\/desteptati-va.ro\/index.php\/2021\/04\/19\/cum-s-a-vazut-anul-1989-de-la-varful-securitatii-vi\/#respond"]}]},{"@type":"WebPage","@id":"https:\/\/desteptati-va.ro\/index.php\/2021\/04\/19\/cum-s-a-vazut-anul-1989-de-la-varful-securitatii-vi\/","url":"https:\/\/desteptati-va.ro\/index.php\/2021\/04\/19\/cum-s-a-vazut-anul-1989-de-la-varful-securitatii-vi\/","name":"Cum s-a v\u0103zut anul 1989 de la v\u00e2rful Securit\u0103\u021bii VI -","isPartOf":{"@id":"https:\/\/desteptati-va.ro\/#website"},"primaryImageOfPage":{"@id":"https:\/\/desteptati-va.ro\/index.php\/2021\/04\/19\/cum-s-a-vazut-anul-1989-de-la-varful-securitatii-vi\/#primaryimage"},"image":{"@id":"https:\/\/desteptati-va.ro\/index.php\/2021\/04\/19\/cum-s-a-vazut-anul-1989-de-la-varful-securitatii-vi\/#primaryimage"},"thumbnailUrl":"https:\/\/desteptati-va.ro\/wp-content\/uploads\/2021\/04\/images4APJ6W98-1.jpg","datePublished":"2021-04-19T07:25:37+00:00","dateModified":"2021-04-27T11:22:47+00:00","author":{"@id":"https:\/\/desteptati-va.ro\/#\/schema\/person\/13182deeebd44920914899f7bb262d6b"},"breadcrumb":{"@id":"https:\/\/desteptati-va.ro\/index.php\/2021\/04\/19\/cum-s-a-vazut-anul-1989-de-la-varful-securitatii-vi\/#breadcrumb"},"inLanguage":"ro-RO","potentialAction":[{"@type":"ReadAction","target":["https:\/\/desteptati-va.ro\/index.php\/2021\/04\/19\/cum-s-a-vazut-anul-1989-de-la-varful-securitatii-vi\/"]}]},{"@type":"ImageObject","inLanguage":"ro-RO","@id":"https:\/\/desteptati-va.ro\/index.php\/2021\/04\/19\/cum-s-a-vazut-anul-1989-de-la-varful-securitatii-vi\/#primaryimage","url":"https:\/\/desteptati-va.ro\/wp-content\/uploads\/2021\/04\/images4APJ6W98-1.jpg","contentUrl":"https:\/\/desteptati-va.ro\/wp-content\/uploads\/2021\/04\/images4APJ6W98-1.jpg","width":201,"height":261},{"@type":"BreadcrumbList","@id":"https:\/\/desteptati-va.ro\/index.php\/2021\/04\/19\/cum-s-a-vazut-anul-1989-de-la-varful-securitatii-vi\/#breadcrumb","itemListElement":[{"@type":"ListItem","position":1,"name":"Prima pagin\u0103","item":"https:\/\/desteptati-va.ro\/"},{"@type":"ListItem","position":2,"name":"Cum s-a v\u0103zut anul 1989 de la v\u00e2rful Securit\u0103\u021bii VI"}]},{"@type":"WebSite","@id":"https:\/\/desteptati-va.ro\/#website","url":"https:\/\/desteptati-va.ro\/","name":"","description":"","potentialAction":[{"@type":"SearchAction","target":{"@type":"EntryPoint","urlTemplate":"https:\/\/desteptati-va.ro\/?s={search_term_string}"},"query-input":{"@type":"PropertyValueSpecification","valueRequired":true,"valueName":"search_term_string"}}],"inLanguage":"ro-RO"},{"@type":"Person","@id":"https:\/\/desteptati-va.ro\/#\/schema\/person\/13182deeebd44920914899f7bb262d6b","name":"wolfsoftcompany","image":{"@type":"ImageObject","inLanguage":"ro-RO","@id":"https:\/\/desteptati-va.ro\/#\/schema\/person\/image\/","url":"https:\/\/secure.gravatar.com\/avatar\/a6cce9b6d101d27d91690e7073e300fed94c0899890bf998e082cb9d2c3d121e?s=96&d=mm&r=g","contentUrl":"https:\/\/secure.gravatar.com\/avatar\/a6cce9b6d101d27d91690e7073e300fed94c0899890bf998e082cb9d2c3d121e?s=96&d=mm&r=g","caption":"wolfsoftcompany"},"sameAs":["http:\/\/desteptati-va.ro"],"url":"https:\/\/desteptati-va.ro\/index.php\/author\/wolfsoftcompany\/"}]}},"_links":{"self":[{"href":"https:\/\/desteptati-va.ro\/index.php\/wp-json\/wp\/v2\/posts\/3872","targetHints":{"allow":["GET"]}}],"collection":[{"href":"https:\/\/desteptati-va.ro\/index.php\/wp-json\/wp\/v2\/posts"}],"about":[{"href":"https:\/\/desteptati-va.ro\/index.php\/wp-json\/wp\/v2\/types\/post"}],"author":[{"embeddable":true,"href":"https:\/\/desteptati-va.ro\/index.php\/wp-json\/wp\/v2\/users\/1"}],"replies":[{"embeddable":true,"href":"https:\/\/desteptati-va.ro\/index.php\/wp-json\/wp\/v2\/comments?post=3872"}],"version-history":[{"count":1,"href":"https:\/\/desteptati-va.ro\/index.php\/wp-json\/wp\/v2\/posts\/3872\/revisions"}],"predecessor-version":[{"id":3875,"href":"https:\/\/desteptati-va.ro\/index.php\/wp-json\/wp\/v2\/posts\/3872\/revisions\/3875"}],"wp:featuredmedia":[{"embeddable":true,"href":"https:\/\/desteptati-va.ro\/index.php\/wp-json\/wp\/v2\/media\/3874"}],"wp:attachment":[{"href":"https:\/\/desteptati-va.ro\/index.php\/wp-json\/wp\/v2\/media?parent=3872"}],"wp:term":[{"taxonomy":"category","embeddable":true,"href":"https:\/\/desteptati-va.ro\/index.php\/wp-json\/wp\/v2\/categories?post=3872"},{"taxonomy":"post_tag","embeddable":true,"href":"https:\/\/desteptati-va.ro\/index.php\/wp-json\/wp\/v2\/tags?post=3872"}],"curies":[{"name":"wp","href":"https:\/\/api.w.org\/{rel}","templated":true}]}}