{"id":3894,"date":"2021-04-19T07:55:42","date_gmt":"2021-04-19T07:55:42","guid":{"rendered":"http:\/\/desteptati.ro\/?p=3894"},"modified":"2022-01-31T09:26:25","modified_gmt":"2022-01-31T07:26:25","slug":"marturia-unui-condamnat-la-moarte-prin-spanzurare-de-extremistii-unguri","status":"publish","type":"post","link":"https:\/\/desteptati-va.ro\/index.php\/2021\/04\/19\/marturia-unui-condamnat-la-moarte-prin-spanzurare-de-extremistii-unguri\/","title":{"rendered":"Marturia unui condamnat la moarte prin sp\u00e2nzurare de extremi\u015ftii unguri"},"content":{"rendered":"<div class=\"post-content\"><div class='booster-block booster-read-block'>\n                <div class=\"twp-read-time\">\n                \t<i class=\"booster-icon twp-clock\"><\/i> <span>Read Time:<\/span>7 Minute, 8 Second                <\/div>\n\n            <\/div><h4 style=\"text-align: justify;\">\u201e\u00cen 1989, aveam semnale clare de intensificare a contactelor revizioni\u015ftilor maghiari cu anumi\u0163i oameni din zon\u0103. Astfel, S\u00e1ndor Cso\u00f3ri \u2013 pre\u015fedintele Federa\u0163iei Mondiale a Ungurilor \u015fi, apoi, lider al Frontului Democrat Maghiar \u2013 \u0163inea leg\u0103tura cu profesorul Katona \u00c1d\u00e1m \u015fi cu actorul Bartha Mih\u00e1ly Levente (ulterior, acesta a emigrat \u00een Ungaria \u015fi s-a \u00eenscris \u00een partidul condus de Cso\u00f3ri). Rolul lor era s\u0103 atrag\u0103 intelectualii de v\u00e2rf din Odorheiu Secuiesc \u015fi Miercurea Ciuc, sub pretextul luptei \u00eempotriva asimil\u0103rii \u015fi afirm\u0103rii secuilor (ultima tem\u0103 a \u015fi revenit la mod\u0103). La o caban\u0103 din zon\u0103 aveau loc \u00eent\u00e2lniri la care mai veneau scriitorul S\u00fct\u0151 Andr\u00e1s (plecat \u015fi el \u00een Ungaria dup\u0103 evenimentele de la T\u00e2rgu Mure\u015f) \u015fi fratele lui L\u00e1szl\u00f3 T\u0151k\u00e9s. \u00cen ce-l prive\u015fte pe S\u00fct\u0151 Andr\u00e1s, acesta \u015fi-a \u00eendesit vizitele la Consulatul Maghiar din Cluj, iar dup\u0103 desfiin\u0163area acestuia, la Ambasada Ungariei de la Bucure\u015fti, \u00een acela\u015fi timp fiind contactat \u015fi de al\u0163i diploma\u0163i str\u0103ini acredita\u0163i la Budapesta. Mai ales diploma\u0163i maghiari, britanici \u015fi francezi \u015fi-au intensificat prezen\u0163a \u00een Harghita \u015fi Covasna. C\u0103 lucrurile au fost preg\u0103tite cu aten\u0163ie, o demonstreaz\u0103 \u015fi faptul c\u0103, \u00een 23 decembrie, a \u015fi ap\u0103rut pe pia\u0163\u0103 un ziar \u00een limba maghiar\u0103. De altfel, din prim\u0103vara anului 1989, \u00een zon\u0103 au ap\u0103rut \u015fi ru\u015fii, c\u00e2te 2-3 \u00eentr-un autoturism Lada. A crescut \u015fi num\u0103rul celor care fugeau \u00een Ungaria (\u201eevazioni\u015fti\u201d \u2013 cum le spuneam), majoritatea merg\u00e2nd s\u0103 se preg\u0103teasc\u0103 \u00een tab\u0103ra de la Bicske.<\/h4>\n<h4 style=\"text-align: justify;\">Zilele de 20-21 decembrie au fost marcate de provoc\u0103ri: au fost incendiate depozitele de f\u00e2n de la CAP-urile din Zetea \u015fi Dealu (localit\u0103\u0163i de l\u00e2ng\u0103 Odorheiu Secuiesc), precum \u015fi depozitul fabricii de mobil\u0103 de l\u00e2ng\u0103 gara ora\u015fului (dintr-un tren s-a aruncat o sticl\u0103 incendiar\u0103 pe acoperi\u015ful de plastic al depozitului). \u00cen diminea\u0163a zilei de 22 decembrie, am predat armele la fi\u015fet, conform ordinului generalului Iulian Vlad. Comandantul Securit\u0103\u0163ii din Odorheiu Secuiesc, locotenent-colonelul Dumitru Coman a dat ordin ca nimeni s\u0103 nu p\u0103r\u0103seasc\u0103 sediul (aveam sediu comun cu Mili\u0163ia, noi la etaj, ei la parter). Eu am primit sarcina s\u0103 aduc ni\u015fte paturi \u015fi saltele de la internatul liceului. C\u00e2nd m\u0103 \u00eentorceam cu ele, la radio s-a anun\u0163at sinuciderea lui Milea. Pentru a \u00eent\u0103ri siguran\u0163a sediului a fost adus un pluton din trupele de securitate. Cam la o or\u0103 dup\u0103 discursul lui Mircea Dinescu de la televiziune, \u00een fa\u0163a sediului s-au adunat protestatari. La \u00eenceput au fost pa\u015fnici, apoi au \u00eenceput s\u0103 sparg\u0103 geamurile \u015fi s\u0103 agreseze mili\u0163ienii care intrau sau ie\u015feau din sediu. \u00cen depozitul de la parter al Mili\u0163iei se aflau aparate video confiscate din dispozi\u0163ia fostului \u015fef al Mili\u0163iei de la cet\u0103\u0163enii care contraveniser\u0103 dispozi\u0163iilor legale. Protestatarii au spart depozitul ca s\u0103-\u015fi recupereze aparatele.<\/h4>\n<h4 style=\"text-align: justify;\">\u00cen jurul orei 16.00, plutonul de securitate a primit ordin s\u0103 se retrag\u0103 \u00een cazarma de la Gheorgheni. Am profitat de situa\u0163ie pentru a salva documentele. Am deschis \u015fi golit fi\u015fetele \u015fi am pus documentele \u00een camionul cu solda\u0163i, iar peste ele s-au a\u015fezat militarii, masc\u00e2ndu-le. Camionul a reu\u015fit s\u0103 plece, dup\u0103 ce s-a negociat cu un tractorist care blocase poarta cu tractorul. Astfel, documentele au fost salvate \u015fi ulterior recuperate.<\/h4>\n<h4 style=\"text-align: justify;\">\u00cen sediul de la etaj al Securit\u0103\u0163ii r\u0103m\u0103sesem c\u00e2\u0163iva ofi\u0163eri: eu (Mircea Buie \u2013 n.n.), Ioan Trifu, Dan Co\u0163ofan\u0103, Dan Petrariu \u015fi comandantul, locotenent-colonelul Dumitru Coman. \u00centre timp, protestatarii au devastat parterul \u015fi l-au incendiat. Din cauza fumului, am ie\u015fit \u00een curtea din spate, unde se aflau garajele. Dialogam cu manifestan\u0163ii, \u00eendemn\u00e2ndu-i la calm \u015fi repet\u00e2nd: \u201eNu vrem s\u00e2nge!\u201d. Se aduna tot mai mult\u0103 lume. \u00cen jurul orei 18.00 a sosit un grup de oameni b\u0103u\u0163i \u015fi violen\u0163i. \u00cemi repro\u015fau c\u0103 sunt ofi\u0163er de securitate. Un t\u00e2n\u0103r cam la 30 de ani, \u00eembr\u0103cat \u00een costum popular secuiesc \u2013 liderul acelui grup \u2013 m-a \u00eentrebat dac\u0103-s rom\u00e2n sau maghiar.<\/h4>\n<h4 style=\"text-align: justify;\">Am min\u0163it, spun\u00e2nd c\u0103 tata e rom\u00e2n, iar mama unguroaic\u0103. T\u00e2n\u0103rul a fost tran\u015fant: \u201eNu corespunde. Executa\u0163i-l!\u201d Pe l\u00e2ng\u0103 cei ce incitau la violen\u0163\u0103 (vezi Kapdeb\u00f3 \u2013 directorul \u015ecolii de \u015foferi amatori din Odorheiu Secuiesc), existau \u015fi \u00eendemnuri la calm \u015fi la renun\u0163area la acte de violen\u0163\u0103, venite chiar de la etnici maghiari (cum a fost Iosif Pet\u0151, viitor prosper om de afaceri).<\/h4>\n<h4 style=\"text-align: justify;\">Dup\u0103 ce s-a dat sentin\u0163a \u201eexecuta\u0163i-l\u201d, am fost luat cu for\u0163a \u015fi scos din incinta sediului, care se afla l\u00e2ng\u0103 un complex alimentar, de care era desp\u0103r\u0163it de o strad\u0103 m\u0103rginit\u0103 de castani. Cineva din mul\u0163ime a strigat: \u201eS\u0103-l sp\u00e2nzur\u0103m!\u201d Imediat au adus de la alimentar\u0103 o fr\u00e2nghie \u015fi o lad\u0103 de ambalaje de la sticle. Au legat fr\u00e2nghia de creanga unui castan, m-au urcat pe lad\u0103 \u015fi mi-au pus \u015ftreangul de g\u00e2t. Apoi au tras lada. \u00cens\u0103, creanga a cedat \u015fi s-a rupt. \u00cen acel moment, s-a creat o busculad\u0103, provocat\u0103 de un grup de karati\u015fti, antrena\u0163i de inginerul Mika Domokos (\u015feful unei prospere ferme agricole de l\u00e2ng\u0103 ora\u015f). Ei m-au \u00eenconjurat, mi-au scos funia cu tot cu restul de creang\u0103 \u015fi m-au condus \u00een interiorul depozitului Peco din apropiere. Oric\u00e2t m-au protejat, tot am fost lovit \u00een cap cu o sticl\u0103 de un litru.<\/h4>\n<h4 style=\"text-align: justify;\">Dar am sc\u0103pat. Cum rana la cap era destul de ad\u00e2nc\u0103, am fost dus prin spate la spital, unde am r\u0103mas \u00eentr-un fel de \u201carest medical\u201d, r\u0103stimp \u00een care (\u00een seara zilei de 22 decembrie) mi-a fost spart\u0103 \u015fi devastat\u0103 locuin\u0163a.<\/h4>\n<h4 style=\"text-align: justify;\">\u00cen spital am mai g\u0103sit 3-4 mili\u0163ieni \u015fi un ofi\u0163er de securitate, care fuseser\u0103 grav b\u0103tu\u0163i. Mai era \u015fi o persoan\u0103 din Zetea, care se alesese cu o plag\u0103 \u00eempu\u015fcat\u0103, dup\u0103 ce fusese omor\u00e2t adjunctul \u015fefului de post din localitate. Tragic\u0103 a fost \u015fi moartea \u015fefului de post din Dealu \u2013 Liviu Cheochi\u015fan \u2013 tat\u0103l unui b\u0103ie\u0163el de doi ani. \u00cen seara zilei de 22 decembrie a fost luat din locuin\u0163\u0103, scos \u00een fa\u0163a sediului \u015fi b\u0103tut p\u00e2n\u0103 la incon\u015ftien\u0163\u0103. Apoi au turnat \u0163uic\u0103 pe el \u015fi i-au dat foc.<\/h4>\n<h4 style=\"text-align: justify;\">La Cristuru Secuiesc, un mili\u0163ian a fost omor\u00e2t de rromii pe care-i cercetase pentru diferite infrac\u0163iuni. A avut de suferit \u015fi preotul ortodox C\u0103lug\u0103ru \u2013 acuzat c\u0103-i protejeaz\u0103 pe ofi\u0163erii de securitate. De aceea, l-au c\u0103utat \u015fi la biseric\u0103 \u015fi la casa parohial\u0103.<\/h4>\n<h4 style=\"text-align: justify;\">\u015ei destinul locotenet-colonelului Dumitru Coman a fost crunt. Dup\u0103 apari\u0163ia lui Dinescu la TVR, so\u0163ia acestuia l-a rugat s\u0103 vin\u0103 acas\u0103. A refuzat-o, r\u0103m\u00e2n\u00e2nd \u00een sediu, la datorie, \u015fi lini\u015ftind-o c\u0103 nu are de ce s\u0103 se team\u0103. (\u00centr-adev\u0103r, era perceput ca un om de treab\u0103 \u015fi era chiar \u00eendr\u0103git \u00een ora\u015f). Ultima dat\u0103 l-am v\u0103zut \u00eenainte ca eu s\u0103 fiu dus la sp\u00e2nzurat, el r\u0103m\u00e2n\u00e2nd \u00een curtea cu garajele. C\u00e2nd eram internat, Venczel, directorul spitalului, mi-a spus: \u201e\u00cemi pare r\u0103u, dar pentru \u015feful dvs. n-am putut face nimic, dec\u00e2t s\u0103 constat decesul.\u201d Am aflat c\u0103 Dumitru Coman a fost scos \u00een strad\u0103, omor\u00e2t \u00een b\u0103taie \u015fi apoi aruncat \u00een curtea spitalului. Criminalistul mili\u0163iei, Pop, mi-a spus c\u0103 Dumitru Coman nu mai avea nici un os \u00eentreg. Se \u015ftie cine l-a ucis, exist\u0103 \u00eenregistr\u0103ri video \u015fi martori. Dar to\u0163i uciga\u015fii de etnie maghiar\u0103 au fost pu\u015fi ulterior \u00een libertate, \u00een urma demersurilor pe la forurile europene, \u00eentreprinse de frunta\u015ful UDMR, Gy\u00f6rgy Frunda.<\/h4>\n<h4 style=\"text-align: justify;\">\u00cent\u00e2lnindu-m\u0103 prin 1990 cu Corneliu Vadim Tudor, care-mi cuno\u015ftea povestea, acesta m-a \u00eentrebat ce g\u00e2ndeam \u00een momentul \u00een care eram cu \u015ftreangul de g\u00e2t. R\u0103spunsul meu poate l-a surprins. M\u0103 g\u00e2ndeam s\u0103 nu m\u0103 desfigureze prea mult, ca s\u0103 m\u0103 poat\u0103 \u00eenmorm\u00e2nta ai mei \u00een sicriu descoperit. Nu le-am povestit p\u0103rin\u0163ilor mei prin ce-am trecut. Au aflat despre p\u0103\u0163ania mea de la televizor, c\u00e2nd se prezentau rezultatele Comisiei parlamentare asupra evenimentelor din 17-24 decembrie 1989 din Covasna. C\u00e2nd a auzit toat\u0103 groz\u0103via, mama a sc\u0103pat tava din m\u00e2n\u0103.<\/h4>\n<h4 style=\"text-align: justify;\">\u00cen Evul Mediu sc\u0103pai de sp\u00e2nzur\u0103toare dac\u0103 o femeie te cerea de so\u0163. Eu am sc\u0103pat altfel. Poate nu \u00eent\u00e2mpl\u0103tor, am fost pasionat de dendrologie (\u00eenainte de a fi ofi\u0163er am lucrat \u00een silvicultur\u0103). Peste ani, m-am \u00eent\u00e2lnit cu un fost coleg, care m-a \u00eentrebat dac\u0103 mai \u015ftiu ceva dendrologie. \u015ei, ca s\u0103 se conving\u0103, m-a \u00eentrebat care e cea mai valoroas\u0103 specie de la noi. I-am r\u0103spuns c\u0103 nu mai e stejarul, ci castanul porcesc. C\u0103ci, dac\u0103 m-ar fi sp\u00e2nzurat de un stejar, acum \u00eemi aduceai flori la morm\u00e2nt.\u201d<\/h4>\n<h4 style=\"text-align: justify;\"><em>(M\u0103rturie consemnat\u0103 de Ananei Gagniuc \u0219i publicat\u0103 \u00een volumul scris de Aurel I. Rogojan \u2013 1989 Dintr-o iarna in alta&#8230; Romania in resorturile secrete ale istoriei)<\/em><\/h4>        <div class=\"booster-block booster-reactions-block\">\n            <div class=\"twp-reactions-icons\">\n                \n                <div class=\"twp-reacts-wrap\">\n                    <a react-data=\"be-react-1\" post-id=\"3894\" class=\"be-face-icons un-reacted\" href=\"javascript:void(0)\">\n                        <img decoding=\"async\" src=\"https:\/\/desteptati-va.ro\/wp-content\/plugins\/booster-extension\/\/assets\/icon\/happy.svg\" alt=\"Happy\">\n                    <\/a>\n                    <div class=\"twp-reaction-title\">\n                        Happy                    <\/div>\n                    <div class=\"twp-count-percent\">\n                                                    <span style=\"display: none;\" class=\"twp-react-count\">0<\/span>\n                        \n                                                <span class=\"twp-react-percent\"><span>0<\/span> %<\/span>\n                                            <\/div>\n                <\/div>\n\n                <div class=\"twp-reacts-wrap\">\n                    <a react-data=\"be-react-2\" post-id=\"3894\" class=\"be-face-icons un-reacted\" href=\"javascript:void(0)\">\n                        <img decoding=\"async\" src=\"https:\/\/desteptati-va.ro\/wp-content\/plugins\/booster-extension\/\/assets\/icon\/sad.svg\" alt=\"Sad\">\n                    <\/a>\n                    <div class=\"twp-reaction-title\">\n                        Sad                    <\/div>\n                    <div class=\"twp-count-percent\">\n                                                    <span style=\"display: none;\" class=\"twp-react-count\">0<\/span>\n                                                                        <span class=\"twp-react-percent\"><span>0<\/span> %<\/span>\n                                            <\/div>\n                <\/div>\n\n                <div class=\"twp-reacts-wrap\">\n                    <a react-data=\"be-react-3\" post-id=\"3894\" class=\"be-face-icons un-reacted\" href=\"javascript:void(0)\">\n                        <img decoding=\"async\" src=\"https:\/\/desteptati-va.ro\/wp-content\/plugins\/booster-extension\/\/assets\/icon\/excited.svg\" alt=\"Excited\">\n                    <\/a>\n                    <div class=\"twp-reaction-title\">\n                        Excited                    <\/div>\n                    <div class=\"twp-count-percent\">\n                                                    <span style=\"display: none;\" class=\"twp-react-count\">0<\/span>\n                                                                        <span class=\"twp-react-percent\"><span>0<\/span> %<\/span>\n                                            <\/div>\n                <\/div>\n\n                <div class=\"twp-reacts-wrap\">\n                    <a react-data=\"be-react-6\" post-id=\"3894\" class=\"be-face-icons un-reacted\" href=\"javascript:void(0)\">\n                        <img decoding=\"async\" src=\"https:\/\/desteptati-va.ro\/wp-content\/plugins\/booster-extension\/\/assets\/icon\/sleepy.svg\" alt=\"Sleepy\">\n                    <\/a>\n                    <div class=\"twp-reaction-title\">\n                        Sleepy                    <\/div>\n                    <div class=\"twp-count-percent\">\n                                                    <span style=\"display: none;\" class=\"twp-react-count\">0<\/span>\n                        \n                                                <span class=\"twp-react-percent\"><span>0<\/span> %<\/span>\n                                            <\/div>\n                <\/div>\n\n                <div class=\"twp-reacts-wrap\">\n                    <a react-data=\"be-react-4\" post-id=\"3894\" class=\"be-face-icons un-reacted\" href=\"javascript:void(0)\">\n                        <img decoding=\"async\" src=\"https:\/\/desteptati-va.ro\/wp-content\/plugins\/booster-extension\/\/assets\/icon\/angry.svg\" alt=\"Angry\">\n                    <\/a>\n                    <div class=\"twp-reaction-title\">Angry<\/div>\n                    <div class=\"twp-count-percent\">\n                                                    <span style=\"display: none;\" class=\"twp-react-count\">0<\/span>\n                                                                        <span class=\"twp-react-percent\"><span>0<\/span> %<\/span>\n                        \n                    <\/div>\n                <\/div>\n\n                <div class=\"twp-reacts-wrap\">\n                    <a react-data=\"be-react-5\" post-id=\"3894\" class=\"be-face-icons un-reacted\" href=\"javascript:void(0)\">\n                        <img decoding=\"async\" src=\"https:\/\/desteptati-va.ro\/wp-content\/plugins\/booster-extension\/\/assets\/icon\/surprise.svg\" alt=\"Surprise\">\n                    <\/a>\n                    <div class=\"twp-reaction-title\">Surprise<\/div>\n                    <div class=\"twp-count-percent\">\n                                                    <span style=\"display: none;\" class=\"twp-react-count\">0<\/span>\n                                                                        <span class=\"twp-react-percent\"><span>0<\/span> %<\/span>\n                                            <\/div>\n                <\/div>\n\n            <\/div>\n        <\/div>\n\n    <\/div>","protected":false},"excerpt":{"rendered":"<p>\u201e\u00cen 1989, aveam semnale clare de intensificare a contactelor revizioni\u015ftilor maghiari cu anumi\u0163i oameni din zon\u0103. Astfel, S\u00e1ndor Cso\u00f3ri \u2013<a href=\"https:\/\/desteptati-va.ro\/index.php\/2021\/04\/19\/marturia-unui-condamnat-la-moarte-prin-spanzurare-de-extremistii-unguri\/\">Read More<i class=\"fa fa-long-arrow-right\" aria-hidden=\"true\"><\/i><\/a><\/p>\n","protected":false},"author":1,"featured_media":4578,"comment_status":"open","ping_status":"open","sticky":false,"template":"","format":"standard","meta":{"_crdt_document":"","footnotes":""},"categories":[3,9],"tags":[1113,1114,1115,1116,59,60,1117,806,1118,580,513,1119,599,1120,1121,1122,1123,158,1124,160,1125,1126,797],"class_list":["post-3894","post","type-post","status-publish","format-standard","has-post-thumbnail","hentry","category-decembrie-89","category-securistii-teroristii","tag-arest","tag-batuti","tag-bestialitate","tag-cap","tag-desteptati","tag-desteptati-va","tag-diplomati","tag-etnie","tag-evazionisti","tag-iulian-vlad","tag-maghiar","tag-miercurea-ciuc","tag-militia","tag-mircea-buie","tag-moarte","tag-odorheiul-secuiesc","tag-predare-arme","tag-revizionism","tag-secui","tag-securitatea","tag-spital","tag-streang","tag-trupe"],"rise-blocks_total_comments":0,"rise-blocks_categories":[{"term_id":9,"name":"Securistii-Teroristii","slug":"securistii-teroristii","term_group":0,"term_taxonomy_id":9,"taxonomy":"category","description":"","parent":3,"count":16,"filter":"raw"}],"rise-blocks_excerpt":"\u201e\u00cen 1989, aveam semnale clare de intensificare a contactelor revizioni\u015ftilor maghiari cu anumi\u0163i oameni din zon\u0103. Astfel, S\u00e1ndor Cso\u00f3ri \u2013 pre\u015fedintele Federa\u0163iei Mondiale a Ungurilor \u015fi, apoi, lider al Frontului Democrat Maghiar \u2013 \u0163inea leg\u0103tura cu profesorul Katona \u00c1d\u00e1m \u015fi cu actorul Bartha Mih\u00e1ly Levente (ulterior, acesta a emigrat \u00een Ungaria \u015fi s-a \u00eenscris \u00een partidul condus de Cso\u00f3ri). Rolul..","yoast_head":"<!-- This site is optimized with the Yoast SEO plugin v26.9 - https:\/\/yoast.com\/product\/yoast-seo-wordpress\/ -->\r\n<title>Marturia unui condamnat la moarte prin sp\u00e2nzurare de extremi\u015ftii unguri -<\/title>\r\n<meta name=\"robots\" content=\"index, follow, max-snippet:-1, max-image-preview:large, max-video-preview:-1\" \/>\r\n<link rel=\"canonical\" href=\"https:\/\/desteptati-va.ro\/index.php\/2021\/04\/19\/marturia-unui-condamnat-la-moarte-prin-spanzurare-de-extremistii-unguri\/\" \/>\r\n<meta property=\"og:locale\" content=\"ro_RO\" \/>\r\n<meta property=\"og:type\" content=\"article\" \/>\r\n<meta property=\"og:title\" content=\"Marturia unui condamnat la moarte prin sp\u00e2nzurare de extremi\u015ftii unguri -\" \/>\r\n<meta property=\"og:description\" content=\"\u201e\u00cen 1989, aveam semnale clare de intensificare a contactelor revizioni\u015ftilor maghiari cu anumi\u0163i oameni din zon\u0103. Astfel, S\u00e1ndor Cso\u00f3ri \u2013Read More\" \/>\r\n<meta property=\"og:url\" content=\"https:\/\/desteptati-va.ro\/index.php\/2021\/04\/19\/marturia-unui-condamnat-la-moarte-prin-spanzurare-de-extremistii-unguri\/\" \/>\r\n<meta property=\"article:published_time\" content=\"2021-04-19T07:55:42+00:00\" \/>\r\n<meta property=\"article:modified_time\" content=\"2022-01-31T07:26:25+00:00\" \/>\r\n<meta property=\"og:image\" content=\"https:\/\/desteptati-va.ro\/wp-content\/uploads\/2021\/04\/Marturia.jpg\" \/>\r\n\t<meta property=\"og:image:width\" content=\"197\" \/>\r\n\t<meta property=\"og:image:height\" content=\"256\" \/>\r\n\t<meta property=\"og:image:type\" content=\"image\/jpeg\" \/>\r\n<meta name=\"author\" content=\"wolfsoftcompany\" \/>\r\n<meta name=\"twitter:card\" content=\"summary_large_image\" \/>\r\n<meta name=\"twitter:label1\" content=\"Scris de\" \/>\n\t<meta name=\"twitter:data1\" content=\"wolfsoftcompany\" \/>\n\t<meta name=\"twitter:label2\" content=\"Timp estimat pentru citire\" \/>\n\t<meta name=\"twitter:data2\" content=\"8 minute\" \/>\r\n<script type=\"application\/ld+json\" class=\"yoast-schema-graph\">{\"@context\":\"https:\/\/schema.org\",\"@graph\":[{\"@type\":\"Article\",\"@id\":\"https:\/\/desteptati-va.ro\/index.php\/2021\/04\/19\/marturia-unui-condamnat-la-moarte-prin-spanzurare-de-extremistii-unguri\/#article\",\"isPartOf\":{\"@id\":\"https:\/\/desteptati-va.ro\/index.php\/2021\/04\/19\/marturia-unui-condamnat-la-moarte-prin-spanzurare-de-extremistii-unguri\/\"},\"author\":{\"name\":\"wolfsoftcompany\",\"@id\":\"https:\/\/desteptati-va.ro\/#\/schema\/person\/13182deeebd44920914899f7bb262d6b\"},\"headline\":\"Marturia unui condamnat la moarte prin sp\u00e2nzurare de extremi\u015ftii unguri\",\"datePublished\":\"2021-04-19T07:55:42+00:00\",\"dateModified\":\"2022-01-31T07:26:25+00:00\",\"mainEntityOfPage\":{\"@id\":\"https:\/\/desteptati-va.ro\/index.php\/2021\/04\/19\/marturia-unui-condamnat-la-moarte-prin-spanzurare-de-extremistii-unguri\/\"},\"wordCount\":1569,\"commentCount\":0,\"image\":{\"@id\":\"https:\/\/desteptati-va.ro\/index.php\/2021\/04\/19\/marturia-unui-condamnat-la-moarte-prin-spanzurare-de-extremistii-unguri\/#primaryimage\"},\"thumbnailUrl\":\"https:\/\/desteptati-va.ro\/wp-content\/uploads\/2021\/04\/Marturia.jpg\",\"keywords\":[\"arest\",\"batuti\",\"bestialitate\",\"CAP\",\"desteptati\",\"desteptati-va\",\"diplomati\",\"etnie\",\"evazionisti\",\"Iulian Vlad\",\"maghiar\",\"Miercurea Ciuc\",\"Militia\",\"Mircea Buie\",\"moarte\",\"Odorheiul Secuiesc\",\"predare arme\",\"revizionism\",\"secui\",\"Securitatea\",\"spital\",\"streang\",\"trupe\"],\"articleSection\":[\"Decembrie 89\",\"Securistii-Teroristii\"],\"inLanguage\":\"ro-RO\",\"potentialAction\":[{\"@type\":\"CommentAction\",\"name\":\"Comment\",\"target\":[\"https:\/\/desteptati-va.ro\/index.php\/2021\/04\/19\/marturia-unui-condamnat-la-moarte-prin-spanzurare-de-extremistii-unguri\/#respond\"]}]},{\"@type\":\"WebPage\",\"@id\":\"https:\/\/desteptati-va.ro\/index.php\/2021\/04\/19\/marturia-unui-condamnat-la-moarte-prin-spanzurare-de-extremistii-unguri\/\",\"url\":\"https:\/\/desteptati-va.ro\/index.php\/2021\/04\/19\/marturia-unui-condamnat-la-moarte-prin-spanzurare-de-extremistii-unguri\/\",\"name\":\"Marturia unui condamnat la moarte prin sp\u00e2nzurare de extremi\u015ftii unguri -\",\"isPartOf\":{\"@id\":\"https:\/\/desteptati-va.ro\/#website\"},\"primaryImageOfPage\":{\"@id\":\"https:\/\/desteptati-va.ro\/index.php\/2021\/04\/19\/marturia-unui-condamnat-la-moarte-prin-spanzurare-de-extremistii-unguri\/#primaryimage\"},\"image\":{\"@id\":\"https:\/\/desteptati-va.ro\/index.php\/2021\/04\/19\/marturia-unui-condamnat-la-moarte-prin-spanzurare-de-extremistii-unguri\/#primaryimage\"},\"thumbnailUrl\":\"https:\/\/desteptati-va.ro\/wp-content\/uploads\/2021\/04\/Marturia.jpg\",\"datePublished\":\"2021-04-19T07:55:42+00:00\",\"dateModified\":\"2022-01-31T07:26:25+00:00\",\"author\":{\"@id\":\"https:\/\/desteptati-va.ro\/#\/schema\/person\/13182deeebd44920914899f7bb262d6b\"},\"breadcrumb\":{\"@id\":\"https:\/\/desteptati-va.ro\/index.php\/2021\/04\/19\/marturia-unui-condamnat-la-moarte-prin-spanzurare-de-extremistii-unguri\/#breadcrumb\"},\"inLanguage\":\"ro-RO\",\"potentialAction\":[{\"@type\":\"ReadAction\",\"target\":[\"https:\/\/desteptati-va.ro\/index.php\/2021\/04\/19\/marturia-unui-condamnat-la-moarte-prin-spanzurare-de-extremistii-unguri\/\"]}]},{\"@type\":\"ImageObject\",\"inLanguage\":\"ro-RO\",\"@id\":\"https:\/\/desteptati-va.ro\/index.php\/2021\/04\/19\/marturia-unui-condamnat-la-moarte-prin-spanzurare-de-extremistii-unguri\/#primaryimage\",\"url\":\"https:\/\/desteptati-va.ro\/wp-content\/uploads\/2021\/04\/Marturia.jpg\",\"contentUrl\":\"https:\/\/desteptati-va.ro\/wp-content\/uploads\/2021\/04\/Marturia.jpg\",\"width\":197,\"height\":256},{\"@type\":\"BreadcrumbList\",\"@id\":\"https:\/\/desteptati-va.ro\/index.php\/2021\/04\/19\/marturia-unui-condamnat-la-moarte-prin-spanzurare-de-extremistii-unguri\/#breadcrumb\",\"itemListElement\":[{\"@type\":\"ListItem\",\"position\":1,\"name\":\"Prima pagin\u0103\",\"item\":\"https:\/\/desteptati-va.ro\/\"},{\"@type\":\"ListItem\",\"position\":2,\"name\":\"Marturia unui condamnat la moarte prin sp\u00e2nzurare de extremi\u015ftii unguri\"}]},{\"@type\":\"WebSite\",\"@id\":\"https:\/\/desteptati-va.ro\/#website\",\"url\":\"https:\/\/desteptati-va.ro\/\",\"name\":\"\",\"description\":\"\",\"potentialAction\":[{\"@type\":\"SearchAction\",\"target\":{\"@type\":\"EntryPoint\",\"urlTemplate\":\"https:\/\/desteptati-va.ro\/?s={search_term_string}\"},\"query-input\":{\"@type\":\"PropertyValueSpecification\",\"valueRequired\":true,\"valueName\":\"search_term_string\"}}],\"inLanguage\":\"ro-RO\"},{\"@type\":\"Person\",\"@id\":\"https:\/\/desteptati-va.ro\/#\/schema\/person\/13182deeebd44920914899f7bb262d6b\",\"name\":\"wolfsoftcompany\",\"image\":{\"@type\":\"ImageObject\",\"inLanguage\":\"ro-RO\",\"@id\":\"https:\/\/desteptati-va.ro\/#\/schema\/person\/image\/\",\"url\":\"https:\/\/secure.gravatar.com\/avatar\/a6cce9b6d101d27d91690e7073e300fed94c0899890bf998e082cb9d2c3d121e?s=96&d=mm&r=g\",\"contentUrl\":\"https:\/\/secure.gravatar.com\/avatar\/a6cce9b6d101d27d91690e7073e300fed94c0899890bf998e082cb9d2c3d121e?s=96&d=mm&r=g\",\"caption\":\"wolfsoftcompany\"},\"sameAs\":[\"http:\/\/desteptati-va.ro\"],\"url\":\"https:\/\/desteptati-va.ro\/index.php\/author\/wolfsoftcompany\/\"}]}<\/script>\r\n<!-- \/ Yoast SEO plugin. -->","yoast_head_json":{"title":"Marturia unui condamnat la moarte prin sp\u00e2nzurare de extremi\u015ftii unguri -","robots":{"index":"index","follow":"follow","max-snippet":"max-snippet:-1","max-image-preview":"max-image-preview:large","max-video-preview":"max-video-preview:-1"},"canonical":"https:\/\/desteptati-va.ro\/index.php\/2021\/04\/19\/marturia-unui-condamnat-la-moarte-prin-spanzurare-de-extremistii-unguri\/","og_locale":"ro_RO","og_type":"article","og_title":"Marturia unui condamnat la moarte prin sp\u00e2nzurare de extremi\u015ftii unguri -","og_description":"\u201e\u00cen 1989, aveam semnale clare de intensificare a contactelor revizioni\u015ftilor maghiari cu anumi\u0163i oameni din zon\u0103. Astfel, S\u00e1ndor Cso\u00f3ri \u2013Read More","og_url":"https:\/\/desteptati-va.ro\/index.php\/2021\/04\/19\/marturia-unui-condamnat-la-moarte-prin-spanzurare-de-extremistii-unguri\/","article_published_time":"2021-04-19T07:55:42+00:00","article_modified_time":"2022-01-31T07:26:25+00:00","og_image":[{"width":197,"height":256,"url":"https:\/\/desteptati-va.ro\/wp-content\/uploads\/2021\/04\/Marturia.jpg","type":"image\/jpeg"}],"author":"wolfsoftcompany","twitter_card":"summary_large_image","twitter_misc":{"Scris de":"wolfsoftcompany","Timp estimat pentru citire":"8 minute"},"schema":{"@context":"https:\/\/schema.org","@graph":[{"@type":"Article","@id":"https:\/\/desteptati-va.ro\/index.php\/2021\/04\/19\/marturia-unui-condamnat-la-moarte-prin-spanzurare-de-extremistii-unguri\/#article","isPartOf":{"@id":"https:\/\/desteptati-va.ro\/index.php\/2021\/04\/19\/marturia-unui-condamnat-la-moarte-prin-spanzurare-de-extremistii-unguri\/"},"author":{"name":"wolfsoftcompany","@id":"https:\/\/desteptati-va.ro\/#\/schema\/person\/13182deeebd44920914899f7bb262d6b"},"headline":"Marturia unui condamnat la moarte prin sp\u00e2nzurare de extremi\u015ftii unguri","datePublished":"2021-04-19T07:55:42+00:00","dateModified":"2022-01-31T07:26:25+00:00","mainEntityOfPage":{"@id":"https:\/\/desteptati-va.ro\/index.php\/2021\/04\/19\/marturia-unui-condamnat-la-moarte-prin-spanzurare-de-extremistii-unguri\/"},"wordCount":1569,"commentCount":0,"image":{"@id":"https:\/\/desteptati-va.ro\/index.php\/2021\/04\/19\/marturia-unui-condamnat-la-moarte-prin-spanzurare-de-extremistii-unguri\/#primaryimage"},"thumbnailUrl":"https:\/\/desteptati-va.ro\/wp-content\/uploads\/2021\/04\/Marturia.jpg","keywords":["arest","batuti","bestialitate","CAP","desteptati","desteptati-va","diplomati","etnie","evazionisti","Iulian Vlad","maghiar","Miercurea Ciuc","Militia","Mircea Buie","moarte","Odorheiul Secuiesc","predare arme","revizionism","secui","Securitatea","spital","streang","trupe"],"articleSection":["Decembrie 89","Securistii-Teroristii"],"inLanguage":"ro-RO","potentialAction":[{"@type":"CommentAction","name":"Comment","target":["https:\/\/desteptati-va.ro\/index.php\/2021\/04\/19\/marturia-unui-condamnat-la-moarte-prin-spanzurare-de-extremistii-unguri\/#respond"]}]},{"@type":"WebPage","@id":"https:\/\/desteptati-va.ro\/index.php\/2021\/04\/19\/marturia-unui-condamnat-la-moarte-prin-spanzurare-de-extremistii-unguri\/","url":"https:\/\/desteptati-va.ro\/index.php\/2021\/04\/19\/marturia-unui-condamnat-la-moarte-prin-spanzurare-de-extremistii-unguri\/","name":"Marturia unui condamnat la moarte prin sp\u00e2nzurare de extremi\u015ftii unguri -","isPartOf":{"@id":"https:\/\/desteptati-va.ro\/#website"},"primaryImageOfPage":{"@id":"https:\/\/desteptati-va.ro\/index.php\/2021\/04\/19\/marturia-unui-condamnat-la-moarte-prin-spanzurare-de-extremistii-unguri\/#primaryimage"},"image":{"@id":"https:\/\/desteptati-va.ro\/index.php\/2021\/04\/19\/marturia-unui-condamnat-la-moarte-prin-spanzurare-de-extremistii-unguri\/#primaryimage"},"thumbnailUrl":"https:\/\/desteptati-va.ro\/wp-content\/uploads\/2021\/04\/Marturia.jpg","datePublished":"2021-04-19T07:55:42+00:00","dateModified":"2022-01-31T07:26:25+00:00","author":{"@id":"https:\/\/desteptati-va.ro\/#\/schema\/person\/13182deeebd44920914899f7bb262d6b"},"breadcrumb":{"@id":"https:\/\/desteptati-va.ro\/index.php\/2021\/04\/19\/marturia-unui-condamnat-la-moarte-prin-spanzurare-de-extremistii-unguri\/#breadcrumb"},"inLanguage":"ro-RO","potentialAction":[{"@type":"ReadAction","target":["https:\/\/desteptati-va.ro\/index.php\/2021\/04\/19\/marturia-unui-condamnat-la-moarte-prin-spanzurare-de-extremistii-unguri\/"]}]},{"@type":"ImageObject","inLanguage":"ro-RO","@id":"https:\/\/desteptati-va.ro\/index.php\/2021\/04\/19\/marturia-unui-condamnat-la-moarte-prin-spanzurare-de-extremistii-unguri\/#primaryimage","url":"https:\/\/desteptati-va.ro\/wp-content\/uploads\/2021\/04\/Marturia.jpg","contentUrl":"https:\/\/desteptati-va.ro\/wp-content\/uploads\/2021\/04\/Marturia.jpg","width":197,"height":256},{"@type":"BreadcrumbList","@id":"https:\/\/desteptati-va.ro\/index.php\/2021\/04\/19\/marturia-unui-condamnat-la-moarte-prin-spanzurare-de-extremistii-unguri\/#breadcrumb","itemListElement":[{"@type":"ListItem","position":1,"name":"Prima pagin\u0103","item":"https:\/\/desteptati-va.ro\/"},{"@type":"ListItem","position":2,"name":"Marturia unui condamnat la moarte prin sp\u00e2nzurare de extremi\u015ftii unguri"}]},{"@type":"WebSite","@id":"https:\/\/desteptati-va.ro\/#website","url":"https:\/\/desteptati-va.ro\/","name":"","description":"","potentialAction":[{"@type":"SearchAction","target":{"@type":"EntryPoint","urlTemplate":"https:\/\/desteptati-va.ro\/?s={search_term_string}"},"query-input":{"@type":"PropertyValueSpecification","valueRequired":true,"valueName":"search_term_string"}}],"inLanguage":"ro-RO"},{"@type":"Person","@id":"https:\/\/desteptati-va.ro\/#\/schema\/person\/13182deeebd44920914899f7bb262d6b","name":"wolfsoftcompany","image":{"@type":"ImageObject","inLanguage":"ro-RO","@id":"https:\/\/desteptati-va.ro\/#\/schema\/person\/image\/","url":"https:\/\/secure.gravatar.com\/avatar\/a6cce9b6d101d27d91690e7073e300fed94c0899890bf998e082cb9d2c3d121e?s=96&d=mm&r=g","contentUrl":"https:\/\/secure.gravatar.com\/avatar\/a6cce9b6d101d27d91690e7073e300fed94c0899890bf998e082cb9d2c3d121e?s=96&d=mm&r=g","caption":"wolfsoftcompany"},"sameAs":["http:\/\/desteptati-va.ro"],"url":"https:\/\/desteptati-va.ro\/index.php\/author\/wolfsoftcompany\/"}]}},"_links":{"self":[{"href":"https:\/\/desteptati-va.ro\/index.php\/wp-json\/wp\/v2\/posts\/3894","targetHints":{"allow":["GET"]}}],"collection":[{"href":"https:\/\/desteptati-va.ro\/index.php\/wp-json\/wp\/v2\/posts"}],"about":[{"href":"https:\/\/desteptati-va.ro\/index.php\/wp-json\/wp\/v2\/types\/post"}],"author":[{"embeddable":true,"href":"https:\/\/desteptati-va.ro\/index.php\/wp-json\/wp\/v2\/users\/1"}],"replies":[{"embeddable":true,"href":"https:\/\/desteptati-va.ro\/index.php\/wp-json\/wp\/v2\/comments?post=3894"}],"version-history":[{"count":1,"href":"https:\/\/desteptati-va.ro\/index.php\/wp-json\/wp\/v2\/posts\/3894\/revisions"}],"predecessor-version":[{"id":3896,"href":"https:\/\/desteptati-va.ro\/index.php\/wp-json\/wp\/v2\/posts\/3894\/revisions\/3896"}],"wp:featuredmedia":[{"embeddable":true,"href":"https:\/\/desteptati-va.ro\/index.php\/wp-json\/wp\/v2\/media\/4578"}],"wp:attachment":[{"href":"https:\/\/desteptati-va.ro\/index.php\/wp-json\/wp\/v2\/media?parent=3894"}],"wp:term":[{"taxonomy":"category","embeddable":true,"href":"https:\/\/desteptati-va.ro\/index.php\/wp-json\/wp\/v2\/categories?post=3894"},{"taxonomy":"post_tag","embeddable":true,"href":"https:\/\/desteptati-va.ro\/index.php\/wp-json\/wp\/v2\/tags?post=3894"}],"curies":[{"name":"wp","href":"https:\/\/api.w.org\/{rel}","templated":true}]}}