{"id":3897,"date":"2021-04-19T08:03:37","date_gmt":"2021-04-19T08:03:37","guid":{"rendered":"http:\/\/desteptati.ro\/?p=3897"},"modified":"2021-04-19T08:03:37","modified_gmt":"2021-04-19T08:03:37","slug":"masacrul-de-la-otopeni-evidentele-spulbera-teoria-erorii-si-demonstreaza-crima-cu-premeditare","status":"publish","type":"post","link":"https:\/\/desteptati-va.ro\/index.php\/2021\/04\/19\/masacrul-de-la-otopeni-evidentele-spulbera-teoria-erorii-si-demonstreaza-crima-cu-premeditare\/","title":{"rendered":"Masacrul de la Otopeni \u2013 eviden\u021bele spulber\u0103 teoria erorii \u0219i demonstreaz\u0103 crima cu premeditare"},"content":{"rendered":"<div class=\"post-content\"><div class='booster-block booster-read-block'>\n                <div class=\"twp-read-time\">\n                \t<i class=\"booster-icon twp-clock\"><\/i> <span>Read Time:<\/span>7 Minute, 54 Second                <\/div>\n\n            <\/div><h4 style=\"text-align: justify;\">Unii spun c\u0103 masacrul de la Otopeni din 23 decembrie 1989 (50 de mor\u021bi, 13 r\u0103ni\u021bi \u0219i 20 supravie\u021buitori) a fost poate cea mai mare eroare a Armatei Rom\u00e2ne&#8230; Supravie\u021buitorii spun c\u0103 a fost mai mult dec\u00e2t o crim\u0103 premeditat\u0103. Dup\u0103 ce primele dou\u0103 camioane cu osta\u0219i U.M. 0865 C\u00e2mpina (Centrul de Instruc\u021bie Transmisiuni al Comandamentului Trupelor de Securitate) au fost ciuruite \u0219i ocupan\u021bii, \u00een majoritate, lovi\u021bi mortal, ceilal\u021bi au cobor\u00e2t f\u0103r\u0103 arme, \u0219i-au aruncat c\u0103\u0219tile \u0219i au ridicat m\u00e2inile. Dup\u0103 o scurt\u0103 pauz\u0103, c\u00e2t s-ar schimba \u00eenc\u0103rc\u0103torul armelor, rafalele i-au secerat. Supravie\u021buitorii au fost supu\u0219i la rele tratamente, fiind eticheta\u021bi \u201ecopiii lui Ceau\u0219escu, terori\u0219tii\u201d. Osta\u0219ii care au fost r\u0103ni\u021bi, au fost l\u0103sa\u021bi peste noapte acolo unde au c\u0103zut, f\u0103r\u0103 a li se acorda ajutor. Cei cule\u0219i \u0219i transporta\u021bi diminea\u021ba la Spitalul din Balote\u0219ti, \u00een via\u021b\u0103 fiind, au fost l\u0103sa\u021bi dou\u0103 zile s\u0103 se sf\u00e2r\u0219easc\u0103 pe ni\u0219te lespezi de morg\u0103&#8230; \u00cen vaiete, chinuri \u0219i rug\u0103min\u021bi de ajutor. Ei aveau 18-19 ani, cei mai mul\u021bi fiind \u00eencorpora\u021bi \u00een luna octombrie a aceluia\u0219i an.<\/h4>\r\n<h4 style=\"text-align: justify;\">Generalul Dumitru Puiu, comandantul Aeroportului Otopeni, a disp\u0103rut, pur \u0219i simplu, pe 24 decembrie 1989, dup\u0103 ce a anun\u021bat la TVR c\u0103 de\u021bine filme cu masacrul de la Otopeni. A fost descoperit pe str\u0103zile Timi\u0219oarei, unde a fost internat la spitalul de psihiatrie. A murit \u00een mod suspect la \u00eenceputul lui 1990.<\/h4>\r\n<h4 style=\"text-align: justify;\">Despre comandantul unit\u0103\u021bii militare de paz\u0103 a Aeroportului Interna\u021bional Otopeni, maiorul Dumitru Draghin, implicat \u00een atacarea subunit\u0103\u021bii Comandamentului Trupelor de Securitate, solicitate s\u0103 vin\u0103 \u00een sprijin, se mai cunoa\u0219te un episod care a debutat \u00een prima parte a zilei de 22 decembrie 1989.<\/h4>\r\n<h4 style=\"text-align: justify;\">\u00cen vecin\u0103tatea aeroportului, dup\u0103 un r\u00e2nd de blocuri, se afla un sediu al Centrului de Informa\u021bii Externe din Departamentul Securit\u0103\u021bii Statului, cu o mic\u0103 gospod\u0103rie \u0219i anexele aferente, \u00een care aveau loc activit\u0103\u021bi sezoniere. La sediul respectiv se aflau numai patru osta\u0219i, \u00een civil, care asigurau paza \u0219i \u00eentre\u021binerea.<\/h4>\r\n<h4 style=\"text-align: justify;\">\u00cen diminea\u021ba zilei de 22 decembrie, comandantul unit\u0103\u021bii a solicitat \u0219eful de unitate din Centrul de Informa\u021bii Externe, care administra sediul respectiv, s\u0103 permit\u0103 unui grup de militari din paza aeroportului s\u0103 efectueze o recunoa\u0219tere \u00een perimetrul \u201ebazei C.I.E.\u201d, deoarece trebuie s\u0103 verifice situa\u021bia din teren, date fiind evenimentele \u0219i starea excep\u021bional\u0103. I s-a admis cererea \u0219i s-a efectuat recunoa\u0219terea. \u00cen seara aceleia\u0219i zile, la televiziune s-a difuzat \u0219tirea fals\u0103 potrivit c\u0103reia: \u201eL\u00e2ng\u0103 Aeroportul Otopeni exist\u0103 o vil\u0103 a Securit\u0103\u021bii, din incinta c\u0103reia se intr\u0103 \u00eentr-un tunel, cu ie\u0219ire la cap\u0103tul pistei\u201d.<\/h4>\r\n<h4 style=\"text-align: justify;\">A doua zi, pe 23 decembrie, locotenent-colonelul Constantinescu, cu o grup\u0103 de 10 militari, a fost trimis de comandantul pazei militare a aeroportului s\u0103 verifice informa\u021bia transmis\u0103 pe postul televiziunii na\u021bionale. Bine\u00een\u021beles c\u0103 nu au verificat nimic, doar \u0219tiau foarte bine care este realitatea. \u00cen schimb, i-au luat pe cei patru osta\u0219i \u00een civil \u0219i ne\u00eenarma\u021bi, i-au \u00eenchis \u00een toalet\u0103, dup\u0103 care s-au pus pe mitraliat cl\u0103direa.<\/h4>\r\n<h4 style=\"text-align: justify;\">Dup\u0103 c\u00e2teva zile, c\u00e2nd a fost posibil ca \u0219eful unit\u0103\u021bii din C.I.E. s\u0103 ajung\u0103 la fa\u021ba locului, a g\u0103sit un dezastru. Interioarele devastate, dot\u0103rile disp\u0103rute, inventarul m\u0103runt, de asemenea. Din gospod\u0103ria anex\u0103 fusese luat \u0219i un alambic de \u021buic\u0103. P\u0103gubitul s-a dus la comandantul unit\u0103\u021bii de paz\u0103. \u00cen tavanul biroului acestuia era deja montat\u0103 lustra lips\u0103 din sufrageria vilei. \u00cen acela\u0219i birou a fost instalat \u0219i vitrina cu serviciile de pahare, tac\u00e2muri \u0219i vesel\u0103, covorul \u0219i cam tot ce mai \u00eenc\u0103pea. Alambicul de \u021buic\u0103 a fost identificat \u00een gospod\u0103ria soacrei comandantului, din localitatea Ianca. Alte multe bunuri, dintr-un depozit de diverse produse, \u00eenc\u0103rcate \u00een camioane au luat destina\u021bii r\u0103mase necunoscute. Desc\u0103rcarea de gestiune a fost posibil\u0103 numai urmare a aprob\u0103rilor ministrului Ap\u0103r\u0103rii, generalul Victor Atanasie St\u0103nculescu.<\/h4>\r\n<h4 style=\"text-align: justify;\">Nu a\u0219 fi dat acest exemplu, care nu este singular, dac\u0103 nu s-ar prezuma interesul public pentru preocup\u0103rile unui comandant al pazei primei por\u021bi aeriene a Rom\u00e2niei, \u00een zile \u00een care erau \u00een joc destinele \u021b\u0103rii, pe care jurase s\u0103 o apere, chiar cu pre\u021bul vie\u021bii&#8230; Jafuri \u0219i porniri pr\u0103dalnice au avut de suferit cam toate incintele Securit\u0103\u021bii ocupate \u00een acele zile ca pentru totdeauna, dar \u0219i mul\u021bi ofi\u021beri, ale c\u0103ror domicilii au fost violate \u0219i supuse perchezi\u021biilor finalizate cu \u201ese confisc\u0103\u201d. P\u00e2n\u0103 \u0219i trusele de igien\u0103 personal\u0103&#8230;<\/h4>\r\n<h4 style=\"text-align: justify;\"><strong>Ambuscada diversionist\u0103 de la Aeroportul Interna\u021bional Otopeni fusese destinat\u0103 provoc\u0103rii unui m\u0103cel asupra c\u00e2torva sute de elevi ai \u0218colii Militare de Ofi\u021beri Activi nr. 1 a Ministerului de Interne<\/strong><\/h4>\r\n<h4 style=\"text-align: justify;\">Efective ale \u0218colii Militare de Ofi\u021beri Activi nr.1 a Ministerului de Interne, care \u00eentrunea toate armele \u0219i specialit\u0103\u021bile, s-au aflat ini\u021bial \u00een dispozitivul for\u021belor de ordine din zona limitrof\u0103 perimetrului securizat al Comitetului Central.<\/h4>\r\n<h4 style=\"text-align: justify;\">\u00cen diminea\u021ba zilei de 22 decembrie 1989, c\u00e2nd Pia\u021ba Palatului Regal urma s\u0103 fie ocupat\u0103 de mul\u021bimile care afluiau dinspre marile platforme industriale c\u0103tre zona central\u0103 a Capitalei, generalul Iulian Vlad i-a ordonat \u0219efului Statului Major al \u0218colii, colonelul Gheorghe Rabacel, s\u0103 retrag\u0103 toate efectivele \u00een \u0219coal\u0103, \u00een deplin\u0103 ordine \u0219i cu m\u0103surile de asigurare necesare, pentru a nu se face uz de arm\u0103.<\/h4>\r\n<h4 style=\"text-align: justify;\">Ordinul a fost executat \u00eentocmai, ofi\u021berii comandan\u021bi ai subunit\u0103\u021bilor au \u00eembarcat elevii \u0219i coloana a parcurs \u00een ordine, f\u0103r\u0103r evenimente, tot traseul celor circa 11 km, distan\u021ba p\u00e2n\u0103 la intersec\u021bia \u0219oselei Bucure\u0219ti-Ploie\u0219ti, cu Aleea Privighetorilor, unde se afla \u201e\u0218coala B\u0103neasa\u201d.<\/h4>\r\n<h4 style=\"text-align: justify;\">Dup\u0103 abandonarea de c\u0103tre Nicolae Ceau\u0219escu a \u201epostului de lupt\u0103\u201d \u2013 cum numise el sediul Comitetului Central \u2013 fratele s\u0103u omonim, generalul Nicolae Ceau\u0219escu (numit Andru\u021b\u0103, pentru a nu se confunda cu Secretarul General), care era comandantul \u201e\u0218colii B\u0103neasa\u201d, s-a retras la gospod\u0103ria agricol\u0103 a \u0219colii din localitatea Petr\u0103chioaia \u2013 Ilfov, comanda fiind exercitat\u0103 de primul s\u0103u adjunct \u0219i \u0219ef al statului major, colonelul Gheorghe Rabacel, un ofi\u021ber etalon al competen\u021bei \u0219i capacit\u0103\u021bii de asumare a deciziei \u00een situa\u021bii critice extreme.<\/h4>\r\n<h4 style=\"text-align: justify;\"><\/h4>\r\n<figure id=\"attachment_1768\" aria-describedby=\"caption-attachment-1768\" style=\"width: 441px\" class=\"wp-caption aligncenter\"><a href=\"http:\/\/www.desteptati-va.ro\/wp-content\/uploads\/2011\/04\/Iosif_Rus.jpg\"><img loading=\"lazy\" decoding=\"async\" class=\" wp-image-1768\" title=\"generalul Iosif Rus\" src=\"http:\/\/www.desteptati-va.ro\/wp-content\/uploads\/2011\/04\/Iosif_Rus-239x300.jpg\" alt=\"generalul Iosif Rus\" width=\"441\" height=\"554\" \/><\/a><figcaption id=\"caption-attachment-1768\" class=\"wp-caption-text\">generalul Iosif Rus<\/figcaption><\/figure>\r\n<h4 style=\"text-align: justify;\">\u00cen fatidica zi de 23 decembrie 1989, c\u00e2nd unit\u0103\u021bile Ministerului de Interne \u0219i ale Departamentului Securit\u0103\u021bii Statului \u201eerau integrate comenzii unice a Ministerului Ap\u0103r\u0103rii Na\u021bionale\u201d, colonelul Gheorghe Rabacel prime\u0219te ordin din partea \u0219efului Comandamentului Avia\u021biei Militare, generalul Rus, care \u00ee\u0219i avea sediul vis-a-vis de \u0219coal\u0103, peste \u0219oseaua Bucure\u0219ti-Ploie\u0219ti, s\u0103 \u00eembarce de urgen\u021b\u0103 o treime din efective \u0219i s\u0103 le deplaseze pentru \u201eap\u0103rarea Aeroportului Interna\u021bional Otopeni, care este atacat de terori\u0219ti\u201d.<\/h4>\r\n<h4 style=\"text-align: justify;\">Colonelul Rabacel a dispus preg\u0103tirea \u0219i \u00eembarcarea efectivelor solicitate, dar nu a ordonat punerea \u00een mi\u0219care, p\u00e2n\u0103 nu a \u00eentreprins un minim de m\u0103suri privind ob\u021binerea de informa\u021bii despre situa\u021bia operativ\u0103 \u00een care se afla aeroportul. Ofi\u021berul \u0219tia c\u0103, acolo unde urma s\u0103 se deplaseze cu c\u00e2teva sute de elevi, exist\u0103 dispozitive de securitate aeroportuar\u0103 \u0219i antiterorist\u0103, asigurate de un complex de for\u021be, cu misiuni precise prev\u0103zute \u00een \u201ePlanul de cooperare dintre Ministerul Ap\u0103rarii Na\u021bionale, Ministerul de Interne, Ministerul Transporturilor(&#8230;)\u201d \u0219i alte institu\u021bii cu responsabilit\u0103\u021bi \u00eentr-un aeroport interna\u021bional, care era \u0219i cel mai important punct de frontier\u0103 aerian al \u021b\u0103rii, unde operau \u0219i agen\u021bi de securitate ai zborurilor unor companii aviatice str\u0103ine.<\/h4>\r\n<h4 style=\"text-align: justify;\">Din prima m\u0103sur\u0103 de verificare \u2013 contractarea ofi\u021berului Unit\u0103\u021bii Speciale de Lupt\u0103 Antiterorist\u0103 (U.S.L.A.), \u0219ef al dispozitivului antiterorist din aeroport, maiorul T\u0103nase Vizitiu, fost subordonat al s\u0103u \u00een \u0219coal\u0103 \u2013 colonelul Rabacel prime\u0219te urm\u0103toarele date operative: (1) Nimeni nu atac\u0103 Aeroportul Interna\u021bional Otopeni; (2) Dispozitivele de securitate aeroportuar\u0103 \u0219i ap\u0103rare antiterorist\u0103 nu se confrunt\u0103 cu vreo situa\u021bie special\u0103; (3) Efectivele antiteroriste ale U.S.L.A. \u0219i-au depus \u0219i \u00eenchis armele, pentru a nu avea loc provoc\u0103ri, afl\u00e2ndu-se sub controlul dispozitivului Ministerului Ap\u0103r\u0103rii Na\u021bionale (care, potrivit planului de cooperare nu avea competen\u021be dec\u00e2t \u00een ceea ce prive\u0219te paza perimetrului exterior, respingerea atacurilor din aer, de ap\u0103rarea militar\u0103 a obiectivului, nu ordinea \u0219i securitatea interioar\u0103 a acestuia \u2013 n.n.).<\/h4>\r\n<h4 style=\"text-align: justify;\">Pe baza inform\u0103rii primite, a dispus deblocarea efectivelor de elevi, asum\u00e2ndu-\u0219i riscul de a nu executa ordinul transmis de comandantul avia\u021biei militare.<\/h4>\r\n<h4 style=\"text-align: justify;\">Ce se putea \u00eent\u00e2mpla dac\u0103 \u0219eful statului major ac\u021biona f\u0103r\u0103 s\u0103 caute s\u0103 ob\u021bin\u0103 minimum de informa\u021bii asupra situa\u021biei din zona de opera\u021bii \u00een care a fost trimis? Ceea ce s-a \u00eent\u00e2mplat spre sear\u0103, la l\u0103sarea \u00eentunericului, c\u00e2nd au intrat \u00een ambuscad\u0103 efectivele Centrului de Instruc\u021bie Transmisiuni C\u00e2mpina al Comandamentului Trupelor de Securitate. Dar sub canonada uciga\u0219\u0103 c\u0103deau r\u0103pu\u0219i sute de tineri, c\u0103ci asta \u00eensemna o treime din efectivele \u0219colii care preg\u0103tea ofi\u021beri de informa\u021bii, judiciari\u0219ti, criminali\u0219ti, de pompieri, ofi\u021beri pentru trupele de securitate, pentru punctele de frontier\u0103 \u0219i tote celelalte specialit\u0103\u021bi ale Ministerului de Interne.<\/h4>\r\n<h4 style=\"text-align: justify;\">O alt\u0103 solicitare de interven\u021bie pentru \u201eap\u0103rarea \u00eempotriva atacurilor teroriste\u201d a fost f\u0103cut\u0103 de c\u0103tre generalul Mocanu, \u0219eful Comandamentului Ap\u0103r\u0103rii Locale Antiaeriene, de asemenea situat \u00een vecin\u0103tatea \u0219colii. Dac\u0103 o asemenea amenin\u021bare era real\u0103, ea viza \u0219i \u0219coala. Din nou, colonelul Rabacel a dovedit luciditate \u00een aprecierea situa\u021biei operative \u0219i\u00a0 nu a scos efectivele din unitate.<\/h4>\r\n<h4 style=\"text-align: justify;\">\u00cen noaptea\/nop\u021bile care au urmat, asupra \u201e\u0218colii B\u0103neasa\u201d s-a tras dinspre comandamentele \u0219i unit\u0103\u021bile militare vecine peste un milion de cartu\u0219e. Din \u0219coal\u0103 nu s-a ripostat nici m\u0103car cu un foc accidental de arm\u0103. Gloan\u021bele au f\u00e2\u0219iat fiecare pom fructifer dintr-o splendid\u0103 livad\u0103 care, \u00een prim\u0103vara ce a urmat, nu a mai dat nicio frunz\u0103, murind sub greutatea \u0219i otrava plumbilor care trebuiau s\u0103 provoace \u0219i acolo un m\u0103cel. Asta s\u0103 fi \u00eensemnat obstinatul apel \u201e\u00een cod\u201d al generalului Militaru: \u201eOpri\u021bi m\u0103celul! \u00cen numele vie\u021bii, opri\u021bi m\u0103celul!\u201d, transmis cu o zi \u00eenainte, c\u00e2nd lumea se relaxase \u0219i euforia umplea str\u0103zile, pentru ca, la numai c\u00e2teva ore, s\u0103 \u00eenceap\u0103 marea diversiune terorist\u0103?!<\/h4>\r\n<h4 style=\"text-align: justify;\"><em>Aurel I. Rogojan &#8211; 1989 Dintr- iarna in alta&#8230;Romania in resorturile secrete ale istoriei<\/em><\/h4>        <div class=\"booster-block booster-reactions-block\">\n            <div class=\"twp-reactions-icons\">\n                \n                <div class=\"twp-reacts-wrap\">\n                    <a react-data=\"be-react-1\" post-id=\"3897\" class=\"be-face-icons un-reacted\" href=\"javascript:void(0)\">\n                        <img decoding=\"async\" src=\"https:\/\/desteptati-va.ro\/wp-content\/plugins\/booster-extension\/\/assets\/icon\/happy.svg\" alt=\"Happy\">\n                    <\/a>\n                    <div class=\"twp-reaction-title\">\n                        Happy                    <\/div>\n                    <div class=\"twp-count-percent\">\n                                                    <span style=\"display: none;\" class=\"twp-react-count\">0<\/span>\n                        \n                                                <span class=\"twp-react-percent\"><span>0<\/span> %<\/span>\n                                            <\/div>\n                <\/div>\n\n                <div class=\"twp-reacts-wrap\">\n                    <a react-data=\"be-react-2\" post-id=\"3897\" class=\"be-face-icons un-reacted\" href=\"javascript:void(0)\">\n                        <img decoding=\"async\" src=\"https:\/\/desteptati-va.ro\/wp-content\/plugins\/booster-extension\/\/assets\/icon\/sad.svg\" alt=\"Sad\">\n                    <\/a>\n                    <div class=\"twp-reaction-title\">\n                        Sad                    <\/div>\n                    <div class=\"twp-count-percent\">\n                                                    <span style=\"display: none;\" class=\"twp-react-count\">2<\/span>\n                                                                        <span class=\"twp-react-percent\"><span>22<\/span> %<\/span>\n                                            <\/div>\n                <\/div>\n\n                <div class=\"twp-reacts-wrap\">\n                    <a react-data=\"be-react-3\" post-id=\"3897\" class=\"be-face-icons un-reacted\" href=\"javascript:void(0)\">\n                        <img decoding=\"async\" src=\"https:\/\/desteptati-va.ro\/wp-content\/plugins\/booster-extension\/\/assets\/icon\/excited.svg\" alt=\"Excited\">\n                    <\/a>\n                    <div class=\"twp-reaction-title\">\n                        Excited                    <\/div>\n                    <div class=\"twp-count-percent\">\n                                                    <span style=\"display: none;\" class=\"twp-react-count\">1<\/span>\n                                                                        <span class=\"twp-react-percent\"><span>11<\/span> %<\/span>\n                                            <\/div>\n                <\/div>\n\n                <div class=\"twp-reacts-wrap\">\n                    <a react-data=\"be-react-6\" post-id=\"3897\" class=\"be-face-icons un-reacted\" href=\"javascript:void(0)\">\n                        <img decoding=\"async\" src=\"https:\/\/desteptati-va.ro\/wp-content\/plugins\/booster-extension\/\/assets\/icon\/sleepy.svg\" alt=\"Sleepy\">\n                    <\/a>\n                    <div class=\"twp-reaction-title\">\n                        Sleepy                    <\/div>\n                    <div class=\"twp-count-percent\">\n                                                    <span style=\"display: none;\" class=\"twp-react-count\">0<\/span>\n                        \n                                                <span class=\"twp-react-percent\"><span>0<\/span> %<\/span>\n                                            <\/div>\n                <\/div>\n\n                <div class=\"twp-reacts-wrap\">\n                    <a react-data=\"be-react-4\" post-id=\"3897\" class=\"be-face-icons un-reacted\" href=\"javascript:void(0)\">\n                        <img decoding=\"async\" src=\"https:\/\/desteptati-va.ro\/wp-content\/plugins\/booster-extension\/\/assets\/icon\/angry.svg\" alt=\"Angry\">\n                    <\/a>\n                    <div class=\"twp-reaction-title\">Angry<\/div>\n                    <div class=\"twp-count-percent\">\n                                                    <span style=\"display: none;\" class=\"twp-react-count\">5<\/span>\n                                                                        <span class=\"twp-react-percent\"><span>56<\/span> %<\/span>\n                        \n                    <\/div>\n                <\/div>\n\n                <div class=\"twp-reacts-wrap\">\n                    <a react-data=\"be-react-5\" post-id=\"3897\" class=\"be-face-icons un-reacted\" href=\"javascript:void(0)\">\n                        <img decoding=\"async\" src=\"https:\/\/desteptati-va.ro\/wp-content\/plugins\/booster-extension\/\/assets\/icon\/surprise.svg\" alt=\"Surprise\">\n                    <\/a>\n                    <div class=\"twp-reaction-title\">Surprise<\/div>\n                    <div class=\"twp-count-percent\">\n                                                    <span style=\"display: none;\" class=\"twp-react-count\">1<\/span>\n                                                                        <span class=\"twp-react-percent\"><span>11<\/span> %<\/span>\n                                            <\/div>\n                <\/div>\n\n            <\/div>\n        <\/div>\n\n    <\/div>","protected":false},"excerpt":{"rendered":"<p>Unii spun c\u0103 masacrul de la Otopeni din 23 decembrie 1989 (50 de mor\u021bi, 13 r\u0103ni\u021bi \u0219i 20 supravie\u021buitori) a<a href=\"https:\/\/desteptati-va.ro\/index.php\/2021\/04\/19\/masacrul-de-la-otopeni-evidentele-spulbera-teoria-erorii-si-demonstreaza-crima-cu-premeditare\/\">Read More<i class=\"fa fa-long-arrow-right\" aria-hidden=\"true\"><\/i><\/a><\/p>\n","protected":false},"author":1,"featured_media":1202,"comment_status":"open","ping_status":"open","sticky":false,"template":"","format":"standard","meta":{"_crdt_document":"","footnotes":""},"categories":[3,9],"tags":[1077,1127,1128,1129,1130,1131,59,60,1132,1133,1134,1135,1136,1137,522,1138,1139,797,1140],"class_list":["post-3897","post","type-post","status-publish","format-standard","has-post-thumbnail","hentry","category-decembrie-89","category-securistii-teroristii","tag-1077","tag-ambuscada","tag-antiterorist","tag-baneasa","tag-cie","tag-copii","tag-desteptati","tag-desteptati-va","tag-diversiune","tag-macel","tag-masacru","tag-militari","tag-otopeni","tag-scoala","tag-securitate","tag-terorist","tag-teroristii","tag-trupe","tag-usla"],"rise-blocks_total_comments":7,"rise-blocks_categories":[{"term_id":9,"name":"Securistii-Teroristii","slug":"securistii-teroristii","term_group":0,"term_taxonomy_id":9,"taxonomy":"category","description":"","parent":3,"count":16,"filter":"raw"}],"rise-blocks_excerpt":"Unii spun c\u0103 masacrul de la Otopeni din 23 decembrie 1989 (50 de mor\u021bi, 13 r\u0103ni\u021bi \u0219i 20 supravie\u021buitori) a fost poate cea mai mare eroare a Armatei Rom\u00e2ne&#8230; Supravie\u021buitorii spun c\u0103 a fost mai mult dec\u00e2t o crim\u0103 premeditat\u0103. Dup\u0103 ce primele dou\u0103 camioane cu osta\u0219i U.M. 0865 C\u00e2mpina (Centrul de Instruc\u021bie Transmisiuni al Comandamentului Trupelor de Securitate) au..","yoast_head":"<!-- This site is optimized with the Yoast SEO plugin v26.9 - https:\/\/yoast.com\/product\/yoast-seo-wordpress\/ -->\r\n<title>Masacrul de la Otopeni \u2013 eviden\u021bele spulber\u0103 teoria erorii \u0219i demonstreaz\u0103 crima cu premeditare -<\/title>\r\n<meta name=\"robots\" content=\"index, follow, max-snippet:-1, max-image-preview:large, max-video-preview:-1\" \/>\r\n<link rel=\"canonical\" href=\"https:\/\/desteptati-va.ro\/index.php\/2021\/04\/19\/masacrul-de-la-otopeni-evidentele-spulbera-teoria-erorii-si-demonstreaza-crima-cu-premeditare\/\" \/>\r\n<meta property=\"og:locale\" content=\"ro_RO\" \/>\r\n<meta property=\"og:type\" content=\"article\" \/>\r\n<meta property=\"og:title\" content=\"Masacrul de la Otopeni \u2013 eviden\u021bele spulber\u0103 teoria erorii \u0219i demonstreaz\u0103 crima cu premeditare -\" \/>\r\n<meta property=\"og:description\" content=\"Unii spun c\u0103 masacrul de la Otopeni din 23 decembrie 1989 (50 de mor\u021bi, 13 r\u0103ni\u021bi \u0219i 20 supravie\u021buitori) aRead More\" \/>\r\n<meta property=\"og:url\" content=\"https:\/\/desteptati-va.ro\/index.php\/2021\/04\/19\/masacrul-de-la-otopeni-evidentele-spulbera-teoria-erorii-si-demonstreaza-crima-cu-premeditare\/\" \/>\r\n<meta property=\"article:published_time\" content=\"2021-04-19T08:03:37+00:00\" \/>\r\n<meta property=\"og:image\" content=\"https:\/\/desteptati-va.ro\/wp-content\/uploads\/2021\/04\/patrie.jpg\" \/>\r\n\t<meta property=\"og:image:width\" content=\"462\" \/>\r\n\t<meta property=\"og:image:height\" content=\"265\" \/>\r\n\t<meta property=\"og:image:type\" content=\"image\/jpeg\" \/>\r\n<meta name=\"author\" content=\"wolfsoftcompany\" \/>\r\n<meta name=\"twitter:card\" content=\"summary_large_image\" \/>\r\n<meta name=\"twitter:label1\" content=\"Scris de\" \/>\n\t<meta name=\"twitter:data1\" content=\"wolfsoftcompany\" \/>\n\t<meta name=\"twitter:label2\" content=\"Timp estimat pentru citire\" \/>\n\t<meta name=\"twitter:data2\" content=\"9 minute\" \/>\r\n<script type=\"application\/ld+json\" class=\"yoast-schema-graph\">{\"@context\":\"https:\/\/schema.org\",\"@graph\":[{\"@type\":\"Article\",\"@id\":\"https:\/\/desteptati-va.ro\/index.php\/2021\/04\/19\/masacrul-de-la-otopeni-evidentele-spulbera-teoria-erorii-si-demonstreaza-crima-cu-premeditare\/#article\",\"isPartOf\":{\"@id\":\"https:\/\/desteptati-va.ro\/index.php\/2021\/04\/19\/masacrul-de-la-otopeni-evidentele-spulbera-teoria-erorii-si-demonstreaza-crima-cu-premeditare\/\"},\"author\":{\"name\":\"wolfsoftcompany\",\"@id\":\"https:\/\/desteptati-va.ro\/#\/schema\/person\/13182deeebd44920914899f7bb262d6b\"},\"headline\":\"Masacrul de la Otopeni \u2013 eviden\u021bele spulber\u0103 teoria erorii \u0219i demonstreaz\u0103 crima cu premeditare\",\"datePublished\":\"2021-04-19T08:03:37+00:00\",\"mainEntityOfPage\":{\"@id\":\"https:\/\/desteptati-va.ro\/index.php\/2021\/04\/19\/masacrul-de-la-otopeni-evidentele-spulbera-teoria-erorii-si-demonstreaza-crima-cu-premeditare\/\"},\"wordCount\":1802,\"commentCount\":7,\"image\":{\"@id\":\"https:\/\/desteptati-va.ro\/index.php\/2021\/04\/19\/masacrul-de-la-otopeni-evidentele-spulbera-teoria-erorii-si-demonstreaza-crima-cu-premeditare\/#primaryimage\"},\"thumbnailUrl\":\"https:\/\/desteptati-va.ro\/wp-content\/uploads\/2021\/04\/patrie.jpg\",\"keywords\":[\"1989\",\"ambuscada\",\"antiterorist\",\"Baneasa\",\"CIE\",\"copii\",\"desteptati\",\"desteptati-va\",\"diversiune\",\"macel\",\"masacru\",\"militari\",\"Otopeni\",\"scoala\",\"Securitate\",\"terorist\",\"teroristii\",\"trupe\",\"USLA\"],\"articleSection\":[\"Decembrie 89\",\"Securistii-Teroristii\"],\"inLanguage\":\"ro-RO\",\"potentialAction\":[{\"@type\":\"CommentAction\",\"name\":\"Comment\",\"target\":[\"https:\/\/desteptati-va.ro\/index.php\/2021\/04\/19\/masacrul-de-la-otopeni-evidentele-spulbera-teoria-erorii-si-demonstreaza-crima-cu-premeditare\/#respond\"]}]},{\"@type\":\"WebPage\",\"@id\":\"https:\/\/desteptati-va.ro\/index.php\/2021\/04\/19\/masacrul-de-la-otopeni-evidentele-spulbera-teoria-erorii-si-demonstreaza-crima-cu-premeditare\/\",\"url\":\"https:\/\/desteptati-va.ro\/index.php\/2021\/04\/19\/masacrul-de-la-otopeni-evidentele-spulbera-teoria-erorii-si-demonstreaza-crima-cu-premeditare\/\",\"name\":\"Masacrul de la Otopeni \u2013 eviden\u021bele spulber\u0103 teoria erorii \u0219i demonstreaz\u0103 crima cu premeditare -\",\"isPartOf\":{\"@id\":\"https:\/\/desteptati-va.ro\/#website\"},\"primaryImageOfPage\":{\"@id\":\"https:\/\/desteptati-va.ro\/index.php\/2021\/04\/19\/masacrul-de-la-otopeni-evidentele-spulbera-teoria-erorii-si-demonstreaza-crima-cu-premeditare\/#primaryimage\"},\"image\":{\"@id\":\"https:\/\/desteptati-va.ro\/index.php\/2021\/04\/19\/masacrul-de-la-otopeni-evidentele-spulbera-teoria-erorii-si-demonstreaza-crima-cu-premeditare\/#primaryimage\"},\"thumbnailUrl\":\"https:\/\/desteptati-va.ro\/wp-content\/uploads\/2021\/04\/patrie.jpg\",\"datePublished\":\"2021-04-19T08:03:37+00:00\",\"author\":{\"@id\":\"https:\/\/desteptati-va.ro\/#\/schema\/person\/13182deeebd44920914899f7bb262d6b\"},\"breadcrumb\":{\"@id\":\"https:\/\/desteptati-va.ro\/index.php\/2021\/04\/19\/masacrul-de-la-otopeni-evidentele-spulbera-teoria-erorii-si-demonstreaza-crima-cu-premeditare\/#breadcrumb\"},\"inLanguage\":\"ro-RO\",\"potentialAction\":[{\"@type\":\"ReadAction\",\"target\":[\"https:\/\/desteptati-va.ro\/index.php\/2021\/04\/19\/masacrul-de-la-otopeni-evidentele-spulbera-teoria-erorii-si-demonstreaza-crima-cu-premeditare\/\"]}]},{\"@type\":\"ImageObject\",\"inLanguage\":\"ro-RO\",\"@id\":\"https:\/\/desteptati-va.ro\/index.php\/2021\/04\/19\/masacrul-de-la-otopeni-evidentele-spulbera-teoria-erorii-si-demonstreaza-crima-cu-premeditare\/#primaryimage\",\"url\":\"https:\/\/desteptati-va.ro\/wp-content\/uploads\/2021\/04\/patrie.jpg\",\"contentUrl\":\"https:\/\/desteptati-va.ro\/wp-content\/uploads\/2021\/04\/patrie.jpg\",\"width\":462,\"height\":265},{\"@type\":\"BreadcrumbList\",\"@id\":\"https:\/\/desteptati-va.ro\/index.php\/2021\/04\/19\/masacrul-de-la-otopeni-evidentele-spulbera-teoria-erorii-si-demonstreaza-crima-cu-premeditare\/#breadcrumb\",\"itemListElement\":[{\"@type\":\"ListItem\",\"position\":1,\"name\":\"Prima pagin\u0103\",\"item\":\"https:\/\/desteptati-va.ro\/\"},{\"@type\":\"ListItem\",\"position\":2,\"name\":\"Masacrul de la Otopeni \u2013 eviden\u021bele spulber\u0103 teoria erorii \u0219i demonstreaz\u0103 crima cu premeditare\"}]},{\"@type\":\"WebSite\",\"@id\":\"https:\/\/desteptati-va.ro\/#website\",\"url\":\"https:\/\/desteptati-va.ro\/\",\"name\":\"\",\"description\":\"\",\"potentialAction\":[{\"@type\":\"SearchAction\",\"target\":{\"@type\":\"EntryPoint\",\"urlTemplate\":\"https:\/\/desteptati-va.ro\/?s={search_term_string}\"},\"query-input\":{\"@type\":\"PropertyValueSpecification\",\"valueRequired\":true,\"valueName\":\"search_term_string\"}}],\"inLanguage\":\"ro-RO\"},{\"@type\":\"Person\",\"@id\":\"https:\/\/desteptati-va.ro\/#\/schema\/person\/13182deeebd44920914899f7bb262d6b\",\"name\":\"wolfsoftcompany\",\"image\":{\"@type\":\"ImageObject\",\"inLanguage\":\"ro-RO\",\"@id\":\"https:\/\/desteptati-va.ro\/#\/schema\/person\/image\/\",\"url\":\"https:\/\/secure.gravatar.com\/avatar\/a6cce9b6d101d27d91690e7073e300fed94c0899890bf998e082cb9d2c3d121e?s=96&d=mm&r=g\",\"contentUrl\":\"https:\/\/secure.gravatar.com\/avatar\/a6cce9b6d101d27d91690e7073e300fed94c0899890bf998e082cb9d2c3d121e?s=96&d=mm&r=g\",\"caption\":\"wolfsoftcompany\"},\"sameAs\":[\"http:\/\/desteptati-va.ro\"],\"url\":\"https:\/\/desteptati-va.ro\/index.php\/author\/wolfsoftcompany\/\"}]}<\/script>\r\n<!-- \/ Yoast SEO plugin. -->","yoast_head_json":{"title":"Masacrul de la Otopeni \u2013 eviden\u021bele spulber\u0103 teoria erorii \u0219i demonstreaz\u0103 crima cu premeditare -","robots":{"index":"index","follow":"follow","max-snippet":"max-snippet:-1","max-image-preview":"max-image-preview:large","max-video-preview":"max-video-preview:-1"},"canonical":"https:\/\/desteptati-va.ro\/index.php\/2021\/04\/19\/masacrul-de-la-otopeni-evidentele-spulbera-teoria-erorii-si-demonstreaza-crima-cu-premeditare\/","og_locale":"ro_RO","og_type":"article","og_title":"Masacrul de la Otopeni \u2013 eviden\u021bele spulber\u0103 teoria erorii \u0219i demonstreaz\u0103 crima cu premeditare -","og_description":"Unii spun c\u0103 masacrul de la Otopeni din 23 decembrie 1989 (50 de mor\u021bi, 13 r\u0103ni\u021bi \u0219i 20 supravie\u021buitori) aRead More","og_url":"https:\/\/desteptati-va.ro\/index.php\/2021\/04\/19\/masacrul-de-la-otopeni-evidentele-spulbera-teoria-erorii-si-demonstreaza-crima-cu-premeditare\/","article_published_time":"2021-04-19T08:03:37+00:00","og_image":[{"width":462,"height":265,"url":"https:\/\/desteptati-va.ro\/wp-content\/uploads\/2021\/04\/patrie.jpg","type":"image\/jpeg"}],"author":"wolfsoftcompany","twitter_card":"summary_large_image","twitter_misc":{"Scris de":"wolfsoftcompany","Timp estimat pentru citire":"9 minute"},"schema":{"@context":"https:\/\/schema.org","@graph":[{"@type":"Article","@id":"https:\/\/desteptati-va.ro\/index.php\/2021\/04\/19\/masacrul-de-la-otopeni-evidentele-spulbera-teoria-erorii-si-demonstreaza-crima-cu-premeditare\/#article","isPartOf":{"@id":"https:\/\/desteptati-va.ro\/index.php\/2021\/04\/19\/masacrul-de-la-otopeni-evidentele-spulbera-teoria-erorii-si-demonstreaza-crima-cu-premeditare\/"},"author":{"name":"wolfsoftcompany","@id":"https:\/\/desteptati-va.ro\/#\/schema\/person\/13182deeebd44920914899f7bb262d6b"},"headline":"Masacrul de la Otopeni \u2013 eviden\u021bele spulber\u0103 teoria erorii \u0219i demonstreaz\u0103 crima cu premeditare","datePublished":"2021-04-19T08:03:37+00:00","mainEntityOfPage":{"@id":"https:\/\/desteptati-va.ro\/index.php\/2021\/04\/19\/masacrul-de-la-otopeni-evidentele-spulbera-teoria-erorii-si-demonstreaza-crima-cu-premeditare\/"},"wordCount":1802,"commentCount":7,"image":{"@id":"https:\/\/desteptati-va.ro\/index.php\/2021\/04\/19\/masacrul-de-la-otopeni-evidentele-spulbera-teoria-erorii-si-demonstreaza-crima-cu-premeditare\/#primaryimage"},"thumbnailUrl":"https:\/\/desteptati-va.ro\/wp-content\/uploads\/2021\/04\/patrie.jpg","keywords":["1989","ambuscada","antiterorist","Baneasa","CIE","copii","desteptati","desteptati-va","diversiune","macel","masacru","militari","Otopeni","scoala","Securitate","terorist","teroristii","trupe","USLA"],"articleSection":["Decembrie 89","Securistii-Teroristii"],"inLanguage":"ro-RO","potentialAction":[{"@type":"CommentAction","name":"Comment","target":["https:\/\/desteptati-va.ro\/index.php\/2021\/04\/19\/masacrul-de-la-otopeni-evidentele-spulbera-teoria-erorii-si-demonstreaza-crima-cu-premeditare\/#respond"]}]},{"@type":"WebPage","@id":"https:\/\/desteptati-va.ro\/index.php\/2021\/04\/19\/masacrul-de-la-otopeni-evidentele-spulbera-teoria-erorii-si-demonstreaza-crima-cu-premeditare\/","url":"https:\/\/desteptati-va.ro\/index.php\/2021\/04\/19\/masacrul-de-la-otopeni-evidentele-spulbera-teoria-erorii-si-demonstreaza-crima-cu-premeditare\/","name":"Masacrul de la Otopeni \u2013 eviden\u021bele spulber\u0103 teoria erorii \u0219i demonstreaz\u0103 crima cu premeditare -","isPartOf":{"@id":"https:\/\/desteptati-va.ro\/#website"},"primaryImageOfPage":{"@id":"https:\/\/desteptati-va.ro\/index.php\/2021\/04\/19\/masacrul-de-la-otopeni-evidentele-spulbera-teoria-erorii-si-demonstreaza-crima-cu-premeditare\/#primaryimage"},"image":{"@id":"https:\/\/desteptati-va.ro\/index.php\/2021\/04\/19\/masacrul-de-la-otopeni-evidentele-spulbera-teoria-erorii-si-demonstreaza-crima-cu-premeditare\/#primaryimage"},"thumbnailUrl":"https:\/\/desteptati-va.ro\/wp-content\/uploads\/2021\/04\/patrie.jpg","datePublished":"2021-04-19T08:03:37+00:00","author":{"@id":"https:\/\/desteptati-va.ro\/#\/schema\/person\/13182deeebd44920914899f7bb262d6b"},"breadcrumb":{"@id":"https:\/\/desteptati-va.ro\/index.php\/2021\/04\/19\/masacrul-de-la-otopeni-evidentele-spulbera-teoria-erorii-si-demonstreaza-crima-cu-premeditare\/#breadcrumb"},"inLanguage":"ro-RO","potentialAction":[{"@type":"ReadAction","target":["https:\/\/desteptati-va.ro\/index.php\/2021\/04\/19\/masacrul-de-la-otopeni-evidentele-spulbera-teoria-erorii-si-demonstreaza-crima-cu-premeditare\/"]}]},{"@type":"ImageObject","inLanguage":"ro-RO","@id":"https:\/\/desteptati-va.ro\/index.php\/2021\/04\/19\/masacrul-de-la-otopeni-evidentele-spulbera-teoria-erorii-si-demonstreaza-crima-cu-premeditare\/#primaryimage","url":"https:\/\/desteptati-va.ro\/wp-content\/uploads\/2021\/04\/patrie.jpg","contentUrl":"https:\/\/desteptati-va.ro\/wp-content\/uploads\/2021\/04\/patrie.jpg","width":462,"height":265},{"@type":"BreadcrumbList","@id":"https:\/\/desteptati-va.ro\/index.php\/2021\/04\/19\/masacrul-de-la-otopeni-evidentele-spulbera-teoria-erorii-si-demonstreaza-crima-cu-premeditare\/#breadcrumb","itemListElement":[{"@type":"ListItem","position":1,"name":"Prima pagin\u0103","item":"https:\/\/desteptati-va.ro\/"},{"@type":"ListItem","position":2,"name":"Masacrul de la Otopeni \u2013 eviden\u021bele spulber\u0103 teoria erorii \u0219i demonstreaz\u0103 crima cu premeditare"}]},{"@type":"WebSite","@id":"https:\/\/desteptati-va.ro\/#website","url":"https:\/\/desteptati-va.ro\/","name":"","description":"","potentialAction":[{"@type":"SearchAction","target":{"@type":"EntryPoint","urlTemplate":"https:\/\/desteptati-va.ro\/?s={search_term_string}"},"query-input":{"@type":"PropertyValueSpecification","valueRequired":true,"valueName":"search_term_string"}}],"inLanguage":"ro-RO"},{"@type":"Person","@id":"https:\/\/desteptati-va.ro\/#\/schema\/person\/13182deeebd44920914899f7bb262d6b","name":"wolfsoftcompany","image":{"@type":"ImageObject","inLanguage":"ro-RO","@id":"https:\/\/desteptati-va.ro\/#\/schema\/person\/image\/","url":"https:\/\/secure.gravatar.com\/avatar\/a6cce9b6d101d27d91690e7073e300fed94c0899890bf998e082cb9d2c3d121e?s=96&d=mm&r=g","contentUrl":"https:\/\/secure.gravatar.com\/avatar\/a6cce9b6d101d27d91690e7073e300fed94c0899890bf998e082cb9d2c3d121e?s=96&d=mm&r=g","caption":"wolfsoftcompany"},"sameAs":["http:\/\/desteptati-va.ro"],"url":"https:\/\/desteptati-va.ro\/index.php\/author\/wolfsoftcompany\/"}]}},"_links":{"self":[{"href":"https:\/\/desteptati-va.ro\/index.php\/wp-json\/wp\/v2\/posts\/3897","targetHints":{"allow":["GET"]}}],"collection":[{"href":"https:\/\/desteptati-va.ro\/index.php\/wp-json\/wp\/v2\/posts"}],"about":[{"href":"https:\/\/desteptati-va.ro\/index.php\/wp-json\/wp\/v2\/types\/post"}],"author":[{"embeddable":true,"href":"https:\/\/desteptati-va.ro\/index.php\/wp-json\/wp\/v2\/users\/1"}],"replies":[{"embeddable":true,"href":"https:\/\/desteptati-va.ro\/index.php\/wp-json\/wp\/v2\/comments?post=3897"}],"version-history":[{"count":1,"href":"https:\/\/desteptati-va.ro\/index.php\/wp-json\/wp\/v2\/posts\/3897\/revisions"}],"predecessor-version":[{"id":3899,"href":"https:\/\/desteptati-va.ro\/index.php\/wp-json\/wp\/v2\/posts\/3897\/revisions\/3899"}],"wp:featuredmedia":[{"embeddable":true,"href":"https:\/\/desteptati-va.ro\/index.php\/wp-json\/wp\/v2\/media\/1202"}],"wp:attachment":[{"href":"https:\/\/desteptati-va.ro\/index.php\/wp-json\/wp\/v2\/media?parent=3897"}],"wp:term":[{"taxonomy":"category","embeddable":true,"href":"https:\/\/desteptati-va.ro\/index.php\/wp-json\/wp\/v2\/categories?post=3897"},{"taxonomy":"post_tag","embeddable":true,"href":"https:\/\/desteptati-va.ro\/index.php\/wp-json\/wp\/v2\/tags?post=3897"}],"curies":[{"name":"wp","href":"https:\/\/api.w.org\/{rel}","templated":true}]}}