{"id":3900,"date":"2021-04-19T08:05:30","date_gmt":"2021-04-19T08:05:30","guid":{"rendered":"http:\/\/desteptati.ro\/?p=3900"},"modified":"2021-04-19T08:05:30","modified_gmt":"2021-04-19T08:05:30","slug":"arme-neconventionale-folosite-in-decembrie-1989","status":"publish","type":"post","link":"https:\/\/desteptati-va.ro\/index.php\/2021\/04\/19\/arme-neconventionale-folosite-in-decembrie-1989\/","title":{"rendered":"Arme neconven\u0163ionale folosite \u00een Decembrie 1989"},"content":{"rendered":"<div class=\"post-content\"><div class='booster-block booster-read-block'>\n                <div class=\"twp-read-time\">\n                \t<i class=\"booster-icon twp-clock\"><\/i> <span>Read Time:<\/span>12 Minute, 4 Second                <\/div>\n\n            <\/div><h3>ARMA HALOTRONIC\u0102, UNGURII \u015eI BIBLIOTECA CENTRAL\u0102<\/h3>\r\n<h4 style=\"text-align: justify;\">Un loc aparte \u00een cadrul r\u0103zboiului psihotronic \u00eel ocup\u0103 armele HALOTRONICE. \u00cenc\u0103 din 1949 (!), Statele Unite, prin C.I.A., au ini\u0163iat \u015fi promovat mai multe programe, cum ar fi MK- ULTRA \u015fi HAOS, prin care o interven\u0163ie militar\u0103 ar fi capabil\u0103 s\u0103 utilizeze sisteme, substan\u0163e, dispozitive \u015fi metodologii &#8222;non-letale&#8221; (L.C.D.M. &#8211; N.L.W.S.).\u00a0 Acest lucru a fost sus\u0163inut foarte argumentat de inginerul Gheorghe N Popescu, participant la mitingul din 21 decembrie 1989, \u00eentr-un interviu publicat \u00een &#8222;Cronica Rom\u00e2n\u0103&#8221; din 9.08.1994: &#8222;O asemenea &#8222;arm\u0103&#8221; determin\u0103 o emisie coerent\u0103 de radia\u0163ii electromagnetice, care genereaz\u0103, la o distan\u0163\u0103 dat\u0103, un c\u00e2mp foarte precis, a c\u0103rui ac\u0163iune const\u0103 &#8211; func\u0163ie de structur\u0103, configura\u0163ie \u015fi specificitatea sa &#8211; \u00een producerea de efecte ce ocup\u0103 un spectru larg de manifestare, \u00eentins de la stimularea reactivit\u0103\u0163ii umane, la efecte psiho-fizice \u015fi extrasenzoriale, la inflamarea \u015fi distruc\u0163ia\/dezagregarea materialelor fizice (lemn, piatr\u0103, metal, sticl\u0103).&#8221;. Iar \u00een cartea &#8222;Intratere\u015ftrii \u015fi Noua Ordine Mondial\u0103&#8221;, dr. Cristian Negureanu scrie despre aceea\u015fi &#8222;arm\u0103&#8221;: &#8222;Ac\u0163iunea este explicat\u0103 prin efectele transparen\u0163ei autoinduse, produs\u0103 prin realizarea unor condi\u0163ii speciale de c\u00e2mp, datorit\u0103 c\u0103rora arm\u0103turile construc\u0163iilor respective &#8211; care, \u00een mod normal \u00eendeplinesc rolul de ecran al &#8222;cu\u015ftii Faraday&#8221;, \u00een loc s\u0103 ac\u0163ioneze ca un ecran de protec\u0163ie, se transform\u0103 \u00eentr-o anten\u0103 repetitoare, focaliz\u00e2nd \u00een interiorul s\u0103u semnalul de referin\u0163\u0103, conduce, \u00een final, la supra\u00eenc\u0103lzirea \u015fi la declan\u015farea unor incendii pustiitoare. La cl\u0103dirile prev\u0103zute cu arm\u0103turi metalice &#8222;semin\u0163ele focului&#8221; asigur\u0103 condensarea \u015fi amplificarea c\u00e2mpului localizat, p\u00e2n\u0103 la producerea incendiului.&#8221;<\/h4>\r\n<h4 style=\"text-align: justify;\">Pentru faptul c\u0103, \u00een timpul evenimentelor din decembrie 1989, \u00een Rom\u00e2nia a fost folosit\u0103 aceast\u0103 &#8222;arm\u0103&#8221; pledeaz\u0103 incendiile devastatoare (inexplicabile atunci) care au distrus Biblioteca Universitar\u0103, Muzeul de Art\u0103, \u00eenc\u0103peri apar\u0163in\u00e2nd fostului Consiliu de Stat, fosta sal\u0103 mic\u0103 a Palatului, spa\u0163ii interioare din restaurantul &#8222;Cina&#8221; \u015fi blocul &#8222;Romarta&#8221;. Except\u00e2nd ultimele dou\u0103, restul au fost complet distruse, complet calcinate, arse p\u00e2n\u0103 la fier beton, \u00een unele locuri contorsionat sau topit \u015fi acesta. Nici o substan\u0163\u0103 cunoscut\u0103 nu poate produce un incendiu cu urm\u0103ri at\u00e2t de devastatoare. Nici un ziarist, moderator, care i-au intervievat pe &#8222;emana\u0163ii&#8221; ajun\u015fi \u00een func\u0163ii \u00eenalte \u00een societatea rom\u00e2neasc\u0103, nu le-a pus una din \u00eentreb\u0103rile:<\/h4>\r\n<h4 style=\"text-align: justify;\">&#8211; Cine erau &#8222;str\u0103inii&#8221; intra\u0163i \u00een holul Muzeului de Art\u0103 c\u0103tre ora 17.00 \u015fi \u00een ce scop au intrat acolo? Pentru c\u0103 iat\u0103 ce declar\u0103, printre altele, lucr\u0103torii Muzeului: &#8222;(.) \u015fi care aveau arme, dar nu ca solda\u0163ii, altfel, cum n-am mai v\u0103zut.&#8221; Ce fel de arme aveau?<\/h4>\r\n<h4 style=\"text-align: justify;\">&#8211; De ce toate m\u0103rturiile de la fa\u0163a locului au indicat acela\u015fi gen de &#8222;surs\u0103&#8221; la declan\u015farea incendiilor respective?<\/h4>\r\n<h4 style=\"text-align: justify;\">&#8211; Care au fost unit\u0103\u0163ile Armatei plasate \u00een zon\u0103?\u00a0 Cine au fost persoanele care au pus pistolul la t\u00e2mpla militarilor \u015fi i-au obligat s\u0103 deschid\u0103 focul cu tunurile \u015fi mitralierele grele asupra Bibliotecii Universitare? Dup\u0103 declan\u015farea focului, au izbucnit incendiile devastatoare.<\/h4>\r\n<h4 style=\"text-align: justify;\">&#8211; Cine a permis \u015fi a dat aprobarea crainicilor Televiziunii s\u0103 transmit\u0103 dezinform\u0103rile care au bulversat na\u0163iunea rom\u00e2n\u0103, \u00eencep\u00e2nd cu dup\u0103-amiaza zilei de 22 decembrie?\u00a0 Aceste dezinform\u0103ri au incitat la omor deosebit de grav.<\/h4>\r\n<h4 style=\"text-align: justify;\">&#8211; Ce rol a avut comando-ul format din 60 de membri ai Legiunii str\u0103ine franceze, sta\u0163ionat la grani\u0163a cu Rom\u00e2nia (Oradea) ? Dar ata\u015fatul militar francez \u015fi secretarul acestuia, aresta\u0163i de Mili\u0163ie la Intercontinental, \u00een seara zilei de 21 decembrie?<\/h4>\r\n<h4 style=\"text-align: justify;\">&#8211; Al cui a fost camionul \u015fi cine l-a trimis, \u00een seara zilei de 21 decembrie, pentru a \u00eemp\u0103r\u0163i tinerilor din zona baricadei de la Intercontinental sticle cu b\u0103uturi alcoolice? \u00cen urma cercet\u0103rilor con\u0163inutului acelor sticle, s-a constatat c\u0103 \u00een ele s-au introdus substan\u0163e halucinogene.<\/h4>\r\n<h4 style=\"text-align: justify;\">A\u015f mai avea \u00eenc\u0103 foarte multe \u00eentreb\u0103ri de pus, stima\u0163i cititori. Unii dintre dvs. le-ar putea considera retorice. Dar nu sunt. Ele sunt de actualitate. \u00cen acest context, cei care, \u00een decembrie 1989, au murit pentru libertate \u015fi democra\u0163ie au fost ni\u015fte romantici.<\/h4>\r\n<h4 style=\"text-align: justify;\">Mai trebuie precizat c\u0103 analizele fizico-chimice \u015fi spectroscopice ale unor e\u015fantioane (fier, c\u0103r\u0103mid\u0103, piatr\u0103, lemn, sticl\u0103), culese din locuri distruse prin aceste incendii, au demonstrat interac\u0163iunea complex\u0103 a substan\u0163ei cu radia\u0163ia (electromagnetic\u0103). Parametrii tehnici au fost complet modifica\u0163i \u00een sensul de la interior spre exterior.<\/h4>\r\n<h4 style=\"text-align: justify;\">Dar, vizavi de problema tratat\u0103 mai sus, extrem de interesant\u0103 este nota de mai jos, ap\u0103rut\u0103 \u015fi \u00een c\u0103r\u0163ile &#8222;Cucuveaua cu pene ro\u015fii&#8221; &#8211; de Ion Costin Grigore, \u015fi &#8222;Intratere\u015ftrii \u015fi Noua Ordine Mondial\u0103&#8221; &#8211; de Cristian Negureanu. Deoarece sunt convins\u00a0 c\u0103 mul\u0163i cititori nu au luat cuno\u015ftin\u0163\u0103 cu ea, voi prezenta c\u00e2teva fragmente ce intereseaz\u0103, cu men\u0163iunea c\u0103 este vorba de un dialog \u00eenregistrat de un post de ascultare aflat \u00een conservare, instalat de U.M. 0225, \u015fi scos de sub observare ca ineficient, iar Nota T.O. a fost trimis\u0103, imediat spre redare, generalului Stamatoiu:<\/h4>\r\n<h4 style=\"text-align: justify;\">&#8222;Strict secret. Nota T.O. nr. 004129 din 13 decembrie a.c. De ascultarea, prin sondaj, a posturilor ICDT aflate \u00een conservare, a rezultat c\u0103 pe postul 544\/A.T.17, mai multe persoane necunoscute au purtat discu\u0163ii interesante privind securitatea statului. Ini\u0163ial, \u00een perimetrul ascultat, s-au aflat dou\u0103 persoane necunoscute (care au discutat \u00een limba rus\u0103 \u015fi limba englez\u0103, numite \u00een text Baza Unu \u015fi Baza Doi), dup\u0103 care au intervenit alte trei persoane, marcate disctinct, care au folosit accidental \u015fi limbile german\u0103 \u015fi idi\u015f&#8221;.<\/h4>\r\n<h4 style=\"text-align: justify;\">Redau, \u00een continuare, c\u00e2teva fragmente din convorbirile respective, cu specifica\u0163ia c\u0103 ele au avut loc \u00een intervalul 10 decembrie 1989, orele 18.30 &#8211; 11 decembrie, orele 3.14:<\/h4>\r\n<h4 style=\"text-align: justify;\">&#8222;<strong>Baza Doi<\/strong>: <em>&#8211; Fi\u0163i f\u0103r\u0103 grij\u0103! Acum va curge mult s\u00e2nge! M\u0103celul va fi pornit de ru\u015fi! Altfel, de ce ar fi c\u0103rat at\u00e2tea l\u0103zi cu armament \u015fi muni\u0163ie \u00een Rom\u00e2nia? Ca s\u0103 se joace de-a ho\u0163ii \u015fi vardi\u015ftii?<\/em><\/h4>\r\n<h4 style=\"text-align: justify;\"><strong>Berlin:<\/strong> &#8211; <em>Indiferent de orientarea noii Puteri, securitatea trebuie paralizat\u0103.<\/em><\/h4>\r\n<h4 style=\"text-align: justify;\"><strong>Baza Unu<\/strong>: <em>&#8211; E rezolvat\u0103!&#8230;Armata e preg\u0103tit\u0103 s\u0103 o compromit\u0103 \u015fi s\u0103-i incendieze arhivele secrete!<\/em><\/h4>\r\n<h4><em>\u00a0<\/em><\/h4>\r\n<h4 style=\"text-align: justify;\"><strong>Praga<\/strong>: <em>&#8211; Apropo de incendiere. AVO (serviciul maghiar de informa\u0163ii -n.a.) este dispus s\u0103 ne cedeze bazele ei \u015fi logistica dac\u0103 le promitem c\u0103 se va arde complet un anumit punct!&#8230;este un fix al lor!&#8230;nu \u015ftiu de ce se tem at\u00e2t de h\u00e2rtiile adunate aici!&#8230;Ni\u015fte h\u00e2rtii!&#8230;<\/em><\/h4>\r\n<h4 style=\"text-align: justify;\"><strong>Baza Doi<\/strong>: <em>&#8211; Unde?<\/em><\/h4>\r\n<h4 style=\"text-align: justify;\"><strong>Praga:<\/strong> &#8211; <em>Ni\u015fte <strong>incunabule<\/strong> (exemplare de c\u0103r\u0163i tip\u0103rite \u00een primii ani ai introducerii tiparului, \u00eenainte de anul 1500 &#8211; n.a.).biblioteca central\u0103 universitar\u0103!&#8230;Ei \u00eei ziceau Funda\u0163ia Carol I.<\/em><\/h4>\r\n<h4 style=\"text-align: justify;\"><strong>Baza Doi<\/strong>: <em>&#8211; Ne-au dat planurile?<\/em><\/h4>\r\n<h4 style=\"text-align: justify;\"><strong>Praga<\/strong>: &#8211; <em>Nu \u00eenc\u0103!&#8230;Documentele sunt pe drum.<\/em><\/h4>\r\n<h4 style=\"text-align: justify;\"><strong>Baza Doi<\/strong>: &#8211; <em>De unde?<\/em><\/h4>\r\n<h4 style=\"text-align: justify;\"><strong>Praga<\/strong>: &#8211; <em>De la Biblioteca universitar\u0103 din Cluj.Cred c\u0103 au ajuns. Au organizat transportul la Bucure\u015fti prin oamenii lor. O list\u0103 lung\u0103!<\/em><\/h4>\r\n<h4 style=\"text-align: justify;\"><strong>Baza Unu<\/strong>: <em>&#8211; Ceva important pentru noi?<\/em><\/h4>\r\n<h4 style=\"text-align: justify;\"><strong>Praga<\/strong>: &#8211; <em>Nu!&#8230;\u00een toate astea, pe ei \u00eei frige ceva!&#8230;uite: anexe la &#8222;<strong>Aprobatae constitutionae regbi Transilvaniae et parttium Hungarie<\/strong>&#8222;, fond cu file din memoriile lui Kossuth Ludovic, anexe la &#8222;<strong>Tripartitul de la\u00a0 Werboczi<\/strong>&#8222;, stampe, manuscrise, extrase din fondul angy imre. Multe!&#8230;N-am reu\u015fit s\u0103 aflu de ce au pus at\u00e2ta suflet in ni\u015fte h\u00e2rtii!<\/em><\/h4>\r\n<h4 style=\"text-align: justify;\"><strong>Baza Doi:<\/strong> <em>&#8211; Vor s\u0103 le care?<\/em><\/h4>\r\n<h4 style=\"text-align: justify;\"><strong>Praga<\/strong>: &#8211; Nu<em>!&#8230;S\u0102 ARD\u0102 TOT!&#8230;<\/em><\/h4>\r\n<h4 style=\"text-align: justify;\"><strong>Baza Unu<\/strong>: <em>&#8211; Se rezolv\u0103!&#8230;Totdeauna , maghiarii mi s-au p\u0103rut prea sentimentali!&#8230;o grup\u0103 de-a lor s\u0103 aduc\u0103 trei doze de napalm. Ajunge pentru un hotel de 20 de etaje!&#8230;<\/em>&#8222;<\/h4>\r\n<h4 style=\"text-align: justify;\">Grija maghiarilor era faptul c\u0103 documentele respective demonstrau continuitatea dacilor pe teritoriul Transilvaniei, faptul c\u0103 ei s-au stabilit \u00een C\u00e2mpia Panonic\u0103 peste locuitorii autohtoni, \u015fi multe altele din istoria adev\u0103rat\u0103 a poporului rom\u00e2n.<\/h4>\r\n<h4 style=\"text-align: justify;\">Pe baza celor prezentate a\u015f putea face nenum\u0103rate comentarii, bazate pe fapte reale. Dar \u00een contextul problemei pe care o tratez, vreau s\u0103 scot \u00een eviden\u0163\u0103 c\u0103 subunit\u0103\u0163ile militare din Pia\u0163a Palatului (actuala Pia\u0163\u0103 a Revolu\u0163iei) au fost provocate \u015fi obligate s\u0103 trag\u0103 asupra Bibliotecii Universitare \u015fi asupra Muzeului de Art\u0103. Sub aceast\u0103 diversiune, for\u0163ele oculte, implicate \u00een mod cert \u00een cadrul evenimentelor din decembrie&#8217;89, au s\u0103v\u00e2r\u015fit GENOCIDUL CULTURAL, folosind arma psihotronic\u0103 pentru distrugerea valorilor noastre na\u0163ionale.<\/h4>\r\n<h4 style=\"text-align: justify;\">\u00cen cadrul unor cercet\u0103ri parapsihologice cu caracter aplicativ-militar, aten\u0163ia a fost \u00eendreptat\u0103 \u015fi asupra utiliz\u0103rii undelor electromagnetice de extrem de joas\u0103 frecven\u0163\u0103 (E.L.F.). Anumite frecven\u0163e ale radia\u0163iei electromagnetice sunt folosite \u00een domeniul radar-ului, pentru descoperirea \u0163intelor aeriene. Dar s-a reu\u015fit utilizarea radia\u0163ilor de asemenea frecven\u0163\u0103 \u00een &#8222;mixaj&#8221; cu proceduri paranormale. Se pare, \u015fi lucrul acesta este aproape sigur, c\u0103 \u00een perioada evenimentelor din\u00a0 decembrie 1989, \u00een special \u00eentre 22 \u015fi 27, Rom\u00e2nia a fost supus\u0103 unor exerci\u0163ii de asemenea natur\u0103, cerul \u0163\u0103rii noastre devenind &#8222;poligon de testare&#8221;, direc\u0163ionate spre dou\u0103 scopuri: crearea \u0163intelor aeriene false \u015fi un trafic radio, care nu a fost legat de transmiterea unor mesaje, ci a fost legat de utiliz\u0103ri \u00een domeniul paranormalit\u0103\u0163ii.<\/h4>\r\n<h4 style=\"text-align: justify;\">Dup\u0103 decembrie &#8217;89, mai multe comisii, formate din ofi\u0163eri de artilerie antiaerian\u0103, ofi\u0163eri din avia\u0163ie, anali\u015fti militari, speciali\u015fti \u00een aparatur\u0103 electronic\u0103 folosit\u0103 \u00een avia\u0163ie, precum \u015fi o Comisie senatorial\u0103 numit\u0103 \u00een acest scop, au f\u0103cut cercet\u0103ri intense pentru elucidarea evenimentelor \u015fi pentru a da un r\u0103spuns la \u00eentrebarea: a fost sau nu interven\u0163ie str\u0103in\u0103 \u00een Rom\u00e2nia? S-au purtat discu\u0163ii cu sute de martori oculari, au fost studiate r\u0103m\u0103\u015fi\u0163e ale \u0163intelor aeriene dobor\u00e2te de artileria aerian\u0103, au fost cercetate \u00een am\u0103nun\u0163ime categorii de armament \u015fi tehnic\u0103 de lupt\u0103 capturate, care aveau inscrip\u0163ii \u00een diferite limbi \u015fi prezentau calit\u0103\u0163i balistice specifice armelor folosite de sovietici, unguri \u015fi israelieni.\u00a0 Prin aceast\u0103 ultim\u0103 remarc\u0103 am dat \u015fi un prim r\u0103spuns: \u00een Rom\u00e2nia au ac\u0163ionat \u015fi comando-uri str\u0103ine. Parc\u0103 pentru a-mi da dreptate, Gelu V. Voiculescu, omul care din primele momente a fost \u00een centrul principalelor evenimente, cel care are obiceiul ca anual s\u0103 fac\u0103 cel pu\u0163in dou\u0103 declara\u0163ii fulminante, a declarat: &#8222;Centrele de coordonare informatic\u0103 \u015fi-au v\u0103zut compromis\u0103 \u00eentreaga opera\u0163iune Valahia &#8217;89, pentru care se cheltuiser\u0103 vreo 60 milioane dolari.&#8221;<\/h4>\r\n<h4 style=\"text-align: justify;\"><a href=\"http:\/\/www.desteptati-va.ro\/wp-content\/uploads\/2011\/04\/18_ani_de_la_revolutie__18_ani_de_libertate_677_20071217104705_872.jpg\"><img loading=\"lazy\" decoding=\"async\" class=\"aligncenter size-full wp-image-1494\" title=\"revolutie\" src=\"http:\/\/www.desteptati-va.ro\/wp-content\/uploads\/2011\/04\/18_ani_de_la_revolutie__18_ani_de_libertate_677_20071217104705_872.jpg\" alt=\"\" width=\"300\" height=\"199\" \/><\/a><\/h4>\r\n<h4 style=\"text-align: justify;\">\u00cen decembrie 1989, \u00een Rom\u00e2nia a avut loc un adev\u0103rat r\u0103zboi psihologic, cu mijloace \u015fi metode ultramoderne, ajuta\u0163i din plin de cozi de topor din interior.\u00a0 Scopul: timorarea popula\u0163iei, a Armatei, a Securit\u0103\u0163ii, ceea ce facilita reu\u015fita instal\u0103rii noii Puteri. Care se temea de nereu\u015fit\u0103 \u015fi a fost sprijinit\u0103. Actele desf\u0103\u015furate \u00eempotriva Rom\u00e2niei se pot \u00eemp\u0103r\u0163i \u00een dou\u0103: terestre \u015fi aeriene. Ele au \u00eenceput, unitar, pe \u00eentreg teritoriul \u0163\u0103rii, pe data de 22 decembrie, \u00een jurul orei 17.30 \u015fi au durat p\u00e2n\u0103 \u00een ziua de 28 decembrie.<\/h4>\r\n<h4 style=\"text-align: justify;\">Cele aeriene au cuprins diversiunea radioelectronic\u0103 \u015fi cea psihologic\u0103, iar concluzia unanim\u0103 a speciali\u015ftilor a fost c\u0103 ele au fost concepute, organizate \u015fi conduse de un Comandament militar str\u0103in. Scopul acestora:<\/h4>\r\n<h4 style=\"text-align: justify;\">&#8211; antrenarea echipajelor aeriene ale statelor implicate \u015fi a unor comando-uri de lupt\u0103 angrenate \u00een ducerea unor ac\u0163iuni de lupt\u0103 \u00een total\u0103 izolare fa\u0163\u0103 de trupele proprii;<\/h4>\r\n<h4 style=\"text-align: justify;\">&#8211; testarea unui modern sistem care sa\u00a0dezorganizeze \u015fi, \u00een final, s\u0103 duc\u0103 la blocarea ap\u0103r\u0103rii antiaeriene a \u0163\u0103rii.<\/h4>\r\n<h4 style=\"text-align: justify;\">Acest Comandament este exclus a fi folosit pe teritoriul Rom\u00e2niei. Pe de o parte, risca s\u0103 fie descoperit. Apoi, trebuie avut\u0103 \u00een vedere tehnologia zilelor noastre. Sateli\u0163ii &#8211; spion asigur\u0103 transmiterea convorbirilor pe nenum\u0103rate frecven\u0163e, \u00een condi\u0163ii de siguran\u0163\u0103 maximal\u0103, de la o central\u0103 situat\u0103 oriunde pe glob la &#8222;executan\u0163ii&#8221; din alt\u0103 parte o globului. Anali\u015ftii militari rom\u00e2ni au emis o p\u0103rere: direc\u0163ia de invazie a aeronavelor care au ac\u0163ionat \u00een spa\u0163iul aerian al Rom\u00e2niei era dinspre Marea Neagr\u0103, Ianca, B\u0103r\u0103gan. Iar jurnalista, reportera, apoi scriitoarea Angela B\u0103cescu pune punctul pe i :&#8221;lovitura principal\u0103 asupra Rom\u00e2niei a fost de undeva dinspre Turcia.&#8221;<\/h4>\r\n<h4 style=\"text-align: justify;\">Avia\u0163ia Rom\u00e2niei s-a confruntat cu un inamic necunoscut. Aviatorii militari au executat misiuni de lupt\u0103: interceptarea de \u0163inte aeriene, trageri reale, misiuni de cercetare aerian\u0103 \u015fi terestr\u0103, misiuni de transport, trageri antiaeriene. Dar inamicul nu era cunoscut! \u00cen eter, erau transmise impulsuri care ap\u0103reau clar pe ecranele radarelor ca fiind \u0163inte aeriene. Curios, foarte curios, era faptul c\u0103 unele dintre ele se puteau vedea cu ochiul liber, dar nu aveau zgomotul caracteristic al motoarelor de avioane sau elicoptere. Toate acestea denot\u0103 c\u0103 s-a folosit o tehnic\u0103 electronic\u0103 de ultim\u0103 or\u0103. R\u0103zboiul radioelectronic, purtat cu\u00a0 mijloace tehnico-\u015ftiin\u0163ifice foarte bine puse la punct, aduceau \u00een spa\u0163iul aerian al Rom\u00e2niei, mai ales deasupra aeroporturilor militare, \u0163inte care au &#8222;intoxicat&#8221; ecranele radarelor. Era foarte greu de determinat dac\u0103 aceste \u0163inte erau reale sau false. \u00cen acest sens, iat\u0103 c\u00e2teva m\u0103rturii ale unor pilo\u0163i din Avia\u0163ia de v\u00e2n\u0103toare, \u00eenserate \u00een lucrarea &#8222;Dup\u0103 Revolu\u0163ie, t\u00e2rziu.&#8221;, de Radu Ciobotea.<\/h4>\r\n<h4 style=\"text-align: justify;\">Maior Stelian Bouleanu (pilot \u00een Avia\u0163ia de v\u00e2n\u0103toare, aerodromul Timi\u015foara): &#8222;Seara a \u00eenceput circul. \u00cen 22 decembrie, la ora 19.00, am primit ordin de decolare. Eram \u00eenarmat cu rachete aer-aer \u015fi cu proiectile de r\u0103zboi. Pe radiolocatoare ap\u0103ruser\u0103 o serie de \u0163inte. Misiunea mea era s\u0103 le depistez \u015fi, la ordin, s\u0103 le nimicesc. Pilotul de v\u00e2n\u0103toare este ghidat numai prin radio. M\u0103 aflu undeva deasupra Mure\u015fului. Patrulez aproximativ \u00eentre Lipova \u015fi S\u0103v\u00e2r\u015fin. Nici un elicopter. Radioul \u00eemi indic\u0103 alte coordonate.\u00a0 Zbor spre Caransebe\u015f. Nimic. M\u0103 plimb prin vestul \u0163\u0103rii, c\u0103ut\u00e2nd elicoptere invizibile.\u00a0 Un lucru \u00eemi e clar acum. Nu ne atac\u0103 o for\u0163\u0103 aeropurtat\u0103. Dar radiolocatoarele au \u00eennebunit, invent\u00e2nd flotile \u00eentregi care desanteaz\u0103, bombardeaz\u0103 \u015fi dracu \u015ftie ce mai fac. \u00cen aer e lini\u015fte. Zbor \u00eenapoi spre aeroport.&#8221;<\/h4>\r\n<h4 style=\"text-align: justify;\">\u00cen cadrul acestui &#8222;joc de-a r\u0103zboiul&#8221; au fost folosite miniavioane \u015fi minielicoptere teleghidate de la distan\u0163\u0103, av\u00e2nd la bord \u00eenc\u0103rc\u0103tur\u0103 exploziv\u0103 pentru a se autodistruge la terminarea combustibilului. 50 astfel de \u0163inte au fost dobor\u00e2te de Avia\u0163ia militar\u0103 \u015fi antiaerian\u0103 de la sol. \u00cen urma cercet\u0103rilor, a rezultat c\u0103, \u00een construc\u0163ia lor, aveau un material \u00eembibat cu magneziu, care aprinz\u00e2ndu-se, ardea foarte repede, transform\u00e2nd totul \u00een pulbere. Minielicoptere de acest tip, denumite RPH, vinde numai o firm\u0103 american\u0103. Interesant este faptul c\u0103 le-a pus \u00een v\u00e2nzare numai \u00een iunie 1989. Iar direc\u0163iile de zbor ale acestor \u0163inte &#8222;mini&#8221; au fost: sud, sud-est, \u00een special dinspre C\u0103l\u0103ra\u015fi, H\u00e2r\u015fova, F\u0103urei. Speciali\u015ftii rom\u00e2ni au ajuns la concluzia c\u0103 o parte dintre ele au fost lansate de pe \u015flepurile ce urmau cursul Dun\u0103rii. Din aceste direc\u0163ii, \u0163intele se deplasau spre Bucure\u015fti, Craiova \u015fi Re\u015fi\u0163a. \u00cen acest sens a existat chiar o convorbire telefonic\u0103 \u00eentre \u015feful Marelui Stat Major \u015fi Comandamentul Ap\u0103r\u0103rii Antiaeriene a teritoriului, dat\u0103 \u015fi pe postul na\u0163ional de televiziune.<\/h4>\r\n<h4 style=\"text-align: justify;\">Dar, iat\u0103 o alt\u0103 m\u0103rturie, pe care o consider deosebit de relevant\u0103, dat\u0103 de maiorul Vasile Marcu (pilot de elicopter): &#8221; Din noaptea de 22 decembrie,\u00a0 am \u00eenceput s\u0103 h\u0103r\u0163uim un du\u015fman inexistent care, culmea, ne \u015fi ataca. Eu am decolat primul, la ora 22.00 \u00centr-adev\u0103r, pe coordonatele indicate prin radio existau \u0163inte cu sisteme de lumini \u015fi semnalizare asem\u0103n\u0103toare unor elicoptere.<\/h4>\r\n<h4 style=\"text-align: justify;\">Dupa asemenea declaratii mai puteti sustine ca nu a fost \u201erevolutie\u201d ? Chiar daca credeti alceva va rog sa nu-l suparati pe tov. Iliescu. Va rog mult, mult de tot!<\/h4>\r\n<h4><em>Col.rez. Teodor FILIP \u00a0&#8211;\u00a0 \u00a023 Decembrie 2010<\/em><\/h4>        <div class=\"booster-block booster-reactions-block\">\n            <div class=\"twp-reactions-icons\">\n                \n                <div class=\"twp-reacts-wrap\">\n                    <a react-data=\"be-react-1\" post-id=\"3900\" class=\"be-face-icons un-reacted\" href=\"javascript:void(0)\">\n                        <img decoding=\"async\" src=\"https:\/\/desteptati-va.ro\/wp-content\/plugins\/booster-extension\/\/assets\/icon\/happy.svg\" alt=\"Happy\">\n                    <\/a>\n                    <div class=\"twp-reaction-title\">\n                        Happy                    <\/div>\n                    <div class=\"twp-count-percent\">\n                                                    <span style=\"display: none;\" class=\"twp-react-count\">0<\/span>\n                        \n                                                <span class=\"twp-react-percent\"><span>0<\/span> %<\/span>\n                                            <\/div>\n                <\/div>\n\n                <div class=\"twp-reacts-wrap\">\n                    <a react-data=\"be-react-2\" post-id=\"3900\" class=\"be-face-icons un-reacted\" href=\"javascript:void(0)\">\n                        <img decoding=\"async\" src=\"https:\/\/desteptati-va.ro\/wp-content\/plugins\/booster-extension\/\/assets\/icon\/sad.svg\" alt=\"Sad\">\n                    <\/a>\n                    <div class=\"twp-reaction-title\">\n                        Sad                    <\/div>\n                    <div class=\"twp-count-percent\">\n                                                    <span style=\"display: none;\" class=\"twp-react-count\">0<\/span>\n                                                                        <span class=\"twp-react-percent\"><span>0<\/span> %<\/span>\n                                            <\/div>\n                <\/div>\n\n                <div class=\"twp-reacts-wrap\">\n                    <a react-data=\"be-react-3\" post-id=\"3900\" class=\"be-face-icons un-reacted\" href=\"javascript:void(0)\">\n                        <img decoding=\"async\" src=\"https:\/\/desteptati-va.ro\/wp-content\/plugins\/booster-extension\/\/assets\/icon\/excited.svg\" alt=\"Excited\">\n                    <\/a>\n                    <div class=\"twp-reaction-title\">\n                        Excited                    <\/div>\n                    <div class=\"twp-count-percent\">\n                                                    <span style=\"display: none;\" class=\"twp-react-count\">0<\/span>\n                                                                        <span class=\"twp-react-percent\"><span>0<\/span> %<\/span>\n                                            <\/div>\n                <\/div>\n\n                <div class=\"twp-reacts-wrap\">\n                    <a react-data=\"be-react-6\" post-id=\"3900\" class=\"be-face-icons un-reacted\" href=\"javascript:void(0)\">\n                        <img decoding=\"async\" src=\"https:\/\/desteptati-va.ro\/wp-content\/plugins\/booster-extension\/\/assets\/icon\/sleepy.svg\" alt=\"Sleepy\">\n                    <\/a>\n                    <div class=\"twp-reaction-title\">\n                        Sleepy                    <\/div>\n                    <div class=\"twp-count-percent\">\n                                                    <span style=\"display: none;\" class=\"twp-react-count\">0<\/span>\n                        \n                                                <span class=\"twp-react-percent\"><span>0<\/span> %<\/span>\n                                            <\/div>\n                <\/div>\n\n                <div class=\"twp-reacts-wrap\">\n                    <a react-data=\"be-react-4\" post-id=\"3900\" class=\"be-face-icons un-reacted\" href=\"javascript:void(0)\">\n                        <img decoding=\"async\" src=\"https:\/\/desteptati-va.ro\/wp-content\/plugins\/booster-extension\/\/assets\/icon\/angry.svg\" alt=\"Angry\">\n                    <\/a>\n                    <div class=\"twp-reaction-title\">Angry<\/div>\n                    <div class=\"twp-count-percent\">\n                                                    <span style=\"display: none;\" class=\"twp-react-count\">0<\/span>\n                                                                        <span class=\"twp-react-percent\"><span>0<\/span> %<\/span>\n                        \n                    <\/div>\n                <\/div>\n\n                <div class=\"twp-reacts-wrap\">\n                    <a react-data=\"be-react-5\" post-id=\"3900\" class=\"be-face-icons un-reacted\" href=\"javascript:void(0)\">\n                        <img decoding=\"async\" src=\"https:\/\/desteptati-va.ro\/wp-content\/plugins\/booster-extension\/\/assets\/icon\/surprise.svg\" alt=\"Surprise\">\n                    <\/a>\n                    <div class=\"twp-reaction-title\">Surprise<\/div>\n                    <div class=\"twp-count-percent\">\n                                                    <span style=\"display: none;\" class=\"twp-react-count\">0<\/span>\n                                                                        <span class=\"twp-react-percent\"><span>0<\/span> %<\/span>\n                                            <\/div>\n                <\/div>\n\n            <\/div>\n        <\/div>\n\n    <\/div>","protected":false},"excerpt":{"rendered":"<p>ARMA HALOTRONIC\u0102, UNGURII \u015eI BIBLIOTECA CENTRAL\u0102 Un loc aparte \u00een cadrul r\u0103zboiului psihotronic \u00eel ocup\u0103 armele HALOTRONICE. \u00cenc\u0103 din 1949<a href=\"https:\/\/desteptati-va.ro\/index.php\/2021\/04\/19\/arme-neconventionale-folosite-in-decembrie-1989\/\">Read More<i class=\"fa fa-long-arrow-right\" aria-hidden=\"true\"><\/i><\/a><\/p>\n","protected":false},"author":1,"featured_media":3867,"comment_status":"open","ping_status":"open","sticky":false,"template":"","format":"standard","meta":{"_crdt_document":"","footnotes":""},"categories":[3,9],"tags":[1077,1141,1142,1143,157,1144,958,385,652,653,59,60,213,1145,961,1146,1147,1148,571,171],"class_list":["post-3900","post","type-post","status-publish","format-standard","has-post-thumbnail","hentry","category-decembrie-89","category-securistii-teroristii","tag-1077","tag-arma","tag-biblioteca-centrala","tag-campia-panonica","tag-cia","tag-continuitate","tag-cultural","tag-daci","tag-decembrie","tag-decembrie-89","tag-desteptati","tag-desteptati-va","tag-dezinformare","tag-extrasenzoriale","tag-genocid","tag-halotronica","tag-interventie-militara","tag-muzeul-de-arta","tag-statele-unite","tag-unguri"],"rise-blocks_total_comments":4,"rise-blocks_categories":[{"term_id":9,"name":"Securistii-Teroristii","slug":"securistii-teroristii","term_group":0,"term_taxonomy_id":9,"taxonomy":"category","description":"","parent":3,"count":16,"filter":"raw"}],"rise-blocks_excerpt":"ARMA HALOTRONIC\u0102, UNGURII \u015eI BIBLIOTECA CENTRAL\u0102 Un loc aparte \u00een cadrul r\u0103zboiului psihotronic \u00eel ocup\u0103 armele HALOTRONICE. \u00cenc\u0103 din 1949 (!), Statele Unite, prin C.I.A., au ini\u0163iat \u015fi promovat mai multe programe, cum ar fi MK- ULTRA \u015fi HAOS, prin care o interven\u0163ie militar\u0103 ar fi capabil\u0103 s\u0103 utilizeze sisteme, substan\u0163e, dispozitive \u015fi metodologii &#8222;non-letale&#8221; (L.C.D.M. &#8211; N.L.W.S.).\u00a0 Acest lucru..","yoast_head":"<!-- This site is optimized with the Yoast SEO plugin v26.9 - https:\/\/yoast.com\/product\/yoast-seo-wordpress\/ -->\r\n<title>Arme neconven\u0163ionale folosite \u00een Decembrie 1989 -<\/title>\r\n<meta name=\"robots\" content=\"index, follow, max-snippet:-1, max-image-preview:large, max-video-preview:-1\" \/>\r\n<link rel=\"canonical\" href=\"https:\/\/desteptati-va.ro\/index.php\/2021\/04\/19\/arme-neconventionale-folosite-in-decembrie-1989\/\" \/>\r\n<meta property=\"og:locale\" content=\"ro_RO\" \/>\r\n<meta property=\"og:type\" content=\"article\" \/>\r\n<meta property=\"og:title\" content=\"Arme neconven\u0163ionale folosite \u00een Decembrie 1989 -\" \/>\r\n<meta property=\"og:description\" content=\"ARMA HALOTRONIC\u0102, UNGURII \u015eI BIBLIOTECA CENTRAL\u0102 Un loc aparte \u00een cadrul r\u0103zboiului psihotronic \u00eel ocup\u0103 armele HALOTRONICE. \u00cenc\u0103 din 1949Read More\" \/>\r\n<meta property=\"og:url\" content=\"https:\/\/desteptati-va.ro\/index.php\/2021\/04\/19\/arme-neconventionale-folosite-in-decembrie-1989\/\" \/>\r\n<meta property=\"article:published_time\" content=\"2021-04-19T08:05:30+00:00\" \/>\r\n<meta property=\"og:image\" content=\"https:\/\/desteptati-va.ro\/wp-content\/uploads\/2021\/04\/untitled1-4.png\" \/>\r\n\t<meta property=\"og:image:width\" content=\"313\" \/>\r\n\t<meta property=\"og:image:height\" content=\"201\" \/>\r\n\t<meta property=\"og:image:type\" content=\"image\/png\" \/>\r\n<meta name=\"author\" content=\"wolfsoftcompany\" \/>\r\n<meta name=\"twitter:card\" content=\"summary_large_image\" \/>\r\n<meta name=\"twitter:label1\" content=\"Scris de\" \/>\n\t<meta name=\"twitter:data1\" content=\"wolfsoftcompany\" \/>\n\t<meta name=\"twitter:label2\" content=\"Timp estimat pentru citire\" \/>\n\t<meta name=\"twitter:data2\" content=\"13 minute\" \/>\r\n<script type=\"application\/ld+json\" class=\"yoast-schema-graph\">{\"@context\":\"https:\/\/schema.org\",\"@graph\":[{\"@type\":\"Article\",\"@id\":\"https:\/\/desteptati-va.ro\/index.php\/2021\/04\/19\/arme-neconventionale-folosite-in-decembrie-1989\/#article\",\"isPartOf\":{\"@id\":\"https:\/\/desteptati-va.ro\/index.php\/2021\/04\/19\/arme-neconventionale-folosite-in-decembrie-1989\/\"},\"author\":{\"name\":\"wolfsoftcompany\",\"@id\":\"https:\/\/desteptati-va.ro\/#\/schema\/person\/13182deeebd44920914899f7bb262d6b\"},\"headline\":\"Arme neconven\u0163ionale folosite \u00een Decembrie 1989\",\"datePublished\":\"2021-04-19T08:05:30+00:00\",\"mainEntityOfPage\":{\"@id\":\"https:\/\/desteptati-va.ro\/index.php\/2021\/04\/19\/arme-neconventionale-folosite-in-decembrie-1989\/\"},\"wordCount\":2659,\"commentCount\":0,\"image\":{\"@id\":\"https:\/\/desteptati-va.ro\/index.php\/2021\/04\/19\/arme-neconventionale-folosite-in-decembrie-1989\/#primaryimage\"},\"thumbnailUrl\":\"https:\/\/desteptati-va.ro\/wp-content\/uploads\/2021\/04\/untitled1-4.png\",\"keywords\":[\"1989\",\"arma\",\"biblioteca centrala\",\"campia panonica\",\"CIA\",\"continuitate\",\"Cultural\",\"daci\",\"decembrie\",\"decembrie 89\",\"desteptati\",\"desteptati-va\",\"dezinformare\",\"extrasenzoriale\",\"genocid\",\"halotronica\",\"interventie militara\",\"Muzeul de Arta\",\"Statele Unite\",\"unguri\"],\"articleSection\":[\"Decembrie 89\",\"Securistii-Teroristii\"],\"inLanguage\":\"ro-RO\",\"potentialAction\":[{\"@type\":\"CommentAction\",\"name\":\"Comment\",\"target\":[\"https:\/\/desteptati-va.ro\/index.php\/2021\/04\/19\/arme-neconventionale-folosite-in-decembrie-1989\/#respond\"]}]},{\"@type\":\"WebPage\",\"@id\":\"https:\/\/desteptati-va.ro\/index.php\/2021\/04\/19\/arme-neconventionale-folosite-in-decembrie-1989\/\",\"url\":\"https:\/\/desteptati-va.ro\/index.php\/2021\/04\/19\/arme-neconventionale-folosite-in-decembrie-1989\/\",\"name\":\"Arme neconven\u0163ionale folosite \u00een Decembrie 1989 -\",\"isPartOf\":{\"@id\":\"https:\/\/desteptati-va.ro\/#website\"},\"primaryImageOfPage\":{\"@id\":\"https:\/\/desteptati-va.ro\/index.php\/2021\/04\/19\/arme-neconventionale-folosite-in-decembrie-1989\/#primaryimage\"},\"image\":{\"@id\":\"https:\/\/desteptati-va.ro\/index.php\/2021\/04\/19\/arme-neconventionale-folosite-in-decembrie-1989\/#primaryimage\"},\"thumbnailUrl\":\"https:\/\/desteptati-va.ro\/wp-content\/uploads\/2021\/04\/untitled1-4.png\",\"datePublished\":\"2021-04-19T08:05:30+00:00\",\"author\":{\"@id\":\"https:\/\/desteptati-va.ro\/#\/schema\/person\/13182deeebd44920914899f7bb262d6b\"},\"breadcrumb\":{\"@id\":\"https:\/\/desteptati-va.ro\/index.php\/2021\/04\/19\/arme-neconventionale-folosite-in-decembrie-1989\/#breadcrumb\"},\"inLanguage\":\"ro-RO\",\"potentialAction\":[{\"@type\":\"ReadAction\",\"target\":[\"https:\/\/desteptati-va.ro\/index.php\/2021\/04\/19\/arme-neconventionale-folosite-in-decembrie-1989\/\"]}]},{\"@type\":\"ImageObject\",\"inLanguage\":\"ro-RO\",\"@id\":\"https:\/\/desteptati-va.ro\/index.php\/2021\/04\/19\/arme-neconventionale-folosite-in-decembrie-1989\/#primaryimage\",\"url\":\"https:\/\/desteptati-va.ro\/wp-content\/uploads\/2021\/04\/untitled1-4.png\",\"contentUrl\":\"https:\/\/desteptati-va.ro\/wp-content\/uploads\/2021\/04\/untitled1-4.png\",\"width\":313,\"height\":201},{\"@type\":\"BreadcrumbList\",\"@id\":\"https:\/\/desteptati-va.ro\/index.php\/2021\/04\/19\/arme-neconventionale-folosite-in-decembrie-1989\/#breadcrumb\",\"itemListElement\":[{\"@type\":\"ListItem\",\"position\":1,\"name\":\"Prima pagin\u0103\",\"item\":\"https:\/\/desteptati-va.ro\/\"},{\"@type\":\"ListItem\",\"position\":2,\"name\":\"Arme neconven\u0163ionale folosite \u00een Decembrie 1989\"}]},{\"@type\":\"WebSite\",\"@id\":\"https:\/\/desteptati-va.ro\/#website\",\"url\":\"https:\/\/desteptati-va.ro\/\",\"name\":\"\",\"description\":\"\",\"potentialAction\":[{\"@type\":\"SearchAction\",\"target\":{\"@type\":\"EntryPoint\",\"urlTemplate\":\"https:\/\/desteptati-va.ro\/?s={search_term_string}\"},\"query-input\":{\"@type\":\"PropertyValueSpecification\",\"valueRequired\":true,\"valueName\":\"search_term_string\"}}],\"inLanguage\":\"ro-RO\"},{\"@type\":\"Person\",\"@id\":\"https:\/\/desteptati-va.ro\/#\/schema\/person\/13182deeebd44920914899f7bb262d6b\",\"name\":\"wolfsoftcompany\",\"image\":{\"@type\":\"ImageObject\",\"inLanguage\":\"ro-RO\",\"@id\":\"https:\/\/desteptati-va.ro\/#\/schema\/person\/image\/\",\"url\":\"https:\/\/secure.gravatar.com\/avatar\/a6cce9b6d101d27d91690e7073e300fed94c0899890bf998e082cb9d2c3d121e?s=96&d=mm&r=g\",\"contentUrl\":\"https:\/\/secure.gravatar.com\/avatar\/a6cce9b6d101d27d91690e7073e300fed94c0899890bf998e082cb9d2c3d121e?s=96&d=mm&r=g\",\"caption\":\"wolfsoftcompany\"},\"sameAs\":[\"http:\/\/desteptati-va.ro\"],\"url\":\"https:\/\/desteptati-va.ro\/index.php\/author\/wolfsoftcompany\/\"}]}<\/script>\r\n<!-- \/ Yoast SEO plugin. -->","yoast_head_json":{"title":"Arme neconven\u0163ionale folosite \u00een Decembrie 1989 -","robots":{"index":"index","follow":"follow","max-snippet":"max-snippet:-1","max-image-preview":"max-image-preview:large","max-video-preview":"max-video-preview:-1"},"canonical":"https:\/\/desteptati-va.ro\/index.php\/2021\/04\/19\/arme-neconventionale-folosite-in-decembrie-1989\/","og_locale":"ro_RO","og_type":"article","og_title":"Arme neconven\u0163ionale folosite \u00een Decembrie 1989 -","og_description":"ARMA HALOTRONIC\u0102, UNGURII \u015eI BIBLIOTECA CENTRAL\u0102 Un loc aparte \u00een cadrul r\u0103zboiului psihotronic \u00eel ocup\u0103 armele HALOTRONICE. \u00cenc\u0103 din 1949Read More","og_url":"https:\/\/desteptati-va.ro\/index.php\/2021\/04\/19\/arme-neconventionale-folosite-in-decembrie-1989\/","article_published_time":"2021-04-19T08:05:30+00:00","og_image":[{"width":313,"height":201,"url":"https:\/\/desteptati-va.ro\/wp-content\/uploads\/2021\/04\/untitled1-4.png","type":"image\/png"}],"author":"wolfsoftcompany","twitter_card":"summary_large_image","twitter_misc":{"Scris de":"wolfsoftcompany","Timp estimat pentru citire":"13 minute"},"schema":{"@context":"https:\/\/schema.org","@graph":[{"@type":"Article","@id":"https:\/\/desteptati-va.ro\/index.php\/2021\/04\/19\/arme-neconventionale-folosite-in-decembrie-1989\/#article","isPartOf":{"@id":"https:\/\/desteptati-va.ro\/index.php\/2021\/04\/19\/arme-neconventionale-folosite-in-decembrie-1989\/"},"author":{"name":"wolfsoftcompany","@id":"https:\/\/desteptati-va.ro\/#\/schema\/person\/13182deeebd44920914899f7bb262d6b"},"headline":"Arme neconven\u0163ionale folosite \u00een Decembrie 1989","datePublished":"2021-04-19T08:05:30+00:00","mainEntityOfPage":{"@id":"https:\/\/desteptati-va.ro\/index.php\/2021\/04\/19\/arme-neconventionale-folosite-in-decembrie-1989\/"},"wordCount":2659,"commentCount":0,"image":{"@id":"https:\/\/desteptati-va.ro\/index.php\/2021\/04\/19\/arme-neconventionale-folosite-in-decembrie-1989\/#primaryimage"},"thumbnailUrl":"https:\/\/desteptati-va.ro\/wp-content\/uploads\/2021\/04\/untitled1-4.png","keywords":["1989","arma","biblioteca centrala","campia panonica","CIA","continuitate","Cultural","daci","decembrie","decembrie 89","desteptati","desteptati-va","dezinformare","extrasenzoriale","genocid","halotronica","interventie militara","Muzeul de Arta","Statele Unite","unguri"],"articleSection":["Decembrie 89","Securistii-Teroristii"],"inLanguage":"ro-RO","potentialAction":[{"@type":"CommentAction","name":"Comment","target":["https:\/\/desteptati-va.ro\/index.php\/2021\/04\/19\/arme-neconventionale-folosite-in-decembrie-1989\/#respond"]}]},{"@type":"WebPage","@id":"https:\/\/desteptati-va.ro\/index.php\/2021\/04\/19\/arme-neconventionale-folosite-in-decembrie-1989\/","url":"https:\/\/desteptati-va.ro\/index.php\/2021\/04\/19\/arme-neconventionale-folosite-in-decembrie-1989\/","name":"Arme neconven\u0163ionale folosite \u00een Decembrie 1989 -","isPartOf":{"@id":"https:\/\/desteptati-va.ro\/#website"},"primaryImageOfPage":{"@id":"https:\/\/desteptati-va.ro\/index.php\/2021\/04\/19\/arme-neconventionale-folosite-in-decembrie-1989\/#primaryimage"},"image":{"@id":"https:\/\/desteptati-va.ro\/index.php\/2021\/04\/19\/arme-neconventionale-folosite-in-decembrie-1989\/#primaryimage"},"thumbnailUrl":"https:\/\/desteptati-va.ro\/wp-content\/uploads\/2021\/04\/untitled1-4.png","datePublished":"2021-04-19T08:05:30+00:00","author":{"@id":"https:\/\/desteptati-va.ro\/#\/schema\/person\/13182deeebd44920914899f7bb262d6b"},"breadcrumb":{"@id":"https:\/\/desteptati-va.ro\/index.php\/2021\/04\/19\/arme-neconventionale-folosite-in-decembrie-1989\/#breadcrumb"},"inLanguage":"ro-RO","potentialAction":[{"@type":"ReadAction","target":["https:\/\/desteptati-va.ro\/index.php\/2021\/04\/19\/arme-neconventionale-folosite-in-decembrie-1989\/"]}]},{"@type":"ImageObject","inLanguage":"ro-RO","@id":"https:\/\/desteptati-va.ro\/index.php\/2021\/04\/19\/arme-neconventionale-folosite-in-decembrie-1989\/#primaryimage","url":"https:\/\/desteptati-va.ro\/wp-content\/uploads\/2021\/04\/untitled1-4.png","contentUrl":"https:\/\/desteptati-va.ro\/wp-content\/uploads\/2021\/04\/untitled1-4.png","width":313,"height":201},{"@type":"BreadcrumbList","@id":"https:\/\/desteptati-va.ro\/index.php\/2021\/04\/19\/arme-neconventionale-folosite-in-decembrie-1989\/#breadcrumb","itemListElement":[{"@type":"ListItem","position":1,"name":"Prima pagin\u0103","item":"https:\/\/desteptati-va.ro\/"},{"@type":"ListItem","position":2,"name":"Arme neconven\u0163ionale folosite \u00een Decembrie 1989"}]},{"@type":"WebSite","@id":"https:\/\/desteptati-va.ro\/#website","url":"https:\/\/desteptati-va.ro\/","name":"","description":"","potentialAction":[{"@type":"SearchAction","target":{"@type":"EntryPoint","urlTemplate":"https:\/\/desteptati-va.ro\/?s={search_term_string}"},"query-input":{"@type":"PropertyValueSpecification","valueRequired":true,"valueName":"search_term_string"}}],"inLanguage":"ro-RO"},{"@type":"Person","@id":"https:\/\/desteptati-va.ro\/#\/schema\/person\/13182deeebd44920914899f7bb262d6b","name":"wolfsoftcompany","image":{"@type":"ImageObject","inLanguage":"ro-RO","@id":"https:\/\/desteptati-va.ro\/#\/schema\/person\/image\/","url":"https:\/\/secure.gravatar.com\/avatar\/a6cce9b6d101d27d91690e7073e300fed94c0899890bf998e082cb9d2c3d121e?s=96&d=mm&r=g","contentUrl":"https:\/\/secure.gravatar.com\/avatar\/a6cce9b6d101d27d91690e7073e300fed94c0899890bf998e082cb9d2c3d121e?s=96&d=mm&r=g","caption":"wolfsoftcompany"},"sameAs":["http:\/\/desteptati-va.ro"],"url":"https:\/\/desteptati-va.ro\/index.php\/author\/wolfsoftcompany\/"}]}},"_links":{"self":[{"href":"https:\/\/desteptati-va.ro\/index.php\/wp-json\/wp\/v2\/posts\/3900","targetHints":{"allow":["GET"]}}],"collection":[{"href":"https:\/\/desteptati-va.ro\/index.php\/wp-json\/wp\/v2\/posts"}],"about":[{"href":"https:\/\/desteptati-va.ro\/index.php\/wp-json\/wp\/v2\/types\/post"}],"author":[{"embeddable":true,"href":"https:\/\/desteptati-va.ro\/index.php\/wp-json\/wp\/v2\/users\/1"}],"replies":[{"embeddable":true,"href":"https:\/\/desteptati-va.ro\/index.php\/wp-json\/wp\/v2\/comments?post=3900"}],"version-history":[{"count":1,"href":"https:\/\/desteptati-va.ro\/index.php\/wp-json\/wp\/v2\/posts\/3900\/revisions"}],"predecessor-version":[{"id":3902,"href":"https:\/\/desteptati-va.ro\/index.php\/wp-json\/wp\/v2\/posts\/3900\/revisions\/3902"}],"wp:featuredmedia":[{"embeddable":true,"href":"https:\/\/desteptati-va.ro\/index.php\/wp-json\/wp\/v2\/media\/3867"}],"wp:attachment":[{"href":"https:\/\/desteptati-va.ro\/index.php\/wp-json\/wp\/v2\/media?parent=3900"}],"wp:term":[{"taxonomy":"category","embeddable":true,"href":"https:\/\/desteptati-va.ro\/index.php\/wp-json\/wp\/v2\/categories?post=3900"},{"taxonomy":"post_tag","embeddable":true,"href":"https:\/\/desteptati-va.ro\/index.php\/wp-json\/wp\/v2\/tags?post=3900"}],"curies":[{"name":"wp","href":"https:\/\/api.w.org\/{rel}","templated":true}]}}