{"id":3906,"date":"2021-04-19T08:09:15","date_gmt":"2021-04-19T08:09:15","guid":{"rendered":"http:\/\/desteptati.ro\/?p=3906"},"modified":"2021-04-19T08:09:15","modified_gmt":"2021-04-19T08:09:15","slug":"romania-poligon-de-testare","status":"publish","type":"post","link":"https:\/\/desteptati-va.ro\/index.php\/2021\/04\/19\/romania-poligon-de-testare\/","title":{"rendered":"Rom\u00e2nia &#8211; poligon de testare"},"content":{"rendered":"<div class=\"post-content\"><div class='booster-block booster-read-block'>\n                <div class=\"twp-read-time\">\n                \t<i class=\"booster-icon twp-clock\"><\/i> <span>Read Time:<\/span>14 Minute, 3 Second                <\/div>\n\n            <\/div><h4 style=\"text-align: justify;\">Momentele de \u00eenceput ale Revolu\u0163iei rom\u00e2ne din Decembrie 1989, precum \u015fi a evenimentelor ulterioare, ridic\u0103 nenum\u0103rate \u00eentreb\u0103ri. Multe dintre aceste evenimente au fost permanent marcate de unele fapte care, indubitabil, te trimit cu g\u00e2ndul spre ac\u0163iunea premeditat\u0103 a unor &#8222;regizori&#8221; dinafara maselor populare revoltate \u015fi spontan sau mai putin spontan ie\u015fite \u00een strad\u0103. Unele elemente pledeaz\u0103 pentru faptul c\u0103, pe timpul desf\u0103\u015fur\u0103rii evenimentelor din decembrie 1989, asupra Rom\u00e2niei s-a desf\u0103\u015furat un adev\u0103rat r\u0103zboi parapsihologic, \u00een cadrul c\u0103reia au fost folosite toate &#8222;armele&#8221; neconven\u0163ionale ale r\u0103zboiului psihologic, psihic \u015fi psihotronic.<\/h4>\r\n<h4 style=\"text-align: justify;\">De\u0163in nenum\u0103rate informa\u0163ii, multe dintre ele inedite, \u00eens\u0103 nu am avut posibilitatea de a le verifica din mai multe surse (o regul\u0103 de aur a unui lucr\u0103tor din domeniul informativ-operativ). Tocmai pentru a nu dezinforma, voi prezenta doar acele fapte \u015fi evenimente care oric\u00e2nd pot fi verificate \u015fi asupra c\u0103rora \u00eemi asum \u00eentreaga r\u0103spundere.<\/h4>\r\n<h3 style=\"text-align: justify;\"><strong>\u00ceN DECEMBRIE &#8217;89, SECURITATEA \u015eTIA CE VA URMA.<\/strong><\/h3>\r\n<h4 style=\"text-align: justify;\">\u015ei se mai cuvine s\u0103 fac o precizare. \u00cen 1989, Rom\u00e2nia r\u0103m\u0103sese singura \u0163ar\u0103 din Europa de sud-est care se opunea transform\u0103rilor pe care le \u00eenf\u0103ptuia Gorbaciov. Polonia, Ungaria, Cehoslovacia \u015fi Bulgaria declan\u015faser\u0103 mai \u00eenainte procesul reformator, democratic. Adic\u0103, s-o spunem pe aia dreapt\u0103, revenirea la capitalism. Iar d\u0103r\u00e2marea zidului Berlinului s-a f\u0103cut cu ajutorul lui Gorby, care a garantat c\u0103 Uniunea Sovietic\u0103 \u00ee\u015fi va retrage trupele sta\u0163ionate \u00een Germania de Est. Toate aceste transform\u0103ri erau sprijinite direct de c\u0103tre Statele Unite \u015fi Occident.<\/h4>\r\n<h4 style=\"text-align: justify;\">Dup\u0103 cel de-al XIV-lea Congres al P.C.R., for\u0163ele ostile din exterior \u015fi-au dat seama c\u0103 nu-l vor putea \u00eenl\u0103tura pe Nicolae Ceau\u015fescu dec\u00e2t dac\u0103 \u00ee\u015fi vor concentra eforturile. \u00cen cadrul dialogurilor purtate \u00eentre \u015fefii de state ale Marilor Puteri, &#8222;tema rom\u00e2neasc\u0103&#8221; nu a sc\u0103pat a nu fi dezb\u0103tut\u0103. \u015ei aceasta \u00eenc\u0103 \u00eenainte de desf\u0103\u015furarea evenimentelor din decembrie 1989. Prin metodele specifice activit\u0103\u0163ii, serviciile noastre de informa\u0163ii erau la curent cu toate acestea. Astfel, \u00een Nota nr. 0275 din 1 decembrie 1989 a D.S.S. \u015fi D.I.E., se ar\u0103ta: <em>&#8222;Raport\u0103m urm\u0103toarele informa\u0163ii ob\u0163inute pe mai multe linii cu privire la \u00eent\u00e2lnirea dintre Bush \u015fi Gorbaciov: \u00een cadrul noilor convorbiri la nivel \u00eenalt dintre S.U.A. \u015fi U.R.S.S., organizate la ini\u0163iativa sovieticilor, cele dou\u0103 p\u0103r\u0163i vor aborda cu prioritate problemele privind redefinirea sferelor de influen\u0163\u0103 \u015fi elaborarea unor strategii comune, care s\u0103 le asigure \u00een continuare un rol determinant \u00een toate problemele interna\u0163ionale.Sunt semne c\u0103 U.R.S.S. va face concesii americanilor \u00een schimbul ob\u0163inerii de ajutoare economice \u015fi financiare.. .Din datele de care dispunem rezult\u0103 c\u0103 la \u00eent\u00e2lnirea dintre Bush \u015fi Gorbaciov ar urma s\u0103 se discute \u015fi problema exercit\u0103rii de noi presiuni coordonate asupra unor \u0163\u0103ri socialiste care nu au trecut la aplicarea de &#8222;reforme reale&#8221;,<\/em><em> fiind avute \u00een vedere R.P. Chinez\u0103, Cuba \u015fi Rom\u00e2nia. Cu privire la \u0163ara noastr\u0103, Bush va releva c\u0103 statele membre ale N.A.T.O. vor continua aplicarea de restric\u0163ii \u00een rela\u0163iile lor cu Rom\u00e2nia \u015fi va solicita ca \u015fi U.R.S.S. s\u0103 procedeze \u00een mod similar, mai ales prin reducerea livr\u0103rilor sovietice de \u0163i\u0163ei, gaz metan \u015fi minereu de fier&#8221;.<\/em><\/h4>\r\n<h4 style=\"text-align: justify;\">\u00cen leg\u0103tur\u0103 cu cele relatate mai sus trebuie f\u0103cut\u0103 referire \u015fi la Nota nr. 00282 din 5 decembrie 1989 a D.S.S. \u015fi S.I.E. \u00cen ea se fac referiri cu privire la reuniunea la nivel \u00eenalt a \u0163\u0103rilor membre ale Pie\u0163ei Comune, convocat\u0103 din ini\u0163iativa pre\u015fedintelui Mitterrand, la care pre\u015fedintele S.U.A. , \u00een discu\u0163iile purtate cu \u015fefii de state \u015fi guvern al \u0163\u0103rilor N.A.T.O., ar\u0103ta c\u0103: <em>&#8222;Pozi\u0163ia pe care s-a situat Gorbaciov atest\u0103 c\u0103 U.R.S.S. este dispus\u0103 s\u0103 fac\u0103 \u00een continuare concesii substan\u0163iale \u00een majoritatea problemelor de interes pentru Occident. Ca urmare, statele N.A.T.O.\u00a0 trebuie s\u0103 fac\u0103 uz de toate posibilit\u0103\u0163ile \u015fi p\u00e2rghiile de care dispun pentru a determina accelerarea procesului de reforme \u00een Europa de Est.&#8221;<\/em><\/h4>\r\n<h4 style=\"text-align: justify;\">Analiz\u00e2nd cele dou\u0103 Note, mi se pare interesant s\u0103 subliniez dou\u0103 aspecte. \u00cen primul r\u00e2nd, faptul c\u0103 S.U.A. c\u0103uta s\u0103-\u015fi asume rolul determinant \u00een accelerarea procesului de evolu\u0163ie \u00een Estul Europei. \u015ei al doilea aspect, legat \u00een mod nemijlocit de primul: tonul aproape ultimativ prin care pre\u015fedintele american solicita statelor membre al N.A.T.O. \u015fi U.R.S.S.-ului de a exercita presiuni coordonate \u015fi ini\u0163ierea unui embargo economic par\u0163ial (altfel nu-l pot denumi) asupra Rom\u00e2niei. Oare m\u0103 hazardez c\u00e2nd fac aceast\u0103 afirma\u0163ie? Deoarece am impresia c\u0103 suferin\u0163ele poporului rom\u00e2n (foame, frig, lipsa drepturilor omului etc.) nu prea contau \u00een jocul de interese al Marilor Puteri. Esen\u0163ialul era ca un om &#8211; Nicolae Ceau\u015fescu &#8211; \u015fi regimul s\u0103u s\u0103 fie \u00eenl\u0103turat. Prin reducerea livr\u0103rilor sovietice de \u0163i\u0163ei, gaz metan \u015fi minereuri de fier &#8211; deci instituirea unui embargo economic par\u0163ial, nu conta c\u0103 situa\u0163ia na\u0163iunii rom\u00e2ne se \u00eenr\u0103ut\u0103\u0163ea. Prin aceasta se urm\u0103rea, de fapt cre\u015fterea nemul\u0163umirilor maselor populare, care s\u0103-l \u00eenl\u0103ture pe Ceau\u015fescu \u015fi regimul s\u0103u, deoarece oameni politici de anvergura unui Bush sau Raymond\u00a0 Seitz, (adjunctul secretarului de stat al S.U.A. pentru problemele Europei \u015fi Canadei) nu \u015fi-au recunoscut neputin\u0163a diplomatic\u0103 \u00een a determina Rom\u00e2nia s\u0103 se alinieze &#8222;noului curs&#8221; al \u0163\u0103rilor socialiste. Acest lucru reiese clar din Nota nr. 227 din 2 decembrie 1989 al D.S.S. \u015fi D.I.E., care prezint\u0103 interviul acordat unor ziari\u015fti de pre\u015fedintele Bush \u015fi care-\u015fi exprima limpede dorin\u0163a de a vedea lucrurile &#8222;mi\u015fc\u00e2ndu-se&#8221; \u015fi \u00een Rom\u00e2nia \u015fi pentru care Casa Alb\u0103 era dispus\u0103 &#8222;s\u0103 execute toate presiunile necesare&#8221;: &#8222;<em>A\u015f dori s\u0103 v\u0103d unele ac\u0163iuni \u015fi \u00een aceast\u0103 \u0163ar\u0103.Nu \u015ftiu c\u00e2nd se va \u00eent\u00e2mpla acest lucru. Am trimis \u00een Rom\u00e2nia un nou ambasador, Alan Green, care \u00eemi este prieten. L-am trimis \u00een Rom\u00e2nia tocmai pentru c\u0103 este un om ferm \u015fi intransigent, ce cunoa\u015fte bine p\u0103rerile mele despre democra\u0163ie \u015fi libertate. Cred c\u0103 Alan Green a plecat la 29.11.1989 spre Rom\u00e2nia \u015fi el va prezenta punctul nostru de vedere, al meu personal, pre\u015fedintelui Nicolae Ceasu\u015fescu. \u00cen orice caz, vom \u00eencerca dar va fi greu<\/em>&#8222;.<\/h4>\r\n<h4 style=\"text-align: justify;\">Conform notei citate mai sus, la o conferin\u0163\u0103 de pres\u0103 la Washington, Raymond Seizt declara urm\u0103toarele: <em>&#8222;Nu pot s\u0103 anticipez ce se va \u00eent\u00e2mpla \u00een Rom\u00e2nia. Este o \u0163ar\u0103 instabil\u0103 sau imun\u0103 la toate schimb\u0103rile care au loc \u00een Europa r\u0103s\u0103ritean\u0103. Ea are unele particularit\u0103\u0163i proprii. Situa\u0163ia drepturilor omului este de-a dreptul deprimant\u0103. Pentru moment, nu exist\u0103 nici un indiciu c\u0103 ceea ce s-a \u00eent\u00e2mplat \u00een mod at\u00e2t de fericit \u015fi salutar \u00een majoritatea altor regiuni din Europe r\u0103s\u0103ritean\u0103 se va \u00eent\u00e2mpla \u015fi \u00een Rom\u00e2nia. Dar, \u00een orice caz, \u00eei \u0163inem pumnii.&#8221;<\/em><\/h4>\r\n<h4 style=\"text-align: justify;\">Faptul c\u0103 Rom\u00e2nia era caracterizat\u0103 ca o &#8222;\u0163ar\u0103 instabil\u0103 sau imun\u0103&#8221; la toate schimb\u0103rile, denot\u0103 tonul oarecum fatalist al acelor doi oameni politici, ca \u015fi recunoa\u015fterea c\u0103 Rom\u00e2nia este &#8222;altceva&#8221;, a c\u0103rei evolu\u0163ie nu o pot prevedea nici exper\u0163ii politici occidentali \u00een analizele lor.<\/h4>\r\n<h4 style=\"text-align: justify;\">Nu mi-am propus s\u0103 fac o evaluare a situa\u0163iei politico-militare din \u0163\u0103rile vecine, dinaintea evenimentelor din decembrie 1989. Aceasta au f\u0103cut-o speciali\u015ftii \u00een domeniu. Totu\u015fi, un lucru trebuie scos \u00een eviden\u0163\u0103.<\/h4>\r\n<h3><strong>PERFIDUL R\u0102ZBOI PSIHOLOGIC <\/strong><\/h3>\r\n<h4 style=\"text-align: justify;\">Din cele relatate p\u00e2n\u0103 acum, reiese c\u0103, \u00een decembrie 1989, asupra o\u015ftirii rom\u00e2ne, asupra na\u0163iunii rom\u00e2ne, au fost folosite tehnicile de influen\u0163are a subcon\u015ftientului, din care nu au lipsit armele psihotronice, r\u0103zboiul psihologic\/psihic \u015fi imaginile false. \u00cen ciuda faptelor evidente, apare de ne\u00een\u0163eles, \u015fi nu prea, atitudinea unor intelectuali rom\u00e2ni, a unor speciali\u015fti, care m-au etichetat \u00een fel \u015fi chip pentru c\u0103 le-am prezentat \u00een lucrarea &#8222;R\u0103zboiul parapsihologic \u00eempotriva Rom\u00e2niei&#8221;. \u00cen acest timp, spre surprinderea mea pl\u0103cut\u0103, parte din articolele mele au fost traduse \u00een limba englez\u0103 \u015fi apreciate de speciali\u015fti de marc\u0103 din Marea Britanie \u015fi Statele Unite. Apare de ne\u00een\u0163eles, \u015fi nu prea, atitudinea mass-mediei rom\u00e2ne\u015fti, care a c\u0103utat s\u0103 resping\u0103 ideea folosirii acestor tehnici. Elocvent\u0103 este atitudinea &#8222;Evenimentului zilei&#8221; din 10.08.1994, \u00een care Ion Cristoiu \u00eel acuz\u0103 pe Virgil M\u0103gureanu de &#8222;infantilism \u00een materie de psihologie&#8221;, deoarece \u00een Raportul prezentat \u00een plenul Parlamentului nu a exclus folosirea acestor &#8222;arme&#8221; pe timpul evenimentelor din decembrie 1989. Am impresia c\u0103 to\u0163i cei care s-au situat pe aceast\u0103 pozi\u0163ie slujesc interesele celor care doresc (c\u0103 sunt din interior, c\u0103 sunt din exterior, nu conteaz\u0103) ca na\u0163iunea rom\u00e2n\u0103 s\u0103 nu cunoasc\u0103 nimic despre acest perfid r\u0103zboi \u015fi despre armele neconven\u0163ionale folosite \u00een cadrul s\u0103u. Care doresc ca poporul rom\u00e2n s\u0103 fie un popor de ignoran\u0163i. Adic\u0103, mai laic spus, s\u0103 fie \u00een continuare lipsit de ap\u0103rare \u00een cazul folosirii din nou a acestor arme (Doamne, fere\u015fte!). Rezultatele dezinform\u0103rii, tot component\u0103 a acestui r\u0103zboi, s-au v\u0103zut \u00een timpul evenimentelor din decembrie 1989: na\u0163iunea rom\u00e2n\u0103 nu era preg\u0103tit\u0103 pentru r\u0103zboiul psihologic (r\u0103zboiul nervilor) \u015fi era s\u0103 ias\u0103 o &#8222;frumuse\u0163e&#8221; de v\u0103rsare de s\u00e2nge \u00een Rom\u00e2nia. Iar c\u00e2nd unii speciali\u015fti au sus\u0163inut unele ipoteze privind folosirea tehnicilor de lupt\u0103 parapsihologice \u00een decembrie &#8217;89 \u015fi dup\u0103, marii speciali\u015fti din Rom\u00e2nia i-au criticat \u015fi au asmu\u0163it presa \u00eempotriva lor. Cazul d-lui Cristian Negureanu este elocvent \u00een acest caz. Prin c\u0103r\u0163ile sale a reu\u015fit s\u0103 trezeasc\u0103 interesul cititorilor, s\u0103 destrame v\u0103luri, s\u0103 prezinte unele scenarii diabolice.<\/h4>\r\n<h4 style=\"text-align: justify;\">Le prezint tuturor persoanelor spusele profesorului Vlail Kazhatcheev, membru al Academiei de \u015etiin\u0163e din fosta Uniune Sovietic\u0103 care, \u00eentr-un interviu acordat revistei &#8222;Paris Match&#8221;, \u00een ianuarie 1990, avertiza asupra pericolului unei noi arme, cea psihic\u0103, const\u00e2nd \u00een undele emise de creier.\u00a0 Iat\u0103 ce consecin\u0163e poate avea aceast\u0103 arm\u0103: dereglarea ordinatoarelor, paralizia voin\u0163ei oamenilor, limitarea capacit\u0103\u0163ii de lupt\u0103 a armatei, reducerea popula\u0163iei la o total\u0103 pasivitate , sustragerea secretelor \u015fi informa\u0163iilor din sistemele de cercetare. Atr\u0103g\u00e2nd aten\u0163ia asupra folosirii g\u00e2ndului, profesorul Kazhatcheev exemplifica acest lucru printr-o serie de experien\u0163e f\u0103cute \u00eentr-un laborator din Siberia, din care, prin for\u0163a g\u00e2ndului, s-au modificat temperaturile unor procese tehnologice \u015fi s-a influen\u0163at cre\u015fterea celular\u0103. Iar cercet\u0103rile nu stagneaz\u0103, domnilor!<\/h4>\r\n<h4 style=\"text-align: justify;\">Mai reamintesc persoanelor ne\u00eencrez\u0103toare c\u0103 r\u0103zboiul psihologic, \u00een care prima victim\u0103 este adev\u0103rul, este cel mai perfid. \u00cen cadrul lui, dezinformarea \u015fi minciuna merg m\u00e2n\u0103-n m\u00e2n\u0103, iar zvonurile \u015fi &#8222;informa\u0163iile&#8221; din &#8222;surse sigure&#8221; au o eficacitate mai mare \u00een demolarea inamicului \u015fi a na\u0163iunii vizate dec\u00e2t o lovitur\u0103 nuclear\u0103. De\u015fi exemplele pe care le voi oferi sunt mai vechi, sunt pline de \u00eenv\u0103\u0163\u0103minte. De luat aminte, domnilor!<\/h4>\r\n<h4 style=\"text-align: justify;\">\u00cen articolul &#8222;R\u0103zboiul psihologic&#8221;, ap\u0103rut \u00een &#8222;Exclusiv magazin&#8221; nr. 3\/1994, Val V\u00e2lcu furnizeaz\u0103 ni\u015fte informa\u0163ii deosebite \u015fi oricine le poate compara cu perioada pre \u015fi postdecembrist\u0103 din Rom\u00e2nia. Iat\u0103 mai jos, c\u00e2teva dintre acestea:<\/h4>\r\n<h4 style=\"text-align: justify;\">&#8222;Pentru o \u0163ar\u0103 care se preg\u0103te\u015fte s\u0103 declan\u015feze un conflict este esen\u0163ial s\u0103 nu apar\u0103 \u00een postura de agresor (la noi au fost inventa\u0163i &#8222;terori\u015ftii&#8221; &#8211; n.a.). Solu\u0163ia este la \u00eendem\u00e2na speciali\u015ftilor \u00een dezinformare (la noi au folosit Studioul 4 &#8211; n.a.). Prin folosirea unor grup\u0103ri politice sau de alt\u0103 natur\u0103, infiltrate \u00een structurile de putere ale \u0163\u0103rii vizate (v\u0103 vine s\u0103 crede\u0163i c\u0103, pe data de 20 decembrie a.c., pe banda de jos a unor posturi de televiziune am citit \u015ftirea conform c\u0103reia Consiliul European dore\u015fte s\u0103 aib\u0103 un ministru \u00een guvernul Boc!!! &#8211; n.a.), se inten\u0163ioneaz\u0103 ac\u0163iuni extremiste sau cu conota\u0163ii agresive la adresa unor state, etnii sau rase. Aceste ac\u0163iuni sunt intens mediatizate (conflictele interetnice de la T\u00e2rgu Mure\u015f &#8211; n.a.), la o scar\u0103 mult mai mare dec\u00e2t impactul lor real. Se infiltreaz\u0103 apoi arme, se sponsorizeaz\u0103 grup\u0103ri teroriste \u015fi se ini\u0163iaz\u0103 mi\u015fc\u0103ri de strad\u0103 sau revolte. Ziari\u015ftii str\u0103ini sunt convin\u015fi, prin mijloace mai mult sau mai pu\u0163in ortodoxe, s\u0103 prezinte doar aspecte negative din \u0163ara contra c\u0103reia se desf\u0103\u015foar\u0103 r\u0103zboiul psihologic. \u00cen cazul Irakului, care a atacat brusc, nu a fost timp pentru preg\u0103tirea unor astfel de ac\u0163iuni. Opinia public\u0103 (\u00een special cea american\u0103 &#8211; n.a.), dup\u0103 ce v\u0103zuse, mult timp, \u00een Irak un aliat \u00eempotriva fundamentalismului iranian, nu s-a gr\u0103bit s\u0103 cear\u0103 o interven\u0163ie ferm\u0103. Procentul de americani favorabili r\u0103zboiului (\u00eempotriva Irakului, dup\u0103 ce atacase Kuweit-ul . n.a.) era, la \u00eenceputul confrunt\u0103rilor, de 25%. Dar, iat\u0103 c\u0103 unul din canalele americane de \u015ftiri difuzeaz\u0103 chipul unei tinere, cu un balon electronic \u00een dreptul fe\u0163ei, ca s\u0103 nu poat\u0103 fi recunoscut\u0103 de Poli\u0163ia secret\u0103 irakian\u0103. Printre lacrimi, ea relateaz\u0103 o poveste de un rar dramatism: s-a refugiat \u00een ultima clip\u0103 din Kuweit-ul ocupat, unde era asistent\u0103 medical\u0103. Ultimele imagini pe care le-a re\u0163inut erau cadavrele copiilor nou-n\u0103scu\u0163i kuweitieni, arunca\u0163i din incubatoare de c\u0103tre solda\u0163ii lui Saddam \u015fi zdrobi\u0163i cu patul pu\u015ftii. Preluat\u0103 de toate canalele de \u015ftiri, aceast\u0103 informa\u0163ie a produs \u00eentr-o singur\u0103 zi, o r\u0103sturnare spectaculoas\u0103 a sondajelor: erau favorabili interven\u0163iei 85% (!!) dintre americani.<\/h4>\r\n<h4 style=\"text-align: justify;\">Dup\u0103 terminarea r\u0103zboiului, un ziarist francez a demonstrat c\u0103 fata nu era asistent\u0103, ci fiica ambasadorului kuweitian la Washington.<\/h4>\r\n<h4 style=\"text-align: justify;\">La fel s-au petrecut lucrurile \u015fi \u00eenaintea interven\u0163iei militare la sol \u00eempotriva irakienilor. Opinia public\u0103 american\u0103 nu dorea ca solda\u0163ii americani s\u0103 lupte direct &#8211; imaginile transmise din timpul r\u0103zboiului din Vietnam nu puteau fi uitate. Difuzarea insistent\u0103 a imaginilor unii pesc\u0103ru\u015f mort datorit\u0103 mareei negre, declan\u015fat\u0103 de Saddam, a fost suficient\u0103 pentru ca un confortabil procent de 80% s\u0103 cear\u0103 r\u0103zboiul pe uscat, pentru prevenirea distrugerilor provocate mediului de un dictator dement. Mult mai t\u00e2rziu, naturali\u015ftii canadieni au demonstrat c\u0103 specia din care f\u0103cea parte pesc\u0103ru\u015ful tr\u0103ia doar dincolo ce Cercul Polar, deci imaginea fusese filmat\u0103 cu ani \u00een urm\u0103, dup\u0103 catastrofala scufundare a petrolierului &#8222;Esson Valdez&#8221;. Dar nu mai avea nici o importan\u0163\u0103. &#8222;R\u0103zboiul imaginii fusese c\u00e2\u015ftigat la propriu&#8221;,, accentueaz\u0103 Val V\u00e2lcu.<\/h4>\r\n<h4 style=\"text-align: justify;\">\u00cen cadrul acestui perfid r\u0103zboi nu-\u0163i cuno\u015fti du\u015fmanul, stima\u0163i cititori. El poate fi cel mai bun &#8222;prieten&#8221; al t\u0103u, \u00ee\u0163i z\u00e2mbe\u015fte permanent (nu-mi permit aluzii). Te ui\u0163i \u00een ochii lui, dar nu-l descoperi. Pentru a supravie\u0163ui, ai o singur\u0103 \u015fans\u0103: s\u0103 evaluezi corect informa\u0163ia care \u021bi se d\u0103\/strecoar\u0103.<\/h4>\r\n<h4 style=\"text-align: justify;\"><strong>ARMA PSIHOLOGIC\u0102 \u015eI MITINGUL DIN CAPITAL\u0102<\/strong><\/h4>\r\n<h4 style=\"text-align: justify;\">Statele occidentale, \u00een special Statele Unite, au fabricat, \u00een ultimii ani, armament modern, tehnic\u0103 de lupt\u0103 \u015fi de telecomunica\u0163ii foarte sofisticate. Au fost puse la punct tehnici de dezinformare deosebite. Din r\u0103zboiul psihologic au f\u0103cut o adev\u0103rat\u0103 art\u0103. Nu este lipsit de importan\u0163\u0103 s\u0103 prezint, \u00een acest sens, declara\u0163ia profesorului universitar Ioan Totu &#8211; fost ministru de externe al Rom\u00e2niei, schimbat din func\u0163ie \u00een preajma Congresului al XIV-lea: &#8222;(.) \u00cen S.U.A. \u015fi \u00een unele \u0163\u0103ri din Europa (\u00een primul r\u00e2nd, Anglia) s-au \u00eenfiin\u0163at, \u00eenc\u0103 cu mul\u0163i ani \u00een urm\u0103, cercuri speciale de spionaj \u015fi destabilizare a Rom\u00e2niei sub conducerea C.I.A., persoane \u00eemputernicite s\u0103 ac\u0163ioneze conform intereselor americane au fost destule, reprezentativ fiind Silviu Brucan.&#8221;<\/h4>\r\n<h4 style=\"text-align: justify;\">Unele dintre &#8222;armele neconven\u0163ionale&#8221;, mijloacele \u015fi tehnicile folosite au fost testate \u00een laboratoare. Dar, pentru verificarea eficien\u0163ei lor, era necesar\u0103 testarea \u00een condi\u0163ii de r\u0103zboi. Deci, \u00een condi\u0163ii reale. O parte au fost testate cu ocazia invaziei din Panama. O alt\u0103 parte, \u00een\u00a0 timpul R\u0103zboiului din Golf. Iar c\u00e2nd a ap\u0103rut momentul favorabil &#8211; ajutat fiind a se produce &#8211; au fost testate \u00een Rom\u00e2nia. Testarea lor este rezultatul \u00een\u0163elegerilor de la Malta, a iredentismului \u015fi revizionismului emigra\u0163iei maghiare din str\u0103in\u0103tate, iar peste ani, c\u00e2nd arhivele C.I.A., Mossad-ului, K.G.B.-ului vor fi accesibile cercet\u0103torilor, ele \u00ee\u015fi vor dezv\u0103lui enigmele.<\/h4>\r\n<h4 style=\"text-align: justify;\">Pentru a avea suport \u00een afirma\u0163ia c\u0103 pe timpul evenimentelor din decembrie 1989 \u00een Rom\u00e2nia\u00a0 au fost folosite armele neconven\u0163ionale, voi exemplifica.<\/h4>\r\n<h4 style=\"text-align: justify;\">Pe timpul desf\u0103\u015fur\u0103rii mitingului din Capital\u0103 a fost folosit\u0103 arma psihologic\u0103. At\u00e2t persoanele participante la miting, c\u00e2t \u015fi unele aflate la o oarecare dep\u0103rtare, au relatat un fapt deosebit de straniu: starea de panic\u0103 care a pus st\u0103p\u00e2nire pe ei.\u00a0 Aceasta a avut dou\u0103 origini. Pe de o parte, vacarmul sonor provenit dintr-o surs\u0103 de amplificare. Acesta era asem\u0103n\u0103tor celui produs de &#8222;forma\u0163ii de avioane sau elicoptere \u00een zbor&#8221;, dup\u0103 cum au declarat unii, ori de &#8222;o coloan\u0103 de tancuri \u00een mar\u015f&#8221;, dup\u0103 cum declar\u0103 al\u0163ii. Pe l\u00e2ng\u0103 aceasta, mai multe persoane au declarat c\u0103 &#8222;a fost vorba de o senza\u0163ie fizic\u0103 de spaim\u0103, resim\u0163it\u0103 sub forma unei nelini\u015fti at\u00e2t de puternice \u00eenc\u00e2t aproape c\u0103 nu te mai puteai \u0163ine pe picioare, iar \u00een urechi \u00ee\u0163i r\u0103suna un uruit insuportabil&#8221;. Aceste lucruri au fost prezentate \u015fi \u00een raportul d-lui Virgil M\u0103gureanu, prezentat \u00een plenul Parlamentului, \u00een toamna anului 1994, \u00een urma c\u0103ruia, deoarece nu a exclus folosirea acestor &#8222;arme&#8221; \u00een timpul evenimentelor din decembrie 1989, a fost taxat drept &#8222;diletant \u00een probleme de psihologie.&#8221;<\/h4>\r\n<h4 style=\"text-align: justify;\">Ulterior, speciali\u015ftii consulta\u0163i au afirmat c\u0103 o atare stare este provocat\u0103, de regul\u0103, prin emiterea la mare intensitate, a unor unde de joas\u0103 frecven\u0163\u0103, sub pragul audibilului.\u00a0 C\u00e2t prive\u015fte sursa de emitere a fost vorba de Hotelul Intercontinental, &#8222;dinspre care a venit o und\u0103 care a provocat un zgomot indefinit \u015fi nelini\u015ftea mul\u0163imii.&#8221;<\/h4>\r\n<h4 style=\"text-align: justify;\">Tot speciali\u015ftii \u00een domeniu au afirmat c\u0103 senza\u0163iile de furnic\u0103turi, de \u00een\u0163ep\u0103turi, pe care le-au sim\u0163it participan\u0163ii la miting, sunt resim\u0163ite de majoritatea persoanelor care se supun tratamentelor bioenergetice, realizate de &#8222;ilumina\u0163ii&#8221; cu bioc\u00e2mp puternic.<\/h4>\r\n<h4><em>Scris de Teodor FILIP &#8211; miercuri, 22 Decembrie 2010<\/em><\/h4>        <div class=\"booster-block booster-reactions-block\">\n            <div class=\"twp-reactions-icons\">\n                \n                <div class=\"twp-reacts-wrap\">\n                    <a react-data=\"be-react-1\" post-id=\"3906\" class=\"be-face-icons un-reacted\" href=\"javascript:void(0)\">\n                        <img decoding=\"async\" src=\"https:\/\/desteptati-va.ro\/wp-content\/plugins\/booster-extension\/\/assets\/icon\/happy.svg\" alt=\"Happy\">\n                    <\/a>\n                    <div class=\"twp-reaction-title\">\n                        Happy                    <\/div>\n                    <div class=\"twp-count-percent\">\n                                                    <span style=\"display: none;\" class=\"twp-react-count\">0<\/span>\n                        \n                                                <span class=\"twp-react-percent\"><span>0<\/span> %<\/span>\n                                            <\/div>\n                <\/div>\n\n                <div class=\"twp-reacts-wrap\">\n                    <a react-data=\"be-react-2\" post-id=\"3906\" class=\"be-face-icons un-reacted\" href=\"javascript:void(0)\">\n                        <img decoding=\"async\" src=\"https:\/\/desteptati-va.ro\/wp-content\/plugins\/booster-extension\/\/assets\/icon\/sad.svg\" alt=\"Sad\">\n                    <\/a>\n                    <div class=\"twp-reaction-title\">\n                        Sad                    <\/div>\n                    <div class=\"twp-count-percent\">\n                                                    <span style=\"display: none;\" class=\"twp-react-count\">0<\/span>\n                                                                        <span class=\"twp-react-percent\"><span>0<\/span> %<\/span>\n                                            <\/div>\n                <\/div>\n\n                <div class=\"twp-reacts-wrap\">\n                    <a react-data=\"be-react-3\" post-id=\"3906\" class=\"be-face-icons un-reacted\" href=\"javascript:void(0)\">\n                        <img decoding=\"async\" src=\"https:\/\/desteptati-va.ro\/wp-content\/plugins\/booster-extension\/\/assets\/icon\/excited.svg\" alt=\"Excited\">\n                    <\/a>\n                    <div class=\"twp-reaction-title\">\n                        Excited                    <\/div>\n                    <div class=\"twp-count-percent\">\n                                                    <span style=\"display: none;\" class=\"twp-react-count\">0<\/span>\n                                                                        <span class=\"twp-react-percent\"><span>0<\/span> %<\/span>\n                                            <\/div>\n                <\/div>\n\n                <div class=\"twp-reacts-wrap\">\n                    <a react-data=\"be-react-6\" post-id=\"3906\" class=\"be-face-icons un-reacted\" href=\"javascript:void(0)\">\n                        <img decoding=\"async\" src=\"https:\/\/desteptati-va.ro\/wp-content\/plugins\/booster-extension\/\/assets\/icon\/sleepy.svg\" alt=\"Sleepy\">\n                    <\/a>\n                    <div class=\"twp-reaction-title\">\n                        Sleepy                    <\/div>\n                    <div class=\"twp-count-percent\">\n                                                    <span style=\"display: none;\" class=\"twp-react-count\">0<\/span>\n                        \n                                                <span class=\"twp-react-percent\"><span>0<\/span> %<\/span>\n                                            <\/div>\n                <\/div>\n\n                <div class=\"twp-reacts-wrap\">\n                    <a react-data=\"be-react-4\" post-id=\"3906\" class=\"be-face-icons un-reacted\" href=\"javascript:void(0)\">\n                        <img decoding=\"async\" src=\"https:\/\/desteptati-va.ro\/wp-content\/plugins\/booster-extension\/\/assets\/icon\/angry.svg\" alt=\"Angry\">\n                    <\/a>\n                    <div class=\"twp-reaction-title\">Angry<\/div>\n                    <div class=\"twp-count-percent\">\n                                                    <span style=\"display: none;\" class=\"twp-react-count\">0<\/span>\n                                                                        <span class=\"twp-react-percent\"><span>0<\/span> %<\/span>\n                        \n                    <\/div>\n                <\/div>\n\n                <div class=\"twp-reacts-wrap\">\n                    <a react-data=\"be-react-5\" post-id=\"3906\" class=\"be-face-icons un-reacted\" href=\"javascript:void(0)\">\n                        <img decoding=\"async\" src=\"https:\/\/desteptati-va.ro\/wp-content\/plugins\/booster-extension\/\/assets\/icon\/surprise.svg\" alt=\"Surprise\">\n                    <\/a>\n                    <div class=\"twp-reaction-title\">Surprise<\/div>\n                    <div class=\"twp-count-percent\">\n                                                    <span style=\"display: none;\" class=\"twp-react-count\">0<\/span>\n                                                                        <span class=\"twp-react-percent\"><span>0<\/span> %<\/span>\n                                            <\/div>\n                <\/div>\n\n            <\/div>\n        <\/div>\n\n    <\/div>","protected":false},"excerpt":{"rendered":"<p>Momentele de \u00eenceput ale Revolu\u0163iei rom\u00e2ne din Decembrie 1989, precum \u015fi a evenimentelor ulterioare, ridic\u0103 nenum\u0103rate \u00eentreb\u0103ri. Multe dintre aceste<a href=\"https:\/\/desteptati-va.ro\/index.php\/2021\/04\/19\/romania-poligon-de-testare\/\">Read More<i class=\"fa fa-long-arrow-right\" aria-hidden=\"true\"><\/i><\/a><\/p>\n","protected":false},"author":1,"featured_media":877,"comment_status":"open","ping_status":"open","sticky":false,"template":"","format":"standard","meta":{"_crdt_document":"","footnotes":""},"categories":[3,9],"tags":[1077,1156,590,663,652,59,60,1157,1158,696,518,789,1159,364,148,179,160,281],"class_list":["post-3906","post","type-post","status-publish","format-standard","has-post-thumbnail","hentry","category-decembrie-89","category-securistii-teroristii","tag-1077","tag-arma-psihologica","tag-cc","tag-ceausescu","tag-decembrie","tag-desteptati","tag-desteptati-va","tag-die","tag-dss","tag-lovitura-de-stat","tag-nato","tag-pcr","tag-psihologic","tag-razboi","tag-revolutie","tag-romania","tag-securitatea","tag-urss"],"rise-blocks_total_comments":20,"rise-blocks_categories":[{"term_id":9,"name":"Securistii-Teroristii","slug":"securistii-teroristii","term_group":0,"term_taxonomy_id":9,"taxonomy":"category","description":"","parent":3,"count":16,"filter":"raw"}],"rise-blocks_excerpt":"Momentele de \u00eenceput ale Revolu\u0163iei rom\u00e2ne din Decembrie 1989, precum \u015fi a evenimentelor ulterioare, ridic\u0103 nenum\u0103rate \u00eentreb\u0103ri. Multe dintre aceste evenimente au fost permanent marcate de unele fapte care, indubitabil, te trimit cu g\u00e2ndul spre ac\u0163iunea premeditat\u0103 a unor &#8222;regizori&#8221; dinafara maselor populare revoltate \u015fi spontan sau mai putin spontan ie\u015fite \u00een strad\u0103. Unele elemente pledeaz\u0103 pentru faptul c\u0103, pe..","yoast_head":"<!-- This site is optimized with the Yoast SEO plugin v26.9 - https:\/\/yoast.com\/product\/yoast-seo-wordpress\/ -->\r\n<title>Rom\u00e2nia - poligon de testare -<\/title>\r\n<meta name=\"robots\" content=\"index, follow, max-snippet:-1, max-image-preview:large, max-video-preview:-1\" \/>\r\n<link rel=\"canonical\" href=\"https:\/\/desteptati-va.ro\/index.php\/2021\/04\/19\/romania-poligon-de-testare\/\" \/>\r\n<meta property=\"og:locale\" content=\"ro_RO\" \/>\r\n<meta property=\"og:type\" content=\"article\" \/>\r\n<meta property=\"og:title\" content=\"Rom\u00e2nia - poligon de testare -\" \/>\r\n<meta property=\"og:description\" content=\"Momentele de \u00eenceput ale Revolu\u0163iei rom\u00e2ne din Decembrie 1989, precum \u015fi a evenimentelor ulterioare, ridic\u0103 nenum\u0103rate \u00eentreb\u0103ri. Multe dintre acesteRead More\" \/>\r\n<meta property=\"og:url\" content=\"https:\/\/desteptati-va.ro\/index.php\/2021\/04\/19\/romania-poligon-de-testare\/\" \/>\r\n<meta property=\"article:published_time\" content=\"2021-04-19T08:09:15+00:00\" \/>\r\n<meta property=\"og:image\" content=\"https:\/\/desteptati-va.ro\/wp-content\/uploads\/2021\/04\/In_decembrie_89_au_fost_confunda396212.jpg\" \/>\r\n\t<meta property=\"og:image:width\" content=\"297\" \/>\r\n\t<meta property=\"og:image:height\" content=\"223\" \/>\r\n\t<meta property=\"og:image:type\" content=\"image\/jpeg\" \/>\r\n<meta name=\"author\" content=\"wolfsoftcompany\" \/>\r\n<meta name=\"twitter:card\" content=\"summary_large_image\" \/>\r\n<meta name=\"twitter:label1\" content=\"Scris de\" \/>\n\t<meta name=\"twitter:data1\" content=\"wolfsoftcompany\" \/>\n\t<meta name=\"twitter:label2\" content=\"Timp estimat pentru citire\" \/>\n\t<meta name=\"twitter:data2\" content=\"16 minute\" \/>\r\n<script type=\"application\/ld+json\" class=\"yoast-schema-graph\">{\"@context\":\"https:\/\/schema.org\",\"@graph\":[{\"@type\":\"Article\",\"@id\":\"https:\/\/desteptati-va.ro\/index.php\/2021\/04\/19\/romania-poligon-de-testare\/#article\",\"isPartOf\":{\"@id\":\"https:\/\/desteptati-va.ro\/index.php\/2021\/04\/19\/romania-poligon-de-testare\/\"},\"author\":{\"name\":\"wolfsoftcompany\",\"@id\":\"https:\/\/desteptati-va.ro\/#\/schema\/person\/13182deeebd44920914899f7bb262d6b\"},\"headline\":\"Rom\u00e2nia &#8211; poligon de testare\",\"datePublished\":\"2021-04-19T08:09:15+00:00\",\"mainEntityOfPage\":{\"@id\":\"https:\/\/desteptati-va.ro\/index.php\/2021\/04\/19\/romania-poligon-de-testare\/\"},\"wordCount\":3134,\"commentCount\":0,\"image\":{\"@id\":\"https:\/\/desteptati-va.ro\/index.php\/2021\/04\/19\/romania-poligon-de-testare\/#primaryimage\"},\"thumbnailUrl\":\"https:\/\/desteptati-va.ro\/wp-content\/uploads\/2021\/04\/In_decembrie_89_au_fost_confunda396212.jpg\",\"keywords\":[\"1989\",\"arma psihologica\",\"CC\",\"Ceausescu\",\"decembrie\",\"desteptati\",\"desteptati-va\",\"DIE\",\"dss\",\"lovitura de stat\",\"NATO\",\"PCR\",\"psihologic\",\"razboi\",\"revolutie\",\"Romania\",\"Securitatea\",\"URSS\"],\"articleSection\":[\"Decembrie 89\",\"Securistii-Teroristii\"],\"inLanguage\":\"ro-RO\",\"potentialAction\":[{\"@type\":\"CommentAction\",\"name\":\"Comment\",\"target\":[\"https:\/\/desteptati-va.ro\/index.php\/2021\/04\/19\/romania-poligon-de-testare\/#respond\"]}]},{\"@type\":\"WebPage\",\"@id\":\"https:\/\/desteptati-va.ro\/index.php\/2021\/04\/19\/romania-poligon-de-testare\/\",\"url\":\"https:\/\/desteptati-va.ro\/index.php\/2021\/04\/19\/romania-poligon-de-testare\/\",\"name\":\"Rom\u00e2nia - poligon de testare -\",\"isPartOf\":{\"@id\":\"https:\/\/desteptati-va.ro\/#website\"},\"primaryImageOfPage\":{\"@id\":\"https:\/\/desteptati-va.ro\/index.php\/2021\/04\/19\/romania-poligon-de-testare\/#primaryimage\"},\"image\":{\"@id\":\"https:\/\/desteptati-va.ro\/index.php\/2021\/04\/19\/romania-poligon-de-testare\/#primaryimage\"},\"thumbnailUrl\":\"https:\/\/desteptati-va.ro\/wp-content\/uploads\/2021\/04\/In_decembrie_89_au_fost_confunda396212.jpg\",\"datePublished\":\"2021-04-19T08:09:15+00:00\",\"author\":{\"@id\":\"https:\/\/desteptati-va.ro\/#\/schema\/person\/13182deeebd44920914899f7bb262d6b\"},\"breadcrumb\":{\"@id\":\"https:\/\/desteptati-va.ro\/index.php\/2021\/04\/19\/romania-poligon-de-testare\/#breadcrumb\"},\"inLanguage\":\"ro-RO\",\"potentialAction\":[{\"@type\":\"ReadAction\",\"target\":[\"https:\/\/desteptati-va.ro\/index.php\/2021\/04\/19\/romania-poligon-de-testare\/\"]}]},{\"@type\":\"ImageObject\",\"inLanguage\":\"ro-RO\",\"@id\":\"https:\/\/desteptati-va.ro\/index.php\/2021\/04\/19\/romania-poligon-de-testare\/#primaryimage\",\"url\":\"https:\/\/desteptati-va.ro\/wp-content\/uploads\/2021\/04\/In_decembrie_89_au_fost_confunda396212.jpg\",\"contentUrl\":\"https:\/\/desteptati-va.ro\/wp-content\/uploads\/2021\/04\/In_decembrie_89_au_fost_confunda396212.jpg\",\"width\":297,\"height\":223},{\"@type\":\"BreadcrumbList\",\"@id\":\"https:\/\/desteptati-va.ro\/index.php\/2021\/04\/19\/romania-poligon-de-testare\/#breadcrumb\",\"itemListElement\":[{\"@type\":\"ListItem\",\"position\":1,\"name\":\"Prima pagin\u0103\",\"item\":\"https:\/\/desteptati-va.ro\/\"},{\"@type\":\"ListItem\",\"position\":2,\"name\":\"Rom\u00e2nia &#8211; poligon de testare\"}]},{\"@type\":\"WebSite\",\"@id\":\"https:\/\/desteptati-va.ro\/#website\",\"url\":\"https:\/\/desteptati-va.ro\/\",\"name\":\"\",\"description\":\"\",\"potentialAction\":[{\"@type\":\"SearchAction\",\"target\":{\"@type\":\"EntryPoint\",\"urlTemplate\":\"https:\/\/desteptati-va.ro\/?s={search_term_string}\"},\"query-input\":{\"@type\":\"PropertyValueSpecification\",\"valueRequired\":true,\"valueName\":\"search_term_string\"}}],\"inLanguage\":\"ro-RO\"},{\"@type\":\"Person\",\"@id\":\"https:\/\/desteptati-va.ro\/#\/schema\/person\/13182deeebd44920914899f7bb262d6b\",\"name\":\"wolfsoftcompany\",\"image\":{\"@type\":\"ImageObject\",\"inLanguage\":\"ro-RO\",\"@id\":\"https:\/\/desteptati-va.ro\/#\/schema\/person\/image\/\",\"url\":\"https:\/\/secure.gravatar.com\/avatar\/a6cce9b6d101d27d91690e7073e300fed94c0899890bf998e082cb9d2c3d121e?s=96&d=mm&r=g\",\"contentUrl\":\"https:\/\/secure.gravatar.com\/avatar\/a6cce9b6d101d27d91690e7073e300fed94c0899890bf998e082cb9d2c3d121e?s=96&d=mm&r=g\",\"caption\":\"wolfsoftcompany\"},\"sameAs\":[\"http:\/\/desteptati-va.ro\"],\"url\":\"https:\/\/desteptati-va.ro\/index.php\/author\/wolfsoftcompany\/\"}]}<\/script>\r\n<!-- \/ Yoast SEO plugin. -->","yoast_head_json":{"title":"Rom\u00e2nia - poligon de testare -","robots":{"index":"index","follow":"follow","max-snippet":"max-snippet:-1","max-image-preview":"max-image-preview:large","max-video-preview":"max-video-preview:-1"},"canonical":"https:\/\/desteptati-va.ro\/index.php\/2021\/04\/19\/romania-poligon-de-testare\/","og_locale":"ro_RO","og_type":"article","og_title":"Rom\u00e2nia - poligon de testare -","og_description":"Momentele de \u00eenceput ale Revolu\u0163iei rom\u00e2ne din Decembrie 1989, precum \u015fi a evenimentelor ulterioare, ridic\u0103 nenum\u0103rate \u00eentreb\u0103ri. Multe dintre acesteRead More","og_url":"https:\/\/desteptati-va.ro\/index.php\/2021\/04\/19\/romania-poligon-de-testare\/","article_published_time":"2021-04-19T08:09:15+00:00","og_image":[{"width":297,"height":223,"url":"https:\/\/desteptati-va.ro\/wp-content\/uploads\/2021\/04\/In_decembrie_89_au_fost_confunda396212.jpg","type":"image\/jpeg"}],"author":"wolfsoftcompany","twitter_card":"summary_large_image","twitter_misc":{"Scris de":"wolfsoftcompany","Timp estimat pentru citire":"16 minute"},"schema":{"@context":"https:\/\/schema.org","@graph":[{"@type":"Article","@id":"https:\/\/desteptati-va.ro\/index.php\/2021\/04\/19\/romania-poligon-de-testare\/#article","isPartOf":{"@id":"https:\/\/desteptati-va.ro\/index.php\/2021\/04\/19\/romania-poligon-de-testare\/"},"author":{"name":"wolfsoftcompany","@id":"https:\/\/desteptati-va.ro\/#\/schema\/person\/13182deeebd44920914899f7bb262d6b"},"headline":"Rom\u00e2nia &#8211; poligon de testare","datePublished":"2021-04-19T08:09:15+00:00","mainEntityOfPage":{"@id":"https:\/\/desteptati-va.ro\/index.php\/2021\/04\/19\/romania-poligon-de-testare\/"},"wordCount":3134,"commentCount":0,"image":{"@id":"https:\/\/desteptati-va.ro\/index.php\/2021\/04\/19\/romania-poligon-de-testare\/#primaryimage"},"thumbnailUrl":"https:\/\/desteptati-va.ro\/wp-content\/uploads\/2021\/04\/In_decembrie_89_au_fost_confunda396212.jpg","keywords":["1989","arma psihologica","CC","Ceausescu","decembrie","desteptati","desteptati-va","DIE","dss","lovitura de stat","NATO","PCR","psihologic","razboi","revolutie","Romania","Securitatea","URSS"],"articleSection":["Decembrie 89","Securistii-Teroristii"],"inLanguage":"ro-RO","potentialAction":[{"@type":"CommentAction","name":"Comment","target":["https:\/\/desteptati-va.ro\/index.php\/2021\/04\/19\/romania-poligon-de-testare\/#respond"]}]},{"@type":"WebPage","@id":"https:\/\/desteptati-va.ro\/index.php\/2021\/04\/19\/romania-poligon-de-testare\/","url":"https:\/\/desteptati-va.ro\/index.php\/2021\/04\/19\/romania-poligon-de-testare\/","name":"Rom\u00e2nia - poligon de testare -","isPartOf":{"@id":"https:\/\/desteptati-va.ro\/#website"},"primaryImageOfPage":{"@id":"https:\/\/desteptati-va.ro\/index.php\/2021\/04\/19\/romania-poligon-de-testare\/#primaryimage"},"image":{"@id":"https:\/\/desteptati-va.ro\/index.php\/2021\/04\/19\/romania-poligon-de-testare\/#primaryimage"},"thumbnailUrl":"https:\/\/desteptati-va.ro\/wp-content\/uploads\/2021\/04\/In_decembrie_89_au_fost_confunda396212.jpg","datePublished":"2021-04-19T08:09:15+00:00","author":{"@id":"https:\/\/desteptati-va.ro\/#\/schema\/person\/13182deeebd44920914899f7bb262d6b"},"breadcrumb":{"@id":"https:\/\/desteptati-va.ro\/index.php\/2021\/04\/19\/romania-poligon-de-testare\/#breadcrumb"},"inLanguage":"ro-RO","potentialAction":[{"@type":"ReadAction","target":["https:\/\/desteptati-va.ro\/index.php\/2021\/04\/19\/romania-poligon-de-testare\/"]}]},{"@type":"ImageObject","inLanguage":"ro-RO","@id":"https:\/\/desteptati-va.ro\/index.php\/2021\/04\/19\/romania-poligon-de-testare\/#primaryimage","url":"https:\/\/desteptati-va.ro\/wp-content\/uploads\/2021\/04\/In_decembrie_89_au_fost_confunda396212.jpg","contentUrl":"https:\/\/desteptati-va.ro\/wp-content\/uploads\/2021\/04\/In_decembrie_89_au_fost_confunda396212.jpg","width":297,"height":223},{"@type":"BreadcrumbList","@id":"https:\/\/desteptati-va.ro\/index.php\/2021\/04\/19\/romania-poligon-de-testare\/#breadcrumb","itemListElement":[{"@type":"ListItem","position":1,"name":"Prima pagin\u0103","item":"https:\/\/desteptati-va.ro\/"},{"@type":"ListItem","position":2,"name":"Rom\u00e2nia &#8211; poligon de testare"}]},{"@type":"WebSite","@id":"https:\/\/desteptati-va.ro\/#website","url":"https:\/\/desteptati-va.ro\/","name":"","description":"","potentialAction":[{"@type":"SearchAction","target":{"@type":"EntryPoint","urlTemplate":"https:\/\/desteptati-va.ro\/?s={search_term_string}"},"query-input":{"@type":"PropertyValueSpecification","valueRequired":true,"valueName":"search_term_string"}}],"inLanguage":"ro-RO"},{"@type":"Person","@id":"https:\/\/desteptati-va.ro\/#\/schema\/person\/13182deeebd44920914899f7bb262d6b","name":"wolfsoftcompany","image":{"@type":"ImageObject","inLanguage":"ro-RO","@id":"https:\/\/desteptati-va.ro\/#\/schema\/person\/image\/","url":"https:\/\/secure.gravatar.com\/avatar\/a6cce9b6d101d27d91690e7073e300fed94c0899890bf998e082cb9d2c3d121e?s=96&d=mm&r=g","contentUrl":"https:\/\/secure.gravatar.com\/avatar\/a6cce9b6d101d27d91690e7073e300fed94c0899890bf998e082cb9d2c3d121e?s=96&d=mm&r=g","caption":"wolfsoftcompany"},"sameAs":["http:\/\/desteptati-va.ro"],"url":"https:\/\/desteptati-va.ro\/index.php\/author\/wolfsoftcompany\/"}]}},"_links":{"self":[{"href":"https:\/\/desteptati-va.ro\/index.php\/wp-json\/wp\/v2\/posts\/3906","targetHints":{"allow":["GET"]}}],"collection":[{"href":"https:\/\/desteptati-va.ro\/index.php\/wp-json\/wp\/v2\/posts"}],"about":[{"href":"https:\/\/desteptati-va.ro\/index.php\/wp-json\/wp\/v2\/types\/post"}],"author":[{"embeddable":true,"href":"https:\/\/desteptati-va.ro\/index.php\/wp-json\/wp\/v2\/users\/1"}],"replies":[{"embeddable":true,"href":"https:\/\/desteptati-va.ro\/index.php\/wp-json\/wp\/v2\/comments?post=3906"}],"version-history":[{"count":1,"href":"https:\/\/desteptati-va.ro\/index.php\/wp-json\/wp\/v2\/posts\/3906\/revisions"}],"predecessor-version":[{"id":3908,"href":"https:\/\/desteptati-va.ro\/index.php\/wp-json\/wp\/v2\/posts\/3906\/revisions\/3908"}],"wp:featuredmedia":[{"embeddable":true,"href":"https:\/\/desteptati-va.ro\/index.php\/wp-json\/wp\/v2\/media\/877"}],"wp:attachment":[{"href":"https:\/\/desteptati-va.ro\/index.php\/wp-json\/wp\/v2\/media?parent=3906"}],"wp:term":[{"taxonomy":"category","embeddable":true,"href":"https:\/\/desteptati-va.ro\/index.php\/wp-json\/wp\/v2\/categories?post=3906"},{"taxonomy":"post_tag","embeddable":true,"href":"https:\/\/desteptati-va.ro\/index.php\/wp-json\/wp\/v2\/tags?post=3906"}],"curies":[{"name":"wp","href":"https:\/\/api.w.org\/{rel}","templated":true}]}}