{"id":3909,"date":"2021-04-19T08:11:14","date_gmt":"2021-04-19T08:11:14","guid":{"rendered":"http:\/\/desteptati.ro\/?p=3909"},"modified":"2021-04-19T08:11:14","modified_gmt":"2021-04-19T08:11:14","slug":"revolutia-vazuta-de-securisti","status":"publish","type":"post","link":"https:\/\/desteptati-va.ro\/index.php\/2021\/04\/19\/revolutia-vazuta-de-securisti\/","title":{"rendered":"Revolu\u0163ia, vazut\u0103 de securi\u015fti"},"content":{"rendered":"<div class=\"post-content\"><div class='booster-block booster-read-block'>\n                <div class=\"twp-read-time\">\n                \t<i class=\"booster-icon twp-clock\"><\/i> <span>Read Time:<\/span>17 Minute, 52 Second                <\/div>\n\n            <\/div><h3 style=\"text-align: justify;\"><strong>\u00cei las\u0103m dlui Ion Iliescu dilema insolubil\u0103 &#8211; &#8222;<\/strong><strong>revolu\u0163ie sau lovitur\u0103 de stat?&#8221; . <\/strong><strong>Rom\u00e2nilor le r\u0103m\u00e2ne s\u0103 reflecteze asupra aspira\u0163iilor din 1989 \u015fi realitatea a 14 ani.<\/strong><\/h3>\r\n<h4><\/h4>\r\n<h4 style=\"text-align: justify;\"><strong> De\u015fi pre\u015fedintele nostru sus\u0163ine c\u0103 investigarea evenimentelor din &#8217;89<\/strong><strong> este inutil\u0103, noi continu\u0103m, cu modestele noastre mijloace, s\u0103 des\u0163elenim \u00eemprejur\u0103rile de atunci ( f\u0103r\u0103 s\u0103 mai a\u015ftept\u0103m<\/strong><strong> 39 de ani) <\/strong><strong>\u015fi f\u0103r\u0103 s\u0103 invoc\u0103m ceea ce Ion Iliescu nume\u015fte &#8222;lips\u0103 de r\u0103spunsuri&#8221;, care ar fi un &#8222;dat obiectiv&#8221;.<\/strong><\/h4>\r\n<h4><\/h4>\r\n<h4 style=\"text-align: justify;\"><strong>\u00centr<\/strong><strong>-unul dintre episoadele anterioare ale serialului &#8222;Revolu\u0163ia <\/strong><strong>&#8211; v\u0103zut\u0103 de securi\u015fti&#8221;, am relatat \u00een treac\u0103t cum Virgil\u00a0 M\u0103gureanu s-a deplasat \u00een 23 decembrie la Direc\u0163ia a III-a, pentru a recruta ap\u0103r\u0103tori pentru Televiziune, unde taman se instalase Ion Iliescu dup\u0103 ce la CC s-ar fi tras primul foc chiar \u00een biroul \u00een care se instalase s\u0103 redacteze comunicatul c\u0103tre \u0163ar\u0103.<\/strong><\/h4>\r\n<h4><\/h4>\r\n<h4 style=\"text-align: justify;\"><strong>De ce a fost nevoie de 15 b\u0103ie\u0163i tocmai de la Direc\u0163ia a III-a, care f\u0103cuse poli\u0163ie politic\u0103 sadea ? \u015ei cum se face c\u0103 structurile Securit\u0103\u0163ii s-au postat pe l\u00e2ng\u0103 comandamentele militare de salvare &#8222;na\u0163ional\u0103&#8221; ? <\/strong><\/h4>\r\n<h4><\/h4>\r\n<h4 style=\"text-align: justify;\"><strong>Ion Iliescu vorbe\u015fte acum cu deta\u015fare despre &#8221; grupurile conven<\/strong><strong>\u0163ionale de terori\u015fti&#8221; (\u015fi la care nu s-au g\u0103sit r\u0103spunsuri). Zice a\u015fa: &#8221; <\/strong><em><strong>Am decis \u00een noaptea respectiv\u0103 <\/strong><\/em><strong>( 22-23 decembrie &#8211; n.n.) <\/strong><em><strong>s\u0103 desfiin\u0163\u0103m ca structur\u0103, ca institu\u0163ie Securitatea<\/strong><\/em><strong> &#8222;. De ce s-a dus atunci M\u0103gureanu s\u0103 recruteze 15 b\u0103ie\u0163i \u00eenzestra\u0163i de la cea mai detestat\u0103 direc\u0163ie a Securit\u0103\u0163ii s\u0103 apere TVR Liber\u0103 ?<\/strong><\/h4>\r\n<h4><\/h4>\r\n<h4 style=\"text-align: justify;\"><strong> Investigarea evenimentelor din 1989 ar fi &#8222;inutil\u0103&#8221; dac\u0103 n-ar exista cei \u00a0963 de mor\u0163i de dup\u0103 22 decembrie, deci de dup\u0103 preluarea puterii \u015fi de care, deocamdat\u0103, se fac vinovate &#8222;grupurile conven\u0163ionale de terori\u015fti&#8221; (scenariul cu terori\u015ftii putea s\u0103 lipseasc\u0103 foarte bine dac\u0103 represiunea nu se dorea continuat\u0103, cum s-a \u015fi \u00eent\u00e2mplat, de altfel, culmin\u00e2nd cu mineriadele). Constat\u0103m cu surprindere c\u0103 aceia\u015fi oameni care au participat la represiunea \u00eenceput\u0103 de Ceau\u015fescu de dinainte de 22 decembrie au coordonat \u015fi activit\u0103\u0163ile represive de dup\u0103 22. Enigmaticul general Tudor scotea din arest pe cine dorea el. Tupeul a atins culmea \u00een momentul \u00een care pe sub nasul revolu\u0163ionarilor se v\u00e2ntura &#8221; Noua Securitate&#8221;. (B. Petriceicu)<\/strong><\/h4>\r\n<h4 style=\"text-align: justify;\"><strong>Ie\u015fea fum din grupul sanitar<\/strong><strong> &#8211; <\/strong>19 ianuarie 1990<\/h4>\r\n<h4 style=\"text-align: justify;\"><strong>Direc\u0163ia a III-a<\/strong><\/h4>\r\n<h4 style=\"text-align: justify;\"><strong>Ofi\u0163er superior <\/strong><\/h4>\r\n<h4 style=\"text-align: justify;\"><strong>Mr. ST\u0102NESCU GABRIEL<\/strong><\/h4>\r\n<h4 style=\"text-align: justify;\">Domnule comandant,<\/h4>\r\n<h4 style=\"text-align: justify;\">Raportez:<\/h4>\r\n<h4 style=\"text-align: justify;\">Referitor la activitatea desf\u0103\u015furat\u0103 de mine \u00een perioada 17 decembrie 1989 &#8211; 17 ianuarie 1990, precizez urm\u0103toarele:<\/h4>\r\n<h4 style=\"text-align: justify;\">\u00cen dup\u0103-amiaza \u00a0zilei de 17 decembrie 1989, aproximativ la ora 18, ofi\u0163erul de serviciu pe unitate mi-a transmis telefonic parola pentru alarmare. Imediat am comunicat parola mai multor ofi\u0163eri din serviciu, dup\u0103 care m-am prezentat imediat la unitate. Dup\u0103 prezentarea intregului efectiv la unitate, din ordinul dlui general mr. Mortoiu Aurelian, am ridicat de la magazia de armament lada metalic\u0103 con\u0163in\u00e2nd 19 pistoale Makarov \u015fi muni\u0163ia aferent\u0103, respective 228 cartu\u015fe, pe care le-am distribuit ofi\u0163erilor.<\/h4>\r\n<h4 style=\"text-align: justify;\">\u00cen aceea\u015fi sear\u0103, dl. g-ral\u00a0 Mortoiu a \u0163inut o \u015fedin\u0163\u0103 cu to\u0163i \u015fefii de serviciu, prilej cu care a f\u0103cut o scurt\u0103 referire la evenimentele de la Timi\u015foara, preciz\u00e2nd c\u0103 din momentul respectiv suntem \u00een situa\u0163ia 3 \u015fi fiecare ofi\u0163er este obligat ca atunci c\u00e2nd execut\u0103 o misiune s\u0103 poarte asupra sa arma \u015fi muni\u0163ia.<\/h4>\r\n<h4 style=\"text-align: justify;\">\u00cen cursul nop\u0163ii, am dormit la unitate \u00eempreun\u0103 cu to\u0163i ofi\u0163erii serviciului, f\u0103r\u0103 s\u0103 desf\u0103\u015for vreo activitate deosebit\u0103.<\/h4>\r\n<h4 style=\"text-align: justify;\">Luni, 18 decembrie 1989, am desf\u0103\u015furat activit\u0103\u0163i profesionale legate de preg\u0103tirea bilan\u0163ului activit\u0103\u0163ii serviciului pe anul 1989, care urma s\u0103 se \u0163in\u0103 \u00een ziua urm\u0103toare.<\/h4>\r\n<h4 style=\"text-align: justify;\">Mar\u0163i, 19 decembrie 1989, am \u0163inut bilan\u0163ul cu intreg efectivul serviciului. Am dormit la birou.<\/h4>\r\n<h4>Miercuri, 20 decembrie 1989, am continuat activit\u0103\u0163ile profesionale, iar la ora 19.00, \u00eempreun\u0103 cu \u00eentreg efectivul unit\u0103\u0163ii, am vizionat la televizor, \u00een sala de \u015fedin\u0163e, cuv\u00e2ntarea dictatorului referitoare la evenimentele de la Timi\u015foara.<\/h4>\r\n<h4 style=\"text-align: justify;\">Joi, 21 decembrie 1989, dup\u0103 mitingul de la ora 12, din ordinul conducerii unit\u0103\u0163ii, am efectuat mai multe deplas\u0103ri la Universitate pentru a vedea cum evolueaz\u0103 ac\u0163iunile grupului de demonstran\u0163i. Dup\u0103 fiecare deplasare, am raportat domnului g-ral. Mortoiu Aurelian situa\u0163ia.<\/h4>\r\n<h4 style=\"text-align: justify;\">\u00cen ziua de 22 decembrie 1989, la ora 8.30, cu aprobarea dlui lt. col. Diaconescu Gheorghe, m-am deplasat la domiciliu, pentru a-mi l\u0103sa autoturismul personal. M-am \u00eentors \u00een jurul orei 10.00, pe jos, deoarece de la sta\u0163ia Lizeanu \u015fi p\u00e2n\u0103 la Sf. Gheorghe nu mai circula tramvaiul.<\/h4>\r\n<h4 style=\"text-align: justify;\">La Pia\u0163a Rosetti am v\u0103zut dou\u0103 tancuri care trecuser\u0103 de partea demonstran\u0163ilor. De asemenea, o grup\u0103 de aproximativ 10 militari ai Ministerului Ap\u0103r\u0103rii Na\u0163ionale, \u00eenarma\u0163i, comanda\u0163i de un maior, se \u00eembr\u0103\u0163i\u015fau cu demonstran\u0163ii. C\u00e2nd am ajuns la birou, am raportat acest aspect dlui general Mortoiu Aurelian \u015fi dlui lt. col. Diaconescu Gheorghe. Raportez c\u0103 toate deplas\u0103rile mele prin ora\u015f la care m-am referit le-am f\u0103cut f\u0103r\u0103 armament.<\/h4>\r\n<h4 style=\"text-align: justify;\">\u00cen jurul orei 11, am observat ie\u015find fum de la grupul sanitar situat \u00een vecin\u0103tatea biroului Serviciului 1. L-am intrebat pe lt. maj. Cioc\u0103nescu Vicen\u0163iu ce s-a \u00eent\u00e2mplat.<\/h4>\r\n<h4 style=\"text-align: justify;\">Mi-a spus c\u0103 <em>dl. lt. col. Diaconescu Gheorghe a transmis ordinul dlui general Mortoiu A. de a distruge materialele privind pe Brucan Siviu<\/em>.<\/h4>\r\n<h4 style=\"text-align: justify;\"><em>M-am\u00a0 dus la dl. lt. col. Diaconescu Gheorghe \u015fi i-am raportat cele constatate, prilej cu care mi-a confirmat ordinul dat de generalul Mortoiu A. ca materialele privind pe Brucan Silviu \u015fi alte persoane din preocuparea serviciului<\/em> (Mitran Mircea, Mali\u0163a Mircea, Bogdan Corneliu, Celac Mariana, Botez Mihai) <em>s\u0103 fie distruse<\/em>.<\/h4>\r\n<h4 style=\"text-align: justify;\">Cu acest prilej <em>au fost distruse de c\u0103tre ofi\u0163eri mai multe materiale privind aceste persoane, <\/em>inclusiv condici de coresponden\u0163\u0103 \u015fi agende personale cuprinz\u00e2nd analize sau sinteze ale cazurilor respective.<\/h4>\r\n<h4 style=\"text-align: justify;\">Nu pot preciza ce anume materiale s-au distrus datorit\u0103 st\u0103rii de haos care domnea \u00een momentul respectiv \u00een birouri.<\/h4>\r\n<h4 style=\"text-align: justify;\">Dup\u0103 ce s-a anun\u0163at la radio c\u0103 dictatorul a fugit, aproximativ \u00een jurul orei \u00a013.30 am chemat to\u0163i ofi\u0163erii serviciului \u00een biroul meu \u015fi le-am cerut s\u0103-mi predea armamentul \u015fi muni\u0163ia, pe care apoi le-am \u00eenchis \u00een lada metalic\u0103 special destinat\u0103 acestui scop.<\/h4>\r\n<h4 style=\"text-align: justify;\">Cu acest prilej le-am spus c\u0103, av\u00e2nd \u00een vedere situa\u0163ia existent\u0103, fiecare este liber s\u0103 mearg\u0103 acas\u0103 pentru a vedea ce se \u00eent\u00e2mpl\u0103 cu familiile lor. Le-am cerut s\u0103 r\u0103m\u00e2n\u0103 \u00een continuare aceia\u015fi oameni cinsti\u0163i \u015fi corec\u0163i care au fost \u015fi p\u00e2n\u0103 \u00een momentul respectiv, s\u0103 nu se lase angrena\u0163i\u00a0 \u00een ac\u0163iuni cu caracter provocator. Pentru a fi sigur c\u0103 nu va \u00eencerca altcineva s\u0103 se substituie \u00een locul meu \u015fi s\u0103 le transmit\u0103 diverse ordine prin telefon sau sa-i implice \u00een activit\u0103\u0163i contrare cursului normal al evenimentelor, le-am spus s\u0103 nu ia \u00een considerare nici un mesaj telefonic din partea altor persoane care ar vorbi \u00een numele meu, dec\u00e2t dac\u0103 \u00een prealabil se recomand\u0103 ca fiind\u00a0 &#8222;<em>nepotul unchiului Marcel<\/em>&#8222;. Am predat apoi lada cu armament la magazia unit\u0103\u0163ii.<\/h4>\r\n<h4 style=\"text-align: justify;\">\u00cen jurul orei 14.00 am cobor\u00e2t \u00een curtea interioar\u0103 a cl\u0103dirii, unde se aflau foarte mul\u0163i ofi\u0163eri \u015fi subofi\u0163eri \u00een civil, dar care nu \u00eendr\u0103zneau s\u0103 ias\u0103 \u00een strad\u0103 deoarece \u00een fa\u0163a intr\u0103rii din str. Domni\u0163a Anastasia se afla un grup de c\u00e2teva sute de demonstran\u0163i.<\/h4>\r\n<h4 style=\"text-align: justify;\">Pentru a evita producerea unei ciocniri \u00eentre grupul de demonstran\u0163i \u015fi ofi\u0163erii din curtea cl\u0103dirii (despre care nu \u015ftiam din ce unit\u0103\u0163i provin \u015fi dac\u0103 au sau nu armament asupra lor), am luat hot\u0103r\u00e2rea de a scrie o pancart\u0103 cu urm\u0103torul con\u0163inut : &#8222;S\u00ceNTEM CU VOI&#8221; . L-am chemat pe c\u0103pitanul P\u0103un Costic\u0103, din cadrul Serviciului 1, \u015fi \u00eempreun\u0103 am scris acest text, cu crem\u0103 de ghete neagr\u0103, pe o fa\u0163\u0103 de mas\u0103 luat\u0103 din cantina Corpului de gard\u0103.<\/h4>\r\n<h4 style=\"text-align: justify;\">C\u0103pitan P\u0103un Costic\u0103 \u015fi c\u0103pitan \u0162urcanu Romic\u0103, din cadrul Serviciului 5, au ridicat pancarta \u015fi, \u00eempreun\u0103 cu mine, cpt. Dumitrescu Nicolae \u015fi al\u0163i ofi\u0163eri am deschis poarta din str. Domni\u0163a Anastasia \u015fi am ie\u015fit afar\u0103 scand\u00e2nd &#8222;S\u00eentem cu voi&#8221;.<\/h4>\r\n<h4 style=\"text-align: justify;\">Imediat cum ne-au v\u0103zut, demonstran\u0163ii au \u00eenceput s\u0103 ne aplaude, iar unii ne-au \u00eembr\u0103\u0163i\u015fat.<\/h4>\r\n<h4 style=\"text-align: justify;\">Am plecat apoi pe jos spre domiciliul p\u0103rin\u0163ilor mei, situat \u00een \u015eos. Colentina, unde am ajuns \u00een jurul orei 16.<\/h4>\r\n<h4 style=\"text-align: justify;\">A doua zi diminea\u0163\u0103, m-am prezentat la program \u015fi, conform ordinului dlui general Mortoiu A. am luat contact telefonic cu ofi\u0163erii serviciului, pentru a stabili care este situa\u0163ia fiec\u0103ruia, iar pe unii dintre ei i-am chemat la birou.<\/h4>\r\n<h4 style=\"text-align: justify;\">\u00cen jurul orei 10.30, \u00eempreun\u0103 cu cpt. \u0162urcanu Romel, din Serviciul 5, m-am deplasat spre Universitate, unde era adunat\u0103 o mul\u0163ime de oameni ce asistau la luptele ce se desf\u0103\u015furau pe B-dul Magheru. Cred c\u0103 cineva din mul\u0163ime m-a recunoscut, deoarece imediat am fost \u00eencadra\u0163i de mai mul\u0163i cet\u0103\u0163eni care ne-au cerut legitima\u0163iile de serviciu. Le-am spus c\u0103 suntem ofi\u0163eri de Securitate, c\u0103 nu avem armament asupra noastr\u0103 \u015fi c\u0103 din diminea\u0163a acelea\u015fi zile Departamentul Securit\u0103\u0163ii Statului era inclus \u00een Ministerul Ap\u0103r\u0103rii Na\u0163ionale.<\/h4>\r\n<h4 style=\"text-align: justify;\">Cineva din mul\u0163imea str\u00e2ns\u0103 \u00een jurul meu mi-a smuls legitima\u0163ia de ofi\u0163er \u015fi permisul de acces \u00een unitate.<\/h4>\r\n<h4 style=\"text-align: justify;\">Am fost urcat \u00eentr-un taxi \u015fi dus la Televiziune. Pe drum, le-am explicat celor care m\u0103 \u00eenso\u0163eau c\u0103 nu este nevoie s\u0103 m\u0103 \u0163in\u0103 de m\u00e2ini ca pe un infractor, deoarece nu am f\u0103cut nimic \u015fi nici nu inten\u0163ionez s\u0103 fug de l\u00e2ng\u0103 ei. Am\u00e2ndoi am fost de acord s\u0103 nu m\u0103 mai \u0163in\u0103 de m\u00e2ini \u015fi s\u0103 cobor\u00e2m din ma\u015fin\u0103 la Televiziune, discret, astfel \u00eenc\u00e2t s\u0103 nu atragem aten\u0163ia mul\u0163imii, care ar fi putut s\u0103 ac\u0163ioneze violent asupra mea.<\/h4>\r\n<h4 style=\"text-align: justify;\">Pe Calea Doroban\u0163i \u015fi str. Pangratti, \u00een fa\u0163a \u015fi \u00een curtea Televiziunii, erau sute de civili, b\u0103rba\u0163i, femei \u015fi copii, care st\u00e2njeneau activitatea militarilor \u015fi a pompierilor.<\/h4>\r\n<h4 style=\"text-align: justify;\">Cei doi cet\u0103\u0163eni m-au dus p\u00e2n\u0103 la intrarea \u00een Televiziune \u015fi m-au predat unui c\u0103pitan, c\u0103ruia i-am explicat care este situa\u0163ia mea.<\/h4>\r\n<h4 style=\"text-align: justify;\">Acesta a hot\u00e2r\u00e2t s\u0103 m\u0103 duc\u0103 la comandantul unit\u0103\u0163ii care asigura ap\u0103rarea Televiziunii, din c\u00e2te am \u00een\u0163eles dl. general mr. Tudor (mic de statur\u0103, cu p\u0103rul alb, a fost unul din cei doi ofi\u0163eri care-l \u0163ineau de bra\u0163 pe Nicu Ceau\u015fescu c\u00e2nd a fost prezentat la televizor).<\/h4>\r\n<h4 style=\"text-align: justify;\">\u00centruc\u00e2t nu se putea intra imediat la domnul general Tudor, am a\u015fteptat \u00eentr-o camer\u0103 al\u0103turat\u0103. Cu acest prilej, i-am spus dlui c\u0103pitan c\u0103 mul\u0163imea care se afla \u00een curtea Televiziunii nu face dec\u00e2t s\u0103 \u00eengreuneze ac\u0163iunile Armatei \u00eempotriva terori\u015ftilor, care tr\u0103geau din cl\u0103dirile \u00eenvecinate. Acesta a fost de acord cu observa\u0163ia mea, spun\u00e2ndu-mi c\u0103 nu au efective care s\u0103 se ocupe de aceast\u0103 problem\u0103. Atunci i-am precizat c\u0103 fac parte dintr-o unitate de Securitate care nu a desf\u0103\u015furat ac\u0163iuni \u00eempotriva popula\u0163iei, c\u0103 dispunem de armament \u015fi oameni care ar putea da o m\u00e2n\u0103 de ajutor la ap\u0103rarea Televiziunii.<\/h4>\r\n<h4 style=\"text-align: justify;\">\u00centre timp, l\u00e2ng\u0103 noi sosiser\u0103 domnii Mircea Dinescu, Alexandru Stark, Silviu Brucan, M\u0103gureanu Virgil \u015fi dl. cpt. De rangul I Dumitru Dumitrescu. Cu to\u0163ii au fost de accord ca eu \u00eempreun\u0103 cu ofi\u0163erii din unitatea mea s\u0103 contribuim la ap\u0103rarea Televiziunii. \u00centre timp, a sosit dl. general Tudor, care a fost de accord cu aceast\u0103 propunere, dar a cerut ca generalul Vlad Iulian s\u0103 ordone executarea misiunii.<\/h4>\r\n<h4 style=\"text-align: justify;\">Domnul Mircea Dinescu l-a sunat imediat pe domnul general St\u0103nculescu Victor \u015fi i-a explicat situa\u0163ia mea, apoi mi-a \u00eentins receptorul. Am avut surpriza s\u0103 constat c\u0103 la cel\u0103lalt cap\u0103t al firului era generalul Vlad Iulian.<\/h4>\r\n<h4 style=\"text-align: justify;\"><em>M-am prezentat \u015fi i-am raportat situa\u0163ia de la Televiziune, faptul c\u0103 for\u0163ele existente \u00een momentul respectiv erau insuficiente, c\u0103 noi dispunem la unitate de oameni \u015fi armament \u015fi am putea s\u0103 contribuim la ap\u0103rarea acestui obiectiv de importan\u0163\u0103 deosebit\u0103 pentru revolu\u0163ie \u00een acel moment.<\/em><\/h4>\r\n<h4 style=\"text-align: justify;\">Generalul Vlad Iulian a spus: &#8222;Bine, bine&#8221;, apoi a inchis telefonul.<\/h4>\r\n<h4 style=\"text-align: justify;\">Dl. gral Tudor m-a \u00eentrebat dac\u0103 mi-a dat ordinul necesar. I-am raportat exact ce-mi spusese generalul Vlad Iulian. Atunci, dl. Mircea Dinescu, care era de fa\u0163\u0103, foarte contrariat, a format din nou num\u0103rul de telefon \u015fi mi-a f\u0103cut leg\u0103tura cu dl. general St\u0103nculescu Victor, care, dup\u0103 ce i-am raportat situa\u0163ia, mi-a ordonat s\u0103 iau oameni \u015fi armament de la unitatea de care apar\u0163in \u015fi s\u0103 m\u0103 pun la dispozi\u0163ia comandantului dispozitivului pentru ap\u0103rarea acestui obiectiv. Apoi mi l-a dat la telefon pe generalul Vlad Iulian, care mi-a ordonat s\u0103 fac tot ce cred de cuviin\u0163\u0103, \u00een func\u0163ie de situa\u0163ia existent\u0103, pentru ap\u0103rarea Televiziunii.<\/h4>\r\n<h4 style=\"text-align: justify;\">Am raportat imediat con\u0163inutul discu\u0163iilor dlui general Tudor \u015fi am stabilit ca. \u00eempreun\u0103 cu dl. M\u0103gureanu Virgil \u015fi un alt domn din Consiliul Salv\u0103rii Na\u0163ionale, s\u0103 ne deplas\u0103m la unitate pentru a lua oameni \u015fi armament. Pentru a nu avea nepl\u0103ceri pe drum, am fost \u00eenso\u0163i\u0163i \u00een ma\u015fin\u0103 de un militar \u00een termen, \u00eenarmat.<\/h4>\r\n<h4 style=\"text-align: justify;\">Dup\u0103 ce am ajuns la unitate, m-am prezentat , \u00eempreun\u0103 cu cei doi reprezentan\u0163i ai Frontului Salv\u0103rii Na\u0163ionale, la dl.gral. Mortoiu A., c\u0103ruia i-am raportat despre ordinul primit.<\/h4>\r\n<h4 style=\"text-align: justify;\"><em>Pe baz\u0103 de voluntariat, s-au \u00eenscris s\u0103 participle la aceast\u0103 misiune urm\u0103torii ofi\u0163eri \u015fi subofi\u0163eri din unitate:<\/em><\/h4>\r\n<h4 style=\"text-align: justify;\">&#8211; mr. Nicoar\u0103 Sorin<\/h4>\r\n<h4>&#8211; lt. col. Boureanu Costel<\/h4>\r\n<h4>&#8211; lt. maj. Trif Cornel<\/h4>\r\n<h4>&#8211; lt. Puiu Gheorghe<\/h4>\r\n<h4>&#8211; mr. Nicolae Constantin<\/h4>\r\n<h4>&#8211; cpt. Vlad Dan<\/h4>\r\n<h4>&#8211; mr. V\u0103duva Emil<\/h4>\r\n<h4>&#8211; cpt. Danciu Nicolae<\/h4>\r\n<h4>&#8211; cpt. Ioni\u0163\u0103 Marin<\/h4>\r\n<h4>&#8211; lt. Gheorghiu Dumitru<\/h4>\r\n<h4>&#8211; cpt. Filip Nicolae<\/h4>\r\n<h4>&#8211; plt. Stancu Gheorghe<\/h4>\r\n<h4>&#8211; plt. Boan\u0163\u0103 Dumitru<\/h4>\r\n<h4 style=\"text-align: justify;\">Fiecare am primit c\u00e2te un pistol automat AKM, 3 sectoare \u015fi 140 cartu\u015fe.<\/h4>\r\n<h4 style=\"text-align: justify;\">Am luat dou\u0103 autoturisme Dacia (unul condus de mine, altul de mr. Nicoar\u0103 Sorin) \u015fi un microbus Fiat, condus de \u015foferul plt. Gane Costel. Ca s\u0103 putem trece barierele de control instituite de g\u0103rzile patriotice, p\u00e2n\u0103 la Televiziune, am lipit pe ma\u015fini coli mari de h\u00e2rtie cu inscrip\u0163ia NOUA SECURITATE A POPORULUI. Am aprins farurile \u015fi \u00een vitez\u0103 am trecut prin toate barajele, p\u00e2n\u0103 la Televiziune, f\u0103r\u0103 s\u0103 \u00eent\u00e2mpin\u0103m\u00a0 greut\u0103\u0163i.<\/h4>\r\n<h4 style=\"text-align: justify;\">M-am prezentat imediat la dl. gral Tudor, care mi-a ordonat s\u0103 asigur cu efectivul din subordine \u015fi o grup\u0103 de circa 20 membrii ai g\u0103rzilor patriotice, \u00eenarma\u0163i, curtea Televiziunii, respectiv laturile turnului dinspre Calea Doroban\u0163i \u015fi str. Pangratti, precum \u015fi intrarea nr.1.<\/h4>\r\n<h4 style=\"text-align: justify;\">Imediat am luat m\u0103suri pentru evacuarea tuturor civililor din curte \u015fi instituirea unui control riguros asupra tuturor persoanelor \u015fi autovehiculelor care intrau la Televiziune.<\/h4>\r\n<h4 style=\"text-align: justify;\">\u00cen timpul atacurilor care au avut loc toat\u0103 noaptea \u015fi \u00een diminea\u0163a zilei de 24 decembrie 1989, at\u00e2t eu, c\u00eet \u015fi ofi\u0163erii din subordine am ripostat cu foc asupra locurilor din care trageau terori\u015ftii.<\/h4>\r\n<h4 style=\"text-align: justify;\">Men\u0163ionez c\u0103, \u00een seara zilei de 23 decembrie 1989, mi-am amintit c\u0103 \u00een diminea\u0163a acelea\u015fi zile fusese prezentat la televizor ca terorist mr. Dan Marian, din Serviciul 9.\u00a0 Ca urmare, m-am prezentat la dl. general Tudor \u015fi i-am raportat c\u0103 mr. Dan Marin activeaz\u0103 \u00een aceea\u015fi\u00a0 unitate cu mine, a fost subalternul meu mai mul\u0163i ani, este un om cinstit \u015fi nu cred c\u0103 s-a dedat la ac\u0163iuni teroriste. L-am asigurat pe dl. general Tudor c\u0103 garantez pentru corectitudinea lui Dan Marian. Dl general Tudor m-a \u00eentrebat cu ce garantez pentru Dan Marian, la care eu i-a r\u0103spuns: &#8222;cu via\u0163a mea&#8221;. Atunci dl. general Tudor\u00a0 mi-a spus s\u0103 a\u015ftept, c\u0103 m\u0103 va chema\u00a0 d\u00e2nsul pentru rezolvarea acestei probleme, deoarece \u00eempreun\u0103 cu Dan Marin mai este re\u0163inut un ofi\u0163er, pe care acesta afirm\u0103 c\u0103 \u00eel cunoa\u015fte, fapt negat de cel\u0103lalt.<\/h4>\r\n<h4 style=\"text-align: justify;\">Dup\u0103 aproximativ 1\/2 or\u0103, un domn lt. col. m-a condus \u00eentr-o camer\u0103 situat\u0103 \u00een cl\u0103direa studiourilor, unde se aflau dl. general. Tudor , mr. Dan Marian \u015fi al\u0163i doi cet\u0103\u0163eni pe care nu-i cuno\u015fteam. Am dat m\u00e2na cu Dan Marian, care avea fa\u0163a puternic tumefiat\u0103 de loviturile date de cei care \u00eel prinseser\u0103 (dup\u0103 afirma\u0163ia sa , \u0163igani).<\/h4>\r\n<h4 style=\"text-align: justify;\">Dl general Tudor m-a \u00eentrebat dac\u0103 mai cunosc pe altcineva din cei prezen\u0163i. Am r\u0103spuns negativ. Unul din ceilal\u0163i doi a \u00eenceput s\u0103 z\u00eembeasc\u0103 spre mine, afirm\u00eend c\u0103 el m\u0103 cunoa\u015fte.<\/h4>\r\n<h4 style=\"text-align: justify;\">I-am spus c\u0103, dac\u0103 lucrurile stau a\u015fa, s\u0103 men\u0163ioneze numele \u015fi func\u0163ia mea. Nu \u015ftia. Mi-a spus c\u0103 este ofi\u0163er in Direc\u0163ia I \u015fi c\u0103 venea de la o deplasare din teritoriu. Cu permisiunea dlui general Tudor , am cerut s\u0103 mi se prezinte legitima\u0163ia acestuia. Pe legitima\u0163ie scria: mr. R\u00eenda\u015fu\u00a0 Emil U.M. 0610. Am raportat dlui general Tudor c\u0103 unitatea respectiv\u0103 se afl\u0103 \u00een aceea\u015fi cl\u0103dire cu unitatea de care apar\u0163in \u015fi eu, av\u00eend un profil apropiat.<\/h4>\r\n<h4 style=\"text-align: justify;\">Dl. general Tudor a hot\u00e2r\u00e2t ca acei doi ofi\u0163eri s\u0103 fie pu\u015fi \u00een libertate, dar, \u00eentruc\u0103t era noapte, urmau s\u0103 plece a doua zi diminea\u0163\u0103.<\/h4>\r\n<h4 style=\"text-align: justify;\">\u00cen cursul nop\u0163ii au sosit ajutoare militare consistente la Televiziune, const\u00e2nd \u00een camioane cu solda\u0163i, tancuri \u015fi blindate.<\/h4>\r\n<h4 style=\"text-align: justify;\">Coordonarea ac\u0163iunilor de lupt\u0103 ale grupului nostru a fost f\u0103cut\u0103 direct de dl. general Tudor, care mi-a dat \u00een acest scop o sta\u0163ie de radio tip Storno \u015fi indicativul &#8222;Zamfir&#8221;, d\u00e2nsul r\u0103spunz\u00e2nd la indicativul &#8222;Vasile I&#8221;.<\/h4>\r\n<h4 style=\"text-align: justify;\">\u00cen ziua de 24 decembrie, \u00een jurul orei 14, dl general Tudor mi-a ordonat ca, \u00een func\u0163ie de evolu\u0163ia situa\u0163iei din teren, s\u0103 \u00eencerc, s\u0103-mi transport lupt\u0103torii din subordine la unitate \u015fi s\u0103 nu mai revenim \u00een ziua urm\u0103toare, av\u00e2nd for\u0163e suficiente.<\/h4>\r\n<h4 style=\"text-align: justify;\">Acest lucru implica riscuri foarte mari, av\u00e2nd \u00een vedere faptul c\u0103 eram \u00eembr\u0103ca\u0163i civil, nu aveam nici o legitima\u0163ie de serviciu asupra noastr\u0103, \u00een schimb aveam c\u00e2te o arm\u0103 automat\u0103 \u015fi numeroase cartu\u015fe.<\/h4>\r\n<h4 style=\"text-align: justify;\">Din cele 3 ma\u015fini cu care venisem \u00een ziua precedent\u0103, microbuzul plecase la unitate, una dintre Dacii era lovit\u0103 de gloan\u0163e, iar la cealalt\u0103 nu puteam ajunge, \u00eentruc\u00e2t intram \u00een tirul militarilor care ap\u0103rau Televiziunea pe latura din spate. Am reu\u015fit s\u0103 recuper\u0103m Dacia lovit\u0103 de gloan\u0163e, apoi, cu sprijinul lui Opri\u015fan Gabriel, \u015fofer la \u00centreprinderea de Transport Bucure\u015ftii Noi, care conducea o Dacia break neagr\u0103, folosit\u0103 ca ma\u015fin\u0103 de Salvare \u00een timpul luptelor, am trimis un prim grup de lupt\u0103tori la unitate, \u00eenso\u0163i\u0163i de doi militari \u00een termen.<\/h4>\r\n<h4 style=\"text-align: justify;\">La \u00eentoarcere, Opri\u015fan Gabriel ne-a transportat \u00een aceea\u015fi manier\u0103 pe mine \u015fi pe \u00eenc\u0103 doi ofi\u0163eri la unitate, unde am ajuns in jurul orei 16.00.<\/h4>\r\n<h4 style=\"text-align: justify;\">Imediat am predat armamentul \u015fi muni\u0163ia, apoi m-am prezentat la dl general Mortoiu A., care \u00eens\u0103 era ocupat cu trei reprezentan\u0163i ai Frontului Salv\u0103rii Na\u0163ionale.<\/h4>\r\n<h4 style=\"text-align: justify;\">\u00cen noaptea respectiv\u0103 am dormit la unitate.<\/h4>\r\n<h4 style=\"text-align: justify;\">A doua zi, 25 decembrie, \u00een jurul orei 13.00, din ordin, m-am dus \u00eempreun\u0103 cu un reprezentant al Frontului Salv\u0103rii Na\u0163ionale, aflat \u00een unitatea noastr\u0103, la Circa 3 Mili\u0163ie, unde se afla mr. Nicoar\u0103 Sorin, re\u0163inut \u00eempreun\u0103 cu \u015foferul Opri\u015fan Gabriel, care cu prilejul ultimului transport de la Televiziune spre unitate, \u00een ziua precedent\u0103, fuseser\u0103 opri\u0163i de un baraj la Armatei.<\/h4>\r\n<h4 style=\"text-align: justify;\">\u00cencep\u00e2nd din 25 decembrie 1989 \u015fi p\u00e2n\u0103 \u00een 17 ianuarie 1990 nu am desf\u0103\u015furat activit\u0103\u0163i deosebite, fiind zilnic \u00een unitate, iar noaptea alternativ. Conform ordinului dlui general Mortoiu A., am mobilizat ofi\u0163eri pentru ob\u0163inerea de informa\u0163ii cu privire la ac\u0163iunile elementelor teroriste.<\/h4>\r\n<h4><strong>Mortoiu a selec\u0163ionat 15 ofi\u0163eri\u2026 <\/strong>19.01.1990<\/h4>\r\n<h4><strong>Direc\u0163ia de Contraspionaj <\/strong><\/h4>\r\n<h4><strong>Sectorul X<\/strong><\/h4>\r\n<h4><strong>Ofi\u0163er superior <\/strong><\/h4>\r\n<h4><strong>Mr. V\u0102DUVA EMIL<\/strong><\/h4>\r\n<h4>Domnule comandant,<\/h4>\r\n<h4>Raportez:<\/h4>\r\n<h4 style=\"text-align: justify;\">\u00cen ziua de 17.12.1989, la ora 20.00, m-am prezentat la unitate \u00een urma alarmei de lupt\u0103 care a fost dat\u0103 de comanda unit\u0103\u0163ii. Am r\u0103mas \u00een unitate p\u00e2n\u0103 \u00een ziua de 19.12.1989 , c\u00eend am plecat pentru 2-3 ore acas\u0103. Ulterior, am r\u0103mas p\u00e2n\u0103 \u00een ziua de 22.12.1989 \u00een unitate.<\/h4>\r\n<h4 style=\"text-align: justify;\">\u00cen ziua de 22.12.1989, la ora 13.30, \u00een urma apelului f\u0103cut la radio, \u00eempreun\u0103 cu ceila\u0163i colegi ai mei, f\u0103r\u0103 a avea ordin \u00een acest sens, am ie\u015fit \u00een fa\u0163a ministerului, \u00een fa\u0163a mul\u0163imii care aclama solidaritatea cu poporul.<\/h4>\r\n<h4 style=\"text-align: justify;\">\u0162in s\u0103 raportez c\u0103 \u00een ziua de 21.12.1989 nici un ofi\u0163er al fostei mele direc\u0163ii nu a avut ordin s\u0103 se implice \u00een nici o ac\u0163iune \u015fi nici nu a avut armament \u00een dotare.<\/h4>\r\n<h4 style=\"text-align: justify;\">\u00cen ziua de 22.12.1989, dup\u0103 ce am p\u0103r\u0103sit sediul ministerului, am mers acas\u0103, iar \u00een ziua de 23.12.1989 am fost chemat la birou. \u00cen aceea\u015fi zi, la ora 11.00 , domnul general MORTOIU, comandantul unit\u0103\u0163ii noastre, a selec\u0163ionat 15 ofi\u0163eri din unitate pentru a merge la Televiziune pentru ap\u0103rarea obiectivului. Printre cei 15 ofi\u0163eri m-am num\u0103rat \u015fi eu.<\/h4>\r\n<h4 style=\"text-align: justify;\">\u00cen ziua de 24.12.1989, la ora 13.00 a trebuit s\u0103 p\u0103r\u0103sim obiectivul \u015fi, \u00eentruc\u00e2t comanda unit\u0103\u0163ii nu ne-a asigurat mijloace de transport adecvate, a trebuit s\u0103 ne descurc\u0103m \u00een func\u0163ie de orientarea fiec\u0103ruia. Am plecat cu un\u00a0 taxi cu emblema Crucii Ro\u015fii, \u00eempreun\u0103 cu cpt. VLAD DAN, cpt. IONI\u0162\u0102 MARIN din cadrul unit\u0103\u0163ii noastre \u015fi un inginer (care era voluntar civil la Televiziune), cu inten\u0163ia de a ajunge la minister.<\/h4>\r\n<h4 style=\"text-align: justify;\">Pe traseu, \u00een fa\u0163a cinematografului &#8222;Volga&#8221; de pe \u015foseaua \u015etefan cel Mare am fost opri\u0163i \u015fi perchezi\u0163iona\u0163i de o patrula a Frontului Salv\u0103rii Na\u0163ionale. Dup\u0103 ce am explicat situa\u0163ia, am fost preda\u0163i la o patrul\u0103 de Poli\u0163ie, care ne-a dus la Circa I de pe Bd. Ana Ip\u0103tescu. I-am raportat comandantului situa\u0163ia, dar acesta, pentru c\u0103 nu aveam legitima\u0163iile la noi ( au fost re\u0163inute de comandantul unit\u0103\u0163ii \u00eenainte de plecare), ne-a supus procedurii ordinare \u015fi numai dup\u0103 ce s-a convins c\u0103 nu suntem &#8222;terori\u015fti&#8221; (f\u0103r\u0103 a &#8222;\u00eencerca&#8221; s\u0103 dea telefon la ofi\u0163erul de serviciu din unitate)\u00a0 ne-a eliberat, \u00een jurul orei 14.30.<\/h4>\r\n<h4 style=\"text-align: justify;\">Am venit cu cpt. IONI\u0162\u0102 MARIN la minister \u015fi, dup\u0103 ce am constatat c\u0103 asupra noastr\u0103 se trage \u00een rafale, am plecat acas\u0103.<\/h4>\r\n<h4 style=\"text-align: justify;\">\u00cen ziua de 25.12.1989, m-am prezentat la minister \u015fi am executat \u00een continuare programul ordonat de conducerea unit\u0103\u0163ii.<\/h4>\r\n<h4 style=\"text-align: justify;\">Raportez c\u0103 \u00een toat\u0103 perioada care a urmat nu am avut asupra mea armament \u015fi nu am primit nici un ordin care s\u0103 fie de natur\u0103 a aduce atingere Revolu\u0163iei. Prin sursele pe care le-am avut, am incercat s\u0103 aduc informa\u0163ii \u00een spiritual ordinelor date de comanda ministerului.<\/h4>\r\n<h4 style=\"text-align: justify;\">S\u0103 tr\u0103i\u0163i!\u00a0\u00a0\u00a0 \u00a0\u00a0\u00a0\u00a0\u00a0\u00a0\u00a0\u00a0\u00a0\u00a0\u00a0\u00a0\u00a0\u00a0\u00a0\u00a0\u00a0\u00a0\u00a0\u00a0\u00a0\u00a0\u00a0\u00a0\u00a0\u00a0\u00a0\u00a0\u00a0\u00a0\u00a0\u00a0\u00a0\u00a0\u00a0\u00a0\u00a0\u00a0\u00a0\u00a0\u00a0\u00a0\u00a0\u00a0\u00a0\u00a0\u00a0\u00a0\u00a0\u00a0\u00a0\u00a0\u00a0 Mr. V\u0102DUVA EMIL<\/h4>        <div class=\"booster-block booster-reactions-block\">\n            <div class=\"twp-reactions-icons\">\n                \n                <div class=\"twp-reacts-wrap\">\n                    <a react-data=\"be-react-1\" post-id=\"3909\" class=\"be-face-icons un-reacted\" href=\"javascript:void(0)\">\n                        <img decoding=\"async\" src=\"https:\/\/desteptati-va.ro\/wp-content\/plugins\/booster-extension\/\/assets\/icon\/happy.svg\" alt=\"Happy\">\n                    <\/a>\n                    <div class=\"twp-reaction-title\">\n                        Happy                    <\/div>\n                    <div class=\"twp-count-percent\">\n                                                    <span style=\"display: none;\" class=\"twp-react-count\">0<\/span>\n                        \n                                                <span class=\"twp-react-percent\"><span>0<\/span> %<\/span>\n                                            <\/div>\n                <\/div>\n\n                <div class=\"twp-reacts-wrap\">\n                    <a react-data=\"be-react-2\" post-id=\"3909\" class=\"be-face-icons un-reacted\" href=\"javascript:void(0)\">\n                        <img decoding=\"async\" src=\"https:\/\/desteptati-va.ro\/wp-content\/plugins\/booster-extension\/\/assets\/icon\/sad.svg\" alt=\"Sad\">\n                    <\/a>\n                    <div class=\"twp-reaction-title\">\n                        Sad                    <\/div>\n                    <div class=\"twp-count-percent\">\n                                                    <span style=\"display: none;\" class=\"twp-react-count\">0<\/span>\n                                                                        <span class=\"twp-react-percent\"><span>0<\/span> %<\/span>\n                                            <\/div>\n                <\/div>\n\n                <div class=\"twp-reacts-wrap\">\n                    <a react-data=\"be-react-3\" post-id=\"3909\" class=\"be-face-icons un-reacted\" href=\"javascript:void(0)\">\n                        <img decoding=\"async\" src=\"https:\/\/desteptati-va.ro\/wp-content\/plugins\/booster-extension\/\/assets\/icon\/excited.svg\" alt=\"Excited\">\n                    <\/a>\n                    <div class=\"twp-reaction-title\">\n                        Excited                    <\/div>\n                    <div class=\"twp-count-percent\">\n                                                    <span style=\"display: none;\" class=\"twp-react-count\">0<\/span>\n                                                                        <span class=\"twp-react-percent\"><span>0<\/span> %<\/span>\n                                            <\/div>\n                <\/div>\n\n                <div class=\"twp-reacts-wrap\">\n                    <a react-data=\"be-react-6\" post-id=\"3909\" class=\"be-face-icons un-reacted\" href=\"javascript:void(0)\">\n                        <img decoding=\"async\" src=\"https:\/\/desteptati-va.ro\/wp-content\/plugins\/booster-extension\/\/assets\/icon\/sleepy.svg\" alt=\"Sleepy\">\n                    <\/a>\n                    <div class=\"twp-reaction-title\">\n                        Sleepy                    <\/div>\n                    <div class=\"twp-count-percent\">\n                                                    <span style=\"display: none;\" class=\"twp-react-count\">1<\/span>\n                        \n                                                <span class=\"twp-react-percent\"><span>100<\/span> %<\/span>\n                                            <\/div>\n                <\/div>\n\n                <div class=\"twp-reacts-wrap\">\n                    <a react-data=\"be-react-4\" post-id=\"3909\" class=\"be-face-icons un-reacted\" href=\"javascript:void(0)\">\n                        <img decoding=\"async\" src=\"https:\/\/desteptati-va.ro\/wp-content\/plugins\/booster-extension\/\/assets\/icon\/angry.svg\" alt=\"Angry\">\n                    <\/a>\n                    <div class=\"twp-reaction-title\">Angry<\/div>\n                    <div class=\"twp-count-percent\">\n                                                    <span style=\"display: none;\" class=\"twp-react-count\">0<\/span>\n                                                                        <span class=\"twp-react-percent\"><span>0<\/span> %<\/span>\n                        \n                    <\/div>\n                <\/div>\n\n                <div class=\"twp-reacts-wrap\">\n                    <a react-data=\"be-react-5\" post-id=\"3909\" class=\"be-face-icons un-reacted\" href=\"javascript:void(0)\">\n                        <img decoding=\"async\" src=\"https:\/\/desteptati-va.ro\/wp-content\/plugins\/booster-extension\/\/assets\/icon\/surprise.svg\" alt=\"Surprise\">\n                    <\/a>\n                    <div class=\"twp-reaction-title\">Surprise<\/div>\n                    <div class=\"twp-count-percent\">\n                                                    <span style=\"display: none;\" class=\"twp-react-count\">0<\/span>\n                                                                        <span class=\"twp-react-percent\"><span>0<\/span> %<\/span>\n                                            <\/div>\n                <\/div>\n\n            <\/div>\n        <\/div>\n\n    <\/div>","protected":false},"excerpt":{"rendered":"<p>\u00cei las\u0103m dlui Ion Iliescu dilema insolubil\u0103 &#8211; &#8222;revolu\u0163ie sau lovitur\u0103 de stat?&#8221; . Rom\u00e2nilor le r\u0103m\u00e2ne s\u0103 reflecteze asupra<a href=\"https:\/\/desteptati-va.ro\/index.php\/2021\/04\/19\/revolutia-vazuta-de-securisti\/\">Read More<i class=\"fa fa-long-arrow-right\" aria-hidden=\"true\"><\/i><\/a><\/p>\n","protected":false},"author":1,"featured_media":380,"comment_status":"open","ping_status":"open","sticky":false,"template":"","format":"standard","meta":{"_crdt_document":"","footnotes":""},"categories":[3,9],"tags":[1077,59,60,1160,940,221,696,1161,1162,1163,585,1164,148,1006,1076,684,1083,1165],"class_list":["post-3909","post","type-post","status-publish","format-standard","has-post-thumbnail","hentry","category-decembrie-89","category-securistii-teroristii","tag-1077","tag-desteptati","tag-desteptati-va","tag-directia-a-iii-a","tag-evenimente","tag-iliescu","tag-lovitura-de-stat","tag-magureanu-virgil","tag-ministerul-apararii","tag-mortoiu-aurelian","tag-ofiteri","tag-paun-costica","tag-revolutie","tag-televiziune","tag-teroristi","tag-timisoara","tag-universitate","tag-vlad-iulian"],"rise-blocks_total_comments":0,"rise-blocks_categories":[{"term_id":9,"name":"Securistii-Teroristii","slug":"securistii-teroristii","term_group":0,"term_taxonomy_id":9,"taxonomy":"category","description":"","parent":3,"count":16,"filter":"raw"}],"rise-blocks_excerpt":"\u00cei las\u0103m dlui Ion Iliescu dilema insolubil\u0103 &#8211; &#8222;revolu\u0163ie sau lovitur\u0103 de stat?&#8221; . Rom\u00e2nilor le r\u0103m\u00e2ne s\u0103 reflecteze asupra aspira\u0163iilor din 1989 \u015fi realitatea a 14 ani. De\u015fi pre\u015fedintele nostru sus\u0163ine c\u0103 investigarea evenimentelor din &#8217;89 este inutil\u0103, noi continu\u0103m, cu modestele noastre mijloace, s\u0103 des\u0163elenim \u00eemprejur\u0103rile de atunci ( f\u0103r\u0103 s\u0103 mai a\u015ftept\u0103m 39 de ani) \u015fi f\u0103r\u0103..","yoast_head":"<!-- This site is optimized with the Yoast SEO plugin v26.9 - https:\/\/yoast.com\/product\/yoast-seo-wordpress\/ -->\r\n<title>Revolu\u0163ia, vazut\u0103 de securi\u015fti -<\/title>\r\n<meta name=\"robots\" content=\"index, follow, max-snippet:-1, max-image-preview:large, max-video-preview:-1\" \/>\r\n<link rel=\"canonical\" href=\"https:\/\/desteptati-va.ro\/index.php\/2021\/04\/19\/revolutia-vazuta-de-securisti\/\" \/>\r\n<meta property=\"og:locale\" content=\"ro_RO\" \/>\r\n<meta property=\"og:type\" content=\"article\" \/>\r\n<meta property=\"og:title\" content=\"Revolu\u0163ia, vazut\u0103 de securi\u015fti -\" \/>\r\n<meta property=\"og:description\" content=\"\u00cei las\u0103m dlui Ion Iliescu dilema insolubil\u0103 &#8211; &#8222;revolu\u0163ie sau lovitur\u0103 de stat?&#8221; . Rom\u00e2nilor le r\u0103m\u00e2ne s\u0103 reflecteze asupraRead More\" \/>\r\n<meta property=\"og:url\" content=\"https:\/\/desteptati-va.ro\/index.php\/2021\/04\/19\/revolutia-vazuta-de-securisti\/\" \/>\r\n<meta property=\"article:published_time\" content=\"2021-04-19T08:11:14+00:00\" \/>\r\n<meta property=\"og:image\" content=\"https:\/\/desteptati-va.ro\/wp-content\/uploads\/2021\/04\/05main_200.jpg\" \/>\r\n\t<meta property=\"og:image:width\" content=\"260\" \/>\r\n\t<meta property=\"og:image:height\" content=\"260\" \/>\r\n\t<meta property=\"og:image:type\" content=\"image\/jpeg\" \/>\r\n<meta name=\"author\" content=\"wolfsoftcompany\" \/>\r\n<meta name=\"twitter:card\" content=\"summary_large_image\" \/>\r\n<meta name=\"twitter:label1\" content=\"Scris de\" \/>\n\t<meta name=\"twitter:data1\" content=\"wolfsoftcompany\" \/>\n\t<meta name=\"twitter:label2\" content=\"Timp estimat pentru citire\" \/>\n\t<meta name=\"twitter:data2\" content=\"19 minute\" \/>\r\n<script type=\"application\/ld+json\" class=\"yoast-schema-graph\">{\"@context\":\"https:\/\/schema.org\",\"@graph\":[{\"@type\":\"Article\",\"@id\":\"https:\/\/desteptati-va.ro\/index.php\/2021\/04\/19\/revolutia-vazuta-de-securisti\/#article\",\"isPartOf\":{\"@id\":\"https:\/\/desteptati-va.ro\/index.php\/2021\/04\/19\/revolutia-vazuta-de-securisti\/\"},\"author\":{\"name\":\"wolfsoftcompany\",\"@id\":\"https:\/\/desteptati-va.ro\/#\/schema\/person\/13182deeebd44920914899f7bb262d6b\"},\"headline\":\"Revolu\u0163ia, vazut\u0103 de securi\u015fti\",\"datePublished\":\"2021-04-19T08:11:14+00:00\",\"mainEntityOfPage\":{\"@id\":\"https:\/\/desteptati-va.ro\/index.php\/2021\/04\/19\/revolutia-vazuta-de-securisti\/\"},\"wordCount\":3861,\"commentCount\":0,\"image\":{\"@id\":\"https:\/\/desteptati-va.ro\/index.php\/2021\/04\/19\/revolutia-vazuta-de-securisti\/#primaryimage\"},\"thumbnailUrl\":\"https:\/\/desteptati-va.ro\/wp-content\/uploads\/2021\/04\/05main_200.jpg\",\"keywords\":[\"1989\",\"desteptati\",\"desteptati-va\",\"Directia a III-a\",\"evenimente\",\"Iliescu\",\"lovitura de stat\",\"Magureanu Virgil\",\"Ministerul Apararii\",\"Mortoiu Aurelian\",\"ofiteri\",\"Paun Costica\",\"revolutie\",\"Televiziune\",\"teroristi\",\"Timisoara\",\"Universitate\",\"Vlad Iulian\"],\"articleSection\":[\"Decembrie 89\",\"Securistii-Teroristii\"],\"inLanguage\":\"ro-RO\",\"potentialAction\":[{\"@type\":\"CommentAction\",\"name\":\"Comment\",\"target\":[\"https:\/\/desteptati-va.ro\/index.php\/2021\/04\/19\/revolutia-vazuta-de-securisti\/#respond\"]}]},{\"@type\":\"WebPage\",\"@id\":\"https:\/\/desteptati-va.ro\/index.php\/2021\/04\/19\/revolutia-vazuta-de-securisti\/\",\"url\":\"https:\/\/desteptati-va.ro\/index.php\/2021\/04\/19\/revolutia-vazuta-de-securisti\/\",\"name\":\"Revolu\u0163ia, vazut\u0103 de securi\u015fti -\",\"isPartOf\":{\"@id\":\"https:\/\/desteptati-va.ro\/#website\"},\"primaryImageOfPage\":{\"@id\":\"https:\/\/desteptati-va.ro\/index.php\/2021\/04\/19\/revolutia-vazuta-de-securisti\/#primaryimage\"},\"image\":{\"@id\":\"https:\/\/desteptati-va.ro\/index.php\/2021\/04\/19\/revolutia-vazuta-de-securisti\/#primaryimage\"},\"thumbnailUrl\":\"https:\/\/desteptati-va.ro\/wp-content\/uploads\/2021\/04\/05main_200.jpg\",\"datePublished\":\"2021-04-19T08:11:14+00:00\",\"author\":{\"@id\":\"https:\/\/desteptati-va.ro\/#\/schema\/person\/13182deeebd44920914899f7bb262d6b\"},\"breadcrumb\":{\"@id\":\"https:\/\/desteptati-va.ro\/index.php\/2021\/04\/19\/revolutia-vazuta-de-securisti\/#breadcrumb\"},\"inLanguage\":\"ro-RO\",\"potentialAction\":[{\"@type\":\"ReadAction\",\"target\":[\"https:\/\/desteptati-va.ro\/index.php\/2021\/04\/19\/revolutia-vazuta-de-securisti\/\"]}]},{\"@type\":\"ImageObject\",\"inLanguage\":\"ro-RO\",\"@id\":\"https:\/\/desteptati-va.ro\/index.php\/2021\/04\/19\/revolutia-vazuta-de-securisti\/#primaryimage\",\"url\":\"https:\/\/desteptati-va.ro\/wp-content\/uploads\/2021\/04\/05main_200.jpg\",\"contentUrl\":\"https:\/\/desteptati-va.ro\/wp-content\/uploads\/2021\/04\/05main_200.jpg\",\"width\":260,\"height\":260},{\"@type\":\"BreadcrumbList\",\"@id\":\"https:\/\/desteptati-va.ro\/index.php\/2021\/04\/19\/revolutia-vazuta-de-securisti\/#breadcrumb\",\"itemListElement\":[{\"@type\":\"ListItem\",\"position\":1,\"name\":\"Prima pagin\u0103\",\"item\":\"https:\/\/desteptati-va.ro\/\"},{\"@type\":\"ListItem\",\"position\":2,\"name\":\"Revolu\u0163ia, vazut\u0103 de securi\u015fti\"}]},{\"@type\":\"WebSite\",\"@id\":\"https:\/\/desteptati-va.ro\/#website\",\"url\":\"https:\/\/desteptati-va.ro\/\",\"name\":\"\",\"description\":\"\",\"potentialAction\":[{\"@type\":\"SearchAction\",\"target\":{\"@type\":\"EntryPoint\",\"urlTemplate\":\"https:\/\/desteptati-va.ro\/?s={search_term_string}\"},\"query-input\":{\"@type\":\"PropertyValueSpecification\",\"valueRequired\":true,\"valueName\":\"search_term_string\"}}],\"inLanguage\":\"ro-RO\"},{\"@type\":\"Person\",\"@id\":\"https:\/\/desteptati-va.ro\/#\/schema\/person\/13182deeebd44920914899f7bb262d6b\",\"name\":\"wolfsoftcompany\",\"image\":{\"@type\":\"ImageObject\",\"inLanguage\":\"ro-RO\",\"@id\":\"https:\/\/desteptati-va.ro\/#\/schema\/person\/image\/\",\"url\":\"https:\/\/secure.gravatar.com\/avatar\/a6cce9b6d101d27d91690e7073e300fed94c0899890bf998e082cb9d2c3d121e?s=96&d=mm&r=g\",\"contentUrl\":\"https:\/\/secure.gravatar.com\/avatar\/a6cce9b6d101d27d91690e7073e300fed94c0899890bf998e082cb9d2c3d121e?s=96&d=mm&r=g\",\"caption\":\"wolfsoftcompany\"},\"sameAs\":[\"http:\/\/desteptati-va.ro\"],\"url\":\"https:\/\/desteptati-va.ro\/index.php\/author\/wolfsoftcompany\/\"}]}<\/script>\r\n<!-- \/ Yoast SEO plugin. -->","yoast_head_json":{"title":"Revolu\u0163ia, vazut\u0103 de securi\u015fti -","robots":{"index":"index","follow":"follow","max-snippet":"max-snippet:-1","max-image-preview":"max-image-preview:large","max-video-preview":"max-video-preview:-1"},"canonical":"https:\/\/desteptati-va.ro\/index.php\/2021\/04\/19\/revolutia-vazuta-de-securisti\/","og_locale":"ro_RO","og_type":"article","og_title":"Revolu\u0163ia, vazut\u0103 de securi\u015fti -","og_description":"\u00cei las\u0103m dlui Ion Iliescu dilema insolubil\u0103 &#8211; &#8222;revolu\u0163ie sau lovitur\u0103 de stat?&#8221; . Rom\u00e2nilor le r\u0103m\u00e2ne s\u0103 reflecteze asupraRead More","og_url":"https:\/\/desteptati-va.ro\/index.php\/2021\/04\/19\/revolutia-vazuta-de-securisti\/","article_published_time":"2021-04-19T08:11:14+00:00","og_image":[{"width":260,"height":260,"url":"https:\/\/desteptati-va.ro\/wp-content\/uploads\/2021\/04\/05main_200.jpg","type":"image\/jpeg"}],"author":"wolfsoftcompany","twitter_card":"summary_large_image","twitter_misc":{"Scris de":"wolfsoftcompany","Timp estimat pentru citire":"19 minute"},"schema":{"@context":"https:\/\/schema.org","@graph":[{"@type":"Article","@id":"https:\/\/desteptati-va.ro\/index.php\/2021\/04\/19\/revolutia-vazuta-de-securisti\/#article","isPartOf":{"@id":"https:\/\/desteptati-va.ro\/index.php\/2021\/04\/19\/revolutia-vazuta-de-securisti\/"},"author":{"name":"wolfsoftcompany","@id":"https:\/\/desteptati-va.ro\/#\/schema\/person\/13182deeebd44920914899f7bb262d6b"},"headline":"Revolu\u0163ia, vazut\u0103 de securi\u015fti","datePublished":"2021-04-19T08:11:14+00:00","mainEntityOfPage":{"@id":"https:\/\/desteptati-va.ro\/index.php\/2021\/04\/19\/revolutia-vazuta-de-securisti\/"},"wordCount":3861,"commentCount":0,"image":{"@id":"https:\/\/desteptati-va.ro\/index.php\/2021\/04\/19\/revolutia-vazuta-de-securisti\/#primaryimage"},"thumbnailUrl":"https:\/\/desteptati-va.ro\/wp-content\/uploads\/2021\/04\/05main_200.jpg","keywords":["1989","desteptati","desteptati-va","Directia a III-a","evenimente","Iliescu","lovitura de stat","Magureanu Virgil","Ministerul Apararii","Mortoiu Aurelian","ofiteri","Paun Costica","revolutie","Televiziune","teroristi","Timisoara","Universitate","Vlad Iulian"],"articleSection":["Decembrie 89","Securistii-Teroristii"],"inLanguage":"ro-RO","potentialAction":[{"@type":"CommentAction","name":"Comment","target":["https:\/\/desteptati-va.ro\/index.php\/2021\/04\/19\/revolutia-vazuta-de-securisti\/#respond"]}]},{"@type":"WebPage","@id":"https:\/\/desteptati-va.ro\/index.php\/2021\/04\/19\/revolutia-vazuta-de-securisti\/","url":"https:\/\/desteptati-va.ro\/index.php\/2021\/04\/19\/revolutia-vazuta-de-securisti\/","name":"Revolu\u0163ia, vazut\u0103 de securi\u015fti -","isPartOf":{"@id":"https:\/\/desteptati-va.ro\/#website"},"primaryImageOfPage":{"@id":"https:\/\/desteptati-va.ro\/index.php\/2021\/04\/19\/revolutia-vazuta-de-securisti\/#primaryimage"},"image":{"@id":"https:\/\/desteptati-va.ro\/index.php\/2021\/04\/19\/revolutia-vazuta-de-securisti\/#primaryimage"},"thumbnailUrl":"https:\/\/desteptati-va.ro\/wp-content\/uploads\/2021\/04\/05main_200.jpg","datePublished":"2021-04-19T08:11:14+00:00","author":{"@id":"https:\/\/desteptati-va.ro\/#\/schema\/person\/13182deeebd44920914899f7bb262d6b"},"breadcrumb":{"@id":"https:\/\/desteptati-va.ro\/index.php\/2021\/04\/19\/revolutia-vazuta-de-securisti\/#breadcrumb"},"inLanguage":"ro-RO","potentialAction":[{"@type":"ReadAction","target":["https:\/\/desteptati-va.ro\/index.php\/2021\/04\/19\/revolutia-vazuta-de-securisti\/"]}]},{"@type":"ImageObject","inLanguage":"ro-RO","@id":"https:\/\/desteptati-va.ro\/index.php\/2021\/04\/19\/revolutia-vazuta-de-securisti\/#primaryimage","url":"https:\/\/desteptati-va.ro\/wp-content\/uploads\/2021\/04\/05main_200.jpg","contentUrl":"https:\/\/desteptati-va.ro\/wp-content\/uploads\/2021\/04\/05main_200.jpg","width":260,"height":260},{"@type":"BreadcrumbList","@id":"https:\/\/desteptati-va.ro\/index.php\/2021\/04\/19\/revolutia-vazuta-de-securisti\/#breadcrumb","itemListElement":[{"@type":"ListItem","position":1,"name":"Prima pagin\u0103","item":"https:\/\/desteptati-va.ro\/"},{"@type":"ListItem","position":2,"name":"Revolu\u0163ia, vazut\u0103 de securi\u015fti"}]},{"@type":"WebSite","@id":"https:\/\/desteptati-va.ro\/#website","url":"https:\/\/desteptati-va.ro\/","name":"","description":"","potentialAction":[{"@type":"SearchAction","target":{"@type":"EntryPoint","urlTemplate":"https:\/\/desteptati-va.ro\/?s={search_term_string}"},"query-input":{"@type":"PropertyValueSpecification","valueRequired":true,"valueName":"search_term_string"}}],"inLanguage":"ro-RO"},{"@type":"Person","@id":"https:\/\/desteptati-va.ro\/#\/schema\/person\/13182deeebd44920914899f7bb262d6b","name":"wolfsoftcompany","image":{"@type":"ImageObject","inLanguage":"ro-RO","@id":"https:\/\/desteptati-va.ro\/#\/schema\/person\/image\/","url":"https:\/\/secure.gravatar.com\/avatar\/a6cce9b6d101d27d91690e7073e300fed94c0899890bf998e082cb9d2c3d121e?s=96&d=mm&r=g","contentUrl":"https:\/\/secure.gravatar.com\/avatar\/a6cce9b6d101d27d91690e7073e300fed94c0899890bf998e082cb9d2c3d121e?s=96&d=mm&r=g","caption":"wolfsoftcompany"},"sameAs":["http:\/\/desteptati-va.ro"],"url":"https:\/\/desteptati-va.ro\/index.php\/author\/wolfsoftcompany\/"}]}},"_links":{"self":[{"href":"https:\/\/desteptati-va.ro\/index.php\/wp-json\/wp\/v2\/posts\/3909","targetHints":{"allow":["GET"]}}],"collection":[{"href":"https:\/\/desteptati-va.ro\/index.php\/wp-json\/wp\/v2\/posts"}],"about":[{"href":"https:\/\/desteptati-va.ro\/index.php\/wp-json\/wp\/v2\/types\/post"}],"author":[{"embeddable":true,"href":"https:\/\/desteptati-va.ro\/index.php\/wp-json\/wp\/v2\/users\/1"}],"replies":[{"embeddable":true,"href":"https:\/\/desteptati-va.ro\/index.php\/wp-json\/wp\/v2\/comments?post=3909"}],"version-history":[{"count":1,"href":"https:\/\/desteptati-va.ro\/index.php\/wp-json\/wp\/v2\/posts\/3909\/revisions"}],"predecessor-version":[{"id":3911,"href":"https:\/\/desteptati-va.ro\/index.php\/wp-json\/wp\/v2\/posts\/3909\/revisions\/3911"}],"wp:featuredmedia":[{"embeddable":true,"href":"https:\/\/desteptati-va.ro\/index.php\/wp-json\/wp\/v2\/media\/380"}],"wp:attachment":[{"href":"https:\/\/desteptati-va.ro\/index.php\/wp-json\/wp\/v2\/media?parent=3909"}],"wp:term":[{"taxonomy":"category","embeddable":true,"href":"https:\/\/desteptati-va.ro\/index.php\/wp-json\/wp\/v2\/categories?post=3909"},{"taxonomy":"post_tag","embeddable":true,"href":"https:\/\/desteptati-va.ro\/index.php\/wp-json\/wp\/v2\/tags?post=3909"}],"curies":[{"name":"wp","href":"https:\/\/api.w.org\/{rel}","templated":true}]}}