{"id":3912,"date":"2021-04-19T08:15:25","date_gmt":"2021-04-19T08:15:25","guid":{"rendered":"http:\/\/desteptati.ro\/?p=3912"},"modified":"2021-04-19T08:15:25","modified_gmt":"2021-04-19T08:15:25","slug":"dinescu-si-rivolutia","status":"publish","type":"post","link":"https:\/\/desteptati-va.ro\/index.php\/2021\/04\/19\/dinescu-si-rivolutia\/","title":{"rendered":"Dinescu \u015fi Rivolu\u0163ia"},"content":{"rendered":"<div class=\"post-content\"><div class='booster-block booster-read-block'>\n                <div class=\"twp-read-time\">\n                \t<i class=\"booster-icon twp-clock\"><\/i> <span>Read Time:<\/span>5 Minute, 27 Second                <\/div>\n\n            <\/div><h4>Fiindc\u0103 vor unii s\u0103 \u015ftie cum e cu Mircea Dinescu, scrisei \u015fi eu mai ieri urm\u0103toarele:\r\nPrimul care a ap\u0103rut la Televiziunea rom\u00e2n\u0103, \u00een 1989, a fost chiar revolu\u021bionarul de profesie Mircea Dinescu. Era cel mai indicat s\u0103 reprezinte poporul, fiindc\u0103 venise de la Slobozia (n\u0103scut \u00een 1950), localitate care, prin denumire, vorbea deja de originea lui nobil\u0103 \u00een sensul dorin\u021bei de slobozenie.<\/h4>\r\n<h4>Mircea Dinescu a venit prima dat\u0103 la Bucure\u0219ti cu g\u00e2ndul s\u0103 se fac\u0103 actor. Nu a reu\u0219it la facultate \u0219i s-a aciuiat pe l\u00e2ng\u0103 cenaclul lui Eugen Barbu, \u00eenc\u0103 lansator de talente pe acea vreme. De sub bagheta magic\u0103 a lui Barbu \u0219i a lui F\u0103nu\u0219 Neagu va ajunge, peste ani, un apropiat al lui Marin Preda. Dar p\u00e2n\u0103 atunci mai avea de curtat ni\u0219te frumoase tinere \u0219i c\u00e2\u021biva critici \u0219i istorici literari: Romul Munteanu, Eugen Simion, Lucian Raicu, Nicolae Manolescu.\r\n\u00cen 1971, lui Mircea Dinescu \u00eei apare primul volum de versuri, \u201eInvoca\u021bie nim\u0103nui\u201d. Avea 21 de ani \u0219i este socotit \u201enoul Rimbaud rom\u00e2n\u201d. Scandalurile cu scriitorii, succesul la fete, b\u0103utul \u00een public, lipsa respectului pentru ceilal\u021bi justificau elogiul. Cur\u00e2nd va deveni secretarul organiza\u021biei tinerilor uteci\u0219ti din Uniunea Scriitorilor. Poemul lui \u201eSunt t\u00e2n\u0103r, doamn\u0103!\u201d face furori: \u201eSunt t\u00e2n\u0103r, Doamn\u0103, vinul m\u0103 \u0219tie pe de rost\/ \u0219i ochiul sclav \u00eemi car\u0103 feciorele prin s\u00e2nge,\/ cum a\u0219 putea \u00eentoarce \u00a0copilul care-am fost\/ c\u00e2nd carnea-mi \u00eenflore\u0219te \u0219i doar uitarea pl\u00e2nge\u201d. Mircea Dinescu este un bun actor, chiar dac\u0103 nu-l ajut\u0103 prea mult dic\u021bia; discursul lui se bazeaz\u0103 pe limbajul non-vebal, m\u00e2inile, buzele \u0219i sc\u0103rpinatul \u00een ceaf\u0103 (la t\u00e2mpl\u0103 se\u00a0 atinge rar) fiind componente de baz\u0103. Biografia lui este demn\u0103 de un erou balzacian: venit \u00een Capital\u0103 doar cu iluzii, ca mai to\u021bi scriitorii, se va \u00eensura cu fiica unei rusoaice \u0219i a unui ungur, va fi premiat \u0219i r\u0103spremiat de Uniunea Scriitorilor, de Academie \u0219i va tr\u0103i din sinecur\u0103: \u00eent\u00e2i portar (?) la Asocia\u021bia scriitorilor (evident, doar cu numele), apoi redactor la revista Luceaf\u0103rul (ei, da, \u0103sta chiar era visul oric\u0103rui t\u00e2n\u0103r scriitor). Armata o face l\u00e2ng\u0103 cas\u0103, cic\u0103 la interven\u0163ia lui F\u0103nu\u0219 Neagu, \u00eent\u00e2mpl\u0103tor, desigur, la o unitate a Securit\u0103\u021bii. C\u0103r\u021bile lui au fost traduse \u00een maghiar\u0103 \u0219i \u00een german\u0103 (de Werner S\u00f6llner, un distins colaborator al securit\u0103\u021bii rom\u00e2ne).<\/h4>\r\n<figure id=\"attachment_4095\" aria-describedby=\"caption-attachment-4095\" style=\"width: 233px\" class=\"wp-caption aligncenter\"><a href=\"http:\/\/www.desteptati-va.ro\/wp-content\/uploads\/2013\/12\/Marin_Preda.jpg\"><img loading=\"lazy\" decoding=\"async\" class=\"size-medium wp-image-4095\" title=\"Marin_Preda\" src=\"http:\/\/www.desteptati-va.ro\/wp-content\/uploads\/2013\/12\/Marin_Preda-233x300.jpg\" alt=\"Marin Preda\" width=\"233\" height=\"300\" \/><\/a><figcaption id=\"caption-attachment-4095\" class=\"wp-caption-text\">Marin Preda<\/figcaption><\/figure>\r\n<h4>Debutul lui \u00een poezie a fost str\u0103lucitor: critici tineri, b\u0103tr\u00e2ni, universitari sau debutan\u021bi s-au gr\u0103bit s\u0103-l elogieze. Lucian Raicu, cel cu care va sta cu Marin Preda la mas\u0103 \u00een noaptea mor\u021bii, v\u0103zuse \u00een Dinescu un poet \u201eb\u00e2ntuit de talent, un extraordinar talent, cuvintele \u0219oc \u0219i metaforele percutante \u00eei vin \u00een cascad\u0103, proaspete \u0219i nep\u0103s\u0103toare, cu \u00eenc\u0103rc\u0103tur\u0103 afectuoas\u0103 \u0219i cinic\u0103, brutal repezite \u0219i tandre, proletare \u0219i nobile, \u00eenscriindu-se laolalt\u0103 pe un traseu totu\u0219i bine determinat, spun\u00e2nd exact ce li s-a menit s\u0103 spun\u0103, f\u0103r\u0103 ezit\u0103ri, f\u0103r\u0103 ambiguit\u0103\u021bi. Pentru cazul \u00een care \u201erivolu\u021bia\u201d ar fi \u00eent\u00e2rziat \u0219i mai mult, Mircea Dinescu \u00ee\u0219i preg\u0103tise \u0219i varianta \u201etr\u0103iesc bine cu comuni\u0219tii p\u00e2n\u0103 la moarte, c\u0103 am origine\u00a0 s\u0103n\u0103toas\u0103\u201d \u0219i astfel a absolvit Academia de \u0218tiin\u021be politice \u0218tefan Gheorghiu, patronat\u0103 de tovar\u0103\u0219ul Leonte R\u0103utu.Acesta era bun prieten cu tovar\u0103\u0219ul Gheorghe R\u0103dulescu, astfel c\u0103, \u00eenainte de 89, Mircea face parte dintre apropia\u021bii lui Gogu, pe care-l viziteaz\u0103 la casa de vacan\u021b\u0103 a acestuia, situat\u0103 \u00een C\u00e2mpia Dun\u0103rii, ici\u0219a la Comana. Nu vorbeau numai despre \u201ecetatea ideal\u0103\u201d a lui Platon, ci \u0219i despre literatur\u0103, c\u0103ci acolo poposeau \u0219i al\u021bi viitori revolu\u021bionari, ca Ana Blandiana, Andrei Ple\u0219u, Ion Caramitru. Iar el nu era prea ocupat cu studiile, fiind la f\u0103r\u0103 frecven\u021b\u0103 \u0219i, oricum el era intersat de \u0219coala vie\u021bii, nu de doctrine, fie ele chiar de st\u00e2nga (oare, de st\u00e2nga?).<\/h4>\r\n<figure id=\"attachment_4097\" aria-describedby=\"caption-attachment-4097\" style=\"width: 300px\" class=\"wp-caption aligncenter\"><a href=\"http:\/\/www.desteptati-va.ro\/wp-content\/uploads\/2013\/12\/ion-caramitru-uniter11.jpg\"><img loading=\"lazy\" decoding=\"async\" class=\"size-full wp-image-4097\" title=\"ion-caramitru-uniter1\" src=\"http:\/\/www.desteptati-va.ro\/wp-content\/uploads\/2013\/12\/ion-caramitru-uniter11.jpg\" alt=\"Ion Caramitru\" width=\"300\" height=\"261\" \/><\/a><figcaption id=\"caption-attachment-4097\" class=\"wp-caption-text\">Ion Caramitru<\/figcaption><\/figure>\r\n<h4><\/h4>\r\n<h4>Dup\u0103 apari\u021bia de la televizor, imediat dup\u0103 fuga dictatorului, juc\u00e2nd bine rolul oferit de Ion Caramitru (devenit regizor prost dintr-un actor foarte bun) care-i recomand\u0103 \u201eMircea, f\u0103-te c\u0103 lucrezi\u201d, Dinescu ajunge, chiar \u00een acea\u00a0 sear\u0103, pre\u0219edintele Uniunii Scriitorilor. Va fi sus\u0163inut de floarea cea vestit\u0103 a \u00eentregului Apus (sau R\u0103s\u0103rit): Octavian Paler, Eugen Simion, Aurel Drago\u0219 Munteanu. Nu a fost, totu\u0219i, prea u\u0219or, fiindc\u0103 poeta Ana Blandiana (\u0219i ea contestatar\u0103 \u0219i prieten\u0103 cu Gogu) l-ar fi vrut pe George Macovescu. A ie\u0219it \u00eenving\u0103toare genera\u021bia t\u00e2n\u0103r\u0103. Macovescu era cominternist, dar f\u0103cuse \u201egre\u0219eala\u201d de a-l sus\u021bine pe Ceau\u0219escu la congresul \u00een care \u00eei contestase C. P\u00e2rvulescu realegerea ca secretar general al partidului. Acum lua sf\u00e2r\u0219it na\u021bionalismul ceau\u0219ist, se creau condi\u021bii pentru globalizarea venit\u0103 dinspre Vest.<\/h4>\r\n<h4>Despre presta\u021bia lui Dinescu, fostul coleg de la revista Luceaf\u0103rul, poetul Cezar Iv\u0103nescu, va afirma: \u201eUniunea Scriitorilor trebuia s\u0103 devin\u0103 dup\u0103 Revolu\u0163ie acea central\u0103 de energie, acel nucleu de energie care s\u0103 numeasc\u0103 \u015fi s\u0103 bu\u015feasc\u0103 pre\u015fedin\u0163i \u00een \u0163ara asta. Pentru c\u0103 aveam aceast\u0103 autoritate. Din aceast\u0103 institu\u0163ie de autoritate \u015fi de \u0163inut\u0103 moral\u0103, a ajuns o institu\u0163ie oarecare, falimentar\u0103. Din ce cauz\u0103? Din cauza faptului c\u0103 s-a ocupat numai cu bi\u015fni\u0163a m\u0103runt\u0103, cu afacerile lor de bi\u015fni\u0163ari nenoroci\u0163i de la Dinescu \u015fi p\u00e2n\u0103 la actualii conduc\u0103tori ai Uniunii \u2013 \u015fi nu cu lucrurile mari. Nu s-au g\u00e2ndit la condi\u0163ia scriitorului rom\u00e2n, nu s-au g\u00e2ndit cum s\u0103 transforme aceast\u0103 institu\u0163ie, care a fost foarte puternic\u0103 sub comuni\u015fti \u015fi a fost o\u00a0 adev\u0103rat\u0103 redut\u0103 a democra\u0163iei, cum s-o transforme dinnou \u00eentr-o institu\u0163ie puternic\u0103 \u015fi \u00een democra\u0163ie, care s\u0103 poat\u0103 s\u0103 fac\u0103 ceva \u00een \u0163ara asta\u201d.\r\nNemainsemn\u00e2nd prea multe Uniunea Scriitorilor, fiindc\u0103 noii guvernan\u021bi nu mai aveau nevoie s\u0103 \u021bin\u0103 scriitorii \u00eentr-o organiza\u021bie puternic\u0103 \u0219i cu autoritate moral\u0103, Mircea Dinescu se dedic\u0103 afacerilor. M\u0103rturise\u0219te c\u0103 \u00a0sfatul l-a primit de la o func\u021bionar\u0103 a ambasdei germane care i-ar fi spus prietene\u0219te c\u0103 literatura nu mai \u00eenseamn\u0103 nimic \u00een capitalism, banul este totul. Drept urmare, \u00eenfiin\u021beaz\u0103 reviste, le vinde, \u00eenfiin\u021beaz\u0103 altele, mai vinde din ele \u0219i cup\u0103r\u0103 terenuri agricole \u0219i vii.\r\nLa o lansare de produs, vin marca Dinescu, \u00eel are oaspete chiar pe pre\u0219edintele Iliescu. La plecare \u00eel conduce pe acesta la automobil \u0219i vrea s\u0103-i dea o damigean\u0103 de vin. Pre\u0219edintele, s\u0103rac \u0219i cinstit, cum \u00eei e felul, refuz\u0103, dar Mircic\u0103 insist\u0103: \u201eia-o, bre, nea Ioane, ce dracu, dac\u0103 nu bei dumneata, bea coana Nina\u201d! Hara\u0219o democra\u021bie! Lume civilizat\u0103, soro, nu glum\u0103. Av\u00e2nd de ales \u00eentre eternitatea artei \u0219i fo\u0219netul rublei, poetul din Slobozia a optat pentru moneda european\u0103. Din t\u00e2n\u0103rul prin care treceau \u201es\u0103ge\u021bile vestirii\u201d, se mai v\u0103d cu u\u0219urin\u021b\u0103 doar buzele groase, de l\u0103utar care a c\u00e2ntat pe la nun\u021bile boierilor, saliv\u00e2nd dup\u0103 un ciubuc gras.<\/h4>\r\n<h4><span id=\"yui_3_13_0_ym1_1_1386065501175_1907\" style=\"font-family: Comic Sans MS,sans-serif; font-size: large;\">\u00a0<\/span><\/h4>\r\n<h4><em><span style=\"color: #c0c0c0;\">Surs\u0103: Blogosfer\u0103 Petre Anghel<\/span><\/em><\/h4>        <div class=\"booster-block booster-reactions-block\">\n            <div class=\"twp-reactions-icons\">\n                \n                <div class=\"twp-reacts-wrap\">\n                    <a react-data=\"be-react-1\" post-id=\"3912\" class=\"be-face-icons un-reacted\" href=\"javascript:void(0)\">\n                        <img decoding=\"async\" src=\"https:\/\/desteptati-va.ro\/wp-content\/plugins\/booster-extension\/\/assets\/icon\/happy.svg\" alt=\"Happy\">\n                    <\/a>\n                    <div class=\"twp-reaction-title\">\n                        Happy                    <\/div>\n                    <div class=\"twp-count-percent\">\n                                                    <span style=\"display: none;\" class=\"twp-react-count\">0<\/span>\n                        \n                                                <span class=\"twp-react-percent\"><span>0<\/span> %<\/span>\n                                            <\/div>\n                <\/div>\n\n                <div class=\"twp-reacts-wrap\">\n                    <a react-data=\"be-react-2\" post-id=\"3912\" class=\"be-face-icons un-reacted\" href=\"javascript:void(0)\">\n                        <img decoding=\"async\" src=\"https:\/\/desteptati-va.ro\/wp-content\/plugins\/booster-extension\/\/assets\/icon\/sad.svg\" alt=\"Sad\">\n                    <\/a>\n                    <div class=\"twp-reaction-title\">\n                        Sad                    <\/div>\n                    <div class=\"twp-count-percent\">\n                                                    <span style=\"display: none;\" class=\"twp-react-count\">0<\/span>\n                                                                        <span class=\"twp-react-percent\"><span>0<\/span> %<\/span>\n                                            <\/div>\n                <\/div>\n\n                <div class=\"twp-reacts-wrap\">\n                    <a react-data=\"be-react-3\" post-id=\"3912\" class=\"be-face-icons un-reacted\" href=\"javascript:void(0)\">\n                        <img decoding=\"async\" src=\"https:\/\/desteptati-va.ro\/wp-content\/plugins\/booster-extension\/\/assets\/icon\/excited.svg\" alt=\"Excited\">\n                    <\/a>\n                    <div class=\"twp-reaction-title\">\n                        Excited                    <\/div>\n                    <div class=\"twp-count-percent\">\n                                                    <span style=\"display: none;\" class=\"twp-react-count\">0<\/span>\n                                                                        <span class=\"twp-react-percent\"><span>0<\/span> %<\/span>\n                                            <\/div>\n                <\/div>\n\n                <div class=\"twp-reacts-wrap\">\n                    <a react-data=\"be-react-6\" post-id=\"3912\" class=\"be-face-icons un-reacted\" href=\"javascript:void(0)\">\n                        <img decoding=\"async\" src=\"https:\/\/desteptati-va.ro\/wp-content\/plugins\/booster-extension\/\/assets\/icon\/sleepy.svg\" alt=\"Sleepy\">\n                    <\/a>\n                    <div class=\"twp-reaction-title\">\n                        Sleepy                    <\/div>\n                    <div class=\"twp-count-percent\">\n                                                    <span style=\"display: none;\" class=\"twp-react-count\">0<\/span>\n                        \n                                                <span class=\"twp-react-percent\"><span>0<\/span> %<\/span>\n                                            <\/div>\n                <\/div>\n\n                <div class=\"twp-reacts-wrap\">\n                    <a react-data=\"be-react-4\" post-id=\"3912\" class=\"be-face-icons un-reacted\" href=\"javascript:void(0)\">\n                        <img decoding=\"async\" src=\"https:\/\/desteptati-va.ro\/wp-content\/plugins\/booster-extension\/\/assets\/icon\/angry.svg\" alt=\"Angry\">\n                    <\/a>\n                    <div class=\"twp-reaction-title\">Angry<\/div>\n                    <div class=\"twp-count-percent\">\n                                                    <span style=\"display: none;\" class=\"twp-react-count\">0<\/span>\n                                                                        <span class=\"twp-react-percent\"><span>0<\/span> %<\/span>\n                        \n                    <\/div>\n                <\/div>\n\n                <div class=\"twp-reacts-wrap\">\n                    <a react-data=\"be-react-5\" post-id=\"3912\" class=\"be-face-icons un-reacted\" href=\"javascript:void(0)\">\n                        <img decoding=\"async\" src=\"https:\/\/desteptati-va.ro\/wp-content\/plugins\/booster-extension\/\/assets\/icon\/surprise.svg\" alt=\"Surprise\">\n                    <\/a>\n                    <div class=\"twp-reaction-title\">Surprise<\/div>\n                    <div class=\"twp-count-percent\">\n                                                    <span style=\"display: none;\" class=\"twp-react-count\">0<\/span>\n                                                                        <span class=\"twp-react-percent\"><span>0<\/span> %<\/span>\n                                            <\/div>\n                <\/div>\n\n            <\/div>\n        <\/div>\n\n    <\/div>","protected":false},"excerpt":{"rendered":"<p>Fiindc\u0103 vor unii s\u0103 \u015ftie cum e cu Mircea Dinescu, scrisei \u015fi eu mai ieri urm\u0103toarele: Primul care a ap\u0103rut<a href=\"https:\/\/desteptati-va.ro\/index.php\/2021\/04\/19\/dinescu-si-rivolutia\/\">Read More<i class=\"fa fa-long-arrow-right\" aria-hidden=\"true\"><\/i><\/a><\/p>\n","protected":false},"author":1,"featured_media":3914,"comment_status":"open","ping_status":"open","sticky":false,"template":"","format":"standard","meta":{"_crdt_document":"","footnotes":""},"categories":[3,10],"tags":[1166,1065],"class_list":["post-3912","post","type-post","status-publish","format-standard","has-post-thumbnail","hentry","category-decembrie-89","category-tradari-tradatori-si-altii","tag-licheua","tag-mircea-dinescu"],"rise-blocks_total_comments":1,"rise-blocks_categories":[{"term_id":10,"name":"Tradari, tradatori si altii","slug":"tradari-tradatori-si-altii","term_group":0,"term_taxonomy_id":10,"taxonomy":"category","description":"","parent":3,"count":12,"filter":"raw"}],"rise-blocks_excerpt":"Fiindc\u0103 vor unii s\u0103 \u015ftie cum e cu Mircea Dinescu, scrisei \u015fi eu mai ieri urm\u0103toarele: Primul care a ap\u0103rut la Televiziunea rom\u00e2n\u0103, \u00een 1989, a fost chiar revolu\u021bionarul de profesie Mircea Dinescu. Era cel mai indicat s\u0103 reprezinte poporul, fiindc\u0103 venise de la Slobozia (n\u0103scut \u00een 1950), localitate care, prin denumire, vorbea deja de originea lui nobil\u0103 \u00een sensul..","yoast_head":"<!-- This site is optimized with the Yoast SEO plugin v26.9 - https:\/\/yoast.com\/product\/yoast-seo-wordpress\/ -->\r\n<title>Dinescu \u015fi Rivolu\u0163ia -<\/title>\r\n<meta name=\"robots\" content=\"index, follow, max-snippet:-1, max-image-preview:large, max-video-preview:-1\" \/>\r\n<link rel=\"canonical\" href=\"https:\/\/desteptati-va.ro\/index.php\/2021\/04\/19\/dinescu-si-rivolutia\/\" \/>\r\n<meta property=\"og:locale\" content=\"ro_RO\" \/>\r\n<meta property=\"og:type\" content=\"article\" \/>\r\n<meta property=\"og:title\" content=\"Dinescu \u015fi Rivolu\u0163ia -\" \/>\r\n<meta property=\"og:description\" content=\"Fiindc\u0103 vor unii s\u0103 \u015ftie cum e cu Mircea Dinescu, scrisei \u015fi eu mai ieri urm\u0103toarele: Primul care a ap\u0103rutRead More\" \/>\r\n<meta property=\"og:url\" content=\"https:\/\/desteptati-va.ro\/index.php\/2021\/04\/19\/dinescu-si-rivolutia\/\" \/>\r\n<meta property=\"article:published_time\" content=\"2021-04-19T08:15:25+00:00\" \/>\r\n<meta property=\"og:image\" content=\"https:\/\/desteptati-va.ro\/wp-content\/uploads\/2021\/04\/index-2.jpg\" \/>\r\n\t<meta property=\"og:image:width\" content=\"268\" \/>\r\n\t<meta property=\"og:image:height\" content=\"201\" \/>\r\n\t<meta property=\"og:image:type\" content=\"image\/jpeg\" \/>\r\n<meta name=\"author\" content=\"wolfsoftcompany\" \/>\r\n<meta name=\"twitter:card\" content=\"summary_large_image\" \/>\r\n<meta name=\"twitter:label1\" content=\"Scris de\" \/>\n\t<meta name=\"twitter:data1\" content=\"wolfsoftcompany\" \/>\n\t<meta name=\"twitter:label2\" content=\"Timp estimat pentru citire\" \/>\n\t<meta name=\"twitter:data2\" content=\"6 minute\" \/>\r\n<script type=\"application\/ld+json\" class=\"yoast-schema-graph\">{\"@context\":\"https:\/\/schema.org\",\"@graph\":[{\"@type\":\"Article\",\"@id\":\"https:\/\/desteptati-va.ro\/index.php\/2021\/04\/19\/dinescu-si-rivolutia\/#article\",\"isPartOf\":{\"@id\":\"https:\/\/desteptati-va.ro\/index.php\/2021\/04\/19\/dinescu-si-rivolutia\/\"},\"author\":{\"name\":\"wolfsoftcompany\",\"@id\":\"https:\/\/desteptati-va.ro\/#\/schema\/person\/13182deeebd44920914899f7bb262d6b\"},\"headline\":\"Dinescu \u015fi Rivolu\u0163ia\",\"datePublished\":\"2021-04-19T08:15:25+00:00\",\"mainEntityOfPage\":{\"@id\":\"https:\/\/desteptati-va.ro\/index.php\/2021\/04\/19\/dinescu-si-rivolutia\/\"},\"wordCount\":1239,\"commentCount\":0,\"image\":{\"@id\":\"https:\/\/desteptati-va.ro\/index.php\/2021\/04\/19\/dinescu-si-rivolutia\/#primaryimage\"},\"thumbnailUrl\":\"https:\/\/desteptati-va.ro\/wp-content\/uploads\/2021\/04\/index-2.jpg\",\"keywords\":[\"licheua\",\"Mircea Dinescu\"],\"articleSection\":[\"Decembrie 89\",\"Tradari, tradatori si altii\"],\"inLanguage\":\"ro-RO\",\"potentialAction\":[{\"@type\":\"CommentAction\",\"name\":\"Comment\",\"target\":[\"https:\/\/desteptati-va.ro\/index.php\/2021\/04\/19\/dinescu-si-rivolutia\/#respond\"]}]},{\"@type\":\"WebPage\",\"@id\":\"https:\/\/desteptati-va.ro\/index.php\/2021\/04\/19\/dinescu-si-rivolutia\/\",\"url\":\"https:\/\/desteptati-va.ro\/index.php\/2021\/04\/19\/dinescu-si-rivolutia\/\",\"name\":\"Dinescu \u015fi Rivolu\u0163ia -\",\"isPartOf\":{\"@id\":\"https:\/\/desteptati-va.ro\/#website\"},\"primaryImageOfPage\":{\"@id\":\"https:\/\/desteptati-va.ro\/index.php\/2021\/04\/19\/dinescu-si-rivolutia\/#primaryimage\"},\"image\":{\"@id\":\"https:\/\/desteptati-va.ro\/index.php\/2021\/04\/19\/dinescu-si-rivolutia\/#primaryimage\"},\"thumbnailUrl\":\"https:\/\/desteptati-va.ro\/wp-content\/uploads\/2021\/04\/index-2.jpg\",\"datePublished\":\"2021-04-19T08:15:25+00:00\",\"author\":{\"@id\":\"https:\/\/desteptati-va.ro\/#\/schema\/person\/13182deeebd44920914899f7bb262d6b\"},\"breadcrumb\":{\"@id\":\"https:\/\/desteptati-va.ro\/index.php\/2021\/04\/19\/dinescu-si-rivolutia\/#breadcrumb\"},\"inLanguage\":\"ro-RO\",\"potentialAction\":[{\"@type\":\"ReadAction\",\"target\":[\"https:\/\/desteptati-va.ro\/index.php\/2021\/04\/19\/dinescu-si-rivolutia\/\"]}]},{\"@type\":\"ImageObject\",\"inLanguage\":\"ro-RO\",\"@id\":\"https:\/\/desteptati-va.ro\/index.php\/2021\/04\/19\/dinescu-si-rivolutia\/#primaryimage\",\"url\":\"https:\/\/desteptati-va.ro\/wp-content\/uploads\/2021\/04\/index-2.jpg\",\"contentUrl\":\"https:\/\/desteptati-va.ro\/wp-content\/uploads\/2021\/04\/index-2.jpg\",\"width\":268,\"height\":201},{\"@type\":\"BreadcrumbList\",\"@id\":\"https:\/\/desteptati-va.ro\/index.php\/2021\/04\/19\/dinescu-si-rivolutia\/#breadcrumb\",\"itemListElement\":[{\"@type\":\"ListItem\",\"position\":1,\"name\":\"Prima pagin\u0103\",\"item\":\"https:\/\/desteptati-va.ro\/\"},{\"@type\":\"ListItem\",\"position\":2,\"name\":\"Dinescu \u015fi Rivolu\u0163ia\"}]},{\"@type\":\"WebSite\",\"@id\":\"https:\/\/desteptati-va.ro\/#website\",\"url\":\"https:\/\/desteptati-va.ro\/\",\"name\":\"\",\"description\":\"\",\"potentialAction\":[{\"@type\":\"SearchAction\",\"target\":{\"@type\":\"EntryPoint\",\"urlTemplate\":\"https:\/\/desteptati-va.ro\/?s={search_term_string}\"},\"query-input\":{\"@type\":\"PropertyValueSpecification\",\"valueRequired\":true,\"valueName\":\"search_term_string\"}}],\"inLanguage\":\"ro-RO\"},{\"@type\":\"Person\",\"@id\":\"https:\/\/desteptati-va.ro\/#\/schema\/person\/13182deeebd44920914899f7bb262d6b\",\"name\":\"wolfsoftcompany\",\"image\":{\"@type\":\"ImageObject\",\"inLanguage\":\"ro-RO\",\"@id\":\"https:\/\/desteptati-va.ro\/#\/schema\/person\/image\/\",\"url\":\"https:\/\/secure.gravatar.com\/avatar\/a6cce9b6d101d27d91690e7073e300fed94c0899890bf998e082cb9d2c3d121e?s=96&d=mm&r=g\",\"contentUrl\":\"https:\/\/secure.gravatar.com\/avatar\/a6cce9b6d101d27d91690e7073e300fed94c0899890bf998e082cb9d2c3d121e?s=96&d=mm&r=g\",\"caption\":\"wolfsoftcompany\"},\"sameAs\":[\"http:\/\/desteptati-va.ro\"],\"url\":\"https:\/\/desteptati-va.ro\/index.php\/author\/wolfsoftcompany\/\"}]}<\/script>\r\n<!-- \/ Yoast SEO plugin. -->","yoast_head_json":{"title":"Dinescu \u015fi Rivolu\u0163ia -","robots":{"index":"index","follow":"follow","max-snippet":"max-snippet:-1","max-image-preview":"max-image-preview:large","max-video-preview":"max-video-preview:-1"},"canonical":"https:\/\/desteptati-va.ro\/index.php\/2021\/04\/19\/dinescu-si-rivolutia\/","og_locale":"ro_RO","og_type":"article","og_title":"Dinescu \u015fi Rivolu\u0163ia -","og_description":"Fiindc\u0103 vor unii s\u0103 \u015ftie cum e cu Mircea Dinescu, scrisei \u015fi eu mai ieri urm\u0103toarele: Primul care a ap\u0103rutRead More","og_url":"https:\/\/desteptati-va.ro\/index.php\/2021\/04\/19\/dinescu-si-rivolutia\/","article_published_time":"2021-04-19T08:15:25+00:00","og_image":[{"width":268,"height":201,"url":"https:\/\/desteptati-va.ro\/wp-content\/uploads\/2021\/04\/index-2.jpg","type":"image\/jpeg"}],"author":"wolfsoftcompany","twitter_card":"summary_large_image","twitter_misc":{"Scris de":"wolfsoftcompany","Timp estimat pentru citire":"6 minute"},"schema":{"@context":"https:\/\/schema.org","@graph":[{"@type":"Article","@id":"https:\/\/desteptati-va.ro\/index.php\/2021\/04\/19\/dinescu-si-rivolutia\/#article","isPartOf":{"@id":"https:\/\/desteptati-va.ro\/index.php\/2021\/04\/19\/dinescu-si-rivolutia\/"},"author":{"name":"wolfsoftcompany","@id":"https:\/\/desteptati-va.ro\/#\/schema\/person\/13182deeebd44920914899f7bb262d6b"},"headline":"Dinescu \u015fi Rivolu\u0163ia","datePublished":"2021-04-19T08:15:25+00:00","mainEntityOfPage":{"@id":"https:\/\/desteptati-va.ro\/index.php\/2021\/04\/19\/dinescu-si-rivolutia\/"},"wordCount":1239,"commentCount":0,"image":{"@id":"https:\/\/desteptati-va.ro\/index.php\/2021\/04\/19\/dinescu-si-rivolutia\/#primaryimage"},"thumbnailUrl":"https:\/\/desteptati-va.ro\/wp-content\/uploads\/2021\/04\/index-2.jpg","keywords":["licheua","Mircea Dinescu"],"articleSection":["Decembrie 89","Tradari, tradatori si altii"],"inLanguage":"ro-RO","potentialAction":[{"@type":"CommentAction","name":"Comment","target":["https:\/\/desteptati-va.ro\/index.php\/2021\/04\/19\/dinescu-si-rivolutia\/#respond"]}]},{"@type":"WebPage","@id":"https:\/\/desteptati-va.ro\/index.php\/2021\/04\/19\/dinescu-si-rivolutia\/","url":"https:\/\/desteptati-va.ro\/index.php\/2021\/04\/19\/dinescu-si-rivolutia\/","name":"Dinescu \u015fi Rivolu\u0163ia -","isPartOf":{"@id":"https:\/\/desteptati-va.ro\/#website"},"primaryImageOfPage":{"@id":"https:\/\/desteptati-va.ro\/index.php\/2021\/04\/19\/dinescu-si-rivolutia\/#primaryimage"},"image":{"@id":"https:\/\/desteptati-va.ro\/index.php\/2021\/04\/19\/dinescu-si-rivolutia\/#primaryimage"},"thumbnailUrl":"https:\/\/desteptati-va.ro\/wp-content\/uploads\/2021\/04\/index-2.jpg","datePublished":"2021-04-19T08:15:25+00:00","author":{"@id":"https:\/\/desteptati-va.ro\/#\/schema\/person\/13182deeebd44920914899f7bb262d6b"},"breadcrumb":{"@id":"https:\/\/desteptati-va.ro\/index.php\/2021\/04\/19\/dinescu-si-rivolutia\/#breadcrumb"},"inLanguage":"ro-RO","potentialAction":[{"@type":"ReadAction","target":["https:\/\/desteptati-va.ro\/index.php\/2021\/04\/19\/dinescu-si-rivolutia\/"]}]},{"@type":"ImageObject","inLanguage":"ro-RO","@id":"https:\/\/desteptati-va.ro\/index.php\/2021\/04\/19\/dinescu-si-rivolutia\/#primaryimage","url":"https:\/\/desteptati-va.ro\/wp-content\/uploads\/2021\/04\/index-2.jpg","contentUrl":"https:\/\/desteptati-va.ro\/wp-content\/uploads\/2021\/04\/index-2.jpg","width":268,"height":201},{"@type":"BreadcrumbList","@id":"https:\/\/desteptati-va.ro\/index.php\/2021\/04\/19\/dinescu-si-rivolutia\/#breadcrumb","itemListElement":[{"@type":"ListItem","position":1,"name":"Prima pagin\u0103","item":"https:\/\/desteptati-va.ro\/"},{"@type":"ListItem","position":2,"name":"Dinescu \u015fi Rivolu\u0163ia"}]},{"@type":"WebSite","@id":"https:\/\/desteptati-va.ro\/#website","url":"https:\/\/desteptati-va.ro\/","name":"","description":"","potentialAction":[{"@type":"SearchAction","target":{"@type":"EntryPoint","urlTemplate":"https:\/\/desteptati-va.ro\/?s={search_term_string}"},"query-input":{"@type":"PropertyValueSpecification","valueRequired":true,"valueName":"search_term_string"}}],"inLanguage":"ro-RO"},{"@type":"Person","@id":"https:\/\/desteptati-va.ro\/#\/schema\/person\/13182deeebd44920914899f7bb262d6b","name":"wolfsoftcompany","image":{"@type":"ImageObject","inLanguage":"ro-RO","@id":"https:\/\/desteptati-va.ro\/#\/schema\/person\/image\/","url":"https:\/\/secure.gravatar.com\/avatar\/a6cce9b6d101d27d91690e7073e300fed94c0899890bf998e082cb9d2c3d121e?s=96&d=mm&r=g","contentUrl":"https:\/\/secure.gravatar.com\/avatar\/a6cce9b6d101d27d91690e7073e300fed94c0899890bf998e082cb9d2c3d121e?s=96&d=mm&r=g","caption":"wolfsoftcompany"},"sameAs":["http:\/\/desteptati-va.ro"],"url":"https:\/\/desteptati-va.ro\/index.php\/author\/wolfsoftcompany\/"}]}},"_links":{"self":[{"href":"https:\/\/desteptati-va.ro\/index.php\/wp-json\/wp\/v2\/posts\/3912","targetHints":{"allow":["GET"]}}],"collection":[{"href":"https:\/\/desteptati-va.ro\/index.php\/wp-json\/wp\/v2\/posts"}],"about":[{"href":"https:\/\/desteptati-va.ro\/index.php\/wp-json\/wp\/v2\/types\/post"}],"author":[{"embeddable":true,"href":"https:\/\/desteptati-va.ro\/index.php\/wp-json\/wp\/v2\/users\/1"}],"replies":[{"embeddable":true,"href":"https:\/\/desteptati-va.ro\/index.php\/wp-json\/wp\/v2\/comments?post=3912"}],"version-history":[{"count":1,"href":"https:\/\/desteptati-va.ro\/index.php\/wp-json\/wp\/v2\/posts\/3912\/revisions"}],"predecessor-version":[{"id":3915,"href":"https:\/\/desteptati-va.ro\/index.php\/wp-json\/wp\/v2\/posts\/3912\/revisions\/3915"}],"wp:featuredmedia":[{"embeddable":true,"href":"https:\/\/desteptati-va.ro\/index.php\/wp-json\/wp\/v2\/media\/3914"}],"wp:attachment":[{"href":"https:\/\/desteptati-va.ro\/index.php\/wp-json\/wp\/v2\/media?parent=3912"}],"wp:term":[{"taxonomy":"category","embeddable":true,"href":"https:\/\/desteptati-va.ro\/index.php\/wp-json\/wp\/v2\/categories?post=3912"},{"taxonomy":"post_tag","embeddable":true,"href":"https:\/\/desteptati-va.ro\/index.php\/wp-json\/wp\/v2\/tags?post=3912"}],"curies":[{"name":"wp","href":"https:\/\/api.w.org\/{rel}","templated":true}]}}