{"id":3916,"date":"2021-04-19T08:17:01","date_gmt":"2021-04-19T08:17:01","guid":{"rendered":"http:\/\/desteptati.ro\/?p=3916"},"modified":"2022-01-31T09:24:34","modified_gmt":"2022-01-31T07:24:34","slug":"adevarata-tradare","status":"publish","type":"post","link":"https:\/\/desteptati-va.ro\/index.php\/2021\/04\/19\/adevarata-tradare\/","title":{"rendered":"Adev\u0103rata tr\u0103dare"},"content":{"rendered":"<div class=\"post-content\"><div class='booster-block booster-read-block'>\n                <div class=\"twp-read-time\">\n                \t<i class=\"booster-icon twp-clock\"><\/i> <span>Read Time:<\/span>3 Minute, 12 Second                <\/div>\n\n            <\/div><h3><strong>DECLARA\u0162IA DE LA BUDAPESTA<\/strong><\/h3>\n<h4 style=\"text-align: justify;\"><em>Ast\u0103zi, 16 iunie 1989, odat\u0103 cu celebrarea funeraliilor victimelor represiunii revolu\u0163iei maghiare din 1956, eveniment de o deosebit\u0103 importan\u0163\u0103 pentru popoarele Europei \u015fi, \u00een special, pentru cele care tr\u0103iesc \u00eenc\u0103 sub dictaturi comuniste, a avut loc o \u00eent\u00e2lnire \u00eentre membrii Forumului Democratic Maghiar \u015fi Rom\u00e2ni, semnatari ai urm\u0103toarei:<\/em><\/h4>\n<h3><strong>DECLARA\u0162II<\/strong><\/h3>\n<h4><em>Noi, romani si unguri, <\/em><\/h4>\n<h4 style=\"text-align: justify;\">Consideram ca libertatea si propasirea celor doua popoare pot fi realizate si garantate numai intr-un cadru politic pluralist de respectare integrala a drepturilor si libertatilor fundamentale ale omului. O actiune comuna a fortelor democratice maghiare si romane se impune pentru atingerea acestui scop. Regimurile comuniste si in special politica dusa de dictatura ceausista a creat o situatie de criza acuta care impiedica comunicarea dintre romani si maghiari. Dialogul inceput astazi intre noi doreste sa invinga aceste piedici si sa stabileasca bazele unor relatii normale intre cele doua natiuni care s-au format in acelasi spatiu geografic.<\/h4>\n<h4 style=\"text-align: justify;\">Data fiind configuratia hartii etnice, solutionarea conflictelor nu poate veni in nici un caz din revizuirea frontierelor, ci din schimbarea rolului lor in sensul liberei circulatii a persoanelor, a informatiei si a ideilor, in conformitate cu acordurile de la Helsinki. Situam deci imbunatatirea relatiilor romano-maghiare in perspectiva procesului de restructurare democratica general-europeana, <em>care singur va fi in stare sa rezolve problemele acumulate de-a lungul istoriei intre popoarele continentului intr-un mod care sa satisfaca interesele legitime ale fiecaruia in parte.<\/em><\/h4>\n<h4 style=\"text-align: justify;\"><em> Transilvania a fost si este un spatiu de complementaritate <\/em>si trebuie sa devina un model de pluralism cultural si religios. Este in folosul popoarelor noastre ca <em>diversitatea culturala, religioasa si de traditii care a facut specificul Transilvaniei sa fie prezervata.<\/em><\/h4>\n<h4 style=\"text-align: justify;\"><em> Dreptul la o reprezentare politica autonoma si la autonomie culturala a fiecarei natiuni trebuie garantat. Realizarea sa implica, printre altele, asigurarea unei scolaritati de toate gradele in limba maghiara, inclusiv reinfiintarea universitatii maghiare din Cluj. <\/em><\/h4>\n<h4 style=\"text-align: justify;\">Principiile enuntate mai sus vor sta la baza tuturor actiunilor comune pe care semnatarii inteleg sa le duca in viitor. Apelam la organizatiile democratice precum si la acele persoane care impartasesc aceste principii sa se alature acestei actiuni.<\/h4>\n<h4 style=\"text-align: justify;\">Budapesta, 16 iunie 1989<\/h4>\n<h4 style=\"text-align: justify;\">Semnatari:<\/h4>\n<h4 style=\"text-align: justify;\">Antal G. Laszlo, Antall Jozsef, Balogh Julia, Biro Gaspar, Csoori Sandor, Fur Lajos, Illzes Maria, Jeszensky Geza, Keszthelyi Gyula, Kodolanyi Gyula, Molnar Gusztav, Stelian Balanescu, din partea Cercului Roman din RFG, <em>Mihnea Berindei<\/em>, vicepresedinte al Ligii pentru Apararea Drepturilor Omului in Romania (LDHR), Ariadna Combes, vicepresedinte al LDHR, Mihai Korne, director al revistei \u201cLupta\u201d, Ion Vianu, reprezentant al Ligii pentru Apararea Drepturilor Omului in Romania din Elvetia, Dinu Zamfirescu, membru al Biroului LDHR, membru al Partidului National Liberal.<\/h4>\n<h4 style=\"text-align: justify;\">Ulterior si alte persoane si organizatii s-au alaturat acestei declaratii: Rockenbauer Zoltan si Vagvolgyi Andras, din partea Federatiei Tineretului Democrat (FIDESZ), Partidul Liber Democrat, Asociatia Maghiarilor din Transilvania, prin presedintele Kiss Bela si secretarul Spaller Arpad, intregul colectiv redactional al revistei \u201c2000\u2033, Bojtar Endre, seful sectiei pentru Europa rasariteana a Institutului de Istorie Literara, prof. Bela Kallman, Dan Alexe, Daniel Boc, Theodor Cazaban, Matei Cazacu, Antonia Constantinescu, Sofia Cesianu, Florica Dimitrescu, <em>Neagu Djuvara, Paul Goma, <\/em>Virgil Ierunca, Eugen Ionescu, Marie-France Ionescu, Monica Lovinescu, Bujor Nedelcovici, Adrian Niculescu, Alexandru Niculescu, Alain Paruit, Alex. Sincu, Sanda Stolojan, Vlad Stolojan, <em>Vladimir Tismaneanu<\/em>, Ileana Vrancea.<\/h4>\n<h4>Declaratia a mai fost semnata, ulterior, si de: George Barbul, Doru Braia, Dina Bratianu-Missirliu, Alexandru Missirliu, Ileana Verzea.<\/h4>\n<h4 style=\"text-align: justify;\"><strong><em>La o luna dupa difuzare, intr-o \u201cMarti, 4 iulie 1989, Majestatea Sa regele Mihai a primit la resedinta sa de langa Geneva o delegatie din grupul romanilor care au redactat la Budapesta o declaratie comuna impreuna cu Forumul Democratic Maghiar. Aceasta delegatie compusa din Dna Ariadna Combes, dr. Ion Vianu si Dinu Zamfirescu a inmanat Majestatii sale textul declaratiei de la Budapesta. Majestatea sa a aprobat intrutotul continutul declaratiei care exprima convingerile sale privind relatiile dintre popoarele roman si maghiar\u201d<\/em>.<\/strong><\/h4>\n<h4 style=\"text-align: justify;\"><em>Sursa: <a href=\"http:\/\/www.ziaristionline.ro\/2011\/06\/24\/regele-mihai-tismaneanu-goma-printre-semnatari-declaratiei-de-la-budapesta-pentru-autonomia-transilvaniei-document\/\" target=\"_blank\" rel=\"noopener\">http:\/\/www.ziaristionline.ro\/<\/a><\/em><\/h4>        <div class=\"booster-block booster-reactions-block\">\n            <div class=\"twp-reactions-icons\">\n                \n                <div class=\"twp-reacts-wrap\">\n                    <a react-data=\"be-react-1\" post-id=\"3916\" class=\"be-face-icons un-reacted\" href=\"javascript:void(0)\">\n                        <img decoding=\"async\" src=\"https:\/\/desteptati-va.ro\/wp-content\/plugins\/booster-extension\/\/assets\/icon\/happy.svg\" alt=\"Happy\">\n                    <\/a>\n                    <div class=\"twp-reaction-title\">\n                        Happy                    <\/div>\n                    <div class=\"twp-count-percent\">\n                                                    <span style=\"display: none;\" class=\"twp-react-count\">0<\/span>\n                        \n                                                <span class=\"twp-react-percent\"><span>0<\/span> %<\/span>\n                                            <\/div>\n                <\/div>\n\n                <div class=\"twp-reacts-wrap\">\n                    <a react-data=\"be-react-2\" post-id=\"3916\" class=\"be-face-icons un-reacted\" href=\"javascript:void(0)\">\n                        <img decoding=\"async\" src=\"https:\/\/desteptati-va.ro\/wp-content\/plugins\/booster-extension\/\/assets\/icon\/sad.svg\" alt=\"Sad\">\n                    <\/a>\n                    <div class=\"twp-reaction-title\">\n                        Sad                    <\/div>\n                    <div class=\"twp-count-percent\">\n                                                    <span style=\"display: none;\" class=\"twp-react-count\">0<\/span>\n                                                                        <span class=\"twp-react-percent\"><span>0<\/span> %<\/span>\n                                            <\/div>\n                <\/div>\n\n                <div class=\"twp-reacts-wrap\">\n                    <a react-data=\"be-react-3\" post-id=\"3916\" class=\"be-face-icons un-reacted\" href=\"javascript:void(0)\">\n                        <img decoding=\"async\" src=\"https:\/\/desteptati-va.ro\/wp-content\/plugins\/booster-extension\/\/assets\/icon\/excited.svg\" alt=\"Excited\">\n                    <\/a>\n                    <div class=\"twp-reaction-title\">\n                        Excited                    <\/div>\n                    <div class=\"twp-count-percent\">\n                                                    <span style=\"display: none;\" class=\"twp-react-count\">0<\/span>\n                                                                        <span class=\"twp-react-percent\"><span>0<\/span> %<\/span>\n                                            <\/div>\n                <\/div>\n\n                <div class=\"twp-reacts-wrap\">\n                    <a react-data=\"be-react-6\" post-id=\"3916\" class=\"be-face-icons un-reacted\" href=\"javascript:void(0)\">\n                        <img decoding=\"async\" src=\"https:\/\/desteptati-va.ro\/wp-content\/plugins\/booster-extension\/\/assets\/icon\/sleepy.svg\" alt=\"Sleepy\">\n                    <\/a>\n                    <div class=\"twp-reaction-title\">\n                        Sleepy                    <\/div>\n                    <div class=\"twp-count-percent\">\n                                                    <span style=\"display: none;\" class=\"twp-react-count\">0<\/span>\n                        \n                                                <span class=\"twp-react-percent\"><span>0<\/span> %<\/span>\n                                            <\/div>\n                <\/div>\n\n                <div class=\"twp-reacts-wrap\">\n                    <a react-data=\"be-react-4\" post-id=\"3916\" class=\"be-face-icons un-reacted\" href=\"javascript:void(0)\">\n                        <img decoding=\"async\" src=\"https:\/\/desteptati-va.ro\/wp-content\/plugins\/booster-extension\/\/assets\/icon\/angry.svg\" alt=\"Angry\">\n                    <\/a>\n                    <div class=\"twp-reaction-title\">Angry<\/div>\n                    <div class=\"twp-count-percent\">\n                                                    <span style=\"display: none;\" class=\"twp-react-count\">0<\/span>\n                                                                        <span class=\"twp-react-percent\"><span>0<\/span> %<\/span>\n                        \n                    <\/div>\n                <\/div>\n\n                <div class=\"twp-reacts-wrap\">\n                    <a react-data=\"be-react-5\" post-id=\"3916\" class=\"be-face-icons un-reacted\" href=\"javascript:void(0)\">\n                        <img decoding=\"async\" src=\"https:\/\/desteptati-va.ro\/wp-content\/plugins\/booster-extension\/\/assets\/icon\/surprise.svg\" alt=\"Surprise\">\n                    <\/a>\n                    <div class=\"twp-reaction-title\">Surprise<\/div>\n                    <div class=\"twp-count-percent\">\n                                                    <span style=\"display: none;\" class=\"twp-react-count\">0<\/span>\n                                                                        <span class=\"twp-react-percent\"><span>0<\/span> %<\/span>\n                                            <\/div>\n                <\/div>\n\n            <\/div>\n        <\/div>\n\n    <\/div>","protected":false},"excerpt":{"rendered":"<p>DECLARA\u0162IA DE LA BUDAPESTA Ast\u0103zi, 16 iunie 1989, odat\u0103 cu celebrarea funeraliilor victimelor represiunii revolu\u0163iei maghiare din 1956, eveniment de<a href=\"https:\/\/desteptati-va.ro\/index.php\/2021\/04\/19\/adevarata-tradare\/\">Read More<i class=\"fa fa-long-arrow-right\" aria-hidden=\"true\"><\/i><\/a><\/p>\n","protected":false},"author":1,"featured_media":4576,"comment_status":"open","ping_status":"open","sticky":false,"template":"","format":"standard","meta":{"_crdt_document":"","footnotes":""},"categories":[3,10],"tags":[1077,500,1167,1168,59,60,1169,1170,260,271,1171,313,179,1172,83],"class_list":["post-3916","post","type-post","status-publish","format-standard","has-post-thumbnail","hentry","category-decembrie-89","category-tradari-tradatori-si-altii","tag-1077","tag-autonomie","tag-budapasta","tag-declaratie","tag-desteptati","tag-desteptati-va","tag-iunie","tag-majestatea","tag-mihai","tag-rege","tag-regele","tag-regele-mihai","tag-romania","tag-sa","tag-tradare"],"rise-blocks_total_comments":2,"rise-blocks_categories":[{"term_id":10,"name":"Tradari, tradatori si altii","slug":"tradari-tradatori-si-altii","term_group":0,"term_taxonomy_id":10,"taxonomy":"category","description":"","parent":3,"count":12,"filter":"raw"}],"rise-blocks_excerpt":"DECLARA\u0162IA DE LA BUDAPESTA Ast\u0103zi, 16 iunie 1989, odat\u0103 cu celebrarea funeraliilor victimelor represiunii revolu\u0163iei maghiare din 1956, eveniment de o deosebit\u0103 importan\u0163\u0103 pentru popoarele Europei \u015fi, \u00een special, pentru cele care tr\u0103iesc \u00eenc\u0103 sub dictaturi comuniste, a avut loc o \u00eent\u00e2lnire \u00eentre membrii Forumului Democratic Maghiar \u015fi Rom\u00e2ni, semnatari ai urm\u0103toarei: DECLARA\u0162II Noi, romani si unguri, Consideram ca libertatea..","yoast_head":"<!-- This site is optimized with the Yoast SEO plugin v26.9 - https:\/\/yoast.com\/product\/yoast-seo-wordpress\/ -->\r\n<title>Adev\u0103rata tr\u0103dare -<\/title>\r\n<meta name=\"robots\" content=\"index, follow, max-snippet:-1, max-image-preview:large, max-video-preview:-1\" \/>\r\n<link rel=\"canonical\" href=\"https:\/\/desteptati-va.ro\/index.php\/2021\/04\/19\/adevarata-tradare\/\" \/>\r\n<meta property=\"og:locale\" content=\"ro_RO\" \/>\r\n<meta property=\"og:type\" content=\"article\" \/>\r\n<meta property=\"og:title\" content=\"Adev\u0103rata tr\u0103dare -\" \/>\r\n<meta property=\"og:description\" content=\"DECLARA\u0162IA DE LA BUDAPESTA Ast\u0103zi, 16 iunie 1989, odat\u0103 cu celebrarea funeraliilor victimelor represiunii revolu\u0163iei maghiare din 1956, eveniment deRead More\" \/>\r\n<meta property=\"og:url\" content=\"https:\/\/desteptati-va.ro\/index.php\/2021\/04\/19\/adevarata-tradare\/\" \/>\r\n<meta property=\"article:published_time\" content=\"2021-04-19T08:17:01+00:00\" \/>\r\n<meta property=\"article:modified_time\" content=\"2022-01-31T07:24:34+00:00\" \/>\r\n<meta property=\"og:image\" content=\"https:\/\/desteptati-va.ro\/wp-content\/uploads\/2021\/04\/DeclaratiaDeIndependenta-1.jpg\" \/>\r\n\t<meta property=\"og:image:width\" content=\"299\" \/>\r\n\t<meta property=\"og:image:height\" content=\"171\" \/>\r\n\t<meta property=\"og:image:type\" content=\"image\/jpeg\" \/>\r\n<meta name=\"author\" content=\"wolfsoftcompany\" \/>\r\n<meta name=\"twitter:card\" content=\"summary_large_image\" \/>\r\n<meta name=\"twitter:label1\" content=\"Scris de\" \/>\n\t<meta name=\"twitter:data1\" content=\"wolfsoftcompany\" \/>\n\t<meta name=\"twitter:label2\" content=\"Timp estimat pentru citire\" \/>\n\t<meta name=\"twitter:data2\" content=\"3 minute\" \/>\r\n<script type=\"application\/ld+json\" class=\"yoast-schema-graph\">{\"@context\":\"https:\/\/schema.org\",\"@graph\":[{\"@type\":\"Article\",\"@id\":\"https:\/\/desteptati-va.ro\/index.php\/2021\/04\/19\/adevarata-tradare\/#article\",\"isPartOf\":{\"@id\":\"https:\/\/desteptati-va.ro\/index.php\/2021\/04\/19\/adevarata-tradare\/\"},\"author\":{\"name\":\"wolfsoftcompany\",\"@id\":\"https:\/\/desteptati-va.ro\/#\/schema\/person\/13182deeebd44920914899f7bb262d6b\"},\"headline\":\"Adev\u0103rata tr\u0103dare\",\"datePublished\":\"2021-04-19T08:17:01+00:00\",\"dateModified\":\"2022-01-31T07:24:34+00:00\",\"mainEntityOfPage\":{\"@id\":\"https:\/\/desteptati-va.ro\/index.php\/2021\/04\/19\/adevarata-tradare\/\"},\"wordCount\":635,\"commentCount\":0,\"image\":{\"@id\":\"https:\/\/desteptati-va.ro\/index.php\/2021\/04\/19\/adevarata-tradare\/#primaryimage\"},\"thumbnailUrl\":\"https:\/\/desteptati-va.ro\/wp-content\/uploads\/2021\/04\/DeclaratiaDeIndependenta-1.jpg\",\"keywords\":[\"1989\",\"autonomie\",\"Budapasta\",\"declaratie\",\"desteptati\",\"desteptati-va\",\"iunie\",\"Majestatea\",\"Mihai\",\"rege\",\"regele\",\"Regele Mihai\",\"Romania\",\"Sa\",\"tradare\"],\"articleSection\":[\"Decembrie 89\",\"Tradari, tradatori si altii\"],\"inLanguage\":\"ro-RO\",\"potentialAction\":[{\"@type\":\"CommentAction\",\"name\":\"Comment\",\"target\":[\"https:\/\/desteptati-va.ro\/index.php\/2021\/04\/19\/adevarata-tradare\/#respond\"]}]},{\"@type\":\"WebPage\",\"@id\":\"https:\/\/desteptati-va.ro\/index.php\/2021\/04\/19\/adevarata-tradare\/\",\"url\":\"https:\/\/desteptati-va.ro\/index.php\/2021\/04\/19\/adevarata-tradare\/\",\"name\":\"Adev\u0103rata tr\u0103dare -\",\"isPartOf\":{\"@id\":\"https:\/\/desteptati-va.ro\/#website\"},\"primaryImageOfPage\":{\"@id\":\"https:\/\/desteptati-va.ro\/index.php\/2021\/04\/19\/adevarata-tradare\/#primaryimage\"},\"image\":{\"@id\":\"https:\/\/desteptati-va.ro\/index.php\/2021\/04\/19\/adevarata-tradare\/#primaryimage\"},\"thumbnailUrl\":\"https:\/\/desteptati-va.ro\/wp-content\/uploads\/2021\/04\/DeclaratiaDeIndependenta-1.jpg\",\"datePublished\":\"2021-04-19T08:17:01+00:00\",\"dateModified\":\"2022-01-31T07:24:34+00:00\",\"author\":{\"@id\":\"https:\/\/desteptati-va.ro\/#\/schema\/person\/13182deeebd44920914899f7bb262d6b\"},\"breadcrumb\":{\"@id\":\"https:\/\/desteptati-va.ro\/index.php\/2021\/04\/19\/adevarata-tradare\/#breadcrumb\"},\"inLanguage\":\"ro-RO\",\"potentialAction\":[{\"@type\":\"ReadAction\",\"target\":[\"https:\/\/desteptati-va.ro\/index.php\/2021\/04\/19\/adevarata-tradare\/\"]}]},{\"@type\":\"ImageObject\",\"inLanguage\":\"ro-RO\",\"@id\":\"https:\/\/desteptati-va.ro\/index.php\/2021\/04\/19\/adevarata-tradare\/#primaryimage\",\"url\":\"https:\/\/desteptati-va.ro\/wp-content\/uploads\/2021\/04\/DeclaratiaDeIndependenta-1.jpg\",\"contentUrl\":\"https:\/\/desteptati-va.ro\/wp-content\/uploads\/2021\/04\/DeclaratiaDeIndependenta-1.jpg\",\"width\":299,\"height\":171},{\"@type\":\"BreadcrumbList\",\"@id\":\"https:\/\/desteptati-va.ro\/index.php\/2021\/04\/19\/adevarata-tradare\/#breadcrumb\",\"itemListElement\":[{\"@type\":\"ListItem\",\"position\":1,\"name\":\"Prima pagin\u0103\",\"item\":\"https:\/\/desteptati-va.ro\/\"},{\"@type\":\"ListItem\",\"position\":2,\"name\":\"Adev\u0103rata tr\u0103dare\"}]},{\"@type\":\"WebSite\",\"@id\":\"https:\/\/desteptati-va.ro\/#website\",\"url\":\"https:\/\/desteptati-va.ro\/\",\"name\":\"\",\"description\":\"\",\"potentialAction\":[{\"@type\":\"SearchAction\",\"target\":{\"@type\":\"EntryPoint\",\"urlTemplate\":\"https:\/\/desteptati-va.ro\/?s={search_term_string}\"},\"query-input\":{\"@type\":\"PropertyValueSpecification\",\"valueRequired\":true,\"valueName\":\"search_term_string\"}}],\"inLanguage\":\"ro-RO\"},{\"@type\":\"Person\",\"@id\":\"https:\/\/desteptati-va.ro\/#\/schema\/person\/13182deeebd44920914899f7bb262d6b\",\"name\":\"wolfsoftcompany\",\"image\":{\"@type\":\"ImageObject\",\"inLanguage\":\"ro-RO\",\"@id\":\"https:\/\/desteptati-va.ro\/#\/schema\/person\/image\/\",\"url\":\"https:\/\/secure.gravatar.com\/avatar\/a6cce9b6d101d27d91690e7073e300fed94c0899890bf998e082cb9d2c3d121e?s=96&d=mm&r=g\",\"contentUrl\":\"https:\/\/secure.gravatar.com\/avatar\/a6cce9b6d101d27d91690e7073e300fed94c0899890bf998e082cb9d2c3d121e?s=96&d=mm&r=g\",\"caption\":\"wolfsoftcompany\"},\"sameAs\":[\"http:\/\/desteptati-va.ro\"],\"url\":\"https:\/\/desteptati-va.ro\/index.php\/author\/wolfsoftcompany\/\"}]}<\/script>\r\n<!-- \/ Yoast SEO plugin. -->","yoast_head_json":{"title":"Adev\u0103rata tr\u0103dare -","robots":{"index":"index","follow":"follow","max-snippet":"max-snippet:-1","max-image-preview":"max-image-preview:large","max-video-preview":"max-video-preview:-1"},"canonical":"https:\/\/desteptati-va.ro\/index.php\/2021\/04\/19\/adevarata-tradare\/","og_locale":"ro_RO","og_type":"article","og_title":"Adev\u0103rata tr\u0103dare -","og_description":"DECLARA\u0162IA DE LA BUDAPESTA Ast\u0103zi, 16 iunie 1989, odat\u0103 cu celebrarea funeraliilor victimelor represiunii revolu\u0163iei maghiare din 1956, eveniment deRead More","og_url":"https:\/\/desteptati-va.ro\/index.php\/2021\/04\/19\/adevarata-tradare\/","article_published_time":"2021-04-19T08:17:01+00:00","article_modified_time":"2022-01-31T07:24:34+00:00","og_image":[{"width":299,"height":171,"url":"https:\/\/desteptati-va.ro\/wp-content\/uploads\/2021\/04\/DeclaratiaDeIndependenta-1.jpg","type":"image\/jpeg"}],"author":"wolfsoftcompany","twitter_card":"summary_large_image","twitter_misc":{"Scris de":"wolfsoftcompany","Timp estimat pentru citire":"3 minute"},"schema":{"@context":"https:\/\/schema.org","@graph":[{"@type":"Article","@id":"https:\/\/desteptati-va.ro\/index.php\/2021\/04\/19\/adevarata-tradare\/#article","isPartOf":{"@id":"https:\/\/desteptati-va.ro\/index.php\/2021\/04\/19\/adevarata-tradare\/"},"author":{"name":"wolfsoftcompany","@id":"https:\/\/desteptati-va.ro\/#\/schema\/person\/13182deeebd44920914899f7bb262d6b"},"headline":"Adev\u0103rata tr\u0103dare","datePublished":"2021-04-19T08:17:01+00:00","dateModified":"2022-01-31T07:24:34+00:00","mainEntityOfPage":{"@id":"https:\/\/desteptati-va.ro\/index.php\/2021\/04\/19\/adevarata-tradare\/"},"wordCount":635,"commentCount":0,"image":{"@id":"https:\/\/desteptati-va.ro\/index.php\/2021\/04\/19\/adevarata-tradare\/#primaryimage"},"thumbnailUrl":"https:\/\/desteptati-va.ro\/wp-content\/uploads\/2021\/04\/DeclaratiaDeIndependenta-1.jpg","keywords":["1989","autonomie","Budapasta","declaratie","desteptati","desteptati-va","iunie","Majestatea","Mihai","rege","regele","Regele Mihai","Romania","Sa","tradare"],"articleSection":["Decembrie 89","Tradari, tradatori si altii"],"inLanguage":"ro-RO","potentialAction":[{"@type":"CommentAction","name":"Comment","target":["https:\/\/desteptati-va.ro\/index.php\/2021\/04\/19\/adevarata-tradare\/#respond"]}]},{"@type":"WebPage","@id":"https:\/\/desteptati-va.ro\/index.php\/2021\/04\/19\/adevarata-tradare\/","url":"https:\/\/desteptati-va.ro\/index.php\/2021\/04\/19\/adevarata-tradare\/","name":"Adev\u0103rata tr\u0103dare -","isPartOf":{"@id":"https:\/\/desteptati-va.ro\/#website"},"primaryImageOfPage":{"@id":"https:\/\/desteptati-va.ro\/index.php\/2021\/04\/19\/adevarata-tradare\/#primaryimage"},"image":{"@id":"https:\/\/desteptati-va.ro\/index.php\/2021\/04\/19\/adevarata-tradare\/#primaryimage"},"thumbnailUrl":"https:\/\/desteptati-va.ro\/wp-content\/uploads\/2021\/04\/DeclaratiaDeIndependenta-1.jpg","datePublished":"2021-04-19T08:17:01+00:00","dateModified":"2022-01-31T07:24:34+00:00","author":{"@id":"https:\/\/desteptati-va.ro\/#\/schema\/person\/13182deeebd44920914899f7bb262d6b"},"breadcrumb":{"@id":"https:\/\/desteptati-va.ro\/index.php\/2021\/04\/19\/adevarata-tradare\/#breadcrumb"},"inLanguage":"ro-RO","potentialAction":[{"@type":"ReadAction","target":["https:\/\/desteptati-va.ro\/index.php\/2021\/04\/19\/adevarata-tradare\/"]}]},{"@type":"ImageObject","inLanguage":"ro-RO","@id":"https:\/\/desteptati-va.ro\/index.php\/2021\/04\/19\/adevarata-tradare\/#primaryimage","url":"https:\/\/desteptati-va.ro\/wp-content\/uploads\/2021\/04\/DeclaratiaDeIndependenta-1.jpg","contentUrl":"https:\/\/desteptati-va.ro\/wp-content\/uploads\/2021\/04\/DeclaratiaDeIndependenta-1.jpg","width":299,"height":171},{"@type":"BreadcrumbList","@id":"https:\/\/desteptati-va.ro\/index.php\/2021\/04\/19\/adevarata-tradare\/#breadcrumb","itemListElement":[{"@type":"ListItem","position":1,"name":"Prima pagin\u0103","item":"https:\/\/desteptati-va.ro\/"},{"@type":"ListItem","position":2,"name":"Adev\u0103rata tr\u0103dare"}]},{"@type":"WebSite","@id":"https:\/\/desteptati-va.ro\/#website","url":"https:\/\/desteptati-va.ro\/","name":"","description":"","potentialAction":[{"@type":"SearchAction","target":{"@type":"EntryPoint","urlTemplate":"https:\/\/desteptati-va.ro\/?s={search_term_string}"},"query-input":{"@type":"PropertyValueSpecification","valueRequired":true,"valueName":"search_term_string"}}],"inLanguage":"ro-RO"},{"@type":"Person","@id":"https:\/\/desteptati-va.ro\/#\/schema\/person\/13182deeebd44920914899f7bb262d6b","name":"wolfsoftcompany","image":{"@type":"ImageObject","inLanguage":"ro-RO","@id":"https:\/\/desteptati-va.ro\/#\/schema\/person\/image\/","url":"https:\/\/secure.gravatar.com\/avatar\/a6cce9b6d101d27d91690e7073e300fed94c0899890bf998e082cb9d2c3d121e?s=96&d=mm&r=g","contentUrl":"https:\/\/secure.gravatar.com\/avatar\/a6cce9b6d101d27d91690e7073e300fed94c0899890bf998e082cb9d2c3d121e?s=96&d=mm&r=g","caption":"wolfsoftcompany"},"sameAs":["http:\/\/desteptati-va.ro"],"url":"https:\/\/desteptati-va.ro\/index.php\/author\/wolfsoftcompany\/"}]}},"_links":{"self":[{"href":"https:\/\/desteptati-va.ro\/index.php\/wp-json\/wp\/v2\/posts\/3916","targetHints":{"allow":["GET"]}}],"collection":[{"href":"https:\/\/desteptati-va.ro\/index.php\/wp-json\/wp\/v2\/posts"}],"about":[{"href":"https:\/\/desteptati-va.ro\/index.php\/wp-json\/wp\/v2\/types\/post"}],"author":[{"embeddable":true,"href":"https:\/\/desteptati-va.ro\/index.php\/wp-json\/wp\/v2\/users\/1"}],"replies":[{"embeddable":true,"href":"https:\/\/desteptati-va.ro\/index.php\/wp-json\/wp\/v2\/comments?post=3916"}],"version-history":[{"count":1,"href":"https:\/\/desteptati-va.ro\/index.php\/wp-json\/wp\/v2\/posts\/3916\/revisions"}],"predecessor-version":[{"id":3918,"href":"https:\/\/desteptati-va.ro\/index.php\/wp-json\/wp\/v2\/posts\/3916\/revisions\/3918"}],"wp:featuredmedia":[{"embeddable":true,"href":"https:\/\/desteptati-va.ro\/index.php\/wp-json\/wp\/v2\/media\/4576"}],"wp:attachment":[{"href":"https:\/\/desteptati-va.ro\/index.php\/wp-json\/wp\/v2\/media?parent=3916"}],"wp:term":[{"taxonomy":"category","embeddable":true,"href":"https:\/\/desteptati-va.ro\/index.php\/wp-json\/wp\/v2\/categories?post=3916"},{"taxonomy":"post_tag","embeddable":true,"href":"https:\/\/desteptati-va.ro\/index.php\/wp-json\/wp\/v2\/tags?post=3916"}],"curies":[{"name":"wp","href":"https:\/\/api.w.org\/{rel}","templated":true}]}}