{"id":3919,"date":"2021-04-19T08:19:06","date_gmt":"2021-04-19T08:19:06","guid":{"rendered":"http:\/\/desteptati.ro\/?p=3919"},"modified":"2021-04-19T08:19:06","modified_gmt":"2021-04-19T08:19:06","slug":"o-viata-in-minciuna-horia-roman-patapievici","status":"publish","type":"post","link":"https:\/\/desteptati-va.ro\/index.php\/2021\/04\/19\/o-viata-in-minciuna-horia-roman-patapievici\/","title":{"rendered":"O via\u0163\u0103 \u00een minciun\u0103 &#8211; Horia Roman Patapievici"},"content":{"rendered":"<div class=\"post-content\"><div class='booster-block booster-read-block'>\n                <div class=\"twp-read-time\">\n                \t<i class=\"booster-icon twp-clock\"><\/i> <span>Read Time:<\/span>21 Minute, 1 Second                <\/div>\n\n            <\/div><h4>Despre Horia-Roman Patapievici s-a afirmat, mai mult sau mai pu\u0163in explicit, c\u0103 ar avea niscaiva leg\u0103turi cu afacerile secrete ale unor servicii str\u0103ine, ca activ \u015fi totodat\u0103 nociv agent de influen\u0163\u0103.<\/h4>\r\n<h3 style=\"text-align: justify;\"><strong>O tradi\u0163ie a tr\u0103d\u0103rii<\/strong><\/h3>\r\n<h4 style=\"text-align: justify;\">Avem, din p\u0103cate, \u015fi o tradi\u0163ie a tr\u0103d\u0103rii, prin care unii s-au definit dintotdeauna. Este \u015fi cazul familiei Patapievici, Dionis \u015fi Odarca Patapievici, un cuplu informativ creat de NKVD la \u00eenceputul anilor &#8217;40 \u00een Cern\u0103u\u0163i \u015fi infiltrat apoi \u00een Sec\u0163ia Gestapo-ului din Viena, de unde, \u00een 1947-1948, a avut loc mar\u015frutizarea \u00een Rom\u00e2nia.<\/h4>\r\n<h4 style=\"text-align: justify;\">Nu am fi adus \u00een aten\u0163ie acest caz dac\u0103 nu am fi fost martorii unui eveniment notabil pentru lumea informa\u0163iilor secrete. Protestul, cu voie de la Serviciul Federal de Informa\u0163ii german (BND), al scriitoarei Herta M\u00fcller, fa\u0163\u0103 de protec\u0163ia pe care pre\u015fedintele Institutului Cultural Rom\u00e2n, Horia-Roman Patapievici, o acord\u0103 mai multor fo\u015fti \u015fi actuali agen\u0163i secre\u0163i ai Securit\u0103\u0163ii \u015fi ai altor servicii secrete &#8211; de aici sau de aiurea.<\/h4>\r\n<h3 style=\"text-align: justify;\"><strong>Furia Hertei M\u00fcller<\/strong><\/h3>\r\n<h4 style=\"text-align: justify;\">De ce apare Herta M\u00fcller \u00een disputa agen\u0163ilor secre\u0163i proteja\u0163i de Horia-Roman Patapievici? De ce o campanie ampl\u0103 anti-Patapievici \u00een media extern\u0103 de mare tiraj \u015fi circula\u0163ie, vizibil supervizat\u0103 de anumite servicii secrete str\u0103ine? R\u0103spunsul cel mai la \u00eendem\u00e2n\u0103 este acela c\u0103 scriitoarea disident\u0103, protejat\u0103 a BND, p\u00e2n\u0103 \u015fi dup\u0103 plecarea din Rom\u00e2nia, nu \u015fi-a mai putut re\u0163ine indignarea fa\u0163\u0103 de nerecuno\u015ftin\u0163a \u015fi lipsa de loialitate, adic\u0103 tr\u0103darea la care &#8222;noul caporal&#8221; s-a pretat, \u00een cea mai bun\u0103 tradi\u0163ie a familiei.<\/h4>\r\n<h4 style=\"text-align: justify;\"><\/h4>\r\n<figure id=\"attachment_2135\" aria-describedby=\"caption-attachment-2135\" style=\"width: 401px\" class=\"wp-caption aligncenter\"><a href=\"http:\/\/www.desteptati-va.ro\/wp-content\/uploads\/2011\/06\/mueller_726reuters090110.jpg\"><img loading=\"lazy\" decoding=\"async\" class=\" wp-image-2135\" title=\"Herta Muller\" src=\"http:\/\/www.desteptati-va.ro\/wp-content\/uploads\/2011\/06\/mueller_726reuters090110-300x193.jpg\" alt=\"Herta Muller\" width=\"401\" height=\"258\" \/><\/a><figcaption id=\"caption-attachment-2135\" class=\"wp-caption-text\">Herta Muller<\/figcaption><\/figure>\r\n<h3 style=\"text-align: justify;\"><strong>Traseul lui HRP<\/strong><\/h3>\r\n<h4 style=\"text-align: justify;\">\u00cen anii 1993-1995, Horia Roman Patapievici a fost dirijat de noii s\u0103i protectori s\u0103 \u00eentre\u0163in\u0103 leg\u0103turi, informative, printre r\u0103m\u0103\u015fi\u0163ele emigra\u0163iei legionare din Fran\u0163a \u015fi R.F. Germania, unde se afla ca bursier. Ca ultimi reprezentan\u0163i ai Rom\u00e2niei autentice, membrii exilului rom\u00e2nesc trebuiau studia\u0163i \u015fi anihila\u0163i, la fel ca, \u00een \u0163ar\u0103, fo\u015ftii de\u0163inu\u0163i politici, singurele foruri morale rom\u00e2ne\u015fti din \u0163ar\u0103, respectiv din afara \u0163\u0103rii. Locul lor trebuia ocupat de fal\u015fi disiden\u0163i anticomuni\u015fti, ceea ce s-a \u015fi \u00eent\u00e2mplat. Ca atare, diver\u015fi trepadusi au fost direc\u0163iona\u0163i c\u0103tre emigra\u0163ia anticomunist\u0103 legionar\u0103. Patapievici junior, printre ei. Astfel a fost luat automat \u00een studiu, documentare \u015fi cultivare de &#8222;institu\u0163iile culturale&#8221; ale Oficiului Federal pentru Ap\u0103rarea Constitu\u0163iei (n.n. &#8211; omologul Serviciului Rom\u00e2n de Informa\u0163ii). Contactele \u015fi, mai ales, contact\u0103rile pe care le-a avut \u00een Germania l-au f\u0103cut s\u0103 ajung\u0103, la \u00eentoarcerea in \u0163ar\u0103, nici mai mult, nici mai putin dec\u00e2t director al &#8222;Centrului de Studii Germane&#8221; al Facult\u0103\u0163ii de Filosofie de la Universitatea Bucure\u015fti.<\/h4>\r\n<h3 style=\"text-align: justify;\"><strong>Rolul &#8222;C\u0103pitanului Soare&#8221;<\/strong><\/h3>\r\n<h4 style=\"text-align: justify;\">Pe acest fond, s-a creat \u00eemprejurarea scandalului &#8222;c\u0103pitanului Soare&#8221;. Un superior de-al &#8222;c\u0103pitanului Soare&#8221;, care a supervizat opera\u0163iunea, nu a ezitat s\u0103-l dea \u00een primire pe ofi\u0163erul SRI trimis pentru o banal\u0103 cercetare \u015fi s\u0103 se foloseasc\u0103 de acest prilej pentru a-l lansa pe Patapievici pe orbita-i deja desenat\u0103. Scandalul mediatic brodat sub pretextul inabilit\u0103\u0163ii &#8222;capitanului Soare&#8221; avea s\u0103-l scoat\u0103 pe Horia Roman Patapievici din anonimat, propuls\u00e2ndu-l \u00een aten\u0163ia opiniei publice. Platforma \u015fi notorietatea pe care Virgil M\u0103gureanu i-a creat-o, prin orchestrarea scandalului mediatic, sunt interpretate de cunosc\u0103torii intimi ai resorturilor ascunse ale gestului lui &#8222;dom&#8217; Profesor&#8221;, drept &#8222;o recompens\u0103 pentru marile merite ce nu pot fi specificate&#8221;, pe care Dionis Patapievici, tat\u0103l lui Horia-Roman, le-a adus, \u00een secret, NKVD, Gestapo-ului \u015fi altor servicii, iar oficial Comandamentului Militar din Austria al Armatei Ro\u015fii. Dar nu numai acestora.<\/h4>\r\n<h4 style=\"text-align: justify;\"><\/h4>\r\n<figure id=\"attachment_2136\" aria-describedby=\"caption-attachment-2136\" style=\"width: 300px\" class=\"wp-caption aligncenter\"><a href=\"http:\/\/www.desteptati-va.ro\/wp-content\/uploads\/2011\/06\/magureanu.jpg\"><img loading=\"lazy\" decoding=\"async\" class=\"size-full wp-image-2136\" title=\"Virgil Magureanu\" src=\"http:\/\/www.desteptati-va.ro\/wp-content\/uploads\/2011\/06\/magureanu.jpg\" alt=\"Virgil Magureanu\" width=\"300\" height=\"300\" \/><\/a><figcaption id=\"caption-attachment-2136\" class=\"wp-caption-text\">Virgil Magureanu<\/figcaption><\/figure>\r\n<h4 style=\"text-align: justify;\">&#8222;Fiul lupului&#8221;, cum l-au numit jurnali\u015ftii O. Zar\u0103 \u015fi C\u0103t\u0103lin Antohe pe H.R. Patapievici, avea nevoie de crearea \u00eemprejur\u0103rilor care s\u0103-i permit\u0103 preluarea \u015fi continuarea tradi\u0163iei familiei, a serviciilor ce nu pot fi specificate, \u00eencepute de bunicul \u015fi tat\u0103l s\u0103u, \u00een favoarea &#8222;mamei Rusia&#8221;, a M\u0103re\u0163iei Sovietelor \u015fi \u00eempotriva fiin\u0163ei na\u0163ional-statale a Rom\u00e2niei.<\/h4>\r\n<h3 style=\"text-align: justify;\"><strong>Hop \u015fi Virgil M\u0103gureanu<\/strong><\/h3>\r\n<h4 style=\"text-align: justify;\">Cu abilitatea-i caracteristic\u0103, Virgil M\u0103gureanu l-a ajutat cu prisosin\u0163\u0103, exploat\u00e2nd un fapt profesional banal, o investiga\u0163ie comun\u0103 a &#8222;c\u0103pitanului Soare&#8221;, pe care presa \u00eensetat\u0103 de s\u00e2ngele serviciilor secrete a supradimensionat-o, cre\u00e2nd un fals persecutat, chipurile pentru atitudinea sa &#8222;anti-Iliescu&#8221;. De notorietate era, deja, c\u0103 \u015fi directorul SRI, Virgil M\u0103gureanu, devenise un &#8222;anti-Iliescu&#8221;, c\u0103ruia \u00eei c\u0103uta \u00eenlocuitori. Ceea ce-i poate justifica gestul de &#8222;a scoate la ramp\u0103&#8221; \u00eenc\u0103 un opozant cu oarecare lustru, adoptat de fr\u0103\u0163ia &#8222;Humanitas&#8221;, chiar dac\u0103 acesta, pe fond, avea ce avea cu Rom\u00e2nia, nu cu Iliescu \u00een special.<\/h4>\r\n<h4 style=\"text-align: justify;\"><\/h4>\r\n<figure id=\"attachment_2137\" aria-describedby=\"caption-attachment-2137\" style=\"width: 300px\" class=\"wp-caption aligncenter\"><a href=\"http:\/\/www.desteptati-va.ro\/wp-content\/uploads\/2011\/06\/generalul-victor-marcu.jpg\"><img loading=\"lazy\" decoding=\"async\" class=\"size-medium wp-image-2137\" title=\"Generalul Victor Marcu\" src=\"http:\/\/www.desteptati-va.ro\/wp-content\/uploads\/2011\/06\/generalul-victor-marcu-300x298.jpg\" alt=\"Generalul Victor Marcu\" width=\"300\" height=\"298\" \/><\/a><figcaption id=\"caption-attachment-2137\" class=\"wp-caption-text\">Generalul Victor Marcu<\/figcaption><\/figure>\r\n<h4 style=\"text-align: justify;\">Nu este lipsit de interes, \u00een acest context, dup\u0103 cum men\u0163iona fostul s\u0103u prim-adjunct, generalul Victor Marcu, \u00een raportul adresat fostului pre\u015fedinte al Rom\u00e2niei, Ion Iliescu, c\u0103 V. M\u0103gureanu i-a ascuns pre\u015fedintelui datele reale ale scandalului &#8222;Soare-Patapievici&#8221;, adev\u0103rul fiindu-i adus la cuno\u015ftin\u0163\u0103 de generalul Marcu, la solicitarea lui Iliescu, de fa\u0163\u0103 fiind \u015fi consilierul preziden\u0163ial pentru securitate, care \u015ftie mult mai multe dec\u00e2t vrea s\u0103 spun\u0103.<\/h4>\r\n<h4 style=\"text-align: justify;\">Ascensiunea ulterioar\u0103, de rang ministerial, a lui H.R.P. \u00een Colegiul Consiliului Na\u0163ional pentru Studierea Arhivelor Securit\u0103\u0163ii, examinat\u0103 de speciali\u015fti \u00een &#8222;intelligence&#8221;, apare ca o reu\u015fit\u0103 infiltrare a unei c\u00e2rti\u0163e \u00eentr-o institu\u0163ie \u00een care miza dosarelor Securit\u0103\u0163ii, referitoare la agen\u0163ii \u015fi ac\u0163iunile serviciilor str\u0103ine, a mobilizat ample resurse din partea acestora din urm\u0103.<\/h4>\r\n<h3 style=\"text-align: justify;\"><strong>Cine \u015fi cum a p\u0103zit documentele la CNSAS<\/strong><\/h3>\r\n<h4 style=\"text-align: justify;\">Patapievici junior nu a mo\u015ftenit, \u00eens\u0103, calit\u0103\u0163ile intrinseci pe care ascenden\u0163ii s\u0103i le-au avut pentru opera\u0163iuni speciale sub acoperire. El, \u00eempreun\u0103 cu al\u0163i camarazi au fost &#8222;prin\u015fi cu m\u00e2\u0163a \u00een sac&#8221;, adic\u0103 execut\u00e2nd tematici de scotocire \u015fi extragere de informa\u0163ii \u015fi documente din arhivele Securit\u0103\u0163ii, solicitate de servicii str\u0103ine interesate \u00een recuperarea memoriei ac\u0163iunilor lor trecute \u00een Rom\u00e2nia, dar \u015fi \u00een proiectarea altora. Este cunoscut c\u0103, \u00een misiunea sa de la CNSAS, s-a aflat \u015fi acoperirea, sau mai precis reconspirarea agen\u0163ilor dubli \u015fi a informatorilor din r\u00e2ndul &#8222;societ\u0103\u0163ii civile&#8221; creat\u0103 de serviciile sovietice pentru a ocupa terenul public dup\u0103 lovitura de stat din 1989. Inabilitatea sa l-a f\u0103cut de altfel s\u0103 \u015fi recunoasc\u0103 faptul c\u0103 a avut cuno\u015ftin\u0163\u0103 de cazul agentului-informator Antohi (\u015fi nu numai a lui), fapt\u0103 ce are consecin\u0163e penale.<\/h4>\r\n<h4 style=\"text-align: justify;\">Pedeapsa pentru fapta sa ignobil\u0103 a fost &#8222;o rotire&#8221;, respectiv promovarea ca pre\u015fedinte al Institutului Cultural Rom\u00e2n, o \u00eenalt\u0103 demnitate ce i-a venit &#8222;m\u0103nu\u015f\u0103&#8221; individului chitit pe continuarea lucr\u0103rilor antina\u0163ionale ale \u00eenainta\u015filor s\u0103i kominterni\u015fti, care au distrus programatic intelectualitatea \u015fi valorile de identitate ale culturii \u015fi spiritualit\u0103\u0163ii rom\u00e2ne\u015fti din toate timpurile.<\/h4>\r\n<h4 style=\"text-align: justify;\">Ascensiunea lui H.-R. Patapievici, de la un m\u0103runt ziarist la un a\u015fa-zis protejat \u015fi om de-al pre\u015fedintelui Traian B\u0103sescu, are toate dimensiunile unei &#8222;afaceri de familie&#8221;, de s\u00e2nge, \u015fi devoaleaz\u0103 \u00eentreaga re\u0163ea, \u00eentins\u0103 ca o p\u00e2nz\u0103 de p\u0103ianjen asupra Rom\u00e2niei.<\/h4>\r\n<h3 style=\"text-align: justify;\"><strong>O secven\u0163\u0103 biografic\u0103, mare c\u00e2t o biografie<\/strong><\/h3>\r\n<h4 style=\"text-align: justify;\">Conform biografiei oficiale roman\u0163ate, t\u00e2n\u0103rul Patapievici a fost descoperit \u015fi apreciat de Virgil Ierunca si Monica Lovinescu, pe c\u00e2nd scria la s\u0103pt\u0103m\u00e2nalul Uniunii Scriitorilor a lui Mircea Dinescu, &#8222;Contrapunct&#8221;, fiind prezentat de Vladimir Tismaneanu<\/h4>\r\n<h4 style=\"text-align: justify;\"><\/h4>\r\n<figure id=\"attachment_2138\" aria-describedby=\"caption-attachment-2138\" style=\"width: 396px\" class=\"wp-caption aligncenter\"><a href=\"http:\/\/www.desteptati-va.ro\/wp-content\/uploads\/2011\/06\/160118-vladimir_tismaneanu.jpg\"><img loading=\"lazy\" decoding=\"async\" class=\" wp-image-2138\" title=\" Vladimir Tismaneanu\" src=\"http:\/\/www.desteptati-va.ro\/wp-content\/uploads\/2011\/06\/160118-vladimir_tismaneanu-300x201.jpg\" alt=\" Vladimir Tismaneanu\" width=\"396\" height=\"265\" \/><\/a><figcaption id=\"caption-attachment-2138\" class=\"wp-caption-text\">Vladimir Tismaneanu<\/figcaption><\/figure>\r\n<h4 style=\"text-align: justify;\">Vladimir Tism\u0103neanu l-a prezentat celor dou\u0103 &#8222;voci&#8221; ale Europei Libere drept &#8222;regalist&#8221;, Patapievici alege &#8211; cu profesionalism, am putea spune &#8211; o alt\u0103 biografie, care d\u0103 bine: fiu de de\u0163inut politic.<\/h4>\r\n<h4 style=\"text-align: justify;\">Peste ani, Patapievici \u00ee\u015fi mai aminte\u015fte ni\u015fte detalii, \u00eentr-un editorial din &#8222;Evenimentul Zilei&#8221;: &#8222;Tat\u0103l meu a fost un refugiat din Cern\u0103u\u0163i&#8221;. Fugea de sovietici, explica Patapievici, \u00eempreun\u0103 cu un v\u0103r, din familia bunicii sale, Rozalia Smercianski. A ales Polonia, mai spune fiul, pentru c\u0103 \u015ftia c\u0103 Rom\u00e2nia va fi \u015fi ea invadat\u0103. Patapievici junior ne d\u0103 de \u00een\u0163eles c\u0103 este vorba de invadarea Bucovinei de nord de c\u0103tre trupele Armatei Ro\u015fii, \u00een urma ultimatumului din 1940. Experien\u0163a aceasta groaznic\u0103, dublat\u0103 de anii de \u00eenchisoare politic\u0103 se pare c\u0103 l-au afectat teribil pe Patapievici senior: &#8222;Toat\u0103 via\u0163a lui, tata a r\u0103mas \u00eengrozit de ru\u015fi&#8221;, spune fiul. A fost at\u00e2t de oripilat \u00eenc\u00e2t a refuzat s\u0103 mearg\u0103 \u00eentr-o vizit\u0103 la CAER, mai spune &#8222;fiul lupului paznic la oi&#8221;.<\/h4>\r\n<h4 style=\"text-align: justify;\">Adev\u0103rul este \u00eens\u0103 cu totul altul. Oric\u00e2t de ciudat ar p\u0103rea, omul care ast\u0103zi conduce Institutul Cultural Rom\u00e2n, membru al Comisiei Tism\u0103neanu pentru condamnarea regimului comunist, membru al Colegiului Noua Europ\u0103 condus de Andrei Ple\u015fu, al GDS, SAR, USR, Pen Club etc., considerat de o \u00eenalt\u0103 moral\u0103, este un mincinos profesionist. Pentru c\u0103, \u00een realitate, tat\u0103l s\u0103u nu a fost nici refugiat din calea trupelor sovietice, nici fost de\u0163inut politic al vreunui regim comunist. Ci un agent patentat al NKVD, care a beneficiat de avantaje necinstite toat\u0103 via\u0163a sa. Pentru a nu r\u0103m\u00e2ne doar pe t\u0103r\u00e2mul afirma\u0163iilor, \u00een cele ce urmeaz\u0103 vom prezenta c\u00e2teva dintre reperele opera\u0163iunii de infiltrare-exfiltrare \u015fi valorificare a agentului Dionis Patapievici, realizat\u0103, \u00een principal, de serviciile secrete sovietice.<\/h4>\r\n<h4 style=\"text-align: justify;\">Spunem \u00een principal de cele sovietice fiindc\u0103, ulterior, \u00een opera\u0163iune s-au interpus \u015fi integrat \u015fi alte servicii de spionaj, \u00eendeosebi pentru perioada \u00een care Dionis Patapievici a ac\u0163ionat \u00een Rom\u00e2nia, sub acoperirea de \u00eenalt func\u0163ionar \u00een aparatul central al B\u0103ncii Na\u0163ionale.<\/h4>\r\n<h4 style=\"text-align: justify;\">&#8222;Lead&#8221;-ul informa\u0163iilor c\u00e2ndva secrete (au trecut cei 40 de ani!), sec exprimat, conchide: &#8222;Dionis Patapievici a fost exfiltrat din Austria, \u00een anul l948, pentru a fi reinfiltrat \u00een centrala B\u0103ncii Na\u0163ionale a Rom\u00e2niei&#8221;.<\/h4>\r\n<h3 style=\"text-align: justify;\"><strong>Dionisie Patapievici<\/strong><\/h3>\r\n<h4 style=\"text-align: justify;\">Ca \u00een orice istorie de spionaj cu agen\u0163i acoperi\u0163i, numele, na\u0163ionalitatea \u015fi cet\u0103\u0163enia acestora sunt \u00eenv\u0103luite \u00een nebuloasele actelor de stare civil\u0103, confec\u0163ionate pentru sus\u0163inerea legendelor prin care le este atribuit\u0103 o nou\u0103 identitate.<\/h4>\r\n<h4 style=\"text-align: justify;\">Astfel, Patapievici senior apare c\u00e2nd Patapievici Dionisie sau Dionis, c\u00e2nd Patapiewicz Denys, c\u00e2nd Patapicovici. Na\u0163ionalitatea este incert\u0103. Cea declarat\u0103 era cea polon\u0103, al\u0163ii spun c\u0103 ucrainean\u0103, \u015fi-i credem, dac\u0103 \u00een familiile ucrainene din Basarabia copiii deveneau poliglo\u0163i, \u00eenv\u0103\u0163\u00e2nd patru limbi str\u0103ine, cu oarece greut\u0103\u0163i vorbind doar una, cea rom\u00e2n\u0103. Diferen\u0163ele si inexactit\u0103\u0163ile de nume sunt foarte importante \u00een materie de acte de stare civil\u0103, fiind premeditat introduse \u00een documente, at\u00e2t pentru facilitarea acoperirii , c\u00e2t \u015fi \u00een vederea derutei \u015fi a \u00eengreun\u0103rii identific\u0103rii certe a agen\u0163ilor ilegali.<\/h4>\r\n<h4 style=\"text-align: justify;\">Din l948 \u015fi p\u00e2n\u0103 \u00een l961, timp \u00een care consilierii sovietici controlau toate mi\u015fc\u0103rile \u015fi ac\u0163iunile Administra\u0163iei, Armatei, Internelor \u015fi Securit\u0103\u0163ii, cazul Dionis Patapievici, criptonim &#8222;D. P\u0103tra\u015fcu&#8221;, fost membru al Gestapo-ului \u015fi suspect de spionaj economic, nu a existat.<\/h4>\r\n<h4 style=\"text-align: justify;\">Odat\u0103 cu declinul controlului consilierilor sovietici, D.P. devine subiectul unei ac\u0163iuni contrainformative, cu un dublu scop: clarificarea trecutului s\u0103u \u00een Sec\u0163ia Gestapo-ului din Viena (dac\u0103 nu era cumva un urm\u0103rit interna\u0163ional cu identitate fals\u0103) \u015fi a unor suspiciuni de spionaj \u015fi sabotaj economic (\u00een Banca Na\u0163ional\u0103 au fost \u015fi victime politice, care au avut de suferit pe nedrept, fiindu-le atribuite vinov\u0103\u0163ii grave ale altora).<\/h4>\r\n<h4 style=\"text-align: justify;\">Cariera \u00een diversiune \u015fi spionaj a lui D.P. a \u00eenceput la Cern\u0103u\u0163i, \u00een anii liceului, c\u00e2nd a fost remarcat de profesorii rom\u00e2ni ca &#8222;agent al provoc\u0103rilor bol\u015fevice, al c\u0103rui loc este dincolo de Nistru&#8221;.<\/h4>\r\n<h4 style=\"text-align: justify;\">\u00centr-o biografie, aflat\u0103 \u00een Arhiva Cadrelor fostei B\u0103nci de Stat a Republicii Populare Rom\u00e2ne, Dionis P. men\u0163ioneaz\u0103 c\u0103 a fost &#8222;suspectat \u015fi persecutat de organele statului fascist (n.n. rom\u00e2n) pentru comportarea avut\u0103 sub regimul sovietic&#8221;, fiind nevoit s\u0103 se refugieze, \u00een 1941, \u00een Polonia (n.n. \u00een Gali\u0163ia, regiune a Poloniei alipit\u0103 Ucrainei, deci \u00een URSS). A\u015fadar, nesuport\u00e2nd regimul rom\u00e2nesc antisovietic, a fugit din Basarabia \u00een URSS. Nu din calea ru\u015filor, ci \u00een bra\u0163ele lor! Ulterior, e adev\u0103rat, drumurile aveau s\u0103-l poarte \u015fi pe p\u0103m\u00e2nturi st\u0103p\u00e2nite de cel de-al Treilea Reich.<\/h4>\r\n<h4 style=\"text-align: justify;\">Perioada \u015federii \u00een \u0162ara Sovietelor a fost, dup\u0103 cum se va vedea, una de preg\u0103tiri speciale intense, \u00een vederea infiltr\u0103rii \u00een Poli\u0163ia Politic\u0103 Secret\u0103 de Stat a Reich-ului german (Gestapo). Dar despre voltele agentului sovietic \u015fi ale &#8222;fiului lupului&#8221;, \u00een episodul de m\u00e2ine: Tradi\u0163ia tr\u0103d\u0103rii \u00een familia Patapievici.<\/h4>\r\n<h3 style=\"text-align: justify;\"><strong>Tradi\u0163ia tr\u0103d\u0103rii<\/strong><\/h3>\r\n<h4 style=\"text-align: justify;\">\u00cen repetatele complet\u0103ri ale biografiei sale, solicitate pentru clarificarea necunoscutelor trecutului s\u0103u, Dionis Patapievici, alias Denys Patapiewicz, alias Denis Patapicovici, criptonim &#8222;D. P\u0103tra\u015fcu, tat\u0103l lui Horia Roman Patapievici, sus\u0163inea, pentru a-\u015fi acoperi o parte din goluri, c\u0103 ar fi fost concentrat \u00een Germania, afirma\u0163ie contrazis\u0103 ulterior de altele. \u00cen realitate, ascundea o alt\u0103 parte \u00eentunecat\u0103 a biografiei sale, \u00eenc\u00e2rligat\u0103 ca o svastic\u0103 pe fundul unui ponei.<\/h4>\r\n<h4 style=\"text-align: justify;\">Referin\u0163ele unei prietene a primei sale so\u0163ii, decedat\u0103 \u00een 1951, cu care, dup\u0103 schema de ansamblu a cazului, pare a fi format un cuplu informativ NKVD-ist la Viena, spun cu totul altceva: &#8222;Cunosc pe tov. Patapievici Dionisie, so\u0163ul fostei mele colege de liceu, Dr\u0103gan Odarka, din 1939, toamna. Ucrainean (&#8230;) foarte du\u015fm\u0103nos, ne\u00een\u0163eleg\u0103tor (&#8230;) La Viena, el a fost \u00een serviciul Gestapo-ului (astea le \u015ftiu de la ea), a c\u00e2\u015ftigat foarte bine, a jefuit o mul\u0163ime de lume \u015fi \u015fi-a \u00eensu\u015fit o mul\u0163ime de lucruri. (&#8230;) \u00cen 1950, \u00een urma unei discu\u0163ii cu el m-am sup\u0103rat&#8230; Nu ne-am mai v\u0103zut&#8230; am auzit c\u0103 ea a murit&#8230; A decedat \u00een urma unei grele suferin\u0163e (am\u0103nunte mi-a povestit mama ei), datorit\u0103 r\u0103ut\u0103\u0163ii \u015fi neglijen\u0163ei lui. Nu-i d\u0103dea medicamente, \u00eencepea s\u0103 o bat\u0103, c\u00e2nd spunea c\u0103 are dureri nu o credea. Mama ei a venit dup\u0103 aceea \u00een Bucure\u015fti ca s\u0103 creasc\u0103 copiii (n.n. &#8211; fiicele Lydia \u015fi Elena). Mi-a povestit c\u0103 de multe ori nu le d\u0103dea pensia alimentar\u0103 \u015fi bunica trebuia s\u0103 dea lec\u0163ii de pian, ca s\u0103 poat\u0103 \u00eentre\u0163ine ace\u015fti copii. Am auzit c\u0103 s-a \u00eensurat, are din nou un copil \u015fi pentru acest copil (n.n. &#8211; Horia-Roman) aduce cele mai mari bun\u0103t\u0103\u0163i, iar pentru cele dou\u0103 feti\u0163e orfane nu vrea s\u0103 dea nimic&#8221;.<\/h4>\r\n<h4 style=\"text-align: justify;\">Dintr-o adnotare a inspectorului de personal Dobrescu, re\u0163inem: &#8222;Patapievici Dionisie a fost interesat s\u0103 moar\u0103 (so\u0163ia) pentru a nu se descoperi ce-a f\u0103cut \u00een Germania&#8221;. \u00centr-adev\u0103r, era singura persoan\u0103 care putea deveni incomod\u0103, dac\u0103 ar fi cedat permanentului stres al dedubl\u0103rii existen\u0163iale. Ceea ce este posibil s\u0103 se fi \u00eent\u00e2mplat&#8230;<\/h4>\r\n<h4 style=\"text-align: justify;\">Legenda pus\u0103 \u00een circula\u0163ie, privind internarea din Germania, a fost infirmat\u0103 \u00eentr-o \u00eemprejurare chiar de D.P. Astfel, cu ocazia preg\u0103tirii \u00een vederea ob\u0163inerii carnetului de conduc\u0103tor auto, a afirmat c\u0103 nu are emo\u0163ii, deoarece a avut carnet de conducere \u00een Germania (Austria &#8211; Al Treilea Reich), unde a circulat, aproape tot timpul, pe mai multe tipuri de ma\u015fini.<\/h4>\r\n<h4 style=\"text-align: justify;\">De\u015fi grijuliu \u00een a indica numeroase persoane care s\u0103 se poat\u0103 referi asupra diferitelor etape \u015fi perioade ale vie\u0163ii \u015fi activit\u0103\u0163ii sale, nici m\u0103car accidental nu a men\u0163ionat vreo persoan\u0103 dintre cele care ar fi putut cunoa\u015fte aspecte negative compromi\u0163\u0103toare. \u00cen anii petrecu\u0163i \u00een Germania (Austria), D.P. s-a aflat, ca \u015fi fiul s\u0103u peste ani, \u00een leg\u0103tur\u0103 cu legionari fugi\u0163i din Rom\u00e2nia dup\u0103 rebeliune. Pe de o parte, \u00eei supraveghea din \u00eens\u0103rcinarea Gestapo-ului, iar pe de alt\u0103 parte, tot ca \u015fi fiul s\u0103u, ulterior, \u015fi a NKVD. Dup\u0103 retragerea armatei germane din Austria \u015fi \u00eencetarea activit\u0103\u0163ii Gestapo-ului, D.P. nu a fost epurat, asemenea altor camarazi, ci a fost preluat imediat, \u00een Viena, ca &#8222;translator poliglot&#8221;, de Comandamentul Militar al Armatei Ro\u015fii. Concomitent, devine membru activ al Partidului Comunist din Austria, agitator ce atrage aten\u0163ia autorit\u0103\u0163ilor (vom vedea \u015fi ce interes avea!) \u015fi urmeaz\u0103 \u00een acela\u015fi timp cursurile \u00cenaltei \u015ecoli pentru Comer\u0163 Mondial. Aici \u00ee\u015fi sus\u0163ine licen\u0163a cu lucrarea apologetic\u0103 &#8222;Banca de Stat \u015fi sistemul bancar al URSS&#8221;, despre care afirma c\u0103 a fost un act \u015ftiin\u0163ific temerar, deoarece &#8222;a popularizat m\u0103re\u0163ele realiz\u0103ri sovietice \u00eentr-o \u0163ar\u0103 burghez\u0103&#8221;. De aici \u015fi p\u00e2n\u0103 la infiltrarea \u00een inima secretelor B\u0103ncii de Stat a Rom\u00e2niei nu are dec\u00e2t un pas&#8230;<\/h4>\r\n<h4 style=\"text-align: justify;\">Dup\u0103 epurarea aparatului poli\u0163ienesc austriac de c\u0103tre serviciile de informa\u0163ii militare sovietice, D.P. a fost transferat la Poli\u0163ia din Viena. \u00cen anul 1948, potrivit afirma\u0163iilor sale, are nepl\u0103ceri, sim\u0163indu-se supravegheat de autorit\u0103\u0163i, deoarece era un militant prea activ al Partidului Comunist din Austria \u015fi al Asocia\u0163iei Austria-URSS. Drept urmare, se adreseaz\u0103 Misiunii Rom\u00e2niei \u015fi Delega\u0163iei rom\u00e2ne pentru repatrieri, solicit\u00e2nd efectuarea formalit\u0103\u0163ilor pentru stabilirea \u00een Rom\u00e2nia, unde a aflat c\u0103 puterea sovietic\u0103 a instaurat un regim democratic liber, \u00een care se va putea manifesta \u015fi afirma potrivit convingerilor sale.<\/h4>\r\n<h4 style=\"text-align: justify;\">Afirma\u0163iile sale privind urm\u0103rirea \u015fi persecutarea de c\u0103tre autorit\u0103\u0163ile austriece sunt perisabile. Era omul sovieticilor, iar influen\u0163a lor era, \u00een acel moment, indiscutabil\u0103. Motive pentru a fi \u00een aten\u0163ia autorit\u0103\u0163ilor existau: comportamentul avut ca membru al Gestapo-ului \u015fi conspira\u0163iile uneltite de filiala vienez\u0103 a Kominternului, al c\u0103rui membru activ era, \u00eempotriva securit\u0103\u0163ii \u015fi neutralit\u0103\u0163ii Austriei. \u00cen subsidiar, nu pot fi excluse unele abuzuri \u00een rechizi\u0163ionarea de bunuri \u015fi valori pentru uzul Armatei Ro\u015fii, care ar fi fost deturnate \u00een alte scopuri, ceea ce ar fi determinat p\u0103gubi\u0163ii s\u0103 se \u00eendrepte \u00eempotriva func\u0163ionarilor corup\u0163i ai Administra\u0163iei Militare Sovietice. Nu este lipsit de semnifica\u0163ii faptul c\u0103 D.P, imediat ce a venit \u00een Bucure\u015fti, \u015fi-a achizi\u0163ionat un apartament, singur pe etaj, la pre\u0163ul de 100.000 lei, de la proprietarul Godel Ofner. Sec\u0163ia financiar\u0103 a evaluat apartamentul la 150.000 lei, iar ulterior, c\u00e2nd au ap\u0103rut suspiciuni cu privire la provenien\u0163a banilor, l-a trecut pe numele fiicelor.<\/h4>\r\n<h4 style=\"text-align: justify;\">Dionis Patapievici nu era cet\u0103\u0163ean rom\u00e2n. Pentru a ob\u0163ine cet\u0103\u0163enia, invoc\u0103 Legea nr.162 din 29 mai 1947, care declar\u0103 cet\u0103\u0163eni rom\u00e2ni pe to\u0163i cei care, ei sau p\u0103rin\u0163ii lor, au locuit \u00een 1920 pe teritorii supuse jurisdic\u0163iei statului rom\u00e2n. Nu exist\u0103 dovada renun\u0163\u0103rii la cet\u0103\u0163enia sovietic\u0103. Este, \u00eens\u0103, simptomatic, cum cel care a renegat autoritatea statului rom\u00e2n \u00een\u0163elege s\u0103 uzeze tocmai de aceast\u0103 autoritate, care dup\u0103 cum relateaz\u0103 unchiul s\u0103u, avocatul Liubomir Patapievici, cu domiciliul \u00een ora\u015ful Agnita, &#8222;pentru tovar\u0103\u015ful Patapievici a adus numai zile negre, iar tat\u0103l s\u0103u, Leonida Patapievici, a fost chiar arestat pentru motivul de loialitate fa\u0163\u0103 de statul sovietic&#8221;. Este justificat\u0103 \u00eentrebarea dac\u0103 ucraineano-polonezul D.P. a ales Rom\u00e2nia \u00een locul Ucrainei sau al Poloniei din anumite convingeri ori s-a conformat unui ordin de misiune?<\/h4>\r\n<h3 style=\"text-align: justify;\"><strong>Via\u0163\u0103 de emigrant \u00een Romania<\/strong><\/h3>\r\n<h4 style=\"text-align: justify;\">Odat\u0103 stabilit \u00een Rom\u00e2nia, cu mul\u0163i bani \u015fi bunuri de valoare &#8211; bijuterii, obiecte de art\u0103, tablouri, bl\u0103nuri, albume filatelice etc. -, D.P. \u00eencearc\u0103 recunoa\u015fterea apartenen\u0163ei politice pe baza carnetului de membru al Partidului Comunist din Austria, dorin\u0163\u0103 ce nu i s-a \u00eemplinit.<\/h4>\r\n<h4 style=\"text-align: justify;\">Pe baza unor recomand\u0103ri din Austria, se prezint\u0103 profesorilor Mladenaltz \u015fi Marin Lupu (Marcel Wolfowitz), primul &#8211; decan la Academia Comercial\u0103, cel\u0103lalt &#8211; vicepre\u015fedinte al Institutului de Studii Economice \u015fi Planificare, dar \u015fi al B\u0103ncii de Stat al Republicii Populare Rom\u00e2ne, fiind acceptat apoi ca asistent universitar, iar Lupu \u00eel va angaja, concomitent, inspector, apoi \u015fef de serviciu \u015fi consilier la Banca de Stat. Marin Lupu va exploata poliglotismul lui D.P. \u00een scrierea operei sale \u015ftiin\u0163ifice (primul curs de istorie a economiei na\u0163ionale), dubl\u00e2ndu-i postul de asistent cu cel de bibliotecar documentarist.<\/h4>\r\n<h4 style=\"text-align: justify;\">Potrivit criteriilor contrainformative ale Securit\u0103\u0163ii, D.P. ar fi trebuit preluat imediat dup\u0103 repatriere \u00een procedurile de &#8222;debriefing&#8221;, pus sub o strict\u0103 supraveghere \u015fi \u00een carantin\u0103 ideologic\u0103. Nimic din acestea. Consilierii sovietici \u015fi protec\u0163ia nomenclaturi\u015ftilor kominterni\u015fti l-au exceptat de la reguli, dar nu \u015fi de emo\u0163ii \u015fi nepl\u0103ceri. Serviciul de Cadre al B\u0103ncii de Stat, prin vigilen\u0163a \u015fi fermitatea unui anume Dobrescu (n.n. &#8211; oare un ofi\u0163er acoperit?), permanent suspicios, era parc\u0103 anume programat s\u0103 verifice sistematic rezisten\u0163a legendei de acoperire, solicit\u00e2ndu-i suplimente de autobiografie, clarific\u0103ri \u015fi c\u0103ut\u00e2nd persoanele care s\u0103 poat\u0103 oferi referin\u0163e credibile. Odat\u0103 cu plecarea consilierilor sovietici din Ministerul Afacerilor Interne \u015fi \u00eenlocuirea alogenilor din conducerea structurilor Securit\u0103\u0163ii, Dionis Patapievici a fost imediat inclus \u00een verific\u0103ri de contraspionaj \u015fi clarificare a activit\u0103\u0163ii sale \u00een cadrul Gestapo-ului din Viena. Ofi\u0163erul de caz i-a fost student la Academia Comercial\u0103. Natura rela\u0163iilor dintre ei \u015fi ascenden\u0163a profesorului asupra fostului student au influen\u0163at impar\u0163ialitatea, obiectivitatea \u015fi probitatea profesional\u0103 a verific\u0103rilor, dar mai cu seam\u0103 a interpret\u0103rii \u015fi evalu\u0103rii faptelor.<\/h4>\r\n<h4 style=\"text-align: justify;\">Agen\u0163ii din categoria &#8222;ilegali \u00een obiective&#8221; utilizau procedee fotografice pentru culegerea, fixarea \u015fi prelucrarea informa\u0163iilor, dar \u015fi pentru realizarea leg\u0103turii impersonale. D.P. era un pasionat fotograf &#8222;amator&#8221;. D.P. avea, la un moment dat, o familie de \u015fapte persoane. Cumulul ini\u0163ial de func\u0163ii \u015fi salarii nu mai exista. So\u0163ia avea un salariu modest. El, cu pruden\u0163\u0103 \u015fi discre\u0163ie, era un rafinat \u015fi deocheat petrec\u0103re\u0163. \u00cen 1965 dispune de resurse pentru achizi\u0163ionarea unui autoturism &#8222;Renault major 10&#8221;. De\u015fi a avut posibilitatea unei promov\u0103ri, a unei mai mari independen\u0163e profesionale, cu salariu atractiv \u015fi alte facilit\u0103\u0163i, nu a acceptat s\u0103 plece din Centrala B\u0103ncii de Stat. Pentru p\u0103strarea locului de munc\u0103 \u015fi a orizontului de acces la informa\u0163iile vitale privind politicile monetare, fundamentarea balan\u0163elor de venituri \u015fi cheltuieli, planificarea circula\u0163iei monetare \u015f.a., \u00eempotriva felului s\u0103u de a fi, D.P. evit\u0103 orice situa\u0163ie care i-ar fi putut influen\u0163a stabilitatea \u015fi continuitatea profesional\u0103.<\/h4>\r\n<h4 style=\"text-align: justify;\">Mai multe surse ale contrainforma\u0163iilor economice din obiectivul &#8222;Banca de Stat&#8221; \u00eei semnaleaz\u0103 curiozitatea, curtoazia ar\u0103tat\u0103 secretarelor vicepre\u015fedin\u0163ilor care manipulau documentele sensibile, vizitele frecvente la compartimente centralizatoare de informa\u0163ii secrete din Comitetul de Stat al Planific\u0103rii \u015fi ministerele economice, dar \u015fi profunda sa interiorizare \u015fi imposibilitatea descifr\u0103rii adev\u0103ratelor sale tr\u0103iri.<\/h4>\r\n<h4 style=\"text-align: justify;\">\u00cen evenimentele &#8222;contrarevolu\u0163ionare&#8221; din anul 1958, soldate cu arestarea ministrului de finan\u0163e Aurel Vijoli, D.P., ca \u015fef al Serviciului Circula\u0163iei Monetare din Direc\u0163ia Planific\u0103rii Economice a B\u0103ncii de Stat, a fost \u00een tab\u0103ra celor care au \u00eenfierat imitarea de c\u0103tre ministrul Vijoli a metodelor burghezo-liberale titoiste. Nici nu se putea altfel din partea autorului lucr\u0103rii propagandistice &#8222;Banca de stat \u015fi sistemul bancar al URSS&#8221;. D.P. nu lipsea din niciun colectiv care genera ori \u00eenmorm\u00e2nta probleme, dar consuma \u00eentotdeauna informa\u0163ii sensibile de prim\u0103 m\u00e2n\u0103, chipurile pentru a pr\u0103gati marile decizii de politici bancare. Unii nu vedeau cu ochi buni omniprezen\u0163a sa, dar \u00eentotdeauna se g\u0103sea cineva important care s\u0103 spuna c\u0103 &#8222;este bine ca tov. Patapievici s\u0103 fac\u0103 parte din colectiv, deoarece este \u015fi translatorul \u00eentotdeauna prezent la \u00eent\u00e2lnirile cu delega\u0163iile CAER \u015fi din URSS&#8221;.<\/h4>\r\n<h4 style=\"text-align: justify;\">Nici complet\u0103rile biografiei \u015fi nici investiga\u0163iile specializate nu au l\u0103murit cum l-a urmat \u00een str\u0103in\u0103tate prietena sa din primul an de facultate, Odarca Dr\u0103gan, cu care s-a c\u0103s\u0103torit, probabil la Viena. Anali\u015ftii de contraspionaj care au reevaluat cazul au remarcat similitudinea cu alte cazuri, ceea ce le-a oferit o ipotez\u0103 de lucru plauzibil\u0103; un cuplu informativ. De\u015fi nu a rezistat, aparent din &#8222;cauze naturale&#8221;, scopul s\u0103u a fost atins. A sus\u0163inut biografia \u015fi a motivat ac\u0163iunile lui Dionis P. \u00een periplul s\u0103u de la Cern\u0103u\u0163i la Viena \u015fi, ulterior, la Bucure\u015fti, \u00een inima secretelor bancare ale Rom\u00e2niei.<\/h4>\r\n<h3 style=\"text-align: justify;\"><strong>Detalii dintr-o carier\u0103 de cercetat<\/strong><\/h3>\r\n<h4 style=\"text-align: justify;\">Olga Dr\u0103gan, mama primei so\u0163ii, avea cuno\u015ftin\u0163\u0103 de apartenen\u0163a lui Dionis P. la o organiza\u0163ie na\u0163ionalist\u0103 ucrainean\u0103. \u00cei admirase puternicele sentimente \u015fi idealuri na\u0163ionaliste \u015fi-l dezavua pentru tr\u0103darea lor. Este un element deosebit de important. Na\u0163ionali\u015ftii ucraineni erau v\u00e2na\u0163i de c\u0103tre Departamentul Opera\u0163iunilor Executive (n.n. &#8211; lichid\u0103ri fizice) \u00een \u00eentreaga lume. D.P. s\u0103 fi fost, oare, o &#8222;coad\u0103 a topoarelor&#8221; NKVD?<\/h4>\r\n<h4 style=\"text-align: justify;\">Olga Dr\u0103gan sesizase nu numai tr\u0103darea idealului na\u0163ionalist ucrainean, ci \u015fi grija sa exagerat\u0103 pentru p\u0103strarea pozi\u0163iei profesionale \u00een banc\u0103. \u00cen fond, dup\u0103 cum chiar el a afirmat, &#8222;prin munca ce o duc, cunosc cele mai mari secrete ale economiei \u0163\u0103rii \u00eentr-un orizont strategic de 15-20 de ani, fiind, \u00een fapt, unicul detonator al \u00eentregului volum de date secrete, \u00een timp ce to\u0163i ceilal\u0163i \u00eenal\u0163i func\u0163ionari cunosc doar ceea ce prive\u015fte departamentele lor. Dac\u0103 eu a\u015f tr\u0103da, tr\u0103darea mea s-ar multiplica de c\u00e2teva ori cu coeficientul importan\u0163ei informa\u0163iilor&#8221;.<\/h4>\r\n<h4 style=\"text-align: justify;\">Totu\u015fi, Dionis P. era permanent fr\u0103m\u00e2ntat \u015fi nemul\u0163umit. Se considera marginalizat politic, domeniu \u00een care avea ambi\u0163ii, dar nu i s-a echivalat \u015fi calitatea de membru de partid \u015fi nici nu a fost primit \u00een PMR, ulterior PCR. Era oarecum nedumerit de aceast\u0103 ne\u00eencredere, cu at\u00e2t mai mult cu c\u00e2t de la Securitate primea anual avizul de acces la documente strict secrete de importan\u0163\u0103 deosebit\u0103. El nu \u015ftia, \u00eens\u0103, c\u0103 documentele puteau fi \u015fi contraf\u0103cute \u00een scopuri de dezinformare\/influen\u0163are a spionajului statelor\/b\u0103ncilor interesate de informa\u0163iile respective.<\/h4>\r\n<h4 style=\"text-align: justify;\">Dup\u0103 \u015fapte ani, &#8222;double crosse&#8221;-ul din ac\u0163iunea de contraspionaj &#8222;D. P\u0103tra\u015fcu&#8221; a primit rezolu\u0163ia: &#8222;\u00eenchis cu men\u0163inerea \u00een eviden\u0163\u0103 pasiv\u0103&#8221;.<\/h4>\r\n<h4 style=\"text-align: justify;\">Se redeschide, \u00eens\u0103, fila nou\u0103 a tradi\u0163iilor familiei. Atacul deschis, chiar dac\u0103 repliat ulterior, al Hertei M\u00fcller, la onorabilitatea \u015fefului ICR, Horia-Roman Patapievici, poate fi, deopotriv\u0103, o sanc\u0163iune pentru un act de tr\u0103dare, dar \u015fi o manevr\u0103 de conspirare\/deconspirare a leg\u0103turii cu vreun &#8222;institut cultural&#8221; afiliat pe l\u00e2ng\u0103 un serviciu de spionaj. \u00cen spionaj-contraspionaj, toate \u00eent\u00e2mpl\u0103rile \u015fi faptele sunt ambivalente. Ceea ce este tr\u0103dare pentru o parte este eroism \u00een tab\u0103ra advers\u0103. C\u0103 &#8222;Micul F\u00fchrer de Buz\u0103u&#8221; nu poate fi dec\u00e2t \u00eentr-o tab\u0103r\u0103 advers\u0103 Rom\u00e2niei este loc comun. Istoria acestei \u00eent\u00e2mpl\u0103ri ne ofer\u0103 suficiente elemente pentru a putea \u00een\u0163elege apeten\u0163a lui Horia-Roman Patapievici de a-l imita \u00een fizionomie, gesturi \u015fi atitudini pe caporalul Adolf Hitler. Pentru apuc\u0103turile sale de c\u0103l\u0103u al culturii rom\u00e2ne \u015fi fecaloidizarea limbajului public, Horia-Roman Patapievici, demn descendent al unui gestapovist-enkavedist, merit\u0103 numele de serviciu de &#8222;Micul F\u00fchrer-Komisar&#8221; al culturii rom\u00e2ne.<\/h4>\r\n<h4 style=\"text-align: justify;\">Odat\u0103 cu devalizarea de c\u0103tre CNSAS a arhivelor Securit\u0103\u0163ii, at\u00e2t BND, c\u00e2t \u015fi succesorii NKVD au reconsiderat cazul lui Dionis Patapievici \u015fi au reg\u00e2ndit ceea ce rezervaser\u0103 fiului s\u0103u. \u00cen firul de continuitate al tradi\u0163iilor \u00eenainta\u015fului s\u0103u, agentul sovietic cu trei nume, Horia-Roman Patapievici, omul cu trei fete, care alearg\u0103 pe urmele tat\u0103lui s\u0103u cel pu\u0163in prin darul minciunii, se afl\u0103 doar la stadiul promi\u0163\u0103toarelor \u00eenceputuri. Asta dac\u0103 nu se treze\u015fte la timp pre\u015fedintele onorific al ICR \u015fi al Rom\u00e2niei&#8230;<\/h4>\r\n<h4 style=\"text-align: justify;\"><em>Articol de Aurel I Rogojan, publicat in data de 07-iunie-2011 pe <a href=\"http:\/\/www.cotidianul.ro\/148361-La-conducerea-ICR-se-afla-fiul-unei-fantome-a-NKVD\">cotidianul.ro<\/a><\/em><\/h4>        <div class=\"booster-block booster-reactions-block\">\n            <div class=\"twp-reactions-icons\">\n                \n                <div class=\"twp-reacts-wrap\">\n                    <a react-data=\"be-react-1\" post-id=\"3919\" class=\"be-face-icons un-reacted\" href=\"javascript:void(0)\">\n                        <img decoding=\"async\" src=\"https:\/\/desteptati-va.ro\/wp-content\/plugins\/booster-extension\/\/assets\/icon\/happy.svg\" alt=\"Happy\">\n                    <\/a>\n                    <div class=\"twp-reaction-title\">\n                        Happy                    <\/div>\n                    <div class=\"twp-count-percent\">\n                                                    <span style=\"display: none;\" class=\"twp-react-count\">0<\/span>\n                        \n                                                <span class=\"twp-react-percent\"><span>0<\/span> %<\/span>\n                                            <\/div>\n                <\/div>\n\n                <div class=\"twp-reacts-wrap\">\n                    <a react-data=\"be-react-2\" post-id=\"3919\" class=\"be-face-icons un-reacted\" href=\"javascript:void(0)\">\n                        <img decoding=\"async\" src=\"https:\/\/desteptati-va.ro\/wp-content\/plugins\/booster-extension\/\/assets\/icon\/sad.svg\" alt=\"Sad\">\n                    <\/a>\n                    <div class=\"twp-reaction-title\">\n                        Sad                    <\/div>\n                    <div class=\"twp-count-percent\">\n                                                    <span style=\"display: none;\" class=\"twp-react-count\">0<\/span>\n                                                                        <span class=\"twp-react-percent\"><span>0<\/span> %<\/span>\n                                            <\/div>\n                <\/div>\n\n                <div class=\"twp-reacts-wrap\">\n                    <a react-data=\"be-react-3\" post-id=\"3919\" class=\"be-face-icons un-reacted\" href=\"javascript:void(0)\">\n                        <img decoding=\"async\" src=\"https:\/\/desteptati-va.ro\/wp-content\/plugins\/booster-extension\/\/assets\/icon\/excited.svg\" alt=\"Excited\">\n                    <\/a>\n                    <div class=\"twp-reaction-title\">\n                        Excited                    <\/div>\n                    <div class=\"twp-count-percent\">\n                                                    <span style=\"display: none;\" class=\"twp-react-count\">0<\/span>\n                                                                        <span class=\"twp-react-percent\"><span>0<\/span> %<\/span>\n                                            <\/div>\n                <\/div>\n\n                <div class=\"twp-reacts-wrap\">\n                    <a react-data=\"be-react-6\" post-id=\"3919\" class=\"be-face-icons un-reacted\" href=\"javascript:void(0)\">\n                        <img decoding=\"async\" src=\"https:\/\/desteptati-va.ro\/wp-content\/plugins\/booster-extension\/\/assets\/icon\/sleepy.svg\" alt=\"Sleepy\">\n                    <\/a>\n                    <div class=\"twp-reaction-title\">\n                        Sleepy                    <\/div>\n                    <div class=\"twp-count-percent\">\n                                                    <span style=\"display: none;\" class=\"twp-react-count\">0<\/span>\n                        \n                                                <span class=\"twp-react-percent\"><span>0<\/span> %<\/span>\n                                            <\/div>\n                <\/div>\n\n                <div class=\"twp-reacts-wrap\">\n                    <a react-data=\"be-react-4\" post-id=\"3919\" class=\"be-face-icons un-reacted\" href=\"javascript:void(0)\">\n                        <img decoding=\"async\" src=\"https:\/\/desteptati-va.ro\/wp-content\/plugins\/booster-extension\/\/assets\/icon\/angry.svg\" alt=\"Angry\">\n                    <\/a>\n                    <div class=\"twp-reaction-title\">Angry<\/div>\n                    <div class=\"twp-count-percent\">\n                                                    <span style=\"display: none;\" class=\"twp-react-count\">0<\/span>\n                                                                        <span class=\"twp-react-percent\"><span>0<\/span> %<\/span>\n                        \n                    <\/div>\n                <\/div>\n\n                <div class=\"twp-reacts-wrap\">\n                    <a react-data=\"be-react-5\" post-id=\"3919\" class=\"be-face-icons un-reacted\" href=\"javascript:void(0)\">\n                        <img decoding=\"async\" src=\"https:\/\/desteptati-va.ro\/wp-content\/plugins\/booster-extension\/\/assets\/icon\/surprise.svg\" alt=\"Surprise\">\n                    <\/a>\n                    <div class=\"twp-reaction-title\">Surprise<\/div>\n                    <div class=\"twp-count-percent\">\n                                                    <span style=\"display: none;\" class=\"twp-react-count\">0<\/span>\n                                                                        <span class=\"twp-react-percent\"><span>0<\/span> %<\/span>\n                                            <\/div>\n                <\/div>\n\n            <\/div>\n        <\/div>\n\n    <\/div>","protected":false},"excerpt":{"rendered":"<p>Despre Horia-Roman Patapievici s-a afirmat, mai mult sau mai pu\u0163in explicit, c\u0103 ar avea niscaiva leg\u0103turi cu afacerile secrete ale<a href=\"https:\/\/desteptati-va.ro\/index.php\/2021\/04\/19\/o-viata-in-minciuna-horia-roman-patapievici\/\">Read More<i class=\"fa fa-long-arrow-right\" aria-hidden=\"true\"><\/i><\/a><\/p>\n","protected":false},"author":1,"featured_media":1743,"comment_status":"open","ping_status":"open","sticky":false,"template":"","format":"standard","meta":{"_crdt_document":"","footnotes":""},"categories":[3,10],"tags":[558,1173,1174,59,60,1175,1176,1177,537,1178,265,993,351,444,522,543,523,1179,906,83,156,907],"class_list":["post-3919","post","type-post","status-publish","format-standard","has-post-thumbnail","hentry","category-decembrie-89","category-tradari-tradatori-si-altii","tag-afaceri","tag-arhivele-securitatii","tag-cnsas","tag-desteptati","tag-desteptati-va","tag-horia","tag-horia-roman-patapievici","tag-hrp","tag-kgb","tag-magureanu","tag-nkvd","tag-patapievici","tag-roman","tag-secret","tag-securitate","tag-servicii","tag-servicii-secrete","tag-strain","tag-tismaneanu","tag-tradare","tag-tradatori","tag-vladimir"],"rise-blocks_total_comments":7,"rise-blocks_categories":[{"term_id":10,"name":"Tradari, tradatori si altii","slug":"tradari-tradatori-si-altii","term_group":0,"term_taxonomy_id":10,"taxonomy":"category","description":"","parent":3,"count":12,"filter":"raw"}],"rise-blocks_excerpt":"Despre Horia-Roman Patapievici s-a afirmat, mai mult sau mai pu\u0163in explicit, c\u0103 ar avea niscaiva leg\u0103turi cu afacerile secrete ale unor servicii str\u0103ine, ca activ \u015fi totodat\u0103 nociv agent de influen\u0163\u0103. O tradi\u0163ie a tr\u0103d\u0103rii Avem, din p\u0103cate, \u015fi o tradi\u0163ie a tr\u0103d\u0103rii, prin care unii s-au definit dintotdeauna. Este \u015fi cazul familiei Patapievici, Dionis \u015fi Odarca Patapievici, un cuplu..","yoast_head":"<!-- This site is optimized with the Yoast SEO plugin v26.9 - https:\/\/yoast.com\/product\/yoast-seo-wordpress\/ -->\r\n<title>O via\u0163\u0103 \u00een minciun\u0103 - Horia Roman Patapievici -<\/title>\r\n<meta name=\"robots\" content=\"index, follow, max-snippet:-1, max-image-preview:large, max-video-preview:-1\" \/>\r\n<link rel=\"canonical\" href=\"https:\/\/desteptati-va.ro\/index.php\/2021\/04\/19\/o-viata-in-minciuna-horia-roman-patapievici\/\" \/>\r\n<meta property=\"og:locale\" content=\"ro_RO\" \/>\r\n<meta property=\"og:type\" content=\"article\" \/>\r\n<meta property=\"og:title\" content=\"O via\u0163\u0103 \u00een minciun\u0103 - Horia Roman Patapievici -\" \/>\r\n<meta property=\"og:description\" content=\"Despre Horia-Roman Patapievici s-a afirmat, mai mult sau mai pu\u0163in explicit, c\u0103 ar avea niscaiva leg\u0103turi cu afacerile secrete aleRead More\" \/>\r\n<meta property=\"og:url\" content=\"https:\/\/desteptati-va.ro\/index.php\/2021\/04\/19\/o-viata-in-minciuna-horia-roman-patapievici\/\" \/>\r\n<meta property=\"article:published_time\" content=\"2021-04-19T08:19:06+00:00\" \/>\r\n<meta property=\"og:image\" content=\"https:\/\/desteptati-va.ro\/wp-content\/uploads\/2021\/04\/horiaromanpatapievici.jpg\" \/>\r\n\t<meta property=\"og:image:width\" content=\"450\" \/>\r\n\t<meta property=\"og:image:height\" content=\"280\" \/>\r\n\t<meta property=\"og:image:type\" content=\"image\/jpeg\" \/>\r\n<meta name=\"author\" content=\"wolfsoftcompany\" \/>\r\n<meta name=\"twitter:card\" content=\"summary_large_image\" \/>\r\n<meta name=\"twitter:label1\" content=\"Scris de\" \/>\n\t<meta name=\"twitter:data1\" content=\"wolfsoftcompany\" \/>\n\t<meta name=\"twitter:label2\" content=\"Timp estimat pentru citire\" \/>\n\t<meta name=\"twitter:data2\" content=\"24 de minute\" \/>\r\n<script type=\"application\/ld+json\" class=\"yoast-schema-graph\">{\"@context\":\"https:\/\/schema.org\",\"@graph\":[{\"@type\":\"Article\",\"@id\":\"https:\/\/desteptati-va.ro\/index.php\/2021\/04\/19\/o-viata-in-minciuna-horia-roman-patapievici\/#article\",\"isPartOf\":{\"@id\":\"https:\/\/desteptati-va.ro\/index.php\/2021\/04\/19\/o-viata-in-minciuna-horia-roman-patapievici\/\"},\"author\":{\"name\":\"wolfsoftcompany\",\"@id\":\"https:\/\/desteptati-va.ro\/#\/schema\/person\/13182deeebd44920914899f7bb262d6b\"},\"headline\":\"O via\u0163\u0103 \u00een minciun\u0103 &#8211; Horia Roman Patapievici\",\"datePublished\":\"2021-04-19T08:19:06+00:00\",\"mainEntityOfPage\":{\"@id\":\"https:\/\/desteptati-va.ro\/index.php\/2021\/04\/19\/o-viata-in-minciuna-horia-roman-patapievici\/\"},\"wordCount\":4727,\"commentCount\":0,\"image\":{\"@id\":\"https:\/\/desteptati-va.ro\/index.php\/2021\/04\/19\/o-viata-in-minciuna-horia-roman-patapievici\/#primaryimage\"},\"thumbnailUrl\":\"https:\/\/desteptati-va.ro\/wp-content\/uploads\/2021\/04\/horiaromanpatapievici.jpg\",\"keywords\":[\"afaceri\",\"Arhivele Securitatii\",\"CNSAS\",\"desteptati\",\"desteptati-va\",\"Horia\",\"Horia Roman Patapievici\",\"HRP\",\"KGB\",\"Magureanu\",\"NKVD\",\"Patapievici\",\"Roman\",\"secret\",\"Securitate\",\"servicii\",\"servicii secrete\",\"strain\",\"Tismaneanu\",\"tradare\",\"tradatori\",\"Vladimir\"],\"articleSection\":[\"Decembrie 89\",\"Tradari, tradatori si altii\"],\"inLanguage\":\"ro-RO\",\"potentialAction\":[{\"@type\":\"CommentAction\",\"name\":\"Comment\",\"target\":[\"https:\/\/desteptati-va.ro\/index.php\/2021\/04\/19\/o-viata-in-minciuna-horia-roman-patapievici\/#respond\"]}]},{\"@type\":\"WebPage\",\"@id\":\"https:\/\/desteptati-va.ro\/index.php\/2021\/04\/19\/o-viata-in-minciuna-horia-roman-patapievici\/\",\"url\":\"https:\/\/desteptati-va.ro\/index.php\/2021\/04\/19\/o-viata-in-minciuna-horia-roman-patapievici\/\",\"name\":\"O via\u0163\u0103 \u00een minciun\u0103 - Horia Roman Patapievici -\",\"isPartOf\":{\"@id\":\"https:\/\/desteptati-va.ro\/#website\"},\"primaryImageOfPage\":{\"@id\":\"https:\/\/desteptati-va.ro\/index.php\/2021\/04\/19\/o-viata-in-minciuna-horia-roman-patapievici\/#primaryimage\"},\"image\":{\"@id\":\"https:\/\/desteptati-va.ro\/index.php\/2021\/04\/19\/o-viata-in-minciuna-horia-roman-patapievici\/#primaryimage\"},\"thumbnailUrl\":\"https:\/\/desteptati-va.ro\/wp-content\/uploads\/2021\/04\/horiaromanpatapievici.jpg\",\"datePublished\":\"2021-04-19T08:19:06+00:00\",\"author\":{\"@id\":\"https:\/\/desteptati-va.ro\/#\/schema\/person\/13182deeebd44920914899f7bb262d6b\"},\"breadcrumb\":{\"@id\":\"https:\/\/desteptati-va.ro\/index.php\/2021\/04\/19\/o-viata-in-minciuna-horia-roman-patapievici\/#breadcrumb\"},\"inLanguage\":\"ro-RO\",\"potentialAction\":[{\"@type\":\"ReadAction\",\"target\":[\"https:\/\/desteptati-va.ro\/index.php\/2021\/04\/19\/o-viata-in-minciuna-horia-roman-patapievici\/\"]}]},{\"@type\":\"ImageObject\",\"inLanguage\":\"ro-RO\",\"@id\":\"https:\/\/desteptati-va.ro\/index.php\/2021\/04\/19\/o-viata-in-minciuna-horia-roman-patapievici\/#primaryimage\",\"url\":\"https:\/\/desteptati-va.ro\/wp-content\/uploads\/2021\/04\/horiaromanpatapievici.jpg\",\"contentUrl\":\"https:\/\/desteptati-va.ro\/wp-content\/uploads\/2021\/04\/horiaromanpatapievici.jpg\",\"width\":450,\"height\":280},{\"@type\":\"BreadcrumbList\",\"@id\":\"https:\/\/desteptati-va.ro\/index.php\/2021\/04\/19\/o-viata-in-minciuna-horia-roman-patapievici\/#breadcrumb\",\"itemListElement\":[{\"@type\":\"ListItem\",\"position\":1,\"name\":\"Prima pagin\u0103\",\"item\":\"https:\/\/desteptati-va.ro\/\"},{\"@type\":\"ListItem\",\"position\":2,\"name\":\"O via\u0163\u0103 \u00een minciun\u0103 &#8211; Horia Roman Patapievici\"}]},{\"@type\":\"WebSite\",\"@id\":\"https:\/\/desteptati-va.ro\/#website\",\"url\":\"https:\/\/desteptati-va.ro\/\",\"name\":\"\",\"description\":\"\",\"potentialAction\":[{\"@type\":\"SearchAction\",\"target\":{\"@type\":\"EntryPoint\",\"urlTemplate\":\"https:\/\/desteptati-va.ro\/?s={search_term_string}\"},\"query-input\":{\"@type\":\"PropertyValueSpecification\",\"valueRequired\":true,\"valueName\":\"search_term_string\"}}],\"inLanguage\":\"ro-RO\"},{\"@type\":\"Person\",\"@id\":\"https:\/\/desteptati-va.ro\/#\/schema\/person\/13182deeebd44920914899f7bb262d6b\",\"name\":\"wolfsoftcompany\",\"image\":{\"@type\":\"ImageObject\",\"inLanguage\":\"ro-RO\",\"@id\":\"https:\/\/desteptati-va.ro\/#\/schema\/person\/image\/\",\"url\":\"https:\/\/secure.gravatar.com\/avatar\/a6cce9b6d101d27d91690e7073e300fed94c0899890bf998e082cb9d2c3d121e?s=96&d=mm&r=g\",\"contentUrl\":\"https:\/\/secure.gravatar.com\/avatar\/a6cce9b6d101d27d91690e7073e300fed94c0899890bf998e082cb9d2c3d121e?s=96&d=mm&r=g\",\"caption\":\"wolfsoftcompany\"},\"sameAs\":[\"http:\/\/desteptati-va.ro\"],\"url\":\"https:\/\/desteptati-va.ro\/index.php\/author\/wolfsoftcompany\/\"}]}<\/script>\r\n<!-- \/ Yoast SEO plugin. -->","yoast_head_json":{"title":"O via\u0163\u0103 \u00een minciun\u0103 - Horia Roman Patapievici -","robots":{"index":"index","follow":"follow","max-snippet":"max-snippet:-1","max-image-preview":"max-image-preview:large","max-video-preview":"max-video-preview:-1"},"canonical":"https:\/\/desteptati-va.ro\/index.php\/2021\/04\/19\/o-viata-in-minciuna-horia-roman-patapievici\/","og_locale":"ro_RO","og_type":"article","og_title":"O via\u0163\u0103 \u00een minciun\u0103 - Horia Roman Patapievici -","og_description":"Despre Horia-Roman Patapievici s-a afirmat, mai mult sau mai pu\u0163in explicit, c\u0103 ar avea niscaiva leg\u0103turi cu afacerile secrete aleRead More","og_url":"https:\/\/desteptati-va.ro\/index.php\/2021\/04\/19\/o-viata-in-minciuna-horia-roman-patapievici\/","article_published_time":"2021-04-19T08:19:06+00:00","og_image":[{"width":450,"height":280,"url":"https:\/\/desteptati-va.ro\/wp-content\/uploads\/2021\/04\/horiaromanpatapievici.jpg","type":"image\/jpeg"}],"author":"wolfsoftcompany","twitter_card":"summary_large_image","twitter_misc":{"Scris de":"wolfsoftcompany","Timp estimat pentru citire":"24 de minute"},"schema":{"@context":"https:\/\/schema.org","@graph":[{"@type":"Article","@id":"https:\/\/desteptati-va.ro\/index.php\/2021\/04\/19\/o-viata-in-minciuna-horia-roman-patapievici\/#article","isPartOf":{"@id":"https:\/\/desteptati-va.ro\/index.php\/2021\/04\/19\/o-viata-in-minciuna-horia-roman-patapievici\/"},"author":{"name":"wolfsoftcompany","@id":"https:\/\/desteptati-va.ro\/#\/schema\/person\/13182deeebd44920914899f7bb262d6b"},"headline":"O via\u0163\u0103 \u00een minciun\u0103 &#8211; Horia Roman Patapievici","datePublished":"2021-04-19T08:19:06+00:00","mainEntityOfPage":{"@id":"https:\/\/desteptati-va.ro\/index.php\/2021\/04\/19\/o-viata-in-minciuna-horia-roman-patapievici\/"},"wordCount":4727,"commentCount":0,"image":{"@id":"https:\/\/desteptati-va.ro\/index.php\/2021\/04\/19\/o-viata-in-minciuna-horia-roman-patapievici\/#primaryimage"},"thumbnailUrl":"https:\/\/desteptati-va.ro\/wp-content\/uploads\/2021\/04\/horiaromanpatapievici.jpg","keywords":["afaceri","Arhivele Securitatii","CNSAS","desteptati","desteptati-va","Horia","Horia Roman Patapievici","HRP","KGB","Magureanu","NKVD","Patapievici","Roman","secret","Securitate","servicii","servicii secrete","strain","Tismaneanu","tradare","tradatori","Vladimir"],"articleSection":["Decembrie 89","Tradari, tradatori si altii"],"inLanguage":"ro-RO","potentialAction":[{"@type":"CommentAction","name":"Comment","target":["https:\/\/desteptati-va.ro\/index.php\/2021\/04\/19\/o-viata-in-minciuna-horia-roman-patapievici\/#respond"]}]},{"@type":"WebPage","@id":"https:\/\/desteptati-va.ro\/index.php\/2021\/04\/19\/o-viata-in-minciuna-horia-roman-patapievici\/","url":"https:\/\/desteptati-va.ro\/index.php\/2021\/04\/19\/o-viata-in-minciuna-horia-roman-patapievici\/","name":"O via\u0163\u0103 \u00een minciun\u0103 - Horia Roman Patapievici -","isPartOf":{"@id":"https:\/\/desteptati-va.ro\/#website"},"primaryImageOfPage":{"@id":"https:\/\/desteptati-va.ro\/index.php\/2021\/04\/19\/o-viata-in-minciuna-horia-roman-patapievici\/#primaryimage"},"image":{"@id":"https:\/\/desteptati-va.ro\/index.php\/2021\/04\/19\/o-viata-in-minciuna-horia-roman-patapievici\/#primaryimage"},"thumbnailUrl":"https:\/\/desteptati-va.ro\/wp-content\/uploads\/2021\/04\/horiaromanpatapievici.jpg","datePublished":"2021-04-19T08:19:06+00:00","author":{"@id":"https:\/\/desteptati-va.ro\/#\/schema\/person\/13182deeebd44920914899f7bb262d6b"},"breadcrumb":{"@id":"https:\/\/desteptati-va.ro\/index.php\/2021\/04\/19\/o-viata-in-minciuna-horia-roman-patapievici\/#breadcrumb"},"inLanguage":"ro-RO","potentialAction":[{"@type":"ReadAction","target":["https:\/\/desteptati-va.ro\/index.php\/2021\/04\/19\/o-viata-in-minciuna-horia-roman-patapievici\/"]}]},{"@type":"ImageObject","inLanguage":"ro-RO","@id":"https:\/\/desteptati-va.ro\/index.php\/2021\/04\/19\/o-viata-in-minciuna-horia-roman-patapievici\/#primaryimage","url":"https:\/\/desteptati-va.ro\/wp-content\/uploads\/2021\/04\/horiaromanpatapievici.jpg","contentUrl":"https:\/\/desteptati-va.ro\/wp-content\/uploads\/2021\/04\/horiaromanpatapievici.jpg","width":450,"height":280},{"@type":"BreadcrumbList","@id":"https:\/\/desteptati-va.ro\/index.php\/2021\/04\/19\/o-viata-in-minciuna-horia-roman-patapievici\/#breadcrumb","itemListElement":[{"@type":"ListItem","position":1,"name":"Prima pagin\u0103","item":"https:\/\/desteptati-va.ro\/"},{"@type":"ListItem","position":2,"name":"O via\u0163\u0103 \u00een minciun\u0103 &#8211; Horia Roman Patapievici"}]},{"@type":"WebSite","@id":"https:\/\/desteptati-va.ro\/#website","url":"https:\/\/desteptati-va.ro\/","name":"","description":"","potentialAction":[{"@type":"SearchAction","target":{"@type":"EntryPoint","urlTemplate":"https:\/\/desteptati-va.ro\/?s={search_term_string}"},"query-input":{"@type":"PropertyValueSpecification","valueRequired":true,"valueName":"search_term_string"}}],"inLanguage":"ro-RO"},{"@type":"Person","@id":"https:\/\/desteptati-va.ro\/#\/schema\/person\/13182deeebd44920914899f7bb262d6b","name":"wolfsoftcompany","image":{"@type":"ImageObject","inLanguage":"ro-RO","@id":"https:\/\/desteptati-va.ro\/#\/schema\/person\/image\/","url":"https:\/\/secure.gravatar.com\/avatar\/a6cce9b6d101d27d91690e7073e300fed94c0899890bf998e082cb9d2c3d121e?s=96&d=mm&r=g","contentUrl":"https:\/\/secure.gravatar.com\/avatar\/a6cce9b6d101d27d91690e7073e300fed94c0899890bf998e082cb9d2c3d121e?s=96&d=mm&r=g","caption":"wolfsoftcompany"},"sameAs":["http:\/\/desteptati-va.ro"],"url":"https:\/\/desteptati-va.ro\/index.php\/author\/wolfsoftcompany\/"}]}},"_links":{"self":[{"href":"https:\/\/desteptati-va.ro\/index.php\/wp-json\/wp\/v2\/posts\/3919","targetHints":{"allow":["GET"]}}],"collection":[{"href":"https:\/\/desteptati-va.ro\/index.php\/wp-json\/wp\/v2\/posts"}],"about":[{"href":"https:\/\/desteptati-va.ro\/index.php\/wp-json\/wp\/v2\/types\/post"}],"author":[{"embeddable":true,"href":"https:\/\/desteptati-va.ro\/index.php\/wp-json\/wp\/v2\/users\/1"}],"replies":[{"embeddable":true,"href":"https:\/\/desteptati-va.ro\/index.php\/wp-json\/wp\/v2\/comments?post=3919"}],"version-history":[{"count":1,"href":"https:\/\/desteptati-va.ro\/index.php\/wp-json\/wp\/v2\/posts\/3919\/revisions"}],"predecessor-version":[{"id":3921,"href":"https:\/\/desteptati-va.ro\/index.php\/wp-json\/wp\/v2\/posts\/3919\/revisions\/3921"}],"wp:featuredmedia":[{"embeddable":true,"href":"https:\/\/desteptati-va.ro\/index.php\/wp-json\/wp\/v2\/media\/1743"}],"wp:attachment":[{"href":"https:\/\/desteptati-va.ro\/index.php\/wp-json\/wp\/v2\/media?parent=3919"}],"wp:term":[{"taxonomy":"category","embeddable":true,"href":"https:\/\/desteptati-va.ro\/index.php\/wp-json\/wp\/v2\/categories?post=3919"},{"taxonomy":"post_tag","embeddable":true,"href":"https:\/\/desteptati-va.ro\/index.php\/wp-json\/wp\/v2\/tags?post=3919"}],"curies":[{"name":"wp","href":"https:\/\/api.w.org\/{rel}","templated":true}]}}