{"id":3922,"date":"2021-04-19T08:20:25","date_gmt":"2021-04-19T08:20:25","guid":{"rendered":"http:\/\/desteptati.ro\/?p=3922"},"modified":"2021-04-19T08:20:25","modified_gmt":"2021-04-19T08:20:25","slug":"mai-mult-despre-tokes-laszlo","status":"publish","type":"post","link":"https:\/\/desteptati-va.ro\/index.php\/2021\/04\/19\/mai-mult-despre-tokes-laszlo\/","title":{"rendered":"Mai mult despre Tokes Laszlo"},"content":{"rendered":"<div class=\"post-content\"><div class='booster-block booster-read-block'>\n                <div class=\"twp-read-time\">\n                \t<i class=\"booster-icon twp-clock\"><\/i> <span>Read Time:<\/span>6 Minute, 47 Second                <\/div>\n\n            <\/div><h4 style=\"text-align: justify;\">F\u0103r\u0103 a gre\u015fi, pot afirma \u015fi ast\u0103zi ceea ce i-am declarat, la cercetarea judec\u0103toreasc\u0103, pre\u015fedintelui completului de judecat\u0103 din \u201cProcesul Timi\u015foara\u201d: T\u00f6kes Laszlo nu a fost \u00eempotriva lui Ceau\u015fescu \u015fi nici erou al Revolu\u0163iei, el a fost \u015fi este \u00eempotriva Rom\u00e2niei\u201d.<\/h4>\r\n<h4 style=\"text-align: justify;\">Cultivat \u015fi inteligent, ambi\u0163ios, provenit din familia unui \u00eenalt ierarh al bisericii reformate, a fost educat, \u00eempreun\u0103 cu cei 7 fra\u0163i \u015fi surori \u00een spirit revizionist, antirom\u00e2nesc. \u00cenc\u0103 din timpul facult\u0103\u0163ii avea \u00een preocup\u0103ri dezvoltarea spiritului extremist, antirom\u00e2nesc, motiv pentru care a locuit \u00een c\u0103minul facult\u0103\u0163ii de teologie (de\u015fi avea cas\u0103 \u00een Cluj-Napoca), pentru a-\u015fi \u00eendoctrina colegii, mul\u0163i dintre ei proveni\u0163i din familii oneste de maghiari, n\u0103scu\u0163i \u015fi crescu\u0163i printre rom\u00e2ni. \u00centre\u0163inea rela\u0163ii apropiate cu ini\u0163iatorii revistei samizdat \u201eEllenpontok\u201d (Contrapuncte) a c\u0103rei finan\u0163are s-a f\u0103cut de c\u0103tre serviciul de spionaj ungar prin\u00a0 intermediul Consulatului Ungariei din Cluj dar \u015fi al agen\u0163ilor din emigra\u0163ia din Canada si SUA.<\/h4>\r\n<h4 style=\"text-align: justify;\"><\/h4>\r\n<figure id=\"attachment_2024\" aria-describedby=\"caption-attachment-2024\" style=\"width: 349px\" class=\"wp-caption aligncenter\"><a href=\"http:\/\/www.desteptati-va.ro\/wp-content\/uploads\/2011\/05\/Szocs_geza.jpg\"><img loading=\"lazy\" decoding=\"async\" class=\" wp-image-2024\" title=\"Szocs Geza\" src=\"http:\/\/www.desteptati-va.ro\/wp-content\/uploads\/2011\/05\/Szocs_geza-257x300.jpg\" alt=\"Szocs Geza\" width=\"349\" height=\"407\" \/><\/a><figcaption id=\"caption-attachment-2024\" class=\"wp-caption-text\">Szocs Geza<\/figcaption><\/figure>\r\n<h4 style=\"text-align: justify;\">\u00cen acea perioad\u0103, T\u00f6kes Laszlo a fost studiat \u015fi probabil recrutat pe baza sentimentelor sale nationaliste exacerbate. De men\u0163ionat c\u0103 Sz\u00f6cs Geza, ini\u0163iatorul revistei \u201eEllenpontok\u201d este ast\u0103zi secretar de stat \u00een Ministerul Culturii din \u0163ara vecin\u0103.<\/h4>\r\n<h4 style=\"text-align: justify;\">\u00cen anii &#8217;88 &#8211; &#8217;89, c\u00e2nd se finaliza ac\u0163iunea concertat\u0103 a serviciilor de spionaj din vest \u00eempotriva \u201elag\u0103rului socialist\u201d, T\u00f6kes Laszlo a fost activat, mai ales c\u0103 de doi ani func\u0163iona ca preot capelan \u00een Timi\u015foara, ora\u015f din imediata apropiere a grani\u0163ei de vest, cu o popula\u0163ie eterogen\u0103 etnic, cu mul\u0163i enoria\u015fi ai cultelor neoprotestante (bapti\u015fti, \u00een special) folosi\u0163i ca mas\u0103 u\u015for de manevrat prin pastorii lor, \u00een majoritate afla\u0163i \u00een contactul \u201ediploma\u0163ilor\u201d SUA de la Bucure\u015fti.<\/h4>\r\n<h4 style=\"text-align: justify;\">\u00cenceputul \u00eel face cu o a\u015fa zis\u0103 scrisoare \u00een care T\u00f6kes Laszlo protesta \u00eempotriva politicii de sistematizare a satelor ini\u0163iat\u0103 de Nicolae Ceausescu, scrisoare citit\u0103 la postul de radio \u201eEuropa Liber\u0103\u201d \u00een limba maghiar\u0103 \u015fi la postul de radio Budapesta. Se pare totu\u015fi c\u0103 \u015fi \u00een acest caz s-a procedat de c\u0103tre serviciile speciale ca \u015fi \u00een cazul \u201eScrisorii celor 6\u201d, scrisoarea fiind conceput\u0103 \u00een creuzetele sec\u0163iilor de dezinformare ale acestora.<\/h4>\r\n<h4 style=\"text-align: justify;\">Din momentul \u00een care T\u00f6kes Lazslo a f\u0103cut public a\u015fa-zisul s\u0103u protest, a \u00eenceput sarabanda contact\u0103rii lui \u015fi a dirij\u0103rii agresive pentru culegerea de informa\u0163ii din toate domeniile, motiv pentru care \u00ee\u015fi l\u0103rge\u015fte anturajul cu medici, juri\u015fti, juri\u015fti militari, ingineri \u2013 to\u0163i de na\u0163ionalitate maghiar\u0103.<\/h4>\r\n<h4 style=\"text-align: justify;\">\u00centruc\u00e2t nu-i putea primi \u00een garsoniera \u00een care locuia, T\u00f6kes Laszlo \u201eridic\u0103 m\u00e2na\u201d \u00eempotriva preotului titular \u2013 Pauker Leo \u2013 care locuia \u00eentr-un spa\u0163ios apartament parohial. Nu mai avea comunicare cu ierarhul s\u0103u dec\u00e2t prin biletele pe care i le strecura pe sub u\u015f\u0103, \u00eel \u015ficana \u00een fel \u015fi chip p\u00e2n\u0103 c\u00e2nd b\u0103tr\u00e2nului Pauker i-a cedat inima\u2026<\/h4>\r\n<h4 style=\"text-align: justify;\">De\u015fi nu este numit preot titular de c\u0103tre Episcopul de Oradea, T\u00f6kes Laszlo se mut\u0103 \u00een spa\u0163iosul apartament parohial din str. Timotei Cipariu \u015fi \u00ee\u015fi continu\u0103 cu mai mult\u0103 perseveren\u0163\u0103 activitatea de culegere \u015fi transmitere de informa\u0163ii. Deoarece am cunoscut din timp inten\u0163iile sale, apartamentul respectiv a fost foarte bine \u201emobilat\u201d, a\u015fa c\u0103 aveam controlul activit\u0103\u0163ilor sale antirom\u00e2nesti. \u00cen aprilie \u201f89, dup\u0103 ora 22.00, la locuin\u0163a lui T\u00f6kes Laszlo \u015fi \u00een biseric\u0103 ni se semnaleaz\u0103 \u201eactivitate intens\u0103\u201d. T\u00f6kes Laszlo d\u0103dea un interviu \u00eenregistrat video de Michel Clair, fost ministru \u00een Canada, \u015fi Rejean Roy, reporter la radioul canadian, con\u0163inutul fiind total antirom\u00e2nesc. Am aflat ulterior de la un reporter freelance, c\u0103 deplasarea celor doi a fost finan\u0163at\u0103 de \u201cemigra\u0163ia maghiar\u0103\u201d din SUA \u015fi Canada \u015fi c\u0103 fuseser\u0103 \u00eenso\u0163i\u0163i de doi \u201ecet\u0103\u0163eni unguri\u201d delega\u0163i de la Budapesta. To\u0163i au c\u0103l\u0103torit separat \u015fi au intrat \u00een \u0163ar\u0103 la date diferite, prin dou\u0103 puncte de frontier\u0103. Din p\u0103cate, de\u015fi am controlat momentul operativ, nu am reu\u015fit s\u0103 intr\u0103m \u00een posesia casetei video, ea fiind scoas\u0103 de cei doi \u201ecet\u0103\u0163eni unguri\u201d a c\u0103ror prezen\u0163\u0103 la T\u00f6kes nu a fost remarcat\u0103, de\u015fi s-a audiat materialul T.O. de mai multe ori.<\/h4>\r\n<h4 style=\"text-align: justify;\"><\/h4>\r\n<figure id=\"attachment_2025\" aria-describedby=\"caption-attachment-2025\" style=\"width: 345px\" class=\"wp-caption aligncenter\"><a href=\"http:\/\/www.desteptati-va.ro\/wp-content\/uploads\/2011\/05\/mihai.jpg\"><img loading=\"lazy\" decoding=\"async\" class=\" wp-image-2025\" title=\"Mihai I\" src=\"http:\/\/www.desteptati-va.ro\/wp-content\/uploads\/2011\/05\/mihai-231x300.jpg\" alt=\"Mihai I\" width=\"345\" height=\"448\" \/><\/a><figcaption id=\"caption-attachment-2025\" class=\"wp-caption-text\">Mihai I<\/figcaption><\/figure>\r\n<h4 style=\"text-align: justify;\">\u00cen iulie \u201f89, dup\u0103 deschiderea grani\u0163ei Ungariei cu Austria pentru cet\u0103\u0163enii est- germani, s-a trecut la aplicarea planului pentru Rom\u00e2nia. Timp de o s\u0103pt\u0103m\u00e2n\u0103, la mai toate programele radio \u015fi TV din Ungaria se anunta pentru data de 21 iulie, la emisiunea \u201ePanorama\u201d a postului TV-2 din Budapesta, un interviu cu pastorul \u201eoprimat\u201d T\u00f6kes Laszlo \u015fi cu Mihai I, ex-regele Rom\u00e2niei. La emisiunea respectiv\u0103 a fost prezentat doar interviul video luat lui T\u00f6kes Laszlo. De\u015fi fapta sa intra sub inciden\u0163a Legii 23\/1971, am considerat c\u0103 lu\u00e2nd m\u0103suri punitive (amend\u0103) \u00eel vom martiriza inutil. Nu l-am deranjat, dar \u201emutarea\u201d noastr\u0103 i-a luat prin surprindere pe cei ce \u00eei coordonau activit\u0103\u0163ile, a\u015fa c\u0103 T\u00f6kes Laszlo s-a \u201eautopedepsit\u201d \u015fi nu a mai ie\u015fit din cas\u0103 dec\u00e2t la \u00eenmorm\u00e2nt\u0103ri \u015fi atunci \u00eenso\u0163it.<\/h4>\r\n<h4 style=\"text-align: justify;\">Activitatea lui de culegere \u015fi transmitere de informa\u0163ii continu\u0103, este contactat aproape s\u0103pt\u0103m\u00e2nal, \u00een timpul slujbei, de c\u0103tre emisari veni\u0163i din \u0163ara vecin\u0103. Au fost \u015fi momente hazlii: un cet\u0103\u0163ean ungur ce asigura contrafilajul celui ce prelua materialele s-a a\u015fezat exact l\u00e2ng\u0103 ofi\u0163erul nostru de filaj ce supraveghea ie\u015firea din imobilul bisericii de pe str. Timotei Cipariu (profesionist, dup\u0103 modul de alegere a locului de observare).<\/h4>\r\n<h4 style=\"text-align: justify;\">Momentul culminant a fost \u00een 20.10.1989, c\u00e2nd, la ie\u015firea din \u0163ar\u0103 a doi \u201ecet\u0103\u0163eni unguri\u201d lua\u0163i in filaj din str. Timotei Cipariu, la controlul autovehiculului Lada Samara \u00een punctul de frontier\u0103 Bor\u015f, s-au g\u0103sit, ascunse \u00een plafonier\u0103, o chitan\u0163\u0103 olograf\u0103 a lui T\u00f6kes Laszlo pentru suma de 20.000 lei (contravaloarea unei treimi dintr-o Dacie 1300) \u015fi o coal\u0103 format A4 cu informa\u0163ii (sub form\u0103 de \u00eentreb\u0103ri venite de la Budapesta \u015fi r\u0103spunsuri). De\u015fi conducerea DSS a propus arestarea lui T\u00f6kes Laszlo pentru tr\u0103dare, propunere la care a achiesat Procurorul General al Romaniei, Nicolae Ceau\u015fescu nu a aprobat m\u0103sura, av\u00e2nd \u00een vedere situa\u0163ia politic\u0103 interna\u0163ional\u0103 din momentul respectiv.<\/h4>\r\n<h4 style=\"text-align: justify;\">V\u0103z\u00e2nd lipsa noastr\u0103 de reac\u0163ie, oficina care \u00eel dirija a devenit \u00een perioada ce a urmat ostentativ de agresiv\u0103. Afirm aceasta pentru c\u0103 la o s\u0103pt\u0103m\u00e2n\u0103 dup\u0103 incident \u015fi-a facut apari\u0163ia \u015fi frecventa duminical biserica din Timotei Cipariu un alt cet\u0103\u0163ean rom\u00e2n de na\u0163ionalitate maghiar\u0103, aflat la un doctorat \u00een fizic\u0103 la Budapesta de peste 3 ani \u015fi pe care \u00eel aveam \u00een aten\u0163ie ca fiind suspect de tr\u0103dare.<\/h4>\r\n<h4 style=\"text-align: justify;\">Printr-o combina\u0163ie efectuat\u0103 la fostul s\u0103u loc de munc\u0103, \u201el-am speriat\u201d \u015fi, f\u0103r\u0103 a mai \u0163ine cont de regulile pe care fusese instruit s\u0103 le respecte, respectivul l-a apelat telefonic pe un cunoscut cadru al spionajului budapestan aflat la Bucure\u015fti sub acoperire diplomatic\u0103. Mesajul se referea la derularea evenimentelor \u201edin jurul lui T\u00f6kes Laszlo\u201d, dar \u00een acela\u015fi timp \u201eobiectivul\u201d se sim\u0163ea \u00een pericol \u015fi solicita o \u00eent\u00e2lnire cu diplomatul- ofi\u0163er.<\/h4>\r\n<h4 style=\"text-align: justify;\">\u00cen perioada Congresului al XIV-lea al PCR, servicii de specialitate ale unor \u0163\u0103ri ce au cooperat cu Budapesta \u00een amorsarea revoltei din Rom\u00e2nia au trecut la contactarea lui deschis\u0103. Cu c\u00e2teva zile \u00eenainte de evenimentele de la Timi\u015foara s-a aflat \u00een zon\u0103, \u00eencerc\u00e2nd s\u0103 ia leg\u0103tura cu T\u00f6kes Laszlo, Denis Cury, secretar II al Ambasadei SUA la Bucure\u015fti, o \u201ecorespondent\u0103 de pres\u0103\u201d de la Ambasada Marii Britanii, un anume Rudolf Solomon, cet\u0103\u0163ean austriac de la care am confiscat \u015fi o \u00eenregistrare video cu T\u00f6kes Laszlo.<\/h4>\r\n<h4 style=\"text-align: justify;\">Documentele ob\u0163inute pe tot timpul monitoriz\u0103rii lui T\u00f6kes Laszlo conduc f\u0103r\u0103 drept de t\u0103gad\u0103 la o singur\u0103 concluzie: este un tr\u0103d\u0103tor.<\/h4>\r\n<h4 style=\"text-align: justify;\">De\u015fi, la o lun\u0103 dup\u0103 arestarea noastr\u0103 ilegal\u0103, am trimis din penitenciar un raport am\u0103nun\u0163it organelor abilitate despre tr\u0103darea lui T\u00f6kes Laszlo \u015fi Varga Ladislau, eu mi-am continuat \u201esejurul\u201d de 717 zile la Rahova, Jilava \u015fi Timi\u015foara. Lui T\u00f6kes i s-a asigurat protec\u0163ie armat\u0103 timp de peste 6 luni, a fost decorat cu unul dintre cele mai onorante Ordine ale Rom\u00e2niei \u015fi ulterior a devenit europarlamentar.<\/h4>\r\n<h4 style=\"text-align: justify;\">La 1 decembrie 2010, la hotelul Kempinski din Budapesta, T\u00f6kes Laszlo a afirmat: \u201ctotu\u015fi, nici bun\u0103voin\u0163a \u015fi solidaritatea noastr\u0103 necondi\u0163ionat\u0103 nu poate s\u0103 dea uit\u0103rii c\u0103 ceea ce ei s\u0103rb\u0103toresc ca zi de bucurie, pentru noi e o zi de doliu\u201d&#8230;<\/h4>\r\n<h4 style=\"text-align: justify;\"><em>Material realizat de Colonel (r.) Radu Tinu, publicat in Revista Vitralii &#8211; Revista Veteranilor din Serviciile Romane de Informatii &#8211; Anul II\/Nr. 6\/Martie 2011<\/em><\/h4>        <div class=\"booster-block booster-reactions-block\">\n            <div class=\"twp-reactions-icons\">\n                \n                <div class=\"twp-reacts-wrap\">\n                    <a react-data=\"be-react-1\" post-id=\"3922\" class=\"be-face-icons un-reacted\" href=\"javascript:void(0)\">\n                        <img decoding=\"async\" src=\"https:\/\/desteptati-va.ro\/wp-content\/plugins\/booster-extension\/\/assets\/icon\/happy.svg\" alt=\"Happy\">\n                    <\/a>\n                    <div class=\"twp-reaction-title\">\n                        Happy                    <\/div>\n                    <div class=\"twp-count-percent\">\n                                                    <span style=\"display: none;\" class=\"twp-react-count\">0<\/span>\n                        \n                                                <span class=\"twp-react-percent\"><span>0<\/span> %<\/span>\n                                            <\/div>\n                <\/div>\n\n                <div class=\"twp-reacts-wrap\">\n                    <a react-data=\"be-react-2\" post-id=\"3922\" class=\"be-face-icons un-reacted\" href=\"javascript:void(0)\">\n                        <img decoding=\"async\" src=\"https:\/\/desteptati-va.ro\/wp-content\/plugins\/booster-extension\/\/assets\/icon\/sad.svg\" alt=\"Sad\">\n                    <\/a>\n                    <div class=\"twp-reaction-title\">\n                        Sad                    <\/div>\n                    <div class=\"twp-count-percent\">\n                                                    <span style=\"display: none;\" class=\"twp-react-count\">0<\/span>\n                                                                        <span class=\"twp-react-percent\"><span>0<\/span> %<\/span>\n                                            <\/div>\n                <\/div>\n\n                <div class=\"twp-reacts-wrap\">\n                    <a react-data=\"be-react-3\" post-id=\"3922\" class=\"be-face-icons un-reacted\" href=\"javascript:void(0)\">\n                        <img decoding=\"async\" src=\"https:\/\/desteptati-va.ro\/wp-content\/plugins\/booster-extension\/\/assets\/icon\/excited.svg\" alt=\"Excited\">\n                    <\/a>\n                    <div class=\"twp-reaction-title\">\n                        Excited                    <\/div>\n                    <div class=\"twp-count-percent\">\n                                                    <span style=\"display: none;\" class=\"twp-react-count\">0<\/span>\n                                                                        <span class=\"twp-react-percent\"><span>0<\/span> %<\/span>\n                                            <\/div>\n                <\/div>\n\n                <div class=\"twp-reacts-wrap\">\n                    <a react-data=\"be-react-6\" post-id=\"3922\" class=\"be-face-icons un-reacted\" href=\"javascript:void(0)\">\n                        <img decoding=\"async\" src=\"https:\/\/desteptati-va.ro\/wp-content\/plugins\/booster-extension\/\/assets\/icon\/sleepy.svg\" alt=\"Sleepy\">\n                    <\/a>\n                    <div class=\"twp-reaction-title\">\n                        Sleepy                    <\/div>\n                    <div class=\"twp-count-percent\">\n                                                    <span style=\"display: none;\" class=\"twp-react-count\">0<\/span>\n                        \n                                                <span class=\"twp-react-percent\"><span>0<\/span> %<\/span>\n                                            <\/div>\n                <\/div>\n\n                <div class=\"twp-reacts-wrap\">\n                    <a react-data=\"be-react-4\" post-id=\"3922\" class=\"be-face-icons un-reacted\" href=\"javascript:void(0)\">\n                        <img decoding=\"async\" src=\"https:\/\/desteptati-va.ro\/wp-content\/plugins\/booster-extension\/\/assets\/icon\/angry.svg\" alt=\"Angry\">\n                    <\/a>\n                    <div class=\"twp-reaction-title\">Angry<\/div>\n                    <div class=\"twp-count-percent\">\n                                                    <span style=\"display: none;\" class=\"twp-react-count\">0<\/span>\n                                                                        <span class=\"twp-react-percent\"><span>0<\/span> %<\/span>\n                        \n                    <\/div>\n                <\/div>\n\n                <div class=\"twp-reacts-wrap\">\n                    <a react-data=\"be-react-5\" post-id=\"3922\" class=\"be-face-icons un-reacted\" href=\"javascript:void(0)\">\n                        <img decoding=\"async\" src=\"https:\/\/desteptati-va.ro\/wp-content\/plugins\/booster-extension\/\/assets\/icon\/surprise.svg\" alt=\"Surprise\">\n                    <\/a>\n                    <div class=\"twp-reaction-title\">Surprise<\/div>\n                    <div class=\"twp-count-percent\">\n                                                    <span style=\"display: none;\" class=\"twp-react-count\">0<\/span>\n                                                                        <span class=\"twp-react-percent\"><span>0<\/span> %<\/span>\n                                            <\/div>\n                <\/div>\n\n            <\/div>\n        <\/div>\n\n    <\/div>","protected":false},"excerpt":{"rendered":"<p>F\u0103r\u0103 a gre\u015fi, pot afirma \u015fi ast\u0103zi ceea ce i-am declarat, la cercetarea judec\u0103toreasc\u0103, pre\u015fedintelui completului de judecat\u0103 din \u201cProcesul<a href=\"https:\/\/desteptati-va.ro\/index.php\/2021\/04\/19\/mai-mult-despre-tokes-laszlo\/\">Read More<i class=\"fa fa-long-arrow-right\" aria-hidden=\"true\"><\/i><\/a><\/p>\n","protected":false},"author":1,"featured_media":2791,"comment_status":"open","ping_status":"open","sticky":false,"template":"","format":"standard","meta":{"_crdt_document":"","footnotes":""},"categories":[3,10],"tags":[1180,1181,1182,59,60,1183,1184,1185,512,680,1186,895,1187,1154,179,1188,683,1189,684,526,83,84],"class_list":["post-3922","post","type-post","status-publish","format-standard","has-post-thumbnail","hentry","category-decembrie-89","category-tradari-tradatori-si-altii","tag-antiromanesc","tag-consulat","tag-contrapuncte","tag-desteptati","tag-desteptati-va","tag-europa-libera","tag-extremist","tag-informator","tag-laszlo","tag-laszlo-tokes","tag-preot","tag-radio","tag-recrutat","tag-revizionist","tag-romania","tag-serviciu-de-spionaj","tag-spion","tag-szocs-geza","tag-timisoara","tag-tokes","tag-tradare","tag-ungaria"],"rise-blocks_total_comments":0,"rise-blocks_categories":[{"term_id":10,"name":"Tradari, tradatori si altii","slug":"tradari-tradatori-si-altii","term_group":0,"term_taxonomy_id":10,"taxonomy":"category","description":"","parent":3,"count":12,"filter":"raw"}],"rise-blocks_excerpt":"F\u0103r\u0103 a gre\u015fi, pot afirma \u015fi ast\u0103zi ceea ce i-am declarat, la cercetarea judec\u0103toreasc\u0103, pre\u015fedintelui completului de judecat\u0103 din \u201cProcesul Timi\u015foara\u201d: T\u00f6kes Laszlo nu a fost \u00eempotriva lui Ceau\u015fescu \u015fi nici erou al Revolu\u0163iei, el a fost \u015fi este \u00eempotriva Rom\u00e2niei\u201d. Cultivat \u015fi inteligent, ambi\u0163ios, provenit din familia unui \u00eenalt ierarh al bisericii reformate, a fost educat, \u00eempreun\u0103 cu cei..","yoast_head":"<!-- This site is optimized with the Yoast SEO plugin v26.9 - https:\/\/yoast.com\/product\/yoast-seo-wordpress\/ -->\r\n<title>Mai mult despre Tokes Laszlo -<\/title>\r\n<meta name=\"robots\" content=\"index, follow, max-snippet:-1, max-image-preview:large, max-video-preview:-1\" \/>\r\n<link rel=\"canonical\" href=\"https:\/\/desteptati-va.ro\/index.php\/2021\/04\/19\/mai-mult-despre-tokes-laszlo\/\" \/>\r\n<meta property=\"og:locale\" content=\"ro_RO\" \/>\r\n<meta property=\"og:type\" content=\"article\" \/>\r\n<meta property=\"og:title\" content=\"Mai mult despre Tokes Laszlo -\" \/>\r\n<meta property=\"og:description\" content=\"F\u0103r\u0103 a gre\u015fi, pot afirma \u015fi ast\u0103zi ceea ce i-am declarat, la cercetarea judec\u0103toreasc\u0103, pre\u015fedintelui completului de judecat\u0103 din \u201cProcesulRead More\" \/>\r\n<meta property=\"og:url\" content=\"https:\/\/desteptati-va.ro\/index.php\/2021\/04\/19\/mai-mult-despre-tokes-laszlo\/\" \/>\r\n<meta property=\"article:published_time\" content=\"2021-04-19T08:20:25+00:00\" \/>\r\n<meta property=\"og:image\" content=\"https:\/\/desteptati-va.ro\/wp-content\/uploads\/2021\/04\/LSZL-T11.jpg\" \/>\r\n\t<meta property=\"og:image:width\" content=\"400\" \/>\r\n\t<meta property=\"og:image:height\" content=\"300\" \/>\r\n\t<meta property=\"og:image:type\" content=\"image\/jpeg\" \/>\r\n<meta name=\"author\" content=\"wolfsoftcompany\" \/>\r\n<meta name=\"twitter:card\" content=\"summary_large_image\" \/>\r\n<meta name=\"twitter:label1\" content=\"Scris de\" \/>\n\t<meta name=\"twitter:data1\" content=\"wolfsoftcompany\" \/>\n\t<meta name=\"twitter:label2\" content=\"Timp estimat pentru citire\" \/>\n\t<meta name=\"twitter:data2\" content=\"8 minute\" \/>\r\n<script type=\"application\/ld+json\" class=\"yoast-schema-graph\">{\"@context\":\"https:\/\/schema.org\",\"@graph\":[{\"@type\":\"Article\",\"@id\":\"https:\/\/desteptati-va.ro\/index.php\/2021\/04\/19\/mai-mult-despre-tokes-laszlo\/#article\",\"isPartOf\":{\"@id\":\"https:\/\/desteptati-va.ro\/index.php\/2021\/04\/19\/mai-mult-despre-tokes-laszlo\/\"},\"author\":{\"name\":\"wolfsoftcompany\",\"@id\":\"https:\/\/desteptati-va.ro\/#\/schema\/person\/13182deeebd44920914899f7bb262d6b\"},\"headline\":\"Mai mult despre Tokes Laszlo\",\"datePublished\":\"2021-04-19T08:20:25+00:00\",\"mainEntityOfPage\":{\"@id\":\"https:\/\/desteptati-va.ro\/index.php\/2021\/04\/19\/mai-mult-despre-tokes-laszlo\/\"},\"wordCount\":1532,\"commentCount\":0,\"image\":{\"@id\":\"https:\/\/desteptati-va.ro\/index.php\/2021\/04\/19\/mai-mult-despre-tokes-laszlo\/#primaryimage\"},\"thumbnailUrl\":\"https:\/\/desteptati-va.ro\/wp-content\/uploads\/2021\/04\/LSZL-T11.jpg\",\"keywords\":[\"antiromanesc\",\"Consulat\",\"Contrapuncte\",\"desteptati\",\"desteptati-va\",\"Europa Libera\",\"extremist\",\"informator\",\"Laszlo\",\"Laszlo Tokes\",\"preot\",\"radio\",\"recrutat\",\"revizionist\",\"Romania\",\"serviciu de spionaj\",\"spion\",\"Szocs Geza\",\"Timisoara\",\"Tokes\",\"tradare\",\"Ungaria\"],\"articleSection\":[\"Decembrie 89\",\"Tradari, tradatori si altii\"],\"inLanguage\":\"ro-RO\",\"potentialAction\":[{\"@type\":\"CommentAction\",\"name\":\"Comment\",\"target\":[\"https:\/\/desteptati-va.ro\/index.php\/2021\/04\/19\/mai-mult-despre-tokes-laszlo\/#respond\"]}]},{\"@type\":\"WebPage\",\"@id\":\"https:\/\/desteptati-va.ro\/index.php\/2021\/04\/19\/mai-mult-despre-tokes-laszlo\/\",\"url\":\"https:\/\/desteptati-va.ro\/index.php\/2021\/04\/19\/mai-mult-despre-tokes-laszlo\/\",\"name\":\"Mai mult despre Tokes Laszlo -\",\"isPartOf\":{\"@id\":\"https:\/\/desteptati-va.ro\/#website\"},\"primaryImageOfPage\":{\"@id\":\"https:\/\/desteptati-va.ro\/index.php\/2021\/04\/19\/mai-mult-despre-tokes-laszlo\/#primaryimage\"},\"image\":{\"@id\":\"https:\/\/desteptati-va.ro\/index.php\/2021\/04\/19\/mai-mult-despre-tokes-laszlo\/#primaryimage\"},\"thumbnailUrl\":\"https:\/\/desteptati-va.ro\/wp-content\/uploads\/2021\/04\/LSZL-T11.jpg\",\"datePublished\":\"2021-04-19T08:20:25+00:00\",\"author\":{\"@id\":\"https:\/\/desteptati-va.ro\/#\/schema\/person\/13182deeebd44920914899f7bb262d6b\"},\"breadcrumb\":{\"@id\":\"https:\/\/desteptati-va.ro\/index.php\/2021\/04\/19\/mai-mult-despre-tokes-laszlo\/#breadcrumb\"},\"inLanguage\":\"ro-RO\",\"potentialAction\":[{\"@type\":\"ReadAction\",\"target\":[\"https:\/\/desteptati-va.ro\/index.php\/2021\/04\/19\/mai-mult-despre-tokes-laszlo\/\"]}]},{\"@type\":\"ImageObject\",\"inLanguage\":\"ro-RO\",\"@id\":\"https:\/\/desteptati-va.ro\/index.php\/2021\/04\/19\/mai-mult-despre-tokes-laszlo\/#primaryimage\",\"url\":\"https:\/\/desteptati-va.ro\/wp-content\/uploads\/2021\/04\/LSZL-T11.jpg\",\"contentUrl\":\"https:\/\/desteptati-va.ro\/wp-content\/uploads\/2021\/04\/LSZL-T11.jpg\",\"width\":400,\"height\":300,\"caption\":\"Europarlamentarul independent Laszlo Tokes merge pe holul Parlamentului European, la Bruxelles, marti, 26 februarie 2008. CIPRIAN STERIAN \/ MEDIAFAX FOTO\"},{\"@type\":\"BreadcrumbList\",\"@id\":\"https:\/\/desteptati-va.ro\/index.php\/2021\/04\/19\/mai-mult-despre-tokes-laszlo\/#breadcrumb\",\"itemListElement\":[{\"@type\":\"ListItem\",\"position\":1,\"name\":\"Prima pagin\u0103\",\"item\":\"https:\/\/desteptati-va.ro\/\"},{\"@type\":\"ListItem\",\"position\":2,\"name\":\"Mai mult despre Tokes Laszlo\"}]},{\"@type\":\"WebSite\",\"@id\":\"https:\/\/desteptati-va.ro\/#website\",\"url\":\"https:\/\/desteptati-va.ro\/\",\"name\":\"\",\"description\":\"\",\"potentialAction\":[{\"@type\":\"SearchAction\",\"target\":{\"@type\":\"EntryPoint\",\"urlTemplate\":\"https:\/\/desteptati-va.ro\/?s={search_term_string}\"},\"query-input\":{\"@type\":\"PropertyValueSpecification\",\"valueRequired\":true,\"valueName\":\"search_term_string\"}}],\"inLanguage\":\"ro-RO\"},{\"@type\":\"Person\",\"@id\":\"https:\/\/desteptati-va.ro\/#\/schema\/person\/13182deeebd44920914899f7bb262d6b\",\"name\":\"wolfsoftcompany\",\"image\":{\"@type\":\"ImageObject\",\"inLanguage\":\"ro-RO\",\"@id\":\"https:\/\/desteptati-va.ro\/#\/schema\/person\/image\/\",\"url\":\"https:\/\/secure.gravatar.com\/avatar\/a6cce9b6d101d27d91690e7073e300fed94c0899890bf998e082cb9d2c3d121e?s=96&d=mm&r=g\",\"contentUrl\":\"https:\/\/secure.gravatar.com\/avatar\/a6cce9b6d101d27d91690e7073e300fed94c0899890bf998e082cb9d2c3d121e?s=96&d=mm&r=g\",\"caption\":\"wolfsoftcompany\"},\"sameAs\":[\"http:\/\/desteptati-va.ro\"],\"url\":\"https:\/\/desteptati-va.ro\/index.php\/author\/wolfsoftcompany\/\"}]}<\/script>\r\n<!-- \/ Yoast SEO plugin. -->","yoast_head_json":{"title":"Mai mult despre Tokes Laszlo -","robots":{"index":"index","follow":"follow","max-snippet":"max-snippet:-1","max-image-preview":"max-image-preview:large","max-video-preview":"max-video-preview:-1"},"canonical":"https:\/\/desteptati-va.ro\/index.php\/2021\/04\/19\/mai-mult-despre-tokes-laszlo\/","og_locale":"ro_RO","og_type":"article","og_title":"Mai mult despre Tokes Laszlo -","og_description":"F\u0103r\u0103 a gre\u015fi, pot afirma \u015fi ast\u0103zi ceea ce i-am declarat, la cercetarea judec\u0103toreasc\u0103, pre\u015fedintelui completului de judecat\u0103 din \u201cProcesulRead More","og_url":"https:\/\/desteptati-va.ro\/index.php\/2021\/04\/19\/mai-mult-despre-tokes-laszlo\/","article_published_time":"2021-04-19T08:20:25+00:00","og_image":[{"width":400,"height":300,"url":"https:\/\/desteptati-va.ro\/wp-content\/uploads\/2021\/04\/LSZL-T11.jpg","type":"image\/jpeg"}],"author":"wolfsoftcompany","twitter_card":"summary_large_image","twitter_misc":{"Scris de":"wolfsoftcompany","Timp estimat pentru citire":"8 minute"},"schema":{"@context":"https:\/\/schema.org","@graph":[{"@type":"Article","@id":"https:\/\/desteptati-va.ro\/index.php\/2021\/04\/19\/mai-mult-despre-tokes-laszlo\/#article","isPartOf":{"@id":"https:\/\/desteptati-va.ro\/index.php\/2021\/04\/19\/mai-mult-despre-tokes-laszlo\/"},"author":{"name":"wolfsoftcompany","@id":"https:\/\/desteptati-va.ro\/#\/schema\/person\/13182deeebd44920914899f7bb262d6b"},"headline":"Mai mult despre Tokes Laszlo","datePublished":"2021-04-19T08:20:25+00:00","mainEntityOfPage":{"@id":"https:\/\/desteptati-va.ro\/index.php\/2021\/04\/19\/mai-mult-despre-tokes-laszlo\/"},"wordCount":1532,"commentCount":0,"image":{"@id":"https:\/\/desteptati-va.ro\/index.php\/2021\/04\/19\/mai-mult-despre-tokes-laszlo\/#primaryimage"},"thumbnailUrl":"https:\/\/desteptati-va.ro\/wp-content\/uploads\/2021\/04\/LSZL-T11.jpg","keywords":["antiromanesc","Consulat","Contrapuncte","desteptati","desteptati-va","Europa Libera","extremist","informator","Laszlo","Laszlo Tokes","preot","radio","recrutat","revizionist","Romania","serviciu de spionaj","spion","Szocs Geza","Timisoara","Tokes","tradare","Ungaria"],"articleSection":["Decembrie 89","Tradari, tradatori si altii"],"inLanguage":"ro-RO","potentialAction":[{"@type":"CommentAction","name":"Comment","target":["https:\/\/desteptati-va.ro\/index.php\/2021\/04\/19\/mai-mult-despre-tokes-laszlo\/#respond"]}]},{"@type":"WebPage","@id":"https:\/\/desteptati-va.ro\/index.php\/2021\/04\/19\/mai-mult-despre-tokes-laszlo\/","url":"https:\/\/desteptati-va.ro\/index.php\/2021\/04\/19\/mai-mult-despre-tokes-laszlo\/","name":"Mai mult despre Tokes Laszlo -","isPartOf":{"@id":"https:\/\/desteptati-va.ro\/#website"},"primaryImageOfPage":{"@id":"https:\/\/desteptati-va.ro\/index.php\/2021\/04\/19\/mai-mult-despre-tokes-laszlo\/#primaryimage"},"image":{"@id":"https:\/\/desteptati-va.ro\/index.php\/2021\/04\/19\/mai-mult-despre-tokes-laszlo\/#primaryimage"},"thumbnailUrl":"https:\/\/desteptati-va.ro\/wp-content\/uploads\/2021\/04\/LSZL-T11.jpg","datePublished":"2021-04-19T08:20:25+00:00","author":{"@id":"https:\/\/desteptati-va.ro\/#\/schema\/person\/13182deeebd44920914899f7bb262d6b"},"breadcrumb":{"@id":"https:\/\/desteptati-va.ro\/index.php\/2021\/04\/19\/mai-mult-despre-tokes-laszlo\/#breadcrumb"},"inLanguage":"ro-RO","potentialAction":[{"@type":"ReadAction","target":["https:\/\/desteptati-va.ro\/index.php\/2021\/04\/19\/mai-mult-despre-tokes-laszlo\/"]}]},{"@type":"ImageObject","inLanguage":"ro-RO","@id":"https:\/\/desteptati-va.ro\/index.php\/2021\/04\/19\/mai-mult-despre-tokes-laszlo\/#primaryimage","url":"https:\/\/desteptati-va.ro\/wp-content\/uploads\/2021\/04\/LSZL-T11.jpg","contentUrl":"https:\/\/desteptati-va.ro\/wp-content\/uploads\/2021\/04\/LSZL-T11.jpg","width":400,"height":300,"caption":"Europarlamentarul independent Laszlo Tokes merge pe holul Parlamentului European, la Bruxelles, marti, 26 februarie 2008. CIPRIAN STERIAN \/ MEDIAFAX FOTO"},{"@type":"BreadcrumbList","@id":"https:\/\/desteptati-va.ro\/index.php\/2021\/04\/19\/mai-mult-despre-tokes-laszlo\/#breadcrumb","itemListElement":[{"@type":"ListItem","position":1,"name":"Prima pagin\u0103","item":"https:\/\/desteptati-va.ro\/"},{"@type":"ListItem","position":2,"name":"Mai mult despre Tokes Laszlo"}]},{"@type":"WebSite","@id":"https:\/\/desteptati-va.ro\/#website","url":"https:\/\/desteptati-va.ro\/","name":"","description":"","potentialAction":[{"@type":"SearchAction","target":{"@type":"EntryPoint","urlTemplate":"https:\/\/desteptati-va.ro\/?s={search_term_string}"},"query-input":{"@type":"PropertyValueSpecification","valueRequired":true,"valueName":"search_term_string"}}],"inLanguage":"ro-RO"},{"@type":"Person","@id":"https:\/\/desteptati-va.ro\/#\/schema\/person\/13182deeebd44920914899f7bb262d6b","name":"wolfsoftcompany","image":{"@type":"ImageObject","inLanguage":"ro-RO","@id":"https:\/\/desteptati-va.ro\/#\/schema\/person\/image\/","url":"https:\/\/secure.gravatar.com\/avatar\/a6cce9b6d101d27d91690e7073e300fed94c0899890bf998e082cb9d2c3d121e?s=96&d=mm&r=g","contentUrl":"https:\/\/secure.gravatar.com\/avatar\/a6cce9b6d101d27d91690e7073e300fed94c0899890bf998e082cb9d2c3d121e?s=96&d=mm&r=g","caption":"wolfsoftcompany"},"sameAs":["http:\/\/desteptati-va.ro"],"url":"https:\/\/desteptati-va.ro\/index.php\/author\/wolfsoftcompany\/"}]}},"_links":{"self":[{"href":"https:\/\/desteptati-va.ro\/index.php\/wp-json\/wp\/v2\/posts\/3922","targetHints":{"allow":["GET"]}}],"collection":[{"href":"https:\/\/desteptati-va.ro\/index.php\/wp-json\/wp\/v2\/posts"}],"about":[{"href":"https:\/\/desteptati-va.ro\/index.php\/wp-json\/wp\/v2\/types\/post"}],"author":[{"embeddable":true,"href":"https:\/\/desteptati-va.ro\/index.php\/wp-json\/wp\/v2\/users\/1"}],"replies":[{"embeddable":true,"href":"https:\/\/desteptati-va.ro\/index.php\/wp-json\/wp\/v2\/comments?post=3922"}],"version-history":[{"count":1,"href":"https:\/\/desteptati-va.ro\/index.php\/wp-json\/wp\/v2\/posts\/3922\/revisions"}],"predecessor-version":[{"id":3924,"href":"https:\/\/desteptati-va.ro\/index.php\/wp-json\/wp\/v2\/posts\/3922\/revisions\/3924"}],"wp:featuredmedia":[{"embeddable":true,"href":"https:\/\/desteptati-va.ro\/index.php\/wp-json\/wp\/v2\/media\/2791"}],"wp:attachment":[{"href":"https:\/\/desteptati-va.ro\/index.php\/wp-json\/wp\/v2\/media?parent=3922"}],"wp:term":[{"taxonomy":"category","embeddable":true,"href":"https:\/\/desteptati-va.ro\/index.php\/wp-json\/wp\/v2\/categories?post=3922"},{"taxonomy":"post_tag","embeddable":true,"href":"https:\/\/desteptati-va.ro\/index.php\/wp-json\/wp\/v2\/tags?post=3922"}],"curies":[{"name":"wp","href":"https:\/\/api.w.org\/{rel}","templated":true}]}}