{"id":3932,"date":"2021-04-19T08:26:10","date_gmt":"2021-04-19T08:26:10","guid":{"rendered":"http:\/\/desteptati.ro\/?p=3932"},"modified":"2021-04-19T08:26:10","modified_gmt":"2021-04-19T08:26:10","slug":"afacerea-pacepa","status":"publish","type":"post","link":"https:\/\/desteptati-va.ro\/index.php\/2021\/04\/19\/afacerea-pacepa\/","title":{"rendered":"Afacerea Pacepa"},"content":{"rendered":"<div class=\"post-content\"><div class='booster-block booster-read-block'>\n                <div class=\"twp-read-time\">\n                \t<i class=\"booster-icon twp-clock\"><\/i> <span>Read Time:<\/span>18 Minute, 27 Second                <\/div>\n\n            <\/div><h4 style=\"text-align: justify;\">Tr\u0103darea lui Ion Mihai Pacepa\u00a0 ocup\u0103 cu intermiten\u021be, \u00eentotdeauna calculate, pagini ale spa\u021biului mediatic rom\u00e2nesc din ultimele dou\u0103 decenii. Etichetele cele mai frecvente: \u201ctr\u0103d\u0103tor\u201d, \u201cdefector\u201d sau \u201cerou\u201d i-au fost atribuite\u00a0 func\u021bie de contextul \u00een care i s-au judecat faptele, ori de partea baricadei\u00a0 ideologice \u00een care s-au aflat comentatorii.<\/h4>\r\n<h4 style=\"text-align: justify;\">Tr\u0103darea implic\u0103 \u201cdefectiunea\u201d, deci nu suntem \u00een prezen\u021ba a dou\u0103 no\u021biuni distincte. \u201cDefectorul\u201d (dezertorul) este un termen de jargon profesional, care a f\u0103cut carier\u0103 dup\u0103 o carte de referin\u021b\u0103 \u00een materie de tr\u0103d\u0103tori, a lui Harry Rositze, intitulat\u0103 \u201cC.I.A. 25 ans au sein de l`Agence d`espionage\u201d, aparut\u0103 \u00een 1978.\u00a0 Autorul a radiografiat marile cazuri de tr\u0103dare ale unor \u00eenal\u021bi ofi\u021beri, spioni sau\/\u0219i diploma\u021bi ai Moscovei,\u00a0 \u00eencep\u00e2nd cu anii`50 din epoca\u00a0 r\u0103zboiului rece.\u00a0 Pentru a nu se complica \u00een i\u021bele \u0219i a\u0219a \u00eencurcate ale aspectelor politico-diplomatice ridicate de fiecare caz de tr\u0103dare, anchetatorii americani,\u00a0 care se ocupau cu \u201cdesc\u0103rcarea de informa\u021bii\u201d a dezertorilor importan\u021bi din elita serviciilor de securitate\u00a0 ori armatelor din \u021b\u0103rile Tratatului de la Var\u0219ovia,\u00a0 i-au numit pe cei care s\u0103v\u00e2r\u0219eau oripilanta crima a tr\u0103d\u0103rii, dintotdeauna pedepsit\u0103 cu moartea, \u201cdefectori\u201d.<\/h4>\r\n<h4 style=\"text-align: justify;\">\u00cen opinia noastr\u0103, denumirea nu a fost, \u00eens\u0103, \u201cla inspira\u021bie\u201d, ci rezultatul unor ra\u021bionamente. Astfel, termenul, pe care unii sunt tenta\u021bi s\u0103-l considere\u00a0 doar un eufemism pentru desemnarea tr\u0103d\u0103torului, are semnifica\u021bii multiple \u0219i de ad\u00e2ncime:<\/h4>\r\n<ul>\r\n \t<li style=\"text-align: justify;\">\r\n<h4>un agent care s-a pus \u00een serviciul altui stat, urmare a defec\u021biunii sistemului de contraspionaj advers, care s-a bazat pe cineva nesigur, admis \u00een sistem f\u0103r\u0103 a fi fost temeinic verificat, iar ulterior nu i s-au cunoscut \u0219i demascat inten\u021biile, pentru a nu fi posibil\u0103 tr\u0103darea;<\/h4>\r\n<\/li>\r\n \t<li>\r\n<h4>un agent care, prin secretele furnizate, a provocat defecte sistemului de securitate al par\u021bii adverse;<\/h4>\r\n<\/li>\r\n \t<li>\r\n<h4>un agent cu defecte,\u00a0 tare caracteriale ori vicii, pe seama\u00a0 c\u0103rora a fost racolat , pus \u00een dependen\u021b\u0103, determinat s\u0103 tr\u0103deze \u0219i fa\u021b\u0103 de care se impune pruden\u021b\u0103 \u0219i un regim special;<\/h4>\r\n<\/li>\r\n \t<li>\r\n<h4>un agent care, aparent s-a predat \u0219i reu\u0219e\u0219te s\u0103 ca\u0219tige \u00eencredere, pentru ca ulterior s\u0103-\u0219i valorifice poten\u021bialul defector \u00eempotriva p\u0103r\u021bii care l-a adoptat.<\/h4>\r\n<\/li>\r\n<\/ul>\r\n<h4 style=\"text-align: justify;\">Pe un astfel de ra\u021bionament, Jesus Angleton, contraspionul \u0219ef al C.I.A., din anii ei de glorie, a dezvoltat un adevarat proces tehnologic de v\u00e2n\u0103toare a presupu\u0219ilor agen\u021bi ai serviciilor estice,\u00a0 trimi\u0219i \u00eenspre Agen\u021bie ca defectori. Nu se poate spune c\u0103 Angleton, primul spion\u00a0 american (cu acoperire diplomatic\u0103 la Roma) care a recrutat ca agent un viitor Pap\u0103, pe cardinalul Montini, dup\u0103 ce constatase c\u00e2t de ad\u00e2nc p\u0103trunseser\u0103 sovieticii \u00een\u00a0 Cetatea Sf\u00e2ntului Scaun, nu ar fi avut temei s\u0103 nu vad\u0103 \u00een fiecare \u201cdefector\u201d un agent de intoxicare. Inconvenientul era \u00eens\u0103 pe m\u0103sur\u0103. De fiecare defector se ocupa o echipa complex\u0103, care r\u0103m\u00e2nea blocat\u0103 timp \u00eendelungat. Cum num\u0103rul defectorilor tot cre\u0219tea, sporeau \u0219i efectivele contraspionajului ocupate cu cercetarea lor \u0219i verificarea informa\u021biilor furnizate. \u00cen acest fel, contraspionajul S.U.A. putea alerga pe nesf\u00e2r\u0219ite piste false \u0219i condimentate cu tot felul de surprize, care le faceau din ce \u00een ce mai interesante, iar spionajul sovietic avea cale liber\u0103 pe autostr\u0103zile informa\u021biilor delicate\u00a0 ale na\u021biunii americane.<\/h4>\r\n<h4 style=\"text-align: justify;\">Clasificarea defectorilor: dezertori la inamic, fugari din \u021bar\u0103, pe loc (\u00een obiectiv \u2013 Mircea R\u0103ceanu), iar dup\u0103 motive \u2013 voluntari, cointeresa\u021bi, \u0219antaja\u021bi.<\/h4>\r\n<h4 style=\"text-align: justify;\">\u00cen ceea ce prive\u0219te, \u201ctr\u0103darea\u201d \u0219i\u00a0 \u201ceroismul\u201d, etichetele sunt relative \u0219i ra\u021bionamentele mai practice \u0219i ceva mai simple. Este vorba despre fa\u021betele aceleia\u0219i monede, dar a c\u0103rei valoare este dat\u0103 de sistemul referin\u021belor axiologice ale utilizatorului. \u00cen spionaj \u0219i contraspionaj, eroii unei p\u0103r\u021bi\u00a0 sunt tr\u0103d\u0103torii celeilalte p\u0103rti \u0219i viceversa. Astfel, Nathaniel Halle, primul spion erou al Razboiului de independen\u021b\u0103, \u00een urma c\u0103ruia aveau s\u0103 fie proclamate Statele Unite ale Americii, a fost condamnat la moarte de englezi pentru tr\u0103dare. \u00cen cealalt\u0103 parte, americanii i-au ridicat statuie \u0219i i-au pus efigia pe m\u0103rcile po\u0219tale.\u00a0 Pacepa nu face parte din aceast\u0103 categorie de\u00a0 tr\u0103d\u0103tori \u0219i spioni.<\/h4>\r\n<h4 style=\"text-align: justify;\">Tr\u0103darea se judec\u0103 moral, ideologic \u0219i juridic. Referin\u021bele axiologice dominante sunt cele\u00a0 de natur\u0103 ideologic-politic\u0103, \u00een a c\u0103ror lumin\u0103 tr\u0103d\u0103torii de ast\u0103zi pot deveni liderii de m\u00e2ine. La fel stau lucrurile \u0219i \u00een privin\u021ba crimelor politice, tr\u0103darea fiind prima \u0219i cea mai grav\u0103 dintre acestea. Infractorii politici ai regimului \u00eenl\u0103turat de la putere, devin liderii noului regim \u0219i primesc recunoa\u0219terea meritelor lor \u00een lupta \u00eempotriva or\u00e2nduirii \u00eenl\u0103turate. Pacepa nu face parte nici din aceast\u0103 categorie de tr\u0103d\u0103tori conspiratori.<\/h4>\r\n<h4 style=\"text-align: justify;\">De la cele spuse, fac excep\u021bie mercenarii \u0219i tr\u0103d\u0103torii din voca\u021bie, \u00een a c\u0103ror vene, \u00een loc de s\u00e2nge, curge serul conspira\u021biei permanente \u0219i \u00eempotriva tuturor. Asemenea aventurieri f\u0103r\u0103 de neam \u0219i \u021bar\u0103 sunt numero\u0219i, iar \u00eenf\u0103\u021bi\u0219area \u0219i vorbele lor sunt amarnic de \u00een\u0219el\u0103toare. Este categoria pentru care Pacepa, probabil c\u0103 avea minimul punctelor necesare calific\u0103rii, dar nu face parte nici din clubul r\u0103u famat al mercenarilor f\u0103r\u0103 patrie, \u00eentotdeauna la dispozi\u021bia\u00a0 oric\u0103ror servicii de spionaj, pentru a le servi, dar \u0219i tr\u0103da, \u00een egal\u0103 m\u0103sur\u0103.<\/h4>\r\n<h4 style=\"text-align: justify;\">Moral, tr\u0103darea se judec\u0103 \u00a0prin prisma rela\u021biei antagonice dintre \u201cbine\u201d \u0219i \u201cr\u0103u\u201d, precump\u0103nind cauzele care determin\u0103 tr\u0103darea. Etic, tr\u0103darea este o anatem\u0103 irevocabil\u0103.<\/h4>\r\n<h4 style=\"text-align: justify;\">Cauzele pentru care Pacepa a tr\u0103dat,\u00a0 p\u0103rasindu-\u0219i intempestiv patria, pe care a jurat s\u0103 o apere chiar cu pre\u021bul vie\u021bii, pentru a se preda unei puteri str\u0103ine, dintr-o alian\u021b\u0103 politico-militar\u0103 declarat\u0103 inamic\u0103 a Rom\u00e2niei \u0219i \u00eempotriva c\u0103reia a luptat cu convingere \u2013 dovad\u0103 fiind gradele militare, func\u021biile \u0219i onorurile, \u00a0pe care le-a dob\u00e2ndit ca adjunct al \u0219efului spionajului, cu rang de secretar de stat \u00een Ministerul de Interne, nu au avut nimic \u00een comun cu vreo atitudine antisistem sau vreo disiden\u021b\u0103 fa\u021b\u0103 de partidul comunist, ori\u00a0 \u00eempotrivire la ordinele conduc\u0103torului acestuia. Dimpotriv\u0103, Pacepa a fost un important st\u00e2lp al cultului personalit\u0103\u021bii lui Nicolae \u0219i Elena Ceau\u0219escu, a c\u0103ror oper\u0103 politic\u0103 \u0219i \u0219tiin\u021bific\u0103\u00a0 a r\u0103sp\u00e2ndit-o cu ardoare \u00een \u00eentreaga lume, colec\u021bion\u00e2ndu-le, ca pentru sine, \u00eenalte titluri \u0219i onoruri academice.<\/h4>\r\n<h4 style=\"text-align: justify;\">Dac\u0103 actul tr\u0103d\u0103rii generalului Pacepa nu putea s\u0103 aib\u0103 o motiva\u021bie \u00een convingerile sale morale\u00a0 ori ideologice, atunci de ce a f\u0103cut pasul?<\/h4>\r\n<h4 style=\"text-align: justify;\">Circumstan\u021bele\u00a0 deciziei\u00a0 lui Pacepa de a mai tr\u0103da, \u00eenc\u0103 odat\u0103, Rom\u00e2nia aveau antecedente \u00een timp. Dac\u0103 la \u00eenceputul anilor `50, c\u00e2nd Pacepa a fost \u00eencadrat \u00een Securitatea Statului Rom\u00e2n, din \u00eenalt \u201cucaz\u201d, Rom\u00e2nia\u00a0 s-a aflat sub \u201ccisma sovietic\u0103\u201d \u0219i altfel nu se putea, ulterior,\u00a0 c\u00e2nd a \u00eenceput desovietivizarea, Pacepa, ca \u0219i \u0219eful s\u0103u Nicolae Doicaru, reprezentau \u201cimportan\u021bi factori de risc pentru securitatea statului rom\u00e2n\u201d.<\/h4>\r\n<h4 style=\"text-align: justify;\">De altfel, acesta a fost motivul real pentru care, \u00een martie 1978, Ceau\u0219escu l-a\u00a0 destituit \u00a0pe Doicaru\u00a0 din fruntea spionajului, retrograd\u00e2ndu-l ca ministru al turismului.<\/h4>\r\n<h4 style=\"text-align: justify;\">S\u0103 ne reamintim c\u0103 \u00een acela\u0219i an a fost eliberat din func\u021bia de Comandant al Armatei I-a Sud, \u0219i trecut in rezerv\u0103, pentru a fi numit ca adjunct al ministrului construc\u021biilor industriale, generalul Nicolae Militaru. Un alt general, a fost scos din\u00a0 structurile operative ale Armatei \u0219i numit la conducerea Centralei \u201cCanalul Dun\u0103re-Marea Neagr\u0103\u201d.<\/h4>\r\n<h4 style=\"text-align: justify;\">Faptul de a nu fi numit \u00een locul \u0219efului s\u0103u, pentru care Pacepa credea c\u0103 nu are contracandidat, a fost perceput de acesta ca un semn r\u0103u prevestitor. A fost printre rarele sale ra\u021bionamente corecte, deoarece \u00een momente de criz\u0103 se pierdea \u0219i nu f\u0103cea deloc dovada fermit\u0103\u021bii \u0219i st\u0103p\u00e2nirii de sine, care ar fi trebuit s\u0103 emane din partea\u00a0 unui profesionst onest.<\/h4>\r\n<h4 style=\"text-align: justify;\">\u0218ef al spionajului a fost numit, generalul-locotenent (dou\u0103 stele) Alexandru D\u0103nescu,\u00a0 la acel moment adjunct al ministrului de interne pentru pompieri, penitenciare, servicii administrative \u0219i \u00eenzestrare.<\/h4>\r\n<h4 style=\"text-align: justify;\">Dedicat preocup\u0103rilor sale anterioare, generalul Alexandru D\u0103nescu \u0219i-a \u00eenceput activitatea la conducerea spionajului prin a verifica situa\u021biile financiare, legalitatea deconturilor \u00een valut\u0103, care anterior chiar dac\u0103 le intuise vulnerabile, nu a avut la \u00eendem\u00e2n\u0103 \u0219i toate elementele de control.<\/h4>\r\n<h4 style=\"text-align: justify;\">Nu a fost nevoie dec\u00e2t \u00eenceperea verificarilor,\u00a0 fiindc\u0103 imediat adevarul a fost scos la iveal\u0103: un mecanism rapace al corup\u021biei,\u00a0 patronat de Pacepa , \u00eenainte \u0219i de Doicaru, func\u021biona sub acoperirea afacerilor de spionaj, cu prec\u0103dere \u00een zona Levantului, cu\u00a0 complicit\u0103\u021bi arabe, israeliene \u0219i ramifica\u021biile lor \u00een alte zone geografice, cum ar fi continentele australe, dar \u0219i Europa. Doicaru \u0219i Pacepa au adus\u00a0 prejudicii Rom\u00e2niei prin proasta fundamentare cu informa\u021bii a unor mari proiecte de cooperare economica interna\u021bional\u0103, \u00een care partenerii erau lipsi\u021bi de orice inten\u021bie de seriozitate, f\u0103r\u0103 bonitate, sau erau integra\u021bi unor re\u021bele criminale specializate \u00een escrocherii intrena\u021bionale. A\u0219a de exemplu, s-au exportat\u00a0 mii de tractoare \u00een Africa, \u00een barter cu bumbac, lemn de esen\u021b\u0103 rar\u0103, p\u0103duri de arbori de cauciuc, minereuri \u0219.a . Tractoarele au fost depozitate \u00een condi\u021bii precare de paz\u0103, fiind furate \u00eentregi, ori demontate.\u00a0 Bumbacul a\u00a0 disparut din planta\u021bii \u00eenainte de a fi recep\u021bionat, parcelele din\u00a0 p\u0103duri, alese pentru exploatare,\u00a0 au fost literalmente \u201crase\u201d, arborii de cauciuc sec\u0103tui\u021bi. (Asta\u00a0 se intampla c\u00e2nd Vestul era interesat \u00een \u00eendependen\u021ba economic\u0103 a Rom\u00e2niei, fa\u021b\u0103 de Moscova \u0219i i-a finan\u021bat dezvoltarea.)<\/h4>\r\n<h4 style=\"text-align: justify;\">Acoperirea unor asemenea \u201c\u021bepe\u201d, trase cu complicitatea \u0219i prostia \u201dconsilierilor speciali\u201d Doicaru \u0219i Pacepa, presupunea o \u201comert\u0103\u201d la nivel guvernamental, pe care cei \u00een cauz\u0103 au avut grija \u0219i priceperea s\u0103 o \u00eentre\u021bin\u0103, oric\u00e2t ar fi costat. Oricum, nu pl\u0103teau din buzunarul lor.\u00a0 Nu pl\u0103teau nici agen\u021bi str\u0103ini, ci ofereau \u201cmici sau mai mari aten\u021bii unor tovar\u0103\u0219i din conducerea superioar\u0103 care dovedeau \u00een\u021belegere, deschidere \u0219i receptivitate pentru nevoile muncii speciale, care servea partidului \u00een grija sa nemarginit\u0103 pentru prosperitatea poporului. \u201c O logic\u0103 de beton. Armat. Ca \u0219i min\u021bile din care a emanat.<\/h4>\r\n<h4 style=\"text-align: justify;\">Dar Pacepa c\u0103p\u0103tase \u0219i gusturi de lux. Fie c\u0103 i-au fost stimulate de serviciile pretinse de \u201cprietenii\u201d sus-pu\u0219i, fie c\u0103 se inspira din frecventele sale c\u0103l\u0103torii \u00een str\u0103in\u0103tate. Agoniseala pentru al\u021bii a fost \u0219i prilej de acoperire \u0219i satisfacere a propriei avari\u021bii.<\/h4>\r\n<h4 style=\"text-align: justify;\">Fraudele comise prin dispozi\u021bii abuzive \u00een administrarea \u0219i gestionarea resurselor valutare, av\u00e2nd ca destina\u021bie ap\u0103rarea securit\u0103\u021bii na\u021bionale,\u00a0 au \u00eenceput s\u0103 ias\u0103 la iveal\u0103. Cei care trebuiau s\u0103 semneze deconturile prinseser\u0103 team\u0103 de controlul generalului Alexandru D\u0103nescu. Mai mult, lucrurile ajunseser\u0103 \u0219i la\u00a0 cuuno\u0219tin\u021ba lui Ceau\u0219escu, care a dat\u00a0 rezolu\u021bie de cercetare.<\/h4>\r\n<h4 style=\"text-align: justify;\">\u00cen mai pu\u021bin de trei luni de la preluarea conducerii Direc\u021biei Generale de Informa\u021bii Externe, generalul Alexandru D\u0103nescu apucase zdrav\u0103n\u00a0 de odgoanele din plasa corup\u021biei, iar Pacepa, \u00een perspectiva \u00a0unei anchete, care s\u0103 se finalizeze prin deferirea sa justi\u021biei militare,\u00a0 urma s\u0103 fie destituit.<\/h4>\r\n<h4 style=\"text-align: justify;\">\u00cen\u00a0 momentul \u00een care a aflat concluziile \u0219i propunerile de finalizare a cercet\u0103rii, Pacepa \u0219i-a aranjat, cu sprijinul unui prim viceprim ministru al guvernului, care \u2013 i era \u00eendatorat, o chemare de urgen\u021b\u0103 \u00een R.F. Germania din partea concernului Fokker, ca persoan\u0103\u00a0 unic\u0103 agreat\u0103 pentru tratativele \u00een vederea achizi\u021bion\u0103rii licen\u021bei unui avion scurt \u0219i mediu curier, ce urma a fi produs \u00een Rom\u00e2nia.<\/h4>\r\n<h4 style=\"text-align: justify;\">E\u0219ecul personal \u00een aceaste negocieri, pentru a c\u0103ror succes se angajase \u00een fa\u021ba lui Ceau\u0219escu a fost \u00eenc\u0103 o cauz\u0103 determinant\u0103 a dezert\u0103rii \u0219i tr\u0103d\u0103rii. El s-a combinat \u00een afacerea Fokker cu un prieten, escrocul interna\u021bional, Rolf\u00a0 Spitra,\u00a0 despre care voi mai aminti \u00een cele ce urmeaz\u0103.<\/h4>\r\n<h4 style=\"text-align: justify;\">Din R.F. Germania, dar \u0219i din Viena, Pacepa a dat mai multe telefoane pentru a se interesa dac\u0103 raportul generalului D\u0103nescu c\u0103tre Ceausescu a\u00a0 fost trimis \u0219i cu ce rezolu\u021bie s-a \u00eentors. La ultimul apel,\u00a0 a primit vestea proast\u0103: \u201cA venit aprobat \u201d. A \u00eenchis telefonul f\u0103r\u0103 s\u0103 mai spun\u0103 ceva. \u00cen aceast\u0103 situa\u021bie, apeleaz\u0103 la prietenul\u00a0 \u0219i\u00a0 \u201cagentul \u201c sau Rolf Spitra, pe care \u00eel \u0219tia c\u0103 este agentul Serviciului de Informa\u021bii al Comandamentului Trupelor Americane sta\u021bionate \u00een R.F.Germania, cu solicitarea de a-i\u00a0 facilita predarea.\u00a0 Spitra l-a condus la baza militar\u0103 unde se afla acest comandament. \u00a0Ajuns \u00een baza american\u0103,\u00a0 unde nimeni nu-l cuno\u0219tea \u0219i nici chiar cuv\u00e2ntul lui Spitra, care l-a introdus \u00een baz\u0103, nu a contat, Pacepa a spus c\u0103 este cunoscut de catre ata\u0219atul militar al Ambasadei S.U.A. la Bucuresti. Acesta a fost chemat s\u0103-l identifice, apoi l-a \u00eenso\u021bit \u00een avionul care l-a trasportat la Aeroportul Bazei Militare Andrews din proximitatea Washingtonului.<\/h4>\r\n<h4 style=\"text-align: justify;\">Maniera \u00een care a procedat Pacepa nu era cea pe care ar fi urmat-o un agent\u00a0 al C.I.A. \u0219i nici m\u0103car a unui cunosc\u0103tor al modului de lucru al Agen\u021biei. C\u00e2nd un agent se afl\u0103 \u00eentr-o situa\u021bie limit\u0103 \u0219i trebuie s\u0103 p\u0103r\u0103seasc\u0103 urgent \u021bara \u00een care se afl\u0103, are \u00eentotdeauna pregatit un\u00a0 plan special, un sistem de legatur\u0103 \u0219i este \u201cextras\u201d, nu l\u0103sat s\u0103 se descurce \u0219i s\u0103 se predea unui serviciu concurent, fiindc\u0103 \u00eentre C.I.A. \u0219i agen\u021biile de informa\u021bii militare exist\u0103 o adevarat\u0103 rivalitate.<\/h4>\r\n<h4 style=\"text-align: justify;\">K.G.B-ul al carui om Pacepa era, posibil chiar \u00eenainte de a fi recrutat \u00een Securitate,\u00a0 l-a \u201cextras\u201d din Rom\u00e2nia in S.U.A.,\u00a0 din cel pu\u021bin dou\u0103 motive: avea nevoie de el \u00een Vest,\u00a0 iar la Moscova nu \u00a0era util. Puteau s\u0103-l fac\u0103 disp\u0103rut , pur \u0219i simplu, dar nu ob\u021bineau nici-un beneficiu. La acel moment, cei c\u0103rora\u00a0 le-a folosit, \u00een mod real, \u0219i au tras un maxim profit din\u00a0 lovitura primit\u0103 de Rom\u00e2nia, ca urmare a tr\u0103d\u0103rii lui Pacepa,\u00a0 au fost inamicii ro\u0219ii ai lui Ceau\u0219escu \u0219i nu americanii, chiar dac\u0103 \u0219i acestora le-a venit foarte bine\u00a0 s\u0103 descarce de informa\u021bii un cunosc\u0103tor a multora dintre vulnerabilit\u0103\u021bile \u0219i predispozi\u021biile\u00a0 \u00eenaltei nomenclaturi de la Bucure\u0219ti \u0219i nu numai.<\/h4>\r\n<h4 style=\"text-align: justify;\">Faptul de a nu fi primit cet\u0103\u021benia american\u0103 dec\u00e2t dup\u0103 zece ani, arat\u0103 c\u0103 \u201cdefectorul\u201d Pacepa a fost tratat cu precau\u021bia necesar\u0103\u00a0 \u021binerii c\u00e2t mai departe a\u00a0 unui cal troian.<\/h4>\r\n<h4 style=\"text-align: justify;\">Faptele care sus\u021bin c\u0103 Pacepa a lucrat pentru K.G.B. sunt suficiente \u0219i solide. Mai mult, de\u0219i au fost f\u0103cute publice, nu au fost contrazise, nici m\u0103car cu contraargumente analitice, \u00een lipsa altor fapte, care s\u0103 probeze contrariul.<\/h4>\r\n<h4 style=\"text-align: justify;\">Chiar din momentul prelu\u0103rii primului s\u0103u post \u00een Direc\u021bia de Contrasabotaj, Pacepa\u00a0 a intrat \u00een aten\u021bia \u0219i grija \u0219efului grupului consilierilor sovietici, pe a c\u0103rui filiera veniser\u0103 \u0219i recomand\u0103rile sau ordinul de \u00eencadrare.<\/h4>\r\n<h4 style=\"text-align: justify;\">(1) Dup\u0103 cum avea s\u0103 ne relateze generalul Aron Bordea, care la \u00eenceputul anilor `50 era \u0219eful Securit\u0103\u021bii Raionului Titu, locotententul major Pacepa era ata\u0219at cauzei Uniunii Sovietice, consider\u0103nd o tr\u0103dare a acesteia,\u00a0 faptul ca Gheorghe Gheorghiu Dej daduse ordin\u00a0 sa se ascunda de rusi existenta unor zacaminte de petrol in\u00a0 Campia Munteniei, punand sa se sadeasca lastari de salcami care sa acopere marcajele locurilor unde\u00a0 se efecuasera prospectiunile, iar hartile si documentatiile geologice sa fie pastrate la Ministerul de Interne, de catre\u00a0 Securitate. Cum Pacepa primise in raspundere tocmai contrasabotajul in sectoarele de extractie si petrochimie, a ajuns in posesia secretului si a dovezilor ca \u201ctovarasii sovietici sunt mintiti si inselati prin ascunderea zacamintelor\u201d,\u00a0 asa ca a procedat potrivit propriei constiinte . Urmarea\u00a0 a fost aceea ca seful consilierilor sovietici , generalul Saharovski,\u00a0 a dat buzna in cabinetului ministrului de interne, Alexandru Draghici, amenintandu-l ca-l\u00a0 impusca, daca nu pune la dispozitie informatiile privind amplasamentele zacamintelor , pentru ca \u201cSovrompetrol\u201d sa treaca la\u00a0 exploatarea lor. Ministrul Draghici l-a chemat la ordine pe seful Raionului de\u00a0 securitate Titu, cerandu-i sa afle tradatorul. A primit raspunsul in aceiasi zi : locotenentul major Pacepa era unicul pastrator al documentatiei. Ministrul a luat act si a cerut tacere, deoarece nu se putea impotrivi sefului consilierilor rusi. Dar Pacepa a fost promovat\u00a0 la serviciile externe ale securitatii, unde isi va desavarsi ascensiunea , in pofida unor evenimente profesionale negative\u00a0 in care rolurile sale au ramas, pana astazi, in \u201cnoaptea si negurile\u201d spionajului .<\/h4>\r\n<h4 style=\"text-align: justify;\">(2) Sovieticii au avut grija sa ajunga la Nicolae Ceuausescu informatia ca americanii au un agent important, la varf, in apropierea sa. Ofiterul din garda personala, A.D. a fost de fata cand Ceausescu i-a spus lui Pacepa : \u201cPacepa, vezi ca rusii mi-au spus ca aici la noi, la nivel inalt, in cercul nostru este cineva care ne tradeaza americanilor . Ai grija si ocupa-te personal de aceasta problema. \u201c . \u201c Am inteles, asa voi face tovarase comandant suprem !\u2019\u2019, a fost raspunsul lui Pacepa. Peste o saptamana, Pacepa a disparut, iar trei zile dupa aceea\u00a0 Ceauausescu nu a mai putut scoate un cuvant de suparare.<\/h4>\r\n<h4 style=\"text-align: justify;\">Comentariu : Mesajul transmis lui Ceausescu a fost raspunsul Moscovei la situatia disperata in care se afla agentul sau Pacepa. El trebuia sa se predea americanilor , iar Ceausescu sa creada ca Pacepa era\u00a0 importantul agent in legatura cu care rusii il\u00a0 avertizasera.<\/h4>\r\n<h4 style=\"text-align: justify;\">(3) Anterior, cu ani buni iniante, superiorul\u00a0\u00a0 sau direct, generalul Nicolae Doicaru a fost informat , atat de rezidenta spionajului militar in R.F.G. , cat si de catre contraspionaj , ca\u00a0 Pacepa fusese recrutat de sovietici si infiltrat in\u00a0 agentura serviciul de contraspionaj vest-german . Reinhard Ghehlen ar fi incercat sa-l paseze americanilor. Stia el de ce !\u00a0 Apoi, trei linii informative, aparent independente, induc ideea\u00a0 colaborarii lui Pacepa cu C.I.A.\u00a0 Cine si de ce avea nevoie de aceasta diversiune, decat cineva care miza pe dezactivarea unui agent al rusilor. Acesta poate fi si motivul pentru care\u00a0 Doicaru ignora semnalarile. Mai mult isi informeaza colaboratorul ! (*Comentariu Ghehlen: Ghehlen era seful B.N.D-ului \u2013 Serviciul de Informatii al R.F.Germania, dar fusese unul dintre cei mai buni sefi din spionajul militar al lui Hitler. A condus Servicul de Informatii al Grupului de Armate Est, fiind cel mai bun specialist in problemele U.R.S.S. si ale tarilor\u00a0 satelite. Dupa\u00a0 razboi, americanii l-au folosit vreo patru- cinci ani, dupa care a fost numit\u00a0 seful spionajului vest-german, ramanand in functie pana in 1968.\u00a0 Un om care a fost un stalp al puterii lui Hitler, a fost foarte bun pentru americani\u2026 Apropo de oceanele de imoralitate pe care sta America . )<\/h4>\r\n<h4 style=\"text-align: justify;\">Doicaru si Pacepa aveau in comun foarte multe.\u00a0 Asa de exemplu, la ordinul lui Ceausescu , urmare a solicitarii lui Tito,\u00a0 ei\u00a0 au organizat asasinarea a doi disidenti sarbi , a caror cadavre au fost livrate Belgradului.<\/h4>\r\n<h4 style=\"text-align: justify;\">Doicaru\u00a0\u00a0 si Pacepa s-au folosit de informatiile privind presupusa colaborare a lui Pacepa cu C.I.A,\u00a0 pentru a demonstra usurinta cu care contraspionajul poate fi\u00a0 intoxicat cu informatii false, declansand o rafuiala\u00a0 soldata cu numirea la conducerea contraspionajului a unui general loial lor.\u00a0\u00a0\u00a0\u00a0 Ulterior, Pacepa va proceda la intoxicarea contraspionajului, punandu-l pe piste false circa 5 ani\u00a0 ( 1973-1978), pentru a-l deturna de la programul de dezactivare a agentilor reali ai K.G.B-ului in Romania.<\/h4>\r\n<h4 style=\"text-align: justify;\">(4) Pacepa a fost incadrat in securitate\u00a0 la recomnadarea\u00a0 unor prieteni din K.G.B. ai tatalui, care apartineau filierei sovieto-evreisti cominterniste, care\u00a0\u00a0 facea\u00a0\u00a0 jocurile in Romania, la inceptul anilor 1950. In\u00a0 pofida faptului ca nu indeplinea criteriile \u201cde dosar\u201d.\u00a0\u00a0 Tatal sau fusese exclus din partid, tanarul Pacepa cochetase cu Y.M.C.A. , frecventase medii ale unor reprezentante diplomatice occidentale, avea educatie tipic mic burgheza s.a. Dar daca rusii l-au recomandat,\u00a0 atunci pesemne ca toate acele\u00a0 lucruri\u00a0\u00a0 nepermise unui viitor membru al securitatii le-a facut ca\u00a0 agent al lor. Generalul Saharovski, seful consilierilor sovietici se referea la Pacepa, ori de cate ori se ivea prilejul, ca la un model de urmat.<\/h4>\r\n<h4 style=\"text-align: justify;\">Se incearca o paralela intre Pacepa si colonelul polonez Ryszard Kuklinski. Colaborarea acestuia din urma cu serviciile speciale americane nu a constat \u00een vorbe goale:<\/h4>\r\n<h4 style=\"text-align: justify;\">Colonelul polonez a furnizat \u00een cei zece ani de \u201cac\u0163iune\u201d circa 42.000 de pagini cu informa\u0163ii militare, majoritatea apar\u0163in\u00e2nd Tratatului de la Varovia, scrise \u00een limba rus\u0103. Documentele tranferate CIA-ului con\u0163ineau date despre consf\u0103tuirile secrete ale Tratatului, deciziile organiza\u0163iei, func\u0163ionarea \u015fi dislocarea trupelor sovietice, sistemele de armament de \u00eenalt\u0103 tehnologie ale URSS, planuri cincinale strategice ale Organiza\u0163iei Tratatului de la Var\u015fovia etc.<\/h4>\r\n<h4 style=\"text-align: justify;\">La 13 aprilie 1980, Ryszard Kuklinski a predat americanilor un document privind organizarea trupelor Tratatului de la Var\u015fovia \u00een cazul unui r\u0103zboi cu statele occidentale.<\/h4>\r\n<h4 style=\"text-align: justify;\">La 4 decembrie acela\u015fi an, colonelul Kuklinski a prezentat CIA-ului planul de invadare a Poloniei de c\u0103tre trupele sovietice \u00een vederea \u00een\u0103bu\u015firii mi\u015fc\u0103rii Solidaritatea. Informa\u0163iile sale au fost confirmate de observa\u0163iile sateli\u0163ilor militari americani, care au \u00eenregistrat mi\u015fc\u0103ri de trupe spre Polonia.<\/h4>\r\n<h4 style=\"text-align: justify;\">Cum URSS-ul avea propria re\u0163ea de spionaj \u00een Statele Unite, p\u00e2n\u0103 la urm\u0103 s-a aflat c\u0103 la Var\u015fovia exista o \u201cc\u00e2rti\u0163\u0103\u201d. Statul Major General al armatei poloneze a \u00eenceput o anchet\u0103, iar cercul suspec\u0163ilor se apropia tot mai mult de Kuklinski. Aflat \u00een pericol s\u0103 fie deconspirat, colonelul R. Kuklinski i-a anun\u0163at pe americani la sf\u00e2r\u015fitul lunii octombrie 1981, cer\u00e2nd s\u0103 fie \u201cextras\u201d. A \u0163inut neap\u0103rat s\u0103 fie evacuat \u00eempreun\u0103 cu so\u0163ia \u015fi cei doi copii, \u00eengreun\u00e2nd opera\u0163iunea CIA-ului, care nu era dispus s\u0103 ri\u015fte transferul familiei sale \u00eentr-o \u0163ar\u0103 necomunist\u0103. \u00cen cele din urm\u0103, americanii au acceptat condi\u0163iile , evacu\u00e2nd familia Kuklinski.<\/h4>\r\n<h4 style=\"text-align: justify;\">Cazul colonelului Ryszard Kuklinski a fost comparat de unii cercet\u0103tori \u015fi publici\u015fti cu \u201cdezertarea\u201d generalului Ion Mihai Pacepa, \u00een 1978. Pacepa \u00eensu\u015fi se compar\u0103 \u00een ultimii ani cu militarul polonez, mai ales dup\u0103 reabilitarea acestuia de c\u0103tre guvernul de la Var\u015fovia.<\/h4>\r\n<h4 style=\"text-align: justify;\">Ryszard Kuklinski a tr\u0103dat Organiza\u0163ia Tratatului de la Var\u015fovia \u015fi nu Polonia, iar gestul s\u0103u a fost o form\u0103 de protest da\u0163\u0103 de ocupa\u0163ia sovietic\u0103.<\/h4>\r\n<h4 style=\"text-align: justify;\">\u00cen cazul Pacepa aceast\u0103 ipotez\u0103 poate fi exclus\u0103, \u00eentruc\u00e2t la data dezert\u0103rii \u2013 1978 -, Rom\u00e2nia avea o bun\u0103 imagine \u00een \u0163\u0103rile democratice, fiind considerat\u0103 o \u201cminune a Estului\u201d ,\u00a0 prin politica\u00a0 fa\u0163\u0103 de URSS adoptat\u0103 de c\u0103tre Nicolae Ceau\u015fescu.<\/h4>\r\n<h4 style=\"text-align: justify;\">Tocmai din aceast\u0103 cauz\u0103, unii istorici \u015fi ofi\u0163eri ai serviciilor secrete consider\u0103 suspect\u0103 \u201cfuga\u201d lui Pacepa, mai ales c\u0103 el se afla \u00een rela\u0163ii destul de apropiate cu familia Ceau\u015fescu. Nu sunt putini cei care v\u0103d\u00a0 \u201cm\u00e2na\u201d KGB-ului \u00een aceast\u0103 \u201cafacere\u201d, conisder\u00e2ndu-l pe generalul dezertor agent sovietic, trimis \u00een Occident s\u0103-l compromit\u0103 pe Nicolae Ceau\u015fescu, care st\u0103tea \u00een \u201ccoasta\u201d Moscovei.<\/h4>\r\n<h4 style=\"text-align: justify;\">A\u015fadar, \u00een vreme ce Kuklinski a furnizat timp de zece ani documente deosebit de importante ale Tratatului de la Var\u015fovia, majoritatea \u00een limba rus\u0103, Pacepa nu a riscat nimic. A dezertat si tradat c\u00e2nd a sim\u0163it c\u0103 era \u00een \u201cc\u0103dere liber\u0103\u201d,\u00a0\u00a0 apoi , i\u00a0 s-a construit un soclu, de la ale carui dimensiuni sa para invaluit in aura eroismului .<\/h4>\r\n<h4 style=\"text-align: justify;\">Este\u00a0 oricui evident :\u00a0 Ryszard Kuklinski a contribuit la influentarea fundamentala a raportului de forte dintre O.T.V si N.A.T.O., lispind O.T.V. de avantajul surprizei strategice militare.<\/h4>\r\n<h4 style=\"text-align: justify;\">In schimb, Pacepa, judecat dupa alegatiile din \u201cOrizonturi rosii\u201d, ar fi putut sa satisfaca apetenta de cancanuri si barfe politice a unora dintre locatarii Casei Albe.\u00a0 De altfel, el\u00a0 nici nu a avut acces la informatiile care priveau spatiul S.U.A.<\/h4>\r\n<h4><em>CONFERINTA LA UNIVERSITATEA DIN ORADEA &#8211; FACULTATEA DE ISTORIE ( 26 mai 2010 <strong>)<\/strong> &#8211; gl. brg.(r) Aurel I. Rogojan<\/em><\/h4>        <div class=\"booster-block booster-reactions-block\">\n            <div class=\"twp-reactions-icons\">\n                \n                <div class=\"twp-reacts-wrap\">\n                    <a react-data=\"be-react-1\" post-id=\"3932\" class=\"be-face-icons un-reacted\" href=\"javascript:void(0)\">\n                        <img decoding=\"async\" src=\"https:\/\/desteptati-va.ro\/wp-content\/plugins\/booster-extension\/\/assets\/icon\/happy.svg\" alt=\"Happy\">\n                    <\/a>\n                    <div class=\"twp-reaction-title\">\n                        Happy                    <\/div>\n                    <div class=\"twp-count-percent\">\n                                                    <span style=\"display: none;\" class=\"twp-react-count\">0<\/span>\n                        \n                                                <span class=\"twp-react-percent\"><span>0<\/span> %<\/span>\n                                            <\/div>\n                <\/div>\n\n                <div class=\"twp-reacts-wrap\">\n                    <a react-data=\"be-react-2\" post-id=\"3932\" class=\"be-face-icons un-reacted\" href=\"javascript:void(0)\">\n                        <img decoding=\"async\" src=\"https:\/\/desteptati-va.ro\/wp-content\/plugins\/booster-extension\/\/assets\/icon\/sad.svg\" alt=\"Sad\">\n                    <\/a>\n                    <div class=\"twp-reaction-title\">\n                        Sad                    <\/div>\n                    <div class=\"twp-count-percent\">\n                                                    <span style=\"display: none;\" class=\"twp-react-count\">0<\/span>\n                                                                        <span class=\"twp-react-percent\"><span>0<\/span> %<\/span>\n                                            <\/div>\n                <\/div>\n\n                <div class=\"twp-reacts-wrap\">\n                    <a react-data=\"be-react-3\" post-id=\"3932\" class=\"be-face-icons un-reacted\" href=\"javascript:void(0)\">\n                        <img decoding=\"async\" src=\"https:\/\/desteptati-va.ro\/wp-content\/plugins\/booster-extension\/\/assets\/icon\/excited.svg\" alt=\"Excited\">\n                    <\/a>\n                    <div class=\"twp-reaction-title\">\n                        Excited                    <\/div>\n                    <div class=\"twp-count-percent\">\n                                                    <span style=\"display: none;\" class=\"twp-react-count\">0<\/span>\n                                                                        <span class=\"twp-react-percent\"><span>0<\/span> %<\/span>\n                                            <\/div>\n                <\/div>\n\n                <div class=\"twp-reacts-wrap\">\n                    <a react-data=\"be-react-6\" post-id=\"3932\" class=\"be-face-icons un-reacted\" href=\"javascript:void(0)\">\n                        <img decoding=\"async\" src=\"https:\/\/desteptati-va.ro\/wp-content\/plugins\/booster-extension\/\/assets\/icon\/sleepy.svg\" alt=\"Sleepy\">\n                    <\/a>\n                    <div class=\"twp-reaction-title\">\n                        Sleepy                    <\/div>\n                    <div class=\"twp-count-percent\">\n                                                    <span style=\"display: none;\" class=\"twp-react-count\">0<\/span>\n                        \n                                                <span class=\"twp-react-percent\"><span>0<\/span> %<\/span>\n                                            <\/div>\n                <\/div>\n\n                <div class=\"twp-reacts-wrap\">\n                    <a react-data=\"be-react-4\" post-id=\"3932\" class=\"be-face-icons un-reacted\" href=\"javascript:void(0)\">\n                        <img decoding=\"async\" src=\"https:\/\/desteptati-va.ro\/wp-content\/plugins\/booster-extension\/\/assets\/icon\/angry.svg\" alt=\"Angry\">\n                    <\/a>\n                    <div class=\"twp-reaction-title\">Angry<\/div>\n                    <div class=\"twp-count-percent\">\n                                                    <span style=\"display: none;\" class=\"twp-react-count\">0<\/span>\n                                                                        <span class=\"twp-react-percent\"><span>0<\/span> %<\/span>\n                        \n                    <\/div>\n                <\/div>\n\n                <div class=\"twp-reacts-wrap\">\n                    <a react-data=\"be-react-5\" post-id=\"3932\" class=\"be-face-icons un-reacted\" href=\"javascript:void(0)\">\n                        <img decoding=\"async\" src=\"https:\/\/desteptati-va.ro\/wp-content\/plugins\/booster-extension\/\/assets\/icon\/surprise.svg\" alt=\"Surprise\">\n                    <\/a>\n                    <div class=\"twp-reaction-title\">Surprise<\/div>\n                    <div class=\"twp-count-percent\">\n                                                    <span style=\"display: none;\" class=\"twp-react-count\">0<\/span>\n                                                                        <span class=\"twp-react-percent\"><span>0<\/span> %<\/span>\n                                            <\/div>\n                <\/div>\n\n            <\/div>\n        <\/div>\n\n    <\/div>","protected":false},"excerpt":{"rendered":"<p>Tr\u0103darea lui Ion Mihai Pacepa\u00a0 ocup\u0103 cu intermiten\u021be, \u00eentotdeauna calculate, pagini ale spa\u021biului mediatic rom\u00e2nesc din ultimele dou\u0103 decenii. Etichetele<a href=\"https:\/\/desteptati-va.ro\/index.php\/2021\/04\/19\/afacerea-pacepa\/\">Read More<i class=\"fa fa-long-arrow-right\" aria-hidden=\"true\"><\/i><\/a><\/p>\n","protected":false},"author":1,"featured_media":873,"comment_status":"open","ping_status":"open","sticky":false,"template":"","format":"standard","meta":{"_crdt_document":"","footnotes":""},"categories":[3,10],"tags":[1217,663,157,1218,1193,1194,59,60,1219,884,1200,1220,518,660,83,710],"class_list":["post-3932","post","type-post","status-publish","format-standard","has-post-thumbnail","hentry","category-decembrie-89","category-tradari-tradatori-si-altii","tag-cartita","tag-ceausescu","tag-cia","tag-danescu","tag-defectare","tag-defector","tag-desteptati","tag-desteptati-va","tag-doicaru","tag-erou","tag-mihai-pacepa","tag-militaru","tag-nato","tag-pacepa","tag-tradare","tag-tradator"],"rise-blocks_total_comments":2,"rise-blocks_categories":[{"term_id":10,"name":"Tradari, tradatori si altii","slug":"tradari-tradatori-si-altii","term_group":0,"term_taxonomy_id":10,"taxonomy":"category","description":"","parent":3,"count":12,"filter":"raw"}],"rise-blocks_excerpt":"Tr\u0103darea lui Ion Mihai Pacepa\u00a0 ocup\u0103 cu intermiten\u021be, \u00eentotdeauna calculate, pagini ale spa\u021biului mediatic rom\u00e2nesc din ultimele dou\u0103 decenii. Etichetele cele mai frecvente: \u201ctr\u0103d\u0103tor\u201d, \u201cdefector\u201d sau \u201cerou\u201d i-au fost atribuite\u00a0 func\u021bie de contextul \u00een care i s-au judecat faptele, ori de partea baricadei\u00a0 ideologice \u00een care s-au aflat comentatorii. Tr\u0103darea implic\u0103 \u201cdefectiunea\u201d, deci nu suntem \u00een prezen\u021ba a dou\u0103 no\u021biuni..","yoast_head":"<!-- This site is optimized with the Yoast SEO plugin v26.9 - https:\/\/yoast.com\/product\/yoast-seo-wordpress\/ -->\r\n<title>Afacerea Pacepa -<\/title>\r\n<meta name=\"robots\" content=\"index, follow, max-snippet:-1, max-image-preview:large, max-video-preview:-1\" \/>\r\n<link rel=\"canonical\" href=\"https:\/\/desteptati-va.ro\/index.php\/2021\/04\/19\/afacerea-pacepa\/\" \/>\r\n<meta property=\"og:locale\" content=\"ro_RO\" \/>\r\n<meta property=\"og:type\" content=\"article\" \/>\r\n<meta property=\"og:title\" content=\"Afacerea Pacepa -\" \/>\r\n<meta property=\"og:description\" content=\"Tr\u0103darea lui Ion Mihai Pacepa\u00a0 ocup\u0103 cu intermiten\u021be, \u00eentotdeauna calculate, pagini ale spa\u021biului mediatic rom\u00e2nesc din ultimele dou\u0103 decenii. EticheteleRead More\" \/>\r\n<meta property=\"og:url\" content=\"https:\/\/desteptati-va.ro\/index.php\/2021\/04\/19\/afacerea-pacepa\/\" \/>\r\n<meta property=\"article:published_time\" content=\"2021-04-19T08:26:10+00:00\" \/>\r\n<meta property=\"og:image\" content=\"https:\/\/desteptati-va.ro\/wp-content\/uploads\/2021\/04\/image001.jpg\" \/>\r\n\t<meta property=\"og:image:width\" content=\"200\" \/>\r\n\t<meta property=\"og:image:height\" content=\"211\" \/>\r\n\t<meta property=\"og:image:type\" content=\"image\/jpeg\" \/>\r\n<meta name=\"author\" content=\"wolfsoftcompany\" \/>\r\n<meta name=\"twitter:card\" content=\"summary_large_image\" \/>\r\n<meta name=\"twitter:label1\" content=\"Scris de\" \/>\n\t<meta name=\"twitter:data1\" content=\"wolfsoftcompany\" \/>\n\t<meta name=\"twitter:label2\" content=\"Timp estimat pentru citire\" \/>\n\t<meta name=\"twitter:data2\" content=\"20 de minute\" \/>\r\n<script type=\"application\/ld+json\" class=\"yoast-schema-graph\">{\"@context\":\"https:\/\/schema.org\",\"@graph\":[{\"@type\":\"Article\",\"@id\":\"https:\/\/desteptati-va.ro\/index.php\/2021\/04\/19\/afacerea-pacepa\/#article\",\"isPartOf\":{\"@id\":\"https:\/\/desteptati-va.ro\/index.php\/2021\/04\/19\/afacerea-pacepa\/\"},\"author\":{\"name\":\"wolfsoftcompany\",\"@id\":\"https:\/\/desteptati-va.ro\/#\/schema\/person\/13182deeebd44920914899f7bb262d6b\"},\"headline\":\"Afacerea Pacepa\",\"datePublished\":\"2021-04-19T08:26:10+00:00\",\"mainEntityOfPage\":{\"@id\":\"https:\/\/desteptati-va.ro\/index.php\/2021\/04\/19\/afacerea-pacepa\/\"},\"wordCount\":3981,\"commentCount\":0,\"image\":{\"@id\":\"https:\/\/desteptati-va.ro\/index.php\/2021\/04\/19\/afacerea-pacepa\/#primaryimage\"},\"thumbnailUrl\":\"https:\/\/desteptati-va.ro\/wp-content\/uploads\/2021\/04\/image001.jpg\",\"keywords\":[\"cartita\",\"Ceausescu\",\"CIA\",\"Danescu\",\"defectare\",\"defector\",\"desteptati\",\"desteptati-va\",\"doicaru\",\"erou\",\"Mihai Pacepa\",\"Militaru\",\"NATO\",\"Pacepa\",\"tradare\",\"tradator\"],\"articleSection\":[\"Decembrie 89\",\"Tradari, tradatori si altii\"],\"inLanguage\":\"ro-RO\",\"potentialAction\":[{\"@type\":\"CommentAction\",\"name\":\"Comment\",\"target\":[\"https:\/\/desteptati-va.ro\/index.php\/2021\/04\/19\/afacerea-pacepa\/#respond\"]}]},{\"@type\":\"WebPage\",\"@id\":\"https:\/\/desteptati-va.ro\/index.php\/2021\/04\/19\/afacerea-pacepa\/\",\"url\":\"https:\/\/desteptati-va.ro\/index.php\/2021\/04\/19\/afacerea-pacepa\/\",\"name\":\"Afacerea Pacepa -\",\"isPartOf\":{\"@id\":\"https:\/\/desteptati-va.ro\/#website\"},\"primaryImageOfPage\":{\"@id\":\"https:\/\/desteptati-va.ro\/index.php\/2021\/04\/19\/afacerea-pacepa\/#primaryimage\"},\"image\":{\"@id\":\"https:\/\/desteptati-va.ro\/index.php\/2021\/04\/19\/afacerea-pacepa\/#primaryimage\"},\"thumbnailUrl\":\"https:\/\/desteptati-va.ro\/wp-content\/uploads\/2021\/04\/image001.jpg\",\"datePublished\":\"2021-04-19T08:26:10+00:00\",\"author\":{\"@id\":\"https:\/\/desteptati-va.ro\/#\/schema\/person\/13182deeebd44920914899f7bb262d6b\"},\"breadcrumb\":{\"@id\":\"https:\/\/desteptati-va.ro\/index.php\/2021\/04\/19\/afacerea-pacepa\/#breadcrumb\"},\"inLanguage\":\"ro-RO\",\"potentialAction\":[{\"@type\":\"ReadAction\",\"target\":[\"https:\/\/desteptati-va.ro\/index.php\/2021\/04\/19\/afacerea-pacepa\/\"]}]},{\"@type\":\"ImageObject\",\"inLanguage\":\"ro-RO\",\"@id\":\"https:\/\/desteptati-va.ro\/index.php\/2021\/04\/19\/afacerea-pacepa\/#primaryimage\",\"url\":\"https:\/\/desteptati-va.ro\/wp-content\/uploads\/2021\/04\/image001.jpg\",\"contentUrl\":\"https:\/\/desteptati-va.ro\/wp-content\/uploads\/2021\/04\/image001.jpg\",\"width\":200,\"height\":211},{\"@type\":\"BreadcrumbList\",\"@id\":\"https:\/\/desteptati-va.ro\/index.php\/2021\/04\/19\/afacerea-pacepa\/#breadcrumb\",\"itemListElement\":[{\"@type\":\"ListItem\",\"position\":1,\"name\":\"Prima pagin\u0103\",\"item\":\"https:\/\/desteptati-va.ro\/\"},{\"@type\":\"ListItem\",\"position\":2,\"name\":\"Afacerea Pacepa\"}]},{\"@type\":\"WebSite\",\"@id\":\"https:\/\/desteptati-va.ro\/#website\",\"url\":\"https:\/\/desteptati-va.ro\/\",\"name\":\"\",\"description\":\"\",\"potentialAction\":[{\"@type\":\"SearchAction\",\"target\":{\"@type\":\"EntryPoint\",\"urlTemplate\":\"https:\/\/desteptati-va.ro\/?s={search_term_string}\"},\"query-input\":{\"@type\":\"PropertyValueSpecification\",\"valueRequired\":true,\"valueName\":\"search_term_string\"}}],\"inLanguage\":\"ro-RO\"},{\"@type\":\"Person\",\"@id\":\"https:\/\/desteptati-va.ro\/#\/schema\/person\/13182deeebd44920914899f7bb262d6b\",\"name\":\"wolfsoftcompany\",\"image\":{\"@type\":\"ImageObject\",\"inLanguage\":\"ro-RO\",\"@id\":\"https:\/\/desteptati-va.ro\/#\/schema\/person\/image\/\",\"url\":\"https:\/\/secure.gravatar.com\/avatar\/a6cce9b6d101d27d91690e7073e300fed94c0899890bf998e082cb9d2c3d121e?s=96&d=mm&r=g\",\"contentUrl\":\"https:\/\/secure.gravatar.com\/avatar\/a6cce9b6d101d27d91690e7073e300fed94c0899890bf998e082cb9d2c3d121e?s=96&d=mm&r=g\",\"caption\":\"wolfsoftcompany\"},\"sameAs\":[\"http:\/\/desteptati-va.ro\"],\"url\":\"https:\/\/desteptati-va.ro\/index.php\/author\/wolfsoftcompany\/\"}]}<\/script>\r\n<!-- \/ Yoast SEO plugin. -->","yoast_head_json":{"title":"Afacerea Pacepa -","robots":{"index":"index","follow":"follow","max-snippet":"max-snippet:-1","max-image-preview":"max-image-preview:large","max-video-preview":"max-video-preview:-1"},"canonical":"https:\/\/desteptati-va.ro\/index.php\/2021\/04\/19\/afacerea-pacepa\/","og_locale":"ro_RO","og_type":"article","og_title":"Afacerea Pacepa -","og_description":"Tr\u0103darea lui Ion Mihai Pacepa\u00a0 ocup\u0103 cu intermiten\u021be, \u00eentotdeauna calculate, pagini ale spa\u021biului mediatic rom\u00e2nesc din ultimele dou\u0103 decenii. EticheteleRead More","og_url":"https:\/\/desteptati-va.ro\/index.php\/2021\/04\/19\/afacerea-pacepa\/","article_published_time":"2021-04-19T08:26:10+00:00","og_image":[{"width":200,"height":211,"url":"https:\/\/desteptati-va.ro\/wp-content\/uploads\/2021\/04\/image001.jpg","type":"image\/jpeg"}],"author":"wolfsoftcompany","twitter_card":"summary_large_image","twitter_misc":{"Scris de":"wolfsoftcompany","Timp estimat pentru citire":"20 de minute"},"schema":{"@context":"https:\/\/schema.org","@graph":[{"@type":"Article","@id":"https:\/\/desteptati-va.ro\/index.php\/2021\/04\/19\/afacerea-pacepa\/#article","isPartOf":{"@id":"https:\/\/desteptati-va.ro\/index.php\/2021\/04\/19\/afacerea-pacepa\/"},"author":{"name":"wolfsoftcompany","@id":"https:\/\/desteptati-va.ro\/#\/schema\/person\/13182deeebd44920914899f7bb262d6b"},"headline":"Afacerea Pacepa","datePublished":"2021-04-19T08:26:10+00:00","mainEntityOfPage":{"@id":"https:\/\/desteptati-va.ro\/index.php\/2021\/04\/19\/afacerea-pacepa\/"},"wordCount":3981,"commentCount":0,"image":{"@id":"https:\/\/desteptati-va.ro\/index.php\/2021\/04\/19\/afacerea-pacepa\/#primaryimage"},"thumbnailUrl":"https:\/\/desteptati-va.ro\/wp-content\/uploads\/2021\/04\/image001.jpg","keywords":["cartita","Ceausescu","CIA","Danescu","defectare","defector","desteptati","desteptati-va","doicaru","erou","Mihai Pacepa","Militaru","NATO","Pacepa","tradare","tradator"],"articleSection":["Decembrie 89","Tradari, tradatori si altii"],"inLanguage":"ro-RO","potentialAction":[{"@type":"CommentAction","name":"Comment","target":["https:\/\/desteptati-va.ro\/index.php\/2021\/04\/19\/afacerea-pacepa\/#respond"]}]},{"@type":"WebPage","@id":"https:\/\/desteptati-va.ro\/index.php\/2021\/04\/19\/afacerea-pacepa\/","url":"https:\/\/desteptati-va.ro\/index.php\/2021\/04\/19\/afacerea-pacepa\/","name":"Afacerea Pacepa -","isPartOf":{"@id":"https:\/\/desteptati-va.ro\/#website"},"primaryImageOfPage":{"@id":"https:\/\/desteptati-va.ro\/index.php\/2021\/04\/19\/afacerea-pacepa\/#primaryimage"},"image":{"@id":"https:\/\/desteptati-va.ro\/index.php\/2021\/04\/19\/afacerea-pacepa\/#primaryimage"},"thumbnailUrl":"https:\/\/desteptati-va.ro\/wp-content\/uploads\/2021\/04\/image001.jpg","datePublished":"2021-04-19T08:26:10+00:00","author":{"@id":"https:\/\/desteptati-va.ro\/#\/schema\/person\/13182deeebd44920914899f7bb262d6b"},"breadcrumb":{"@id":"https:\/\/desteptati-va.ro\/index.php\/2021\/04\/19\/afacerea-pacepa\/#breadcrumb"},"inLanguage":"ro-RO","potentialAction":[{"@type":"ReadAction","target":["https:\/\/desteptati-va.ro\/index.php\/2021\/04\/19\/afacerea-pacepa\/"]}]},{"@type":"ImageObject","inLanguage":"ro-RO","@id":"https:\/\/desteptati-va.ro\/index.php\/2021\/04\/19\/afacerea-pacepa\/#primaryimage","url":"https:\/\/desteptati-va.ro\/wp-content\/uploads\/2021\/04\/image001.jpg","contentUrl":"https:\/\/desteptati-va.ro\/wp-content\/uploads\/2021\/04\/image001.jpg","width":200,"height":211},{"@type":"BreadcrumbList","@id":"https:\/\/desteptati-va.ro\/index.php\/2021\/04\/19\/afacerea-pacepa\/#breadcrumb","itemListElement":[{"@type":"ListItem","position":1,"name":"Prima pagin\u0103","item":"https:\/\/desteptati-va.ro\/"},{"@type":"ListItem","position":2,"name":"Afacerea Pacepa"}]},{"@type":"WebSite","@id":"https:\/\/desteptati-va.ro\/#website","url":"https:\/\/desteptati-va.ro\/","name":"","description":"","potentialAction":[{"@type":"SearchAction","target":{"@type":"EntryPoint","urlTemplate":"https:\/\/desteptati-va.ro\/?s={search_term_string}"},"query-input":{"@type":"PropertyValueSpecification","valueRequired":true,"valueName":"search_term_string"}}],"inLanguage":"ro-RO"},{"@type":"Person","@id":"https:\/\/desteptati-va.ro\/#\/schema\/person\/13182deeebd44920914899f7bb262d6b","name":"wolfsoftcompany","image":{"@type":"ImageObject","inLanguage":"ro-RO","@id":"https:\/\/desteptati-va.ro\/#\/schema\/person\/image\/","url":"https:\/\/secure.gravatar.com\/avatar\/a6cce9b6d101d27d91690e7073e300fed94c0899890bf998e082cb9d2c3d121e?s=96&d=mm&r=g","contentUrl":"https:\/\/secure.gravatar.com\/avatar\/a6cce9b6d101d27d91690e7073e300fed94c0899890bf998e082cb9d2c3d121e?s=96&d=mm&r=g","caption":"wolfsoftcompany"},"sameAs":["http:\/\/desteptati-va.ro"],"url":"https:\/\/desteptati-va.ro\/index.php\/author\/wolfsoftcompany\/"}]}},"_links":{"self":[{"href":"https:\/\/desteptati-va.ro\/index.php\/wp-json\/wp\/v2\/posts\/3932","targetHints":{"allow":["GET"]}}],"collection":[{"href":"https:\/\/desteptati-va.ro\/index.php\/wp-json\/wp\/v2\/posts"}],"about":[{"href":"https:\/\/desteptati-va.ro\/index.php\/wp-json\/wp\/v2\/types\/post"}],"author":[{"embeddable":true,"href":"https:\/\/desteptati-va.ro\/index.php\/wp-json\/wp\/v2\/users\/1"}],"replies":[{"embeddable":true,"href":"https:\/\/desteptati-va.ro\/index.php\/wp-json\/wp\/v2\/comments?post=3932"}],"version-history":[{"count":1,"href":"https:\/\/desteptati-va.ro\/index.php\/wp-json\/wp\/v2\/posts\/3932\/revisions"}],"predecessor-version":[{"id":3934,"href":"https:\/\/desteptati-va.ro\/index.php\/wp-json\/wp\/v2\/posts\/3932\/revisions\/3934"}],"wp:featuredmedia":[{"embeddable":true,"href":"https:\/\/desteptati-va.ro\/index.php\/wp-json\/wp\/v2\/media\/873"}],"wp:attachment":[{"href":"https:\/\/desteptati-va.ro\/index.php\/wp-json\/wp\/v2\/media?parent=3932"}],"wp:term":[{"taxonomy":"category","embeddable":true,"href":"https:\/\/desteptati-va.ro\/index.php\/wp-json\/wp\/v2\/categories?post=3932"},{"taxonomy":"post_tag","embeddable":true,"href":"https:\/\/desteptati-va.ro\/index.php\/wp-json\/wp\/v2\/tags?post=3932"}],"curies":[{"name":"wp","href":"https:\/\/api.w.org\/{rel}","templated":true}]}}