{"id":3935,"date":"2021-04-19T08:27:21","date_gmt":"2021-04-19T08:27:21","guid":{"rendered":"http:\/\/desteptati.ro\/?p=3935"},"modified":"2021-04-19T08:27:21","modified_gmt":"2021-04-19T08:27:21","slug":"agent-gru-g-ral-nicolae-militaru","status":"publish","type":"post","link":"https:\/\/desteptati-va.ro\/index.php\/2021\/04\/19\/agent-gru-g-ral-nicolae-militaru\/","title":{"rendered":"Agent GRU &#8211; g-ral. Nicolae Militaru"},"content":{"rendered":"<div class=\"post-content\"><div class='booster-block booster-read-block'>\n                <div class=\"twp-read-time\">\n                \t<i class=\"booster-icon twp-clock\"><\/i> <span>Read Time:<\/span>32 Minute, 40 Second                <\/div>\n\n            <\/div><h4>A absolvit studii la Academia Militar\u0103 \u201eFrunze\u201d de la <a href=\"http:\/\/ro.wikipedia.org\/wiki\/Moscova\" target=\"_blank\" rel=\"noopener\">Moscova<\/a>.<\/h4>\r\n<h4 style=\"text-align: justify;\">La Congresele\u00a0 X, XI \u0219i XII ale <a title=\"PCR\" href=\"http:\/\/ro.wikipedia.org\/wiki\/PCR\" target=\"_blank\" rel=\"noopener\">PCR<\/a> (1969, 1974 \u0219i 1979) a fost ales ca membru supleant al CC al PCR.<\/h4>\r\n<h4 style=\"text-align: justify;\">A fost numit comandant al Armatei a III-a (17 iunie 1965) \u0219i al\u00a0 Armatei a II-a (8 iulie 1969 &#8211; 5 iunie 1978).<\/h4>\r\n<h4 style=\"text-align: justify;\">\u00cen anul 1974 a fost \u00eenaintat la gradul de general-colonel (cu 3 stele), iar 1978 a fost trecut \u00een rezerv\u0103 \u0219i numit \u00een func\u021bia de adjunct al ministrului construc\u021biilor industriale, fiind documentat\u0103 activitatea sa \u00een slujba serviciului sovietic de informa\u021bii\u00a0 al armatei GRU.<\/h4>\r\n<h4 style=\"text-align: justify;\">A fost rechemat \u00een cadrele active ale armatei \u00een 26 decembrie 1989 \u0219i numit \u00een func\u021bia de Ministru al Ap\u0103r\u0103rii Na\u021bionale.<\/h4>\r\n<h4 style=\"text-align: justify;\">La\u00a0 28 decembrie 1989 a fost \u00eenaintat \u00een gradul de general de armat\u0103 (cu 4 stele).<\/h4>\r\n<h4 style=\"text-align: justify;\">La data de 22 martie 1990, ca urmare a ac\u021biunilor de protest a militarilor din CADA, a fost trecut \u00een rezerv\u0103 cu drept la pensie.<\/h4>\r\n<h4 style=\"text-align: justify;\">\u00cen anul 1996 a candidat la pre\u0219edin\u021bia Rom\u00e2niei, ob\u021bin\u00e2nd 0,22% din voturi, ocazie cu care s-a pronun\u021bat \u00eempotriva integr\u0103rii Rom\u00e2niei \u00een structurile <a title=\"NATO\" href=\"http:\/\/ro.wikipedia.org\/wiki\/NATO\" target=\"_blank\" rel=\"noopener\">NATO<\/a>.<\/h4>\r\n<h4 style=\"text-align: justify;\">De-a lungul vremii, presa din Rom\u00e2nia a acordat spa\u021bii largi activit\u0103\u021bii criminale desf\u0103\u0219urate de generalul uciga\u0219 \u00een timpul evenimentelor din 1989. Victimele respective nu reprezentau un pericol privind desf\u0103\u0219urarea evenimentelor \u00eens\u0103, datorit\u0103 informa\u021biilor pe care le de\u021bineau, prin valoarea lor incontestabil\u0103 ca fo\u0219ti ofi\u021beri de contrainforma\u021bii,\u00a0 ar fi putut aduce atingere unor indivizi \u00eenrola\u021bi \u00een servicii de spionaj str\u0103ine, printre care \u0219i rezervistului Militaru demascat, la sf\u00e2r\u0219itul anilor `70, ca fiind \u00een slujba serviciului de spinaj sovietic al armatei GRU.<\/h4>\r\n<h4 style=\"text-align: justify;\">Iata c\u00e2teva mostre:<\/h4>\r\n<h4 style=\"text-align: justify;\"><strong><span style=\"text-decoration: underline;\">M\u0103celul de la MApN: crime \u015fi profanare<\/span> &#8211; Mihai Mincan, Dorin Chio\u0163ea<\/strong><\/h4>\r\n<h4 style=\"text-align: justify;\"><\/h4>\r\n<figure id=\"attachment_884\" aria-describedby=\"caption-attachment-884\" style=\"width: 458px\" class=\"wp-caption aligncenter\"><a href=\"http:\/\/www.desteptati-va.ro\/wp-content\/uploads\/2011\/02\/2.jpg\"><img loading=\"lazy\" decoding=\"async\" class=\" wp-image-884\" title=\"Corpurile &quot;teroristilor&quot; ucisi\" src=\"http:\/\/www.desteptati-va.ro\/wp-content\/uploads\/2011\/02\/2-300x184.jpg\" alt=\"Corpurile &quot;teroristilor&quot; ucisi\" width=\"458\" height=\"281\" \/><\/a><figcaption id=\"caption-attachment-884\" class=\"wp-caption-text\">Corpurile &#8222;teroristilor&#8221; ucisi<\/figcaption><\/figure>\r\n<h4 style=\"text-align: justify;\"><strong>Supravie\u0163uitorii carnajului de la MApN, c\u0103ruia i-au c\u0103zut victime opt \u201eusla\u015fi\u201c, au fost prezenta\u0163i drept \u201easasini ai vechiului regim\u201c. Cadavrele membrilor USLA au fost l\u0103sate \u00een strad\u0103 timp de mai multe zile, fiind profanate \u015fi scuipate de mul\u0163imea revolu\u0163ionarilor dezinforma\u0163i.<\/strong><\/h4>\r\n<h4><\/h4>\r\n<h4 style=\"text-align: justify;\">\u00cen noaptea de 23 spre 24 decembrie 1989, colonelul Gheorghe Trosca, \u015feful de Stat Major \u00een cadrul Unit\u0103\u0163ii Speciale de Lupt\u0103 Antiterorist\u0103 \u00ad(USLA), \u00ee\u015fi tr\u0103ia ultimele secunde ale vie\u0163ii \u00een cartierul bucure\u015ftean Drumul Taberei, aproape de gardul Ministerului Ap\u0103r\u0103rii Na\u0163ionale (MApN). El a c\u0103zut sub rafalele tancurilor aflate chiar \u00een fa\u0163a institu\u0163iei pe care fusese chemat s\u0103 o apere.<\/h4>\r\n<h3 style=\"text-align: justify;\"><strong>\u201eTerori\u015ftii&#8221;, de neg\u0103sit<\/strong><\/h3>\r\n<h4 style=\"text-align: justify;\">Terori\u015ftii \u201eascun\u015fi \u00een tufi\u015furi&#8221; &#8211; motivul invocat de ministrul Ap\u0103r\u0103rii, generalul Nicolae Militaru, pentru convocarea lui Trosca \u015fi a oamenilor s\u0103i &#8211; erau de neg\u0103sit. \u015ei mai straniu, odat\u0103 sosi\u0163i la fa\u0163a locului, militarii USLA nimeriser\u0103 sub asaltul a ceea ce p\u0103reau a fi chiar dispozitive de lupt\u0103 aflate \u00een dotarea MApN.<\/h4>\r\n<h4 style=\"text-align: justify;\">Ajuns \u00een fa\u0163a Ministerului Ap\u0103r\u0103rii, colonelul Gheorghe Trosca transmite un mesaj halucinant celor r\u0103ma\u015fi la sediul USLA: Armata trage asupra propriului sediu. I se promite protec\u0163ie, ba chiar prime\u015fte instruc\u0163iuni privind semnalul de recunoa\u015ftere. Nici nu apuc\u0103 s\u0103-l foloseasc\u0103 \u00eens\u0103. Tancurile \u015fi blindatele din fa\u0163a MApN deschid foc automat \u00een direc\u0163ia &#8222;usla\u015filor&#8221;.\r\n\u201ene omoar\u0103 \u0103\u015ftia!&#8221;<\/h4>\r\n<h4 style=\"text-align: justify;\">Primul r\u0103cnet care se aude, \u00een zgomotul rafalelor ce loveau vehiculele USLA, este cel al lui Constantin Isac, reprezentant al FSN \u015fi responsabil cu leg\u0103tura dintre noua putere \u015fi trupele USLA. &#8222;Jos, c\u0103 \u0103\u015ftia ne omoar\u0103!&#8221;, strig\u0103 Isac.<\/h4>\r\n<h4 style=\"text-align: justify;\">Primul coboar\u0103 Trosca, urmat de Isac \u015fi de \u015foferul unuia dintre ABI-uri (autovehicule ARO cu blindaj de tabl\u0103). Colonelul se ascunde \u00een dreptul ro\u0163ii din spatele ma\u015finii, \u00een timp ce Isac se tr\u00e2nte\u015fte pe burt\u0103, \u00eentr-un unghi mort pentru tancul ce tr\u0103gea asupra lor.<\/h4>\r\n<h4 style=\"text-align: justify;\">\u201eGloan\u0163ele treceau prin ma\u015fin\u0103 \u015fi \u00eemi s\u0103reau schije \u00een picioare. Trosca s-a \u00eendreptat apoi c\u0103tre al doilea vehicul, cer\u00e2nd s\u0103 intre. Eu am s\u0103rit peste un cadavru \u015fi peste un gard viu \u015fi m-am ascuns \u00eentre gard \u015fi partea de jos a blocului. \u00adM-am orientat c\u0103tre ni\u015fte ma\u015fini parcate. M-am b\u0103gat sub o Skoda acoperit\u0103 cu o prelat\u0103&#8221;, poveste\u015fte ast\u0103zi Constantin Isac. R\u0103nit \u00een picior, acesta petrece urm\u0103toarele ore sub ma\u015fina parcat\u0103. \u00centr-un final, reu\u015fe\u015fte s\u0103 ias\u0103 \u015fi, t\u00e2r\u00e2ndu-se, se ad\u0103poste\u015fte \u00een apartamentul unui prieten care locuia \u00een zon\u0103.<\/h4>\r\n<h4 style=\"text-align: justify;\">Opt membri ai USLA aveau s\u0103 moar\u0103 \u00een acea noapte, \u00een frunte cu \u015feful lor, colonelul Gheorghe Trosca. Dup\u0103 un model demn de vremurile preistorice, trupurile acestora au fost l\u0103sate \u00een strad\u0103. Pe frun\u0163ile lor a fost scris &#8222;Terori\u015fti&#8221; sau &#8222;Tr\u0103d\u0103tori&#8221;. Trosca a fost decapitat. Corpul acestuia a fost l\u0103sat s\u0103 zac\u0103 \u00een strad\u0103, iar capul i-a fost a\u015fezat pe un cauciuc, cu o \u0163igar\u0103 \u00eenfipt\u0103 \u00een gur\u0103, imposibil de identificat \u00een spatele straturilor de noroi \u015fi fum depuse. Captivi ai diversiunii &#8222;Terori\u015ftii sunt printre noi&#8221;, sus\u0163inut\u0103 prin toate mijloacele posibile \u00een acele zile, trec\u0103torii din Drumul Taberei nu au ezitat s\u0103 scuipe sau s\u0103 urineze pe trupurile ne\u00eensufle\u0163ite. Era modul lor de a-\u015fi exprima ura fa\u0163\u0103 de fostul regim.<\/h4>\r\n<h3 style=\"text-align: justify;\"><strong>\u201eE soarta mercenarilor!&#8221;<\/strong><\/h3>\r\n<h4 style=\"text-align: justify;\">Pe 25 decembrie 1989, sub titlul \u201eNimicirea gorilelor mercenare&#8221;, noua edi\u0163ie a \u201eRom\u00e2niei libere&#8221; publica un articol desprins din stilul epocii abia apuse. \u00cen acele r\u00e2nduri, militarii erau ridica\u0163i \u00een sl\u0103vi pentru anihilarea for\u0163elor obscure care amenin\u0163au victoria final\u0103 a Revolu\u0163iei.<\/h4>\r\n<h4 style=\"text-align: justify;\">\u201eDup\u0103 miezul nop\u0163ii de 23 spre 24 decembrie, dou\u0103 tanchete tip ABI, care nu sunt \u00een dotarea for\u0163elor noastre armate, au \u00eencercat s\u0103 p\u0103trund\u0103 \u00een cl\u0103direa Ministerului Ap\u0103r\u0103rii, folosind ca acoperire tricolorul. Bravii \u015fi eroicii no\u015ftri osta\u015fi, afla\u0163i la datorie, le-au nimicit pur \u015fi simplu cu focuri de tunuri. \u015eapte mercenari, angaja\u0163i \u00een slujba tiranului, au fost lichida\u0163i pe loc. Celelalte bestii cu chip de om au fost prinse dup\u0103 c\u00e2teva ore, \u00een urma unor lupte cr\u00e2ncene. Aceasta va fi soarta tuturor mercenarilor! Bravo, militari ai Armatei Rom\u00e2ne!&#8221;, scria \u00een articolul citat.<\/h4>\r\n<h3 style=\"text-align: justify;\"><strong>\u201eUsla\u015fii&#8221; ataca\u0163i \u00een fa\u0163a MApN-ului<\/strong><\/h3>\r\n<h4><em>Uci\u015fi<\/em>\r\n&#8211; Gheorghe Trosca (colonel, \u015feful de Stat Major \u00een cadrul USLA)\r\n&#8211; Eugen Trandafir Cotuna (locotenent-colonel)\r\n&#8211; Andrei \u015etefan (sublocotenent)\r\n&#8211; Ion Muicaru (sublocotenent)\r\n&#8211; Emil Oprea (sublocotenent)\r\n&#8211; Florin-Constantin Supr\u0103\u0163eanu (sublocotenent)\r\n&#8211; Teodor Neagoe (sublocotenent)\r\n&#8211; Ion Costache (sublocotenent)<\/h4>\r\n<h4><em>R\u0103ni\u0163i<\/em>\r\n&#8211; Romulus G\u00e2rz (locotenent)\r\n&#8211; \u015etefan \u015eoldea (sergent-major)\r\n&#8211; Petre G\u0103inescu (plutonier)\r\n&#8211; Ionel P\u0103duraru (sergent-major)\r\n&#8211; Constantin Isac (reprezentantul FSN pentru USLA)<\/h4>\r\n<h4 style=\"text-align: justify;\"><strong>Dilema lui Militaru: mai tr\u0103ie\u015fte Trosca?<\/strong><\/h4>\r\n<h4 style=\"text-align: justify;\">Cei cinci supravie\u0163uitori ai carnajului din Drumul Taberei au fost Romulus G\u00e2rz, \u015etefan \u015eoldea, Petre G\u0103inescu \u015fi Ionel P\u0103duraru (membri ai USLA) \u015fi Constantin Isac (reprezentant al FSN). M\u0103rturiile acestora exprim\u0103 perfect confuzia total\u0103 ce planeaz\u0103 asupra misiunii pentru care au fost chema\u0163i \u00een Drumul Taberei.<\/h4>\r\n<h4 style=\"text-align: justify;\">\u201eLa un moment dat a venit un c\u0103pitan de avia\u0163ie, m-a cobor\u00e2t din ABI pe u\u015fa din spate, conduc\u00e2ndu-m\u0103 p\u00e2n\u0103 \u00een sediul MApN, \u00eentr-o \u00eenc\u0103pere \u00een care erau colonelul Gheorghe Ardeleanu, generalul Nicolae Militaru \u015fi generalul Iulian Vlad. Pe l\u00e2ng\u0103 cei cunoscu\u0163i se afla \u015fi un civil cu barb\u0103 alb\u0103, despre care am aflat c\u0103 era Gelu Voican Voiculescu. Acesta mi-a cerut date despre organizarea, componen\u0163a si func\u0163ionarea unit\u0103\u0163ii, datele mele personale, cu ce misiune am venit&#8230;. \u00cen timpul anchetei am fost \u00eentrebat de dou\u0103 ori dac\u0103 colonelul Trosca mai tr\u0103ie\u015fte sau este mort&#8221;, povestea \u015etefan \u015eoldea, \u00een aprilie 1990, pentru \u201eZig-Zag Magazin&#8221;.<\/h4>\r\n<h3 style=\"text-align: justify;\"><strong>Test de urin\u0103 pentru terori\u015fti droga\u0163i<\/strong><\/h3>\r\n<h4 style=\"text-align: justify;\">Enorma fars\u0103 privind prezen\u0163a terori\u015ftilor \u00een tufi\u015furile din jurul sediului MApN \u015fi chemarea trupelor USLA pentru anihilarea acestora au continuat \u015fi dup\u0103 re\u0163inerea supravie\u0163uitorilor. \u015etefan \u015eoldea poveste\u015fte c\u0103, dup\u0103 ce a fost re\u0163inut, a fost supus unui test de urin\u0103 pentru a dovedi c\u0103 nu este terorist. Una dintre celebrele ipoteze lansate la televizor, \u00een acele zile, era aceea c\u0103 terori\u015ftii erau persoane drogate de Securitate pentru a trage f\u0103r\u0103 soma\u0163ie \u00een revolu\u0163ionari.<\/h4>\r\n<h4 style=\"text-align: justify;\">Inexisten\u0163a terori\u015ftilor este sus\u0163inut\u0103 \u015fi de m\u0103rturiile locatarilor din blocurile aflate \u00een zona carnajului. Membrii unei familii au declarat c\u0103 au fost vizita\u0163i, \u00een mai 1990, de doi indivizi, cu legitima\u0163ii de Mili\u0163ie, care le-a transmis c\u0103 schimbul de focuri din 23-24 decembrie 1989 avusese loc &#8222;\u00eentre dou\u0103 unit\u0103\u0163i ale Armatei&#8221; \u015fi c\u0103 &#8222;nu au existat terori\u015fti&#8221;.<\/h4>\r\n<h3 style=\"text-align: justify;\"><strong>Iarna \u00een care moartea a r\u00e2njit<\/strong><\/h3>\r\n<h4 style=\"text-align: justify;\">Parc\u0103 a fost ieri, aveam 16 ani \u015fi jum\u0103tate&#8230; Locuiam \u00een Ghencea, peste drum de biserica G\u00e2rleni, vecin\u0103 cu unit\u0103\u0163ile militare care se \u00eentind peste un spa\u0163iu imens, p\u00e2n\u0103 spre \u015eoseaua Antiaerian\u0103. Tata, maior de artilerie \u00een Armat\u0103, era de o s\u0103pt\u0103m\u00e2n\u0103 la serviciu. Puteam vorbi rar cu el, \u015fi doar atunci c\u00e2nd avea voie s\u0103 ne sune. Dup\u0103 ce zgomotul armelor s-a mai domolit, am ie\u015fit afar\u0103 \u00eempreun\u0103 cu mama \u015fi cu fratele meu. Trebuia s\u0103-i ducem un pachet cu m\u00e2ncare \u015fi schimburi. Am tot f\u0103cut asta \u015fi-n zilele urm\u0103toare. Lucra peste drum de Complexul Orizont, \u00eentr-o cl\u0103dire cu patru etaje, foarte aproape de strad\u0103.<\/h4>\r\n<h4 style=\"text-align: justify;\">Ne-a cam fost team\u0103 pe drum. Am luat-o pe jos, printre blocuri, apoi am ie\u015fit spre Favorit \u015fi am f\u0103cut dreapta c\u0103tre Orizont. Nu era lume mult\u0103 pe str\u0103zi la orele pr\u00e2nzului. \u00cen ziua aceea de iarn\u0103 care \u00eencepea s\u0103 se a\u015ftearn\u0103 treptat, autobuzele nu circulau, iar noi priveam \u00een sus dup\u0103 terori\u015fti. Pe strada Dumul Taberei se vedeau multe tancuri \u015fi solda\u0163i \u00eenarma\u0163i. Blocurile de vizavi erau ciuruite de gloan\u0163e, unele apartamente aveau geamurile sparte. La 50 de metri de intrarea \u00een minister (acum este Statul Major al Trupelor de Uscat), am v\u0103zut o priveli\u015fte pe care n-o voi uita niciodat\u0103. Pe strada aceea \u00eencremenit\u0103, dar securizat\u0103 la maximum, \u00eentr-o lini\u015fte aduc\u0103toare de nelini\u015fti, dou\u0103 ma\u015fini Aro vopsite \u00een verde erau distruse complet. Aveau turele pe care erau montate mitraliere, erau blindate, neobi\u015fnuite pentru noi. \u00cen jurul \u015fi \u00een interiorul lor, cadavre carbonizate, cel pu\u0163in \u015fase am num\u0103rat. Una dintre ma\u015fini era r\u0103sturnat\u0103, iar pe ambele era scris cu alb \u201eTERORI\u015eTI&#8221;.<\/h4>\r\n<h4 style=\"text-align: justify;\">Trupurile celor uci\u015fi erau mutilate \u00eengrozitor. Unul purta dou\u0103 mantale, parc\u0103 f\u0103r\u0103 grade pe ele. Capul altuia, desp\u0103r\u0163it de corp, era pus l\u00e2ng\u0103 o roat\u0103, iar r\u00e2njetul mor\u0163ii de pe chipu-i de nerecunoscut \u00eei era asortat cu o \u0163igar\u0103 pe care cineva i-o pusese \u00een gur\u0103. Peste tot erau intestine, s\u00e2nge coagulat, buc\u0103\u0163i de trupuri. Nu mirosea a nimic, dar moartea era acolo \u00een toat\u0103 hido\u015fenia ei. Vedeam m\u00e2ini \u015fi picioare smulse din articula\u0163ii, carne de om ars\u0103, funingine \u015fi fiare contorsionate.<\/h4>\r\n<h4 style=\"text-align: justify;\">Oamenii \u00eei scuipau din spatele perdelei de ur\u0103 ce li se a\u015fternuse pe ochi. P\u00e2n\u0103 s\u0103 vin\u0103 tata s\u0103 preia pachetele de acas\u0103, i-am scuipat \u015fi noi. Cu furie, cu vorbe grele, cu n\u0103duful c\u0103 saliva aia ne-a sc\u0103pat de un co\u015fmar pe care l-am dus greu \u00een spate. Am stat acolo vreo or\u0103, blestem\u00e2nd \u015fi suduind, bucur\u00e2ndu-ne de soarta lor. Oamenii veneau tot mai \u00admul\u0163i, profan\u00e2nd ca \u015fi noi acele cadavre, dopa\u0163i cu incon\u015ftien\u0163a aceea nud\u0103 \u015fi nevinovat\u0103, sprijinindu-se pe t\u0103cerea atent\u0103 a solda\u0163ilor. Vorbeam \u00eentre noi, tineri \u015fi b\u0103tr\u00e2ni, adolescen\u0163i dezorienta\u0163i \u015fi p\u0103rin\u0163i precau\u0163i, de parc\u0103 ne \u015ftiam de-o via\u0163\u0103.<\/h4>\r\n<h4 style=\"text-align: justify;\">Trei zile au z\u0103cut \u015fi nimeni nu i-a comp\u0103timit. Au fost poza\u0163i, filma\u0163i, stranii ar\u0103t\u0103ri pe albul drumului, care serveau ca exemplu de cum pot fi r\u0103spl\u0103ti\u0163i de popor gardienii dictaturii. I-am tot v\u0103zut acolo de c\u00e2teva ori, pentru c\u0103 veneam la tata. Ar\u0103tau tot mai r\u0103u, mai ales c\u0103 pe \u00eenserat c\u00e2\u0163iva oameni de bine, f\u0103r\u0103 pudoare, au f\u0103cut pipi pe ei. Apoi, c\u00e2nd normalul \u00ee\u015fi f\u0103cea tot mai mult loc \u00een peisaj, au disp\u0103rut de acolo. Mul\u0163i trec\u0103tori se mai opreau totu\u015fi \u00een loc \u015fi se \u00eentrebau ce-or face familiile lor. Chiar, oare ce-or face dup\u0103 20 de ani?!<a href=\"http:\/\/www.desteptati-va.ro\/wp-content\/uploads\/2011\/02\/1.jpg\"><img loading=\"lazy\" decoding=\"async\" class=\"aligncenter size-medium wp-image-886\" title=\"Schema diversiunii\" src=\"http:\/\/www.desteptati-va.ro\/wp-content\/uploads\/2011\/02\/1-269x300.jpg\" alt=\"Schema diversiunii\" width=\"269\" height=\"300\" \/><\/a><\/h4>\r\n<h4 style=\"text-align: justify;\"><em><a href=\"http:\/\/www.adevarul.ro\/sfarsitul_ceausestilor\/Macelul_de_la_MApN-_crime_si_profanare_0_162584279.html\" target=\"_blank\" rel=\"noopener\">Articol publicat de \u00a0Adevarul.ro in data de 30-11-2009.<\/a><\/em><\/h4>\r\n<h3><strong><span style=\"text-decoration: underline;\">Povestea unui \u201cterorist\u201d supravie\u0163uitor<\/span><\/strong><\/h3>\r\n<h4 style=\"text-align: justify;\">Constantin Isac este unul dintre militarii care s-au aflat \u00een acele ABI atacate. Isac a fost unul dintre oamenii de decizie ai FSN. El a tinut legatura cu trupele USLA. In dupa-amiaza zilei de 23 decembrie a mers la sediul USLA.<\/h4>\r\n<h4 style=\"text-align: justify;\">&#8222;Am ajuns la unitate si m-am recomandat ca reprezentant al CFSN. Le-am spus sa astepte pana vor primi ordin de la CFSN. Apoi am dat o tura prin oras sa vad daca se trage&#8221;, povesteste Isac.<\/h4>\r\n<h4 style=\"text-align: justify;\">Dupa tura respectiva a ajuns in cartierul Militari si a cerut telefonic o masina de la USLA ca sa fie dus la Ministerul Apararii, unde se afla Gheorghe Ardelean, seful USLA. &#8222;Au venit doua blindate usoare, pline, din care a iesit o persoana: &#8222;Eu sunt locotenent-colonel Trosca&#8221;. M-am urcat intre sofer si Trosca. Deja se lasase intunericul&#8221;.<\/h4>\r\n<h4 style=\"text-align: justify;\">Cele doua ABI-uri s-au indreptat catre MApN, unde trebuia sa ajunga Isac. Specialistii USLA trebuiau apoi sa mearga spre complexul Orizont, unde se spunea ca se ascund teroristi si sa-i elimine.<\/h4>\r\n<h4 style=\"text-align: justify;\">&#8222;Cand am ajuns la MApN ni s-a spus sa ne oprim in fata unui tanc cu luminile stinse. Asta inseamna ca exista comunicare intre USLA si MApN si, de asemenea, cu tancul. Dupa aceea mi s-a transmis sa ma dau jos, sa o iau pe langa tancul din fata si sa intru in minister, iar ei sa-si continue misiunea. Nu am apucat sa mai cobor pentru ca ei au tras o rafala dintr-un blindat din stanga noastra. Au fost raniti luptatorii USLA de pe bancheta din spate. Unul a fost lovit in umar, iar altul in maxilar (&#8230;) Am comunicat ca se trage si ca avem doi raniti. Ni s-a pus ca vine o Salvare, dar am refuzat pentru ca se anuntase in timpul zilei ca teroristii au ambulante si trag din ele. Am zis sa ne conduca tancul din fata in minister.<\/h4>\r\n<h4 style=\"text-align: justify;\">Ne-au comunicat ca tancul ne va da trei semnale luminoase dupa care ne va conduce. Am primit semnalele si am facut si noi trei semnale. In loc sa plecam am intrat din nou sub rafala tancului din stanga. Locotenentul Trosca a iesit din ABI. S-a ascuns dupa roata din dreapta jos, iar eu m-am culcat intre picioarele lui. Gloantele treceau prin masina si imi sareau schije in picioare. Trosca s-a indreptat apoi catre al doilea vehicul cerand sa intre. Eu am fugit spre parcarea din spate. Am sarit peste un cadavru si peste un gard viu si m-am ascuns intre gard si partea de jos a blocului. Apoi am luat-o prin fata blocului. Afara era bezna. In sclipirile gloantelor m-am orientat catre niste masini parcate. M-am bagat sub o Skoda acoperita cu o prelata&#8221;, povesteste Constantin Isac, care apoi s-a ascuns la un prieten.<\/h4>\r\n<h4 style=\"text-align: justify;\">C\u00e2nd s-a \u00eentors la sediul MapN &#8222;acole era o cu totul alta scena. Cand am plecat era o distanta de circa 30 de metri intre cele doua masini. Acum erau una langa alta, indreptate spre minister si pline de cartuse. Pe caldaram, cadavrele celor din masina, iar oamenii treceau si le scuipau. Cineva a aranjat aceasta scena&#8221;, a relatat revolutionarul \u00eentr-un articol publicat de Evenimentul Zilei \u00een 17 decembrie 2006.<\/h4>\r\n<h4><strong>Povestea ordinului generalului Militaru<\/strong><\/h4>\r\n<h4 style=\"text-align: justify;\">La 1 noiembrie 2004, ziarul Ziua a publicat relatarea unui ofi\u0163er MapN: Alexandru Barbu, care a fost ofiter si a indeplinit, timp de trei ani si jumatate, functia de aghiotant al generalului Milea. Dupa disparitia generalului, Alexandru Barbu si-a continuat activitatea, in biroul sau de la sediul MApN, pe langa ministrii Nicolae Militaru si Victor Athanasie Stanculescu. In toata perioada, cand a stat in preajma unor oameni care au facut istorie, Alexandru Barbu a asistat la intamplari si evenimente din ce in ce mai controversate sau trecute cu vederea, astazi. Desi este unul dintre ultimii martori in viata, el nu s-a grabit sa asalteze ziarele cu relatari senzationale, care ar contine cheia evenimentelor din decembrie 1989.<\/h4>\r\n<h4 style=\"text-align: justify;\">\u201cAm fost de fata cand Militaru si Ardeleanu au pus la cale omorarea grupului Trotca. \u00cen ziua de 23 decembrie 1989, col. Ardeleanu Gheorghe se afla deja la sediul MApN. In acea zi, din ordinul gen. Militaru, col. Ardeleanu a transmis ordin ca doua blindate usoare (ABI), cu o formatie de luptatori USLA, sa se deplaseze in Drumul Taberei pentru a scotoci blocurile de vis-\u00e0-vis de MApN. Ordinul a fost ca luptatorii sa fie condusi de col. Trosca, ceeea ce, conform regulamentelor militare si tuturor uzantelor, era interzis, unitatea ramanand fara comanda. In acelasi timp nu s-a stabilit nici un cod de legaturi radio sau de parole pentru recunoasterea cu dispozitivul de aparare a MApN si nici nu au fost anuntati sefii dispozitivului de venirea celor doua ABI-uri, lucru pe care trebuia sa-l faca viceamiralul Aron.<\/h4>\r\n<h4 style=\"text-align: justify;\">Mentionez ca aceste ABI-uri au o forma mai ciudata si Armata nu avea in dotare asemenea blindate (militarii nu mai vazusera asa ceva decat in filme). In momentul aparitiei celor doua blindate, datorita faptului ca nu au avut legatura radio si nu au recunoscut cele doua tancuri din fata MApN si intreg dispozitivul de aparare au deschis focul rezultand macelul acela gratuit.<\/h4>\r\n<h4 style=\"text-align: justify;\">De mentionat ca Trosca, in anul transferarii lui din Armata, era ofiter de contrainformatii la Armata a-II-a, armata condusa de gen. Militaru. Trosca l-a descoperit pe Militaru ca fiind KGB-ist.<\/h4>\r\n<h4 style=\"text-align: justify;\">Dupa omorarea uslasilor nu i-am mai auzit pe Militaru sau Ardeleanu pomenind despre acest subiect\u201d, a relatat Barbu pentru Ziua.<\/h4>\r\n<h3><strong>Ceritudini<\/strong><\/h3>\r\n<h4 style=\"text-align: justify;\">\u015eeful de Stat Major la USLA, colonel (post-mortem) Gheorghe Trosca, locotenent-colonel (post-mortem) Cotuna Eugen Trandafir, sublocotenent (post-mortem) Andrei \u015etefan, sublocotenent (post-mortem) Muicaru Ion, sublocotenent (post-mortem) Oprea Emil, sublocotenent (post-mortem) Supr\u0103\u0163eanu Florin-Constantin, sublocotenent (post-mortem) Neagoe Teodor \u015fi sublocotenent (post-mortem) Costache Ion au murit la datorie ca militari, terori\u015fti, iar apoi a fost reabilita\u0163i \u015fi a primit titluri de &#8222;Erou-martir al Revolutiei romane din decembrie 1989&#8221;, a titlului de &#8222;Luptator pentru victoria Revolutiei romane din decembrie 1989&#8221; si a medaliei &#8222;Revolutia romana din decembrie 1989\u201d.<\/h4>\r\n<h4 style=\"text-align: justify;\"><strong><span style=\"text-decoration: underline;\">\u015eeful USLA c\u0103tre Militaru: \u201eMi-a\u0163i omor\u00e2t oamenii!\u201c<\/span> &#8211; Mihai Mincan<\/strong><\/h4>\r\n<h4 style=\"text-align: justify;\"><\/h4>\r\n<figure id=\"attachment_887\" aria-describedby=\"caption-attachment-887\" style=\"width: 466px\" class=\"wp-caption aligncenter\"><a href=\"http:\/\/www.desteptati-va.ro\/wp-content\/uploads\/2011\/02\/3.jpg\"><img loading=\"lazy\" decoding=\"async\" class=\" wp-image-887\" title=\"Militaru participa la consult\u0103rile pentru formarea noii structuri de conducere\" src=\"http:\/\/www.desteptati-va.ro\/wp-content\/uploads\/2011\/02\/3-300x184.jpg\" alt=\"Militaru participa la consult\u0103rile pentru formarea noii structuri de conducere\" width=\"466\" height=\"286\" \/><\/a><figcaption id=\"caption-attachment-887\" class=\"wp-caption-text\">Militaru participa la consult\u0103rile pentru formarea noii structuri de conducere<\/figcaption><\/figure>\r\n<h4 style=\"text-align: justify;\"><strong>Dou\u0103 m\u0103rturii \u015focante \u00eencheag\u0103 portretul celui \u00eensc\u0103unat \u00een decembrie 1989 \u00een fruntea Armatei Rom\u00e2ne: r\u0103zbun\u0103tor, crud, uciga\u015f cu s\u00e2nge rece. Dup\u0103 s\u0103v\u00e2r\u015firea crimelor, Nicolae Militaru a l\u0103sat cadavrele celor uci\u015fi \u00een strad\u0103, motiv\u00e2nd c\u0103 nu el era \u201ecel responsabil de imaginea Ministerului Ap\u0103r\u0103rii Na\u0163ionale\u201c. *** Pe 24 decembrie 1989, Nicolae Ceau\u015fescu a vrut s\u0103 ias\u0103 la fereastra camerei-arest \u201eca s\u0103 vorbeasc\u0103 poporului\u201d. \u00cen urma conflictului dintre el \u015fi ofi\u0163erul care-l p\u0103zea, \u201enea Nicu\u201d s-a ales cu nasul \u015fifonat. C\u0103pitanul Ion Boboc a fost \u201eexmatriculat\u201c din camer\u0103, dar dup\u0103 c\u00e2teva ore a fost rechemat. Lui Ceau\u015fescu i se f\u0103cuse dor de el.<\/strong><\/h4>\r\n<h4 style=\"text-align: justify;\">\u00cen noaptea de 22 spre 23 decembrie 1989, blocat \u00eentr-un ABI \u00een care se tr\u0103gea din toate direc\u0163iile, colonelul Gheorghe Trosca \u00ee\u015fi tr\u0103ia ultimele clipe din via\u0163\u0103, url\u00e2nd speriat spre o sta\u0163ie de emisie-recep\u0163ie: \u201eTrag \u00een noi! Trag \u00een noi!&#8221;. Fusese chemat la sediul Ministerului Ap\u0103r\u0103rii Na\u0163ionale din cartierul Drumul Taberei pentru a-\u015fi ar\u0103ta loialitatea fa\u0163\u0103 de noua putere, prin anihilarea \u201eterori\u015ftilor ascun\u015fi \u00een tufi\u015furi&#8221;.<\/h4>\r\n<h4 style=\"text-align: justify;\">La c\u00e2teva zeci de metri distan\u0163\u0103 de locul execu\u0163iei lui Trosca, generalul Nicolae Militaru, numit deja, informal, ministru al Ap\u0103r\u0103rii de c\u0103tre Ion Iliescu, savura din biroul s\u0103u m\u0103celul din strad\u0103. Absorbea r\u0103cnetele unui muribund, transmise prin sta\u0163ie, \u015fi se foia prin \u00eenc\u0103pere, repet\u00e2nd sec: \u201eN-avea cum&#8230;&#8221;.<\/h4>\r\n<h4 style=\"text-align: justify;\">Trecuser\u0103 11 ani de la momentul \u00een care colonelul atacat \u00een ABI contribuia decisiv, prin inform\u0103rile operative oferite lui Nicolae Ceau\u015fescu, la trecerea \u00een rezerv\u0103 \u015fi dezonorarea generalului Nicolae Militaru. Acum venise momentul r\u0103zbun\u0103rii. \u00cenvestit \u00een func\u0163ia de comand\u0103 a Armatei \u015fi beneficiind de neabolirea pedepsei cu moartea (ce avea s\u0103 se \u00eent\u00e2mple abia \u00een 12 ianuarie 1990), fostul spion GRU \u00eencepea s\u0103-\u015fi pl\u0103teasc\u0103 poli\u0163ele. To\u0163i cei care-i dovediser\u0103 trecutul de agent sovietic trebuiau s\u0103 dispar\u0103 definitiv.<\/h4>\r\n<h3><strong>Cele dou\u0103 m\u0103rturii<\/strong><\/h3>\r\n<h4 style=\"text-align: justify;\">Teribila crim\u0103 din fa\u0163a sediului MApN a fost t\u0103inuit\u0103 ani buni. Miza era enorm\u0103: noul regim, autoproclamat \u201edemocratic&#8221;, ar fi trebuit s\u0103 ofere explica\u0163ii serioase privind legitimarea \u015fi \u00eenvestirea unui criminal \u00een fruntea celei mai sensibile institu\u0163ii din zilele Revolu\u0163iei: Armata.<\/h4>\r\n<h4 style=\"text-align: justify;\">M\u0103rturii succinte, care construiau doar buc\u0103\u0163i din adev\u0103rul acelui moment, au fost oferite, disipat, \u00een presa primilor ani de democra\u0163ie, dar \u015fi \u00een cadrul audierilor Comisiei Senatoriale pentru Cercetarea Evenimentelor din Decembrie 1989. Efectul acestora a fost \u00eens\u0103 aproape nul. Astfel se explic\u0103 cum, \u00een decembrie 1996, generalul Nicolae Militaru, poz\u00e2nd \u00eentr-o personalitate extrem de respectabil\u0103, candida pentru func\u0163ia de pre\u015fedinte al Rom\u00e2niei. \u015ei cum institu\u0163iile statului rom\u00e2n i-au acceptat candidatura ca oric\u0103rui om onorabil. De la crimele din 1989 trecuser\u0103 \u015fapte ani.<\/h4>\r\n<h4 style=\"text-align: justify;\">\u00cen mormanul de m\u0103rturii colectate din 1989 p\u00e2n\u0103 ast\u0103zi exist\u0103 \u00eens\u0103 dou\u0103 declara\u0163ii zguduitoare, care demonstreaz\u0103 indubitabil c\u0103 generalul Nicolae Militaru este adev\u0103ratul autor al m\u0103celului din 23 decembrie 1989, ora 22.00. Ambele au fost consemnate de c\u0103tre istoricul Alex Mihai Stoenescu, ambele apar\u0163in unor persoane care se aflau, la momentul execu\u0163iei, \u00een preajma lui Militaru.<\/h4>\r\n<h3 style=\"text-align: justify;\"><strong>Militaru: \u201eS\u0103 dovedeasc\u0103 c\u0103 e de partea noastr\u0103!&#8221;<\/strong><\/h3>\r\n<h4 style=\"text-align: justify;\">Prima m\u0103rturie apar\u0163ine celui care, la momentul crimei din Drumul Taberei, era, cel pu\u0163in \u00een acte, adev\u0103ratul ministru al Ap\u0103r\u0103rii. Victor Atanasie St\u0103nculescu fusese martorul direct al \u00eentregii opera\u0163iuni uciga\u015fe, regizat\u0103 de c\u0103tre Nicolae Militaru. \u00cen acele moment, cei doi se aflau fa\u0163\u0103 \u00een fa\u0163\u0103, ca \u00eentr-un veritabil film de ac\u0163iune, desp\u0103r\u0163i\u0163i de Ion Iliescu.<\/h4>\r\n<h4 style=\"text-align: justify;\">Se \u00eent\u00e2mpla chiar \u00een biroul ministrului Ap\u0103r\u0103rii, care ar fi trebuit s\u0103 fie \u00eenc\u0103perea de comand\u0103 a lui St\u0103nculescu. Din acest loc, infiltrat cu ajutorul \u015fi cu sus\u0163inerea lui Ion Iliescu, Nicolae Militaru d\u0103dea unul dintre primele sale ordine ca ministru al Ap\u0103r\u0103rii: uciderea colonelului Gheorghe Trosca.<\/h4>\r\n<h4 style=\"text-align: justify;\">\u201eMilitaru a fost un tip r\u0103zbun\u0103tor. M\u0103 refer la discu\u0163ia din noaptea c\u00e2nd a cerut s\u0103 vin\u0103 grupul de la USLA, \u00een care Ion Iliescu era pe scaunul ministrului, iar eu \u015fi cu Militaru \u00een fa\u0163a biroului, pe fotolii. Eu am spus atunci: \u00abL\u0103sa\u0163i-i s\u0103 se opreasc\u0103 la calea ferat\u0103!\u00bb. Militaru s-a opus: \u00abNu, s\u0103 vin\u0103 \u00eencoa&#8217;, s\u0103 dovedeasc\u0103 c\u0103 e de partea noastr\u0103!\u00bb. C\u00e2nd au raportat c\u0103 au ajuns la linia de tramvai, le-am spus celor din birou: \u00abS\u0103 nu vin\u0103!\u00bb. Este noapte deja, n-aveam leg\u0103turi, eram vai de capul nostru.<\/h4>\r\n<h4 style=\"text-align: justify;\">\u00cen acel moment &#8211; \u015fi asta mi-a spus \u015feful Direc\u0163iei Opera\u0163ii -, Militaru a dat ordin s\u0103 se maseze foarte multe trupe \u00een dreptul ministerului. Era acolo capacitatea pentru ap\u0103rare a unei unit\u0103\u0163i de tip regiment, pentru frontul de atac al unei divizii! O enormitate! Militaru a insistat pentru aceast\u0103 concentrare de foc nemaipomenit\u0103 \u00eentr-un ora\u015f, \u00eentr-o curte, c\u0103 totul se petrecea la cl\u0103dirile de la Orizont.<\/h4>\r\n<h4 style=\"text-align: justify;\">C\u00e2nd am auzit lovitura de tanc de nimicire a ma\u015finilor USLA, i-am spus: \u00abDomne, v-am spus c\u0103 nu trebuie s\u0103 vin\u0103 p\u00e2n\u0103 aici, c\u0103 e noapte \u015fi se poate \u00eent\u00e2mpla o nenorocire&#8230;\u00bb Iar el a r\u0103spuns: \u00abLas\u0103, domne, c\u0103 la r\u0103zboi e ca la r\u0103zboi!\u00bb&#8221;, a m\u0103rturisit Victor Atanasie St\u0103nculescu.<\/h4>\r\n<h4 style=\"text-align: justify;\">Colonelul Gheorghe Ardeleanu, cel pomenit de generalul St\u0103nculescu, era \u015feful trupelor USLA \u015fi se afla, \u00een acea sear\u0103 teribil\u0103 de 23 decembrie 1989, al\u0103turi de Militaru, St\u0103nculescu \u015fi Iliescu, \u00een biroul ministrului Ap\u0103r\u0103rii.<\/h4>\r\n<h3 style=\"text-align: justify;\"><strong>\u201ePe front, lumea mai \u015fi moare&#8221;<\/strong><\/h3>\r\n<h4 style=\"text-align: justify;\"><\/h4>\r\n<figure id=\"attachment_888\" aria-describedby=\"caption-attachment-888\" style=\"width: 389px\" class=\"wp-caption aligncenter\"><a href=\"http:\/\/www.desteptati-va.ro\/wp-content\/uploads\/2011\/02\/4.jpg\"><img loading=\"lazy\" decoding=\"async\" class=\" wp-image-888\" title=\"Cadavrul colonelului Trosca\" src=\"http:\/\/www.desteptati-va.ro\/wp-content\/uploads\/2011\/02\/4-209x300.jpg\" alt=\"Cadavrul colonelului Trosca\" width=\"389\" height=\"558\" \/><\/a><figcaption id=\"caption-attachment-888\" class=\"wp-caption-text\">Cadavrul colonelului Trosca<\/figcaption><\/figure>\r\n<h4 style=\"text-align: justify;\">Luat\u0103 sub forma unui interviu de c\u0103tre istoricul Alex Mihai Stoenescu, a doua m\u0103rturie \u00eei apar\u0163ine generalului Romeo C\u00e2mpeanu, cel care \u00een decembrie 1989 era loc\u0163iitor al \u015fefului Inspectoratului General al Mili\u0163iei. Altfel spus, adjunctul generalului Nu\u0163\u0103.<\/h4>\r\n<h4 style=\"text-align: justify;\">\u00cen noaptea de 23 spre 24 decembrie 1989, generalul C\u00e2mpeanu se afla, ca \u015fi colonelul Ardeleanu, \u00een biroul ministrului Ap\u0103r\u0103rii, al\u0103turi de trioul Iliescu &#8211; Militaru &#8211; St\u0103nculescu. A\u015fadar, el a fost martor ocular al acelor groz\u0103vii. Declara\u0163ia sa, redat\u0103 sub forma unei povestiri emo\u0163ionante despre ur\u0103 \u015fi cruzime, \u00eentrege\u015fte portretul de criminal feroce al generalului Nicolae Militaru.<\/h4>\r\n<h4 style=\"text-align: justify;\">\u201eArdeleanu vorbea cu Trosca la telefon \u015fi avea \u015fi sta\u0163ia deschis\u0103, \u00een acela\u015fi timp. \u015ei \u00eei spune: \u00abIa trimite tu trei ABI-uri \u00eencoace!\u00bb. Nu \u015ftiam exact c\u00e2\u0163i sunt, dar erau foarte mul\u0163i. Tancuri, TAB-uri, artilerie, trupe de infanterie. A intervenit Militaru: \u00abS\u0103 vin\u0103 Trosca!\u00bb. Erau tot timpul \u00een leg\u0103tur\u0103 pe sta\u0163ie, c\u00e2nd au intrat pe Drumul Taberei \u015fi tancurile au \u00eenceput s\u0103 trag\u0103 \u00een ei.<\/h4>\r\n<h4 style=\"text-align: justify;\">\u00abUsla\u015fii\u00bb urlau \u00een ABI-uri, urlau ca \u00een iad. Tot asasinatul s-a auzit \u00een sta\u0163ie, \u00een biroul lui Militaru. L-am auzit pe Trosca url\u00e2nd: \u00abTovar\u0103\u015fe ministru, da\u0163i ordin s\u0103 nu mai trag\u0103!\u00bb. \u015ei atunci Militaru s-a ridicat \u015fi i-a spus: \u00abB\u0103i Ardelene, tu \u015ftii c\u0103 noi suntem pe front, \u015fi pe front lumea mai \u015fi moare!?\u00bb. Ardeleanu se ruga de el, \u00eel implora. Militaru se plimba prin birou \u015fi spunea: \u00abTancurile noastre sunt vechi, nu avem condi\u0163ii de transmisiuni, \u015fi chiar dac\u0103 vreau s\u0103 iau leg\u0103tura, nu pot. L-au g\u0103sit pe atacator \u015fi au tras!\u00bb. Ardeleanu a \u00eenceput s\u0103 pl\u00e2ng\u0103: \u00abMi-a\u0163i omor\u00e2t oamenii&#8230;\u00bb. \u015ei a murit sta\u0163ia. Ardeleanu pl\u00e2ngea \u015fi se t\u0103v\u0103lea pe jos: \u00abCe-a\u0163i f\u0103cut\u00bb Militaru se foia prin birou \u015fi \u00eei spunea: \u00abB\u0103i Ardelene, n-aveam cum&#8230;\u00bb&#8221;.<\/h4>\r\n<h3 style=\"text-align: justify;\"><strong>\u201eTo\u0163i r\u0103spundeau de cadavre!&#8221;<\/strong><\/h3>\r\n<h4 style=\"text-align: justify;\">Dup\u0103 uciderea colonelului Gheorghe Trosca \u015fi a celor \u015fapte \u201eusla\u015fi&#8221; din echipa sa, trupurile acestora au r\u0103mas \u00een strad\u0103, vreme de c\u00e2teva zile. Cadavrul lui Trosca a fost decapitat \u015fi profanat, iar pe cele trei autovehicule ABI \u00een care se aflau \u201eusla\u015fii&#8221; a fost scris, cu litere mari, \u201eTERORI\u015eTI&#8221;.<\/h4>\r\n<h4 style=\"text-align: justify;\">Din acea sear\u0103 de 22 decembrie 1989 \u015fi p\u00e2n\u0103 \u00een 27 decembrie 1996, c\u00e2nd a fost r\u0103pus de cancer, generalul Militaru a fost pus o singur\u0103 dat\u0103 s\u0103 explice de ce cadavrele au fost abandonate \u00een strad\u0103. Se \u00eent\u00e2mpla la 23 septembrie 1993, c\u00e2nd Nicolae Militaru a fost audiat de c\u0103tre senatorii Comisiei \u201eDecembrie 1989&#8243;. \u00cen acel moment, pre\u015fedintele comisiei era Valentin Gabrielescu (PN\u0162CD), iar vicepre\u015fedinte &#8211; Sergiu Nicolaescu (PDSR).<\/h4>\r\n<h4 style=\"text-align: justify;\">La finalul unui dialog scurt cu Sergiu Nicolaescu, Militaru \u00ee\u015fi des\u0103v\u00e2r\u015fea crima comis\u0103 \u00een 1989, \u00eentr-o dubl\u0103 not\u0103 de cinism feroce \u015fi de nep\u0103sare.<\/h4>\r\n<h4 style=\"text-align: justify;\"><strong>Sergiu Nicolaescu<\/strong>: \u00cen diminea\u0163a de 24 decembrie \u015ftia\u0163i c\u0103 ABI-urile \u015fi corpurile zac \u00eenc\u0103 \u00een strad\u0103 \u015fi popula\u0163ia urineaz\u0103 pe ele?<\/h4>\r\n<h4 style=\"text-align: justify;\"><strong>Nicolae Militaru:<\/strong> Eu nu am ie\u015fit din sediul Ministerului Ap\u0103r\u0103rii Na\u0163ionale dec\u00e2t \u00een 26 decembrie, pe la ora pr\u00e2nzului. (&#8230;) Atunci am ie\u015fit \u015fi am v\u0103zut spectacolul care era acolo.<\/h4>\r\n<h4 style=\"text-align: justify;\"><strong>Nicolaescu:<\/strong> Cine crede\u0163i c\u0103 r\u0103spundea de ceea ce se \u00eent\u00e2mpla acolo \u00een acel moment \u015fi de imaginea Ministerului Ap\u0103r\u0103rii Na\u0163ionale?<\/h4>\r\n<h4 style=\"text-align: justify;\"><strong>Militaru:<\/strong> De aceast\u0103 chestiune trebuia s\u0103 se ocupe \u00eensu\u015fi comandantul unit\u0103\u0163ii, colonelul Ardeleanu.<\/h4>\r\n<h4 style=\"text-align: justify;\"><strong>Nicolaescu:<\/strong> Vorbesc din partea ministerului, c\u0103 eram pe teritoriul \u015fi \u00eemprejurimile MApN. Cine r\u0103spundea \u00een acel moment?<\/h4>\r\n<h4 style=\"text-align: justify;\"><strong>Militaru:<\/strong> P\u0103i, de asta r\u0103spundea toat\u0103 lumea!<\/h4>\r\n<h4 style=\"text-align: justify;\"><strong>Militaru, renegat de restul Armatei<\/strong><\/h4>\r\n<h4 style=\"text-align: justify;\">Uciderea lui Gheorghe Trosca \u015fi imaginea de spion sovietic pe care restul Armatei Rom\u00e2ne \u015fi-o formase despre generalul Nicolae Militaru au contribuit decisiv la demiterea acestuia din func\u0163ia de ministru al Ap\u0103r\u0103rii. Se \u00eent\u00e2mpla la 16 februarie 1990, la finalul unor s\u0103pt\u0103m\u00e2ni de protest a cadrelor active din Armat\u0103, sus\u0163inute mai ales de nou-\u00eenfiin\u0163atul Comitet de Ac\u0163iune pentru Democratizarea Armatei (CADA).<\/h4>\r\n<h4 style=\"text-align: justify;\">Mai mul\u0163i ofi\u0163eri ai acestui Comitet i-au trimis o scrisoare deschis\u0103 generalului Militaru, \u00eenvinuin\u00addu-l direct, pentru prima dat\u0103, de uciderea colonelului Gheorghe Trosca \u015fi a \u201eusla\u015filor&#8221; condu\u015fi de c\u0103tre acesta.<\/h4>\r\n<h4 style=\"text-align: justify;\">Prin c\u00e2teva \u00eentreb\u0103ri bine \u0163intite, scrisoarea viza c\u0103lc\u00e2iul lui Ahile al generalului-spion:<\/h4>\r\n<h4 style=\"text-align: justify;\">-\u201eCare este motivul pentru care a fost cercetat contrainformativ generalul Nicolae Militaru de c\u0103tre colonelul Trosca &#8211; fostul \u015eef de Stat Major al USLA &#8211; pe timpul c\u00e2t acesta din urm\u0103 era maior la contrainforma\u0163ii militare?&#8221;<\/h4>\r\n<h4 style=\"text-align: justify;\">-\u201eDe ce Militaru l-a cerut pe Trosca s\u0103 vin\u0103 \u00een fruntea unei forma\u0163iuni de lupt\u0103 antiterorist\u0103 s\u0103 ajute MApN \u015fi, f\u0103r\u0103 a \u00een\u015ftiin\u0163a despre sosirea acestei grup\u0103ri, a l\u0103sat s\u0103 fie distrus cu armamentul greu de TAB-uri \u015fi de tancurile din curtea ministerului?&#8221;<\/h4>\r\n<h4 style=\"text-align: justify;\">-\u201eCine a transmis ordinul din sediul MApN, c\u0103tre for\u0163ele care ap\u0103rau ministerul, \u00een clipa c\u00e2nd se apropiau ABI-urile solicitate pentru a veni \u00een sprijinul armatei: \u00abVor veni dou\u0103 echipaje u\u015foare. Trage\u0163i f\u0103r\u0103 soma\u0163ie!\u00bb?&#8221;<\/h4>\r\n<h3 style=\"text-align: justify;\"><strong>Ministrul dobor\u00e2t de ofi\u0163eri<\/strong><\/h3>\r\n<h4 style=\"text-align: justify;\">La 12 februarie 1990, membrii CADA redactau celebrul &#8222;Apel c\u0103tre pre\u015fedintele Consiliului Provizoriu de Uniune Na\u0163ional\u0103 (CPUN)&#8221;. A\u015fadar, apelul \u00eei era adresat lui Ion Iliescu. Cu acel prilej, succesorul lui Ceau\u015fescu la c\u00e2rma statului a aflat despre toate repro\u015furile pe care militarii i le aduceau lui Militaru. Inclusiv crimele de la Revolu\u0163ie \u015fi colaborarea cu sovieticii. P\u0103cate despre care, cu siguran\u0163\u0103, \u015ftia de mult\u0103 vreme, dar pe care le neag\u0103 \u015fi ast\u0103zi.<\/h4>\r\n<h4 style=\"text-align: justify;\">Apelul CADA solicita, printre altele, aflarea rolului Armatei \u00een evenimentele din decembrie 1989 \u015fi \u00eenl\u0103turarea cadrelor militare care &#8222;s-au compromis, fiind p\u0103rta\u015fe directe ale dictaturii ceau\u015fiste&#8221;. La punctul 3, apelul prevedea &#8222;trecerea \u00een rezerv\u0103 a ministrului Ap\u0103r\u0103rii Na\u0163ionale care, prin ordinele date, a dus la o stare de tensiune \u00een Armat\u0103&#8221;.<\/h4>\r\n<h4 style=\"text-align: justify;\">La numai patru zile de la acest moment, generalul Nicolae Militaru avea s\u0103 fie demis din func\u0163ia de ministru al Ap\u0103r\u0103rii Na\u0163ionale. Succesorul s\u0103u era chiar cel de la care preluase func\u0163ia, cu ajutorul lui Ion Iliescu, \u00een decembrie 1989: generalul Victor Atanasie St\u0103nculescu.<\/h4>\r\n<h4 style=\"text-align: justify;\"><em><a href=\"http:\/\/www.adevarul.ro\/sfarsitul_ceausestilor\/Seful_USLA_catre_Militaru-_-Mi-ati_omorat_oamenii_0_163784191.html\" target=\"_blank\" rel=\"noopener\">Articol publicat de \u00a0Adevarul.ro in data de 02-12-2009.<\/a><\/em><\/h4>\r\n<h3><strong><span style=\"text-decoration: underline;\">Militaru pl\u0103nuise s\u0103 extermine \u00eentreaga USLA!<\/span><\/strong> <strong>&#8211; Mihai Mincan<\/strong><\/h3>\r\n<h4 style=\"text-align: justify;\">Dup\u0103 uciderea colonelului Gheorghe Trosca \u015fi a \u015fapte dintre oamenii s\u0103i, Nicolae Militaru pl\u0103nuia un m\u0103cel de propor\u0163ii. Victime: USLA \u015fi Direc\u0163ia a 5-a a Securit\u0103\u0163ii. Angaja\u0163ii celor dou\u0103 unit\u0103\u0163i urmau s\u0103 fie atra\u015fi \u00eentr-o curs\u0103, sub pretextul demonstr\u0103rii loialit\u0103\u0163ii. Militarii urmau s\u0103 fie executa\u0163i \u00een Ghencea, \u00een spatele Stadionului Steaua.<\/h4>\r\n<h4 style=\"text-align: justify;\">La 23 decembrie 1989, zorii zilei scoteau la iveal\u0103, \u00een cartierul bucure\u015ftean Drumul Taberei, un peisaj terifiant. Cadavrele a opt oameni erau r\u0103sp\u00e2ndite vizavi de intrarea \u00een sediul Ministerului Ap\u0103r\u0103rii Na\u0163ionale. Unul fusese decapitat, celelalte batjocorite \u015fi marcate cu majuscule: \u201eTERORI\u015eTI&#8221;.<\/h4>\r\n<h4 style=\"text-align: justify;\">Niciunul dintre spectatorii de toate v\u00e2rstele, care au trecut \u00een acele zile pe l\u00e2ng\u0103 morga ambulant\u0103 din fa\u0163a MApN, nu avea s\u0103 \u015ftie c\u0103, de fapt, cele opt persoane ucise \u00een seara anterioar\u0103 erau membri ai Unit\u0103\u0163ii Speciale de Lupt\u0103 Antiteroriste (USLA). Pentru cei din strad\u0103 erau simpli terori\u015fti care atentaser\u0103 la reu\u015fita Revolu\u0163iei \u015fi fuseser\u0103 executa\u0163i de Armata aflat\u0103 \u00een slujba poporului. Aceast\u0103 explica\u0163ie p\u0103rea suficient\u0103.<\/h4>\r\n<h4 style=\"text-align: justify;\">\u00centre timp, peste drum, \u00een sediul Ministerului Ap\u0103r\u0103rii Na\u0163ionale, se f\u0103ceau planuri \u015fi se puneau la punct strategii de r\u0103zbunare. La comand\u0103 se afla generalul Nicolae Militaru, reactivat peste noapte \u015fi transformat, de c\u0103tre Ion Iliescu, \u00een ministru al Ap\u0103r\u0103rii.<\/h4>\r\n<h4 style=\"text-align: justify;\">\u00cenchis \u00een sediul ministerului pe care-l transformase \u00eentr\u2011o adev\u0103rat\u0103 fort\u0103rea\u0163\u0103, Militaru deturna sensul Revolu\u0163iei, de la mi\u015fc\u0103rile de strad\u0103 pentru eliberarea de sub fostul regim, \u00een regl\u0103ri personale de conturi.<\/h4>\r\n<h4 style=\"text-align: justify;\">Primul pe list\u0103 fusese deja eliminat. Colonelul Gheorghe Trosca, \u015feful de Stat Major al USLA, fusese conduc\u0103torul grupei nimicite \u00een seara anterioar\u0103.<\/h4>\r\n<h4 style=\"text-align: justify;\">Acum, planul trebuia s\u0103 continue. \u015eeful fusese eliminat, urmau to\u0163i oamenii acestuia. Oricine ar fi putut s\u0103 fie informat de Trosca asupra secretului care-i marcase cariera de militar generalului Nicolae Militaru: apartenen\u0163a sa la GRU, serviciul de spionaj al Armatei sovietice.<\/h4>\r\n<h4 style=\"text-align: justify;\">La 23 decembrie 1989, folosindu-se de ipostaza de ap\u0103r\u0103tor al poporului, f\u0103cut\u0103 cadou de Ion Iliescu odat\u0103 cu func\u0163ia de \u015fef al Armatei Rom\u00e2ne, Nicolae Militaru preg\u0103tea al doilea masacru.<\/h4>\r\n<h3 style=\"text-align: justify;\"><strong>\u201eCe nenorocire pe capul nostru!&#8221;<\/strong><\/h3>\r\n<h4 style=\"text-align: justify;\">Punctul de pornire \u00een \u00een\u0163elegerea seriei de intrigi puse la punct \u00een Ministerul Ap\u0103r\u0103rii Na\u0163ionale st\u0103 chiar \u00een momentul numirii ca ministru a generalului Nicolae Militaru. Sus\u0163inut\u0103 de Ion Iliescu, reactivarea unui rezervist \u015fi transformarea sa \u00een conduc\u0103torul Armatei Rom\u00e2ne avea s\u0103 creeze, instantaneu, o serie de tensiuni \u015fi nemul\u0163umiri printre cadrele militare aflate \u00een MApN.<\/h4>\r\n<h4 style=\"text-align: justify;\">Momentul este redat, \u00eentr-un dialog cu istoricul Alex Mihai Stonescu, de generalul Romeo C\u00e2mpeanu, loc\u0163iitor al \u015fefului Inspectoratului General al Mili\u0163iei, aflat la acel moment \u00een sediul MApN.<\/h4>\r\n<h4 style=\"text-align: justify;\">\u201ePe 23 decembrie, la ora 18.00, ne convocase Iliescu la o \u015fedin\u0163\u0103: \u00abTovar\u0103\u015fi, problemele sunt deosebit de complicate, trebuie rezolvate, avem nevoie de for\u0163e, pentru asta e nevoie \u015fi de o conducere. Ne-am g\u00e2ndit ca, deocamdat\u0103, provizoriu, s\u0103 punem \u00een frunte un militar mai \u00een v\u00e2rst\u0103. Ce zice\u0163i s\u0103-l numim \u015fef al Armatei pe generalul Militaru?\u00bb Generalul \u015etefan Gu\u015f\u0103 m-a tras la el \u00een birou \u015fi, de cum a intrat, a izbucnit: \u00abCe nenorocire o s\u0103 fie pe capul nostru! \u0102sta este o lichea nemaipomenit\u0103. O s\u0103 vezi ce o s\u0103 tragem de pe urma lui&#8230;\u00bb. La pu\u0163in timp dup\u0103 ce a fost numit oficial ministru, Militaru striga: \u00abAp\u0103sa\u0163i, domnilor, pe butoane, trage\u0163i, opri\u0163i m\u0103celul din \u0163ar\u0103!\u00bb. Apoi a cerut: \u00abChema\u0163i-l pe Ardeleanu!\u00bb&#8221;.<\/h4>\r\n<h4 style=\"text-align: justify;\">Ce a urmat a fost \u00eenceputul tragediei \u00een care \u015fi-au pierdut via\u0163a opt \u201eusla\u015fi&#8221;, printre care \u015fi colonelul Gheorghe Trosca.M\u0103rturia lui Romeo C\u00e2mpeanu scoate \u00een eviden\u0163\u0103 dou\u0103 aspecte. Mai \u00eent\u00e2i, Ion Iliescu anun\u0163a desemnarea lui Militaru pe 23 decembrie 1989, de\u015fi acesta fusese numit ministru al Ap\u0103r\u0103rii, cu puteri \u015fi atribu\u0163ii depline, \u00eenc\u0103 din 22 decembrie. Apoi, poate fi observat\u0103 starea de nelini\u015fte \u015fi revolt\u0103 creat\u0103 \u00een r\u00e2ndul ofi\u0163erilor de rang \u00eenalt. \u00centreaga Armat\u0103 Rom\u00e2n\u0103 \u015ftia de trecutul de spion al lui Nicolae Militaru \u00eenc\u0103 din 1978, anul trecerii sale \u00een rezerv\u0103.<\/h4>\r\n<h3 style=\"text-align: justify;\"><strong>Militaru \u00ee\u015fi preg\u0103te\u015fte r\u0103zbunarea<\/strong><\/h3>\r\n<h4 style=\"text-align: justify;\">Tensiunile din MApN sunt confirmate \u015fi de c\u0103tre Mihai Montanu, reprezentantul FSN la Ministerul Ap\u0103r\u0103rii. La audierea sa \u00een fa\u0163a Comisiei Senatoriale pentru Cercetarea Evenimentelor din Decembrie 1989, Montanu declara:<\/h4>\r\n<h4 style=\"text-align: justify;\">\u201e\u00cen mod cert, apari\u0163ia lui Militaru a creat o stare de tensiune izvor\u00e2t\u0103 din dou\u0103 motive. Primul motiv, \u015fi cel mai valabil, era c\u0103 to\u0163i cei de acolo \u00eel \u015ftiau de pe vremea c\u00e2nd fusese la ei \u015fi nimeni nu l-a agreat. Al doilea era c\u0103-i \u015ftiau \u015fi activitatea neortodox\u0103 pe care d\u00e2nsul a desf\u0103\u015furat-o \u015fi sim\u0163eau c\u0103 avea inten\u0163ia s\u0103 o continue&#8221;.<\/h4>\r\n<h4 style=\"text-align: justify;\">Generalul Nicolae Militaru nu le-a dezmin\u0163it a\u015ftept\u0103rile. Imediat dup\u0103 ce vestea mor\u0163ii \u201eusla\u015filor&#8221; lui Trosca a ajuns \u00een sediul MApN, o ceart\u0103 teribil\u0103 avea s\u0103 izbucneasc\u0103.<\/h4>\r\n<h4 style=\"text-align: justify;\">\u201eErau tensiuni mari acolo. Militaru \u00eel acuza pe Ardeleanu c\u0103 e tr\u0103d\u0103tor, c\u0103 sunt terori\u015fti, \u015fi a dat ordin ca toat\u0103 Direc\u0163ia USLA, dar \u015fi membrii Direc\u0163iei a 5-a a Securit\u0103\u0163ii s\u0103 se prezinte a doua zi \u00een revist\u0103 de front pe Stadionul Ghencea&#8221;, poveste\u015fte acela\u015fi Montanu.<\/h4>\r\n<h4 style=\"text-align: justify;\">Nicolae Militaru \u00ee\u015fi preg\u0103tea r\u0103zbunarea final\u0103. To\u0163i cei care oferiser\u0103 informa\u0163ii despre trecutul s\u0103u urmau s\u0103 fie lichida\u0163i.<\/h4>\r\n<h4 style=\"text-align: justify;\"><em>&#8222;Ne-am g\u00e2ndit s\u0103 punem \u00een frunte un militar mai \u00een v\u00e2rst\u0103. Ce zice\u0163i s\u0103-l numim \u015fef al Armatei pe generalul Militaru?&#8221;<\/em><\/h4>\r\n<h4 style=\"text-align: right;\"><strong>Ion Iliescu\r\n<\/strong><em>23 decembrie 1989<\/em><\/h4>\r\n<h3 style=\"text-align: justify;\"><strong>Unitatea USLA, antiterorism cu brevet german<\/strong><\/h3>\r\n<h4 style=\"text-align: justify;\">Unitatea Special\u0103 de Lupt\u0103 Antiterorist\u0103 (USLA) a fost \u00eenfiin\u0163at\u0103 \u00een 1977, fiind constituit\u0103, extrem de fidel, dup\u0103 un model brevetat \u00een Germania Federal\u0103. Potrivit istoricului Alex Mihai Stoenescu, \u201egeneralul Iulian Vlad s-a deplasat de mai multe ori \u00een RFG, la invita\u0163ia ministrului de Interne german, pentru a lucra \u00eempreun\u0103 la constituirea unit\u0103\u0163ii de lupt\u0103 antiterorist\u0103 a statului comunist rom\u00e2n. USLA s-a n\u0103scut, de fapt, la Wiesbaden&#8221;.<\/h4>\r\n<h4 style=\"text-align: justify;\">Principiile de organizare \u015fi de lupt\u0103 porneau, ca \u015fi \u00een Germania Occidental\u0103, de la ap\u0103rarea de acte teroriste, \u015fi nu de la organizarea de ac\u0163iuni teroriste pe teritoriul propriei \u0163\u0103ri. Dup\u0103 haosul din zilele Revolu\u0163iei, c\u00e2nd USLA a fost acuzat\u0103 direct de acte de terorism, unitatea a fost trecut\u0103 de la Ministerul de Interne \u00een subordinea Ministerului Ap\u0103r\u0103rii Na\u0163ionale. La 1 iulie 1990, USLA, transformat\u0103 \u00een Brigada Antiterorist\u0103, trecea \u00een subordinea nou-\u00eenfiin\u0163atului Serviciu Rom\u00e2n de Informa\u0163ii.<\/h4>\r\n<h3 style=\"text-align: justify;\"><strong>\u00cencurcat de un inginer<\/strong><\/h3>\r\n<h4 style=\"text-align: justify;\">Revista de front urma s\u0103 aib\u0103 loc pe 24 decembrie 1989, la ora 9.00, \u00een Ghencea, pe platoul din spatele stadionului Steaua. Planul lui Nicolae Militaru (foto) avea s\u0103 fie \u00eens\u0103 dat peste cap de cel de la care se a\u015ftepta cel mai pu\u0163in: Mihai Montanu, de profesie inginer \u015fi reprezentant al FSN de ocazie.<\/h4>\r\n<h4 style=\"text-align: justify;\">Auzind ordinul de organizare a revistei de front, Montanu l-a luat la \u00eentreb\u0103ri pe ministrul Ap\u0103r\u0103rii.<\/h4>\r\n<h4 style=\"text-align: justify;\">\u201eI-am zis: \u00ab\u00cen primul r\u00e2nd, regulamentul militar prevede ca revista de front s\u0103 nu se organizeaze pe timp de r\u0103zboi. Apoi, care este calitatea \u00een care da\u0163i ordin pentru unit\u0103\u0163i care \u00een mod normal nu apar\u0163in Armatei?\u00bb&#8221;, declara Montanu \u00een 1994.<\/h4>\r\n<h4 style=\"text-align: justify;\">Oficial, ordinul de trecere a Securit\u0103\u0163ii \u00een subordinea Armatei nu fusese dat \u00eenc\u0103. El avea s\u0103 vin\u0103 abia pe 26 decembrie 1989. P\u00e2n\u0103 atunci, USLA apar\u0163inea, formal, Ministerului de Interne. \u00cen realitate, toate structurile militare, inclusiv USLA, se subordonaser\u0103 Armatei \u00eenc\u0103 din 22 decembrie, \u00een urma unor ordine verbale, transmise mai ales prin intermediul Televiziunii Rom\u00e2ne.<\/h4>\r\n<h3 style=\"text-align: justify;\"><strong>Militaru: \u201e\u015etiu eu ce fac!&#8221;<\/strong><\/h3>\r\n<h4 style=\"text-align: justify;\">Acela\u015fi Montanu \u00eel \u00eentreab\u0103 pe Nicolae Militaru \u015fi cum ar urma s\u0103 fie organizat\u0103 mi\u015fcarea trupelor, av\u00e2nd \u00een vedere distan\u0163a mare dintre sediile celor dou\u0103 unit\u0103\u0163i solicitate. \u201e\u00cen plus, orice revist\u0103 de front se face cu echipamentul din dotare, deci cu armament. Dac\u0103 \u0103\u015ftia defileaz\u0103 prin ora\u015f \u00eenarma\u0163i, cum pot fi anun\u0163a\u0163i to\u0163i solda\u0163ii &#8211; care nu \u015ftiu ce fac, trag dup\u0103 ciori \u015fi distrug case &#8211;\u00a0 s\u0103 nu trag\u0103 \u00een ei? Iar dac\u0103 renun\u0163\u0103 la armament, cum face\u0163i s\u0103 nu devin\u0103 victime sigure ale terori\u015ftilor?&#8221;, i se adresa Montanu lui Militaru.<\/h4>\r\n<h3 style=\"text-align: justify;\">Ministrul Ap\u0103r\u0103rii a r\u0103spuns sec: \u201eEu sunt general de Armat\u0103, eu \u015ftiu ce fac!&#8221;.<\/h3>\r\n<h4 style=\"text-align: justify;\">Obiec\u0163iile lui Mihai Montanu ajung \u00eens\u0103 la urechile lui Ion Iliescu. \u00cen mod nea\u015fteptat dup\u0103 complicitatea cu Militaru din cazul Trosca, liderul FSN este de acord cu Montanu.<\/h4>\r\n<h4 style=\"text-align: justify;\">Decizia lui Iliescu este de a se forma o echip\u0103, \u00een care erau inclu\u015fi Montanu, colonelul Gheorghe Ardeleanu (\u015feful USLA) \u015fi generalul Ion Hortopan (comandantul Infanteriei \u015fi Tancurilor). Ace\u015ftia urmau s\u0103 se duc\u0103, a doua zi, at\u00e2t la sediul USLA, c\u00e2t \u015fi la cel al Direc\u0163iei a 5-a a Securit\u0103\u0163ii, pentru o revist\u0103 de front \u201ela fa\u0163a locului&#8221;.<\/h4>\r\n<h4 style=\"text-align: justify;\">Planul terorist al lui Nicolae Militaru fusese distrus. Acesta trebuia s\u0103 se mul\u0163umeasc\u0103 \u201edoar&#8221; cu cei opt mor\u0163i \u015fi cinci r\u0103ni\u0163i din grupul Trosca. Deocamdat\u0103.<\/h4>\r\n<h4 style=\"text-align: justify;\"><strong>\u201eTerori\u015ftii&#8221; lui Militaru pl\u00e2ngeau \u00een hohote<\/strong><\/h4>\r\n<h4 style=\"text-align: justify;\">Inspec\u0163ia de a doua zi urma s\u0103 aib\u0103 un aer de comedie neagr\u0103. Pleca\u0163i spre \u201eb\u00e2rlogul terori\u015ftilor&#8221; &#8211; a\u015fa cum le spusese ministrul Nicolae Militaru -, Gheorghe Ardelanu, Ion Hortopan \u015fi Mihai Montanu aveau s\u0103 descopere ni\u015fte lupt\u0103tori consemna\u0163i \u00een cazarme, speria\u0163i \u015fi av\u00e2nd senza\u0163ia c\u0103 vor fi executa\u0163i pe post de terori\u015fti.<\/h4>\r\n<h4 style=\"text-align: justify;\">\u201eAm ajuns acolo \u015fi pl\u00e2ngeau \u00een hohote. Mi-au spus c\u0103 \u015ftiu c\u0103 ne-am dus s\u0103-i omor\u00e2m, pentru c\u0103, \u00een urma incidentului cu Trosca, aveam \u015ftampila de terori\u015fti&#8221;, povestea Mihai Montanu. Concluziile la fa\u0163a locului sunt \u015fi mai surprinz\u0103toare: \u00eentregul armament era \u00eenchis \u00een cutii \u015fi aproape \u00eentregul personal USLA se afla \u00een cazarm\u0103, \u00een afara c\u00e2torva deta\u015fa\u0163i la Aeroportul Otopeni.<\/h4>\r\n<h4 style=\"text-align: justify;\">Aceea\u015fi situa\u0163ie este g\u0103sit\u0103 \u015fi la Direc\u0163ia a 5-a a Securit\u0103\u0163ii: cu excep\u0163ia c\u00e2torva care fugiser\u0103, \u00eentregul personal fusese consemnat \u00een cazarm\u0103.<\/h4>\r\n<h4 style=\"text-align: justify;\">Mihai Montanu revine la sediul MApN, unde-i prezint\u0103 raportul lui Ion Iliescu. \u201ePre\u015fedintele a fost foarte mul\u0163umit&#8221;, afirma Montanu \u00een fa\u0163a Comisiei \u201eDecembrie 1989&#8243;.<\/h4>\r\n<h3 style=\"text-align: justify;\"><strong>Cei \u015ease \u201einformatori&#8221;<\/strong><\/h3>\r\n<h4 style=\"text-align: justify;\">Dar nebunia lui Militaru nu se \u00eencheiase. Tensiunile \u015fi conspira\u0163iile artificiale create de spionul sovietic din fruntea Armatei Rom\u00e2ne aveau s\u0103 continue.<\/h4>\r\n<h4 style=\"text-align: justify;\">Urm\u0103toarea r\u0103bufnire a avut loc odat\u0103 cu prinderea a \u015fase ofi\u0163eri superiori ai Direc\u0163iei de Informa\u0163ii a Armatei (DIA), angaja\u0163i chiar ai structurii care-l demasca pe Militaru, \u00een urm\u0103 cu 11 ani, drept agent sovietic. Dup\u0103 un scurt interogatoriu, a c\u0103rui concluzie a fost c\u0103 ofi\u0163erii prin\u015fi nu se f\u0103ceau vinova\u0163i de nimic, ace\u015ftia au fost pu\u015fi \u00een libertate de c\u0103tre o serie de cadre aflate, la acel moment, \u00een MApN.<\/h4>\r\n<h3 style=\"text-align: justify;\"><strong>\u201eCine le-a dat drumul tic\u0103lo\u015filor?&#8221;<\/strong><\/h3>\r\n<h4 style=\"text-align: justify;\">Vestea avea s\u0103-l \u00eenfurie cumplit pe Militaru. \u201eA \u00eenceput s\u0103 urle: \u00abCine le-a dat drumul la tic\u0103lo\u015fii \u0103\u015ftia? Cine le-a dat drumul la terori\u015ftii \u0103\u015ftia?\u00bb&#8221;, povestea Mihai Montanu. P\u0103catele trecutului \u015fi tenebrele prezentului \u00eei \u00eentunecau mintea generalului Nicolae Militaru. Un general care, pus la comanda Armatei de c\u0103tre Ion Iliescu, se comporta ca un terorist \u00eensetat de s\u00e2nge.<\/h4>\r\n<h4 style=\"text-align: justify;\"><em><a href=\"http:\/\/www.adevarul.ro\/sfarsitul_ceausestilor\/Militaru_planuise_sa_extermine_intreaga_USLA_0_164384134.html\" target=\"_blank\" rel=\"noopener\">Articol publicat de \u00a0Adevarul.ro in data de 03-12-2009.<\/a><\/em><\/h4>\r\n<h4><em>Colaj realizat de col.(r) Victor<\/em> <em>Cirstea <\/em><\/h4>        <div class=\"booster-block booster-reactions-block\">\n            <div class=\"twp-reactions-icons\">\n                \n                <div class=\"twp-reacts-wrap\">\n                    <a react-data=\"be-react-1\" post-id=\"3935\" class=\"be-face-icons un-reacted\" href=\"javascript:void(0)\">\n                        <img decoding=\"async\" src=\"https:\/\/desteptati-va.ro\/wp-content\/plugins\/booster-extension\/\/assets\/icon\/happy.svg\" alt=\"Happy\">\n                    <\/a>\n                    <div class=\"twp-reaction-title\">\n                        Happy                    <\/div>\n                    <div class=\"twp-count-percent\">\n                                                    <span style=\"display: none;\" class=\"twp-react-count\">0<\/span>\n                        \n                                                <span class=\"twp-react-percent\"><span>0<\/span> %<\/span>\n                                            <\/div>\n                <\/div>\n\n                <div class=\"twp-reacts-wrap\">\n                    <a react-data=\"be-react-2\" post-id=\"3935\" class=\"be-face-icons un-reacted\" href=\"javascript:void(0)\">\n                        <img decoding=\"async\" src=\"https:\/\/desteptati-va.ro\/wp-content\/plugins\/booster-extension\/\/assets\/icon\/sad.svg\" alt=\"Sad\">\n                    <\/a>\n                    <div class=\"twp-reaction-title\">\n                        Sad                    <\/div>\n                    <div class=\"twp-count-percent\">\n                                                    <span style=\"display: none;\" class=\"twp-react-count\">0<\/span>\n                                                                        <span class=\"twp-react-percent\"><span>0<\/span> %<\/span>\n                                            <\/div>\n                <\/div>\n\n                <div class=\"twp-reacts-wrap\">\n                    <a react-data=\"be-react-3\" post-id=\"3935\" class=\"be-face-icons un-reacted\" href=\"javascript:void(0)\">\n                        <img decoding=\"async\" src=\"https:\/\/desteptati-va.ro\/wp-content\/plugins\/booster-extension\/\/assets\/icon\/excited.svg\" alt=\"Excited\">\n                    <\/a>\n                    <div class=\"twp-reaction-title\">\n                        Excited                    <\/div>\n                    <div class=\"twp-count-percent\">\n                                                    <span style=\"display: none;\" class=\"twp-react-count\">0<\/span>\n                                                                        <span class=\"twp-react-percent\"><span>0<\/span> %<\/span>\n                                            <\/div>\n                <\/div>\n\n                <div class=\"twp-reacts-wrap\">\n                    <a react-data=\"be-react-6\" post-id=\"3935\" class=\"be-face-icons un-reacted\" href=\"javascript:void(0)\">\n                        <img decoding=\"async\" src=\"https:\/\/desteptati-va.ro\/wp-content\/plugins\/booster-extension\/\/assets\/icon\/sleepy.svg\" alt=\"Sleepy\">\n                    <\/a>\n                    <div class=\"twp-reaction-title\">\n                        Sleepy                    <\/div>\n                    <div class=\"twp-count-percent\">\n                                                    <span style=\"display: none;\" class=\"twp-react-count\">0<\/span>\n                        \n                                                <span class=\"twp-react-percent\"><span>0<\/span> %<\/span>\n                                            <\/div>\n                <\/div>\n\n                <div class=\"twp-reacts-wrap\">\n                    <a react-data=\"be-react-4\" post-id=\"3935\" class=\"be-face-icons un-reacted\" href=\"javascript:void(0)\">\n                        <img decoding=\"async\" src=\"https:\/\/desteptati-va.ro\/wp-content\/plugins\/booster-extension\/\/assets\/icon\/angry.svg\" alt=\"Angry\">\n                    <\/a>\n                    <div class=\"twp-reaction-title\">Angry<\/div>\n                    <div class=\"twp-count-percent\">\n                                                    <span style=\"display: none;\" class=\"twp-react-count\">0<\/span>\n                                                                        <span class=\"twp-react-percent\"><span>0<\/span> %<\/span>\n                        \n                    <\/div>\n                <\/div>\n\n                <div class=\"twp-reacts-wrap\">\n                    <a react-data=\"be-react-5\" post-id=\"3935\" class=\"be-face-icons un-reacted\" href=\"javascript:void(0)\">\n                        <img decoding=\"async\" src=\"https:\/\/desteptati-va.ro\/wp-content\/plugins\/booster-extension\/\/assets\/icon\/surprise.svg\" alt=\"Surprise\">\n                    <\/a>\n                    <div class=\"twp-reaction-title\">Surprise<\/div>\n                    <div class=\"twp-count-percent\">\n                                                    <span style=\"display: none;\" class=\"twp-react-count\">0<\/span>\n                                                                        <span class=\"twp-react-percent\"><span>0<\/span> %<\/span>\n                                            <\/div>\n                <\/div>\n\n            <\/div>\n        <\/div>\n\n    <\/div>","protected":false},"excerpt":{"rendered":"<p>A absolvit studii la Academia Militar\u0103 \u201eFrunze\u201d de la Moscova. La Congresele\u00a0 X, XI \u0219i XII ale PCR (1969, 1974<a href=\"https:\/\/desteptati-va.ro\/index.php\/2021\/04\/19\/agent-gru-g-ral-nicolae-militaru\/\">Read More<i class=\"fa fa-long-arrow-right\" aria-hidden=\"true\"><\/i><\/a><\/p>\n","protected":false},"author":1,"featured_media":3883,"comment_status":"open","ping_status":"open","sticky":false,"template":"","format":"standard","meta":{"_crdt_document":"","footnotes":""},"categories":[3,10],"tags":[1221,1222,663,1223,59,60,875,901,783,221,1224,580,537,696,1225,1220,518,789,148,683,155,1076,83,1110,1140],"class_list":["post-3935","post","type-post","status-publish","format-standard","has-post-thumbnail","hentry","category-decembrie-89","category-tradari-tradatori-si-altii","tag-abi","tag-academia-frunze","tag-ceausescu","tag-congres-al-pcr","tag-desteptati","tag-desteptati-va","tag-fsn","tag-general","tag-gru","tag-iliescu","tag-isac","tag-iulian-vlad","tag-kgb","tag-lovitura-de-stat","tag-mapn","tag-militaru","tag-nato","tag-pcr","tag-revolutie","tag-spion","tag-spionaj","tag-teroristi","tag-tradare","tag-trosca","tag-usla"],"rise-blocks_total_comments":1,"rise-blocks_categories":[{"term_id":10,"name":"Tradari, tradatori si altii","slug":"tradari-tradatori-si-altii","term_group":0,"term_taxonomy_id":10,"taxonomy":"category","description":"","parent":3,"count":12,"filter":"raw"}],"rise-blocks_excerpt":"A absolvit studii la Academia Militar\u0103 \u201eFrunze\u201d de la Moscova. La Congresele\u00a0 X, XI \u0219i XII ale PCR (1969, 1974 \u0219i 1979) a fost ales ca membru supleant al CC al PCR. A fost numit comandant al Armatei a III-a (17 iunie 1965) \u0219i al\u00a0 Armatei a II-a (8 iulie 1969 &#8211; 5 iunie 1978). \u00cen anul 1974 a fost..","yoast_head":"<!-- This site is optimized with the Yoast SEO plugin v26.9 - https:\/\/yoast.com\/product\/yoast-seo-wordpress\/ -->\r\n<title>Agent GRU - g-ral. Nicolae Militaru -<\/title>\r\n<meta name=\"robots\" content=\"index, follow, max-snippet:-1, max-image-preview:large, max-video-preview:-1\" \/>\r\n<link rel=\"canonical\" href=\"https:\/\/desteptati-va.ro\/index.php\/2021\/04\/19\/agent-gru-g-ral-nicolae-militaru\/\" \/>\r\n<meta property=\"og:locale\" content=\"ro_RO\" \/>\r\n<meta property=\"og:type\" content=\"article\" \/>\r\n<meta property=\"og:title\" content=\"Agent GRU - g-ral. Nicolae Militaru -\" \/>\r\n<meta property=\"og:description\" content=\"A absolvit studii la Academia Militar\u0103 \u201eFrunze\u201d de la Moscova. La Congresele\u00a0 X, XI \u0219i XII ale PCR (1969, 1974Read More\" \/>\r\n<meta property=\"og:url\" content=\"https:\/\/desteptati-va.ro\/index.php\/2021\/04\/19\/agent-gru-g-ral-nicolae-militaru\/\" \/>\r\n<meta property=\"article:published_time\" content=\"2021-04-19T08:27:21+00:00\" \/>\r\n<meta property=\"og:image\" content=\"https:\/\/desteptati-va.ro\/wp-content\/uploads\/2021\/04\/untitled-10.png\" \/>\r\n\t<meta property=\"og:image:width\" content=\"323\" \/>\r\n\t<meta property=\"og:image:height\" content=\"201\" \/>\r\n\t<meta property=\"og:image:type\" content=\"image\/png\" \/>\r\n<meta name=\"author\" content=\"wolfsoftcompany\" \/>\r\n<meta name=\"twitter:card\" content=\"summary_large_image\" \/>\r\n<meta name=\"twitter:label1\" content=\"Scris de\" \/>\n\t<meta name=\"twitter:data1\" content=\"wolfsoftcompany\" \/>\n\t<meta name=\"twitter:label2\" content=\"Timp estimat pentru citire\" \/>\n\t<meta name=\"twitter:data2\" content=\"35 de minute\" \/>\r\n<script type=\"application\/ld+json\" class=\"yoast-schema-graph\">{\"@context\":\"https:\/\/schema.org\",\"@graph\":[{\"@type\":\"Article\",\"@id\":\"https:\/\/desteptati-va.ro\/index.php\/2021\/04\/19\/agent-gru-g-ral-nicolae-militaru\/#article\",\"isPartOf\":{\"@id\":\"https:\/\/desteptati-va.ro\/index.php\/2021\/04\/19\/agent-gru-g-ral-nicolae-militaru\/\"},\"author\":{\"name\":\"wolfsoftcompany\",\"@id\":\"https:\/\/desteptati-va.ro\/#\/schema\/person\/13182deeebd44920914899f7bb262d6b\"},\"headline\":\"Agent GRU &#8211; g-ral. Nicolae Militaru\",\"datePublished\":\"2021-04-19T08:27:21+00:00\",\"mainEntityOfPage\":{\"@id\":\"https:\/\/desteptati-va.ro\/index.php\/2021\/04\/19\/agent-gru-g-ral-nicolae-militaru\/\"},\"wordCount\":7100,\"commentCount\":0,\"image\":{\"@id\":\"https:\/\/desteptati-va.ro\/index.php\/2021\/04\/19\/agent-gru-g-ral-nicolae-militaru\/#primaryimage\"},\"thumbnailUrl\":\"https:\/\/desteptati-va.ro\/wp-content\/uploads\/2021\/04\/untitled-10.png\",\"keywords\":[\"ABI\",\"Academia Frunze\",\"Ceausescu\",\"Congres al PCR\",\"desteptati\",\"desteptati-va\",\"FSN\",\"general\",\"GRU\",\"Iliescu\",\"Isac\",\"Iulian Vlad\",\"KGB\",\"lovitura de stat\",\"MAPN\",\"Militaru\",\"NATO\",\"PCR\",\"revolutie\",\"spion\",\"spionaj\",\"teroristi\",\"tradare\",\"Trosca\",\"USLA\"],\"articleSection\":[\"Decembrie 89\",\"Tradari, tradatori si altii\"],\"inLanguage\":\"ro-RO\",\"potentialAction\":[{\"@type\":\"CommentAction\",\"name\":\"Comment\",\"target\":[\"https:\/\/desteptati-va.ro\/index.php\/2021\/04\/19\/agent-gru-g-ral-nicolae-militaru\/#respond\"]}]},{\"@type\":\"WebPage\",\"@id\":\"https:\/\/desteptati-va.ro\/index.php\/2021\/04\/19\/agent-gru-g-ral-nicolae-militaru\/\",\"url\":\"https:\/\/desteptati-va.ro\/index.php\/2021\/04\/19\/agent-gru-g-ral-nicolae-militaru\/\",\"name\":\"Agent GRU - g-ral. Nicolae Militaru -\",\"isPartOf\":{\"@id\":\"https:\/\/desteptati-va.ro\/#website\"},\"primaryImageOfPage\":{\"@id\":\"https:\/\/desteptati-va.ro\/index.php\/2021\/04\/19\/agent-gru-g-ral-nicolae-militaru\/#primaryimage\"},\"image\":{\"@id\":\"https:\/\/desteptati-va.ro\/index.php\/2021\/04\/19\/agent-gru-g-ral-nicolae-militaru\/#primaryimage\"},\"thumbnailUrl\":\"https:\/\/desteptati-va.ro\/wp-content\/uploads\/2021\/04\/untitled-10.png\",\"datePublished\":\"2021-04-19T08:27:21+00:00\",\"author\":{\"@id\":\"https:\/\/desteptati-va.ro\/#\/schema\/person\/13182deeebd44920914899f7bb262d6b\"},\"breadcrumb\":{\"@id\":\"https:\/\/desteptati-va.ro\/index.php\/2021\/04\/19\/agent-gru-g-ral-nicolae-militaru\/#breadcrumb\"},\"inLanguage\":\"ro-RO\",\"potentialAction\":[{\"@type\":\"ReadAction\",\"target\":[\"https:\/\/desteptati-va.ro\/index.php\/2021\/04\/19\/agent-gru-g-ral-nicolae-militaru\/\"]}]},{\"@type\":\"ImageObject\",\"inLanguage\":\"ro-RO\",\"@id\":\"https:\/\/desteptati-va.ro\/index.php\/2021\/04\/19\/agent-gru-g-ral-nicolae-militaru\/#primaryimage\",\"url\":\"https:\/\/desteptati-va.ro\/wp-content\/uploads\/2021\/04\/untitled-10.png\",\"contentUrl\":\"https:\/\/desteptati-va.ro\/wp-content\/uploads\/2021\/04\/untitled-10.png\",\"width\":323,\"height\":201},{\"@type\":\"BreadcrumbList\",\"@id\":\"https:\/\/desteptati-va.ro\/index.php\/2021\/04\/19\/agent-gru-g-ral-nicolae-militaru\/#breadcrumb\",\"itemListElement\":[{\"@type\":\"ListItem\",\"position\":1,\"name\":\"Prima pagin\u0103\",\"item\":\"https:\/\/desteptati-va.ro\/\"},{\"@type\":\"ListItem\",\"position\":2,\"name\":\"Agent GRU &#8211; g-ral. Nicolae Militaru\"}]},{\"@type\":\"WebSite\",\"@id\":\"https:\/\/desteptati-va.ro\/#website\",\"url\":\"https:\/\/desteptati-va.ro\/\",\"name\":\"\",\"description\":\"\",\"potentialAction\":[{\"@type\":\"SearchAction\",\"target\":{\"@type\":\"EntryPoint\",\"urlTemplate\":\"https:\/\/desteptati-va.ro\/?s={search_term_string}\"},\"query-input\":{\"@type\":\"PropertyValueSpecification\",\"valueRequired\":true,\"valueName\":\"search_term_string\"}}],\"inLanguage\":\"ro-RO\"},{\"@type\":\"Person\",\"@id\":\"https:\/\/desteptati-va.ro\/#\/schema\/person\/13182deeebd44920914899f7bb262d6b\",\"name\":\"wolfsoftcompany\",\"image\":{\"@type\":\"ImageObject\",\"inLanguage\":\"ro-RO\",\"@id\":\"https:\/\/desteptati-va.ro\/#\/schema\/person\/image\/\",\"url\":\"https:\/\/secure.gravatar.com\/avatar\/a6cce9b6d101d27d91690e7073e300fed94c0899890bf998e082cb9d2c3d121e?s=96&d=mm&r=g\",\"contentUrl\":\"https:\/\/secure.gravatar.com\/avatar\/a6cce9b6d101d27d91690e7073e300fed94c0899890bf998e082cb9d2c3d121e?s=96&d=mm&r=g\",\"caption\":\"wolfsoftcompany\"},\"sameAs\":[\"http:\/\/desteptati-va.ro\"],\"url\":\"https:\/\/desteptati-va.ro\/index.php\/author\/wolfsoftcompany\/\"}]}<\/script>\r\n<!-- \/ Yoast SEO plugin. -->","yoast_head_json":{"title":"Agent GRU - g-ral. Nicolae Militaru -","robots":{"index":"index","follow":"follow","max-snippet":"max-snippet:-1","max-image-preview":"max-image-preview:large","max-video-preview":"max-video-preview:-1"},"canonical":"https:\/\/desteptati-va.ro\/index.php\/2021\/04\/19\/agent-gru-g-ral-nicolae-militaru\/","og_locale":"ro_RO","og_type":"article","og_title":"Agent GRU - g-ral. Nicolae Militaru -","og_description":"A absolvit studii la Academia Militar\u0103 \u201eFrunze\u201d de la Moscova. La Congresele\u00a0 X, XI \u0219i XII ale PCR (1969, 1974Read More","og_url":"https:\/\/desteptati-va.ro\/index.php\/2021\/04\/19\/agent-gru-g-ral-nicolae-militaru\/","article_published_time":"2021-04-19T08:27:21+00:00","og_image":[{"width":323,"height":201,"url":"https:\/\/desteptati-va.ro\/wp-content\/uploads\/2021\/04\/untitled-10.png","type":"image\/png"}],"author":"wolfsoftcompany","twitter_card":"summary_large_image","twitter_misc":{"Scris de":"wolfsoftcompany","Timp estimat pentru citire":"35 de minute"},"schema":{"@context":"https:\/\/schema.org","@graph":[{"@type":"Article","@id":"https:\/\/desteptati-va.ro\/index.php\/2021\/04\/19\/agent-gru-g-ral-nicolae-militaru\/#article","isPartOf":{"@id":"https:\/\/desteptati-va.ro\/index.php\/2021\/04\/19\/agent-gru-g-ral-nicolae-militaru\/"},"author":{"name":"wolfsoftcompany","@id":"https:\/\/desteptati-va.ro\/#\/schema\/person\/13182deeebd44920914899f7bb262d6b"},"headline":"Agent GRU &#8211; g-ral. Nicolae Militaru","datePublished":"2021-04-19T08:27:21+00:00","mainEntityOfPage":{"@id":"https:\/\/desteptati-va.ro\/index.php\/2021\/04\/19\/agent-gru-g-ral-nicolae-militaru\/"},"wordCount":7100,"commentCount":0,"image":{"@id":"https:\/\/desteptati-va.ro\/index.php\/2021\/04\/19\/agent-gru-g-ral-nicolae-militaru\/#primaryimage"},"thumbnailUrl":"https:\/\/desteptati-va.ro\/wp-content\/uploads\/2021\/04\/untitled-10.png","keywords":["ABI","Academia Frunze","Ceausescu","Congres al PCR","desteptati","desteptati-va","FSN","general","GRU","Iliescu","Isac","Iulian Vlad","KGB","lovitura de stat","MAPN","Militaru","NATO","PCR","revolutie","spion","spionaj","teroristi","tradare","Trosca","USLA"],"articleSection":["Decembrie 89","Tradari, tradatori si altii"],"inLanguage":"ro-RO","potentialAction":[{"@type":"CommentAction","name":"Comment","target":["https:\/\/desteptati-va.ro\/index.php\/2021\/04\/19\/agent-gru-g-ral-nicolae-militaru\/#respond"]}]},{"@type":"WebPage","@id":"https:\/\/desteptati-va.ro\/index.php\/2021\/04\/19\/agent-gru-g-ral-nicolae-militaru\/","url":"https:\/\/desteptati-va.ro\/index.php\/2021\/04\/19\/agent-gru-g-ral-nicolae-militaru\/","name":"Agent GRU - g-ral. Nicolae Militaru -","isPartOf":{"@id":"https:\/\/desteptati-va.ro\/#website"},"primaryImageOfPage":{"@id":"https:\/\/desteptati-va.ro\/index.php\/2021\/04\/19\/agent-gru-g-ral-nicolae-militaru\/#primaryimage"},"image":{"@id":"https:\/\/desteptati-va.ro\/index.php\/2021\/04\/19\/agent-gru-g-ral-nicolae-militaru\/#primaryimage"},"thumbnailUrl":"https:\/\/desteptati-va.ro\/wp-content\/uploads\/2021\/04\/untitled-10.png","datePublished":"2021-04-19T08:27:21+00:00","author":{"@id":"https:\/\/desteptati-va.ro\/#\/schema\/person\/13182deeebd44920914899f7bb262d6b"},"breadcrumb":{"@id":"https:\/\/desteptati-va.ro\/index.php\/2021\/04\/19\/agent-gru-g-ral-nicolae-militaru\/#breadcrumb"},"inLanguage":"ro-RO","potentialAction":[{"@type":"ReadAction","target":["https:\/\/desteptati-va.ro\/index.php\/2021\/04\/19\/agent-gru-g-ral-nicolae-militaru\/"]}]},{"@type":"ImageObject","inLanguage":"ro-RO","@id":"https:\/\/desteptati-va.ro\/index.php\/2021\/04\/19\/agent-gru-g-ral-nicolae-militaru\/#primaryimage","url":"https:\/\/desteptati-va.ro\/wp-content\/uploads\/2021\/04\/untitled-10.png","contentUrl":"https:\/\/desteptati-va.ro\/wp-content\/uploads\/2021\/04\/untitled-10.png","width":323,"height":201},{"@type":"BreadcrumbList","@id":"https:\/\/desteptati-va.ro\/index.php\/2021\/04\/19\/agent-gru-g-ral-nicolae-militaru\/#breadcrumb","itemListElement":[{"@type":"ListItem","position":1,"name":"Prima pagin\u0103","item":"https:\/\/desteptati-va.ro\/"},{"@type":"ListItem","position":2,"name":"Agent GRU &#8211; g-ral. Nicolae Militaru"}]},{"@type":"WebSite","@id":"https:\/\/desteptati-va.ro\/#website","url":"https:\/\/desteptati-va.ro\/","name":"","description":"","potentialAction":[{"@type":"SearchAction","target":{"@type":"EntryPoint","urlTemplate":"https:\/\/desteptati-va.ro\/?s={search_term_string}"},"query-input":{"@type":"PropertyValueSpecification","valueRequired":true,"valueName":"search_term_string"}}],"inLanguage":"ro-RO"},{"@type":"Person","@id":"https:\/\/desteptati-va.ro\/#\/schema\/person\/13182deeebd44920914899f7bb262d6b","name":"wolfsoftcompany","image":{"@type":"ImageObject","inLanguage":"ro-RO","@id":"https:\/\/desteptati-va.ro\/#\/schema\/person\/image\/","url":"https:\/\/secure.gravatar.com\/avatar\/a6cce9b6d101d27d91690e7073e300fed94c0899890bf998e082cb9d2c3d121e?s=96&d=mm&r=g","contentUrl":"https:\/\/secure.gravatar.com\/avatar\/a6cce9b6d101d27d91690e7073e300fed94c0899890bf998e082cb9d2c3d121e?s=96&d=mm&r=g","caption":"wolfsoftcompany"},"sameAs":["http:\/\/desteptati-va.ro"],"url":"https:\/\/desteptati-va.ro\/index.php\/author\/wolfsoftcompany\/"}]}},"_links":{"self":[{"href":"https:\/\/desteptati-va.ro\/index.php\/wp-json\/wp\/v2\/posts\/3935","targetHints":{"allow":["GET"]}}],"collection":[{"href":"https:\/\/desteptati-va.ro\/index.php\/wp-json\/wp\/v2\/posts"}],"about":[{"href":"https:\/\/desteptati-va.ro\/index.php\/wp-json\/wp\/v2\/types\/post"}],"author":[{"embeddable":true,"href":"https:\/\/desteptati-va.ro\/index.php\/wp-json\/wp\/v2\/users\/1"}],"replies":[{"embeddable":true,"href":"https:\/\/desteptati-va.ro\/index.php\/wp-json\/wp\/v2\/comments?post=3935"}],"version-history":[{"count":1,"href":"https:\/\/desteptati-va.ro\/index.php\/wp-json\/wp\/v2\/posts\/3935\/revisions"}],"predecessor-version":[{"id":3937,"href":"https:\/\/desteptati-va.ro\/index.php\/wp-json\/wp\/v2\/posts\/3935\/revisions\/3937"}],"wp:featuredmedia":[{"embeddable":true,"href":"https:\/\/desteptati-va.ro\/index.php\/wp-json\/wp\/v2\/media\/3883"}],"wp:attachment":[{"href":"https:\/\/desteptati-va.ro\/index.php\/wp-json\/wp\/v2\/media?parent=3935"}],"wp:term":[{"taxonomy":"category","embeddable":true,"href":"https:\/\/desteptati-va.ro\/index.php\/wp-json\/wp\/v2\/categories?post=3935"},{"taxonomy":"post_tag","embeddable":true,"href":"https:\/\/desteptati-va.ro\/index.php\/wp-json\/wp\/v2\/tags?post=3935"}],"curies":[{"name":"wp","href":"https:\/\/api.w.org\/{rel}","templated":true}]}}