{"id":3938,"date":"2021-04-19T08:28:37","date_gmt":"2021-04-19T08:28:37","guid":{"rendered":"http:\/\/desteptati.ro\/?p=3938"},"modified":"2021-04-19T08:28:37","modified_gmt":"2021-04-19T08:28:37","slug":"silviu-brucan-complotist-oportunist-sau-disident","status":"publish","type":"post","link":"https:\/\/desteptati-va.ro\/index.php\/2021\/04\/19\/silviu-brucan-complotist-oportunist-sau-disident\/","title":{"rendered":"Silviu Brucan, complotist, oportunist sau disident"},"content":{"rendered":"<div class=\"post-content\"><div class='booster-block booster-read-block'>\n                <div class=\"twp-read-time\">\n                \t<i class=\"booster-icon twp-clock\"><\/i> <span>Read Time:<\/span>8 Minute, 20 Second                <\/div>\n\n            <\/div><h3 style=\"text-align: center;\">Silviu Brucan, complotist, oportunist sau disident\r\n&#8211; o biografie cu prea multe semne de \u00eentrebare &#8211;<\/h3>\r\n<h4 style=\"text-align: justify;\">In certificatul de na\u015ftere, Saul Brucar, s-a n\u0103scut \u00een Bucure\u015fti la 18 ianuarie 1916 din p\u0103rin\u0163i evrei. A urmat \u015fcoala primara la \u201eEvangelische Schule\u201d, iar liceul la Colegiul Na\u0163ional \u201eSf\u00e2ntul Sava\u201d. Fiu de negustori \u00eenst\u0103ri\u0163i, de \u201e<em>burghezi care se respect\u0103<\/em>\u201d a\u00a0 tr\u0103it\u00a0 cea mai cumplit\u0103 dram\u0103 personal\u0103 c\u00e2nd, \u00een 1929, dup\u0103 marele crah occidental, firma de stofe a tat\u0103lui s\u0103u de pe strada \u015eepcari, a dat faliment \u015fi, \u201e <em>\u00eentruc\u00e2t\u00a0 b\u0103tr\u00e2nul s-a \u00eenc\u0103p\u0103\u0163\u00e2nat sa importe ca \u015fi p\u00e2n\u0103 atunci, semn\u00e2nd cecuri fara acoperire, falimentul a fost declarat fraudulos<\/em>\u201d. Li s-a luat tot; cas\u0103, mobil\u0103, vesel\u0103, cearceafuri, \u201e<em>\u00eenc\u00e2t spre sear\u0103 am r\u0103mas goi, am dormit pe podea<\/em>\u201d, dup\u0103 cum avea s\u0103 m\u0103rturiseasc\u0103 mai t\u00e2rziu. In acele clipe a realizat c\u0103 \u201e numai boul r\u0103m\u00e2ne consecvent\u201d \u015fi de aici \u00eencepea revolta sa social\u0103 \u00eempotriva capitalismului.<\/h4>\r\n<h4 style=\"text-align: justify;\">A intrat \u00een partidul comunist la 19 ani \u015fi a lucrat la \u201eGazeta de sear\u0103\u201d \u00eentre1935 \u015fi 1936, iar \u00een anii 1937 \u015fi 1938 a fost secretar general de redac\u0163ie la \u201eDacia nou\u0103\u201d, ambele fiind publica\u0163ii comuniste. In 1943 prime\u015fte sarcin\u0103 de partid sa se ocupe de presa ilegal\u0103 \u00een general \u015fi de \u201eSc\u00e2nteia\u201d \u00een principal.<\/h4>\r\n<h4 style=\"text-align: justify;\">Se c\u0103s\u0103tore\u015fte cu Alexandra Sidorovici, cunoscut\u0103 cu un remarcabil palmares de aventura \u015fi suspans ilegalist. Prin str\u0103dania lui, \u00a0a fost deputat\u0103 \u00een Marea Adunare Na\u0163ional\u0103 \u015fi acuzator public al Tribunalului Poporului \u00een procesele politice intentate \u201ecriminalilor de r\u0103zboi \u201d \u015fi opozan\u0163ilor PCR. Cariera politic\u0103 a acesteia, \u00eenceput\u0103 promi\u0163\u0103tor, i\u00ad-a fost \u00eentrerupt\u0103, chipurile, \u201edin motive de dosar\u201d. Sa\u015fa &#8211; cum i se mai spunea, a fost implicat\u0103 \u00een activit\u0103\u0163i de spionaj\u00a0 \u00een favoarea URSS. Era prezentat\u0103 de so\u0163 drept \u201d<strong>inginer, c\u0103lcat\u0103 \u00een picioare, zdrobit\u0103 \u00een b\u0103t\u0103i \u015fi de trei ori trecut\u0103 prin chinurile curentului electric; a ie\u015fit din pu\u015fc\u0103rie la 23 august<\/strong>\u201d.<\/h4>\r\n<h4 style=\"text-align: justify;\">Au avut trei copii, Dinu, Anca \u015fi Vlad. Se spune c\u0103 to\u0163ii fuseser\u0103 \u00eenfia\u0163i. \u00cen 1965, Dinu ar fi \u00eencercat s\u0103 treac\u0103 fraudulos frontiera, prins \u015fi condamnat, s-a sinucis \u00een penitenciar. Nici ceilal\u0163i nu mai sunt \u00een via\u0163\u0103.<\/h4>\r\n<h4 style=\"text-align: justify;\">In septembrie 1944 Brucan este numit secretar general de redac\u0163ie la \u201eSc\u00e2nteia\u201d, de la tribuna c\u0103reia cere condamnarea la moarte, printre al\u0163ii, a lui Iuliu Maniu, Gheorghe I. Br\u0103tianu, Radu Gyr \u015fi Pamfil \u015eeicaru.<\/h4>\r\n<h4 style=\"text-align: justify;\">\u00cenc\u0103 de la apari\u0163ia \u00een legalitate a ziarului \u201eSc\u00e2nteia\u201d, ca organ al CC al PCR, Brucan, acum redactor \u015fef, s-a remarcat eficient prin \u201espiritul practic \u015fi combativ\u201d \u00een tratarea unor subiecte fierbin\u0163i ale vremii: procesele \u201ecriminalilor de r\u0103zboi\u201d sau prezentarea \u201efiilor poporului\u201d- candida\u0163i la alegerile din 1946 etc. A fost printre gazetarii de \u00eencredere folosi\u0163i \u00een redactarea \u201ecuv\u00e2nt\u0103rilor\u201d \u015fi a documentelor de importan\u0163\u0103 special\u0103 (printre altele, fusese \u201estilist\u201d al rechizitoriului din procesul lui Vasile Luca).<\/h4>\r\n<h4 style=\"text-align: justify;\">\u00cen nr.3 al \u201eSc\u00e2nteii\u201d din 23 septembrie 1944 public\u0103 un articol\u00a0 \u00een care ap\u0103r\u0103 f\u0103r\u0103 sfial\u0103 odiosul pact Molotov-Ribbentrop afirm\u00e2nd: \u201e<em>\u00eentr-un moment c\u00e2nd armisti\u0163iile cu Rom\u00e2nia \u015fi Finlanda au ar\u0103tat <strong>generozitatea rar\u0103 a <\/strong>Uniunii Sovietice, dl. Gh. Br\u0103tianu \u00ee\u015fi permite s\u0103 calomnieze \u015fi s\u0103<strong> provoace <\/strong>pe aliatul \u015fi eliberatorul nostru\u2026 . Jos masca domnule hitlerist Gheorghe Br\u0103tianu! \u015ei trage consecin\u0163ele\u201d.<\/em> La 2 decembrie, acela\u015fi an, afirma c\u0103<em>\u201dIuliu Maniu \u00a0nu mai este ast\u0103zi \u00een politica \u0163\u0103rii dec\u00e2t o \u00eenc\u0103p\u0103\u0163\u00e2nat\u0103 \u00eencercare de rezisten\u0163\u0103 \u00een fa\u0163a valului for\u0163elor progresiste. Ce mai a\u015fteapt\u0103\u00a0 domnul Maniu? S\u0103-l m\u0103ture poporul?\u201d. <\/em>\u00cen \u00a0nr. 96 p. 3, din 29 decembrie 1944 semneaz\u0103 un material intitulat \u201e<em>Tr\u0103d\u0103torii clasei muncitoare vor fi nimici\u0163i<\/em>\u201d. Era vorba de social-democra\u0163ii Ion Fluera\u015f \u015fi Ion Mirescu, desprin\u015fi din partid \u015fi promova\u0163i \u00een diverse func\u0163ii de Antonescu, despre care Brucan spune c\u0103 <em>\u201dace\u015fti tr\u0103d\u0103tori ai clasei muncitoare , ace\u015fti lachei ai reac\u0163iunii ,au tr\u0103dat s-au v\u00e2ndut, au lins cizma nazist\u0103\u2026Clasa muncitoare nu iart\u0103 niciodat\u0103 pe tr\u0103d\u0103tori\u201d.<\/em> De asemenea exista m\u0103rturii care atest\u0103 faptul c\u0103 a \u0163inut s\u0103 asiste la \u00a0execu\u0163ia mare\u015falului\u00a0 Ion Antonescu.<\/h4>\r\n<h4 style=\"text-align: justify;\"><strong>La 18 martie 1945 a fost primul care acerut arestarea imediat\u0103 a lui Corneliu Coposu<\/strong><\/h4>\r\n<h4 style=\"text-align: justify;\">Datorit\u0103 func\u0163iei de secretar general al ziarului \u201eSc\u00e2nteia\u201d a ajuns membru al Comitetului central al PCR, pozi\u0163ie din care duce adev\u0103rate campanii de pres\u0103 \u00eempotriva unor ideologi\u00a0 de dreapta.<\/h4>\r\n<h4 style=\"text-align: justify;\">\u00centre 1948-1949 a func\u0163ionat \u015fi ca profesor de ziaristic\u0103 la Universitatea din Bucure\u015fti de\u015fi el nu absolvise cursurile nici unei facult\u0103\u0163i.<\/h4>\r\n<h4 style=\"text-align: justify;\">\u00cen 1955, Brucan, fiind un apropiat al lui Gheoghiu-Dej, este numit \u015feful Lega\u0163iei rom\u00e2ne la Washington, iar \u00eentre 1959 \u015fi 1962 \u015fi-a continuat misiunea ca ambasador la ONU. Rela\u0163iile de amici\u0163ie dezvoltate, in aceast\u0103 perioad\u0103, cu \u201efermierul\u201d Garst, \u015fi cu Anatoli Dobr\u00eenin, ambasadorul sovietic \u00een capitala american\u0103, reprezint\u0103 un punct nodal \u00een biografia sa. Consider\u00e2ndu-se unul dintre cei mai \u201elumina\u0163i\u201d lideri comuni\u015fti \u201e\u015fi-a construit\u201d un cerc larg de prieteni \u00een lumea politic\u0103 \u015fi a afacerilor din SUA.<\/h4>\r\n<h4 style=\"text-align: justify;\">La \u00eenapoierea \u00een \u0163ar\u0103, se ocup\u0103 cu reorganizarea Radio-televiziunii, la \u201erug\u0103mintea\u201d aceluia\u015fi tovar\u0103\u015f, Gheoghiu-Dej. Apropierea de acesta \u00eel f\u0103cea s\u0103 nu aib\u0103 acelea\u015fi sentimente fa\u0163\u0103 de Ceau\u015fescu, \u00een ciuda faptului c\u0103, timp de zece ani au fost vecini \u015fi copii lor deveniser\u0103 prieteni \u015fi se vizitau, mai ales Zoe.<\/h4>\r\n<h4 style=\"text-align: justify;\"><em>Epoca lui Dej a fost v\u00e2rsta de aur a lui Brucan, care acum \u00eencheia evolu\u0163ia sa spectaculoas\u0103<\/em>, spune Vladimir Tism\u0103neanu.<\/h4>\r\n<h4>\u00cen 1966, oficial demisioneaz\u0103 \u015fi p\u00e2n\u0103 \u00een 1978 le-a predat studen\u0163ilor de la Institutul de Medicin\u0103 \u015fi Farmacie disciplina \u201eSocialism \u015ftiin\u0163ific\u201d. Titularizarea pe un astfel de post fusese excep\u0163ional\u0103 deoarece \u201eintelectualul\u201d nu absolvise studii superioare, a\u015fa dup\u0103 cum am mai spus.<\/h4>\r\n<h4 style=\"text-align: justify;\">\u00cen perioada \u201edeschiderii\u201d Brucan a avut permisiunea s\u0103 c\u0103l\u0103toreasc\u0103 \u015fi s\u0103 conferen\u0163ieze liber, avea voie s\u0103 critice ne\u00eemplinirile socialismului, \u00een general, ori din alte state, dar nu politica lui Ceau\u015fescu.<\/h4>\r\n<h4 style=\"text-align: justify;\">Ajuns \u00een Japonia \u00een anii1980-1981 public\u0103 \u00een presa local\u0103 articole def\u0103im\u0103toare la adresa Rom\u00e2niei \u015fi a lui pre\u015fedintelui ei, materiale preluate \u015fi de agen\u0163iile de pres\u0103 interna\u0163ionale. \u00centors acas\u0103, i s-a interzis s\u0103 mai p\u0103r\u0103seasc\u0103 \u0163ara.<\/h4>\r\n<h4 style=\"text-align: justify;\">Cu ocazia vizitei la Bucure\u015fti, din 1982, a secretarului de stat american Alexander Heig jr. acesta \u00eei cere imperativ lui Ceau\u015fescu s\u0103-i lase libertatea lui Brucan de a c\u0103l\u0103torii \u00een str\u0103in\u0103tate (printr-o not\u0103 scris\u0103, din 12\/13 februarie).<\/h4>\r\n<h4 style=\"text-align: justify;\">P\u00e2n\u0103 \u00een noiembrie 1987, c\u00e2nd a avut loc revolta muncitorilor de la Bra\u015fov, rela\u0163iile sale cu regimul erau normale. Atunci s-a declarat opozant public \u015fi a trimis un material denigrator la BBC \u015fi UPI prin care se solidariza cu grevi\u015ftii, fapt ce a \u00eensemnat anchetarea sa \u015fi impunerea arestului la domiciliului.<\/h4>\r\n<h4 style=\"text-align: justify;\">La interven\u0163ia ambasadei americane \u015fi cu sprijinul \u015fefului DSS, Iulian Vlad, prime\u015fte viza pentru SUA \u015fi \u00een iunie 1988 pleac\u0103 la Washington unde s-a \u00eent\u00e2lnit, la Departamentul de stat, cu <strong>\u201e\u00eenal\u0163i\u00a0 func\u0163ionari<\/strong>\u201d din Biroul pentru Europa Oriental\u0103 \u015fi cu fostul ambasador sovietic, Dobr\u00eenin. (La 17 iunie 1988 &#8211; dup\u0103 47 de ani de vechime &#8211; este exclus din partid.) \u00cen noiembrie, acela\u015fi an, a ajuns la Moscova unde a avut o \u00eentrevedere cu Mihail Gorbaciov, perfectat\u0103 de Anatoli \u00a0Dobr\u00eenin. Revine \u00een Rom\u00e2nia \u00een decembrie, fiind \u201e\u00eencurajat\u201d at\u00e2t de americani c\u00e2t \u015fi de sovietici \u201ec\u0103 totul va fi bine\u201d.<\/h4>\r\n<h4 style=\"text-align: justify;\">La 11 martie 1989 se num\u0103r\u0103 printre semnatarii <strong>\u201escrisorii celor \u015fase\u201d<\/strong> demnitari comuni\u015fti \u00eempotriva lui Nicolae Ceau\u015fescu. Imediat i se impune\u00a0 domiciliu for\u0163at \u015fi mutat \u00eentr-o locuin\u0163\u0103 din cartierul bucure\u015ftean D\u0103m\u0103roaia.<\/h4>\r\n<h4 style=\"text-align: justify;\">\u00cen num\u0103rul s\u0103u din 14 martie 1989 \u201eSc\u00e2nteia\u201d publica un comunicat al Procuraturii Generale a Rom\u00e2niei prin care se anun\u0163a arestarea, pentru \u00eenalt\u0103 tr\u0103dare \u00een favoarea SUA, a diplomatului rom\u00e2n Mircea R\u0103ceanu.<\/h4>\r\n<h4 style=\"text-align: justify;\">\u00cen decembrie 1989, \u00ee\u015fi face apari\u0163ia \u00eempreun\u0103 cu Ion Iliescu \u015fi Nicolae Militaru, \u00een toiul evenimentelor. Parte a nucleului dur, are un conflict deschis cu Iulian Vlad referitor la soarta Securit\u0103\u0163ii. \u201e<strong><em>Am hot\u0103r\u00e2t s\u0103-l elimin pe Vlad<\/em>!- \u00eemi comunica scurt dl. Brucan, \u00een diminea\u0163a zilei de 25 decembrie\u201d<\/strong>declar\u0103 Dumitru Mazilu \u00een \u201eRevolu\u0163ia Furat\u0103\u201d.<\/h4>\r\n<h4 style=\"text-align: justify;\">Din declara\u0163iile lui Petre Roman date \u00een fa\u0163a \u201eComisiei senatoriale pentru cercetarea evenimentelor din decembrie 1989\u201d rezult\u0103 c\u0103 Silviu Brucan a fost cel care a insistat ca so\u0163ii Ceau\u015fescu \u201e<strong>s\u0103 fie lichida\u0163i \u00een orice fel\u201d. <\/strong>\u00cen fa\u0163a aceleia\u015fi comisii, Silviu Brucan afirma senin \u015fi deta\u015fat \u00een leg\u0103tur\u0103 cu soarta celor doi: \u201e<strong>a fost o discu\u0163ie destul de lung\u0103 cu argumente politice, juridice \u015fi militare. Sigur c\u0103 am fi dorit s\u0103 fie un proces public sau deghizat care s\u0103 fie educativ pentru popula\u0163ie. S-a discutat \u015fi aspectul juridic, pentru c\u0103 nu era \u00een regul\u0103. Era o chestiune f\u0103cut\u0103 f\u0103r\u0103 respectarea regulilor juridice elementare, mai ales c\u0103 nu aveam nici o \u00eendoial\u0103 asupra sentin\u0163ei\u2026 Eu cred c\u0103 decizia a fost justificat\u0103<\/strong>\u201d.<\/h4>\r\n<h4 style=\"text-align: justify;\">A f\u0103cut parte din \u00a0Consiliul Frontului Salv\u0103rii Na\u0163ionale timp de dou\u0103 luni, p\u00e2n\u0103 c\u00e2nd \u201e a intrat \u00een conflict\u201d cu Ion Iliescu, consider\u00e2nd c\u0103 echipa acestuia \u201e<strong>duce \u0163ara pe un drum gre\u015fit<\/strong>\u201d.<\/h4>\r\n<h4 style=\"text-align: justify;\">\u00cen 1990, \u00een perioada proceselor politice, prin s\u0103lile de judecat\u0103, circula zvonul\u00a0 potrivit c\u0103ruia, acela\u015fi personaj indicase chiar \u201e<em>uciderea tuturor fo\u015ftilor conduc\u0103tori ai PCR, a familiilor lor p\u00e2n\u0103 la ultimii nepo\u0163i<\/em><strong>\u201d<\/strong>.<\/h4>\r\n<h4 style=\"text-align: justify;\">A devenit analist politic \u015fi autor de c\u0103r\u0163i despre comunismul din Europa r\u0103s\u0103ritean\u0103, iar din 1996 p\u00e2n\u0103 \u00een 2006 a fost invitatul permanent al emisiunii duminicale \u201e<em>PROFE\u0162II DESPRE TRECUT<\/em>\u201d<\/h4>\r\n<h4 style=\"text-align: justify;\">La moartea sa, survenit\u0103 la 14 septembrie 2006 \u00een urma unui stop cardiac, Cristian Ghinea\u00a0 de la \u201eDilema Veche\u201d afirma c\u0103 \u201e <em>Brucan a fost un marxist capabil de g\u00e2ndire critic\u0103 \u015fi-i vom sim\u0163i lipsa\u201d<\/em><\/h4>\r\n<h4 style=\"text-align: justify;\">Despre Silviu Brucan, Vladimir Tism\u0103neanu afirma: \u201e<em>C\u00e2t\u0103 vreme a fost propagandist comunist, adic\u0103 cea mai mare parte a vie\u0163ii sale Brucan a min\u0163it,inclusiv atunci c\u00e2nd spunea <\/em>\u201e<em>Bun\u0103 ziua\u201d ori <\/em>\u201e<em>La revedere\u201d. Dou\u0103 lucruri au contat pe atunci pentru el: cauza partidului \u015fi propria supravie\u0163uire politic\u0103. A min\u0163it \u015fi dup\u0103 a \u00eenceput s\u0103-l sfideze pe Ceau\u015fescu (nu sistemul)\u2026 Dubioasa convertire la pluralism s-a petrecut c\u00e2nd a pierdut orice influen\u0163\u0103 politic\u0103\u201d. <\/em><\/h4>\r\n<h4 style=\"text-align: justify;\"><em>\u201eCercetarea documentelor demonstreaz\u0103 c\u0103, \u00een absolut toate situa\u0163iile<\/em> <em>Silviu Brucan a ie\u015fit public numai \u00een postura omului care are dreptate, care st\u0103p\u00e2ne\u015fte toate adev\u0103rurile, care n-are s\u0103-\u015fi repro\u015feze dec\u00e2t nesemnificative iluzii ale trecutului. A fost uimitor s\u0103-l vezi pe acest teoretician al stalinismului acuzator ani \u015fi ani al abaterilor de la marxism-leninism, cum \u00eel acuz\u0103 pe Ion Iliescu de a fi\u2026 comunist\u201d <\/em>\u2013 Eugen Florescu -\u201eBestia Brucan<em>\u201d.<\/em><\/h4>\r\n<h4 style=\"text-align: center;\">Despre mor\u0163i numai de bine!<\/h4>        <div class=\"booster-block booster-reactions-block\">\n            <div class=\"twp-reactions-icons\">\n                \n                <div class=\"twp-reacts-wrap\">\n                    <a react-data=\"be-react-1\" post-id=\"3938\" class=\"be-face-icons un-reacted\" href=\"javascript:void(0)\">\n                        <img decoding=\"async\" src=\"https:\/\/desteptati-va.ro\/wp-content\/plugins\/booster-extension\/\/assets\/icon\/happy.svg\" alt=\"Happy\">\n                    <\/a>\n                    <div class=\"twp-reaction-title\">\n                        Happy                    <\/div>\n                    <div class=\"twp-count-percent\">\n                                                    <span style=\"display: none;\" class=\"twp-react-count\">0<\/span>\n                        \n                                                <span class=\"twp-react-percent\"><span>0<\/span> %<\/span>\n                                            <\/div>\n                <\/div>\n\n                <div class=\"twp-reacts-wrap\">\n                    <a react-data=\"be-react-2\" post-id=\"3938\" class=\"be-face-icons un-reacted\" href=\"javascript:void(0)\">\n                        <img decoding=\"async\" src=\"https:\/\/desteptati-va.ro\/wp-content\/plugins\/booster-extension\/\/assets\/icon\/sad.svg\" alt=\"Sad\">\n                    <\/a>\n                    <div class=\"twp-reaction-title\">\n                        Sad                    <\/div>\n                    <div class=\"twp-count-percent\">\n                                                    <span style=\"display: none;\" class=\"twp-react-count\">0<\/span>\n                                                                        <span class=\"twp-react-percent\"><span>0<\/span> %<\/span>\n                                            <\/div>\n                <\/div>\n\n                <div class=\"twp-reacts-wrap\">\n                    <a react-data=\"be-react-3\" post-id=\"3938\" class=\"be-face-icons un-reacted\" href=\"javascript:void(0)\">\n                        <img decoding=\"async\" src=\"https:\/\/desteptati-va.ro\/wp-content\/plugins\/booster-extension\/\/assets\/icon\/excited.svg\" alt=\"Excited\">\n                    <\/a>\n                    <div class=\"twp-reaction-title\">\n                        Excited                    <\/div>\n                    <div class=\"twp-count-percent\">\n                                                    <span style=\"display: none;\" class=\"twp-react-count\">0<\/span>\n                                                                        <span class=\"twp-react-percent\"><span>0<\/span> %<\/span>\n                                            <\/div>\n                <\/div>\n\n                <div class=\"twp-reacts-wrap\">\n                    <a react-data=\"be-react-6\" post-id=\"3938\" class=\"be-face-icons un-reacted\" href=\"javascript:void(0)\">\n                        <img decoding=\"async\" src=\"https:\/\/desteptati-va.ro\/wp-content\/plugins\/booster-extension\/\/assets\/icon\/sleepy.svg\" alt=\"Sleepy\">\n                    <\/a>\n                    <div class=\"twp-reaction-title\">\n                        Sleepy                    <\/div>\n                    <div class=\"twp-count-percent\">\n                                                    <span style=\"display: none;\" class=\"twp-react-count\">0<\/span>\n                        \n                                                <span class=\"twp-react-percent\"><span>0<\/span> %<\/span>\n                                            <\/div>\n                <\/div>\n\n                <div class=\"twp-reacts-wrap\">\n                    <a react-data=\"be-react-4\" post-id=\"3938\" class=\"be-face-icons un-reacted\" href=\"javascript:void(0)\">\n                        <img decoding=\"async\" src=\"https:\/\/desteptati-va.ro\/wp-content\/plugins\/booster-extension\/\/assets\/icon\/angry.svg\" alt=\"Angry\">\n                    <\/a>\n                    <div class=\"twp-reaction-title\">Angry<\/div>\n                    <div class=\"twp-count-percent\">\n                                                    <span style=\"display: none;\" class=\"twp-react-count\">0<\/span>\n                                                                        <span class=\"twp-react-percent\"><span>0<\/span> %<\/span>\n                        \n                    <\/div>\n                <\/div>\n\n                <div class=\"twp-reacts-wrap\">\n                    <a react-data=\"be-react-5\" post-id=\"3938\" class=\"be-face-icons un-reacted\" href=\"javascript:void(0)\">\n                        <img decoding=\"async\" src=\"https:\/\/desteptati-va.ro\/wp-content\/plugins\/booster-extension\/\/assets\/icon\/surprise.svg\" alt=\"Surprise\">\n                    <\/a>\n                    <div class=\"twp-reaction-title\">Surprise<\/div>\n                    <div class=\"twp-count-percent\">\n                                                    <span style=\"display: none;\" class=\"twp-react-count\">0<\/span>\n                                                                        <span class=\"twp-react-percent\"><span>0<\/span> %<\/span>\n                                            <\/div>\n                <\/div>\n\n            <\/div>\n        <\/div>\n\n    <\/div>","protected":false},"excerpt":{"rendered":"<p>Silviu Brucan, complotist, oportunist sau disident &#8211; o biografie cu prea multe semne de \u00eentrebare &#8211; In certificatul de na\u015ftere,<a href=\"https:\/\/desteptati-va.ro\/index.php\/2021\/04\/19\/silviu-brucan-complotist-oportunist-sau-disident\/\">Read More<i class=\"fa fa-long-arrow-right\" aria-hidden=\"true\"><\/i><\/a><\/p>\n","protected":false},"author":1,"featured_media":435,"comment_status":"open","ping_status":"open","sticky":false,"template":"","format":"standard","meta":{"_crdt_document":"","footnotes":""},"categories":[3,10],"tags":[1226,1227,1228,240,871,1229,1230,663,1231,911,1232,1233,1234,1235,59,60,1060,1236,282,562,1237,1238,1239,580,966,1240,1241,1242,1243,789,1244,863,1245,1246,1247,867,1248,1249,1250,155,1251,281],"class_list":["post-3938","post","type-post","status-publish","format-standard","has-post-thumbnail","hentry","category-decembrie-89","category-tradari-tradatori-si-altii","tag-alexandra-sidrovici","tag-bbc","tag-biografie","tag-bratianu","tag-brucan","tag-capitalism","tag-cc-al-pcr","tag-ceausescu","tag-complotist","tag-comunism","tag-condamnare-la-moarte","tag-coposu","tag-crah","tag-dacia-noua","tag-desteptati","tag-desteptati-va","tag-disident","tag-eliminare","tag-evrei","tag-evreu","tag-faliment","tag-gazeta-de-seara","tag-gheorghiu-dej","tag-iulian-vlad","tag-iuliu-maniu","tag-marea-adunare-nationala","tag-onu","tag-oportunist","tag-partidul-comunist","tag-pcr","tag-presa-ilegala","tag-proces","tag-profetii-despre-trecut","tag-revolta-brasov","tag-saul-brucar","tag-scanteia","tag-scrisoarea-celor-sase","tag-sidrovici","tag-silviu-brucan","tag-spionaj","tag-tribunalul-poporului","tag-urss"],"rise-blocks_total_comments":0,"rise-blocks_categories":[{"term_id":10,"name":"Tradari, tradatori si altii","slug":"tradari-tradatori-si-altii","term_group":0,"term_taxonomy_id":10,"taxonomy":"category","description":"","parent":3,"count":12,"filter":"raw"}],"rise-blocks_excerpt":"Silviu Brucan, complotist, oportunist sau disident &#8211; o biografie cu prea multe semne de \u00eentrebare &#8211; In certificatul de na\u015ftere, Saul Brucar, s-a n\u0103scut \u00een Bucure\u015fti la 18 ianuarie 1916 din p\u0103rin\u0163i evrei. A urmat \u015fcoala primara la \u201eEvangelische Schule\u201d, iar liceul la Colegiul Na\u0163ional \u201eSf\u00e2ntul Sava\u201d. Fiu de negustori \u00eenst\u0103ri\u0163i, de \u201eburghezi care se respect\u0103\u201d a\u00a0 tr\u0103it\u00a0 cea mai..","yoast_head":"<!-- This site is optimized with the Yoast SEO plugin v26.9 - https:\/\/yoast.com\/product\/yoast-seo-wordpress\/ -->\r\n<title>Silviu Brucan, complotist, oportunist sau disident -<\/title>\r\n<meta name=\"robots\" content=\"index, follow, max-snippet:-1, max-image-preview:large, max-video-preview:-1\" \/>\r\n<link rel=\"canonical\" href=\"https:\/\/desteptati-va.ro\/index.php\/2021\/04\/19\/silviu-brucan-complotist-oportunist-sau-disident\/\" \/>\r\n<meta property=\"og:locale\" content=\"ro_RO\" \/>\r\n<meta property=\"og:type\" content=\"article\" \/>\r\n<meta property=\"og:title\" content=\"Silviu Brucan, complotist, oportunist sau disident -\" \/>\r\n<meta property=\"og:description\" content=\"Silviu Brucan, complotist, oportunist sau disident &#8211; o biografie cu prea multe semne de \u00eentrebare &#8211; In certificatul de na\u015ftere,Read More\" \/>\r\n<meta property=\"og:url\" content=\"https:\/\/desteptati-va.ro\/index.php\/2021\/04\/19\/silviu-brucan-complotist-oportunist-sau-disident\/\" \/>\r\n<meta property=\"article:published_time\" content=\"2021-04-19T08:28:37+00:00\" \/>\r\n<meta property=\"og:image\" content=\"https:\/\/desteptati-va.ro\/wp-content\/uploads\/2021\/04\/Brucan.jpg\" \/>\r\n\t<meta property=\"og:image:width\" content=\"280\" \/>\r\n\t<meta property=\"og:image:height\" content=\"280\" \/>\r\n\t<meta property=\"og:image:type\" content=\"image\/jpeg\" \/>\r\n<meta name=\"author\" content=\"wolfsoftcompany\" \/>\r\n<meta name=\"twitter:card\" content=\"summary_large_image\" \/>\r\n<meta name=\"twitter:label1\" content=\"Scris de\" \/>\n\t<meta name=\"twitter:data1\" content=\"wolfsoftcompany\" \/>\n\t<meta name=\"twitter:label2\" content=\"Timp estimat pentru citire\" \/>\n\t<meta name=\"twitter:data2\" content=\"9 minute\" \/>\r\n<script type=\"application\/ld+json\" class=\"yoast-schema-graph\">{\"@context\":\"https:\/\/schema.org\",\"@graph\":[{\"@type\":\"Article\",\"@id\":\"https:\/\/desteptati-va.ro\/index.php\/2021\/04\/19\/silviu-brucan-complotist-oportunist-sau-disident\/#article\",\"isPartOf\":{\"@id\":\"https:\/\/desteptati-va.ro\/index.php\/2021\/04\/19\/silviu-brucan-complotist-oportunist-sau-disident\/\"},\"author\":{\"name\":\"wolfsoftcompany\",\"@id\":\"https:\/\/desteptati-va.ro\/#\/schema\/person\/13182deeebd44920914899f7bb262d6b\"},\"headline\":\"Silviu Brucan, complotist, oportunist sau disident\",\"datePublished\":\"2021-04-19T08:28:37+00:00\",\"mainEntityOfPage\":{\"@id\":\"https:\/\/desteptati-va.ro\/index.php\/2021\/04\/19\/silviu-brucan-complotist-oportunist-sau-disident\/\"},\"wordCount\":1847,\"commentCount\":0,\"image\":{\"@id\":\"https:\/\/desteptati-va.ro\/index.php\/2021\/04\/19\/silviu-brucan-complotist-oportunist-sau-disident\/#primaryimage\"},\"thumbnailUrl\":\"https:\/\/desteptati-va.ro\/wp-content\/uploads\/2021\/04\/Brucan.jpg\",\"keywords\":[\"Alexandra Sidrovici\",\"BBC\",\"biografie\",\"Bratianu\",\"Brucan\",\"capitalism\",\"CC al PCR\",\"Ceausescu\",\"complotist\",\"comunism\",\"condamnare la moarte\",\"Coposu\",\"crah\",\"Dacia noua\",\"desteptati\",\"desteptati-va\",\"disident\",\"eliminare\",\"evrei\",\"evreu\",\"faliment\",\"Gazeta de seara\",\"Gheorghiu-Dej\",\"Iulian Vlad\",\"Iuliu Maniu\",\"Marea Adunare Nationala\",\"ONU\",\"oportunist\",\"partidul comunist\",\"PCR\",\"presa ilegala\",\"proces\",\"Profetii despre trecut\",\"revolta Brasov\",\"Saul Brucar\",\"Scanteia\",\"scrisoarea celor sase\",\"Sidrovici\",\"Silviu Brucan\",\"spionaj\",\"Tribunalul Poporului\",\"URSS\"],\"articleSection\":[\"Decembrie 89\",\"Tradari, tradatori si altii\"],\"inLanguage\":\"ro-RO\",\"potentialAction\":[{\"@type\":\"CommentAction\",\"name\":\"Comment\",\"target\":[\"https:\/\/desteptati-va.ro\/index.php\/2021\/04\/19\/silviu-brucan-complotist-oportunist-sau-disident\/#respond\"]}]},{\"@type\":\"WebPage\",\"@id\":\"https:\/\/desteptati-va.ro\/index.php\/2021\/04\/19\/silviu-brucan-complotist-oportunist-sau-disident\/\",\"url\":\"https:\/\/desteptati-va.ro\/index.php\/2021\/04\/19\/silviu-brucan-complotist-oportunist-sau-disident\/\",\"name\":\"Silviu Brucan, complotist, oportunist sau disident -\",\"isPartOf\":{\"@id\":\"https:\/\/desteptati-va.ro\/#website\"},\"primaryImageOfPage\":{\"@id\":\"https:\/\/desteptati-va.ro\/index.php\/2021\/04\/19\/silviu-brucan-complotist-oportunist-sau-disident\/#primaryimage\"},\"image\":{\"@id\":\"https:\/\/desteptati-va.ro\/index.php\/2021\/04\/19\/silviu-brucan-complotist-oportunist-sau-disident\/#primaryimage\"},\"thumbnailUrl\":\"https:\/\/desteptati-va.ro\/wp-content\/uploads\/2021\/04\/Brucan.jpg\",\"datePublished\":\"2021-04-19T08:28:37+00:00\",\"author\":{\"@id\":\"https:\/\/desteptati-va.ro\/#\/schema\/person\/13182deeebd44920914899f7bb262d6b\"},\"breadcrumb\":{\"@id\":\"https:\/\/desteptati-va.ro\/index.php\/2021\/04\/19\/silviu-brucan-complotist-oportunist-sau-disident\/#breadcrumb\"},\"inLanguage\":\"ro-RO\",\"potentialAction\":[{\"@type\":\"ReadAction\",\"target\":[\"https:\/\/desteptati-va.ro\/index.php\/2021\/04\/19\/silviu-brucan-complotist-oportunist-sau-disident\/\"]}]},{\"@type\":\"ImageObject\",\"inLanguage\":\"ro-RO\",\"@id\":\"https:\/\/desteptati-va.ro\/index.php\/2021\/04\/19\/silviu-brucan-complotist-oportunist-sau-disident\/#primaryimage\",\"url\":\"https:\/\/desteptati-va.ro\/wp-content\/uploads\/2021\/04\/Brucan.jpg\",\"contentUrl\":\"https:\/\/desteptati-va.ro\/wp-content\/uploads\/2021\/04\/Brucan.jpg\",\"width\":280,\"height\":280},{\"@type\":\"BreadcrumbList\",\"@id\":\"https:\/\/desteptati-va.ro\/index.php\/2021\/04\/19\/silviu-brucan-complotist-oportunist-sau-disident\/#breadcrumb\",\"itemListElement\":[{\"@type\":\"ListItem\",\"position\":1,\"name\":\"Prima pagin\u0103\",\"item\":\"https:\/\/desteptati-va.ro\/\"},{\"@type\":\"ListItem\",\"position\":2,\"name\":\"Silviu Brucan, complotist, oportunist sau disident\"}]},{\"@type\":\"WebSite\",\"@id\":\"https:\/\/desteptati-va.ro\/#website\",\"url\":\"https:\/\/desteptati-va.ro\/\",\"name\":\"\",\"description\":\"\",\"potentialAction\":[{\"@type\":\"SearchAction\",\"target\":{\"@type\":\"EntryPoint\",\"urlTemplate\":\"https:\/\/desteptati-va.ro\/?s={search_term_string}\"},\"query-input\":{\"@type\":\"PropertyValueSpecification\",\"valueRequired\":true,\"valueName\":\"search_term_string\"}}],\"inLanguage\":\"ro-RO\"},{\"@type\":\"Person\",\"@id\":\"https:\/\/desteptati-va.ro\/#\/schema\/person\/13182deeebd44920914899f7bb262d6b\",\"name\":\"wolfsoftcompany\",\"image\":{\"@type\":\"ImageObject\",\"inLanguage\":\"ro-RO\",\"@id\":\"https:\/\/desteptati-va.ro\/#\/schema\/person\/image\/\",\"url\":\"https:\/\/secure.gravatar.com\/avatar\/a6cce9b6d101d27d91690e7073e300fed94c0899890bf998e082cb9d2c3d121e?s=96&d=mm&r=g\",\"contentUrl\":\"https:\/\/secure.gravatar.com\/avatar\/a6cce9b6d101d27d91690e7073e300fed94c0899890bf998e082cb9d2c3d121e?s=96&d=mm&r=g\",\"caption\":\"wolfsoftcompany\"},\"sameAs\":[\"http:\/\/desteptati-va.ro\"],\"url\":\"https:\/\/desteptati-va.ro\/index.php\/author\/wolfsoftcompany\/\"}]}<\/script>\r\n<!-- \/ Yoast SEO plugin. -->","yoast_head_json":{"title":"Silviu Brucan, complotist, oportunist sau disident -","robots":{"index":"index","follow":"follow","max-snippet":"max-snippet:-1","max-image-preview":"max-image-preview:large","max-video-preview":"max-video-preview:-1"},"canonical":"https:\/\/desteptati-va.ro\/index.php\/2021\/04\/19\/silviu-brucan-complotist-oportunist-sau-disident\/","og_locale":"ro_RO","og_type":"article","og_title":"Silviu Brucan, complotist, oportunist sau disident -","og_description":"Silviu Brucan, complotist, oportunist sau disident &#8211; o biografie cu prea multe semne de \u00eentrebare &#8211; In certificatul de na\u015ftere,Read More","og_url":"https:\/\/desteptati-va.ro\/index.php\/2021\/04\/19\/silviu-brucan-complotist-oportunist-sau-disident\/","article_published_time":"2021-04-19T08:28:37+00:00","og_image":[{"width":280,"height":280,"url":"https:\/\/desteptati-va.ro\/wp-content\/uploads\/2021\/04\/Brucan.jpg","type":"image\/jpeg"}],"author":"wolfsoftcompany","twitter_card":"summary_large_image","twitter_misc":{"Scris de":"wolfsoftcompany","Timp estimat pentru citire":"9 minute"},"schema":{"@context":"https:\/\/schema.org","@graph":[{"@type":"Article","@id":"https:\/\/desteptati-va.ro\/index.php\/2021\/04\/19\/silviu-brucan-complotist-oportunist-sau-disident\/#article","isPartOf":{"@id":"https:\/\/desteptati-va.ro\/index.php\/2021\/04\/19\/silviu-brucan-complotist-oportunist-sau-disident\/"},"author":{"name":"wolfsoftcompany","@id":"https:\/\/desteptati-va.ro\/#\/schema\/person\/13182deeebd44920914899f7bb262d6b"},"headline":"Silviu Brucan, complotist, oportunist sau disident","datePublished":"2021-04-19T08:28:37+00:00","mainEntityOfPage":{"@id":"https:\/\/desteptati-va.ro\/index.php\/2021\/04\/19\/silviu-brucan-complotist-oportunist-sau-disident\/"},"wordCount":1847,"commentCount":0,"image":{"@id":"https:\/\/desteptati-va.ro\/index.php\/2021\/04\/19\/silviu-brucan-complotist-oportunist-sau-disident\/#primaryimage"},"thumbnailUrl":"https:\/\/desteptati-va.ro\/wp-content\/uploads\/2021\/04\/Brucan.jpg","keywords":["Alexandra Sidrovici","BBC","biografie","Bratianu","Brucan","capitalism","CC al PCR","Ceausescu","complotist","comunism","condamnare la moarte","Coposu","crah","Dacia noua","desteptati","desteptati-va","disident","eliminare","evrei","evreu","faliment","Gazeta de seara","Gheorghiu-Dej","Iulian Vlad","Iuliu Maniu","Marea Adunare Nationala","ONU","oportunist","partidul comunist","PCR","presa ilegala","proces","Profetii despre trecut","revolta Brasov","Saul Brucar","Scanteia","scrisoarea celor sase","Sidrovici","Silviu Brucan","spionaj","Tribunalul Poporului","URSS"],"articleSection":["Decembrie 89","Tradari, tradatori si altii"],"inLanguage":"ro-RO","potentialAction":[{"@type":"CommentAction","name":"Comment","target":["https:\/\/desteptati-va.ro\/index.php\/2021\/04\/19\/silviu-brucan-complotist-oportunist-sau-disident\/#respond"]}]},{"@type":"WebPage","@id":"https:\/\/desteptati-va.ro\/index.php\/2021\/04\/19\/silviu-brucan-complotist-oportunist-sau-disident\/","url":"https:\/\/desteptati-va.ro\/index.php\/2021\/04\/19\/silviu-brucan-complotist-oportunist-sau-disident\/","name":"Silviu Brucan, complotist, oportunist sau disident -","isPartOf":{"@id":"https:\/\/desteptati-va.ro\/#website"},"primaryImageOfPage":{"@id":"https:\/\/desteptati-va.ro\/index.php\/2021\/04\/19\/silviu-brucan-complotist-oportunist-sau-disident\/#primaryimage"},"image":{"@id":"https:\/\/desteptati-va.ro\/index.php\/2021\/04\/19\/silviu-brucan-complotist-oportunist-sau-disident\/#primaryimage"},"thumbnailUrl":"https:\/\/desteptati-va.ro\/wp-content\/uploads\/2021\/04\/Brucan.jpg","datePublished":"2021-04-19T08:28:37+00:00","author":{"@id":"https:\/\/desteptati-va.ro\/#\/schema\/person\/13182deeebd44920914899f7bb262d6b"},"breadcrumb":{"@id":"https:\/\/desteptati-va.ro\/index.php\/2021\/04\/19\/silviu-brucan-complotist-oportunist-sau-disident\/#breadcrumb"},"inLanguage":"ro-RO","potentialAction":[{"@type":"ReadAction","target":["https:\/\/desteptati-va.ro\/index.php\/2021\/04\/19\/silviu-brucan-complotist-oportunist-sau-disident\/"]}]},{"@type":"ImageObject","inLanguage":"ro-RO","@id":"https:\/\/desteptati-va.ro\/index.php\/2021\/04\/19\/silviu-brucan-complotist-oportunist-sau-disident\/#primaryimage","url":"https:\/\/desteptati-va.ro\/wp-content\/uploads\/2021\/04\/Brucan.jpg","contentUrl":"https:\/\/desteptati-va.ro\/wp-content\/uploads\/2021\/04\/Brucan.jpg","width":280,"height":280},{"@type":"BreadcrumbList","@id":"https:\/\/desteptati-va.ro\/index.php\/2021\/04\/19\/silviu-brucan-complotist-oportunist-sau-disident\/#breadcrumb","itemListElement":[{"@type":"ListItem","position":1,"name":"Prima pagin\u0103","item":"https:\/\/desteptati-va.ro\/"},{"@type":"ListItem","position":2,"name":"Silviu Brucan, complotist, oportunist sau disident"}]},{"@type":"WebSite","@id":"https:\/\/desteptati-va.ro\/#website","url":"https:\/\/desteptati-va.ro\/","name":"","description":"","potentialAction":[{"@type":"SearchAction","target":{"@type":"EntryPoint","urlTemplate":"https:\/\/desteptati-va.ro\/?s={search_term_string}"},"query-input":{"@type":"PropertyValueSpecification","valueRequired":true,"valueName":"search_term_string"}}],"inLanguage":"ro-RO"},{"@type":"Person","@id":"https:\/\/desteptati-va.ro\/#\/schema\/person\/13182deeebd44920914899f7bb262d6b","name":"wolfsoftcompany","image":{"@type":"ImageObject","inLanguage":"ro-RO","@id":"https:\/\/desteptati-va.ro\/#\/schema\/person\/image\/","url":"https:\/\/secure.gravatar.com\/avatar\/a6cce9b6d101d27d91690e7073e300fed94c0899890bf998e082cb9d2c3d121e?s=96&d=mm&r=g","contentUrl":"https:\/\/secure.gravatar.com\/avatar\/a6cce9b6d101d27d91690e7073e300fed94c0899890bf998e082cb9d2c3d121e?s=96&d=mm&r=g","caption":"wolfsoftcompany"},"sameAs":["http:\/\/desteptati-va.ro"],"url":"https:\/\/desteptati-va.ro\/index.php\/author\/wolfsoftcompany\/"}]}},"_links":{"self":[{"href":"https:\/\/desteptati-va.ro\/index.php\/wp-json\/wp\/v2\/posts\/3938","targetHints":{"allow":["GET"]}}],"collection":[{"href":"https:\/\/desteptati-va.ro\/index.php\/wp-json\/wp\/v2\/posts"}],"about":[{"href":"https:\/\/desteptati-va.ro\/index.php\/wp-json\/wp\/v2\/types\/post"}],"author":[{"embeddable":true,"href":"https:\/\/desteptati-va.ro\/index.php\/wp-json\/wp\/v2\/users\/1"}],"replies":[{"embeddable":true,"href":"https:\/\/desteptati-va.ro\/index.php\/wp-json\/wp\/v2\/comments?post=3938"}],"version-history":[{"count":1,"href":"https:\/\/desteptati-va.ro\/index.php\/wp-json\/wp\/v2\/posts\/3938\/revisions"}],"predecessor-version":[{"id":3940,"href":"https:\/\/desteptati-va.ro\/index.php\/wp-json\/wp\/v2\/posts\/3938\/revisions\/3940"}],"wp:featuredmedia":[{"embeddable":true,"href":"https:\/\/desteptati-va.ro\/index.php\/wp-json\/wp\/v2\/media\/435"}],"wp:attachment":[{"href":"https:\/\/desteptati-va.ro\/index.php\/wp-json\/wp\/v2\/media?parent=3938"}],"wp:term":[{"taxonomy":"category","embeddable":true,"href":"https:\/\/desteptati-va.ro\/index.php\/wp-json\/wp\/v2\/categories?post=3938"},{"taxonomy":"post_tag","embeddable":true,"href":"https:\/\/desteptati-va.ro\/index.php\/wp-json\/wp\/v2\/tags?post=3938"}],"curies":[{"name":"wp","href":"https:\/\/api.w.org\/{rel}","templated":true}]}}