{"id":3944,"date":"2021-04-19T08:31:39","date_gmt":"2021-04-19T08:31:39","guid":{"rendered":"http:\/\/desteptati.ro\/?p=3944"},"modified":"2022-01-31T08:34:13","modified_gmt":"2022-01-31T06:34:13","slug":"mircea-dinescu-revolutionarul-lu-peste-prajit","status":"publish","type":"post","link":"https:\/\/desteptati-va.ro\/index.php\/2021\/04\/19\/mircea-dinescu-revolutionarul-lu-peste-prajit\/","title":{"rendered":"Mircea Dinescu &#8211; revolu\u021bionarul lu&#8217; &#8222;pe\u0219te pr\u0103jit&#8221;"},"content":{"rendered":"<div class=\"post-content\"><div class='booster-block booster-read-block'>\n                <div class=\"twp-read-time\">\n                \t<i class=\"booster-icon twp-clock\"><\/i> <span>Read Time:<\/span>14 Minute, 40 Second                <\/div>\n\n            <\/div><h4><strong>Mircea Dinescu<\/strong> (n. 11 noiembrie 1950, Slobozia) este un poet, scriitor, publicist \u015fi om de afaceri rom\u00e2n.\n<strong>Scurt\u0103 biografie<\/strong><\/h4>\n<h4 style=\"text-align: justify;\">Fiu al lui \u015etefan Dinescu, muncitor metalurg \u015fi al Aureliei Badea, casnic\u0103, Mircea Dinescu a studiat la Facultatea de Jurnalism a Academiei de \u015etiin\u0163e Social-Politice \u201e\u015etefan Gheorghiu\u201d de pe l\u00e2ng\u0103 Comitetul Central al Partidului Comunist Rom\u00e2n, \u015ecoala Superioar\u0103 de Partid.<\/h4>\n<h4 style=\"text-align: justify;\">\u015ei-a efectuat stagiul militar la Securitate[1], pentru c\u0103: \u201eProtectorii s\u0103i l-au ajutat s\u0103 \u00abfac\u0103 armata\u00bb \u00eentr-un mod netraumatizant\u201c[2]. Aceia\u015fi \u201eprotectori\u201c l-au sus\u0163inut \u015fi \u201es\u0103 publice o prim\u0103 carte\u201c[3] \u201ePentru ca apoi s\u0103 \u00eei g\u0103seasc\u0103 o sinecur\u0103 \u2013 pitorescul post de portar al Asocia\u0163iei Scriitorilor din Bucure\u015fti, ocupat de poet (mai mult cu numele) \u00een perioada 1972-1976\u201c[4]. Direc\u0163ionat puternic spre prim-planul vie\u0163ii literare de aceiasi \u201eprotectori\u201c, Mircea Dinescu p\u0103trunde rapid \u00een cercurile literare din epoc\u0103, devenind membru al Uniunii Scriitorilor, Secretar UTC al Uniunii Scriitorilor din Republica Socialist\u0103 Rom\u00e2nia, membru al Partidului Comunist Rom\u00e2n \u015fi redactor la revistele Luceaf\u0103rul \u015fi Rom\u00e2nia literar\u0103.<\/h4>\n<h4 style=\"text-align: justify;\">Dintr-o not\u0103 a Securit\u0103\u0163ii, publicat\u0103 \u00een Cartea Alb\u0103 a Securit\u0103\u0163ii, afl\u0103m: \u201eDe exemplu Titus Popovici, Anghel Dumbr\u0103veanu, Teodor Bal\u015f, George B\u0103l\u0103i\u0163\u0103, Eugen Barbu, Mircea Dinescu au spus scriitorilor afla\u0163i la vila Paltinul din sta\u0163iunea Neptun c\u0103 sunt profund mi\u015fca\u0163i de aprecierile de care se bucur\u0103 scriitorii \u00een fa\u0163a conducerii, ca oameni ata\u015fa\u0163i, oric\u00e2nd gata s\u0103 slujeasc\u0103 patria \u015fi poporul.\u201c&nbsp;<sup>v. Cartea Alb\u0103 a Securit\u0103\u0163ii, nota 129, p. 137, 1978<\/sup><\/h4>\n<h4 style=\"text-align: justify;\">\u00cen anul 1981, pe c\u00e2nd era \u00eenc\u0103 student al Academiei de \u015etiin\u0163e Social-Politice \u201e\u015etefan Gheorghiu\u201d, sufer\u0103 o condamnare, cu suspendarea condi\u0163ionat\u0103 a execut\u0103rii pedepsei, pentru agresarea unui coleg de redac\u0163ie de la revista Luceaf\u0103rul, Iulian Neac\u015fu[5].<\/h4>\n<h4 style=\"text-align: justify;\">\u00cen continuare, poetul este un r\u0103sf\u0103\u0163at al sistemului comunist \u015fi al Uniunii Scriitorilor din Rom\u00e2nia, ap\u0103r\u00e2nd, \u00een calitate de ziarist oficial, cu pixul \u00een m\u00e2n\u0103, lu\u00e2nd noti\u0163e, l\u00e2ng\u0103 Pre\u015fedintele RSR Nicolae Ceau\u015fescu[6].<\/h4>\n<figure id=\"attachment_437\" aria-describedby=\"caption-attachment-437\" style=\"width: 568px\" class=\"wp-caption aligncenter\"><a href=\"http:\/\/www.desteptati-va.ro\/wp-content\/uploads\/2011\/02\/mircea-dinescu-ceausescu-vizita-de-lucru-m.jpg\"><img loading=\"lazy\" decoding=\"async\" class=\" wp-image-437\" title=\"Mircea-Dinescu-Ceausescu-vizita-de-lucru\" src=\"http:\/\/www.desteptati-va.ro\/wp-content\/uploads\/2011\/02\/mircea-dinescu-ceausescu-vizita-de-lucru-m.jpg\" alt=\"Mircea Dinescu Ceausescu - vizita de lucru\" width=\"568\" height=\"413\"><\/a><figcaption id=\"caption-attachment-437\" class=\"wp-caption-text\">Mircea Dinescu lu\u00e2nd noti\u021be la una din vizitele oficiale ale lui Ceau\u0219escu<\/figcaption><\/figure>\n<h4 style=\"text-align: justify;\">Cartea sa, Moartea cite\u015fte ziarul, respins\u0103 de cenzur\u0103 \u00een 1988, a fost publicat\u0103 la Amsterdam, \u00een limba rom\u00e2n\u0103, pentru cunosc\u0103torii limbii rom\u00e2ne din Olanda[7]. \u00cen ciuda lipsei de libertate din Rom\u00e2nia comunist\u0103, \u00een anul 1988, unii scriitori rom\u00e2ni, printre care \u015fi Mircea Dinescu, \u00ee\u015fi vor petrece zilele de Cr\u0103ciun, la familia Covaci, \u00een compania familiei ambasadorului Marii Britanii, a ata\u015fatului cultural al Iugoslaviei, Moma Koprovi\u0163ala \u015fi a altor reprezentan\u0163i oficiali str\u0103ini[8]. Va urma seara Cr\u0103ciunului, s\u0103rb\u0103torita la Ambasada Olandei din Rom\u00e2nia, \u00een prezen\u0163a multor intelectuali rom\u00e2ni, printre care \u015fi Andrei Ple\u015fu[9].<\/h4>\n<h4 style=\"text-align: justify;\">\u00cen 1989 este concediat de la \u201cRom\u00e2nia Literar\u0103\u201d din cauza unui interviu acordat ziarului francez comunist \u201cLib\u00e9ration\u201d, \u00een care f\u0103cea o critic\u0103 acid\u0103 la adresa lui Nicolae Ceau\u015fescu \u015fi a regimului comunist de la Bucure\u015fti, dar sus\u0163inea cu mare aplomb sistemul comunist de la Moscova, perestroikist, prezent\u00e2ndu-l ca pe un model pentru comunismul practicat \u00een Rom\u00e2nia[10], f\u0103c\u00e2nd chiar unele afirma\u0163ii terifiante: \u201eNu \u015ftiu dac\u0103 Gorbaciov e sau nu considerat un \u0163ar bun de c\u0103tre popoarele de dincolo de Prut (\u2026) dar \u00een Polonia, Ungaria, Bulgaria, Cehoslovacia, R.D.G. \u015fi Rom\u00e2nia, el este un vestitor de bine, un Mesia al socialismului\u201c[11]. Din Cartea Alb\u0103 a Securit\u0103\u0163ii, D 10 966, vol. 6, f. 9-16, p. 505, afl\u0103m c\u0103 Mircea Dinescu, de\u015fi supravegheat, putea transmite mesaje \u00een afara \u0163\u0103rii, prin telefon, \u00een mod liber (v. con\u0163inutul unei convesa\u0163ii telefonice dintre Mircea Dinescu \u015fi Alexandru Papilian: \u201eMircea Dinescu: \u00ab\u015ei de-aia am intrat \u00een partid, ca s\u0103 m\u0103 port ca un membru de partid liber\u00bb. (\u2026) \u00cen leg\u0103tur\u0103 cu interviul ap\u0103rut \u00een Fran\u0163a, \u00eentre cei doi s-a purtat urm\u0103torul dialog: Alexandru Papilian: \u00abAm v\u0103zut, ast\u0103zi, cum \u00ee\u0163i spun, interviul din Lib\u00e9ration\u00bb. Mircea Dinescu: \u00abA ap\u0103rut interviul \u00een Lib\u00e9ration?\u00bb. Alexandru Papilian: \u00abDa. Cu o fotografie mare, foarte frumoas\u0103\u00bb. Mircea Dinescu: \u00abDa\u00bb. Alexandru Papilian: \u00abOcup\u0103 aproape dou\u0103 pagini de ziar\u00bb. Mircea Dinescu: \u00abAha! Sunt fotogenic?\u00bb. Alexandru Papilian: \u00abE\u015fti fotogenic. Cam trist. Dar e\u015fti fotogenic\u2026\u00bb Mircea Dinescu: \u00abTriste\u0163ea este meseria mea s\u0103 \u015ftii\u2026\u00bb[12]. Interviul are drept consecin\u0163e arestarea sa la domiciliu \u015fi excluderea din partid. Este pus sub supraveghere permanent\u0103 \u015fi i se interzice contactul cu orice persoan\u0103 \u00een afara familiei. \u00cen str\u0103in\u0103tate, \u00eencepe o larg\u0103 campanie de solidaritate cu poetul, sus\u0163inut\u0103 \u00een special de \u201cFrankfurter Allgemeine Zeitung\u201d \u015fi postul de radio \u201cEuropa liber\u0103\u201c, cu rezonan\u0163\u0103 \u00een Olanda, Fran\u0163a, Elve\u0163ia \u015fi Germania.<\/h4>\n<h4 style=\"text-align: justify;\">Pe 22 decembrie 1989, este dus la televiziune \u00eempreun\u0103 cu coloanele de manifestan\u0163i, de unde anun\u0163\u0103 rom\u00e2nilor fuga lui Ceau\u015fescu \u015fi declan\u015farea Revolu\u0163iei [13],[14]. Devine membru \u00een Consiliul Frontului Salv\u0103rii Na\u0163ionale, apoi \u00een Consiliul Provizoriu de Uniune Na\u0163ional\u0103.<\/h4>\n<h4 style=\"text-align: justify;\">Dup\u0103 Revolu\u0163ia din decembrie a fost ales pre\u015fedinte al Uniunii Scriitorilor din Rom\u00e2nia, func\u0163ie abandonat\u0103 prin demisie. Este membru al Consiliul Na\u0163ional pentru Studierea Arhivelor Securit\u0103\u0163ii, fondator al \u201eFunda\u0163iei pentru poezie\u201d, membru \u00een Consiliul director general al editurii \u201eSeara\u201d, membru al Consiliului Editorial al ziarului \u201cCotidianul\u201d (postura din care declar\u0103: \u201eMA DOARE \u00ceN CUR c\u0103 sunt incompatibil!\u201d) [15], membru al \u201eFunda\u0163iei pentru Promovarea Literaturii Germane din Rom\u00e2nia\u201d. Poetul Cezar Iv\u0103nescu, \u00een cartea \u201cPentru Marin Preda\u201d l-a acuzat pe Mircea Dinescu de implicare \u00een moartea marelui prozator Marin Preda [16],[17]. De asemenea, \u201eVictor Roncea, coordonator al campaniei \u00abVoci curate\u00bb de la Civic Media, a declarat c\u0103 un membru de frunte al Colegiului CNSAS, Mircea Dinescu, reprezint\u0103 interese str\u0103ine fiind documentat de unitatea anti-KGB a Securit\u0103\u0163ii. Potrivit informa\u0163iilor dezv\u0103luite de Roncea, exist\u0103 m\u0103rturii ale unor fo\u015fti ofi\u0163eri ai UM 0110 privind leg\u0103turile lui Mircea Dinescu cu KGB, nu numai prin soacra acestuia, Ludmila Loghinovskaia. Astfel, \u00een 1989, acesta a urmat un traseu complicat prin \u0163\u0103rile baltice, pentru a ajunge ulterior \u00een Crimeea, unde a primit instruc\u0163iuni precise privind rolul s\u0103u \u00een lovitura de stat preg\u0103tit\u0103 de sovietici, cunoscut\u0103 generic sub numele de \u00abRevolu\u0163ia\u00bb din decembrie 1989. Informa\u0163iile respective se afla \u015fi \u00een arhivele CIA, s-a afirmat \u00een emisiune.\u201c [18],[19],[20],[21].<\/h4>\n<h3><strong> Personalitate a vie\u0163ii publice<\/strong><\/h3>\n<h4 style=\"text-align: justify;\">C\u0103r\u0163ile poetului Mircea Dinescu au fost r\u0103spl\u0103tite cu numeroase premii, printre care Premiul Academiei Rom\u00e2ne \u015fi Premiul Uniunii Scriitorilor din Rom\u00e2nia.<\/h4>\n<h4 style=\"text-align: justify;\">Despre rolul lui Dinescu pe scena cultural\u0103 contemporan\u0103, Gabriel Liiceanu scrie[22]:<\/h4>\n<h4 style=\"text-align: justify;\">\u201eMircea Dinescu este simbolul \u015fi purt\u0103torul de sens al mahalalei contemporane la rom\u00e2ni. El o reprezint\u0103 \u00een via\u0163a de zi cu zi, dar deopotriv\u0103 o hr\u0103ne\u015fte \u015fi o poten\u0163eaz\u0103 la televizor sau \u00een revista porno-politic\u0103 Plai cu boi, n\u0103scut\u0103 din aceast\u0103 mahala \u015fi \u00eentre\u0163in\u00e2nd-o, la r\u00e2ndul ei, cu fast, abjec\u0163ie \u015fi talent\u201d.<\/h4>\n<h3><strong>Afaceri<\/strong><\/h3>\n<h4 style=\"text-align: justify;\">\u00cen 2005, fondeaz\u0103 ziarul \u201cG\u00e2ndul\u201d \u00een asociere cu jurnalistul C.T.Popescu. \u00cen prezent este \u015fi proprietar al publica\u0163iilor: \u201cPlai cu Boi\u201d, \u201cAspirina S\u0103racului\u201d \u015fi \u201cDilema Veche\u201d. Parte din investi\u0163iile sale materiale s-au reg\u0103sit \u00een diverse proiecte din agricultur\u0103, \u00een special \u00een enologie.<\/h4>\n<h4 style=\"text-align: justify;\">Mircea Dinescu este fondatorul portului dun\u0103rean cultural Cetate (Dolj), primul \u201eport cultural\u201d din Europa. Portul cultural este parte a Funda\u0163iei pentru Poezie \u201eMircea Dinescu\u201d, ce se dezvolt\u0103 la 30 de kilometri de Calafat \u015fi 70 de kilometri de Drobeta Turnu-Severin \u015fi de Craiova. Scopul acestuia este, potrivit fondatorilor, \u201erealizarea unei zone de conectare cultural\u0103 permanent\u0103 a creatorilor rom\u00e2ni din diverse domenii artistice cu mediile culturale din \u00eentreaga Europa\u201d. Amenajat pe amplasamentul unui fost port cerealier, care dateaz\u0103 de la sf\u00e2r\u015fitul secolului al XIX-lea, el a fost reamenajat ca destina\u0163ie turistic\u0103 \u015fi cultural\u0103.<\/h4>\n<h4 style=\"text-align: justify;\">\u00cen anul 2004 a luat \u00een chirie o cram\u0103 \u015fi c\u00e2teva zeci de hectare de vie revendicate \u00eenc\u0103 din 1992 de mo\u015ftenitorii boierului Petre Durlescu, care au c\u00e2\u015ftigat \u00een instan\u0163\u0103 retrocedarea viei \u015fi cramei de la Galicea Mare, \u00eenchiriate de Mircea Dinescu, sentin\u0163a definitiv\u0103 fiind dat\u0103 de \u00cenalta Curte de Casa\u0163ie \u015fi Justi\u0163ie [23].<\/h4>\n<h4 style=\"text-align: justify;\">Numit de Ion Iliescu \u201emo\u015fier\u201d, vinul produs de ferma sa se nume\u015fte \u00een mod ironic \u201eVinul Mo\u015fierului\u201d. La ferma sa este amenajat\u0103 de asemenea o galerie de art\u0103.<\/h4>\n<h4 style=\"text-align: justify;\">\u00cen 1997, Mircea Dinescu a v\u00e2ndut 30% din ac\u0163iunile s\u0103pt\u0103m\u00e2nalului satirico-politic \u201cAcademia Ca\u0163avencu\u201d controversatului om de afaceri Sorin Ovidiu V\u00e2ntu[24] care prin compania \u201cRealitatea Media\u201d controleaz\u0103 grupul de pres\u0103 \u201cCa\u0163avencu\u201d.<\/h4>\n\n<hr>\n\n<h4><strong>Referin\u0163e<\/strong><\/h4>\n<h4><\/h4>\n<ol>\n \t<li>\n<h4><a href=\"http:\/\/ro.wikipedia.org\/wiki\/Mircea_Dinescu#_ref-0\" target=\"_blank\" rel=\"noopener\">Mircea Dinescu, citat de ziarul Adev\u0103rul, 30.01.2008 &gt;&gt;<\/a><\/h4>\n<\/li>\n \t<li>\n<h4><a href=\"http:\/\/ro.wikipedia.org\/wiki\/Mircea_Dinescu#_ref-1\" target=\"_blank\" rel=\"noopener\">Alex \u015etef\u0103nescu, Istoria literaturii rom\u00e2ne contemporane, 1941-2000, art. Mircea Dinescu, Editura Ma\u015fina de Scris, p. 841 &gt;&gt;<\/a><\/h4>\n<\/li>\n \t<li>\n<h4><a href=\"http:\/\/ro.wikipedia.org\/wiki\/Mircea_Dinescu#_ref-2\" target=\"_blank\" rel=\"noopener\">Alex \u015etef\u0103nescu, ibidem &gt;&gt;<\/a><\/h4>\n<\/li>\n \t<li>\n<h4><a href=\"http:\/\/ro.wikipedia.org\/wiki\/Mircea_Dinescu#_ref-3\" target=\"_blank\" rel=\"noopener\">Alex \u015etef\u0103nescu, ibidem &gt;&gt;<\/a><\/h4>\n<\/li>\n \t<li>\n<h4><a href=\"http:\/\/ro.wikipedia.org\/wiki\/Mircea_Dinescu#_ref-4\" target=\"_blank\" rel=\"noopener\">cf. Dosar Nr. 10121\/1980, \u015eentin\u0163a Penal\u0103 nr. 1439, \u015eedin\u0163a public\u0103 de la 4 septembrie 1981). &gt;&gt;<\/a><\/h4>\n<\/li>\n \t<li>\n<h4><a href=\"http:\/\/civicmedia.ro\/acm\/index.php?option=com_content&amp;task=view&amp;id=627&amp;Itemid=1\" target=\"_blank\" rel=\"noopener\"> http:\/\/civicmedia.ro\/acm\/index.php?option=com_content&amp;task=view&amp;id=627&amp;Itemid=1 <\/a><\/h4>\n<\/li>\n \t<li>\n<h4><a href=\"http:\/\/ro.wikipedia.org\/wiki\/Mircea_Dinescu#_ref-6\" target=\"_blank\" rel=\"noopener\">Moartea cite\u015fte ziarul, Amsterdam, Olanda, 1989 &gt;&gt;<\/a><\/h4>\n<\/li>\n \t<li style=\"text-align: justify;\">\n<h4><a href=\"http:\/\/1989.jurnalul.ro\/stire-special\/intalniri-conspirative-printre-scriitori-317999.html\" target=\"_blank\" rel=\"noopener\">http:\/\/1989.jurnalul.ro\/stire-special\/intalniri-conspirative-printre-scriitori-317999.html, edi\u0163ia din 24.12.2008, v. citat: \u201eLumea scriitorilor este urm\u0103rit\u0103 asiduu de Securitate. Parc\u0103 mai mult ca de obicei, toat\u0103 lumea suspecteaz\u0103 pe toat\u0103 lumea. \u015ei totu\u015fi, to\u0163i se frecventeaz\u0103 reciproc.\/\u2026\/Era o atmosfer\u0103 de inco\u015ftien\u0163\u0103 \u015fi conspira\u0163ie, \u00een care nu se \u015ftie cu precizie cine erau inocen\u0163ii \u015fi cine \u00abagen\u0163ii\u00bb. Au venit, consecven\u0163i tradi\u0163iei, s\u0103 onoreze zilele de Cr\u0103ciun Mircea Dinescu \u00eempreun\u0103 cu Ma\u015fa \u015fi socrii, Petru Maier, Ioanichie Olteanu, Sorin Titel. Au mai venit actorul Petre Nicolae, noul vecin al Covacilor, \u015fi familia ambasadorului Marii Britanii.\u201d<\/a><\/h4>\n<\/li>\n \t<li style=\"text-align: justify;\">\n<h4><a href=\"http:\/\/1989.jurnalul.ro\/stire-special\/intalniri-conspirative-printre-scriitori-317999.html\" target=\"_blank\" rel=\"noopener\">http:\/\/1989.jurnalul.ro\/stire-special\/intalniri-conspirative-printre-scriitori-317999.html, ibidem, citat: \u201eFamilia Covaci a fost invitat\u0103 de Revelion la Ambasada Olandei, unde, printre invita\u0163ii de marc\u0103, s-a aflat \u015fi Andrei Ple\u015fu.\u201c<\/a><\/h4>\n<\/li>\n \t<li>\n<h4>Cartea Alb\u0103 a Securit\u0103\u0163ii, nota 474, pp. 426-429<\/h4>\n<\/li>\n \t<li>\n<h4>Cartea Alb\u0103 a Securit\u0103\u0163ii, nota 474, pp. 426-429<\/h4>\n<\/li>\n \t<li style=\"text-align: justify;\">\n<h4>Convorbirea \u00een spe\u0163\u0103 a fost transmis\u0103 de postul de radio France Internationale la 15 decembrie 1989, fiind \u00eenregistrat\u0103 de serviciul specializat al Securit\u0103\u0163ii, \u00een cadrul Buletinului Radio nr. 633.\u201c (D 10 966, vol. 6, f. 9-16), Cartea Alb\u0103 a Securit\u0103\u0163ii , p. 505<\/h4>\n<\/li>\n \t<li>\n<h4><a href=\"http:\/\/www.youtube.com\/watch?v=aPDF5_vWCXI\" target=\"_blank\" rel=\"noopener\">Document din arhiva TVR, \u201cMircea, arat\u0103 c\u0103 lucrezi!\u201d &gt;&gt;<\/a><\/h4>\n<\/li>\n \t<li style=\"text-align: justify;\">\n<h4><a href=\"http:\/\/www.youtube.com\/watch?v=VDmKFqmDnCI\" target=\"_blank\" rel=\"noopener\">Document din arhiva TVR, secven\u0163a urm\u0103toare, dup\u0103 cea a regiz\u0103rii momentului enun\u0163ului victoriei, \u201cAm \u00eenvins!\u201d http:\/\/www.youtube.com\/watch?v=VDmKFqmDnCI, v. \u015fi nota anterioar\u0103<\/a><\/h4>\n<\/li>\n \t<li>\n<h4><a href=\"http:\/\/civicmedia.ro\/acm\/index.php?option=com_content&amp;task=view&amp;id=629&amp;Itemid=1\" target=\"_blank\" rel=\"noopener\">http:\/\/civicmedia.ro\/acm\/index.php?option=com_content&amp;task=view&amp;id=629&amp;Itemid=1 <\/a><\/h4>\n<\/li>\n \t<li>\n<h4>Pentru Marin Preda, Ed. Timpul, Ia\u015fi, 1996<\/h4>\n<\/li>\n \t<li style=\"text-align: justify;\">\n<h4>\u00cenregistrare video-document din Arhiva TVR2, emisiunea Cu c\u0103r\u0163ile pe fa\u0163\u0103, Cezar Iv\u0103nescu \u00een dialog cu C\u0103t\u0103lin \u0162\u0103rlea, 1997 <a href=\"http:\/\/in-memoriam-cezar-ivanescu.blogspot.com\/2009\/03\/cezar-ivanescu-in-dialog-cu-catalin.html\">&gt;&gt;<\/a><\/h4>\n<\/li>\n \t<li style=\"text-align: justify;\">\n<h4>Afirma\u0163ie f\u0103cut\u0103 \u00een emisiunea Na\u015ful, B1Tv, din 04.11.2008, moderator Radu Moraru, invita\u0163i Victor Roncea \u015fi Mihai R\u0103zvan Vintilescu. v. \u015fi citat: \u201eVictor Roncea: A\u015f putea s\u0103 fac c\u00e2teva mici dezv\u0103luiri. \u00cen anii pe care i-am petrecut cercet\u00e2nd aceste dosare am avut \u015fansa s\u0103 vorbesc \u015fi cu foarte mul\u0163i ofi\u0163eri de Securitate, care dup\u0103 aceea unii dintre ei \u015fi-au continuat activitatea \u00een SRI sau SIE. Din aceste motive ei nu au putut face dezv\u0103luiri care \u00eens\u0103 se afl\u0103 \u00een dosarele de la CNSAS. CNSAS este o problem\u0103 \u00een sine \u015fi am spus-o de la bun \u00eenceput. \u00censu\u015fi CNSAS a \u00eenc\u0103lcat legea prin prima sa formul\u0103 c\u00e2nd au f\u0103cut parte din acest colegiu persoane care au f\u0103cut \u00eenainte parte din Partidul Comunist. Or, Legea Ticu nu permitea asta. Radu Moraru: Dar, de exemplu, Cezar Iv\u0103nescu pe acest scaun a fost acuzat \u015fi a \u015fi murit la scurt timp dup\u0103. Victor Roncea: Da, exact. Mircea Dinescu a fost activist al UTC. Andrei Ple\u015fu a fost membru al PCR. Aceste persoane nu aveau ce c\u0103uta in CNSAS.\u201c<\/h4>\n<\/li>\n \t<li style=\"text-align: justify;\">\n<h4>Cezar Iv\u0103nescu, Scurt\u0103 istorie a conflictului meu cu Mircea Dinescu, \u201eMircea Dinescu a intrat \u00een literatur\u0103 ca un discipol al meu, chiar titlul primului s\u0103u volum de versuri, Elegii de c\u00eend eram mai t\u00een\u0103r, preia un vers din poemul meu, Amintirea Paradisului, \u201eC\u00eend eram mai t\u00een\u0103r \u015fi la trup curat\u2026\u201c. Rela\u0163ia armonioas\u0103, de reciproc\u0103 simpatie a durat destul de mult, culmin\u00eend cu o \u00eent\u00eemplare hazlie, petrecut\u0103 \u00een 1975, la Alba-Iulia, unde ne aflam invita\u0163i mul\u0163i scriitori rom\u00e2ni cu prilejul s\u0103rb\u0103toririi oficiale a \u00eemplinirii a 375 de ani de la Prima Unire a \u0162\u0103rilor Rom\u00e2ne\u015fti, \u00eemplinit\u0103 de Mihai Viteazul. Atunci Mircea Dinescu chiar s-a b\u0103tut cu un coleg (Mihai Gavril), am\u00eendoi \u00een stare de ebrietate, ap\u0103r\u00eendu-mi, chipurile, onoarea. C\u00eend a intervenit securistul oficial care c\u0103l\u0103torea cu noi, scriitorii, \u00een autobuz, \u015fi a \u00eencercat s\u0103-i despart\u0103, to\u0163i trei \u015fi Mircea Dinescu \u015fi securistul oficial au invocat numele c\u00eete unui \u015fef din Securitate, \u201eeu s\u00eent dintre oamenii lui cutare\u201c, \u201eeu dintre ai lui cutare\u201c, \u201eeu dintre ai lui cutare\u201c. La acea vreme credeam c\u0103 e vorba de o pur\u0103 retoric\u0103, acum \u00eemi dau seama c\u0103 m\u0103 \u00een\u015felam amarnic\u2026 Din 1975, p\u00een\u0103 \u00een toamna lui 1979, am locuit \u015fi eu \u015fi Mircea Dinescu la Casa de Crea\u0163ie de la Mogo\u015foaia, eu fiind protejat de Maestrul meu, Marin Preda, \u015fi ur\u00eet de mai to\u0163i colegii \u00eentruc\u00eet nu eram b\u0103utor de alcool, eram cu mintea treaz\u0103 care veghea \u00een preajma lui Marin Preda. Tot \u00een 1975, pe coperta a IV-a a c\u0103r\u0163ii mele Rod III (Ed. C.R., 1975), Marin Preda a semnat singurul s\u0103u text \u00een care recunoa\u015fte \u201eo adev\u0103rat\u0103 voce de mare poet\u201c la un contemporan al s\u0103u. Sintagma \u201emare poet\u201c mi-a creat adversit\u0103\u0163i durabile \u00een lumea literar\u0103 \u015fi a coincis cu \u00eenceputul ascensiunii sociale a lui Mircea Dinescu: secretar UTC la USR, apoi membru PCR \u015fi student la \u201e\u015etefan Gheorghiu\u201c. \u00cen 1980, dup\u0103 moartea lui Marin Preda, am publicat \u00een revista \u201eLuceaf\u0103rul\u201c scrisoarea testamentar\u0103 pe care mi-o l\u0103sase Maestrul meu din prim\u0103vara anului 1979 \u015fi i-am considerat vinova\u0163i pe to\u0163i acei care, \u00een ultima zi din via\u0163a marelui scriitor, au contribuit \u00eentr-un fel la producerea tragicului deznod\u0103m\u00eent, printre ei num\u0103r\u00eendu-se \u015fi Mircea Dinescu. Am reluat toate acuza\u0163iile \u00een cartea mea Pentru Marin Preda (Ed. Timpul, Ia\u015fi, 1996). \u00cen 1981 am fost martorul prozatorului Iulian Neac\u015fu \u00een procesul pe care acesta l-a intentat numi\u0163ilor Dinescu Mircea \u015fi Dorin Tudoran, proces finalizat cu condamnarea celor doi\u2026 \u00cen 1990, Mircea Dinescu, \u201edisidentul\u201c f\u0103c\u00eend parte din grupul de la Comana condus de Gheorghe (Gogu) R\u0103dulescu, ajunge Pre\u015fedinte (provizoriu \u015fi apoi ales) al USR \u015fi-mi desface \u00een mod abuziv contractul de munc\u0103 (redactor la revista \u201eLuceaf\u0103rul\u201c a USR), fiind obligat s\u0103 declar greva foamei \u00een 5 ian. 1990. Am plecat din USR \u015fi am re\u00eentemeiat Societatea Scriitorilor Rom\u00e2ni (cu aproape 1000 de membri). Dup\u0103 mineriada din 14 iunie 1990, am z\u0103cut bolnav aproape doi ani (fiind b\u0103tut bestial de mineri), sediul \u015fi arhivele Societ\u0103\u0163ii Scriitorilor Rom\u00e2ni au fost distruse iar eu am revenit \u00een USR chemat de Lauren\u0163iu Ulici, Pre\u015fedinte interimar al USR dup\u0103 ce Mircea Dinescu a plecat f\u0103r\u0103 s\u0103-\u015fi \u00eencheie mandatul \u015fi aduc\u00e2nd USR \u00een pragul falimentului. Nu s-a f\u0103cut niciodat\u0103 o anchet\u0103 serioas\u0103 privind ilegalit\u0103\u0163ile comise la USR \u00een perioada \u00een care a fost Pre\u015fedinte Mircea Dinescu. \u00cen 2005 l-am anun\u0163at pe Eugen Uricaru, Pre\u015fedintele \u00een func\u0163ie al USR, c\u0103 voi candida la pre\u015feden\u0163ia USR (iunie 2005). \u00centr-o zi st\u00eend de vorb\u0103 cu Eugen Uricaru \u00een biroul s\u0103u, \u00een prezen\u0163a mai multor martori, Eugen Uricaru a rostit ceva de genul: \u201eei, drag\u0103, \u00een 1990 c\u00eend scriai \u00een \u00abBaricada\u00bb \u015fi-l \u00eenjurai pe Dinescu, credeam \u015fi eu ca at\u00ee\u0163ia al\u0163ii c\u0103 e\u015fti nebun, dar acuma \u00eemi dau seama c\u0103 dac\u0103 Dinescu nu risipea banii Uniunii, ast\u0103zi am fi dat lefuri (\u015fi \u00eenc\u0103 mari) scriitorilor\u2026\u201c La scurt timp a venit verdictul de la CNSAS, c\u0103 Eugen Uricaru a f\u0103cut poli\u0163ie politic\u0103, verdict neprobat \u00een niciun fel. Mi-am exprimat clar \u00eenc\u0103 din 2005, \u00een pres\u0103, ne\u00eencrederea \u00een CNSAS at\u00eet timp c\u00eet \u00een Colegiul acestei institu\u0163ii este cel pu\u0163in un securist, Mircea Dinescu. Semnalez similaritatea situa\u0163iilor: \u015fi \u00een 1990, \u015fi \u00een 2008, aflat \u00eentr-o pozi\u0163ie-cheie, Mircea Dinescu se r\u0103zbun\u0103 comi\u0163\u00eend o ilegalitate. Dac\u0103 \u00een 1990, \u00een Rom\u00e2nia domnea o stare general\u0103 de anomie, azi ne pretindem un stat democratic, de drept, un stat european. Cum e posibil atunci ca un individ periculos, care sfideaz\u0103 legile, s\u0103 fie \u00een continuare tolerat \u00een func\u0163ii importante, liber s\u0103 decid\u0103, dup\u0103 bunul s\u0103u plac, destinul unor oameni? Bucure\u015fti, aprilie 2008\u201c <a href=\"http:\/\/cezar-ivanescu.blogspot.com\/2009\/03\/cezar-ivanescu-aprilie-2008-scurta.html\">&gt;&gt;<\/a><\/h4>\n<\/li>\n \t<li>\n<h4>Scrisoarea lui Cezar Iv\u0103nescu c\u0103tre pre\u015fedintele Rom\u00e2niei Traian B\u0103sescu, Agen\u0163ia de \u015etiri AmosNews, 4 februarie 2008<\/h4>\n<\/li>\n \t<li>\n<h4>Scrisori \u00een c\u0103utarea drept\u0103\u0163ii. Scrisorile lui Cezar Iv\u0103nescu c\u0103tre Pre\u015fedintele USR, Ambasadorul Rom\u00e2niei la UNESCO, Nicolae Manolescu, februarie-aprilie 2008<\/h4>\n<\/li>\n \t<li>\n<h4>G. Liiceanu, U\u015fa interzis\u0103 (Humanitas, 2002), p. 209<\/h4>\n<\/li>\n \t<li>\n<h4>Mircea Dinescu trebuie s\u0103 elibereze o cl\u0103dire-cram\u0103, Mediafax, 29.11.2007<\/h4>\n<\/li>\n \t<li>\n<h4>Vezi punctul 1<\/h4>\n<\/li>\n<\/ol>\n<h4 style=\"text-align: justify;\"><strong>N.B.<\/strong> \u2013 Trimiterea la ziarul \u201cAdev\u0103rul\u201d de la nota [24] se refer\u0103 la un articol intitulat Sorin Ovidiu V\u00e2ntu, groparul FNI, a r\u0103mas curat \u015fi uscat folosind o armat\u0103 de oameni de paie. Iat\u0103 pasajul relevant:<\/h4>\n<h4 style=\"text-align: justify;\">\u00abExpertiza contabila arata ca banii investitorilor, odata intrati in buzunarul lui Vantu, au avut diverse destinatii. Numai pentru reclama, in perioada ianuarie 1999 \u2013 mai 2000 s-au cheltuit sume de ordinul zecilor de miliarde. Publicitatea a fost asigurata, printre alte firme de specialitate, si de SC Curentul SA, care a incasat in doi ani, de la Sovinvest si FNI, peste 47 de miliarde de lei. Alte aproximativ 650 de miliarde de lei au plecat din conturile lui Vantu, Gelsor (societate la care Vantu era actionar majoritar) si Sovinvest pentru constituirea sau majorarea de capital social al unor societati la care Vantu era actionar (BID, Banca Comerciala Astra-Brasov). De asemenea, Editura \u201cIon Cristoiu\u201d a fost achizitionata, in 1999, cu 900 de milioane de lei, din care trei sute de milioane au fost depuse \u201cpe numele numitului Ion Cristoiu\u201d. Tot din sectorul media, amintim si cumpararea actiunilor SC Catavencu SA, careia Vantu i-a virat 2,9 miliarde de lei in contul lui Mircea Dinescu. De asemenea, SC Mihai Tatulici Production SA a incasat 1,544 miliarde de lei, fiind o alta investitie a lui Vantu in presa.\u00bb<\/h4>\n<h4 style=\"text-align: justify;\"><\/h4>\n<h4><em>Articol publicat \u00een <a href=\"http:\/\/alexandrumitache.wordpress.com\/2009\/11\/10\/mircea-dinescu-disidentu-lu-peste\/\" target=\"_blank\" rel=\"noopener\">http:\/\/alexandrumitache.wordpress.com\/<\/a> de&nbsp;<strong>Alexandru Dan Mitache<\/strong> \u00een data de 11-10-2009\n<\/em><\/h4>        <div class=\"booster-block booster-reactions-block\">\n            <div class=\"twp-reactions-icons\">\n                \n                <div class=\"twp-reacts-wrap\">\n                    <a react-data=\"be-react-1\" post-id=\"3944\" class=\"be-face-icons un-reacted\" href=\"javascript:void(0)\">\n                        <img decoding=\"async\" src=\"https:\/\/desteptati-va.ro\/wp-content\/plugins\/booster-extension\/\/assets\/icon\/happy.svg\" alt=\"Happy\">\n                    <\/a>\n                    <div class=\"twp-reaction-title\">\n                        Happy                    <\/div>\n                    <div class=\"twp-count-percent\">\n                                                    <span style=\"display: none;\" class=\"twp-react-count\">0<\/span>\n                        \n                                                <span class=\"twp-react-percent\"><span>0<\/span> %<\/span>\n                                            <\/div>\n                <\/div>\n\n                <div class=\"twp-reacts-wrap\">\n                    <a react-data=\"be-react-2\" post-id=\"3944\" class=\"be-face-icons un-reacted\" href=\"javascript:void(0)\">\n                        <img decoding=\"async\" src=\"https:\/\/desteptati-va.ro\/wp-content\/plugins\/booster-extension\/\/assets\/icon\/sad.svg\" alt=\"Sad\">\n                    <\/a>\n                    <div class=\"twp-reaction-title\">\n                        Sad                    <\/div>\n                    <div class=\"twp-count-percent\">\n                                                    <span style=\"display: none;\" class=\"twp-react-count\">0<\/span>\n                                                                        <span class=\"twp-react-percent\"><span>0<\/span> %<\/span>\n                                            <\/div>\n                <\/div>\n\n                <div class=\"twp-reacts-wrap\">\n                    <a react-data=\"be-react-3\" post-id=\"3944\" class=\"be-face-icons un-reacted\" href=\"javascript:void(0)\">\n                        <img decoding=\"async\" src=\"https:\/\/desteptati-va.ro\/wp-content\/plugins\/booster-extension\/\/assets\/icon\/excited.svg\" alt=\"Excited\">\n                    <\/a>\n                    <div class=\"twp-reaction-title\">\n                        Excited                    <\/div>\n                    <div class=\"twp-count-percent\">\n                                                    <span style=\"display: none;\" class=\"twp-react-count\">0<\/span>\n                                                                        <span class=\"twp-react-percent\"><span>0<\/span> %<\/span>\n                                            <\/div>\n                <\/div>\n\n                <div class=\"twp-reacts-wrap\">\n                    <a react-data=\"be-react-6\" post-id=\"3944\" class=\"be-face-icons un-reacted\" href=\"javascript:void(0)\">\n                        <img decoding=\"async\" src=\"https:\/\/desteptati-va.ro\/wp-content\/plugins\/booster-extension\/\/assets\/icon\/sleepy.svg\" alt=\"Sleepy\">\n                    <\/a>\n                    <div class=\"twp-reaction-title\">\n                        Sleepy                    <\/div>\n                    <div class=\"twp-count-percent\">\n                                                    <span style=\"display: none;\" class=\"twp-react-count\">0<\/span>\n                        \n                                                <span class=\"twp-react-percent\"><span>0<\/span> %<\/span>\n                                            <\/div>\n                <\/div>\n\n                <div class=\"twp-reacts-wrap\">\n                    <a react-data=\"be-react-4\" post-id=\"3944\" class=\"be-face-icons un-reacted\" href=\"javascript:void(0)\">\n                        <img decoding=\"async\" src=\"https:\/\/desteptati-va.ro\/wp-content\/plugins\/booster-extension\/\/assets\/icon\/angry.svg\" alt=\"Angry\">\n                    <\/a>\n                    <div class=\"twp-reaction-title\">Angry<\/div>\n                    <div class=\"twp-count-percent\">\n                                                    <span style=\"display: none;\" class=\"twp-react-count\">0<\/span>\n                                                                        <span class=\"twp-react-percent\"><span>0<\/span> %<\/span>\n                        \n                    <\/div>\n                <\/div>\n\n                <div class=\"twp-reacts-wrap\">\n                    <a react-data=\"be-react-5\" post-id=\"3944\" class=\"be-face-icons un-reacted\" href=\"javascript:void(0)\">\n                        <img decoding=\"async\" src=\"https:\/\/desteptati-va.ro\/wp-content\/plugins\/booster-extension\/\/assets\/icon\/surprise.svg\" alt=\"Surprise\">\n                    <\/a>\n                    <div class=\"twp-reaction-title\">Surprise<\/div>\n                    <div class=\"twp-count-percent\">\n                                                    <span style=\"display: none;\" class=\"twp-react-count\">0<\/span>\n                                                                        <span class=\"twp-react-percent\"><span>0<\/span> %<\/span>\n                                            <\/div>\n                <\/div>\n\n            <\/div>\n        <\/div>\n\n    <\/div>","protected":false},"excerpt":{"rendered":"<p>Mircea Dinescu (n. 11 noiembrie 1950, Slobozia) este un poet, scriitor, publicist \u015fi om de afaceri rom\u00e2n. Scurt\u0103 biografie Fiu<a href=\"https:\/\/desteptati-va.ro\/index.php\/2021\/04\/19\/mircea-dinescu-revolutionarul-lu-peste-prajit\/\">Read More<i class=\"fa fa-long-arrow-right\" aria-hidden=\"true\"><\/i><\/a><\/p>\n","protected":false},"author":1,"featured_media":4569,"comment_status":"open","ping_status":"open","sticky":false,"template":"","format":"standard","meta":{"_crdt_document":"","footnotes":""},"categories":[3,10],"tags":[1113,852,911,59,60,1254,1047,537,1255,1256,1065,861,148,522,1257],"class_list":["post-3944","post","type-post","status-publish","format-standard","has-post-thumbnail","hentry","category-decembrie-89","category-tradari-tradatori-si-altii","tag-arest","tag-comitetul-central","tag-comunism","tag-desteptati","tag-desteptati-va","tag-dizident","tag-interviu","tag-kgb","tag-liberation","tag-minciuni","tag-mircea-dinescu","tag-nomenclatura","tag-revolutie","tag-securitate","tag-stefan-gheorghiu"],"rise-blocks_total_comments":2,"rise-blocks_categories":[{"term_id":10,"name":"Tradari, tradatori si altii","slug":"tradari-tradatori-si-altii","term_group":0,"term_taxonomy_id":10,"taxonomy":"category","description":"","parent":3,"count":12,"filter":"raw"}],"rise-blocks_excerpt":"Mircea Dinescu (n. 11 noiembrie 1950, Slobozia) este un poet, scriitor, publicist \u015fi om de afaceri rom\u00e2n. Scurt\u0103 biografie Fiu al lui \u015etefan Dinescu, muncitor metalurg \u015fi al Aureliei Badea, casnic\u0103, Mircea Dinescu a studiat la Facultatea de Jurnalism a Academiei de \u015etiin\u0163e Social-Politice \u201e\u015etefan Gheorghiu\u201d de pe l\u00e2ng\u0103 Comitetul Central al Partidului Comunist Rom\u00e2n, \u015ecoala Superioar\u0103 de Partid. \u015ei-a..","yoast_head":"<!-- This site is optimized with the Yoast SEO plugin v26.9 - https:\/\/yoast.com\/product\/yoast-seo-wordpress\/ -->\r\n<title>Mircea Dinescu - revolu\u021bionarul lu&#039; &quot;pe\u0219te pr\u0103jit&quot; -<\/title>\r\n<meta name=\"robots\" content=\"index, follow, max-snippet:-1, max-image-preview:large, max-video-preview:-1\" \/>\r\n<link rel=\"canonical\" href=\"https:\/\/desteptati-va.ro\/index.php\/2021\/04\/19\/mircea-dinescu-revolutionarul-lu-peste-prajit\/\" \/>\r\n<meta property=\"og:locale\" content=\"ro_RO\" \/>\r\n<meta property=\"og:type\" content=\"article\" \/>\r\n<meta property=\"og:title\" content=\"Mircea Dinescu - revolu\u021bionarul lu&#039; &quot;pe\u0219te pr\u0103jit&quot; -\" \/>\r\n<meta property=\"og:description\" content=\"Mircea Dinescu (n. 11 noiembrie 1950, Slobozia) este un poet, scriitor, publicist \u015fi om de afaceri rom\u00e2n. Scurt\u0103 biografie FiuRead More\" \/>\r\n<meta property=\"og:url\" content=\"https:\/\/desteptati-va.ro\/index.php\/2021\/04\/19\/mircea-dinescu-revolutionarul-lu-peste-prajit\/\" \/>\r\n<meta property=\"article:published_time\" content=\"2021-04-19T08:31:39+00:00\" \/>\r\n<meta property=\"article:modified_time\" content=\"2022-01-31T06:34:13+00:00\" \/>\r\n<meta property=\"og:image\" content=\"https:\/\/desteptati-va.ro\/wp-content\/uploads\/2021\/04\/MirceaDinescu.jpg\" \/>\r\n\t<meta property=\"og:image:width\" content=\"259\" \/>\r\n\t<meta property=\"og:image:height\" content=\"194\" \/>\r\n\t<meta property=\"og:image:type\" content=\"image\/jpeg\" \/>\r\n<meta name=\"author\" content=\"wolfsoftcompany\" \/>\r\n<meta name=\"twitter:card\" content=\"summary_large_image\" \/>\r\n<meta name=\"twitter:label1\" content=\"Scris de\" \/>\n\t<meta name=\"twitter:data1\" content=\"wolfsoftcompany\" \/>\n\t<meta name=\"twitter:label2\" content=\"Timp estimat pentru citire\" \/>\n\t<meta name=\"twitter:data2\" content=\"16 minute\" \/>\r\n<script type=\"application\/ld+json\" class=\"yoast-schema-graph\">{\"@context\":\"https:\/\/schema.org\",\"@graph\":[{\"@type\":\"Article\",\"@id\":\"https:\/\/desteptati-va.ro\/index.php\/2021\/04\/19\/mircea-dinescu-revolutionarul-lu-peste-prajit\/#article\",\"isPartOf\":{\"@id\":\"https:\/\/desteptati-va.ro\/index.php\/2021\/04\/19\/mircea-dinescu-revolutionarul-lu-peste-prajit\/\"},\"author\":{\"name\":\"wolfsoftcompany\",\"@id\":\"https:\/\/desteptati-va.ro\/#\/schema\/person\/13182deeebd44920914899f7bb262d6b\"},\"headline\":\"Mircea Dinescu &#8211; revolu\u021bionarul lu&#8217; &#8222;pe\u0219te pr\u0103jit&#8221;\",\"datePublished\":\"2021-04-19T08:31:39+00:00\",\"dateModified\":\"2022-01-31T06:34:13+00:00\",\"mainEntityOfPage\":{\"@id\":\"https:\/\/desteptati-va.ro\/index.php\/2021\/04\/19\/mircea-dinescu-revolutionarul-lu-peste-prajit\/\"},\"wordCount\":3114,\"commentCount\":2,\"image\":{\"@id\":\"https:\/\/desteptati-va.ro\/index.php\/2021\/04\/19\/mircea-dinescu-revolutionarul-lu-peste-prajit\/#primaryimage\"},\"thumbnailUrl\":\"https:\/\/desteptati-va.ro\/wp-content\/uploads\/2021\/04\/MirceaDinescu.jpg\",\"keywords\":[\"arest\",\"Comitetul Central\",\"comunism\",\"desteptati\",\"desteptati-va\",\"dizident\",\"interviu\",\"KGB\",\"Liberation\",\"minciuni\",\"Mircea Dinescu\",\"nomenclatura\",\"revolutie\",\"Securitate\",\"Stefan Gheorghiu\"],\"articleSection\":[\"Decembrie 89\",\"Tradari, tradatori si altii\"],\"inLanguage\":\"ro-RO\",\"potentialAction\":[{\"@type\":\"CommentAction\",\"name\":\"Comment\",\"target\":[\"https:\/\/desteptati-va.ro\/index.php\/2021\/04\/19\/mircea-dinescu-revolutionarul-lu-peste-prajit\/#respond\"]}]},{\"@type\":\"WebPage\",\"@id\":\"https:\/\/desteptati-va.ro\/index.php\/2021\/04\/19\/mircea-dinescu-revolutionarul-lu-peste-prajit\/\",\"url\":\"https:\/\/desteptati-va.ro\/index.php\/2021\/04\/19\/mircea-dinescu-revolutionarul-lu-peste-prajit\/\",\"name\":\"Mircea Dinescu - revolu\u021bionarul lu' \\\"pe\u0219te pr\u0103jit\\\" -\",\"isPartOf\":{\"@id\":\"https:\/\/desteptati-va.ro\/#website\"},\"primaryImageOfPage\":{\"@id\":\"https:\/\/desteptati-va.ro\/index.php\/2021\/04\/19\/mircea-dinescu-revolutionarul-lu-peste-prajit\/#primaryimage\"},\"image\":{\"@id\":\"https:\/\/desteptati-va.ro\/index.php\/2021\/04\/19\/mircea-dinescu-revolutionarul-lu-peste-prajit\/#primaryimage\"},\"thumbnailUrl\":\"https:\/\/desteptati-va.ro\/wp-content\/uploads\/2021\/04\/MirceaDinescu.jpg\",\"datePublished\":\"2021-04-19T08:31:39+00:00\",\"dateModified\":\"2022-01-31T06:34:13+00:00\",\"author\":{\"@id\":\"https:\/\/desteptati-va.ro\/#\/schema\/person\/13182deeebd44920914899f7bb262d6b\"},\"breadcrumb\":{\"@id\":\"https:\/\/desteptati-va.ro\/index.php\/2021\/04\/19\/mircea-dinescu-revolutionarul-lu-peste-prajit\/#breadcrumb\"},\"inLanguage\":\"ro-RO\",\"potentialAction\":[{\"@type\":\"ReadAction\",\"target\":[\"https:\/\/desteptati-va.ro\/index.php\/2021\/04\/19\/mircea-dinescu-revolutionarul-lu-peste-prajit\/\"]}]},{\"@type\":\"ImageObject\",\"inLanguage\":\"ro-RO\",\"@id\":\"https:\/\/desteptati-va.ro\/index.php\/2021\/04\/19\/mircea-dinescu-revolutionarul-lu-peste-prajit\/#primaryimage\",\"url\":\"https:\/\/desteptati-va.ro\/wp-content\/uploads\/2021\/04\/MirceaDinescu.jpg\",\"contentUrl\":\"https:\/\/desteptati-va.ro\/wp-content\/uploads\/2021\/04\/MirceaDinescu.jpg\",\"width\":259,\"height\":194},{\"@type\":\"BreadcrumbList\",\"@id\":\"https:\/\/desteptati-va.ro\/index.php\/2021\/04\/19\/mircea-dinescu-revolutionarul-lu-peste-prajit\/#breadcrumb\",\"itemListElement\":[{\"@type\":\"ListItem\",\"position\":1,\"name\":\"Prima pagin\u0103\",\"item\":\"https:\/\/desteptati-va.ro\/\"},{\"@type\":\"ListItem\",\"position\":2,\"name\":\"Mircea Dinescu &#8211; revolu\u021bionarul lu&#8217; &#8220;pe\u0219te pr\u0103jit&#8221;\"}]},{\"@type\":\"WebSite\",\"@id\":\"https:\/\/desteptati-va.ro\/#website\",\"url\":\"https:\/\/desteptati-va.ro\/\",\"name\":\"\",\"description\":\"\",\"potentialAction\":[{\"@type\":\"SearchAction\",\"target\":{\"@type\":\"EntryPoint\",\"urlTemplate\":\"https:\/\/desteptati-va.ro\/?s={search_term_string}\"},\"query-input\":{\"@type\":\"PropertyValueSpecification\",\"valueRequired\":true,\"valueName\":\"search_term_string\"}}],\"inLanguage\":\"ro-RO\"},{\"@type\":\"Person\",\"@id\":\"https:\/\/desteptati-va.ro\/#\/schema\/person\/13182deeebd44920914899f7bb262d6b\",\"name\":\"wolfsoftcompany\",\"image\":{\"@type\":\"ImageObject\",\"inLanguage\":\"ro-RO\",\"@id\":\"https:\/\/desteptati-va.ro\/#\/schema\/person\/image\/\",\"url\":\"https:\/\/secure.gravatar.com\/avatar\/a6cce9b6d101d27d91690e7073e300fed94c0899890bf998e082cb9d2c3d121e?s=96&d=mm&r=g\",\"contentUrl\":\"https:\/\/secure.gravatar.com\/avatar\/a6cce9b6d101d27d91690e7073e300fed94c0899890bf998e082cb9d2c3d121e?s=96&d=mm&r=g\",\"caption\":\"wolfsoftcompany\"},\"sameAs\":[\"http:\/\/desteptati-va.ro\"],\"url\":\"https:\/\/desteptati-va.ro\/index.php\/author\/wolfsoftcompany\/\"}]}<\/script>\r\n<!-- \/ Yoast SEO plugin. -->","yoast_head_json":{"title":"Mircea Dinescu - revolu\u021bionarul lu' \"pe\u0219te pr\u0103jit\" -","robots":{"index":"index","follow":"follow","max-snippet":"max-snippet:-1","max-image-preview":"max-image-preview:large","max-video-preview":"max-video-preview:-1"},"canonical":"https:\/\/desteptati-va.ro\/index.php\/2021\/04\/19\/mircea-dinescu-revolutionarul-lu-peste-prajit\/","og_locale":"ro_RO","og_type":"article","og_title":"Mircea Dinescu - revolu\u021bionarul lu' \"pe\u0219te pr\u0103jit\" -","og_description":"Mircea Dinescu (n. 11 noiembrie 1950, Slobozia) este un poet, scriitor, publicist \u015fi om de afaceri rom\u00e2n. Scurt\u0103 biografie FiuRead More","og_url":"https:\/\/desteptati-va.ro\/index.php\/2021\/04\/19\/mircea-dinescu-revolutionarul-lu-peste-prajit\/","article_published_time":"2021-04-19T08:31:39+00:00","article_modified_time":"2022-01-31T06:34:13+00:00","og_image":[{"width":259,"height":194,"url":"https:\/\/desteptati-va.ro\/wp-content\/uploads\/2021\/04\/MirceaDinescu.jpg","type":"image\/jpeg"}],"author":"wolfsoftcompany","twitter_card":"summary_large_image","twitter_misc":{"Scris de":"wolfsoftcompany","Timp estimat pentru citire":"16 minute"},"schema":{"@context":"https:\/\/schema.org","@graph":[{"@type":"Article","@id":"https:\/\/desteptati-va.ro\/index.php\/2021\/04\/19\/mircea-dinescu-revolutionarul-lu-peste-prajit\/#article","isPartOf":{"@id":"https:\/\/desteptati-va.ro\/index.php\/2021\/04\/19\/mircea-dinescu-revolutionarul-lu-peste-prajit\/"},"author":{"name":"wolfsoftcompany","@id":"https:\/\/desteptati-va.ro\/#\/schema\/person\/13182deeebd44920914899f7bb262d6b"},"headline":"Mircea Dinescu &#8211; revolu\u021bionarul lu&#8217; &#8222;pe\u0219te pr\u0103jit&#8221;","datePublished":"2021-04-19T08:31:39+00:00","dateModified":"2022-01-31T06:34:13+00:00","mainEntityOfPage":{"@id":"https:\/\/desteptati-va.ro\/index.php\/2021\/04\/19\/mircea-dinescu-revolutionarul-lu-peste-prajit\/"},"wordCount":3114,"commentCount":2,"image":{"@id":"https:\/\/desteptati-va.ro\/index.php\/2021\/04\/19\/mircea-dinescu-revolutionarul-lu-peste-prajit\/#primaryimage"},"thumbnailUrl":"https:\/\/desteptati-va.ro\/wp-content\/uploads\/2021\/04\/MirceaDinescu.jpg","keywords":["arest","Comitetul Central","comunism","desteptati","desteptati-va","dizident","interviu","KGB","Liberation","minciuni","Mircea Dinescu","nomenclatura","revolutie","Securitate","Stefan Gheorghiu"],"articleSection":["Decembrie 89","Tradari, tradatori si altii"],"inLanguage":"ro-RO","potentialAction":[{"@type":"CommentAction","name":"Comment","target":["https:\/\/desteptati-va.ro\/index.php\/2021\/04\/19\/mircea-dinescu-revolutionarul-lu-peste-prajit\/#respond"]}]},{"@type":"WebPage","@id":"https:\/\/desteptati-va.ro\/index.php\/2021\/04\/19\/mircea-dinescu-revolutionarul-lu-peste-prajit\/","url":"https:\/\/desteptati-va.ro\/index.php\/2021\/04\/19\/mircea-dinescu-revolutionarul-lu-peste-prajit\/","name":"Mircea Dinescu - revolu\u021bionarul lu' \"pe\u0219te pr\u0103jit\" -","isPartOf":{"@id":"https:\/\/desteptati-va.ro\/#website"},"primaryImageOfPage":{"@id":"https:\/\/desteptati-va.ro\/index.php\/2021\/04\/19\/mircea-dinescu-revolutionarul-lu-peste-prajit\/#primaryimage"},"image":{"@id":"https:\/\/desteptati-va.ro\/index.php\/2021\/04\/19\/mircea-dinescu-revolutionarul-lu-peste-prajit\/#primaryimage"},"thumbnailUrl":"https:\/\/desteptati-va.ro\/wp-content\/uploads\/2021\/04\/MirceaDinescu.jpg","datePublished":"2021-04-19T08:31:39+00:00","dateModified":"2022-01-31T06:34:13+00:00","author":{"@id":"https:\/\/desteptati-va.ro\/#\/schema\/person\/13182deeebd44920914899f7bb262d6b"},"breadcrumb":{"@id":"https:\/\/desteptati-va.ro\/index.php\/2021\/04\/19\/mircea-dinescu-revolutionarul-lu-peste-prajit\/#breadcrumb"},"inLanguage":"ro-RO","potentialAction":[{"@type":"ReadAction","target":["https:\/\/desteptati-va.ro\/index.php\/2021\/04\/19\/mircea-dinescu-revolutionarul-lu-peste-prajit\/"]}]},{"@type":"ImageObject","inLanguage":"ro-RO","@id":"https:\/\/desteptati-va.ro\/index.php\/2021\/04\/19\/mircea-dinescu-revolutionarul-lu-peste-prajit\/#primaryimage","url":"https:\/\/desteptati-va.ro\/wp-content\/uploads\/2021\/04\/MirceaDinescu.jpg","contentUrl":"https:\/\/desteptati-va.ro\/wp-content\/uploads\/2021\/04\/MirceaDinescu.jpg","width":259,"height":194},{"@type":"BreadcrumbList","@id":"https:\/\/desteptati-va.ro\/index.php\/2021\/04\/19\/mircea-dinescu-revolutionarul-lu-peste-prajit\/#breadcrumb","itemListElement":[{"@type":"ListItem","position":1,"name":"Prima pagin\u0103","item":"https:\/\/desteptati-va.ro\/"},{"@type":"ListItem","position":2,"name":"Mircea Dinescu &#8211; revolu\u021bionarul lu&#8217; &#8220;pe\u0219te pr\u0103jit&#8221;"}]},{"@type":"WebSite","@id":"https:\/\/desteptati-va.ro\/#website","url":"https:\/\/desteptati-va.ro\/","name":"","description":"","potentialAction":[{"@type":"SearchAction","target":{"@type":"EntryPoint","urlTemplate":"https:\/\/desteptati-va.ro\/?s={search_term_string}"},"query-input":{"@type":"PropertyValueSpecification","valueRequired":true,"valueName":"search_term_string"}}],"inLanguage":"ro-RO"},{"@type":"Person","@id":"https:\/\/desteptati-va.ro\/#\/schema\/person\/13182deeebd44920914899f7bb262d6b","name":"wolfsoftcompany","image":{"@type":"ImageObject","inLanguage":"ro-RO","@id":"https:\/\/desteptati-va.ro\/#\/schema\/person\/image\/","url":"https:\/\/secure.gravatar.com\/avatar\/a6cce9b6d101d27d91690e7073e300fed94c0899890bf998e082cb9d2c3d121e?s=96&d=mm&r=g","contentUrl":"https:\/\/secure.gravatar.com\/avatar\/a6cce9b6d101d27d91690e7073e300fed94c0899890bf998e082cb9d2c3d121e?s=96&d=mm&r=g","caption":"wolfsoftcompany"},"sameAs":["http:\/\/desteptati-va.ro"],"url":"https:\/\/desteptati-va.ro\/index.php\/author\/wolfsoftcompany\/"}]}},"_links":{"self":[{"href":"https:\/\/desteptati-va.ro\/index.php\/wp-json\/wp\/v2\/posts\/3944","targetHints":{"allow":["GET"]}}],"collection":[{"href":"https:\/\/desteptati-va.ro\/index.php\/wp-json\/wp\/v2\/posts"}],"about":[{"href":"https:\/\/desteptati-va.ro\/index.php\/wp-json\/wp\/v2\/types\/post"}],"author":[{"embeddable":true,"href":"https:\/\/desteptati-va.ro\/index.php\/wp-json\/wp\/v2\/users\/1"}],"replies":[{"embeddable":true,"href":"https:\/\/desteptati-va.ro\/index.php\/wp-json\/wp\/v2\/comments?post=3944"}],"version-history":[{"count":3,"href":"https:\/\/desteptati-va.ro\/index.php\/wp-json\/wp\/v2\/posts\/3944\/revisions"}],"predecessor-version":[{"id":4571,"href":"https:\/\/desteptati-va.ro\/index.php\/wp-json\/wp\/v2\/posts\/3944\/revisions\/4571"}],"wp:featuredmedia":[{"embeddable":true,"href":"https:\/\/desteptati-va.ro\/index.php\/wp-json\/wp\/v2\/media\/4569"}],"wp:attachment":[{"href":"https:\/\/desteptati-va.ro\/index.php\/wp-json\/wp\/v2\/media?parent=3944"}],"wp:term":[{"taxonomy":"category","embeddable":true,"href":"https:\/\/desteptati-va.ro\/index.php\/wp-json\/wp\/v2\/categories?post=3944"},{"taxonomy":"post_tag","embeddable":true,"href":"https:\/\/desteptati-va.ro\/index.php\/wp-json\/wp\/v2\/tags?post=3944"}],"curies":[{"name":"wp","href":"https:\/\/api.w.org\/{rel}","templated":true}]}}