{"id":3947,"date":"2021-04-19T08:32:52","date_gmt":"2021-04-19T08:32:52","guid":{"rendered":"http:\/\/desteptati.ro\/?p=3947"},"modified":"2021-04-19T08:32:52","modified_gmt":"2021-04-19T08:32:52","slug":"patibularul-horia-roman-patapievici","status":"publish","type":"post","link":"https:\/\/desteptati-va.ro\/index.php\/2021\/04\/19\/patibularul-horia-roman-patapievici\/","title":{"rendered":"Patibularul Horia Roman Patapievici"},"content":{"rendered":"<div class=\"post-content\"><div class='booster-block booster-read-block'>\n                <div class=\"twp-read-time\">\n                \t<i class=\"booster-icon twp-clock\"><\/i> <span>Read Time:<\/span>16 Minute, 17 Second                <\/div>\n\n            <\/div><h4 style=\"text-align: justify;\">Ascensiunea lui <strong>H.R. Patapievici<\/strong>, de la un m\u0103runt ziarist la un a\u015fa-zis protejat \u015fi om de-al pre\u015fedintelui Traian B\u0103sescu, are toate dimensiunile unei \u201cafaceri de familie\u201d, de s\u00e2nge, \u015fi devoaleaz\u0103 \u00eentreaga re\u0163ea, \u00eentins\u0103 ca o p\u00e2nz\u0103 de p\u0103ianjen asupra Rom\u00e2niei. Pe l\u00e2ng\u0103 majoritatea agen\u0163ilor sovietici din Rom\u00e2nia, grupa\u0163i dup\u0103 1990 de Silviu Brucan \u00een diverse grupuri, s-au consolidat, pe criterii de apartenen\u0163\u0103 la vechea re\u0163ea a Kominternului \u015fi Kominformului, noi agen\u0163i de influen\u0163\u0103. Cercetarea trecutului de familie al multora dintre vocile sonore \u201canticomuniste\u201d de azi ne vor releva o via\u0163\u0103 de huzur \u00een nomenclatura comunist\u0103 a cadrelor bol\u015fevice venite din URSS, chiar dac\u0103 unele au fost \u201cmarginalizate\u201d dup\u0103 deconspirarea leg\u0103turilor lor cu spionajul sovietic. Nici Patapievici junior nu face excep\u0163ie. Conform biografiei oficiale roman\u0163ate, t\u00e2n\u0103rul Patapievici a fost descoperit \u015fi apreciat de un fost tro\u0163kist, convertit la Europa Liber\u0103, Virgil Ierunca, pe c\u00e2nd scria la s\u0103pt\u0103m\u00e2nalul Uniunii Scriitorilor a lui Mircea Dinescu, \u201cContrapunct\u201d. Nimeni nu ne l\u0103mure\u015fte \u00eens\u0103 cum a ajuns, din cercet\u0103tor la unul din institutele controlate de Securitate \u2013 Institutul pentru Studierea Semiconductorilor, din cadrul \u00centreprinderii de Cercetare \u015fi Produc\u0163ie Materiale Semiconductoare din Bucure\u015fti \u2013 s\u0103 scrie la \u201cContrapunct\u201d \u015fi la revista \u201c22\u2033, a Grupului pentru Dialog Social, al c\u0103rui membru a devenit rapid, \u015fi s\u0103 devin\u0103 ditamai \u201ccercet\u0103torul privat \u00een istoria ideilor\u201d, dup\u0103 cum se autodescrie.<\/h4>\r\n<h4 style=\"text-align: justify;\">Trecutul tat\u0103lui s\u0103u, acela\u015fi cu al majorit\u0103\u0163ii membrilor GDS, spune tot. De\u015fi Vladimir Tism\u0103neanu se sc\u0103pase c\u0103 \u00een copil\u0103rie se jucase cu micul Romi Patapievici pe str\u0103zile \u201ccartierului ro\u015fu\u201d \u2013 pe care azi vor s\u0103-l vopseasc\u0103 (tot) \u00eempreun\u0103, schimb\u00e2ndu-i numele \u2013 \u00een 1992, ajuns la Virgil Ierunca \u015fi Monica Lovinescu, t\u00e2n\u0103rul fizician nu ezita s\u0103-\u015fi cosmetizeze trecutul pe placul celor doi. Dac\u0103 Tism\u0103neanu se prezentase celor dou\u0103 \u201cvoci\u201d ale Europei Libere drept \u201cregalist\u201d, Patapievici alege \u2013 cu profesionalism, am putea spune \u2013 o alt\u0103 biografie, care d\u0103 bine: fiu de de\u0163inut politic. Monica Lovinescu, \u00een Jurnal, 1990-1993, la pagina 291, \u00eel prezint\u0103 astfel pe fizicianul ajuns la Paris cu o burs\u0103 de dou\u0103 luni (?!): \u201cDescoperim un t\u00e2nar (are 35 de ani \u015fi pare cu vreo zece mai pu\u0163in) simplu, emo\u0163ionant \u015fi emo\u0163ionat, aproape patetic, care ne vorbe\u015fte de tat\u0103l lui ie\u015find din \u00eenchisoare \u015fi nespun\u00e2ndu-i nimic din cele petrecute acolo. Aduce o sticl\u0103 de Murfatlar s-o bem \u00eempreun\u0103 \u00een amintirea acestui tat\u0103 mort f\u0103r\u0103 s\u0103-i fi spus fiului suferin\u0163ele prin care a trecut\u201d. Cum Patapievici fiul s-a n\u0103scut \u00een 1957, se poate presupune c\u0103 \u00ee\u015fi aducea aminte de momentul ie\u015firii tat\u0103lui din pu\u015fc\u0103rie pe c\u00e2nd era copil, \u00een anii 1964-65, c\u00e2nd, dup\u0103 plecarea consilierilor URSS, regimul comunist a eliberat to\u0163i de\u0163inu\u0163ii politici \u00eenchi\u015fi \u00een perioada ocupa\u0163iei sovietice, elitele intelectualit\u0103\u0163ii, ale preo\u0163imii ortodoxe sau \u0163\u0103r\u0103nimii anticomuniste. Dramatic. Peste ani, Patapievici \u00ee\u015fi mai aminte\u015fte ni\u015fte detalii, \u00eentr-un editorial din \u201cEvenimentul Zilei\u201d: \u201cTat\u0103l meu a fost un refugiat din Cern\u0103u\u0163i\u201d. Fugea de sovietici, explica Patapievici, \u00eempreun\u0103 cu un v\u0103r, din familia bunicii sale, Rozalia Smercianski. A ales Polonia, mai spune fiul, pentru c\u0103 \u015ftia c\u0103 Rom\u00e2nia va fi \u015fi ea invadat\u0103. Patapievici junior ne d\u0103 de \u00een\u0163eles c\u0103 este vorba de invadarea Bucovinei de nord de c\u0103tre trupele Armatei Ro\u015fii, \u00een urma ultimatumului din 1940. Experien\u0163a aceasta groaznic\u0103, dublat\u0103 de anii de \u00eenchisoare politic\u0103 se pare c\u0103 l-au afectat teribil pe Patapievici senior: \u201cToat\u0103 via\u0163a lui, tata a r\u0103mas \u00eengrozit de ru\u015fi\u201d, spune fiul. A fost at\u00e2t de oripilat \u00eenc\u00e2t a refuzat s\u0103 mearg\u0103 \u00eentr-o vizit\u0103 la CAER, mai spune \u201cfiul lupului paznic la oi\u201d.<\/h4>\r\n<h4 style=\"text-align: justify;\">Adev\u0103rul este \u00eens\u0103 cu totul altul. Oric\u00e2t de ciudat ar p\u0103rea, omul care ast\u0103zi conduce Institutul Cultural Rom\u00e2n, membru al Comisiei Tism\u0103neanu pentru condamnarea regimului comunist, membru al Colegiului Noua Europ\u0103 condus de Andrei Ple\u015fu, al GDS, SAR, USR, Pen Club etc., considerat de o \u00eenalt\u0103 moral\u0103, este un mincinos profesionist. Atunci, cum mai poate avea \u00eencredere \u00een el lumea academic\u0103, opinia public\u0103 sau pre\u015fedintele de onoare al ICR, Traian B\u0103sescu? Pentru c\u0103, \u00een realitate, tat\u0103l s\u0103u nu a fost nici refugiat din calea trupelor sovietice, nici fost de\u0163inut politic al vreunui regim comunist. Ci un<strong> agent patentat al N.K.V.D.<\/strong>, care a beneficiat de avantaje necinstite toat\u0103 via\u0163a sa. Pentru a nu r\u0103m\u00e2ne doar pe t\u0103r\u00e2mul afirma\u0163iilor, \u00een cele ce urmeaz\u0103 vom prezenta c\u00e2teva dintre reperele opera\u0163iunii de infiltrare-exfiltrare \u015fi valorificare a agentului Dionis Patapievici, realizat\u0103, \u00een principal, de serviciile secrete sovietice.<\/h4>\r\n<h4 style=\"text-align: justify;\">Spunem \u00een principal de cele sovietice fiindc\u0103, ulterior, \u00een opera\u0163iune s-au interpus \u015fi integrat \u015fi alte servicii de spionaj, \u00eendeosebi pentru perioada \u00een care Dionis Patapievici a ac\u0163ionat \u00een Rom\u00e2nia, sub acoperirea de \u00eenalt func\u0163ionar \u00een aparatul central al B\u0103ncii Na\u0163ionale.<\/h4>\r\n<h4 style=\"text-align: justify;\">\u201cLead\u201d-ul informa\u0163iilor c\u00e2ndva secrete (au trecut cei 40 de ani!), sec exprimat, conchide: \u201cDionis Patapievici a fost exfiltrat din Austria, \u00een anul l948, pentru a fi reinfiltrat \u00een centrala B\u0103ncii Na\u0163ionale a Rom\u00e2niei\u201d.\r\nCa \u00een orice istorie de spionaj cu agen\u0163i acoperi\u0163i, numele, na\u0163ionalitatea \u015fi cet\u0103\u0163enia acestora sunt \u00eenv\u0103luite \u00een nebuloasele actelor de stare civil\u0103, confec\u0163ionate pentru sus\u0163inerea legendelor prin care le este atribuit\u0103 o nou\u0103 identitate.<\/h4>\r\n<h4 style=\"text-align: justify;\">Astfel, Patapievici senior apare c\u00e2nd Patapievici Dionisie sau Dionis, c\u00e2nd Patapiewicz Denys, c\u00e2nd Patapicovici. Na\u0163ionalitatea este incert\u0103. Cea declarat\u0103 era cea polon\u0103, al\u0163ii spun c\u0103 ucrainean\u0103, \u015fi-i credem, dac\u0103 \u00een familiile ucrainene din Basarabia copiii deveneau poliglo\u0163i, \u00eenv\u0103\u0163\u00e2nd patru limbi str\u0103ine, cu oarece greut\u0103\u0163i vorbind doar una, cea rom\u00e2n\u0103. Diferen\u0163ele si inexactit\u0103\u0163ile de nume sunt foarte importante \u00een materie de acte de stare civil\u0103, fiind premeditat introduse \u00een documente, at\u00e2t pentru facilitarea acoperirii , c\u00e2t \u015fi \u00een vederea derutei \u015fi a \u00eengreun\u0103rii identific\u0103rii certe a agen\u0163ilor ilegali.<\/h4>\r\n<h4 style=\"text-align: justify;\">Din l948 \u015fi p\u00e2n\u0103 \u00een l961, timp \u00een care consilierii sovietici controlau toate mi\u015fc\u0103rile \u015fi ac\u0163iunile Administra\u0163iei, Armatei, Internelor \u015fi Securit\u0103\u0163ii, cazul Dionis Patapievici, criptonim \u201cD. P\u0103tra\u015fcu\u201d, fost membru al Gestapo-ului \u015fi suspect de spionaj economic, nu a existat.<\/h4>\r\n<h4 style=\"text-align: justify;\">Odat\u0103 cu declinul controlului consilierilor sovietici, D.P. devine subiectul unei ac\u0163iuni contrainformative, cu un dublu scop: clarificarea trecutului s\u0103u \u00een Sec\u0163ia Gestapo-ului din Viena (dac\u0103 nu era cumva un urm\u0103rit interna\u0163ional cu identitate fals\u0103) \u015fi a unor suspiciuni de spionaj \u015fi sabotaj economic (\u00een Banca Na\u0163ional\u0103 au fost \u015fi victime politice, care au avut de suferit pe nedrept, fiindu-le atribuite vinov\u0103\u0163ii grave ale altora). Cariera \u00een diversiune \u015fi spionaj a lui D.P. a \u00eenceput la Cern\u0103u\u0163i, \u00een anii liceului, c\u00e2nd a fost remarcat de profesorii rom\u00e2ni ca \u201cagent al provoc\u0103rilor bol\u015fevice, al c\u0103rui loc este dincolo de Nistru\u201d.<\/h4>\r\n<h4 style=\"text-align: justify;\">\u00centr-o biografie, aflat\u0103 \u00een Arhiva Cadrelor fostei B\u0103nci de Stat a Republicii Populare Rom\u00e2ne, Dionis P. men\u0163ioneaz\u0103 c\u0103 a fost \u201csuspectat \u015fi persecutat de organele statului fascist (n.n. rom\u00e2n) pentru comportarea avut\u0103 sub regimul sovietic\u201d, fiind nevoit s\u0103 se refugieze, \u00een 1941, \u00een Polonia (n.n. \u00een Gali\u0163ia, regiune a Poloniei alipit\u0103 Ucrainei, deci \u00een U.R.S.S.). A\u015fadar, nesuport\u00e2nd regimul rom\u00e2nesc antisovietic, a fugit din Basarabia \u00een U.R.S.S. Nu din calea ru\u015filor, ci \u00een bra\u0163ele lor! Ulterior, e adev\u0103rat, drumurile aveau s\u0103-l poarte \u015fi pe p\u0103m\u00e2nturi st\u0103p\u00e2nite de cel de-al Treilea Reich.<\/h4>\r\n<h4 style=\"text-align: justify;\">Perioada \u015federii \u00een \u0162ara Sovietelor a fost, dup\u0103 cum se va vedea, una de preg\u0103tiri speciale intense, \u00een vederea infiltr\u0103rii \u00een Poli\u0163ia Politic\u0103 Secret\u0103 de Stat a Reich-ului german (Gestapo). Dar despre voltele agentului sovietic \u015fi ale \u201cfiului lupului\u201d, \u00een episodul de m\u00e2ine: Tradi\u0163ia tr\u0103d\u0103rii \u00een familia Patapievici.<\/h4>\r\n<h3><strong>Tradi\u0163ia tr\u0103d\u0103rii<\/strong><\/h3>\r\n<h4 style=\"text-align: justify;\">\u00cen repetatele complet\u0103ri ale biografiei sale, solicitate pentru clarificarea necunoscutelor trecutului s\u0103u, Dionis Patapievici, alias Denys Patapiewicz, alias Denis Patapicovici, criptonim \u201cD. P\u0103tra\u015fcu, tat\u0103l lui Horia Roman Patapievici, sus\u0163inea, pentru a-\u015fi acoperi o parte din goluri, c\u0103 ar fi fost concentrat \u00een Germania, afirma\u0163ie contrazis\u0103 ulterior de altele. \u00cen realitate, ascundea o alt\u0103 parte \u00eentunecat\u0103 a biografiei sale, \u00eenc\u00e2rligat\u0103 ca o svastic\u0103 pe fundul unui ponei.<\/h4>\r\n<h4 style=\"text-align: justify;\">Referin\u0163ele unei prietene a primei sale so\u0163ii, decedat\u0103 \u00een 1951, cu care, dup\u0103 schema de ansamblu a cazului, pare a fi format un cuplu informativ N.K.V.D.-ist la Viena, spun cu totul altceva: \u201cCunosc pe tov. Patapievici Dionisie, so\u0163ul fostei mele colege de liceu, Dr\u0103gan Odarka, din 1939, toamna. Ucrainean (\u2026) foarte du\u015fm\u0103nos, ne\u00een\u0163eleg\u0103tor (\u2026) La Viena, el a fost \u00een serviciul Gestapo-ului (astea le \u015ftiu de la ea), a c\u00e2\u015ftigat foarte bine, a jefuit o mul\u0163ime de lume \u015fi \u015fi-a \u00eensu\u015fit o mul\u0163ime de lucruri. (\u2026) \u00cen 1950, \u00een urma unei discu\u0163ii cu el m-am sup\u0103rat\u2026 Nu ne-am mai v\u0103zut\u2026 am auzit c\u0103 ea a murit\u2026 A decedat \u00een urma unei grele suferin\u0163e (am\u0103nunte mi-a povestit mama ei), datorit\u0103 r\u0103ut\u0103\u0163ii \u015fi neglijen\u0163ei lui. Nu-i d\u0103dea medicamente, \u00eencepea s\u0103 o bat\u0103, c\u00e2nd spunea c\u0103 are dureri nu o credea. Mama ei a venit dup\u0103 aceea \u00een Bucure\u015fti ca s\u0103 creasc\u0103 copiii (n.n. \u2013 fiicele Lydia \u015fi Elena). Mi-a povestit c\u0103 de multe ori nu le d\u0103dea pensia alimentar\u0103 \u015fi bunica trebuia s\u0103 dea lec\u0163ii de pian, ca s\u0103 poat\u0103 \u00eentre\u0163ine ace\u015fti copii. Am auzit c\u0103 s-a \u00eensurat, are din nou un copil \u015fi pentru acest copil (n.n. \u2013 Horia-Roman) aduce cele mai mari bun\u0103t\u0103\u0163i, iar pentru cele dou\u0103 feti\u0163e orfane nu vrea s\u0103 dea nimic\u201d.<\/h4>\r\n<h4 style=\"text-align: justify;\">Dintr-o adnotare a inspectorului de personal Dobrescu, re\u0163inem: \u201cPatapievici Dionisie a fost interesat s\u0103 moar\u0103 (so\u0163ia) pentru a nu se descoperi ce-a f\u0103cut \u00een Germania\u201d. \u00centr-adev\u0103r, era singura persoan\u0103 care putea deveni incomod\u0103, dac\u0103 ar fi cedat permanentului stres al dedubl\u0103rii existen\u0163iale. Ceea ce este posibil s\u0103 se fi \u00eent\u00e2mplat\u2026<\/h4>\r\n<h4 style=\"text-align: justify;\">Legenda pus\u0103 \u00een circula\u0163ie, privind internarea din Germania, a fost infirmat\u0103 \u00eentr-o \u00eemprejurare chiar de D.P. Astfel, cu ocazia preg\u0103tirii \u00een vederea ob\u0163inerii carnetului de conduc\u0103tor auto, a afirmat c\u0103 nu are emo\u0163ii, deoarece a avut carnet de conducere \u00een Germania (Austria \u2013 Al Treilea Reich), unde a circulat, aproape tot timpul, pe mai multe tipuri de ma\u015fini.<\/h4>\r\n<h4 style=\"text-align: justify;\">De\u015fi grijuliu \u00een a indica numeroase persoane care s\u0103 se poat\u0103 referi asupra diferitelor etape \u015fi perioade ale vie\u0163ii \u015fi activit\u0103\u0163ii sale, nici m\u0103car accidental nu a men\u0163ionat vreo persoan\u0103 dintre cele care ar fi putut cunoa\u015fte aspecte negative compromi\u0163\u0103toare. \u00cen anii petrecu\u0163i \u00een Germania (Austria), D.P. s-a aflat, ca \u015fi fiul s\u0103u peste ani, \u00een leg\u0103tur\u0103 cu legionari fugi\u0163i din Rom\u00e2nia dup\u0103 rebeliune. Pe de o parte, \u00eei supraveghea din \u00eens\u0103rcinarea Gestapo-ului, iar pe de alt\u0103 parte, tot ca \u015fi fiul s\u0103u, ulterior, \u015fi a N.K.V.D.-ului. Dup\u0103 retragerea armatei germane din Austria \u015fi \u00eencetarea activit\u0103\u0163ii Gestapo-ului, D.P. nu a fost epurat, asemenea altor camarazi, ci a fost preluat imediat, \u00een Viena, ca \u201ctranslator poliglot\u201d, de Comandamentul Militar al Armatei Ro\u015fii. Concomitent, devine membru activ al Partidului Comunist din Austria, agitator ce atrage aten\u0163ia autorit\u0103\u0163ilor (vom vedea \u015fi ce interes avea!) \u015fi urmeaz\u0103 \u00een acela\u015fi timp cursurile \u00cenaltei \u015ecoli pentru Comer\u0163 Mondial. Aici \u00ee\u015fi sus\u0163ine licen\u0163a cu lucrarea apologetic\u0103 \u201cBanca de Stat \u015fi sistemul bancar al U.R.S.S.\u201d, despre care afirma c\u0103 a fost un act \u015ftiin\u0163ific temerar, deoarece \u201ca popularizat m\u0103re\u0163ele realiz\u0103ri sovietice \u00eentr-o \u0163ar\u0103 burghez\u0103\u201d. De aici \u015fi p\u00e2n\u0103 la infiltrarea \u00een inima secretelor B\u0103ncii de Stat a Rom\u00e2niei nu are dec\u00e2t un pas\u2026<\/h4>\r\n<h4 style=\"text-align: justify;\">Dup\u0103 epurarea aparatului poli\u0163ienesc austriac de c\u0103tre serviciile de informa\u0163ii militare sovietice, D.P. a fost transferat la Poli\u0163ia din Viena. \u00cen anul 1948, potrivit afirma\u0163iilor sale, are nepl\u0103ceri, sim\u0163indu-se supravegheat de autorit\u0103\u0163i, deoarece era un militant prea activ al Partidului Comunist din Austria \u015fi al Asocia\u0163iei Austria-U.R.S.S. Drept urmare, se adreseaz\u0103 Misiunii Rom\u00e2niei \u015fi Delega\u0163iei rom\u00e2ne pentru repatrieri, solicit\u00e2nd efectuarea formalit\u0103\u0163ilor pentru stabilirea \u00een Rom\u00e2nia, unde a aflat c\u0103 puterea sovietic\u0103 a instaurat un regim democratic liber, \u00een care se va putea manifesta \u015fi afirma potrivit convingerilor sale.<\/h4>\r\n<h4 style=\"text-align: justify;\">Afirma\u0163iile sale privind urm\u0103rirea \u015fi persecutarea de c\u0103tre autorit\u0103\u0163ile austriece sunt perisabile. Era omul sovieticilor, iar influen\u0163a lor era, \u00een acel moment, indiscutabil\u0103. Motive pentru a fi \u00een aten\u0163ia autorit\u0103\u0163ilor existau: comportamentul avut ca membru al Gestapo-ului \u015fi conspira\u0163iile uneltite de filiala vienez\u0103 a Kominternului, al c\u0103rui membru activ era, \u00eempotriva securit\u0103\u0163ii \u015fi neutralit\u0103\u0163ii Austriei. \u00cen subsidiar, nu pot fi excluse unele abuzuri \u00een rechizi\u0163ionarea de bunuri \u015fi valori pentru uzul Armatei Ro\u015fii, care ar fi fost deturnate \u00een alte scopuri, ceea ce ar fi determinat p\u0103gubi\u0163ii s\u0103 se \u00eendrepte \u00eempotriva func\u0163ionarilor corup\u0163i ai Administra\u0163iei Militare Sovietice. Nu este lipsit de semnifica\u0163ii faptul c\u0103 D.P, imediat ce a venit \u00een Bucure\u015fti, \u015fi-a achizi\u0163ionat un apartament, singur pe etaj, la pre\u0163ul de 100.000 lei, de la proprietarul Godel Ofner. Sec\u0163ia financiar\u0103 a evaluat apartamentul la 150.000 lei, iar ulterior, c\u00e2nd au ap\u0103rut suspiciuni cu privire la provenien\u0163a banilor, l-a trecut pe numele fiicelor.<\/h4>\r\n<h4 style=\"text-align: justify;\">Dionis Patapievici nu era cet\u0103\u0163ean rom\u00e2n. Pentru a ob\u0163ine cet\u0103\u0163enia, invoc\u0103 Legea nr.162 din 29 mai 1947, care declar\u0103 cet\u0103\u0163eni rom\u00e2ni pe to\u0163i cei care, ei sau p\u0103rin\u0163ii lor, au locuit \u00een 1920 pe teritorii supuse jurisdic\u0163iei statului rom\u00e2n. Nu exist\u0103 dovada renun\u0163\u0103rii la cet\u0103\u0163enia sovietic\u0103. Este, \u00eens\u0103, simptomatic, cum cel care a renegat autoritatea statului rom\u00e2n \u00een\u0163elege s\u0103 uzeze tocmai de aceast\u0103 autoritate, care dup\u0103 cum relateaz\u0103 unchiul s\u0103u, avocatul Liubomir Patapievici, cu domiciliul \u00een ora\u015ful Agnita, \u201cpentru tovar\u0103\u015ful Patapievici a adus numai zile negre, iar tat\u0103l s\u0103u, Leonida Patapievici, a fost chiar arestat pentru motivul de loialitate fa\u0163\u0103 de statul sovietic\u201d. Este justificat\u0103 \u00eentrebarea dac\u0103 ucraineano-polonezul D.P. a ales Rom\u00e2nia \u00een locul Ucrainei sau al Poloniei din anumite convingeri ori s-a conformat unui ordin de misiune?<\/h4>\r\n<h4 style=\"text-align: justify;\">Odat\u0103 stabilit \u00een Rom\u00e2nia, cu mul\u0163i bani \u015fi bunuri de valoare \u2013 bijuterii, obiecte de art\u0103, tablouri, bl\u0103nuri, albume filatelice etc. \u2013 D.P. \u00eencearc\u0103 recunoa\u015fterea apartenen\u0163ei politice pe baza carnetului de membru al Partidului Comunist din Austria, dorin\u0163\u0103 ce nu i s-a \u00eemplinit.<\/h4>\r\n<h4 style=\"text-align: justify;\">Pe baza unor recomand\u0103ri din Austria, se prezint\u0103 profesorilor Mladenaltz \u015fi Marin Lupu (Marcel Wolfowitz), primul \u2013 decan la Academia Comercial\u0103, cel\u0103lalt \u2013 vicepre\u015fedinte al Institutului de Studii Economice \u015fi Planificare, dar \u015fi al B\u0103ncii de Stat al Republicii Populare Rom\u00e2ne, fiind acceptat apoi ca asistent universitar, iar Lupu \u00eel va angaja,concomitent, inspector, apoi \u015fef de serviciu \u015fi consilier la Banca de Stat. Marin Lupu va exploata poliglotismul lui D.P. \u00een scrierea operei sale \u015ftiin\u0163ifice (primul curs de istorie a economiei na\u0163ionale), dubl\u00e2ndu-i postul de asistent cu cel de bibliotecar documentarist.<\/h4>\r\n<h4 style=\"text-align: justify;\">Potrivit criteriilor contrainformative ale Securit\u0103\u0163ii, D.P. ar fi trebuit preluat imediat dup\u0103 repatriere \u00een procedurile de \u201cdebriefing\u201d, pus sub o strict\u0103 supraveghere \u015fi \u00een carantin\u0103 ideologic\u0103. Nimic din acestea. Consilierii sovietici \u015fi protec\u0163ia nomenclaturi\u015ftilor kominterni\u015fti l-au exceptat de la reguli, dar nu \u015fi de emo\u0163ii \u015fi nepl\u0103ceri. Serviciul de Cadre al B\u0103ncii de Stat, prin vigilen\u0163a \u015fi fermitatea unui anume Dobrescu (n.n. \u2013 oare un ofi\u0163er acoperit?), permanent suspicios, era parc\u0103 anume programat s\u0103 verifice sistematic rezisten\u0163a legendei de acoperire, solicit\u00e2ndu-i suplimente de autobiografie, clarific\u0103ri \u015fi c\u0103ut\u00e2nd persoanele care s\u0103 poat\u0103 oferi referin\u0163e credibile. Odat\u0103 cu plecarea consilierilor sovietici din Ministerul Afacerilor Interne \u015fi \u00eenlocuirea alogenilor din conducerea structurilor Securit\u0103\u0163ii, Dionis Patapievici a fost imediat inclus \u00een verific\u0103ri de contraspionaj \u015fi clarificare a activit\u0103\u0163ii sale \u00een cadrul Gestapo-ului din Viena. Ofi\u0163erul de caz i-a fost student la Academia Comercial\u0103. Natura rela\u0163iilor dintre ei \u015fi ascenden\u0163a profesorului asupra fostului student au influen\u0163at impar\u0163ialitatea, obiectivitatea \u015fi probitatea profesional\u0103 a verific\u0103rilor, dar mai cu seam\u0103 a interpret\u0103rii \u015fi evalu\u0103rii faptelor.<\/h4>\r\n<h4 style=\"text-align: justify;\">Agen\u0163ii din categoria \u201cilegali \u00een obiective\u201d utilizau procedee fotografice pentru culegerea, fixarea \u015fi prelucrarea informa\u0163iilor, dar \u015fi pentru realizarea leg\u0103turii impersonale. D.P. era un pasionat fotograf \u201camator\u201d. D.P. avea, la un moment dat, o familie de \u015fapte persoane. Cumulul ini\u0163ial de func\u0163ii \u015fi salarii nu mai exista. So\u0163ia avea un salariu modest. El, cu pruden\u0163\u0103 \u015fi discre\u0163ie, era un rafinat \u015fi deocheat petrec\u0103re\u0163. \u00cen 1965 dispune de resurse pentru achizi\u0163ionarea unui autoturism \u201cRenault major 10\u2033. De\u015fi a avut posibilitatea unei promov\u0103ri, a unei mai mari independen\u0163e profesionale, cu salariu atractiv \u015fi alte facilit\u0103\u0163i, nu a acceptat s\u0103 plece din Centrala B\u0103ncii de Stat. Pentru p\u0103strarea locului de munc\u0103 \u015fi a orizontului de acces la informa\u0163iile vitale privind politicile monetare, fundamentarea balan\u0163elor de venituri \u015fi cheltuieli, planificarea circula\u0163iei monetare \u015f.a., \u00eempotriva felului s\u0103u de a fi, D.P. evit\u0103 orice situa\u0163ie care i-ar fi putut influen\u0163a stabilitatea \u015fi continuitatea profesional\u0103.<\/h4>\r\n<h4 style=\"text-align: justify;\">Mai multe surse ale contrainforma\u0163iilor economice din obiectivul \u201cBanca de Stat\u201d \u00eei semnaleaz\u0103 curiozitatea, curtoazia ar\u0103tat\u0103 secretarelor vicepre\u015fedin\u0163ilor care manipulau documentele sensibile, vizitele frecvente la compartimente centralizatoare de informa\u0163ii secrete din Comitetul de Stat al Planific\u0103rii \u015fi ministerele economice, dar \u015fi profunda sa interiorizare \u015fi imposibilitatea descifr\u0103rii adev\u0103ratelor sale tr\u0103iri.<\/h4>\r\n<h4 style=\"text-align: justify;\">\u00cen evenimentele \u201ccontrarevolu\u0163ionare\u201d din anul 1958, soldate cu arestarea ministrului de finan\u0163e Aurel Vijoli, D.P., ca \u015fef al Serviciului Circula\u0163iei Monetare din Direc\u0163ia Planific\u0103rii Economice a B\u0103ncii de Stat, a fost \u00een tab\u0103ra celor care au \u00eenfierat imitarea de c\u0103tre ministrul Vijoli a metodelor burghezo-liberale titoiste. Nici nu se putea altfel din partea autorului lucr\u0103rii propagandistice \u201cBanca de stat \u015fi sistemul bancar al U.R.S.S\u201d. D.P. nu lipsea din niciun colectiv care genera ori \u00eenmorm\u00e2nta probleme, dar consuma \u00eentotdeauna informa\u0163ii sensibile de prim\u0103 m\u00e2n\u0103, chipurile pentru a pr\u0103gati marile decizii de politici bancare. Unii nu vedeau cu ochi buni omniprezen\u0163a sa, dar \u00eentotdeauna se g\u0103sea cineva important care s\u0103 spuna c\u0103 \u201ceste bine ca tov. Patapievici s\u0103 fac\u0103 parte din colectiv, deoarece este \u015fi translatorul \u00eentotdeauna prezent la \u00eent\u00e2lnirile cu delega\u0163iile C.A.E.R. \u015fi din U.R.S.S.\u201d<\/h4>\r\n<h4 style=\"text-align: justify;\">Nici complet\u0103rile biografiei \u015fi nici investiga\u0163iile specializate nu au l\u0103murit cum l-a urmat \u00een str\u0103in\u0103tate prietena sa din primul an de facultate, Odarca Dr\u0103gan, cu care s-a c\u0103s\u0103torit, probabil la Viena. Anali\u015ftii de contraspionaj care au reevaluat cazul au remarcat similitudinea cu alte cazuri, ceea ce le-a oferit o ipotez\u0103 de lucru plauzibil\u0103; un cuplu informativ. De\u015fi nu a rezistat, aparent din \u201ccauze naturale\u201d, scopul s\u0103u a fost atins. A sus\u0163inut biografia \u015fi a motivat ac\u0163iunile lui Dionis P. \u00een periplul s\u0103u de la Cern\u0103u\u0163i la Viena \u015fi, ulterior, la Bucure\u015fti, \u00een inima secretelor bancare ale Rom\u00e2niei.<\/h4>\r\n<h4 style=\"text-align: justify;\">Olga Dr\u0103gan, mama primei so\u0163ii, avea cuno\u015ftin\u0163\u0103 de apartenen\u0163a lui Dionis P. la o organiza\u0163ie na\u0163ionalist\u0103 ucrainean\u0103. \u00cei admirase puternicele sentimente \u015fi idealuri na\u0163ionaliste \u015fi-l dezavua pentru tr\u0103darea lor. Este un element deosebit de important. Na\u0163ionali\u015ftii ucraineni erau v\u00e2na\u0163i de c\u0103tre Departamentul Opera\u0163iunilor Executive (n.n. \u2013 lichid\u0103ri fizice) \u00een \u00eentreaga lume. D.P. s\u0103 fi fost, oare, o \u201ccoad\u0103 a topoarelor\u201d N.K.V.D.-ului?<\/h4>\r\n<h4 style=\"text-align: justify;\">Olga Dr\u0103gan sesizase nu numai tr\u0103darea idealului na\u0163ionalist ucrainean, ci \u015fi grija sa exagerat\u0103 pentru p\u0103strarea pozi\u0163iei profesionale \u00een banc\u0103. \u00cen fond, dup\u0103 cum chiar el a afirmat, \u201cprin munca ce o duc, cunosc cele mai mari secrete ale economiei \u0163\u0103rii \u00eentr-un orizont strategic de 15-20 de ani, fiind, \u00een fapt, unicul detonator al \u00eentregului volum de date secrete, \u00een timp ce to\u0163i ceilal\u0163i \u00eenal\u0163i func\u0163ionari cunosc doar ceea ce prive\u015fte departamentele lor. Dac\u0103 eu a\u015f tr\u0103da, tr\u0103darea mea s-ar multiplica de c\u00e2teva ori cu coeficientul importan\u0163ei informa\u0163iilor\u201d.<\/h4>\r\n<h4 style=\"text-align: justify;\">Totu\u015fi, Dionis P. era permanent fr\u0103m\u00e2ntat \u015fi nemul\u0163umit. Se considera marginalizat politic, domeniu \u00een care avea ambi\u0163ii, dar nu i s-a echivalat \u015fi calitatea de membru de partid \u015fi nici nu a fost primit \u00een P.M.R., ulterior P.C.R. Era oarecum nedumerit de aceast\u0103 ne\u00eencredere, cu at\u00e2t mai mult cu c\u00e2t de la Securitate primea anual avizul de acces la documente strict secrete de importan\u0163\u0103 deosebit\u0103. El nu \u015ftia, \u00eens\u0103, c\u0103 documentele puteau fi \u015fi contraf\u0103cute \u00een scopuri de dezinformare\/influen\u0163are a spionajului statelor\/b\u0103ncilor interesate de informa\u0163iile respective.<\/h4>\r\n<h4 style=\"text-align: justify;\">Dup\u0103 \u015fapte ani, \u201cdouble crosse\u201d-ul din ac\u0163iunea de contraspionaj \u201cD. P\u0103tra\u015fcu\u201d a primit rezolu\u0163ia: \u201c\u00eenchis cu men\u0163inerea \u00een eviden\u0163\u0103 pasiv\u0103\u201d.\r\n<em>Articol publicat \u00een <a href=\"http:\/\/www.curentul.ro\/2010\/\" target=\"_blank\" rel=\"noopener\">Curentul.ro<\/a>\r\n<\/em><\/h4>        <div class=\"booster-block booster-reactions-block\">\n            <div class=\"twp-reactions-icons\">\n                \n                <div class=\"twp-reacts-wrap\">\n                    <a react-data=\"be-react-1\" post-id=\"3947\" class=\"be-face-icons un-reacted\" href=\"javascript:void(0)\">\n                        <img decoding=\"async\" src=\"https:\/\/desteptati-va.ro\/wp-content\/plugins\/booster-extension\/\/assets\/icon\/happy.svg\" alt=\"Happy\">\n                    <\/a>\n                    <div class=\"twp-reaction-title\">\n                        Happy                    <\/div>\n                    <div class=\"twp-count-percent\">\n                                                    <span style=\"display: none;\" class=\"twp-react-count\">0<\/span>\n                        \n                                                <span class=\"twp-react-percent\"><span>0<\/span> %<\/span>\n                                            <\/div>\n                <\/div>\n\n                <div class=\"twp-reacts-wrap\">\n                    <a react-data=\"be-react-2\" post-id=\"3947\" class=\"be-face-icons un-reacted\" href=\"javascript:void(0)\">\n                        <img decoding=\"async\" src=\"https:\/\/desteptati-va.ro\/wp-content\/plugins\/booster-extension\/\/assets\/icon\/sad.svg\" alt=\"Sad\">\n                    <\/a>\n                    <div class=\"twp-reaction-title\">\n                        Sad                    <\/div>\n                    <div class=\"twp-count-percent\">\n                                                    <span style=\"display: none;\" class=\"twp-react-count\">0<\/span>\n                                                                        <span class=\"twp-react-percent\"><span>0<\/span> %<\/span>\n                                            <\/div>\n                <\/div>\n\n                <div class=\"twp-reacts-wrap\">\n                    <a react-data=\"be-react-3\" post-id=\"3947\" class=\"be-face-icons un-reacted\" href=\"javascript:void(0)\">\n                        <img decoding=\"async\" src=\"https:\/\/desteptati-va.ro\/wp-content\/plugins\/booster-extension\/\/assets\/icon\/excited.svg\" alt=\"Excited\">\n                    <\/a>\n                    <div class=\"twp-reaction-title\">\n                        Excited                    <\/div>\n                    <div class=\"twp-count-percent\">\n                                                    <span style=\"display: none;\" class=\"twp-react-count\">0<\/span>\n                                                                        <span class=\"twp-react-percent\"><span>0<\/span> %<\/span>\n                                            <\/div>\n                <\/div>\n\n                <div class=\"twp-reacts-wrap\">\n                    <a react-data=\"be-react-6\" post-id=\"3947\" class=\"be-face-icons un-reacted\" href=\"javascript:void(0)\">\n                        <img decoding=\"async\" src=\"https:\/\/desteptati-va.ro\/wp-content\/plugins\/booster-extension\/\/assets\/icon\/sleepy.svg\" alt=\"Sleepy\">\n                    <\/a>\n                    <div class=\"twp-reaction-title\">\n                        Sleepy                    <\/div>\n                    <div class=\"twp-count-percent\">\n                                                    <span style=\"display: none;\" class=\"twp-react-count\">0<\/span>\n                        \n                                                <span class=\"twp-react-percent\"><span>0<\/span> %<\/span>\n                                            <\/div>\n                <\/div>\n\n                <div class=\"twp-reacts-wrap\">\n                    <a react-data=\"be-react-4\" post-id=\"3947\" class=\"be-face-icons un-reacted\" href=\"javascript:void(0)\">\n                        <img decoding=\"async\" src=\"https:\/\/desteptati-va.ro\/wp-content\/plugins\/booster-extension\/\/assets\/icon\/angry.svg\" alt=\"Angry\">\n                    <\/a>\n                    <div class=\"twp-reaction-title\">Angry<\/div>\n                    <div class=\"twp-count-percent\">\n                                                    <span style=\"display: none;\" class=\"twp-react-count\">1<\/span>\n                                                                        <span class=\"twp-react-percent\"><span>100<\/span> %<\/span>\n                        \n                    <\/div>\n                <\/div>\n\n                <div class=\"twp-reacts-wrap\">\n                    <a react-data=\"be-react-5\" post-id=\"3947\" class=\"be-face-icons un-reacted\" href=\"javascript:void(0)\">\n                        <img decoding=\"async\" src=\"https:\/\/desteptati-va.ro\/wp-content\/plugins\/booster-extension\/\/assets\/icon\/surprise.svg\" alt=\"Surprise\">\n                    <\/a>\n                    <div class=\"twp-reaction-title\">Surprise<\/div>\n                    <div class=\"twp-count-percent\">\n                                                    <span style=\"display: none;\" class=\"twp-react-count\">0<\/span>\n                                                                        <span class=\"twp-react-percent\"><span>0<\/span> %<\/span>\n                                            <\/div>\n                <\/div>\n\n            <\/div>\n        <\/div>\n\n    <\/div>","protected":false},"excerpt":{"rendered":"<p>Ascensiunea lui H.R. Patapievici, de la un m\u0103runt ziarist la un a\u015fa-zis protejat \u015fi om de-al pre\u015fedintelui Traian B\u0103sescu, are<a href=\"https:\/\/desteptati-va.ro\/index.php\/2021\/04\/19\/patibularul-horia-roman-patapievici\/\">Read More<i class=\"fa fa-long-arrow-right\" aria-hidden=\"true\"><\/i><\/a><\/p>\n","protected":false},"author":1,"featured_media":479,"comment_status":"open","ping_status":"open","sticky":false,"template":"","format":"standard","meta":{"_crdt_document":"","footnotes":""},"categories":[3,10],"tags":[910,59,60,213,1258,1259,1176,1260,1256,1065,265,1261,1262,1263,1250,1264,906,83,281,1265],"class_list":["post-3947","post","type-post","status-publish","format-standard","has-post-thumbnail","hentry","category-decembrie-89","category-tradari-tradatori-si-altii","tag-bolsevici","tag-desteptati","tag-desteptati-va","tag-dezinformare","tag-dionis-patapievici","tag-fals","tag-horia-roman-patapievici","tag-komintern","tag-minciuni","tag-mircea-dinescu","tag-nkvd","tag-ponei","tag-provocari","tag-repatriere","tag-silviu-brucan","tag-svastica","tag-tismaneanu","tag-tradare","tag-urss","tag-virgil-ierunca"],"rise-blocks_total_comments":0,"rise-blocks_categories":[{"term_id":10,"name":"Tradari, tradatori si altii","slug":"tradari-tradatori-si-altii","term_group":0,"term_taxonomy_id":10,"taxonomy":"category","description":"","parent":3,"count":12,"filter":"raw"}],"rise-blocks_excerpt":"Ascensiunea lui H.R. Patapievici, de la un m\u0103runt ziarist la un a\u015fa-zis protejat \u015fi om de-al pre\u015fedintelui Traian B\u0103sescu, are toate dimensiunile unei \u201cafaceri de familie\u201d, de s\u00e2nge, \u015fi devoaleaz\u0103 \u00eentreaga re\u0163ea, \u00eentins\u0103 ca o p\u00e2nz\u0103 de p\u0103ianjen asupra Rom\u00e2niei. Pe l\u00e2ng\u0103 majoritatea agen\u0163ilor sovietici din Rom\u00e2nia, grupa\u0163i dup\u0103 1990 de Silviu Brucan \u00een diverse grupuri, s-au consolidat, pe criterii..","yoast_head":"<!-- This site is optimized with the Yoast SEO plugin v26.9 - https:\/\/yoast.com\/product\/yoast-seo-wordpress\/ -->\r\n<title>Patibularul Horia Roman Patapievici -<\/title>\r\n<meta name=\"robots\" content=\"index, follow, max-snippet:-1, max-image-preview:large, max-video-preview:-1\" \/>\r\n<link rel=\"canonical\" href=\"https:\/\/desteptati-va.ro\/index.php\/2021\/04\/19\/patibularul-horia-roman-patapievici\/\" \/>\r\n<meta property=\"og:locale\" content=\"ro_RO\" \/>\r\n<meta property=\"og:type\" content=\"article\" \/>\r\n<meta property=\"og:title\" content=\"Patibularul Horia Roman Patapievici -\" \/>\r\n<meta property=\"og:description\" content=\"Ascensiunea lui H.R. Patapievici, de la un m\u0103runt ziarist la un a\u015fa-zis protejat \u015fi om de-al pre\u015fedintelui Traian B\u0103sescu, areRead More\" \/>\r\n<meta property=\"og:url\" content=\"https:\/\/desteptati-va.ro\/index.php\/2021\/04\/19\/patibularul-horia-roman-patapievici\/\" \/>\r\n<meta property=\"article:published_time\" content=\"2021-04-19T08:32:52+00:00\" \/>\r\n<meta property=\"og:image\" content=\"https:\/\/desteptati-va.ro\/wp-content\/uploads\/2021\/04\/clip-image0012.jpg\" \/>\r\n\t<meta property=\"og:image:width\" content=\"257\" \/>\r\n\t<meta property=\"og:image:height\" content=\"256\" \/>\r\n\t<meta property=\"og:image:type\" content=\"image\/jpeg\" \/>\r\n<meta name=\"author\" content=\"wolfsoftcompany\" \/>\r\n<meta name=\"twitter:card\" content=\"summary_large_image\" \/>\r\n<meta name=\"twitter:label1\" content=\"Scris de\" \/>\n\t<meta name=\"twitter:data1\" content=\"wolfsoftcompany\" \/>\n\t<meta name=\"twitter:label2\" content=\"Timp estimat pentru citire\" \/>\n\t<meta name=\"twitter:data2\" content=\"18 minute\" \/>\r\n<script type=\"application\/ld+json\" class=\"yoast-schema-graph\">{\"@context\":\"https:\/\/schema.org\",\"@graph\":[{\"@type\":\"Article\",\"@id\":\"https:\/\/desteptati-va.ro\/index.php\/2021\/04\/19\/patibularul-horia-roman-patapievici\/#article\",\"isPartOf\":{\"@id\":\"https:\/\/desteptati-va.ro\/index.php\/2021\/04\/19\/patibularul-horia-roman-patapievici\/\"},\"author\":{\"name\":\"wolfsoftcompany\",\"@id\":\"https:\/\/desteptati-va.ro\/#\/schema\/person\/13182deeebd44920914899f7bb262d6b\"},\"headline\":\"Patibularul Horia Roman Patapievici\",\"datePublished\":\"2021-04-19T08:32:52+00:00\",\"mainEntityOfPage\":{\"@id\":\"https:\/\/desteptati-va.ro\/index.php\/2021\/04\/19\/patibularul-horia-roman-patapievici\/\"},\"wordCount\":3660,\"commentCount\":0,\"image\":{\"@id\":\"https:\/\/desteptati-va.ro\/index.php\/2021\/04\/19\/patibularul-horia-roman-patapievici\/#primaryimage\"},\"thumbnailUrl\":\"https:\/\/desteptati-va.ro\/wp-content\/uploads\/2021\/04\/clip-image0012.jpg\",\"keywords\":[\"bolsevici\",\"desteptati\",\"desteptati-va\",\"dezinformare\",\"Dionis Patapievici\",\"fals\",\"Horia Roman Patapievici\",\"Komintern\",\"minciuni\",\"Mircea Dinescu\",\"NKVD\",\"ponei\",\"provocari\",\"repatriere\",\"Silviu Brucan\",\"svastica\",\"Tismaneanu\",\"tradare\",\"URSS\",\"Virgil Ierunca\"],\"articleSection\":[\"Decembrie 89\",\"Tradari, tradatori si altii\"],\"inLanguage\":\"ro-RO\",\"potentialAction\":[{\"@type\":\"CommentAction\",\"name\":\"Comment\",\"target\":[\"https:\/\/desteptati-va.ro\/index.php\/2021\/04\/19\/patibularul-horia-roman-patapievici\/#respond\"]}]},{\"@type\":\"WebPage\",\"@id\":\"https:\/\/desteptati-va.ro\/index.php\/2021\/04\/19\/patibularul-horia-roman-patapievici\/\",\"url\":\"https:\/\/desteptati-va.ro\/index.php\/2021\/04\/19\/patibularul-horia-roman-patapievici\/\",\"name\":\"Patibularul Horia Roman Patapievici -\",\"isPartOf\":{\"@id\":\"https:\/\/desteptati-va.ro\/#website\"},\"primaryImageOfPage\":{\"@id\":\"https:\/\/desteptati-va.ro\/index.php\/2021\/04\/19\/patibularul-horia-roman-patapievici\/#primaryimage\"},\"image\":{\"@id\":\"https:\/\/desteptati-va.ro\/index.php\/2021\/04\/19\/patibularul-horia-roman-patapievici\/#primaryimage\"},\"thumbnailUrl\":\"https:\/\/desteptati-va.ro\/wp-content\/uploads\/2021\/04\/clip-image0012.jpg\",\"datePublished\":\"2021-04-19T08:32:52+00:00\",\"author\":{\"@id\":\"https:\/\/desteptati-va.ro\/#\/schema\/person\/13182deeebd44920914899f7bb262d6b\"},\"breadcrumb\":{\"@id\":\"https:\/\/desteptati-va.ro\/index.php\/2021\/04\/19\/patibularul-horia-roman-patapievici\/#breadcrumb\"},\"inLanguage\":\"ro-RO\",\"potentialAction\":[{\"@type\":\"ReadAction\",\"target\":[\"https:\/\/desteptati-va.ro\/index.php\/2021\/04\/19\/patibularul-horia-roman-patapievici\/\"]}]},{\"@type\":\"ImageObject\",\"inLanguage\":\"ro-RO\",\"@id\":\"https:\/\/desteptati-va.ro\/index.php\/2021\/04\/19\/patibularul-horia-roman-patapievici\/#primaryimage\",\"url\":\"https:\/\/desteptati-va.ro\/wp-content\/uploads\/2021\/04\/clip-image0012.jpg\",\"contentUrl\":\"https:\/\/desteptati-va.ro\/wp-content\/uploads\/2021\/04\/clip-image0012.jpg\",\"width\":257,\"height\":256},{\"@type\":\"BreadcrumbList\",\"@id\":\"https:\/\/desteptati-va.ro\/index.php\/2021\/04\/19\/patibularul-horia-roman-patapievici\/#breadcrumb\",\"itemListElement\":[{\"@type\":\"ListItem\",\"position\":1,\"name\":\"Prima pagin\u0103\",\"item\":\"https:\/\/desteptati-va.ro\/\"},{\"@type\":\"ListItem\",\"position\":2,\"name\":\"Patibularul Horia Roman Patapievici\"}]},{\"@type\":\"WebSite\",\"@id\":\"https:\/\/desteptati-va.ro\/#website\",\"url\":\"https:\/\/desteptati-va.ro\/\",\"name\":\"\",\"description\":\"\",\"potentialAction\":[{\"@type\":\"SearchAction\",\"target\":{\"@type\":\"EntryPoint\",\"urlTemplate\":\"https:\/\/desteptati-va.ro\/?s={search_term_string}\"},\"query-input\":{\"@type\":\"PropertyValueSpecification\",\"valueRequired\":true,\"valueName\":\"search_term_string\"}}],\"inLanguage\":\"ro-RO\"},{\"@type\":\"Person\",\"@id\":\"https:\/\/desteptati-va.ro\/#\/schema\/person\/13182deeebd44920914899f7bb262d6b\",\"name\":\"wolfsoftcompany\",\"image\":{\"@type\":\"ImageObject\",\"inLanguage\":\"ro-RO\",\"@id\":\"https:\/\/desteptati-va.ro\/#\/schema\/person\/image\/\",\"url\":\"https:\/\/secure.gravatar.com\/avatar\/a6cce9b6d101d27d91690e7073e300fed94c0899890bf998e082cb9d2c3d121e?s=96&d=mm&r=g\",\"contentUrl\":\"https:\/\/secure.gravatar.com\/avatar\/a6cce9b6d101d27d91690e7073e300fed94c0899890bf998e082cb9d2c3d121e?s=96&d=mm&r=g\",\"caption\":\"wolfsoftcompany\"},\"sameAs\":[\"http:\/\/desteptati-va.ro\"],\"url\":\"https:\/\/desteptati-va.ro\/index.php\/author\/wolfsoftcompany\/\"}]}<\/script>\r\n<!-- \/ Yoast SEO plugin. -->","yoast_head_json":{"title":"Patibularul Horia Roman Patapievici -","robots":{"index":"index","follow":"follow","max-snippet":"max-snippet:-1","max-image-preview":"max-image-preview:large","max-video-preview":"max-video-preview:-1"},"canonical":"https:\/\/desteptati-va.ro\/index.php\/2021\/04\/19\/patibularul-horia-roman-patapievici\/","og_locale":"ro_RO","og_type":"article","og_title":"Patibularul Horia Roman Patapievici -","og_description":"Ascensiunea lui H.R. Patapievici, de la un m\u0103runt ziarist la un a\u015fa-zis protejat \u015fi om de-al pre\u015fedintelui Traian B\u0103sescu, areRead More","og_url":"https:\/\/desteptati-va.ro\/index.php\/2021\/04\/19\/patibularul-horia-roman-patapievici\/","article_published_time":"2021-04-19T08:32:52+00:00","og_image":[{"width":257,"height":256,"url":"https:\/\/desteptati-va.ro\/wp-content\/uploads\/2021\/04\/clip-image0012.jpg","type":"image\/jpeg"}],"author":"wolfsoftcompany","twitter_card":"summary_large_image","twitter_misc":{"Scris de":"wolfsoftcompany","Timp estimat pentru citire":"18 minute"},"schema":{"@context":"https:\/\/schema.org","@graph":[{"@type":"Article","@id":"https:\/\/desteptati-va.ro\/index.php\/2021\/04\/19\/patibularul-horia-roman-patapievici\/#article","isPartOf":{"@id":"https:\/\/desteptati-va.ro\/index.php\/2021\/04\/19\/patibularul-horia-roman-patapievici\/"},"author":{"name":"wolfsoftcompany","@id":"https:\/\/desteptati-va.ro\/#\/schema\/person\/13182deeebd44920914899f7bb262d6b"},"headline":"Patibularul Horia Roman Patapievici","datePublished":"2021-04-19T08:32:52+00:00","mainEntityOfPage":{"@id":"https:\/\/desteptati-va.ro\/index.php\/2021\/04\/19\/patibularul-horia-roman-patapievici\/"},"wordCount":3660,"commentCount":0,"image":{"@id":"https:\/\/desteptati-va.ro\/index.php\/2021\/04\/19\/patibularul-horia-roman-patapievici\/#primaryimage"},"thumbnailUrl":"https:\/\/desteptati-va.ro\/wp-content\/uploads\/2021\/04\/clip-image0012.jpg","keywords":["bolsevici","desteptati","desteptati-va","dezinformare","Dionis Patapievici","fals","Horia Roman Patapievici","Komintern","minciuni","Mircea Dinescu","NKVD","ponei","provocari","repatriere","Silviu Brucan","svastica","Tismaneanu","tradare","URSS","Virgil Ierunca"],"articleSection":["Decembrie 89","Tradari, tradatori si altii"],"inLanguage":"ro-RO","potentialAction":[{"@type":"CommentAction","name":"Comment","target":["https:\/\/desteptati-va.ro\/index.php\/2021\/04\/19\/patibularul-horia-roman-patapievici\/#respond"]}]},{"@type":"WebPage","@id":"https:\/\/desteptati-va.ro\/index.php\/2021\/04\/19\/patibularul-horia-roman-patapievici\/","url":"https:\/\/desteptati-va.ro\/index.php\/2021\/04\/19\/patibularul-horia-roman-patapievici\/","name":"Patibularul Horia Roman Patapievici -","isPartOf":{"@id":"https:\/\/desteptati-va.ro\/#website"},"primaryImageOfPage":{"@id":"https:\/\/desteptati-va.ro\/index.php\/2021\/04\/19\/patibularul-horia-roman-patapievici\/#primaryimage"},"image":{"@id":"https:\/\/desteptati-va.ro\/index.php\/2021\/04\/19\/patibularul-horia-roman-patapievici\/#primaryimage"},"thumbnailUrl":"https:\/\/desteptati-va.ro\/wp-content\/uploads\/2021\/04\/clip-image0012.jpg","datePublished":"2021-04-19T08:32:52+00:00","author":{"@id":"https:\/\/desteptati-va.ro\/#\/schema\/person\/13182deeebd44920914899f7bb262d6b"},"breadcrumb":{"@id":"https:\/\/desteptati-va.ro\/index.php\/2021\/04\/19\/patibularul-horia-roman-patapievici\/#breadcrumb"},"inLanguage":"ro-RO","potentialAction":[{"@type":"ReadAction","target":["https:\/\/desteptati-va.ro\/index.php\/2021\/04\/19\/patibularul-horia-roman-patapievici\/"]}]},{"@type":"ImageObject","inLanguage":"ro-RO","@id":"https:\/\/desteptati-va.ro\/index.php\/2021\/04\/19\/patibularul-horia-roman-patapievici\/#primaryimage","url":"https:\/\/desteptati-va.ro\/wp-content\/uploads\/2021\/04\/clip-image0012.jpg","contentUrl":"https:\/\/desteptati-va.ro\/wp-content\/uploads\/2021\/04\/clip-image0012.jpg","width":257,"height":256},{"@type":"BreadcrumbList","@id":"https:\/\/desteptati-va.ro\/index.php\/2021\/04\/19\/patibularul-horia-roman-patapievici\/#breadcrumb","itemListElement":[{"@type":"ListItem","position":1,"name":"Prima pagin\u0103","item":"https:\/\/desteptati-va.ro\/"},{"@type":"ListItem","position":2,"name":"Patibularul Horia Roman Patapievici"}]},{"@type":"WebSite","@id":"https:\/\/desteptati-va.ro\/#website","url":"https:\/\/desteptati-va.ro\/","name":"","description":"","potentialAction":[{"@type":"SearchAction","target":{"@type":"EntryPoint","urlTemplate":"https:\/\/desteptati-va.ro\/?s={search_term_string}"},"query-input":{"@type":"PropertyValueSpecification","valueRequired":true,"valueName":"search_term_string"}}],"inLanguage":"ro-RO"},{"@type":"Person","@id":"https:\/\/desteptati-va.ro\/#\/schema\/person\/13182deeebd44920914899f7bb262d6b","name":"wolfsoftcompany","image":{"@type":"ImageObject","inLanguage":"ro-RO","@id":"https:\/\/desteptati-va.ro\/#\/schema\/person\/image\/","url":"https:\/\/secure.gravatar.com\/avatar\/a6cce9b6d101d27d91690e7073e300fed94c0899890bf998e082cb9d2c3d121e?s=96&d=mm&r=g","contentUrl":"https:\/\/secure.gravatar.com\/avatar\/a6cce9b6d101d27d91690e7073e300fed94c0899890bf998e082cb9d2c3d121e?s=96&d=mm&r=g","caption":"wolfsoftcompany"},"sameAs":["http:\/\/desteptati-va.ro"],"url":"https:\/\/desteptati-va.ro\/index.php\/author\/wolfsoftcompany\/"}]}},"_links":{"self":[{"href":"https:\/\/desteptati-va.ro\/index.php\/wp-json\/wp\/v2\/posts\/3947","targetHints":{"allow":["GET"]}}],"collection":[{"href":"https:\/\/desteptati-va.ro\/index.php\/wp-json\/wp\/v2\/posts"}],"about":[{"href":"https:\/\/desteptati-va.ro\/index.php\/wp-json\/wp\/v2\/types\/post"}],"author":[{"embeddable":true,"href":"https:\/\/desteptati-va.ro\/index.php\/wp-json\/wp\/v2\/users\/1"}],"replies":[{"embeddable":true,"href":"https:\/\/desteptati-va.ro\/index.php\/wp-json\/wp\/v2\/comments?post=3947"}],"version-history":[{"count":1,"href":"https:\/\/desteptati-va.ro\/index.php\/wp-json\/wp\/v2\/posts\/3947\/revisions"}],"predecessor-version":[{"id":3949,"href":"https:\/\/desteptati-va.ro\/index.php\/wp-json\/wp\/v2\/posts\/3947\/revisions\/3949"}],"wp:featuredmedia":[{"embeddable":true,"href":"https:\/\/desteptati-va.ro\/index.php\/wp-json\/wp\/v2\/media\/479"}],"wp:attachment":[{"href":"https:\/\/desteptati-va.ro\/index.php\/wp-json\/wp\/v2\/media?parent=3947"}],"wp:term":[{"taxonomy":"category","embeddable":true,"href":"https:\/\/desteptati-va.ro\/index.php\/wp-json\/wp\/v2\/categories?post=3947"},{"taxonomy":"post_tag","embeddable":true,"href":"https:\/\/desteptati-va.ro\/index.php\/wp-json\/wp\/v2\/tags?post=3947"}],"curies":[{"name":"wp","href":"https:\/\/api.w.org\/{rel}","templated":true}]}}