{"id":3962,"date":"2021-04-19T08:44:31","date_gmt":"2021-04-19T08:44:31","guid":{"rendered":"http:\/\/desteptati.ro\/?p=3962"},"modified":"2021-04-19T08:44:31","modified_gmt":"2021-04-19T08:44:31","slug":"democratie-versus-antidemocratie","status":"publish","type":"post","link":"https:\/\/desteptati-va.ro\/index.php\/2021\/04\/19\/democratie-versus-antidemocratie\/","title":{"rendered":"Democra\u0163ie versus antidemocra\u0163ie"},"content":{"rendered":"<div class=\"post-content\"><div class='booster-block booster-read-block'>\n                <div class=\"twp-read-time\">\n                \t<i class=\"booster-icon twp-clock\"><\/i> <span>Read Time:<\/span>8 Minute, 18 Second                <\/div>\n\n            <\/div><h4 style=\"text-align: right;\"><em><strong>Autor col. (r.) ing. Teodor Ghi\u0163escu<\/strong><\/em><\/h4>\r\n<h3 style=\"text-align: justify;\">Democra\u0163ia\u00a0 \u015fi antidemocra\u0163ia sunt dou\u0103 st\u0103ri extreme ale unei na\u0163iuni, <strong>ca o consecin\u0163\u0103 a modului de guvernare:<\/strong><\/h3>\r\n<ul>\r\n \t<li style=\"text-align: justify;\">\r\n<h4><strong><em>Democratic, <\/em><\/strong>adic\u0103 <strong><em>utilizarea puterii statului pentru prosperitatea cet\u0103\u0163eanului majoritar<\/em><\/strong> (se excepteaz\u0103 categoriile sociale ale crimei organizate);<\/h4>\r\n<\/li>\r\n \t<li style=\"text-align: justify;\">\r\n<h4><strong><em>Antidemocratic<\/em><\/strong>, <strong><em>adic\u0103 utilizarea puterii statului\u00a0 pentru prosperitatea unor grupuri de interese<\/em><\/strong> (inclusiv cele specifice crimei organizate), <strong><em>\u00een defavoarea cet\u0103\u0163eanului majoritar.<\/em><\/strong><\/h4>\r\n<\/li>\r\n<\/ul>\r\n<h4 style=\"text-align: justify;\">Manipul\u0103rile politice prin clasific\u0103rile guvern\u0103rilor: <em>de st\u00e2nga, de centru, de dreapta, <\/em>nu fac altceva dec\u00e2t <em>s\u0103 abat\u0103 g\u00e2ndirea noastr\u0103 de la ra\u0163ionalitatea normal\u0103, existen\u0163ial\u0103 a prosperit\u0103\u0163ii, c\u0103tre concepte difuze<strong>,<\/strong><\/em> \u00een care nu se pot identifica suficient de clar <em>\u00een folosul cui se practic\u0103 guvernarea unei \u0163\u0103ri. <\/em>Pe baza acestei diviziuni politice a guvern\u0103rilor, asist\u0103m la alian\u0163e partinice de guvernare st\u00e2nga \u2013 dreapta, centru \u2013 dreapta, etc., \u00een care doctrinele politice sunt opuse, singura lor ra\u0163iune fiind de fapt prosperitatea acelora\u015fi grupuri de interese, interesele celor boga\u0163i (care au monopolizat func\u0163iile superioare din structurile statului capitalist de tip occidental).<\/h4>\r\n<h4 style=\"text-align: justify;\">Pentru a nu ne mai l\u0103sa manipula\u0163i, \u00een mod grosolan, v\u0103 propun o dezbatere pe tema democra\u0163iei, \u00een mai multe etape:<\/h4>\r\n<ol>\r\n \t<li style=\"text-align: justify;\">\r\n<h4><strong><em>etapa 1, \u00een\u0163elegerea conceptului democra\u0163ie \u015fi a indicatorilor <\/em><\/strong>dup\u0103 care fiecare dintre noi poate aprecia pe baze \u015ftiin\u0163ifice, dac\u0103 guvernarea \u0163\u0103rii este prodemocratic\u0103 sau antidemocratic\u0103;<\/h4>\r\n<\/li>\r\n \t<li style=\"text-align: justify;\">\r\n<h4><strong><em>etapa 2, \u00een\u0163elegerea elementelor de baz\u0103 ale teoriilor economice actuale<\/em><\/strong>, care fundamenteaz\u0103 docrtrinele politice aplicate \u00een guvernare, indiferent de alian\u0163a politic\u0103 de\u0163in\u0103toare a puterii statului;<\/h4>\r\n<\/li>\r\n \t<li style=\"text-align: justify;\">\r\n<h4><strong><em>etapa 3, ce este puterea statului <\/em><\/strong>\u015fi cum poate ea\u00a0 fi folosit\u0103 \u00een sens prodemocratic sau antidemocratic.<\/h4>\r\n<\/li>\r\n<\/ol>\r\n<h4 style=\"text-align: justify;\">Dezbaterea fiind la nivel de \u015ftiin\u0163\u0103 popularizat\u0103, voi \u00eencerca s\u0103 adopt un limbaj c\u00e2t mai pu\u0163in elevat (specializat) \u015fi o argumenta\u0163ie pe \u00een\u0163elesul tuturor.<\/h4>\r\n<h4><strong>Etapa 1. \u00a0Ce este democra\u0163ia \u015fi cum o putem evalua<\/strong><\/h4>\r\n<h4 style=\"text-align: justify;\">Am precizat la \u00eenceput c\u0103 <strong>democra\u0163ia este o stare a unei na\u0163iuni, \u00een care puterea statului este utilizat\u0103 pentru prosperitatea continu\u0103 a cet\u0103\u0163eanului majoritar.<\/strong><\/h4>\r\n<h4 style=\"text-align: justify;\">Aceast\u0103 defini\u0163ie eviden\u0163iaz\u0103 faptul c\u0103 <em>omul, datorit\u0103 educa\u0163iei, cercet\u0103rii \u015ftiin\u0163ifice \u015fi revolu\u0163iilor tehnologice, produce din ce \u00een ce mai multe bunuri \u015fi servicii, ceea ce \u00een mod ra\u0163ional ar trebui s\u0103 conduc\u0103 la un nivel de trai din ce \u00een ce mai bun <\/em>pentru toat\u0103 popula\u0163ia (mai pu\u0163in excep\u0163iile: biologice, care nu pot percepe bun\u0103starea \u015fi categoria social\u0103 a crimei organizate, care ar trebui oprimat\u0103 de puterea statului prodemocratic, deoarece atenteaz\u0103 la bun\u0103starea majorit\u0103\u0163ii).<\/h4>\r\n<h4 style=\"text-align: justify;\">Evident, <em>democra\u0163ia este un ideal de guvernare,<\/em> de aceea <strong><em>starea real\u0103 poate fi considerat\u0103 prodemocratic\u0103 \u015fi \u00een extremis antidemocratic\u0103 <\/em><\/strong>(guvernarea antidemocratic\u0103 fiind o realitate ira\u0163ional\u0103 \u015fi nu un ideal!).<\/h4>\r\n<h4 style=\"text-align: justify;\"><em>Caracterul idealist al guvern\u0103rii pur democratice <\/em>provine de la starea actual\u0103 \u015fi din viitorul previzibil al guvern\u0103rilor la nivel mondial, c<em>are sunt statuate pe baze politice<\/em>. Prin urmare, <em>guvernarea de tip politic, adic\u0103 de reprezentare a intereselor politice a unor anumite grupuri de interese, este prin defini\u0163ie antidemocratic\u0103,<\/em> <strong><em>deoarece interesele economice ale oric\u0103rui grup, de regul\u0103, contravin intereselor prosperit\u0103\u0163ii cet\u0103\u0163eanului majoritar.<\/em><\/strong><\/h4>\r\n<h4 style=\"text-align: justify;\"><strong><em>Pentru a evalua starea prodemocratic\u0103 sau antidemocratic\u0103 a unei guvern\u0103ri<\/em><\/strong>, <strong><em>trebuie s\u0103 \u00a0identific\u0103m m\u0103rimi ce pot fi m\u0103surate sau \/ comparate <\/em><\/strong>( prin prisma promov\u0103rii intereselor de prosperitate ale cet\u0103\u0163eanului majoritar), <strong><em>m\u0103rimi recunoscute, ca atare, de majoritatea statelor <\/em><\/strong>\u015fi consemnate \u00een acte juridice universale. Alte abord\u0103ri au mai mult un aspect de b\u00e2rf\u0103, de opinie nefundamentat\u0103 \u015ftiin\u0163ific.<\/h4>\r\n<h4 style=\"text-align: justify;\">Principalele m\u0103rimi caracteristice ale unei guvern\u0103ri prodemocratice, recunoscute la nivel interna\u0163ional, sunt <strong>drepturile universale ale omului<\/strong>, recunoscute \u00een Declara\u0163ia universal\u0103 a drepturilor omului (adoptat\u0103 \u00een Adunarea general\u0103 a ONU din 10.12.1948) \u015fi dezvoltate \u015fi precizate \u00een multe alte Conven\u0163ii \u015fi Declara\u0163ii acceptate la nivel interna\u0163ional, privind aceste drepturi, \u00eenc\u0103lc\u0103ri sau discrimin\u0103ri ale lor.<\/h4>\r\n<h4 style=\"text-align: justify;\">\u00cen aceast\u0103 <strong><em>Declara\u0163ie universal\u0103 a drepturilor omului, sunt precizate 32 de drepturi \u015fi \u00eendatoriri<\/em><\/strong>, <strong><em>m\u0103rimi a c\u0103ror aplicare \u00een practic\u0103\u00a0 la nivelul statelor , \u00een valoare m\u0103surabil\u0103 \u015fi \/ sau comparabil\u0103, determin\u0103 caracterul prodemocratic sau antidemocratic al guvern\u0103rii.<\/em><\/strong><\/h4>\r\n<h4 style=\"text-align: justify;\">Dac\u0103 toate statele au acceptat acela\u015fi act juridic universal, de ce exist\u0103 diferen\u0163e uria\u015fe \u00een respectarea lor \u00eentre diferite state \u015fi mai ales \u00eentre diferite sisteme socioeconomice?<\/h4>\r\n<h4 style=\"text-align: justify;\"><strong><em>O explica\u0163ie ce nu poate fi contrazis\u0103, const\u0103 faptul c\u0103 aplicarea fiec\u0103rui articol din Declara\u0163ia universal\u0103 a drepturilor omului, la specificul fiec\u0103rui stat se face pe baze politice,<\/em><\/strong> <strong><em>adic\u0103 pe baza intereselor economice ale grupurilor sociale reprezentate de partidul <\/em><\/strong>(alian\u0163a) <strong><em>de\u0163in\u0103tor al puterii statului.<\/em><\/strong><\/h4>\r\n<h4 style=\"text-align: justify;\">Din punct de vedere al grupului de interese reprezentat,<strong><em> \u00een lume exist\u0103 4 tipuri de sisteme socioeconomice,<\/em><\/strong> realizate pe baza\u00a0 c<strong><em>elor 4 doctrine politice, relativ distincte:<\/em><\/strong><\/h4>\r\n<ul>\r\n \t<li style=\"text-align: justify;\">\r\n<h4><strong><em>sistemul capitalist \u201eoccidental\u201d (al pie\u0163ei libere)<\/em><\/strong> \u2013 r<em>ealizat pe baza doctrinei politice liberale \u015fi neoliberale <\/em>(de extrem\u0103 dreapta), \u00een care intr\u0103<em> majoritatea statelor actuale. <\/em>Puterea statului este \u00een m\u00e2inile oligarhilor \u015fi este utilizat\u0103 exclusiv pentru maximizarea profiturilor lor;<\/h4>\r\n<\/li>\r\n \t<li style=\"text-align: justify;\">\r\n<h4><strong><em>sistemul capitalist social<\/em><\/strong> (de consum) \u2013 realizat <em>pe baza doctrinelor politice social democrate<\/em> (de centru), \u00een <em>care ar putea fi pozi\u0163ionate Fran\u0163a, Suedia, Finlanda, \u015f.a.,<\/em> sau pe baze manageriale (preponderent \u015ftiin\u0163ifice, impuse prin lege), cum ar putea fi localizat\u0103 Japonia, \u00een urma restaura\u0163iei Meiji (spre sf\u00e2r\u015fitul sec. XIX , \u00een care, printre altele, <em>s-a introdus principiul angaj\u0103rii pe via\u0163\u0103 a salaria\u0163ilor, adic\u0103 garantarea dreptului la un trai decent, prin eliminarea \u015fomajului<\/em>). Japonia actual\u0103, sub influen\u0163a ocupa\u0163iei militare americane este convertit\u0103 la capitalismul pie\u0163ei libere. Puterea statului este utilizat\u0103 pentru garantarea unui nivel de trai minimal suportabil;<\/h4>\r\n<\/li>\r\n \t<li style=\"text-align: justify;\">\r\n<h4><strong><em>sistemul socialist al pie\u0163ei mixte <\/em><\/strong>(calea a treia) \u2013 realizat pe <em>baza doctrinei politice socialiste <\/em>(pozi\u0163ionat\u0103 neadecvat, din punct de vedere politic \u00een grupul politic de centru), <em>\u00een care pot fi incluse modelul jugoslav condus de Tito<\/em> (stat distrus cu premeditare, pentru c\u0103 prezenta un model prodemocratic european, \u00een contradic\u0163ie cu cel capitalist de tip occidental)<em>, modelul actual Chinez, care asigur\u0103 o cre\u015ftere economic\u0103 permanent\u0103 de 8-10 % la 1,5 miliarde de oameni<\/em> (mai mult dec\u00e2t \u00eentreaga \u201esocietate occidental\u0103\u201d , Europa \u015fi SUA, la un loc). Puterea statului este exercitat\u0103 pentru cre\u015fterea continu\u0103 a nivelului de trai a \u00eentregii popula\u0163ii, permi\u0163\u00e2nd proprietatea privat\u0103 \u015fi acumularea averilor exclusiv pe baza performan\u0163elor economice. P\u0103m\u00e2ntul \u015fi bog\u0103\u0163iile naturale sunt proprietate de stat \u015fi sunt concesionate particularilor pe perioade determinate<em>;<\/em><\/h4>\r\n<\/li>\r\n \t<li style=\"text-align: justify;\">\r\n<h4><strong><em>sistemul socialist centralizat <\/em><\/strong>\u2013 realizat pe baza doctrinei politice comuniste (de extrem\u0103 st\u00e2nga), din care au f\u0103cut parte URSS, R.S. Rom\u00e2n\u0103 \u015fi sunt actuale \u00een Cuba, Coreea de Nord. Puterea statului este exercitat\u0103 de c\u0103tre clasa muncitoare, pentru cre\u015fterea nivelului de trai al \u00eentregii popula\u0163ii. Nu admite marea proprietate economic\u0103 privat\u0103.<\/h4>\r\n<\/li>\r\n<\/ul>\r\n<h4 style=\"text-align: justify;\"><strong>Diferen\u0163ele \u00een aplicarea prevederilor Declara\u0163iei universale ale drepturilor omului,<\/strong> \u00eentre cele 4 categorii de sisteme constau \u00een principal \u00een:<\/h4>\r\n<ul>\r\n \t<li style=\"text-align: justify;\">\r\n<h4><strong><em>ierarhizarea importan\u0163ei <\/em><\/strong>celor 32 de drepturi (in Declara\u0163ia universal\u0103, ordinea articolelor ce prev\u0103d aceste drepturi nu exprim\u0103 importan\u0163a lor pentru cet\u0103\u0163eanul majoritar);<\/h4>\r\n<\/li>\r\n \t<li style=\"text-align: justify;\">\r\n<h4><strong><em>implicarea statului \u00een garantarea lor,<\/em><\/strong> \u00eempotriva tendin\u0163elor diferitelor grupuri de interese de a le diminua \u015fi mai ales \u00eempotriva crimei organizate.<\/h4>\r\n<\/li>\r\n<\/ul>\r\n<h4 style=\"text-align: justify;\">Deoarece nu este necesar s\u0103 analiz\u0103m toate cele 32 de drepturi, libert\u0103\u0163i \u015fi obliga\u0163ii, voi lua \u00een considerare numai 7, <strong><em>\u00een ordinea importan\u0163ei argumentate \u015ftiin\u0163ific <\/em><\/strong>(nu\u00a0 \u00een ordinea politic\u0103, manipulatoare, a importan\u0163ei, prezentat\u0103 de media actual\u0103), astfel:<\/h4>\r\n<ol>\r\n \t<li style=\"text-align: justify;\">\r\n<h4><strong><em>Dreptul la via\u0163\u0103, libertate \u015fi securitate<\/em><\/strong> (art. 3), este cel mai important drept, f\u0103r\u0103 de care celelalte drepturi nu mai au sens;<\/h4>\r\n<\/li>\r\n \t<li style=\"text-align: justify;\">\r\n<h4><strong><em>Dreptul la educa\u0163ie minimal\u0103 gratuit\u0103<\/em><\/strong> (art. 26) este al doilea drept ca importan\u0163\u0103, deoarece individul uman needucat se comporta ca orice alt animal (autoadaptabilitate natural\u0103, nu con\u015ftient\u0103 datorat\u0103 educa\u0163iei umane), fiind incapabil de crea\u0163ie \u015fi produc\u0163ie de bunuri, adic\u0103 de cre\u015fterea nivelului de trai. El ar fi dependent total de condi\u0163iile mediului (cum se promoveaz\u0103 prin teoriile economiei pie\u0163ei libere!). Educa\u0163ia minimal\u0103 trebuie \u00een\u0163eleas\u0103 ca alfabetizare \u015fi profesionalizare;<\/h4>\r\n<\/li>\r\n \t<li style=\"text-align: justify;\">\r\n<h4><strong><em>Dreptul la asisten\u0163\u0103 medical\u0103 \u015fi social\u0103 gratuit\u0103<\/em><\/strong> (art. 25). \u00cen lipsa s\u0103n\u0103t\u0103\u0163ii, invalidit\u0103\u0163ii, b\u0103tr\u00e2ne\u0163ii, etc., celelalte drepturi nu mai pot fi utilizate eficient sau nu mai au sens;<\/h4>\r\n<\/li>\r\n \t<li style=\"text-align: justify;\">\r\n<h4><strong><em>Dreptul la un nivel decent de via\u0163\u0103 (sintez\u0103 a art. 23 \u015fi 25)<\/em><\/strong>, asigurat prin dreptul la munc\u0103 pl\u0103tit\u0103 echitabil;<\/h4>\r\n<\/li>\r\n \t<li style=\"text-align: justify;\">\r\n<h4><strong><em>Dreptul la proprietate<\/em><\/strong> (art. 17). Proprietatea este o expresia a muncii acumulate \u015fi garantul nivelului de trai decent;<\/h4>\r\n<\/li>\r\n \t<li style=\"text-align: justify;\">\r\n<h4><strong><em>Dreptul la liber\u0103 circula\u0163ie <\/em><\/strong>(art. 13). Libera circula\u0163ie are dou\u0103 componente: intern\u0103 \u015fi extern\u0103. Omul care nu poate circula f\u0103r\u0103 restric\u0163ii, cel pu\u0163in \u00een interiorul \u0163\u0103rii sale, nu se afl\u0103 \u00eentr-o guvernare prodemocratic\u0103;<\/h4>\r\n<\/li>\r\n \t<li style=\"text-align: justify;\">\r\n<h4><strong><em>Voin\u0163a poporului este baza puterii de stat<\/em><\/strong> (art. 21). Consfin\u0163e\u015fte obliga\u0163ia\u00a0 statului de a utiliza puterea\u00a0 pentru prosperitatea cet\u0103\u0163eanului majoritar (popor), adic\u0103 esen\u0163a guvern\u0103rii prodemocratice.<\/h4>\r\n<\/li>\r\n<\/ol>\r\n<h4 style=\"text-align: justify;\">A\u015fa cum se observ\u0103, Declara\u0163ia universal\u0103 a drepturilor omului, nu ierarhizeaz\u0103 drepturile \u015fi libert\u0103\u0163ile \u00eentr-o ordine strict descresc\u0103toare, de aceea statele politice \u00ee\u015fi rezerv\u0103 dreptul de a le trata \u00een ordinea necesar\u0103 grupului de interese reprezentat de partidul la guvernare.<\/h4>\r\n<h4 style=\"text-align: justify;\"><strong>Evaluarea cantitativ\u0103 a caracterului prodemocratic (antidemocratic) al unei guvern\u0103ri<\/strong><\/h4>\r\n<h4 style=\"text-align: justify;\">Pentru a face o analiz\u0103 cantitativ\u0103, perfectibil\u0103, a caracterului prodemocratic sau antidemocratic al tipului de societate \u00een care ne afl\u0103m \u015fi spre ce societate ar trebui s\u0103 ne \u00eendrept\u0103m, voi reprezenta \u00een tabelul 1 compara\u0163ie \u00eentre cele 4 sisteme, utiliz\u00e2nd urm\u0103toarea metodologie:<\/h4>\r\n<ul>\r\n \t<li style=\"text-align: justify;\">\r\n<h4><strong><em>Voi preciza pentru fiecare din cele 7 drepturi fundamentale<\/em><\/strong> (argumentate ca fiind cele mai importante), <strong><em>implicarea statului \u00een garantarea lor,<\/em><\/strong><em>descriptiv \u015fi aprecierea <strong>cantitativ\u0103 pe o scar\u0103 numeric\u0103 de la 1\u202610. <\/strong><\/em>Nivelul numeric<strong> <em>este pozitiv \u00een cazul garant\u0103rii par\u0163iale sau cvasitotale<\/em><\/strong> \u015fi <strong><em>negativ prin negarantarea dreptului <\/em><\/strong><em>\u015fi \/ sau favorizarea grupurilor antidemocratice<\/em> sau \/\u015fi a crimei organizate.<\/h4>\r\n<\/li>\r\n \t<li style=\"text-align: justify;\">\r\n<h4><strong><em>Se va \u00eensuma punctajul pentru cele 7 drepturi la fiecare sistem. Caracterul prodemocratic va fi propor\u0163ional cu nivelul punctajului ob\u0163inut. Punctajul negativ exprim\u0103 un caracter antidemocratic evident (<\/em>verificabil \u015fi prin sondajele de opinie, conform dreptului nr. 7<em>)<\/em><\/strong><\/h4>\r\n<\/li>\r\n<\/ul>\r\n<h4 style=\"text-align: justify;\">Rezultatele sunt trecute \u00een <a href=\"http:\/\/www.desteptati-va.ro\/wp-content\/uploads\/2011\/10\/tabel1.pdf\">tabelul 1.<\/a><\/h4>\r\n<figure id=\"attachment_2665\" aria-describedby=\"caption-attachment-2665\" style=\"width: 553px\" class=\"wp-caption aligncenter\"><a href=\"http:\/\/www.desteptati-va.ro\/wp-content\/uploads\/2011\/10\/tabel_1.png\"><img loading=\"lazy\" decoding=\"async\" class=\"size-large wp-image-2665 \" title=\"Tabel 1\" src=\"http:\/\/www.desteptati-va.ro\/wp-content\/uploads\/2011\/10\/tabel_1-1024x678.png\" alt=\"Tabel 1\" width=\"553\" height=\"366\" \/><\/a><figcaption id=\"caption-attachment-2665\" class=\"wp-caption-text\">Tabel 1<\/figcaption><\/figure>\r\n<h4 style=\"text-align: justify;\">Din tabel reiese faptul c<strong><em>\u0103 sistemul capitalist al pie\u0163ei libere<\/em><\/strong> (de tip occidental) <strong><em>este, indubitabil, un sistem antidemocratic,<\/em><\/strong> prin faptul c\u0103 guvernarea politic\u0103 (indiferent de culoare), nu urm\u0103re\u015fte bun\u0103starea cet\u0103\u0163eanului majoritar, ci maximizarea profiturilor grupurilor de interese care de\u0163in \u015fi func\u0163iile cheie \u00een stat.<\/h4>\r\n<h4 style=\"text-align: justify;\"><strong><em>Se pare c\u0103 sistemul cel mai apropiat de nivelul prodemocatic al unei guvern\u0103ri este sistemul \u201ecalea a treia\u201d. <\/em><\/strong><\/h4>\r\n<h4 style=\"text-align: justify;\">Ca o compara\u0163ie general\u0103,<strong><em> sistemul socialist, indiferent de variant\u0103,\u00a0 este incomparabil mai democratic dec\u00e2t cel capitalist indiferent de form\u0103,<\/em><\/strong> motiv pentru care a fost distrus, deoarece \u00een viitorul apropiat ar fi fost evident\u0103 superioritatea lui, f\u0103r\u0103 a mai fi credibil\u0103 propaganda ostil\u0103.<\/h4>\r\n<h4 style=\"text-align: justify;\">Toate descrierile din tabel pot fi identificate \u00een lucr\u0103rile de specialitate ale marilor oameni de \u015ftiin\u0163\u0103 contemporani: Joseph Stiglitz, Alvin Toffler etc.<\/h4>\r\n<h4 style=\"text-align: center;\">&#8211; va urma &#8211;<\/h4>        <div class=\"booster-block booster-reactions-block\">\n            <div class=\"twp-reactions-icons\">\n                \n                <div class=\"twp-reacts-wrap\">\n                    <a react-data=\"be-react-1\" post-id=\"3962\" class=\"be-face-icons un-reacted\" href=\"javascript:void(0)\">\n                        <img decoding=\"async\" src=\"https:\/\/desteptati-va.ro\/wp-content\/plugins\/booster-extension\/\/assets\/icon\/happy.svg\" alt=\"Happy\">\n                    <\/a>\n                    <div class=\"twp-reaction-title\">\n                        Happy                    <\/div>\n                    <div class=\"twp-count-percent\">\n                                                    <span style=\"display: none;\" class=\"twp-react-count\">0<\/span>\n                        \n                                                <span class=\"twp-react-percent\"><span>0<\/span> %<\/span>\n                                            <\/div>\n                <\/div>\n\n                <div class=\"twp-reacts-wrap\">\n                    <a react-data=\"be-react-2\" post-id=\"3962\" class=\"be-face-icons un-reacted\" href=\"javascript:void(0)\">\n                        <img decoding=\"async\" src=\"https:\/\/desteptati-va.ro\/wp-content\/plugins\/booster-extension\/\/assets\/icon\/sad.svg\" alt=\"Sad\">\n                    <\/a>\n                    <div class=\"twp-reaction-title\">\n                        Sad                    <\/div>\n                    <div class=\"twp-count-percent\">\n                                                    <span style=\"display: none;\" class=\"twp-react-count\">0<\/span>\n                                                                        <span class=\"twp-react-percent\"><span>0<\/span> %<\/span>\n                                            <\/div>\n                <\/div>\n\n                <div class=\"twp-reacts-wrap\">\n                    <a react-data=\"be-react-3\" post-id=\"3962\" class=\"be-face-icons un-reacted\" href=\"javascript:void(0)\">\n                        <img decoding=\"async\" src=\"https:\/\/desteptati-va.ro\/wp-content\/plugins\/booster-extension\/\/assets\/icon\/excited.svg\" alt=\"Excited\">\n                    <\/a>\n                    <div class=\"twp-reaction-title\">\n                        Excited                    <\/div>\n                    <div class=\"twp-count-percent\">\n                                                    <span style=\"display: none;\" class=\"twp-react-count\">0<\/span>\n                                                                        <span class=\"twp-react-percent\"><span>0<\/span> %<\/span>\n                                            <\/div>\n                <\/div>\n\n                <div class=\"twp-reacts-wrap\">\n                    <a react-data=\"be-react-6\" post-id=\"3962\" class=\"be-face-icons un-reacted\" href=\"javascript:void(0)\">\n                        <img decoding=\"async\" src=\"https:\/\/desteptati-va.ro\/wp-content\/plugins\/booster-extension\/\/assets\/icon\/sleepy.svg\" alt=\"Sleepy\">\n                    <\/a>\n                    <div class=\"twp-reaction-title\">\n                        Sleepy                    <\/div>\n                    <div class=\"twp-count-percent\">\n                                                    <span style=\"display: none;\" class=\"twp-react-count\">0<\/span>\n                        \n                                                <span class=\"twp-react-percent\"><span>0<\/span> %<\/span>\n                                            <\/div>\n                <\/div>\n\n                <div class=\"twp-reacts-wrap\">\n                    <a react-data=\"be-react-4\" post-id=\"3962\" class=\"be-face-icons un-reacted\" href=\"javascript:void(0)\">\n                        <img decoding=\"async\" src=\"https:\/\/desteptati-va.ro\/wp-content\/plugins\/booster-extension\/\/assets\/icon\/angry.svg\" alt=\"Angry\">\n                    <\/a>\n                    <div class=\"twp-reaction-title\">Angry<\/div>\n                    <div class=\"twp-count-percent\">\n                                                    <span style=\"display: none;\" class=\"twp-react-count\">0<\/span>\n                                                                        <span class=\"twp-react-percent\"><span>0<\/span> %<\/span>\n                        \n                    <\/div>\n                <\/div>\n\n                <div class=\"twp-reacts-wrap\">\n                    <a react-data=\"be-react-5\" post-id=\"3962\" class=\"be-face-icons un-reacted\" href=\"javascript:void(0)\">\n                        <img decoding=\"async\" src=\"https:\/\/desteptati-va.ro\/wp-content\/plugins\/booster-extension\/\/assets\/icon\/surprise.svg\" alt=\"Surprise\">\n                    <\/a>\n                    <div class=\"twp-reaction-title\">Surprise<\/div>\n                    <div class=\"twp-count-percent\">\n                                                    <span style=\"display: none;\" class=\"twp-react-count\">0<\/span>\n                                                                        <span class=\"twp-react-percent\"><span>0<\/span> %<\/span>\n                                            <\/div>\n                <\/div>\n\n            <\/div>\n        <\/div>\n\n    <\/div>","protected":false},"excerpt":{"rendered":"<p>Autor col. (r.) ing. Teodor Ghi\u0163escu Democra\u0163ia\u00a0 \u015fi antidemocra\u0163ia sunt dou\u0103 st\u0103ri extreme ale unei na\u0163iuni, ca o consecin\u0163\u0103 a<a href=\"https:\/\/desteptati-va.ro\/index.php\/2021\/04\/19\/democratie-versus-antidemocratie\/\">Read More<i class=\"fa fa-long-arrow-right\" aria-hidden=\"true\"><\/i><\/a><\/p>\n","protected":false},"author":1,"featured_media":2118,"comment_status":"open","ping_status":"open","sticky":false,"template":"","format":"standard","meta":{"_crdt_document":"","footnotes":""},"categories":[11],"tags":[1274,1275],"class_list":["post-3962","post","type-post","status-publish","format-standard","has-post-thumbnail","hentry","category-democratia-si-statul","tag-sistem-capitalism","tag-sistem-socialist"],"rise-blocks_total_comments":3,"rise-blocks_categories":[{"term_id":11,"name":"Democratia si Statul","slug":"democratia-si-statul","term_group":0,"term_taxonomy_id":11,"taxonomy":"category","description":"","parent":0,"count":6,"filter":"raw"}],"rise-blocks_excerpt":"Autor col. (r.) ing. Teodor Ghi\u0163escu Democra\u0163ia\u00a0 \u015fi antidemocra\u0163ia sunt dou\u0103 st\u0103ri extreme ale unei na\u0163iuni, ca o consecin\u0163\u0103 a modului de guvernare: Democratic, adic\u0103 utilizarea puterii statului pentru prosperitatea cet\u0103\u0163eanului majoritar (se excepteaz\u0103 categoriile sociale ale crimei organizate); Antidemocratic, adic\u0103 utilizarea puterii statului\u00a0 pentru prosperitatea unor grupuri de interese (inclusiv cele specifice crimei organizate), \u00een defavoarea cet\u0103\u0163eanului majoritar. Manipul\u0103rile..","yoast_head":"<!-- This site is optimized with the Yoast SEO plugin v26.9 - https:\/\/yoast.com\/product\/yoast-seo-wordpress\/ -->\r\n<title>Democra\u0163ie versus antidemocra\u0163ie -<\/title>\r\n<meta name=\"robots\" content=\"index, follow, max-snippet:-1, max-image-preview:large, max-video-preview:-1\" \/>\r\n<link rel=\"canonical\" href=\"https:\/\/desteptati-va.ro\/index.php\/2021\/04\/19\/democratie-versus-antidemocratie\/\" \/>\r\n<meta property=\"og:locale\" content=\"ro_RO\" \/>\r\n<meta property=\"og:type\" content=\"article\" \/>\r\n<meta property=\"og:title\" content=\"Democra\u0163ie versus antidemocra\u0163ie -\" \/>\r\n<meta property=\"og:description\" content=\"Autor col. (r.) ing. Teodor Ghi\u0163escu Democra\u0163ia\u00a0 \u015fi antidemocra\u0163ia sunt dou\u0103 st\u0103ri extreme ale unei na\u0163iuni, ca o consecin\u0163\u0103 aRead More\" \/>\r\n<meta property=\"og:url\" content=\"https:\/\/desteptati-va.ro\/index.php\/2021\/04\/19\/democratie-versus-antidemocratie\/\" \/>\r\n<meta property=\"article:published_time\" content=\"2021-04-19T08:44:31+00:00\" \/>\r\n<meta name=\"author\" content=\"wolfsoftcompany\" \/>\r\n<meta name=\"twitter:card\" content=\"summary_large_image\" \/>\r\n<meta name=\"twitter:label1\" content=\"Scris de\" \/>\n\t<meta name=\"twitter:data1\" content=\"wolfsoftcompany\" \/>\n\t<meta name=\"twitter:label2\" content=\"Timp estimat pentru citire\" \/>\n\t<meta name=\"twitter:data2\" content=\"9 minute\" \/>\r\n<script type=\"application\/ld+json\" class=\"yoast-schema-graph\">{\"@context\":\"https:\/\/schema.org\",\"@graph\":[{\"@type\":\"Article\",\"@id\":\"https:\/\/desteptati-va.ro\/index.php\/2021\/04\/19\/democratie-versus-antidemocratie\/#article\",\"isPartOf\":{\"@id\":\"https:\/\/desteptati-va.ro\/index.php\/2021\/04\/19\/democratie-versus-antidemocratie\/\"},\"author\":{\"name\":\"wolfsoftcompany\",\"@id\":\"https:\/\/desteptati-va.ro\/#\/schema\/person\/13182deeebd44920914899f7bb262d6b\"},\"headline\":\"Democra\u0163ie versus antidemocra\u0163ie\",\"datePublished\":\"2021-04-19T08:44:31+00:00\",\"mainEntityOfPage\":{\"@id\":\"https:\/\/desteptati-va.ro\/index.php\/2021\/04\/19\/democratie-versus-antidemocratie\/\"},\"wordCount\":1831,\"commentCount\":0,\"image\":{\"@id\":\"https:\/\/desteptati-va.ro\/index.php\/2021\/04\/19\/democratie-versus-antidemocratie\/#primaryimage\"},\"thumbnailUrl\":\"https:\/\/desteptati-va.ro\/wp-content\/uploads\/2021\/04\/democracy.bmp\",\"keywords\":[\"sistem capitalism\",\"sistem socialist\"],\"articleSection\":[\"Democratia si Statul\"],\"inLanguage\":\"ro-RO\",\"potentialAction\":[{\"@type\":\"CommentAction\",\"name\":\"Comment\",\"target\":[\"https:\/\/desteptati-va.ro\/index.php\/2021\/04\/19\/democratie-versus-antidemocratie\/#respond\"]}]},{\"@type\":\"WebPage\",\"@id\":\"https:\/\/desteptati-va.ro\/index.php\/2021\/04\/19\/democratie-versus-antidemocratie\/\",\"url\":\"https:\/\/desteptati-va.ro\/index.php\/2021\/04\/19\/democratie-versus-antidemocratie\/\",\"name\":\"Democra\u0163ie versus antidemocra\u0163ie -\",\"isPartOf\":{\"@id\":\"https:\/\/desteptati-va.ro\/#website\"},\"primaryImageOfPage\":{\"@id\":\"https:\/\/desteptati-va.ro\/index.php\/2021\/04\/19\/democratie-versus-antidemocratie\/#primaryimage\"},\"image\":{\"@id\":\"https:\/\/desteptati-va.ro\/index.php\/2021\/04\/19\/democratie-versus-antidemocratie\/#primaryimage\"},\"thumbnailUrl\":\"https:\/\/desteptati-va.ro\/wp-content\/uploads\/2021\/04\/democracy.bmp\",\"datePublished\":\"2021-04-19T08:44:31+00:00\",\"author\":{\"@id\":\"https:\/\/desteptati-va.ro\/#\/schema\/person\/13182deeebd44920914899f7bb262d6b\"},\"breadcrumb\":{\"@id\":\"https:\/\/desteptati-va.ro\/index.php\/2021\/04\/19\/democratie-versus-antidemocratie\/#breadcrumb\"},\"inLanguage\":\"ro-RO\",\"potentialAction\":[{\"@type\":\"ReadAction\",\"target\":[\"https:\/\/desteptati-va.ro\/index.php\/2021\/04\/19\/democratie-versus-antidemocratie\/\"]}]},{\"@type\":\"ImageObject\",\"inLanguage\":\"ro-RO\",\"@id\":\"https:\/\/desteptati-va.ro\/index.php\/2021\/04\/19\/democratie-versus-antidemocratie\/#primaryimage\",\"url\":\"https:\/\/desteptati-va.ro\/wp-content\/uploads\/2021\/04\/democracy.bmp\",\"contentUrl\":\"https:\/\/desteptati-va.ro\/wp-content\/uploads\/2021\/04\/democracy.bmp\",\"width\":538,\"height\":400},{\"@type\":\"BreadcrumbList\",\"@id\":\"https:\/\/desteptati-va.ro\/index.php\/2021\/04\/19\/democratie-versus-antidemocratie\/#breadcrumb\",\"itemListElement\":[{\"@type\":\"ListItem\",\"position\":1,\"name\":\"Prima pagin\u0103\",\"item\":\"https:\/\/desteptati-va.ro\/\"},{\"@type\":\"ListItem\",\"position\":2,\"name\":\"Democra\u0163ie versus antidemocra\u0163ie\"}]},{\"@type\":\"WebSite\",\"@id\":\"https:\/\/desteptati-va.ro\/#website\",\"url\":\"https:\/\/desteptati-va.ro\/\",\"name\":\"\",\"description\":\"\",\"potentialAction\":[{\"@type\":\"SearchAction\",\"target\":{\"@type\":\"EntryPoint\",\"urlTemplate\":\"https:\/\/desteptati-va.ro\/?s={search_term_string}\"},\"query-input\":{\"@type\":\"PropertyValueSpecification\",\"valueRequired\":true,\"valueName\":\"search_term_string\"}}],\"inLanguage\":\"ro-RO\"},{\"@type\":\"Person\",\"@id\":\"https:\/\/desteptati-va.ro\/#\/schema\/person\/13182deeebd44920914899f7bb262d6b\",\"name\":\"wolfsoftcompany\",\"image\":{\"@type\":\"ImageObject\",\"inLanguage\":\"ro-RO\",\"@id\":\"https:\/\/desteptati-va.ro\/#\/schema\/person\/image\/\",\"url\":\"https:\/\/secure.gravatar.com\/avatar\/a6cce9b6d101d27d91690e7073e300fed94c0899890bf998e082cb9d2c3d121e?s=96&d=mm&r=g\",\"contentUrl\":\"https:\/\/secure.gravatar.com\/avatar\/a6cce9b6d101d27d91690e7073e300fed94c0899890bf998e082cb9d2c3d121e?s=96&d=mm&r=g\",\"caption\":\"wolfsoftcompany\"},\"sameAs\":[\"http:\/\/desteptati-va.ro\"],\"url\":\"https:\/\/desteptati-va.ro\/index.php\/author\/wolfsoftcompany\/\"}]}<\/script>\r\n<!-- \/ Yoast SEO plugin. -->","yoast_head_json":{"title":"Democra\u0163ie versus antidemocra\u0163ie -","robots":{"index":"index","follow":"follow","max-snippet":"max-snippet:-1","max-image-preview":"max-image-preview:large","max-video-preview":"max-video-preview:-1"},"canonical":"https:\/\/desteptati-va.ro\/index.php\/2021\/04\/19\/democratie-versus-antidemocratie\/","og_locale":"ro_RO","og_type":"article","og_title":"Democra\u0163ie versus antidemocra\u0163ie -","og_description":"Autor col. (r.) ing. Teodor Ghi\u0163escu Democra\u0163ia\u00a0 \u015fi antidemocra\u0163ia sunt dou\u0103 st\u0103ri extreme ale unei na\u0163iuni, ca o consecin\u0163\u0103 aRead More","og_url":"https:\/\/desteptati-va.ro\/index.php\/2021\/04\/19\/democratie-versus-antidemocratie\/","article_published_time":"2021-04-19T08:44:31+00:00","author":"wolfsoftcompany","twitter_card":"summary_large_image","twitter_misc":{"Scris de":"wolfsoftcompany","Timp estimat pentru citire":"9 minute"},"schema":{"@context":"https:\/\/schema.org","@graph":[{"@type":"Article","@id":"https:\/\/desteptati-va.ro\/index.php\/2021\/04\/19\/democratie-versus-antidemocratie\/#article","isPartOf":{"@id":"https:\/\/desteptati-va.ro\/index.php\/2021\/04\/19\/democratie-versus-antidemocratie\/"},"author":{"name":"wolfsoftcompany","@id":"https:\/\/desteptati-va.ro\/#\/schema\/person\/13182deeebd44920914899f7bb262d6b"},"headline":"Democra\u0163ie versus antidemocra\u0163ie","datePublished":"2021-04-19T08:44:31+00:00","mainEntityOfPage":{"@id":"https:\/\/desteptati-va.ro\/index.php\/2021\/04\/19\/democratie-versus-antidemocratie\/"},"wordCount":1831,"commentCount":0,"image":{"@id":"https:\/\/desteptati-va.ro\/index.php\/2021\/04\/19\/democratie-versus-antidemocratie\/#primaryimage"},"thumbnailUrl":"https:\/\/desteptati-va.ro\/wp-content\/uploads\/2021\/04\/democracy.bmp","keywords":["sistem capitalism","sistem socialist"],"articleSection":["Democratia si Statul"],"inLanguage":"ro-RO","potentialAction":[{"@type":"CommentAction","name":"Comment","target":["https:\/\/desteptati-va.ro\/index.php\/2021\/04\/19\/democratie-versus-antidemocratie\/#respond"]}]},{"@type":"WebPage","@id":"https:\/\/desteptati-va.ro\/index.php\/2021\/04\/19\/democratie-versus-antidemocratie\/","url":"https:\/\/desteptati-va.ro\/index.php\/2021\/04\/19\/democratie-versus-antidemocratie\/","name":"Democra\u0163ie versus antidemocra\u0163ie -","isPartOf":{"@id":"https:\/\/desteptati-va.ro\/#website"},"primaryImageOfPage":{"@id":"https:\/\/desteptati-va.ro\/index.php\/2021\/04\/19\/democratie-versus-antidemocratie\/#primaryimage"},"image":{"@id":"https:\/\/desteptati-va.ro\/index.php\/2021\/04\/19\/democratie-versus-antidemocratie\/#primaryimage"},"thumbnailUrl":"https:\/\/desteptati-va.ro\/wp-content\/uploads\/2021\/04\/democracy.bmp","datePublished":"2021-04-19T08:44:31+00:00","author":{"@id":"https:\/\/desteptati-va.ro\/#\/schema\/person\/13182deeebd44920914899f7bb262d6b"},"breadcrumb":{"@id":"https:\/\/desteptati-va.ro\/index.php\/2021\/04\/19\/democratie-versus-antidemocratie\/#breadcrumb"},"inLanguage":"ro-RO","potentialAction":[{"@type":"ReadAction","target":["https:\/\/desteptati-va.ro\/index.php\/2021\/04\/19\/democratie-versus-antidemocratie\/"]}]},{"@type":"ImageObject","inLanguage":"ro-RO","@id":"https:\/\/desteptati-va.ro\/index.php\/2021\/04\/19\/democratie-versus-antidemocratie\/#primaryimage","url":"https:\/\/desteptati-va.ro\/wp-content\/uploads\/2021\/04\/democracy.bmp","contentUrl":"https:\/\/desteptati-va.ro\/wp-content\/uploads\/2021\/04\/democracy.bmp","width":538,"height":400},{"@type":"BreadcrumbList","@id":"https:\/\/desteptati-va.ro\/index.php\/2021\/04\/19\/democratie-versus-antidemocratie\/#breadcrumb","itemListElement":[{"@type":"ListItem","position":1,"name":"Prima pagin\u0103","item":"https:\/\/desteptati-va.ro\/"},{"@type":"ListItem","position":2,"name":"Democra\u0163ie versus antidemocra\u0163ie"}]},{"@type":"WebSite","@id":"https:\/\/desteptati-va.ro\/#website","url":"https:\/\/desteptati-va.ro\/","name":"","description":"","potentialAction":[{"@type":"SearchAction","target":{"@type":"EntryPoint","urlTemplate":"https:\/\/desteptati-va.ro\/?s={search_term_string}"},"query-input":{"@type":"PropertyValueSpecification","valueRequired":true,"valueName":"search_term_string"}}],"inLanguage":"ro-RO"},{"@type":"Person","@id":"https:\/\/desteptati-va.ro\/#\/schema\/person\/13182deeebd44920914899f7bb262d6b","name":"wolfsoftcompany","image":{"@type":"ImageObject","inLanguage":"ro-RO","@id":"https:\/\/desteptati-va.ro\/#\/schema\/person\/image\/","url":"https:\/\/secure.gravatar.com\/avatar\/a6cce9b6d101d27d91690e7073e300fed94c0899890bf998e082cb9d2c3d121e?s=96&d=mm&r=g","contentUrl":"https:\/\/secure.gravatar.com\/avatar\/a6cce9b6d101d27d91690e7073e300fed94c0899890bf998e082cb9d2c3d121e?s=96&d=mm&r=g","caption":"wolfsoftcompany"},"sameAs":["http:\/\/desteptati-va.ro"],"url":"https:\/\/desteptati-va.ro\/index.php\/author\/wolfsoftcompany\/"}]}},"_links":{"self":[{"href":"https:\/\/desteptati-va.ro\/index.php\/wp-json\/wp\/v2\/posts\/3962","targetHints":{"allow":["GET"]}}],"collection":[{"href":"https:\/\/desteptati-va.ro\/index.php\/wp-json\/wp\/v2\/posts"}],"about":[{"href":"https:\/\/desteptati-va.ro\/index.php\/wp-json\/wp\/v2\/types\/post"}],"author":[{"embeddable":true,"href":"https:\/\/desteptati-va.ro\/index.php\/wp-json\/wp\/v2\/users\/1"}],"replies":[{"embeddable":true,"href":"https:\/\/desteptati-va.ro\/index.php\/wp-json\/wp\/v2\/comments?post=3962"}],"version-history":[{"count":1,"href":"https:\/\/desteptati-va.ro\/index.php\/wp-json\/wp\/v2\/posts\/3962\/revisions"}],"predecessor-version":[{"id":3964,"href":"https:\/\/desteptati-va.ro\/index.php\/wp-json\/wp\/v2\/posts\/3962\/revisions\/3964"}],"wp:featuredmedia":[{"embeddable":true,"href":"https:\/\/desteptati-va.ro\/index.php\/wp-json\/wp\/v2\/media\/2118"}],"wp:attachment":[{"href":"https:\/\/desteptati-va.ro\/index.php\/wp-json\/wp\/v2\/media?parent=3962"}],"wp:term":[{"taxonomy":"category","embeddable":true,"href":"https:\/\/desteptati-va.ro\/index.php\/wp-json\/wp\/v2\/categories?post=3962"},{"taxonomy":"post_tag","embeddable":true,"href":"https:\/\/desteptati-va.ro\/index.php\/wp-json\/wp\/v2\/tags?post=3962"}],"curies":[{"name":"wp","href":"https:\/\/api.w.org\/{rel}","templated":true}]}}