{"id":3977,"date":"2021-04-19T08:54:10","date_gmt":"2021-04-19T08:54:10","guid":{"rendered":"http:\/\/desteptati.ro\/?p=3977"},"modified":"2022-02-01T10:16:30","modified_gmt":"2022-02-01T08:16:30","slug":"romania-penetrata-de-servicii-secrete","status":"publish","type":"post","link":"https:\/\/desteptati-va.ro\/index.php\/2021\/04\/19\/romania-penetrata-de-servicii-secrete\/","title":{"rendered":"Rom\u00e2nia penetrat\u0103 de servicii secrete"},"content":{"rendered":"<div class=\"post-content\"><div class='booster-block booster-read-block'>\n                <div class=\"twp-read-time\">\n                \t<i class=\"booster-icon twp-clock\"><\/i> <span>Read Time:<\/span>15 Minute, 53 Second                <\/div>\n\n            <\/div><div style=\"text-align: justify;\">\n<h1><span style=\"color: #ff0000;\">Rom\u00e2nia penetrat\u0103 de servicii secrete<\/span><\/h1>\n<h4><\/h4>\n<h4 style=\"text-align: justify;\">Datele \u015fi informa\u0163iile de\u0163inute de Serviciile Secrete ale \u0163\u0103rii noastre dovedesc penetrarea de catre Serviciile de Informa\u0163ii ale Ungariei a structurilor de decizie rom\u00e2ne\u015fti, la toate nivelurile. Ac\u0163iunile acestora sunt subsecvente planului de integrare treptat\u0103 a Transilvaniei \u00een Ungaria, prin ac\u0163iuni lente, dar ferme, \u00een toate domeniile, dar \u00een special cel economic, pe care \u00eel consider\u0103 fundamental \u00een realizarea \u0163intei vizate. Informa\u0163iile ob\u0163inute de Serviciile Secrete rom\u00e2ne\u015fti \u00een urm\u00e3 cu c\u00e2\u0163iva ani, dup\u0103 vizita incognito efectuat\u0103 \u00een Rom\u00e2nia de \u015feful Serviciilor Secrete maghiare de la acea dat\u0103, atestau faptul ca Ungaria, prin concernul MOL, spre exemplu, preg\u0103tea o politic\u0103 agresiv\u0103, \u00een vederea dob\u00e2ndirii unei pozi\u0163ii dominante pe pia\u0163a carburan\u0163ilor din Rom\u00e2nia, prin \u00eenfiin\u0163area a peste 200 de sta\u0163ii de distribu\u0163ie \u00een principalele ora\u015fe ale \u0163\u0103rii \u015fi pe traseele \u015fi \u00een zonele considerate strategice.<\/h4>\n<figure id=\"attachment_3492\" aria-describedby=\"caption-attachment-3492\" style=\"width: 378px\" class=\"wp-caption aligncenter\"><a href=\"http:\/\/www.desteptati-va.ro\/wp-content\/uploads\/2012\/04\/imagesCA90Q9YR.jpg\"><img loading=\"lazy\" decoding=\"async\" class=\" wp-image-3492\" title=\"imagesCA90Q9YR\" src=\"http:\/\/www.desteptati-va.ro\/wp-content\/uploads\/2012\/04\/imagesCA90Q9YR.jpg\" alt=\"Gyula Horn\" width=\"378\" height=\"253\"><\/a><figcaption id=\"caption-attachment-3492\" class=\"wp-caption-text\">Gyula Horn<\/figcaption><\/figure>\n<h4 style=\"text-align: justify;\">De altfel, informa\u0163ii \u015fi date despre activitatea Serviciilor de Informa\u0163ii (de spionaj) maghiare \u00eendreptate \u00eempotriva intereselor politice, economice \u015fi militare rom\u00e2ne\u015fti s-au de\u0163inut cu mult \u00eenainte de 1990 \u015fi toate aveau ca punct de pornire Consulatul ungar din Cluj. Documentarea lor a necesitat o activitate intens\u0103 din partea organelor de contraspionaj rom\u00e2ne\u015fti, iar munca acestora s-a concretizat \u00een cursul anului 1988, c\u00e2nd Ceau\u015fescu, pus \u00een fa\u0163a unor probe indubitabile, a ordonat desfiin\u0163area oficinei de spionaj respective. Dupa 1990, ac\u0163iunile spionajului maghiar au fost reluate cu \u015fi mai mare for\u0163\u0103 \u015fi, favorizate de inac\u0163iunea Serviciilor Speciale rom\u00e2ne\u015fti, determinat\u0103 de complicitatea factorului politic, au reu\u015fit s\u0103 penetreze structurile de decizie ale Statului Rom\u00e2n, at\u00e2t la nivel de Guvern, c\u00e2t \u015fi la nivel de Pre\u015fedin\u0163ie. \u00centr-un singur caz, contraspionajul rom\u00e2nesc \u015fi-a mai spus cuv\u00e2ntul, \u00een anul 1993, c\u00e2nd fostul ministru de Externe \u00een Guvernul V\u0103c\u0103roiu, Teodor Mele\u015fcanu, i-a prezentat omologului s\u0103u ungar, Gyula Horn, date despre activitatea de spionaj a unui cadru activ al serviciilor maghiare. De atunci, cu toate c\u0103 ac\u0163iunile au luat amploare o dat\u0103 cu cooptarea la guvernare a UDMR \u00een Guvernul CDR, orice date, informa\u0163ii, ac\u0163iuni ale spionajului maghiar au fost trecute sub t\u0103cere de c\u0103tre factorii politici, ceea ce a facilitat desf\u0103\u015furarea de for\u0163e ostile maghiare \u00een toate domeniile de activitate \u015fi de decizie ale Statului Rom\u00e2n.<\/h4>\n<figure id=\"attachment_3494\" aria-describedby=\"caption-attachment-3494\" style=\"width: 396px\" class=\"wp-caption aligncenter\"><a href=\"http:\/\/www.desteptati-va.ro\/wp-content\/uploads\/2012\/04\/paszkany.jpg\"><img loading=\"lazy\" decoding=\"async\" class=\" wp-image-3494\" title=\"CHAMPIONS LEAGUE - CFR CLUJ - CHELSEA LONDRA\" src=\"http:\/\/www.desteptati-va.ro\/wp-content\/uploads\/2012\/04\/paszkany-300x199.jpg\" alt=\"Arpad Paskany\" width=\"396\" height=\"263\"><\/a><figcaption id=\"caption-attachment-3494\" class=\"wp-caption-text\">Arpad Paskany<\/figcaption><\/figure>\n<h4 style=\"text-align: justify;\">\u00cen timpul guvernarii CDR-iste, la nivelul unit\u0103\u0163ii rom\u00e2ne\u015fti de contraspionaj economic, \u00eencepuser\u0103 s\u0103 fie de notorietate ac\u0163iunile cadrelor de spionaj maghiare de la ambasad\u0103, care ac\u0163ionau pe fa\u0163\u0103 pentru culegerea de informa\u0163ii cu caracter economic care s\u0103-i ajute s\u0103 ob\u0163in\u0103 evidente avantaje materiale pentru \u0163ara lor de origine, mai ales \u00een domeniul privatiz\u0103rilor. Cazul cel mai relevant a fost cel legat de vicepre\u015fedintele FPS la acea dat\u0103, Victor Eros, evreu maghiar, care, f\u0103r\u0103 nici o team\u00e3, \u00eencepuse s\u0103 furnizeze date despre inten\u0163iile de privatizare ale guvernan\u0163ilor rom\u00e2ni, at\u00e2t telefonic, c\u00e2t \u015fi prin intermediul secretarei \u015fi al \u015foferului s\u0103u chiar direct, consilierului economic al Ambasadei Ungariei la Bucure\u015fti. Erau folosi\u0163i \u00een acest timp ca \u201eprieteni&#8221; \u00een afaceri fra\u0163ii Andrei \u015fi Sorin Dimitriu, stimula\u0163i cu diverse aten\u0163ii, inclusiv concedii \u015fi petreceri \u00een Ungaria, zona Lacului Balaton. Acela\u015fi tratament l-au aplicat \u015fi succesorului acestuia la fotoliul de pre\u015fedinte al FPS, clujeanul Radu S\u00e2rbu, momit s\u0103 intre \u00een afaceri de Zoltan Arpad Paszkany. Acest Paszkany a devenit, \u00eentr-un interval extrem de scurt, din dealer de ma\u015fini second hand, un prosper om de afaceri, care de\u0163ine reprezentan\u0163ele locale ale firmelor Opel si Chevrolet, precum si cel mai important imobil de birouri din Cluj, Sigma Center, este administratorul companiei Polus \u015fi reprezentant \u00een Rom\u00e2nia al holdingului TriGranit Feijlesztesi RT din Budapesta. La Cluj, Paszkany este unul dintre cei mai tari juc\u0103tori din domeniul imobiliar, ca urmare a asocierii dintre Consiliul Local si Polus. Afacerea POLUS a intrat \u00een aten\u0163ia organelor speciale rom\u00e2ne \u00eenc\u0103 din 1998, atunci c\u00e2nd un teren proprietate public\u0103 a statului, de 34 hectare, aflat \u00een imediata apropiere a Municipiului Cluj-Napoca, a intrat \u00een posesia firmei respective prin contribu\u0163ia direct\u0103 a fostului prefect de Cluj, Alexandru Farca\u015f, \u015fi a lui Radu S\u00e2rbu. Afacerea POLUS a \u00eenceput \u00een timpul Regimului Constantinescu, care, de altfel, a primit vizita celebrului congresman american de origine maghiaro-evreiasca Tom Lantos, anume venit \u00een vizit\u0103 pentru a u\u015fura investi\u0163ia lui Paszkany, Polus Center. Dup\u0103 Cluj, Firma Polus vizeaz\u0103 p\u0103trunderea \u00een Bucure\u015fti si \u00een c\u00e2teva dintre ora\u015fele mari ale Rom\u00e2niei, inten\u0163ion\u00e2nd implementarea a 7 mari investitii, de peste 2,5 miliarde de euro. Corpora\u0163ia pe care o reprezint\u0103 Arpad Paszkany este TriGranit, cu baza \u00een Canada \u2013 un centru al iredentismului maghiar, care este \u015fi o surs\u0103 de finan\u0163are a Serviciului de Informa\u0163ii ungar AVO \u2013 \u015fi subsidiare \u00een Marea Britanie, Ungaria si Rom\u00e2nia \u015fi ale c\u0103rei investi\u0163ii vizeaz\u0103 Ungaria \u015fi \u0163\u0103rile din jur, cu minorit\u0103\u0163i maghiare semnificative. TriGranit are, printre ac\u0163ionari, Fondul de Investi\u0163ii Immoeast, un puternic investitor pe pia\u0163a imobiliar\u0103 rom\u00e2neasc\u0103, precum \u015fi pe Nathaniel Rothschild, copre\u015fedinte al Fondului de Investi\u0163ii Atticus Capital, descendent al cunoscutei familii de bancheri evrei din Marea Britanie. De altfel, Paszkany \u015fi-a creat imperiul financiar prin infuzii dubioase de capital din Ungaria \u015fi SUA, provenite de la lobby-ul maghiar, antirom\u00e2nesc prin defini\u0163ie. Este foarte interesant cum acest Paszkany, cercetat \u00een mai multe dosare penale, \u00eentre care \u015fi unul pentru instigare la \u015fantaj \u015fi sprijinire a unui grup infrac\u0163ional organizat, el fiind un cunoscut cadru activ al spionajului maghiar \u00een Rom\u00e2nia, este l\u0103sat liber, s\u0103-\u015fi desf\u0103\u015foare \u00een lini\u015fte afacerile, s\u0103-\u015fi organizeze \u015fi s\u0103-\u015fi dirijeze re\u0163eaua pe teritoriul \u0163\u0103rii, f\u0103r\u0103 m\u0103car sa fie c\u00e2t de pu\u0163in deranjat. Nimeni nu se \u00eentreab\u0103 cum de este posibil ca acesta s\u0103 finan\u0163eze, nestingherit, cu banii spionajului maghiar de la Budapesta, echipa de fotbal CFR Cluj. Potrivit apropia\u0163ilor, el are la dispozi\u0163ie sute de milioane de euro, din care, \u00een urmatorii ani, \u00een CFR Cluj se vor investi aproximativ 100 milioane de euro. Fugit \u015fi revenit \u00een \u0163ara atunci c\u00e2nd i s-a promis c\u0103 nu va p\u0103\u0163i nimic, acest spion are ca sarcina s\u0103 c\u00e2\u015ftige Campionatul \u00een Rom\u00e2nia tocmai pentru a influen\u0163a mai puternic zona de nord a \u0163\u0103rii, acolo unde, \u00een lipsa altor echipe competitive, echipa clujean\u0103 este perceput\u0103 ca una fanion. Preluarea de c\u0103tre Zoltan Arpad Paszkany a celui mai vechi club de fotbal din Rom\u00e2nia, CFR Cluj, nu a fost \u00eensa \u00eent\u00e2mpl\u0103toare. \u00centemeiat\u0103 \u00een anul 1907, \u00een Cluj, echipa era perceputa ca fiind a maghiarilor, \u00een timp ce Universitatea Cluj, \u00eentemeiata \u00een anul 1919, era considerat\u0103 a rom\u00e2nilor. Aceast\u0103 delimitare provine din anul 1940, cand nord-vestul Transilvaniei a fost cedat Ungariei horthyste prin Diktatul de la Viena, iar Universitatea din Cluj s-a refugiat la Sibiu \u015fi, o dat\u0103 cu ea, \u015fi echipa de fotbal a studen\u0163ilor. CFR Cluj a r\u0103mas \u00een ora\u015f \u015fi chiar s-a \u00eenscris \u00een campionatul de fotbal al Ungariei \u00een perioada 1940-1944, act considerat de rom\u00e2ni o tr\u0103dare f\u0103\u0163i\u015f\u0103. Prin echipa de fotbal \u201eungureasc\u0103&#8221; din Ardeal, Paszkany vizeaz\u0103 un control simbolic al zonei, deoarece el controleaz\u0103 \u015fi un \u201egrup regionalist&#8221; \u2013 \u201eEureka&#8221;, acesta ac\u0163ion\u00e2nd sub comanda Budapestei \u015fi av\u00e2nd ca obiectiv regionalizarea Rom\u00e2niei. Membrii acestui grup au rela\u0163ii inclusiv \u00een Poli\u0163ie \u015fi \u00een Serviciile Secrete. Liviu Man, unul dintre oamenii de \u00eencredere ai omului de afaceri maghiar, este apropiat de Vladimir Tism\u0103neanu, ca \u015fi de al\u0163i membri de v\u00e2rf ai GDS-ului, promotori ai tezelor Budapestei, pe filiera Soros. Grupul \u201eEureka&#8221; este, oficial, o organiza\u0163ie \u201enon profit&#8221;, care se ocup\u0103 \u00eens\u0103 \u015fi de afaceri (prin societ\u0103\u0163ile Group Eureka SRL si Eureka Media SRL) \u015fi al c\u0103rei lider politic, la vedere, este fostul ministru al Comunica\u0163iilor, Zsolt Nagy. Liderul informal al grupului \u201eEureka&#8221; este tot Paszkany, iar organiza\u0163ia sa, conectat\u0103 puternic la mediul de afaceri maghiar din Transilvania, sus\u0163ine financiar UDMR-ul. Prin acela\u015fi Zsolt Nagy, echipa de fotbal CFR Cluj a beneficiat de un contract de publicitate cu Po\u015fta Rom\u00e2n\u0103, companie c\u0103reia Paszkany i-a mai v\u00e2ndut, f\u0103r\u0103 licita\u0163ie, 8 autoturisme, prin firma Ecomax General Investments SRL. Numitul Paszkany este \u015fi principalul sponsor, cu sume uria\u015fe, al campaniei electorale din iunie 2004 a lui Emil Boc pentru c\u00e2\u015ftigarea Prim\u0103riei Clujului, ca \u015fi al Alian\u0163ei DA \u00een jude\u0163ul Cluj. Tot el este personajul pe care \u015feful statului, Traian B\u0103sescu, l-a dat ca exemplu de civism \u00een \u015fedin\u0163a de bilan\u0163 a Ministerului Public din 6 martie 2007, afirm\u00e2nd c\u0103 a primit un memoriu de la \u201eun om de afaceri clujean&#8221;, \u00een care se face referire la fapte grave de corup\u0163ie ale unor oameni politici \u015fi de afaceri. Pe Paszkany \u00eel reg\u0103sim \u015fi al\u0103turi de premierul T\u0103riceanu \u015fi de Dinu Patriciu, asocia\u0163i, printre al\u0163ii, \u00een selecta loj\u0103 a Clubului Vinului SRL, \u00eenfiin\u0163at \u00een 11 noiembrie 2004 de avoca\u0163ii Ernest Popovici, Florian Ni\u0163u \u015fi Sorin Alaz\u0103roaie, de la Casa \u201ePopovici&amp;Asocia\u0163ii&#8221;. La nici o lun\u0103 de la constituire, \u00een Club au intrat 31 de noi asocia\u0163i, printre care T\u0103riceanu \u015fi Patriciu.<\/h4>\n<figure id=\"attachment_3496\" aria-describedby=\"caption-attachment-3496\" style=\"width: 394px\" class=\"wp-caption aligncenter\"><a href=\"http:\/\/www.desteptati-va.ro\/wp-content\/uploads\/2012\/04\/CLIN_P1.jpg\"><img loading=\"lazy\" decoding=\"async\" class=\" wp-image-3496\" title=\"CLIN_P~1\" src=\"http:\/\/www.desteptati-va.ro\/wp-content\/uploads\/2012\/04\/CLIN_P1-300x239.jpg\" alt=\"Calin Popescu Tariceanu\" width=\"394\" height=\"314\"><\/a><figcaption id=\"caption-attachment-3496\" class=\"wp-caption-text\">Calin Popescu Tariceanu<\/figcaption><\/figure>\n<h4 style=\"text-align: justify;\">Un alt nume str\u00e2ns legat de cel al lui C\u0103lin Popescu-T\u0103riceanu este Rudas Erno, fost \u015fef al agenturii maghiare \u00een Rom\u00e2nia. Cunoscut drept spion, diplomat, dar \u015fi om de afaceri de succes \u00een Rom\u00e2nia, Rudas Erno are leg\u0103turi si \u00een Voivodina, unde se afl\u0103 o semnificativ\u0103 minoritate maghiar\u0103, ca \u015fi \u00een Croa\u0163ia si \u00een Transcarpatia, \u00een spa\u0163iul ucrainian. Rudas Erno a intrat \u00een aten\u0163ia Securit\u0103\u0163ii \u00eenc\u00e3 din 1982, c\u00e2nd folosea valiza diplomatic\u0103 pentru a introduce \u00een Rom\u00e2nia materiale antirom\u00e2ne\u015fti pentru o revist\u0103 coordonat\u0103 de Laszlo Tokes si Szocs Geza. \u00cen 1988 a fost retras de la post, pentru a nu fi expulzat. \u00cen 1989 a fost retrimis \u00een Rom\u00e2nia ca s\u0103 coordoneze implicarea Ungariei \u00een \u201erevolu\u0163ie&#8221;, prilej perfect pentru scopurile sale revizioniste. A coordonat difuzarea de manifeste \u00een Bucure\u015fti, o ma\u015fin\u0103 a Ambasadei Ungariei fiind re\u0163inut\u0103 de c\u0103tre organele de Mili\u0163ie \u00een timp ce \u00eempr\u0103\u015ftia pe raza Capitalei materiale cu con\u0163inut antirom\u00e2nesc. Dup\u0103 1990, pentru meritele sale deosebite, este repus \u00een func\u0163ia de ambasador al Ungariei la Bucure\u015fti, continu\u00e2ndu-\u015fi activitatea de spionaj. Chiar dac\u0103 \u00een 1993 a fost retras din func\u0163ie ca urmare a \u00een\u0163elegerii dintre mini\u015ftrii de Externe rom\u00e2n, Teodor Mele\u015fcanu, \u015fi cel maghiar, Gyula Horn, Rudas Erno a continuat s\u0103-\u015fi exercite calitatea de spion, de data aceasta sub acoperire comercial\u0103. \u00cen noua postur\u0103 de om de afaceri, \u00een baza informa\u0163iilor ob\u0163inute, Rudas Erno s-a \u00eendreptat spre C\u0103lin Popescu-T\u0103riceanu, un candidat cu mari \u015fanse la fotoliul de premier. Este posibil ca T\u0103riceanu s\u0103 fi intrat \u00een aten\u0163ia Serviciului de Spionaj ungar \u015fi prin prisma faptului c\u0103 tat\u0103l s\u0103u adoptiv, Dan Amedeo L\u0103z\u0103rescu, cunoscut mason, beneficiind de contacte la nivel interna\u0163ional, fusese angrenat de fostul DSS (Departamentul Securit\u0103\u0163ii Statului) \u00een supravegherea activit\u0103\u0163ilor iredentiste maghiare. Ca \u00een multe alte cazuri, a ap\u0103rut suspiciunea c\u0103 b\u0103tr\u00e2nul ar fi putut fi \u201e\u00eentors&#8221;, adic\u0103 transformat \u00een agent dublu, iar fiul s\u0103u adoptiv n-ar face dec\u00e2t s\u0103-i urmeze calea. De fapt, L\u0103z\u0103rescu scria \u00een 1990 \u00een ziarul \u201eLiberalul&#8221; c\u0103 \u201efederalismul este unicul drum pe care Rom\u00e2nia trebuie sa mearg\u0103&#8221;, aceasta fiind, dup\u0103 cum se \u015ftie, una dintre temele predilecte ale discursului public al UDMR. Cert este c\u0103, specul\u00e2nd pasiunea lui T\u0103riceanu pentru motociclete, \u00een 2003 Rudas Erno i-a propus o asociere, \u015fi astfel a luat na\u015ftere, \u00een septembrie acela\u015fi an, firma H-D Clasic Motorcycles SRL. Potrivit Registrului Comer\u0163ului, obiectul de activitate este \u201ecomer\u0163 cu motociclete, piese \u015fi accesorii aferente; \u00eentretinerea \u015fi repararea motocicletelor&#8221;, iar ac\u0163ionari ai societ\u0103\u0163ii sunt cet\u0103\u0163eanul ungar Rudas Erno (50% din capitalul social) \u015fi Automotive Trading Services SRL &#8211; ATS (50%), firma care \u00eei apar\u0163ine lui C\u0103lin Popescu-T\u0103riceanu, \u00een propor\u0163ie de 90%, conform propriei Declara\u0163ii de Avere. Rod al \u201eapropierii&#8221; continue a premierului T\u0103riceanu de Budapesta, perioada 2005-2006 a fost marcata de o efervescen\u0163\u0103 \u00een \u201ecolaborarea&#8221; rom\u00e2no-ungar\u0103 la nivel guvernamental \u2013 \u015fedin\u0163a comun\u0103 a guvernelor rom\u00e2n \u015fi ungar la Bucure\u015fti, \u00een luna octombrie 2005, consult\u0103ri regulate, realizarea unor \u201eproiecte comune&#8221;, \u00eentre care deschiderea Consulatului maghiar de la Miercurea Ciuc, inaugurarea cursei aeriene directe \u00eentre T\u00e2rgu Mure\u015f \u015fi Budapesta, \u00eenfiin\u0163area Camerei de Comer\u0163 rom\u00e2no-ungare \u2013, sus\u0163inute \u015fi promovate, evident, de premierul T\u0103riceanu \u015fi omologul s\u0103u Ferenc Gyurcsony. Folosindu-se de \u201ebun\u0103voin\u0163a&#8221; lui T\u00e3riceanu, spionajul maghiar a reu\u015fit s\u0103 planteze \u00een domenii-cheie ale guvernului s\u0103u la agen\u0163ii aflate \u00een subordinea acestuia personaje cu ajutorul c\u0103rora ob\u0163ine informa\u0163ii de o importan\u0163\u0103 excep\u0163ional\u0103 privind siguran\u0163a na\u0163ional\u0103 a Rom\u00e2niei \u015fi dirijeaz\u0103, totodat\u0103, anumite decizii ale Executivului de la Bucure\u015fti \u00een favoarea \u0163\u0103rii de origine.<\/h4>\n<figure id=\"attachment_3497\" aria-describedby=\"caption-attachment-3497\" style=\"width: 427px\" class=\"wp-caption aligncenter\"><a href=\"http:\/\/www.desteptati-va.ro\/wp-content\/uploads\/2012\/04\/borbely_karoly_09254300.jpg\"><img loading=\"lazy\" decoding=\"async\" class=\" wp-image-3497\" title=\"borbely_karoly_09254300\" src=\"http:\/\/www.desteptati-va.ro\/wp-content\/uploads\/2012\/04\/borbely_karoly_09254300-300x168.jpg\" alt=\"Borbely Karoly\" width=\"427\" height=\"239\"><\/a><figcaption id=\"caption-attachment-3497\" class=\"wp-caption-text\">Borbely Karoly<\/figcaption><\/figure>\n<h4 style=\"text-align: justify;\">Unul dintre acestea este Dezsi Iosif Zoltan, pre\u015fedintele Administra\u0163iei Na\u0163ionale a Rezervelor de Stat (ANRS), organism aflat \u00een subordinea Ministerului Internelor \u015fi Reformei Administrative. \u00cen aceast\u0103 institu\u0163ie se concentreaz\u0103 secrete de stat de o importan\u0163\u0103 excep\u0163ional\u0103 at\u00e2t pe timp de pace, c\u00e2t \u015fi pe timp de r\u0103zboi, despre rezervele de stat \u015fi strategia cu privire la acestea, ca resurs\u0103 intern\u0103 de securitate, prin constituirea stocurilor de produse \u015fi bunuri de strict\u0103 necesitate necesare interven\u0163iilor operative pentru protec\u0163ia popula\u0163iei, a economiei \u015fi siguran\u0163ei na\u0163ionale \u00een situa\u0163ii excep\u0163ionale, determinate de calamit\u0103\u0163i naturale, epidemii, epizootii, accidente industriale sau nucleare, fenomene sociale sau economice, conjuncturi externe sau ac\u0163iuni asimetrice nepremeditate. Prin numirea acestui evreu maghiar \u00een fruntea ANRS s-a realizat cea mai \u201elegal\u0103&#8221; form\u0103 de transmitere de informa\u0163ii clasificate c\u0103tre o putere str\u0103in\u0103. Un alt punct sensibil \u00eel reprezint\u0103 Ministerul Comunica\u0163iilor \u015fi Tehnologiei Informa\u0163iilor, a c\u0103rui misiune este asigurarea condi\u0163iilor de trecere la societatea informa\u0163ional\u0103, care presupune implementarea coerent\u0103 \u015fi generalizat\u0103 de sisteme informatice integrate. Faptul c\u0103 organiza\u0163iile, oricare ar fi ele, depind de re\u0163elele de comunica\u0163ii electronice \u015fi de sistemele si serviciile informatice face ca acestea s\u0103 fie mult mai vulnerabile la amenin\u0163\u0103rile de securitate, astfel c\u0103 sunt evidente importan\u0163a \u015fi sensibilitatea acestui domeniu \u00een ecua\u0163ia siguran\u0163ei na\u0163ionale.<\/h4>\n<figure id=\"attachment_3498\" aria-describedby=\"caption-attachment-3498\" style=\"width: 397px\" class=\"wp-caption aligncenter\"><a href=\"http:\/\/www.desteptati-va.ro\/wp-content\/uploads\/2012\/04\/istvan_toke.jpg\"><img loading=\"lazy\" decoding=\"async\" class=\" wp-image-3498\" title=\"istvan_toke\" src=\"http:\/\/www.desteptati-va.ro\/wp-content\/uploads\/2012\/04\/istvan_toke-300x183.jpg\" alt=\"Istvan Toke\" width=\"397\" height=\"242\"><\/a><figcaption id=\"caption-attachment-3498\" class=\"wp-caption-text\">Istvan Toke<\/figcaption><\/figure>\n<h4 style=\"text-align: justify;\">&nbsp;Cu toate acestea, prin algoritm politic, el a fost atribuit UDMR-ului, astfel c\u0103 lui Zsolt Nagy i-au urmat la \u015fefia ministerului Iuliu Winkler \u015fi apoi Borbely Karoly, fost consilier parlamentar al lui Iuliu Winkler \u00eentre 2000 si 2002 \u015fi angajat al Societ\u0103\u0163ii Ungare de Interes Public pentru Promovarea Investi\u0163iilor \u015fi Comer\u0163ului \u00een intervalul 2002-2005. Un alt domeniu strategic \u00een care s-a infiltrat agentura maghiar\u0103 este cel al p\u0103durilor, domeniu folosit pentru acumularea de resurse financiare necesare aliment\u0103rii unor activit\u0103\u0163i specifice. Cu alte cuvinte, prin politica pe care o promoveaz\u0103 \u00een subramura economic\u0103 respectiv\u0103, din informa\u0163iile de\u0163inute p\u00een\u0103 \u00een prezent se eviden\u0163iaz\u0103 faptul c\u0103 secretarul de Stat din Ministerul Agriculturii \u015fi Dezvolt\u0103rii Rurale Istvan Toke nu reprezint\u0103 interesele Rom\u00e2niei, ci interesele unui grup economic condus de Verestoy Atilla, care ac\u0163ioneaz\u0103 la comanda Budapestei. Pentru a sprijini afacerile derulate de acest grup pe spa\u0163iul maghiar cu lemnul exploatat din p\u0103durile jude\u0163elor Covasna \u015fi Harghita este folosit Istvan Toke, care a repartizat prin HG nr.1262\/2007, numai la nivelul unui singur jude\u0163 din cele dou\u00e3, 15% din volumul total de lemn pe picior aprobat spre recoltare \u00een anul 2008, ceea ce \u00eenseamn\u0103 o suplimentare cu 30% a cantit\u0103\u0163ilor aprobate \u00een anii preceden\u0163i. \u00cen acest mod, dup\u0103 jude\u0163ul Suceava, care prime\u015fte de drept cea mai mare cantitate de mas\u0103 lemnoas\u0103 pe picior ce trebuie exploatat\u0103, calculat\u0103 \u00een func\u0163ie de suprafa\u0163a de teren \u00eemp\u0103durit\u0103, jude\u0163ul Harghita se situeaz\u0103 pe locul doi la reparti\u0163ie, \u00eenaintea altor jude\u0163e cu suprafe\u0163e \u00eemp\u0103durite mult mai mari, cum este Cara\u015f-Severin. \u00cen concluzie, Istvan Toke favorizeaz\u0103 afacerile colegului s\u0103u de forma\u0163iune, care astfel va suplimenta exporturile de material lemnos pe spa\u0163iul Ungaria, export\u00e2nd, practic, venit na\u0163ional din Rom\u00e2nia c\u0103tre Ungaria, \u00een conformitate cu obliga\u0163ia unanim cunoscut\u0103 a oric\u0103rui Serviciu Special al unei \u0163\u0103ri de a contribui la alimentarea bugetului acesteia prin a\u015fa-numitul aport valutar special. Se afirma, \u00eendeob\u015fte, c\u0103 orice Minister de Externe reprezint\u0103 principala central\u0103 de spionaj a unei \u0163\u0103ri, fiind de la sine \u00een\u0163eles ce \u00eenseamn\u0103 implantarea unui cadru de informa\u0163ii al altui stat \u00een propriul t\u0103u fief informativ. De aceea, anali\u015ftii Serviciilor Speciale rom\u00e2ne apreciaz\u0103 c\u0103 un fapt de o gravitate excep\u0163ional\u0103, numirea cu bun\u0103-\u015ftiin\u0163\u0103 a unui cadru sau agent, dovedit sau suspectat, al unor Servicii de Informa\u0163ii str\u0103ine \u00een Ministerul Afacerilor Externe al \u0163\u0103rii tale. Cu toate acestea, ascuns sub umbrela unui nume rom\u00e2nesc, Anton Niculescu, fost purt\u0103tor de cuv\u00e2nt al UDMR, desf\u0103\u015foar\u0103 o intens\u0103 activitate informativ\u0103 din pozi\u0163ia de secretar de Stat \u00een ministerul men\u0163ionat. N\u0103scut la T\u00e2rgu Mure\u015f, la 6 mai 1964, are o fi\u015f\u0103 profesional\u0103 de invidiat, care-i relev\u0103 preg\u0103tirea sub auspiciile uneia dintre cele mai bune \u015fcoli de spionaj din lume, CIA. Astfel, de\u015fi a studiat \u015fi a ob\u0163inut o licen\u0163\u0103 \u00een Chimie Industrial\u0103 \u00een 1991, el nu a profesat nici un moment \u00een acest domeniu, \u00eendrept\u00e2ndu-se \u00eenc\u0103 din 1990-1991 c\u0103tre zona mass-media, ca redactor la s\u0103pt\u0103m\u00e2nalul \u201eValosag&#8221; din Bucure\u015fti \u015fi corespondent al postului Europa Liber\u0103, \u00een 1992. De aici a intrat direct \u00een sfera politicului, \u00eencep\u00e2nd cu decembrie 1991, ocup\u00e2nd succesiv sau concomitent posturi de consilier politic (la Funda\u0163ia \u201eFriedrich Naumann&#8221;, Bucure\u015fti, 1991-1993, \u015fi la cabinetul pre\u015fedintelui UDMR 1993-1997), expert parlamentar (aprilie 1995-mai 1997) \u015fi guvernamental (mai-iunie 1997) pentru care a fost preg\u0103tit intens printr-o serie de cursuri \u015fi programe speciale: Seminarul \u201eIntroducere \u00een drepturile omului&#8221;, Academia Internacional Liberdade Desenvolvimento \u2013 Lisbon Youth Meeting, Sintra, iulie\/august 1992; Programul PHARE Democracy \u00een Marea Britanie (partide politice, administra\u0163ie local\u0103, Parlament), Belgia (NATO, Parlamentul European), Germania (Parlament), aprilie 1994; \u201eManagementul conflictelor inter-etnice&#8221; la Centrul Berghof, Berlin, iulie\/august 1994; \u201eAdministra\u0163iile locale \u015fi de stat&#8221; \u00een SUA, iunie\/iulie 1995, la Agen\u0163ia de Informa\u0163ii a SUA (USIA); \u201eAdministra\u0163ii publice locale&#8221;, Belgia, Spania \u015fi Danemarca, martie 1997, \u00een cadrul European Union Visitors Programme; Eisenhower Fellowship, SUA, februarie-mai 1999. Preg\u0103tirea i-a fost des\u0103v\u00e2r\u015fit\u0103 \u00een intervalul mai 1999-iunie 2001 \u00een cadrul Ambasadei SUA la Bucure\u015fti, unde a fost \u00eencadrat ca \u201especialist politic&#8221;, dup\u0103 care a mai urmat un stagiu ca director de program pentru integrare european\u0103 al Funda\u0163iei pentru o Societate Deschis\u0103 (iunie 2001-ianuarie 2002).<\/h4>\n<figure id=\"attachment_3499\" aria-describedby=\"caption-attachment-3499\" style=\"width: 488px\" class=\"wp-caption aligncenter\"><a href=\"http:\/\/www.desteptati-va.ro\/wp-content\/uploads\/2012\/04\/ungureanu1-1328777196.jpg\"><img loading=\"lazy\" decoding=\"async\" class=\" wp-image-3499\" title=\"ungureanu1-1328777196\" src=\"http:\/\/www.desteptati-va.ro\/wp-content\/uploads\/2012\/04\/ungureanu1-1328777196-300x224.jpg\" alt=\"Mihai Razvan Ungureanu\" width=\"488\" height=\"364\"><\/a><figcaption id=\"caption-attachment-3499\" class=\"wp-caption-text\">Mihai Razvan Ungureanu<\/figcaption><\/figure>\n<h4 style=\"text-align: justify;\">\u00cen paralel, \u00eencep\u00e2nd din 1997, a fost plasat in func\u0163ii \u00een interiorul Executivului rom\u00e2n, ca secretar general adjunct, aprilie 1997-mai 1998, apoi ca secretar de Stat la Departamentul pentru integrare european\u0103, mai 1998-februarie 1999. \u00cen intervalul 2000-2004, la interven\u0163ia Serviciilor Speciale rom\u00e2ne, a fost \u0163inut \u00een afara sferei Executivului, dar a revenit \u00een for\u0163\u0103 odat\u0103 cu intrarea la guvernare a UDMR-ului al\u0103turi de PNL, ca secretar de Stat pentru afaceri globale \u015fi rela\u0163ii interinstitu\u0163ionale \u00een Ministerul de Externe, din iulie 2005. Dac\u0103 se mai adaug\u0103 \u015fi faptul c\u0103 actualul director al Serviciului de Informa\u0163ii Externe \u015fi fost ministru al Afacerilor Externe, Mihai Razvan Ungureanu, a fost semnalat, la r\u00e2ndul lui, de contraspionajul rom\u00e2nesc cu leg\u0103turi suspecte \u00een mediul Serviciilor Speciale de la Budapesta, avem tabloul complet al penetr\u0103rilor care s-au produs la nivelul sistemului decizional rom\u00e2nesc. Speciali\u015fti \u00een munca de contraspionaj apreciaz\u0103 c\u0103 asocierea \u00een afaceri a unor politicieni cu putere de decizie cu cadre sau agen\u0163i ai Serviciilor de Informa\u0163ii sub acoperire diplomatic\u0103 sau comercial\u0103 s-a dovedit a fi o cale f\u0103r\u0103 \u00eentoarcere pentru cei dint\u00e2i.<\/h4>\n<h4 style=\"text-align: justify;\"><em><span style=\"color: #c0c0c0; font-family: Georgia;\">Surse: Cotidianul<\/span><\/em><\/h4>\n<\/div>        <div class=\"booster-block booster-reactions-block\">\n            <div class=\"twp-reactions-icons\">\n                \n                <div class=\"twp-reacts-wrap\">\n                    <a react-data=\"be-react-1\" post-id=\"3977\" class=\"be-face-icons un-reacted\" href=\"javascript:void(0)\">\n                        <img decoding=\"async\" src=\"https:\/\/desteptati-va.ro\/wp-content\/plugins\/booster-extension\/\/assets\/icon\/happy.svg\" alt=\"Happy\">\n                    <\/a>\n                    <div class=\"twp-reaction-title\">\n                        Happy                    <\/div>\n                    <div class=\"twp-count-percent\">\n                                                    <span style=\"display: none;\" class=\"twp-react-count\">0<\/span>\n                        \n                                                <span class=\"twp-react-percent\"><span>0<\/span> %<\/span>\n                                            <\/div>\n                <\/div>\n\n                <div class=\"twp-reacts-wrap\">\n                    <a react-data=\"be-react-2\" post-id=\"3977\" class=\"be-face-icons un-reacted\" href=\"javascript:void(0)\">\n                        <img decoding=\"async\" src=\"https:\/\/desteptati-va.ro\/wp-content\/plugins\/booster-extension\/\/assets\/icon\/sad.svg\" alt=\"Sad\">\n                    <\/a>\n                    <div class=\"twp-reaction-title\">\n                        Sad                    <\/div>\n                    <div class=\"twp-count-percent\">\n                                                    <span style=\"display: none;\" class=\"twp-react-count\">0<\/span>\n                                                                        <span class=\"twp-react-percent\"><span>0<\/span> %<\/span>\n                                            <\/div>\n                <\/div>\n\n                <div class=\"twp-reacts-wrap\">\n                    <a react-data=\"be-react-3\" post-id=\"3977\" class=\"be-face-icons un-reacted\" href=\"javascript:void(0)\">\n                        <img decoding=\"async\" src=\"https:\/\/desteptati-va.ro\/wp-content\/plugins\/booster-extension\/\/assets\/icon\/excited.svg\" alt=\"Excited\">\n                    <\/a>\n                    <div class=\"twp-reaction-title\">\n                        Excited                    <\/div>\n                    <div class=\"twp-count-percent\">\n                                                    <span style=\"display: none;\" class=\"twp-react-count\">0<\/span>\n                                                                        <span class=\"twp-react-percent\"><span>0<\/span> %<\/span>\n                                            <\/div>\n                <\/div>\n\n                <div class=\"twp-reacts-wrap\">\n                    <a react-data=\"be-react-6\" post-id=\"3977\" class=\"be-face-icons un-reacted\" href=\"javascript:void(0)\">\n                        <img decoding=\"async\" src=\"https:\/\/desteptati-va.ro\/wp-content\/plugins\/booster-extension\/\/assets\/icon\/sleepy.svg\" alt=\"Sleepy\">\n                    <\/a>\n                    <div class=\"twp-reaction-title\">\n                        Sleepy                    <\/div>\n                    <div class=\"twp-count-percent\">\n                                                    <span style=\"display: none;\" class=\"twp-react-count\">0<\/span>\n                        \n                                                <span class=\"twp-react-percent\"><span>0<\/span> %<\/span>\n                                            <\/div>\n                <\/div>\n\n                <div class=\"twp-reacts-wrap\">\n                    <a react-data=\"be-react-4\" post-id=\"3977\" class=\"be-face-icons un-reacted\" href=\"javascript:void(0)\">\n                        <img decoding=\"async\" src=\"https:\/\/desteptati-va.ro\/wp-content\/plugins\/booster-extension\/\/assets\/icon\/angry.svg\" alt=\"Angry\">\n                    <\/a>\n                    <div class=\"twp-reaction-title\">Angry<\/div>\n                    <div class=\"twp-count-percent\">\n                                                    <span style=\"display: none;\" class=\"twp-react-count\">0<\/span>\n                                                                        <span class=\"twp-react-percent\"><span>0<\/span> %<\/span>\n                        \n                    <\/div>\n                <\/div>\n\n                <div class=\"twp-reacts-wrap\">\n                    <a react-data=\"be-react-5\" post-id=\"3977\" class=\"be-face-icons un-reacted\" href=\"javascript:void(0)\">\n                        <img decoding=\"async\" src=\"https:\/\/desteptati-va.ro\/wp-content\/plugins\/booster-extension\/\/assets\/icon\/surprise.svg\" alt=\"Surprise\">\n                    <\/a>\n                    <div class=\"twp-reaction-title\">Surprise<\/div>\n                    <div class=\"twp-count-percent\">\n                                                    <span style=\"display: none;\" class=\"twp-react-count\">0<\/span>\n                                                                        <span class=\"twp-react-percent\"><span>0<\/span> %<\/span>\n                                            <\/div>\n                <\/div>\n\n            <\/div>\n        <\/div>\n\n    <\/div>","protected":false},"excerpt":{"rendered":"<p>Rom\u00e2nia penetrat\u0103 de servicii secrete Datele \u015fi informa\u0163iile de\u0163inute de Serviciile Secrete ale \u0163\u0103rii noastre dovedesc penetrarea de catre Serviciile<a href=\"https:\/\/desteptati-va.ro\/index.php\/2021\/04\/19\/romania-penetrata-de-servicii-secrete\/\">Read More<i class=\"fa fa-long-arrow-right\" aria-hidden=\"true\"><\/i><\/a><\/p>\n","protected":false},"author":1,"featured_media":4647,"comment_status":"open","ping_status":"open","sticky":false,"template":"","format":"standard","meta":{"_crdt_document":"","footnotes":""},"categories":[13,218],"tags":[1280,155,83],"class_list":["post-3977","post","type-post","status-publish","format-standard","has-post-thumbnail","hentry","category-dosare-inedite","category-general","tag-agent","tag-spionaj","tag-tradare"],"rise-blocks_total_comments":0,"rise-blocks_categories":[{"term_id":13,"name":"Dosare inedite","slug":"dosare-inedite","term_group":0,"term_taxonomy_id":13,"taxonomy":"category","description":"","parent":0,"count":9,"filter":"raw"}],"rise-blocks_excerpt":"Rom\u00e2nia penetrat\u0103 de servicii secrete Datele \u015fi informa\u0163iile de\u0163inute de Serviciile Secrete ale \u0163\u0103rii noastre dovedesc penetrarea de catre Serviciile de Informa\u0163ii ale Ungariei a structurilor de decizie rom\u00e2ne\u015fti, la toate nivelurile. Ac\u0163iunile acestora sunt subsecvente planului de integrare treptat\u0103 a Transilvaniei \u00een Ungaria, prin ac\u0163iuni lente, dar ferme, \u00een toate domeniile, dar \u00een special cel economic, pe care \u00eel..","yoast_head":"<!-- This site is optimized with the Yoast SEO plugin v26.9 - https:\/\/yoast.com\/product\/yoast-seo-wordpress\/ -->\r\n<title>Rom\u00e2nia penetrat\u0103 de servicii secrete -<\/title>\r\n<meta name=\"robots\" content=\"index, follow, max-snippet:-1, max-image-preview:large, max-video-preview:-1\" \/>\r\n<link rel=\"canonical\" href=\"https:\/\/desteptati-va.ro\/index.php\/2021\/04\/19\/romania-penetrata-de-servicii-secrete\/\" \/>\r\n<meta property=\"og:locale\" content=\"ro_RO\" \/>\r\n<meta property=\"og:type\" content=\"article\" \/>\r\n<meta property=\"og:title\" content=\"Rom\u00e2nia penetrat\u0103 de servicii secrete -\" \/>\r\n<meta property=\"og:description\" content=\"Rom\u00e2nia penetrat\u0103 de servicii secrete Datele \u015fi informa\u0163iile de\u0163inute de Serviciile Secrete ale \u0163\u0103rii noastre dovedesc penetrarea de catre ServiciileRead More\" \/>\r\n<meta property=\"og:url\" content=\"https:\/\/desteptati-va.ro\/index.php\/2021\/04\/19\/romania-penetrata-de-servicii-secrete\/\" \/>\r\n<meta property=\"article:published_time\" content=\"2021-04-19T08:54:10+00:00\" \/>\r\n<meta property=\"article:modified_time\" content=\"2022-02-01T08:16:30+00:00\" \/>\r\n<meta property=\"og:image\" content=\"https:\/\/desteptati-va.ro\/wp-content\/uploads\/2021\/04\/Logo_SRI.jpg\" \/>\r\n\t<meta property=\"og:image:width\" content=\"300\" \/>\r\n\t<meta property=\"og:image:height\" content=\"300\" \/>\r\n\t<meta property=\"og:image:type\" content=\"image\/jpeg\" \/>\r\n<meta name=\"author\" content=\"wolfsoftcompany\" \/>\r\n<meta name=\"twitter:card\" content=\"summary_large_image\" \/>\r\n<meta name=\"twitter:label1\" content=\"Scris de\" \/>\n\t<meta name=\"twitter:data1\" content=\"wolfsoftcompany\" \/>\n\t<meta name=\"twitter:label2\" content=\"Timp estimat pentru citire\" \/>\n\t<meta name=\"twitter:data2\" content=\"17 minute\" \/>\r\n<script type=\"application\/ld+json\" class=\"yoast-schema-graph\">{\"@context\":\"https:\/\/schema.org\",\"@graph\":[{\"@type\":\"Article\",\"@id\":\"https:\/\/desteptati-va.ro\/index.php\/2021\/04\/19\/romania-penetrata-de-servicii-secrete\/#article\",\"isPartOf\":{\"@id\":\"https:\/\/desteptati-va.ro\/index.php\/2021\/04\/19\/romania-penetrata-de-servicii-secrete\/\"},\"author\":{\"name\":\"wolfsoftcompany\",\"@id\":\"https:\/\/desteptati-va.ro\/#\/schema\/person\/13182deeebd44920914899f7bb262d6b\"},\"headline\":\"Rom\u00e2nia penetrat\u0103 de servicii secrete\",\"datePublished\":\"2021-04-19T08:54:10+00:00\",\"dateModified\":\"2022-02-01T08:16:30+00:00\",\"mainEntityOfPage\":{\"@id\":\"https:\/\/desteptati-va.ro\/index.php\/2021\/04\/19\/romania-penetrata-de-servicii-secrete\/\"},\"wordCount\":3472,\"commentCount\":0,\"image\":{\"@id\":\"https:\/\/desteptati-va.ro\/index.php\/2021\/04\/19\/romania-penetrata-de-servicii-secrete\/#primaryimage\"},\"thumbnailUrl\":\"https:\/\/desteptati-va.ro\/wp-content\/uploads\/2021\/04\/Logo_SRI.jpg\",\"keywords\":[\"agent\",\"spionaj\",\"tradare\"],\"articleSection\":[\"Dosare inedite\",\"General\"],\"inLanguage\":\"ro-RO\",\"potentialAction\":[{\"@type\":\"CommentAction\",\"name\":\"Comment\",\"target\":[\"https:\/\/desteptati-va.ro\/index.php\/2021\/04\/19\/romania-penetrata-de-servicii-secrete\/#respond\"]}]},{\"@type\":\"WebPage\",\"@id\":\"https:\/\/desteptati-va.ro\/index.php\/2021\/04\/19\/romania-penetrata-de-servicii-secrete\/\",\"url\":\"https:\/\/desteptati-va.ro\/index.php\/2021\/04\/19\/romania-penetrata-de-servicii-secrete\/\",\"name\":\"Rom\u00e2nia penetrat\u0103 de servicii secrete -\",\"isPartOf\":{\"@id\":\"https:\/\/desteptati-va.ro\/#website\"},\"primaryImageOfPage\":{\"@id\":\"https:\/\/desteptati-va.ro\/index.php\/2021\/04\/19\/romania-penetrata-de-servicii-secrete\/#primaryimage\"},\"image\":{\"@id\":\"https:\/\/desteptati-va.ro\/index.php\/2021\/04\/19\/romania-penetrata-de-servicii-secrete\/#primaryimage\"},\"thumbnailUrl\":\"https:\/\/desteptati-va.ro\/wp-content\/uploads\/2021\/04\/Logo_SRI.jpg\",\"datePublished\":\"2021-04-19T08:54:10+00:00\",\"dateModified\":\"2022-02-01T08:16:30+00:00\",\"author\":{\"@id\":\"https:\/\/desteptati-va.ro\/#\/schema\/person\/13182deeebd44920914899f7bb262d6b\"},\"breadcrumb\":{\"@id\":\"https:\/\/desteptati-va.ro\/index.php\/2021\/04\/19\/romania-penetrata-de-servicii-secrete\/#breadcrumb\"},\"inLanguage\":\"ro-RO\",\"potentialAction\":[{\"@type\":\"ReadAction\",\"target\":[\"https:\/\/desteptati-va.ro\/index.php\/2021\/04\/19\/romania-penetrata-de-servicii-secrete\/\"]}]},{\"@type\":\"ImageObject\",\"inLanguage\":\"ro-RO\",\"@id\":\"https:\/\/desteptati-va.ro\/index.php\/2021\/04\/19\/romania-penetrata-de-servicii-secrete\/#primaryimage\",\"url\":\"https:\/\/desteptati-va.ro\/wp-content\/uploads\/2021\/04\/Logo_SRI.jpg\",\"contentUrl\":\"https:\/\/desteptati-va.ro\/wp-content\/uploads\/2021\/04\/Logo_SRI.jpg\",\"width\":300,\"height\":300},{\"@type\":\"BreadcrumbList\",\"@id\":\"https:\/\/desteptati-va.ro\/index.php\/2021\/04\/19\/romania-penetrata-de-servicii-secrete\/#breadcrumb\",\"itemListElement\":[{\"@type\":\"ListItem\",\"position\":1,\"name\":\"Prima pagin\u0103\",\"item\":\"https:\/\/desteptati-va.ro\/\"},{\"@type\":\"ListItem\",\"position\":2,\"name\":\"Rom\u00e2nia penetrat\u0103 de servicii secrete\"}]},{\"@type\":\"WebSite\",\"@id\":\"https:\/\/desteptati-va.ro\/#website\",\"url\":\"https:\/\/desteptati-va.ro\/\",\"name\":\"\",\"description\":\"\",\"potentialAction\":[{\"@type\":\"SearchAction\",\"target\":{\"@type\":\"EntryPoint\",\"urlTemplate\":\"https:\/\/desteptati-va.ro\/?s={search_term_string}\"},\"query-input\":{\"@type\":\"PropertyValueSpecification\",\"valueRequired\":true,\"valueName\":\"search_term_string\"}}],\"inLanguage\":\"ro-RO\"},{\"@type\":\"Person\",\"@id\":\"https:\/\/desteptati-va.ro\/#\/schema\/person\/13182deeebd44920914899f7bb262d6b\",\"name\":\"wolfsoftcompany\",\"image\":{\"@type\":\"ImageObject\",\"inLanguage\":\"ro-RO\",\"@id\":\"https:\/\/desteptati-va.ro\/#\/schema\/person\/image\/\",\"url\":\"https:\/\/secure.gravatar.com\/avatar\/a6cce9b6d101d27d91690e7073e300fed94c0899890bf998e082cb9d2c3d121e?s=96&d=mm&r=g\",\"contentUrl\":\"https:\/\/secure.gravatar.com\/avatar\/a6cce9b6d101d27d91690e7073e300fed94c0899890bf998e082cb9d2c3d121e?s=96&d=mm&r=g\",\"caption\":\"wolfsoftcompany\"},\"sameAs\":[\"http:\/\/desteptati-va.ro\"],\"url\":\"https:\/\/desteptati-va.ro\/index.php\/author\/wolfsoftcompany\/\"}]}<\/script>\r\n<!-- \/ Yoast SEO plugin. -->","yoast_head_json":{"title":"Rom\u00e2nia penetrat\u0103 de servicii secrete -","robots":{"index":"index","follow":"follow","max-snippet":"max-snippet:-1","max-image-preview":"max-image-preview:large","max-video-preview":"max-video-preview:-1"},"canonical":"https:\/\/desteptati-va.ro\/index.php\/2021\/04\/19\/romania-penetrata-de-servicii-secrete\/","og_locale":"ro_RO","og_type":"article","og_title":"Rom\u00e2nia penetrat\u0103 de servicii secrete -","og_description":"Rom\u00e2nia penetrat\u0103 de servicii secrete Datele \u015fi informa\u0163iile de\u0163inute de Serviciile Secrete ale \u0163\u0103rii noastre dovedesc penetrarea de catre ServiciileRead More","og_url":"https:\/\/desteptati-va.ro\/index.php\/2021\/04\/19\/romania-penetrata-de-servicii-secrete\/","article_published_time":"2021-04-19T08:54:10+00:00","article_modified_time":"2022-02-01T08:16:30+00:00","og_image":[{"width":300,"height":300,"url":"https:\/\/desteptati-va.ro\/wp-content\/uploads\/2021\/04\/Logo_SRI.jpg","type":"image\/jpeg"}],"author":"wolfsoftcompany","twitter_card":"summary_large_image","twitter_misc":{"Scris de":"wolfsoftcompany","Timp estimat pentru citire":"17 minute"},"schema":{"@context":"https:\/\/schema.org","@graph":[{"@type":"Article","@id":"https:\/\/desteptati-va.ro\/index.php\/2021\/04\/19\/romania-penetrata-de-servicii-secrete\/#article","isPartOf":{"@id":"https:\/\/desteptati-va.ro\/index.php\/2021\/04\/19\/romania-penetrata-de-servicii-secrete\/"},"author":{"name":"wolfsoftcompany","@id":"https:\/\/desteptati-va.ro\/#\/schema\/person\/13182deeebd44920914899f7bb262d6b"},"headline":"Rom\u00e2nia penetrat\u0103 de servicii secrete","datePublished":"2021-04-19T08:54:10+00:00","dateModified":"2022-02-01T08:16:30+00:00","mainEntityOfPage":{"@id":"https:\/\/desteptati-va.ro\/index.php\/2021\/04\/19\/romania-penetrata-de-servicii-secrete\/"},"wordCount":3472,"commentCount":0,"image":{"@id":"https:\/\/desteptati-va.ro\/index.php\/2021\/04\/19\/romania-penetrata-de-servicii-secrete\/#primaryimage"},"thumbnailUrl":"https:\/\/desteptati-va.ro\/wp-content\/uploads\/2021\/04\/Logo_SRI.jpg","keywords":["agent","spionaj","tradare"],"articleSection":["Dosare inedite","General"],"inLanguage":"ro-RO","potentialAction":[{"@type":"CommentAction","name":"Comment","target":["https:\/\/desteptati-va.ro\/index.php\/2021\/04\/19\/romania-penetrata-de-servicii-secrete\/#respond"]}]},{"@type":"WebPage","@id":"https:\/\/desteptati-va.ro\/index.php\/2021\/04\/19\/romania-penetrata-de-servicii-secrete\/","url":"https:\/\/desteptati-va.ro\/index.php\/2021\/04\/19\/romania-penetrata-de-servicii-secrete\/","name":"Rom\u00e2nia penetrat\u0103 de servicii secrete -","isPartOf":{"@id":"https:\/\/desteptati-va.ro\/#website"},"primaryImageOfPage":{"@id":"https:\/\/desteptati-va.ro\/index.php\/2021\/04\/19\/romania-penetrata-de-servicii-secrete\/#primaryimage"},"image":{"@id":"https:\/\/desteptati-va.ro\/index.php\/2021\/04\/19\/romania-penetrata-de-servicii-secrete\/#primaryimage"},"thumbnailUrl":"https:\/\/desteptati-va.ro\/wp-content\/uploads\/2021\/04\/Logo_SRI.jpg","datePublished":"2021-04-19T08:54:10+00:00","dateModified":"2022-02-01T08:16:30+00:00","author":{"@id":"https:\/\/desteptati-va.ro\/#\/schema\/person\/13182deeebd44920914899f7bb262d6b"},"breadcrumb":{"@id":"https:\/\/desteptati-va.ro\/index.php\/2021\/04\/19\/romania-penetrata-de-servicii-secrete\/#breadcrumb"},"inLanguage":"ro-RO","potentialAction":[{"@type":"ReadAction","target":["https:\/\/desteptati-va.ro\/index.php\/2021\/04\/19\/romania-penetrata-de-servicii-secrete\/"]}]},{"@type":"ImageObject","inLanguage":"ro-RO","@id":"https:\/\/desteptati-va.ro\/index.php\/2021\/04\/19\/romania-penetrata-de-servicii-secrete\/#primaryimage","url":"https:\/\/desteptati-va.ro\/wp-content\/uploads\/2021\/04\/Logo_SRI.jpg","contentUrl":"https:\/\/desteptati-va.ro\/wp-content\/uploads\/2021\/04\/Logo_SRI.jpg","width":300,"height":300},{"@type":"BreadcrumbList","@id":"https:\/\/desteptati-va.ro\/index.php\/2021\/04\/19\/romania-penetrata-de-servicii-secrete\/#breadcrumb","itemListElement":[{"@type":"ListItem","position":1,"name":"Prima pagin\u0103","item":"https:\/\/desteptati-va.ro\/"},{"@type":"ListItem","position":2,"name":"Rom\u00e2nia penetrat\u0103 de servicii secrete"}]},{"@type":"WebSite","@id":"https:\/\/desteptati-va.ro\/#website","url":"https:\/\/desteptati-va.ro\/","name":"","description":"","potentialAction":[{"@type":"SearchAction","target":{"@type":"EntryPoint","urlTemplate":"https:\/\/desteptati-va.ro\/?s={search_term_string}"},"query-input":{"@type":"PropertyValueSpecification","valueRequired":true,"valueName":"search_term_string"}}],"inLanguage":"ro-RO"},{"@type":"Person","@id":"https:\/\/desteptati-va.ro\/#\/schema\/person\/13182deeebd44920914899f7bb262d6b","name":"wolfsoftcompany","image":{"@type":"ImageObject","inLanguage":"ro-RO","@id":"https:\/\/desteptati-va.ro\/#\/schema\/person\/image\/","url":"https:\/\/secure.gravatar.com\/avatar\/a6cce9b6d101d27d91690e7073e300fed94c0899890bf998e082cb9d2c3d121e?s=96&d=mm&r=g","contentUrl":"https:\/\/secure.gravatar.com\/avatar\/a6cce9b6d101d27d91690e7073e300fed94c0899890bf998e082cb9d2c3d121e?s=96&d=mm&r=g","caption":"wolfsoftcompany"},"sameAs":["http:\/\/desteptati-va.ro"],"url":"https:\/\/desteptati-va.ro\/index.php\/author\/wolfsoftcompany\/"}]}},"_links":{"self":[{"href":"https:\/\/desteptati-va.ro\/index.php\/wp-json\/wp\/v2\/posts\/3977","targetHints":{"allow":["GET"]}}],"collection":[{"href":"https:\/\/desteptati-va.ro\/index.php\/wp-json\/wp\/v2\/posts"}],"about":[{"href":"https:\/\/desteptati-va.ro\/index.php\/wp-json\/wp\/v2\/types\/post"}],"author":[{"embeddable":true,"href":"https:\/\/desteptati-va.ro\/index.php\/wp-json\/wp\/v2\/users\/1"}],"replies":[{"embeddable":true,"href":"https:\/\/desteptati-va.ro\/index.php\/wp-json\/wp\/v2\/comments?post=3977"}],"version-history":[{"count":2,"href":"https:\/\/desteptati-va.ro\/index.php\/wp-json\/wp\/v2\/posts\/3977\/revisions"}],"predecessor-version":[{"id":4648,"href":"https:\/\/desteptati-va.ro\/index.php\/wp-json\/wp\/v2\/posts\/3977\/revisions\/4648"}],"wp:featuredmedia":[{"embeddable":true,"href":"https:\/\/desteptati-va.ro\/index.php\/wp-json\/wp\/v2\/media\/4647"}],"wp:attachment":[{"href":"https:\/\/desteptati-va.ro\/index.php\/wp-json\/wp\/v2\/media?parent=3977"}],"wp:term":[{"taxonomy":"category","embeddable":true,"href":"https:\/\/desteptati-va.ro\/index.php\/wp-json\/wp\/v2\/categories?post=3977"},{"taxonomy":"post_tag","embeddable":true,"href":"https:\/\/desteptati-va.ro\/index.php\/wp-json\/wp\/v2\/tags?post=3977"}],"curies":[{"name":"wp","href":"https:\/\/api.w.org\/{rel}","templated":true}]}}