{"id":3980,"date":"2021-04-19T08:56:55","date_gmt":"2021-04-19T08:56:55","guid":{"rendered":"http:\/\/desteptati.ro\/?p=3980"},"modified":"2022-02-01T10:14:42","modified_gmt":"2022-02-01T08:14:42","slug":"aceiasi-de-ieri-si-de-azi","status":"publish","type":"post","link":"https:\/\/desteptati-va.ro\/index.php\/2021\/04\/19\/aceiasi-de-ieri-si-de-azi\/","title":{"rendered":"Aceia\u0219i de ieri \u0219i de azi&#8230;"},"content":{"rendered":"<div class=\"post-content\"><div class='booster-block booster-read-block'>\n                <div class=\"twp-read-time\">\n                \t<i class=\"booster-icon twp-clock\"><\/i> <span>Read Time:<\/span>14 Minute, 36 Second                <\/div>\n\n            <\/div><h3><span style=\"color: #ff0000;\"><em>\u201eDumnezeu a m\u0103surat p\u0103m\u00e2ntul \u015fi a dat evreilor pe goimi (neevrei) cu tot ceea ce ei posed\u0103:\u201d <\/em><\/span>\n<span style=\"color: #ff0000;\"><em>(Talmud Babli, tratatul Baba-Kamuna, f.32, c.2, Rohling L. Cit. Pag.63)<\/em><\/span><\/h3>\n<h4>Se pare c\u0103 economia mondial\u0103 se g\u0103se\u015fte \u00een situa\u0163ia catastrofal\u0103 de a se pr\u0103v\u0103li \u00eentr-un h\u0103u. Euro se afl\u0103 \u00een colaps. Demersurile foarte agresive ale Israelului \u015fi ale Statelor Unite, iminenta lor amenin\u0163are de atacare a Iranului sunt pe cale s\u0103 arunce omenirea \u00een \u00eencle\u015ftarea celui de-Al Treilea R\u0103zboi Mondial, cu urm\u0103ri imprevizibile pentru \u00eentreaga planet\u0103. Dup\u0103 reeditarea episodului Pearl Harbor \u2013 cacialmaua de la 11 septembrie 2001 \u2013 s-a dorit inocularea ideii c\u0103 cel mai mare du\u015fman al omenirii este terorismul extremi\u015ftilor islamici. O vreme, chiar \u015fi azi, americanii \u015fi o cov\u00e2r\u015fitoare parte a lumii occidentale au crezut. Timpul a scos la iveal\u0103 dovezi incontestabile ale inamicului real, aflat chiar \u00een interiorul structurilor de conducere ale statelor puternice, ale S.U.A. Corpora\u0163iile \u2013 marile imperii multina\u0163ionale \u2013 cu bugete substan\u0163ial mai consistente dec\u00e2t cele ale multor \u0163\u0103ri, dicteaz\u0103 multor guverne, cum este \u015fi cazul Rom\u00e2niei postdecembriste. Rom\u00e2nii nu se pot revolta \u00eempotriva lor. \u201eNu v\u0103d p\u0103durea din pricina copacilor\u201d! Zilnic, pe canalele na\u0163ionale, fel de fel de \u201especiali\u015fti-anal-i\u015fti\u201d economici anun\u0163\u0103 sf\u00e2r\u015fitul crizei, de fapt, un fel de a fura c\u0103ciula poporului. Modul \u00een care marile puteri ne aburesc \u015fi ne mint c\u0103 au rezolvat criza din 2008, este de neacceptat. Re\u0163eta de \u201erezolvare\u201d, g\u0103selni\u0163a \u201egenial\u0103\u201d \u015fi salvatoare au fost tiparni\u0163a de bani \u201eelectronici\u201d pentru \u015fmecheri \u015fi creditul de la F.M.I. pentru fraieri (Rom\u00e2nia). Cum ar putea lua sf\u00e2r\u015fit aceast\u0103 criz\u0103 provocat\u0103, c\u00e2nd majoritatea statelor sunt supra\u00eendatorate? Cum ar putea pl\u0103ti Rom\u00e2nia datoriile, c\u00e2nd ne afl\u0103m \u00een deficit bugetar? Datoriile cresc \u015fi ne afund\u0103m din ce \u00een ce mai ad\u00e2nc \u00een mla\u015ftin\u0103. C\u00e2nd \u015fi cum vom pl\u0103ti datoria? Vreme de decenii ar trebui ca Rom\u00e2nia s\u0103 aib\u0103 excedent bugetar. De unde? \u00centr-un sistem politic \u015fi social defectuos, precum cel actual, \u00een care F.M.I.-ul ordon\u0103 jaful privatiz\u0103rii \u015fi concedieri masive, c\u00e2nd alocarea de investi\u0163ii \u015fi crearea de locuri de munc\u0103 este nul\u0103, nu este posibil.<\/h4>\n<figure id=\"attachment_3295\" aria-describedby=\"caption-attachment-3295\" style=\"width: 684px\" class=\"wp-caption aligncenter\"><a href=\"http:\/\/www.desteptati-va.ro\/wp-content\/uploads\/2012\/02\/Piata-Universitatii-2012.jpg\"><img loading=\"lazy\" decoding=\"async\" class=\" wp-image-3295\" title=\"Piata Universitatii 2012\" src=\"http:\/\/www.desteptati-va.ro\/wp-content\/uploads\/2012\/02\/Piata-Universitatii-2012-300x200.jpg\" alt=\"Pia\u021ba Universit\u0103\u021bii 2012\" width=\"684\" height=\"456\"><\/a><figcaption id=\"caption-attachment-3295\" class=\"wp-caption-text\">Pia\u021ba Universit\u0103\u021bii 2012<\/figcaption><\/figure>\n<h4>Am urm\u0103rit, ca at\u00e2\u0163ia al\u0163ii, \u00eent\u00e2mpl\u0103rile \u00eenceputului de an 2012. Ini\u0163ial m-am bucurat c\u0103 r\u0103bdarea rom\u00e2nilor a ajuns la cap\u0103t \u015fi a declan\u015fat \u201eexplozia m\u0103m\u0103ligii\u201d, c\u0103 demnitatea a scos capul ascuns timp de 22 de ani sub gluga umilin\u0163ei. Zadarnic! Totul s-a transformat \u00eentr-o derutant\u0103 manifestare a teatrului absurd, un fel de r\u0103zboi al rom\u00e2nilor \u00eempotriva rom\u00e2nilor. Lipsa de speran\u0163\u0103 a declan\u015fat paranoia galopant\u0103 pe strad\u0103, pe internet, \u00een ziare \u015fi \u00een studiourile de televiziune, unde protagoni\u015ftii au c\u00e2ntat sau au jelit dup\u0103 propriile partituri. Noi nu am \u015ftiut \u2013 sau poate am uitat \u2013 cine ne-a legat lan\u0163ul de grumaz \u015fi ne-a pus \u00een jug \u00een 1989. Nu avem puterea s\u0103 arunc\u0103m lan\u0163ul \u015fi s\u0103 ne revolt\u0103m \u00eempotriva dictaturii F.M.I., care \u201etaie \u015fi sp\u00e2nzur\u0103 \u00een Rom\u00e2nia\u201d, \u00eempotriva \u201eilumina\u0163ilor\u201d care doresc instaurarea Noii Ordini Mondiale \u2013 New World Order (N.W.O.), pe \u00eentreaga planet\u0103, care doresc instituirea unui stat poli\u0163ienesc total \u015fi a controlului absolut asupra individului.<\/h4>\n<h4><\/h4>\n<figure id=\"attachment_3297\" aria-describedby=\"caption-attachment-3297\" style=\"width: 508px\" class=\"wp-caption aligncenter\"><a href=\"http:\/\/www.desteptati-va.ro\/wp-content\/uploads\/2012\/02\/elie-wiesel.jpg\"><img loading=\"lazy\" decoding=\"async\" class=\" wp-image-3297\" title=\"elie-wiesel\" src=\"http:\/\/www.desteptati-va.ro\/wp-content\/uploads\/2012\/02\/elie-wiesel-230x300.jpg\" alt=\"Ellie Wiesel\" width=\"508\" height=\"666\"><\/a><figcaption id=\"caption-attachment-3297\" class=\"wp-caption-text\">Elie Wiesel<\/figcaption><\/figure>\n<h4>[1] Este \u201eordinea\u201d lor, nu a noastr\u0103!Pentru a \u00een\u0163elege mai bine \u201efenomenul\u201d N.W.O. \u015fi conexiunea cu Rom\u00e2nia, v\u0103 propun s\u0103 arunc\u0103m o succint\u0103 privire retrospectiv\u0103 asupra situa\u0163iei de dup\u0103 Al Doilea R\u0103zboi Mondial, din perioada aservirii absolute Moscovei (1944-1958). \u00cen posturile-cheie de conducere, de represiune, \u00een direc\u0163iiile ideologice \u015fi culturale ve\u0163i constata prezen\u0163a majoritar\u0103 a unor elemente alogene, \u00een special evrei sau proveni\u0163i din familii evreie\u015fti. Indivizi care au ac\u0163ionat nu \u00een calitate de evrei, ci de comuni\u015fti-evrei, slugi fanatice ale Moscovei, pentru distrugerea majorit\u0103\u0163ii intelectualilor rom\u00e2ni \u2013 uneori chiar a altor evrei. Se pare c\u0103 abuzurile comise \u00een anii \u201950 de c\u0103tre unii dintre cei men\u0163iona\u0163i au fost uitate de evreii de azi, iar responsibilitatea, fie ea numai moral\u0103, ar trebuii recunoscut\u0103 \u015fi asumat\u0103. Pe cei de teapa impostorului zice-se dovedit, Elie Wiesel, nu-i intereseaz\u0103 dec\u00e2t Auschwitz-ul \u015fi nu vor s\u0103 \u015ftie nimic de Basarabia \u015fi Transilvania anului 1940, de Aiud, Sighet, Pite\u015fti sau Canal. Este firesc s\u0103-i preocupe soarta evreilor \u00een timpul celui de Al Doilea R\u0103zboi Mondial, dar, \u00een mod regretabil \u015fi de nepermis, au \u201euitat\u201d de crimele \u015fi persecu\u0163iile comise de confra\u0163ii lor contra rom\u00e2nilor. Pentru \u00een\u0163elegere \u015fi compara\u0163ie, o lectur\u0103 a numelor celor instala\u0163i \u00een scaunele decizionale ale diferitelor domenii de activitate de atunci este edificatoare:Ana Pauker (Hannah Rabinsohn), Teohari Georgescu (Burach Teskovich), Gheorghe Apostol (Aaron Gershwin), Lothar R\u0103d\u0103ceanu (Lothar Wuertzel), Iosif Ki\u015finevsky (Ioska Roitman), Liouba Ki\u015finevschi, Leonte R\u0103utu (Lev Oigenstein), Petre Boril\u0103 (Iordan Dragan Russev), Vasile Luca (Lukacs Laszlo), Alexandru Moghioro\u015f (Balogh Joszef), Silviu Brucan (Saul Brukner- zis \u015fi \u201cOracolul de la D\u0103m\u0103roaia\u201d), Emil Bodn\u0103ra\u015f (Emilian Botnarenko), Walter Roman (Ern\u0151 Neul\u00e4nder), Miron Constantinescu (Mehr Kohn), Alexandru B\u00e2rl\u0103deanu (Sa\u015fa Goldenberg), Leontin S\u0103l\u0103jan (Szil\u00e1gyi Leon), Gheorghe Gaston Marin (Ghiuri Grossmann), Leonid Tism\u0103neanu (Leon Moiseevici Tismene\u0163ki), Dionisie Patapievici (sau Dionis, sau Patapiewicz Denys, sau Patapicovici), Avram Bunaciu (Abraham Gutman), Gheorghe Stoica (Moscu Kohn), Maxim Berghianu (Maximilian Bergmann), Gheorghe Pintilie (Pantelei Bodnarenco) zis Pantiu\u015fa, Dumitru Coliu (Dimit\u0103r Kolev), Ion Vin\u0163e (Vincze J\u00e1nos), Alexandru Nicolschi (Boris Gr\u00fcnberg), Mihai Dulgheru (Mi\u015fa Dulbergh), Mihai Florescu (Misha Iakobi), Ana Toma (Ana Grossman), Alexandru Sencovici (Szenkovits S\u00e0ndor), \u015etrul Mauriciu, Moises Haupt, \u015etefan Coller (Koller), Feller Moritz, Mirodan (Alexander Zissu Saltman)\u2026 Aurel Baranga (Ariel Leibovich), Marcel Bresla\u015fu (Mark Breslau), Jules Perahim (Iulis Blumenfeld), Nina Cassian (Ren\u00e9e Annie Cassian), Veronica Porumbacu (Veronika Schwefelberg), Alexandru Graur (Alter Brauer), Alexandru Toma (Solomon Moscovici), Ion C\u0103lug\u0103ru (\u015etrul Leiba Croitoru), Maria Banu\u015f (fiica lui Max Banush de la Banca Marmorosch Blank), A.E. Bakonsky (Anatol Eftimievici Baconsky), Ovid S. Crohm\u0103lniceanu (Moise Cohn), Alexandru Jar (Alexander Avram), Mihail Davidoglu (Moise Davidson), Ion Vitner (I\u0163ic Wittner) \u015f.a. Dar s\u0103 nu-i neglij\u0103m nici pe contemporani: Petre Roman, Mugur Is\u0103rescu, Vladimir Tism\u0103neanu, Horia Roman Patapievici, Mihai R\u0103zvan Ungureanu\u2026 \u015fi de ce nu, cei trei pre\u015fedin\u0163i ai Rom\u00e2niei de dup\u0103 \u201989.<\/h4>\n<figure id=\"attachment_3298\" aria-describedby=\"caption-attachment-3298\" style=\"width: 548px\" class=\"wp-caption aligncenter\"><a href=\"http:\/\/www.desteptati-va.ro\/wp-content\/uploads\/2012\/02\/Emil-Boc.jpg\"><img loading=\"lazy\" decoding=\"async\" class=\" wp-image-3298\" title=\"Emil Boc\" src=\"http:\/\/www.desteptati-va.ro\/wp-content\/uploads\/2012\/02\/Emil-Boc.jpg\" alt=\"ex- prim-ministru, Emil Boc\" width=\"548\" height=\"518\"><\/a><figcaption id=\"caption-attachment-3298\" class=\"wp-caption-text\">ex-prim-ministru, Emil Boc<\/figcaption><\/figure>\n<h4>Dac\u0103 \u00een perioada de dup\u0103 r\u0103zboi, ucazurile veneau de la Moscova, ast\u0103zi ordinele ni se transmit de la Washington, de la Bruxelles, m\u00e2ine, cine \u015ftie?, de la Tel Aviv. Tr\u0103im, repet\u0103m drama anilor postbelici \u015fi suport\u0103m consecin\u0163ele dramei postdecembriste. Din moment ce am fost \u00eembr\u00e2nci\u0163i pe poarta U.E. \u015fi N.A.T.O.!, adio suveranitate na\u0163ional\u0103! Revenind la borna prezentului, \u00een aceea\u015fi zi \u00een care F.M.I. a l\u0103udat reformele guvernului, Primul Ministru \u00een exerci\u0163iu a depus mandatul guvernului. Vi se pare c\u0103 s-a produs ca urmare a presiunii str\u0103zii? Fals! A\u015fa s-a ordonat. \u201eNu protestele l-au silit pe Emil Boc s\u0103 demisioneze, ci propriul s\u0103u partid\u201d, scrie Karl-Peter Schwarz \u00een editorialul intitulat \u201eTeatru absurd la Bucure\u015fti\u201d, din ziarului german Frankfurter Allgemeine Zeitung. Editorialistul afirm\u0103 c\u0103 propozi\u0163ia de r\u0103mas-bun a premierului demisionar: \u201eAm luat decizia de a depune mandatul pentru a detensiona situa\u0163ia politic\u0103 \u015fi social\u0103 din \u0163ar\u0103, dar \u015fi pentru a nu pierde ceea ce rom\u00e2nii au c\u00e2\u015ftigat cu at\u00e2tea suferin\u0163e, \u015fi anume stabilitatea economic\u0103 a \u0163\u0103rii\u201d, ar fi inspirat\u0103 din opera \u201ecompatriotulului s\u0103u, Eugen Ionesco\u201d.<\/h4>\n<figure id=\"attachment_3299\" aria-describedby=\"caption-attachment-3299\" style=\"width: 412px\" class=\"wp-caption aligncenter\"><a href=\"http:\/\/www.desteptati-va.ro\/wp-content\/uploads\/2012\/02\/marionete.gif\"><img loading=\"lazy\" decoding=\"async\" class=\" wp-image-3299\" title=\"marionete\" src=\"http:\/\/www.desteptati-va.ro\/wp-content\/uploads\/2012\/02\/marionete-194x300.gif\" alt=\"....marionet\u0103\" width=\"412\" height=\"637\"><\/a><figcaption id=\"caption-attachment-3299\" class=\"wp-caption-text\">&#8230;.marionet\u0103<\/figcaption><\/figure>\n<h4>[2] Politicienii \u015fi guvernan\u0163ii no\u015ftri sunt simple marionete, banali pioni ai Ocultei mondiale, u\u015for de inlocuit. Din nou, imposibilul a fost posibil. Numirea noului premier st\u0103 sub semnul ambiguit\u0103\u0163ii, al nesiguran\u0163ei. De\u015fi t\u00e2n\u0103r, se afl\u0103 sub \u201eumbra\u201d multor semne de \u00eentrebare. Serviciile rom\u00e2ne\u015fti de contraspionaj consider\u0103 c\u0103 M.R.Ungureanu \u201eeste agent al unei puteri str\u0103ine\u201d. \u00cen conjunctura \u00een care Masoneria este tot mai implicat\u0103 \u00een derularea evenimentelor, str\u00e2nsa prietenie cu \u015feful masoneriei germane (evreu polonez) nu pare a fi simpl\u0103 coinciden\u0163\u0103. \u00cen unele medii se afirm\u0103 c\u0103 printre misiunile noului premier s-ar num\u0103ra \u015fi \u00eenstr\u0103inarea aurului Rom\u00e2niei c\u0103tre firma evreiasc\u0103 din Canada, Ro\u015fia Montana Gold Corporation. \u00cen condi\u0163iile men\u0163ionate sumar, un personaj a c\u0103rui experien\u0163\u0103 este discutabil\u0103, iar conexiunile sale cu diverse organiza\u0163ii str\u0103ine nu constituie un \u201ecertificat de bun\u0103 purtare\u201d, a fost numit de Pre\u015fedinte ca s\u0103 conduc\u0103 destinele \u0162\u0103rii. Poate ve\u0163i spune, asemenea altora: \u201enici nu s-a instalat bine \u015fi este contestat\u201d. \u00cen situa\u0163ia dezastruoas\u0103 \u00een care administra\u0163iile de dup\u0103 \u201990 au adus Rom\u00e2nia, nu ne mai putem permite s\u0103 facem experien\u0163e. Avem nevoie de certitudini, iar noul premier nu ni le va oferi! Nu-i r\u0103u s\u0103 ascult\u0103m \u015fi vocea t\u00e2rgului, s\u0103 ne lumin\u0103m pu\u0163in \u015fi s\u0103 vedem ce hram poart\u0103 urma\u015ful \u201ela tron\u201d.<\/h4>\n<h4>Mihai R\u0103zvan Ungureanu \u2013 de la C.C. al U.T.C., la Ministerul de Externe, la Serviciul de Informa\u0163ii Externe, la \u015fefia Guvernului Rom\u00e2niei.<\/h4>\n<h4>V\u0103 previn c\u0103 C.V.-ul istoricului M.R. Ungureanu este impresionant, mult prea \u201eimpresionant\u201d, pentru a fi atribuit unui om de 44 de ani, cu precizarea c\u0103 spa\u0163iul nu ne permite relatarea biografiei integrale. Istoric \u015fi diplomat rom\u00e2n, fost membru supleant al C.C. al U.T.C., a de\u0163inut func\u0163ia de ministru de externe al Rom\u00e2niei \u00eentre anii 2004-2007. P\u00e2n\u0103 la numirea sa ca Prim ministru a fost director al Serviciului de Informa\u0163ii Externe al Rom\u00e2niei. Dup\u0103 comentariile ap\u0103rute \u00een mass-media, Mihai R\u0103zvan Ungureanu se trage dintr-o familie de evrei intelectuali din Ia\u015fi. Mama, evreic\u0103 n\u0103scut\u0103 la B\u0103l\u0163i \u2013 cel mai rusificat ora\u015f din Republica Moldova \u00een perioada existen\u0163ei U.R.S.S.; tat\u0103l s\u0103u, \u015etefan Ungureanu, a fost profesor de chimie-fizic\u0103 la Universitatea din Ia\u015fi, viceprimar \u015fi director la Agen\u0163ia Local\u0103 de Conservare a Energiei. \u00cen anii \u201990 M.R. Ungureanu a fost lansat \u00een via\u0163a public\u0103 rom\u00e2neasc\u0103 de c\u0103tre de Iosif Sava, \u00een Seria seratelor muzicale, care includeau dialoguri cu oameni politici, oameni de art\u0103, filozofi, muzicieni, instrumenti\u015fti, \u00een 1990, afla\u0163i la \u00eenceputul carierei. Tot din presa rom\u00e2neasc\u0103 reiese c\u0103 studiile \u015fi cariera sa au fost\/sunt conectate cu organiza\u0163iile S\u00f6r\u00f6s \u015fi cu cele iudaice ale magnatului Mark Rich. \u201eApartenen\u0163a sa ca lider al organiza\u0163iilor S\u00f6r\u00f6s din Rom\u00e2nia, ca \u015fi ale organiza\u0163iilor sioniste, a permis ca, neav\u00e2nd nici un fel o via\u0163\u0103 politic\u0103 activ\u0103 postdecembrist\u0103 (dup\u0103 cum singur m\u0103rturise\u015fte), s\u0103 fie numit, \u00een 2004, ministru de externe al Romaniei.\u201d<\/h4>\n<figure id=\"attachment_3300\" aria-describedby=\"caption-attachment-3300\" style=\"width: 428px\" class=\"wp-caption aligncenter\"><a href=\"http:\/\/www.desteptati-va.ro\/wp-content\/uploads\/2012\/02\/Cornel-Dan-Niculae-Politica-filosionista-a-Romaniei.jpg\"><img loading=\"lazy\" decoding=\"async\" class=\" wp-image-3300\" title=\"Cornel Dan Niculae-Politica filosionista a Romaniei\" src=\"http:\/\/www.desteptati-va.ro\/wp-content\/uploads\/2012\/02\/Cornel-Dan-Niculae-Politica-filosionista-a-Romaniei-199x300.jpg\" alt=\"Coperta c\u0103r\u021bii Politica filosionist\u0103 a Rom\u00e2niei\" width=\"428\" height=\"645\"><\/a><figcaption id=\"caption-attachment-3300\" class=\"wp-caption-text\">Coperta c\u0103r\u021bii Politica filosionist\u0103 a Rom\u00e2niei<\/figcaption><\/figure>\n<h4>[3] De altfel, al treilea volum al c\u0103r\u0163ii lui Cornel Dan Niculae -\u201ePolitica Filo-Sionist\u0103 a Rom\u00e2niei \u00een fa\u0163a Europei \u015fi a lumii\u201d, are ilustrat\u0103 pe copert\u0103 fotografia ministrului Ungureanu cu m\u00e2inile pe Zidul Pl\u00e2ngerii \u015fi cu chipa pe cap. \u201eOfi\u0163er de-al nostru sau de-al lor?\u201d<\/h4>\n<h4>[4]Ar mai fi de re\u0163inut c\u00e2teva elemente importante din activitatea precedent\u0103, \u201e\u00een interesul Rom\u00e2niei\u201d(?), a actualului premier:\n&#8211; 2004 \u2013 chiar la investirea ca Ministru de Externe, a dispus montarea \u00een sediul Ministerului de Externe Rom\u00e2n a portretului Anei Pauker (cet\u0103\u0163ean sovietic \u015fi agent N.K.V.D., cu grad de colonel;\n&#8211; 2004 \u201eLa numirea mea ca ambasador \u00een Federa\u0163ia Rus\u0103 reprezentan\u0163i ai Parlamentului Rom\u00e2niei au insistat pe o misiune permanent\u0103 a noastr\u0103 legat\u0103 de Federa\u0163ia Rus\u0103, \u015fi anume urm\u0103rirea problemei Tezaurul Rom\u00e2niei. Total surprinz\u0103tor \u015fi de ne\u00een\u0163eles pentru mine, nici acum, \u00een aprilie 2005 am primit ordin scris de la M.A.E., trimis de dl Leu\u015ftean \u00een numele lui Mihai R\u0103zvan Ungureanu, s\u0103 nu mai abordez \u00een nici un fel \u015fi sub nici o form\u0103 problema Tezaurului!\u201d (Dumitru Prunariu);\n&#8211; 2005 prin prevederile acordului dintre guvernele Rom\u00e2niei \u015fi Ungariei, conceput de Mihai R\u0103zvan Ungureanu, o parte din averea Funda\u0163iei private Gojdu a fost trasferat\u0103 ilegal statului ungar, \u00een ciuda opozi\u0163iei Bisericii Ortodoxe Rom\u00e2ne, executoare testamentar\u0103, care a cerut respectarea Testamentului lui Emanuil Gojdu;\n&#8211; 2006 \u2013 ca Ministru de Externe al Rom\u00e2niei, Mihai R\u0103zvan Ungureanu a declarat public c\u0103 cet\u0103\u0163enii din a\u015fa numita Republic\u0103 Moldova vorbesc \u201eo variant\u0103 a limbii rom\u00e2ne\u201d;\n&#8211; 1997 \u2013 1998 M.R. Ungureanu a primit de dou\u0103 ori premiul \u201eFelix Posen\u201d, acordat de Universitatea Ebraic\u0103 din Ierusalim, Israel (?!);\n&#8211; 2009 \u2013 M.R. Ungureanu a fost acuzat de fostul purt\u0103tor de cuv\u00e2nt al S.R.I., Nicolae Ulieru c\u0103 ar fi agent al unei puteri str\u0103ine. \u201eEu, c\u00e2nd am auzit numirea lui Mihai R\u0103zvan Ungureanu la S.I.E., am avut o tres\u0103rire. Mi-am spus: oare pre\u015fedintele chiar nu \u015ftie cine e omul \u0103sta, sau S.R.I. nu l-a informat?\u201d; Gravitatea excep\u021bional\u0103 a acestei declara\u0163ii poate fi completat\u0103 cu o alta, apar\u0163in\u00e2nd aceleia\u015fi surse: \u201eDac\u0103 Comisia parlamentar\u0103 de control a S.R.I sau S.I.E. vrea s\u0103 m\u0103 asculte, a\u015f putea spune lucruri interesante\u201d.\n&#8211; 2005 \u2013 Mihai R\u0103zvan Ungureanu, ca ministru de externe al Rom\u00e2niei, a semnat \u00eempreun\u0103 cu ministrul de externe rus, Lavrov, cel mai p\u0103gubos acord postdecembrist \u2013 \u201eLegea pentru ratificarea Protocolului dintre Romania si Rusia privind inventarierea rela\u0163iilor bilaterale\u201d. Astfel, Rom\u00e2nia, prin \u201eomisiune\u201d (de fapt prin tr\u0103dare) a renun\u0163at oficial, la Rom\u00e2nia de Est (Basarabia), la Tezaurul Rom\u00e2niei sechestrat la Moscova de Lenin \u00een 1918. \u015fi \u201euitat\/pierdut\u201d de sovietici\/ru\u015fi. etc, \u00een favoarea Rusiei \u015fi spre enorma pagub\u0103 a Rom\u00e2niei!<\/h4>\n<figure id=\"attachment_3301\" aria-describedby=\"caption-attachment-3301\" style=\"width: 545px\" class=\"wp-caption aligncenter\"><a href=\"http:\/\/www.desteptati-va.ro\/wp-content\/uploads\/2012\/02\/catalin-harnagea.jpg\"><img loading=\"lazy\" decoding=\"async\" class=\" wp-image-3301\" title=\"catalin harnagea\" src=\"http:\/\/www.desteptati-va.ro\/wp-content\/uploads\/2012\/02\/catalin-harnagea-300x168.jpg\" alt=\"C\u0103t\u0103lin Harnagea\" width=\"545\" height=\"305\"><\/a><figcaption id=\"caption-attachment-3301\" class=\"wp-caption-text\">C\u0103t\u0103lin Harnagea<\/figcaption><\/figure>\n<h4>[5]Dup\u0103 demiterea din func\u0163ia de Ministru de Externe, s-a autosuspendat din calitatea de membru al P.N.L. pentru a pleca la Viena ca reprezentant special la Ini\u0163iativa de Cooperare \u00een Sud-Estul Europei (o \u015fcoal\u0103 european\u0103 de spioni). Surse din cadrul Serviciului de Informa\u0163ii Externe au relatat c\u0103 \u201eMihai R\u0103zvan Ungureanu hoin\u0103rea \u00een voie \u00eenc\u0103 de c\u00e2nd era secretar de stat, prin birourile Centralei S.I.E. \u015fi prin unele case conspirative din jurul Ministerului Afacerilor Externe\u201d. \u00centrebat dac\u0103 vreun secretar de stat sau ministru are dreptul s\u0103 se plimbe hai-hui prin cl\u0103dirile S.I.E., fostul \u015fef al spionilor externi, C\u0103t\u0103lin Harnagea, s-a ar\u0103tat extrem de surprins: \u201eNici m\u0103car angaja\u0163ii institu\u0163iei nu au voie s\u0103 se plimbe de capul lor prin birouri, iar, \u00een ceea ce prive\u015fte casele conspirate, acestea sunt frecventate numai de agen\u0163ii sub acoperire sau ofi\u0163erii care \u00eei coordoneaz\u0103. Prim-ministrul dac\u0103 vine, \u00ee\u015fi anun\u0163\u0103 din timp vizita\u201d. Din motive lesne de in\u0163eles, \u015feful statului \u2013 \u201epatronul\u201d, serviciilor speciale \u2013 nu \u015fi-a abandonat protejatul, propun\u00e2ndu-l la \u015fefia spionajului extern (S.I.E.), dar dup\u0103 \u201eEpisodul japonez\u201d, Mihai R\u0103zvan Ungureanu a ie\u015fit cam \u201e\u015fifonat\u201d. Fapt deloc neglijabil, prea-eminentul Mihai R\u0103zvan Ungureanu a fost\/este \u201esponsorizat\u201d de Marc Rich, numitor comun al oligarhilor ru\u015fi cu interese \u00een Rom\u00e2nia, de\u0163in\u0103tor de tripl\u0103 cet\u0103\u0163enie: israelian\u0103, spaniol\u0103 \u015fi elve\u0163ian\u0103 (la cea americana a renun\u0163at, dup\u0103 ce, \u00een 1983, a fost acuzat de evaziune fiscal\u0103, \u201ecomer\u0163 cu inamicul sovietic\u201d \u015fi conectat la Mossad, serviciul israelian de spionaj).<\/h4>\n<h4>[6] Prea multe incertitudini! Precedentul fusese deja creat. Doi ex mini\u015ftri postdecembri\u015fti au fost acuza\u0163i de spionaj \u00een favoarea unor \u0163\u0103ri str\u0103ine \u015fi subminarea economiei na\u0163ionale. A\u0163i auzit cumva s\u0103 fi fost judeca\u0163i \u015fi\/sau condamna\u0163i? Nici nu ve\u0163i auzi. Sunt bine-merci \u015fi-i doare-n cot de gura lumii. \u00cen lipsa unor judec\u0103\u0163i drepte \u015fi de aplicare a legilor, ce garan\u0163ie avem c\u0103 infrac\u0163iunile nu se vor repeta? Pentru a completa peisajul confuz \u00een care \u201emarele timonier\u201d \u015fi-a aruncat peste bord propriul echipaj \u015fi a \u201en\u0103\u015fit\u201d cabinetul Ungureanu, nu poate fi trecut cu vederea un aspect aparent insignifiant: \u00een doar patru zile \u2013 am inclus \u015fi ziua demisiei fostului premier \u2013 noul guvern a fost nominalizat, validat \u015fi investit cu prerogativele oficiale, deci pus \u00een drepturi. Ritmul alert \u2013 justificat de altfel \u2013 \u00een care s-au derulat evenimentele, demonstreaz\u0103 c\u0103 scenariul a fost conceput \u00een culise, c\u0103 lista noului cabinet fusese deja \u00eentocmit\u0103 \u015fi acceptat\u0103 de \u015feful statului, iar demisia la ordin a fostului premier a fost prezentat\u0103 post factum, transform\u00e2nd palatul Victoria \u00eentr-un apendice al Cotroceniului. Ca s\u0103 fiu \u00een ton cu editorialistul de la Frankfurter Allgemeine Zeitung, restul spectacolului de teatru absurd a putut fi urm\u0103rit la Tv, dar \u00eentrebarea nerostit\u0103 \u00eenc\u0103, r\u0103m\u00e2ne: cine este autorul scenariului \u015fi cu ce scop a fost pus \u00een scen\u0103? Nu de alta, \u00eens\u0103 \u201eTr\u0103dare s\u0103 fie, dar s-o \u015ftim \u015fi noi!\u201d<\/h4>\n<figure id=\"attachment_3302\" aria-describedby=\"caption-attachment-3302\" style=\"width: 515px\" class=\"wp-caption aligncenter\"><a href=\"http:\/\/www.desteptati-va.ro\/wp-content\/uploads\/2012\/02\/nu_producem_cat_furati.jpg\"><img loading=\"lazy\" decoding=\"async\" class=\" wp-image-3302\" title=\"nu_producem_cat_furati\" src=\"http:\/\/www.desteptati-va.ro\/wp-content\/uploads\/2012\/02\/nu_producem_cat_furati-300x225.jpg\" alt=\"...ne scuza\u021bi\" width=\"515\" height=\"386\"><\/a><figcaption id=\"caption-attachment-3302\" class=\"wp-caption-text\">&#8230;ne scuza\u021bi<\/figcaption><\/figure>\n<h4>Poporul rom\u00e2n a ajuns s\u0103 cer\u015feasc\u0103 un b\u0103nu\u0163, o f\u0103r\u00e2m\u0103tur\u0103 de la masa noilor ciocoi, plini de bani fura\u0163i tot de la el. Pentru un loc de munc\u0103 a ajuns s\u0103 stea \u00een genunchi ca sclav al mileniului trei. Ne l\u0103s\u0103m c\u0103lca\u0163i \u00een picioare \u015fi exploata\u0163i ca ni\u015fte vite. Regretabil \u015fi repro\u015fabil, \u00een Pia\u0163a Universit\u0103\u0163ii nu s-a cerut dec\u00e2t \u201eceva mai mult f\u00e2n, un staul mai curat \u015fi un st\u0103p\u00e2n un pic mai bun, care s\u0103 ne mulg\u0103 mai tandru\u201d. Nu sunt anti-evreu, nu sunt xenofob, nu am nimic cu nici un alt popor al lumii, dar, parafraz\u00e2ndu-l pe Ren\u00e9 Descartes, cuget, deci tr\u0103iesc \u015fi m\u0103 tot \u00eentreb, \u201esine ira et studio\u201d: dintre at\u00e2tea milioane de ROM\u00c2NI numai alogenii ne pot conduce destinele? Umilitor pentru condi\u0163ia de rom\u00e2n! Ce ne-a mai r\u0103mas de f\u0103cut? Ne r\u0103spunde Radu Gyr: \u201eRidic\u0103-te, Gheorghe! Ridic\u0103-te, Ioane !\u201d<\/h4>\n<h4><span style=\"color: #c0c0c0;\"><em>Surse:<\/em><\/span><\/h4>\n<h4><span style=\"color: #c0c0c0;\"><em>[1] David Rockefeller, patriarhul celei mai bogate dinastii din SUA \u00eentr-un discurs din 23 septembrie 1994 la un dineu al ambasadorilor ONU: \u201eTot ce avem nevoie este o criz\u0103 major\u0103, iar na\u021biunile vor accepta Noua Ordine Mondial\u0103.\u201d<\/em><\/span>\n<span style=\"color: #c0c0c0;\"><em> [2]<a href=\"http:\/\/epochtimes-romania.com\/news\/2012\/02\/teatrul-absurdului-la-bucuresti-frankfurter-allgemeine-zeitung---141181\" target=\"_blank\" rel=\"noopener\"><span style=\"color: #c0c0c0;\">http:\/\/epochtimes-romania. com\/news\/2012\/02\/teatrul- absurdului-la-bucuresti- frankfurter-allgemeine- zeitung\u2014141181<\/span><\/a><\/em><\/span>\n<span style=\"color: #c0c0c0;\"><em> [3] Cornel Dan Niculae \u2013 \u201ePolitica Filo-Sionist\u0103 a Rom\u00e2niei \u00een fa\u0163a Europei \u015fi a lumii\u201d.<\/em><\/span>\n<span style=\"color: #c0c0c0;\"><em> [4] Ibidem<\/em><\/span>\n<span style=\"color: #c0c0c0;\"><em> [5] <a href=\"http:\/\/www.evz.ro\/detalii\/stiri\/de-la-un-premier-de-sacrificiu-la-un-premier-de-la-serviciu-965215.html#ixzz1lgaBmFPO\" target=\"_blank\" rel=\"noopener\"><span style=\"color: #c0c0c0;\">http:\/\/www.evz.ro\/detalii\/ stiri\/de-la-un-premier-de- sacrificiu-la-un-premier-de- la-serviciu-965215.html# ixzz1lgaBmFPO<\/span><\/a><\/em><\/span>\n<span style=\"color: #c0c0c0;\"><em> [6] <a href=\"http:\/\/mariusmina.blogspot.com\/2008\/07\/mihai-razvan-ungureanu-de-la-cc-utc-la.html\" target=\"_blank\" rel=\"noopener\"><span style=\"color: #c0c0c0;\">http:\/\/mariusmina.blogspot. com\/2008\/07\/mihai-razvan- ungureanu-de-la-cc-utc-la.html<\/span><\/a><\/em><\/span><\/h4>\n<h4><em>&nbsp;<\/em><\/h4>\n<h4><\/h4>\n<h4><span style=\"color: #c0c0c0;\"><em><span style=\"text-decoration: underline;\">&nbsp;<\/span><\/em><\/span><\/h4>        <div class=\"booster-block booster-reactions-block\">\n            <div class=\"twp-reactions-icons\">\n                \n                <div class=\"twp-reacts-wrap\">\n                    <a react-data=\"be-react-1\" post-id=\"3980\" class=\"be-face-icons un-reacted\" href=\"javascript:void(0)\">\n                        <img decoding=\"async\" src=\"https:\/\/desteptati-va.ro\/wp-content\/plugins\/booster-extension\/\/assets\/icon\/happy.svg\" alt=\"Happy\">\n                    <\/a>\n                    <div class=\"twp-reaction-title\">\n                        Happy                    <\/div>\n                    <div class=\"twp-count-percent\">\n                                                    <span style=\"display: none;\" class=\"twp-react-count\">0<\/span>\n                        \n                                                <span class=\"twp-react-percent\"><span>0<\/span> %<\/span>\n                                            <\/div>\n                <\/div>\n\n                <div class=\"twp-reacts-wrap\">\n                    <a react-data=\"be-react-2\" post-id=\"3980\" class=\"be-face-icons un-reacted\" href=\"javascript:void(0)\">\n                        <img decoding=\"async\" src=\"https:\/\/desteptati-va.ro\/wp-content\/plugins\/booster-extension\/\/assets\/icon\/sad.svg\" alt=\"Sad\">\n                    <\/a>\n                    <div class=\"twp-reaction-title\">\n                        Sad                    <\/div>\n                    <div class=\"twp-count-percent\">\n                                                    <span style=\"display: none;\" class=\"twp-react-count\">0<\/span>\n                                                                        <span class=\"twp-react-percent\"><span>0<\/span> %<\/span>\n                                            <\/div>\n                <\/div>\n\n                <div class=\"twp-reacts-wrap\">\n                    <a react-data=\"be-react-3\" post-id=\"3980\" class=\"be-face-icons un-reacted\" href=\"javascript:void(0)\">\n                        <img decoding=\"async\" src=\"https:\/\/desteptati-va.ro\/wp-content\/plugins\/booster-extension\/\/assets\/icon\/excited.svg\" alt=\"Excited\">\n                    <\/a>\n                    <div class=\"twp-reaction-title\">\n                        Excited                    <\/div>\n                    <div class=\"twp-count-percent\">\n                                                    <span style=\"display: none;\" class=\"twp-react-count\">0<\/span>\n                                                                        <span class=\"twp-react-percent\"><span>0<\/span> %<\/span>\n                                            <\/div>\n                <\/div>\n\n                <div class=\"twp-reacts-wrap\">\n                    <a react-data=\"be-react-6\" post-id=\"3980\" class=\"be-face-icons un-reacted\" href=\"javascript:void(0)\">\n                        <img decoding=\"async\" src=\"https:\/\/desteptati-va.ro\/wp-content\/plugins\/booster-extension\/\/assets\/icon\/sleepy.svg\" alt=\"Sleepy\">\n                    <\/a>\n                    <div class=\"twp-reaction-title\">\n                        Sleepy                    <\/div>\n                    <div class=\"twp-count-percent\">\n                                                    <span style=\"display: none;\" class=\"twp-react-count\">0<\/span>\n                        \n                                                <span class=\"twp-react-percent\"><span>0<\/span> %<\/span>\n                                            <\/div>\n                <\/div>\n\n                <div class=\"twp-reacts-wrap\">\n                    <a react-data=\"be-react-4\" post-id=\"3980\" class=\"be-face-icons un-reacted\" href=\"javascript:void(0)\">\n                        <img decoding=\"async\" src=\"https:\/\/desteptati-va.ro\/wp-content\/plugins\/booster-extension\/\/assets\/icon\/angry.svg\" alt=\"Angry\">\n                    <\/a>\n                    <div class=\"twp-reaction-title\">Angry<\/div>\n                    <div class=\"twp-count-percent\">\n                                                    <span style=\"display: none;\" class=\"twp-react-count\">0<\/span>\n                                                                        <span class=\"twp-react-percent\"><span>0<\/span> %<\/span>\n                        \n                    <\/div>\n                <\/div>\n\n                <div class=\"twp-reacts-wrap\">\n                    <a react-data=\"be-react-5\" post-id=\"3980\" class=\"be-face-icons un-reacted\" href=\"javascript:void(0)\">\n                        <img decoding=\"async\" src=\"https:\/\/desteptati-va.ro\/wp-content\/plugins\/booster-extension\/\/assets\/icon\/surprise.svg\" alt=\"Surprise\">\n                    <\/a>\n                    <div class=\"twp-reaction-title\">Surprise<\/div>\n                    <div class=\"twp-count-percent\">\n                                                    <span style=\"display: none;\" class=\"twp-react-count\">0<\/span>\n                                                                        <span class=\"twp-react-percent\"><span>0<\/span> %<\/span>\n                                            <\/div>\n                <\/div>\n\n            <\/div>\n        <\/div>\n\n    <\/div>","protected":false},"excerpt":{"rendered":"<p>\u201eDumnezeu a m\u0103surat p\u0103m\u00e2ntul \u015fi a dat evreilor pe goimi (neevrei) cu tot ceea ce ei posed\u0103:\u201d (Talmud Babli, tratatul<a href=\"https:\/\/desteptati-va.ro\/index.php\/2021\/04\/19\/aceiasi-de-ieri-si-de-azi\/\">Read More<i class=\"fa fa-long-arrow-right\" aria-hidden=\"true\"><\/i><\/a><\/p>\n","protected":false},"author":1,"featured_media":2463,"comment_status":"open","ping_status":"open","sticky":false,"template":"","format":"standard","meta":{"_crdt_document":"","footnotes":""},"categories":[13,218],"tags":[282],"class_list":["post-3980","post","type-post","status-publish","format-standard","has-post-thumbnail","hentry","category-dosare-inedite","category-general","tag-evrei"],"rise-blocks_total_comments":0,"rise-blocks_categories":[{"term_id":13,"name":"Dosare inedite","slug":"dosare-inedite","term_group":0,"term_taxonomy_id":13,"taxonomy":"category","description":"","parent":0,"count":9,"filter":"raw"}],"rise-blocks_excerpt":"\u201eDumnezeu a m\u0103surat p\u0103m\u00e2ntul \u015fi a dat evreilor pe goimi (neevrei) cu tot ceea ce ei posed\u0103:\u201d (Talmud Babli, tratatul Baba-Kamuna, f.32, c.2, Rohling L. Cit. Pag.63) Se pare c\u0103 economia mondial\u0103 se g\u0103se\u015fte \u00een situa\u0163ia catastrofal\u0103 de a se pr\u0103v\u0103li \u00eentr-un h\u0103u. Euro se afl\u0103 \u00een colaps. Demersurile foarte agresive ale Israelului \u015fi ale Statelor Unite, iminenta lor amenin\u0163are..","yoast_head":"<!-- This site is optimized with the Yoast SEO plugin v26.9 - https:\/\/yoast.com\/product\/yoast-seo-wordpress\/ -->\r\n<title>Aceia\u0219i de ieri \u0219i de azi... -<\/title>\r\n<meta name=\"robots\" content=\"index, follow, max-snippet:-1, max-image-preview:large, max-video-preview:-1\" \/>\r\n<link rel=\"canonical\" href=\"https:\/\/desteptati-va.ro\/index.php\/2021\/04\/19\/aceiasi-de-ieri-si-de-azi\/\" \/>\r\n<meta property=\"og:locale\" content=\"ro_RO\" \/>\r\n<meta property=\"og:type\" content=\"article\" \/>\r\n<meta property=\"og:title\" content=\"Aceia\u0219i de ieri \u0219i de azi... -\" \/>\r\n<meta property=\"og:description\" content=\"\u201eDumnezeu a m\u0103surat p\u0103m\u00e2ntul \u015fi a dat evreilor pe goimi (neevrei) cu tot ceea ce ei posed\u0103:\u201d (Talmud Babli, tratatulRead More\" \/>\r\n<meta property=\"og:url\" content=\"https:\/\/desteptati-va.ro\/index.php\/2021\/04\/19\/aceiasi-de-ieri-si-de-azi\/\" \/>\r\n<meta property=\"article:published_time\" content=\"2021-04-19T08:56:55+00:00\" \/>\r\n<meta property=\"article:modified_time\" content=\"2022-02-01T08:14:42+00:00\" \/>\r\n<meta property=\"og:image\" content=\"https:\/\/desteptati-va.ro\/wp-content\/uploads\/2021\/04\/Cornel-Dan-Niculae-Politica-filosionista-a-Romaniei.jpg\" \/>\r\n\t<meta property=\"og:image:width\" content=\"1011\" \/>\r\n\t<meta property=\"og:image:height\" content=\"1521\" \/>\r\n\t<meta property=\"og:image:type\" content=\"image\/jpeg\" \/>\r\n<meta name=\"author\" content=\"wolfsoftcompany\" \/>\r\n<meta name=\"twitter:card\" content=\"summary_large_image\" \/>\r\n<meta name=\"twitter:label1\" content=\"Scris de\" \/>\n\t<meta name=\"twitter:data1\" content=\"wolfsoftcompany\" \/>\n\t<meta name=\"twitter:label2\" content=\"Timp estimat pentru citire\" \/>\n\t<meta name=\"twitter:data2\" content=\"16 minute\" \/>\r\n<script type=\"application\/ld+json\" class=\"yoast-schema-graph\">{\"@context\":\"https:\/\/schema.org\",\"@graph\":[{\"@type\":\"Article\",\"@id\":\"https:\/\/desteptati-va.ro\/index.php\/2021\/04\/19\/aceiasi-de-ieri-si-de-azi\/#article\",\"isPartOf\":{\"@id\":\"https:\/\/desteptati-va.ro\/index.php\/2021\/04\/19\/aceiasi-de-ieri-si-de-azi\/\"},\"author\":{\"name\":\"wolfsoftcompany\",\"@id\":\"https:\/\/desteptati-va.ro\/#\/schema\/person\/13182deeebd44920914899f7bb262d6b\"},\"headline\":\"Aceia\u0219i de ieri \u0219i de azi&#8230;\",\"datePublished\":\"2021-04-19T08:56:55+00:00\",\"dateModified\":\"2022-02-01T08:14:42+00:00\",\"mainEntityOfPage\":{\"@id\":\"https:\/\/desteptati-va.ro\/index.php\/2021\/04\/19\/aceiasi-de-ieri-si-de-azi\/\"},\"wordCount\":3177,\"commentCount\":0,\"image\":{\"@id\":\"https:\/\/desteptati-va.ro\/index.php\/2021\/04\/19\/aceiasi-de-ieri-si-de-azi\/#primaryimage\"},\"thumbnailUrl\":\"https:\/\/desteptati-va.ro\/wp-content\/uploads\/2021\/04\/Cornel-Dan-Niculae-Politica-filosionista-a-Romaniei.jpg\",\"keywords\":[\"evrei\"],\"articleSection\":[\"Dosare inedite\",\"General\"],\"inLanguage\":\"ro-RO\",\"potentialAction\":[{\"@type\":\"CommentAction\",\"name\":\"Comment\",\"target\":[\"https:\/\/desteptati-va.ro\/index.php\/2021\/04\/19\/aceiasi-de-ieri-si-de-azi\/#respond\"]}]},{\"@type\":\"WebPage\",\"@id\":\"https:\/\/desteptati-va.ro\/index.php\/2021\/04\/19\/aceiasi-de-ieri-si-de-azi\/\",\"url\":\"https:\/\/desteptati-va.ro\/index.php\/2021\/04\/19\/aceiasi-de-ieri-si-de-azi\/\",\"name\":\"Aceia\u0219i de ieri \u0219i de azi... -\",\"isPartOf\":{\"@id\":\"https:\/\/desteptati-va.ro\/#website\"},\"primaryImageOfPage\":{\"@id\":\"https:\/\/desteptati-va.ro\/index.php\/2021\/04\/19\/aceiasi-de-ieri-si-de-azi\/#primaryimage\"},\"image\":{\"@id\":\"https:\/\/desteptati-va.ro\/index.php\/2021\/04\/19\/aceiasi-de-ieri-si-de-azi\/#primaryimage\"},\"thumbnailUrl\":\"https:\/\/desteptati-va.ro\/wp-content\/uploads\/2021\/04\/Cornel-Dan-Niculae-Politica-filosionista-a-Romaniei.jpg\",\"datePublished\":\"2021-04-19T08:56:55+00:00\",\"dateModified\":\"2022-02-01T08:14:42+00:00\",\"author\":{\"@id\":\"https:\/\/desteptati-va.ro\/#\/schema\/person\/13182deeebd44920914899f7bb262d6b\"},\"breadcrumb\":{\"@id\":\"https:\/\/desteptati-va.ro\/index.php\/2021\/04\/19\/aceiasi-de-ieri-si-de-azi\/#breadcrumb\"},\"inLanguage\":\"ro-RO\",\"potentialAction\":[{\"@type\":\"ReadAction\",\"target\":[\"https:\/\/desteptati-va.ro\/index.php\/2021\/04\/19\/aceiasi-de-ieri-si-de-azi\/\"]}]},{\"@type\":\"ImageObject\",\"inLanguage\":\"ro-RO\",\"@id\":\"https:\/\/desteptati-va.ro\/index.php\/2021\/04\/19\/aceiasi-de-ieri-si-de-azi\/#primaryimage\",\"url\":\"https:\/\/desteptati-va.ro\/wp-content\/uploads\/2021\/04\/Cornel-Dan-Niculae-Politica-filosionista-a-Romaniei.jpg\",\"contentUrl\":\"https:\/\/desteptati-va.ro\/wp-content\/uploads\/2021\/04\/Cornel-Dan-Niculae-Politica-filosionista-a-Romaniei.jpg\",\"width\":1011,\"height\":1521},{\"@type\":\"BreadcrumbList\",\"@id\":\"https:\/\/desteptati-va.ro\/index.php\/2021\/04\/19\/aceiasi-de-ieri-si-de-azi\/#breadcrumb\",\"itemListElement\":[{\"@type\":\"ListItem\",\"position\":1,\"name\":\"Prima pagin\u0103\",\"item\":\"https:\/\/desteptati-va.ro\/\"},{\"@type\":\"ListItem\",\"position\":2,\"name\":\"Aceia\u0219i de ieri \u0219i de azi&#8230;\"}]},{\"@type\":\"WebSite\",\"@id\":\"https:\/\/desteptati-va.ro\/#website\",\"url\":\"https:\/\/desteptati-va.ro\/\",\"name\":\"\",\"description\":\"\",\"potentialAction\":[{\"@type\":\"SearchAction\",\"target\":{\"@type\":\"EntryPoint\",\"urlTemplate\":\"https:\/\/desteptati-va.ro\/?s={search_term_string}\"},\"query-input\":{\"@type\":\"PropertyValueSpecification\",\"valueRequired\":true,\"valueName\":\"search_term_string\"}}],\"inLanguage\":\"ro-RO\"},{\"@type\":\"Person\",\"@id\":\"https:\/\/desteptati-va.ro\/#\/schema\/person\/13182deeebd44920914899f7bb262d6b\",\"name\":\"wolfsoftcompany\",\"image\":{\"@type\":\"ImageObject\",\"inLanguage\":\"ro-RO\",\"@id\":\"https:\/\/desteptati-va.ro\/#\/schema\/person\/image\/\",\"url\":\"https:\/\/secure.gravatar.com\/avatar\/a6cce9b6d101d27d91690e7073e300fed94c0899890bf998e082cb9d2c3d121e?s=96&d=mm&r=g\",\"contentUrl\":\"https:\/\/secure.gravatar.com\/avatar\/a6cce9b6d101d27d91690e7073e300fed94c0899890bf998e082cb9d2c3d121e?s=96&d=mm&r=g\",\"caption\":\"wolfsoftcompany\"},\"sameAs\":[\"http:\/\/desteptati-va.ro\"],\"url\":\"https:\/\/desteptati-va.ro\/index.php\/author\/wolfsoftcompany\/\"}]}<\/script>\r\n<!-- \/ Yoast SEO plugin. -->","yoast_head_json":{"title":"Aceia\u0219i de ieri \u0219i de azi... -","robots":{"index":"index","follow":"follow","max-snippet":"max-snippet:-1","max-image-preview":"max-image-preview:large","max-video-preview":"max-video-preview:-1"},"canonical":"https:\/\/desteptati-va.ro\/index.php\/2021\/04\/19\/aceiasi-de-ieri-si-de-azi\/","og_locale":"ro_RO","og_type":"article","og_title":"Aceia\u0219i de ieri \u0219i de azi... -","og_description":"\u201eDumnezeu a m\u0103surat p\u0103m\u00e2ntul \u015fi a dat evreilor pe goimi (neevrei) cu tot ceea ce ei posed\u0103:\u201d (Talmud Babli, tratatulRead More","og_url":"https:\/\/desteptati-va.ro\/index.php\/2021\/04\/19\/aceiasi-de-ieri-si-de-azi\/","article_published_time":"2021-04-19T08:56:55+00:00","article_modified_time":"2022-02-01T08:14:42+00:00","og_image":[{"width":1011,"height":1521,"url":"https:\/\/desteptati-va.ro\/wp-content\/uploads\/2021\/04\/Cornel-Dan-Niculae-Politica-filosionista-a-Romaniei.jpg","type":"image\/jpeg"}],"author":"wolfsoftcompany","twitter_card":"summary_large_image","twitter_misc":{"Scris de":"wolfsoftcompany","Timp estimat pentru citire":"16 minute"},"schema":{"@context":"https:\/\/schema.org","@graph":[{"@type":"Article","@id":"https:\/\/desteptati-va.ro\/index.php\/2021\/04\/19\/aceiasi-de-ieri-si-de-azi\/#article","isPartOf":{"@id":"https:\/\/desteptati-va.ro\/index.php\/2021\/04\/19\/aceiasi-de-ieri-si-de-azi\/"},"author":{"name":"wolfsoftcompany","@id":"https:\/\/desteptati-va.ro\/#\/schema\/person\/13182deeebd44920914899f7bb262d6b"},"headline":"Aceia\u0219i de ieri \u0219i de azi&#8230;","datePublished":"2021-04-19T08:56:55+00:00","dateModified":"2022-02-01T08:14:42+00:00","mainEntityOfPage":{"@id":"https:\/\/desteptati-va.ro\/index.php\/2021\/04\/19\/aceiasi-de-ieri-si-de-azi\/"},"wordCount":3177,"commentCount":0,"image":{"@id":"https:\/\/desteptati-va.ro\/index.php\/2021\/04\/19\/aceiasi-de-ieri-si-de-azi\/#primaryimage"},"thumbnailUrl":"https:\/\/desteptati-va.ro\/wp-content\/uploads\/2021\/04\/Cornel-Dan-Niculae-Politica-filosionista-a-Romaniei.jpg","keywords":["evrei"],"articleSection":["Dosare inedite","General"],"inLanguage":"ro-RO","potentialAction":[{"@type":"CommentAction","name":"Comment","target":["https:\/\/desteptati-va.ro\/index.php\/2021\/04\/19\/aceiasi-de-ieri-si-de-azi\/#respond"]}]},{"@type":"WebPage","@id":"https:\/\/desteptati-va.ro\/index.php\/2021\/04\/19\/aceiasi-de-ieri-si-de-azi\/","url":"https:\/\/desteptati-va.ro\/index.php\/2021\/04\/19\/aceiasi-de-ieri-si-de-azi\/","name":"Aceia\u0219i de ieri \u0219i de azi... -","isPartOf":{"@id":"https:\/\/desteptati-va.ro\/#website"},"primaryImageOfPage":{"@id":"https:\/\/desteptati-va.ro\/index.php\/2021\/04\/19\/aceiasi-de-ieri-si-de-azi\/#primaryimage"},"image":{"@id":"https:\/\/desteptati-va.ro\/index.php\/2021\/04\/19\/aceiasi-de-ieri-si-de-azi\/#primaryimage"},"thumbnailUrl":"https:\/\/desteptati-va.ro\/wp-content\/uploads\/2021\/04\/Cornel-Dan-Niculae-Politica-filosionista-a-Romaniei.jpg","datePublished":"2021-04-19T08:56:55+00:00","dateModified":"2022-02-01T08:14:42+00:00","author":{"@id":"https:\/\/desteptati-va.ro\/#\/schema\/person\/13182deeebd44920914899f7bb262d6b"},"breadcrumb":{"@id":"https:\/\/desteptati-va.ro\/index.php\/2021\/04\/19\/aceiasi-de-ieri-si-de-azi\/#breadcrumb"},"inLanguage":"ro-RO","potentialAction":[{"@type":"ReadAction","target":["https:\/\/desteptati-va.ro\/index.php\/2021\/04\/19\/aceiasi-de-ieri-si-de-azi\/"]}]},{"@type":"ImageObject","inLanguage":"ro-RO","@id":"https:\/\/desteptati-va.ro\/index.php\/2021\/04\/19\/aceiasi-de-ieri-si-de-azi\/#primaryimage","url":"https:\/\/desteptati-va.ro\/wp-content\/uploads\/2021\/04\/Cornel-Dan-Niculae-Politica-filosionista-a-Romaniei.jpg","contentUrl":"https:\/\/desteptati-va.ro\/wp-content\/uploads\/2021\/04\/Cornel-Dan-Niculae-Politica-filosionista-a-Romaniei.jpg","width":1011,"height":1521},{"@type":"BreadcrumbList","@id":"https:\/\/desteptati-va.ro\/index.php\/2021\/04\/19\/aceiasi-de-ieri-si-de-azi\/#breadcrumb","itemListElement":[{"@type":"ListItem","position":1,"name":"Prima pagin\u0103","item":"https:\/\/desteptati-va.ro\/"},{"@type":"ListItem","position":2,"name":"Aceia\u0219i de ieri \u0219i de azi&#8230;"}]},{"@type":"WebSite","@id":"https:\/\/desteptati-va.ro\/#website","url":"https:\/\/desteptati-va.ro\/","name":"","description":"","potentialAction":[{"@type":"SearchAction","target":{"@type":"EntryPoint","urlTemplate":"https:\/\/desteptati-va.ro\/?s={search_term_string}"},"query-input":{"@type":"PropertyValueSpecification","valueRequired":true,"valueName":"search_term_string"}}],"inLanguage":"ro-RO"},{"@type":"Person","@id":"https:\/\/desteptati-va.ro\/#\/schema\/person\/13182deeebd44920914899f7bb262d6b","name":"wolfsoftcompany","image":{"@type":"ImageObject","inLanguage":"ro-RO","@id":"https:\/\/desteptati-va.ro\/#\/schema\/person\/image\/","url":"https:\/\/secure.gravatar.com\/avatar\/a6cce9b6d101d27d91690e7073e300fed94c0899890bf998e082cb9d2c3d121e?s=96&d=mm&r=g","contentUrl":"https:\/\/secure.gravatar.com\/avatar\/a6cce9b6d101d27d91690e7073e300fed94c0899890bf998e082cb9d2c3d121e?s=96&d=mm&r=g","caption":"wolfsoftcompany"},"sameAs":["http:\/\/desteptati-va.ro"],"url":"https:\/\/desteptati-va.ro\/index.php\/author\/wolfsoftcompany\/"}]}},"_links":{"self":[{"href":"https:\/\/desteptati-va.ro\/index.php\/wp-json\/wp\/v2\/posts\/3980","targetHints":{"allow":["GET"]}}],"collection":[{"href":"https:\/\/desteptati-va.ro\/index.php\/wp-json\/wp\/v2\/posts"}],"about":[{"href":"https:\/\/desteptati-va.ro\/index.php\/wp-json\/wp\/v2\/types\/post"}],"author":[{"embeddable":true,"href":"https:\/\/desteptati-va.ro\/index.php\/wp-json\/wp\/v2\/users\/1"}],"replies":[{"embeddable":true,"href":"https:\/\/desteptati-va.ro\/index.php\/wp-json\/wp\/v2\/comments?post=3980"}],"version-history":[{"count":2,"href":"https:\/\/desteptati-va.ro\/index.php\/wp-json\/wp\/v2\/posts\/3980\/revisions"}],"predecessor-version":[{"id":4646,"href":"https:\/\/desteptati-va.ro\/index.php\/wp-json\/wp\/v2\/posts\/3980\/revisions\/4646"}],"wp:featuredmedia":[{"embeddable":true,"href":"https:\/\/desteptati-va.ro\/index.php\/wp-json\/wp\/v2\/media\/2463"}],"wp:attachment":[{"href":"https:\/\/desteptati-va.ro\/index.php\/wp-json\/wp\/v2\/media?parent=3980"}],"wp:term":[{"taxonomy":"category","embeddable":true,"href":"https:\/\/desteptati-va.ro\/index.php\/wp-json\/wp\/v2\/categories?post=3980"},{"taxonomy":"post_tag","embeddable":true,"href":"https:\/\/desteptati-va.ro\/index.php\/wp-json\/wp\/v2\/tags?post=3980"}],"curies":[{"name":"wp","href":"https:\/\/api.w.org\/{rel}","templated":true}]}}