{"id":3996,"date":"2021-04-19T09:07:13","date_gmt":"2021-04-19T09:07:13","guid":{"rendered":"http:\/\/desteptati.ro\/?p=3996"},"modified":"2022-02-01T10:06:54","modified_gmt":"2022-02-01T08:06:54","slug":"cianura-liberalizarii-preturilor-in-energie","status":"publish","type":"post","link":"https:\/\/desteptati-va.ro\/index.php\/2021\/04\/19\/cianura-liberalizarii-preturilor-in-energie\/","title":{"rendered":"Cianura liberaliz\u0103rii pre\u0163urilor \u00een energie"},"content":{"rendered":"<div class=\"post-content\"><div class='booster-block booster-read-block'>\n                <div class=\"twp-read-time\">\n                \t<i class=\"booster-icon twp-clock\"><\/i> <span>Read Time:<\/span>3 Minute, 20 Second                <\/div>\n\n            <\/div><h4>Noile cadouri c\u0103tre capitalul str\u0103in puse la cale de FMI prin cel de-al doilea acord cu Rom\u00e2nia vor fi pl\u0103tite de aceia\u015fi contribuabili salaria\u0163i \u015fi pensionari, doar c\u0103, de data aceasta, \u00een calitate de consumatori. Instrumentul: a\u015fa-zisa liberalizare a pre\u0163urilor la gaze \u015fi electricitate. Liberalizare, adic\u0103 majorare masiv\u0103 sau, mai bine spus, explozie a tarifelor la acestea pentru consumatori. Se spune c\u0103 cererea FMI n-ar viza consumatorii casnici, care ar urma s\u0103 fie \u00een continuare proteja\u0163i, dar, dac\u0103 va fi liberalizare, chestia asta cu protec\u0163ia consumatorilor casnici este doar un pavoaz pasager.<\/h4>\n<h4 style=\"text-align: justify;\">Buzunarele beneficiare apar\u0163in unor companii str\u0103ine, culmea nici m\u0103car private, ci controlate toate de c\u0103tre state \u201eprietene&#8221;, membre ale UE.<\/h4>\n<h4 style=\"text-align: justify;\"><strong>Ele se numesc:<\/strong><\/h4>\n<h4 style=\"text-align: justify;\"><strong>OMV<\/strong> &#8211; controlat\u0103 de statul austriac, care exploateaz\u0103 jum\u0103tate din rezervele de gaze l\u0103sate de Dumnezeu rom\u00e2nilor;<\/h4>\n<h4 style=\"text-align: justify;\"><strong>GDF<\/strong> &#8211; controlat\u0103 de statul francez, care de\u0163ine jum\u0103tate din distribu\u0163ia de gaze din Rom\u00e2nia;<\/h4>\n<h4 style=\"text-align: justify;\"><strong>E.ON<\/strong> &#8211; \u00een care capitalul public german controleaz\u0103 pozi\u0163ii de for\u0163\u0103, care de\u0163ine cealalt\u0103 jum\u0103tate din distribu\u0163ia de gaze \u015fi o parte din cea de electricitate;<\/h4>\n<h4 style=\"text-align: justify;\"><strong>ENEL<\/strong> &#8211; controlat\u0103 de statul italian, care de\u0163ine trei distribu\u0163ii de electricitate;<\/h4>\n<h4 style=\"text-align: justify;\"><strong>CEZ<\/strong> &#8211; compania de stat ceh\u0103, de\u0163in\u0103toare a uneia dintre principalele distribu\u0163ii de electricitate din Rom\u00e2nia.<\/h4>\n<h4 style=\"text-align: justify;\">\u015etim din practic\u0103 ce \u00eenseamn\u0103 liberalizare \u00een energetic\u0103. Nu liberalizare \u00een general, c\u0103ci \u00een unele sectoare poate fi \u015fi bun\u0103 la ceva, ci \u00een energetic\u0103, unde \u00een mod obiectiv nu exist\u0103 condi\u0163ii pentru liberalizare, c\u0103ci \u00een acest sector, pe de o parte, se face mai mult politic\u0103 \u015fi mai pu\u0163in economie, ca de altfel \u00een orice sector strategic, iar, pe de alt\u0103 parte, nu exist\u0103 mai deloc concuren\u0163\u0103, pia\u0163a fiind dominat\u0103 de actori monopoli\u015fti care nu dau consumatorilor nici o \u015fans\u0103. \u00cen Rom\u00e2nia, pia\u0163a carburan\u0163ilor este liberalizat\u0103, dar, \u00een condi\u0163iile \u00een care distribu\u0163ia este controlat\u0103 de trei monopoluri (toate str\u0103ine), pre\u0163urile merg numai \u00een sus, \u015fi niciodat\u0103 \u00een jos, chiar dac\u0103 cererea scade!<\/h4>\n<h4 style=\"text-align: justify;\">Liberalizarea pie\u0163ei de energie electric\u0103, \u00eentreprins\u0103 tot la presiuni externe de\u015fi nu existau condi\u0163ii pentru c\u0103 nu era dec\u00e2t un produc\u0103tor (statul), a determinat efecte dramatice, \u00een ciuda caracterului ei doar par\u0163ial. Neput\u00e2nd exista o concuren\u0163\u0103 \u00eentre produc\u0103tori, s-a produs un fel de concuren\u0163\u0103 mutant\u0103: ni\u015fte intermediari care \u00eenv\u00e2rt doar h\u00e2rtii s-au repezit pe energia produs\u0103 ieftin, au rechizi\u0163ionat-o \u015fi o v\u00e2nd scump la adev\u0103ra\u0163ii consumatori, iar consumatorii casnici, chipurile proteja\u0163i prin pre\u0163uri reglementate, sunt supu\u015fi de fapt unei permanente presiuni de cre\u015ftere a tarifelor, c\u0103ci nu mai ajung s\u0103 cumpere dec\u00e2t energie produs\u0103 scump \u00een sistem. Un efect pervers al unei liberaliz\u0103ri mutante, care este resim\u0163it \u015fi de cei care sunt de principiu sub protec\u0163ie!<\/h4>\n<h4 style=\"text-align: justify;\">Ca atare, orice pas spre o l\u0103rgire a liberaliz\u0103rii nu poate provoca, \u00een asemenea condi\u0163ii, dec\u00e2t o lovitur\u0103 grea dat\u0103 celor fals proteja\u0163i! O liberalizare a pie\u0163ei gazelor va fi pur \u015fi simplu un dezastru. Pentru c\u0103 nu un pre\u0163 mediu, ce ar rezulta \u00een principiu dintr-o liberalizare, \u00eentre pre\u0163ul produc\u0163iei interne de gaze (cam 70% din totalul consumului) \u015fi pre\u0163ul gazelor din import ar dori \u201euniunea de interese&#8221; ad-hoc OMV-Gaz de France-E.ON-FMI-CE, ci nimic altceva dec\u00e2t alinierea pre\u0163urilor de decontare a produc\u0163iei interne la pre\u0163urile gazelor din import, deocamdat\u0103 de dou\u0103 ori mai mari!<\/h4>\n<h4 style=\"text-align: justify;\">Factura global\u0103 ar cre\u015fte cu vreo 80%! Profiturile OMV \u015fi ale distribuitorilor francez \u015fi german ar spori cam tot pe-at\u00e2t doar dintr-o simpl\u0103 tr\u0103s\u0103tur\u0103 de condei. Cu alte cuvinte, alde OMV, Gaz de France \u015fi E.ON vor s\u0103-\u015fi foloseasc\u0103 pozi\u0163ia lor monopolist\u0103 \u00een Rom\u00e2nia spre a vinde gazul exploatat mai ieftin \u00een Rom\u00e2nia la pre\u0163ul cu care reu\u015fesc s\u0103 se aprovizioneze de la Gazprom \u015fi care este stabilit la Moscova! Pozi\u0163ia acestor monopoluri este sordid\u0103, dar m\u0103car este de \u00een\u0163eles: de ce s\u0103 nu ob\u0163ii bani nemunci\u0163i dac\u0103 po\u0163i?!<\/h4>\n<h4 style=\"text-align: justify;\">Pozi\u0163ia Comisiei de la Bruxelles este ca \u00eentotdeauna jenant\u0103. Face pe arbitrul, dar este o jalnic\u0103 agentur\u0103 franco\u2011german\u0103. Ce caut\u0103 \u00eens\u0103 FMI \u00een aceast\u0103 ecua\u0163ie?! Ca \u00eentotdeauna unde este ceva sordid, hop \u015fi FMI!<\/h4>\n<h4 style=\"text-align: justify;\"><em>Material realizat de Ilie Serbanescu<\/em><\/h4>        <div class=\"booster-block booster-reactions-block\">\n            <div class=\"twp-reactions-icons\">\n                \n                <div class=\"twp-reacts-wrap\">\n                    <a react-data=\"be-react-1\" post-id=\"3996\" class=\"be-face-icons un-reacted\" href=\"javascript:void(0)\">\n                        <img decoding=\"async\" src=\"https:\/\/desteptati-va.ro\/wp-content\/plugins\/booster-extension\/\/assets\/icon\/happy.svg\" alt=\"Happy\">\n                    <\/a>\n                    <div class=\"twp-reaction-title\">\n                        Happy                    <\/div>\n                    <div class=\"twp-count-percent\">\n                                                    <span style=\"display: none;\" class=\"twp-react-count\">0<\/span>\n                        \n                                                <span class=\"twp-react-percent\"><span>0<\/span> %<\/span>\n                                            <\/div>\n                <\/div>\n\n                <div class=\"twp-reacts-wrap\">\n                    <a react-data=\"be-react-2\" post-id=\"3996\" class=\"be-face-icons un-reacted\" href=\"javascript:void(0)\">\n                        <img decoding=\"async\" src=\"https:\/\/desteptati-va.ro\/wp-content\/plugins\/booster-extension\/\/assets\/icon\/sad.svg\" alt=\"Sad\">\n                    <\/a>\n                    <div class=\"twp-reaction-title\">\n                        Sad                    <\/div>\n                    <div class=\"twp-count-percent\">\n                                                    <span style=\"display: none;\" class=\"twp-react-count\">0<\/span>\n                                                                        <span class=\"twp-react-percent\"><span>0<\/span> %<\/span>\n                                            <\/div>\n                <\/div>\n\n                <div class=\"twp-reacts-wrap\">\n                    <a react-data=\"be-react-3\" post-id=\"3996\" class=\"be-face-icons un-reacted\" href=\"javascript:void(0)\">\n                        <img decoding=\"async\" src=\"https:\/\/desteptati-va.ro\/wp-content\/plugins\/booster-extension\/\/assets\/icon\/excited.svg\" alt=\"Excited\">\n                    <\/a>\n                    <div class=\"twp-reaction-title\">\n                        Excited                    <\/div>\n                    <div class=\"twp-count-percent\">\n                                                    <span style=\"display: none;\" class=\"twp-react-count\">0<\/span>\n                                                                        <span class=\"twp-react-percent\"><span>0<\/span> %<\/span>\n                                            <\/div>\n                <\/div>\n\n                <div class=\"twp-reacts-wrap\">\n                    <a react-data=\"be-react-6\" post-id=\"3996\" class=\"be-face-icons un-reacted\" href=\"javascript:void(0)\">\n                        <img decoding=\"async\" src=\"https:\/\/desteptati-va.ro\/wp-content\/plugins\/booster-extension\/\/assets\/icon\/sleepy.svg\" alt=\"Sleepy\">\n                    <\/a>\n                    <div class=\"twp-reaction-title\">\n                        Sleepy                    <\/div>\n                    <div class=\"twp-count-percent\">\n                                                    <span style=\"display: none;\" class=\"twp-react-count\">0<\/span>\n                        \n                                                <span class=\"twp-react-percent\"><span>0<\/span> %<\/span>\n                                            <\/div>\n                <\/div>\n\n                <div class=\"twp-reacts-wrap\">\n                    <a react-data=\"be-react-4\" post-id=\"3996\" class=\"be-face-icons un-reacted\" href=\"javascript:void(0)\">\n                        <img decoding=\"async\" src=\"https:\/\/desteptati-va.ro\/wp-content\/plugins\/booster-extension\/\/assets\/icon\/angry.svg\" alt=\"Angry\">\n                    <\/a>\n                    <div class=\"twp-reaction-title\">Angry<\/div>\n                    <div class=\"twp-count-percent\">\n                                                    <span style=\"display: none;\" class=\"twp-react-count\">0<\/span>\n                                                                        <span class=\"twp-react-percent\"><span>0<\/span> %<\/span>\n                        \n                    <\/div>\n                <\/div>\n\n                <div class=\"twp-reacts-wrap\">\n                    <a react-data=\"be-react-5\" post-id=\"3996\" class=\"be-face-icons un-reacted\" href=\"javascript:void(0)\">\n                        <img decoding=\"async\" src=\"https:\/\/desteptati-va.ro\/wp-content\/plugins\/booster-extension\/\/assets\/icon\/surprise.svg\" alt=\"Surprise\">\n                    <\/a>\n                    <div class=\"twp-reaction-title\">Surprise<\/div>\n                    <div class=\"twp-count-percent\">\n                                                    <span style=\"display: none;\" class=\"twp-react-count\">0<\/span>\n                                                                        <span class=\"twp-react-percent\"><span>0<\/span> %<\/span>\n                                            <\/div>\n                <\/div>\n\n            <\/div>\n        <\/div>\n\n    <\/div>","protected":false},"excerpt":{"rendered":"<p>Noile cadouri c\u0103tre capitalul str\u0103in puse la cale de FMI prin cel de-al doilea acord cu Rom\u00e2nia vor fi pl\u0103tite<a href=\"https:\/\/desteptati-va.ro\/index.php\/2021\/04\/19\/cianura-liberalizarii-preturilor-in-energie\/\">Read More<i class=\"fa fa-long-arrow-right\" aria-hidden=\"true\"><\/i><\/a><\/p>\n","protected":false},"author":1,"featured_media":4641,"comment_status":"open","ping_status":"open","sticky":false,"template":"","format":"standard","meta":{"_crdt_document":"","footnotes":""},"categories":[13],"tags":[1305,1306,59,60,1307,1308,1309,886,1310,1311,1312,859,1313,1298,1302,527,1314],"class_list":["post-3996","post","type-post","status-publish","format-standard","has-post-thumbnail","hentry","category-dosare-inedite","tag-capital-strain","tag-cez","tag-desteptati","tag-desteptati-va","tag-e-on","tag-enel","tag-energetica","tag-fmi","tag-gazprom","tag-gdf","tag-ilie-serbanescu","tag-liberalizare","tag-omv","tag-pensii","tag-salarii","tag-ue","tag-uniunea-europeana"],"rise-blocks_total_comments":0,"rise-blocks_categories":[{"term_id":13,"name":"Dosare inedite","slug":"dosare-inedite","term_group":0,"term_taxonomy_id":13,"taxonomy":"category","description":"","parent":0,"count":9,"filter":"raw"}],"rise-blocks_excerpt":"Noile cadouri c\u0103tre capitalul str\u0103in puse la cale de FMI prin cel de-al doilea acord cu Rom\u00e2nia vor fi pl\u0103tite de aceia\u015fi contribuabili salaria\u0163i \u015fi pensionari, doar c\u0103, de data aceasta, \u00een calitate de consumatori. Instrumentul: a\u015fa-zisa liberalizare a pre\u0163urilor la gaze \u015fi electricitate. Liberalizare, adic\u0103 majorare masiv\u0103 sau, mai bine spus, explozie a tarifelor la acestea pentru consumatori. Se..","yoast_head":"<!-- This site is optimized with the Yoast SEO plugin v26.9 - https:\/\/yoast.com\/product\/yoast-seo-wordpress\/ -->\r\n<title>Cianura liberaliz\u0103rii pre\u0163urilor \u00een energie -<\/title>\r\n<meta name=\"robots\" content=\"index, follow, max-snippet:-1, max-image-preview:large, max-video-preview:-1\" \/>\r\n<link rel=\"canonical\" href=\"https:\/\/desteptati-va.ro\/index.php\/2021\/04\/19\/cianura-liberalizarii-preturilor-in-energie\/\" \/>\r\n<meta property=\"og:locale\" content=\"ro_RO\" \/>\r\n<meta property=\"og:type\" content=\"article\" \/>\r\n<meta property=\"og:title\" content=\"Cianura liberaliz\u0103rii pre\u0163urilor \u00een energie -\" \/>\r\n<meta property=\"og:description\" content=\"Noile cadouri c\u0103tre capitalul str\u0103in puse la cale de FMI prin cel de-al doilea acord cu Rom\u00e2nia vor fi pl\u0103titeRead More\" \/>\r\n<meta property=\"og:url\" content=\"https:\/\/desteptati-va.ro\/index.php\/2021\/04\/19\/cianura-liberalizarii-preturilor-in-energie\/\" \/>\r\n<meta property=\"article:published_time\" content=\"2021-04-19T09:07:13+00:00\" \/>\r\n<meta property=\"article:modified_time\" content=\"2022-02-01T08:06:54+00:00\" \/>\r\n<meta property=\"og:image\" content=\"https:\/\/desteptati-va.ro\/wp-content\/uploads\/2021\/04\/Energie.jpg\" \/>\r\n\t<meta property=\"og:image:width\" content=\"275\" \/>\r\n\t<meta property=\"og:image:height\" content=\"183\" \/>\r\n\t<meta property=\"og:image:type\" content=\"image\/jpeg\" \/>\r\n<meta name=\"author\" content=\"wolfsoftcompany\" \/>\r\n<meta name=\"twitter:card\" content=\"summary_large_image\" \/>\r\n<meta name=\"twitter:label1\" content=\"Scris de\" \/>\n\t<meta name=\"twitter:data1\" content=\"wolfsoftcompany\" \/>\n\t<meta name=\"twitter:label2\" content=\"Timp estimat pentru citire\" \/>\n\t<meta name=\"twitter:data2\" content=\"4 minute\" \/>\r\n<script type=\"application\/ld+json\" class=\"yoast-schema-graph\">{\"@context\":\"https:\/\/schema.org\",\"@graph\":[{\"@type\":\"Article\",\"@id\":\"https:\/\/desteptati-va.ro\/index.php\/2021\/04\/19\/cianura-liberalizarii-preturilor-in-energie\/#article\",\"isPartOf\":{\"@id\":\"https:\/\/desteptati-va.ro\/index.php\/2021\/04\/19\/cianura-liberalizarii-preturilor-in-energie\/\"},\"author\":{\"name\":\"wolfsoftcompany\",\"@id\":\"https:\/\/desteptati-va.ro\/#\/schema\/person\/13182deeebd44920914899f7bb262d6b\"},\"headline\":\"Cianura liberaliz\u0103rii pre\u0163urilor \u00een energie\",\"datePublished\":\"2021-04-19T09:07:13+00:00\",\"dateModified\":\"2022-02-01T08:06:54+00:00\",\"mainEntityOfPage\":{\"@id\":\"https:\/\/desteptati-va.ro\/index.php\/2021\/04\/19\/cianura-liberalizarii-preturilor-in-energie\/\"},\"wordCount\":762,\"commentCount\":0,\"image\":{\"@id\":\"https:\/\/desteptati-va.ro\/index.php\/2021\/04\/19\/cianura-liberalizarii-preturilor-in-energie\/#primaryimage\"},\"thumbnailUrl\":\"https:\/\/desteptati-va.ro\/wp-content\/uploads\/2021\/04\/Energie.jpg\",\"keywords\":[\"capital strain\",\"CEZ\",\"desteptati\",\"desteptati-va\",\"E.ON\",\"ENEL\",\"energetica\",\"FMI\",\"Gazprom\",\"GDF\",\"Ilie Serbanescu\",\"liberalizare\",\"OMV\",\"pensii\",\"salarii\",\"UE\",\"Uniunea Europeana\"],\"articleSection\":[\"Dosare inedite\"],\"inLanguage\":\"ro-RO\",\"potentialAction\":[{\"@type\":\"CommentAction\",\"name\":\"Comment\",\"target\":[\"https:\/\/desteptati-va.ro\/index.php\/2021\/04\/19\/cianura-liberalizarii-preturilor-in-energie\/#respond\"]}]},{\"@type\":\"WebPage\",\"@id\":\"https:\/\/desteptati-va.ro\/index.php\/2021\/04\/19\/cianura-liberalizarii-preturilor-in-energie\/\",\"url\":\"https:\/\/desteptati-va.ro\/index.php\/2021\/04\/19\/cianura-liberalizarii-preturilor-in-energie\/\",\"name\":\"Cianura liberaliz\u0103rii pre\u0163urilor \u00een energie -\",\"isPartOf\":{\"@id\":\"https:\/\/desteptati-va.ro\/#website\"},\"primaryImageOfPage\":{\"@id\":\"https:\/\/desteptati-va.ro\/index.php\/2021\/04\/19\/cianura-liberalizarii-preturilor-in-energie\/#primaryimage\"},\"image\":{\"@id\":\"https:\/\/desteptati-va.ro\/index.php\/2021\/04\/19\/cianura-liberalizarii-preturilor-in-energie\/#primaryimage\"},\"thumbnailUrl\":\"https:\/\/desteptati-va.ro\/wp-content\/uploads\/2021\/04\/Energie.jpg\",\"datePublished\":\"2021-04-19T09:07:13+00:00\",\"dateModified\":\"2022-02-01T08:06:54+00:00\",\"author\":{\"@id\":\"https:\/\/desteptati-va.ro\/#\/schema\/person\/13182deeebd44920914899f7bb262d6b\"},\"breadcrumb\":{\"@id\":\"https:\/\/desteptati-va.ro\/index.php\/2021\/04\/19\/cianura-liberalizarii-preturilor-in-energie\/#breadcrumb\"},\"inLanguage\":\"ro-RO\",\"potentialAction\":[{\"@type\":\"ReadAction\",\"target\":[\"https:\/\/desteptati-va.ro\/index.php\/2021\/04\/19\/cianura-liberalizarii-preturilor-in-energie\/\"]}]},{\"@type\":\"ImageObject\",\"inLanguage\":\"ro-RO\",\"@id\":\"https:\/\/desteptati-va.ro\/index.php\/2021\/04\/19\/cianura-liberalizarii-preturilor-in-energie\/#primaryimage\",\"url\":\"https:\/\/desteptati-va.ro\/wp-content\/uploads\/2021\/04\/Energie.jpg\",\"contentUrl\":\"https:\/\/desteptati-va.ro\/wp-content\/uploads\/2021\/04\/Energie.jpg\",\"width\":275,\"height\":183},{\"@type\":\"BreadcrumbList\",\"@id\":\"https:\/\/desteptati-va.ro\/index.php\/2021\/04\/19\/cianura-liberalizarii-preturilor-in-energie\/#breadcrumb\",\"itemListElement\":[{\"@type\":\"ListItem\",\"position\":1,\"name\":\"Prima pagin\u0103\",\"item\":\"https:\/\/desteptati-va.ro\/\"},{\"@type\":\"ListItem\",\"position\":2,\"name\":\"Cianura liberaliz\u0103rii pre\u0163urilor \u00een energie\"}]},{\"@type\":\"WebSite\",\"@id\":\"https:\/\/desteptati-va.ro\/#website\",\"url\":\"https:\/\/desteptati-va.ro\/\",\"name\":\"\",\"description\":\"\",\"potentialAction\":[{\"@type\":\"SearchAction\",\"target\":{\"@type\":\"EntryPoint\",\"urlTemplate\":\"https:\/\/desteptati-va.ro\/?s={search_term_string}\"},\"query-input\":{\"@type\":\"PropertyValueSpecification\",\"valueRequired\":true,\"valueName\":\"search_term_string\"}}],\"inLanguage\":\"ro-RO\"},{\"@type\":\"Person\",\"@id\":\"https:\/\/desteptati-va.ro\/#\/schema\/person\/13182deeebd44920914899f7bb262d6b\",\"name\":\"wolfsoftcompany\",\"image\":{\"@type\":\"ImageObject\",\"inLanguage\":\"ro-RO\",\"@id\":\"https:\/\/desteptati-va.ro\/#\/schema\/person\/image\/\",\"url\":\"https:\/\/secure.gravatar.com\/avatar\/a6cce9b6d101d27d91690e7073e300fed94c0899890bf998e082cb9d2c3d121e?s=96&d=mm&r=g\",\"contentUrl\":\"https:\/\/secure.gravatar.com\/avatar\/a6cce9b6d101d27d91690e7073e300fed94c0899890bf998e082cb9d2c3d121e?s=96&d=mm&r=g\",\"caption\":\"wolfsoftcompany\"},\"sameAs\":[\"http:\/\/desteptati-va.ro\"],\"url\":\"https:\/\/desteptati-va.ro\/index.php\/author\/wolfsoftcompany\/\"}]}<\/script>\r\n<!-- \/ Yoast SEO plugin. -->","yoast_head_json":{"title":"Cianura liberaliz\u0103rii pre\u0163urilor \u00een energie -","robots":{"index":"index","follow":"follow","max-snippet":"max-snippet:-1","max-image-preview":"max-image-preview:large","max-video-preview":"max-video-preview:-1"},"canonical":"https:\/\/desteptati-va.ro\/index.php\/2021\/04\/19\/cianura-liberalizarii-preturilor-in-energie\/","og_locale":"ro_RO","og_type":"article","og_title":"Cianura liberaliz\u0103rii pre\u0163urilor \u00een energie -","og_description":"Noile cadouri c\u0103tre capitalul str\u0103in puse la cale de FMI prin cel de-al doilea acord cu Rom\u00e2nia vor fi pl\u0103titeRead More","og_url":"https:\/\/desteptati-va.ro\/index.php\/2021\/04\/19\/cianura-liberalizarii-preturilor-in-energie\/","article_published_time":"2021-04-19T09:07:13+00:00","article_modified_time":"2022-02-01T08:06:54+00:00","og_image":[{"width":275,"height":183,"url":"https:\/\/desteptati-va.ro\/wp-content\/uploads\/2021\/04\/Energie.jpg","type":"image\/jpeg"}],"author":"wolfsoftcompany","twitter_card":"summary_large_image","twitter_misc":{"Scris de":"wolfsoftcompany","Timp estimat pentru citire":"4 minute"},"schema":{"@context":"https:\/\/schema.org","@graph":[{"@type":"Article","@id":"https:\/\/desteptati-va.ro\/index.php\/2021\/04\/19\/cianura-liberalizarii-preturilor-in-energie\/#article","isPartOf":{"@id":"https:\/\/desteptati-va.ro\/index.php\/2021\/04\/19\/cianura-liberalizarii-preturilor-in-energie\/"},"author":{"name":"wolfsoftcompany","@id":"https:\/\/desteptati-va.ro\/#\/schema\/person\/13182deeebd44920914899f7bb262d6b"},"headline":"Cianura liberaliz\u0103rii pre\u0163urilor \u00een energie","datePublished":"2021-04-19T09:07:13+00:00","dateModified":"2022-02-01T08:06:54+00:00","mainEntityOfPage":{"@id":"https:\/\/desteptati-va.ro\/index.php\/2021\/04\/19\/cianura-liberalizarii-preturilor-in-energie\/"},"wordCount":762,"commentCount":0,"image":{"@id":"https:\/\/desteptati-va.ro\/index.php\/2021\/04\/19\/cianura-liberalizarii-preturilor-in-energie\/#primaryimage"},"thumbnailUrl":"https:\/\/desteptati-va.ro\/wp-content\/uploads\/2021\/04\/Energie.jpg","keywords":["capital strain","CEZ","desteptati","desteptati-va","E.ON","ENEL","energetica","FMI","Gazprom","GDF","Ilie Serbanescu","liberalizare","OMV","pensii","salarii","UE","Uniunea Europeana"],"articleSection":["Dosare inedite"],"inLanguage":"ro-RO","potentialAction":[{"@type":"CommentAction","name":"Comment","target":["https:\/\/desteptati-va.ro\/index.php\/2021\/04\/19\/cianura-liberalizarii-preturilor-in-energie\/#respond"]}]},{"@type":"WebPage","@id":"https:\/\/desteptati-va.ro\/index.php\/2021\/04\/19\/cianura-liberalizarii-preturilor-in-energie\/","url":"https:\/\/desteptati-va.ro\/index.php\/2021\/04\/19\/cianura-liberalizarii-preturilor-in-energie\/","name":"Cianura liberaliz\u0103rii pre\u0163urilor \u00een energie -","isPartOf":{"@id":"https:\/\/desteptati-va.ro\/#website"},"primaryImageOfPage":{"@id":"https:\/\/desteptati-va.ro\/index.php\/2021\/04\/19\/cianura-liberalizarii-preturilor-in-energie\/#primaryimage"},"image":{"@id":"https:\/\/desteptati-va.ro\/index.php\/2021\/04\/19\/cianura-liberalizarii-preturilor-in-energie\/#primaryimage"},"thumbnailUrl":"https:\/\/desteptati-va.ro\/wp-content\/uploads\/2021\/04\/Energie.jpg","datePublished":"2021-04-19T09:07:13+00:00","dateModified":"2022-02-01T08:06:54+00:00","author":{"@id":"https:\/\/desteptati-va.ro\/#\/schema\/person\/13182deeebd44920914899f7bb262d6b"},"breadcrumb":{"@id":"https:\/\/desteptati-va.ro\/index.php\/2021\/04\/19\/cianura-liberalizarii-preturilor-in-energie\/#breadcrumb"},"inLanguage":"ro-RO","potentialAction":[{"@type":"ReadAction","target":["https:\/\/desteptati-va.ro\/index.php\/2021\/04\/19\/cianura-liberalizarii-preturilor-in-energie\/"]}]},{"@type":"ImageObject","inLanguage":"ro-RO","@id":"https:\/\/desteptati-va.ro\/index.php\/2021\/04\/19\/cianura-liberalizarii-preturilor-in-energie\/#primaryimage","url":"https:\/\/desteptati-va.ro\/wp-content\/uploads\/2021\/04\/Energie.jpg","contentUrl":"https:\/\/desteptati-va.ro\/wp-content\/uploads\/2021\/04\/Energie.jpg","width":275,"height":183},{"@type":"BreadcrumbList","@id":"https:\/\/desteptati-va.ro\/index.php\/2021\/04\/19\/cianura-liberalizarii-preturilor-in-energie\/#breadcrumb","itemListElement":[{"@type":"ListItem","position":1,"name":"Prima pagin\u0103","item":"https:\/\/desteptati-va.ro\/"},{"@type":"ListItem","position":2,"name":"Cianura liberaliz\u0103rii pre\u0163urilor \u00een energie"}]},{"@type":"WebSite","@id":"https:\/\/desteptati-va.ro\/#website","url":"https:\/\/desteptati-va.ro\/","name":"","description":"","potentialAction":[{"@type":"SearchAction","target":{"@type":"EntryPoint","urlTemplate":"https:\/\/desteptati-va.ro\/?s={search_term_string}"},"query-input":{"@type":"PropertyValueSpecification","valueRequired":true,"valueName":"search_term_string"}}],"inLanguage":"ro-RO"},{"@type":"Person","@id":"https:\/\/desteptati-va.ro\/#\/schema\/person\/13182deeebd44920914899f7bb262d6b","name":"wolfsoftcompany","image":{"@type":"ImageObject","inLanguage":"ro-RO","@id":"https:\/\/desteptati-va.ro\/#\/schema\/person\/image\/","url":"https:\/\/secure.gravatar.com\/avatar\/a6cce9b6d101d27d91690e7073e300fed94c0899890bf998e082cb9d2c3d121e?s=96&d=mm&r=g","contentUrl":"https:\/\/secure.gravatar.com\/avatar\/a6cce9b6d101d27d91690e7073e300fed94c0899890bf998e082cb9d2c3d121e?s=96&d=mm&r=g","caption":"wolfsoftcompany"},"sameAs":["http:\/\/desteptati-va.ro"],"url":"https:\/\/desteptati-va.ro\/index.php\/author\/wolfsoftcompany\/"}]}},"_links":{"self":[{"href":"https:\/\/desteptati-va.ro\/index.php\/wp-json\/wp\/v2\/posts\/3996","targetHints":{"allow":["GET"]}}],"collection":[{"href":"https:\/\/desteptati-va.ro\/index.php\/wp-json\/wp\/v2\/posts"}],"about":[{"href":"https:\/\/desteptati-va.ro\/index.php\/wp-json\/wp\/v2\/types\/post"}],"author":[{"embeddable":true,"href":"https:\/\/desteptati-va.ro\/index.php\/wp-json\/wp\/v2\/users\/1"}],"replies":[{"embeddable":true,"href":"https:\/\/desteptati-va.ro\/index.php\/wp-json\/wp\/v2\/comments?post=3996"}],"version-history":[{"count":1,"href":"https:\/\/desteptati-va.ro\/index.php\/wp-json\/wp\/v2\/posts\/3996\/revisions"}],"predecessor-version":[{"id":3998,"href":"https:\/\/desteptati-va.ro\/index.php\/wp-json\/wp\/v2\/posts\/3996\/revisions\/3998"}],"wp:featuredmedia":[{"embeddable":true,"href":"https:\/\/desteptati-va.ro\/index.php\/wp-json\/wp\/v2\/media\/4641"}],"wp:attachment":[{"href":"https:\/\/desteptati-va.ro\/index.php\/wp-json\/wp\/v2\/media?parent=3996"}],"wp:term":[{"taxonomy":"category","embeddable":true,"href":"https:\/\/desteptati-va.ro\/index.php\/wp-json\/wp\/v2\/categories?post=3996"},{"taxonomy":"post_tag","embeddable":true,"href":"https:\/\/desteptati-va.ro\/index.php\/wp-json\/wp\/v2\/tags?post=3996"}],"curies":[{"name":"wp","href":"https:\/\/api.w.org\/{rel}","templated":true}]}}