{"id":4002,"date":"2021-04-19T09:26:40","date_gmt":"2021-04-19T09:26:40","guid":{"rendered":"http:\/\/desteptati.ro\/?p=4002"},"modified":"2021-04-19T09:26:40","modified_gmt":"2021-04-19T09:26:40","slug":"centru-infractional-calificat-la-primaria-cluj","status":"publish","type":"post","link":"https:\/\/desteptati-va.ro\/index.php\/2021\/04\/19\/centru-infractional-calificat-la-primaria-cluj\/","title":{"rendered":"Centru infrac\u021bional calificat la Prim\u0103ria Cluj"},"content":{"rendered":"<div class=\"post-content\"><div class='booster-block booster-read-block'>\n                <div class=\"twp-read-time\">\n                \t<i class=\"booster-icon twp-clock\"><\/i> <span>Read Time:<\/span>8 Minute, 15 Second                <\/div>\n\n            <\/div><ul>\r\n \t<li>\r\n<h4>Subcomisarul Rus a zis c\u0103 discut\u0103m pl\u00e2ngerea dup\u0103 4 sau 8 ani<\/h4>\r\n<\/li>\r\n \t<li>\r\n<h4>Poli\u0163istul mi-a dat \u00een cap cu pietroiul \u015fi mi-am pierdut auzul. Judec\u0103torul a hot\u0103r\u00e2t 5.000 de euro desp\u0103gubire. A zis c\u0103-s prea b\u0103tr\u00e2n \u015fi surzesc oricum<\/h4>\r\n<\/li>\r\n \t<li>\r\n<h4>Cu 6-7 \u015ftampile au nenorocit 3 cartiere<\/h4>\r\n<\/li>\r\n \t<li>\r\n<h4>S\u0103 nu-mi da\u0163i numele pentru c\u0103 mafia lui Boc e la putere \u00een municipiu \u015fi a ajuns \u015fi \u00een Parlament \u015fi \u00een Guvernul Ponta<\/h4>\r\n<\/li>\r\n<\/ul>\r\n<h4>Situa\u0163ia din Cluj arat\u0103 ca un cancer f\u0103r\u0103 speran\u0163\u0103. Inspectorul-\u015fef adjunct al Poli\u0163iei jude\u0163ene, pe numele s\u0103u Mure\u0219an, omul lui Emil Boc, este \u0219i un mare afacerist imobiliar \u015fi valutist. Controleaz\u0103 pe un SRL cam 70 de PUNCTE de schimb prin tot jude\u0163ul. Nu sunt semne c\u0103 Ioan Rus ar fi preocupat s\u0103-l schimbe. Oare de ce? Parchetul st\u0103 sub Kovesi \u015fi Daniel Morar. Cum s\u0103 cerceteze abuzurile \u00een serviciu ale lui Emil Boc \u015fi Sorin Apostu? Poli\u0163ia? Cum \u015fi condus\u0103 de cine? Paszkany, investitorul apropiat Consiliului Local al muncipiului Cluj, este acuzat de partenerii s\u0103i de afaceri de ini\u0163ierea unui grup infrac\u0163ional organizat. Era omul favorit al PDL-ului. Se baza \u015fi pe trustul Gazeta. Ast\u0103zi a schimbat macazul. E la bra\u0163 cu Ioan Rus \u015fi Vasile D\u00e2ncu. Au \u00eempreun\u0103 grupul de media Transilvania, cu Transilvania Live \u015fi cu Transilvania Reporter.<\/h4>\r\n<h4><\/h4>\r\n<figure id=\"attachment_3590\" aria-describedby=\"caption-attachment-3590\" style=\"width: 274px\" class=\"wp-caption aligncenter\"><a href=\"http:\/\/www.desteptati-va.ro\/wp-content\/uploads\/2012\/05\/arpad.jpg\"><img loading=\"lazy\" decoding=\"async\" class=\" wp-image-3590\" title=\"arpad\" src=\"http:\/\/www.desteptati-va.ro\/wp-content\/uploads\/2012\/05\/arpad.jpg\" alt=\"Arpad Paszkany\" width=\"274\" height=\"223\" \/><\/a><figcaption id=\"caption-attachment-3590\" class=\"wp-caption-text\">Arpad Paszkany<\/figcaption><\/figure>\r\n<h3><em>Mic \u00eendreptar de tunuri \u015fi personaje din Cluj-Napoca<\/em><\/h3>\r\n<h4>Afacerile lui Arpad Paszkany (considerat de unii creierul unui grup infrac\u0163ional organizat) au luat mare vitez\u0103 cam atunci c\u00e2nd Traian B\u0103sescu \u00eei lua ap\u0103rarea pomenind un memoriu primit la Cotroceni pe internet. Acum, favoritul s\u0103u juridic, imobiliar \u015fi fotbalistic este acuzat \u015fi de \u00een\u015fel\u0103ciune, de corup\u0163ie, de sp\u0103lare de bani. \u00cen Camera Deputa\u0163ilor, Comisia juridic\u0103 este condus\u0103 de Daniel Buda, alt mare beneficiar al \u00eenv\u00e2rtelilor imobiliare din Cluj. Din afacerea Tower, cea care a p\u0103gubit zeci \u015fi sute de clujeni, el \u015fi nevasta s-au ales cu un centru de afaceri. Secretarul general al Prim\u0103riei Cluj din perioada \u015ftampilelor nebune era Mircea Jorj, azi \u015feful organiza\u0163iei PSD Cluj-Napoca. Sorin Apostu nu era dec\u00e2t combinatorul din spatele primarului Emil Boc. \u015etefania Ferencz gestiona \u015ftampilele \u015fi actele. Semn\u0103tura primarului Emil Boc nu era reprodus\u0103 cu una singur\u0103. Sunt mai multe. Repartizate pe directorii din prim\u0103rie \u015fi pe domenii. Unii vorbesc de 6-7 \u015ftampile cu semn\u0103tura micu\u0163ului impostor iresponsabil din R\u0103chi\u0163ele. \u015ei de un sistem de colectare a \u201dcontribu\u0163iilor\u201d. Dou\u0103 personaje p\u00e2rlite la \u00eenceputul afacerii \u015fi care au prosperat pe m\u0103sur\u0103 ce industria aprob\u0103rilor din Cluj-Napoca a luat amploare se numesc Adrian Gurz\u0103u \u015fi Horea Florea. B\u0103iatul de mingi \u015fi curve Adrian Gurz\u0103u \u201dlupt\u0103\u201d din greu pentru dreptate la Comisia de Abuzuri \u015fi Peti\u0163ii. Ce clujean mai are curajul s\u0103 se pl\u00e2ng\u0103 la Camera Deputa\u0163ilor?<\/h4>\r\n<h4>De un an de zile tot str\u00e2ng documente despre afacerile din Cluj. De luni \u015fi luni primesc tot felul de documente despre afacerile oneroase din ora\u015ful studen\u0163iei mele. Pe zi ce trece, acesta mi se pare c\u0103 seam\u0103n\u0103 cu a\u015fezarea din \u201dCei 7 magnifici\u201d. Este cu adev\u0103rat captiv. Seam\u0103n\u0103 cu un or\u0103\u015fel ocupat de o band\u0103, de un grup infrac\u0163ional care \u015fi-a \u00eemp\u0103r\u0163it principalele func\u0163ii \u015fi roluri pentru responsabilii din institu\u0163ii publice, din afaceri \u015fi din politic\u0103. At\u00e2ta doar c\u0103 nimeni nu se gr\u0103be\u015fte s\u0103 elibereze urbea!<\/h4>\r\n<h3><em>Mic\u0103 istorie de tunuri clujene<\/em><\/h3>\r\n<h4>Clujul a dat prima mare lovitur\u0103 cu afacerea Caritas. A adunat pe malurile Some\u015fului banii tuturor naivilor din Rom\u00e2nia. Apoi a mai dat un tun: Banca Dacia Felix. Au fost afacerea Polus \u015fi mai apoi ma\u015fina de stors bani cu ajutorul media. Adic\u0103 afacerea Gazeta. La pu\u0163in\u0103 vreme, Clujul \u015fi-a trecut \u00een cont o mare \u0163eap\u0103 imobiliar\u0103 numit\u0103 Afacerea Tower, construit\u0103 \u00een jurul senatorului Daniel Buda. Este vorba un fost p\u00e2rlit de \u015fef de protocol al prim\u0103riei lui Gh. Funar. A promovat consilier, iar ast\u0103zi \u201dmicu\u0163ul m\u0103celar\u201d, cum mai este poreclit, a ajuns \u015fef de comisie juridic\u0103 \u00een Camera Deputa\u0163ilor. Prin m\u00e2na lui trec cele mai multe dintre legile Rom\u00e2niei. Un veterinar (ca \u015fi Apostu) se poate considera o pies\u0103 de baz\u0103 \u00een PDL \u015fi \u00een Parlamentul Rom\u00e2niei!<\/h4>\r\n<h4>\u015ei ce\u00a0dac\u0103 Prim\u0103ria Clujului a fost marea afacere gen Caritas \u015fi Dacia Felix f\u0103cut\u0103 pe seama locuitorilor ora\u015fului? Un centru infrac\u0163ional organizat cu un singur scop: jefuirea popula\u0163iei!<\/h4>\r\n<h4><em>Fabrica de acte cu 5 \u015ftampile<\/em><\/h4>\r\n<h4><em>Specimene de semn\u0103turi\u00a0folosite ca paraf\u0103 personal\u0103 \u0219i expertiza lor<\/em><\/h4>\r\n<h4><\/h4>\r\n<figure id=\"attachment_3591\" aria-describedby=\"caption-attachment-3591\" style=\"width: 387px\" class=\"wp-caption aligncenter\"><a href=\"http:\/\/www.desteptati-va.ro\/wp-content\/uploads\/2012\/05\/trei_semnaturi_tip_parafa_0011.jpg\"><img loading=\"lazy\" decoding=\"async\" class=\" wp-image-3591\" title=\"trei_semnaturi_tip_parafa_001\" src=\"http:\/\/www.desteptati-va.ro\/wp-content\/uploads\/2012\/05\/trei_semnaturi_tip_parafa_0011.jpg\" alt=\"Trei semnaturi tip parafa\" width=\"387\" height=\"493\" \/><\/a><figcaption id=\"caption-attachment-3591\" class=\"wp-caption-text\">Trei semnaturi tip parafa<\/figcaption><\/figure>\r\n<h4><em>Trei semn\u0103turi tip paraf\u0103 <\/em><\/h4>\r\n<h4><a href=\"http:\/\/www.desteptati-va.ro\/wp-content\/uploads\/2012\/05\/expertiza_001.jpg\"><img loading=\"lazy\" decoding=\"async\" class=\"aligncenter wp-image-3592\" title=\"expertiza_001\" src=\"http:\/\/www.desteptati-va.ro\/wp-content\/uploads\/2012\/05\/expertiza_001.jpg\" alt=\"\" width=\"406\" height=\"513\" \/><\/a><\/h4>\r\n<h4><em>Expertiz\u0103\r\n<\/em><\/h4>\r\n<h4>Ca pre\u015fedinte al PDL, primarul Emil Boc a mai primit o r\u0103spundere \u00een plus. Curier de la Cotroceni. Micu\u0163ul impostor de R\u0103chi\u0163ele trebuia s\u0103 fac\u0103 fa\u0163\u0103 la at\u00e2tea responsabilit\u0103\u0163i \u015fi onoruri. Nici ubicuitatea nu l-ar fi putut ajuta s\u0103 fac\u0103 fa\u0163\u0103 la toate. A\u015fa c\u0103 specialistul clujean doctor \u00een drept a preluat \u015fi a organizat t\u0103r\u0103\u015fenia cu semn\u0103tura \u015ftampil\u0103. C\u00e2te una pe un domeniu. \u015ei fiecare pu\u0163in diferit\u0103. Una cu un punct \u00een dreptul literei E, alta cu punctul mai jos, \u015fi a\u015fa mai departe, pentru a putea identifica mai t\u00e2rziu cine este omul din prim\u0103rie care a semnat cu \u015ftampila Emil Boc pe ce act oficial. T\u0103r\u0103\u015fenia era cunoscut\u0103 \u00een prim\u0103rie. Era \u015fi este destul de folosit\u0103 prin institu\u0163iile rom\u00e2ne\u015fti. Unii spun c\u0103, mai nou, \u015fi Preafericitul Patriarh Daniel semneaz\u0103 autograful dat pe Biblii tot cu o semn\u0103tur\u0103 \u015ftampilat\u0103. Un clujean a avut \u00eens\u0103 curajul s\u0103 \u00eenainteze o pl\u00e2ngere. \u015eeful de lucr\u0103ri Horea Dan de la Facultatea de Construc\u0163ii a depus o pl\u00e2ngere penal\u0103 la Parchetul de pe l\u00e2ng\u0103 Judec\u0103toria Cluj. \u201dAu nenorocit ora\u015ful cu aiurelile din imobiliare. De fapt, au nenorocit vreo trei cartiere. Ferencz \u015fi Apostu au pus \u015ftampilele pe tot felul de autoriza\u0163ii. Apostu era directorul prim\u0103riei \u015fi conducea tot aparatul prim\u0103riei. De atunci era cunoscut cu porecla \u00abfifty-fifty\u00bb. Au rezultat tot felul de construc\u0163ii. Unele aiurea, altele ilegale au aprobbat construirea a c\u00e2teva cartiere f\u0103r\u0103 deschidere de str\u0103zi. Au nenorocit oameni. Nu-i loc de mers cu salvarea sau cu ma\u015fina pompierilor. Sunt numai drumuri de servitute, c\u0103i de acces str\u00e2mte, chinuite, oribile. \u015ei \u00een cartierul Europa, \u015fi \u00een Bun\u0103 Ziua, \u015fi spre Feleac! \u00cen perioada februarie-aprilie 2008 am f\u0103cut o pl\u00e2ngere la Parchet. A fost trimis\u0103 spre cercetare la Poli\u0163ia Muncipiului. Am \u015fi fost chemat de subcomisarul Rus, care mi-a spus c\u0103 poate mai discut\u0103m peste 4 sau 8 ani c\u00e2nd Emil Boc nu va mai fi pe val. Nu m-a mai chemat p\u00e2n\u0103 acum!\u201d (Horea Dan)<\/h4>\r\n<h4><\/h4>\r\n<h3><em>Dou\u0103 dintre victimele \u015ftampilelor lui Boc<\/em><\/h3>\r\n<h4>Viorel Circ\u0103 a construit o cas\u0103 pe strada M\u0103rgina\u015f\u0103 num\u0103rul 8 din Cluj. Vecinul s\u0103u, poli\u0163istul Bolba Gelu, agent \u015fef la Sec\u0163ia nr. 6 Poli\u0163ie, a d\u0103r\u00e2mat gardul dintre propriet\u0103\u0163i. C\u00e2nd Viorel Circ\u0103 \u015fi fiul s\u0103u au vrut s\u0103-l ridice la loc, tat\u0103l a fost lovit de poli\u0163ai cu un pietroi \u00een cap. A r\u0103mas cu o infirmitate de auz. Poli\u0163istul a fost condamnat la 1 an cu suspendare. Judecata a durat 6 ani. Recep\u0163ia casei poli\u0163istului a fost f\u0103cut\u0103 \u00een 24 decembrie, \u00een Ajunul Cr\u0103ciunului \u015fi \u00een timpul procesului dintre cele dou\u0103 p\u0103r\u0163i. Evident, r\u0103zboiul vine de la autoriza\u0163ia de construc\u0163ie, de la procesul-verbal de la recep\u0163ie. \u015ei de la Expertize. Viorel Circ\u0103 a fost doar victma h\u00e2rtiilor \u015fi a \u015ftampilelor. \u00cen toate cele 20 de kilograme de acte, adrese, r\u0103spunsuri \u015fi expertize ale sale nu-i dec\u00e2t el singur \u00eempotriva tuturor institu\u0163iilor statului \u015fi a func\u0163ionarilor Prim\u0103riei. P\u00e2n\u0103 la urm\u0103 a pierdut procesul pe excep\u0163ia de tardivitate, de\u015fi aceea\u015fi excep\u0163ie fusese respins\u0103 \u00eentr-o faz\u0103 anterioar\u0103 a procesului. \u201eBoc nu-i dec\u00e2t un nemernic, un neispr\u0103vit care a nenorocit ora\u015ful\u201d, zice domnul Circ\u0103.<\/h4>\r\n<h4>Cornel Samir Bon\u0163idean a cump\u0103rat o cas\u0103 l\u00e2ng\u0103 care un aventurier imobiliar a ridicat un vapor lung \u015fi \u00eengust care \u00eei ia tot soarele \u015fi \u00eel \u0163ine \u00een umbr\u0103 \u015fi friguri. Procesul pentru construc\u0163ia ridicat\u0103 pe strada Trandafirilor din Cluj dureaz\u0103 de 6 ani \u015fi nu s-a terminat. Cl\u0103direa a fost ridicat\u0103 pe baza unei autoriza\u0163ii de construc\u0163ie semnate cu o \u015ftampil\u0103 tip \u201dparaf\u0103 personal\u0103\u201d. Cornel Samir Bon\u0163idean este, p\u00e2n\u0103 \u00een acest moment, singurul clujean care a reu\u015fit s\u0103 ob\u0163in\u0103 o expertiz\u0103 a semn\u0103turilor lui Emil Boc. Concluzia expertului criminalist autorizat este categoric\u0103. Nu sunt semn\u0103turi. Este un sigilu de tip \u201dCine l-a folosit?\u201d. Papa Pius! Pe un act e \u015fi mai r\u0103u. \u201dPozi\u0163ia Primar este reprodus\u0103 prin copiere xerox \u00eempreun\u0103 cu \u00eentregul act\u201d (Expert criminalist dr. Sorin Al\u0103moreanu). \u00cempotriva lui Cornel Samir Bon\u0163idean s-a pus toat\u0103 artileria grea a Clujului. Procurori, judec\u0103tori (unii char \u00een CSM), poli\u0163i\u015fti, func\u0163ionari ai prim\u0103riei, to\u0163i au \u00eencercat s\u0103-l opreasc\u0103. Nimeni nu s-a ridicat pentru a stopa t\u0103r\u0103\u015fenia semn\u0103turilor primarului Emil Boc prin intermediul \u015ftampilelor l\u0103sate \u00een responsabilitatea unor a\u015fa-zi\u015fi devota\u0163i.<\/h4>\r\n<figure id=\"attachment_3597\" aria-describedby=\"caption-attachment-3597\" style=\"width: 382px\" class=\"wp-caption aligncenter\"><a href=\"http:\/\/www.desteptati-va.ro\/wp-content\/uploads\/2012\/05\/parc_fotovoltaic1.jpg\"><img loading=\"lazy\" decoding=\"async\" class=\" wp-image-3597\" title=\"parc_fotovoltaic\" src=\"http:\/\/www.desteptati-va.ro\/wp-content\/uploads\/2012\/05\/parc_fotovoltaic1.jpg\" alt=\"Parcul Tineretului transformat Parc fotovoltaic\" width=\"382\" height=\"201\" \/><\/a><figcaption id=\"caption-attachment-3597\" class=\"wp-caption-text\">Parcul Tineretului transformat\u00a0\u00een\u00a0parc fotovoltaic<\/figcaption><\/figure>\r\n<h4><em>Ce scriu asocia\u0163ii mai vechi ai lui Arpad Paszkany despre acesta \u015fi afacerea Parcul Tineretului &#8211; Parcul fotovoltaic?<\/em><\/h4>\r\n<h4>\u201dVom urma toate c\u0103ile legale posibile pentru tragerea la r\u0103spundere a tuturor persoanelor vinovate de urm\u0103toarele infrac\u0163iuni:<\/h4>\r\n<h4>&#8211; ini\u0163iere \u015fi constituire a unui grup infrac\u0163ional organizat \u00een scopul s\u0103v\u00e2r\u015firii de infrac\u0163iuni contra patrimomiului&#8230;&#8230;&#8230;<\/h4>\r\n<h4>&#8211; \u00een\u015fel\u0103ciune cu consecin\u0163e deosebit de grave prev\u0103zute \u015fi pedepsite de art 215 CP<\/h4>\r\n<h4>&#8211; infrac\u0163iune asimilat\u0103 faptelor de corup\u0163ie, prev\u0103zut\u0103 \u015fi pedepsit\u0103 de Legea 78\/2000<\/h4>\r\n<h4>&#8211; infrac\u0163iune de sp\u0103lare de bani \u00een sensul art 23 din Legea 656\/2002 (&#8230;.)<\/h4>\r\n<h4>&#8211; infrac\u0163iuni de abuz \u00een serviciu contra intereselor persoanelor, prev\u0103zut\u0103 \u015fi pedepsit\u0103 de art 246 C Pen \u015fi infrac\u0163iune de gestiune frauduloas\u0103, prev\u0103zut\u0103 \u015fi pedepsit\u0103 de art 214 Cod penal.<\/h4>\r\n<h4>Pentru toate aceste motive v\u0103 solicit\u0103m s\u0103 proceda\u0163i la atacarea \u00een Contencios administrativ a HCL al Municipiului Cluj-Napoca nr 489 din data de 14 12 2010 privind reconversia Proiectului imobiliar Cartierul Tineretului Cluj, respectiv nr 274 din data de 01 07 2011 privind reglementarea unor aspecte privind reconversia proiectului Cartierul Tineretului Cluj \u00een parc fotovoltaic\u201d.<\/h4>\r\n<h4>Semneaz\u0103 pentru IRIS Ventures Limited, George Theodorou<\/h4>\r\n<h4><\/h4>\r\n<h4 id=\"rightcolumn\"><em><span style=\"color: #c0c0c0;\">Surs\u0103: <a title=\"sursa\" href=\"http:\/\/www.cotidianul.ro\/emil-boc-un-nemernic-un-neispravit-care-a-nenorocit-orasul-184187\/\">Cotidianul.ro<\/a><\/span><\/em><\/h4>        <div class=\"booster-block booster-reactions-block\">\n            <div class=\"twp-reactions-icons\">\n                \n                <div class=\"twp-reacts-wrap\">\n                    <a react-data=\"be-react-1\" post-id=\"4002\" class=\"be-face-icons un-reacted\" href=\"javascript:void(0)\">\n                        <img decoding=\"async\" src=\"https:\/\/desteptati-va.ro\/wp-content\/plugins\/booster-extension\/\/assets\/icon\/happy.svg\" alt=\"Happy\">\n                    <\/a>\n                    <div class=\"twp-reaction-title\">\n                        Happy                    <\/div>\n                    <div class=\"twp-count-percent\">\n                                                    <span style=\"display: none;\" class=\"twp-react-count\">0<\/span>\n                        \n                                                <span class=\"twp-react-percent\"><span>0<\/span> %<\/span>\n                                            <\/div>\n                <\/div>\n\n                <div class=\"twp-reacts-wrap\">\n                    <a react-data=\"be-react-2\" post-id=\"4002\" class=\"be-face-icons un-reacted\" href=\"javascript:void(0)\">\n                        <img decoding=\"async\" src=\"https:\/\/desteptati-va.ro\/wp-content\/plugins\/booster-extension\/\/assets\/icon\/sad.svg\" alt=\"Sad\">\n                    <\/a>\n                    <div class=\"twp-reaction-title\">\n                        Sad                    <\/div>\n                    <div class=\"twp-count-percent\">\n                                                    <span style=\"display: none;\" class=\"twp-react-count\">0<\/span>\n                                                                        <span class=\"twp-react-percent\"><span>0<\/span> %<\/span>\n                                            <\/div>\n                <\/div>\n\n                <div class=\"twp-reacts-wrap\">\n                    <a react-data=\"be-react-3\" post-id=\"4002\" class=\"be-face-icons un-reacted\" href=\"javascript:void(0)\">\n                        <img decoding=\"async\" src=\"https:\/\/desteptati-va.ro\/wp-content\/plugins\/booster-extension\/\/assets\/icon\/excited.svg\" alt=\"Excited\">\n                    <\/a>\n                    <div class=\"twp-reaction-title\">\n                        Excited                    <\/div>\n                    <div class=\"twp-count-percent\">\n                                                    <span style=\"display: none;\" class=\"twp-react-count\">0<\/span>\n                                                                        <span class=\"twp-react-percent\"><span>0<\/span> %<\/span>\n                                            <\/div>\n                <\/div>\n\n                <div class=\"twp-reacts-wrap\">\n                    <a react-data=\"be-react-6\" post-id=\"4002\" class=\"be-face-icons un-reacted\" href=\"javascript:void(0)\">\n                        <img decoding=\"async\" src=\"https:\/\/desteptati-va.ro\/wp-content\/plugins\/booster-extension\/\/assets\/icon\/sleepy.svg\" alt=\"Sleepy\">\n                    <\/a>\n                    <div class=\"twp-reaction-title\">\n                        Sleepy                    <\/div>\n                    <div class=\"twp-count-percent\">\n                                                    <span style=\"display: none;\" class=\"twp-react-count\">0<\/span>\n                        \n                                                <span class=\"twp-react-percent\"><span>0<\/span> %<\/span>\n                                            <\/div>\n                <\/div>\n\n                <div class=\"twp-reacts-wrap\">\n                    <a react-data=\"be-react-4\" post-id=\"4002\" class=\"be-face-icons un-reacted\" href=\"javascript:void(0)\">\n                        <img decoding=\"async\" src=\"https:\/\/desteptati-va.ro\/wp-content\/plugins\/booster-extension\/\/assets\/icon\/angry.svg\" alt=\"Angry\">\n                    <\/a>\n                    <div class=\"twp-reaction-title\">Angry<\/div>\n                    <div class=\"twp-count-percent\">\n                                                    <span style=\"display: none;\" class=\"twp-react-count\">0<\/span>\n                                                                        <span class=\"twp-react-percent\"><span>0<\/span> %<\/span>\n                        \n                    <\/div>\n                <\/div>\n\n                <div class=\"twp-reacts-wrap\">\n                    <a react-data=\"be-react-5\" post-id=\"4002\" class=\"be-face-icons un-reacted\" href=\"javascript:void(0)\">\n                        <img decoding=\"async\" src=\"https:\/\/desteptati-va.ro\/wp-content\/plugins\/booster-extension\/\/assets\/icon\/surprise.svg\" alt=\"Surprise\">\n                    <\/a>\n                    <div class=\"twp-reaction-title\">Surprise<\/div>\n                    <div class=\"twp-count-percent\">\n                                                    <span style=\"display: none;\" class=\"twp-react-count\">0<\/span>\n                                                                        <span class=\"twp-react-percent\"><span>0<\/span> %<\/span>\n                                            <\/div>\n                <\/div>\n\n            <\/div>\n        <\/div>\n\n    <\/div>","protected":false},"excerpt":{"rendered":"<p>Subcomisarul Rus a zis c\u0103 discut\u0103m pl\u00e2ngerea dup\u0103 4 sau 8 ani Poli\u0163istul mi-a dat \u00een cap cu pietroiul \u015fi<a href=\"https:\/\/desteptati-va.ro\/index.php\/2021\/04\/19\/centru-infractional-calificat-la-primaria-cluj\/\">Read More<i class=\"fa fa-long-arrow-right\" aria-hidden=\"true\"><\/i><\/a><\/p>\n","protected":false},"author":1,"featured_media":4004,"comment_status":"open","ping_status":"open","sticky":false,"template":"","format":"standard","meta":{"_crdt_document":"","footnotes":""},"categories":[14],"tags":[1316,758,1317],"class_list":["post-4002","post","type-post","status-publish","format-standard","has-post-thumbnail","hentry","category-guvernarea-portocalie","tag-arpad","tag-boc","tag-trafic-de-influenta"],"rise-blocks_total_comments":0,"rise-blocks_categories":[{"term_id":14,"name":"Guvernarea portocalie","slug":"guvernarea-portocalie","term_group":0,"term_taxonomy_id":14,"taxonomy":"category","description":"","parent":0,"count":5,"filter":"raw"}],"rise-blocks_excerpt":"Subcomisarul Rus a zis c\u0103 discut\u0103m pl\u00e2ngerea dup\u0103 4 sau 8 ani Poli\u0163istul mi-a dat \u00een cap cu pietroiul \u015fi mi-am pierdut auzul. Judec\u0103torul a hot\u0103r\u00e2t 5.000 de euro desp\u0103gubire. A zis c\u0103-s prea b\u0103tr\u00e2n \u015fi surzesc oricum Cu 6-7 \u015ftampile au nenorocit 3 cartiere S\u0103 nu-mi da\u0163i numele pentru c\u0103 mafia lui Boc e la putere \u00een municipiu \u015fi..","yoast_head":"<!-- This site is optimized with the Yoast SEO plugin v26.9 - https:\/\/yoast.com\/product\/yoast-seo-wordpress\/ -->\r\n<title>Centru infrac\u021bional calificat la Prim\u0103ria Cluj -<\/title>\r\n<meta name=\"robots\" content=\"index, follow, max-snippet:-1, max-image-preview:large, max-video-preview:-1\" \/>\r\n<link rel=\"canonical\" href=\"https:\/\/desteptati-va.ro\/index.php\/2021\/04\/19\/centru-infractional-calificat-la-primaria-cluj\/\" \/>\r\n<meta property=\"og:locale\" content=\"ro_RO\" \/>\r\n<meta property=\"og:type\" content=\"article\" \/>\r\n<meta property=\"og:title\" content=\"Centru infrac\u021bional calificat la Prim\u0103ria Cluj -\" \/>\r\n<meta property=\"og:description\" content=\"Subcomisarul Rus a zis c\u0103 discut\u0103m pl\u00e2ngerea dup\u0103 4 sau 8 ani Poli\u0163istul mi-a dat \u00een cap cu pietroiul \u015fiRead More\" \/>\r\n<meta property=\"og:url\" content=\"https:\/\/desteptati-va.ro\/index.php\/2021\/04\/19\/centru-infractional-calificat-la-primaria-cluj\/\" \/>\r\n<meta property=\"article:published_time\" content=\"2021-04-19T09:26:40+00:00\" \/>\r\n<meta property=\"og:image\" content=\"https:\/\/desteptati-va.ro\/wp-content\/uploads\/2021\/04\/download-1-1.jpg\" \/>\r\n\t<meta property=\"og:image:width\" content=\"281\" \/>\r\n\t<meta property=\"og:image:height\" content=\"201\" \/>\r\n\t<meta property=\"og:image:type\" content=\"image\/jpeg\" \/>\r\n<meta name=\"author\" content=\"wolfsoftcompany\" \/>\r\n<meta name=\"twitter:card\" content=\"summary_large_image\" \/>\r\n<meta name=\"twitter:label1\" content=\"Scris de\" \/>\n\t<meta name=\"twitter:data1\" content=\"wolfsoftcompany\" \/>\n\t<meta name=\"twitter:label2\" content=\"Timp estimat pentru citire\" \/>\n\t<meta name=\"twitter:data2\" content=\"9 minute\" \/>\r\n<script type=\"application\/ld+json\" class=\"yoast-schema-graph\">{\"@context\":\"https:\/\/schema.org\",\"@graph\":[{\"@type\":\"Article\",\"@id\":\"https:\/\/desteptati-va.ro\/index.php\/2021\/04\/19\/centru-infractional-calificat-la-primaria-cluj\/#article\",\"isPartOf\":{\"@id\":\"https:\/\/desteptati-va.ro\/index.php\/2021\/04\/19\/centru-infractional-calificat-la-primaria-cluj\/\"},\"author\":{\"name\":\"wolfsoftcompany\",\"@id\":\"https:\/\/desteptati-va.ro\/#\/schema\/person\/13182deeebd44920914899f7bb262d6b\"},\"headline\":\"Centru infrac\u021bional calificat la Prim\u0103ria Cluj\",\"datePublished\":\"2021-04-19T09:26:40+00:00\",\"mainEntityOfPage\":{\"@id\":\"https:\/\/desteptati-va.ro\/index.php\/2021\/04\/19\/centru-infractional-calificat-la-primaria-cluj\/\"},\"wordCount\":1827,\"commentCount\":0,\"image\":{\"@id\":\"https:\/\/desteptati-va.ro\/index.php\/2021\/04\/19\/centru-infractional-calificat-la-primaria-cluj\/#primaryimage\"},\"thumbnailUrl\":\"https:\/\/desteptati-va.ro\/wp-content\/uploads\/2021\/04\/download-1-1.jpg\",\"keywords\":[\"Arpad\",\"Boc\",\"trafic de influenta\"],\"articleSection\":[\"Guvernarea portocalie\"],\"inLanguage\":\"ro-RO\",\"potentialAction\":[{\"@type\":\"CommentAction\",\"name\":\"Comment\",\"target\":[\"https:\/\/desteptati-va.ro\/index.php\/2021\/04\/19\/centru-infractional-calificat-la-primaria-cluj\/#respond\"]}]},{\"@type\":\"WebPage\",\"@id\":\"https:\/\/desteptati-va.ro\/index.php\/2021\/04\/19\/centru-infractional-calificat-la-primaria-cluj\/\",\"url\":\"https:\/\/desteptati-va.ro\/index.php\/2021\/04\/19\/centru-infractional-calificat-la-primaria-cluj\/\",\"name\":\"Centru infrac\u021bional calificat la Prim\u0103ria Cluj -\",\"isPartOf\":{\"@id\":\"https:\/\/desteptati-va.ro\/#website\"},\"primaryImageOfPage\":{\"@id\":\"https:\/\/desteptati-va.ro\/index.php\/2021\/04\/19\/centru-infractional-calificat-la-primaria-cluj\/#primaryimage\"},\"image\":{\"@id\":\"https:\/\/desteptati-va.ro\/index.php\/2021\/04\/19\/centru-infractional-calificat-la-primaria-cluj\/#primaryimage\"},\"thumbnailUrl\":\"https:\/\/desteptati-va.ro\/wp-content\/uploads\/2021\/04\/download-1-1.jpg\",\"datePublished\":\"2021-04-19T09:26:40+00:00\",\"author\":{\"@id\":\"https:\/\/desteptati-va.ro\/#\/schema\/person\/13182deeebd44920914899f7bb262d6b\"},\"breadcrumb\":{\"@id\":\"https:\/\/desteptati-va.ro\/index.php\/2021\/04\/19\/centru-infractional-calificat-la-primaria-cluj\/#breadcrumb\"},\"inLanguage\":\"ro-RO\",\"potentialAction\":[{\"@type\":\"ReadAction\",\"target\":[\"https:\/\/desteptati-va.ro\/index.php\/2021\/04\/19\/centru-infractional-calificat-la-primaria-cluj\/\"]}]},{\"@type\":\"ImageObject\",\"inLanguage\":\"ro-RO\",\"@id\":\"https:\/\/desteptati-va.ro\/index.php\/2021\/04\/19\/centru-infractional-calificat-la-primaria-cluj\/#primaryimage\",\"url\":\"https:\/\/desteptati-va.ro\/wp-content\/uploads\/2021\/04\/download-1-1.jpg\",\"contentUrl\":\"https:\/\/desteptati-va.ro\/wp-content\/uploads\/2021\/04\/download-1-1.jpg\",\"width\":281,\"height\":201},{\"@type\":\"BreadcrumbList\",\"@id\":\"https:\/\/desteptati-va.ro\/index.php\/2021\/04\/19\/centru-infractional-calificat-la-primaria-cluj\/#breadcrumb\",\"itemListElement\":[{\"@type\":\"ListItem\",\"position\":1,\"name\":\"Prima pagin\u0103\",\"item\":\"https:\/\/desteptati-va.ro\/\"},{\"@type\":\"ListItem\",\"position\":2,\"name\":\"Centru infrac\u021bional calificat la Prim\u0103ria Cluj\"}]},{\"@type\":\"WebSite\",\"@id\":\"https:\/\/desteptati-va.ro\/#website\",\"url\":\"https:\/\/desteptati-va.ro\/\",\"name\":\"\",\"description\":\"\",\"potentialAction\":[{\"@type\":\"SearchAction\",\"target\":{\"@type\":\"EntryPoint\",\"urlTemplate\":\"https:\/\/desteptati-va.ro\/?s={search_term_string}\"},\"query-input\":{\"@type\":\"PropertyValueSpecification\",\"valueRequired\":true,\"valueName\":\"search_term_string\"}}],\"inLanguage\":\"ro-RO\"},{\"@type\":\"Person\",\"@id\":\"https:\/\/desteptati-va.ro\/#\/schema\/person\/13182deeebd44920914899f7bb262d6b\",\"name\":\"wolfsoftcompany\",\"image\":{\"@type\":\"ImageObject\",\"inLanguage\":\"ro-RO\",\"@id\":\"https:\/\/desteptati-va.ro\/#\/schema\/person\/image\/\",\"url\":\"https:\/\/secure.gravatar.com\/avatar\/a6cce9b6d101d27d91690e7073e300fed94c0899890bf998e082cb9d2c3d121e?s=96&d=mm&r=g\",\"contentUrl\":\"https:\/\/secure.gravatar.com\/avatar\/a6cce9b6d101d27d91690e7073e300fed94c0899890bf998e082cb9d2c3d121e?s=96&d=mm&r=g\",\"caption\":\"wolfsoftcompany\"},\"sameAs\":[\"http:\/\/desteptati-va.ro\"],\"url\":\"https:\/\/desteptati-va.ro\/index.php\/author\/wolfsoftcompany\/\"}]}<\/script>\r\n<!-- \/ Yoast SEO plugin. -->","yoast_head_json":{"title":"Centru infrac\u021bional calificat la Prim\u0103ria Cluj -","robots":{"index":"index","follow":"follow","max-snippet":"max-snippet:-1","max-image-preview":"max-image-preview:large","max-video-preview":"max-video-preview:-1"},"canonical":"https:\/\/desteptati-va.ro\/index.php\/2021\/04\/19\/centru-infractional-calificat-la-primaria-cluj\/","og_locale":"ro_RO","og_type":"article","og_title":"Centru infrac\u021bional calificat la Prim\u0103ria Cluj -","og_description":"Subcomisarul Rus a zis c\u0103 discut\u0103m pl\u00e2ngerea dup\u0103 4 sau 8 ani Poli\u0163istul mi-a dat \u00een cap cu pietroiul \u015fiRead More","og_url":"https:\/\/desteptati-va.ro\/index.php\/2021\/04\/19\/centru-infractional-calificat-la-primaria-cluj\/","article_published_time":"2021-04-19T09:26:40+00:00","og_image":[{"width":281,"height":201,"url":"https:\/\/desteptati-va.ro\/wp-content\/uploads\/2021\/04\/download-1-1.jpg","type":"image\/jpeg"}],"author":"wolfsoftcompany","twitter_card":"summary_large_image","twitter_misc":{"Scris de":"wolfsoftcompany","Timp estimat pentru citire":"9 minute"},"schema":{"@context":"https:\/\/schema.org","@graph":[{"@type":"Article","@id":"https:\/\/desteptati-va.ro\/index.php\/2021\/04\/19\/centru-infractional-calificat-la-primaria-cluj\/#article","isPartOf":{"@id":"https:\/\/desteptati-va.ro\/index.php\/2021\/04\/19\/centru-infractional-calificat-la-primaria-cluj\/"},"author":{"name":"wolfsoftcompany","@id":"https:\/\/desteptati-va.ro\/#\/schema\/person\/13182deeebd44920914899f7bb262d6b"},"headline":"Centru infrac\u021bional calificat la Prim\u0103ria Cluj","datePublished":"2021-04-19T09:26:40+00:00","mainEntityOfPage":{"@id":"https:\/\/desteptati-va.ro\/index.php\/2021\/04\/19\/centru-infractional-calificat-la-primaria-cluj\/"},"wordCount":1827,"commentCount":0,"image":{"@id":"https:\/\/desteptati-va.ro\/index.php\/2021\/04\/19\/centru-infractional-calificat-la-primaria-cluj\/#primaryimage"},"thumbnailUrl":"https:\/\/desteptati-va.ro\/wp-content\/uploads\/2021\/04\/download-1-1.jpg","keywords":["Arpad","Boc","trafic de influenta"],"articleSection":["Guvernarea portocalie"],"inLanguage":"ro-RO","potentialAction":[{"@type":"CommentAction","name":"Comment","target":["https:\/\/desteptati-va.ro\/index.php\/2021\/04\/19\/centru-infractional-calificat-la-primaria-cluj\/#respond"]}]},{"@type":"WebPage","@id":"https:\/\/desteptati-va.ro\/index.php\/2021\/04\/19\/centru-infractional-calificat-la-primaria-cluj\/","url":"https:\/\/desteptati-va.ro\/index.php\/2021\/04\/19\/centru-infractional-calificat-la-primaria-cluj\/","name":"Centru infrac\u021bional calificat la Prim\u0103ria Cluj -","isPartOf":{"@id":"https:\/\/desteptati-va.ro\/#website"},"primaryImageOfPage":{"@id":"https:\/\/desteptati-va.ro\/index.php\/2021\/04\/19\/centru-infractional-calificat-la-primaria-cluj\/#primaryimage"},"image":{"@id":"https:\/\/desteptati-va.ro\/index.php\/2021\/04\/19\/centru-infractional-calificat-la-primaria-cluj\/#primaryimage"},"thumbnailUrl":"https:\/\/desteptati-va.ro\/wp-content\/uploads\/2021\/04\/download-1-1.jpg","datePublished":"2021-04-19T09:26:40+00:00","author":{"@id":"https:\/\/desteptati-va.ro\/#\/schema\/person\/13182deeebd44920914899f7bb262d6b"},"breadcrumb":{"@id":"https:\/\/desteptati-va.ro\/index.php\/2021\/04\/19\/centru-infractional-calificat-la-primaria-cluj\/#breadcrumb"},"inLanguage":"ro-RO","potentialAction":[{"@type":"ReadAction","target":["https:\/\/desteptati-va.ro\/index.php\/2021\/04\/19\/centru-infractional-calificat-la-primaria-cluj\/"]}]},{"@type":"ImageObject","inLanguage":"ro-RO","@id":"https:\/\/desteptati-va.ro\/index.php\/2021\/04\/19\/centru-infractional-calificat-la-primaria-cluj\/#primaryimage","url":"https:\/\/desteptati-va.ro\/wp-content\/uploads\/2021\/04\/download-1-1.jpg","contentUrl":"https:\/\/desteptati-va.ro\/wp-content\/uploads\/2021\/04\/download-1-1.jpg","width":281,"height":201},{"@type":"BreadcrumbList","@id":"https:\/\/desteptati-va.ro\/index.php\/2021\/04\/19\/centru-infractional-calificat-la-primaria-cluj\/#breadcrumb","itemListElement":[{"@type":"ListItem","position":1,"name":"Prima pagin\u0103","item":"https:\/\/desteptati-va.ro\/"},{"@type":"ListItem","position":2,"name":"Centru infrac\u021bional calificat la Prim\u0103ria Cluj"}]},{"@type":"WebSite","@id":"https:\/\/desteptati-va.ro\/#website","url":"https:\/\/desteptati-va.ro\/","name":"","description":"","potentialAction":[{"@type":"SearchAction","target":{"@type":"EntryPoint","urlTemplate":"https:\/\/desteptati-va.ro\/?s={search_term_string}"},"query-input":{"@type":"PropertyValueSpecification","valueRequired":true,"valueName":"search_term_string"}}],"inLanguage":"ro-RO"},{"@type":"Person","@id":"https:\/\/desteptati-va.ro\/#\/schema\/person\/13182deeebd44920914899f7bb262d6b","name":"wolfsoftcompany","image":{"@type":"ImageObject","inLanguage":"ro-RO","@id":"https:\/\/desteptati-va.ro\/#\/schema\/person\/image\/","url":"https:\/\/secure.gravatar.com\/avatar\/a6cce9b6d101d27d91690e7073e300fed94c0899890bf998e082cb9d2c3d121e?s=96&d=mm&r=g","contentUrl":"https:\/\/secure.gravatar.com\/avatar\/a6cce9b6d101d27d91690e7073e300fed94c0899890bf998e082cb9d2c3d121e?s=96&d=mm&r=g","caption":"wolfsoftcompany"},"sameAs":["http:\/\/desteptati-va.ro"],"url":"https:\/\/desteptati-va.ro\/index.php\/author\/wolfsoftcompany\/"}]}},"_links":{"self":[{"href":"https:\/\/desteptati-va.ro\/index.php\/wp-json\/wp\/v2\/posts\/4002","targetHints":{"allow":["GET"]}}],"collection":[{"href":"https:\/\/desteptati-va.ro\/index.php\/wp-json\/wp\/v2\/posts"}],"about":[{"href":"https:\/\/desteptati-va.ro\/index.php\/wp-json\/wp\/v2\/types\/post"}],"author":[{"embeddable":true,"href":"https:\/\/desteptati-va.ro\/index.php\/wp-json\/wp\/v2\/users\/1"}],"replies":[{"embeddable":true,"href":"https:\/\/desteptati-va.ro\/index.php\/wp-json\/wp\/v2\/comments?post=4002"}],"version-history":[{"count":1,"href":"https:\/\/desteptati-va.ro\/index.php\/wp-json\/wp\/v2\/posts\/4002\/revisions"}],"predecessor-version":[{"id":4005,"href":"https:\/\/desteptati-va.ro\/index.php\/wp-json\/wp\/v2\/posts\/4002\/revisions\/4005"}],"wp:featuredmedia":[{"embeddable":true,"href":"https:\/\/desteptati-va.ro\/index.php\/wp-json\/wp\/v2\/media\/4004"}],"wp:attachment":[{"href":"https:\/\/desteptati-va.ro\/index.php\/wp-json\/wp\/v2\/media?parent=4002"}],"wp:term":[{"taxonomy":"category","embeddable":true,"href":"https:\/\/desteptati-va.ro\/index.php\/wp-json\/wp\/v2\/categories?post=4002"},{"taxonomy":"post_tag","embeddable":true,"href":"https:\/\/desteptati-va.ro\/index.php\/wp-json\/wp\/v2\/tags?post=4002"}],"curies":[{"name":"wp","href":"https:\/\/api.w.org\/{rel}","templated":true}]}}