{"id":4009,"date":"2021-04-19T09:34:36","date_gmt":"2021-04-19T09:34:36","guid":{"rendered":"http:\/\/desteptati.ro\/?p=4009"},"modified":"2022-02-04T08:17:14","modified_gmt":"2022-02-04T06:17:14","slug":"pdl-groparul-demnitatii-nationale-vasalul-udmr-si-al-intereselor-ungariei","status":"publish","type":"post","link":"https:\/\/desteptati-va.ro\/index.php\/2021\/04\/19\/pdl-groparul-demnitatii-nationale-vasalul-udmr-si-al-intereselor-ungariei\/","title":{"rendered":"PDL &#8211; groparul demnit\u0103\u0163ii na\u0163ionale, vasalul UDMR \u015fi al intereselor Ungariei"},"content":{"rendered":"<div class=\"post-content\"><div class='booster-block booster-read-block'>\n                <div class=\"twp-read-time\">\n                \t<i class=\"booster-icon twp-clock\"><\/i> <span>Read Time:<\/span>14 Minute, 1 Second                <\/div>\n\n            <\/div><h3><strong>Scrisoare Deschisa adresata premierului Emil Boc<\/strong><\/h3>\n<h3 style=\"text-align: justify;\">Domnule Emil Boc,<\/h3>\n<h4 style=\"text-align: justify;\">Istoria, constata marele filosof Hegel, tinde s\u0103 se repete. Prima oar\u0103 ca tragedie, apoi ca fars\u0103\u2026<\/h4>\n<h4 style=\"text-align: justify;\">\u00cen urm\u0103 cu 163 de ani, cu prilejul Revolu\u0163iei Ungare din 1848, \u00een Transilvania a avut loc \u00eempotriva rom\u00e2nilor un masacru s\u00e2ngeros. Peste 230 de sate locuite de rom\u00e2ni au fost incendiate, b\u0103rba\u0163i, femei, b\u0103tr\u00e2ni \u015fi copii, aproape 40.000 de suflete, au fost \u00eempu\u015fca\u0163i, spinteca\u0163i, sp\u00e2nzura\u0163i. Principalul autor moral al acestei tragedii a fost Lajos Kossuth, prim-ministrul guvernului revolu\u0163ionar ungar.<\/h4>\n<h4 style=\"text-align: justify;\">Peste nici un secol, \u00een toamna lui 1940, \u00een acea parte de Transilvanie care fusese f\u0103cut\u0103 cadou Ungariei de c\u0103tre Germania nazist\u0103 \u015fi Italia fascist\u0103 prin Dictatul de la Viena, tragedia s-a repetat: peste 1100 de rom\u00e2ni f\u0103r\u0103 ap\u0103rare din Ip, Tresnea, Mure\u015fenii de C\u00e2mpie, Sucutard, Nu\u015ffal\u0103u, Marca, Cosnicu, C\u0103mar, Zal\u0103u, Beiu\u015f, Hida, Dragu, Ciumarna, Cerasa \u015fi din alte localit\u0103\u0163i au fost uci\u015fi de armata ungar\u0103 horthyst\u0103 \u00een primele dou\u0103 s\u0103pt\u0103m\u00e2ni dup\u0103 ocupa\u0163ie. Alte orori au avut loc c\u00e2\u0163iva ani mai t\u00e2rziu, \u00een toamna lui 1944, la Moisei \u015fi S\u0103rma\u015f.<\/h4>\n<h4 style=\"text-align: justify;\">\u00cen urm\u0103 cu un deceniu, pe vremea primarului de trist\u0103 amintire, Imre Fodor, exact ca \u00een aforismul lui Hegel, istoria s-a repetat ca fars\u0103: prin contribu\u0163ia unor consilieri locali &#8211; unii de rea-credin\u0163\u0103 \u015fi cinici, al\u0163ii doar oportuni\u015fti sau ignoran\u0163i -, dou\u0103 str\u0103zi ale municipiului T\u00eergu-Mure\u015f au fost rebotezate K\u00f3s K\u00e1roly \u015fi Dieta de la Turda. O ac\u0163iune care nu putem s-o denumim dec\u00e2t pervers\u0103, av\u00e2nd \u00een vedere c\u0103 un personaj precum K\u00f3s, altfel un arhitect \u015fi grafician remarcabil, dar ale c\u0103rui antirom\u00e2nism \u015fi antisemitism sunt notorii, a fost decorat de \u00eensu\u015fi Horthy cu cea mai \u00eenalt\u0103 distinc\u0163ie ungar\u0103, Nemzetv\u00e9delmi Kereszt (Crucea Ap\u0103r\u0103rii Na\u0163ionale). A\u015fa cum scria ziarul Ellenz\u00e9k din Cluj la 16 iun. 1941, motivul era c\u0103 K\u00f3s K\u00e1roly: &#8222;a luptat cu credin\u0163\u0103 &#8211; \u015fi cu riscul vie\u0163ii &#8211; \u00een teritoriile smulse (Ungariei Mari, n.n.) \u00eempotriva for\u0163elor str\u0103ine (\u2026)&#8221;. Adic\u0103 \u00eempotriva Rom\u00e2niei!<\/h4>\n<h4 style=\"text-align: justify;\">\u00cen ceea ce prive\u015fte &#8222;Dieta de la Turda&#8221;, \u00een anul 1568 ea stabilea c\u0103, al\u0103turi de cele trei religii de stat &#8211; catolicismul, luteranismul \u015fi calvinismul -, este recunoscut\u0103 \u015fi o a patra, unitarianismul, considerat \u00een Europa acelui timp o erezie pentru c\u0103 nega Sf\u00e2nta Treime \u015fi originea divin\u0103 a lui Isus Cristos. Astfel, Dieta de la Turda condamna religia ortodox\u0103 s\u0103 r\u0103m\u00e2n\u0103 pe mai departe exclus\u0103 dintre religiile \u00abrecepte\u00bb, pecetluindu-se definitiv, \u00een acest fel, statutul inferior de na\u0163iune &#8222;tolerat\u0103 la bunul plac al principelui \u015fi nobililor&#8221; a rom\u00e2nilor ortodoc\u015fi din Transilvania, popor \u015fi la acea vreme majoritar \u00een Transilvania.<\/h4>\n<h4 style=\"text-align: justify;\">Ca \u015fi cum aceste batjocuri n-ar fi fost de ajuns, o nou\u0103 fars\u0103 cinic\u0103 a demarat \u00een urm\u0103 cu patru ani: schimbarea numelui str\u0103zii C\u0103l\u0103ra\u015filor &#8211; eroicul corp de armat\u0103 care a fost decimat \u00een 1877 \u00een luptele pentru independen\u0163a Rom\u00e2niei &#8211; cu cel de Lajos Kossuth, cel care a girat politic, militar \u015fi moral, \u00een anii 1848-49, moartea a 40.000 de rom\u00e2ni transilv\u0103neni. \u00centreaga &#8222;manoper\u0103&#8221; a fost orchestrat\u0103 de consilierii municipali ai UDMR \u00een ciuda avizului negativ al Comisiei Jude\u0163ene de Atribuiri de Denumiri din cadrul Institu\u0163iei Prefectului. Comisia, condus\u0103 de regretatul istoric dr. Grigore Ploe\u015fteanu, a argumentat zadarnic c\u0103 denumirea \u00een T\u00eergu-Mure\u015f a unei str\u0103zi cu numelui lui Kossuth reprezint\u0103 o provocare \u015fi o umilire pe c\u00e2t de inutil\u0103, pe at\u00e2t de primejdioas\u0103 a popula\u0163iei rom\u00e2ne\u015fti. Proiectul a fost introdus \u015fi votat \u00een regim de urgen\u0163\u0103 profit\u00e2ndu-se de majoritatea pe care pe care \u015fi-au asigurat-o consilierii UDMR cu sprijinul a doi consilieri ai PD!<\/h4>\n<h4 style=\"text-align: justify;\">Hot\u0103r\u00e2rea nr. 255, din octombrie 2005, a Consiliului Local municipal a fost atacat\u0103 \u00een justi\u0163ie \u015fi suspendat\u0103 ca ilegal\u0103 \u015fi abuziv\u0103. \u00cen dispre\u0163ul legii, persoanele care ar fi trebuit s\u0103 pun\u0103 \u00een aplicare decizia instan\u0163ei nu au f\u0103cut acest lucru \u015fi au trimis hot\u0103r\u00e2rea Consiliului Local municipal (de\u015fi ea fusese suspendat\u0103 de justi\u0163ie!) Ministerului de Interne care a\u2026 retrimis-o Serviciului Comunitar de Eviden\u0163\u0103 a persoanelor din jude\u0163ul Mure\u015f! A\u015fa se face c\u0103 locuitorii str\u0103zii C\u0103l\u0103ra\u015filor au \u00eenceput s\u0103 primeasc\u0103 acte fiscale, dar \u015fi documente de stare civil\u0103, pe adresa\u2026 strada Lajos Kossuth, strad\u0103 care de fapt nu exista! (De fapt, ea \u00eenc\u0103 mai exist\u0103 pe panoul cu harta municipiului situat \u00een fa\u0163a Prim\u0103riei\u2026)<\/h4>\n<h4 style=\"text-align: justify;\">Dup\u0103 un calvar procesual care a durat peste trei ani, \u00een care s-au adus argumente juridice pertinente din legisla\u0163ia rom\u00e2n\u0103 \u015fi european\u0103, \u00eempreun\u0103 cu argumentele istorice irefutabile, s-a reu\u015fit &#8211; deocamdat\u0103! &#8211; \u00eendreptarea &#8222;gre\u015felii&#8221; comis\u0103 de Consiliul Local al municipiului T\u00eergu-Mure\u015f din meschine motive politice, oportunism \u015fi incompeten\u0163\u0103.<\/h4>\n<h4 style=\"text-align: justify;\">Cine a fost, de fapt, Lajos Kossuth, dincolo de imaginea romantic\u0103 cultivat\u0103 de genera\u0163ii \u00een min\u0163ile maghiarilor de r\u00e2nd? A fost, \u00een primul r\u00e2nd, un personaj al c\u0103rui rol a fost determinant \u00een Revolu\u0163ia din 1848 din Ungaria, at\u00e2t \u00een sens pozitiv, c\u00e2t \u015fi \u00een cel negativ. A fost, f\u0103r\u0103 \u00eendoial\u0103, un publicist talentat, bun orator, agitator politic \u015fi patriot ungur. Exclusiv ungur, chiar dac\u0103 el \u00eensu\u015fi era slovac de origine. De aceea, idealurile mi\u015fc\u0103rii revolu\u0163ionare de la 1848, au fost generoase doar pentru na\u0163iunea \u00een care se asimilase. Ajuns Guvernator al Ungariei, Kossuth va refuza, \u00een mod explicit, tuturor celorlalte na\u0163ionalit\u0103\u0163i: rom\u00e2ni, sa\u015fi, slovaci, s\u00e2rbi \u015fi croa\u0163i, tr\u0103itoare \u00een Imperiul Habsburgic, orice drept privind propria identitate na\u0163ional\u0103.<\/h4>\n<h4 style=\"text-align: justify;\">Din mul\u0163imea de argumente istorice, morale \u015fi politice care exist\u0103 \u00eempotriva atribuirii numelui de Lajos Kossuth unei str\u0103zi \u00een T\u00eergu-Mure\u015f, am ales doar \u015fapte:<\/h4>\n<h4 style=\"text-align: justify;\">Kossuth nu a recunoscut nici un drept rom\u00e2nilor din Transilvania \u015fi Ungaria \u00een afara &#8222;dreptului&#8221; de a se dizolva \u00een na\u0163iunea ungar\u0103. \u00cen articolele de fond, pe care le scrie \u00een ziarul Pesti Hirlap, consider\u0103 c\u0103 primul obiectiv care trebuie realizat este &#8222;uniunea&#8221; Transilvaniei &#8211; p\u00e2n\u0103 atunci autonom\u0103 &#8211; cu Ungaria, ca o &#8222;condi\u0163ie a extinderii \u015fi dezvolt\u0103rii na\u0163iunii ungare&#8221;. Pentru el, faptul c\u0103 rom\u00e2nii constituiau popula\u0163ia majoritar\u0103 a Transilvaniei constituia un element insignifiant. Kossuth preconiza s\u0103 le ia rom\u00e2nilor, dar \u015fi s\u00e2rbilor, croa\u0163ilor, slovacilor \u015fi sa\u015filor, ceea ce aproape un mileniu de teroare nu reu\u015fise s\u0103 le ia: identitatea na\u0163ional\u0103. &#8222;Eu niciodat\u0103, dar niciodat\u0103, sub sf\u00e2nta coroan\u0103 maghiar\u0103, alt\u0103 na\u0163iune sau na\u0163ionalitate dec\u00e2t cea maghiar\u0103 nu voi recunoa\u015fte. \u015ftiu c\u0103 sunt oameni care vorbesc alt\u0103 limb\u0103, dar mai mult de o na\u0163iune aici nu este.&#8221; (Magyarorsz\u00e1g t\u00f6rt\u00e9nete, VI\/1, Budapest, 1979, p.164)<\/h4>\n<h4 style=\"text-align: justify;\">Kossuth, \u00een calitate de conduc\u0103tor al Revolu\u0163iei ungare de la 1848, a fost categoric \u00eempotriva oric\u0103rei emancip\u0103ri na\u0163ionale a rom\u00e2nilor. Dup\u0103 el, condi\u0163ia de a li se crea o situa\u0163ie social\u0103 \u015fi economic\u0103 acceptabil\u0103 rom\u00e2nilor era ca ace\u015ftia s\u0103 \u00eenceteze a se considera o na\u0163iune aparte \u015fi de a se dizolva \u00een na\u0163iunea maghiar\u0103. Kossuth declara \u00eentr-un discurs \u0163inut \u00een Dieta de la Pozsony (Bratislava): &#8222;Dorin\u0163a rom\u00e2nilor de a se bucura de o existen\u0163\u0103 politic\u0103 na\u0163ional\u0103 deosebit\u0103 este irealizabil\u0103, deoarece ea ar duce la distrugerea unit\u0103\u0163ii statului ungar. (\u2026) De va fi nevoie, sabia va tran\u015fa chestiunea.&#8221; (George Bari\u0163, P\u0103r\u0163i alese din istoria Transilvaniei, II, Sibiu, 1890-1891, p. 755-797)<\/h4>\n<h4 style=\"text-align: justify;\">Kossuth a \u015fi pus \u00een practic\u0103 acest veritabil \u015fantaj politic, bazat pe superioritatea militar\u0103, trat\u00e2ndu-i pe rom\u00e2ni cu dispre\u0163 \u015fi intoleran\u0163\u0103 nelimitate. R\u0103m\u00e2ne ca un document de referin\u0163\u0103 Proclama\u0163ia din 10 octombrie 1848, dat\u0103 la Pesta, prin care \u00eei soma, \u00een termeni ultimativi \u015fi injurio\u015fi, pe rom\u00e2ni &#8211; numindu-i &#8222;gunoaie ingrate&#8221; &#8211; s\u0103 revin\u0103 la &#8222;ordine \u015fi supunere legal\u0103&#8221;, altfel vor fi &#8222;extermina\u0163i de unguri \u015fi secui&#8221;. Kossuth le impunea, de fapt, rom\u00e2nilor s\u0103 accepte unirea Transilvaniei cu Ungaria \u015fi s\u0103 renun\u0163e la recunoa\u015fterea lor ca na\u0163iune. Rezultatul proclama\u0163iei a fost generarea unei confrunt\u0103ri de o gravitate deosebit\u0103 \u00eentre rom\u00e2ni \u015fi maghiari.<\/h4>\n<h4 style=\"text-align: justify;\">O alt\u0103 proclama\u0163ie a lui Kossuth, cea din 22 decembrie 1848, prefigureaz\u0103 violen\u0163a la care s-a recurs \u00eempotriva rom\u00e2nilor \u00een prima jum\u0103tate a anului 1849, c\u00e2nd Transilvania a fost recucerit\u0103 de trupele guvernului ungar. Ea vorbe\u015fte de la sine despre orbirea politic\u0103 care \u00eel caracteriza pe conduc\u0103torul Revolu\u0163iei ungare: &#8222;Plin de injurii la adresa lor, numindu-i \u00abmercenari pl\u0103ti\u0163i\u00bb, \u00abhoard\u0103 mai josnic\u0103 dec\u00e2t vita\u00bb, \u00abbandi\u0163i valahi\u00bb, Kossuth \u00eendeamn\u0103 pur \u015fi simplu la exterminarea rom\u00e2nilor \u015fi a tuturor du\u015fmanilor.&#8221; (Liviu Maior, 1848 &#8211; 1849, Rom\u00e2nii \u015fi ungurii \u00een revolu\u0163ie, Ed. Enciclopedic\u0103, Bucure\u015fti, 1998, p. 378)<\/h4>\n<h4 style=\"text-align: justify;\">Kossuth a autorizat instaurarea unui regim de teroare \u00een Transilvania, prin numirea \u00een func\u0163ia de comisar civil pentru Transilvania a lui L\u00e1szl\u00f3 Cs\u00e1nyi. Acesta era un intim al s\u0103u, care \u00eei ura visceral pe rom\u00e2ni \u015fi care a \u00eenfiin\u0163at \u015fi a asmu\u0163it \u00eempotriva lor tribunalele militare -&#8222;tribunalele de s\u00e2nge&#8221; &#8211; \u015fi a transformat g\u0103rzile na\u0163ionale ungare \u00een &#8222;echipe de v\u00e2n\u0103toare&#8221;, care au masacrat femei, copii \u015fi b\u0103tr\u00e2ni f\u0103r\u0103 ap\u0103rare. \u00cen ciuda protestelor \u015fi a cererilor insistente ale generalului Bem, sc\u00e2rbit de nesf\u00e2r\u015fitele atrocit\u0103\u0163i, Kossuth a refuzat s\u0103-l retrag\u0103 pe acest c\u0103l\u0103u paranoic. Rezultatul a fost \u00eensp\u0103im\u00e2nt\u0103tor: \u00een doar patru luni, peste 6000 de rom\u00e2ni civili au fost asasina\u0163i. Numai \u00een jude\u0163ele Mure\u015f \u015fi T\u00e2rnave, mai mult de 40 de comune au fost mistuite de foc. &#8222;Echipele de v\u00e2n\u0103tori&#8221;, conduse de secuii Jenei, Szab\u00f3, Zajzon \u015fi Kov\u00e1cs, au m\u0103cel\u0103rit sute de rom\u00e2ni din comunele Hodac, Ib\u0103ne\u015fti, Ru\u015fii Mun\u0163i, Mor\u0103reni, Dumbrava, Monor, Iclandul Mare \u015fi Mic, S\u00e2ncraiul de Mure\u015f, Nazna, S\u00e2ngerul de C\u00e2mpie \u015fi Petelea. &#8222;\u015firul martirilor rom\u00e2ni maltrata\u0163i sau executa\u0163i \u00een anii 1848- 49 este nesf\u00e2r\u015fit. Numai \u00een Tg. &#8211; Mure\u015f au fost omor\u00e2\u0163i peste 100 de rom\u00e2ni.&#8221; (Traian Popa, Monografia ora\u015fului T\u00eergu &#8211; Mure\u015f 1932 p. 186)<\/h4>\n<h4 style=\"text-align: justify;\">Kossuth i-a urm\u0103rit cu o du\u015fm\u0103nie ne\u00eemp\u0103cat\u0103 nu numai pe rom\u00e2ni, ci \u015fi pe sa\u015fii transilv\u0103neni, pentru c\u0103 s-ar fi opus &#8222;luptei pentru libertatea maghiar\u0103&#8221;, c\u00e2nd, de fapt, ei nu luptau dec\u00e2t pentru propria lor libertate. \u00centr-o scrisoare adresat\u0103 la 17 martie 1849 generalului polonez Bem, comandantul armatei ungare \u00een Transilvania, \u00eei scrie cu ocazia cuceririi Sibiului de c\u0103tre armata ruseasc\u0103: &#8222;(\u2026) s\u0103-i aresta\u0163i pe cei mai de seam\u0103 conduc\u0103tori ai r\u0103zmeri\u0163ei s\u0103se\u015fti, pred\u00e2ndu-i comisarului guvernamental L\u00e1szl\u00f3 Cs\u00e1nyi, iar acesta s\u0103-i \u0163in\u0103 ostatici \u015fi s\u0103-i execute la cea mai mic\u0103 opozi\u0163ie din partea popula\u0163iei s\u0103se\u015fti \u015fi dac\u0103 ru\u015fii nu se vor retrage ne\u00eent\u00e2rziat din \u0163ar\u0103&#8221;.<\/h4>\n<h4 style=\"text-align: justify;\">Astfel, \u00eemputernicit de Kossuth, Cs\u00e1nyi va ordona \u00eempu\u015fcarea c\u0103rturarului Stephan Ludwig Roth, la 11mai 1849. (Otto Folberth, Der Prozess Stephan Ludwig Roth Graz-K\u00f6ln, 1959).<\/h4>\n<h4 style=\"text-align: justify;\">Kossuth, a\u015fa cum reiese din coresponden\u0163a sa, a solicitat Fran\u0163ei \u015fi Angliei (c\u0103rora le cerea s\u0103 sprijine Revolu\u0163ia Ungar\u0103) s\u0103 \u00eempiedice av\u00e2ntul mi\u015fc\u0103rii de eliberare din Principatele Rom\u00e2ne. El \u00ee\u015fi justifica cu cinism cererea astfel: &#8222;Schimbarea situa\u0163iei \u00een Principate ar produce un efect moral incalculabil asupra rom\u00e2nilor din Ungaria&#8221;. (Milton G. Lehrer, Ardealul, p\u0103m\u00e2nt rom\u00e2nesc. Problema Ardealului v\u0103zut\u0103 de un american. Cluj-Napoca, 1991, p. 218.)<\/h4>\n<h4 style=\"text-align: justify;\">Kossuth a girat, politic \u015fi militar, etnocidul care a provocat r\u0103nile nevindecabile pe care memoria colectiv\u0103 a genera\u0163iilor de rom\u00e2ni ardeleni nu le poate uita. \u00cen perioada \u00een care el a condus guvernul revolu\u0163ionar ungar, 236 din cele circa 2400 de sate locuite de rom\u00e2nii din Transilvania, Banat, Bihor \u015fi Maramure\u015f au fost jefuite \u015fi arse. \u00cen fiecare sat rom\u00e2nesc au fost uci\u015fi \u00eentre 10 \u015fi 20 de oameni, \u00een total \u00een jur de 30.000, adic\u0103 de trei ori mai mul\u0163i dec\u00e2t rom\u00e2nii c\u0103zu\u0163i pe c\u00e2mpul de b\u0103taie! Ceea ce atest\u0103 afirma\u0163iile acelor istorici care arat\u0103 c\u0103, \u00een anii 1848-49, \u00een Ardeal a avut loc un genocid al rom\u00e2nilor.<\/h4>\n<h4 style=\"text-align: justify;\">Revolu\u0163ia din 1848 a f\u0103cut printre rom\u00e2ni cam 40.000 de victime, atest\u0103 un martor din acele vremi, mitropolitul \u0218aguna. (Ioan Lupa\u015f, Mitropolitul Andrei \u015faguna. Monografie istoric\u0103, edi\u0163ia a II-a. Sibiu, 1911, p. 66.) Teribila cifr\u0103 este confirmat\u0103 \u00een fascicula a 2-a a lucr\u0103rii &#8222;Die Rom\u00e4nen der oesterreichischen Monarchie&#8221; Wien, Druck from Karl Gerold et Sohn, 1850, p.231.<\/h4>\n<h4 style=\"text-align: justify;\">Acestea nu sunt specula\u0163ii, ci fapte, stabilite de istorici. S\u0103 vedem, \u00eens\u0103, \u015fi ce p\u0103reri au avut despre Kossuth unii dintre contemporanii s\u0103i:<\/h4>\n<h4 style=\"text-align: justify;\">Nicolae B\u0103lcescu: &#8222;Kossuth a guvernat r\u0103u \u015fi slab, el mi-a dovedit \u015fi mai mult c\u0103 un demagog nu poate fi un om de stat. El a pierdut Ungaria&#8221;, scria conduc\u0103torul Revolu\u0163iei Rom\u00e2ne de la 1848, dup\u0103 aflarea dispozi\u0163iilor date de Kossuth pentru organizarea unei expedi\u0163ii totale \u00eempotriva lui Avram Iancu. (N. B\u0103lcescu, Opere, Coresponden\u0163\u0103, IV, p. 228)<\/h4>\n<h4 style=\"text-align: justify;\">Contele Istv\u00e1n Sz\u00e9ch\u00e9nyi, &#8222;cel mai de seam\u0103 ungur&#8221;: &#8222;N-ave\u0163i dec\u00e2t s\u0103 a\u0163\u00e2\u0163a\u0163i toate na\u0163ionalit\u0103\u0163ile p\u00e2n\u0103 la furie \u00eempotriva maghiarilor (\u2026), s\u0103 umple\u0163i p\u00e2n\u0103 la refuz paharul represaliilor cu veninul dumneavoastr\u0103 &#8211; \u015fi o s\u0103 vede\u0163i ce o s\u0103 ias\u0103&#8221;, \u00eel avertiza Sz\u00e9ch\u00e9nyi pe Kossuth \u00eenc\u0103 din 1847 \u00een &#8222;Fragmente de program politic&#8221;. (Magyar R\u00e9vay Lexicon, XVII, p. 129).<\/h4>\n<h4 style=\"text-align: justify;\">Bertalan Szemere: &#8222;Kossuth s-a purtat la \u00eenceput ca un autocrat \u015fi a sf\u00e2r\u015fit ca un la\u015f, abandon\u00e2ndu-\u015fi patria cu o s\u0103pt\u0103m\u00e2n\u0103 \u00eenainte de lupta final\u0103 de la \u0218iria, pentru a fugi \u00een Turcia&#8221;, scrie \u00een amintirile sale cel care a fost ministru de interne \u015fi apoi prim-ministru al guvernului Revolu\u0163iei Ungare din 1848, condus de Kossuth. Szemere \u00ee\u015fi aminte\u015fte despre el ca de un personaj arogant, duplicitar \u015fi poltron. Despre exilul \u00een Italia, fostul prim-ministru al lui Kossuth afirma textual: &#8222;Stilul s\u0103u autocratic \u015fi manierele intolerante vor distruge orice influen\u0163\u0103 real\u0103 asupra comunit\u0103\u0163ii revolu\u0163ionarilor expatria\u0163i&#8221;. (http:\/\/en.wikipedia.org\/wiki\/Lajos_Kossuth)<\/h4>\n<h4 style=\"text-align: justify;\">Acesta este deci, dincolo de viziunea romantic\u0103, personajul istoric real\u2026<\/h4>\n<h4 style=\"text-align: justify;\">Nu-i a\u015fa c\u0103 merit\u0103 s\u0103 existe, \u00een T\u00eergu-Mure\u015f, o strad\u0103 care s\u0103 \u00eei poarte numele \u015fi s\u0103-i perpetueze amintirea? Mai mult\u0103 rea-credin\u0163\u0103 \u015fi cinism sunt greu de imaginat!<\/h4>\n<h4 style=\"text-align: justify;\">S\u0103 ne \u00eentoarcem \u00eens\u0103 la aspectele juridice ale cazului, provocate de actul administrativ abuziv din 10 octombrie 2005 al Consiliului Local al municipiului T\u00eergu-Mure\u015f. Hot\u0103r\u00e2rea a fost atacat\u0103 \u00een justi\u0163ie de Asocia\u0163ia Cultural\u0103 Avram Iancu, Uniunea Vatra Rom\u00e2neasc\u0103, Filiala Mure\u015f a Partidului Rom\u00e2nia Mare \u015fi de consilierul municipal Sita Ioan.<\/h4>\n<h4 style=\"text-align: justify;\">\u00cen conformitate cu Legea 544\/2004 privind contenciosul administrativ, la 4 mai 2006 s-a pronun\u0163at sentin\u0163a civil\u0103 nr. 898, prin care se suspenda punerea \u00een aplicare a Hot\u0103r\u00e2rii nr. 255 de schimbare a numelui str\u0103zii din C\u0103l\u0103ra\u015fi \u00een acela Kossuth. Sentin\u0163a nu a fost pus\u0103 \u00een executare de c\u0103tre primarul municipiului, de\u015fi avea aceast\u0103 obliga\u0163ie, ceea ce a produs derut\u0103 \u00een r\u00e2ndul autorit\u0103\u0163ilor locale. Astfel s-a ajuns la situa\u0163ia c\u0103 locuitorilor din strada C\u0103l\u0103ra\u015filor nu numai c\u0103 li sau trimis facturi pe adresa strada Kossuth, ci li s-au emis ilegal c\u0103r\u0163i de identitate \u015fi pa\u015fapoarte pe o adres\u0103 inexistent\u0103!<\/h4>\n<h4 style=\"text-align: justify;\">Apoi a \u00eenceput un adev\u0103rat carusel juridic. Prin Sentin\u0163a civil\u0103 nr. 2508, din 3 noiembrie 2006, s-a admis ac\u0163iunea \u00een contencios administrativ a Asocia\u0163iei Culturale Avram Iancu \u015fi s-a dispus anularea pe fond a Hot\u0103r\u00e2rii nr. 255 a Consiliului Local, dar au fost respinse ac\u0163iunile celorlal\u0163i reclaman\u0163i. P\u0103r\u0163ile au declarat recurs, iar Curtea de Apel T\u00eergu-Mure\u015f, prin decizia nr. 417\/R, din 29 martie 2007, a admis toate recursurile, a casat integral sentin\u0163a nr. 2508 din 3 noiembrie 2006, iar cauza a fost retrimis\u0103 spre rejudecare primei instan\u0163e, respectiv Tribunalului Mure\u015f!<\/h4>\n<h4 style=\"text-align: justify;\">S-a intrat astfel \u00een un al doilea ciclu de procese\u2026 Dup\u0103 numeroase h\u0103r\u0163uieli \u015fi tertipuri &#8211; invoc\u0103ri de excep\u0163ii imaginare, \u00eencerc\u0103ri de a scoate Prim\u0103ria din cauz\u0103, chipurile ca neav\u00e2nd calitate procesual\u0103 &#8211; p\u0103r\u0163ile reclamante au avut din nou c\u00e2\u015ftig de cauz\u0103. Dup\u0103 rejudecarea \u00een fond a procesului privind schimbarea numelui str\u0103zii din C\u0103l\u0103ra\u015filor \u00een cel de Lajos Kossuth, Tribunalul Mure\u015f, prin Sentin\u0163a 809 din 28 noiembrie 2008, a dispus din nou anularea hot\u0103r\u00e2rii nr. 255 din 10 octombrie 2005 a Consiliului Local. Consider\u0103m c\u0103, dincolo de repararea unor ilegalit\u0103\u0163i, decizia Tribunalului a f\u0103cut dreptate, \u00een primul r\u00e2nd, memoriei celor care cu un secol \u015fi jum\u0103tate \u00een urm\u0103 au pierit \u00een \u00eemprejur\u0103ri tragice.<\/h4>\n<h4 style=\"text-align: justify;\">Pentru aceasta v\u0103 solicit\u0103m, domnule primar al municipiului T\u00eergu-Mure\u015f, ca la cea mai apropiat\u0103 \u015fedin\u0163\u0103 de plen a Consiliului Local s\u0103 face\u0163i propunerea de a nu se declara recurs \u00eempotriva Sentin\u0163ei civile nr. 809 pronun\u0163ate de instan\u0163\u0103 \u00een data de 28 noiembrie 2008. \u00cen caz contrar, vor continua incertitudinea \u015fi h\u0103r\u0163uirea \u00een justi\u0163ie, inflamarea opiniei publice \u015fi deturnarea aten\u0163iei de la problemele reale ale ora\u015fului. Av\u00e2nd \u00een vedere competen\u0163a actual\u0103 a Consiliului Local \u015fi &#8211; de ce nu? &#8211; recunoa\u015fterea, din partea unora dintre fo\u015ftii consilieri PD, a faptului c\u0103 votul lor din octombrie 2005 a atentat la memoria propriilor \u00eenainta\u015fi, poate fi reparat\u0103 o gre\u015feal\u0103 politic\u0103 comis\u0103 din motive populiste, pe de o parte, \u015fi din oportunism \u015fi incompeten\u0163\u0103, pe de alta.<\/h4>\n<h4 style=\"text-align: justify;\">Astazi, la peste cinci ani de la declansarea acestei batjocoriri oficiale a demnitatii nationale, un alt angajat al statului roman, extremistul Csibi Barna, continua &#8222;opera&#8221; lui Lajos Kossuth, si il ucide in efigie pe Avram Iancu, in piata publica din Miercurea Ciuc, cu mesajul &#8222;A\u015fa p\u0103\u0163esc to\u0163i care gre\u015fesc \u00eempotriva na\u0163iunii maghiare \u015fi a secuilor&#8221;. Iar la Bucuresti, Parlamentul Romaniei sarbatoreste alaturi de extremistii maghiari un 15 martie care a dus la uciderea a peste 40.000 de romani. Aceasta, domnule prim ministru, se numeste complicitate morala la crima.<\/h4>\n<h4 style=\"text-align: justify;\">Domnule prim ministru si presedinte al PDL Emil Boc, daca tineti sa aparati demnitatea nationala, asa cum spune ca o face si presedintele Romaniei, domnul Traian Basescu, pune\u0163i cap\u0103t farselor istoriei care se repet\u0103!<\/h4>\n<h4 style=\"text-align: justify;\">Dar oare o veti face?<\/h4>\n<h4 style=\"text-align: justify;\"><em>Demers realizat de <a href=\"http:\/\/roncea.ro\/2011\/03\/15\/scrisoare-deschisa-adresata-premierului-emil-boc-pana-unde-va-decadea-demnitatea-nationala-in-fata-udmr-si-a-intereselor-ungariei-asupra-romaniei-refuzam-farsa-istoriei-care-se-repeta-si-complicitat\/\" target=\"_blank\" rel=\"noopener\">Victor Roncea<\/a><\/em><\/h4>        <div class=\"booster-block booster-reactions-block\">\n            <div class=\"twp-reactions-icons\">\n                \n                <div class=\"twp-reacts-wrap\">\n                    <a react-data=\"be-react-1\" post-id=\"4009\" class=\"be-face-icons un-reacted\" href=\"javascript:void(0)\">\n                        <img decoding=\"async\" src=\"https:\/\/desteptati-va.ro\/wp-content\/plugins\/booster-extension\/\/assets\/icon\/happy.svg\" alt=\"Happy\">\n                    <\/a>\n                    <div class=\"twp-reaction-title\">\n                        Happy                    <\/div>\n                    <div class=\"twp-count-percent\">\n                                                    <span style=\"display: none;\" class=\"twp-react-count\">0<\/span>\n                        \n                                                <span class=\"twp-react-percent\"><span>0<\/span> %<\/span>\n                                            <\/div>\n                <\/div>\n\n                <div class=\"twp-reacts-wrap\">\n                    <a react-data=\"be-react-2\" post-id=\"4009\" class=\"be-face-icons un-reacted\" href=\"javascript:void(0)\">\n                        <img decoding=\"async\" src=\"https:\/\/desteptati-va.ro\/wp-content\/plugins\/booster-extension\/\/assets\/icon\/sad.svg\" alt=\"Sad\">\n                    <\/a>\n                    <div class=\"twp-reaction-title\">\n                        Sad                    <\/div>\n                    <div class=\"twp-count-percent\">\n                                                    <span style=\"display: none;\" class=\"twp-react-count\">0<\/span>\n                                                                        <span class=\"twp-react-percent\"><span>0<\/span> %<\/span>\n                                            <\/div>\n                <\/div>\n\n                <div class=\"twp-reacts-wrap\">\n                    <a react-data=\"be-react-3\" post-id=\"4009\" class=\"be-face-icons un-reacted\" href=\"javascript:void(0)\">\n                        <img decoding=\"async\" src=\"https:\/\/desteptati-va.ro\/wp-content\/plugins\/booster-extension\/\/assets\/icon\/excited.svg\" alt=\"Excited\">\n                    <\/a>\n                    <div class=\"twp-reaction-title\">\n                        Excited                    <\/div>\n                    <div class=\"twp-count-percent\">\n                                                    <span style=\"display: none;\" class=\"twp-react-count\">0<\/span>\n                                                                        <span class=\"twp-react-percent\"><span>0<\/span> %<\/span>\n                                            <\/div>\n                <\/div>\n\n                <div class=\"twp-reacts-wrap\">\n                    <a react-data=\"be-react-6\" post-id=\"4009\" class=\"be-face-icons un-reacted\" href=\"javascript:void(0)\">\n                        <img decoding=\"async\" src=\"https:\/\/desteptati-va.ro\/wp-content\/plugins\/booster-extension\/\/assets\/icon\/sleepy.svg\" alt=\"Sleepy\">\n                    <\/a>\n                    <div class=\"twp-reaction-title\">\n                        Sleepy                    <\/div>\n                    <div class=\"twp-count-percent\">\n                                                    <span style=\"display: none;\" class=\"twp-react-count\">0<\/span>\n                        \n                                                <span class=\"twp-react-percent\"><span>0<\/span> %<\/span>\n                                            <\/div>\n                <\/div>\n\n                <div class=\"twp-reacts-wrap\">\n                    <a react-data=\"be-react-4\" post-id=\"4009\" class=\"be-face-icons un-reacted\" href=\"javascript:void(0)\">\n                        <img decoding=\"async\" src=\"https:\/\/desteptati-va.ro\/wp-content\/plugins\/booster-extension\/\/assets\/icon\/angry.svg\" alt=\"Angry\">\n                    <\/a>\n                    <div class=\"twp-reaction-title\">Angry<\/div>\n                    <div class=\"twp-count-percent\">\n                                                    <span style=\"display: none;\" class=\"twp-react-count\">0<\/span>\n                                                                        <span class=\"twp-react-percent\"><span>0<\/span> %<\/span>\n                        \n                    <\/div>\n                <\/div>\n\n                <div class=\"twp-reacts-wrap\">\n                    <a react-data=\"be-react-5\" post-id=\"4009\" class=\"be-face-icons un-reacted\" href=\"javascript:void(0)\">\n                        <img decoding=\"async\" src=\"https:\/\/desteptati-va.ro\/wp-content\/plugins\/booster-extension\/\/assets\/icon\/surprise.svg\" alt=\"Surprise\">\n                    <\/a>\n                    <div class=\"twp-reaction-title\">Surprise<\/div>\n                    <div class=\"twp-count-percent\">\n                                                    <span style=\"display: none;\" class=\"twp-react-count\">0<\/span>\n                                                                        <span class=\"twp-react-percent\"><span>0<\/span> %<\/span>\n                                            <\/div>\n                <\/div>\n\n            <\/div>\n        <\/div>\n\n    <\/div>","protected":false},"excerpt":{"rendered":"<p>Scrisoare Deschisa adresata premierului Emil Boc Domnule Emil Boc, Istoria, constata marele filosof Hegel, tinde s\u0103 se repete. Prima oar\u0103<a href=\"https:\/\/desteptati-va.ro\/index.php\/2021\/04\/19\/pdl-groparul-demnitatii-nationale-vasalul-udmr-si-al-intereselor-ungariei\/\">Read More<i class=\"fa fa-long-arrow-right\" aria-hidden=\"true\"><\/i><\/a><\/p>\n","protected":false},"author":1,"featured_media":2209,"comment_status":"open","ping_status":"open","sticky":false,"template":"","format":"standard","meta":{"_crdt_document":"","footnotes":""},"categories":[14],"tags":[1180,559,758,59,60,804,829,1339,1340,1341,1342,626,1153,1343,1344,1345,154,1346,349,1347,1348,1349,1350,350,755,1351,1352,363,1353,148,351,179,1354,1355,1356,1357,732,135,136,772,84,1358,346],"class_list":["post-4009","post","type-post","status-publish","format-standard","has-post-thumbnail","hentry","category-guvernarea-portocalie","tag-antiromanesc","tag-antisemit","tag-boc","tag-desteptati","tag-desteptati-va","tag-dictat","tag-dictatul-de-la-viena","tag-dieta","tag-dieta-turda","tag-emil","tag-hegel","tag-horthy","tag-horty","tag-hortysti","tag-impuscati","tag-incendiere","tag-istorie","tag-kos-karoly","tag-kossuth","tag-lajos","tag-lajos-kossuth","tag-majoritar","tag-marko-bela","tag-nationala","tag-ocupatie","tag-orori","tag-pdl","tag-popor","tag-premier","tag-revolutie","tag-roman","tag-romania","tag-spanzurati","tag-spintecati","tag-strada","tag-tragedie","tag-traian-basescu","tag-transilvania","tag-turda","tag-udmr","tag-ungaria","tag-ungaria-mare","tag-viena"],"rise-blocks_total_comments":0,"rise-blocks_categories":[{"term_id":14,"name":"Guvernarea portocalie","slug":"guvernarea-portocalie","term_group":0,"term_taxonomy_id":14,"taxonomy":"category","description":"","parent":0,"count":5,"filter":"raw"}],"rise-blocks_excerpt":"Scrisoare Deschisa adresata premierului Emil Boc Domnule Emil Boc, Istoria, constata marele filosof Hegel, tinde s\u0103 se repete. Prima oar\u0103 ca tragedie, apoi ca fars\u0103\u2026 \u00cen urm\u0103 cu 163 de ani, cu prilejul Revolu\u0163iei Ungare din 1848, \u00een Transilvania a avut loc \u00eempotriva rom\u00e2nilor un masacru s\u00e2ngeros. Peste 230 de sate locuite de rom\u00e2ni au fost incendiate, b\u0103rba\u0163i, femei, b\u0103tr\u00e2ni..","yoast_head":"<!-- This site is optimized with the Yoast SEO plugin v26.9 - https:\/\/yoast.com\/product\/yoast-seo-wordpress\/ -->\r\n<title>PDL - groparul demnit\u0103\u0163ii na\u0163ionale, vasalul UDMR \u015fi al intereselor Ungariei -<\/title>\r\n<meta name=\"robots\" content=\"index, follow, max-snippet:-1, max-image-preview:large, max-video-preview:-1\" \/>\r\n<link rel=\"canonical\" href=\"https:\/\/desteptati-va.ro\/index.php\/2021\/04\/19\/pdl-groparul-demnitatii-nationale-vasalul-udmr-si-al-intereselor-ungariei\/\" \/>\r\n<meta property=\"og:locale\" content=\"ro_RO\" \/>\r\n<meta property=\"og:type\" content=\"article\" \/>\r\n<meta property=\"og:title\" content=\"PDL - groparul demnit\u0103\u0163ii na\u0163ionale, vasalul UDMR \u015fi al intereselor Ungariei -\" \/>\r\n<meta property=\"og:description\" content=\"Scrisoare Deschisa adresata premierului Emil Boc Domnule Emil Boc, Istoria, constata marele filosof Hegel, tinde s\u0103 se repete. Prima oar\u0103Read More\" \/>\r\n<meta property=\"og:url\" content=\"https:\/\/desteptati-va.ro\/index.php\/2021\/04\/19\/pdl-groparul-demnitatii-nationale-vasalul-udmr-si-al-intereselor-ungariei\/\" \/>\r\n<meta property=\"article:published_time\" content=\"2021-04-19T09:34:36+00:00\" \/>\r\n<meta property=\"article:modified_time\" content=\"2022-02-04T06:17:14+00:00\" \/>\r\n<meta property=\"og:image\" content=\"https:\/\/desteptati-va.ro\/wp-content\/uploads\/2021\/04\/1277293934Basescu-pumn-sus.jpg\" \/>\r\n\t<meta property=\"og:image:width\" content=\"584\" \/>\r\n\t<meta property=\"og:image:height\" content=\"438\" \/>\r\n\t<meta property=\"og:image:type\" content=\"image\/jpeg\" \/>\r\n<meta name=\"author\" content=\"wolfsoftcompany\" \/>\r\n<meta name=\"twitter:card\" content=\"summary_large_image\" \/>\r\n<meta name=\"twitter:label1\" content=\"Scris de\" \/>\n\t<meta name=\"twitter:data1\" content=\"wolfsoftcompany\" \/>\n\t<meta name=\"twitter:label2\" content=\"Timp estimat pentru citire\" \/>\n\t<meta name=\"twitter:data2\" content=\"16 minute\" \/>\r\n<script type=\"application\/ld+json\" class=\"yoast-schema-graph\">{\"@context\":\"https:\/\/schema.org\",\"@graph\":[{\"@type\":\"Article\",\"@id\":\"https:\/\/desteptati-va.ro\/index.php\/2021\/04\/19\/pdl-groparul-demnitatii-nationale-vasalul-udmr-si-al-intereselor-ungariei\/#article\",\"isPartOf\":{\"@id\":\"https:\/\/desteptati-va.ro\/index.php\/2021\/04\/19\/pdl-groparul-demnitatii-nationale-vasalul-udmr-si-al-intereselor-ungariei\/\"},\"author\":{\"name\":\"wolfsoftcompany\",\"@id\":\"https:\/\/desteptati-va.ro\/#\/schema\/person\/13182deeebd44920914899f7bb262d6b\"},\"headline\":\"PDL &#8211; groparul demnit\u0103\u0163ii na\u0163ionale, vasalul UDMR \u015fi al intereselor Ungariei\",\"datePublished\":\"2021-04-19T09:34:36+00:00\",\"dateModified\":\"2022-02-04T06:17:14+00:00\",\"mainEntityOfPage\":{\"@id\":\"https:\/\/desteptati-va.ro\/index.php\/2021\/04\/19\/pdl-groparul-demnitatii-nationale-vasalul-udmr-si-al-intereselor-ungariei\/\"},\"wordCount\":3159,\"commentCount\":0,\"image\":{\"@id\":\"https:\/\/desteptati-va.ro\/index.php\/2021\/04\/19\/pdl-groparul-demnitatii-nationale-vasalul-udmr-si-al-intereselor-ungariei\/#primaryimage\"},\"thumbnailUrl\":\"https:\/\/desteptati-va.ro\/wp-content\/uploads\/2021\/04\/1277293934Basescu-pumn-sus.jpg\",\"keywords\":[\"antiromanesc\",\"antisemit\",\"Boc\",\"desteptati\",\"desteptati-va\",\"dictat\",\"dictatul de la viena\",\"dieta\",\"dieta turda\",\"Emil\",\"Hegel\",\"horthy\",\"Horty\",\"hortysti\",\"impuscati\",\"incendiere\",\"istorie\",\"Kos Karoly\",\"Kossuth\",\"Lajos\",\"Lajos Kossuth\",\"majoritar\",\"marko bela\",\"nationala\",\"ocupatie\",\"orori\",\"PDL\",\"popor\",\"premier\",\"revolutie\",\"Roman\",\"Romania\",\"spanzurati\",\"spintecati\",\"strada\",\"tragedie\",\"Traian Basescu\",\"Transilvania\",\"turda\",\"UDMR\",\"Ungaria\",\"ungaria mare\",\"Viena\"],\"articleSection\":[\"Guvernarea portocalie\"],\"inLanguage\":\"ro-RO\",\"potentialAction\":[{\"@type\":\"CommentAction\",\"name\":\"Comment\",\"target\":[\"https:\/\/desteptati-va.ro\/index.php\/2021\/04\/19\/pdl-groparul-demnitatii-nationale-vasalul-udmr-si-al-intereselor-ungariei\/#respond\"]}]},{\"@type\":\"WebPage\",\"@id\":\"https:\/\/desteptati-va.ro\/index.php\/2021\/04\/19\/pdl-groparul-demnitatii-nationale-vasalul-udmr-si-al-intereselor-ungariei\/\",\"url\":\"https:\/\/desteptati-va.ro\/index.php\/2021\/04\/19\/pdl-groparul-demnitatii-nationale-vasalul-udmr-si-al-intereselor-ungariei\/\",\"name\":\"PDL - groparul demnit\u0103\u0163ii na\u0163ionale, vasalul UDMR \u015fi al intereselor Ungariei -\",\"isPartOf\":{\"@id\":\"https:\/\/desteptati-va.ro\/#website\"},\"primaryImageOfPage\":{\"@id\":\"https:\/\/desteptati-va.ro\/index.php\/2021\/04\/19\/pdl-groparul-demnitatii-nationale-vasalul-udmr-si-al-intereselor-ungariei\/#primaryimage\"},\"image\":{\"@id\":\"https:\/\/desteptati-va.ro\/index.php\/2021\/04\/19\/pdl-groparul-demnitatii-nationale-vasalul-udmr-si-al-intereselor-ungariei\/#primaryimage\"},\"thumbnailUrl\":\"https:\/\/desteptati-va.ro\/wp-content\/uploads\/2021\/04\/1277293934Basescu-pumn-sus.jpg\",\"datePublished\":\"2021-04-19T09:34:36+00:00\",\"dateModified\":\"2022-02-04T06:17:14+00:00\",\"author\":{\"@id\":\"https:\/\/desteptati-va.ro\/#\/schema\/person\/13182deeebd44920914899f7bb262d6b\"},\"breadcrumb\":{\"@id\":\"https:\/\/desteptati-va.ro\/index.php\/2021\/04\/19\/pdl-groparul-demnitatii-nationale-vasalul-udmr-si-al-intereselor-ungariei\/#breadcrumb\"},\"inLanguage\":\"ro-RO\",\"potentialAction\":[{\"@type\":\"ReadAction\",\"target\":[\"https:\/\/desteptati-va.ro\/index.php\/2021\/04\/19\/pdl-groparul-demnitatii-nationale-vasalul-udmr-si-al-intereselor-ungariei\/\"]}]},{\"@type\":\"ImageObject\",\"inLanguage\":\"ro-RO\",\"@id\":\"https:\/\/desteptati-va.ro\/index.php\/2021\/04\/19\/pdl-groparul-demnitatii-nationale-vasalul-udmr-si-al-intereselor-ungariei\/#primaryimage\",\"url\":\"https:\/\/desteptati-va.ro\/wp-content\/uploads\/2021\/04\/1277293934Basescu-pumn-sus.jpg\",\"contentUrl\":\"https:\/\/desteptati-va.ro\/wp-content\/uploads\/2021\/04\/1277293934Basescu-pumn-sus.jpg\",\"width\":584,\"height\":438},{\"@type\":\"BreadcrumbList\",\"@id\":\"https:\/\/desteptati-va.ro\/index.php\/2021\/04\/19\/pdl-groparul-demnitatii-nationale-vasalul-udmr-si-al-intereselor-ungariei\/#breadcrumb\",\"itemListElement\":[{\"@type\":\"ListItem\",\"position\":1,\"name\":\"Prima pagin\u0103\",\"item\":\"https:\/\/desteptati-va.ro\/\"},{\"@type\":\"ListItem\",\"position\":2,\"name\":\"PDL &#8211; groparul demnit\u0103\u0163ii na\u0163ionale, vasalul UDMR \u015fi al intereselor Ungariei\"}]},{\"@type\":\"WebSite\",\"@id\":\"https:\/\/desteptati-va.ro\/#website\",\"url\":\"https:\/\/desteptati-va.ro\/\",\"name\":\"\",\"description\":\"\",\"potentialAction\":[{\"@type\":\"SearchAction\",\"target\":{\"@type\":\"EntryPoint\",\"urlTemplate\":\"https:\/\/desteptati-va.ro\/?s={search_term_string}\"},\"query-input\":{\"@type\":\"PropertyValueSpecification\",\"valueRequired\":true,\"valueName\":\"search_term_string\"}}],\"inLanguage\":\"ro-RO\"},{\"@type\":\"Person\",\"@id\":\"https:\/\/desteptati-va.ro\/#\/schema\/person\/13182deeebd44920914899f7bb262d6b\",\"name\":\"wolfsoftcompany\",\"image\":{\"@type\":\"ImageObject\",\"inLanguage\":\"ro-RO\",\"@id\":\"https:\/\/desteptati-va.ro\/#\/schema\/person\/image\/\",\"url\":\"https:\/\/secure.gravatar.com\/avatar\/a6cce9b6d101d27d91690e7073e300fed94c0899890bf998e082cb9d2c3d121e?s=96&d=mm&r=g\",\"contentUrl\":\"https:\/\/secure.gravatar.com\/avatar\/a6cce9b6d101d27d91690e7073e300fed94c0899890bf998e082cb9d2c3d121e?s=96&d=mm&r=g\",\"caption\":\"wolfsoftcompany\"},\"sameAs\":[\"http:\/\/desteptati-va.ro\"],\"url\":\"https:\/\/desteptati-va.ro\/index.php\/author\/wolfsoftcompany\/\"}]}<\/script>\r\n<!-- \/ Yoast SEO plugin. -->","yoast_head_json":{"title":"PDL - groparul demnit\u0103\u0163ii na\u0163ionale, vasalul UDMR \u015fi al intereselor Ungariei -","robots":{"index":"index","follow":"follow","max-snippet":"max-snippet:-1","max-image-preview":"max-image-preview:large","max-video-preview":"max-video-preview:-1"},"canonical":"https:\/\/desteptati-va.ro\/index.php\/2021\/04\/19\/pdl-groparul-demnitatii-nationale-vasalul-udmr-si-al-intereselor-ungariei\/","og_locale":"ro_RO","og_type":"article","og_title":"PDL - groparul demnit\u0103\u0163ii na\u0163ionale, vasalul UDMR \u015fi al intereselor Ungariei -","og_description":"Scrisoare Deschisa adresata premierului Emil Boc Domnule Emil Boc, Istoria, constata marele filosof Hegel, tinde s\u0103 se repete. Prima oar\u0103Read More","og_url":"https:\/\/desteptati-va.ro\/index.php\/2021\/04\/19\/pdl-groparul-demnitatii-nationale-vasalul-udmr-si-al-intereselor-ungariei\/","article_published_time":"2021-04-19T09:34:36+00:00","article_modified_time":"2022-02-04T06:17:14+00:00","og_image":[{"width":584,"height":438,"url":"https:\/\/desteptati-va.ro\/wp-content\/uploads\/2021\/04\/1277293934Basescu-pumn-sus.jpg","type":"image\/jpeg"}],"author":"wolfsoftcompany","twitter_card":"summary_large_image","twitter_misc":{"Scris de":"wolfsoftcompany","Timp estimat pentru citire":"16 minute"},"schema":{"@context":"https:\/\/schema.org","@graph":[{"@type":"Article","@id":"https:\/\/desteptati-va.ro\/index.php\/2021\/04\/19\/pdl-groparul-demnitatii-nationale-vasalul-udmr-si-al-intereselor-ungariei\/#article","isPartOf":{"@id":"https:\/\/desteptati-va.ro\/index.php\/2021\/04\/19\/pdl-groparul-demnitatii-nationale-vasalul-udmr-si-al-intereselor-ungariei\/"},"author":{"name":"wolfsoftcompany","@id":"https:\/\/desteptati-va.ro\/#\/schema\/person\/13182deeebd44920914899f7bb262d6b"},"headline":"PDL &#8211; groparul demnit\u0103\u0163ii na\u0163ionale, vasalul UDMR \u015fi al intereselor Ungariei","datePublished":"2021-04-19T09:34:36+00:00","dateModified":"2022-02-04T06:17:14+00:00","mainEntityOfPage":{"@id":"https:\/\/desteptati-va.ro\/index.php\/2021\/04\/19\/pdl-groparul-demnitatii-nationale-vasalul-udmr-si-al-intereselor-ungariei\/"},"wordCount":3159,"commentCount":0,"image":{"@id":"https:\/\/desteptati-va.ro\/index.php\/2021\/04\/19\/pdl-groparul-demnitatii-nationale-vasalul-udmr-si-al-intereselor-ungariei\/#primaryimage"},"thumbnailUrl":"https:\/\/desteptati-va.ro\/wp-content\/uploads\/2021\/04\/1277293934Basescu-pumn-sus.jpg","keywords":["antiromanesc","antisemit","Boc","desteptati","desteptati-va","dictat","dictatul de la viena","dieta","dieta turda","Emil","Hegel","horthy","Horty","hortysti","impuscati","incendiere","istorie","Kos Karoly","Kossuth","Lajos","Lajos Kossuth","majoritar","marko bela","nationala","ocupatie","orori","PDL","popor","premier","revolutie","Roman","Romania","spanzurati","spintecati","strada","tragedie","Traian Basescu","Transilvania","turda","UDMR","Ungaria","ungaria mare","Viena"],"articleSection":["Guvernarea portocalie"],"inLanguage":"ro-RO","potentialAction":[{"@type":"CommentAction","name":"Comment","target":["https:\/\/desteptati-va.ro\/index.php\/2021\/04\/19\/pdl-groparul-demnitatii-nationale-vasalul-udmr-si-al-intereselor-ungariei\/#respond"]}]},{"@type":"WebPage","@id":"https:\/\/desteptati-va.ro\/index.php\/2021\/04\/19\/pdl-groparul-demnitatii-nationale-vasalul-udmr-si-al-intereselor-ungariei\/","url":"https:\/\/desteptati-va.ro\/index.php\/2021\/04\/19\/pdl-groparul-demnitatii-nationale-vasalul-udmr-si-al-intereselor-ungariei\/","name":"PDL - groparul demnit\u0103\u0163ii na\u0163ionale, vasalul UDMR \u015fi al intereselor Ungariei -","isPartOf":{"@id":"https:\/\/desteptati-va.ro\/#website"},"primaryImageOfPage":{"@id":"https:\/\/desteptati-va.ro\/index.php\/2021\/04\/19\/pdl-groparul-demnitatii-nationale-vasalul-udmr-si-al-intereselor-ungariei\/#primaryimage"},"image":{"@id":"https:\/\/desteptati-va.ro\/index.php\/2021\/04\/19\/pdl-groparul-demnitatii-nationale-vasalul-udmr-si-al-intereselor-ungariei\/#primaryimage"},"thumbnailUrl":"https:\/\/desteptati-va.ro\/wp-content\/uploads\/2021\/04\/1277293934Basescu-pumn-sus.jpg","datePublished":"2021-04-19T09:34:36+00:00","dateModified":"2022-02-04T06:17:14+00:00","author":{"@id":"https:\/\/desteptati-va.ro\/#\/schema\/person\/13182deeebd44920914899f7bb262d6b"},"breadcrumb":{"@id":"https:\/\/desteptati-va.ro\/index.php\/2021\/04\/19\/pdl-groparul-demnitatii-nationale-vasalul-udmr-si-al-intereselor-ungariei\/#breadcrumb"},"inLanguage":"ro-RO","potentialAction":[{"@type":"ReadAction","target":["https:\/\/desteptati-va.ro\/index.php\/2021\/04\/19\/pdl-groparul-demnitatii-nationale-vasalul-udmr-si-al-intereselor-ungariei\/"]}]},{"@type":"ImageObject","inLanguage":"ro-RO","@id":"https:\/\/desteptati-va.ro\/index.php\/2021\/04\/19\/pdl-groparul-demnitatii-nationale-vasalul-udmr-si-al-intereselor-ungariei\/#primaryimage","url":"https:\/\/desteptati-va.ro\/wp-content\/uploads\/2021\/04\/1277293934Basescu-pumn-sus.jpg","contentUrl":"https:\/\/desteptati-va.ro\/wp-content\/uploads\/2021\/04\/1277293934Basescu-pumn-sus.jpg","width":584,"height":438},{"@type":"BreadcrumbList","@id":"https:\/\/desteptati-va.ro\/index.php\/2021\/04\/19\/pdl-groparul-demnitatii-nationale-vasalul-udmr-si-al-intereselor-ungariei\/#breadcrumb","itemListElement":[{"@type":"ListItem","position":1,"name":"Prima pagin\u0103","item":"https:\/\/desteptati-va.ro\/"},{"@type":"ListItem","position":2,"name":"PDL &#8211; groparul demnit\u0103\u0163ii na\u0163ionale, vasalul UDMR \u015fi al intereselor Ungariei"}]},{"@type":"WebSite","@id":"https:\/\/desteptati-va.ro\/#website","url":"https:\/\/desteptati-va.ro\/","name":"","description":"","potentialAction":[{"@type":"SearchAction","target":{"@type":"EntryPoint","urlTemplate":"https:\/\/desteptati-va.ro\/?s={search_term_string}"},"query-input":{"@type":"PropertyValueSpecification","valueRequired":true,"valueName":"search_term_string"}}],"inLanguage":"ro-RO"},{"@type":"Person","@id":"https:\/\/desteptati-va.ro\/#\/schema\/person\/13182deeebd44920914899f7bb262d6b","name":"wolfsoftcompany","image":{"@type":"ImageObject","inLanguage":"ro-RO","@id":"https:\/\/desteptati-va.ro\/#\/schema\/person\/image\/","url":"https:\/\/secure.gravatar.com\/avatar\/a6cce9b6d101d27d91690e7073e300fed94c0899890bf998e082cb9d2c3d121e?s=96&d=mm&r=g","contentUrl":"https:\/\/secure.gravatar.com\/avatar\/a6cce9b6d101d27d91690e7073e300fed94c0899890bf998e082cb9d2c3d121e?s=96&d=mm&r=g","caption":"wolfsoftcompany"},"sameAs":["http:\/\/desteptati-va.ro"],"url":"https:\/\/desteptati-va.ro\/index.php\/author\/wolfsoftcompany\/"}]}},"_links":{"self":[{"href":"https:\/\/desteptati-va.ro\/index.php\/wp-json\/wp\/v2\/posts\/4009","targetHints":{"allow":["GET"]}}],"collection":[{"href":"https:\/\/desteptati-va.ro\/index.php\/wp-json\/wp\/v2\/posts"}],"about":[{"href":"https:\/\/desteptati-va.ro\/index.php\/wp-json\/wp\/v2\/types\/post"}],"author":[{"embeddable":true,"href":"https:\/\/desteptati-va.ro\/index.php\/wp-json\/wp\/v2\/users\/1"}],"replies":[{"embeddable":true,"href":"https:\/\/desteptati-va.ro\/index.php\/wp-json\/wp\/v2\/comments?post=4009"}],"version-history":[{"count":1,"href":"https:\/\/desteptati-va.ro\/index.php\/wp-json\/wp\/v2\/posts\/4009\/revisions"}],"predecessor-version":[{"id":4011,"href":"https:\/\/desteptati-va.ro\/index.php\/wp-json\/wp\/v2\/posts\/4009\/revisions\/4011"}],"wp:featuredmedia":[{"embeddable":true,"href":"https:\/\/desteptati-va.ro\/index.php\/wp-json\/wp\/v2\/media\/2209"}],"wp:attachment":[{"href":"https:\/\/desteptati-va.ro\/index.php\/wp-json\/wp\/v2\/media?parent=4009"}],"wp:term":[{"taxonomy":"category","embeddable":true,"href":"https:\/\/desteptati-va.ro\/index.php\/wp-json\/wp\/v2\/categories?post=4009"},{"taxonomy":"post_tag","embeddable":true,"href":"https:\/\/desteptati-va.ro\/index.php\/wp-json\/wp\/v2\/tags?post=4009"}],"curies":[{"name":"wp","href":"https:\/\/api.w.org\/{rel}","templated":true}]}}