{"id":4012,"date":"2021-04-19T09:37:58","date_gmt":"2021-04-19T09:37:58","guid":{"rendered":"http:\/\/desteptati.ro\/?p=4012"},"modified":"2022-01-12T20:47:15","modified_gmt":"2022-01-12T18:47:15","slug":"din-interiorul-mafiei-pdl","status":"publish","type":"post","link":"https:\/\/desteptati-va.ro\/index.php\/2021\/04\/19\/din-interiorul-mafiei-pdl\/","title":{"rendered":"Din interiorul Mafiei PDL"},"content":{"rendered":"<div class=\"post-content\"><div class='booster-block booster-read-block'>\n                <div class=\"twp-read-time\">\n                \t<i class=\"booster-icon twp-clock\"><\/i> <span>Read Time:<\/span>13 Minute, 5 Second                <\/div>\n\n            <\/div><h3 style=\"text-align: justify;\"><span style=\"color: #ff0000;\"><strong>Pe fondul crizei economice fara precedent, dublata de criza politica a regimului Basescu-Boc si de scaderea dramatica in sondaje a PDL ( sub 14% intentie de vot), gruparile mafiei politico-economice au trecut la atac una impotriva alteia, odata cu apropierea alegerilor interne in PDL.<\/strong><\/span><\/h3>\r\n<h3><strong>Tabla de sah<\/strong><\/h3>\r\n<h4 style=\"text-align: justify;\">&#8222;\u00cen spatele anchetelor, retinerilor si arestarilor de vamesi si politisti de frontiera de la vamile Siret (judetul Suceava) si Halmeu (judetul Satu Mare), ambele situate la frontiera cu Ucraina, binevenite \u00een principiu, dar tardive prin prisma realizarii obiectivului intrarii Rom\u00e2niei \u00een spatiul Schengen, se ascunde o reglare de conturi \u00eentre gruparile adverse din PDL, controlate pe de o parte de fostul ministru de interne Vasile Blaga, secretarul general al PDL si pe de alta parte de actualul ministru de interne Constantin Traian Igas, \u00eempreuna cu tutorele si nasul sau politic Gheorghe Falca, primarul municipiului Arad si vicepresedinte national al PDL, si cu presedintele ANAF, Sorin Blejnar. Simplific\u00e2nd si localiz\u00e2nd, putem spune ca asistam la o rafuiala \u00eentre gastile PDL din Oradea si Arad&#8221;, este de parere senatorul\u00a0 Valer Marian.<\/h4>\r\n<h4 style=\"text-align: justify;\">Presa a relatat in nenumarate randuri ca vamile rom\u00e2nesti de la frontiera cu Ucraina s-au aflat sub controlul oamenilor fostului ministru de interne Vasile Blaga, care i-a promovat \u00een functie at\u00e2t pe seful Inspectoratului General al Politiei de Frontiera, chestorul Ioan Buda, anterior sef al Directiei Regionale Oradea a Politiei de Frontiera, c\u00e2t si pe seful Autoritatii Nationale Vamale din Rom\u00e2nia, Dan Marginean, care detine si functia de vicepresedinte al ANAF, anterior seful Directiei Regionale Vamale Oradea (unde si-a facut Blaga \u201cstagiatura\u201d \u00een perioada 1993-1996).<\/h4>\r\n<h4 style=\"text-align: justify;\">Vamile rom\u00e2nesti din vestul tarii, respectiv de la frontiera cu Serbia (Moravita si Jimbolia \u00een judetul Timis)\u00a0 si cu Ungaria (Nadlac, Turnu, Curtici si Varsand \u00een judetul Arad ) sunt controlate de grupul aradean Falca \u2013 Igas \u2013 Blejnar, care i-au promovat \u00een functii pe seful Directiei Regionale Vamale Timisoara, Aurel Matiut, si pe seful Inspectoratului Judetean Arad al Politiei de Frontiera, Ion Handra, avansat la gradul de chestor de presedintele Traian Basescu, la propunerea ministrului Constantin Traian Igas, printr-un decret prezidential din 29 noiembrie 2010, desi un asemnea grad nu putea fi acordat pentru functia detinuta (de comisar sef ).<\/h4>\r\n<h4 style=\"text-align: justify;\">&#8222;Prin operatiuni de genul celei de la Vama Siret, presedintele Traian Basescu si ministrul de interne Constantin Traian Igas \u00eencearca sa dea o dubla lovitura: o lovitura de imagine prin care sa convinga \u00een al doisprezecelea ceas guvernele reticente din Uniunea Europeana ca Rom\u00e2nia merita sa fie primita \u00een Spatiul Schengen si o lovitura de nimicire a grupului condus de Vasile Blaga, care aspira la presedintia PDL si adopta o atitudine tot mai conflictuala fata de seful statului, care este si liderul informal al principalului partid de guvernam\u00e2nt.&#8221;, mai spune senatorul de Satu Mare.<\/h4>\r\n<h4 style=\"text-align: justify;\">Conform unor informatii scapate pe surse din DNA, saptam\u00e2na viitoare urmeaza sa aiba loc anchete si arestari si la vamile din vestul tarii, respectiv din judetele Arad si Timis. Sper sa nu fie doar o operatiune de fatada menita sa spele imaginea ministrului de interne Constantin Traian Igas, pe care l-am acuzat recent, printr-o declaratie si printr-o interpelare, ca a fost implicat \u00een contrabanda cu tigari din zona. Astept sa se mearga p\u00e2na la seful Directiei Regionale Vamale Timisoara, Aurel Matiut, \u00eempotriva caruia procurorii\u00a0 de la Serviciul teritorial Timisoara al DIICOT au \u00eenceput urmarirea penala, \u00een data de 13 ianuarie 2011 (la doua zile dupa ce am efectuat o vizita de documentare \u00een zona), pentru infractiunea de favorizarea infractorului, retin\u00e2ndu-se \u00een sarcina sa si a patru vamesi din subordine ca, \u00een luna noiembrie 2010, au lasat sa intre \u00een Rom\u00e2nia doua autotrenuri \u00een care se aflau 33.600 de pachete de tigari de contrabanda provenite din Serbia, prin Vama Jimbolia ( \u00een care contrabanda este controlata de un parlamentar PDL de Timis). Astept sa se mearga p\u00e2na la seful Inspectoratului Judetean Arad al Politiei de Frontiera, chestorul Ion Handra, care \u00een anul 2002 a fost destituit din functia de sef al Sectorului Politiei de Frontiera Nadlac de catre seful de atunci al Directiei Regionale Oradea a Politiei de Frontiera (actualmente chestor \u00een rezerva, cu domiciliul \u00een Satu Mare ), \u00eentruc\u00e2t autoritatile maghiare de resort i-au furnizat dovezi ( \u00eenregistrari video ) ca ar fi fost implicat \u00een contrabanda cu tigari. Astept sa se ajunga la prietenul ministrului Igas, Craciun Dorel Gavruta, si la varul primar al ministrului Igas, Iulian Pontas, ambii av\u00e2nd domiciliul \u00een Pecica si fiind cunoscuti ca implicati \u00een contrabanda cu tigari \u00een vamile Moravita si Nadlac. Astept sa se ajunga la primarul municipiului Arad, Gheorghe Falca, la presedintele ANAF, Sorin Blejnar, si la ministrul Administratiei si Internelor, Constantin Traian Igas.<\/h4>\r\n<h4 style=\"text-align: justify;\">&#8222;Solicit procurorilor DNA sa mearga p\u00e2na la capat cu ancheta declansata \u00een cazul fostei sefe a Vamii Halmeu, Nicoleta Dobrescu, av\u00e2nd \u00een vedere ca, potrivit unor surse din aceasta institutie, banii pe care i-a dat pentru numirea sa \u00een functie au ajuns \u00een pusculita PDL pentru campania prezidentiala din 2009, soldata cu realegerea presedintelui Traian Basescu. Opinia publica trebuie sa stie ca fosta sefa a Vamii Halmeu a fost numita temporar \u00een functie \u00een septembrie 2009, printr-un ordin semnat de presedintele ANAF, Sorin Blejnar. Opinia publica trebuie sa stie ca fosta sefa a Vamii Halmeu a predat suma de 130.000 de euro pentru numirea sa temporara \u00een functie unui om de afaceri din Cluj, Liviu Florian, cunoscut ca apropiat si sponsor important al PDL. Opinia publica trebuie sa stie ca fosta sefa a Vamii Halmeu nu a fost numita definitiv \u00een functie pentru ca nu a achitat diferenta pretinsa de 300.000 de euro si ca, ulterior, presedintele ANAF, Sorin Blejnar, l-a numit sef al Vamii Hamleu pe Gheorghe T\u00e2rlea, fost vames la Vama Moravita, originar din Arad, cunoscut drept un apropiat al primarului Gheorghe Falca.&#8221;, isi incheie declaratia Valer Marian.<\/h4>\r\n<h3><strong>Imp\u0103r\u0163eala \u015fp\u0103gilor luate de vame\u015fi<\/strong><\/h3>\r\n<h4 style=\"text-align: justify;\"><a href=\"http:\/\/www.desteptati-va.ro\/wp-content\/uploads\/2011\/02\/Untitled_2.png\"><img loading=\"lazy\" decoding=\"async\" class=\"aligncenter wp-image-812\" title=\"Catavencu_prima_pagina\" src=\"http:\/\/www.desteptati-va.ro\/wp-content\/uploads\/2011\/02\/Untitled_2-216x300.png\" alt=\"Catavencu_prima_pagina\" width=\"416\" height=\"578\" \/><\/a>Surse bine documentate, din cadrul Serviciilor Secrete, ne-au explicat c\u0103, de\u015fi Vasile Blaga este \u0163inta lui Traian B\u0103sescu \u00een scandalul arest\u0103rilor de vame\u015fi, Zeus nu are curajul s\u0103 mearg\u0103 p\u00e2n\u0103 la cap\u0103t. A\u015fa cum s-a observat, \u00een acest scandal, toate mediile de pres\u0103 \u00eel identific\u0103 pe Buldog ca fiind \u201eRegina\u201d de pe tabla de \u015fah a corup\u0163iei generalizate din v\u0103mile Rom\u00e2niei. Vasile Blaga tace inten\u0163ionat \u00een acest episod al conflictului, convins fiind c\u0103 nimeni nu va \u00eendr\u0103zni s\u0103 \u00eel ating\u0103, \u00een afara diverselor apropouri b\u0103tute de unii pe posturile de televiziune. Siguran\u0163a lui este dat\u0103 de faptul c\u0103, p\u00e2n\u0103 \u00een momentul \u00eendep\u0103rt\u0103rii sale din func\u0163ia de ministru de interne, el chiar a fost \u201eRegele\u201d unui sistem de recoltare a cotei de 50% a \u015fp\u0103gilor din punctele vamale de frontier\u0103 ale Rom\u00e2niei. Preciz\u0103m c\u0103 nu ne referim la Marea Corup\u0163ie din v\u0103mi, \u00een valoare de miliarde de euro, ci doar la banii de buzunar ai Mafiei. Concret, \u00een aceast\u0103 calitate, conform surselor noastre, Vasile Blaga s-a ocupat de exoedierea \u00een str\u0103in\u0103tate al banilor cash, veni\u0163i c\u0103tre v\u00e2rful PDL-ului din \u015fpaga recoltat\u0103.<\/h4>\r\n<h4 style=\"text-align: justify;\">Vame\u015fii erau cei care adunau banii de la trafican\u0163i \u015fi v\u0103rsau, s\u0103pt\u0103m\u00eenal, c\u0103tre c\u0103peteniile PDL-iste ale regiunii partea ce li se cuvenea celor care \u00eei \u0163ineau \u00een func\u0163ie. De aici, banii ajungeau la Bucure\u015fti, odat\u0103 pe lun\u0103, cash, \u00een gen\u0163i sau saco\u015fe, aduse de curieri de \u00eencredere ai \u015fefilor PDL, iar de aici, printr-o opera\u0163iune de tipul \u201e\u0162igareta\u201d, \u00ee\u015fi luau zborul, la propriu, c\u0103tre Lichtenstein, \u00eembarca\u0163i, cu complicitatea vame\u015filor \u015fi a poli\u0163i\u015ftilor de frontier\u0103 de la Aeroportul B\u0103neasa, la bordul unui charter \u00eenchiriat de la o firm\u0103 cipriot\u0103. O dat\u0103 banii ajun\u015fi \u00een Lichtenstein, sistemul era destul de simplu: prin intermediul unei firme locale, care are ca obiect de activitate administrarea firmelor off-shore, banii erau prelua\u0163i, num\u0103ra\u0163i \u015fi depu\u015fi \u00een conturile stabilite de cel care comanda lucrarea. Sursele noastre spun c\u0103 firma care se ocupa de num\u0103rarea banilor \u015fi v\u0103rsarea lor \u00een conturile indicate lucra pe baz\u0103 de opis lunar, pe care \u00eel primea de la Vasile Blaga, iar \u00een capul listei figura contul lui Traian B\u0103sescu. Acelea\u015fi surse spun c\u0103 opera\u0163iunea \u015fi-a schimbat administratorul \u00een momentul \u00een care Vasile Blaga a fost debarcat din fruntea Ministerului de Interne. Opera\u0163iunea a fost preluat\u0103 de actualul director al ANAF, Sorin Blejnar, care ac\u0163ioneaz\u0103 la ordinul \u015fi la indica\u0163iile amantei preziden\u0163iale Elena Udrea. \u00cen acest context, \u00een afara de a-l b\u0103ga \u00een gura presei pe Vasile Blaga, Traian B\u0103sescu nu are curajul s\u0103 fac\u0103 nici o alt\u0103 mi\u015fcare din cauz\u0103 c\u0103, pentru a-\u015fi ap\u0103ra pielea, Buldogul poate face, \u00een orice moment, publice conturile acestuia, alimentate cu \u201ebani negri\u201c \u015fi care s\u00eent interesante \u015fi pentru organismele interna\u0163ionale, de tipul FBI sau Interpol. Am mai aflat c\u0103 acest mecanism de \u00eemp\u0103r\u0163ire a \u015fp\u0103gilor provenite din traficul vamal era dirijat \u00een jude\u0163e de baronii locali ai PDL. Astfel, punctele vamale din Nord-Estul Rom\u00e2niei erau p\u0103storite de pre\u015fedintele Consiliului Jude\u0163ean Suceava, Gheorghe Flutur, v\u0103mile din Nord-Vestul \u0163\u0103rii erau st\u0103p\u00eenite de finul lui Traian B\u0103sescu, primarul penal al Aradului, Gheorghe Falc\u0103, cele din Sud-Vest erau controlate de Sorin Frunz\u0103verde, v\u0103mile din Sud erau patronate de Mihai St\u0103ni\u015foar\u0103, iar cel mai mare punct vamal al Rom\u00e2niei, Vama Port Constan\u0163a, era coordonat\u0103 chiar de Mircea B\u0103sescu.<\/h4>\r\n<h4 style=\"text-align: justify;\">Mafia pedelist\u0103 recolta numai din aceast\u0103 afacere de taxare a trafican\u0163ilor mici \u015fi medii circa 5 milioane de euro s\u0103pt\u0103m\u00eenal, adic\u0103 aproximativ 20 de milioane lunar, bani care luau calea \u201ec\u0103ciulii\u201c din Lichstenstein. Preciz\u0103m faptul c\u0103 suma total\u0103 care se colecta din v\u0103mile de frontier\u0103 pe acest sistem era de aproximativ 40 de milioane de euro lunar, dar banii care intrau \u00een buzunarele Mafiei PDL reprezint\u0103 doar 50% din sumele colectate, cealalt\u0103 jum\u0103tate fiind \u00eemp\u0103r\u0163it\u0103 de angaja\u0163ii sistemului vamal \u2013 \u015fi aici, dup\u0103 o schem\u0103 bine pus\u0103 la punct. \u00cen organizarea \u015fp\u0103gilor \u015fi a circula\u0163iei acestora, sursele noastre spun c\u0103 pot fi identificate, cu u\u015furin\u0163\u0103, celebrele piese de \u015fah, iar denumirile vehiculate erau folosite pentru cei implica\u0163i direct \u00een sistem. Pionii erau agen\u0163ii vamali care se ocupau de negocierea cu trafican\u0163ii a sumelor \u00eencasate \u015fi preluarea acestora. Caii erau \u015fefii de tur\u0103 care supravegheau pionii, num\u0103rau banii \u015fi \u00eei transferau superiorilor, respectiv Nebunii. Ace\u015ftia erau, de obicei, adjunc\u0163ii v\u0103milor. \u00cen aceast\u0103 faz\u0103, banii erau \u00eemp\u0103r\u0163i\u0163i pe c\u0103pr\u0103rii, jum\u0103tate erau da\u0163i deoparte \u015fi se distribuiau \u00eentre angaja\u0163ii vamali, iar jum\u0103tate mergeau la Ture, pe care sursele noastre le-au identificat cu \u015feful v\u0103mii \u015fi primul adjunct al acestuia. Ei transmiteau c\u0103tre baronul local PDL, identificat cu Regina, partea care i se cuvenea. \u00cen func\u0163ie de \u00eencas\u0103rile din 24 de ore, opera\u0163iunea de decontare se f\u0103cea zilnic, sau o dat\u0103 la c\u00e2teva zile. \u00cemp\u0103r\u0163irea banilor \u00eentre angaja\u0163ii vamali depindea de la vam\u0103 la vam\u0103, \u00een func\u0163ie de deciziile \u015fefilor, iar procentele erau stabilite \u00een ordine ierarhic\u0103. Pe lista de pl\u0103\u0163i, din partea vame\u015filor, erau inclu\u015fi (ocazional sau constant) \u015fi \u015fefii direc\u0163i de la Regionala Vamal\u0103, care, practic, asigurau lini\u015ftea opera\u0163iunii, sau anun\u0163au din timp controalele la punctele vamale respective.<\/h4>\r\n<h4 style=\"text-align: justify;\">Revenind la prima jum\u0103tate a \u015fp\u0103gilor centralizate \u00een v\u0103mile de frontier\u0103, din suma de 20 de milioane de euro exportat\u0103 lunar, firma din Lichtenstein (controlata de \u201cLenuta\u201d) care se ocupa \u00een exterior de opera\u0163iunea de alimentare a conturilor oprea 5% ca plat\u0103 pentru servicii, iar apoi banii erau \u00eemp\u0103r\u0163i\u0163i. \u015ei acum, partea cea mai interesant\u0103: contul lui Traian B\u0103sescu primea regulat 20% din sum\u0103, cele ale lui Emil Boc \u015fi Vasile Blaga c\u00e2te 15%, 10% intra \u00een contul ministrului de Finan\u0163e, 5% \u00een contul \u015fefului ANAF, Sorin Blejnar, c\u00e2te 5% mergea c\u0103tre conturile baronilor PDL implica\u0163i \u00een opera\u0163iune (respectiv Gheorghe Flutur, Gheorghe Falc\u0103, Sorin Frunz\u0103verde \u015fi Mihai St\u0103ni\u015foar\u0103), iar 10% \u00een contul lui Mircea B\u0103sescu, pe principiul c\u0103 Portul Constan\u0163a avea cel mai important aport la opera\u0163iune. Pentru a avea o imagine de ansamblu c\u00e2t mai complet\u0103, trebuie men\u0163ionat c\u0103 \u00een aceste colecte de \u201ebani negri\u201c nu intrau opera\u0163iunile de mare evaziune fiscal\u0103, care, \u00een general, s\u00eent efectuate de anumi\u0163i oameni de afaceri agrea\u0163i de Putere, unde \u015fpaga are tarife mult mai mari, negociate special, iar opera\u0163iunile sunt realizate la v\u0103mile de interior ale Rom\u00e2niei, unde are loc \u00eentocmirea actelor. \u00cen acest caz, este vorba uneori de sute de milioane de euro lunar, bani proveni\u0163i din marele trafic cu alcool, tutun, cafea, combustibili, sau armament. Aceste ac\u0163iuni de mare anvergur\u0103 s\u00eent mult mai bine secretizate, iar beneficiile pentru liderii actualei Puteri, \u00een frunte cu Traian B\u0103sescu, sunt infinit mai mari. Din c\u00e2nd \u00een c\u00e2nd, c\u00e2te o astfel de afacere mai apare \u00een pres\u0103, \u00een momentul \u00een care f\u0103pta\u015fii ei uit\u0103 s\u0103 pl\u0103teasc\u0103 \u015fp\u0103gile cuvenite, sau \u00eencearc\u0103 s\u0103 se tocmeasc\u0103 cu st\u0103p\u00eenii din umbr\u0103, care le permit s\u0103 se \u00eembog\u0103\u0163easc\u0103 prin eludarea sistemului fiscal rom\u00e2nesc. Un astfel de exemplu, care a trecut aproape neobservat, este acela al fostului secretar de Stat din Ministerul Finan\u0163elor Publice, Gra\u0163iela Iordache, care a fost dat\u0103 pe m\u00e2na DNA de ga\u015fca pedelist\u0103 pentru c\u0103 la un prejudiciu de 44 de milioane de euro, f\u0103cut prin eludarea taxelor \u015fi accizelor din afaceri cu tutun, \u00een perioada noiembrie 2007- aprilie 2009, a uitat s\u0103 dea partea de 25% c\u0103tre liderii Mafiei PDL, \u00eencep\u00eend cu Traian B\u0103sescu. Mai mult, Gra\u0163iela Iordache, baz\u00e2ndu-se pe faptul c\u0103 Traian B\u0103sescu nu va c\u00ee\u015ftiga \u00eenc\u0103 un mandat, iar st\u0103p\u00e2nii se vor schimba dup\u0103 decembrie 2009, a refuzat s\u0103 contribuie la campania electoral\u0103 a acestuia, ceea ce i-a atras \u00een 2010 eliberarea din func\u0163ia de secretar de Stat, precum \u015fi un dosar la DNA, cu acuza\u0163ia de complicitate la evaziune fiscal\u0103.<\/h4>\r\n<h4><strong>Intrebari cu raspunsuri previzibile:<\/strong><\/h4>\r\n<ol>\r\n \t<li>\r\n<h4><span style=\"font-size: 11.0pt; mso-bidi-font-size: 10.0pt; line-height: 115%; font-family: &amp;amp; amp; mso-fareast-font-family: Calibri; mso-fareast-theme-font: minor-latin; mso-bidi-font-family: &amp;amp; amp; mso-bidi-theme-font: minor-bidi; mso-ansi-language: EN-US; mso-fareast-language: EN-US; mso-bidi-language: AR-SA;\">De ce cel mai mare punct vamal al tarii \u2013 Constanta \u2013 nu a fost verificat inca ?<\/span><\/h4>\r\n<\/li>\r\n \t<li>\r\n<h4><span style=\"font-size: 11.0pt; mso-bidi-font-size: 10.0pt; line-height: 115%; font-family: &amp;amp; amp; mso-fareast-font-family: Calibri; mso-fareast-theme-font: minor-latin; mso-bidi-font-family: &amp;amp; amp; mso-bidi-theme-font: minor-bidi; mso-ansi-language: EN-US; mso-fareast-language: EN-US; mso-bidi-language: AR-SA;\">De ce au fost ridicati numai politistii de frontier de la Albita ?<\/span><span style=\"font-size: 11.0pt; mso-bidi-font-size: 10.0pt; line-height: 115%; font-family: &amp;amp; amp; mso-fareast-font-family: Calibri; mso-fareast-theme-font: minor-latin; mso-bidi-font-family: &amp;amp; amp; mso-bidi-theme-font: minor-bidi; mso-ansi-language: EN-US; mso-fareast-language: EN-US; mso-bidi-language: AR-SA;\">\r\n<\/span><\/h4>\r\n<\/li>\r\n \t<li>\r\n<h4><span lang=\"RO\" style=\"font-size: 11.0pt; mso-bidi-font-size: 10.0pt; line-height: 115%; font-family: &amp;amp; amp; mso-fareast-font-family: Calibri; mso-fareast-theme-font: minor-latin; mso-bidi-font-family: &amp;amp; amp; mso-bidi-theme-font: minor-bidi; mso-ansi-language: RO; mso-fareast-language: EN-US; mso-bidi-language: AR-SA;\">Romania este totusi un stat membru UE si NATO\u2026. ce fac aceste autoritati civile si militare referitor la fenomenele descrise mai sus?\r\n<\/span><\/h4>\r\n<\/li>\r\n \t<li>\r\n<h4><span lang=\"RO\" style=\"font-size: 11.0pt; mso-bidi-font-size: 10.0pt; line-height: 115%; font-family: &amp;amp; amp; mso-fareast-font-family: Calibri; mso-fareast-theme-font: minor-latin; mso-bidi-font-family: &amp;amp; amp; mso-bidi-theme-font: minor-bidi; mso-ansi-language: RO; mso-fareast-language: EN-US; mso-bidi-language: AR-SA;\">Oare chiar nu stiu acestia despre ceea ce se petrece in Romania?<\/span><span lang=\"RO\" style=\"font-size: 11.0pt; mso-bidi-font-size: 10.0pt; line-height: 115%; font-family: &amp;amp; amp; mso-fareast-font-family: Calibri; mso-fareast-theme-font: minor-latin; mso-bidi-font-family: &amp;amp; amp; mso-bidi-theme-font: minor-bidi; mso-ansi-language: RO; mso-fareast-language: EN-US; mso-bidi-language: AR-SA;\">\r\n<\/span><\/h4>\r\n<\/li>\r\n<\/ol>\r\n<h4 style=\"text-align: justify;\"><span lang=\"RO\" style=\"mso-bidi-font-size: 10.0pt; font-family: &amp;amp; amp; mso-ansi-language: RO;\">Numai naivii cred ca forurile internationale nu cunosc implicarea regimului in activitatile economice ilicite\u2026. Referiri la acestea apar aproape saptamanal in presa internationala, daca ar fi sa ne bazam numai pe investigatiile de presa, insa stim foarte bine ca Serviciile Speciale ale diverselor state monitorizeaza atent si in amanunt aceste probleme. Si atunci ? De ce nu \u2026 \u201cse face ceva\u201d? Asa cum am mai spus, pana in prezent Mafia politico-economica din Romania a fost cu adevarat PROTEJATA de regimurile europene si cel american. Un raspuns dur, insa adevarat. Regimul Basescu a fost extrem de util acestora pentru implementarea rapida a unor planuri, in zona noastra, cu extindere spre Rusia si Orientul Apropiat.<\/span><\/h4>\r\n<h4 style=\"text-align: justify;\"><span lang=\"RO\" style=\"mso-bidi-font-size: 10.0pt; font-family: &amp;amp; amp; mso-ansi-language: RO;\">\u201cRuptura\u201d intre puterile occidentale si regim s-a produs treptat, pe parcursul anului 2010 si s-a accentuat in 2011. Intr-adevar, regimul a devenit periculos pentru punerea in aplicare a planurilor respective, tocmai prin rapacitatea sa si prin faptul ca nu-si mai ascunde in nici un fel \u201cmanevrele\u201d politico-economice. Toata lumea isi da seama ca democratia nu functioneaza in Romania, exercitiul parlamentar este o mascarada care nu mai pacaleste nici pe cei neavizati, coruptia extinsa la toate nivelurile face imposibila functionarea cat de cat eficienta a statului si a economiei \u201calbe\u201d, iar economia \u201csubterana\u201d , nefiscalizata si mafiota depaseste cu mult 50% din PIB.<\/span><\/h4>\r\n<h4 style=\"text-align: justify;\"><span lang=\"RO\" style=\"mso-bidi-font-size: 10.0pt; font-family: &amp;amp; amp; mso-ansi-language: RO;\">Romania a fost un experiment, asa cum bine s-a spus in presa. Acest experiment trebuia oricum sa duca la prabusirea statului ( cazuri similare: Grecia, Irlanda, Egipt, Argentina, etc)\u2026 insa prabusirea a devenit incontrolabila si periculoasa prin factorii perturbatori ce nu pot fi cuantificati si previzionati, iar Regimul atrage prea mult atentia asupra sa si implicit asupra \u201caltora\u201d.<\/span><\/h4>\r\n<h4 style=\"text-align: justify;\"><span lang=\"RO\" style=\"font-family: &amp;amp; amp; mso-ansi-language: RO;\">Cineva TREBUIE sa plateasca, pentru ca lucrurile sa se \u201clinisteasca\u201d\u2026. astfel a inceput \u201cnumaratoarea inversa\u201d pentru Regimul Basescu.<\/span><\/h4>\r\n<h4 style=\"text-align: justify;\"><span lang=\"RO\" style=\"mso-bidi-font-size: 10.0pt; font-family: &amp;amp; amp; mso-ansi-language: RO;\">Ultimele evenimente din Romania dovedesc acest lucru. Potentatii regimului cunosc ce ii asteapta si acum cauta sa minimizeze pierderile si sa-si asigure scaparea, sacrificand pionii mai marunti.<\/span><\/h4>\r\n<h4 style=\"text-align: justify;\"><span lang=\"RO\" style=\"mso-bidi-font-size: 10.0pt; font-family: &amp;amp; amp; mso-ansi-language: RO;\"><em><strong>Cugetari din blogosfera<\/strong><\/em> <\/span><\/h4>        <div class=\"booster-block booster-reactions-block\">\n            <div class=\"twp-reactions-icons\">\n                \n                <div class=\"twp-reacts-wrap\">\n                    <a react-data=\"be-react-1\" post-id=\"4012\" class=\"be-face-icons un-reacted\" href=\"javascript:void(0)\">\n                        <img decoding=\"async\" src=\"https:\/\/desteptati-va.ro\/wp-content\/plugins\/booster-extension\/\/assets\/icon\/happy.svg\" alt=\"Happy\">\n                    <\/a>\n                    <div class=\"twp-reaction-title\">\n                        Happy                    <\/div>\n                    <div class=\"twp-count-percent\">\n                                                    <span style=\"display: none;\" class=\"twp-react-count\">0<\/span>\n                        \n                                                <span class=\"twp-react-percent\"><span>0<\/span> %<\/span>\n                                            <\/div>\n                <\/div>\n\n                <div class=\"twp-reacts-wrap\">\n                    <a react-data=\"be-react-2\" post-id=\"4012\" class=\"be-face-icons un-reacted\" href=\"javascript:void(0)\">\n                        <img decoding=\"async\" src=\"https:\/\/desteptati-va.ro\/wp-content\/plugins\/booster-extension\/\/assets\/icon\/sad.svg\" alt=\"Sad\">\n                    <\/a>\n                    <div class=\"twp-reaction-title\">\n                        Sad                    <\/div>\n                    <div class=\"twp-count-percent\">\n                                                    <span style=\"display: none;\" class=\"twp-react-count\">0<\/span>\n                                                                        <span class=\"twp-react-percent\"><span>0<\/span> %<\/span>\n                                            <\/div>\n                <\/div>\n\n                <div class=\"twp-reacts-wrap\">\n                    <a react-data=\"be-react-3\" post-id=\"4012\" class=\"be-face-icons un-reacted\" href=\"javascript:void(0)\">\n                        <img decoding=\"async\" src=\"https:\/\/desteptati-va.ro\/wp-content\/plugins\/booster-extension\/\/assets\/icon\/excited.svg\" alt=\"Excited\">\n                    <\/a>\n                    <div class=\"twp-reaction-title\">\n                        Excited                    <\/div>\n                    <div class=\"twp-count-percent\">\n                                                    <span style=\"display: none;\" class=\"twp-react-count\">0<\/span>\n                                                                        <span class=\"twp-react-percent\"><span>0<\/span> %<\/span>\n                                            <\/div>\n                <\/div>\n\n                <div class=\"twp-reacts-wrap\">\n                    <a react-data=\"be-react-6\" post-id=\"4012\" class=\"be-face-icons un-reacted\" href=\"javascript:void(0)\">\n                        <img decoding=\"async\" src=\"https:\/\/desteptati-va.ro\/wp-content\/plugins\/booster-extension\/\/assets\/icon\/sleepy.svg\" alt=\"Sleepy\">\n                    <\/a>\n                    <div class=\"twp-reaction-title\">\n                        Sleepy                    <\/div>\n                    <div class=\"twp-count-percent\">\n                                                    <span style=\"display: none;\" class=\"twp-react-count\">0<\/span>\n                        \n                                                <span class=\"twp-react-percent\"><span>0<\/span> %<\/span>\n                                            <\/div>\n                <\/div>\n\n                <div class=\"twp-reacts-wrap\">\n                    <a react-data=\"be-react-4\" post-id=\"4012\" class=\"be-face-icons un-reacted\" href=\"javascript:void(0)\">\n                        <img decoding=\"async\" src=\"https:\/\/desteptati-va.ro\/wp-content\/plugins\/booster-extension\/\/assets\/icon\/angry.svg\" alt=\"Angry\">\n                    <\/a>\n                    <div class=\"twp-reaction-title\">Angry<\/div>\n                    <div class=\"twp-count-percent\">\n                                                    <span style=\"display: none;\" class=\"twp-react-count\">0<\/span>\n                                                                        <span class=\"twp-react-percent\"><span>0<\/span> %<\/span>\n                        \n                    <\/div>\n                <\/div>\n\n                <div class=\"twp-reacts-wrap\">\n                    <a react-data=\"be-react-5\" post-id=\"4012\" class=\"be-face-icons un-reacted\" href=\"javascript:void(0)\">\n                        <img decoding=\"async\" src=\"https:\/\/desteptati-va.ro\/wp-content\/plugins\/booster-extension\/\/assets\/icon\/surprise.svg\" alt=\"Surprise\">\n                    <\/a>\n                    <div class=\"twp-reaction-title\">Surprise<\/div>\n                    <div class=\"twp-count-percent\">\n                                                    <span style=\"display: none;\" class=\"twp-react-count\">0<\/span>\n                                                                        <span class=\"twp-react-percent\"><span>0<\/span> %<\/span>\n                                            <\/div>\n                <\/div>\n\n            <\/div>\n        <\/div>\n\n    <\/div>","protected":false},"excerpt":{"rendered":"<p>Pe fondul crizei economice fara precedent, dublata de criza politica a regimului Basescu-Boc si de scaderea dramatica in sondaje a<a href=\"https:\/\/desteptati-va.ro\/index.php\/2021\/04\/19\/din-interiorul-mafiei-pdl\/\">Read More<i class=\"fa fa-long-arrow-right\" aria-hidden=\"true\"><\/i><\/a><\/p>\n","protected":false},"author":1,"featured_media":2019,"comment_status":"open","ping_status":"open","sticky":false,"template":"","format":"standard","meta":{"_crdt_document":"","footnotes":""},"categories":[24,14],"tags":[1359,1360,1361,1362,1363,1364,1365,1366,1276,1268,1367,59,60,724,1368,1369,1370,1371,1372,1373,1374,1375,1376,1377,376,1352,1378,1379,1380,1381,1304,1382,1383,732,1384,1385,1386,1387,1388,1389],"class_list":["post-4012","post","type-post","status-publish","format-standard","has-post-thumbnail","hentry","category-epoca-hotiei","category-guvernarea-portocalie","tag-anaf","tag-ancheta","tag-arad","tag-autoritatea-nationala-vamala","tag-bani","tag-blejnar","tag-constanta","tag-contrabanda","tag-coruptie","tag-criza-economica","tag-curtici","tag-desteptati","tag-desteptati-va","tag-dna","tag-elena-udrea","tag-evaziune","tag-falca","tag-fiscal","tag-halmeu","tag-igas","tag-jimbolia","tag-mircea-basescu","tag-moravita","tag-nadlac","tag-oradea","tag-pdl","tag-politia-de-frontiera","tag-regina","tag-schengen","tag-siret","tag-spaga","tag-tabla-de-sah","tag-tigari","tag-traian-basescu","tag-turnu","tag-valer-marian","tag-vama","tag-vamesi","tag-varsand","tag-vasile-blaga"],"rise-blocks_total_comments":1,"rise-blocks_categories":[{"term_id":24,"name":"Epoca Traian Basescu (2004-2014)","slug":"epoca-hotiei","term_group":0,"term_taxonomy_id":24,"taxonomy":"category","description":"","parent":20,"count":9,"filter":"raw"}],"rise-blocks_excerpt":"Pe fondul crizei economice fara precedent, dublata de criza politica a regimului Basescu-Boc si de scaderea dramatica in sondaje a PDL ( sub 14% intentie de vot), gruparile mafiei politico-economice au trecut la atac una impotriva alteia, odata cu apropierea alegerilor interne in PDL. Tabla de sah &#8222;\u00cen spatele anchetelor, retinerilor si arestarilor de vamesi si politisti de frontiera de..","yoast_head":"<!-- This site is optimized with the Yoast SEO plugin v26.9 - https:\/\/yoast.com\/product\/yoast-seo-wordpress\/ -->\r\n<title>Din interiorul Mafiei PDL -<\/title>\r\n<meta name=\"robots\" content=\"index, follow, max-snippet:-1, max-image-preview:large, max-video-preview:-1\" \/>\r\n<link rel=\"canonical\" href=\"https:\/\/desteptati-va.ro\/index.php\/2021\/04\/19\/din-interiorul-mafiei-pdl\/\" \/>\r\n<meta property=\"og:locale\" content=\"ro_RO\" \/>\r\n<meta property=\"og:type\" content=\"article\" \/>\r\n<meta property=\"og:title\" content=\"Din interiorul Mafiei PDL -\" \/>\r\n<meta property=\"og:description\" content=\"Pe fondul crizei economice fara precedent, dublata de criza politica a regimului Basescu-Boc si de scaderea dramatica in sondaje aRead More\" \/>\r\n<meta property=\"og:url\" content=\"https:\/\/desteptati-va.ro\/index.php\/2021\/04\/19\/din-interiorul-mafiei-pdl\/\" \/>\r\n<meta property=\"article:published_time\" content=\"2021-04-19T09:37:58+00:00\" \/>\r\n<meta property=\"article:modified_time\" content=\"2022-01-12T18:47:15+00:00\" \/>\r\n<meta property=\"og:image\" content=\"https:\/\/desteptati-va.ro\/wp-content\/uploads\/2021\/04\/fugetari.png\" \/>\r\n\t<meta property=\"og:image:width\" content=\"550\" \/>\r\n\t<meta property=\"og:image:height\" content=\"519\" \/>\r\n\t<meta property=\"og:image:type\" content=\"image\/png\" \/>\r\n<meta name=\"author\" content=\"wolfsoftcompany\" \/>\r\n<meta name=\"twitter:card\" content=\"summary_large_image\" \/>\r\n<meta name=\"twitter:label1\" content=\"Scris de\" \/>\n\t<meta name=\"twitter:data1\" content=\"wolfsoftcompany\" \/>\n\t<meta name=\"twitter:label2\" content=\"Timp estimat pentru citire\" \/>\n\t<meta name=\"twitter:data2\" content=\"14 minute\" \/>\r\n<script type=\"application\/ld+json\" class=\"yoast-schema-graph\">{\"@context\":\"https:\/\/schema.org\",\"@graph\":[{\"@type\":\"Article\",\"@id\":\"https:\/\/desteptati-va.ro\/index.php\/2021\/04\/19\/din-interiorul-mafiei-pdl\/#article\",\"isPartOf\":{\"@id\":\"https:\/\/desteptati-va.ro\/index.php\/2021\/04\/19\/din-interiorul-mafiei-pdl\/\"},\"author\":{\"name\":\"wolfsoftcompany\",\"@id\":\"https:\/\/desteptati-va.ro\/#\/schema\/person\/13182deeebd44920914899f7bb262d6b\"},\"headline\":\"Din interiorul Mafiei PDL\",\"datePublished\":\"2021-04-19T09:37:58+00:00\",\"dateModified\":\"2022-01-12T18:47:15+00:00\",\"mainEntityOfPage\":{\"@id\":\"https:\/\/desteptati-va.ro\/index.php\/2021\/04\/19\/din-interiorul-mafiei-pdl\/\"},\"wordCount\":2764,\"commentCount\":0,\"image\":{\"@id\":\"https:\/\/desteptati-va.ro\/index.php\/2021\/04\/19\/din-interiorul-mafiei-pdl\/#primaryimage\"},\"thumbnailUrl\":\"https:\/\/desteptati-va.ro\/wp-content\/uploads\/2021\/04\/fugetari.png\",\"keywords\":[\"ANAF\",\"ancheta\",\"Arad\",\"Autoritatea Nationala Vamala\",\"bani\",\"Blejnar\",\"Constanta\",\"contrabanda\",\"coruptie\",\"criza economica\",\"Curtici\",\"desteptati\",\"desteptati-va\",\"DNA\",\"Elena Udrea\",\"evaziune\",\"Falca\",\"fiscal\",\"Halmeu\",\"Igas\",\"Jimbolia\",\"Mircea Basescu\",\"Moravita\",\"Nadlac\",\"Oradea\",\"PDL\",\"Politia de Frontiera\",\"Regina\",\"Schengen\",\"Siret\",\"spaga\",\"tabla de sah\",\"tigari\",\"Traian Basescu\",\"Turnu\",\"Valer Marian\",\"vama\",\"vamesi\",\"Varsand\",\"Vasile Blaga\"],\"articleSection\":[\"Epoca Traian Basescu (2004-2014)\",\"Guvernarea portocalie\"],\"inLanguage\":\"ro-RO\",\"potentialAction\":[{\"@type\":\"CommentAction\",\"name\":\"Comment\",\"target\":[\"https:\/\/desteptati-va.ro\/index.php\/2021\/04\/19\/din-interiorul-mafiei-pdl\/#respond\"]}]},{\"@type\":\"WebPage\",\"@id\":\"https:\/\/desteptati-va.ro\/index.php\/2021\/04\/19\/din-interiorul-mafiei-pdl\/\",\"url\":\"https:\/\/desteptati-va.ro\/index.php\/2021\/04\/19\/din-interiorul-mafiei-pdl\/\",\"name\":\"Din interiorul Mafiei PDL -\",\"isPartOf\":{\"@id\":\"https:\/\/desteptati-va.ro\/#website\"},\"primaryImageOfPage\":{\"@id\":\"https:\/\/desteptati-va.ro\/index.php\/2021\/04\/19\/din-interiorul-mafiei-pdl\/#primaryimage\"},\"image\":{\"@id\":\"https:\/\/desteptati-va.ro\/index.php\/2021\/04\/19\/din-interiorul-mafiei-pdl\/#primaryimage\"},\"thumbnailUrl\":\"https:\/\/desteptati-va.ro\/wp-content\/uploads\/2021\/04\/fugetari.png\",\"datePublished\":\"2021-04-19T09:37:58+00:00\",\"dateModified\":\"2022-01-12T18:47:15+00:00\",\"author\":{\"@id\":\"https:\/\/desteptati-va.ro\/#\/schema\/person\/13182deeebd44920914899f7bb262d6b\"},\"breadcrumb\":{\"@id\":\"https:\/\/desteptati-va.ro\/index.php\/2021\/04\/19\/din-interiorul-mafiei-pdl\/#breadcrumb\"},\"inLanguage\":\"ro-RO\",\"potentialAction\":[{\"@type\":\"ReadAction\",\"target\":[\"https:\/\/desteptati-va.ro\/index.php\/2021\/04\/19\/din-interiorul-mafiei-pdl\/\"]}]},{\"@type\":\"ImageObject\",\"inLanguage\":\"ro-RO\",\"@id\":\"https:\/\/desteptati-va.ro\/index.php\/2021\/04\/19\/din-interiorul-mafiei-pdl\/#primaryimage\",\"url\":\"https:\/\/desteptati-va.ro\/wp-content\/uploads\/2021\/04\/fugetari.png\",\"contentUrl\":\"https:\/\/desteptati-va.ro\/wp-content\/uploads\/2021\/04\/fugetari.png\",\"width\":550,\"height\":519},{\"@type\":\"BreadcrumbList\",\"@id\":\"https:\/\/desteptati-va.ro\/index.php\/2021\/04\/19\/din-interiorul-mafiei-pdl\/#breadcrumb\",\"itemListElement\":[{\"@type\":\"ListItem\",\"position\":1,\"name\":\"Prima pagin\u0103\",\"item\":\"https:\/\/desteptati-va.ro\/\"},{\"@type\":\"ListItem\",\"position\":2,\"name\":\"Din interiorul Mafiei PDL\"}]},{\"@type\":\"WebSite\",\"@id\":\"https:\/\/desteptati-va.ro\/#website\",\"url\":\"https:\/\/desteptati-va.ro\/\",\"name\":\"\",\"description\":\"\",\"potentialAction\":[{\"@type\":\"SearchAction\",\"target\":{\"@type\":\"EntryPoint\",\"urlTemplate\":\"https:\/\/desteptati-va.ro\/?s={search_term_string}\"},\"query-input\":{\"@type\":\"PropertyValueSpecification\",\"valueRequired\":true,\"valueName\":\"search_term_string\"}}],\"inLanguage\":\"ro-RO\"},{\"@type\":\"Person\",\"@id\":\"https:\/\/desteptati-va.ro\/#\/schema\/person\/13182deeebd44920914899f7bb262d6b\",\"name\":\"wolfsoftcompany\",\"image\":{\"@type\":\"ImageObject\",\"inLanguage\":\"ro-RO\",\"@id\":\"https:\/\/desteptati-va.ro\/#\/schema\/person\/image\/\",\"url\":\"https:\/\/secure.gravatar.com\/avatar\/a6cce9b6d101d27d91690e7073e300fed94c0899890bf998e082cb9d2c3d121e?s=96&d=mm&r=g\",\"contentUrl\":\"https:\/\/secure.gravatar.com\/avatar\/a6cce9b6d101d27d91690e7073e300fed94c0899890bf998e082cb9d2c3d121e?s=96&d=mm&r=g\",\"caption\":\"wolfsoftcompany\"},\"sameAs\":[\"http:\/\/desteptati-va.ro\"],\"url\":\"https:\/\/desteptati-va.ro\/index.php\/author\/wolfsoftcompany\/\"}]}<\/script>\r\n<!-- \/ Yoast SEO plugin. -->","yoast_head_json":{"title":"Din interiorul Mafiei PDL -","robots":{"index":"index","follow":"follow","max-snippet":"max-snippet:-1","max-image-preview":"max-image-preview:large","max-video-preview":"max-video-preview:-1"},"canonical":"https:\/\/desteptati-va.ro\/index.php\/2021\/04\/19\/din-interiorul-mafiei-pdl\/","og_locale":"ro_RO","og_type":"article","og_title":"Din interiorul Mafiei PDL -","og_description":"Pe fondul crizei economice fara precedent, dublata de criza politica a regimului Basescu-Boc si de scaderea dramatica in sondaje aRead More","og_url":"https:\/\/desteptati-va.ro\/index.php\/2021\/04\/19\/din-interiorul-mafiei-pdl\/","article_published_time":"2021-04-19T09:37:58+00:00","article_modified_time":"2022-01-12T18:47:15+00:00","og_image":[{"width":550,"height":519,"url":"https:\/\/desteptati-va.ro\/wp-content\/uploads\/2021\/04\/fugetari.png","type":"image\/png"}],"author":"wolfsoftcompany","twitter_card":"summary_large_image","twitter_misc":{"Scris de":"wolfsoftcompany","Timp estimat pentru citire":"14 minute"},"schema":{"@context":"https:\/\/schema.org","@graph":[{"@type":"Article","@id":"https:\/\/desteptati-va.ro\/index.php\/2021\/04\/19\/din-interiorul-mafiei-pdl\/#article","isPartOf":{"@id":"https:\/\/desteptati-va.ro\/index.php\/2021\/04\/19\/din-interiorul-mafiei-pdl\/"},"author":{"name":"wolfsoftcompany","@id":"https:\/\/desteptati-va.ro\/#\/schema\/person\/13182deeebd44920914899f7bb262d6b"},"headline":"Din interiorul Mafiei PDL","datePublished":"2021-04-19T09:37:58+00:00","dateModified":"2022-01-12T18:47:15+00:00","mainEntityOfPage":{"@id":"https:\/\/desteptati-va.ro\/index.php\/2021\/04\/19\/din-interiorul-mafiei-pdl\/"},"wordCount":2764,"commentCount":0,"image":{"@id":"https:\/\/desteptati-va.ro\/index.php\/2021\/04\/19\/din-interiorul-mafiei-pdl\/#primaryimage"},"thumbnailUrl":"https:\/\/desteptati-va.ro\/wp-content\/uploads\/2021\/04\/fugetari.png","keywords":["ANAF","ancheta","Arad","Autoritatea Nationala Vamala","bani","Blejnar","Constanta","contrabanda","coruptie","criza economica","Curtici","desteptati","desteptati-va","DNA","Elena Udrea","evaziune","Falca","fiscal","Halmeu","Igas","Jimbolia","Mircea Basescu","Moravita","Nadlac","Oradea","PDL","Politia de Frontiera","Regina","Schengen","Siret","spaga","tabla de sah","tigari","Traian Basescu","Turnu","Valer Marian","vama","vamesi","Varsand","Vasile Blaga"],"articleSection":["Epoca Traian Basescu (2004-2014)","Guvernarea portocalie"],"inLanguage":"ro-RO","potentialAction":[{"@type":"CommentAction","name":"Comment","target":["https:\/\/desteptati-va.ro\/index.php\/2021\/04\/19\/din-interiorul-mafiei-pdl\/#respond"]}]},{"@type":"WebPage","@id":"https:\/\/desteptati-va.ro\/index.php\/2021\/04\/19\/din-interiorul-mafiei-pdl\/","url":"https:\/\/desteptati-va.ro\/index.php\/2021\/04\/19\/din-interiorul-mafiei-pdl\/","name":"Din interiorul Mafiei PDL -","isPartOf":{"@id":"https:\/\/desteptati-va.ro\/#website"},"primaryImageOfPage":{"@id":"https:\/\/desteptati-va.ro\/index.php\/2021\/04\/19\/din-interiorul-mafiei-pdl\/#primaryimage"},"image":{"@id":"https:\/\/desteptati-va.ro\/index.php\/2021\/04\/19\/din-interiorul-mafiei-pdl\/#primaryimage"},"thumbnailUrl":"https:\/\/desteptati-va.ro\/wp-content\/uploads\/2021\/04\/fugetari.png","datePublished":"2021-04-19T09:37:58+00:00","dateModified":"2022-01-12T18:47:15+00:00","author":{"@id":"https:\/\/desteptati-va.ro\/#\/schema\/person\/13182deeebd44920914899f7bb262d6b"},"breadcrumb":{"@id":"https:\/\/desteptati-va.ro\/index.php\/2021\/04\/19\/din-interiorul-mafiei-pdl\/#breadcrumb"},"inLanguage":"ro-RO","potentialAction":[{"@type":"ReadAction","target":["https:\/\/desteptati-va.ro\/index.php\/2021\/04\/19\/din-interiorul-mafiei-pdl\/"]}]},{"@type":"ImageObject","inLanguage":"ro-RO","@id":"https:\/\/desteptati-va.ro\/index.php\/2021\/04\/19\/din-interiorul-mafiei-pdl\/#primaryimage","url":"https:\/\/desteptati-va.ro\/wp-content\/uploads\/2021\/04\/fugetari.png","contentUrl":"https:\/\/desteptati-va.ro\/wp-content\/uploads\/2021\/04\/fugetari.png","width":550,"height":519},{"@type":"BreadcrumbList","@id":"https:\/\/desteptati-va.ro\/index.php\/2021\/04\/19\/din-interiorul-mafiei-pdl\/#breadcrumb","itemListElement":[{"@type":"ListItem","position":1,"name":"Prima pagin\u0103","item":"https:\/\/desteptati-va.ro\/"},{"@type":"ListItem","position":2,"name":"Din interiorul Mafiei PDL"}]},{"@type":"WebSite","@id":"https:\/\/desteptati-va.ro\/#website","url":"https:\/\/desteptati-va.ro\/","name":"","description":"","potentialAction":[{"@type":"SearchAction","target":{"@type":"EntryPoint","urlTemplate":"https:\/\/desteptati-va.ro\/?s={search_term_string}"},"query-input":{"@type":"PropertyValueSpecification","valueRequired":true,"valueName":"search_term_string"}}],"inLanguage":"ro-RO"},{"@type":"Person","@id":"https:\/\/desteptati-va.ro\/#\/schema\/person\/13182deeebd44920914899f7bb262d6b","name":"wolfsoftcompany","image":{"@type":"ImageObject","inLanguage":"ro-RO","@id":"https:\/\/desteptati-va.ro\/#\/schema\/person\/image\/","url":"https:\/\/secure.gravatar.com\/avatar\/a6cce9b6d101d27d91690e7073e300fed94c0899890bf998e082cb9d2c3d121e?s=96&d=mm&r=g","contentUrl":"https:\/\/secure.gravatar.com\/avatar\/a6cce9b6d101d27d91690e7073e300fed94c0899890bf998e082cb9d2c3d121e?s=96&d=mm&r=g","caption":"wolfsoftcompany"},"sameAs":["http:\/\/desteptati-va.ro"],"url":"https:\/\/desteptati-va.ro\/index.php\/author\/wolfsoftcompany\/"}]}},"_links":{"self":[{"href":"https:\/\/desteptati-va.ro\/index.php\/wp-json\/wp\/v2\/posts\/4012","targetHints":{"allow":["GET"]}}],"collection":[{"href":"https:\/\/desteptati-va.ro\/index.php\/wp-json\/wp\/v2\/posts"}],"about":[{"href":"https:\/\/desteptati-va.ro\/index.php\/wp-json\/wp\/v2\/types\/post"}],"author":[{"embeddable":true,"href":"https:\/\/desteptati-va.ro\/index.php\/wp-json\/wp\/v2\/users\/1"}],"replies":[{"embeddable":true,"href":"https:\/\/desteptati-va.ro\/index.php\/wp-json\/wp\/v2\/comments?post=4012"}],"version-history":[{"count":2,"href":"https:\/\/desteptati-va.ro\/index.php\/wp-json\/wp\/v2\/posts\/4012\/revisions"}],"predecessor-version":[{"id":4402,"href":"https:\/\/desteptati-va.ro\/index.php\/wp-json\/wp\/v2\/posts\/4012\/revisions\/4402"}],"wp:featuredmedia":[{"embeddable":true,"href":"https:\/\/desteptati-va.ro\/index.php\/wp-json\/wp\/v2\/media\/2019"}],"wp:attachment":[{"href":"https:\/\/desteptati-va.ro\/index.php\/wp-json\/wp\/v2\/media?parent=4012"}],"wp:term":[{"taxonomy":"category","embeddable":true,"href":"https:\/\/desteptati-va.ro\/index.php\/wp-json\/wp\/v2\/categories?post=4012"},{"taxonomy":"post_tag","embeddable":true,"href":"https:\/\/desteptati-va.ro\/index.php\/wp-json\/wp\/v2\/tags?post=4012"}],"curies":[{"name":"wp","href":"https:\/\/api.w.org\/{rel}","templated":true}]}}