{"id":4021,"date":"2021-04-19T09:51:04","date_gmt":"2021-04-19T09:51:04","guid":{"rendered":"http:\/\/desteptati.ro\/?p=4021"},"modified":"2022-01-17T23:57:11","modified_gmt":"2022-01-17T21:57:11","slug":"controlul-sovietic-si-realocarea-transilvaniei","status":"publish","type":"post","link":"https:\/\/desteptati-va.ro\/index.php\/2021\/04\/19\/controlul-sovietic-si-realocarea-transilvaniei\/","title":{"rendered":"Controlul sovietic \u015fi realocarea Transilvaniei"},"content":{"rendered":"<div class=\"post-content\"><div class='booster-block booster-read-block'>\n                <div class=\"twp-read-time\">\n                \t<i class=\"booster-icon twp-clock\"><\/i> <span>Read Time:<\/span>5 Minute, 0 Second                <\/div>\n\n            <\/div><h4 style=\"text-align: justify;\">F\u00e3r\u00e3 \u015ftiin\u0163a conducerii comuni\u015ftilor maghiari, Moscova hot\u00e3r\u00e2se deja c\u00e3, \u00een timp ce Budapesta \u00ee\u015fi va men\u0163ine privilegiile de supervizare \u015fi interven\u0163ie \u00een nordul Transilvaniei \u015fi, \u00eentr-o oarecare m\u00e3sur\u00e3, chiar \u015fi controlul administrativ teritoriul nu va fi totu\u015fi unit cu Ungaria. Existau dou\u00e3 motive principale pentru aceast\u00e3 schimbare de pozi\u0163ie. \u00cen primul r\u00e2nd, URSS, av\u00e2nd acum \u00een posesie Basarabia \u015fi Nordul Bucovinei prin propriile eforturi, nu mai avea nici obliga\u0163ia \u015fi nici inten\u0163ia de a ceda Transilvania. \u00cen al doilea r\u00e2nd, disolu\u0163ia Cominternului redusese drastic influen\u0163a ungurilor asupra politicii sovietice din regiune. Statutul liderilor comuni\u015fti maghiari s-a transformat brusc din cel de aproape-egali ai camarazilor sovietici de la Moscova, unde participau la formularea strategiilor \u015fi a politicii pentru Estul Europei, la unul de subordonare clar\u00e3 deoarece, ca \u015fefi ai partidelor na\u0163ionale, erau acum executan\u0163i ai politicii Kremlinului. Iar acea politic\u00e3, \u00een special cea privitoare la realocarea teritoriilor \u015fi a delimitarea frontierelor, era decis\u00e3 acum numai de Moscova, numai \u00een baza intereselor sovietice.<\/h4>\n<h4 style=\"text-align: justify;\"><\/h4>\n<figure id=\"attachment_1676\" aria-describedby=\"caption-attachment-1676\" style=\"width: 279px\" class=\"wp-caption aligncenter\"><a href=\"http:\/\/www.desteptati-va.ro\/wp-content\/uploads\/2011\/04\/Maxim_Litvinov.jpg\"><img loading=\"lazy\" decoding=\"async\" class=\"size-medium wp-image-1676 \" title=\"Maxim Litvinov - revolutionar rus si diplomat de cariera sovietic\" src=\"http:\/\/www.desteptati-va.ro\/wp-content\/uploads\/2011\/04\/Maxim_Litvinov-279x300.jpg\" alt=\"Maxim Litvinov - revolutionar rus si diplomat de cariera sovietic\" width=\"279\" height=\"300\"><\/a><figcaption id=\"caption-attachment-1676\" class=\"wp-caption-text\">Maxim Litvinov &#8211; revolutionar rus si diplomat de cariera sovietic<\/figcaption><\/figure>\n<h4 style=\"text-align: justify;\">\u00cen 1944, pentru a cerceta problemele ordinii post-belice, Moscova a format comisia Litvinov, compus\u00e3 din trei comisari adjunc\u0163i pentru afaceri externe, prim adjunctul Maxim Litvinov, Solomon A. Lozovski \u015fi Dimitri Z. Manuilski, al\u00e3turi de c\u00e2\u0163iva exper\u0163i. Pe 5 iunie 1944, \u00eentr-un document denumit Despre Transilvania, Litvinov le-a trimis lui Stalin, Molotov, Voro\u015filov \u015fi Vi\u015finschi evalu\u00e3rile asupra aloc\u00e3rii viitoare a teritoriului rom\u00e2nesc. \u201eCea mai bun\u00e3\u201d solu\u0163ie, argumenta el, era \u201erecunoa\u015fterea statutului de independen\u0163\u00e3 a Transilvaniei, \u00een afara oric\u00e3ror alian\u0163e \u015fi federa\u0163ii\u201d.<\/h4>\n<h4 style=\"text-align: justify;\">Astfel, r\u00e3m\u00e2n\u00e2nd un s\u00e2mbure de conflict \u00eentre cei doi vecini, Rom\u00e2nia \u015fi Ungaria, ea nu va putea exista f\u00e3r\u00e3 patronajul unui stat vecin puternic, \u00een acest caz URSS, care are frontier\u00e3 comun\u00e3 cu aceasta.<\/h4>\n<h4 style=\"text-align: justify;\">Pe 8 iunie, c\u00e2nd s-a \u00eentrunit comisia, Litvinov a deschis discu\u0163iile men\u0163ion\u00e2nd c\u00e3 status quo-ul care acorda Transilvania Ungariei nu putea fi men\u0163inut, din moment ce fusese hot\u00e3r\u00e2t de Hitler. Posibilitatea de a ceda \u00eentreaga Transilvanie Ungariei era, de asemenea, \u201eexclus\u00e3\u201d. Rom\u00e2nia ar putea aspira la ea numai \u201e\u00een schimbul renun\u0163\u00e3rii totale \u015fi definitive la Basarabia \u015fi Bucovina\u201d \u015fi \u201ecu garantarea controlului nostru total asupra politicilor viitoare ale Rom\u00e2niei\u201d, posibilitate care ar permite URSS \u201es\u00e3 ob\u0163in\u00e3 at\u00e2t baze militare, c\u00e2t \u015fi control\u201d asupra \u0163\u00e3rii. Litvinov a subliniat c\u00e3 independen\u0163a Transilvaniei \u201ear putea fi temporar\u00e3, p\u00e2n\u00e3 c\u00e2nd vom ajunge la un acord cu Ungaria sau cu Rom\u00e2nia, sau pe termen lung, \u0163in\u00e2nd cont c\u00e3 acest stat mic ar avea nevoie de un protector, care nu poate fi altul dec\u00e2t Uniunea Sovietic\u00e3, cea mai apropiat\u00e3 mare putere\u201d. S-a c\u00e3zut de acord c\u00e3 independen\u0163a era \u201ecea mai bun\u00e3\u201d solu\u0163ie. Rezum\u00e2nd decizia lor, Litvinov a subliniat c\u00e3 \u201edependen\u0163a Rom\u00e2niei de noi va chiar mai mare dac\u00e3 Transilvania va r\u00e3m\u00e2ne un stat de sine st\u00e3t\u00e3tor, iar transferarea sa viitoare la Rom\u00e2nia va depinde de noi\u201d.<\/h4>\n<h4 style=\"text-align: justify;\"><\/h4>\n<figure id=\"attachment_1677\" aria-describedby=\"caption-attachment-1677\" style=\"width: 217px\" class=\"wp-caption aligncenter\"><a href=\"http:\/\/www.desteptati-va.ro\/wp-content\/uploads\/2011\/04\/Alexandru_Barladeanu.jpg\"><img loading=\"lazy\" decoding=\"async\" class=\"size-medium wp-image-1677\" title=\"Alexandru Barladeanu\" src=\"http:\/\/www.desteptati-va.ro\/wp-content\/uploads\/2011\/04\/Alexandru_Barladeanu-217x300.jpg\" alt=\"Alexandru Barladeanu\" width=\"217\" height=\"300\"><\/a><figcaption id=\"caption-attachment-1677\" class=\"wp-caption-text\">Alexandru Barladeanu<\/figcaption><\/figure>\n<h4 style=\"text-align: justify;\">Dup\u00e3 ocuparea nordului Transilvaniei de c\u00e3tre Ungaria, \u00een vara lui 1940, Cominternul ordonase tuturor comuni\u015ftilor reziden\u0163i s\u00e3 intre \u00een partidul comunist maghiar, resubordon\u00e2nd aripa transilv\u00e3nean\u00e3 a PCR la PCM. Moscova a f\u00e3cut acela\u015fi lucru pe o baz\u00e3 mult mai selectiv\u00e3, \u00een privin\u0163a aripii basarabene, ordon\u00e2nd spre exemplu, lui Leonte R\u00e3utu \u015fi Alexandru B\u00e2rl\u00e3deanu, acum din nou cet\u00e3\u0163eni sovietici, s\u00e3 plece la Moscova. Cominterni\u015ftii din Transilvania de nord afla\u0163i la Moscova, precum Vasile Luca \u015fi Valter Roman, figuri proeminente \u00een efortul de propagand\u00e3 sovietic (lui Luca i se atribuie fondarea sta\u0163ii de radio \u00een limba rom\u00e2n\u00e3 a Cominternului, Rom\u00e2nia Liber\u00e3, Roman fiind redactor) erau acum mult mai orienta\u0163i c\u00e3tre partidul maghiar. De aceea, nu este surprinz\u00e3tor c\u00e3 Luca milita \u00eempotriva reanex\u00e3rii nordului Transilvaniei sau c\u00e3 Roman, la sf\u00e2r\u015fitul lui iulie 1944, aducea comisiei argumente \u00een favoarea \u201eacord\u00e3rii independen\u0163ei Transilvaniei\u201d, ca fiind solu\u0163ia \u201ecea mai adecvat\u00e3\u201d \u015fi care nu se putea realiza dec\u00e2t dac\u00e3 \u201ebazinul dun\u00e3rean se va afla sub tutela guvernului sovietic\u201d.<\/h4>\n<h4 style=\"text-align: justify;\"><\/h4>\n<figure id=\"attachment_1678\" aria-describedby=\"caption-attachment-1678\" style=\"width: 218px\" class=\"wp-caption aligncenter\"><a href=\"http:\/\/www.desteptati-va.ro\/wp-content\/uploads\/2011\/04\/58455stalin.jpg\"><img loading=\"lazy\" decoding=\"async\" class=\"size-medium wp-image-1678\" title=\"Iosif Vissarionovici Stalin\" src=\"http:\/\/www.desteptati-va.ro\/wp-content\/uploads\/2011\/04\/58455stalin-218x300.jpg\" alt=\"Iosif Vissarionovici Stalin\" width=\"218\" height=\"300\"><\/a><figcaption id=\"caption-attachment-1678\" class=\"wp-caption-text\">Iosif Vissarionovici Stalin<\/figcaption><\/figure>\n<h4 style=\"text-align: justify;\">La mijlocul lui 1944, Stalin \u00eenc\u00e3 se juca cu ideea unei federa\u0163ii \u00een leg\u00e3tur\u00e3 cu Transilvania, care constituia de asemenea o cedare \u00een favoarea Budapestei, aduc\u00e2ndu-i suveranitatea par\u0163ial\u00e3 \u00een regiune. Ca o ironie \u00eens\u00e3, f\u00e3r\u00e3 a se inten\u0163iona aceasta, succesul propagandei maghiare \u00een convingerea cercurilor de la Londra \u015fi Washington s\u00e3 sprijine o federa\u0163ie Ungaro-Transilvano-Rom\u00e2n\u00e3 (Danubian\u00e3) a discreditat total ideea \u00een fa\u0163a lui Stalin, consider\u00e2nd-o ca fiind o \u201econspira\u0163ie occidental\u00e3.\u201d Cu ideea federa\u0163iei pentru nordul Transilvaniei exclus\u00e3 \u015fi o independen\u0163\u00e3 total\u00e3 posibil s\u00e3 provoace viitoare complica\u0163ii interna\u0163ionale, singura solu\u0163ie r\u00e3mas\u00e3, din perspectiva Kremlinului, a fost protectoratul autonom al c\u00e3rui statut nepermanent acorda Moscovei continuarea influen\u0163ei \u015fi a controlului. Ungaria \u015fi Rom\u00e2nia (ungurii \u015fi rom\u00e2nii din Transilvania) vor fi obliga\u0163i s\u00e3 intre \u00een competi\u0163ie pentru favorurile sovieticilor dac\u00e3 vor dori s\u00e3 influen\u0163eze statutul final al regiunii. De aceea, Moscova \u00ee\u015fi sprijinea propriile interese \u015fi, \u00een acela\u015fi timp, \u00ee\u015fi demonstra \u00een\u0163elegerea fa\u0163\u00e3 de Budapesta, atunci c\u00e2nd \u00eentr-o \u00eent\u00e2lnire de 15 minute de la T\u00e2rgu Mure\u015f, pe 11 noiembrie 1944, autorit\u00e3\u0163ile militare sovietice au \u00eenlocuit f\u00e3r\u00e3 multe vorbe administra\u0163ia rom\u00e2neasc\u00e3 proasp\u00e3t instalat\u00e3 \u015fi le-a ordonat \u201es\u00e3 elibereze \u00eentreg teritoriul Transilvaniei\u201d. Acum solu\u0163ia temporar\u00e3 \u2013 administra\u0163ia militar\u00e3 sovietic\u00e3 \u2013 fusese aplicat\u00e3.<\/h4>\n<h4 style=\"text-align: justify;\">F\u00e3c\u00e2ndu-se ecoul concluziilor comisiei Litvinov, Comisarul Poporului pentru Afaceri Externe al RFSFR, anterior \u00eens\u00e3rcinat cu afaceri \u00een Rom\u00e2nia, A.I. Lavrentiev a subliniat, la 6 decembrie 1944, c\u00e3 dorin\u0163a Bucure\u015ftiului de a re\u00eencorpora Transilvania era \u201esingurul factor important de influen\u0163\u00e3 asupra guvernului\u201d, nu numai \u00een privin\u0163a \u00eendeplinirii datoriilor reparatorii, ci \u015fi asupra \u201epoliticii interne \u015fi externe a Rom\u00e2niei\u201d. Odat\u00e3 intrat\u00e3 \u00een posesia provinciei, influen\u0163a sovietic\u00e3 asupra politicilor sale interne \u015fi externe se va disipa rapid. La sf\u00e2r\u015fitul lunii, autorit\u00e3\u0163ile militare sovietice au \u00eenceput s\u00e3 fluture propuneri cu privire la un protectorat sovietic pe termen lung. Lavrentiev, de exemplu, i-a trimis lui Vi\u015finschi propunerea \u015fefului Directoratului Politic al Frontului Ucrainean II de creare \u201ea unui comisariat \u00een nordul Transilvaniei, numit de autorit\u00e3\u0163ile militare sovietice din r\u00e2ndul popula\u0163iei locale (ne-rom\u00e2ne\u015fti)\u201d.<\/h4>\n<h4 style=\"text-align: justify;\"><em>Larry Watts, istoric american<\/em><\/h4>        <div class=\"booster-block booster-reactions-block\">\n            <div class=\"twp-reactions-icons\">\n                \n                <div class=\"twp-reacts-wrap\">\n                    <a react-data=\"be-react-1\" post-id=\"4021\" class=\"be-face-icons un-reacted\" href=\"javascript:void(0)\">\n                        <img decoding=\"async\" src=\"https:\/\/desteptati-va.ro\/wp-content\/plugins\/booster-extension\/\/assets\/icon\/happy.svg\" alt=\"Happy\">\n                    <\/a>\n                    <div class=\"twp-reaction-title\">\n                        Happy                    <\/div>\n                    <div class=\"twp-count-percent\">\n                                                    <span style=\"display: none;\" class=\"twp-react-count\">0<\/span>\n                        \n                                                <span class=\"twp-react-percent\"><span>0<\/span> %<\/span>\n                                            <\/div>\n                <\/div>\n\n                <div class=\"twp-reacts-wrap\">\n                    <a react-data=\"be-react-2\" post-id=\"4021\" class=\"be-face-icons un-reacted\" href=\"javascript:void(0)\">\n                        <img decoding=\"async\" src=\"https:\/\/desteptati-va.ro\/wp-content\/plugins\/booster-extension\/\/assets\/icon\/sad.svg\" alt=\"Sad\">\n                    <\/a>\n                    <div class=\"twp-reaction-title\">\n                        Sad                    <\/div>\n                    <div class=\"twp-count-percent\">\n                                                    <span style=\"display: none;\" class=\"twp-react-count\">0<\/span>\n                                                                        <span class=\"twp-react-percent\"><span>0<\/span> %<\/span>\n                                            <\/div>\n                <\/div>\n\n                <div class=\"twp-reacts-wrap\">\n                    <a react-data=\"be-react-3\" post-id=\"4021\" class=\"be-face-icons un-reacted\" href=\"javascript:void(0)\">\n                        <img decoding=\"async\" src=\"https:\/\/desteptati-va.ro\/wp-content\/plugins\/booster-extension\/\/assets\/icon\/excited.svg\" alt=\"Excited\">\n                    <\/a>\n                    <div class=\"twp-reaction-title\">\n                        Excited                    <\/div>\n                    <div class=\"twp-count-percent\">\n                                                    <span style=\"display: none;\" class=\"twp-react-count\">0<\/span>\n                                                                        <span class=\"twp-react-percent\"><span>0<\/span> %<\/span>\n                                            <\/div>\n                <\/div>\n\n                <div class=\"twp-reacts-wrap\">\n                    <a react-data=\"be-react-6\" post-id=\"4021\" class=\"be-face-icons un-reacted\" href=\"javascript:void(0)\">\n                        <img decoding=\"async\" src=\"https:\/\/desteptati-va.ro\/wp-content\/plugins\/booster-extension\/\/assets\/icon\/sleepy.svg\" alt=\"Sleepy\">\n                    <\/a>\n                    <div class=\"twp-reaction-title\">\n                        Sleepy                    <\/div>\n                    <div class=\"twp-count-percent\">\n                                                    <span style=\"display: none;\" class=\"twp-react-count\">0<\/span>\n                        \n                                                <span class=\"twp-react-percent\"><span>0<\/span> %<\/span>\n                                            <\/div>\n                <\/div>\n\n                <div class=\"twp-reacts-wrap\">\n                    <a react-data=\"be-react-4\" post-id=\"4021\" class=\"be-face-icons un-reacted\" href=\"javascript:void(0)\">\n                        <img decoding=\"async\" src=\"https:\/\/desteptati-va.ro\/wp-content\/plugins\/booster-extension\/\/assets\/icon\/angry.svg\" alt=\"Angry\">\n                    <\/a>\n                    <div class=\"twp-reaction-title\">Angry<\/div>\n                    <div class=\"twp-count-percent\">\n                                                    <span style=\"display: none;\" class=\"twp-react-count\">0<\/span>\n                                                                        <span class=\"twp-react-percent\"><span>0<\/span> %<\/span>\n                        \n                    <\/div>\n                <\/div>\n\n                <div class=\"twp-reacts-wrap\">\n                    <a react-data=\"be-react-5\" post-id=\"4021\" class=\"be-face-icons un-reacted\" href=\"javascript:void(0)\">\n                        <img decoding=\"async\" src=\"https:\/\/desteptati-va.ro\/wp-content\/plugins\/booster-extension\/\/assets\/icon\/surprise.svg\" alt=\"Surprise\">\n                    <\/a>\n                    <div class=\"twp-reaction-title\">Surprise<\/div>\n                    <div class=\"twp-count-percent\">\n                                                    <span style=\"display: none;\" class=\"twp-react-count\">0<\/span>\n                                                                        <span class=\"twp-react-percent\"><span>0<\/span> %<\/span>\n                                            <\/div>\n                <\/div>\n\n            <\/div>\n        <\/div>\n\n    <\/div>","protected":false},"excerpt":{"rendered":"<p>F\u00e3r\u00e3 \u015ftiin\u0163a conducerii comuni\u015ftilor maghiari, Moscova hot\u00e3r\u00e2se deja c\u00e3, \u00een timp ce Budapesta \u00ee\u015fi va men\u0163ine privilegiile de supervizare \u015fi<a href=\"https:\/\/desteptati-va.ro\/index.php\/2021\/04\/19\/controlul-sovietic-si-realocarea-transilvaniei\/\">Read More<i class=\"fa fa-long-arrow-right\" aria-hidden=\"true\"><\/i><\/a><\/p>\n","protected":false},"author":1,"featured_media":1258,"comment_status":"open","ping_status":"open","sticky":false,"template":"","format":"standard","meta":{"_crdt_document":"","footnotes":""},"categories":[15],"tags":[168,845,591,59,60,784,626,1411,254,513,262,789,72,158,179,164,605,788,525,155,135,281],"class_list":["post-4021","post","type-post","status-publish","format-standard","has-post-thumbnail","hentry","category-hegemonia-sovietica","tag-armata","tag-bolsevism","tag-comintern","tag-desteptati","tag-desteptati-va","tag-honved","tag-horthy","tag-iredentrism","tag-kremlin","tag-maghiar","tag-moscova","tag-pcr","tag-politica","tag-revizionism","tag-romania","tag-rusia","tag-siguranta","tag-sovietic","tag-sovinism","tag-spionaj","tag-transilvania","tag-urss"],"rise-blocks_total_comments":1,"rise-blocks_categories":[{"term_id":15,"name":"Hegemonia Sovietica","slug":"hegemonia-sovietica","term_group":0,"term_taxonomy_id":15,"taxonomy":"category","description":"","parent":0,"count":8,"filter":"raw"}],"rise-blocks_excerpt":"F\u00e3r\u00e3 \u015ftiin\u0163a conducerii comuni\u015ftilor maghiari, Moscova hot\u00e3r\u00e2se deja c\u00e3, \u00een timp ce Budapesta \u00ee\u015fi va men\u0163ine privilegiile de supervizare \u015fi interven\u0163ie \u00een nordul Transilvaniei \u015fi, \u00eentr-o oarecare m\u00e3sur\u00e3, chiar \u015fi controlul administrativ teritoriul nu va fi totu\u015fi unit cu Ungaria. Existau dou\u00e3 motive principale pentru aceast\u00e3 schimbare de pozi\u0163ie. \u00cen primul r\u00e2nd, URSS, av\u00e2nd acum \u00een posesie Basarabia \u015fi Nordul..","yoast_head":"<!-- This site is optimized with the Yoast SEO plugin v26.9 - https:\/\/yoast.com\/product\/yoast-seo-wordpress\/ -->\r\n<title>Controlul sovietic \u015fi realocarea Transilvaniei -<\/title>\r\n<meta name=\"robots\" content=\"index, follow, max-snippet:-1, max-image-preview:large, max-video-preview:-1\" \/>\r\n<link rel=\"canonical\" href=\"https:\/\/desteptati-va.ro\/index.php\/2021\/04\/19\/controlul-sovietic-si-realocarea-transilvaniei\/\" \/>\r\n<meta property=\"og:locale\" content=\"ro_RO\" \/>\r\n<meta property=\"og:type\" content=\"article\" \/>\r\n<meta property=\"og:title\" content=\"Controlul sovietic \u015fi realocarea Transilvaniei -\" \/>\r\n<meta property=\"og:description\" content=\"F\u00e3r\u00e3 \u015ftiin\u0163a conducerii comuni\u015ftilor maghiari, Moscova hot\u00e3r\u00e2se deja c\u00e3, \u00een timp ce Budapesta \u00ee\u015fi va men\u0163ine privilegiile de supervizare \u015fiRead More\" \/>\r\n<meta property=\"og:url\" content=\"https:\/\/desteptati-va.ro\/index.php\/2021\/04\/19\/controlul-sovietic-si-realocarea-transilvaniei\/\" \/>\r\n<meta property=\"article:published_time\" content=\"2021-04-19T09:51:04+00:00\" \/>\r\n<meta property=\"article:modified_time\" content=\"2022-01-17T21:57:11+00:00\" \/>\r\n<meta property=\"og:image\" content=\"https:\/\/desteptati-va.ro\/wp-content\/uploads\/2021\/04\/to074rub971xb.jpg\" \/>\r\n\t<meta property=\"og:image:width\" content=\"497\" \/>\r\n\t<meta property=\"og:image:height\" content=\"600\" \/>\r\n\t<meta property=\"og:image:type\" content=\"image\/jpeg\" \/>\r\n<meta name=\"author\" content=\"wolfsoftcompany\" \/>\r\n<meta name=\"twitter:card\" content=\"summary_large_image\" \/>\r\n<meta name=\"twitter:label1\" content=\"Scris de\" \/>\n\t<meta name=\"twitter:data1\" content=\"wolfsoftcompany\" \/>\n\t<meta name=\"twitter:label2\" content=\"Timp estimat pentru citire\" \/>\n\t<meta name=\"twitter:data2\" content=\"6 minute\" \/>\r\n<script type=\"application\/ld+json\" class=\"yoast-schema-graph\">{\"@context\":\"https:\/\/schema.org\",\"@graph\":[{\"@type\":\"Article\",\"@id\":\"https:\/\/desteptati-va.ro\/index.php\/2021\/04\/19\/controlul-sovietic-si-realocarea-transilvaniei\/#article\",\"isPartOf\":{\"@id\":\"https:\/\/desteptati-va.ro\/index.php\/2021\/04\/19\/controlul-sovietic-si-realocarea-transilvaniei\/\"},\"author\":{\"name\":\"wolfsoftcompany\",\"@id\":\"https:\/\/desteptati-va.ro\/#\/schema\/person\/13182deeebd44920914899f7bb262d6b\"},\"headline\":\"Controlul sovietic \u015fi realocarea Transilvaniei\",\"datePublished\":\"2021-04-19T09:51:04+00:00\",\"dateModified\":\"2022-01-17T21:57:11+00:00\",\"mainEntityOfPage\":{\"@id\":\"https:\/\/desteptati-va.ro\/index.php\/2021\/04\/19\/controlul-sovietic-si-realocarea-transilvaniei\/\"},\"wordCount\":1125,\"commentCount\":0,\"image\":{\"@id\":\"https:\/\/desteptati-va.ro\/index.php\/2021\/04\/19\/controlul-sovietic-si-realocarea-transilvaniei\/#primaryimage\"},\"thumbnailUrl\":\"https:\/\/desteptati-va.ro\/wp-content\/uploads\/2021\/04\/to074rub971xb.jpg\",\"keywords\":[\"Armata\",\"bolsevism\",\"Comintern\",\"desteptati\",\"desteptati-va\",\"Honved\",\"horthy\",\"iredentrism\",\"Kremlin\",\"maghiar\",\"Moscova\",\"PCR\",\"politica\",\"revizionism\",\"Romania\",\"Rusia\",\"siguranta\",\"sovietic\",\"sovinism\",\"spionaj\",\"Transilvania\",\"URSS\"],\"articleSection\":[\"Hegemonia Sovietica\"],\"inLanguage\":\"ro-RO\",\"potentialAction\":[{\"@type\":\"CommentAction\",\"name\":\"Comment\",\"target\":[\"https:\/\/desteptati-va.ro\/index.php\/2021\/04\/19\/controlul-sovietic-si-realocarea-transilvaniei\/#respond\"]}]},{\"@type\":\"WebPage\",\"@id\":\"https:\/\/desteptati-va.ro\/index.php\/2021\/04\/19\/controlul-sovietic-si-realocarea-transilvaniei\/\",\"url\":\"https:\/\/desteptati-va.ro\/index.php\/2021\/04\/19\/controlul-sovietic-si-realocarea-transilvaniei\/\",\"name\":\"Controlul sovietic \u015fi realocarea Transilvaniei -\",\"isPartOf\":{\"@id\":\"https:\/\/desteptati-va.ro\/#website\"},\"primaryImageOfPage\":{\"@id\":\"https:\/\/desteptati-va.ro\/index.php\/2021\/04\/19\/controlul-sovietic-si-realocarea-transilvaniei\/#primaryimage\"},\"image\":{\"@id\":\"https:\/\/desteptati-va.ro\/index.php\/2021\/04\/19\/controlul-sovietic-si-realocarea-transilvaniei\/#primaryimage\"},\"thumbnailUrl\":\"https:\/\/desteptati-va.ro\/wp-content\/uploads\/2021\/04\/to074rub971xb.jpg\",\"datePublished\":\"2021-04-19T09:51:04+00:00\",\"dateModified\":\"2022-01-17T21:57:11+00:00\",\"author\":{\"@id\":\"https:\/\/desteptati-va.ro\/#\/schema\/person\/13182deeebd44920914899f7bb262d6b\"},\"breadcrumb\":{\"@id\":\"https:\/\/desteptati-va.ro\/index.php\/2021\/04\/19\/controlul-sovietic-si-realocarea-transilvaniei\/#breadcrumb\"},\"inLanguage\":\"ro-RO\",\"potentialAction\":[{\"@type\":\"ReadAction\",\"target\":[\"https:\/\/desteptati-va.ro\/index.php\/2021\/04\/19\/controlul-sovietic-si-realocarea-transilvaniei\/\"]}]},{\"@type\":\"ImageObject\",\"inLanguage\":\"ro-RO\",\"@id\":\"https:\/\/desteptati-va.ro\/index.php\/2021\/04\/19\/controlul-sovietic-si-realocarea-transilvaniei\/#primaryimage\",\"url\":\"https:\/\/desteptati-va.ro\/wp-content\/uploads\/2021\/04\/to074rub971xb.jpg\",\"contentUrl\":\"https:\/\/desteptati-va.ro\/wp-content\/uploads\/2021\/04\/to074rub971xb.jpg\",\"width\":497,\"height\":600},{\"@type\":\"BreadcrumbList\",\"@id\":\"https:\/\/desteptati-va.ro\/index.php\/2021\/04\/19\/controlul-sovietic-si-realocarea-transilvaniei\/#breadcrumb\",\"itemListElement\":[{\"@type\":\"ListItem\",\"position\":1,\"name\":\"Prima pagin\u0103\",\"item\":\"https:\/\/desteptati-va.ro\/\"},{\"@type\":\"ListItem\",\"position\":2,\"name\":\"Controlul sovietic \u015fi realocarea Transilvaniei\"}]},{\"@type\":\"WebSite\",\"@id\":\"https:\/\/desteptati-va.ro\/#website\",\"url\":\"https:\/\/desteptati-va.ro\/\",\"name\":\"\",\"description\":\"\",\"potentialAction\":[{\"@type\":\"SearchAction\",\"target\":{\"@type\":\"EntryPoint\",\"urlTemplate\":\"https:\/\/desteptati-va.ro\/?s={search_term_string}\"},\"query-input\":{\"@type\":\"PropertyValueSpecification\",\"valueRequired\":true,\"valueName\":\"search_term_string\"}}],\"inLanguage\":\"ro-RO\"},{\"@type\":\"Person\",\"@id\":\"https:\/\/desteptati-va.ro\/#\/schema\/person\/13182deeebd44920914899f7bb262d6b\",\"name\":\"wolfsoftcompany\",\"image\":{\"@type\":\"ImageObject\",\"inLanguage\":\"ro-RO\",\"@id\":\"https:\/\/desteptati-va.ro\/#\/schema\/person\/image\/\",\"url\":\"https:\/\/secure.gravatar.com\/avatar\/a6cce9b6d101d27d91690e7073e300fed94c0899890bf998e082cb9d2c3d121e?s=96&d=mm&r=g\",\"contentUrl\":\"https:\/\/secure.gravatar.com\/avatar\/a6cce9b6d101d27d91690e7073e300fed94c0899890bf998e082cb9d2c3d121e?s=96&d=mm&r=g\",\"caption\":\"wolfsoftcompany\"},\"sameAs\":[\"http:\/\/desteptati-va.ro\"],\"url\":\"https:\/\/desteptati-va.ro\/index.php\/author\/wolfsoftcompany\/\"}]}<\/script>\r\n<!-- \/ Yoast SEO plugin. -->","yoast_head_json":{"title":"Controlul sovietic \u015fi realocarea Transilvaniei -","robots":{"index":"index","follow":"follow","max-snippet":"max-snippet:-1","max-image-preview":"max-image-preview:large","max-video-preview":"max-video-preview:-1"},"canonical":"https:\/\/desteptati-va.ro\/index.php\/2021\/04\/19\/controlul-sovietic-si-realocarea-transilvaniei\/","og_locale":"ro_RO","og_type":"article","og_title":"Controlul sovietic \u015fi realocarea Transilvaniei -","og_description":"F\u00e3r\u00e3 \u015ftiin\u0163a conducerii comuni\u015ftilor maghiari, Moscova hot\u00e3r\u00e2se deja c\u00e3, \u00een timp ce Budapesta \u00ee\u015fi va men\u0163ine privilegiile de supervizare \u015fiRead More","og_url":"https:\/\/desteptati-va.ro\/index.php\/2021\/04\/19\/controlul-sovietic-si-realocarea-transilvaniei\/","article_published_time":"2021-04-19T09:51:04+00:00","article_modified_time":"2022-01-17T21:57:11+00:00","og_image":[{"width":497,"height":600,"url":"https:\/\/desteptati-va.ro\/wp-content\/uploads\/2021\/04\/to074rub971xb.jpg","type":"image\/jpeg"}],"author":"wolfsoftcompany","twitter_card":"summary_large_image","twitter_misc":{"Scris de":"wolfsoftcompany","Timp estimat pentru citire":"6 minute"},"schema":{"@context":"https:\/\/schema.org","@graph":[{"@type":"Article","@id":"https:\/\/desteptati-va.ro\/index.php\/2021\/04\/19\/controlul-sovietic-si-realocarea-transilvaniei\/#article","isPartOf":{"@id":"https:\/\/desteptati-va.ro\/index.php\/2021\/04\/19\/controlul-sovietic-si-realocarea-transilvaniei\/"},"author":{"name":"wolfsoftcompany","@id":"https:\/\/desteptati-va.ro\/#\/schema\/person\/13182deeebd44920914899f7bb262d6b"},"headline":"Controlul sovietic \u015fi realocarea Transilvaniei","datePublished":"2021-04-19T09:51:04+00:00","dateModified":"2022-01-17T21:57:11+00:00","mainEntityOfPage":{"@id":"https:\/\/desteptati-va.ro\/index.php\/2021\/04\/19\/controlul-sovietic-si-realocarea-transilvaniei\/"},"wordCount":1125,"commentCount":0,"image":{"@id":"https:\/\/desteptati-va.ro\/index.php\/2021\/04\/19\/controlul-sovietic-si-realocarea-transilvaniei\/#primaryimage"},"thumbnailUrl":"https:\/\/desteptati-va.ro\/wp-content\/uploads\/2021\/04\/to074rub971xb.jpg","keywords":["Armata","bolsevism","Comintern","desteptati","desteptati-va","Honved","horthy","iredentrism","Kremlin","maghiar","Moscova","PCR","politica","revizionism","Romania","Rusia","siguranta","sovietic","sovinism","spionaj","Transilvania","URSS"],"articleSection":["Hegemonia Sovietica"],"inLanguage":"ro-RO","potentialAction":[{"@type":"CommentAction","name":"Comment","target":["https:\/\/desteptati-va.ro\/index.php\/2021\/04\/19\/controlul-sovietic-si-realocarea-transilvaniei\/#respond"]}]},{"@type":"WebPage","@id":"https:\/\/desteptati-va.ro\/index.php\/2021\/04\/19\/controlul-sovietic-si-realocarea-transilvaniei\/","url":"https:\/\/desteptati-va.ro\/index.php\/2021\/04\/19\/controlul-sovietic-si-realocarea-transilvaniei\/","name":"Controlul sovietic \u015fi realocarea Transilvaniei -","isPartOf":{"@id":"https:\/\/desteptati-va.ro\/#website"},"primaryImageOfPage":{"@id":"https:\/\/desteptati-va.ro\/index.php\/2021\/04\/19\/controlul-sovietic-si-realocarea-transilvaniei\/#primaryimage"},"image":{"@id":"https:\/\/desteptati-va.ro\/index.php\/2021\/04\/19\/controlul-sovietic-si-realocarea-transilvaniei\/#primaryimage"},"thumbnailUrl":"https:\/\/desteptati-va.ro\/wp-content\/uploads\/2021\/04\/to074rub971xb.jpg","datePublished":"2021-04-19T09:51:04+00:00","dateModified":"2022-01-17T21:57:11+00:00","author":{"@id":"https:\/\/desteptati-va.ro\/#\/schema\/person\/13182deeebd44920914899f7bb262d6b"},"breadcrumb":{"@id":"https:\/\/desteptati-va.ro\/index.php\/2021\/04\/19\/controlul-sovietic-si-realocarea-transilvaniei\/#breadcrumb"},"inLanguage":"ro-RO","potentialAction":[{"@type":"ReadAction","target":["https:\/\/desteptati-va.ro\/index.php\/2021\/04\/19\/controlul-sovietic-si-realocarea-transilvaniei\/"]}]},{"@type":"ImageObject","inLanguage":"ro-RO","@id":"https:\/\/desteptati-va.ro\/index.php\/2021\/04\/19\/controlul-sovietic-si-realocarea-transilvaniei\/#primaryimage","url":"https:\/\/desteptati-va.ro\/wp-content\/uploads\/2021\/04\/to074rub971xb.jpg","contentUrl":"https:\/\/desteptati-va.ro\/wp-content\/uploads\/2021\/04\/to074rub971xb.jpg","width":497,"height":600},{"@type":"BreadcrumbList","@id":"https:\/\/desteptati-va.ro\/index.php\/2021\/04\/19\/controlul-sovietic-si-realocarea-transilvaniei\/#breadcrumb","itemListElement":[{"@type":"ListItem","position":1,"name":"Prima pagin\u0103","item":"https:\/\/desteptati-va.ro\/"},{"@type":"ListItem","position":2,"name":"Controlul sovietic \u015fi realocarea Transilvaniei"}]},{"@type":"WebSite","@id":"https:\/\/desteptati-va.ro\/#website","url":"https:\/\/desteptati-va.ro\/","name":"","description":"","potentialAction":[{"@type":"SearchAction","target":{"@type":"EntryPoint","urlTemplate":"https:\/\/desteptati-va.ro\/?s={search_term_string}"},"query-input":{"@type":"PropertyValueSpecification","valueRequired":true,"valueName":"search_term_string"}}],"inLanguage":"ro-RO"},{"@type":"Person","@id":"https:\/\/desteptati-va.ro\/#\/schema\/person\/13182deeebd44920914899f7bb262d6b","name":"wolfsoftcompany","image":{"@type":"ImageObject","inLanguage":"ro-RO","@id":"https:\/\/desteptati-va.ro\/#\/schema\/person\/image\/","url":"https:\/\/secure.gravatar.com\/avatar\/a6cce9b6d101d27d91690e7073e300fed94c0899890bf998e082cb9d2c3d121e?s=96&d=mm&r=g","contentUrl":"https:\/\/secure.gravatar.com\/avatar\/a6cce9b6d101d27d91690e7073e300fed94c0899890bf998e082cb9d2c3d121e?s=96&d=mm&r=g","caption":"wolfsoftcompany"},"sameAs":["http:\/\/desteptati-va.ro"],"url":"https:\/\/desteptati-va.ro\/index.php\/author\/wolfsoftcompany\/"}]}},"_links":{"self":[{"href":"https:\/\/desteptati-va.ro\/index.php\/wp-json\/wp\/v2\/posts\/4021","targetHints":{"allow":["GET"]}}],"collection":[{"href":"https:\/\/desteptati-va.ro\/index.php\/wp-json\/wp\/v2\/posts"}],"about":[{"href":"https:\/\/desteptati-va.ro\/index.php\/wp-json\/wp\/v2\/types\/post"}],"author":[{"embeddable":true,"href":"https:\/\/desteptati-va.ro\/index.php\/wp-json\/wp\/v2\/users\/1"}],"replies":[{"embeddable":true,"href":"https:\/\/desteptati-va.ro\/index.php\/wp-json\/wp\/v2\/comments?post=4021"}],"version-history":[{"count":2,"href":"https:\/\/desteptati-va.ro\/index.php\/wp-json\/wp\/v2\/posts\/4021\/revisions"}],"predecessor-version":[{"id":4479,"href":"https:\/\/desteptati-va.ro\/index.php\/wp-json\/wp\/v2\/posts\/4021\/revisions\/4479"}],"wp:featuredmedia":[{"embeddable":true,"href":"https:\/\/desteptati-va.ro\/index.php\/wp-json\/wp\/v2\/media\/1258"}],"wp:attachment":[{"href":"https:\/\/desteptati-va.ro\/index.php\/wp-json\/wp\/v2\/media?parent=4021"}],"wp:term":[{"taxonomy":"category","embeddable":true,"href":"https:\/\/desteptati-va.ro\/index.php\/wp-json\/wp\/v2\/categories?post=4021"},{"taxonomy":"post_tag","embeddable":true,"href":"https:\/\/desteptati-va.ro\/index.php\/wp-json\/wp\/v2\/tags?post=4021"}],"curies":[{"name":"wp","href":"https:\/\/api.w.org\/{rel}","templated":true}]}}