{"id":4030,"date":"2021-04-19T10:02:18","date_gmt":"2021-04-19T10:02:18","guid":{"rendered":"http:\/\/desteptati.ro\/?p=4030"},"modified":"2021-04-19T10:02:18","modified_gmt":"2021-04-19T10:02:18","slug":"mai-1958-retragerea-trupelor-sovietice-din-romania","status":"publish","type":"post","link":"https:\/\/desteptati-va.ro\/index.php\/2021\/04\/19\/mai-1958-retragerea-trupelor-sovietice-din-romania\/","title":{"rendered":"Mai 1958 &#8211; retragerea trupelor sovietice din Rom\u00e2nia"},"content":{"rendered":"<div class=\"post-content\"><div class='booster-block booster-read-block'>\n                <div class=\"twp-read-time\">\n                \t<i class=\"booster-icon twp-clock\"><\/i> <span>Read Time:<\/span>18 Minute, 9 Second                <\/div>\n\n            <\/div><h4 style=\"text-align: justify;\">La 14 mai 1955, Moscova a semnat tratatul prin care se \u00eencheia ocupa\u0163ia \u00een Austria \u015fi, de aceea, nu mai exista baza legal\u0103 pentru a putea p\u0103stra for\u0163e pe teritoriul Rom\u00e2niei (aceea de a proteja leg\u0103turile de comunica\u0163ii cu trupele din Austria). \u00cen august 1955, folosindu-\u015fi instinctul de supravie\u0163uire dezvoltat \u00een decada de ocupa\u0163ie stalinist\u0103, Dej, sus\u0163inut de CC al PCR, a decis s\u0103 cear\u0103 retragerea trupelor sovietice \u015fi a \u00eenscenat chiar un mar\u015f de protest al studen\u0163ilor pentru a preg\u0103ti terenul.<\/h4>\r\n<h4 style=\"text-align: justify;\">Protestele \u015fi \u201creac\u0163iile lui Hru\u015fciov \u00een fa\u0163a acestora au fost intens mediatizate\u201d \u00een presa rom\u00e2n\u0103 a vremii. Mai t\u00e2rziu, Hru\u015fciov \u015fi-a justificat reac\u0163ia violent\u0103 atunci c\u00e2nd Bodn\u0103ra\u015f i-a cerut \u201cp\u0103rerea despre retragerea trupelor din Rom\u00e2nia\u201d \u2013 moment \u00een care liderul sovietic i-a acuzat pe to\u0163i c\u0103 sunt \u201cna\u0163ionali\u015fti \u015fi anti-sovietici\u201d \u015fi c\u0103 doresc \u201cs\u0103 ne dea afar\u0103\u201d \u2013 pun\u00e2nd-o pe seama faptului c\u0103 a fost uimit \u015fi se afla \u00eenc\u0103 sub \u201cinfluen\u0163a politicii lui Stalin\u201d. \u00cen 1957, agentul sovietic Iosif Chi\u015finevski a \u00eencercat s\u0103 dea na\u015ftere unui conflict \u00eentre Bodn\u0103ra\u015f \u015fi Dej, acuz\u00e2ndu-l pe acesta din urm\u0103 c\u0103 l-a \u201cfor\u0163at\u201d pe Bodn\u0103ra\u015f s\u0103 \u00eenainteze aceast\u0103 solicitare, \u00een loc s\u0103 fac\u0103 acest lucru personal. Bodn\u0103ra\u015f, care vorbea \u00een numele partidului, vorbea fluent rusa, pe c\u00e2nd Dej nu). Cu toate c\u0103 furia sa era \u00eentru totul veritabil\u0103, cu siguran\u0163\u0103 el nu a fost luat prin surprindere.<\/h4>\r\n<h4 style=\"text-align: justify;\"><\/h4>\r\n<figure id=\"attachment_1544\" aria-describedby=\"caption-attachment-1544\" style=\"width: 389px\" class=\"wp-caption alignleft\"><a href=\"http:\/\/www.desteptati-va.ro\/wp-content\/uploads\/2011\/04\/hrusciov.jpg\"><img loading=\"lazy\" decoding=\"async\" class=\" wp-image-1544\" title=\"Nikita Sergheevici Hrusciov\" src=\"http:\/\/www.desteptati-va.ro\/wp-content\/uploads\/2011\/04\/hrusciov-265x300.jpg\" alt=\"Nikita Sergheevici Hrusciov\" width=\"389\" height=\"440\" \/><\/a><figcaption id=\"caption-attachment-1544\" class=\"wp-caption-text\">Nikita Sergheevici Hrusciov<\/figcaption><\/figure>\r\n<h4 style=\"text-align: justify;\">Imediat dup\u0103 \u00eencheierea tratatului austriaco-sovietic, URSS a anun\u0163at formarea Tratatului de la Var\u015fovia, convoc\u00e2nd \u00een grab\u0103 la Moscova reprezentan\u0163i din Rom\u00e2nia, Polonia, Ungaria, RDG, Cehoslovacia, Bulgaria \u015fi Albania, pentru a-l putea semna \u00een aceea\u015fi zi cu tratatul austriaco-sovietic, cre\u00e2nd astfel o nou\u0103 baz\u0103 legal\u0103 pentru men\u0163inerea trupelor sovietice \u00een zon\u0103. Cu numai zece zile \u00eenainte de vizita sa la Bucure\u015fti din luna august, Hru\u015fciov a propus \u00eentr-o scrisoare personal\u0103 reducerea num\u0103rului trupelor sovietice din Rom\u00e2nia (de la 250.000 la 210.000), \u00eencerc\u00e2nd evident s\u0103 previn\u0103 discu\u0163iile legate de o eventual\u0103 retragere. Cu toate acestea, Bucure\u015ftiul a ridicat problema retragerii complete, cauz\u00e2nd un \u201cblocaj\u201d \u00een rela\u0163iile rom\u00e2no-sovietice din august p\u00e2n\u0103 \u00een noiembrie 1955. La aniversarea Revolu\u0163iei Sovietice din Octombrie, mai mult pentru a ameliora rela\u0163iile dec\u00e2t pentru a-\u015fi lua un angajament solid, Hru\u015fciov l-a informat pe Bodn\u0103ra\u015f c\u0103 Moscova avea s\u0103 retrag\u0103 p\u00e2n\u0103 la urm\u0103 trupele. \u00cens\u0103 liderul sovietic a subliniat faptul c\u0103 acest lucru avea s\u0103 se \u00eent\u00e2mple \u201cnu\u201d pentru c\u0103 Bucure\u015ftiul o ceruse, \u201cci pentru c\u0103 am ajuns la concluzia c\u0103 este necesar s\u0103 ne retragem\u201d.<\/h4>\r\n<h4 style=\"text-align: justify;\"><\/h4>\r\n<figure id=\"attachment_1545\" aria-describedby=\"caption-attachment-1545\" style=\"width: 381px\" class=\"wp-caption alignright\"><a href=\"http:\/\/www.desteptati-va.ro\/wp-content\/uploads\/2011\/04\/Emil-Bodnaras.jpg\"><img loading=\"lazy\" decoding=\"async\" class=\" wp-image-1545\" title=\"Emil Bodnaras\" src=\"http:\/\/www.desteptati-va.ro\/wp-content\/uploads\/2011\/04\/Emil-Bodnaras-227x300.jpg\" alt=\"Emil Bodnaras\" width=\"381\" height=\"504\" \/><\/a><figcaption id=\"caption-attachment-1545\" class=\"wp-caption-text\">Emil Bodnaras<\/figcaption><\/figure>\r\n<h4 style=\"text-align: justify;\">Acordul Moscovei a generat o coresponden\u0163\u0103 intens\u0103 pe aceast\u0103 tem\u0103, de\u015fi retragerea propriu-zis\u0103 nu avea s\u0103 aib\u0103 loc mai devreme de doi ani \u015fi jum\u0103tate. Cererea a fost f\u0103cut\u0103 pe fondul urm\u0103toarele aspecte: nemul\u0163umirea colectiv\u0103 generat\u0103 de cei 40 de ani (\u00een mai multe valuri) de ocupa\u0163ie militar\u0103 ruseasc\u0103, \u00een prima jum\u0103tate a secolului al XIX-lea; prezen\u0163a prelungit\u0103 a trupelor ruse\u015fti dup\u0103 r\u0103zboiul ruso-turc din 1877-1878, pentru a \u201casigura comunica\u0163iile\u201d cu for\u0163ele din Bulgaria; ocupa\u0163ia militar\u0103 rus\u0103 de facto din Moldova \u00een perioada 1916-1917; evacuarea for\u0163at\u0103 a trupelor bol\u015fevice din perioada 1917-1918 (al c\u0103ror comportament distructiv a fost criticat chiar \u015fi de social-democra\u0163ii de atunci); \u015fi regimul de ocupare brutal al lui Malinovski din 1944-1945. \u00cen timp ce aceste evenimente constituiau numai o parte din experien\u0163a imperial\u0103 a Rusiei, ele erau elemente centrale ale con\u015ftiin\u0163ei rom\u00e2ne\u015fti, astfel \u00eenc\u00e2t ideea retragerii trupelor era extrem de agreat\u0103.<\/h4>\r\n<h4 style=\"text-align: justify;\">Paradoxal, serviciile de informa\u0163ii americane au trecut cu vederea aceast\u0103 dram\u0103 atunci c\u00e2nd au prezis, \u00een ianuarie 1956, c\u0103 trupele sovietice vor fi retrase din Rom\u00e2nia p\u00e2n\u0103 la finalul deceniului. F\u0103r\u0103 a cunoa\u015fte detaliile conflictului intra-comunist rom\u00e2no-sovietic \u015fi dinamica sovieto-ungaro-rom\u00e2n\u0103, serviciile de informa\u0163ii americane au concluzionat c\u0103, dat\u0103 fiind consolidarea puterii comuniste \u00een Rom\u00e2nia \u015fi necesit\u0103\u0163ile militare \u00een fa\u0163a conflictului dintre est \u015fi vest, Moscova nu mai avea nevoie de trupe \u00een zona aceea. Astfel, retragerea din 1958 a fost interpretat\u0103 ca fiind determinat\u0103 de politica intern\u0103 sovietic\u0103, \u015fi nu ca un rezultat al ini\u0163iativei rom\u00e2ne\u015fti, \u015fi a fost gre\u015fit interpretat\u0103 ca av\u00e2nd un impact marginal asupra Rom\u00e2niei, mai mult la nivel psihologic. (Washingtonul a considerat retragerea ca fiind \u201clipsit\u0103 de importan\u0163a\u201d \u015fi \u201cf\u0103r\u0103 vreun impact semnificativ\u201d).<\/h4>\r\n<h4 style=\"text-align: justify;\">Impertinen\u0163a solicit\u0103rii, care sosea \u00een mijlocul unei lupte \u00eenc\u0103 nerezolvate pentru succesiune la Kremlin, a atras imediat din nou aten\u0163ia sovieticilor asupra Bucure\u015ftiului. Pentru a \u00eenfr\u00e2na alte viitoare ini\u0163iative ale Bucure\u015ftiului, generalul Aleksei A. Epi\u015fev, partenerul lui Hru\u015fciov \u00een sovietizarea Ucrainei de vest \u015fi \u00een opera\u0163iunile de secesiune din Transilvania, a fost imediat trimis ca ambasador \u00een Rom\u00e2nia la finele anului 1955 \u015fi a r\u0103mas \u00een aceast\u0103 func\u0163ie \u00een urm\u0103torii cinci ani. Apropiat al lui Hru\u015fciov, sinistrul Epi\u015fev de\u0163inea o putere impresionant\u0103 la Moscova \u015fi cuno\u015ftea foarte bine \u201csitua\u0163ia\u201d Rom\u00e2niei. (\u015eeful comitetului militar \u015fi de informa\u0163ii al partidului cehoslovac \u015fi leg\u0103tura sa la Tratatul de la Var\u015fovia l-a descris pe Epi\u015fev nu doar ca fiind \u201csinistru\u201d \u015fi \u201cnemilos\u201d, ci \u015fi ca \u201ccel mai \u00eensp\u0103im\u00e2nt\u0103tor rus pe care l-am \u00eent\u00e2lnit vreodat\u0103\u201d) \u00cen calitate de director adjunct al KGB \u00een perioada 1951-1953, Epi\u015fev a condus purificarea din Rom\u00e2nia (prin ambasadorul Anatoli I. Lavrentiev, numit la Bucure\u015fti dup\u0103 ce a supravegheat purificarea din Praga) \u015fi s-a asigurat ca cei elimina\u0163i s\u0103 fie \u201c\u00eenlocui\u0163i cu un num\u0103r mare\u201d de persoane cu leg\u0103turi \u00een Ucraina. Epi\u015fev a r\u0103mas un personaj cheie chiar \u015fi dup\u0103 c\u0103derea lui Hru\u015fciov \u015fi a condus echipele militare de recunoa\u015ftere \u00een Cehoslovacia chiar \u00eenainte ca aceasta s\u0103 fie invadat\u0103 \u00een 1968, \u015fi apoi \u00een Afganistan \u00eenainte de invazia sovietic\u0103 din 1979). Ochiul format al unui fost director adjunct KGB, cu o experien\u0163\u0103 bogat\u0103 \u00een opera\u0163iuni clandestine, reprezenta un inconvenient pentru plec\u0103rile rom\u00e2ne\u015fti din rezerva\u0163ia sovietic\u0103.<\/h4>\r\n<h4 style=\"text-align: justify;\">Liderii rom\u00e2ni aveau de rezolvat trei sarcini importante pentru a prelua controlul din m\u00e2inile Moscovei. Trebuia s\u0103 scape de omniprezen\u0163a evident\u0103 a puterii sovietice \u2013 trupe \u015fi consilieri. Trebuia s\u0103 neutralizeze influen\u0163a exercitat\u0103 prin cet\u0103\u0163eni rom\u00e2ni sau cu dubl\u0103 cet\u0103\u0163enie, cunoscu\u0163i ca agen\u0163i sovietici \u015fi afla\u0163i \u00een pozi\u0163ii cheie \u00een cadrul partidului sau aparatului de stat \u2013 \u00een special cei din institu\u0163iile de aplicare a legilor statului \u2013 o problem\u0103 ce avea leg\u0103tur\u0103 cu desfiin\u0163area \u201cbiroului de la Moscova\u201d. \u015ei, \u00een cele din urm\u0103, trebuia s\u0103 identifice \u015fi s\u0103 neutralizeze re\u0163elele de agen\u0163i sovietici secre\u0163i \u015fi s\u0103 limiteze puterea Kremlinului de a recruta agen\u0163i \u015fi a construi re\u0163ele.<\/h4>\r\n<h3 style=\"text-align: justify;\"><strong>Pericolul \u015fi oportunit\u0103\u0163ile din 1956<\/strong><\/h3>\r\n<h4 style=\"text-align: justify;\">Fiecare dintre aceste \u0163inte presupunea o restric\u0163ionare a leg\u0103turilor dintre armatele \u015fi serviciile de informa\u0163ii rom\u00e2ne \u015fi sovietice, la scurt timp dup\u0103 ce Moscova anun\u0163ase o nou\u0103 \u201ccomand\u0103 unificat\u0103\u201d a noii sale alian\u0163e militare \u015fi \u00een momentul \u00een care (martie 1956) directorul KGB Ivan Serov convocase o \u015fedin\u0163\u0103 a tuturor serviciilor din \u0163\u0103rile Tratatului, pentru a ajunge la un acord. Directorul KGB a f\u0103cut apel pentru \u201cunificarea puterilor\u201d serviciilor Tratatului de la Var\u015fovia \u00eempotriva \u201cprincipalelor guverne agresive, cele ale Statelor Unite \u015fi Angliei\u201d, coordon\u00e2nd activitatea fiec\u0103rui serviciu cu Moscova, desf\u0103\u015fur\u00e2nd opera\u0163iuni comune \u00eempotriva SUA \u015fi a Marii Britanii, f\u0103c\u00e2nd schimb de informa\u0163ii \u015fi analize privind opera\u0163iunile vestului \u00eempotriva statelor membre ale Tratatului de la Var\u015fovia \u015fi \u201ccoordon\u00e2nd culegerea de informa\u0163ii din transmisiuni \u015fi serviciile tehnice opera\u0163ionale\u201d.<\/h4>\r\n<h4 style=\"text-align: justify;\">Dac\u0103 aten\u0163ia sovieticilor nu ar fi fost distras\u0103 de aglomerarea de conflicte violente din interiorul \u015fi din exteriorul Blocului, Bucure\u015ftiul s-ar fi confruntat cu dificult\u0103\u0163i mult mai mari \u00een \u00eencercarea de a-\u015fi atinge obiectivele. \u00cen iunie 1956, protestele polonezilor care cereau reforme economice \u015fi retragerea din Tratatul de la Var\u015fovia au avut drept consecin\u0163\u0103 53 de mor\u0163i, f\u0103c\u00e2nd necesar\u0103 interven\u0163ia politic\u0103 sovietic\u0103 \u015fi numirea lui Wladislaw Gomulka. La sf\u00e2r\u015fitul lunii octombrie, agita\u0163ia popular\u0103 din Budapesta a condus la numirea fostului prim-ministru \u015fi agent NKVD, Imre Nagy, \u00een fruntea Partidului, dup\u0103 care acesta, la numai trei zile, a cerut retragerea din alian\u0163a sovietic\u0103. Acest eveniment a fost urmat aproape imediat de izbucnirea r\u0103zboiului israeliano-arab, dat\u0103 fiind criza Canalului Suez.<\/h4>\r\n<h4 style=\"text-align: justify;\">Modul \u00een care a fost solu\u0163ionat\u0103 situa\u0163ia din Ungaria a cauzat \u00eengrijorare \u00een Rom\u00e2nia. \u00cen Budapesta, pe l\u00e2ng\u0103 sloganurile anti-sovietice, se auzeau apeluri repetate pentru redefinirea grani\u0163ei dintre Ungaria \u015fi Rom\u00e2nia \u015fi anexarea Transilvaniei, apeluri care \u00ee\u015fi g\u0103seau ecou \u00een Regiunea Autonom\u0103 Ungar\u0103, acolo unde numero\u015fi membri ai elitei de etnie ungar\u0103 considerau c\u0103 autonomia era singurul pas ce putea fi f\u0103cut spre reintegrarea \u00een Ungaria. \u00cen opinia lui Bottoni, autonomia \u201cpare s\u0103 fi produs un reflex condi\u0163ionat la unii unguri care credeau c\u0103 acesta este pasul spre anexarea la Ungaria\u201d, ca \u015fi \u201canexarea \u0162inutului Secuiesc la Ungaria \u00een 1940, care era foarte proasp\u0103t\u0103 \u00een con\u015ftiin\u0163a colectiv\u0103\u201d.) \u00cen cadrul campaniei de dezinformare menite s\u0103 izoleze Rom\u00e2nia de partenerii vestici, Hru\u015fciov (\u015fi sursele sale ungare) au sus\u0163inut mai t\u00e2rziu c\u0103 liderii PCR erau \u201cner\u0103bd\u0103tori\u201d s\u0103 sus\u0163in\u0103 \u00een\u0103bu\u015firea revoltei de c\u0103tre trupele sovietice \u015fi ar fi oferit trupe pentru a participa la aceast\u0103 opera\u0163iune. Dimpotriv\u0103, m\u0103surile luate de Bucure\u015fti erau \u00een totalitate defensive \u015fi erau menite s\u0103 \u00eempiedice revizionismul violent din Transilvania. \u00cen plus, la 28 octombrie 1956, Gheorghiu-Dej \u015fi Tito au semnat un comunicat comun, f\u0103c\u00e2nd apel la \u201cneamestecul \u00een afacerile interne ale altui stat\u201d, iar aceasta avea s\u0103 devin\u0103 cur\u00e2nd un laitmotiv al politicii externe a Rom\u00e2niei. Acest lucru a fost posibil deoarece Moscova introdusese un paragraf similar \u00een acordurile sale bilaterale, de\u015fi interpretarea r\u0103m\u00e2nea la latitudinea oficialilor sovietici.<\/h4>\r\n<h4 style=\"text-align: justify;\"><\/h4>\r\n<figure id=\"attachment_1546\" aria-describedby=\"caption-attachment-1546\" style=\"width: 334px\" class=\"wp-caption alignright\"><a href=\"http:\/\/www.desteptati-va.ro\/wp-content\/uploads\/2011\/04\/Gheorghe_Gheorghiu-Dej1.jpg\"><img loading=\"lazy\" decoding=\"async\" class=\" wp-image-1546\" title=\"Gheorghe Gheorghiu-Dej\" src=\"http:\/\/www.desteptati-va.ro\/wp-content\/uploads\/2011\/04\/Gheorghe_Gheorghiu-Dej1-218x300.jpg\" alt=\"Gheorghe Gheorghiu-Dej\" width=\"334\" height=\"460\" \/><\/a><figcaption id=\"caption-attachment-1546\" class=\"wp-caption-text\">Gheorghe Gheorghiu-Dej<\/figcaption><\/figure>\r\n<h4 style=\"text-align: justify;\">Deoarece raza de ac\u0163iune \u015fi metodele propagandei \u015fi serviciilor de informa\u0163ii ungare fa\u0163\u0103 de Rom\u00e2nia nu suferiser\u0103 modific\u0103ri esen\u0163iale din timpul Primului R\u0103zboi Mondial, Rom\u00e2nia avea motive serioase s\u0103 fie preocupat\u0103 de inten\u0163iile Budapestei. La 1 noiembrie, cu numai c\u00e2teva ore \u00eenainte ca Janos Kadar s\u0103 dispar\u0103 pentru a forma un guvern aprobat de Moscova, care avea s\u0103 cear\u0103 \u201casisten\u0163\u0103\u201d militar\u0103 sovietic\u0103 \u015fi s\u0103 justifice astfel invazia, ambasadorul rom\u00e2n \u00een Ungaria, Aurel M\u0103ln\u0103\u015fan, \u015fi Valter Roman, afla\u0163i la Bucure\u015fti pentru consult\u0103ri, au avut o \u00eentrevedere cu mai mul\u0163i lideri ungari. Chiar \u00een mijlocul adun\u0103rii, Zoltan Vass \u201ca avertizat cu insisten\u0163\u0103\u201d c\u0103 \u201cva izbucni un val anti-rom\u00e2nesc\u201d. Vass, a povestit M\u0103ln\u0103\u015fan, a declarat c\u0103 ungurii \u201cne ur\u0103sc\u201d \u015fi \u201cau lansat deja sloganul \u201cnem, nem, soha\u201d [Nu, nu, niciodat\u0103], fostul slogan ungar \u015fovintist-iredentist, \u015fi ne putem a\u015ftepta la izbucnirea unui val \u015fovinist iredentist anti-rom\u00e2nesc.\u201d<\/h4>\r\n<h3 style=\"text-align: justify;\">Vass a subliniat \u00een fa\u0163a interlocutorilor s\u0103i c\u0103:<\/h3>\r\n<h4 style=\"text-align: justify;\">\u00cenc\u0103 ave\u0163i o problem\u0103 pe care credea\u0163i c\u0103 a\u0163i rezolvat-o, dar nu este a\u015fa. P\u00e2n\u0103 la urm\u0103, forma acestei autonomii nu este de fapt autonomie \u015fi ar trebui s\u0103 v\u0103 g\u00e2ndi\u0163i foarte bine, pentru c\u0103 nu trebuie s\u0103 uita\u0163i c\u0103 ungurii de acolo ascult\u0103 Radio Budapesta, c\u0103 Ludas Matyi [s\u0103pt\u0103m\u00e2nalul satiric maghiar] este distribuit [\u00een \u0163ara voastr\u0103], c\u0103 ungurii se \u00eendreapt\u0103 \u00een aceast\u0103 direc\u0163ie.<\/h4>\r\n<h4 style=\"text-align: justify;\">Roman a explicat c\u0103 liderii rom\u00e2ni nu \u00ee\u015fi puteau permite s\u0103 \u00eenchid\u0103 ochii \u00een fa\u0163a \u201catitudinii v\u0103dit anti-rom\u00e2ne\u015fti din r\u00e2ndul conduc\u0103torilor\u201d deoarece, de\u015fi existau, desigur, \u201cpresiuni privind Tansilvania\u201d, care se datorau refuzului Budapestei de a adopta \u201co pozi\u0163ie f\u0103r\u0103 echivoc \u00een problema Transilvaniei, acestea \u00eencurajau astfel de manifest\u0103ri\u201d. Pentru a exemplifica acest lucru, a remarcat acest lucru \u00een \u00eent\u00e2lnirea lor de bun-r\u0103mas cu Kadar:<\/h4>\r\n<h4 style=\"text-align: justify;\">\u2026\u015fi, chiar \u015fi \u00een aceast\u0103 situa\u0163ie disperat\u0103, \u00een loc s\u0103 spun\u0103 s\u0103 fi\u0163i puternici \u015fi mai \u015ftiu eu ce, Kadar \u2013 am re\u0163inut c\u00e2teva cuvinte de-ale lui Kadar \u2013a spus: \u201cDa\u0163i autonomie Transilvaniei.\u201d Este exact ceea ce a spus. Ce \u00een\u0163elegea el prin asta, nu am avut posibilitatea s\u0103 discut\u0103m. Chiar \u015fi \u00een aceste condi\u0163ii, afl\u00e2ndu-se \u00een toiul contra-revolu\u0163iei, \u00een loc s\u0103 spun\u0103: \u0163ine\u0163i cu din\u0163ii de Transilvania, el a spus: \u201cDa\u0163i autonomie Transilvaniei\u201d.<\/h4>\r\n<h4 style=\"text-align: justify;\">Bucure\u015ftiul s-a aliniat celorlalte state socialiste, China \u015fi Iugoslavia, \u00een sus\u0163inerea interven\u0163iei sovietice propuse de Kadar. La cererea sovieto-ungar\u0103, PCR a trimis la Budapesta \u015fi 2.000 de activi\u015fti de etnie maghiar\u0103 pentru a ajuta la reconstruc\u0163ia partidului. \u015eederea lor nu a ajutat \u00eens\u0103 deloc la ameliorarea problemei identit\u0103\u0163ii maghiare din Transilvania.<\/h4>\r\n<h4 style=\"text-align: justify;\">Beneficiile Rom\u00e2niei de pe urma acestei cooper\u0103ri au fost importante, chiar dac\u0103 au fost de scurt\u0103 durat\u0103. Pentru prima dat\u0103 dup\u0103 r\u0103zboi, Moscova a permis contactul \u00eentre Rom\u00e2nia \u015fi cei peste 2 milioane de etnici rom\u00e2ni din Moldova, d\u00e2ndu-le posibilitatea miilor de membri de familie separa\u0163i de grani\u0163\u0103 s\u0103 se vad\u0103 pentru prima dat\u0103 dup\u0103 10 ani. Aproape imediat \u015fi p\u00e2n\u0103 \u00een 1959, Chi\u015fin\u0103ul a sus\u0163inut c\u0103 \u201cRSS Moldova are cele mai apropiate rela\u0163ii cu Rom\u00e2nia.\u201d Un alt beneficiu temporar a fost declara\u0163ia f\u0103cut\u0103 de c\u0103tre Kadar \u00een timpul vizitei sale \u00een Rom\u00e2nia din februarie 1958, potrivit c\u0103reia Ungaria nu avea nicio preten\u0163ie teritorial\u0103 \u00eempotriva Rom\u00e2niei: prima \u2013 \u015fi ultima \u2013 declara\u0163ie a unui lider comunist ungar. (Acest lucru nu a pus cap\u0103t declara\u0163iilor ap\u0103rute \u00een presa scris\u0103 \u015fi vorbit\u0103 (inclusiv filme \u015fi desene animate), potrivit c\u0103rora Transilvania ar fi a lor de drept, iar rom\u00e2nii ar fi du\u015fmanii lor.)<\/h4>\r\n<h3 style=\"text-align: justify;\"><strong>Alungarea trupelor \u015fi a consultan\u0163ilor sovietici<\/strong><\/h3>\r\n<h4 style=\"text-align: justify;\">\u00cen data de 31 octombrie 1956, doar cu c\u00e2teva zile \u00eenainte ca for\u0163ele sovietice s\u0103 \u00een\u0103bu\u015fe revolta maghiar\u0103, Comitetul Central al PCR i-a dat indica\u0163ii primului ministru de la vremea respectiv\u0103, Gheorghe Stoica, s\u0103 fac\u0103 presiuni privind retragerea trupelor \u015fi a consultan\u0163ilor \u00een cadrul urm\u0103toarei reuniuni a Tratatului de la Var\u015fovia din noiembrie-decembrie de la Moscova. Drept urmare, liderul maghiar Imre Nagy i-a cerut sfatul lui Gheorghiu Dej \u00een seara zilei de 2 noiembrie, dup\u0103 ce Moscova se hot\u0103r\u00e2se s\u0103 invadeze. Translatorul a presupus c\u0103 Bucure\u015ftiul s-a folosit de Epi\u015fev pentru a trimite aceste mesaje, ceea ce este plauzibil, \u0163in\u00e2nd cont de circumstan\u0163ele respective. Cu toate acestea, toate comunica\u0163iile oficiale din interiorul Tratatului de la Var\u015fovia erau direc\u0163ionate prin Moscova, gra\u0163ie \u201cgeneroaselor\u201d echipamente sovietice de transmitere \u201csecurizat\u0103\u201d c\u0103tre partenerii lor. Fostul \u015fef adjunct al KGB, Epi\u015fev, la vremea respectiv\u0103 ambasador \u00een Rom\u00e2nia, era pe lista scurt\u0103 pentru c\u0103 primea comunica\u0163ii din Rom\u00e2nia.) Sus\u0163in\u00e2nd \u00eenc\u0103 o dat\u0103 argumentul din 1955, potrivit c\u0103ruia prezen\u0163a trupelor sovietice avea rolul de a produce disensiuni pe plan intern, transform\u00e2nd Rom\u00e2nia \u00eentr-o \u0163int\u0103 u\u015foar\u0103 a atacurilor politice din afar\u0103, Comitetul Central a dorit s\u0103 reaminteasc\u0103 Moscovei c\u0103 \u201cnu considera necesar\u0103 sta\u0163ionarea trupelor sovietice pe teritoriul s\u0103u\u201d \u015fi a sugerat posibilitatea \u201crechem\u0103rii consultan\u0163ilor sovietici prezen\u0163i \u00een diferite institu\u0163ii.\u201d Nefiind la curent cu cererea Bucure\u015ftiului de retragere a for\u0163elor sovietice, misiunea diplomatic\u0103 a SUA a interpretat gre\u015fit interesul \u015fi scopul autorit\u0103\u0163ilor rom\u00e2ne, raport\u00e2nd exact opusul, \u201cc\u0103 regimul de la Bucure\u015fti va \u0163ine piept presiunilor populare pentru \u00eendep\u0103rtarea trupelor sovietice.\u201d<\/h4>\r\n<h4 style=\"text-align: justify;\">Impunerea acestor argumente era o activitate delicat\u0103, \u00een special deoarece Hru\u015fciov a vizitat Rom\u00e2nia urm\u0103toarea zi pentru a o informa despre decizia de a interveni cu for\u0163e militare \u00een Ungaria. \u00cen cele din urm\u0103, o mul\u0163ime de factori, care includeau cu siguran\u0163\u0103 obiectivele de politic\u0103 extern\u0103 ale liderului sovietic, faptul c\u0103 prezen\u0163a trupelor ac\u0163iona ca un paratr\u0103snet pentru insatisfac\u0163ia rudimentar\u0103, impactul militar secundar asupra unui poten\u0163ial conflict est-vest \u015fi costurile semnificative ale invaziei din Ungaria, unde sovieticii au suferit 2.260 de victime (669 de mor\u0163i, 1.540 de r\u0103ni\u0163i \u015fi 51 de disp\u0103ru\u0163i), erau argumente suficiente pentru a influen\u0163a Moscova.<\/h4>\r\n<h4 style=\"text-align: justify;\">Din ianuarie 1957 p\u00e2n\u0103 \u00een aprilie 1958, \u00eentr-o serie de scrisori destinate conducerii PCR, Kremlinul a fost de acord s\u0103 \u00ee\u015fi retrag\u0103 consultan\u0163ii. Hru\u015fciov s-a oferit s\u0103 retrag\u0103 trupele din Ungaria, dar Kadar a solicitat r\u0103m\u00e2nerea acestora pentru a-\u015fi \u00eent\u0103ri regimul. Bucure\u015ftiul nu a cedat presiunilor, raport\u00e2nd s\u00e2rguincios gre\u015felile personale, politice \u015fi profesionale ale consultan\u0163ilor sovietici pe probleme de informa\u0163ii. Hru\u015fciov, care \u00een\u0163elegea logica rechem\u0103rii lor, a declarat faptul c\u0103 era:<\/h4>\r\n<h4 style=\"text-align: justify;\">\u2026.practic imposibil s\u0103 supraveghem activitatea fiec\u0103rui expert sovietic care lucreaz\u0103 \u00een Rom\u00e2nia. De\u015fi exper\u0163ii sunt foarte bine preg\u0103ti\u0163i \u00een domeniul lor de activitate, unii dintre ei nu se pot adapta situa\u0163iei politice \u015fi caracteristicilor na\u0163ionale ale statului respectiv. Drept urmare, apar ne\u00een\u0163elegeri, care nu sunt \u00een favoarea rela\u0163iilor noastre prietene\u015fti.<\/h4>\r\n<h4 style=\"text-align: justify;\">Pentru a proteja sistemul de \u201cconsultan\u0163i\u201d prin reorganizarea lor oficial\u0103 ca \u201cofi\u0163eri de leg\u0103tur\u0103\u201d, liderul sovietic proteja activitatea acestora, afirm\u00e2nd, de exemplu, c\u0103 termenul de \u201cconsultan\u0163i sovietici\u201d nu corespunde rolului pe care ace\u015ftia \u00eel joac\u0103 \u015fi c\u0103 ar putea transmite ideea gre\u015fit\u0103 c\u0103 ace\u015ftia se amestec\u0103 \u00een afacerile interne ale Rom\u00e2niei. Aceast\u0103 afirma\u0163ie a fost demontat\u0103 \u2013 \u015fi cea sus\u0163inut\u0103 de Rom\u00e2nia validat\u0103 \u2013 de reclama\u0163iile primite chiar de la unii reprezentan\u0163i sovietici afla\u0163i la post \u00een alte state din Europa de Est.<\/h4>\r\n<h4 style=\"text-align: justify;\">Chiar \u015fi directorul KGB Ivan Serov, de exemplu, a criticat \u201cdepartamentul de consultan\u0163i\u201d din Germania de Est, afirm\u00e2nd c\u0103 \u201cderuleaz\u0103 o activitatea nesatisf\u0103c\u0103toare\u201d \u015fi \u201cnu ofer\u0103 niciun fel de sprijin organelor MVD (Ministerul de Interne) din Germania\u201d. Serov a respins ca evident false justific\u0103rile consultan\u0163ilor sovietici, potrivit c\u0103rora \u201dcea mai mare parte a oficialilor din RDG MfS [Stasi] nu pot \u00eenc\u0103 lucra independent.<\/h4>\r\n<h4 style=\"text-align: justify;\">Av\u00e2nd \u00een vedere faptul c\u0103 Rom\u00e2nia a exploatat concesiile post-staliniste ale lui Hru\u015fciov cu scopul de a-\u015fi extinde propria autoritate na\u0163ional\u0103, Kremlinul s-a bazat din ce \u00een ce mai mult pe agen\u0163ii \u015fi re\u0163elele de informa\u0163ii clandestine pentru a contrabalansa pierderea influen\u0163ei militare directe \u015fi reducerea num\u0103rului oficial de consultan\u0163i \u015fi exper\u0163i. (Majoritatea acestora se derulau \u00een afara Consulatului Sovietic (Str. P\u0103curari nr.10) din Ia\u015fi, aproape de grani\u0163a rom\u00e2no-sovietic\u0103, \u015fi includeau \u201cefectiv o armat\u0103 de spioni secre\u0163i (neoficiali)\u201d. Moscova a avut la dispozi\u0163ie o rezerv\u0103 numeroas\u0103 de unde a putut alege recru\u0163i \u00een Rom\u00e2nia. Prima genera\u0163ie de re\u0163ele \u015fi agen\u0163i sovietici includea fo\u015fti membri ai Comintern \u015fi veterani ai r\u0103zboiului civil din Spania; fo\u015fti prizonieri de r\u0103zboi (POW), recruta\u0163i \u00een timpul instruc\u0163iei sovietice \u015fi apoi \u00eentor\u015fi \u00een 1944, \u00eempreun\u0103 cu Diviziile \u201eTudor Vladimirescu\u201d \u015fi \u201eHoria, Clo\u015fca \u015fi Cri\u015fan\u201d, cet\u0103\u0163eni sovietici reziden\u0163i \u015fi persoane rezidente \u00een zonele de grani\u0163\u0103 rom\u00e2no-sovietic\u0103. Se formau acum noi re\u0163ele din ofi\u0163eri de armat\u0103 \u015fi de informa\u0163ii (precum \u015fi din activi\u015fti de partid) instrui\u0163i \u00een URSS \u00eencep\u00e2nd cu anul 1945 \u015fi ulterior numi\u0163i \u00een func\u0163ii de conducere, precum \u015fi din angaja\u0163i rom\u00e2ni ai organiza\u0163iilor ruse\u015fti din Rom\u00e2nia.<\/h4>\r\n<h4 style=\"text-align: justify;\"><\/h4>\r\n<figure id=\"attachment_1547\" aria-describedby=\"caption-attachment-1547\" style=\"width: 492px\" class=\"wp-caption alignright\"><a href=\"http:\/\/www.desteptati-va.ro\/wp-content\/uploads\/2011\/04\/gheorghiu-dej-ceausescu.gif\"><img loading=\"lazy\" decoding=\"async\" class=\" wp-image-1547\" title=\"Gheorghe Gheorghiu-Dej si Nicolae Ceausescu\" src=\"http:\/\/www.desteptati-va.ro\/wp-content\/uploads\/2011\/04\/gheorghiu-dej-ceausescu-300x223.gif\" alt=\"Gheorghe Gheorghiu-Dej si Nicolae Ceausescu\" width=\"492\" height=\"366\" \/><\/a><figcaption id=\"caption-attachment-1547\" class=\"wp-caption-text\">Gheorghe Gheorghiu-Dej si Nicolae Ceausescu<\/figcaption><\/figure>\r\n<h4 style=\"text-align: justify;\">\u00cen cadrul \u00eentrunirii CAER din mai 1958, care a avut loc cu dou\u0103 zile \u00eenaintea \u00eentrunirii Tratatului de la Var\u015fovia, unde Hru\u015fciov urma s\u0103 anun\u0163e retragerea trupelor din Rom\u00e2nia, PCR a lansat provocarea care urma s\u0103 gr\u0103beasc\u0103 efectiv planurile sovieticilor de integrare economic\u0103 est-european\u0103 \u015fi s\u0103 dejoace integrarea militar\u0103 a Blocului. Kremlinul aprecia prima contestare public\u0103 (\u00een interiorul Blocului) de c\u0103tre Rom\u00e2nia a autorit\u0103\u0163ii suprana\u0163ionale ca pe o confirmare a nevoii sale de extindere a re\u0163elei de informa\u0163ii, care s\u0103 acopere pierderea multor mecanisme directe de control. Faptul c\u0103 Moscova a fost prins\u0103 nepreg\u0103tit\u0103 \u00een momentul \u00een care Gheorghiu Dej a lansat provocarea a reprezentat o gre\u015feal\u0103 a serviciilor de informa\u0163ii \u015fi este posibil ca ea s\u0103 fi contribuit la c\u0103derea lui Serov. (Pe l\u00e2ng\u0103 cauzele politice, c\u0103derea lui Serov s-a datorat numeroaselor gre\u015feli \u015fi defect\u0103ri.) KGB-ul \u015fi majoritatea liderilor de partid au privit decizia lui Hru\u015fciov de retragere a trupelor, \u00een pofida acestui \u201cstegule\u0163 ro\u015fu\u201d, ca pe cea mai mare gre\u015feal\u0103 a sa. M\u0103surile de combatere nu au \u00eent\u00e2rziat s\u0103 apar\u0103. Aproape imediat, Moscova a \u00eenchis grani\u0163a dintre Rom\u00e2nia \u015fi RSS Moldova, iar contactele politice \u015fi culturale, considerate acum ca \u201cdivergen\u0163e na\u0163ionaliste\u201d, au fost \u00eentrerupte. 1959 a fost ultimul an \u00een care Chi\u015fin\u0103ul s-a referit la rela\u0163iile sale cu Bucure\u015ftiul ca fiind \u201ccele mai apropiate\u201d \u2013 a fost ultima referire. \u00cen schimb, scriitorii, lingvi\u015ftii, antropologii \u015fi etnologii moldoveni care \u00eendr\u0103zniser\u0103 s\u0103 recunoasc\u0103 asem\u0103n\u0103ri cu popula\u0163ia din Rom\u00e2nia erau acuza\u0163i de \u201cpropagand\u0103 na\u0163ionalist\u0103\u201d. Acesta a fost subiectul principal al celui de-al 9-lea Plen al Comitetului Central al RSS Moldova \u00een septembrie 1959.<\/h4>\r\n<h4 style=\"text-align: justify;\">\u00cencerc\u0103rile Kremlinului de a-\u015fi rec\u00e2\u015ftiga domina\u0163ia anterioar\u0103 dup\u0103 retragerea trupelor sovietice s-au confruntat cu eforturile rom\u00e2nilor de a sc\u0103pa \u00een totalitate de acel control. A crescut frecven\u0163a confrunt\u0103rilor, deoarece \u00een timp ce KGB \u015fi GRU \u00eencercau s\u0103-\u015fi extind\u0103 re\u0163elele de agen\u0163i \u00een interiorul \u0163\u0103rii, autorit\u0103\u0163ile rom\u00e2ne \u00eei expulzau agresiv pe ofi\u0163erii de informa\u0163ii \u015fi militari ai agen\u0163ilor de la Moscova. Un caz tipic a fost cel din ianuarie 1959, al consultantului naval sovietic nou-venit, care a \u00eenceput rapid s\u0103 dea o rait\u0103 prin institu\u0163iile rom\u00e2ne\u015fti pentru a recruta agen\u0163i din cadrul personalului rom\u00e2n instruit anterior \u00een URSS. Atunci c\u00e2nd a fost chemat de c\u0103tre generalul Ioni\u0163\u0103 \u015fi i s-a ordonat s\u0103 \u00eenceteze, ofi\u0163erul sovietic a ascultat perplex (\u201cca o pas\u0103re care se uit\u0103 la o cobr\u0103\u201d) \u015fi \u00een cele din urm\u0103 a avut o singur\u0103 \u00eentrebare: \u201cDac\u0103 ar mai fi m\u0103car un regiment sovietic pe p\u0103m\u00e2nt rom\u00e2nesc, ai avea curajul s\u0103 m\u0103 tratezi \u00een acest mod? Generalul Ion Ioni\u0163\u0103 era \u015eeful Statului Major al For\u0163elor Armate Rom\u00e2ne.<\/h4>\r\n<h4 style=\"text-align: justify;\">Liderii de la Kremlin au tratat personal aceast\u0103 animozitate \u015fi acest resentiment fa\u0163\u0103 de o \u0163ar\u0103 care fusese considerat\u0103 at\u00e2ta timp o zon\u0103 a expansionismului rus \u015fi sovietic \u015fi s-au implicat direct \u00een hot\u0103r\u00e2rea destinului acesteia \u00een momentele de vulnerabilitate. Ie\u015firea nervoas\u0103 a lui Hru\u015fciov \u015fi \u00eenghe\u0163area rela\u0163iilor sovieto-rom\u00e2ne\u015fti imediat dup\u0103 propunerea Bucure\u015ftiului de retragere a for\u0163elor sovietice din august 1955 dovedesc o parte din aceast\u0103 b\u0103d\u0103r\u0103nie. Atmosfera de la bordul navei Baltica, ce transporta delega\u0163iile sovietice, maghiare, bulgare \u015fi rom\u00e2ne\u015fti spre New York \u00een septembrie 1960 \u2013c\u00e2nd liderul maghiar Janos Kadar a ap\u0103rat cu loialitate invazia sovietic\u0103 in Budapesta din 1956 la Na\u0163iunilor Unite \u2013 reda cu acurate\u0163e aceast\u0103 situa\u0163ie. Toate celelalte delega\u0163ii aveau o atitudine rezervat\u0103 fa\u0163\u0103 de Gheorghiu-Dej \u015fi de rom\u00e2ni, care, la r\u00e2ndul lor, p\u0103strau distan\u0163a fa\u0163\u0103 de ace\u015ftia, \u00een timp ce Hru\u015fciov, Kadar \u015fi liderul bulgar Todor Jivcov afi\u015fau o tov\u0103r\u0103\u015fie destul de apropiat\u0103, cu numeroase sesiuni private de b\u0103utur\u0103.<\/h4>\r\n<h4 style=\"text-align: justify;\">La un moment dat, Hru\u015fciov s-a pl\u00e2ns c\u0103 \u201c\u00een Rom\u00e2nia, \u015fi chiar \u00een r\u00e2ndul Partidului Comunist, se dezvoltau atitudini distructive na\u0163ionaliste \u015fi anti-sovietice, care trebuiau t\u0103iate de la r\u0103d\u0103cin\u0103\u201d, \u00eenainte de a adresa injurii la adresa poporului rom\u00e2n, pe care l-a numit \u201cnu o na\u0163iune, ci o t\u00e2rf\u0103\u201d.<\/h4>\r\n<h4 style=\"text-align: justify;\"><em>Larry Watts, istoric militar american<\/em><\/h4>        <div class=\"booster-block booster-reactions-block\">\n            <div class=\"twp-reactions-icons\">\n                \n                <div class=\"twp-reacts-wrap\">\n                    <a react-data=\"be-react-1\" post-id=\"4030\" class=\"be-face-icons un-reacted\" href=\"javascript:void(0)\">\n                        <img decoding=\"async\" src=\"https:\/\/desteptati-va.ro\/wp-content\/plugins\/booster-extension\/\/assets\/icon\/happy.svg\" alt=\"Happy\">\n                    <\/a>\n                    <div class=\"twp-reaction-title\">\n                        Happy                    <\/div>\n                    <div class=\"twp-count-percent\">\n                                                    <span style=\"display: none;\" class=\"twp-react-count\">0<\/span>\n                        \n                                                <span class=\"twp-react-percent\"><span>0<\/span> %<\/span>\n                                            <\/div>\n                <\/div>\n\n                <div class=\"twp-reacts-wrap\">\n                    <a react-data=\"be-react-2\" post-id=\"4030\" class=\"be-face-icons un-reacted\" href=\"javascript:void(0)\">\n                        <img decoding=\"async\" src=\"https:\/\/desteptati-va.ro\/wp-content\/plugins\/booster-extension\/\/assets\/icon\/sad.svg\" alt=\"Sad\">\n                    <\/a>\n                    <div class=\"twp-reaction-title\">\n                        Sad                    <\/div>\n                    <div class=\"twp-count-percent\">\n                                                    <span style=\"display: none;\" class=\"twp-react-count\">1<\/span>\n                                                                        <span class=\"twp-react-percent\"><span>100<\/span> %<\/span>\n                                            <\/div>\n                <\/div>\n\n                <div class=\"twp-reacts-wrap\">\n                    <a react-data=\"be-react-3\" post-id=\"4030\" class=\"be-face-icons un-reacted\" href=\"javascript:void(0)\">\n                        <img decoding=\"async\" src=\"https:\/\/desteptati-va.ro\/wp-content\/plugins\/booster-extension\/\/assets\/icon\/excited.svg\" alt=\"Excited\">\n                    <\/a>\n                    <div class=\"twp-reaction-title\">\n                        Excited                    <\/div>\n                    <div class=\"twp-count-percent\">\n                                                    <span style=\"display: none;\" class=\"twp-react-count\">0<\/span>\n                                                                        <span class=\"twp-react-percent\"><span>0<\/span> %<\/span>\n                                            <\/div>\n                <\/div>\n\n                <div class=\"twp-reacts-wrap\">\n                    <a react-data=\"be-react-6\" post-id=\"4030\" class=\"be-face-icons un-reacted\" href=\"javascript:void(0)\">\n                        <img decoding=\"async\" src=\"https:\/\/desteptati-va.ro\/wp-content\/plugins\/booster-extension\/\/assets\/icon\/sleepy.svg\" alt=\"Sleepy\">\n                    <\/a>\n                    <div class=\"twp-reaction-title\">\n                        Sleepy                    <\/div>\n                    <div class=\"twp-count-percent\">\n                                                    <span style=\"display: none;\" class=\"twp-react-count\">0<\/span>\n                        \n                                                <span class=\"twp-react-percent\"><span>0<\/span> %<\/span>\n                                            <\/div>\n                <\/div>\n\n                <div class=\"twp-reacts-wrap\">\n                    <a react-data=\"be-react-4\" post-id=\"4030\" class=\"be-face-icons un-reacted\" href=\"javascript:void(0)\">\n                        <img decoding=\"async\" src=\"https:\/\/desteptati-va.ro\/wp-content\/plugins\/booster-extension\/\/assets\/icon\/angry.svg\" alt=\"Angry\">\n                    <\/a>\n                    <div class=\"twp-reaction-title\">Angry<\/div>\n                    <div class=\"twp-count-percent\">\n                                                    <span style=\"display: none;\" class=\"twp-react-count\">0<\/span>\n                                                                        <span class=\"twp-react-percent\"><span>0<\/span> %<\/span>\n                        \n                    <\/div>\n                <\/div>\n\n                <div class=\"twp-reacts-wrap\">\n                    <a react-data=\"be-react-5\" post-id=\"4030\" class=\"be-face-icons un-reacted\" href=\"javascript:void(0)\">\n                        <img decoding=\"async\" src=\"https:\/\/desteptati-va.ro\/wp-content\/plugins\/booster-extension\/\/assets\/icon\/surprise.svg\" alt=\"Surprise\">\n                    <\/a>\n                    <div class=\"twp-reaction-title\">Surprise<\/div>\n                    <div class=\"twp-count-percent\">\n                                                    <span style=\"display: none;\" class=\"twp-react-count\">0<\/span>\n                                                                        <span class=\"twp-react-percent\"><span>0<\/span> %<\/span>\n                                            <\/div>\n                <\/div>\n\n            <\/div>\n        <\/div>\n\n    <\/div>","protected":false},"excerpt":{"rendered":"<p>La 14 mai 1955, Moscova a semnat tratatul prin care se \u00eencheia ocupa\u0163ia \u00een Austria \u015fi, de aceea, nu mai<a href=\"https:\/\/desteptati-va.ro\/index.php\/2021\/04\/19\/mai-1958-retragerea-trupelor-sovietice-din-romania\/\">Read More<i class=\"fa fa-long-arrow-right\" aria-hidden=\"true\"><\/i><\/a><\/p>\n","protected":false},"author":1,"featured_media":4032,"comment_status":"open","ping_status":"open","sticky":false,"template":"","format":"standard","meta":{"_crdt_document":"","footnotes":""},"categories":[15],"tags":[1280,239,590,1425,1405,59,60,1426,783,1396,1427,537,1428,1429,262,265,789,472,1430,788,796,1431,135,170,797,281,1090,1432,1433],"class_list":["post-4030","post","type-post","status-publish","format-standard","has-post-thumbnail","hentry","category-hegemonia-sovietica","tag-agent","tag-bodnaras","tag-cc","tag-comunicatii","tag-dej","tag-desteptati","tag-desteptati-va","tag-episev","tag-gru","tag-hrusciov","tag-ion-ionita","tag-kgb","tag-lider","tag-malinovski","tag-moscova","tag-nkvd","tag-pcr","tag-retragere","tag-romaniei","tag-sovietic","tag-sovietice","tag-teritoriul","tag-transilvania","tag-tratat","tag-trupe","tag-urss","tag-varsovia","tag-vass","tag-zoltan"],"rise-blocks_total_comments":2,"rise-blocks_categories":[{"term_id":15,"name":"Hegemonia Sovietica","slug":"hegemonia-sovietica","term_group":0,"term_taxonomy_id":15,"taxonomy":"category","description":"","parent":0,"count":8,"filter":"raw"}],"rise-blocks_excerpt":"La 14 mai 1955, Moscova a semnat tratatul prin care se \u00eencheia ocupa\u0163ia \u00een Austria \u015fi, de aceea, nu mai exista baza legal\u0103 pentru a putea p\u0103stra for\u0163e pe teritoriul Rom\u00e2niei (aceea de a proteja leg\u0103turile de comunica\u0163ii cu trupele din Austria). \u00cen august 1955, folosindu-\u015fi instinctul de supravie\u0163uire dezvoltat \u00een decada de ocupa\u0163ie stalinist\u0103, Dej, sus\u0163inut de CC al..","yoast_head":"<!-- This site is optimized with the Yoast SEO plugin v26.9 - https:\/\/yoast.com\/product\/yoast-seo-wordpress\/ -->\r\n<title>Mai 1958 - retragerea trupelor sovietice din Rom\u00e2nia -<\/title>\r\n<meta name=\"robots\" content=\"index, follow, max-snippet:-1, max-image-preview:large, max-video-preview:-1\" \/>\r\n<link rel=\"canonical\" href=\"https:\/\/desteptati-va.ro\/index.php\/2021\/04\/19\/mai-1958-retragerea-trupelor-sovietice-din-romania\/\" \/>\r\n<meta property=\"og:locale\" content=\"ro_RO\" \/>\r\n<meta property=\"og:type\" content=\"article\" \/>\r\n<meta property=\"og:title\" content=\"Mai 1958 - retragerea trupelor sovietice din Rom\u00e2nia -\" \/>\r\n<meta property=\"og:description\" content=\"La 14 mai 1955, Moscova a semnat tratatul prin care se \u00eencheia ocupa\u0163ia \u00een Austria \u015fi, de aceea, nu maiRead More\" \/>\r\n<meta property=\"og:url\" content=\"https:\/\/desteptati-va.ro\/index.php\/2021\/04\/19\/mai-1958-retragerea-trupelor-sovietice-din-romania\/\" \/>\r\n<meta property=\"article:published_time\" content=\"2021-04-19T10:02:18+00:00\" \/>\r\n<meta property=\"og:image\" content=\"https:\/\/desteptati-va.ro\/wp-content\/uploads\/2021\/04\/rusia1-e1609250982426-1.jpg\" \/>\r\n\t<meta property=\"og:image:width\" content=\"328\" \/>\r\n\t<meta property=\"og:image:height\" content=\"201\" \/>\r\n\t<meta property=\"og:image:type\" content=\"image\/jpeg\" \/>\r\n<meta name=\"author\" content=\"wolfsoftcompany\" \/>\r\n<meta name=\"twitter:card\" content=\"summary_large_image\" \/>\r\n<meta name=\"twitter:label1\" content=\"Scris de\" \/>\n\t<meta name=\"twitter:data1\" content=\"wolfsoftcompany\" \/>\n\t<meta name=\"twitter:label2\" content=\"Timp estimat pentru citire\" \/>\n\t<meta name=\"twitter:data2\" content=\"21 de minute\" \/>\r\n<script type=\"application\/ld+json\" class=\"yoast-schema-graph\">{\"@context\":\"https:\/\/schema.org\",\"@graph\":[{\"@type\":\"Article\",\"@id\":\"https:\/\/desteptati-va.ro\/index.php\/2021\/04\/19\/mai-1958-retragerea-trupelor-sovietice-din-romania\/#article\",\"isPartOf\":{\"@id\":\"https:\/\/desteptati-va.ro\/index.php\/2021\/04\/19\/mai-1958-retragerea-trupelor-sovietice-din-romania\/\"},\"author\":{\"name\":\"wolfsoftcompany\",\"@id\":\"https:\/\/desteptati-va.ro\/#\/schema\/person\/13182deeebd44920914899f7bb262d6b\"},\"headline\":\"Mai 1958 &#8211; retragerea trupelor sovietice din Rom\u00e2nia\",\"datePublished\":\"2021-04-19T10:02:18+00:00\",\"mainEntityOfPage\":{\"@id\":\"https:\/\/desteptati-va.ro\/index.php\/2021\/04\/19\/mai-1958-retragerea-trupelor-sovietice-din-romania\/\"},\"wordCount\":4110,\"commentCount\":0,\"image\":{\"@id\":\"https:\/\/desteptati-va.ro\/index.php\/2021\/04\/19\/mai-1958-retragerea-trupelor-sovietice-din-romania\/#primaryimage\"},\"thumbnailUrl\":\"https:\/\/desteptati-va.ro\/wp-content\/uploads\/2021\/04\/rusia1-e1609250982426-1.jpg\",\"keywords\":[\"agent\",\"Bodnaras\",\"CC\",\"comunicatii\",\"Dej\",\"desteptati\",\"desteptati-va\",\"Episev\",\"GRU\",\"Hrusciov\",\"Ion Ionita\",\"KGB\",\"lider\",\"Malinovski\",\"Moscova\",\"NKVD\",\"PCR\",\"retragere\",\"Romaniei\",\"sovietic\",\"sovietice\",\"teritoriul\",\"Transilvania\",\"Tratat\",\"trupe\",\"URSS\",\"Varsovia\",\"Vass\",\"Zoltan\"],\"articleSection\":[\"Hegemonia Sovietica\"],\"inLanguage\":\"ro-RO\",\"potentialAction\":[{\"@type\":\"CommentAction\",\"name\":\"Comment\",\"target\":[\"https:\/\/desteptati-va.ro\/index.php\/2021\/04\/19\/mai-1958-retragerea-trupelor-sovietice-din-romania\/#respond\"]}]},{\"@type\":\"WebPage\",\"@id\":\"https:\/\/desteptati-va.ro\/index.php\/2021\/04\/19\/mai-1958-retragerea-trupelor-sovietice-din-romania\/\",\"url\":\"https:\/\/desteptati-va.ro\/index.php\/2021\/04\/19\/mai-1958-retragerea-trupelor-sovietice-din-romania\/\",\"name\":\"Mai 1958 - retragerea trupelor sovietice din Rom\u00e2nia -\",\"isPartOf\":{\"@id\":\"https:\/\/desteptati-va.ro\/#website\"},\"primaryImageOfPage\":{\"@id\":\"https:\/\/desteptati-va.ro\/index.php\/2021\/04\/19\/mai-1958-retragerea-trupelor-sovietice-din-romania\/#primaryimage\"},\"image\":{\"@id\":\"https:\/\/desteptati-va.ro\/index.php\/2021\/04\/19\/mai-1958-retragerea-trupelor-sovietice-din-romania\/#primaryimage\"},\"thumbnailUrl\":\"https:\/\/desteptati-va.ro\/wp-content\/uploads\/2021\/04\/rusia1-e1609250982426-1.jpg\",\"datePublished\":\"2021-04-19T10:02:18+00:00\",\"author\":{\"@id\":\"https:\/\/desteptati-va.ro\/#\/schema\/person\/13182deeebd44920914899f7bb262d6b\"},\"breadcrumb\":{\"@id\":\"https:\/\/desteptati-va.ro\/index.php\/2021\/04\/19\/mai-1958-retragerea-trupelor-sovietice-din-romania\/#breadcrumb\"},\"inLanguage\":\"ro-RO\",\"potentialAction\":[{\"@type\":\"ReadAction\",\"target\":[\"https:\/\/desteptati-va.ro\/index.php\/2021\/04\/19\/mai-1958-retragerea-trupelor-sovietice-din-romania\/\"]}]},{\"@type\":\"ImageObject\",\"inLanguage\":\"ro-RO\",\"@id\":\"https:\/\/desteptati-va.ro\/index.php\/2021\/04\/19\/mai-1958-retragerea-trupelor-sovietice-din-romania\/#primaryimage\",\"url\":\"https:\/\/desteptati-va.ro\/wp-content\/uploads\/2021\/04\/rusia1-e1609250982426-1.jpg\",\"contentUrl\":\"https:\/\/desteptati-va.ro\/wp-content\/uploads\/2021\/04\/rusia1-e1609250982426-1.jpg\",\"width\":328,\"height\":201},{\"@type\":\"BreadcrumbList\",\"@id\":\"https:\/\/desteptati-va.ro\/index.php\/2021\/04\/19\/mai-1958-retragerea-trupelor-sovietice-din-romania\/#breadcrumb\",\"itemListElement\":[{\"@type\":\"ListItem\",\"position\":1,\"name\":\"Prima pagin\u0103\",\"item\":\"https:\/\/desteptati-va.ro\/\"},{\"@type\":\"ListItem\",\"position\":2,\"name\":\"Mai 1958 &#8211; retragerea trupelor sovietice din Rom\u00e2nia\"}]},{\"@type\":\"WebSite\",\"@id\":\"https:\/\/desteptati-va.ro\/#website\",\"url\":\"https:\/\/desteptati-va.ro\/\",\"name\":\"\",\"description\":\"\",\"potentialAction\":[{\"@type\":\"SearchAction\",\"target\":{\"@type\":\"EntryPoint\",\"urlTemplate\":\"https:\/\/desteptati-va.ro\/?s={search_term_string}\"},\"query-input\":{\"@type\":\"PropertyValueSpecification\",\"valueRequired\":true,\"valueName\":\"search_term_string\"}}],\"inLanguage\":\"ro-RO\"},{\"@type\":\"Person\",\"@id\":\"https:\/\/desteptati-va.ro\/#\/schema\/person\/13182deeebd44920914899f7bb262d6b\",\"name\":\"wolfsoftcompany\",\"image\":{\"@type\":\"ImageObject\",\"inLanguage\":\"ro-RO\",\"@id\":\"https:\/\/desteptati-va.ro\/#\/schema\/person\/image\/\",\"url\":\"https:\/\/secure.gravatar.com\/avatar\/a6cce9b6d101d27d91690e7073e300fed94c0899890bf998e082cb9d2c3d121e?s=96&d=mm&r=g\",\"contentUrl\":\"https:\/\/secure.gravatar.com\/avatar\/a6cce9b6d101d27d91690e7073e300fed94c0899890bf998e082cb9d2c3d121e?s=96&d=mm&r=g\",\"caption\":\"wolfsoftcompany\"},\"sameAs\":[\"http:\/\/desteptati-va.ro\"],\"url\":\"https:\/\/desteptati-va.ro\/index.php\/author\/wolfsoftcompany\/\"}]}<\/script>\r\n<!-- \/ Yoast SEO plugin. -->","yoast_head_json":{"title":"Mai 1958 - retragerea trupelor sovietice din Rom\u00e2nia -","robots":{"index":"index","follow":"follow","max-snippet":"max-snippet:-1","max-image-preview":"max-image-preview:large","max-video-preview":"max-video-preview:-1"},"canonical":"https:\/\/desteptati-va.ro\/index.php\/2021\/04\/19\/mai-1958-retragerea-trupelor-sovietice-din-romania\/","og_locale":"ro_RO","og_type":"article","og_title":"Mai 1958 - retragerea trupelor sovietice din Rom\u00e2nia -","og_description":"La 14 mai 1955, Moscova a semnat tratatul prin care se \u00eencheia ocupa\u0163ia \u00een Austria \u015fi, de aceea, nu maiRead More","og_url":"https:\/\/desteptati-va.ro\/index.php\/2021\/04\/19\/mai-1958-retragerea-trupelor-sovietice-din-romania\/","article_published_time":"2021-04-19T10:02:18+00:00","og_image":[{"width":328,"height":201,"url":"https:\/\/desteptati-va.ro\/wp-content\/uploads\/2021\/04\/rusia1-e1609250982426-1.jpg","type":"image\/jpeg"}],"author":"wolfsoftcompany","twitter_card":"summary_large_image","twitter_misc":{"Scris de":"wolfsoftcompany","Timp estimat pentru citire":"21 de minute"},"schema":{"@context":"https:\/\/schema.org","@graph":[{"@type":"Article","@id":"https:\/\/desteptati-va.ro\/index.php\/2021\/04\/19\/mai-1958-retragerea-trupelor-sovietice-din-romania\/#article","isPartOf":{"@id":"https:\/\/desteptati-va.ro\/index.php\/2021\/04\/19\/mai-1958-retragerea-trupelor-sovietice-din-romania\/"},"author":{"name":"wolfsoftcompany","@id":"https:\/\/desteptati-va.ro\/#\/schema\/person\/13182deeebd44920914899f7bb262d6b"},"headline":"Mai 1958 &#8211; retragerea trupelor sovietice din Rom\u00e2nia","datePublished":"2021-04-19T10:02:18+00:00","mainEntityOfPage":{"@id":"https:\/\/desteptati-va.ro\/index.php\/2021\/04\/19\/mai-1958-retragerea-trupelor-sovietice-din-romania\/"},"wordCount":4110,"commentCount":0,"image":{"@id":"https:\/\/desteptati-va.ro\/index.php\/2021\/04\/19\/mai-1958-retragerea-trupelor-sovietice-din-romania\/#primaryimage"},"thumbnailUrl":"https:\/\/desteptati-va.ro\/wp-content\/uploads\/2021\/04\/rusia1-e1609250982426-1.jpg","keywords":["agent","Bodnaras","CC","comunicatii","Dej","desteptati","desteptati-va","Episev","GRU","Hrusciov","Ion Ionita","KGB","lider","Malinovski","Moscova","NKVD","PCR","retragere","Romaniei","sovietic","sovietice","teritoriul","Transilvania","Tratat","trupe","URSS","Varsovia","Vass","Zoltan"],"articleSection":["Hegemonia Sovietica"],"inLanguage":"ro-RO","potentialAction":[{"@type":"CommentAction","name":"Comment","target":["https:\/\/desteptati-va.ro\/index.php\/2021\/04\/19\/mai-1958-retragerea-trupelor-sovietice-din-romania\/#respond"]}]},{"@type":"WebPage","@id":"https:\/\/desteptati-va.ro\/index.php\/2021\/04\/19\/mai-1958-retragerea-trupelor-sovietice-din-romania\/","url":"https:\/\/desteptati-va.ro\/index.php\/2021\/04\/19\/mai-1958-retragerea-trupelor-sovietice-din-romania\/","name":"Mai 1958 - retragerea trupelor sovietice din Rom\u00e2nia -","isPartOf":{"@id":"https:\/\/desteptati-va.ro\/#website"},"primaryImageOfPage":{"@id":"https:\/\/desteptati-va.ro\/index.php\/2021\/04\/19\/mai-1958-retragerea-trupelor-sovietice-din-romania\/#primaryimage"},"image":{"@id":"https:\/\/desteptati-va.ro\/index.php\/2021\/04\/19\/mai-1958-retragerea-trupelor-sovietice-din-romania\/#primaryimage"},"thumbnailUrl":"https:\/\/desteptati-va.ro\/wp-content\/uploads\/2021\/04\/rusia1-e1609250982426-1.jpg","datePublished":"2021-04-19T10:02:18+00:00","author":{"@id":"https:\/\/desteptati-va.ro\/#\/schema\/person\/13182deeebd44920914899f7bb262d6b"},"breadcrumb":{"@id":"https:\/\/desteptati-va.ro\/index.php\/2021\/04\/19\/mai-1958-retragerea-trupelor-sovietice-din-romania\/#breadcrumb"},"inLanguage":"ro-RO","potentialAction":[{"@type":"ReadAction","target":["https:\/\/desteptati-va.ro\/index.php\/2021\/04\/19\/mai-1958-retragerea-trupelor-sovietice-din-romania\/"]}]},{"@type":"ImageObject","inLanguage":"ro-RO","@id":"https:\/\/desteptati-va.ro\/index.php\/2021\/04\/19\/mai-1958-retragerea-trupelor-sovietice-din-romania\/#primaryimage","url":"https:\/\/desteptati-va.ro\/wp-content\/uploads\/2021\/04\/rusia1-e1609250982426-1.jpg","contentUrl":"https:\/\/desteptati-va.ro\/wp-content\/uploads\/2021\/04\/rusia1-e1609250982426-1.jpg","width":328,"height":201},{"@type":"BreadcrumbList","@id":"https:\/\/desteptati-va.ro\/index.php\/2021\/04\/19\/mai-1958-retragerea-trupelor-sovietice-din-romania\/#breadcrumb","itemListElement":[{"@type":"ListItem","position":1,"name":"Prima pagin\u0103","item":"https:\/\/desteptati-va.ro\/"},{"@type":"ListItem","position":2,"name":"Mai 1958 &#8211; retragerea trupelor sovietice din Rom\u00e2nia"}]},{"@type":"WebSite","@id":"https:\/\/desteptati-va.ro\/#website","url":"https:\/\/desteptati-va.ro\/","name":"","description":"","potentialAction":[{"@type":"SearchAction","target":{"@type":"EntryPoint","urlTemplate":"https:\/\/desteptati-va.ro\/?s={search_term_string}"},"query-input":{"@type":"PropertyValueSpecification","valueRequired":true,"valueName":"search_term_string"}}],"inLanguage":"ro-RO"},{"@type":"Person","@id":"https:\/\/desteptati-va.ro\/#\/schema\/person\/13182deeebd44920914899f7bb262d6b","name":"wolfsoftcompany","image":{"@type":"ImageObject","inLanguage":"ro-RO","@id":"https:\/\/desteptati-va.ro\/#\/schema\/person\/image\/","url":"https:\/\/secure.gravatar.com\/avatar\/a6cce9b6d101d27d91690e7073e300fed94c0899890bf998e082cb9d2c3d121e?s=96&d=mm&r=g","contentUrl":"https:\/\/secure.gravatar.com\/avatar\/a6cce9b6d101d27d91690e7073e300fed94c0899890bf998e082cb9d2c3d121e?s=96&d=mm&r=g","caption":"wolfsoftcompany"},"sameAs":["http:\/\/desteptati-va.ro"],"url":"https:\/\/desteptati-va.ro\/index.php\/author\/wolfsoftcompany\/"}]}},"_links":{"self":[{"href":"https:\/\/desteptati-va.ro\/index.php\/wp-json\/wp\/v2\/posts\/4030","targetHints":{"allow":["GET"]}}],"collection":[{"href":"https:\/\/desteptati-va.ro\/index.php\/wp-json\/wp\/v2\/posts"}],"about":[{"href":"https:\/\/desteptati-va.ro\/index.php\/wp-json\/wp\/v2\/types\/post"}],"author":[{"embeddable":true,"href":"https:\/\/desteptati-va.ro\/index.php\/wp-json\/wp\/v2\/users\/1"}],"replies":[{"embeddable":true,"href":"https:\/\/desteptati-va.ro\/index.php\/wp-json\/wp\/v2\/comments?post=4030"}],"version-history":[{"count":1,"href":"https:\/\/desteptati-va.ro\/index.php\/wp-json\/wp\/v2\/posts\/4030\/revisions"}],"predecessor-version":[{"id":4033,"href":"https:\/\/desteptati-va.ro\/index.php\/wp-json\/wp\/v2\/posts\/4030\/revisions\/4033"}],"wp:featuredmedia":[{"embeddable":true,"href":"https:\/\/desteptati-va.ro\/index.php\/wp-json\/wp\/v2\/media\/4032"}],"wp:attachment":[{"href":"https:\/\/desteptati-va.ro\/index.php\/wp-json\/wp\/v2\/media?parent=4030"}],"wp:term":[{"taxonomy":"category","embeddable":true,"href":"https:\/\/desteptati-va.ro\/index.php\/wp-json\/wp\/v2\/categories?post=4030"},{"taxonomy":"post_tag","embeddable":true,"href":"https:\/\/desteptati-va.ro\/index.php\/wp-json\/wp\/v2\/tags?post=4030"}],"curies":[{"name":"wp","href":"https:\/\/api.w.org\/{rel}","templated":true}]}}