{"id":4034,"date":"2021-04-19T10:06:11","date_gmt":"2021-04-19T10:06:11","guid":{"rendered":"http:\/\/desteptati.ro\/?p=4034"},"modified":"2022-01-17T23:52:56","modified_gmt":"2022-01-17T21:52:56","slug":"disputa-comunistilor-romani-cu-moscova","status":"publish","type":"post","link":"https:\/\/desteptati-va.ro\/index.php\/2021\/04\/19\/disputa-comunistilor-romani-cu-moscova\/","title":{"rendered":"Disputa comuni\u0219tilor rom\u00e2ni cu Moscova"},"content":{"rendered":"<div class=\"post-content\"><div class='booster-block booster-read-block'>\n                <div class=\"twp-read-time\">\n                \t<i class=\"booster-icon twp-clock\"><\/i> <span>Read Time:<\/span>15 Minute, 1 Second                <\/div>\n\n            <\/div>\n<h4 class=\"wp-block-heading\">&nbsp;<\/h4>\n\n\n\n<h4 class=\"wp-block-heading\" id=\"distantarea-de-moscova-s-a-manifestat-cu-deosebire-in-refuzul-de-a-accepta-vederile-sovietice-in-asa-numita-diviziune-internationala-socialista-a-muncii-de-fapt-o-specializare-economica-a-tarilor-din-sfera-de-influenta-sovietica-specializare-controlata-se-intelege-de-moscova-preocupata-tot-mai-mult-de-succesele-tarilor-vest-europeene-membre-ale-pietei-comune-invocand-principiul-sovietic-al-rolului-determinant-al-industriei-grele-in-dezvoltarea-economiei-socialiste-conducerea-de-la-bucuresti-a-respins-propunerile-sovietice-sprijinite-de-cehoslovacia-si-r-d-germana-privind-orientarea-economiei-romanesti-cu-precadere-spre-dezvoltarea-agriculturii-a-industriei-petroliere-si-ingrasamintelor-intre-bucuresti-si-moscova-a-inceput-o-confruntare-pe-tema-planificarii-economice-in-cadrul-consiliului-de-ajutor-economic-reciproc-caer-ferm-respinsa-de-echipa-lui-gheorghiu-dej-care-invoca-tot-mai-des-independenta-si-suveranitatea-statelor-socialiste-singurele-in-masura-sa-decida-asupra-directiilor-de-dezvoltare-a-economiei-campionul-noii-doctrine-romanesti-de-independenta-economica-a-fost-alexandru-barladeanu-care-in-calitate-de-reprezentant-al-romaniei-la-c-a-e-r-a-avut-de-infruntat-fulgerele-sovietice\">Distan\u0163area de Moscova s-a manifestat cu deosebire \u00een refuzul de a accepta vederile sovietice \u00een a\u015fa-numita \u201ediviziune interna\u0163ional\u0103 socialist\u0103 a muncii\u201d, de fapt o specializare economic\u0103 a \u0163\u0103rilor din sfera de influen\u0163\u0103 sovietic\u0103, specializare controlata, se \u00een\u0163elege, de Moscova, preocupat\u0103 tot mai mult de succesele \u0163\u0103rilor vest-europeene membre ale Pie\u0163ei Comune. Invoc\u00e2nd principiul sovietic al rolului determinant al industriei grele \u00een dezvoltarea economiei socialiste, conducerea de la Bucure\u015fti a respins propunerile sovietice, sprijinite de Cehoslovacia \u015fi R.D. Germana, privind orientarea economiei rom\u00e2ne\u015fti cu prec\u0103dere spre dezvoltarea agriculturii, a industriei petroliere \u015fi \u00eengra\u015f\u0103mintelor. \u00centre Bucure\u015fti \u015fi Moscova a \u00eenceput o confruntare pe tema planific\u0103rii economice \u00een cadrul Consiliului de Ajutor Economic reciproc (CAER), ferm respins\u0103 de echipa lui Gheorghiu-Dej, care invoca tot mai des independen\u0163a \u015fi suveranitatea statelor socialiste, singurele \u00een m\u0103sur\u0103 s\u0103 decid\u0103 asupra direc\u0163iilor de dezvoltare a economiei. \u201eCampionul\u201d noii doctrine rom\u00e2ne\u015fti de independen\u0163\u0103 economic\u0103 a fost Alexandru B\u00e2rl\u0103deanu, care, \u00een calitate de reprezentant al Rom\u00e2niei la C.A.E.R., a avut de \u00eenfruntat fulgerele sovietice.<\/h4>\n\n\n\n<h4 class=\"wp-block-heading\" id=\"in-acest-timp-gheorghiu-dej-si-a-reafirmat-orientarea-din-1956-dupa-congresul-al-xxii-lea-al-pcus-unde-n-s-hrusciov-a-reclamat-campania-de-destalinizare-corpul-imbalsamat-al-lui-stalin-a-fost-scos-din-mausoleul-din-piata-rosie-el-a-organizat-o-plenara-a-cc-30-noiembrie-5-decembrie-1961-in-care-a-fost-din-nou-condamnat-grupul-ana-pauker-vasile-luca-ca-exponent-al-practicilor-staliniste-vina-de-a-nu-se-fi-facut-o-analiza-profunda-a-acestor-practici-inca-din-1956-a-fost-pusa-pe-seama-lui-miron-constantinescu-si-iosif-chisinevschi-denuntati-ca-promotori-si-aparatori-ai-cultului-personalitatii-din-nou-a-fost-elogiata-orientarea-justa-a-nucleului-sanatos-adica-a-grupului-gheorghiu-dej-inocentat-de-insusi-secretarul-general-si-prezentat-ca-salvatorul-partidului-si-al-poporului-sub-pretext-de-a-convinge-pe-mijlocasi-de-a-si-indeplini-obligatiile-fata-de-stat-spunea-gheorghi-dej-despre-grupul-ana-pauker-v-luca-in-sedinta-biroului-politic-de-pregatire-a-plenarei-pornisera-pe-calea-represiunilor-la-arestari-de-asa-zisi-chiaburi-cea-mai-mare-parte-dintre-cei-arestati-in-perioada-aceea-au-fost-judecati-public-a-reprezentat-o-provocare-o-aventura-plangeau-satele-vai-si-amar-de-noi-ce-am-ajuns-spuneau-taranii-este-cea-mai-periculoasa-aventura-in-care-s-a-lansat-sic-cea-mai-mare-provocare-dupa-ce-i-am-eliminat-pe-ei-am-eliberat-din-inchisori-zeci-de-mii-de-oameni-nevinovati\">\u00cen acest timp,&nbsp; Gheorghiu-Dej \u015fi-a reafirmat orientarea din 1956. Dup\u0103 Congresul al XXII-lea al PCUS, unde N.S.Hru\u015fciov a reclamat campania de destalinizare (corpul \u00eembalsamat al lui Stalin a fost scos din mausoleul din Pia\u0163a Ro\u015fie), el a&nbsp; organizat o plenar\u0103 a CC (30 noiembrie \u2013 5 decembrie 1961) \u00een care a fost din nou condamnat grupul Ana Pauker-Vasile Luca, ca exponent al practicilor staliniste. Vina de a nu se fi f\u0103cut o analiz\u0103 profund\u0103 a acestor practici \u00eenca din 1956 a fost pus\u0103 pe seama lui &nbsp;Miron Constantinescu \u015fi Iosif Chi\u015finevschi, denun\u0163ati ca promotori \u015fi ap\u0103r\u0103tori ai \u201ecultului personalit\u0103\u0163ii\u201d. Din nou a fost elogiat\u0103 orientarea \u201ejust\u0103\u201d a \u201enucleului s\u0103n\u0103tos\u201d, adic\u0103 a grupului Gheorghiu-Dej, inocentat de \u00eensu\u015fi secretarul general \u015fi prezentat ca salvatorul partidului \u015fi al poporului. \u201eSub pretext de a convinge pe mijloca\u015fi de a-\u015fi \u00eendeplini obliga\u0163iile&nbsp; fa\u0163\u0103 de stat- spunea Gheorghi-Dej despre grupul Ana Pauker &#8211; V. Luca \u00een \u015fedin\u0163a Biroului Politic de preg\u0103tire a plenarei-, porniser\u0103 pe calea represiunilor, la arest\u0103ri de a\u015fa-zi\u015fi chiaburi. Cea mai mare parte dintre cei aresta\u0163i \u00een perioada aceea au fost judeca\u0163i public. A reprezentat o provocare, o aventur\u0103. Pl\u00e2ngeau satele, vai \u015fi amar de noi ce-am ajuns, spuneau \u0163\u0103ranii [\u2026] . Este cea mai periculoas\u0103 aventur\u0103 \u00een care s-a lansat (sic!), cea mai mare provocare. Dup\u0103 ce i-am eliminat pe ei, am eliberat din \u00eenchisori zeci de mii de oameni nevinova\u0163i&#8221;.<\/h4>\n\n\n\n<div class=\"wp-block-image\"><figure class=\"aligncenter size-large is-resized\"><a href=\"http:\/\/www.desteptati-va.ro\/wp-content\/uploads\/2011\/02\/untitled1.png\"><img loading=\"lazy\" decoding=\"async\" src=\"http:\/\/www.desteptati-va.ro\/wp-content\/uploads\/2011\/02\/untitled1.png\" alt=\"Gheorghe Gheorghiu Dej\" class=\"wp-image-4033\" width=\"375\" height=\"425\"\/><\/a><figcaption>Gheorghe Gheorghiu Dej<\/figcaption><\/figure><\/div>\n\n\n\n<h4 class=\"wp-block-heading\" id=\"gheorghiu-dej-uita-ca-dupa-eliminarea-anei-pauker-si-a-lui-vasile-luca-si-chiar-a-lui-miron-constantinescu-si-iosif-chisinevschi-au-continuat-arestarile-in-randul-taranilor-octavian-roske-care-a-studiat-desfasurarea-colectivizarii-considera-ca-anii-1957-1962-au-reprezentat-represiunea-totala-asupra-satelor-abatandu-se-un-val-de-teroare-care-a-provocat-si-numeroase-rascoale-care-abia-acum-incep-a-fi-mai-bine-cunoscute\">Gheorghiu-Dej &#8222;uit\u0103&#8221; c\u0103 dup\u0103 eliminarea Anei Pauker \u015fi a lui Vasile Luca , \u015fi chiar a lui Miron Constantinescu \u015fi Iosif Chi\u015finevschi, au continuat arest\u0103rile \u00een r\u00e2ndul \u0163\u0103ranilor. Octavian Roske, care a studiat desf\u0103\u015furarea colectiviz\u0103rii, consider\u0103 c\u0103 anii 1957-1962 au reprezentat &#8222;represiunea total\u0103&#8221;, asupra satelor ab\u0103t\u00e2ndu-se un val de teroare care a provocat \u015fi numeroase r\u0103scoale, care abia acum \u00eencep a fi mai bine cunoscute.<\/h4>\n\n\n\n<h4 class=\"wp-block-heading\" id=\"liberalizarea-interna-luata-in-considerare-inca-din-1956-ca-mijloc-de-castigare-a-sprijinului-populatiei-in-vederea-emanciparii-de-sub-controlul-sovietic-avea-sa-vina-odata-cu-noua-faza-a-conflictului-cu-moscova\">&#8222;Liberalizarea intern\u0103 &#8211; luat\u0103 \u00een considerare \u00eenc\u0103 din 1956, ca mijloc de c\u00e2\u015ftigare a sprijinului popula\u0163iei \u00een vederea emancip\u0103rii de sub controlul sovietic &#8211; avea s\u0103 vin\u0103 odat\u0103 cu noua faz\u0103 a conflictului cu Moscova.<\/h4>\n\n\n\n<h4 class=\"wp-block-heading\" id=\"pretextul-l-a-oferit-publicare-in-revista-universitatii-din-moscova-a-unui-studiu-semnat-de-e-b-valev-care-propunea-crearea-unui-complex-economic-international-romania-bulgaria-si-urss-avand-o-suprafata-de-150-000-km\u00b2-si-o-populatie-de-12-milioane-de-locuitori-contributia-romaneasca-urma-sa-fie-cea-mai-importanta-intrucat-ea-reprezinta-42-din-teritoriul-tarii-inclusiv-capitala-48-din-populatie-54-din-productia-de-masini-51-din-productia-chimica-86-din-productia-de-petrol-planul-valev-a-fost-denuntat-in-termeni-vigurosi-in-revista-viata-economica-fiind-prezentat-ca-un-atentat-la-independenta-si-integritatea-romaniei\">Pretextul l-a oferit publicare \u00een revista Universit\u0103\u0163ii din Moscova a unui studiu semnat de E.B. Valev care propunea crearea unui complex economic interna\u0163ional (Rom\u00e2nia, Bulgaria \u015fi URSS), av\u00e2nd o suprafa\u0163\u0103 de 150 000 km\u00b2 \u015fi o popula\u0163ie de 12 milioane de locuitori. &#8222;Contribu\u0163ia&#8221; rom\u00e2neasc\u0103 urma s\u0103 fie cea mai important\u0103, \u00eentruc\u00e2t ea reprezint\u0103 42% din teritoriul \u0163\u0103rii(inclusiv Capitala), 48% din popula\u0163ie, 54% din produc\u0163ia de ma\u015fini, 51% din produc\u0163ia chimic\u0103, 86% din produc\u0163ia de petrol. Planul Valev a fost denun\u0163at \u00een termeni viguro\u015fi \u00een revista &#8222;Via\u0163a economic\u0103&#8221;, fiind prezentat ca un atentat la independen\u0163a \u015fi integritatea Rom\u00e2niei.<\/h4>\n\n\n\n<h4 class=\"wp-block-heading\" id=\"in-contextul-favorabil-creat-de-conflictul-dintre-moscova-si-beijing-pmr-si-a-afirmat-pozitia-independenta-in-declaratie-cu-privire-la-pozitia-partidului-muncitoresc-roman-in-problemele-miscarii-comuniste-si-muncitoresti-internationale-cunoscuta-neoficial-si-sub-numele-declaratia-de-independenta-pornind-de-la-incercarile-de-mediere-ale-pmr-in-conflictul-sovieto-chinez-declaratia-afirma-dreptul-la-independenta-al-fiecarui-partid-comunist-muncitoresc-egalitatea-in-drepturi-a-acestor-partide-si-neamestecul-in-afacerile-interne-ca-principiile-de-baza-ale-relatiilor-din-cadrul-miscarii-comuniste-si-muncitoresti-internationale\">\u00cen contextul favorabil creat de conflictul dintre Moscova \u015fi Beijing, PMR \u015fi-a afirmat pozi\u0163ia independent\u0103 \u00een \u201eDeclara\u0163ie cu privire la pozi\u0163ia Partidului Muncitoresc Rom\u00e2n \u00een problemele mi\u015fc\u0103rii comuniste \u015fi muncitore\u015fti interna\u0163ionale&#8221;, cunoscut\u0103 neoficial \u015fi sub numele \u201eDeclara\u0163ia de independen\u0163\u0103&#8221;. Pornind de la \u00eencerc\u0103rile de mediere ale PMR \u00een conflictul sovieto-chinez, Declara\u0163ia afirma dreptul la independen\u0163\u0103 al fiec\u0103rui partid comunist (muncitoresc), egalitatea \u00een drepturi a acestor partide \u015fi neamestecul \u00een afacerile interne, ca principiile de baz\u0103 ale rela\u0163iilor din cadrul mi\u015fc\u0103rii comuniste \u015fi muncitore\u015fti interna\u0163ionale.<\/h4>\n\n\n\n<h4 class=\"wp-block-heading\" id=\"declaratia-era-incununarea-unei-politici-incepute-dupa-moartea-lui-stalin-si-ea-avea-sa-reprezinte-temelia-strategiei-politice-a-pcr-denumire-reluata-in-1965-atat-in-relatiile-cu-urss-si-partidele-fratesti-cat-si-cu-celelalte-state-fie-capitaliste-fie-nealiniate\">Declara\u0163ia era \u00eencununarea unei politici \u00eencepute dup\u0103 moartea lui Stalin \u015fi .ea avea s\u0103 reprezinte temelia strategiei politice a PCR (denumire reluat\u0103 \u00een 1965) at\u00e2t \u00een rela\u0163iile cu URSS \u015fi partidele \u201efr\u0103\u0163e\u015fti&#8221;, c\u00e2t \u015fi cu celelalte state, fie \u201ecapitaliste&#8221; fie nealiniate.<\/h4>\n\n\n\n<h4 class=\"wp-block-heading\" id=\"echilibristica-politico-ideologica-a-conducerii-de-la-bucuresti-in-asa-zisa-mediere-a-disputei-moscova-beijing-a-fost-atat-de-derutanta-incat-la-un-moment-dat-in-convorbirile-romano-chineze-din-3-10-martie-1964-mao-zedong-a-exclamat-vedeti-numai-in-timp-de-un-an-de-zile-atitudinea-dv-s-a-schimbat-ce-sunteti-dv-curent-de-stanga-de-mijloc-sau-de-dreapta-sunteti-dogmatici-sau-revizionisti-ori-adoptati-o-atitudine-de-mijloc-comunistilor-romani-le-era-greu-sa-dea-un-raspuns-precis-nici-ei-nu-stiau-pe-ce-pozitie-ideologica-se-afla-urmareau-un-singur-tel-sa-scape-de-tutela-sovietica-amenintatoare-pentru-pozitia-lor-de-elita-conducatoare-stiau-ca-atat-timp-cat-deciziile-se-iau-la-kremlin-si-nu-la-bucuresti-ei-nu-aveau-nici-o-certitudine-in-privinta-statutului-lor-de-lideri-raspunsul-lui-n-ceausescu-la-intrebarea-lui-mao-noi-suntem-marxist-leninisti-se-inscria-in-automatismele-limbajului-de-lemn-nu-era-vorba-de-un-atasament-fata-de-ideologia-comunista-ci-de-atasamentul-de-o-mie-de-ori-mai-puternic-de-putere\">Echilibristica politico-ideologic\u0103 a conducerii de la Bucure\u015fti \u00een a\u015fa-zisa mediere a disputei Moscova-Beijing a fost at\u00e2t de derutant\u0103, \u00eenc\u00e2t, la un moment dat, \u00een convorbirile rom\u00e2no-chineze din 3-10 martie 1964, Mao Zedong a exclamat: \u201eVede\u0163i, numai \u00een timp de un an de zile atitudinea dv. s-a schimbat. Ce sunte\u0163i dv, curent de st\u00e2nga, de mijloc sau de dreapta, sunte\u0163i dogmatici sau revizioni\u015fti, ori adopta\u0163i o atitudine de mijloc?&#8221; Comuni\u015ftilor rom\u00e2ni le era greu s\u0103 dea un r\u0103spuns precis: nici ei nu \u015ftiau pe ce pozi\u0163ie ideologic\u0103 se afl\u0103. Urm\u0103reau un singur \u0163el: s\u0103 scape de tutela sovietic\u0103, amenin\u0163\u0103toare pentru pozi\u0163ia lor de elit\u0103 conduc\u0103toare. \u015etiau c\u0103, at\u00e2t timp c\u00e2t deciziile se iau la Kremlin \u015fi nu la Bucure\u015fti, ei nu aveau nici o certitudine \u00een privin\u0163a statutului lor de lideri. R\u0103spunsul lui N. Ceau\u015fescu la \u00eentrebarea lui Mao: \u201eNoi suntem marxist-lenini\u015fti&#8221; se \u00eenscria \u00een automatismele \u201elimbajului de lemn&#8221;. Nu era vorba de un ata\u015fament fa\u0163\u0103 de ideologia comunist\u0103, ci de ata\u015famentul &#8211; de o mie de ori mai puternic \u2014 de putere.<\/h4>\n\n\n\n<h4 class=\"wp-block-heading\" id=\"gheorghe-haupt-care-are-meritul-de-a-fi-analizat-cel-mai-profund-geneza-conflictului-romano-sovietic-crede-ca-la-originea-politicii-de-independenta-a-conducerii-de-la-bucuresti-s-au-aflat-interese-economice-prin-apararea-politicii-sale-economice-a-intereselor-sale-economice-scrie-el-conducerea-partidului-roman-a-devenit-constienta-de-interesele-nationale-si-a-fost-impinsa-sa-se-angajeze-pe-calea-independentei-economice-si-in-consecinta-politice-in-raport-cu-uniunea-sovietica-in-realitate-credem-noi-originea-conflictului-este-de-caracter-politic-refuzul-lui-gheorghiu-dej-de-a-se-conforma-orientarii-antistaliniste-a-lui-hrusciov-si-ansamblul-de-masuri-destinate-sa-1-puna-la-adapost-de-incercarile-kremlinului-de-a-1-inlocui-nu-prin-apararea-intereselor-economice-a-descoperit-echipa-lui-gheor-ghiu-dej-politica-de-independenta-ci-prin-lupta-inversunata-pentru-pastrarea-puterii\">Gheorghe Haupt, care are meritul de a fi analizat cel mai profund geneza conflictului rom\u00e2no-sovietic, crede c\u0103 la originea politicii de independen\u0163\u0103 a conducerii de la Bucure\u015fti s-au aflat interese economice: \u201ePrin ap\u0103rarea politicii sale economice, a intereselor sale economice &#8211; scrie el -, conducerea partidului rom\u00e2n a devenit con\u015ftient\u0103 de interesele na\u0163ionale \u015fi a fost \u00eempins\u0103 s\u0103 se angajeze pe calea independen\u0163ei economice \u015fi, \u00een consecin\u0163\u0103, politice, \u00een raport cu Uniunea Sovietic\u0103&#8221;. \u00cen realitate, credem noi, originea conflictului este de caracter politic: refuzul lui Gheorghiu-Dej de a se conforma orient\u0103rii antistaliniste a lui Hru\u015fciov \u015fi ansamblul de m\u0103suri destinate s\u0103-1 pun\u0103 la ad\u0103post de \u00eencerc\u0103rile Kremlinului de a-1 \u00eenlocui. Nu prin ap\u0103rarea intereselor economice a \u201edescoperit&#8221; echipa lui Gheor\u00adghiu-Dej politica de independen\u0163\u0103, ci prin lupta \u00eenver\u015funat\u0103 pentru p\u0103strarea puterii.<\/h4>\n\n\n\n<h4 class=\"wp-block-heading\" id=\"pentru-a-face-fata-eventualelor-incercari-sovietice-de-rasturnare-a-echipei-lui-dej-ea-avea-nevoie-de-sprijin-intern-si-extern\">Pentru a face fa\u0163\u0103 eventualelor \u00eencerc\u0103ri sovietice de r\u0103sturnare a echipei lui Dej, ea avea nevoie de sprijin intern \u015fi extern.<\/h4>\n\n\n\n<h4 class=\"wp-block-heading\" id=\"imediat-dupa-publicarea-declaratiei-din-aprilie-a-inceput-o-campanie-de-prelucrari-ale-documentului-in-organizatiile-de-partid-unde-celor-prezenti-li-se-dezvaluiau-fapte-si-date-care-dovedeau-ca-uniunea-sovietica-incalcase-grosolan-independenta-romaniei-ca-ii-exploatase-nemilos-resursele-prin-sovromuri-in-primul-rand-si-ca-intreaga-ei-politica-fata-de-romania-nu-fusese-decat-o-continuare-a-celei-practicate-de-rusia-tarista\">Imediat dup\u0103 publicarea \u201eDeclara\u0163iei din aprilie&#8221;, a \u00eenceput o campanie de \u201eprelucr\u0103ri&#8221; ale documentului \u00een organiza\u0163iile de partid, unde celor prezen\u0163i li se \u201edezv\u0103luiau&#8221; fapte \u015fi date care dovedeau c\u0103 Uniunea Sovietic\u0103 \u00eenc\u0103lcase \u201egrosolan&#8221; independen\u0163a Rom\u00e2niei, c\u0103 \u00eei exploatase nemilos resursele, prin Sovromuri, \u00een primul r\u00e2nd, \u015fi c\u0103 \u00eentreaga ei politic\u0103 fa\u0163\u0103 de Rom\u00e2nia nu fusese dec\u00e2t o continuare a celei practicate de Rusia \u0163arist\u0103.<\/h4>\n\n\n\n<h4 class=\"wp-block-heading\" id=\"astfel-la-sedintele-comitetelor-de-partid-din-directiile-regionale-ale-ministerului-afacerilor-interne-al-draghici-a-prezentat-date-despre-activitatea-agenturii-sovietice-pe-teritoriul-romaniei-aratand-ca-prezenta-agentilor-sovietici-inainte-de-23-august-1944-in-romania-era-indreptatita-el-a-spus-dupa-23-august-1944-o-asemenea-masura-nu-mai-era-justificata-intrucat-in-romania-a-fost-instaurata-dictatura-proletariatului-sub-conducerea-partidului-intre-cele-doua-state-ar-li-trebuit-sa-existe-relatii-de-prietenie-bazate-pe-incredere-reciproca-etc-ce-au-facut-insa-sovieticii-reactivarea-vechii-agenturi-comple-tarea-cu-noi-recrutari-au-fost-speculate-sentimentele-fata-de-urss-si-educatia-facuta-de-partidul-nostru-noi-credeam-in-declaratiile-ce-ni-le-faceau-despre-prietenie-sinceritate-in-timp-ce-ei-ne-lucrau-cu-agentura-etc-invocand-un-text-al-lui-marx-despre-intentia-rusiei-de-a-lua-in-stapanire-moldova-si-tara-romaneasca-dupa-pacea-de-la-adrianopol-1829-al-draghici-conchidea-din-datele-pe-care-le-detinem-rezulta-ca-acest-vis-de-veacuri-al-rusiei-tariste-se-manifesta-in-prezent-din-partea-urss\">Astfel, la \u015fedin\u0163ele comitetelor de partid din direc\u0163iile regionale ale Ministerului Afacerilor Interne, Al. Dr\u0103ghici a prezentat date despre activitatea agenturii sovietice pe teritoriul Rom\u00e2niei. Ar\u0103t\u00e2nd c\u0103 prezen\u0163a agen\u0163ilor sovietici \u00eenainte de 23 august 1944 \u00een Rom\u00e2nia era \u00eendrept\u0103\u0163it\u0103, el a spus: \u201eDup\u0103 23 august 1944, o asemenea m\u0103sur\u0103 nu mai era justificat\u0103, \u00eentruc\u00e2t \u00een Rom\u00e2nia a fost instaurat\u0103 dictatura proletariatului, sub conducerea partidului; \u00eentre cele dou\u0103 state ar li trebuit s\u0103 existe rela\u0163ii de prietenie, bazate pe \u00eencredere reciproc\u0103 etc. Ce-au f\u0103cut \u00eens\u0103 sovieticii? Reactivarea vechii agenturi, comple\u00adtarea cu noi recrut\u0103ri; au fost speculate sentimentele fa\u0163\u0103 de URSS \u015fi educa\u0163ia f\u0103cut\u0103 de partidul nostru; noi credeam \u00een declara\u0163iile ce ni le f\u0103ceau despre prietenie, sinceritate, \u00een timp ce ei ne lucrau cu agentur\u0103 etc.&#8221; Invoc\u00e2nd un text al lui Marx despre inten\u0163ia Rusiei de a lua \u00een st\u0103p\u00e2nire Moldova \u015fi \u0162ara Rom\u00e2neasc\u0103 dup\u0103 pacea de la Adrianopol (1829), Al. Dr\u0103ghici conchidea: \u201eDin datele pe care le de\u0163inem, rezult\u0103 c\u0103 acest \u00abvis de veacuri\u00bb al Rusiei \u0163ariste se manifest\u0103 \u00een prezent din partea URSS&#8221;.<\/h4>\n\n\n\n<h4 class=\"wp-block-heading\" id=\"organizatorii-acestor-sedinte-nu-si-faceau-nici-o-iluzie-in-privinta-pastrarii-secretului-de-partid-doreau-chiar-ca-scurgerile-sa-fie-cat-mai-numeroase-si-cat-mai-ample-asa-a-si-fost-astfel-ca-in-scurt-timp-intreaga-tara-stia-de-informarile-facute-in-sedintele-inchise-reactia-a-fost-favorabila-oameni-cu-atitudini-anticomuniste-aclamau-noua-orientare-si-considerau-ca-partidul-comunist-se-integreaza-prin-politica-de-independenta-unei-traditii-nationale\">Organizatorii acestor \u015fedin\u0163e nu-\u015fi f\u0103ceau nici o iluzie \u00een privin\u0163a p\u0103str\u0103rii \u201esecretului de partid&#8221;; doreau chiar ca \u201escurgerile&#8221; s\u0103 fie c\u00e2t mai numeroase \u015fi c\u00e2t mai ample. A\u015fa a \u015fi fost, astfel c\u0103, \u00een scurt timp, \u00eentreaga \u0163ar\u0103 \u015ftia de inform\u0103rile f\u0103cute \u00een \u015fedin\u0163ele \u00eenchise. Reac\u0163ia a fost favorabil\u0103. Oameni cu atitudini anticomuniste aclamau noua orientare \u015fi considerau c\u0103 partidul comunist se integreaz\u0103, prin politica de independen\u0163\u0103, unei tradi\u0163ii na\u0163ionale.<\/h4>\n\n\n\n<h4 class=\"wp-block-heading\" id=\"in-acelasi-timp-portile-inchisorilor-au-inceput-sa-se-deschida-oamenii-politici-burghezi-cati-mai-supravietuisera-facandu-si-reaparitia-si-confirmand-prin-eliberarea-lor-ca-in-romania-se-schim-base-ceva\">\u00cen acela\u015fi timp, por\u0163ile \u00eenchisorilor au \u00eenceput s\u0103 se deschid\u0103, oamenii politici \u201eburghezi&#8221; &#8211; c\u00e2\u0163i mai supravie\u0163uiser\u0103 &#8211; f\u0103c\u00e2ndu-\u015fi reapari\u0163ia \u015fi confirm\u00e2nd prin eliberarea lor c\u0103 \u00een Rom\u00e2nia se schim\u00adbase ceva.<\/h4>\n\n\n\n<h4 class=\"wp-block-heading\" id=\"umanizarea-regimului-prin-punerea-in-libertate-a-detinutilor-politici-si-criticile-aduse-urss-au-declansat-un-curent-de-popularitate-pentru-putere-el-a-fost-sporit-prin-publicarea-volumului-lui-k-marx-insemnari-despre-romani-manuscrise-inedite-editori-acad-a-otetea-si-s-schwann-un-profesor-polonez-care-le-descoperise-in-arhiva\">\u201eUmanizarea&#8221; regimului prin punerea \u00een libertate a de\u0163inu\u0163ilor politici \u015fi criticile aduse URSS au declan\u015fat un curent de popularitate pentru Putere. El a fost sporit prin publicarea volumului lui K. Marx, <em>\u00censemn\u0103ri despre rom\u00e2ni (manuscrise inedite), <\/em>editori acad. A. O\u0163etea \u015fi S. Schwann (un profesor polonez care le descoperise \u00een arhiva<\/h4>\n\n\n\n<h4 class=\"wp-block-heading\" id=\"institutului-international-de-istorie-sociala-din-amsterdam-textul-foarte-greu-de-restituit-fiind-transcris-de-cornelia-bodea-ceea-ce-marele-public-a-retinut-cu-precadere-din-aceste-insemnari-au-fost-formularile-dure-ale-lui-marx-la-adresa-politicii-si-atitudinii-rusiei-fata-de-principatele-romane-si-indeosebi-la-adresa-anexarii-basarabiei-in-1812-considerata-ca-fiind-lipsita-de-orice-temei-de-drept-international-intrucat-spunea-marx-poarta-nu-avea-dreptul-dat-fiind-statutul-lor-de-autonomie-sa-cedeze-parti-din-teritoriul-principatelor-romane\">Institutului Interna\u0163ional de Istorie Social\u0103 din Amsterdam), textul &#8211; foarte greu de restituit &#8211; fiind transcris de Cornelia Bodea. Ceea ce marele public a re\u0163inut cu prec\u0103dere din aceste \u00eensemn\u0103ri au fost formul\u0103rile dure ale lui Marx la adresa politicii \u015fi atitudinii Rusiei fa\u0163\u0103 de Principatele rom\u00e2ne \u015fi, \u00eendeosebi, la adresa anex\u0103rii Basarabiei \u00een 1812, considerat\u0103 ca fiind lipsit\u0103 de orice temei de drept interna\u0163ional, \u00eentruc\u00e2t &#8211; spunea Marx &#8211; Poarta nu avea dreptul &#8211; dat fiind statutul lor de autonomie &#8211; s\u0103 cedeze p\u0103r\u0163i din teritoriul Principatelor rom\u00e2ne.<\/h4>\n\n\n\n<h4 class=\"wp-block-heading\" id=\"gesturile-de-independenta-ale-conducerii-de-la-bucuresti-provocau-o-iritare-sporita-la-moscova-hrusciov-avea-un-profund-dispret-fata-de-romani-acesti-mamaliciniki-mamaligari-n-n-nu-sunt-o-natiune-ci-o-curva-exclamase-el-in-1960-in-fata-colaboratorilor-sai-sovietici-pe-cand-calatorea-pe-vasul-baltica-impreuna-cu-gheorghiu-dej-jivkov-si-kadar-pentru-a-participa-la-sesiunea-onu-de-la-new-york-potrivit-marturisirii-lui-arkadi-n-sevcenko-el-spusese-anturajului-sau-ca-liderul-roman-nu-era-in-general-un-comunist-rau-dar-in-calitate-de-conducator-nu-avea-forta-era-prea-pasiv-el-hrusciov-n-n-adaugase-ca-in-romania-si-chiar-in-randurile-partidului-comunist-se-dezvoltasera-atitudini-pernicioase-nationaliste-si-antisovietice-care-trebuiau-retezate-de-la-radacina\">Gesturile de independen\u0163\u0103 ale conducerii de la Bucure\u015fti provocau o iritare sporit\u0103 la Moscova. Hru\u015fciov avea un profund dispre\u0163 fa\u0163\u0103 de rom\u00e2ni: &#8222;Ace\u015fti &lt;&lt; mamaliciniki&gt;&gt; (m\u0103m\u0103ligari &#8211; n.n.) nu sunt o na\u0163iune, ci o curv\u0103&#8221;, exclamase el, \u00een 1960, \u00een fa\u0163a colaboratorilor s\u0103i sovietici pe c\u00e2nd c\u0103l\u0103torea pe vasul &#8222;Baltica&#8221; , \u00eempreun\u0103 cu Gheorghiu-Dej, Jivkov \u015fi Kadar, pentru a participa la sesiunea ONU de la New York. Potrivit m\u0103rturisirii lui Arkadi N. \u015eevcenko, el spusese anturajului s\u0103u c\u0103 liderul roman &#8222;nu era, \u00een general, un comunist r\u0103u, dar \u00een calitate de conduc\u0103tor nu avea for\u0163\u0103, era prea pasiv. El (Hru\u015fciov &#8211; n.n. ) ad\u0103ugase c\u0103 \u00een Rom\u00e2nia \u015fi chiar \u00een r\u00e2ndurile partidului comunist se dezvoltaser\u0103 atitudini pernicioase na\u0163ionaliste \u015fi antisovietice care trebuiau retezate de la r\u0103d\u0103cin\u0103&#8221;.<\/h4>\n\n\n\n<div class=\"wp-block-image\"><figure class=\"aligncenter size-full is-resized\"><img loading=\"lazy\" decoding=\"async\" src=\"https:\/\/desteptati-va.ro\/wp-content\/uploads\/2021\/04\/NikitaHrusciov.jpg\" alt=\"\" class=\"wp-image-1196\" width=\"276\" height=\"312\"\/><\/figure><\/div>\n\n\n\n<h4 class=\"wp-block-heading\" id=\"cu-prilejul-unei-vizite-in-romania-hrusciov-isi-manifestase-nemultumirea-fata-de-liderii-romani-admonestati-in-public-la-un-miting-pentru-a-nu-fi-valorificat-experienta-sovietica-in-materie-de-semanat-porumb-la-patrat\">Cu prilejul unei vizite \u00een Rom\u00e2nia, Hru\u015fciov \u00ee\u015fi manifestase nemul\u0163umirea fa\u0163\u0103 de liderii rom\u00e2ni, admonesta\u0163i \u00een public &#8211; la un miting &#8211; pentru a nu fi valorificat experien\u0163a sovietic\u0103 \u00een materie de sem\u0103nat porumb la p\u0103trat!<\/h4>\n\n\n\n<h4 class=\"wp-block-heading\" id=\"mai-iritat-a-fost-liderul-sovietic-de-calatoria-in-china-a-unei-delegatii-romanesti-condusa-de-i-gh-maurer-moscova-nu-era-dispusa-sa-permita-satelitilor-ei-sa-se-erijeze-in-mediatori-in-conflicte-ce-o-opuneau-unei-alte-mari-puteri-mai-mult-decat-atat-delegatia-romana-purtase-discutii-care-trezeau-aprehensiunile-moscovei-asa-cum-rezulta-din-amintirile-lui-hrusciov-care-s-a-intalnit-cu-delegatia-romana-in-drum-spre-bucuresti-vizita-in-china-a-avut-loc-in-martie-1964-desi-delegatia-romana-s-a-straduit-sa-lase-impresia-unei-totale-impartialitati-in-disputa-sovieto-chineza-hrusciov-a-sesizat-o-nuanta-ingrijoratoare-chinezii-ne-au-spus-ca-dvs-ne-ati-luat-basarabia-au-spus-romanii-nu-aveam-ce-face-decat-sa-ascultam-desi-evident-nu-ne-mai-trebuie-basarabia-astfel-continua-hrusciov-romanii-ne-au-repetat-ce-auzisera-de-la-chinezi-dar-nu-au-exprimat-dezacordul-lor-cu-ceea-ce-chinezii-le-spusesera-despre-basarabia-subl-hrusciov-n-n-aceasta-conversatie-ne-a-lasat-un-gust-amar-am-inceput-sa-suspectam-ca-poate-romanii-ne-tineau-de-rau-pentru-ca-dupa-razboi-ne-restituisera-basarabia\">Mai iritat a fost liderul sovietic de c\u0103l\u0103toria \u00een China a unei delega\u0163ii rom\u00e2ne\u015fti condus\u0103 de I. Gh. Maurer. Moscova nu era dispus\u0103 s\u0103 permit\u0103 sateli\u0163ilor ei s\u0103 se erijeze \u00een mediatori \u00een conflicte ce o opuneau unei alte mari puteri.Mai mult dec\u00e2t at\u00e2t, delega\u0163ia rom\u00e2n\u0103 purtase discu\u0163ii care trezeau aprehensiunile Moscovei, a\u015fa cum rezult\u0103 din amintirile lui Hru\u015fciov, care s-a \u00eent\u00e2lnit cu delega\u0163ia rom\u00e2n\u0103 \u00een drum spre Bucure\u015fti (vizita \u00een China a avut loc \u00een martie 1964). De\u015fi delega\u0163ia rom\u00e2n\u0103 s-a str\u0103duit s\u0103 lase impresia unei totale impar\u0163ialit\u0103\u0163i \u00een disputa sovieto-chinez\u0103, Hru\u015fciov a sesizat o nuan\u0163\u0103 \u00eengrijor\u0103toare: &#8222;&lt;&lt;Chinezii ne-au spus c\u0103 dvs. ne-a\u0163i luat Basarabia&gt;&gt;, au spus rom\u00e2nii. &lt;&lt;Nu aveam ce face, dec\u00e2t s\u0103 ascult\u0103m, de\u015fi, evident, nu ne mai trebuie Basarabia&gt;&gt;. Astfel &#8211; continu\u0103 Hru\u015fciov &#8211; rom\u00e2nii ne-au repetat ce auziser\u0103 de la chinezi &#8211; <em>dar nu au exprimat dezacordul lor cu ceea ce chinezii le spuseser\u0103 despre BASARABIA<\/em> (subl. Hru\u015fciov &#8211; n-n- ). Aceast\u0103 conversa\u0163ie ne-a l\u0103sat un gust amar. Am \u00eenceput s\u0103 suspect\u0103m c\u0103, poate, rom\u00e2nii ne \u0163ineau de r\u0103u pentru c\u0103, dup\u0103 r\u0103zboi, ne restituiser\u0103 Basarabia&#8221;.<\/h4>\n\n\n\n<h4 class=\"wp-block-heading\" id=\"in-stenograma-partii-romane-a-discutiei-din-15-martie-1964-hrusciov-spune-sa-lasam-de-pilda-basarabia-eu-cred-ca-nu-trebuie-sa-discutam-aceasta-chestiune-atunci-in-tarile-socialiste-ar-trebui-sa-se-faca-un-plebiscit-daca-romanii-ar-ridica-aceasta-problema-eu-personal-as-fi-pentru-plebiscite-si-sa-lasam-popoarele-sa-hotarasca-unde-vor-sa-apartina-numai-ca-aceste-probleme-se-ridica-si-pentru-alte-tari-de-exemplu-granita-cu-polonia-numai-sa-se-puna-o-asemenea-problema-si-imediat-ucrainenii-si-bielorusii-se-vor-ridica-si-ei-si-apoi-un-avertisment-voalat-granita-romaniei-cu-ungaria-sunt-multe-probleme-care-apar-in-legatura-cu-aceasta\">In stenograma p\u0103r\u0163ii rom\u00e2ne a discu\u0163iei din 15 martie 1964, Hru\u015fciov spune: &#8222;S\u0103 l\u0103s\u0103m de pild\u0103 Basarabia. Eu cred c\u0103 nu trebuie s\u0103 discut\u0103m aceast\u0103 chestiune. Atunci \u00een t\u0103rile socialiste ar trebui s\u0103 se fac\u0103 un plebiscit. Dac\u0103 rom\u00e2nii ar ridica aceast\u0103 problem\u0103, eu personal a\u015f fi pentru plebiscite \u015fi s\u0103 l\u0103s\u0103m popoarele s\u0103 hot\u0103rasc\u0103 unde vor s\u0103 apar\u0163in\u0103. Numai c\u0103 aceste probleme se ridic\u0103 \u015fi pentru alte \u0163\u0103ri. De exemplu, grani\u0163a cu Polonia. Numai s\u0103 se pun\u0103 o asemenea problem\u0103, \u015fi imediat ucrainenii \u015fi bieloru\u015fii se vor ridica \u015fi ei&#8221;. \u015ei apoi un avertisment voalat: &#8221; Grani\u0163a Rom\u00e2niei cu Ungaria; sunt multe probleme care apar \u00een leg\u0103tur\u0103 cu aceasta&#8221;.<\/h4>\n\n\n\n<div class=\"wp-block-image\"><figure class=\"aligncenter size-full is-resized\"><img loading=\"lazy\" decoding=\"async\" src=\"https:\/\/desteptati-va.ro\/wp-content\/uploads\/2021\/04\/Ion_Gheorghe_Maurer1.jpg\" alt=\"\" class=\"wp-image-539\" width=\"269\" height=\"347\" srcset=\"https:\/\/desteptati-va.ro\/wp-content\/uploads\/2021\/04\/Ion_Gheorghe_Maurer1.jpg 310w, https:\/\/desteptati-va.ro\/wp-content\/uploads\/2021\/04\/Ion_Gheorghe_Maurer1-233x300.jpg 233w\" sizes=\"auto, (max-width: 269px) 100vw, 269px\" \/><\/figure><\/div>\n\n\n\n<h4 class=\"wp-block-heading\" id=\"potrivit-defectorului-cehoslovac-generalul-jan-sejna-inca-inainte-de-declaratia-din-aprilie-moscova-avea-indoieli-in-privinta-lui-i-gh-maurer-pe-care-il-suspecta-de-a-fi-agent-chinez-in-1962-scrie-sejna-in-memoriile-sale-novotny-conducatorul-comunist-al-cehoslovaciei-n-n-a-primit-o-scrisoare-de-la-hrusciov-care-ii-cerea-sa-limiteze-schimburile-noastre-de-informatii-obtinute-prin-spionaj-cu-romanii-urma-sa-nu-le-mai-transmitem-nici-o-informatie-despre-china-si-partidele-si-regimurile-prochineze-alte-subiecte-interzise-erau-informatiile-de-ordin-politic-despre-diverse-partide-social-democrate-nimic-despre-iugoslavia-si-albania-si-date-secrete-amanuntite-despre-nato-trebuia-sa-ne-marginim-la-aprecieri-generale-asupra-situatiei-politice-si-militare-din-europa-occidentala\">Potrivit defectorului cehoslovac, generalul Jan Sejna, \u00eenc\u0103 \u00eenainte&nbsp; de &#8222;Declara\u0163ia din aprilie&#8221; Moscova avea \u00eendoieli \u00een privin\u0163a lui I.GH.Maurer, pe care \u00eel suspecta de a fi agent chinez! &#8222;\u00cen 1962 &#8211; scrie Sejna \u00een memoriile sale -, Novotn\u00fd (conduc\u0103torul comunist&nbsp; al Cehoslovaciei-n.n.) a primit o scrisoare de la Hru\u015fciov, care \u00eei cerea s\u0103 limiteze schimburile noastre de informa\u0163ii ob\u0163inute prin spionaj cu rom\u00e2nii. Urma s\u0103 nu le mai transmitem nici o informa\u0163ie despre China \u015fi partidele \u015fi regimurile prochineze. Alte subiecte interzise erau informa\u0163iile de ordin politic despre diverse partide social-democrate, nimic despre Iugoslavia \u015fi Albania \u015fi date secrete am\u0103nun\u0163ite despre NATO. Trebuia s\u0103 ne m\u0103rginim la aprecieri generale asupra situa\u0163iei politice \u015fi militare din Europa Occidental\u0103&#8221;.<\/h4>\n\n\n\n<h4 class=\"wp-block-heading\" id=\"in-chip-firesc-s-ar-putea-spune-conducerea-romana-si-a-indreptat-privirile-spre-paris-generalul-charles-de-gaulle-ducea-evident-in-alt-cadru-si-cu-alte-mijloace-o-politica-de-independenta-in-intelesul-scoaterii-frantei-de-sub-tutela-americana-partizan-al-europei-de-la-atlantic-la-ural-el-incerca-sa-elimine-divizarea-continentului-european-in-blocuri-militare-si-trebuia-sa-sprijine-cel-putin-in-principiu-o-politica-simetrica-in-fond-cu-a-sa-in-pactul-de-la-varsovia\">\u00cen chip firesc &#8211; s-ar putea spune -, conducerea rom\u00e2n\u0103 \u015fi-a \u00eendreptat privirile spre Paris. Generalul Charles de Gaulle ducea &#8211; evident, \u00een alt cadru \u015fi cu alte mijloace &#8211; o politic\u0103 de independen\u0163\u0103, \u00een \u00een\u0163elesul scoaterii Fran\u0163ei de sub tutela american\u0103. Partizan al &#8222;Europei de la Atlantic la Ural&#8221;, el \u00eencerca s\u0103 elimine divizarea continentului European \u00een blocuri militare, \u015fi trebuia s\u0103 sprijine &#8211; cel pu\u0163in \u00een principiu &#8211; o politic\u0103 simetric\u0103, \u00een fond, cu a sa \u00een Pactul de la Var\u015fovia.<\/h4>\n\n\n\n<h4 class=\"wp-block-heading\" id=\"acelasi-general-sejna-sustine-ca-serviciile-de-spionaj-sovietic-si-cehoslovac-obtinusera-informatii-despre-continutul-discutiilor-dintre-de-gaulle-si-maurer-cu-prilejul-vizitei-acestuia-la-paris-27-31-iulie-1964-maurer-a-sustinut-scrie-sejna-ca-romania-dorea-sa-si-urmeze-propriul-curs-national-dar-nu-putea-parasi-deocamdata-caer-din-cauza-ca-economia-ei-era-prea-strans-legata-de-el-intre-timp-ea-era-hotarata-sa-si-diversifice-economia-si-sa-stabileasca-relatii-mai-stranse-cu-occidentul\">Acela\u015fi general Sejna&nbsp; sus\u0163ine c\u0103 serviciile de spionaj sovietic \u015fi cehoslovac ob\u0163inuser\u0103 informa\u0163ii despre con\u0163inutul discu\u0163iilor dintre de Gaulle \u015fi Maurer, cu prilejul vizitei acestuia la Paris (27-31 iulie 1964). &#8222;Maurer a sus\u0163inut &#8211; scrie Sejna &#8211; c\u0103 Rom\u00e2nia dorea s\u0103-\u015fi urmeze propriul curs na\u0163ional, dar nu putea p\u0103r\u0103si deocamdat\u0103 CAER din cauz\u0103 c\u0103 economia ei era prea str\u00e2ns legat\u0103 de el. \u00centre timp, ea era hot\u0103r\u00e2t\u0103 s\u0103-\u015fi diversifice economia \u015fi s\u0103 stabileasc\u0103 rela\u0163ii mai str\u00e2nse cu Occidentul&#8221;.<\/h4>\n\n\n\n<h4 class=\"wp-block-heading\" id=\"potrivit-aceleeasi-surse-de-gaulle-l-a-asigurat-pe-maurer-ca-franta-va-ajuta-romania-sa-si-consolideze-independenta-si-i-va-da-ajutor-economic-si-politic-el-era-gata-sa-sustina-romania-daca-ar-fi-solicitat-sa-devina-membru-asociat-al-comunitatii-economice-europeene-si-franta-i-ar-fi-acordat-asistenta-daca-ea-ar-fi-fost-izolata-in-blocul-comunist-de-gaulle-a-mers-chiar-mai-departe-el-a-sugerat-ca-franta-putea-sa-devina-o-sursa-alternativa-de-arme-pentru-romania-si-o-va-ajuta-daca-ar-fi-invadata-de-trupele-pactului-de-la-varsovia\">Potrivit aceleea\u015fi&nbsp; surse, &#8221; de Gaulle l-a asigurat pe Maurer c\u0103 Fran\u0163a va ajuta Rom\u00e2nia s\u0103-\u015fi consolideze independen\u0163a \u015fi-i va da ajutor economic \u015fi politic. El era gata s\u0103 sus\u0163in\u0103 Rom\u00e2nia dac\u0103 ar fi solicitat s\u0103 devin\u0103 membru asociat al Comunit\u0103\u0163ii Economice Europeene \u015fi Fran\u0163a i-ar fi acordat asisten\u0163\u0103 dac\u0103 ea ar fi fost izolat\u0103 \u00een blocul comunist [&#8230;] De Gaulle a mers chiar mai departe : el a sugerat c\u0103 Fran\u0163a putea s\u0103 devin\u0103 o surs\u0103 alternativ\u0103 de arme pentru Rom\u00e2nia \u015fi o va ajuta dac\u0103 ar fi invadat\u0103 de trupele Pactului de la Var\u015fovia&#8221;.<\/h4>\n\n\n\n<h4 class=\"wp-block-heading\" id=\"afirmatiile-si-promisiunile-generalului-de-gaulle-au-produs-o-vie-iritare-la-moscova-de-indata-ce-ele-au-fost-cunoscute-gratie-spionajului-sovietic-sejna-spune-ca-reactia-maresalului-r-i-malinovski-ministrul-apararii-este-de-netiparit-maresalul-a-mai-spus-daca-de-gaulle-incearca-sa-si-indeplineasca-promisiunea-noi-vom-sti-inainte-ca-ordinele-sale-sa-ajunga-la-comandantul-armatei-franceze-la-randul-sau-in-august-1964-hrusciov-a-spus-liderilor-comunisti-cehoslovaci-ca-puteau-fi-tolerate-incercarile-romaniei-de-a-deveni-independenta-pe-plan-economic-de-caer-dar-daca-ei-romanii-n-n-sunt-atat-de-orbi-incat-sa-incerce-sa-iasa-din-pactul-de-la-varsovia-atunci-soldatii-nostri-si-nu-de-gaulle-vor-avea-ultimul-cuvant-si-cum-novotny-spusese-ca-nu-ar-fi-rau-daca-romania-ar-fi-exclusa-din-pactul-de-la-varsovia-hrusciov-a-replicat-furios-sunteti-total-si-cumplit-de-gresit-este-exact-ceea-ce-liderii-romani-doresc-intreaga-situatie-din-balcani-ar-deveni-de-necontrolat-este-o-obligatie-a-partidului-sovietic-n-n-sa-impiedice-romania-sa-paraseasca-pactul-si-sa-reuneasca-iugoslavia-si-albania-cu-familia-sovietica\">Afirma\u0163iile \u015fi promisiunile generalului de Gaulle au produs o vie iritare la Moscova, de \u00eendat\u0103 ce ele au fost cunoscute, gra\u0163ie spionajului sovietic. Sejna spune c\u0103 reac\u0163ia mare\u015falului R. I. Malinovski, ministrul Ap\u0103r\u0103rii, este &#8222;de netip\u0103rit&#8221;. Mare\u015falul a mai spus : &#8222;Dac\u0103 de Gaulle \u00eencearc\u0103 s\u0103-\u015fi \u00eendeplineasc\u0103 promisiunea, noi vom \u015fti \u00eenainte ca ordinele sale s\u0103 ajung\u0103 la comandantul armatei franceze&#8221;. La r\u00e2ndul s\u0103u, \u00een august 1964, Hru\u015fciov a spus liderilor comuni\u015fti cehoslovaci c\u0103 &#8222;puteau fi tolerate \u00eencerc\u0103rile Rom\u00e2niei de a deveni independent\u0103 pe plan economic de CAER, dar daca ei ( rom\u00e2nii-n.n.) sunt at\u00e2t de orbi \u00eenc\u00e2t s\u0103 \u00eencerce s\u0103 ias\u0103 din Pactul de la Var\u015fovia, atunci solda\u0163ii no\u015ftri \u015fi nu de Gaulle vor avea ultimul cuv\u00e2nt&#8221;, \u015fi cum Novotn\u00fd spusese c\u0103 &#8222;nu ar fi r\u0103u&#8221; dac\u0103 Rom\u00e2nia ar fi exclus\u0103 din Pactul de la Var\u015fovia, Hru\u015fciov a replicat furios:&#8221; Sunte\u0163i total \u015fi cumplit de gre\u015fit. Este exact ceea ce liderii rom\u00e2ni doresc. \u00centreaga situa\u0163ie din Balcani ar deveni de necontrolat. Este o obliga\u0163ie a partidului (sovietic &#8211; n.n.) s\u0103 \u00eempiedice Rom\u0103nia s\u0103 p\u0103r\u0103seasc\u0103 Pactul \u015fi s\u0103 reuneasc\u0103 Iugoslavia \u015fi Albania cu familia sovietic\u0103&#8221;.<\/h4>\n\n\n\n<h4 class=\"wp-block-heading\" id=\"din-datele-de-care-dispunem-astazi-reiese-ca-gheorghiu-dej-il-desemnase-ca-succesor-pe-gheorghe-apostol-dupa-ce-i-gh-maurer-refuzase-sa-preia-el-functia-de-prim-secretar-invocand-pe-buna-dreptate-ca-un-intelectual-nu-avea-putinta-sa-se-mentina-in-fruntea-unui-partid-muncitoresc-de-fapt-cu-o-traditie-antiintelectuala\">Din datele de care dispunem ast\u0103zi reiese ca Gheorghiu-Dej \u00eel desemnase ca succesor pe Gheorghe Apostol, dup\u0103 ce I. Gh. Maurer refuzase s\u0103 preia el func\u0163ia de prim-secretar, invoc\u00e2nd pe bun\u0103 dreptate, c\u0103 un intelectual nu avea putin\u0163a s\u0103 se men\u0163in\u0103 \u00een fruntea unui partid \u201cmuncitoresc\u201d&nbsp; ( de fapt, cu o tradi\u0163ie antiintelectual\u0103).<\/h4>\n\n\n\n<h4 class=\"wp-block-heading\" id=\"in-aranjarea-jocurilor-succesiunii-manuitorul-sforilor-a-fost-i-gh-maurer-care-a-izbutit-sa-l-impuna-pe-nicolae-ceausescu-desi-avea-o-proasta-parere-despre-capacitatile-sale-profesionale-cu-putin-timp-inainte-de-moartea-lui-gheorghiu-dej-el-ii-spusese-lui-alexandru-barladeanu-il-aducem-pe-ceausescu-la-guvern-maurer-era-prim-ministru-n-n-si-i-dam-un-minister-poate-chiar-ministerul-agriculturii-ca-sa-invete-ceva-nu-se-pricepe-la-nimic\">\u00cen aranjarea \u201cjocurilor\u201d succesiunii, m\u00e2nuitorul \u201csforilor\u201d a fost I. Gh. Maurer, care a izbutit s\u0103-l impun\u0103 pe Nicolae Ceau\u015fescu, de\u015fi avea o proast\u0103 p\u0103rere despre capacit\u0103\u0163ile sale profesionale; cu pu\u0163in timp \u00eenainte de moartea lui Gheorghiu-Dej, el \u00eei spusese lui Alexandru B\u00e2rl\u0103deanu&nbsp;: \u201c\u00cel aducem pe Ceau\u015fescu la guvern (Maurer era prim-ministru &#8211; n.n. ) \u015fi-i d\u0103m un minister, poate chiar Ministerul Agriculturii, ca s\u0103 \u00eenve\u0163e ceva. Nu se pricepe la&nbsp; nimic.\u201d<\/h4>\n\n\n\n<h4 class=\"wp-block-heading\" id=\"fostul-premier-si-a-explicat-el-insusi-alegerea-a-facut-o-de-fapt-pentru-a-si-asigura-supravietuirea-politica-maurer-se-identificase-cu-politica-de-independenta-si-cu-orientarea-antisovietica-de-fapt-de-iesire-de-sub-controlul-moscovei-daca-aceasta-politica-nu-era-continuata-cariera-lui-maurer-era-incheiata-mai-ales-ca-el-era-in-conducere-omul-lui-dej-dintre-membrii-biroului-politic-singurul-care-ii-aparea-lui-maurer-in-masura-sa-continue-politica-de-independenta-si-sa-tina-piept-moscovei-era-ceausescu-de-ce-fiindca-fusese-singurul-care-ii-luase-apararea-cand-hrusciov-il-atacase-direct-calculul-lui-maurer-era-determinat-prioritar-de-considerente-de-cariera-politica-si-numai-dupa-aceea-de-interesul-national\">Fostul premier \u015fi-a explicat el \u00eensu\u015fi alegerea. A f\u0103cut-o, de fapt, pentru a-\u015fi asigura supravie\u0163uirea politic\u0103. Maurer se identificase cu politica de independen\u0163\u0103 \u015fi cu orientarea \u201cantisovietic\u0103\u201d (de fapt, de ie\u015fire de sub controlul Moscovei). Dac\u0103 aceast\u0103 politic\u0103 nu era continuat\u0103, cariera lui Maurer era \u00eencheiat\u0103, mai ales ca el era \u00een conducere \u201comul lui Dej\u201d. Dintre membrii Biroului Politic singurul care \u00eei&nbsp; ap\u0103rea lui Maurer \u00een m\u0103sur\u0103 s\u0103 continue politica de independen\u0163\u0103 \u015fi s\u0103 \u0163in\u0103 piept Moscovei era Ceau\u015fescu. De ce? Fiindc\u0103 fusese singurul care \u00eei luase ap\u0103rarea c\u00e2nd Hru\u015fciov \u00eel atacase direct. Calculul lui Maurer era determinat, prioritar, de considerente de carier\u0103 politic\u0103 \u015fi numai dup\u0103 aceea de interesul na\u0163ional.<\/h4>\n\n\n\n<h4 class=\"wp-block-heading\" id=\"folosind-diviziunile-si-rivalitatile-din-biroul-politic-maurer-sprijinit-de-bodnaras-alaturat-liniei-nationale-si-de-alexandru-draghici-pe-atunci-in-bune-relatii-personale-cu-ceausescu-l-a-propus-pe-acesta-din-urma\">Folosind diviziunile \u015fi rivalit\u0103\u0163ile din Biroul Politic, Maurer, sprijinit de Bodn\u0103ra\u015f, al\u0103turat liniei na\u0163ionale, \u015fi de Alexandru Dr\u0103ghici, pe atunci \u00een bune rela\u0163ii personale cu Ceau\u015fescu, l-a propus pe acesta din urm\u0103.<\/h4>\n\n\n\n<h4 class=\"wp-block-heading\" id=\"s-a-afirmat-ca-cei-care-l-au-sprijinit-pe-ceausescu-maurer-in-primul-rand-au-facut-o-cu-gandul-ca-ar-putea-fi-usor-de-dominat-este-putin-probabil-ca-cineva-din-echipa-de-conducere-putea-sa-se-insele-atat-de-profund-asupra-noului-lider-prin-functiile-pe-care-le-detinuse-mai-ales-ca-secretar-cu-probleme-organizatorice-adica-al-doilea-dupa-primul-secretar-el-capatase-o-foarte-bogata-experienta-in-seraiul-partidului-iar-prin-luarile-de-pozitie-in-biroul-politic-se-vazuse-ca-nu-era-omul-care-sa-se-lase-manevrat-maurer-l-a-sprijinit-pe-ceausescu-nu-pentru-ca-spera-sa-l-conduca-el-ci-pentru-ca-era-convins-ca-va-apara-energic-orientarea-formulata-in-declaratia-din-aprilie\">S-a afirmat c\u0103 cei care l-au sprijinit pe Ceau\u015fescu &#8211; Maurer, \u00een primul r\u00e2nd \u2013 au f\u0103cut-o cu g\u00e2ndul c\u0103 ar putea fi u\u015for de dominat. Este pu\u0163in probabil ca cineva din echipa de conducere putea s\u0103 se \u00een\u015fele at\u00e2t de profund asupra noului lider. Prin func\u0163iile pe care le de\u0163inuse ( mai ales ca secretar cu probleme organizatorice, adic\u0103 al doilea dup\u0103 primul-secretar !) el c\u0103p\u0103tase o foarte bogat\u0103 experien\u0163\u0103 \u00een seraiul partidului, iar prin lu\u0103rile de pozi\u0163ie \u00een Biroul Politic se v\u0103zuse c\u0103 nu era omul care s\u0103 se lase manevrat. Maurer l-a sprijinit pe Ceau\u015fescu nu pentru c\u0103 spera s\u0103-l conduc\u0103 el, ci pentru c\u0103 era convins c\u0103 va ap\u0103ra energic orientarea formulat\u0103 \u00een \u201cDeclara\u0163ia din aprilie\u201d.<\/h4>\n\n\n\n<h4 class=\"wp-block-heading\" id=\"material-preluat-din-o-istorie-sincera-a-poporului-roman-florin-constantin-editura-univers-enciclopedic-bucuresti-2008\"><em>Material preluat din &#8222;O istorie sincera a poporului roman&#8221;, Florin Constantin, Editura Univers Enciclopedic, Bucuresti 2008<\/em><\/h4>\n        <div class=\"booster-block booster-reactions-block\">\n            <div class=\"twp-reactions-icons\">\n                \n                <div class=\"twp-reacts-wrap\">\n                    <a react-data=\"be-react-1\" post-id=\"4034\" class=\"be-face-icons un-reacted\" href=\"javascript:void(0)\">\n                        <img decoding=\"async\" src=\"https:\/\/desteptati-va.ro\/wp-content\/plugins\/booster-extension\/\/assets\/icon\/happy.svg\" alt=\"Happy\">\n                    <\/a>\n                    <div class=\"twp-reaction-title\">\n                        Happy                    <\/div>\n                    <div class=\"twp-count-percent\">\n                                                    <span style=\"display: none;\" class=\"twp-react-count\">0<\/span>\n                        \n                                                <span class=\"twp-react-percent\"><span>0<\/span> %<\/span>\n                                            <\/div>\n                <\/div>\n\n                <div class=\"twp-reacts-wrap\">\n                    <a react-data=\"be-react-2\" post-id=\"4034\" class=\"be-face-icons un-reacted\" href=\"javascript:void(0)\">\n                        <img decoding=\"async\" src=\"https:\/\/desteptati-va.ro\/wp-content\/plugins\/booster-extension\/\/assets\/icon\/sad.svg\" alt=\"Sad\">\n                    <\/a>\n                    <div class=\"twp-reaction-title\">\n                        Sad                    <\/div>\n                    <div class=\"twp-count-percent\">\n                                                    <span style=\"display: none;\" class=\"twp-react-count\">0<\/span>\n                                                                        <span class=\"twp-react-percent\"><span>0<\/span> %<\/span>\n                                            <\/div>\n                <\/div>\n\n                <div class=\"twp-reacts-wrap\">\n                    <a react-data=\"be-react-3\" post-id=\"4034\" class=\"be-face-icons un-reacted\" href=\"javascript:void(0)\">\n                        <img decoding=\"async\" src=\"https:\/\/desteptati-va.ro\/wp-content\/plugins\/booster-extension\/\/assets\/icon\/excited.svg\" alt=\"Excited\">\n                    <\/a>\n                    <div class=\"twp-reaction-title\">\n                        Excited                    <\/div>\n                    <div class=\"twp-count-percent\">\n                                                    <span style=\"display: none;\" class=\"twp-react-count\">0<\/span>\n                                                                        <span class=\"twp-react-percent\"><span>0<\/span> %<\/span>\n                                            <\/div>\n                <\/div>\n\n                <div class=\"twp-reacts-wrap\">\n                    <a react-data=\"be-react-6\" post-id=\"4034\" class=\"be-face-icons un-reacted\" href=\"javascript:void(0)\">\n                        <img decoding=\"async\" src=\"https:\/\/desteptati-va.ro\/wp-content\/plugins\/booster-extension\/\/assets\/icon\/sleepy.svg\" alt=\"Sleepy\">\n                    <\/a>\n                    <div class=\"twp-reaction-title\">\n                        Sleepy                    <\/div>\n                    <div class=\"twp-count-percent\">\n                                                    <span style=\"display: none;\" class=\"twp-react-count\">0<\/span>\n                        \n                                                <span class=\"twp-react-percent\"><span>0<\/span> %<\/span>\n                                            <\/div>\n                <\/div>\n\n                <div class=\"twp-reacts-wrap\">\n                    <a react-data=\"be-react-4\" post-id=\"4034\" class=\"be-face-icons un-reacted\" href=\"javascript:void(0)\">\n                        <img decoding=\"async\" src=\"https:\/\/desteptati-va.ro\/wp-content\/plugins\/booster-extension\/\/assets\/icon\/angry.svg\" alt=\"Angry\">\n                    <\/a>\n                    <div class=\"twp-reaction-title\">Angry<\/div>\n                    <div class=\"twp-count-percent\">\n                                                    <span style=\"display: none;\" class=\"twp-react-count\">0<\/span>\n                                                                        <span class=\"twp-react-percent\"><span>0<\/span> %<\/span>\n                        \n                    <\/div>\n                <\/div>\n\n                <div class=\"twp-reacts-wrap\">\n                    <a react-data=\"be-react-5\" post-id=\"4034\" class=\"be-face-icons un-reacted\" href=\"javascript:void(0)\">\n                        <img decoding=\"async\" src=\"https:\/\/desteptati-va.ro\/wp-content\/plugins\/booster-extension\/\/assets\/icon\/surprise.svg\" alt=\"Surprise\">\n                    <\/a>\n                    <div class=\"twp-reaction-title\">Surprise<\/div>\n                    <div class=\"twp-count-percent\">\n                                                    <span style=\"display: none;\" class=\"twp-react-count\">0<\/span>\n                                                                        <span class=\"twp-react-percent\"><span>0<\/span> %<\/span>\n                                            <\/div>\n                <\/div>\n\n            <\/div>\n        <\/div>\n\n    <\/div>","protected":false},"excerpt":{"rendered":"<p>&nbsp; Distan\u0163area de Moscova s-a manifestat cu deosebire \u00een refuzul de a accepta vederile sovietice \u00een a\u015fa-numita \u201ediviziune interna\u0163ional\u0103 socialist\u0103<a href=\"https:\/\/desteptati-va.ro\/index.php\/2021\/04\/19\/disputa-comunistilor-romani-cu-moscova\/\">Read More<i class=\"fa fa-long-arrow-right\" aria-hidden=\"true\"><\/i><\/a><\/p>\n","protected":false},"author":1,"featured_media":1274,"comment_status":"open","ping_status":"open","sticky":false,"template":"","format":"standard","meta":{"_crdt_document":"","footnotes":""},"categories":[15],"tags":[1403,590,1434,59,60,1435,262,1436,602,395,179,274],"class_list":["post-4034","post","type-post","status-publish","format-standard","has-post-thumbnail","hentry","category-hegemonia-sovietica","tag-caer","tag-cc","tag-comunisti","tag-desteptati","tag-desteptati-va","tag-gherghiu-dej","tag-moscova","tag-pcus","tag-pmr","tag-romani","tag-romania","tag-stalin"],"rise-blocks_total_comments":0,"rise-blocks_categories":[{"term_id":15,"name":"Hegemonia Sovietica","slug":"hegemonia-sovietica","term_group":0,"term_taxonomy_id":15,"taxonomy":"category","description":"","parent":0,"count":8,"filter":"raw"}],"rise-blocks_excerpt":"&nbsp; Distan\u0163area de Moscova s-a manifestat cu deosebire \u00een refuzul de a accepta vederile sovietice \u00een a\u015fa-numita \u201ediviziune interna\u0163ional\u0103 socialist\u0103 a muncii\u201d, de fapt o specializare economic\u0103 a \u0163\u0103rilor din sfera de influen\u0163\u0103 sovietic\u0103, specializare controlata, se \u00een\u0163elege, de Moscova, preocupat\u0103 tot mai mult de succesele \u0163\u0103rilor vest-europeene membre ale Pie\u0163ei Comune. Invoc\u00e2nd principiul sovietic al rolului determinant al industriei..","yoast_head":"<!-- This site is optimized with the Yoast SEO plugin v26.9 - https:\/\/yoast.com\/product\/yoast-seo-wordpress\/ -->\r\n<title>Disputa comuni\u0219tilor rom\u00e2ni cu Moscova -<\/title>\r\n<meta name=\"robots\" content=\"index, follow, max-snippet:-1, max-image-preview:large, max-video-preview:-1\" \/>\r\n<link rel=\"canonical\" href=\"https:\/\/desteptati-va.ro\/index.php\/2021\/04\/19\/disputa-comunistilor-romani-cu-moscova\/\" \/>\r\n<meta property=\"og:locale\" content=\"ro_RO\" \/>\r\n<meta property=\"og:type\" content=\"article\" \/>\r\n<meta property=\"og:title\" content=\"Disputa comuni\u0219tilor rom\u00e2ni cu Moscova -\" \/>\r\n<meta property=\"og:description\" content=\"&nbsp; Distan\u0163area de Moscova s-a manifestat cu deosebire \u00een refuzul de a accepta vederile sovietice \u00een a\u015fa-numita \u201ediviziune interna\u0163ional\u0103 socialist\u0103Read More\" \/>\r\n<meta property=\"og:url\" content=\"https:\/\/desteptati-va.ro\/index.php\/2021\/04\/19\/disputa-comunistilor-romani-cu-moscova\/\" \/>\r\n<meta property=\"article:published_time\" content=\"2021-04-19T10:06:11+00:00\" \/>\r\n<meta property=\"article:modified_time\" content=\"2022-01-17T21:52:56+00:00\" \/>\r\n<meta property=\"og:image\" content=\"https:\/\/desteptati-va.ro\/wp-content\/uploads\/2021\/04\/urss111111.jpg\" \/>\r\n\t<meta property=\"og:image:width\" content=\"280\" \/>\r\n\t<meta property=\"og:image:height\" content=\"190\" \/>\r\n\t<meta property=\"og:image:type\" content=\"image\/jpeg\" \/>\r\n<meta name=\"author\" content=\"wolfsoftcompany\" \/>\r\n<meta name=\"twitter:card\" content=\"summary_large_image\" \/>\r\n<meta name=\"twitter:label1\" content=\"Scris de\" \/>\n\t<meta name=\"twitter:data1\" content=\"wolfsoftcompany\" \/>\n\t<meta name=\"twitter:label2\" content=\"Timp estimat pentru citire\" \/>\n\t<meta name=\"twitter:data2\" content=\"17 minute\" \/>\r\n<script type=\"application\/ld+json\" class=\"yoast-schema-graph\">{\"@context\":\"https:\/\/schema.org\",\"@graph\":[{\"@type\":\"Article\",\"@id\":\"https:\/\/desteptati-va.ro\/index.php\/2021\/04\/19\/disputa-comunistilor-romani-cu-moscova\/#article\",\"isPartOf\":{\"@id\":\"https:\/\/desteptati-va.ro\/index.php\/2021\/04\/19\/disputa-comunistilor-romani-cu-moscova\/\"},\"author\":{\"name\":\"wolfsoftcompany\",\"@id\":\"https:\/\/desteptati-va.ro\/#\/schema\/person\/13182deeebd44920914899f7bb262d6b\"},\"headline\":\"Disputa comuni\u0219tilor rom\u00e2ni cu Moscova\",\"datePublished\":\"2021-04-19T10:06:11+00:00\",\"dateModified\":\"2022-01-17T21:52:56+00:00\",\"mainEntityOfPage\":{\"@id\":\"https:\/\/desteptati-va.ro\/index.php\/2021\/04\/19\/disputa-comunistilor-romani-cu-moscova\/\"},\"wordCount\":3395,\"commentCount\":0,\"image\":{\"@id\":\"https:\/\/desteptati-va.ro\/index.php\/2021\/04\/19\/disputa-comunistilor-romani-cu-moscova\/#primaryimage\"},\"thumbnailUrl\":\"https:\/\/desteptati-va.ro\/wp-content\/uploads\/2021\/04\/urss111111.jpg\",\"keywords\":[\"CAER\",\"CC\",\"comunisti\",\"desteptati\",\"desteptati-va\",\"Gherghiu-Dej\",\"Moscova\",\"PCUS\",\"PMR\",\"romani\",\"Romania\",\"Stalin\"],\"articleSection\":[\"Hegemonia Sovietica\"],\"inLanguage\":\"ro-RO\",\"potentialAction\":[{\"@type\":\"CommentAction\",\"name\":\"Comment\",\"target\":[\"https:\/\/desteptati-va.ro\/index.php\/2021\/04\/19\/disputa-comunistilor-romani-cu-moscova\/#respond\"]}]},{\"@type\":\"WebPage\",\"@id\":\"https:\/\/desteptati-va.ro\/index.php\/2021\/04\/19\/disputa-comunistilor-romani-cu-moscova\/\",\"url\":\"https:\/\/desteptati-va.ro\/index.php\/2021\/04\/19\/disputa-comunistilor-romani-cu-moscova\/\",\"name\":\"Disputa comuni\u0219tilor rom\u00e2ni cu Moscova -\",\"isPartOf\":{\"@id\":\"https:\/\/desteptati-va.ro\/#website\"},\"primaryImageOfPage\":{\"@id\":\"https:\/\/desteptati-va.ro\/index.php\/2021\/04\/19\/disputa-comunistilor-romani-cu-moscova\/#primaryimage\"},\"image\":{\"@id\":\"https:\/\/desteptati-va.ro\/index.php\/2021\/04\/19\/disputa-comunistilor-romani-cu-moscova\/#primaryimage\"},\"thumbnailUrl\":\"https:\/\/desteptati-va.ro\/wp-content\/uploads\/2021\/04\/urss111111.jpg\",\"datePublished\":\"2021-04-19T10:06:11+00:00\",\"dateModified\":\"2022-01-17T21:52:56+00:00\",\"author\":{\"@id\":\"https:\/\/desteptati-va.ro\/#\/schema\/person\/13182deeebd44920914899f7bb262d6b\"},\"breadcrumb\":{\"@id\":\"https:\/\/desteptati-va.ro\/index.php\/2021\/04\/19\/disputa-comunistilor-romani-cu-moscova\/#breadcrumb\"},\"inLanguage\":\"ro-RO\",\"potentialAction\":[{\"@type\":\"ReadAction\",\"target\":[\"https:\/\/desteptati-va.ro\/index.php\/2021\/04\/19\/disputa-comunistilor-romani-cu-moscova\/\"]}]},{\"@type\":\"ImageObject\",\"inLanguage\":\"ro-RO\",\"@id\":\"https:\/\/desteptati-va.ro\/index.php\/2021\/04\/19\/disputa-comunistilor-romani-cu-moscova\/#primaryimage\",\"url\":\"https:\/\/desteptati-va.ro\/wp-content\/uploads\/2021\/04\/urss111111.jpg\",\"contentUrl\":\"https:\/\/desteptati-va.ro\/wp-content\/uploads\/2021\/04\/urss111111.jpg\",\"width\":280,\"height\":190,\"caption\":\"Russian servicemen march during a Victory Day ceremony at Red Square in Moscow May 9, 2009. President Dmitry Medvedev warned against \\\"military adventurism\\\" on Saturday, saying Russia would firmly defend its interests -- just as it did during World War Two when the Soviet Union defeated fascism. Medvedev, opening the biggest and most spectacular Victory Day parade in modern Russia's history, clearly aimed his warning at post-Soviet neighbour Georgia which Russia defeated in a five-day war last August.REUTERS\/Grigory Dukor (RUSSIA MILITARY POLITICS ANNIVERSARY)\"},{\"@type\":\"BreadcrumbList\",\"@id\":\"https:\/\/desteptati-va.ro\/index.php\/2021\/04\/19\/disputa-comunistilor-romani-cu-moscova\/#breadcrumb\",\"itemListElement\":[{\"@type\":\"ListItem\",\"position\":1,\"name\":\"Prima pagin\u0103\",\"item\":\"https:\/\/desteptati-va.ro\/\"},{\"@type\":\"ListItem\",\"position\":2,\"name\":\"Disputa comuni\u0219tilor rom\u00e2ni cu Moscova\"}]},{\"@type\":\"WebSite\",\"@id\":\"https:\/\/desteptati-va.ro\/#website\",\"url\":\"https:\/\/desteptati-va.ro\/\",\"name\":\"\",\"description\":\"\",\"potentialAction\":[{\"@type\":\"SearchAction\",\"target\":{\"@type\":\"EntryPoint\",\"urlTemplate\":\"https:\/\/desteptati-va.ro\/?s={search_term_string}\"},\"query-input\":{\"@type\":\"PropertyValueSpecification\",\"valueRequired\":true,\"valueName\":\"search_term_string\"}}],\"inLanguage\":\"ro-RO\"},{\"@type\":\"Person\",\"@id\":\"https:\/\/desteptati-va.ro\/#\/schema\/person\/13182deeebd44920914899f7bb262d6b\",\"name\":\"wolfsoftcompany\",\"image\":{\"@type\":\"ImageObject\",\"inLanguage\":\"ro-RO\",\"@id\":\"https:\/\/desteptati-va.ro\/#\/schema\/person\/image\/\",\"url\":\"https:\/\/secure.gravatar.com\/avatar\/a6cce9b6d101d27d91690e7073e300fed94c0899890bf998e082cb9d2c3d121e?s=96&d=mm&r=g\",\"contentUrl\":\"https:\/\/secure.gravatar.com\/avatar\/a6cce9b6d101d27d91690e7073e300fed94c0899890bf998e082cb9d2c3d121e?s=96&d=mm&r=g\",\"caption\":\"wolfsoftcompany\"},\"sameAs\":[\"http:\/\/desteptati-va.ro\"],\"url\":\"https:\/\/desteptati-va.ro\/index.php\/author\/wolfsoftcompany\/\"}]}<\/script>\r\n<!-- \/ Yoast SEO plugin. -->","yoast_head_json":{"title":"Disputa comuni\u0219tilor rom\u00e2ni cu Moscova -","robots":{"index":"index","follow":"follow","max-snippet":"max-snippet:-1","max-image-preview":"max-image-preview:large","max-video-preview":"max-video-preview:-1"},"canonical":"https:\/\/desteptati-va.ro\/index.php\/2021\/04\/19\/disputa-comunistilor-romani-cu-moscova\/","og_locale":"ro_RO","og_type":"article","og_title":"Disputa comuni\u0219tilor rom\u00e2ni cu Moscova -","og_description":"&nbsp; Distan\u0163area de Moscova s-a manifestat cu deosebire \u00een refuzul de a accepta vederile sovietice \u00een a\u015fa-numita \u201ediviziune interna\u0163ional\u0103 socialist\u0103Read More","og_url":"https:\/\/desteptati-va.ro\/index.php\/2021\/04\/19\/disputa-comunistilor-romani-cu-moscova\/","article_published_time":"2021-04-19T10:06:11+00:00","article_modified_time":"2022-01-17T21:52:56+00:00","og_image":[{"width":280,"height":190,"url":"https:\/\/desteptati-va.ro\/wp-content\/uploads\/2021\/04\/urss111111.jpg","type":"image\/jpeg"}],"author":"wolfsoftcompany","twitter_card":"summary_large_image","twitter_misc":{"Scris de":"wolfsoftcompany","Timp estimat pentru citire":"17 minute"},"schema":{"@context":"https:\/\/schema.org","@graph":[{"@type":"Article","@id":"https:\/\/desteptati-va.ro\/index.php\/2021\/04\/19\/disputa-comunistilor-romani-cu-moscova\/#article","isPartOf":{"@id":"https:\/\/desteptati-va.ro\/index.php\/2021\/04\/19\/disputa-comunistilor-romani-cu-moscova\/"},"author":{"name":"wolfsoftcompany","@id":"https:\/\/desteptati-va.ro\/#\/schema\/person\/13182deeebd44920914899f7bb262d6b"},"headline":"Disputa comuni\u0219tilor rom\u00e2ni cu Moscova","datePublished":"2021-04-19T10:06:11+00:00","dateModified":"2022-01-17T21:52:56+00:00","mainEntityOfPage":{"@id":"https:\/\/desteptati-va.ro\/index.php\/2021\/04\/19\/disputa-comunistilor-romani-cu-moscova\/"},"wordCount":3395,"commentCount":0,"image":{"@id":"https:\/\/desteptati-va.ro\/index.php\/2021\/04\/19\/disputa-comunistilor-romani-cu-moscova\/#primaryimage"},"thumbnailUrl":"https:\/\/desteptati-va.ro\/wp-content\/uploads\/2021\/04\/urss111111.jpg","keywords":["CAER","CC","comunisti","desteptati","desteptati-va","Gherghiu-Dej","Moscova","PCUS","PMR","romani","Romania","Stalin"],"articleSection":["Hegemonia Sovietica"],"inLanguage":"ro-RO","potentialAction":[{"@type":"CommentAction","name":"Comment","target":["https:\/\/desteptati-va.ro\/index.php\/2021\/04\/19\/disputa-comunistilor-romani-cu-moscova\/#respond"]}]},{"@type":"WebPage","@id":"https:\/\/desteptati-va.ro\/index.php\/2021\/04\/19\/disputa-comunistilor-romani-cu-moscova\/","url":"https:\/\/desteptati-va.ro\/index.php\/2021\/04\/19\/disputa-comunistilor-romani-cu-moscova\/","name":"Disputa comuni\u0219tilor rom\u00e2ni cu Moscova -","isPartOf":{"@id":"https:\/\/desteptati-va.ro\/#website"},"primaryImageOfPage":{"@id":"https:\/\/desteptati-va.ro\/index.php\/2021\/04\/19\/disputa-comunistilor-romani-cu-moscova\/#primaryimage"},"image":{"@id":"https:\/\/desteptati-va.ro\/index.php\/2021\/04\/19\/disputa-comunistilor-romani-cu-moscova\/#primaryimage"},"thumbnailUrl":"https:\/\/desteptati-va.ro\/wp-content\/uploads\/2021\/04\/urss111111.jpg","datePublished":"2021-04-19T10:06:11+00:00","dateModified":"2022-01-17T21:52:56+00:00","author":{"@id":"https:\/\/desteptati-va.ro\/#\/schema\/person\/13182deeebd44920914899f7bb262d6b"},"breadcrumb":{"@id":"https:\/\/desteptati-va.ro\/index.php\/2021\/04\/19\/disputa-comunistilor-romani-cu-moscova\/#breadcrumb"},"inLanguage":"ro-RO","potentialAction":[{"@type":"ReadAction","target":["https:\/\/desteptati-va.ro\/index.php\/2021\/04\/19\/disputa-comunistilor-romani-cu-moscova\/"]}]},{"@type":"ImageObject","inLanguage":"ro-RO","@id":"https:\/\/desteptati-va.ro\/index.php\/2021\/04\/19\/disputa-comunistilor-romani-cu-moscova\/#primaryimage","url":"https:\/\/desteptati-va.ro\/wp-content\/uploads\/2021\/04\/urss111111.jpg","contentUrl":"https:\/\/desteptati-va.ro\/wp-content\/uploads\/2021\/04\/urss111111.jpg","width":280,"height":190,"caption":"Russian servicemen march during a Victory Day ceremony at Red Square in Moscow May 9, 2009. President Dmitry Medvedev warned against \"military adventurism\" on Saturday, saying Russia would firmly defend its interests -- just as it did during World War Two when the Soviet Union defeated fascism. Medvedev, opening the biggest and most spectacular Victory Day parade in modern Russia's history, clearly aimed his warning at post-Soviet neighbour Georgia which Russia defeated in a five-day war last August.REUTERS\/Grigory Dukor (RUSSIA MILITARY POLITICS ANNIVERSARY)"},{"@type":"BreadcrumbList","@id":"https:\/\/desteptati-va.ro\/index.php\/2021\/04\/19\/disputa-comunistilor-romani-cu-moscova\/#breadcrumb","itemListElement":[{"@type":"ListItem","position":1,"name":"Prima pagin\u0103","item":"https:\/\/desteptati-va.ro\/"},{"@type":"ListItem","position":2,"name":"Disputa comuni\u0219tilor rom\u00e2ni cu Moscova"}]},{"@type":"WebSite","@id":"https:\/\/desteptati-va.ro\/#website","url":"https:\/\/desteptati-va.ro\/","name":"","description":"","potentialAction":[{"@type":"SearchAction","target":{"@type":"EntryPoint","urlTemplate":"https:\/\/desteptati-va.ro\/?s={search_term_string}"},"query-input":{"@type":"PropertyValueSpecification","valueRequired":true,"valueName":"search_term_string"}}],"inLanguage":"ro-RO"},{"@type":"Person","@id":"https:\/\/desteptati-va.ro\/#\/schema\/person\/13182deeebd44920914899f7bb262d6b","name":"wolfsoftcompany","image":{"@type":"ImageObject","inLanguage":"ro-RO","@id":"https:\/\/desteptati-va.ro\/#\/schema\/person\/image\/","url":"https:\/\/secure.gravatar.com\/avatar\/a6cce9b6d101d27d91690e7073e300fed94c0899890bf998e082cb9d2c3d121e?s=96&d=mm&r=g","contentUrl":"https:\/\/secure.gravatar.com\/avatar\/a6cce9b6d101d27d91690e7073e300fed94c0899890bf998e082cb9d2c3d121e?s=96&d=mm&r=g","caption":"wolfsoftcompany"},"sameAs":["http:\/\/desteptati-va.ro"],"url":"https:\/\/desteptati-va.ro\/index.php\/author\/wolfsoftcompany\/"}]}},"_links":{"self":[{"href":"https:\/\/desteptati-va.ro\/index.php\/wp-json\/wp\/v2\/posts\/4034","targetHints":{"allow":["GET"]}}],"collection":[{"href":"https:\/\/desteptati-va.ro\/index.php\/wp-json\/wp\/v2\/posts"}],"about":[{"href":"https:\/\/desteptati-va.ro\/index.php\/wp-json\/wp\/v2\/types\/post"}],"author":[{"embeddable":true,"href":"https:\/\/desteptati-va.ro\/index.php\/wp-json\/wp\/v2\/users\/1"}],"replies":[{"embeddable":true,"href":"https:\/\/desteptati-va.ro\/index.php\/wp-json\/wp\/v2\/comments?post=4034"}],"version-history":[{"count":2,"href":"https:\/\/desteptati-va.ro\/index.php\/wp-json\/wp\/v2\/posts\/4034\/revisions"}],"predecessor-version":[{"id":4477,"href":"https:\/\/desteptati-va.ro\/index.php\/wp-json\/wp\/v2\/posts\/4034\/revisions\/4477"}],"wp:featuredmedia":[{"embeddable":true,"href":"https:\/\/desteptati-va.ro\/index.php\/wp-json\/wp\/v2\/media\/1274"}],"wp:attachment":[{"href":"https:\/\/desteptati-va.ro\/index.php\/wp-json\/wp\/v2\/media?parent=4034"}],"wp:term":[{"taxonomy":"category","embeddable":true,"href":"https:\/\/desteptati-va.ro\/index.php\/wp-json\/wp\/v2\/categories?post=4034"},{"taxonomy":"post_tag","embeddable":true,"href":"https:\/\/desteptati-va.ro\/index.php\/wp-json\/wp\/v2\/tags?post=4034"}],"curies":[{"name":"wp","href":"https:\/\/api.w.org\/{rel}","templated":true}]}}