{"id":4046,"date":"2021-04-19T10:24:30","date_gmt":"2021-04-19T10:24:30","guid":{"rendered":"http:\/\/desteptati.ro\/?p=4046"},"modified":"2021-04-19T10:24:30","modified_gmt":"2021-04-19T10:24:30","slug":"de-ce-a-fost-asasinat-ceausescu","status":"publish","type":"post","link":"https:\/\/desteptati-va.ro\/index.php\/2021\/04\/19\/de-ce-a-fost-asasinat-ceausescu\/","title":{"rendered":"De ce a fost asasinat Ceau\u015fescu"},"content":{"rendered":"<div class=\"post-content\"><div class='booster-block booster-read-block'>\n                <div class=\"twp-read-time\">\n                \t<i class=\"booster-icon twp-clock\"><\/i> <span>Read Time:<\/span>14 Minute, 31 Second                <\/div>\n\n            <\/div><h4 style=\"text-align: justify;\">Cu privire la subiect, \u00een mod sigur voi primi \u015fi de aceast\u0103 dat\u0103 o invita\u0163ie c\u0103lduroas\u0103 de a merge s\u0103 m\u0103 \u00eent\u00eelnesc cu f\u0103uritorii mei, \u00eens\u0103, dac\u0103 toat\u0103 lumea ar fi iubit adev\u0103rul, dac\u0103 unii ziari\u015fti din \u0162ar\u0103 nu s-ar fi v\u00eendut asasinilor, adev\u0103rul n-ar mai fi umblat ast\u0103zi zdren\u0163uros \u015fi cu capul spart. Nici nu-\u015fi intr\u0103 bine decembrie, c\u0103 presa o d\u0103 cotit\u0103 \u015fi \u00eenv\u00eertit\u0103 cu asasinarea so\u0163ilor Ceau\u015fescu. Indiferent ce a fost \u015fi cum a fost Pre\u015fedintele Republicii Socialiste Rom\u00e2nia (pentru cei mai tineri, a\u015fa era denumirea oficial\u0103 a \u0163\u0103rii noastre \u00een 1989), Nicolae Ceau\u015fescu \u015fi so\u0163ia sa, Elena Ceau\u015fescu, erau oameni de stat, \u015fi au fost elimina\u0163i \u00een stil mafiot, prin \u00eempu\u015fcare cu rafale de Kalashnikov, \u00een marea S\u0103rb\u0103toare a Sf\u00eentului Cr\u0103ciun, dup\u0103 o \u201ejudecat\u0103\u201d sumar\u0103 \u015fi str\u00eemb\u0103. Dup\u0103 execu\u0163ia barbar\u0103 \u015fi ru\u015finoas\u0103, dictat\u0103 pe 24 decembrie, prin telefon de la Bucure\u015fti, de un grup din care f\u0103ceau parte Brucan, Iliescu, M\u0103gureanu, Roman, Voican, Militaru, Kemenici, care aveau garan\u0163ia impunit\u0103\u0163ii lor, totul s-a pr\u0103bu\u015fit \u00een Rom\u00e2nia \u015fi am ajuns realmente sclavi \u00eentr-o s\u0103r\u0103cie lucie. C\u00eet curaj au Petre Roman \u015fi restul asasinilor c\u00eend afirm\u0103 c\u0103 \u201etrupurile Ceau\u015fe\u015ftilor \u015fi filmul execu\u0163iei au disp\u0103rut timp de c\u00eeteva ore! Ex pre\u015fedintele Rom\u00e2niei \u015fi so\u0163ia sa, Elena Ceau\u015fescu, nu au fost condamna\u0163i de un tribunal oficial. Au fost executa\u0163i potrivit unei h\u00eertii scris\u0103 \u015fi semnat\u0103 la data de 23 decembrie 1989, de c\u0103tre Ion Iliescu, dat\u0103 la care nu avea nici o calitate oficial\u0103 \u00een conducerea statului rom\u00e2n, \u00een afar\u0103 de cea de \u015fef al g\u0103\u015ftii de \u201eprofitori sub acoperire\u201d de revolu\u0163ionari, ce \u00eencercau anihilarea adev\u0103ra\u0163ilor revolu\u0163ionari, pentru a nu sc\u0103pa din m\u00een\u0103 puterea. Conform zicalei \u201efrica p\u0103ze\u015fte bost\u0103n\u0103ria\u201d, la scut timp dup\u0103 asasinarea celor doi, de team\u0103 c\u0103 poate le va veni r\u00eendul \u015fi lor, c\u0103l\u0103ii au trecut urgent la abolirea pedepsei capitale \u00een Rom\u00e2nia. Ceau\u015fe\u015ftii au fost uci\u015fi cu s\u00eenge rece, iar cei implica\u0163i \u00een asasinarea cuplului preziden\u0163ial ar trebui sa r\u0103spund\u0103 \u00een fa\u0163a legii. Acum!<\/h4>\r\n<h4 style=\"text-align: justify;\">Cu prilejul discursurilor publice, Pre\u015fedintele Nicolae Ceau\u015fescu atr\u0103gea aten\u0163ia cu privire la pericolul imperialismului, care poate duce la pierderea identit\u0103\u0163ii economice, a identit\u0103\u0163ii de neam \u015fi chiar a independen\u0163ei na\u0163ionale. A\u015fa s-a \u015fi \u00eent\u00eemplat dup\u0103 lovitura de stat. Cerceta\u0163i documentele, a\u015fa am f\u0103cut \u015fi eu, apoi o s\u0103 vre\u0163i s\u0103 \u00eel comemora\u0163i. Politica extern\u0103 a lui Nicolae Ceau\u015fescu se baza pe \u201eneamestecul \u00een treburile interne ale altor state\u201d. \u015ei pentru c\u0103 pe plan interna\u0163ional fostul pre\u015fedinte ac\u0163iona \u015fi g\u00eendea rom\u00e2ne\u015fte, trebuia \u00eenl\u0103turat \u015fi \u00eenlocuit cu o marionet\u0103 care g\u00eendea \u015fi ac\u0163iona pe dublu canal: \u00een favoarea marilor puteri capitaliste, dar p\u0103stra, prin telefonul ro\u015fu, conexiunea cu Moscova. Cinismul cu care un plutonier, pe numele s\u0103u Dorin C\u00e2rlan relata anul trecut execu\u0163ia lui Ceau\u015fescu \u015fi a so\u0163iei sale, la un post central de televiziune, citez <strong><em>\u201eam f\u0103cut-o ferfeni\u0163\u0103 pe Elena Ceau\u015fescu \u015fi i-am scos polimerii din cap odat\u0103 cu creierii, oasele \u015fi s\u00eengele!\u201d<\/em><\/strong>, m-a cutremurat \u015fi m-a determinat s\u0103 cred c\u0103 omul are bujiile ancrasate. Ori s-a scr\u00eentit dup\u0103 crimele comise. Ori a fost special ales \u00een plutonul de execu\u0163ie, pentru c\u0103 nu era \u00eentreg la minte. Plutonierul acesta \u00eempu\u015fcase doi oameni, nu cu un glon\u0163, ci cu rafale \u015fi deborda de entuziasm infantil pe ecran, fac\u00eend din asta o bravad\u0103 public\u0103. Cei care au \u00eenf\u0103ptuit asasinatul \u015fi cei care l-au comandat, \u00een urma mascaradei judiciare, n-au nicio scuz\u0103. Cu toate c\u0103 au ac\u0163ionat la comand\u0103 extern\u0103 \u015fi intern\u0103 \u015fi sub manipul\u0103rile ce au guvernat lovitura de stat din 1989. Se pare c\u0103 avem o voca\u0163ie de a ne asasina patrio\u0163ii. Istoria st\u0103 m\u0103rturie. La fel ca \u015fi Mare\u015falul Ion Antonescu, Ceau\u015fescu a strigat \u00eenaintea primul glon\u0163: \u201eTr\u0103iasc\u0103 Rom\u00e2nia liber\u0103 \u015fi independent\u0103, moarte tr\u0103d\u0103torilor!\u201d S-a avut mare grij\u0103, \u00eens\u0103, ca aceast\u0103 parte a filmului (cosmetizat, falsificat \u015fi trucat) difuzat p\u00een\u0103 la intoxica\u0163ie, \u00een fiecare an, \u00eenainte de Cr\u0103ciun \u015fi care a f\u0103cut \u00eenconjurul lumii, s\u0103 nu ajung\u0103 la public, s\u0103 fie t\u0103iat\u0103. De fapt un asasinat politic abominabil, la scara istoriei, o ru\u015fine pentru noi, execu\u0163ia cuplului preziden\u0163ial Nicolae \u015fi Elena Ceau\u015fesc pe 25 Decembrie, la Sf\u00eenta S\u0103rb\u0103toare a Na\u015fterii M\u00eentuitorului, este un asasinat anticre\u015ftin, iar sub acest blestem a urmat involu\u0163ia poporului \u00een libertatea \u015fi democra\u0163ia mult-visat\u0103 de naivi. Asasinarea so\u0163ilor Ceau\u015fescu a fost folosit\u0103 ca \u201eo veste minunat\u0103\u201d \u00een presa vremii. Toate ziarele titrau cu litere de-o \u015fchiop\u0103: \u201eO veste minunat\u0103: dictatorul a fost prins \u015fi \u00eempu\u015fcat!\u201d O manipulare grosolan\u0103! Asasinatul \u00eenlocuise vestea minunat\u0103 a Na\u015fterii Domnului Iisus, s\u0103rb\u0103toarea cre\u015ftinului rom\u00e2n.<\/h4>\r\n<figure id=\"attachment_4130\" aria-describedby=\"caption-attachment-4130\" style=\"width: 300px\" class=\"wp-caption aligncenter\"><a href=\"http:\/\/www.desteptati-va.ro\/wp-content\/uploads\/2014\/01\/images2.jpeg\"><img loading=\"lazy\" decoding=\"async\" class=\"size-full wp-image-4130\" title=\"images2\" src=\"http:\/\/www.desteptati-va.ro\/wp-content\/uploads\/2014\/01\/images2.jpeg\" alt=\"Elena si Nicola Ceausescu in seara de 25 dec 1989\" width=\"300\" height=\"168\" \/><\/a><figcaption id=\"caption-attachment-4130\" class=\"wp-caption-text\">Elena si Nicola Ceausescu in seara de 25 dec 1989<\/figcaption><\/figure>\r\n<h4 style=\"text-align: justify;\">Ceau\u015fescu le st\u0103tea \u00een cap occidentalilor. De fapt a fost omor\u00eet pentru c\u0103 a ridicat \u0162ara de la stadiul de semifeudalism la cel al civiliza\u0163iei. Devenise incomod puterilor Occidentului. Ceau\u015fescu a oferit rom\u00e2nilor: educa\u0163ie de \u00eenalt\u0103 clas\u0103, \u00eentr-un \u00eenv\u0103\u0163\u0103m\u00eent gratuit, loc de munc\u0103 garantat, locuin\u0163\u0103 pentru fiecare familie sau t\u00eenar, asisten\u0163\u0103 medical\u0103 gratuit\u0103 (chiar dac\u0103 nu se ridica la standardele europene de ast\u0103zi, c\u00eend rom\u00e2nii mor cu zile). A oferit demnitate uman\u0103 \u015fi protec\u0163ie social\u0103 Ce-a dat capitalismul rom\u00e2nilor? S\u0103r\u0103cie, \u015fomaj, ho\u0163ie, t\u00eelh\u0103rie, droguri, etnobotanice, escrocherie, homosexualitate, lesbianism, prostitu\u0163ie, sclavie, discriminare, crime \u015fi pistol la br\u00eeu tuturor nenoroci\u0163ilor. Cine a suferit \u00een regimul dinainte de &#8217;89? Puturo\u015fii, pro\u015ftii, curvele \u015fi ho\u0163ii de buzunare. Desigur, \u015fi atunci se f\u0103ceau abuzuri, dar nu pot fi comparate cu cele de ast\u0103zi. Ultimii 24 de ani de dup\u0103 lovitura de stat \u015fi asasinarea cuplului preziden\u0163ial, au fost cu adev\u0103rat dramatici. P\u0103rin\u0163ii au tr\u0103it dictatura cu regim socialist, nu comunist, cum zic necunosc\u0103torii \u015fi ignoran\u0163ii, care nu \u015ftiu pe ce lume tr\u0103iesc \u015fi cu ce se m\u0103n\u00eenc\u0103 Istoria de p\u00een\u0103 \u00een 1944 \u015fi chiar cea p\u00een\u0103 \u00een 1964. \u00centr-o dictatur\u0103 cu regim socialist, Ceau\u015fescu a construit extrem de multe edificii, ca s\u0103 aib\u0103 ce \u00eenchide, vinde \u015fi demola capitali\u015ftii. S-au ridicat patru milioane de apartamente unde s-a mutat jum\u0103tate din popula\u0163ia \u0163\u0103rii, s-au construit fabrici \u015fi uzine mari, unde au muncit peste zece milioane de oameni, s-a construit Transf\u0103g\u0103r\u0103\u015fanul, metroul, Canalul Dun\u0103re-Marea Neagr\u0103 (dup\u0103 care t\u00e2njesc mul\u0163i, ast\u0103zi), Casa Poporului, Sidex Gala\u0163i, Oltchim, Petromidia, \u015fcoli, gr\u0103dini\u0163e, spitale, cre\u015fe, pe care capitali\u015ftii nici n-au fost \u00een stare s\u0103 le dea cu var. Rom\u00e2nia a pierdut \u00een cei 24 de ani de la lovitura de stat aproape \u00eentreaga industrie, a pierdut suveranitatea \u015fi independen\u0163a economic\u0103. Genera\u0163iile prezentului trebuie s\u0103 afle c\u0103 familiile tinere primeau locuri de munc\u0103 \u015fi apartamente de la stat, dup\u0103 terminarea facult\u0103\u0163ii studen\u0163ii primeau reparti\u0163ie, iar \u00eenv\u0103\u0163\u0103m\u00eentul \u015fi s\u0103n\u0103tatea erau gratuite. Privi\u0163i acum sutele de mii de copii abandona\u0163i de p\u0103rin\u0163ii pleca\u0163i la munc\u0103 \u00een Occident, privi\u0163i fabricile de \u015fomeri, adic\u0103 universit\u0103\u0163ile care \u00eei las\u0103 pe tineri \u00een voia libert\u0103\u0163ii haotice. Da, teoretic, socialismul e o no\u0163iune neprietenoas\u0103. Dar, cei mul\u0163i, talpa \u0163\u0103rii, nu se zb\u0103teau \u00een s\u0103r\u0103cie ca ast\u0103zi, c\u00eend s\u00eentem liberi s\u0103 \u00eentre\u0163inem bugetul statului fraudat de guvernan\u0163ii \u015fi politicienii care s-au \u00eengr\u0103\u015fat pe spinarea poporului. Controlul asupra popula\u0163iei este mult mai extins azi dec\u00eet \u00een socialism, doar c\u0103 nu mai e realizat prin for\u0163\u0103, ci prin mijloace subtile: lefuri \u015fi credite, \u00eenregistrarea neconstitu\u0163ional\u0103 \u015fi abuziv\u0103 expunerea codului numeric personal, controlul opiniei publice (adic\u0103 tot prin fric\u0103). Rom\u00e2nii au fost for\u0163a\u0163i s\u0103 devin\u0103 consumatori. Li se dau lefuri pe card, ca s\u0103 consume dup\u0103 nevoile Occidentului, de parc\u0103 rom\u00e2nii nu ar mai avea voin\u0163\u0103 proprie, dar \u015fi ca s\u0103-i obi\u015fnuiasc\u0103 cu banii virtuali. Urmeaz\u0103 c\u0103r\u0163ile de identitate cu CIP \u015fi detectare prin GPS inclus\u0103. Spre deosebire de perioada de dinainte de 1989, azi stai cu frica \u00een s\u00een ca o s\u0103 ajungi \u015fomer, e\u015fti liber pe naiba, doar s\u0103 te plimbi pe jos, s\u0103-\u0163i dai copilul la \u015fcolile particulare ale mafio\u0163ilor \u015fi pe bani grei, e\u015fti obligat s\u0103 cumperi manualele analfabe\u0163ilor din sistem, altfel i se scade nota copilului. Astea da, \u201esuccesuri\u201d democratice! \u00cen socialism nu vedeai oameni dormind pe strad\u0103, da\u0163i afar\u0103 din case, nu vedeai \u0163\u0103rani s\u0103raci. Ceau\u015fescu a construit o economie puternic\u0103, cum n-a avut Rom\u00e2nia \u00eenainte de r\u0103zboi, pentru ca s\u0103 fie independent\u0103 \u015fi s\u0103 nu cer\u015feasc\u0103 la F.M.I., B.M. etc. Dar, ca pre\u015fedinte, c\u00eend nu e\u015fti dator organismelor financiare mondiale, e\u015fti considerat dictator, e\u015fti invadat de \u015facali, \u0163i se iau resursele naturale, iar poporul este transformat \u00een contribuabil activ, (de\u015fi nu are loc de munc\u0103, taxele sunt obligatorii) sclav \u015fi consumator. Libia, Egipt, Siria, \u015fi Rom\u00e2nia s\u00eent exemple vii \u00een acest sens. L-au eliminat pe Ceau\u015fescu c\u00eend \u0162ara nu mai avea datorii \u015fi economia mergea strun\u0103. Tocmai c\u00eend terminasem de pl\u0103tit datoriile \u015fi urma s\u0103 ne bucur\u0103m de un nivel de via\u0163\u0103 european, de team\u0103 c\u0103 vom concura puterile occidentale, au venit alogenii \u015fi-au pus gheara pe avu\u0163iile na\u0163ionale. Chiar dac\u0103 \u00een socialism, pentru o perioad\u0103 scurt\u0103 s-a m\u00eencat mai pu\u0163in, a fost s\u0103n\u0103tos, s-a tr\u0103it f\u0103r\u0103 c\u0103ldur\u0103, s-a dat curent electric cu por\u0163ia, chiar dac\u0103 p\u00eeinea, zah\u0103rul \u015fi uleiul erau cartelate, a\u015fa s-au pl\u0103tit datoriile externe. Nu existau milionari \u015fi miliaradari care s\u0103 fraudeze statul. Azi exist\u0103 m\u00eencare \u015fi p\u00eeine din bel\u015fug (dar puterea de cump\u0103rare este zero), dar garnisite cu euri mortale, care au r\u0103sp\u00eendit boli, obezitate, cancer, diabet, gradul de \u00eemboln\u0103vire al popula\u0163iei fiind triplat. S-au \u00eenmul\u0163it boschetarii, copii str\u0103zii, mai ceva dec\u00eet c\u00eeinii comunitari, presa e plin\u0103 de scandaluri, crime; miliardarii de carton au conturile doldora, \u015fi n-au dat o zi cu sapa. Legea-i f\u0103cut\u0103 pentru ei, au ma\u015fini luxoase \u015fi pistolul la br\u00eeu. Toate acestea lucruri fermec\u0103toare au fost \u00eenscrise \u00een planul loviturii de stat din 1989. Ne merit\u0103m soarta. S\u0103 tr\u0103i\u0163i bine!<\/h4>\r\n<figure id=\"attachment_4131\" aria-describedby=\"caption-attachment-4131\" style=\"width: 300px\" class=\"wp-caption aligncenter\"><a href=\"http:\/\/www.desteptati-va.ro\/wp-content\/uploads\/2014\/01\/97.jpg\"><img loading=\"lazy\" decoding=\"async\" class=\"size-medium wp-image-4131\" title=\"97\" src=\"http:\/\/www.desteptati-va.ro\/wp-content\/uploads\/2014\/01\/97-300x199.jpg\" alt=\"Transfagarasan- Una dintre reusitele Epocii de Aur\" width=\"300\" height=\"199\" \/><\/a><figcaption id=\"caption-attachment-4131\" class=\"wp-caption-text\">Transfagarasan- Una dintre reusitele Epocii de Aur<\/figcaption><\/figure>\r\n<h4 style=\"text-align: justify;\">A\u015fadar, m\u0103 \u00eentorc la \u00eentrebarea unui ziarist rom\u00e2n din presa central\u0103. \u201eDe ce n-a f\u0103cut Ceau\u015fescu autostr\u0103zi\u201d? Simplu: exportul c\u0103tre Rusia \u015fi spre celelalte \u0163\u0103ri se f\u0103cea pe c\u0103ile ferate \u015fi pe ap\u0103. Speciali\u015ftii timpului au g\u00eendit \u00een conformitate cu necesit\u0103\u0163ile practice. Nimeni nu a umblat \u00een opinci \u00een perioada socialist\u0103, de acum \u00eenainte vom umbla poate descul\u0163i. Opinca e \u00eenc\u0103l\u0163are ecologic\u0103 \u015fi mi-e team\u0103 c\u0103 nu ne vom permite s-o cump\u0103r\u0103m. Dup\u0103 1989 c\u00e2\u0163i kilometri de autostrad\u0103 s-au construit? Poate r\u0103spund mini\u015ftrii de la transporturi sau Bechtel? Toat\u0103 bog\u0103\u0163ia \u0162\u0103rii adunat\u0103 cu sudoarea poporului a fost confiscat\u0103 de \u201eelita\u201d politic\u0103 \u015fi financiar\u0103, \u00een c\u00eerd\u0103\u015fie cu organismele financiare mondiale, de b\u0103ie\u0163ii \u015fmecheri, de punga\u015fii prip\u0103\u015fi\u0163i pe la noi \u015fi prin guvern, care ne dau at\u00eet c\u00eet s\u0103 nu murim de foame. Chiar nu \u00een\u0163eleg de unde toat\u0103 stupizenia unor colegi de breasl\u0103 de a se raporta doar negativ la ceea ce fost pe vremea lui Ceau\u015fescu? S\u0103 l\u0103s\u0103m trecutul distrus cu bun\u0103 \u015ftiin\u0163\u0103 \u015fi cu rea credin\u0163\u0103, \u015fi s\u0103-i \u00eentreb\u0103m pe neispr\u0103vi\u0163ii care au acumulat averi uria\u015fe, pe care nu le puteau realiza \u00eentr-un mileniu prin munc\u0103 cisntit\u0103, de ce au \u00eendatorat \u0163ara p\u00een\u0103 la sufocare, de ce au jefuit averea \u0163\u0103rii pe care au depus-o \u00een b\u0103nci str\u0103ine, de nu mai are \u0163ara fonduri pentru investi\u0163ii, pentru salarii \u015fi pensii? Dac\u0103 tot se pl\u00eeng c\u0103 nu mai s\u00eent bani pentru investi\u0163ii, de ce nu investesc ei banii fura\u0163i de la popor? De ce oare tot a\u015ftept\u0103m noi investitori str\u0103ini? Ace\u015ftia nu vor urm\u0103ri niciodat\u0103 binele \u0163\u0103rii unde fac investi\u0163ia, ci, firesc, propriul lor profit, c\u00eet mai mare, pe care-l vor externa, \u00een valut\u0103, nu \u00een lei. Leii \u00eei las\u0103 pentru v\u00eenz\u0103torii de \u0162ar\u0103 autohtoni, care le asigur\u0103 calea spre c\u00ee\u015ftiguri ilicite. Cei care au guvernat dup\u0103 lovitura de stat, n-au fost \u00een stare s\u0103 construiasc\u0103 nimic \u00een \u0162ar\u0103, \u00een afara de sedii de birouri pentru stors rom\u00e2nul de ultima le\u0163caie. To\u0163i au fost pu\u015fi pe c\u0103p\u0103tuire. Au devalizat b\u0103ncile (Bancorex, Banca Agricol\u0103, Banca Religiilor, etc.), \u00eentreprinderile, fabricile, combinatele, au s\u0103r\u0103cit popula\u0163ia prin infla\u0163ie de 300%. Sub minciuna Iliescian\u0103 \u00een coabitare cu a lui Petric\u0103 \u00een plover, numit\u0103 \u201eprivatizare\u201d, produc\u0163ia Rom\u00e2niei a fost redus\u0103 la t\u0103cere treptat. Ce nu s-a putut fura, s-a v\u00eendut str\u0103inilor cu capital majoritar sau in totalitate \u00a0pe mai nimic, pre\u0163ul fiind sub cel de fier vechi, dar pe mit\u0103 gras\u0103.<\/h4>\r\n<h4 style=\"text-align: justify;\">Un fost func\u0163ionar al Ministerului Economiei de pe vremuri, de forma\u0163ie economist, azi pensionar, mi-a explicat cum s-a reu\u015fit \u00eenainte de 1989 performan\u0163a echilibrului economic \u015fi absorb\u0163ia \u00een procent de 100% a for\u0163ei de munc\u0103 tinere, cum Rom\u00e2nia a refuzat orice contact cu F.M.I.-ul \u015fi cu alte organisme financiare interna\u0163ionale, care \u00eencercau atragerea Rom\u00e2niei \u00een capcane. \u201eTrep\u0103du\u015fii n-aveau ce c\u0103uta \u00een roti\u0163ele sistemului, tocmai de aceea sistemul economic nu avea nici noxe, nici fisuri grave. Nu erau clase favorizate. Multe din lucrurile de dinainte de \u201989 &#8211; p\u0103str\u00e2nd propor\u0163ia evolu\u0163iei \u00een timp &#8211; erau superioare celor de azi. Atunci erau tot felul de organisme de cinste \u015fi control, care rezolvau problemele oamenilor, azi nu ai la cine apela, ho\u0163ii se dau drept conduc\u0103tori.\u201d Studii recente arat\u0103 c\u0103 pe atunci toat\u0103 popula\u0163ia activ\u0103 avea slujb\u0103, ast\u0103zi aproximativ 6 milioane de rom\u00e2ni \u00ee\u015fi caut\u0103 de lucru \u00een afara \u0163\u0103rii. To\u0163i rom\u00e2nii aveau locuin\u0163e, azi s\u00eent datori pe via\u0163\u0103 b\u0103ncilor str\u0103ine, sco\u015fi \u00een strad\u0103 \u015fi executa\u0163i silit. Atunci se \u00eentrerupea curentul electric zilnic, ast\u0103zi nu avem bani s\u0103-l pl\u0103tim. Atunci erau c\u00eeteva ore de televiziune pe zi, ast\u0103zi, sute de posturi TV ne aduc \u00een case violen\u0163\u0103, destr\u0103b\u0103lare, circ politic, crime, dezm\u0103\u0163, sexualitate, pornografie, homosexualitate, care tulbur\u0103 min\u0163ile copiilor \u015fi \u00eendeamn\u0103 la sex de la v\u00eerste fragede, duc\u00eend la angoase, la frustr\u0103ri, sinucideri \u015fi conflicte interioare cu sinele. Despre ce economie vorbe\u015fte ast\u0103zi guvernul? Colo\u015fii industriali, care decenii la r\u00eend au asigurat produc\u0163ia intern\u0103 \u015fi exporturile \u0163\u0103rii noastre, au fost bombarda\u0163i.<\/h4>\r\n<h4 style=\"text-align: justify;\">Nu s\u00eent bani pentru salariile medicilor, se desfiin\u0163eaz\u0103 \u015fcoli \u015fi spitale, s\u0103n\u0103tatea e la m\u00eena grupurilor farmaceutice care condi\u0163ioneaz\u0103 numirea factorilor de conducere \u015fi politica institu\u0163iilor de s\u0103n\u0103tate. \u201eRegimul socialist investea cam 30% din PIB \u00een cercetare-dezvoltare, tehnic\u0103 militar\u0103 (tancuri), aerospa\u0163ial\u0103 (avioane inclusiv supersonice), agricultur\u0103, infrastructur\u0103 (c\u0103i ferate, drumuri \u015fi poduri la sate, canale \u015fi sisteme de iriga\u0163ii, baraje, canaliz\u0103ri)\u201d. Ce a adus, a\u015fadar \u201erevolu\u0163ia\u201d, pardon, lovitura de stat? Libertatea de a merge la c\u0103p\u015funi, libertatea sclaviei pe p\u0103m\u00eent rom\u00e2nesc \u015fi dispre\u0163ul Occidentului. O \u0163ar\u0103 primit\u0103 cadou \u00een 1990, f\u0103r\u0103 un leu datorie extern\u0103 \u015fi cu destui bani cash (a se \u00een\u0163elege lichiditate B.R.C.E.), a fost sufocat\u0103 de datorii pentru genera\u0163ii de-a r\u00eendul. Imediat dup\u0103 lovitura de stat, Petre Roman, premier pe atunci, a anun\u0163at c\u0103 industria \u0163\u0103rii este un morman de fiare vechi\u201d, o minciun\u0103 colosal\u0103, care a dat startul jafului, aflat \u015fi azi \u00een desf\u0103\u015furare.<\/h4>\r\n<h4 style=\"text-align: justify;\">A\u015fadar, de ce a fost asasinat Nicoale Ceau\u015fescu? Pentru c\u0103 a condamnat invazia U.R.S.S. \u00een Cehoslovacia \u00een 1968; pentru c\u0103 a construit Casa Poporului, a doua cl\u0103dire ca m\u0103rime \u00een lume dup\u0103 Pentagon; pentru c\u0103 Rom\u00e2nia era al patrulea exportator de armament din Europa; pentru c\u0103 a construit metroul din Bucure\u015fti, Centrala atomic\u0103 de la Cernavod\u0103, canalul Dun\u0103re-Maria Neagr\u0103; pentru c\u0103 \u00een prim\u0103vara anului 1989 Rom\u00e2nia achitase toate datoriile externe \u00een valoare de peste 18 miliarde de dolari; pentru c\u0103 acumulase depozite de aur \u00een Banca Na\u0163ional\u0103 (volatilizate ast\u0103zi \u015fi trimise \u00een excursie, peste hotare); pentru c\u0103 a interzis avortul \u015fi a \u00eencurajat natalitatea, aduc\u00eend popula\u0163ia la peste 22.000.000, pentru c\u0103 nu a avut conturi \u00een str\u0103in\u0103tate cum au pretins neobol\u015fevicii; pentru c\u0103 a construit peste patru milioane de apartamente; pentru c\u0103 produc\u0163ia de o\u0163el a \u0163\u0103rii era de 8% din produc\u0163ia mondial\u0103, iar \u00een func\u0163ie de acest lucru Rom\u00e2nia putea modifica oric\u00eend pre\u0163ul o\u0163elului la burs\u0103; pentru c\u0103 a construit peste 10.000 de \u015fcoli, universit\u0103\u0163i \u015fi gr\u0103dini\u0163e, aproape 100 de hidrocentrale; pentru c\u0103 Rom\u00e2nia avea una din cele mai dezvoltate re\u0163ele de cale ferat\u0103 din Europa; pentru c\u0103, \u00eencep\u00eend din 1973, Nicolae Ceau\u015fescu a permis \u00eenfiin\u0163area a 48 de societ\u0103\u0163i mixte, cu participare de capital occidental \u00een \u0163ar\u0103 \u015fi str\u0103in\u0103tate, iar volumul schimburilor comerciale cu Occidentul aproape se dublase: de la 28% \u00een 1965, la 45% \u00een 1974; pentru c\u0103 \u00eentre anii 1971-\u201975, Rom\u00e2nia a \u00eenregistrat o rat\u0103 anuala de cre\u015ftere de 11,8%, cifr\u0103 neegalata niciodat\u0103 \u00een plan european. Pentru toate acestea \u015fi pentru vina de a nu fi fost un patriot de ocazie, ci unul adev\u0103rat, Ceau\u015fescu a fost asasinat cu s\u00eenge rece, \u00eentr-o frenetic\u0103 grab\u0103, \u00een ziua Sf\u00eent\u0103 a Cr\u0103ciunului.Dac\u0103 \u00eencerci ast\u0103zi s\u0103 vorbe\u015fti despre Ceau\u015fescu e\u015fti imediat catalogat drept comunist sau nostalgic. \u00cen cazul meu, nu pot fi acuzat\u0103 nici de participa\u0163iune la sistem, nici de nostalgie comunist\u0103. Pe vremea asasinilor lui Nicolae Ceau\u015fescu, ajun\u015fi \u00eentre timp miliardari cu ajutorul americanilor, m\u0103 ocupam cu biberonul. Studia\u0163i documentele de arhiv\u0103 \u015fi ve\u0163i vedea ce-a f\u0103cut Ceau\u015fescu cu banii de la F.M.I. \u015fi de la Banca Mondial\u0103, \u015fi ce-au f\u0103cut ace\u015fti democra\u0163i gr\u0103suni de b\u0103t\u0103tur\u0103, specializa\u0163i \u00een excrocherii financiare la \u015fcolile politice de var\u0103 ale partidelor.<\/h4>\r\n<h4 style=\"text-align: justify;\"><strong>Studia\u0163i documentele! Pre\u015fedintele \u00eempu\u015fcat de cei c\u00ee\u0163iva antirom\u00e2ni, \u00eendoctrina\u0163i de \u201eagenturili str\u0103ine\u201d nu vi se va mai p\u0103rea at\u00eet de sinistru. Ceau\u015fescu a fost cu adev\u0103rat un patriot. \u00cen afara lichelelor care au pr\u0103dat statul rom\u00e2n \u015fi o duc extrem de bine, ast\u0103zi poporul zace \u00een s\u0103r\u0103cie, exploatat mi\u015fele\u015fte, de aproape un sfert de veac. Zidul de la T\u00eergovi\u015fte e prea mic pentru aceste haite de politicieni care au subminat \u015fi ruinat Rom\u00e2nia postdecembrist\u0103!\r\n<\/strong><\/h4>\r\n<h4 style=\"text-align: justify;\"><em><span style=\"color: #c0c0c0;\">Sursa: Blogosfera Maria Diana Popescu, eseist si ziarist din Germania<\/span><\/em><\/h4>        <div class=\"booster-block booster-reactions-block\">\n            <div class=\"twp-reactions-icons\">\n                \n                <div class=\"twp-reacts-wrap\">\n                    <a react-data=\"be-react-1\" post-id=\"4046\" class=\"be-face-icons un-reacted\" href=\"javascript:void(0)\">\n                        <img decoding=\"async\" src=\"https:\/\/desteptati-va.ro\/wp-content\/plugins\/booster-extension\/\/assets\/icon\/happy.svg\" alt=\"Happy\">\n                    <\/a>\n                    <div class=\"twp-reaction-title\">\n                        Happy                    <\/div>\n                    <div class=\"twp-count-percent\">\n                                                    <span style=\"display: none;\" class=\"twp-react-count\">0<\/span>\n                        \n                                                <span class=\"twp-react-percent\"><span>0<\/span> %<\/span>\n                                            <\/div>\n                <\/div>\n\n                <div class=\"twp-reacts-wrap\">\n                    <a react-data=\"be-react-2\" post-id=\"4046\" class=\"be-face-icons un-reacted\" href=\"javascript:void(0)\">\n                        <img decoding=\"async\" src=\"https:\/\/desteptati-va.ro\/wp-content\/plugins\/booster-extension\/\/assets\/icon\/sad.svg\" alt=\"Sad\">\n                    <\/a>\n                    <div class=\"twp-reaction-title\">\n                        Sad                    <\/div>\n                    <div class=\"twp-count-percent\">\n                                                    <span style=\"display: none;\" class=\"twp-react-count\">1<\/span>\n                                                                        <span class=\"twp-react-percent\"><span>100<\/span> %<\/span>\n                                            <\/div>\n                <\/div>\n\n                <div class=\"twp-reacts-wrap\">\n                    <a react-data=\"be-react-3\" post-id=\"4046\" class=\"be-face-icons un-reacted\" href=\"javascript:void(0)\">\n                        <img decoding=\"async\" src=\"https:\/\/desteptati-va.ro\/wp-content\/plugins\/booster-extension\/\/assets\/icon\/excited.svg\" alt=\"Excited\">\n                    <\/a>\n                    <div class=\"twp-reaction-title\">\n                        Excited                    <\/div>\n                    <div class=\"twp-count-percent\">\n                                                    <span style=\"display: none;\" class=\"twp-react-count\">0<\/span>\n                                                                        <span class=\"twp-react-percent\"><span>0<\/span> %<\/span>\n                                            <\/div>\n                <\/div>\n\n                <div class=\"twp-reacts-wrap\">\n                    <a react-data=\"be-react-6\" post-id=\"4046\" class=\"be-face-icons un-reacted\" href=\"javascript:void(0)\">\n                        <img decoding=\"async\" src=\"https:\/\/desteptati-va.ro\/wp-content\/plugins\/booster-extension\/\/assets\/icon\/sleepy.svg\" alt=\"Sleepy\">\n                    <\/a>\n                    <div class=\"twp-reaction-title\">\n                        Sleepy                    <\/div>\n                    <div class=\"twp-count-percent\">\n                                                    <span style=\"display: none;\" class=\"twp-react-count\">0<\/span>\n                        \n                                                <span class=\"twp-react-percent\"><span>0<\/span> %<\/span>\n                                            <\/div>\n                <\/div>\n\n                <div class=\"twp-reacts-wrap\">\n                    <a react-data=\"be-react-4\" post-id=\"4046\" class=\"be-face-icons un-reacted\" href=\"javascript:void(0)\">\n                        <img decoding=\"async\" src=\"https:\/\/desteptati-va.ro\/wp-content\/plugins\/booster-extension\/\/assets\/icon\/angry.svg\" alt=\"Angry\">\n                    <\/a>\n                    <div class=\"twp-reaction-title\">Angry<\/div>\n                    <div class=\"twp-count-percent\">\n                                                    <span style=\"display: none;\" class=\"twp-react-count\">0<\/span>\n                                                                        <span class=\"twp-react-percent\"><span>0<\/span> %<\/span>\n                        \n                    <\/div>\n                <\/div>\n\n                <div class=\"twp-reacts-wrap\">\n                    <a react-data=\"be-react-5\" post-id=\"4046\" class=\"be-face-icons un-reacted\" href=\"javascript:void(0)\">\n                        <img decoding=\"async\" src=\"https:\/\/desteptati-va.ro\/wp-content\/plugins\/booster-extension\/\/assets\/icon\/surprise.svg\" alt=\"Surprise\">\n                    <\/a>\n                    <div class=\"twp-reaction-title\">Surprise<\/div>\n                    <div class=\"twp-count-percent\">\n                                                    <span style=\"display: none;\" class=\"twp-react-count\">0<\/span>\n                                                                        <span class=\"twp-react-percent\"><span>0<\/span> %<\/span>\n                                            <\/div>\n                <\/div>\n\n            <\/div>\n        <\/div>\n\n    <\/div>","protected":false},"excerpt":{"rendered":"<p>Cu privire la subiect, \u00een mod sigur voi primi \u015fi de aceast\u0103 dat\u0103 o invita\u0163ie c\u0103lduroas\u0103 de a merge s\u0103<a href=\"https:\/\/desteptati-va.ro\/index.php\/2021\/04\/19\/de-ce-a-fost-asasinat-ceausescu\/\">Read More<i class=\"fa fa-long-arrow-right\" aria-hidden=\"true\"><\/i><\/a><\/p>\n","protected":false},"author":1,"featured_media":4048,"comment_status":"open","ping_status":"open","sticky":false,"template":"","format":"standard","meta":{"_crdt_document":"","footnotes":""},"categories":[16],"tags":[1437],"class_list":["post-4046","post","type-post","status-publish","format-standard","has-post-thumbnail","hentry","category-o-tara-furata","tag-patrioti"],"rise-blocks_total_comments":1,"rise-blocks_categories":[{"term_id":16,"name":"O tara furata","slug":"o-tara-furata","term_group":0,"term_taxonomy_id":16,"taxonomy":"category","description":"","parent":0,"count":19,"filter":"raw"}],"rise-blocks_excerpt":"Cu privire la subiect, \u00een mod sigur voi primi \u015fi de aceast\u0103 dat\u0103 o invita\u0163ie c\u0103lduroas\u0103 de a merge s\u0103 m\u0103 \u00eent\u00eelnesc cu f\u0103uritorii mei, \u00eens\u0103, dac\u0103 toat\u0103 lumea ar fi iubit adev\u0103rul, dac\u0103 unii ziari\u015fti din \u0162ar\u0103 nu s-ar fi v\u00eendut asasinilor, adev\u0103rul n-ar mai fi umblat ast\u0103zi zdren\u0163uros \u015fi cu capul spart. Nici nu-\u015fi intr\u0103 bine decembrie, c\u0103..","yoast_head":"<!-- This site is optimized with the Yoast SEO plugin v26.9 - https:\/\/yoast.com\/product\/yoast-seo-wordpress\/ -->\r\n<title>De ce a fost asasinat Ceau\u015fescu -<\/title>\r\n<meta name=\"robots\" content=\"index, follow, max-snippet:-1, max-image-preview:large, max-video-preview:-1\" \/>\r\n<link rel=\"canonical\" href=\"https:\/\/desteptati-va.ro\/index.php\/2021\/04\/19\/de-ce-a-fost-asasinat-ceausescu\/\" \/>\r\n<meta property=\"og:locale\" content=\"ro_RO\" \/>\r\n<meta property=\"og:type\" content=\"article\" \/>\r\n<meta property=\"og:title\" content=\"De ce a fost asasinat Ceau\u015fescu -\" \/>\r\n<meta property=\"og:description\" content=\"Cu privire la subiect, \u00een mod sigur voi primi \u015fi de aceast\u0103 dat\u0103 o invita\u0163ie c\u0103lduroas\u0103 de a merge s\u0103Read More\" \/>\r\n<meta property=\"og:url\" content=\"https:\/\/desteptati-va.ro\/index.php\/2021\/04\/19\/de-ce-a-fost-asasinat-ceausescu\/\" \/>\r\n<meta property=\"article:published_time\" content=\"2021-04-19T10:24:30+00:00\" \/>\r\n<meta property=\"og:image\" content=\"https:\/\/desteptati-va.ro\/wp-content\/uploads\/2021\/04\/patriotCeausescu.jpeg\" \/>\r\n\t<meta property=\"og:image:width\" content=\"296\" \/>\r\n\t<meta property=\"og:image:height\" content=\"201\" \/>\r\n\t<meta property=\"og:image:type\" content=\"image\/jpeg\" \/>\r\n<meta name=\"author\" content=\"wolfsoftcompany\" \/>\r\n<meta name=\"twitter:card\" content=\"summary_large_image\" \/>\r\n<meta name=\"twitter:label1\" content=\"Scris de\" \/>\n\t<meta name=\"twitter:data1\" content=\"wolfsoftcompany\" \/>\n\t<meta name=\"twitter:label2\" content=\"Timp estimat pentru citire\" \/>\n\t<meta name=\"twitter:data2\" content=\"17 minute\" \/>\r\n<script type=\"application\/ld+json\" class=\"yoast-schema-graph\">{\"@context\":\"https:\/\/schema.org\",\"@graph\":[{\"@type\":\"Article\",\"@id\":\"https:\/\/desteptati-va.ro\/index.php\/2021\/04\/19\/de-ce-a-fost-asasinat-ceausescu\/#article\",\"isPartOf\":{\"@id\":\"https:\/\/desteptati-va.ro\/index.php\/2021\/04\/19\/de-ce-a-fost-asasinat-ceausescu\/\"},\"author\":{\"name\":\"wolfsoftcompany\",\"@id\":\"https:\/\/desteptati-va.ro\/#\/schema\/person\/13182deeebd44920914899f7bb262d6b\"},\"headline\":\"De ce a fost asasinat Ceau\u015fescu\",\"datePublished\":\"2021-04-19T10:24:30+00:00\",\"mainEntityOfPage\":{\"@id\":\"https:\/\/desteptati-va.ro\/index.php\/2021\/04\/19\/de-ce-a-fost-asasinat-ceausescu\/\"},\"wordCount\":3346,\"commentCount\":0,\"image\":{\"@id\":\"https:\/\/desteptati-va.ro\/index.php\/2021\/04\/19\/de-ce-a-fost-asasinat-ceausescu\/#primaryimage\"},\"thumbnailUrl\":\"https:\/\/desteptati-va.ro\/wp-content\/uploads\/2021\/04\/patriotCeausescu.jpeg\",\"keywords\":[\"patrioti\"],\"articleSection\":[\"O tara furata\"],\"inLanguage\":\"ro-RO\",\"potentialAction\":[{\"@type\":\"CommentAction\",\"name\":\"Comment\",\"target\":[\"https:\/\/desteptati-va.ro\/index.php\/2021\/04\/19\/de-ce-a-fost-asasinat-ceausescu\/#respond\"]}]},{\"@type\":\"WebPage\",\"@id\":\"https:\/\/desteptati-va.ro\/index.php\/2021\/04\/19\/de-ce-a-fost-asasinat-ceausescu\/\",\"url\":\"https:\/\/desteptati-va.ro\/index.php\/2021\/04\/19\/de-ce-a-fost-asasinat-ceausescu\/\",\"name\":\"De ce a fost asasinat Ceau\u015fescu -\",\"isPartOf\":{\"@id\":\"https:\/\/desteptati-va.ro\/#website\"},\"primaryImageOfPage\":{\"@id\":\"https:\/\/desteptati-va.ro\/index.php\/2021\/04\/19\/de-ce-a-fost-asasinat-ceausescu\/#primaryimage\"},\"image\":{\"@id\":\"https:\/\/desteptati-va.ro\/index.php\/2021\/04\/19\/de-ce-a-fost-asasinat-ceausescu\/#primaryimage\"},\"thumbnailUrl\":\"https:\/\/desteptati-va.ro\/wp-content\/uploads\/2021\/04\/patriotCeausescu.jpeg\",\"datePublished\":\"2021-04-19T10:24:30+00:00\",\"author\":{\"@id\":\"https:\/\/desteptati-va.ro\/#\/schema\/person\/13182deeebd44920914899f7bb262d6b\"},\"breadcrumb\":{\"@id\":\"https:\/\/desteptati-va.ro\/index.php\/2021\/04\/19\/de-ce-a-fost-asasinat-ceausescu\/#breadcrumb\"},\"inLanguage\":\"ro-RO\",\"potentialAction\":[{\"@type\":\"ReadAction\",\"target\":[\"https:\/\/desteptati-va.ro\/index.php\/2021\/04\/19\/de-ce-a-fost-asasinat-ceausescu\/\"]}]},{\"@type\":\"ImageObject\",\"inLanguage\":\"ro-RO\",\"@id\":\"https:\/\/desteptati-va.ro\/index.php\/2021\/04\/19\/de-ce-a-fost-asasinat-ceausescu\/#primaryimage\",\"url\":\"https:\/\/desteptati-va.ro\/wp-content\/uploads\/2021\/04\/patriotCeausescu.jpeg\",\"contentUrl\":\"https:\/\/desteptati-va.ro\/wp-content\/uploads\/2021\/04\/patriotCeausescu.jpeg\",\"width\":296,\"height\":201},{\"@type\":\"BreadcrumbList\",\"@id\":\"https:\/\/desteptati-va.ro\/index.php\/2021\/04\/19\/de-ce-a-fost-asasinat-ceausescu\/#breadcrumb\",\"itemListElement\":[{\"@type\":\"ListItem\",\"position\":1,\"name\":\"Prima pagin\u0103\",\"item\":\"https:\/\/desteptati-va.ro\/\"},{\"@type\":\"ListItem\",\"position\":2,\"name\":\"De ce a fost asasinat Ceau\u015fescu\"}]},{\"@type\":\"WebSite\",\"@id\":\"https:\/\/desteptati-va.ro\/#website\",\"url\":\"https:\/\/desteptati-va.ro\/\",\"name\":\"\",\"description\":\"\",\"potentialAction\":[{\"@type\":\"SearchAction\",\"target\":{\"@type\":\"EntryPoint\",\"urlTemplate\":\"https:\/\/desteptati-va.ro\/?s={search_term_string}\"},\"query-input\":{\"@type\":\"PropertyValueSpecification\",\"valueRequired\":true,\"valueName\":\"search_term_string\"}}],\"inLanguage\":\"ro-RO\"},{\"@type\":\"Person\",\"@id\":\"https:\/\/desteptati-va.ro\/#\/schema\/person\/13182deeebd44920914899f7bb262d6b\",\"name\":\"wolfsoftcompany\",\"image\":{\"@type\":\"ImageObject\",\"inLanguage\":\"ro-RO\",\"@id\":\"https:\/\/desteptati-va.ro\/#\/schema\/person\/image\/\",\"url\":\"https:\/\/secure.gravatar.com\/avatar\/a6cce9b6d101d27d91690e7073e300fed94c0899890bf998e082cb9d2c3d121e?s=96&d=mm&r=g\",\"contentUrl\":\"https:\/\/secure.gravatar.com\/avatar\/a6cce9b6d101d27d91690e7073e300fed94c0899890bf998e082cb9d2c3d121e?s=96&d=mm&r=g\",\"caption\":\"wolfsoftcompany\"},\"sameAs\":[\"http:\/\/desteptati-va.ro\"],\"url\":\"https:\/\/desteptati-va.ro\/index.php\/author\/wolfsoftcompany\/\"}]}<\/script>\r\n<!-- \/ Yoast SEO plugin. -->","yoast_head_json":{"title":"De ce a fost asasinat Ceau\u015fescu -","robots":{"index":"index","follow":"follow","max-snippet":"max-snippet:-1","max-image-preview":"max-image-preview:large","max-video-preview":"max-video-preview:-1"},"canonical":"https:\/\/desteptati-va.ro\/index.php\/2021\/04\/19\/de-ce-a-fost-asasinat-ceausescu\/","og_locale":"ro_RO","og_type":"article","og_title":"De ce a fost asasinat Ceau\u015fescu -","og_description":"Cu privire la subiect, \u00een mod sigur voi primi \u015fi de aceast\u0103 dat\u0103 o invita\u0163ie c\u0103lduroas\u0103 de a merge s\u0103Read More","og_url":"https:\/\/desteptati-va.ro\/index.php\/2021\/04\/19\/de-ce-a-fost-asasinat-ceausescu\/","article_published_time":"2021-04-19T10:24:30+00:00","og_image":[{"width":296,"height":201,"url":"https:\/\/desteptati-va.ro\/wp-content\/uploads\/2021\/04\/patriotCeausescu.jpeg","type":"image\/jpeg"}],"author":"wolfsoftcompany","twitter_card":"summary_large_image","twitter_misc":{"Scris de":"wolfsoftcompany","Timp estimat pentru citire":"17 minute"},"schema":{"@context":"https:\/\/schema.org","@graph":[{"@type":"Article","@id":"https:\/\/desteptati-va.ro\/index.php\/2021\/04\/19\/de-ce-a-fost-asasinat-ceausescu\/#article","isPartOf":{"@id":"https:\/\/desteptati-va.ro\/index.php\/2021\/04\/19\/de-ce-a-fost-asasinat-ceausescu\/"},"author":{"name":"wolfsoftcompany","@id":"https:\/\/desteptati-va.ro\/#\/schema\/person\/13182deeebd44920914899f7bb262d6b"},"headline":"De ce a fost asasinat Ceau\u015fescu","datePublished":"2021-04-19T10:24:30+00:00","mainEntityOfPage":{"@id":"https:\/\/desteptati-va.ro\/index.php\/2021\/04\/19\/de-ce-a-fost-asasinat-ceausescu\/"},"wordCount":3346,"commentCount":0,"image":{"@id":"https:\/\/desteptati-va.ro\/index.php\/2021\/04\/19\/de-ce-a-fost-asasinat-ceausescu\/#primaryimage"},"thumbnailUrl":"https:\/\/desteptati-va.ro\/wp-content\/uploads\/2021\/04\/patriotCeausescu.jpeg","keywords":["patrioti"],"articleSection":["O tara furata"],"inLanguage":"ro-RO","potentialAction":[{"@type":"CommentAction","name":"Comment","target":["https:\/\/desteptati-va.ro\/index.php\/2021\/04\/19\/de-ce-a-fost-asasinat-ceausescu\/#respond"]}]},{"@type":"WebPage","@id":"https:\/\/desteptati-va.ro\/index.php\/2021\/04\/19\/de-ce-a-fost-asasinat-ceausescu\/","url":"https:\/\/desteptati-va.ro\/index.php\/2021\/04\/19\/de-ce-a-fost-asasinat-ceausescu\/","name":"De ce a fost asasinat Ceau\u015fescu -","isPartOf":{"@id":"https:\/\/desteptati-va.ro\/#website"},"primaryImageOfPage":{"@id":"https:\/\/desteptati-va.ro\/index.php\/2021\/04\/19\/de-ce-a-fost-asasinat-ceausescu\/#primaryimage"},"image":{"@id":"https:\/\/desteptati-va.ro\/index.php\/2021\/04\/19\/de-ce-a-fost-asasinat-ceausescu\/#primaryimage"},"thumbnailUrl":"https:\/\/desteptati-va.ro\/wp-content\/uploads\/2021\/04\/patriotCeausescu.jpeg","datePublished":"2021-04-19T10:24:30+00:00","author":{"@id":"https:\/\/desteptati-va.ro\/#\/schema\/person\/13182deeebd44920914899f7bb262d6b"},"breadcrumb":{"@id":"https:\/\/desteptati-va.ro\/index.php\/2021\/04\/19\/de-ce-a-fost-asasinat-ceausescu\/#breadcrumb"},"inLanguage":"ro-RO","potentialAction":[{"@type":"ReadAction","target":["https:\/\/desteptati-va.ro\/index.php\/2021\/04\/19\/de-ce-a-fost-asasinat-ceausescu\/"]}]},{"@type":"ImageObject","inLanguage":"ro-RO","@id":"https:\/\/desteptati-va.ro\/index.php\/2021\/04\/19\/de-ce-a-fost-asasinat-ceausescu\/#primaryimage","url":"https:\/\/desteptati-va.ro\/wp-content\/uploads\/2021\/04\/patriotCeausescu.jpeg","contentUrl":"https:\/\/desteptati-va.ro\/wp-content\/uploads\/2021\/04\/patriotCeausescu.jpeg","width":296,"height":201},{"@type":"BreadcrumbList","@id":"https:\/\/desteptati-va.ro\/index.php\/2021\/04\/19\/de-ce-a-fost-asasinat-ceausescu\/#breadcrumb","itemListElement":[{"@type":"ListItem","position":1,"name":"Prima pagin\u0103","item":"https:\/\/desteptati-va.ro\/"},{"@type":"ListItem","position":2,"name":"De ce a fost asasinat Ceau\u015fescu"}]},{"@type":"WebSite","@id":"https:\/\/desteptati-va.ro\/#website","url":"https:\/\/desteptati-va.ro\/","name":"","description":"","potentialAction":[{"@type":"SearchAction","target":{"@type":"EntryPoint","urlTemplate":"https:\/\/desteptati-va.ro\/?s={search_term_string}"},"query-input":{"@type":"PropertyValueSpecification","valueRequired":true,"valueName":"search_term_string"}}],"inLanguage":"ro-RO"},{"@type":"Person","@id":"https:\/\/desteptati-va.ro\/#\/schema\/person\/13182deeebd44920914899f7bb262d6b","name":"wolfsoftcompany","image":{"@type":"ImageObject","inLanguage":"ro-RO","@id":"https:\/\/desteptati-va.ro\/#\/schema\/person\/image\/","url":"https:\/\/secure.gravatar.com\/avatar\/a6cce9b6d101d27d91690e7073e300fed94c0899890bf998e082cb9d2c3d121e?s=96&d=mm&r=g","contentUrl":"https:\/\/secure.gravatar.com\/avatar\/a6cce9b6d101d27d91690e7073e300fed94c0899890bf998e082cb9d2c3d121e?s=96&d=mm&r=g","caption":"wolfsoftcompany"},"sameAs":["http:\/\/desteptati-va.ro"],"url":"https:\/\/desteptati-va.ro\/index.php\/author\/wolfsoftcompany\/"}]}},"_links":{"self":[{"href":"https:\/\/desteptati-va.ro\/index.php\/wp-json\/wp\/v2\/posts\/4046","targetHints":{"allow":["GET"]}}],"collection":[{"href":"https:\/\/desteptati-va.ro\/index.php\/wp-json\/wp\/v2\/posts"}],"about":[{"href":"https:\/\/desteptati-va.ro\/index.php\/wp-json\/wp\/v2\/types\/post"}],"author":[{"embeddable":true,"href":"https:\/\/desteptati-va.ro\/index.php\/wp-json\/wp\/v2\/users\/1"}],"replies":[{"embeddable":true,"href":"https:\/\/desteptati-va.ro\/index.php\/wp-json\/wp\/v2\/comments?post=4046"}],"version-history":[{"count":1,"href":"https:\/\/desteptati-va.ro\/index.php\/wp-json\/wp\/v2\/posts\/4046\/revisions"}],"predecessor-version":[{"id":4049,"href":"https:\/\/desteptati-va.ro\/index.php\/wp-json\/wp\/v2\/posts\/4046\/revisions\/4049"}],"wp:featuredmedia":[{"embeddable":true,"href":"https:\/\/desteptati-va.ro\/index.php\/wp-json\/wp\/v2\/media\/4048"}],"wp:attachment":[{"href":"https:\/\/desteptati-va.ro\/index.php\/wp-json\/wp\/v2\/media?parent=4046"}],"wp:term":[{"taxonomy":"category","embeddable":true,"href":"https:\/\/desteptati-va.ro\/index.php\/wp-json\/wp\/v2\/categories?post=4046"},{"taxonomy":"post_tag","embeddable":true,"href":"https:\/\/desteptati-va.ro\/index.php\/wp-json\/wp\/v2\/tags?post=4046"}],"curies":[{"name":"wp","href":"https:\/\/api.w.org\/{rel}","templated":true}]}}