{"id":4056,"date":"2021-04-19T10:32:42","date_gmt":"2021-04-19T10:32:42","guid":{"rendered":"http:\/\/desteptati.ro\/?p=4056"},"modified":"2022-02-01T10:49:23","modified_gmt":"2022-02-01T08:49:23","slug":"romania-traficanitilor-de-arme-si-complicii-lor","status":"publish","type":"post","link":"https:\/\/desteptati-va.ro\/index.php\/2021\/04\/19\/romania-traficanitilor-de-arme-si-complicii-lor\/","title":{"rendered":"Rom\u00e2nia traficani\u021bilor de arme \u0219i complicii lor"},"content":{"rendered":"<div class=\"post-content\"><div class='booster-block booster-read-block'>\n                <div class=\"twp-read-time\">\n                \t<i class=\"booster-icon twp-clock\"><\/i> <span>Read Time:<\/span>14 Minute, 24 Second                <\/div>\n\n            <\/div><h4><em><strong>\u00centr-un articol anterior am ar\u0103tat cum generalii armatei rom\u00e2ne au derulat un diabolic r\u0103zboi radio-electronic sub masca c\u0103ruia, dup\u0103 22 decembrie 1989 au omor\u00eet peste 1.000 de rom\u00e2ni pentru a justifica legitimitatea loviturii de stat prin care au reinstaurat regimul capitalist, \u00eensc\u0103un\u00eendu-l pre\u0219edinte pe Ion Iliescu. \u00centr-un alt articol, am demonstrat printr-o aplica\u021bie strategic\u0103, cu date c\u00eet se poate de reale, ca dup\u0103 un proces de autodistrugere care a durat 22 de ani, armata rom\u00e2n\u0103 ar fi pulverizat\u0103 dup\u0103 primele 4-6 ore ale unei agresiuni cu for\u021be conven\u021bionale \u0219i cu efective inferioare numeric, din partea Federa\u021biei Ruse. Motivul constituindu-l absen\u021ba cu des\u0103v\u00e2r\u0219ire a unor \u00eentregi categorii de armament, \u00eenregistrat\u0103 la toate categoriile de for\u021be armate.&nbsp;<\/strong><\/em><\/h4>\n<h4>Categorii \u00eentregi de arme care au fost v\u00eendute pe bani buni \u00een zone&nbsp;supuse embargoului international, umpl\u00eend buzunarele criminalilor a\u0219a-zisei revolu\u021bii. Arme care n-au mai fost niciodata \u00eenlocuite \u00een \u00eenzestrarea armatei, cu altele, cu caracteristici egale sau mai performante. Generalii armatei rom\u00e2ne, \u00een complicitate cu conducerea politic\u0103 au desfiin\u021bat singurele noastre unit\u0103\u021bi de rachete sol-sol ( Brigada 37 dislocat\u0103 la Ineu \u0219i Brigada 8 la Tecuci ). Cele 400 de rachete operativ-tactice (ROT) care asigurau \u201cscutul\u201d militar al Rom\u00e2niei au fost pr\u0103duite la ad\u0103postul integr\u0103rii noastre \u00een NATO. Concret, este vorba despre sistemele de rachetele ale artileriei, de tip Frog 3 \u0219i Frog 7, cu o singur\u0103 treapt\u0103, utilizind combustibil solid. \u201cCasarea\u201d rachetelor s-a facut ca urmare a emiterii Hot\u0103r\u00eerii nr. 0103\/1997 a CSAT, referitoare la restructurarea unor Mari Unit\u0103\u021bi \u0219i unit\u0103\u021bi din compunerea la pacea Sistemului Na\u021bional de Ap\u0103rare, \u00eent\u0103rit\u0103 prin Hot\u0103r\u00eerea de Guvern nr.110\/14.04.1997. Oficial, armata a comunicat c\u0103 \u201crachetele \u0219i instala\u021biile de lansare au fost valorificate \u00eencep\u00eend cu sf\u00eer\u0219itul anului 1996, prin C.N. \u201cRomtehnica\u201d SA; Am \u00eencercat s\u0103 afl\u0103m, totu\u0219i, c\u00e2t a costat afacerea \u201ccas\u0103rii\u201d rachetelor. De la MApN n-am aflat nimic.A\u0219adar, o afacere de sute de milioane de dolari a fost trecut\u0103 la secret. \u00cen condi\u021biile \u00een care o singur\u0103 rachet\u0103 de acest tip se vinde pe pia\u021ba neagr\u0103 a \u201cdealerilor mor\u021bii\u201d cu cel pu\u021bin de 250.000 de dolari, se poate spune c\u0103 afacerea ROT se cifreaz\u0103 la peste 100 de milioane de dolari. N-am pus la socoteal\u0103 masinile de \u00eencarcare \u0219i lansare (TEL), transportul \u0219i nici costul opera\u021biunii de \u201ccasare\u201d. S-a stabilit c\u0103 echipamentele noastre s\u0103 fie transportate prin Africa de Sud \u0219i dezmembrate \u00een SUA sub coordonarea serviciilor din Israel. Din surse SIE s-a aflat c\u0103 rachetele operativ-tactice nu au ajuns niciodat\u0103 \u00een Statele Unite. Rachetele au fost \u00eembarcate pe nave transcontainer ale companiei de transport naval israelian ZIM, care este prezent\u0103 la Constan\u0163a, \u00eenc\u0103 din anul 1976. Totul s-a desf\u0103\u015furat sub supravegherea direct\u0103 a lui Eliezer (Eli) Pincu, \u015feful Directorarului de Securitate al Ministerului Ap\u0103r\u0103rii din Israel, evreu n\u0103scut la Gala\u0163i. Vechi ofi\u0163er de informa\u0163ii, Pincu a lucrat \u00een ministerul ap\u0103r\u0103rii israeliene \u00eenc\u0103 din anul 1970. P\u00e2n\u0103 de cur\u00e2nd, Pincu a fost ata\u015fat militar la Misiunea European\u0103 din Paris (MOD). De acolo, a fost numit \u015feful Departamentului de Control al Exporturilor (ECD) din ministerul ap\u0103r\u0103rii israelian. ECD preluind competen\u0163ele \u00een materie de licen\u0163iere \u015fi exporturi militare de la SIBAT, echivalentul SRI-ului nostru. S-a mai stabilit ca o comisie format\u0103 din ofi\u0163eri SIE \u015fi MApN s\u0103 asiste la distrugerea echipamentelor. La vremea aceea, armata func\u0163iona sub ministeriatul lui Gheorghe Tinca, iar Serviciul de Informa\u0163ii Externe era condus de Ioan Talpe\u015f. Fortele armate din Romania s-au gasit, intre 1995-1997, \u00een stadiul Procesului de Planificare \u0219i Analiza, \u00een care \u00eentreg arsenalul lor a fost verificat \u0219i inventariat de exper\u021bi militari ai Pentagonului. Rom\u00e2nia n-a avut niciodata \u00een \u00eenzestrare rachete Scud (func\u021bion\u00eend cu combustibil lichid \u0219i cu o raza de ac\u021biune de 300-550 km) precum cele utilizate de Irak, pentru c\u0103 \u021bara noastr\u0103 era considerat\u0103 de sovietici ca f\u0103c\u00eend parte din e\u0219alonul 2 al Tratatului de la Var\u0219ovia \u0219i nu ni le-au oferit niciodat\u0103 la export. Argumentul servit de sovietici fiind acela ca un cerc cu raza de 300-550 km plecat din oricare punct al grani\u021belor Rom\u00e2niei nu \u00eent\u00eelnea dec\u00eet teritoriul vecinilor, adic\u0103 tot state comuniste. Ungaria \u0219i Polonia le-au avut \u00eensa \u00een dotare \u0219i dup\u0103 1989. A\u0219adar, singurele rachete sol-sol din dotarea trupelor de uscat rom\u00e2nesti din 1989 erau cele cunoscute \u00een cod NATO drept FROG-3 ( 3 baterii x 8 de lansatoare montate pe sa\u0219iu auto x 8 rachete pentru fiecare lansator ) \u0219i Frog-7b ( 3 baterii x 8 de lansatoare auto LUNA-2M x 8 rachete pentru fiecare lansator ) a c\u0103ror raza de ac\u021biune era de 27 km, respectiv de 68 km. Ele au fost denumite R.O.T de c\u0103tre generalii de la departamentul de \u00eenzestrare al MApN dup\u0219 e\u0219alonul pe care acestea \u00eel sprijinea cu foc. De exemplu divizionul de rachete FROG-3 se g\u0103sea \u00een compunerea diviziei de tancuri, divizia de tancuri constituind dup\u0103 normele \u0219tiin\u021bei militare e\u0219alonul tactic.<\/h4>\n<figure id=\"attachment_3199\" aria-describedby=\"caption-attachment-3199\" style=\"width: 300px\" class=\"wp-caption aligncenter\"><a href=\"http:\/\/www.desteptati-va.ro\/wp-content\/uploads\/2012\/02\/Rachete-Frog-7.jpg\"><img loading=\"lazy\" decoding=\"async\" class=\"size-medium wp-image-3199\" title=\"Rachete Frog-7\" src=\"http:\/\/www.desteptati-va.ro\/wp-content\/uploads\/2012\/02\/Rachete-Frog-7-300x300.jpg\" alt=\"Rachete Frog-7\" width=\"300\" height=\"300\"><\/a><figcaption id=\"caption-attachment-3199\" class=\"wp-caption-text\">Rachete Frog-7<\/figcaption><\/figure>\n<h4>Brigada de rachete FROG-7, organizat\u0103 \u0219i ea pe divizioane, era subordonat\u0103 Armatei de arme \u00eentrunite, care constituia e\u0219alonul operativ. Numai c\u0103 pe plan interna\u021bional exista deja o clasificare universal\u0103 a tuturor rachetelor balistice, care nu le includea pe cele ale unit\u0103\u021bilor artileriei terestre, cu raza de ac\u021biune sub 300 km, pe care le considera rachete tactice cu raza scurta ale artileriei. Conform clasific\u0103rii interna\u021bionale, rachetele balistice cu raz\u0103 scurt\u0103 de actiune sunt considerate cele cu raza cuprins\u0103 \u00eentre 300 \u0219i 1.000 km. \u00centre 1.000 \u0219i 3.000 km avem de-a face cu rachete balistice cu raz\u0103 medie de ac\u021biune. \u00centre 3.000 \u0219i 5.000 km rachetele sunt balistice cu raz\u0103 intermediar\u0103, iar peste 5.500 km sunt reachete balistice intercontinentale. De la prima vedere pare dubios traseul navelor transcontainer ale companiei de transport naval israelian ZIM, care au \u00eenc\u0103rcat rachetele Frog la Constan\u021ba pentru a le duce \u00een Israel. Pare inexplicabil modul \u00een care odata ie\u0219ite din marea Neagra \u0219i marea Egee direct \u00een marea Mediterana, \u00een loc s\u0103 vireze st\u00eenga, navele israeliene av\u00eend la bord agen\u021bi ai Mossad, au \u00eenconjurat \u00eentreg continentul african, f\u0103c\u00eend \u0219i o escala \u00een Africa de Sud, dar tinz\u00eend s\u0103 ajung\u0103 din nou \u00een marea Mediteran\u0103 \u0219i de acolo \u00een Israel. Numai c\u0103 lucrurile s-au limpezit de la sine. Human Rights Watch a publicat pe 13 aprilie 1999 un interviu pe care Alex Vines i l-a luat lui Richard Cornwall profesor la Institutul pentru Studii de Securitate din Pretoria-Africa de Sud. Interviul \u00eentitulat \u201cANGOLA UNRAVELS: The Rise and Fall of the Lusaka Peace Process\u201d men\u021bioneaz\u0103 faptul c\u0103 \u00een rapoartele de monitorizare ale ONU ap\u0103rute \u00een 1998 ( ca rezultat al monitoriz\u0103rii pe parcursul intregului an 1997), identificau teleportarea din neant a unui mini-arsenal direct \u00een curtea rebelilor UNITA, consind \u00een 6 avioane MiG-23, 8 elicoptere, 50 de tancuri T-55, 70 de TAB-uri \u0219i 20 de lansatoare de rachete Luna 2M ( Frog 7), Lucru confirmat \u0219i \u00een Angola Peace Monitor, nr. 8, Vol. V\/ 29 Aprilie 1999. Sean Cleary, director Strategic Concepts Ltd din Africa de Sud, a fost printre pu\u021binii oameni care au intrat \u00een posesia unuia din documentele de \u00eenso\u021bire ale transportului maritim efectuat de compania israeliana ZIM cu respectivele rachete Frog-7, identificate la UNITA. El a ad\u0103ugat ca \u00een plus, la bord mai existau \u0219i 2 elicoptere IAR-316 B Alouette, afirmind ca \u00een rubrica destinat\u0103 exportatorului figura Coreea de Nord. Cota de credibilitatea lui Cleary e mare, \u00eentruc\u00eet a fost secretar la ambasada de la Washington ( 1978-1982) \u0219i apoi Consul-General al Africii de Sud in SUA ( 1982-1983 ), director general \u00een cadrul Oficiului de Administrare a Namibiei ( 1983-1985). Partea proast\u0103 pentru ofi\u021berii de informa\u021bii israelieni care au completat documentul de \u00eenso\u021bire fals, e aceea ca spre deosebire de rachetele Frog, elicopterele IAR-316 B existau doar \u00een Rom\u00e2nia, nu \u0219i \u00een Coreea de Nord. \u00cen plus, Coreea de Nord, era al\u0103turi de Cuba \u0219i alte foste state comuniste sus\u021binatoare a regimului angolez cu care rebelii Unita luptau pentru a-l \u00eenvinge. \u00cen timp ce Israelul era cunoscut de peste dou\u0103 decenii ca principal alimentator cu arme al UNITA. Acum c\u0103 ne-am l\u0103murit de ce a fost nevoie s\u0103 fie retrase din \u00eenzestrarea armatei romane rachetele Frog \u0219i unde au ajuns ele cu adevarat, pentru a servi la \u201cimplementarea democra\u021biei\u201d de c\u0103tre statul Israel, trebuie s\u0103 \u0219i explic de ce asa-numita \u201ccasare\u201d a acestui tip de tehnica de lupta a \u00eensemnat subminarea cu buna stiin\u021b\u0103 a capacita\u021bii de ap\u0103rare a Rom\u00e2niei. Potrivit Legii nr. 39\/1990 privind \u00eenfiin\u0163area, organizarea \u015fi func\u0163ionarea Consiliului Suprem de Ap\u0103rare a \u0162\u0103rii, intra in responsabilitatile CSAT atit organizarea general\u0103 a for\u0163elor armate, planurile de \u00eentrebuin\u0163are a for\u0163elor pe timp de pace \u015fi la r\u0103zboi, \u00eenzestrarea for\u0163elor sistemului na\u0163ional de ap\u0103rare, precum si \u00eenfiin\u0163area, desfiin\u0163area, dislocarea \u015fi redislocarea, \u00een timp de pace, pe teritoriul na\u0163ional, a marilor unit\u0103\u0163i militare de la e\u015falonul brigad\u0103, inclusiv, \u00een sus. Cu alte cuvinte, simpla \u201ccasare\u201d a rachetelor Frog \u00eensemna de fapt desfiin\u021barea cel putin a celor 2 brig\u0103zi de artilerie Luna 2M din compunerea armatei romane. Ori \u00een stiin\u021ba militar\u0103 func\u021bioneaz\u0103 principiul \u00eenlocuirii unei categorii de tehnica de lupt\u0103 cu alta similar\u0103 dar mai modern\u0103 care s\u0103 \u00eendeplineasc\u0103 mai u\u0219or \u0219i mai pr\u00e9cis acelea\u0219i func\u021biuni. \u00cen caz contrar, marile unit\u0103\u021bi ( Armatele de arme intrunite ) care depind de sprijinul cu foc al categoriei de tehnica care a fost casat\u0103, nu-\u0219i mai pot \u00eendeplini misiunile \u0219i sunt ca \u0219i neutralizate.<\/h4>\n<figure id=\"attachment_3200\" aria-describedby=\"caption-attachment-3200\" style=\"width: 300px\" class=\"wp-caption aligncenter\"><a href=\"http:\/\/www.desteptati-va.ro\/wp-content\/uploads\/2012\/02\/137588-shimon-naor.jpg\"><img loading=\"lazy\" decoding=\"async\" class=\"size-medium wp-image-3200\" title=\"137588-shimon-naor\" src=\"http:\/\/www.desteptati-va.ro\/wp-content\/uploads\/2012\/02\/137588-shimon-naor-300x199.jpg\" alt=\"Shimon Naor\" width=\"300\" height=\"199\"><\/a><figcaption id=\"caption-attachment-3200\" class=\"wp-caption-text\">Shimon Naor<\/figcaption><\/figure>\n<h4>De altfel sezonul aservirii totale a armatei rom\u00e2ne intereselor trafican\u021bilor &nbsp;de arme, a debutat furtunos \u00een aprilie 1997, dac\u0103 ne g\u00eendim doar la seria de 6 transporturi speciale cu arme Romtehnica ( intre 01-17.04.1997 ), executate de pe Otopeni-militar cu avioane gigant AN-124, de c\u0103tre Shimon Naor ( lt.col al Mosad), \u00een favoarea Sudanului ( \u021bar\u0103 aflat\u0103 \u00een plin r\u0103zboi civil \u0219i sub embargou ONU din 1994 ). Fiind urmate pe parcursul anului 1997 de alte 78 de zboruri ale aeronavelor IL-76, AN-12, B-707 operate ca \u0219i AN-124, de acela\u0219i celebru traficant Viktor Bout \u0219i \u00eenc\u0103rcate cu arme rom\u00e2ne\u0219ti la platforma militar\u0103 a aeroportului Otopeni. Culminind \u00een aprilie 1998 cu mizerabila \u00eenscenare numit\u0103 Tigareta 2, anchetat\u0103 de exact aceia\u0219i procurori militari condu\u0219i de col. Mihai Popov, cel care a mu\u0219amalizat absolut toate asasinatele comise \u00een decembrie 1989. A urmat tot \u00een aprilie 1998, practic desfiin\u021barea avia\u021biei de v\u00een\u0103toare-bombardament rom\u00e2ne\u0219ti prin retragerea din organica regimentelor 67 de la Craiova \u0219i 49 Avia\u021bie de la Ianca, a celor 72 de avioane IAR-93 ( \u00een serviciu operativ \u00een perioada 1981 \u2013 1998 ) cu care acestea erau \u00eenzestrate. &nbsp;Grav e c\u0103 scoaterea din \u00eenzestrare a avioanelor IAR-93 s-a produs \u00een perioada de tensiune militar\u0103 care a precedat bombardarea Iugoslaviei de c\u0103tre NATO, moment \u00een care nici un stat din lume nu procedeaz\u0103 a\u0219a. Lucrurile nu s-au oprit aici, bateriile de rachete AA romanesti, de tip S-15 Neva, responsabile de dobor\u00eerea unui avion \u201cinvizibil\u201d american F-117 \u00een r\u0103zboiul din Iugoslavia, au fost \u0219i ele scoase din \u00eenzestrarea armatei \u0219i trimise \u00een Israel \u00een 1999, probabil la fel cum s-a procedat \u0219i cu ROT-urile. Defrisarea avia\u021biei militare \u0219i a trupelor de rachete s-a derulat cu complicitatea \u0219efului Fortelor Aeriene, Ghorghe Bucse care a fost recompensat pentru aceasta cu gradul de general cu 4 stele, cu o pensie lunar\u0103 de peste 100 de milioane de lei, pentru care sindicatul cadrelor militare disponibilizate, \u00een rezerva \u0219i \u00een retragere s-a luptat cu \u00eendirjire. Vinova\u021bia pentru tradare prin subminarea capacit\u0103\u021bii de ap\u0103rare a Romaniei \u0219i pentru \u00eencalcarea voit\u0103 a embargoului international cu arme apar\u021bine \u0219i echipei : Emil Constantinescu ( pre\u0219edinte al Rom\u00e2niei ), Dorin Marian ( consilier presiden\u021bial \u0219i secretar al CSAT, devenit ulterior \u0219eful cancelariei premierului T\u0103riceanu ), gen. Ion Magdalena, secretar general al CSAT ( cal\u0103ul echipajelor de elicoptere rom\u00e2nesti \u00een decembrie 1989 ), gen. Constantin Degeratu (\u0219ef al Statului Major General, devenit consilier preziden\u021bial sub regimul B\u0103sescu, beneficiar al unei pensii de general cu 4 stele de aproape 100 de milioane de lei ). Ca o concluzie, \u00eentrucit caracterul oamenilor nu se schimb\u0103, \u00een Romania post-decembriste faptele lor murdare sunt protejate, ele se diversific\u0103, a\u0219a c\u0103 \u00eentr-un an de func\u021bionare pe postul de secretar general al CSAT gen. Magdalena, a coordonat un trafic de armament mai mare decat s-a \u00eenregistrat \u00een perioada 1990-1997. Ulterior, \u00een perioada 2001-2003 Magdalena a fost adjunctul comandantului Fortelor Aeriene, iesind la pensie \u00een 2005 de pe func\u021bia de inspector general al Inspectoratului Ministerului Ap\u0103r\u0103rii Na\u021bionale, cu epole\u021bii \u00eencarca\u021bi azi de 4 stele de general \u0219i cu o pensie de aproape 100 de milioane de lei.<\/h4>\n<figure id=\"attachment_3201\" aria-describedby=\"caption-attachment-3201\" style=\"width: 300px\" class=\"wp-caption aligncenter\"><a href=\"http:\/\/www.desteptati-va.ro\/wp-content\/uploads\/2012\/02\/Ioan-Talpes.jpg\"><img loading=\"lazy\" decoding=\"async\" class=\"size-medium wp-image-3201\" title=\"Ioan Talpes\" src=\"http:\/\/www.desteptati-va.ro\/wp-content\/uploads\/2012\/02\/Ioan-Talpes-300x199.jpg\" alt=\"Ioan Talpe\u0219\" width=\"300\" height=\"199\"><\/a><figcaption id=\"caption-attachment-3201\" class=\"wp-caption-text\">Ioan Talpe\u0219<\/figcaption><\/figure>\n<h4>Printre complicii pr\u0103duitorilor rachetelor ROT figureaz\u0103, la loc de cinste, gen.lt. Ioan Talpes, cel care a fost numit de Ion Iliescu conducerea sec\u021biei de r\u0103zboi psihologic a MApN, pe 22 decembrie 1989 \u0219i care a fost director al SIE p\u00eena \u00een vara lui 1997, devenind \u00een 2001 consilier preziden\u021bial pe probleme de Ap\u0103rare al lui Ion Iliescu. Talpe\u0219 se bucur\u0103 \u0219i el de o pensie de peste 100 de milioane de lei, gra\u021bie celor 4 stele de general cu care a fost recompensat de to\u021bi presedin\u021bii Rom\u00e2niei. Toate aceste fapte de o gravitate deosebite ar fi trebuit s\u0103 fie deja anchetate de Parchetul Militar. De c\u0103tre cine ? De c\u0103tre gen.lt magistrat Mugurel Florescu ( \u201cmartor\u201d la execu\u021bia cuplului Ceausescu, devenit instantaneu procuror general adjunct al Rom\u00e2niei \u0219i \u0219ef al sec\u021biei Parchetelor Militare p\u00e2na \u00een 1993, transferat \u0219ef al corpului de control al MApN \u0219i ie\u0219it la pensie, ca general cu 4 stele \u00een 2009, de la Serviciul de Telecomunica\u021bii Speciale-STS ), &nbsp;de c\u0103tre col. Mihai Popov ( cel care din func\u021bia de \u0219ef al Parchetului de pe l\u00e2nga Curtea Militar\u0103 de Apel, a produs monstruozitatea de rechizitoriu din \u021aigareta 2, prin care a transformat o livrare de armament a MApN \u00eentr-o contrabanda cu \u021big\u0103ri ) \u0219i de c\u0103tre lt.col. Ilie Botos ( devenit procuror general al Rom\u00e2niei \u00een perioada 2003-2006, iar acum general cu 3 stele \u0219i de\u021bin\u00e2nd func\u021bia de director-adjunct al Direc\u021biei Generale de Informa\u021bii a Ap\u0103r\u0103rii ), adic\u0103 cei care i-au facut scapa\u021bi \u0219i pe c\u0103l\u0103ii militarilor din decembrie 1989. Mai trebuie men\u021bionat faptul c\u0103 unchiul lui Ilie Boto\u0219, generalul maior Ionit\u0103 Boto\u0219, care l-a ajutat s\u0103 devin\u0103 peste noapte magistrat militar, era \u00een iunie 1990 \u0219eful Comandamentului Serviciilor Armatei. Din aceast\u0103 pozi\u021bie, a primit de la Ion Iliescu misiunea de \u00eencazarmare \u0219i hr\u0103nire a minerilor condusi de Miron Cosma, veni\u021bi la Bucure\u0219ti \u00een iunie 1990.<\/h4>\n<figure id=\"attachment_3202\" aria-describedby=\"caption-attachment-3202\" style=\"width: 300px\" class=\"wp-caption aligncenter\"><a href=\"http:\/\/www.desteptati-va.ro\/wp-content\/uploads\/2012\/02\/gabriel-oprea.jpg\"><img loading=\"lazy\" decoding=\"async\" class=\"size-medium wp-image-3202\" title=\"GABRIEL OPREA - INTERNE - PRELUARE MANDAT\" src=\"http:\/\/www.desteptati-va.ro\/wp-content\/uploads\/2012\/02\/gabriel-oprea-300x225.jpg\" alt=\"Gabriel Oprea\" width=\"300\" height=\"225\"><\/a><figcaption id=\"caption-attachment-3202\" class=\"wp-caption-text\">Gabriel Oprea<\/figcaption><\/figure>\n<h4>Pentru rezolvarea acestei probleme l-a delegat pe subordonatul sau lt.maj. Gabriel Oprea ( actualul ministru al Ap\u0103r\u0103rii care-l \u021bine la r\u00e2ndul sau \u00een bra\u021be pe Botos jr.), ofi\u021ber de intenden\u021b\u0103 la regimentul 1 Mecanizat ( UM 01305 ), locul unde au fost \u00eenc\u0103rtirui\u021bi minerii. Prilej care a facut ca \u00een urm\u0103torii 8 ani, Oprea s\u0103 fie permanent \u00een preajma lui Cosma. \u0218i pentru c\u0103 procurorii militari au demonstrat c\u0103 nu aflarea adevarului \u0219i dreptatea, ci obedien\u021ba p\u00e2na \u00een m\u0103duva oaselor fa\u021b\u0103 de clasa politic\u0103, i-a motivat \u00een ac\u021biunile lor, \u00een 2002, sub regimul Iliescu, Ioan Mircea Pascu, ministrul Ap\u0103r\u0103rii ( av\u00eendu-l drept consilier principal pe gen. r. Iosif Rus, fostul sef al Aviatiei militare \u0219i c\u0103laul propriilor sale echipaje de elicopter \u00een 1989, \u00eenc\u0103rcat cu 4 stele de general \u0219i cu o pensie de peste 100 de milioane de lei, \u00een zilele noastre ), s-a reluat la greu sezonul submin\u0103rii capacit\u0103\u021bii de ap\u0103rare a armatei romane, cu scoaterea din \u00eenzestrare a celor 18 MIG-29 ( cele mai noi aparate de zbor ale avia\u021biei, achizi\u021bionate \u00een perioada 1989-1991 \u0219i despre care au ap\u0103rut indicii ca o parte din ele ar fi fost comercializate \u00een state africane supuse embargoului interna\u021bional ) \u0219i a celor 33 de MIG-23 MF ( achizi\u021bionate \u00een 1983, singurele avioane cu geometrie variabil\u0103 pe care le-a avut Rom\u00e2nia vreodat\u0103 ).<\/h4>\n<figure id=\"attachment_3203\" aria-describedby=\"caption-attachment-3203\" style=\"width: 300px\" class=\"wp-caption aligncenter\"><a href=\"http:\/\/www.desteptati-va.ro\/wp-content\/uploads\/2012\/02\/mig-29n.jpg\"><img loading=\"lazy\" decoding=\"async\" class=\"size-medium wp-image-3203\" title=\"mig-29n\" src=\"http:\/\/www.desteptati-va.ro\/wp-content\/uploads\/2012\/02\/mig-29n-300x225.jpg\" alt=\"MIG 29\" width=\"300\" height=\"225\"><\/a><figcaption id=\"caption-attachment-3203\" class=\"wp-caption-text\">MIG 29<\/figcaption><\/figure>\n<h4>Aceast\u0103 nou\u0103 lovitur\u0103 dat\u0103 armatei, a condus la desfiin\u021barea regimentului 57 avia\u021bie de la M. Kogalniceanu, cel care apar\u0103 Dobrogea \u0219i litoralul, precum \u0219i la desfiin\u021barea regimentului 93 avia\u021bie, cel care apar\u0103 grani\u021ba de vest a Romaniei. Inainte de 1989, c\u00eend am v\u0103zut pentru prima oara Opera de 3 parale a lui Bertold Brecht, nu mi-a trecut prin cap c\u0103 peste ani, sub uniformele pline de fireturi, decora\u021bii \u0219i stele de generali \u0219i magistra\u021bi militari rom\u00e2ni, m\u00eendria poporului rom\u00e2n, aveam s\u0103 identific o banda de incompeten\u021bi criminali \u0219i ho\u021bi cu apuc\u0103turi copiate dup\u0103 cea original\u0103, a lui Mackie \u015ei\u015f. (NOTA: Conform tratatului de dezarmare de la Paris, Rom\u00e2nia ar fi trebuit s\u0103 de\u021bin\u0103 la aceast\u0103 or\u0103 430 de avioane de lupta \u0219i 120 de elicoptere de atac. \u00cen realitate For\u021bele Aeriene Militare se rezuma la 69 de avioane de lupt\u0103 (49 MIG-21 Lancer, cu resurs\u0103 pe terminate \u0219i 20 de avioane subsonice, de scoala \u0219i de atac la sol IAR-99) \u0219i 23 de elicoptere IAR-330 Socat, capabile s\u0103 duc\u0103 lupt\u0103 anti-tanc).<\/h4>\n<h4><\/h4>\n<h4>Sursa: Blogosfera- Explosiv News<\/h4>        <div class=\"booster-block booster-reactions-block\">\n            <div class=\"twp-reactions-icons\">\n                \n                <div class=\"twp-reacts-wrap\">\n                    <a react-data=\"be-react-1\" post-id=\"4056\" class=\"be-face-icons un-reacted\" href=\"javascript:void(0)\">\n                        <img decoding=\"async\" src=\"https:\/\/desteptati-va.ro\/wp-content\/plugins\/booster-extension\/\/assets\/icon\/happy.svg\" alt=\"Happy\">\n                    <\/a>\n                    <div class=\"twp-reaction-title\">\n                        Happy                    <\/div>\n                    <div class=\"twp-count-percent\">\n                                                    <span style=\"display: none;\" class=\"twp-react-count\">0<\/span>\n                        \n                                                <span class=\"twp-react-percent\"><span>0<\/span> %<\/span>\n                                            <\/div>\n                <\/div>\n\n                <div class=\"twp-reacts-wrap\">\n                    <a react-data=\"be-react-2\" post-id=\"4056\" class=\"be-face-icons un-reacted\" href=\"javascript:void(0)\">\n                        <img decoding=\"async\" src=\"https:\/\/desteptati-va.ro\/wp-content\/plugins\/booster-extension\/\/assets\/icon\/sad.svg\" alt=\"Sad\">\n                    <\/a>\n                    <div class=\"twp-reaction-title\">\n                        Sad                    <\/div>\n                    <div class=\"twp-count-percent\">\n                                                    <span style=\"display: none;\" class=\"twp-react-count\">0<\/span>\n                                                                        <span class=\"twp-react-percent\"><span>0<\/span> %<\/span>\n                                            <\/div>\n                <\/div>\n\n                <div class=\"twp-reacts-wrap\">\n                    <a react-data=\"be-react-3\" post-id=\"4056\" class=\"be-face-icons un-reacted\" href=\"javascript:void(0)\">\n                        <img decoding=\"async\" src=\"https:\/\/desteptati-va.ro\/wp-content\/plugins\/booster-extension\/\/assets\/icon\/excited.svg\" alt=\"Excited\">\n                    <\/a>\n                    <div class=\"twp-reaction-title\">\n                        Excited                    <\/div>\n                    <div class=\"twp-count-percent\">\n                                                    <span style=\"display: none;\" class=\"twp-react-count\">0<\/span>\n                                                                        <span class=\"twp-react-percent\"><span>0<\/span> %<\/span>\n                                            <\/div>\n                <\/div>\n\n                <div class=\"twp-reacts-wrap\">\n                    <a react-data=\"be-react-6\" post-id=\"4056\" class=\"be-face-icons un-reacted\" href=\"javascript:void(0)\">\n                        <img decoding=\"async\" src=\"https:\/\/desteptati-va.ro\/wp-content\/plugins\/booster-extension\/\/assets\/icon\/sleepy.svg\" alt=\"Sleepy\">\n                    <\/a>\n                    <div class=\"twp-reaction-title\">\n                        Sleepy                    <\/div>\n                    <div class=\"twp-count-percent\">\n                                                    <span style=\"display: none;\" class=\"twp-react-count\">0<\/span>\n                        \n                                                <span class=\"twp-react-percent\"><span>0<\/span> %<\/span>\n                                            <\/div>\n                <\/div>\n\n                <div class=\"twp-reacts-wrap\">\n                    <a react-data=\"be-react-4\" post-id=\"4056\" class=\"be-face-icons un-reacted\" href=\"javascript:void(0)\">\n                        <img decoding=\"async\" src=\"https:\/\/desteptati-va.ro\/wp-content\/plugins\/booster-extension\/\/assets\/icon\/angry.svg\" alt=\"Angry\">\n                    <\/a>\n                    <div class=\"twp-reaction-title\">Angry<\/div>\n                    <div class=\"twp-count-percent\">\n                                                    <span style=\"display: none;\" class=\"twp-react-count\">0<\/span>\n                                                                        <span class=\"twp-react-percent\"><span>0<\/span> %<\/span>\n                        \n                    <\/div>\n                <\/div>\n\n                <div class=\"twp-reacts-wrap\">\n                    <a react-data=\"be-react-5\" post-id=\"4056\" class=\"be-face-icons un-reacted\" href=\"javascript:void(0)\">\n                        <img decoding=\"async\" src=\"https:\/\/desteptati-va.ro\/wp-content\/plugins\/booster-extension\/\/assets\/icon\/surprise.svg\" alt=\"Surprise\">\n                    <\/a>\n                    <div class=\"twp-reaction-title\">Surprise<\/div>\n                    <div class=\"twp-count-percent\">\n                                                    <span style=\"display: none;\" class=\"twp-react-count\">0<\/span>\n                                                                        <span class=\"twp-react-percent\"><span>0<\/span> %<\/span>\n                                            <\/div>\n                <\/div>\n\n            <\/div>\n        <\/div>\n\n    <\/div>","protected":false},"excerpt":{"rendered":"<p>\u00centr-un articol anterior am ar\u0103tat cum generalii armatei rom\u00e2ne au derulat un diabolic r\u0103zboi radio-electronic sub masca c\u0103ruia, dup\u0103 22<a href=\"https:\/\/desteptati-va.ro\/index.php\/2021\/04\/19\/romania-traficanitilor-de-arme-si-complicii-lor\/\">Read More<i class=\"fa fa-long-arrow-right\" aria-hidden=\"true\"><\/i><\/a><\/p>\n","protected":false},"author":1,"featured_media":4674,"comment_status":"open","ping_status":"open","sticky":false,"template":"","format":"standard","meta":{"_crdt_document":"","footnotes":""},"categories":[218,16],"tags":[168,1440],"class_list":["post-4056","post","type-post","status-publish","format-standard","has-post-thumbnail","hentry","category-general","category-o-tara-furata","tag-armata","tag-trafic"],"rise-blocks_total_comments":2,"rise-blocks_categories":[{"term_id":16,"name":"O tara furata","slug":"o-tara-furata","term_group":0,"term_taxonomy_id":16,"taxonomy":"category","description":"","parent":0,"count":19,"filter":"raw"}],"rise-blocks_excerpt":"\u00centr-un articol anterior am ar\u0103tat cum generalii armatei rom\u00e2ne au derulat un diabolic r\u0103zboi radio-electronic sub masca c\u0103ruia, dup\u0103 22 decembrie 1989 au omor\u00eet peste 1.000 de rom\u00e2ni pentru a justifica legitimitatea loviturii de stat prin care au reinstaurat regimul capitalist, \u00eensc\u0103un\u00eendu-l pre\u0219edinte pe Ion Iliescu. \u00centr-un alt articol, am demonstrat printr-o aplica\u021bie strategic\u0103, cu date c\u00eet se poate de..","yoast_head":"<!-- This site is optimized with the Yoast SEO plugin v26.9 - https:\/\/yoast.com\/product\/yoast-seo-wordpress\/ -->\r\n<title>Rom\u00e2nia traficani\u021bilor de arme \u0219i complicii lor -<\/title>\r\n<meta name=\"robots\" content=\"index, follow, max-snippet:-1, max-image-preview:large, max-video-preview:-1\" \/>\r\n<link rel=\"canonical\" href=\"https:\/\/desteptati-va.ro\/index.php\/2021\/04\/19\/romania-traficanitilor-de-arme-si-complicii-lor\/\" \/>\r\n<meta property=\"og:locale\" content=\"ro_RO\" \/>\r\n<meta property=\"og:type\" content=\"article\" \/>\r\n<meta property=\"og:title\" content=\"Rom\u00e2nia traficani\u021bilor de arme \u0219i complicii lor -\" \/>\r\n<meta property=\"og:description\" content=\"\u00centr-un articol anterior am ar\u0103tat cum generalii armatei rom\u00e2ne au derulat un diabolic r\u0103zboi radio-electronic sub masca c\u0103ruia, dup\u0103 22Read More\" \/>\r\n<meta property=\"og:url\" content=\"https:\/\/desteptati-va.ro\/index.php\/2021\/04\/19\/romania-traficanitilor-de-arme-si-complicii-lor\/\" \/>\r\n<meta property=\"article:published_time\" content=\"2021-04-19T10:32:42+00:00\" \/>\r\n<meta property=\"article:modified_time\" content=\"2022-02-01T08:49:23+00:00\" \/>\r\n<meta property=\"og:image\" content=\"https:\/\/desteptati-va.ro\/wp-content\/uploads\/2021\/04\/arme.jpg\" \/>\r\n\t<meta property=\"og:image:width\" content=\"275\" \/>\r\n\t<meta property=\"og:image:height\" content=\"183\" \/>\r\n\t<meta property=\"og:image:type\" content=\"image\/jpeg\" \/>\r\n<meta name=\"author\" content=\"wolfsoftcompany\" \/>\r\n<meta name=\"twitter:card\" content=\"summary_large_image\" \/>\r\n<meta name=\"twitter:label1\" content=\"Scris de\" \/>\n\t<meta name=\"twitter:data1\" content=\"wolfsoftcompany\" \/>\n\t<meta name=\"twitter:label2\" content=\"Timp estimat pentru citire\" \/>\n\t<meta name=\"twitter:data2\" content=\"15 minute\" \/>\r\n<script type=\"application\/ld+json\" class=\"yoast-schema-graph\">{\"@context\":\"https:\/\/schema.org\",\"@graph\":[{\"@type\":\"Article\",\"@id\":\"https:\/\/desteptati-va.ro\/index.php\/2021\/04\/19\/romania-traficanitilor-de-arme-si-complicii-lor\/#article\",\"isPartOf\":{\"@id\":\"https:\/\/desteptati-va.ro\/index.php\/2021\/04\/19\/romania-traficanitilor-de-arme-si-complicii-lor\/\"},\"author\":{\"name\":\"wolfsoftcompany\",\"@id\":\"https:\/\/desteptati-va.ro\/#\/schema\/person\/13182deeebd44920914899f7bb262d6b\"},\"headline\":\"Rom\u00e2nia traficani\u021bilor de arme \u0219i complicii lor\",\"datePublished\":\"2021-04-19T10:32:42+00:00\",\"dateModified\":\"2022-02-01T08:49:23+00:00\",\"mainEntityOfPage\":{\"@id\":\"https:\/\/desteptati-va.ro\/index.php\/2021\/04\/19\/romania-traficanitilor-de-arme-si-complicii-lor\/\"},\"wordCount\":2946,\"commentCount\":2,\"image\":{\"@id\":\"https:\/\/desteptati-va.ro\/index.php\/2021\/04\/19\/romania-traficanitilor-de-arme-si-complicii-lor\/#primaryimage\"},\"thumbnailUrl\":\"https:\/\/desteptati-va.ro\/wp-content\/uploads\/2021\/04\/arme.jpg\",\"keywords\":[\"Armata\",\"trafic\"],\"articleSection\":[\"General\",\"O tara furata\"],\"inLanguage\":\"ro-RO\",\"potentialAction\":[{\"@type\":\"CommentAction\",\"name\":\"Comment\",\"target\":[\"https:\/\/desteptati-va.ro\/index.php\/2021\/04\/19\/romania-traficanitilor-de-arme-si-complicii-lor\/#respond\"]}]},{\"@type\":\"WebPage\",\"@id\":\"https:\/\/desteptati-va.ro\/index.php\/2021\/04\/19\/romania-traficanitilor-de-arme-si-complicii-lor\/\",\"url\":\"https:\/\/desteptati-va.ro\/index.php\/2021\/04\/19\/romania-traficanitilor-de-arme-si-complicii-lor\/\",\"name\":\"Rom\u00e2nia traficani\u021bilor de arme \u0219i complicii lor -\",\"isPartOf\":{\"@id\":\"https:\/\/desteptati-va.ro\/#website\"},\"primaryImageOfPage\":{\"@id\":\"https:\/\/desteptati-va.ro\/index.php\/2021\/04\/19\/romania-traficanitilor-de-arme-si-complicii-lor\/#primaryimage\"},\"image\":{\"@id\":\"https:\/\/desteptati-va.ro\/index.php\/2021\/04\/19\/romania-traficanitilor-de-arme-si-complicii-lor\/#primaryimage\"},\"thumbnailUrl\":\"https:\/\/desteptati-va.ro\/wp-content\/uploads\/2021\/04\/arme.jpg\",\"datePublished\":\"2021-04-19T10:32:42+00:00\",\"dateModified\":\"2022-02-01T08:49:23+00:00\",\"author\":{\"@id\":\"https:\/\/desteptati-va.ro\/#\/schema\/person\/13182deeebd44920914899f7bb262d6b\"},\"breadcrumb\":{\"@id\":\"https:\/\/desteptati-va.ro\/index.php\/2021\/04\/19\/romania-traficanitilor-de-arme-si-complicii-lor\/#breadcrumb\"},\"inLanguage\":\"ro-RO\",\"potentialAction\":[{\"@type\":\"ReadAction\",\"target\":[\"https:\/\/desteptati-va.ro\/index.php\/2021\/04\/19\/romania-traficanitilor-de-arme-si-complicii-lor\/\"]}]},{\"@type\":\"ImageObject\",\"inLanguage\":\"ro-RO\",\"@id\":\"https:\/\/desteptati-va.ro\/index.php\/2021\/04\/19\/romania-traficanitilor-de-arme-si-complicii-lor\/#primaryimage\",\"url\":\"https:\/\/desteptati-va.ro\/wp-content\/uploads\/2021\/04\/arme.jpg\",\"contentUrl\":\"https:\/\/desteptati-va.ro\/wp-content\/uploads\/2021\/04\/arme.jpg\",\"width\":275,\"height\":183},{\"@type\":\"BreadcrumbList\",\"@id\":\"https:\/\/desteptati-va.ro\/index.php\/2021\/04\/19\/romania-traficanitilor-de-arme-si-complicii-lor\/#breadcrumb\",\"itemListElement\":[{\"@type\":\"ListItem\",\"position\":1,\"name\":\"Prima pagin\u0103\",\"item\":\"https:\/\/desteptati-va.ro\/\"},{\"@type\":\"ListItem\",\"position\":2,\"name\":\"Rom\u00e2nia traficani\u021bilor de arme \u0219i complicii lor\"}]},{\"@type\":\"WebSite\",\"@id\":\"https:\/\/desteptati-va.ro\/#website\",\"url\":\"https:\/\/desteptati-va.ro\/\",\"name\":\"\",\"description\":\"\",\"potentialAction\":[{\"@type\":\"SearchAction\",\"target\":{\"@type\":\"EntryPoint\",\"urlTemplate\":\"https:\/\/desteptati-va.ro\/?s={search_term_string}\"},\"query-input\":{\"@type\":\"PropertyValueSpecification\",\"valueRequired\":true,\"valueName\":\"search_term_string\"}}],\"inLanguage\":\"ro-RO\"},{\"@type\":\"Person\",\"@id\":\"https:\/\/desteptati-va.ro\/#\/schema\/person\/13182deeebd44920914899f7bb262d6b\",\"name\":\"wolfsoftcompany\",\"image\":{\"@type\":\"ImageObject\",\"inLanguage\":\"ro-RO\",\"@id\":\"https:\/\/desteptati-va.ro\/#\/schema\/person\/image\/\",\"url\":\"https:\/\/secure.gravatar.com\/avatar\/a6cce9b6d101d27d91690e7073e300fed94c0899890bf998e082cb9d2c3d121e?s=96&d=mm&r=g\",\"contentUrl\":\"https:\/\/secure.gravatar.com\/avatar\/a6cce9b6d101d27d91690e7073e300fed94c0899890bf998e082cb9d2c3d121e?s=96&d=mm&r=g\",\"caption\":\"wolfsoftcompany\"},\"sameAs\":[\"http:\/\/desteptati-va.ro\"],\"url\":\"https:\/\/desteptati-va.ro\/index.php\/author\/wolfsoftcompany\/\"}]}<\/script>\r\n<!-- \/ Yoast SEO plugin. -->","yoast_head_json":{"title":"Rom\u00e2nia traficani\u021bilor de arme \u0219i complicii lor -","robots":{"index":"index","follow":"follow","max-snippet":"max-snippet:-1","max-image-preview":"max-image-preview:large","max-video-preview":"max-video-preview:-1"},"canonical":"https:\/\/desteptati-va.ro\/index.php\/2021\/04\/19\/romania-traficanitilor-de-arme-si-complicii-lor\/","og_locale":"ro_RO","og_type":"article","og_title":"Rom\u00e2nia traficani\u021bilor de arme \u0219i complicii lor -","og_description":"\u00centr-un articol anterior am ar\u0103tat cum generalii armatei rom\u00e2ne au derulat un diabolic r\u0103zboi radio-electronic sub masca c\u0103ruia, dup\u0103 22Read More","og_url":"https:\/\/desteptati-va.ro\/index.php\/2021\/04\/19\/romania-traficanitilor-de-arme-si-complicii-lor\/","article_published_time":"2021-04-19T10:32:42+00:00","article_modified_time":"2022-02-01T08:49:23+00:00","og_image":[{"width":275,"height":183,"url":"https:\/\/desteptati-va.ro\/wp-content\/uploads\/2021\/04\/arme.jpg","type":"image\/jpeg"}],"author":"wolfsoftcompany","twitter_card":"summary_large_image","twitter_misc":{"Scris de":"wolfsoftcompany","Timp estimat pentru citire":"15 minute"},"schema":{"@context":"https:\/\/schema.org","@graph":[{"@type":"Article","@id":"https:\/\/desteptati-va.ro\/index.php\/2021\/04\/19\/romania-traficanitilor-de-arme-si-complicii-lor\/#article","isPartOf":{"@id":"https:\/\/desteptati-va.ro\/index.php\/2021\/04\/19\/romania-traficanitilor-de-arme-si-complicii-lor\/"},"author":{"name":"wolfsoftcompany","@id":"https:\/\/desteptati-va.ro\/#\/schema\/person\/13182deeebd44920914899f7bb262d6b"},"headline":"Rom\u00e2nia traficani\u021bilor de arme \u0219i complicii lor","datePublished":"2021-04-19T10:32:42+00:00","dateModified":"2022-02-01T08:49:23+00:00","mainEntityOfPage":{"@id":"https:\/\/desteptati-va.ro\/index.php\/2021\/04\/19\/romania-traficanitilor-de-arme-si-complicii-lor\/"},"wordCount":2946,"commentCount":2,"image":{"@id":"https:\/\/desteptati-va.ro\/index.php\/2021\/04\/19\/romania-traficanitilor-de-arme-si-complicii-lor\/#primaryimage"},"thumbnailUrl":"https:\/\/desteptati-va.ro\/wp-content\/uploads\/2021\/04\/arme.jpg","keywords":["Armata","trafic"],"articleSection":["General","O tara furata"],"inLanguage":"ro-RO","potentialAction":[{"@type":"CommentAction","name":"Comment","target":["https:\/\/desteptati-va.ro\/index.php\/2021\/04\/19\/romania-traficanitilor-de-arme-si-complicii-lor\/#respond"]}]},{"@type":"WebPage","@id":"https:\/\/desteptati-va.ro\/index.php\/2021\/04\/19\/romania-traficanitilor-de-arme-si-complicii-lor\/","url":"https:\/\/desteptati-va.ro\/index.php\/2021\/04\/19\/romania-traficanitilor-de-arme-si-complicii-lor\/","name":"Rom\u00e2nia traficani\u021bilor de arme \u0219i complicii lor -","isPartOf":{"@id":"https:\/\/desteptati-va.ro\/#website"},"primaryImageOfPage":{"@id":"https:\/\/desteptati-va.ro\/index.php\/2021\/04\/19\/romania-traficanitilor-de-arme-si-complicii-lor\/#primaryimage"},"image":{"@id":"https:\/\/desteptati-va.ro\/index.php\/2021\/04\/19\/romania-traficanitilor-de-arme-si-complicii-lor\/#primaryimage"},"thumbnailUrl":"https:\/\/desteptati-va.ro\/wp-content\/uploads\/2021\/04\/arme.jpg","datePublished":"2021-04-19T10:32:42+00:00","dateModified":"2022-02-01T08:49:23+00:00","author":{"@id":"https:\/\/desteptati-va.ro\/#\/schema\/person\/13182deeebd44920914899f7bb262d6b"},"breadcrumb":{"@id":"https:\/\/desteptati-va.ro\/index.php\/2021\/04\/19\/romania-traficanitilor-de-arme-si-complicii-lor\/#breadcrumb"},"inLanguage":"ro-RO","potentialAction":[{"@type":"ReadAction","target":["https:\/\/desteptati-va.ro\/index.php\/2021\/04\/19\/romania-traficanitilor-de-arme-si-complicii-lor\/"]}]},{"@type":"ImageObject","inLanguage":"ro-RO","@id":"https:\/\/desteptati-va.ro\/index.php\/2021\/04\/19\/romania-traficanitilor-de-arme-si-complicii-lor\/#primaryimage","url":"https:\/\/desteptati-va.ro\/wp-content\/uploads\/2021\/04\/arme.jpg","contentUrl":"https:\/\/desteptati-va.ro\/wp-content\/uploads\/2021\/04\/arme.jpg","width":275,"height":183},{"@type":"BreadcrumbList","@id":"https:\/\/desteptati-va.ro\/index.php\/2021\/04\/19\/romania-traficanitilor-de-arme-si-complicii-lor\/#breadcrumb","itemListElement":[{"@type":"ListItem","position":1,"name":"Prima pagin\u0103","item":"https:\/\/desteptati-va.ro\/"},{"@type":"ListItem","position":2,"name":"Rom\u00e2nia traficani\u021bilor de arme \u0219i complicii lor"}]},{"@type":"WebSite","@id":"https:\/\/desteptati-va.ro\/#website","url":"https:\/\/desteptati-va.ro\/","name":"","description":"","potentialAction":[{"@type":"SearchAction","target":{"@type":"EntryPoint","urlTemplate":"https:\/\/desteptati-va.ro\/?s={search_term_string}"},"query-input":{"@type":"PropertyValueSpecification","valueRequired":true,"valueName":"search_term_string"}}],"inLanguage":"ro-RO"},{"@type":"Person","@id":"https:\/\/desteptati-va.ro\/#\/schema\/person\/13182deeebd44920914899f7bb262d6b","name":"wolfsoftcompany","image":{"@type":"ImageObject","inLanguage":"ro-RO","@id":"https:\/\/desteptati-va.ro\/#\/schema\/person\/image\/","url":"https:\/\/secure.gravatar.com\/avatar\/a6cce9b6d101d27d91690e7073e300fed94c0899890bf998e082cb9d2c3d121e?s=96&d=mm&r=g","contentUrl":"https:\/\/secure.gravatar.com\/avatar\/a6cce9b6d101d27d91690e7073e300fed94c0899890bf998e082cb9d2c3d121e?s=96&d=mm&r=g","caption":"wolfsoftcompany"},"sameAs":["http:\/\/desteptati-va.ro"],"url":"https:\/\/desteptati-va.ro\/index.php\/author\/wolfsoftcompany\/"}]}},"_links":{"self":[{"href":"https:\/\/desteptati-va.ro\/index.php\/wp-json\/wp\/v2\/posts\/4056","targetHints":{"allow":["GET"]}}],"collection":[{"href":"https:\/\/desteptati-va.ro\/index.php\/wp-json\/wp\/v2\/posts"}],"about":[{"href":"https:\/\/desteptati-va.ro\/index.php\/wp-json\/wp\/v2\/types\/post"}],"author":[{"embeddable":true,"href":"https:\/\/desteptati-va.ro\/index.php\/wp-json\/wp\/v2\/users\/1"}],"replies":[{"embeddable":true,"href":"https:\/\/desteptati-va.ro\/index.php\/wp-json\/wp\/v2\/comments?post=4056"}],"version-history":[{"count":2,"href":"https:\/\/desteptati-va.ro\/index.php\/wp-json\/wp\/v2\/posts\/4056\/revisions"}],"predecessor-version":[{"id":4675,"href":"https:\/\/desteptati-va.ro\/index.php\/wp-json\/wp\/v2\/posts\/4056\/revisions\/4675"}],"wp:featuredmedia":[{"embeddable":true,"href":"https:\/\/desteptati-va.ro\/index.php\/wp-json\/wp\/v2\/media\/4674"}],"wp:attachment":[{"href":"https:\/\/desteptati-va.ro\/index.php\/wp-json\/wp\/v2\/media?parent=4056"}],"wp:term":[{"taxonomy":"category","embeddable":true,"href":"https:\/\/desteptati-va.ro\/index.php\/wp-json\/wp\/v2\/categories?post=4056"},{"taxonomy":"post_tag","embeddable":true,"href":"https:\/\/desteptati-va.ro\/index.php\/wp-json\/wp\/v2\/tags?post=4056"}],"curies":[{"name":"wp","href":"https:\/\/api.w.org\/{rel}","templated":true}]}}