{"id":4067,"date":"2021-04-19T10:47:45","date_gmt":"2021-04-19T10:47:45","guid":{"rendered":"http:\/\/desteptati.ro\/?p=4067"},"modified":"2021-04-19T10:47:45","modified_gmt":"2021-04-19T10:47:45","slug":"mai-simti-romaneste-trebuie-sa-stii","status":"publish","type":"post","link":"https:\/\/desteptati-va.ro\/index.php\/2021\/04\/19\/mai-simti-romaneste-trebuie-sa-stii\/","title":{"rendered":"Mai sim\u0163i rom\u00e2ne\u015fte? Trebuie s\u0103 \u015ftii!"},"content":{"rendered":"<div class=\"post-content\"><div class='booster-block booster-read-block'>\n                <div class=\"twp-read-time\">\n                \t<i class=\"booster-icon twp-clock\"><\/i> <span>Read Time:<\/span>11 Minute, 13 Second                <\/div>\n\n            <\/div><h4 style=\"text-align: justify;\">3 miliardari americani- John Paulson, Thomas Kaplan \u015fi George S\u00f6r\u00f6s &#8211; de\u0163in, \u00eempreun\u0103, cca. 60% din activele Ro\u015fia Montan\u0103 Gold Corporation (RMGC).( vez si: <strong><em><a href=\"http:\/\/www.replicaonline.ro\/cine-sunt-marii-miliardari-ai-lumii-din-spatele-afacerii-rosia-montana-30582\/\">http:\/\/www.replicaonline.ro\/cine-sunt-marii-miliardari-ai-lumii-din-spatele-afacerii-rosia-montana-30582\/<\/a><\/em><\/strong>)<\/h4>\r\n<h4 style=\"text-align: justify;\">George S\u00f6r\u00f6s (citeste si <strong><em><a title=\"Contribu\u0163ia lui S\u00f6r\u00f6s la marele haos financiar mondial\" href=\"..\/index.php\/2011\/10\/11\/contributia-lui-soros-la-marele-haos-financiar-mondial\/\" target=\"_blank\" rel=\"noopener\">aici<\/a><\/em><\/strong>) este cel care a contribuit, prin mi\u015fcarea \u201crevolu\u0163ia portocalie\u201d, la instaurarea Regimului B\u0103sescu \u00een Rom\u00e2nia.Interesele s\u00eent prea mari \u015fi Rom\u00e2nia constituie \u00eenc\u0103 o surs\u0103 de venit pentru afaceri\u015ftii lumii \u201clibere\u201d. Soros&amp;Co finan\u0163eaz\u0103 \u015fi coordoneaz\u0103, prin agen\u0163i interpu\u015fi, via\u0163a politic\u0103 a multor \u0163\u0103ri est-europene, \u0163elul final fiind controlul total asupra economiilor \u015fi, implicit, a politicii acestora. Men\u0163inerea la putere a lui Traian B\u0103sescu nu s-a produs f\u0103r\u0103 garan\u0163ia unei profitabilit\u0103\u0163i maxime, \u015fi anume \u00eendatorarea rom\u00e2nilor c\u0103tre institu\u0163iile financiare, cunoscute ca asasini economici care au falimentat \u015fi cump\u0103rat economia \u0163\u0103rilor unde au penetrat, cu complicitatea autorit\u0103\u0163ilor statelor respective. Leg\u0103turile dintre Traian B\u0103sescu \u015fi PDL, pe de o parte, \u015fi Ro\u015fia Montan\u0103 Gold Corporation (RMGC), firma canadian\u0103 care vrea s\u0103 exploateze cu cianuri aurul de la Ro\u015fia Montan\u0103, pe de alt\u0103 parte, nu dateaz\u0103 de ieri, de azi. \u00cenc\u0103 din 2004, faptul c\u0103 RMGC a finan\u0163at campania electoral\u0103 a pre\u015fedintelui Rom\u00e2niei a devenit de notorietate, conexiunea fiind f\u0103cut\u0103 atunci prin GMP, agen\u0163ia de publicitate care se ocupa at\u00eet de imaginea lui Traian B\u0103sescu, c\u00eet \u015fi de cea a RMGC. De asemenea, faptul c\u0103 declara\u0163ia privind includerea proiectului RMGC \u00een Programul Guvernamental i-a apar\u0163inut lui Adriean Videanu nu este o \u00eent\u00eemplare.<\/h4>\r\n<figure id=\"attachment_2592\" aria-describedby=\"caption-attachment-2592\" style=\"width: 240px\" class=\"wp-caption aligncenter\"><a href=\"http:\/\/www.desteptati-va.ro\/wp-content\/uploads\/2011\/10\/image_124941749894034300_3.jpg\"><img loading=\"lazy\" decoding=\"async\" class=\"size-medium wp-image-2592 \" title=\"Adriean Videanu\" src=\"http:\/\/www.desteptati-va.ro\/wp-content\/uploads\/2011\/10\/image_124941749894034300_3-300x300.jpg\" alt=\"Adriean Videanu\" width=\"240\" height=\"240\" \/><\/a><figcaption id=\"caption-attachment-2592\" class=\"wp-caption-text\">Adriean Videanu<\/figcaption><\/figure>\r\n<h4 style=\"text-align: justify;\">Leg\u0103tura este f\u0103cut\u0103 prin John Ashton, fostul vicepre\u015fedinte al RMGC, care, dup\u0103 ce \u015fi-a \u00eencheiat \u201cjob-ul\u201d la Ro\u015fia, a devenit master-mind la Marmosim Simeria &#8211; \u201cperla\u201d familiei Videanu, cea mai mare fabric\u0103 de prelucrare a marmurei \u015fi a pietrei ornamentale din Rom\u00e2nia &#8211; dar exist\u0103 informa\u0163ii c\u0103 acesta nu ar fi rupt niciodat\u0103 leg\u0103turile cu \u201ccanadienii\u201d de la Gabriel Resources. Istoricul afacerii spune c\u0103, prin Hot\u0103r\u00eerea de Guvern 458\/1999, s-a aprobat licen\u0163a 47\/1999 de concesiune pentru S.C. Gold Corporation, documentele purt\u00eend \u015fi semn\u0103tura fostului ministru al Industriilor din cabinetul Ciorbea, Radu Berceanu, ast\u0103zi fostul ministrul de \u201csucces\u201d al Transporturilor. Astfel, pentru suma de numai 3 milioane de dolari, c\u00eet este contravaloarea concesiunii, firma Gabriel Resources a ob\u0163inut dreptul de exploatare a unui z\u0103c\u0103m\u00eent de peste 800 de tone de aur \u015fi 2000 de tone de argint, \u00een valoare de circa 10 miliarde de dolari. Pe deasupra, deoarece zona Ro\u015fia Montan\u0103 a fost declarat\u0103 de c\u0103tre autorit\u0103\u0163ile rom\u00e2ne\u015fti \u201czon\u0103 defavorizat\u0103\u201d, firma \u201ccanadian\u0103\u201d beneficiaz\u0103, conform legii, de scutiri de TVA pe o perioad\u0103 de 10 ani, precum \u015fi de alte facilit\u0103\u0163i specifice paradisurilor financiare. \u00cen spatele \u00eentregii afaceri se afl\u0103 Mark Rich (vezi si <strong><a title=\"Din planurile de distrugere a Romaniei\" href=\"http:\/\/www.desteptati-va.ro\/index.php\/2011\/06\/14\/din-planurile-de-distrugere-a-romaniei\/\" target=\"_blank\" rel=\"noopener\">aici<\/a><\/strong>) \u015fi Frank Timi\u015f.<\/h4>\r\n<figure id=\"attachment_2598\" aria-describedby=\"caption-attachment-2598\" style=\"width: 240px\" class=\"wp-caption aligncenter\"><a href=\"http:\/\/www.desteptati-va.ro\/wp-content\/uploads\/2011\/10\/Frank-Timis-acuza-o-vanatoare-de-vrajitoare-a-bursei-londoneze.jpg\"><img loading=\"lazy\" decoding=\"async\" class=\"size-full wp-image-2598\" title=\"Frank Timis\" src=\"http:\/\/www.desteptati-va.ro\/wp-content\/uploads\/2011\/10\/Frank-Timis-acuza-o-vanatoare-de-vrajitoare-a-bursei-londoneze.jpg\" alt=\"Frank Timis\" width=\"240\" height=\"265\" \/><\/a><figcaption id=\"caption-attachment-2598\" class=\"wp-caption-text\">Frank Timis<\/figcaption><\/figure>\r\n<h4 style=\"text-align: justify;\">Acest Rich este un escroc interna\u0163ional cu acte \u00een regul\u0103 \u015fi face parte din cartelul ocult Rothschild-S\u00f6r\u00f6\u015f. Dup\u0103 ce a adus pagube \u00eensemnate bugetului SUA, a fugit \u015fi s-a stabilit \u00een Elve\u0163ia, \u0163ar\u0103 care refuz\u0103 s\u0103-l aresteze \u015fi s\u0103-l extr\u0103deze, \u00een ciuda cererilor autorit\u0103\u0163ilor americane. Marc Rich este unul dintre ac\u0163ionarii din umbr\u0103 ai grupului Marco International \u015fi al Glencore International AG, \u00eenregistrat\u0103 \u00een 1974 \u00een Elve\u0163ia. Tot el este partenerul de afaceri al lui George S\u00f6r\u00f6\u015f. Mandatul emis pe numele lui Marc Rich ascunde \u015fi afaceri de spionaj, el fiind suspectat ca fiind agent Mossad cu dubl\u0103 cet\u0103\u0163enie, israeliano-american\u0103. Se pare c\u0103 ar fi renun\u0163at la cet\u0103\u0163enia american\u0103 pentru a putea sc\u0103pa de presiunile exercitate de SUA asupra \u0163\u0103rilor \u00een care Rich \u00ee\u015fi desf\u0103\u015foar\u0103 activitatea. \u00cen afar\u0103 de suprema\u0163ia de pe pia\u0163a energetic\u0103 rom\u00e2neasc\u0103, \u00een care a reu\u015fit s\u0103 se impun\u0103 prin firme \u00eenregistrate off shore \u015fi controlate de fo\u015fti agen\u0163i KGB, Mark Rich \u015fi George S\u00f6r\u00f6\u015f vor \u015fi aurul de la Ro\u015fia Montan\u0103. Compania \u201ccanadian\u0103\u201d Gold Corporation, cu 80% ac\u0163ionariat confuz, controlat de Marc Rich, are ca pre\u015fedinte tot un evreu, transfug din Rom\u00e2nia acum 20 de ani, pe nume Vasile Frank Timi\u015f, fost condamnat de dou\u0103 ori \u00een Australia, \u00een 1990 \u015fi 1994, pentru trafic de droguri.<\/h4>\r\n<figure id=\"attachment_2593\" aria-describedby=\"caption-attachment-2593\" style=\"width: 280px\" class=\"wp-caption aligncenter\"><a href=\"http:\/\/www.desteptati-va.ro\/wp-content\/uploads\/2011\/10\/basescu-rosia-montana-agerpres-1.png\"><img loading=\"lazy\" decoding=\"async\" class=\"size-full wp-image-2593\" title=\"Traian Basescu &quot;inspectand&quot; Rosia Montana\" src=\"http:\/\/www.desteptati-va.ro\/wp-content\/uploads\/2011\/10\/basescu-rosia-montana-agerpres-1.png\" alt=\"Traian Basescu &quot;inspectand&quot; Rosia Montana\" width=\"280\" height=\"190\" \/><\/a><figcaption id=\"caption-attachment-2593\" class=\"wp-caption-text\">Traian Basescu &#8222;inspectand&#8221; Rosia Montana<\/figcaption><\/figure>\r\n<h4 style=\"text-align: justify;\">Traian B\u0103sescu a anun\u0163at c\u0103 proiectul Ro\u015fia Montan\u0103 \u201cva fi discutat \u015fi analizat \u00een Consiliul Suprem de Ap\u0103rare a \u0162\u0103rii\u201d. \u015eansele ca Gold Corporation s\u0103 aib\u0103 c\u00ee\u015ftig de cauz\u0103 devin certe de la o zi la alta, dup\u0103 cum las\u0103 s\u0103 se \u00een\u0163eleag\u0103 unii membri ai guvernului. Fostul Ministru al Economiei, Comer\u0163ului \u015fi Mediului de Afaceri, Adriean Videanu, s-a declarat favorabil proiectului. Laszlo Borbely, ministrul Mediului \u015fi P\u0103durilor, a precizat c\u0103 va aproba proiectul minier Ro\u015fia Montan\u0103 dac\u0103 va fi perfect convins c\u0103 \u201cnu va provoca polu\u0103ri\u201d. Nu \u00een ultimul r\u00eend, exist\u0103 mai multe informa\u0163ii privind posibilitatea acord\u0103rii unor garan\u0163ii de stat de 1 miliard de euro pentru aceast\u0103 afacere, comparabile doar cu cele din Programul \u201cPrima Cas\u0103\u201d, cu diferen\u0163a c\u0103 aceasta este o ac\u0163iune public\u0103, iar Proiectul Ro\u015fia Montan\u0103 este o afacere privat\u0103 \u00een propor\u0163ie de peste 80%. Mai mult, Proiectul Ro\u015fia Montan\u0103 este pe cale s\u0103 se transforme \u00eentr-o afacere strict privat\u0103, dup\u0103 ultima majorare de capital, de la sf\u00eer\u015fitul anului trecut. Opera\u0163iunea a fost extrem de bine pus\u0103 la cale, iar i\u0163ele afacerii duc spre \u00a0Adriean Videanu, cel care s-a zb\u0103tut pentru includerea proiectului \u00een Programul de Guvernare. Varianta oficial\u0103 prezentat\u0103 de autorit\u0103\u0163i este una hilar\u0103: statul rom\u00e2n nu a avut 28 de milioane de euro pentru a participa la majorarea de capital \u015fi a-\u015fi p\u0103stra ac\u0163iunile pe care le de\u0163ine \u00een proiect. Societatea dezvoltatoare a proiectului privind exploatarea pe baz\u0103 de cianur\u0103 a z\u0103c\u0103m\u00eentului aurifer din Mun\u0163ii Apuseni este de\u0163inut\u0103 de firma canadian\u0103 Gabriel Resources, cu 80,7% din ac\u0163iuni, \u015fi statul rom\u00e2n prin Compania Na\u0163ional\u0103 Minvest Deva, subordonat\u0103 Ministerului Economiei, cu 19,3% din ac\u0163iuni. Totul a \u00eenceput \u00een octombrie 2008, atunci c\u00eend administratorii Ro\u015fia Montan\u0103 Gold Corporation au constatat deteriorarea activului net sub limita legal\u0103. Adunarea General\u0103 a Ac\u0163ionarilor, \u00eentrunit\u0103 \u00een decembrie 2008, a decis continuarea activit\u0103\u0163ii, administratorii av\u00eend sarcina de a g\u0103si solu\u0163ii pentru \u00eembun\u0103t\u0103\u0163irea activului net. Peste \u00eenc\u0103 un an, \u00een septembrie 2009, a avut loc lovitura de gra\u0163ie. Administratorii au propus o majorare de capital prin emisiunea de noi ac\u0163iuni, opera\u0163iune ce a fost aprobat\u0103 de Adunarea General\u0103 a Ac\u0163ionarilor \u00een octombrie 2009. Valoarea total\u0103 a fost stabilit\u0103 la 597 milioane de lei, echivalentul a aproximativ 150 milioane de euro. De\u015fi, atunci, Minvest nu a votat pentru majorarea de capital, \u00een decembrie 2009 compania na\u0163ional\u0103 a subscris la aceast\u0103 opera\u0163iune. Suma pe care Minvest trebuia s\u0103 o achite era de 115 milioane de lei, adic\u0103 aproximativ 28 milioane de euro. Compania, \u00eens\u0103, nu a pl\u0103tit aceast\u0103 sum\u0103, \u00eentruc\u00eet nu a dispus de fonduri. \u00cen aceste condi\u0163ii, normal era ca Guvernul Rom\u00e2niei, prin Ministerul Economiei, s\u0103 intervin\u0103, dar acest lucru nu s-a \u00eent\u00eemplat. Solu\u0163ia g\u0103sit\u0103 se dovede\u015fte ast\u0103zi nefavorabil\u0103 statului rom\u00e2n, pentru c\u0103 s-a acceptat de c\u0103tre Adriean Videanu ca banii s\u0103 fie achita\u0163i chiar de c\u0103tre partenerul str\u0103in, Gabriel Resources, care a \u00eemprumutat Minvest cu 115 milioane de lei. Degeaba s-au dat asigur\u0103ri c\u0103 cele 19 procente care apar\u0163in statului rom\u00e2n nu vor fi pierdute, pentru c\u0103 oric\u00eend Gabriel Resources poate renun\u0163a la cele 115 milioane, pentru a se alege \u00een schimb cu ac\u0163iunile de\u0163inute de statul rom\u00e2n. Declara\u0163iile actorilor implica\u0163i s\u00eent contradictorii, a\u015fa c\u0103 suspiciunile privind v\u00eenzarea mascat\u0103 de c\u0103tre statul rom\u00e2n a pachetului de ac\u0163iuni pe care \u00eel de\u0163inea par s\u0103 aib\u0103 o baz\u0103 destul de solid\u0103. De altfel, istoria afacerii de la Ro\u015fia Montan\u0103 ne arat\u0103 c\u0103 statul a mai acceptat odat\u0103 s\u0103-i fie redus\u0103 participa\u0163ia \u00een compania Ro\u015fia Montan\u0103 Gold Corporation, acum 10 ani, tot \u00een urma unei major\u0103ri de capital. Atunci, participa\u0163ia Minvest a fost redus\u0103 de la 33% la 19%. Acum, Minvest risc\u0103 s\u0103-\u015fi reduc\u0103 cota de la 19% la doar 0,6%.<\/h4>\r\n<figure id=\"attachment_2595\" aria-describedby=\"caption-attachment-2595\" style=\"width: 300px\" class=\"wp-caption aligncenter\"><a href=\"http:\/\/www.desteptati-va.ro\/wp-content\/uploads\/2011\/10\/rmgc.jpg\"><img loading=\"lazy\" decoding=\"async\" class=\"size-medium wp-image-2595\" title=\"Sigla R.M.G.C.\" src=\"http:\/\/www.desteptati-va.ro\/wp-content\/uploads\/2011\/10\/rmgc-300x130.jpg\" alt=\"Sigla R.M.G.C.\" width=\"300\" height=\"130\" \/><\/a><figcaption id=\"caption-attachment-2595\" class=\"wp-caption-text\">Sigla R.M.G.C.<\/figcaption><\/figure>\r\n<h4 style=\"text-align: justify;\">Trebuie subliniat c\u0103 afacerea Ro\u015fia Montan\u0103 este \u00eenceputul nu doar pentru cel mai mare furt, dar \u015fi pentru un veritabil dezastru ecologic \u015fi cultural, nu numai din istoria Rom\u00e2niei contemporane, ci din \u00eentreaga Europ\u0103 Central\u0103 \u015fi de Est. Hegedus Csilla, consilier al ministrului Culturii, a declarat urm\u0103toarele: \u201cMinisterul Culturii consider\u0103 c\u0103 pentru Ro\u015fia Montan\u0103 se poate g\u0103si o variant\u0103 mult mai bun\u0103 dec\u00eet mineritul. De fapt, ministerul \u015ftie c\u0103 vechiul certificat de desc\u0103rcare arheologic\u0103 a V\u00eerfului Carnic, acolo unde s-au descoperit 7 kilometri de galerii romane \u015fi 63 de kilometri de galerii medievale, a fost anulat de justi\u0163ie, v\u00eerful fiind protejat de lege. Ministerul Culturii a ini\u0163iat deja procedurile de includere a Ro\u015fiei Montane pe lista UNESCO\u201d. Horia Ciugudean, conferen\u0163iar doctor la Universitatea \u201cLucian Blaga\u201d din Sibiu, a replicat c\u0103 principalul specialist francez, doamna Beatrice Cauuet, \u00een rapoartele sale f\u0103cute succesiv \u00een anii de cercetare de la Ro\u015fia Montan\u0103, men\u0163ioneaz\u0103, p\u00een\u0103 \u00een ultimul an, adjectivul \u201cunic\u201d. Ioan Piso, director al Muzeului Na\u0163ional de Istorie a Transilvaniei, a f\u0103cut o compara\u0163ie cu minele Las Medulas din Spania, ajunse pe lista patrimoniului UNESCO. \u201cMinele de la Alburnus Maior au dep\u0103\u015fit cu mult \u00een amploare \u015fi importan\u0163\u0103 Las Medulas. La Alburnus Maior \u015fi \u00een alte localit\u0103\u0163i din Apuseni au venit \u00eentregi popula\u0163ii din Dalma\u0163ia spre a exploata aurul. Chiar din punctul de vedere al istoriei Imperiului Roman, Alburnus Maior \u00eenseamn\u0103 mult mai mult dec\u00eet Las Medulas. Aici au fost descoperite \u00een secolele al XVIII-lea \u015fi al XIX-lea celebrele t\u0103bli\u0163e cerate, care constituie una dintre sursele dreptului roman\u201d, a explicat el.<\/h4>\r\n<figure id=\"attachment_2597\" aria-describedby=\"caption-attachment-2597\" style=\"width: 300px\" class=\"wp-caption aligncenter\"><a href=\"http:\/\/www.desteptati-va.ro\/wp-content\/uploads\/2011\/10\/Galeriile-romane-5.jpg\"><img loading=\"lazy\" decoding=\"async\" class=\"size-medium wp-image-2597\" title=\"Galeriile romane de la Rosia Montana\" src=\"http:\/\/www.desteptati-va.ro\/wp-content\/uploads\/2011\/10\/Galeriile-romane-5-300x225.jpg\" alt=\"Galeriile romane de la Rosia Montana\" width=\"300\" height=\"225\" \/><\/a><figcaption id=\"caption-attachment-2597\" class=\"wp-caption-text\">Galeriile romane de la Rosia Montana<\/figcaption><\/figure>\r\n<h4 style=\"text-align: justify;\">\u00cen acest context, este important de \u015ftiut c\u0103, al\u0103turi de RMGC, mai de\u0163in licen\u0163e de exploatare a aurului \u015fi argintului \u00een Rom\u00e2nia alte dou\u0103 firme canadiene, Carpathian Gold \u015fi European Goldfields. Cele trei firme au \u00een comun nu doar \u0163ara de provenien\u0163\u0103, ci \u015fi ac\u0163ionarii principali, aceia\u015fi, dar cu cote diferite de participa\u0163ie. European Goldfields ac\u0163ioneaz\u0103, deocamdat\u0103, doar la Certej, l\u00eeng\u0103 Deva, av\u00eend depus\u0103 spre avizare o licen\u0163\u0103 \u00een acest sens. Firma mai de\u0163ine o licen\u0163\u0103 de exploatare \u00een Grecia. Tentaculele Carpathian Gold s\u00eent mult mai impresionante. Doar \u00een Rom\u00e2nia ele se extind din sud-vest, de la Oravi\u0163a, p\u00een\u0103 \u00een nord, la L\u0103pu\u015fna \u015fi Baia Mare. Mai mult, societatea de\u0163ine licen\u0163e de exploatare a aurului \u00een Ucraina \u015fi Ungaria. Dincolo de aspectele legate de protec\u0163ia mediului \u015fi a patrimoniului cultural, exist\u0103 un lucru \u015fi mai pu\u0163in cunoscut \u00een Rom\u00e2nia, \u015fi anume ce nu este \u00een regul\u0103, \u00een general, cu societ\u0103\u0163ile miniere canadiene. Recent (la sf\u00eer\u015fitul lunii noiembrie 2009), \u201cToronto Star\u201d, una dintre cele mai citite publica\u0163ii din zona metropolitan\u0103 Toronto, a inserat un amplu material despre societ\u0103\u0163ile miniere canadiene. Cifrele prezentate de publica\u0163ia canadian\u0103 s\u00eent \u015focante:<\/h4>\r\n<h4 style=\"text-align: justify;\">&#8211; 1.373 de companii miniere canadiene erau \u00eenregistrate\/listate pe TSX (bursa din Toronto);\r\n&#8211; 43% din totalul exploat\u0103rilor din \u00eentreaga lume s\u00eent atribuite companiilor canadiene;\r\n&#8211; 60% din num\u0103rul total al companiilor din \u00eentreaga lume s\u00eent \u00eenregistrate \u00een Canada;\r\n&#8211; 20% din num\u0103rul total al companiilor canadiene care \u00ee\u015fi desf\u0103\u015foar\u0103 activitatea \u00een Africa se afl\u0103 \u00een teritoriile devastate de r\u0103zboiul civil din Congo;<\/h4>\r\n<h4 style=\"text-align: justify;\">&#8211; 193 de societ\u0103\u0163i fac lobby pentru companiile miniere canadiene;\r\n&#8211; 30 s\u00eent \u0163\u0103rile care acuz\u0103 companiile miniere canadiene de \u00eenc\u0103lcarea drepturilor omului;\r\n&#8211; 0 (zero) &#8211; nici o lege nu reglementeaz\u0103 activitatea companiilor miniere canadiene \u00een str\u0103in\u0103tate!\r\nSursele citate de \u201cToronto Star\u201d pentru aceste cifre s\u00eent Asocia\u0163ia Minier\u0103 din Canada, Comisia de Afaceri Externe \u015fi Dezvoltare Interna\u0163ional\u0103, Biroul Comisiei de Lobby din Canada, Ajutorul ReciprocMisionar.<\/h4>\r\n<h4 style=\"text-align: justify;\">Concluziile se impun de la sine: practic, companiile miniere canadiene nu au nici o r\u0103spundere pentru activit\u0103\u0163ile lor desf\u0103\u015furate \u00een \u00eentreaga lume. Asta chiar dac\u0103, \u00een repetate r\u00eenduri, organiza\u0163ii non-guvernamentale din \u00eentreaga lume \u015fi chiar Organiza\u0163ia Na\u0163iunilor Unite (ONU) au acuzat companiile miniere canadiene de \u00eenc\u0103lcarea drepturilor omului, crime \u015fi implicarea \u00een r\u0103zboaiele civile din Africa \u015fi Asia de Sud Est. Conform \u201cToronto Star\u201d, dezbaterea pe aceast\u0103 tem\u0103 a \u00eenceput \u00een 2002, dup\u0103 ce ONU a solicitat guvernului canadian s\u0103 investigheze ac\u0163iunile a 7 companii acuzate de exploat\u0103ri ilegale ale resurselor \u00een Congo, care se afla \u00een stare de r\u0103zboil civil din 1996. Cu toate acestea, guvernul canadian nu a efectuat nici o investiga\u0163ie! Doi ani mai t\u00eerziu, acuza\u0163iile la adresa companiilor miniere canadiene se refer\u0103 la masacru. Potrivit ONU, 73 de persoane au fost ucise \u00een Kilwa, o localitate de pescari din Congo. Ace\u015ftia au fost uci\u015fi, conform unui raport ONU, de c\u0103tre militarii congolezi, care au folosit ma\u015fini, pilo\u0163i \u015fi \u015foferi apar\u0163in\u00eend unei companii miniere canadiano-australiene pentru a-i transporta la locul masacrului. Compania Anvil a afirmat c\u0103 ma\u015finile ei au fost confiscate de c\u0103tre armat\u0103 \u015fi c\u0103 nu au avut posibilitate de alegere, c\u0103 s-au supus legii congoleze. Acuza\u0163ii au venit \u015fi din Asia de Sud-Est. Un num\u0103r de 15 mineri canadieni au fost \u00eempu\u015fca\u0163i \u00eentr-o zon\u0103 de jungl\u0103 filipinez\u0103, victime ale unui conflict dintre TVI Pacific Inc. din Canada \u015fi popula\u0163ia b\u0103\u015ftina\u015f\u0103 din Mindanao. \u00cen 2003, o Comisie de Afaceri Externe a observat c\u0103 TVI Pacific a folosit for\u0163e paramilitare pentru a invada teritoriul b\u0103\u015ftina\u015filor \u015fi pentru a \u00eenc\u0103lca drepturile omului. Comisia a solicitat o anchet\u0103. Guvernul liberal a r\u0103spuns prompt, afirm\u00eend c\u0103 a individualizat faptul c\u0103 \u201cproblematicile companiei canadiene pot face fa\u0163\u0103 c\u00eend opereaz\u0103 \u00een jurisdic\u0163ii str\u0103ine\u201d, iar cazul TVI \u201cpune \u00een eviden\u0163\u0103 complexit\u0103\u0163ile evalu\u0103rii activit\u0103\u0163ilor companiei \u00eempotriva standardelor care pot fi neclare\/echivoce sau inconsistente \u00eentre guverne. Din nou, guvernul canadian nu a f\u0103cut investiga\u0163ii.<\/h4>\r\n<h4><em>Informatii din blogosfera<\/em><\/h4>        <div class=\"booster-block booster-reactions-block\">\n            <div class=\"twp-reactions-icons\">\n                \n                <div class=\"twp-reacts-wrap\">\n                    <a react-data=\"be-react-1\" post-id=\"4067\" class=\"be-face-icons un-reacted\" href=\"javascript:void(0)\">\n                        <img decoding=\"async\" src=\"https:\/\/desteptati-va.ro\/wp-content\/plugins\/booster-extension\/\/assets\/icon\/happy.svg\" alt=\"Happy\">\n                    <\/a>\n                    <div class=\"twp-reaction-title\">\n                        Happy                    <\/div>\n                    <div class=\"twp-count-percent\">\n                                                    <span style=\"display: none;\" class=\"twp-react-count\">0<\/span>\n                        \n                                                <span class=\"twp-react-percent\"><span>0<\/span> %<\/span>\n                                            <\/div>\n                <\/div>\n\n                <div class=\"twp-reacts-wrap\">\n                    <a react-data=\"be-react-2\" post-id=\"4067\" class=\"be-face-icons un-reacted\" href=\"javascript:void(0)\">\n                        <img decoding=\"async\" src=\"https:\/\/desteptati-va.ro\/wp-content\/plugins\/booster-extension\/\/assets\/icon\/sad.svg\" alt=\"Sad\">\n                    <\/a>\n                    <div class=\"twp-reaction-title\">\n                        Sad                    <\/div>\n                    <div class=\"twp-count-percent\">\n                                                    <span style=\"display: none;\" class=\"twp-react-count\">0<\/span>\n                                                                        <span class=\"twp-react-percent\"><span>0<\/span> %<\/span>\n                                            <\/div>\n                <\/div>\n\n                <div class=\"twp-reacts-wrap\">\n                    <a react-data=\"be-react-3\" post-id=\"4067\" class=\"be-face-icons un-reacted\" href=\"javascript:void(0)\">\n                        <img decoding=\"async\" src=\"https:\/\/desteptati-va.ro\/wp-content\/plugins\/booster-extension\/\/assets\/icon\/excited.svg\" alt=\"Excited\">\n                    <\/a>\n                    <div class=\"twp-reaction-title\">\n                        Excited                    <\/div>\n                    <div class=\"twp-count-percent\">\n                                                    <span style=\"display: none;\" class=\"twp-react-count\">0<\/span>\n                                                                        <span class=\"twp-react-percent\"><span>0<\/span> %<\/span>\n                                            <\/div>\n                <\/div>\n\n                <div class=\"twp-reacts-wrap\">\n                    <a react-data=\"be-react-6\" post-id=\"4067\" class=\"be-face-icons un-reacted\" href=\"javascript:void(0)\">\n                        <img decoding=\"async\" src=\"https:\/\/desteptati-va.ro\/wp-content\/plugins\/booster-extension\/\/assets\/icon\/sleepy.svg\" alt=\"Sleepy\">\n                    <\/a>\n                    <div class=\"twp-reaction-title\">\n                        Sleepy                    <\/div>\n                    <div class=\"twp-count-percent\">\n                                                    <span style=\"display: none;\" class=\"twp-react-count\">0<\/span>\n                        \n                                                <span class=\"twp-react-percent\"><span>0<\/span> %<\/span>\n                                            <\/div>\n                <\/div>\n\n                <div class=\"twp-reacts-wrap\">\n                    <a react-data=\"be-react-4\" post-id=\"4067\" class=\"be-face-icons un-reacted\" href=\"javascript:void(0)\">\n                        <img decoding=\"async\" src=\"https:\/\/desteptati-va.ro\/wp-content\/plugins\/booster-extension\/\/assets\/icon\/angry.svg\" alt=\"Angry\">\n                    <\/a>\n                    <div class=\"twp-reaction-title\">Angry<\/div>\n                    <div class=\"twp-count-percent\">\n                                                    <span style=\"display: none;\" class=\"twp-react-count\">0<\/span>\n                                                                        <span class=\"twp-react-percent\"><span>0<\/span> %<\/span>\n                        \n                    <\/div>\n                <\/div>\n\n                <div class=\"twp-reacts-wrap\">\n                    <a react-data=\"be-react-5\" post-id=\"4067\" class=\"be-face-icons un-reacted\" href=\"javascript:void(0)\">\n                        <img decoding=\"async\" src=\"https:\/\/desteptati-va.ro\/wp-content\/plugins\/booster-extension\/\/assets\/icon\/surprise.svg\" alt=\"Surprise\">\n                    <\/a>\n                    <div class=\"twp-reaction-title\">Surprise<\/div>\n                    <div class=\"twp-count-percent\">\n                                                    <span style=\"display: none;\" class=\"twp-react-count\">0<\/span>\n                                                                        <span class=\"twp-react-percent\"><span>0<\/span> %<\/span>\n                                            <\/div>\n                <\/div>\n\n            <\/div>\n        <\/div>\n\n    <\/div>","protected":false},"excerpt":{"rendered":"<p>3 miliardari americani- John Paulson, Thomas Kaplan \u015fi George S\u00f6r\u00f6s &#8211; de\u0163in, \u00eempreun\u0103, cca. 60% din activele Ro\u015fia Montan\u0103 Gold<a href=\"https:\/\/desteptati-va.ro\/index.php\/2021\/04\/19\/mai-simti-romaneste-trebuie-sa-stii\/\">Read More<i class=\"fa fa-long-arrow-right\" aria-hidden=\"true\"><\/i><\/a><\/p>\n","protected":false},"author":1,"featured_media":4069,"comment_status":"open","ping_status":"open","sticky":false,"template":"","format":"standard","meta":{"_crdt_document":"","footnotes":""},"categories":[16],"tags":[238,253,229,733],"class_list":["post-4067","post","type-post","status-publish","format-standard","has-post-thumbnail","hentry","category-o-tara-furata","tag-aur","tag-jaf","tag-soros","tag-videanu"],"rise-blocks_total_comments":23,"rise-blocks_categories":[{"term_id":16,"name":"O tara furata","slug":"o-tara-furata","term_group":0,"term_taxonomy_id":16,"taxonomy":"category","description":"","parent":0,"count":19,"filter":"raw"}],"rise-blocks_excerpt":"3 miliardari americani- John Paulson, Thomas Kaplan \u015fi George S\u00f6r\u00f6s &#8211; de\u0163in, \u00eempreun\u0103, cca. 60% din activele Ro\u015fia Montan\u0103 Gold Corporation (RMGC).( vez si: http:\/\/www.replicaonline.ro\/cine-sunt-marii-miliardari-ai-lumii-din-spatele-afacerii-rosia-montana-30582\/) George S\u00f6r\u00f6s (citeste si aici) este cel care a contribuit, prin mi\u015fcarea \u201crevolu\u0163ia portocalie\u201d, la instaurarea Regimului B\u0103sescu \u00een Rom\u00e2nia.Interesele s\u00eent prea mari \u015fi Rom\u00e2nia constituie \u00eenc\u0103 o surs\u0103 de venit pentru afaceri\u015ftii lumii \u201clibere\u201d...","yoast_head":"<!-- This site is optimized with the Yoast SEO plugin v26.9 - https:\/\/yoast.com\/product\/yoast-seo-wordpress\/ -->\r\n<title>Mai sim\u0163i rom\u00e2ne\u015fte? Trebuie s\u0103 \u015ftii! -<\/title>\r\n<meta name=\"robots\" content=\"index, follow, max-snippet:-1, max-image-preview:large, max-video-preview:-1\" \/>\r\n<link rel=\"canonical\" href=\"https:\/\/desteptati-va.ro\/index.php\/2021\/04\/19\/mai-simti-romaneste-trebuie-sa-stii\/\" \/>\r\n<meta property=\"og:locale\" content=\"ro_RO\" \/>\r\n<meta property=\"og:type\" content=\"article\" \/>\r\n<meta property=\"og:title\" content=\"Mai sim\u0163i rom\u00e2ne\u015fte? Trebuie s\u0103 \u015ftii! -\" \/>\r\n<meta property=\"og:description\" content=\"3 miliardari americani- John Paulson, Thomas Kaplan \u015fi George S\u00f6r\u00f6s &#8211; de\u0163in, \u00eempreun\u0103, cca. 60% din activele Ro\u015fia Montan\u0103 GoldRead More\" \/>\r\n<meta property=\"og:url\" content=\"https:\/\/desteptati-va.ro\/index.php\/2021\/04\/19\/mai-simti-romaneste-trebuie-sa-stii\/\" \/>\r\n<meta property=\"article:published_time\" content=\"2021-04-19T10:47:45+00:00\" \/>\r\n<meta property=\"og:image\" content=\"https:\/\/desteptati-va.ro\/wp-content\/uploads\/2021\/04\/Untitled-3-e1609751873846-1.png\" \/>\r\n\t<meta property=\"og:image:width\" content=\"798\" \/>\r\n\t<meta property=\"og:image:height\" content=\"201\" \/>\r\n\t<meta property=\"og:image:type\" content=\"image\/png\" \/>\r\n<meta name=\"author\" content=\"wolfsoftcompany\" \/>\r\n<meta name=\"twitter:card\" content=\"summary_large_image\" \/>\r\n<meta name=\"twitter:label1\" content=\"Scris de\" \/>\n\t<meta name=\"twitter:data1\" content=\"wolfsoftcompany\" \/>\n\t<meta name=\"twitter:label2\" content=\"Timp estimat pentru citire\" \/>\n\t<meta name=\"twitter:data2\" content=\"12 minute\" \/>\r\n<script type=\"application\/ld+json\" class=\"yoast-schema-graph\">{\"@context\":\"https:\/\/schema.org\",\"@graph\":[{\"@type\":\"Article\",\"@id\":\"https:\/\/desteptati-va.ro\/index.php\/2021\/04\/19\/mai-simti-romaneste-trebuie-sa-stii\/#article\",\"isPartOf\":{\"@id\":\"https:\/\/desteptati-va.ro\/index.php\/2021\/04\/19\/mai-simti-romaneste-trebuie-sa-stii\/\"},\"author\":{\"name\":\"wolfsoftcompany\",\"@id\":\"https:\/\/desteptati-va.ro\/#\/schema\/person\/13182deeebd44920914899f7bb262d6b\"},\"headline\":\"Mai sim\u0163i rom\u00e2ne\u015fte? Trebuie s\u0103 \u015ftii!\",\"datePublished\":\"2021-04-19T10:47:45+00:00\",\"mainEntityOfPage\":{\"@id\":\"https:\/\/desteptati-va.ro\/index.php\/2021\/04\/19\/mai-simti-romaneste-trebuie-sa-stii\/\"},\"wordCount\":2454,\"commentCount\":23,\"image\":{\"@id\":\"https:\/\/desteptati-va.ro\/index.php\/2021\/04\/19\/mai-simti-romaneste-trebuie-sa-stii\/#primaryimage\"},\"thumbnailUrl\":\"https:\/\/desteptati-va.ro\/wp-content\/uploads\/2021\/04\/Untitled-3-e1609751873846-1.png\",\"keywords\":[\"aur\",\"jaf\",\"Soros\",\"Videanu\"],\"articleSection\":[\"O tara furata\"],\"inLanguage\":\"ro-RO\",\"potentialAction\":[{\"@type\":\"CommentAction\",\"name\":\"Comment\",\"target\":[\"https:\/\/desteptati-va.ro\/index.php\/2021\/04\/19\/mai-simti-romaneste-trebuie-sa-stii\/#respond\"]}]},{\"@type\":\"WebPage\",\"@id\":\"https:\/\/desteptati-va.ro\/index.php\/2021\/04\/19\/mai-simti-romaneste-trebuie-sa-stii\/\",\"url\":\"https:\/\/desteptati-va.ro\/index.php\/2021\/04\/19\/mai-simti-romaneste-trebuie-sa-stii\/\",\"name\":\"Mai sim\u0163i rom\u00e2ne\u015fte? Trebuie s\u0103 \u015ftii! -\",\"isPartOf\":{\"@id\":\"https:\/\/desteptati-va.ro\/#website\"},\"primaryImageOfPage\":{\"@id\":\"https:\/\/desteptati-va.ro\/index.php\/2021\/04\/19\/mai-simti-romaneste-trebuie-sa-stii\/#primaryimage\"},\"image\":{\"@id\":\"https:\/\/desteptati-va.ro\/index.php\/2021\/04\/19\/mai-simti-romaneste-trebuie-sa-stii\/#primaryimage\"},\"thumbnailUrl\":\"https:\/\/desteptati-va.ro\/wp-content\/uploads\/2021\/04\/Untitled-3-e1609751873846-1.png\",\"datePublished\":\"2021-04-19T10:47:45+00:00\",\"author\":{\"@id\":\"https:\/\/desteptati-va.ro\/#\/schema\/person\/13182deeebd44920914899f7bb262d6b\"},\"breadcrumb\":{\"@id\":\"https:\/\/desteptati-va.ro\/index.php\/2021\/04\/19\/mai-simti-romaneste-trebuie-sa-stii\/#breadcrumb\"},\"inLanguage\":\"ro-RO\",\"potentialAction\":[{\"@type\":\"ReadAction\",\"target\":[\"https:\/\/desteptati-va.ro\/index.php\/2021\/04\/19\/mai-simti-romaneste-trebuie-sa-stii\/\"]}]},{\"@type\":\"ImageObject\",\"inLanguage\":\"ro-RO\",\"@id\":\"https:\/\/desteptati-va.ro\/index.php\/2021\/04\/19\/mai-simti-romaneste-trebuie-sa-stii\/#primaryimage\",\"url\":\"https:\/\/desteptati-va.ro\/wp-content\/uploads\/2021\/04\/Untitled-3-e1609751873846-1.png\",\"contentUrl\":\"https:\/\/desteptati-va.ro\/wp-content\/uploads\/2021\/04\/Untitled-3-e1609751873846-1.png\",\"width\":798,\"height\":201},{\"@type\":\"BreadcrumbList\",\"@id\":\"https:\/\/desteptati-va.ro\/index.php\/2021\/04\/19\/mai-simti-romaneste-trebuie-sa-stii\/#breadcrumb\",\"itemListElement\":[{\"@type\":\"ListItem\",\"position\":1,\"name\":\"Prima pagin\u0103\",\"item\":\"https:\/\/desteptati-va.ro\/\"},{\"@type\":\"ListItem\",\"position\":2,\"name\":\"Mai sim\u0163i rom\u00e2ne\u015fte? Trebuie s\u0103 \u015ftii!\"}]},{\"@type\":\"WebSite\",\"@id\":\"https:\/\/desteptati-va.ro\/#website\",\"url\":\"https:\/\/desteptati-va.ro\/\",\"name\":\"\",\"description\":\"\",\"potentialAction\":[{\"@type\":\"SearchAction\",\"target\":{\"@type\":\"EntryPoint\",\"urlTemplate\":\"https:\/\/desteptati-va.ro\/?s={search_term_string}\"},\"query-input\":{\"@type\":\"PropertyValueSpecification\",\"valueRequired\":true,\"valueName\":\"search_term_string\"}}],\"inLanguage\":\"ro-RO\"},{\"@type\":\"Person\",\"@id\":\"https:\/\/desteptati-va.ro\/#\/schema\/person\/13182deeebd44920914899f7bb262d6b\",\"name\":\"wolfsoftcompany\",\"image\":{\"@type\":\"ImageObject\",\"inLanguage\":\"ro-RO\",\"@id\":\"https:\/\/desteptati-va.ro\/#\/schema\/person\/image\/\",\"url\":\"https:\/\/secure.gravatar.com\/avatar\/a6cce9b6d101d27d91690e7073e300fed94c0899890bf998e082cb9d2c3d121e?s=96&d=mm&r=g\",\"contentUrl\":\"https:\/\/secure.gravatar.com\/avatar\/a6cce9b6d101d27d91690e7073e300fed94c0899890bf998e082cb9d2c3d121e?s=96&d=mm&r=g\",\"caption\":\"wolfsoftcompany\"},\"sameAs\":[\"http:\/\/desteptati-va.ro\"],\"url\":\"https:\/\/desteptati-va.ro\/index.php\/author\/wolfsoftcompany\/\"}]}<\/script>\r\n<!-- \/ Yoast SEO plugin. -->","yoast_head_json":{"title":"Mai sim\u0163i rom\u00e2ne\u015fte? Trebuie s\u0103 \u015ftii! -","robots":{"index":"index","follow":"follow","max-snippet":"max-snippet:-1","max-image-preview":"max-image-preview:large","max-video-preview":"max-video-preview:-1"},"canonical":"https:\/\/desteptati-va.ro\/index.php\/2021\/04\/19\/mai-simti-romaneste-trebuie-sa-stii\/","og_locale":"ro_RO","og_type":"article","og_title":"Mai sim\u0163i rom\u00e2ne\u015fte? Trebuie s\u0103 \u015ftii! -","og_description":"3 miliardari americani- John Paulson, Thomas Kaplan \u015fi George S\u00f6r\u00f6s &#8211; de\u0163in, \u00eempreun\u0103, cca. 60% din activele Ro\u015fia Montan\u0103 GoldRead More","og_url":"https:\/\/desteptati-va.ro\/index.php\/2021\/04\/19\/mai-simti-romaneste-trebuie-sa-stii\/","article_published_time":"2021-04-19T10:47:45+00:00","og_image":[{"width":798,"height":201,"url":"https:\/\/desteptati-va.ro\/wp-content\/uploads\/2021\/04\/Untitled-3-e1609751873846-1.png","type":"image\/png"}],"author":"wolfsoftcompany","twitter_card":"summary_large_image","twitter_misc":{"Scris de":"wolfsoftcompany","Timp estimat pentru citire":"12 minute"},"schema":{"@context":"https:\/\/schema.org","@graph":[{"@type":"Article","@id":"https:\/\/desteptati-va.ro\/index.php\/2021\/04\/19\/mai-simti-romaneste-trebuie-sa-stii\/#article","isPartOf":{"@id":"https:\/\/desteptati-va.ro\/index.php\/2021\/04\/19\/mai-simti-romaneste-trebuie-sa-stii\/"},"author":{"name":"wolfsoftcompany","@id":"https:\/\/desteptati-va.ro\/#\/schema\/person\/13182deeebd44920914899f7bb262d6b"},"headline":"Mai sim\u0163i rom\u00e2ne\u015fte? Trebuie s\u0103 \u015ftii!","datePublished":"2021-04-19T10:47:45+00:00","mainEntityOfPage":{"@id":"https:\/\/desteptati-va.ro\/index.php\/2021\/04\/19\/mai-simti-romaneste-trebuie-sa-stii\/"},"wordCount":2454,"commentCount":23,"image":{"@id":"https:\/\/desteptati-va.ro\/index.php\/2021\/04\/19\/mai-simti-romaneste-trebuie-sa-stii\/#primaryimage"},"thumbnailUrl":"https:\/\/desteptati-va.ro\/wp-content\/uploads\/2021\/04\/Untitled-3-e1609751873846-1.png","keywords":["aur","jaf","Soros","Videanu"],"articleSection":["O tara furata"],"inLanguage":"ro-RO","potentialAction":[{"@type":"CommentAction","name":"Comment","target":["https:\/\/desteptati-va.ro\/index.php\/2021\/04\/19\/mai-simti-romaneste-trebuie-sa-stii\/#respond"]}]},{"@type":"WebPage","@id":"https:\/\/desteptati-va.ro\/index.php\/2021\/04\/19\/mai-simti-romaneste-trebuie-sa-stii\/","url":"https:\/\/desteptati-va.ro\/index.php\/2021\/04\/19\/mai-simti-romaneste-trebuie-sa-stii\/","name":"Mai sim\u0163i rom\u00e2ne\u015fte? Trebuie s\u0103 \u015ftii! -","isPartOf":{"@id":"https:\/\/desteptati-va.ro\/#website"},"primaryImageOfPage":{"@id":"https:\/\/desteptati-va.ro\/index.php\/2021\/04\/19\/mai-simti-romaneste-trebuie-sa-stii\/#primaryimage"},"image":{"@id":"https:\/\/desteptati-va.ro\/index.php\/2021\/04\/19\/mai-simti-romaneste-trebuie-sa-stii\/#primaryimage"},"thumbnailUrl":"https:\/\/desteptati-va.ro\/wp-content\/uploads\/2021\/04\/Untitled-3-e1609751873846-1.png","datePublished":"2021-04-19T10:47:45+00:00","author":{"@id":"https:\/\/desteptati-va.ro\/#\/schema\/person\/13182deeebd44920914899f7bb262d6b"},"breadcrumb":{"@id":"https:\/\/desteptati-va.ro\/index.php\/2021\/04\/19\/mai-simti-romaneste-trebuie-sa-stii\/#breadcrumb"},"inLanguage":"ro-RO","potentialAction":[{"@type":"ReadAction","target":["https:\/\/desteptati-va.ro\/index.php\/2021\/04\/19\/mai-simti-romaneste-trebuie-sa-stii\/"]}]},{"@type":"ImageObject","inLanguage":"ro-RO","@id":"https:\/\/desteptati-va.ro\/index.php\/2021\/04\/19\/mai-simti-romaneste-trebuie-sa-stii\/#primaryimage","url":"https:\/\/desteptati-va.ro\/wp-content\/uploads\/2021\/04\/Untitled-3-e1609751873846-1.png","contentUrl":"https:\/\/desteptati-va.ro\/wp-content\/uploads\/2021\/04\/Untitled-3-e1609751873846-1.png","width":798,"height":201},{"@type":"BreadcrumbList","@id":"https:\/\/desteptati-va.ro\/index.php\/2021\/04\/19\/mai-simti-romaneste-trebuie-sa-stii\/#breadcrumb","itemListElement":[{"@type":"ListItem","position":1,"name":"Prima pagin\u0103","item":"https:\/\/desteptati-va.ro\/"},{"@type":"ListItem","position":2,"name":"Mai sim\u0163i rom\u00e2ne\u015fte? Trebuie s\u0103 \u015ftii!"}]},{"@type":"WebSite","@id":"https:\/\/desteptati-va.ro\/#website","url":"https:\/\/desteptati-va.ro\/","name":"","description":"","potentialAction":[{"@type":"SearchAction","target":{"@type":"EntryPoint","urlTemplate":"https:\/\/desteptati-va.ro\/?s={search_term_string}"},"query-input":{"@type":"PropertyValueSpecification","valueRequired":true,"valueName":"search_term_string"}}],"inLanguage":"ro-RO"},{"@type":"Person","@id":"https:\/\/desteptati-va.ro\/#\/schema\/person\/13182deeebd44920914899f7bb262d6b","name":"wolfsoftcompany","image":{"@type":"ImageObject","inLanguage":"ro-RO","@id":"https:\/\/desteptati-va.ro\/#\/schema\/person\/image\/","url":"https:\/\/secure.gravatar.com\/avatar\/a6cce9b6d101d27d91690e7073e300fed94c0899890bf998e082cb9d2c3d121e?s=96&d=mm&r=g","contentUrl":"https:\/\/secure.gravatar.com\/avatar\/a6cce9b6d101d27d91690e7073e300fed94c0899890bf998e082cb9d2c3d121e?s=96&d=mm&r=g","caption":"wolfsoftcompany"},"sameAs":["http:\/\/desteptati-va.ro"],"url":"https:\/\/desteptati-va.ro\/index.php\/author\/wolfsoftcompany\/"}]}},"_links":{"self":[{"href":"https:\/\/desteptati-va.ro\/index.php\/wp-json\/wp\/v2\/posts\/4067","targetHints":{"allow":["GET"]}}],"collection":[{"href":"https:\/\/desteptati-va.ro\/index.php\/wp-json\/wp\/v2\/posts"}],"about":[{"href":"https:\/\/desteptati-va.ro\/index.php\/wp-json\/wp\/v2\/types\/post"}],"author":[{"embeddable":true,"href":"https:\/\/desteptati-va.ro\/index.php\/wp-json\/wp\/v2\/users\/1"}],"replies":[{"embeddable":true,"href":"https:\/\/desteptati-va.ro\/index.php\/wp-json\/wp\/v2\/comments?post=4067"}],"version-history":[{"count":1,"href":"https:\/\/desteptati-va.ro\/index.php\/wp-json\/wp\/v2\/posts\/4067\/revisions"}],"predecessor-version":[{"id":4070,"href":"https:\/\/desteptati-va.ro\/index.php\/wp-json\/wp\/v2\/posts\/4067\/revisions\/4070"}],"wp:featuredmedia":[{"embeddable":true,"href":"https:\/\/desteptati-va.ro\/index.php\/wp-json\/wp\/v2\/media\/4069"}],"wp:attachment":[{"href":"https:\/\/desteptati-va.ro\/index.php\/wp-json\/wp\/v2\/media?parent=4067"}],"wp:term":[{"taxonomy":"category","embeddable":true,"href":"https:\/\/desteptati-va.ro\/index.php\/wp-json\/wp\/v2\/categories?post=4067"},{"taxonomy":"post_tag","embeddable":true,"href":"https:\/\/desteptati-va.ro\/index.php\/wp-json\/wp\/v2\/tags?post=4067"}],"curies":[{"name":"wp","href":"https:\/\/api.w.org\/{rel}","templated":true}]}}