{"id":4074,"date":"2021-04-19T10:52:25","date_gmt":"2021-04-19T10:52:25","guid":{"rendered":"http:\/\/desteptati.ro\/?p=4074"},"modified":"2022-02-01T10:45:47","modified_gmt":"2022-02-01T08:45:47","slug":"incompetenta-si-sau-tradare","status":"publish","type":"post","link":"https:\/\/desteptati-va.ro\/index.php\/2021\/04\/19\/incompetenta-si-sau-tradare\/","title":{"rendered":"Incompeten\u0163\u0103 \u015fi\/sau tr\u0103dare"},"content":{"rendered":"<div class=\"post-content\"><div class='booster-block booster-read-block'>\n                <div class=\"twp-read-time\">\n                \t<i class=\"booster-icon twp-clock\"><\/i> <span>Read Time:<\/span>3 Minute, 27 Second                <\/div>\n\n            <\/div><h4 style=\"text-align: justify;\">Conform estim\u0103rilor speciali\u015ftilor, Imperiul Roman a jefuit teritoriul acestei \u0163\u0103ri de 500 de tone de aur, Imperiul Austro-Ungar&nbsp; a jefuit Rom\u00e2nia de alte 800 de tone de aur iar \u00een ultimii 20 de ani, o clas\u0103 politic\u0103 incompetent\u0103 \u015fi tic\u0103loas\u0103, o clas\u0103 politic\u0103 subordonat\u0103 intereselor ocultei mondiale, pune la dispozi\u0163ia firmelor str\u0103ine, spre exploatare, <strong>z\u0103c\u0103minte de aur estimate la o valoare cuprins\u0103 \u00eentre 50 \u015fi 100 de MILIARDE de dolari, cu mult peste datoria extern\u0103 a Rom\u00e2niei!!!<\/strong><\/h4>\n<h4 style=\"text-align: justify;\">Cum e posibil ca Statul Rom\u00e2n s\u0103 nu g\u0103seasc\u0103 resurse pentru a exploata \u00een propriul nostru interes aceast\u0103 imens\u0103 bog\u0103\u0163ie?! Cum e posibil ca Statul Rom\u00e2n s\u0103 declare aceast\u0103 industrie neprofitabil\u0103 \u015fi s\u0103 o \u00eenchid\u0103, s\u0103 spun\u0103 c\u0103 resursele de aur sunt epuizate \u00een condi\u0163iile \u00een care ast\u0103zi, speciali\u015ftii declar\u0103 c\u0103<strong> \u00een Rom\u00e2nia exist\u0103 cel pu\u0163in 8 z\u0103c\u0103minte de aur de talie mare?<\/strong> Nu mai vorbim despre z\u0103c\u0103mintele de argint sau alte minereuri extrem de valoroase.<\/h4>\n<h4 style=\"text-align: justify;\">Vi se pare c\u0103 este o \u00eent\u00e2mplare c\u0103 un num\u0103r important de firme str\u0103ine au licen\u0163\u0103 de prospectare chiar \u00een zonele miniere <strong>declarate neprofitabile \u015fi EPUIZATE DE AUR<\/strong>?! C\u0103 aceste firme de\u0163in drepturi de exploatare \u015fi c\u0103 ast\u0103zi, \u00een Rom\u00e2nia, Statul Rom\u00e2n nu mai are nicio exploatare proprie?!<\/h4>\n<h4 style=\"text-align: justify;\">V\u0103 \u00eentreba\u0163i cum s-a ajuns aici? <strong>Iat\u0103 un exemplu halucinant:<\/strong> mina aurifer\u0103 Certej a fost \u00eenchis\u0103 din cauza&#8230; <strong>UNEI SUPRAPRODUC\u0162II DE AUR!!!<\/strong> Da, a\u0163i citit bine. Mina s-a \u00eenchis pentru c\u0103 producea prea mult aur iar <strong>Banca Na\u0163ional\u0103 a Rom\u00e2niei a refuzat \u00een anul 2000 s\u0103 mai cumpere aur din produc\u0163ia intern\u0103 LA RECOMANDAREA B\u0103ncii Central Europene,<\/strong> dup\u0103 cum a explicat consilierul BNR Horia Ozarchevici&#8230; Aceast\u0103 decizie a BNR a f\u0103cut ca mina s\u0103 intre \u00een faliment deoarece nu putea vinde aurul \u00een afara \u0163\u0103rii!!!<\/h4>\n<h4 style=\"text-align: justify;\">Oameni buni, se vede de la o po\u015ft\u0103 c\u0103 situa\u0163ia actual\u0103 este o combina\u0163ie incalificabil\u0103 de incompeten\u0163\u0103 \u015fi tr\u0103dare, c\u0103 a existat \u015fi exist\u0103 \u00een continuare un plan extern de distrugere \u015fi falimentare a Rom\u00e2niei prin complicitatea unor politicienil rom\u00e2ni, mul\u0163i dintre ei urma\u015fi ai nomenclaturi\u015ftilor bol\u015fevici care \u015fi-au schimbat numele ca s\u0103 \u00eei credem de na\u0163ionalitate rom\u00e2n\u0103!<\/h4>\n<h4 style=\"text-align: justify;\">Mai multe dezv\u0103luiri despre blestemul aurului rom\u00e2nesc pute\u0163i vedea \u00een filmule\u0163ul de mai jos.<\/h4>\n<h4 style=\"text-align: justify;\"><strong>Ce putem face pentru a avea o Rom\u00e2nie a noastr\u0103, a celor care ne pas\u0103?<\/strong><\/h4>\n<h4 style=\"text-align: justify;\">\u00cen opinia mea, solu\u0163ia nu este de a ie\u015fi \u00een strad\u0103 \u015fi de a le da \u00een cap celor care ne conduc. \u00cen locul lor vor veni al\u0163ii la fel de lipsi\u0163i de demnitate \u015fi suflet. Solu\u0163ia este ca fiecare s\u0103 \u00ee\u015fi fac\u0103 o misiune de suflet \u015fi de patriotism \u015fi s\u0103 \u00eei trezeasc\u0103 la realitate pe cei din jurul lor \u2013 rude, prieteni, colegi de serviciu; \u015fi nu numai \u00een aceast\u0103 problem\u0103 ci \u00een toate celelalte. Solu\u0163ia este s\u0103 determin\u0103m o revolu\u0163ie la nivelul con\u015ftiin\u0163ei. F\u0103r\u0103 aceasta, orice revolu\u0163ie pe care ar ini\u0163ia-o cineva \u00een strad\u0103 va aduce al\u0163i nemernici \u015fi profitori acolo sus. Trebuie s\u0103 ne unim \u00een ac\u0163iuni comune care s\u0103 aib\u0103 ca scop repunerea \u00een matrice a adev\u0103ratelor valori morale \u015fi etice; este necesar s\u0103 aducem frumosul, binele \u015fi armonia \u00een locul manelelor \u015fi a \u201e\u015ftirilor de la ora 5\u201d&#8230;<\/h4>\n<h4 style=\"text-align: justify;\">Pentru a nu deveni sclavi ai Noii Ordini Mondiale, nu mai putem r\u0103m\u00e2ne nep\u0103s\u0103tori \u015fi neutri, nu mai putem a\u015ftepta ca al\u0163ii s\u0103 scoat\u0103 pentru noi castanele din foc. Vremurile pe care le tr\u0103im nu ne mai permit s\u0103 l\u0103s\u0103m pe m\u00e2ine ceea ce trebuia s\u0103 facem de ieri.<\/h4>\n<h4 style=\"text-align: justify;\">G\u00e2nde\u015fte-te, cititorule, c\u0103 e\u015fti responsabil pentru familia ta, pentru prietenii t\u0103i \u015fi pentru aceast\u0103 \u0163ar\u0103 minunat\u0103 \u015fi asum\u0103-\u0163i rolul unui rom\u00e2n adev\u0103rat. Aminte\u015fte-\u0163i de Burebista \u015fi Decebal, de \u015etefan cel Mare \u015fi Mihai Viteazul \u015fi fi-le un demn urma\u015f!<\/h4>\n<h4 style=\"text-align: justify;\">Nu uita c\u0103 nu vei duce cu tine \u00een via\u0163a de dincolo ma\u015fini, case, diplome, carier\u0103, prestigiu \u015fi alte lucruri de acest fel. Dac\u0103 dup\u0103 pragul mor\u0163ii mai este ceva (\u015fi eu sunt sigur de asta), ceea ce va conta \u00een aceast\u0103 trecere va fi c\u0103t de mult ai iubit, c\u00e2t de mult ai d\u0103ruit, c\u00e2t de mult ai fost capabil s\u0103 te sacrifici pentru al\u0163ii, c\u00e2t\u0103 lumin\u0103 ai r\u0103sp\u00e2ndit \u00een jurul t\u0103u.<\/h4>\n<h4 style=\"text-align: left;\"><em>Sursa: <a href=\"http:\/\/danielroxin.blogspot.com\/2011\/09\/halucinanta-incompetenta-si-tradare.html\" target=\"_blank\" rel=\"noopener\">http:\/\/danielroxin.blogspot.com\/<\/a><\/em><\/h4>\n<h4><\/h4>\n<h4><em>\n<object width=\"520\" height=\"382\"><param name=\"movie\" value=\"http:\/\/www.youtube.com\/v\/gGgjRv3miSE?version=3&amp;hl=en_US&amp;rel=0\"><param name=\"allowFullScreen\" value=\"true\"><param name=\"allowscriptaccess\" value=\"always\"><embed type=\"application\/x-shockwave-flash\" width=\"520\" height=\"382\" src=\"http:\/\/www.youtube.com\/v\/gGgjRv3miSE?version=3&amp;hl=en_US&amp;rel=0\" allowscriptaccess=\"always\" allowfullscreen=\"allowfullscreen\"><\/object><\/em><em>\n<\/em><\/h4>\n<h4><\/h4>\n<h4><\/h4>        <div class=\"booster-block booster-reactions-block\">\n            <div class=\"twp-reactions-icons\">\n                \n                <div class=\"twp-reacts-wrap\">\n                    <a react-data=\"be-react-1\" post-id=\"4074\" class=\"be-face-icons un-reacted\" href=\"javascript:void(0)\">\n                        <img decoding=\"async\" src=\"https:\/\/desteptati-va.ro\/wp-content\/plugins\/booster-extension\/\/assets\/icon\/happy.svg\" alt=\"Happy\">\n                    <\/a>\n                    <div class=\"twp-reaction-title\">\n                        Happy                    <\/div>\n                    <div class=\"twp-count-percent\">\n                                                    <span style=\"display: none;\" class=\"twp-react-count\">0<\/span>\n                        \n                                                <span class=\"twp-react-percent\"><span>0<\/span> %<\/span>\n                                            <\/div>\n                <\/div>\n\n                <div class=\"twp-reacts-wrap\">\n                    <a react-data=\"be-react-2\" post-id=\"4074\" class=\"be-face-icons un-reacted\" href=\"javascript:void(0)\">\n                        <img decoding=\"async\" src=\"https:\/\/desteptati-va.ro\/wp-content\/plugins\/booster-extension\/\/assets\/icon\/sad.svg\" alt=\"Sad\">\n                    <\/a>\n                    <div class=\"twp-reaction-title\">\n                        Sad                    <\/div>\n                    <div class=\"twp-count-percent\">\n                                                    <span style=\"display: none;\" class=\"twp-react-count\">0<\/span>\n                                                                        <span class=\"twp-react-percent\"><span>0<\/span> %<\/span>\n                                            <\/div>\n                <\/div>\n\n                <div class=\"twp-reacts-wrap\">\n                    <a react-data=\"be-react-3\" post-id=\"4074\" class=\"be-face-icons un-reacted\" href=\"javascript:void(0)\">\n                        <img decoding=\"async\" src=\"https:\/\/desteptati-va.ro\/wp-content\/plugins\/booster-extension\/\/assets\/icon\/excited.svg\" alt=\"Excited\">\n                    <\/a>\n                    <div class=\"twp-reaction-title\">\n                        Excited                    <\/div>\n                    <div class=\"twp-count-percent\">\n                                                    <span style=\"display: none;\" class=\"twp-react-count\">0<\/span>\n                                                                        <span class=\"twp-react-percent\"><span>0<\/span> %<\/span>\n                                            <\/div>\n                <\/div>\n\n                <div class=\"twp-reacts-wrap\">\n                    <a react-data=\"be-react-6\" post-id=\"4074\" class=\"be-face-icons un-reacted\" href=\"javascript:void(0)\">\n                        <img decoding=\"async\" src=\"https:\/\/desteptati-va.ro\/wp-content\/plugins\/booster-extension\/\/assets\/icon\/sleepy.svg\" alt=\"Sleepy\">\n                    <\/a>\n                    <div class=\"twp-reaction-title\">\n                        Sleepy                    <\/div>\n                    <div class=\"twp-count-percent\">\n                                                    <span style=\"display: none;\" class=\"twp-react-count\">0<\/span>\n                        \n                                                <span class=\"twp-react-percent\"><span>0<\/span> %<\/span>\n                                            <\/div>\n                <\/div>\n\n                <div class=\"twp-reacts-wrap\">\n                    <a react-data=\"be-react-4\" post-id=\"4074\" class=\"be-face-icons un-reacted\" href=\"javascript:void(0)\">\n                        <img decoding=\"async\" src=\"https:\/\/desteptati-va.ro\/wp-content\/plugins\/booster-extension\/\/assets\/icon\/angry.svg\" alt=\"Angry\">\n                    <\/a>\n                    <div class=\"twp-reaction-title\">Angry<\/div>\n                    <div class=\"twp-count-percent\">\n                                                    <span style=\"display: none;\" class=\"twp-react-count\">0<\/span>\n                                                                        <span class=\"twp-react-percent\"><span>0<\/span> %<\/span>\n                        \n                    <\/div>\n                <\/div>\n\n                <div class=\"twp-reacts-wrap\">\n                    <a react-data=\"be-react-5\" post-id=\"4074\" class=\"be-face-icons un-reacted\" href=\"javascript:void(0)\">\n                        <img decoding=\"async\" src=\"https:\/\/desteptati-va.ro\/wp-content\/plugins\/booster-extension\/\/assets\/icon\/surprise.svg\" alt=\"Surprise\">\n                    <\/a>\n                    <div class=\"twp-reaction-title\">Surprise<\/div>\n                    <div class=\"twp-count-percent\">\n                                                    <span style=\"display: none;\" class=\"twp-react-count\">0<\/span>\n                                                                        <span class=\"twp-react-percent\"><span>0<\/span> %<\/span>\n                                            <\/div>\n                <\/div>\n\n            <\/div>\n        <\/div>\n\n    <\/div>","protected":false},"excerpt":{"rendered":"<p>Conform estim\u0103rilor speciali\u015ftilor, Imperiul Roman a jefuit teritoriul acestei \u0163\u0103ri de 500 de tone de aur, Imperiul Austro-Ungar&nbsp; a jefuit<a href=\"https:\/\/desteptati-va.ro\/index.php\/2021\/04\/19\/incompetenta-si-sau-tradare\/\">Read More<i class=\"fa fa-long-arrow-right\" aria-hidden=\"true\"><\/i><\/a><\/p>\n","protected":false},"author":1,"featured_media":4671,"comment_status":"open","ping_status":"open","sticky":false,"template":"","format":"standard","meta":{"_crdt_document":"","footnotes":""},"categories":[16],"tags":[238,1443,1444,1445,1446,1405,59,60,1447,1448,1449,726,1450,1451,1452,1453,1454,1455,1456,1333,179,1457,1458,709],"class_list":["post-4074","post","type-post","status-publish","format-standard","has-post-thumbnail","hentry","category-o-tara-furata","tag-aur","tag-canada","tag-cariera","tag-cianura","tag-corporation","tag-dej","tag-desteptati","tag-desteptati-va","tag-epuizare","tag-firma","tag-gold","tag-guvern","tag-istoric","tag-metal","tag-minerit","tag-montana","tag-patrimoniu","tag-presedinte","tag-pretios","tag-resurse","tag-romania","tag-rosia","tag-rosia-montana","tag-stat"],"rise-blocks_total_comments":4,"rise-blocks_categories":[{"term_id":16,"name":"O tara furata","slug":"o-tara-furata","term_group":0,"term_taxonomy_id":16,"taxonomy":"category","description":"","parent":0,"count":19,"filter":"raw"}],"rise-blocks_excerpt":"Conform estim\u0103rilor speciali\u015ftilor, Imperiul Roman a jefuit teritoriul acestei \u0163\u0103ri de 500 de tone de aur, Imperiul Austro-Ungar&nbsp; a jefuit Rom\u00e2nia de alte 800 de tone de aur iar \u00een ultimii 20 de ani, o clas\u0103 politic\u0103 incompetent\u0103 \u015fi tic\u0103loas\u0103, o clas\u0103 politic\u0103 subordonat\u0103 intereselor ocultei mondiale, pune la dispozi\u0163ia firmelor str\u0103ine, spre exploatare, z\u0103c\u0103minte de aur estimate la o..","yoast_head":"<!-- This site is optimized with the Yoast SEO plugin v26.9 - https:\/\/yoast.com\/product\/yoast-seo-wordpress\/ -->\r\n<title>Incompeten\u0163\u0103 \u015fi\/sau tr\u0103dare -<\/title>\r\n<meta name=\"robots\" content=\"index, follow, max-snippet:-1, max-image-preview:large, max-video-preview:-1\" \/>\r\n<link rel=\"canonical\" href=\"https:\/\/desteptati-va.ro\/index.php\/2021\/04\/19\/incompetenta-si-sau-tradare\/\" \/>\r\n<meta property=\"og:locale\" content=\"ro_RO\" \/>\r\n<meta property=\"og:type\" content=\"article\" \/>\r\n<meta property=\"og:title\" content=\"Incompeten\u0163\u0103 \u015fi\/sau tr\u0103dare -\" \/>\r\n<meta property=\"og:description\" content=\"Conform estim\u0103rilor speciali\u015ftilor, Imperiul Roman a jefuit teritoriul acestei \u0163\u0103ri de 500 de tone de aur, Imperiul Austro-Ungar&nbsp; a jefuitRead More\" \/>\r\n<meta property=\"og:url\" content=\"https:\/\/desteptati-va.ro\/index.php\/2021\/04\/19\/incompetenta-si-sau-tradare\/\" \/>\r\n<meta property=\"article:published_time\" content=\"2021-04-19T10:52:25+00:00\" \/>\r\n<meta property=\"article:modified_time\" content=\"2022-02-01T08:45:47+00:00\" \/>\r\n<meta property=\"og:image\" content=\"https:\/\/desteptati-va.ro\/wp-content\/uploads\/2021\/04\/incompetenta.jpg\" \/>\r\n\t<meta property=\"og:image:width\" content=\"330\" \/>\r\n\t<meta property=\"og:image:height\" content=\"153\" \/>\r\n\t<meta property=\"og:image:type\" content=\"image\/jpeg\" \/>\r\n<meta name=\"author\" content=\"wolfsoftcompany\" \/>\r\n<meta name=\"twitter:card\" content=\"summary_large_image\" \/>\r\n<meta name=\"twitter:label1\" content=\"Scris de\" \/>\n\t<meta name=\"twitter:data1\" content=\"wolfsoftcompany\" \/>\n\t<meta name=\"twitter:label2\" content=\"Timp estimat pentru citire\" \/>\n\t<meta name=\"twitter:data2\" content=\"4 minute\" \/>\r\n<script type=\"application\/ld+json\" class=\"yoast-schema-graph\">{\"@context\":\"https:\/\/schema.org\",\"@graph\":[{\"@type\":\"Article\",\"@id\":\"https:\/\/desteptati-va.ro\/index.php\/2021\/04\/19\/incompetenta-si-sau-tradare\/#article\",\"isPartOf\":{\"@id\":\"https:\/\/desteptati-va.ro\/index.php\/2021\/04\/19\/incompetenta-si-sau-tradare\/\"},\"author\":{\"name\":\"wolfsoftcompany\",\"@id\":\"https:\/\/desteptati-va.ro\/#\/schema\/person\/13182deeebd44920914899f7bb262d6b\"},\"headline\":\"Incompeten\u0163\u0103 \u015fi\/sau tr\u0103dare\",\"datePublished\":\"2021-04-19T10:52:25+00:00\",\"dateModified\":\"2022-02-01T08:45:47+00:00\",\"mainEntityOfPage\":{\"@id\":\"https:\/\/desteptati-va.ro\/index.php\/2021\/04\/19\/incompetenta-si-sau-tradare\/\"},\"wordCount\":782,\"commentCount\":0,\"image\":{\"@id\":\"https:\/\/desteptati-va.ro\/index.php\/2021\/04\/19\/incompetenta-si-sau-tradare\/#primaryimage\"},\"thumbnailUrl\":\"https:\/\/desteptati-va.ro\/wp-content\/uploads\/2021\/04\/incompetenta.jpg\",\"keywords\":[\"aur\",\"canada\",\"cariera\",\"cianura\",\"corporation\",\"Dej\",\"desteptati\",\"desteptati-va\",\"epuizare\",\"firma\",\"gold\",\"guvern\",\"istoric\",\"metal\",\"minerit\",\"montana\",\"patrimoniu\",\"presedinte\",\"pretios\",\"resurse\",\"Romania\",\"rosia\",\"rosia montana\",\"stat\"],\"articleSection\":[\"O tara furata\"],\"inLanguage\":\"ro-RO\",\"potentialAction\":[{\"@type\":\"CommentAction\",\"name\":\"Comment\",\"target\":[\"https:\/\/desteptati-va.ro\/index.php\/2021\/04\/19\/incompetenta-si-sau-tradare\/#respond\"]}]},{\"@type\":\"WebPage\",\"@id\":\"https:\/\/desteptati-va.ro\/index.php\/2021\/04\/19\/incompetenta-si-sau-tradare\/\",\"url\":\"https:\/\/desteptati-va.ro\/index.php\/2021\/04\/19\/incompetenta-si-sau-tradare\/\",\"name\":\"Incompeten\u0163\u0103 \u015fi\/sau tr\u0103dare -\",\"isPartOf\":{\"@id\":\"https:\/\/desteptati-va.ro\/#website\"},\"primaryImageOfPage\":{\"@id\":\"https:\/\/desteptati-va.ro\/index.php\/2021\/04\/19\/incompetenta-si-sau-tradare\/#primaryimage\"},\"image\":{\"@id\":\"https:\/\/desteptati-va.ro\/index.php\/2021\/04\/19\/incompetenta-si-sau-tradare\/#primaryimage\"},\"thumbnailUrl\":\"https:\/\/desteptati-va.ro\/wp-content\/uploads\/2021\/04\/incompetenta.jpg\",\"datePublished\":\"2021-04-19T10:52:25+00:00\",\"dateModified\":\"2022-02-01T08:45:47+00:00\",\"author\":{\"@id\":\"https:\/\/desteptati-va.ro\/#\/schema\/person\/13182deeebd44920914899f7bb262d6b\"},\"breadcrumb\":{\"@id\":\"https:\/\/desteptati-va.ro\/index.php\/2021\/04\/19\/incompetenta-si-sau-tradare\/#breadcrumb\"},\"inLanguage\":\"ro-RO\",\"potentialAction\":[{\"@type\":\"ReadAction\",\"target\":[\"https:\/\/desteptati-va.ro\/index.php\/2021\/04\/19\/incompetenta-si-sau-tradare\/\"]}]},{\"@type\":\"ImageObject\",\"inLanguage\":\"ro-RO\",\"@id\":\"https:\/\/desteptati-va.ro\/index.php\/2021\/04\/19\/incompetenta-si-sau-tradare\/#primaryimage\",\"url\":\"https:\/\/desteptati-va.ro\/wp-content\/uploads\/2021\/04\/incompetenta.jpg\",\"contentUrl\":\"https:\/\/desteptati-va.ro\/wp-content\/uploads\/2021\/04\/incompetenta.jpg\",\"width\":330,\"height\":153},{\"@type\":\"BreadcrumbList\",\"@id\":\"https:\/\/desteptati-va.ro\/index.php\/2021\/04\/19\/incompetenta-si-sau-tradare\/#breadcrumb\",\"itemListElement\":[{\"@type\":\"ListItem\",\"position\":1,\"name\":\"Prima pagin\u0103\",\"item\":\"https:\/\/desteptati-va.ro\/\"},{\"@type\":\"ListItem\",\"position\":2,\"name\":\"Incompeten\u0163\u0103 \u015fi\/sau tr\u0103dare\"}]},{\"@type\":\"WebSite\",\"@id\":\"https:\/\/desteptati-va.ro\/#website\",\"url\":\"https:\/\/desteptati-va.ro\/\",\"name\":\"\",\"description\":\"\",\"potentialAction\":[{\"@type\":\"SearchAction\",\"target\":{\"@type\":\"EntryPoint\",\"urlTemplate\":\"https:\/\/desteptati-va.ro\/?s={search_term_string}\"},\"query-input\":{\"@type\":\"PropertyValueSpecification\",\"valueRequired\":true,\"valueName\":\"search_term_string\"}}],\"inLanguage\":\"ro-RO\"},{\"@type\":\"Person\",\"@id\":\"https:\/\/desteptati-va.ro\/#\/schema\/person\/13182deeebd44920914899f7bb262d6b\",\"name\":\"wolfsoftcompany\",\"image\":{\"@type\":\"ImageObject\",\"inLanguage\":\"ro-RO\",\"@id\":\"https:\/\/desteptati-va.ro\/#\/schema\/person\/image\/\",\"url\":\"https:\/\/secure.gravatar.com\/avatar\/a6cce9b6d101d27d91690e7073e300fed94c0899890bf998e082cb9d2c3d121e?s=96&d=mm&r=g\",\"contentUrl\":\"https:\/\/secure.gravatar.com\/avatar\/a6cce9b6d101d27d91690e7073e300fed94c0899890bf998e082cb9d2c3d121e?s=96&d=mm&r=g\",\"caption\":\"wolfsoftcompany\"},\"sameAs\":[\"http:\/\/desteptati-va.ro\"],\"url\":\"https:\/\/desteptati-va.ro\/index.php\/author\/wolfsoftcompany\/\"}]}<\/script>\r\n<!-- \/ Yoast SEO plugin. -->","yoast_head_json":{"title":"Incompeten\u0163\u0103 \u015fi\/sau tr\u0103dare -","robots":{"index":"index","follow":"follow","max-snippet":"max-snippet:-1","max-image-preview":"max-image-preview:large","max-video-preview":"max-video-preview:-1"},"canonical":"https:\/\/desteptati-va.ro\/index.php\/2021\/04\/19\/incompetenta-si-sau-tradare\/","og_locale":"ro_RO","og_type":"article","og_title":"Incompeten\u0163\u0103 \u015fi\/sau tr\u0103dare -","og_description":"Conform estim\u0103rilor speciali\u015ftilor, Imperiul Roman a jefuit teritoriul acestei \u0163\u0103ri de 500 de tone de aur, Imperiul Austro-Ungar&nbsp; a jefuitRead More","og_url":"https:\/\/desteptati-va.ro\/index.php\/2021\/04\/19\/incompetenta-si-sau-tradare\/","article_published_time":"2021-04-19T10:52:25+00:00","article_modified_time":"2022-02-01T08:45:47+00:00","og_image":[{"width":330,"height":153,"url":"https:\/\/desteptati-va.ro\/wp-content\/uploads\/2021\/04\/incompetenta.jpg","type":"image\/jpeg"}],"author":"wolfsoftcompany","twitter_card":"summary_large_image","twitter_misc":{"Scris de":"wolfsoftcompany","Timp estimat pentru citire":"4 minute"},"schema":{"@context":"https:\/\/schema.org","@graph":[{"@type":"Article","@id":"https:\/\/desteptati-va.ro\/index.php\/2021\/04\/19\/incompetenta-si-sau-tradare\/#article","isPartOf":{"@id":"https:\/\/desteptati-va.ro\/index.php\/2021\/04\/19\/incompetenta-si-sau-tradare\/"},"author":{"name":"wolfsoftcompany","@id":"https:\/\/desteptati-va.ro\/#\/schema\/person\/13182deeebd44920914899f7bb262d6b"},"headline":"Incompeten\u0163\u0103 \u015fi\/sau tr\u0103dare","datePublished":"2021-04-19T10:52:25+00:00","dateModified":"2022-02-01T08:45:47+00:00","mainEntityOfPage":{"@id":"https:\/\/desteptati-va.ro\/index.php\/2021\/04\/19\/incompetenta-si-sau-tradare\/"},"wordCount":782,"commentCount":0,"image":{"@id":"https:\/\/desteptati-va.ro\/index.php\/2021\/04\/19\/incompetenta-si-sau-tradare\/#primaryimage"},"thumbnailUrl":"https:\/\/desteptati-va.ro\/wp-content\/uploads\/2021\/04\/incompetenta.jpg","keywords":["aur","canada","cariera","cianura","corporation","Dej","desteptati","desteptati-va","epuizare","firma","gold","guvern","istoric","metal","minerit","montana","patrimoniu","presedinte","pretios","resurse","Romania","rosia","rosia montana","stat"],"articleSection":["O tara furata"],"inLanguage":"ro-RO","potentialAction":[{"@type":"CommentAction","name":"Comment","target":["https:\/\/desteptati-va.ro\/index.php\/2021\/04\/19\/incompetenta-si-sau-tradare\/#respond"]}]},{"@type":"WebPage","@id":"https:\/\/desteptati-va.ro\/index.php\/2021\/04\/19\/incompetenta-si-sau-tradare\/","url":"https:\/\/desteptati-va.ro\/index.php\/2021\/04\/19\/incompetenta-si-sau-tradare\/","name":"Incompeten\u0163\u0103 \u015fi\/sau tr\u0103dare -","isPartOf":{"@id":"https:\/\/desteptati-va.ro\/#website"},"primaryImageOfPage":{"@id":"https:\/\/desteptati-va.ro\/index.php\/2021\/04\/19\/incompetenta-si-sau-tradare\/#primaryimage"},"image":{"@id":"https:\/\/desteptati-va.ro\/index.php\/2021\/04\/19\/incompetenta-si-sau-tradare\/#primaryimage"},"thumbnailUrl":"https:\/\/desteptati-va.ro\/wp-content\/uploads\/2021\/04\/incompetenta.jpg","datePublished":"2021-04-19T10:52:25+00:00","dateModified":"2022-02-01T08:45:47+00:00","author":{"@id":"https:\/\/desteptati-va.ro\/#\/schema\/person\/13182deeebd44920914899f7bb262d6b"},"breadcrumb":{"@id":"https:\/\/desteptati-va.ro\/index.php\/2021\/04\/19\/incompetenta-si-sau-tradare\/#breadcrumb"},"inLanguage":"ro-RO","potentialAction":[{"@type":"ReadAction","target":["https:\/\/desteptati-va.ro\/index.php\/2021\/04\/19\/incompetenta-si-sau-tradare\/"]}]},{"@type":"ImageObject","inLanguage":"ro-RO","@id":"https:\/\/desteptati-va.ro\/index.php\/2021\/04\/19\/incompetenta-si-sau-tradare\/#primaryimage","url":"https:\/\/desteptati-va.ro\/wp-content\/uploads\/2021\/04\/incompetenta.jpg","contentUrl":"https:\/\/desteptati-va.ro\/wp-content\/uploads\/2021\/04\/incompetenta.jpg","width":330,"height":153},{"@type":"BreadcrumbList","@id":"https:\/\/desteptati-va.ro\/index.php\/2021\/04\/19\/incompetenta-si-sau-tradare\/#breadcrumb","itemListElement":[{"@type":"ListItem","position":1,"name":"Prima pagin\u0103","item":"https:\/\/desteptati-va.ro\/"},{"@type":"ListItem","position":2,"name":"Incompeten\u0163\u0103 \u015fi\/sau tr\u0103dare"}]},{"@type":"WebSite","@id":"https:\/\/desteptati-va.ro\/#website","url":"https:\/\/desteptati-va.ro\/","name":"","description":"","potentialAction":[{"@type":"SearchAction","target":{"@type":"EntryPoint","urlTemplate":"https:\/\/desteptati-va.ro\/?s={search_term_string}"},"query-input":{"@type":"PropertyValueSpecification","valueRequired":true,"valueName":"search_term_string"}}],"inLanguage":"ro-RO"},{"@type":"Person","@id":"https:\/\/desteptati-va.ro\/#\/schema\/person\/13182deeebd44920914899f7bb262d6b","name":"wolfsoftcompany","image":{"@type":"ImageObject","inLanguage":"ro-RO","@id":"https:\/\/desteptati-va.ro\/#\/schema\/person\/image\/","url":"https:\/\/secure.gravatar.com\/avatar\/a6cce9b6d101d27d91690e7073e300fed94c0899890bf998e082cb9d2c3d121e?s=96&d=mm&r=g","contentUrl":"https:\/\/secure.gravatar.com\/avatar\/a6cce9b6d101d27d91690e7073e300fed94c0899890bf998e082cb9d2c3d121e?s=96&d=mm&r=g","caption":"wolfsoftcompany"},"sameAs":["http:\/\/desteptati-va.ro"],"url":"https:\/\/desteptati-va.ro\/index.php\/author\/wolfsoftcompany\/"}]}},"_links":{"self":[{"href":"https:\/\/desteptati-va.ro\/index.php\/wp-json\/wp\/v2\/posts\/4074","targetHints":{"allow":["GET"]}}],"collection":[{"href":"https:\/\/desteptati-va.ro\/index.php\/wp-json\/wp\/v2\/posts"}],"about":[{"href":"https:\/\/desteptati-va.ro\/index.php\/wp-json\/wp\/v2\/types\/post"}],"author":[{"embeddable":true,"href":"https:\/\/desteptati-va.ro\/index.php\/wp-json\/wp\/v2\/users\/1"}],"replies":[{"embeddable":true,"href":"https:\/\/desteptati-va.ro\/index.php\/wp-json\/wp\/v2\/comments?post=4074"}],"version-history":[{"count":2,"href":"https:\/\/desteptati-va.ro\/index.php\/wp-json\/wp\/v2\/posts\/4074\/revisions"}],"predecessor-version":[{"id":4672,"href":"https:\/\/desteptati-va.ro\/index.php\/wp-json\/wp\/v2\/posts\/4074\/revisions\/4672"}],"wp:featuredmedia":[{"embeddable":true,"href":"https:\/\/desteptati-va.ro\/index.php\/wp-json\/wp\/v2\/media\/4671"}],"wp:attachment":[{"href":"https:\/\/desteptati-va.ro\/index.php\/wp-json\/wp\/v2\/media?parent=4074"}],"wp:term":[{"taxonomy":"category","embeddable":true,"href":"https:\/\/desteptati-va.ro\/index.php\/wp-json\/wp\/v2\/categories?post=4074"},{"taxonomy":"post_tag","embeddable":true,"href":"https:\/\/desteptati-va.ro\/index.php\/wp-json\/wp\/v2\/tags?post=4074"}],"curies":[{"name":"wp","href":"https:\/\/api.w.org\/{rel}","templated":true}]}}